{"id":2654,"date":"2020-03-03T13:00:48","date_gmt":"2020-03-03T12:00:48","guid":{"rendered":"http:\/\/www.anovapeneira.gal\/?p=2654"},"modified":"2020-02-21T15:43:31","modified_gmt":"2020-02-21T14:43:31","slug":"artelixo-xii-edicion-redondela-2020","status":"publish","type":"post","link":"https:\/\/www.anovapeneira.gal\/index.php\/2020\/03\/03\/artelixo-xii-edicion-redondela-2020\/","title":{"rendered":"ARTELIXO XII Edici\u00f3n Redondela 2020"},"content":{"rendered":"\n<h2 class=\"wp-block-heading\"><strong>O\nColectivo ArteLixo abre o prazo de inscrici\u00f3n de proxectos e ideas\npara a edici\u00f3n do presente ano, que se celebrar\u00e1 en Redondea do 19\nao 30 de abril.<\/strong><\/h2>\n\n\n\n<p><strong>INTRODUCCI\u00d3N<\/strong><\/p>\n\n\n\n<p>O\nArtelixo nace no ano 1995 en Redondela por iniciativa do \u201ccolectivo\nJosef\u00e1\u201d como protesta a un vertedoiro de lixo situado preto da\nfeira do gando no centro da vila e continuou coa s\u00faa actividade\nreivindicativa at\u00e9 o ano 1999. Xa en 2012, o \u201ccolectivo\nSenghasoil\u201d incl\u00fae o Artelixo nunha programaci\u00f3n con m\u00e1is\nactividades da mesma \u00edndole pol\u00edtico-social-cultural e o leva a\ncabo en colaboraci\u00f3n con membros do \u201ccolectivo Josef\u00e1\u201d,\nrecuperando o esp\u00edrito reivindicativo que deu vida ao evento nos\nanos 90 para loitar contra os problemas actuais: Lixo pol\u00edtico,\necon\u00f3mico e social.<\/p>\n\n\n\n<p>Dende\nhai uns anos a organizaci\u00f3n corre a cargo do colectivo ArteLixo que\npara esta edici\u00f3n conta coa colaboraci\u00f3n da concellal\u00eda de cultura\ndo concello de Redondela<\/p>\n\n\n\n<p>Como\nsabedes o obxetivo de Artelixo \u00e9 facer de Redondela un gran\nescenario onde poder amosar as inquietudes, preocupaci\u00f3ns ou\ndesconformidades da poboaci\u00f3n a trav\u00e9s do arte en distintas\nexpresi\u00f3ns como a pintura\/escultura con material de refugallo\n(Artelixo), m\u00fasica (Sonalixo), poes\u00eda (Parnalixo) e talleres\nart\u00edsticos para os m\u00e1is cativos e cativas (Obralixo).<\/p>\n\n\n\n<p>Estas\nactividades desenvolveranse do 19 ao 30 de Abril no centro da Vila de\nRedondela. Ademais, trala experiencia de anos anteriores, contarase\nco apoio do comercio redondel\u00e1n contando coas exposici\u00f3n nos\nescaparates dos locais interesados en participar.<\/p>\n\n\n\n<p>Como\nse ven facendo nos \u00faltimos anos o ArteLixo conta coa participaci\u00f3n\ndos colexios e institutos de Redondela e as s\u00faas parroquias.<\/p>\n\n\n\n<p><strong>OBXECTIVOS<\/strong><\/p>\n\n\n\n<ul class=\"wp-block-list\"><li>\n\tFacer\n\tde Redondela un gran escaparate da reivindicaci\u00f3n social e pol\u00edtica\n\tda poboaci\u00f3n a trav\u00e9s do arte en distintas expresi\u00f3ns.\n<\/li><\/ul>\n\n\n\n<ul class=\"wp-block-list\"><li>Favorecer\n\tun uso responsable dos recursos dos que dispo\u00f1emos e fomentar a\n\trecuperaci\u00f3n e reutilizaci\u00f3n dos materiais\n<\/li><\/ul>\n\n\n\n<ul class=\"wp-block-list\"><li>Integrar\n\taos distintos axentes locais nunha actividade que favorece \u00e1\n\tcomunidade lev\u00e1ndonos a un espazo de reflexi\u00f3n comunitaria\n<\/li><\/ul>\n\n\n\n<ul class=\"wp-block-list\"><li>\n\tUtilizar\n\to espazo p\u00fablico como medio de expresi\u00f3n art\u00edstica\n<\/li><\/ul>\n\n\n\n<p><strong>SECCIONS\nNAS QUE SE PODE PARTICIPAR<\/strong><strong>\n:<\/strong><\/p>\n\n\n\n<ul class=\"wp-block-list\"><li>\n\t<strong>ARTELIXO:\n\t<\/strong><strong>Expresi\u00f3n\n\tpl\u00e1stica e art\u00edstica do sentir a trav\u00e9s do \u201clixo<\/strong>\u201d.\n\tHistoricamente este acto realizase nas Ruas de Redondela, ( alameda,\n\tsoportais, etc.)&nbsp; utilizando as\u00ed    o espazo p\u00fablico e\n\treivindicando como propio. O logo dos anos este esceario foise\n\tampliando coa aportaci\u00f3n dos escaparates dos comercios, e tam\u00e9n\n\tcon exposici\u00f3ns no Multiusos da Xunqueira, dende a organizaci\u00f3n co\n\tobxectivo de ampliar e descentralizar o evento fomos levando a\n\toutras parroquias o evento, sendo en Chapela, fai dous anos e en\n\tCesantes o ano pasado onde realizamos unha pequena expo ademais da\n\tapertura e inicio do Artelixo, este ano a\u00ednda o temos que\n\tdeterminar, por\u00e9n a idea \u00e9 que toda aportaci\u00f3n \u00e9 benvida, pero\n\ttera que ser auto organizada.&nbsp;\n<\/li><\/ul>\n\n\n\n<ul class=\"wp-block-list\"><li>\n\t<strong>OBRALIXO:\n\t<\/strong><strong>Actividades\n\tdirixidas \u00e1 cativas e cativos.<\/strong>\n\tCo obxectivo de evidenciar a importancia do uso dos materiais de\n\trefugallo, reutiliz\u00e1ndoos con fins l\u00fadico art\u00edsticos e pr\u00e1cticos,\n\tfavorecendo a creatividade. Ao remate do primeiro Obralixo\n\trealizarase un pasarr\u00faas cos cativos\/as.Non \u00e9 necesaria inscrici\u00f3n\n\tprevia.\n<\/li><\/ul>\n\n\n\n<ul class=\"wp-block-list\"><li><strong>PARNALIXO:<\/strong><strong>Expresi\u00f3n\n\tpo\u00e9tica do sentir a trav\u00e9s do \u201clixo\u201d<\/strong>.\n\tdentro deste marco&nbsp; destacaremos duas actividades:&nbsp;\n<\/li><\/ul>\n\n\n\n<ol class=\"wp-block-list\"><li>Recitado\n\tde poemario propio ou non, durante a celebraci\u00f3n do SONALIXO. Disto\n\tdarase conta mais adiante.\n<\/li><\/ol>\n\n\n\n<ol class=\"wp-block-list\"><li>PINTURA\n\tde PEONS. Que ben sendo rotular os pasos de peons con poemas, este\n\tacto faise coordinado cos colexios e institutos de Redondela&nbsp;\n<\/li><\/ol>\n\n\n\n<ul class=\"wp-block-list\"><li><strong>SONALIXO:<\/strong><strong>\n\tExpresi\u00f3n musical do sentir a trav\u00e9s do \u201clixo\u201d. <\/strong>&nbsp;Acto\n\tque consta de actuaci\u00f3ns expontaneas, e de expontaneos\/as, de\n\tinscripci\u00f3n no propio momento, desenvolvese no patio das antigas\n\tCasas dos Mestres de Redondela, onde a organizaci\u00f3n dispora de todo\n\ttipo de material t\u00e9cnico. Amplificaci\u00f3ns, micros, etc.&nbsp;\n<\/li><\/ul>\n\n\n\n<p>Esta\nano 2020 o Artelixo, \u00edmolo adicar a peghada da humanidade na terra. \n<\/p>\n\n\n\n<p>\u201c<em><strong>A\npeghada do humano\u201d<\/strong><\/em>,\n\u00e9 o tema polo que vai xirar esta edici\u00f3n. \n<\/p>\n\n\n\n<p>Resulta\nque atopamos unha peghada que delatounos:(foto)<\/p>\n\n\n\n<p>E\nnon foi unha criatura fant\u00e1stica quen a deixou aqu\u00ed, sen\u00f3n que \u00e9\nunha met\u00e1fora diso que se deu en chamar a pegada de carbono (a\ncantidade de gases de efecto estufa que producimos cos nosos h\u00e1bitos\ndiarios), que non \u00e9 sen\u00f3n unha met\u00e1fora da capacidade destrutiva\nda especie humana. Especie cun talento desmesurado tanto para a m\u00e1is\nfermosa xesta coma para o m\u00e1is terrible, abxecto e est\u00fapido dos\ncrimes: a destruci\u00f3n do seu medioambiente; un desequilibrio e\ndesgaste tal que ameaze a s\u00faa propia subsistencia, un mundo enteiro.<\/p>\n\n\n\n<p>Vela\u00ed\na nosa humana pegada de carbono. De carmono. Cada vez m\u00e1is\nxigantesca e cheirenta. Unha pegada que xa manca. Porque tam\u00e9n hai\nhumanidade sens\u00edbel. Que sente. Que sofre. E a ela se dirixe esta\nintervenci\u00f3n de Artelixo. Para que se repense. E rec\u00fae. Porque os\npasos atr\u00e1s non sempre son covardes. E este \u00e9 o m\u00e1is valente e\navanzado que se pode dar hoxe en d\u00eda. Un paso atr\u00e1s no consumo: e\nreducir. Un paso atr\u00e1s na mobilidade: e compartir. Un paso atr\u00e1s na\nxesti\u00f3n dos residuos: e reutilizar. Un paso atr\u00e1s no progreso que\nnos contan pola tele: e reciclarnos. Cada unha de n\u00f3s. A cada paso.<\/p>\n","protected":false},"excerpt":{"rendered":"<div class=\"mh-excerpt\"><p>O Colectivo ArteLixo abre o prazo de inscrici\u00f3n de proxectos e ideas para a edici\u00f3n do presente ano, que se celebrar\u00e1 en Redondea do 19 ao 30 de abril <a class=\"mh-excerpt-more\" href=\"https:\/\/www.anovapeneira.gal\/index.php\/2020\/03\/03\/artelixo-xii-edicion-redondela-2020\/\" title=\"ARTELIXO XII Edici\u00f3n Redondela 2020\">[&#8230;]<\/a><\/p>\n<\/div>","protected":false},"author":3,"featured_media":93,"comment_status":"open","ping_status":"open","sticky":false,"template":"","format":"standard","meta":{"_exactmetrics_skip_tracking":false,"_exactmetrics_sitenote_active":false,"_exactmetrics_sitenote_note":"","_exactmetrics_sitenote_category":0,"footnotes":""},"categories":[24],"tags":[32,171,33],"class_list":{"0":"post-2654","1":"post","2":"type-post","3":"status-publish","4":"format-standard","5":"has-post-thumbnail","7":"category-redondela","8":"tag-arte-lixo","9":"tag-concello-de-redondela","10":"tag-cultura"},"yoast_head":"<!-- This site is optimized with the Yoast SEO plugin v27.4 - https:\/\/yoast.com\/product\/yoast-seo-wordpress\/ -->\n<title>ARTELIXO XII Edici\u00f3n Redondela 2020 -<\/title>\n<meta name=\"robots\" content=\"index, follow, max-snippet:-1, max-image-preview:large, max-video-preview:-1\" \/>\n<link rel=\"canonical\" href=\"https:\/\/www.anovapeneira.gal\/index.php\/2020\/03\/03\/artelixo-xii-edicion-redondela-2020\/\" \/>\n<meta property=\"og:locale\" content=\"gl_ES\" \/>\n<meta property=\"og:type\" content=\"article\" \/>\n<meta property=\"og:title\" content=\"ARTELIXO XII Edici\u00f3n Redondela 2020 -\" \/>\n<meta property=\"og:description\" content=\"O Colectivo ArteLixo abre o prazo de inscrici\u00f3n de proxectos e ideas para a edici\u00f3n do presente ano, que se celebrar\u00e1 en Redondea do 19 ao 30 de abril [...]\" \/>\n<meta property=\"og:url\" content=\"https:\/\/www.anovapeneira.gal\/index.php\/2020\/03\/03\/artelixo-xii-edicion-redondela-2020\/\" \/>\n<meta property=\"article:publisher\" content=\"https:\/\/www.facebook.com\/anovapeneira\" \/>\n<meta property=\"article:published_time\" content=\"2020-03-03T12:00:48+00:00\" \/>\n<meta property=\"og:image\" content=\"https:\/\/www.anovapeneira.gal\/wp-content\/uploads\/2019\/06\/arte_lixo_redondela.png\" \/>\n\t<meta property=\"og:image:width\" content=\"720\" \/>\n\t<meta property=\"og:image:height\" content=\"473\" \/>\n\t<meta property=\"og:image:type\" content=\"image\/png\" \/>\n<meta name=\"author\" content=\"Redacci\u00f3n A Nova Peneira\" \/>\n<meta name=\"twitter:card\" content=\"summary_large_image\" \/>\n<meta name=\"twitter:creator\" content=\"@APeneira\" \/>\n<meta name=\"twitter:site\" content=\"@APeneira\" \/>\n<meta name=\"twitter:label1\" content=\"Escrito por\" \/>\n\t<meta name=\"twitter:data1\" content=\"Redacci\u00f3n A Nova Peneira\" \/>\n\t<meta name=\"twitter:label2\" content=\"Tempo de lectura\" \/>\n\t<meta name=\"twitter:data2\" content=\"5 minutos\" \/>\n<script type=\"application\/ld+json\" class=\"yoast-schema-graph\">{\"@context\":\"https:\\\/\\\/schema.org\",\"@graph\":[{\"@type\":\"Article\",\"@id\":\"https:\\\/\\\/www.anovapeneira.gal\\\/index.php\\\/2020\\\/03\\\/03\\\/artelixo-xii-edicion-redondela-2020\\\/#article\",\"isPartOf\":{\"@id\":\"https:\\\/\\\/www.anovapeneira.gal\\\/index.php\\\/2020\\\/03\\\/03\\\/artelixo-xii-edicion-redondela-2020\\\/\"},\"author\":{\"name\":\"Redacci\u00f3n A Nova Peneira\",\"@id\":\"https:\\\/\\\/www.anovapeneira.gal\\\/#\\\/schema\\\/person\\\/b93e3f8932e3f8da96334607eb6ac6aa\"},\"headline\":\"ARTELIXO XII Edici\u00f3n Redondela 2020\",\"datePublished\":\"2020-03-03T12:00:48+00:00\",\"mainEntityOfPage\":{\"@id\":\"https:\\\/\\\/www.anovapeneira.gal\\\/index.php\\\/2020\\\/03\\\/03\\\/artelixo-xii-edicion-redondela-2020\\\/\"},\"wordCount\":917,\"commentCount\":0,\"publisher\":{\"@id\":\"https:\\\/\\\/www.anovapeneira.gal\\\/#organization\"},\"image\":{\"@id\":\"https:\\\/\\\/www.anovapeneira.gal\\\/index.php\\\/2020\\\/03\\\/03\\\/artelixo-xii-edicion-redondela-2020\\\/#primaryimage\"},\"thumbnailUrl\":\"https:\\\/\\\/www.anovapeneira.gal\\\/wp-content\\\/uploads\\\/2019\\\/06\\\/arte_lixo_redondela.png\",\"keywords\":[\"Arte lixo\",\"Concello de Redondela\",\"Cultura\"],\"articleSection\":[\"Redondela\"],\"inLanguage\":\"gl-ES\",\"potentialAction\":[{\"@type\":\"CommentAction\",\"name\":\"Comment\",\"target\":[\"https:\\\/\\\/www.anovapeneira.gal\\\/index.php\\\/2020\\\/03\\\/03\\\/artelixo-xii-edicion-redondela-2020\\\/#respond\"]}]},{\"@type\":\"WebPage\",\"@id\":\"https:\\\/\\\/www.anovapeneira.gal\\\/index.php\\\/2020\\\/03\\\/03\\\/artelixo-xii-edicion-redondela-2020\\\/\",\"url\":\"https:\\\/\\\/www.anovapeneira.gal\\\/index.php\\\/2020\\\/03\\\/03\\\/artelixo-xii-edicion-redondela-2020\\\/\",\"name\":\"ARTELIXO XII Edici\u00f3n Redondela 2020 -\",\"isPartOf\":{\"@id\":\"https:\\\/\\\/www.anovapeneira.gal\\\/#website\"},\"primaryImageOfPage\":{\"@id\":\"https:\\\/\\\/www.anovapeneira.gal\\\/index.php\\\/2020\\\/03\\\/03\\\/artelixo-xii-edicion-redondela-2020\\\/#primaryimage\"},\"image\":{\"@id\":\"https:\\\/\\\/www.anovapeneira.gal\\\/index.php\\\/2020\\\/03\\\/03\\\/artelixo-xii-edicion-redondela-2020\\\/#primaryimage\"},\"thumbnailUrl\":\"https:\\\/\\\/www.anovapeneira.gal\\\/wp-content\\\/uploads\\\/2019\\\/06\\\/arte_lixo_redondela.png\",\"datePublished\":\"2020-03-03T12:00:48+00:00\",\"breadcrumb\":{\"@id\":\"https:\\\/\\\/www.anovapeneira.gal\\\/index.php\\\/2020\\\/03\\\/03\\\/artelixo-xii-edicion-redondela-2020\\\/#breadcrumb\"},\"inLanguage\":\"gl-ES\",\"potentialAction\":[{\"@type\":\"ReadAction\",\"target\":[\"https:\\\/\\\/www.anovapeneira.gal\\\/index.php\\\/2020\\\/03\\\/03\\\/artelixo-xii-edicion-redondela-2020\\\/\"]}]},{\"@type\":\"ImageObject\",\"inLanguage\":\"gl-ES\",\"@id\":\"https:\\\/\\\/www.anovapeneira.gal\\\/index.php\\\/2020\\\/03\\\/03\\\/artelixo-xii-edicion-redondela-2020\\\/#primaryimage\",\"url\":\"https:\\\/\\\/www.anovapeneira.gal\\\/wp-content\\\/uploads\\\/2019\\\/06\\\/arte_lixo_redondela.png\",\"contentUrl\":\"https:\\\/\\\/www.anovapeneira.gal\\\/wp-content\\\/uploads\\\/2019\\\/06\\\/arte_lixo_redondela.png\",\"width\":720,\"height\":473,\"caption\":\"Arte lixo Redondela A Nova Peneira Redondela\"},{\"@type\":\"BreadcrumbList\",\"@id\":\"https:\\\/\\\/www.anovapeneira.gal\\\/index.php\\\/2020\\\/03\\\/03\\\/artelixo-xii-edicion-redondela-2020\\\/#breadcrumb\",\"itemListElement\":[{\"@type\":\"ListItem\",\"position\":1,\"name\":\"Portada\",\"item\":\"https:\\\/\\\/www.anovapeneira.gal\\\/\"},{\"@type\":\"ListItem\",\"position\":2,\"name\":\"ARTELIXO XII Edici\u00f3n Redondela 2020\"}]},{\"@type\":\"WebSite\",\"@id\":\"https:\\\/\\\/www.anovapeneira.gal\\\/#website\",\"url\":\"https:\\\/\\\/www.anovapeneira.gal\\\/\",\"name\":\"\",\"description\":\"Xornal galego de informaci\u00f3n xeral Publicaci\u00f3n mensual de novas de Galicia e en especial dos Concellos da sur da provincia de Pontevedra.\",\"publisher\":{\"@id\":\"https:\\\/\\\/www.anovapeneira.gal\\\/#organization\"},\"potentialAction\":[{\"@type\":\"SearchAction\",\"target\":{\"@type\":\"EntryPoint\",\"urlTemplate\":\"https:\\\/\\\/www.anovapeneira.gal\\\/?s={search_term_string}\"},\"query-input\":{\"@type\":\"PropertyValueSpecification\",\"valueRequired\":true,\"valueName\":\"search_term_string\"}}],\"inLanguage\":\"gl-ES\"},{\"@type\":\"Organization\",\"@id\":\"https:\\\/\\\/www.anovapeneira.gal\\\/#organization\",\"name\":\"A Nova Peneira\",\"url\":\"https:\\\/\\\/www.anovapeneira.gal\\\/\",\"logo\":{\"@type\":\"ImageObject\",\"inLanguage\":\"gl-ES\",\"@id\":\"https:\\\/\\\/www.anovapeneira.gal\\\/#\\\/schema\\\/logo\\\/image\\\/\",\"url\":\"http:\\\/\\\/www.anovapeneira.gal\\\/wp-content\\\/uploads\\\/2019\\\/06\\\/logo_a_nova_peneira_portal_web.png\",\"contentUrl\":\"http:\\\/\\\/www.anovapeneira.gal\\\/wp-content\\\/uploads\\\/2019\\\/06\\\/logo_a_nova_peneira_portal_web.png\",\"width\":300,\"height\":100,\"caption\":\"A Nova Peneira\"},\"image\":{\"@id\":\"https:\\\/\\\/www.anovapeneira.gal\\\/#\\\/schema\\\/logo\\\/image\\\/\"},\"sameAs\":[\"https:\\\/\\\/www.facebook.com\\\/anovapeneira\",\"https:\\\/\\\/x.com\\\/APeneira\"]},{\"@type\":\"Person\",\"@id\":\"https:\\\/\\\/www.anovapeneira.gal\\\/#\\\/schema\\\/person\\\/b93e3f8932e3f8da96334607eb6ac6aa\",\"name\":\"Redacci\u00f3n A Nova Peneira\",\"image\":{\"@type\":\"ImageObject\",\"inLanguage\":\"gl-ES\",\"@id\":\"https:\\\/\\\/secure.gravatar.com\\\/avatar\\\/c052a2551a06e23fac63626232eaa90abd78dbcf1700fc46a2b2c89fd27b735f?s=96&d=mm&r=g\",\"url\":\"https:\\\/\\\/secure.gravatar.com\\\/avatar\\\/c052a2551a06e23fac63626232eaa90abd78dbcf1700fc46a2b2c89fd27b735f?s=96&d=mm&r=g\",\"contentUrl\":\"https:\\\/\\\/secure.gravatar.com\\\/avatar\\\/c052a2551a06e23fac63626232eaa90abd78dbcf1700fc46a2b2c89fd27b735f?s=96&d=mm&r=g\",\"caption\":\"Redacci\u00f3n A Nova Peneira\"},\"sameAs\":[\"http:\\\/\\\/www.anovapeneira.gal\\\/\"],\"url\":\"https:\\\/\\\/www.anovapeneira.gal\\\/index.php\\\/author\\\/redactor\\\/\"}]}<\/script>\n<!-- \/ Yoast SEO plugin. -->","yoast_head_json":{"title":"ARTELIXO XII Edici\u00f3n Redondela 2020 -","robots":{"index":"index","follow":"follow","max-snippet":"max-snippet:-1","max-image-preview":"max-image-preview:large","max-video-preview":"max-video-preview:-1"},"canonical":"https:\/\/www.anovapeneira.gal\/index.php\/2020\/03\/03\/artelixo-xii-edicion-redondela-2020\/","og_locale":"gl_ES","og_type":"article","og_title":"ARTELIXO XII Edici\u00f3n Redondela 2020 -","og_description":"O Colectivo ArteLixo abre o prazo de inscrici\u00f3n de proxectos e ideas para a edici\u00f3n do presente ano, que se celebrar\u00e1 en Redondea do 19 ao 30 de abril [...]","og_url":"https:\/\/www.anovapeneira.gal\/index.php\/2020\/03\/03\/artelixo-xii-edicion-redondela-2020\/","article_publisher":"https:\/\/www.facebook.com\/anovapeneira","article_published_time":"2020-03-03T12:00:48+00:00","og_image":[{"width":720,"height":473,"url":"https:\/\/www.anovapeneira.gal\/wp-content\/uploads\/2019\/06\/arte_lixo_redondela.png","type":"image\/png"}],"author":"Redacci\u00f3n A Nova Peneira","twitter_card":"summary_large_image","twitter_creator":"@APeneira","twitter_site":"@APeneira","twitter_misc":{"Escrito por":"Redacci\u00f3n A Nova Peneira","Tempo de lectura":"5 minutos"},"schema":{"@context":"https:\/\/schema.org","@graph":[{"@type":"Article","@id":"https:\/\/www.anovapeneira.gal\/index.php\/2020\/03\/03\/artelixo-xii-edicion-redondela-2020\/#article","isPartOf":{"@id":"https:\/\/www.anovapeneira.gal\/index.php\/2020\/03\/03\/artelixo-xii-edicion-redondela-2020\/"},"author":{"name":"Redacci\u00f3n A Nova Peneira","@id":"https:\/\/www.anovapeneira.gal\/#\/schema\/person\/b93e3f8932e3f8da96334607eb6ac6aa"},"headline":"ARTELIXO XII Edici\u00f3n Redondela 2020","datePublished":"2020-03-03T12:00:48+00:00","mainEntityOfPage":{"@id":"https:\/\/www.anovapeneira.gal\/index.php\/2020\/03\/03\/artelixo-xii-edicion-redondela-2020\/"},"wordCount":917,"commentCount":0,"publisher":{"@id":"https:\/\/www.anovapeneira.gal\/#organization"},"image":{"@id":"https:\/\/www.anovapeneira.gal\/index.php\/2020\/03\/03\/artelixo-xii-edicion-redondela-2020\/#primaryimage"},"thumbnailUrl":"https:\/\/www.anovapeneira.gal\/wp-content\/uploads\/2019\/06\/arte_lixo_redondela.png","keywords":["Arte lixo","Concello de Redondela","Cultura"],"articleSection":["Redondela"],"inLanguage":"gl-ES","potentialAction":[{"@type":"CommentAction","name":"Comment","target":["https:\/\/www.anovapeneira.gal\/index.php\/2020\/03\/03\/artelixo-xii-edicion-redondela-2020\/#respond"]}]},{"@type":"WebPage","@id":"https:\/\/www.anovapeneira.gal\/index.php\/2020\/03\/03\/artelixo-xii-edicion-redondela-2020\/","url":"https:\/\/www.anovapeneira.gal\/index.php\/2020\/03\/03\/artelixo-xii-edicion-redondela-2020\/","name":"ARTELIXO XII Edici\u00f3n Redondela 2020 -","isPartOf":{"@id":"https:\/\/www.anovapeneira.gal\/#website"},"primaryImageOfPage":{"@id":"https:\/\/www.anovapeneira.gal\/index.php\/2020\/03\/03\/artelixo-xii-edicion-redondela-2020\/#primaryimage"},"image":{"@id":"https:\/\/www.anovapeneira.gal\/index.php\/2020\/03\/03\/artelixo-xii-edicion-redondela-2020\/#primaryimage"},"thumbnailUrl":"https:\/\/www.anovapeneira.gal\/wp-content\/uploads\/2019\/06\/arte_lixo_redondela.png","datePublished":"2020-03-03T12:00:48+00:00","breadcrumb":{"@id":"https:\/\/www.anovapeneira.gal\/index.php\/2020\/03\/03\/artelixo-xii-edicion-redondela-2020\/#breadcrumb"},"inLanguage":"gl-ES","potentialAction":[{"@type":"ReadAction","target":["https:\/\/www.anovapeneira.gal\/index.php\/2020\/03\/03\/artelixo-xii-edicion-redondela-2020\/"]}]},{"@type":"ImageObject","inLanguage":"gl-ES","@id":"https:\/\/www.anovapeneira.gal\/index.php\/2020\/03\/03\/artelixo-xii-edicion-redondela-2020\/#primaryimage","url":"https:\/\/www.anovapeneira.gal\/wp-content\/uploads\/2019\/06\/arte_lixo_redondela.png","contentUrl":"https:\/\/www.anovapeneira.gal\/wp-content\/uploads\/2019\/06\/arte_lixo_redondela.png","width":720,"height":473,"caption":"Arte lixo Redondela A Nova Peneira Redondela"},{"@type":"BreadcrumbList","@id":"https:\/\/www.anovapeneira.gal\/index.php\/2020\/03\/03\/artelixo-xii-edicion-redondela-2020\/#breadcrumb","itemListElement":[{"@type":"ListItem","position":1,"name":"Portada","item":"https:\/\/www.anovapeneira.gal\/"},{"@type":"ListItem","position":2,"name":"ARTELIXO XII Edici\u00f3n Redondela 2020"}]},{"@type":"WebSite","@id":"https:\/\/www.anovapeneira.gal\/#website","url":"https:\/\/www.anovapeneira.gal\/","name":"","description":"Xornal galego de informaci\u00f3n xeral Publicaci\u00f3n mensual de novas de Galicia e en especial dos Concellos da sur da provincia de Pontevedra.","publisher":{"@id":"https:\/\/www.anovapeneira.gal\/#organization"},"potentialAction":[{"@type":"SearchAction","target":{"@type":"EntryPoint","urlTemplate":"https:\/\/www.anovapeneira.gal\/?s={search_term_string}"},"query-input":{"@type":"PropertyValueSpecification","valueRequired":true,"valueName":"search_term_string"}}],"inLanguage":"gl-ES"},{"@type":"Organization","@id":"https:\/\/www.anovapeneira.gal\/#organization","name":"A Nova Peneira","url":"https:\/\/www.anovapeneira.gal\/","logo":{"@type":"ImageObject","inLanguage":"gl-ES","@id":"https:\/\/www.anovapeneira.gal\/#\/schema\/logo\/image\/","url":"http:\/\/www.anovapeneira.gal\/wp-content\/uploads\/2019\/06\/logo_a_nova_peneira_portal_web.png","contentUrl":"http:\/\/www.anovapeneira.gal\/wp-content\/uploads\/2019\/06\/logo_a_nova_peneira_portal_web.png","width":300,"height":100,"caption":"A Nova Peneira"},"image":{"@id":"https:\/\/www.anovapeneira.gal\/#\/schema\/logo\/image\/"},"sameAs":["https:\/\/www.facebook.com\/anovapeneira","https:\/\/x.com\/APeneira"]},{"@type":"Person","@id":"https:\/\/www.anovapeneira.gal\/#\/schema\/person\/b93e3f8932e3f8da96334607eb6ac6aa","name":"Redacci\u00f3n A Nova Peneira","image":{"@type":"ImageObject","inLanguage":"gl-ES","@id":"https:\/\/secure.gravatar.com\/avatar\/c052a2551a06e23fac63626232eaa90abd78dbcf1700fc46a2b2c89fd27b735f?s=96&d=mm&r=g","url":"https:\/\/secure.gravatar.com\/avatar\/c052a2551a06e23fac63626232eaa90abd78dbcf1700fc46a2b2c89fd27b735f?s=96&d=mm&r=g","contentUrl":"https:\/\/secure.gravatar.com\/avatar\/c052a2551a06e23fac63626232eaa90abd78dbcf1700fc46a2b2c89fd27b735f?s=96&d=mm&r=g","caption":"Redacci\u00f3n A Nova Peneira"},"sameAs":["http:\/\/www.anovapeneira.gal\/"],"url":"https:\/\/www.anovapeneira.gal\/index.php\/author\/redactor\/"}]}},"jetpack_featured_media_url":"https:\/\/www.anovapeneira.gal\/wp-content\/uploads\/2019\/06\/arte_lixo_redondela.png","_links":{"self":[{"href":"https:\/\/www.anovapeneira.gal\/index.php\/wp-json\/wp\/v2\/posts\/2654","targetHints":{"allow":["GET"]}}],"collection":[{"href":"https:\/\/www.anovapeneira.gal\/index.php\/wp-json\/wp\/v2\/posts"}],"about":[{"href":"https:\/\/www.anovapeneira.gal\/index.php\/wp-json\/wp\/v2\/types\/post"}],"author":[{"embeddable":true,"href":"https:\/\/www.anovapeneira.gal\/index.php\/wp-json\/wp\/v2\/users\/3"}],"replies":[{"embeddable":true,"href":"https:\/\/www.anovapeneira.gal\/index.php\/wp-json\/wp\/v2\/comments?post=2654"}],"version-history":[{"count":1,"href":"https:\/\/www.anovapeneira.gal\/index.php\/wp-json\/wp\/v2\/posts\/2654\/revisions"}],"predecessor-version":[{"id":2655,"href":"https:\/\/www.anovapeneira.gal\/index.php\/wp-json\/wp\/v2\/posts\/2654\/revisions\/2655"}],"wp:featuredmedia":[{"embeddable":true,"href":"https:\/\/www.anovapeneira.gal\/index.php\/wp-json\/wp\/v2\/media\/93"}],"wp:attachment":[{"href":"https:\/\/www.anovapeneira.gal\/index.php\/wp-json\/wp\/v2\/media?parent=2654"}],"wp:term":[{"taxonomy":"category","embeddable":true,"href":"https:\/\/www.anovapeneira.gal\/index.php\/wp-json\/wp\/v2\/categories?post=2654"},{"taxonomy":"post_tag","embeddable":true,"href":"https:\/\/www.anovapeneira.gal\/index.php\/wp-json\/wp\/v2\/tags?post=2654"}],"curies":[{"name":"wp","href":"https:\/\/api.w.org\/{rel}","templated":true}]}}