{"id":2665,"date":"2020-03-04T12:00:22","date_gmt":"2020-03-04T11:00:22","guid":{"rendered":"http:\/\/www.anovapeneira.gal\/?p=2665"},"modified":"2020-03-03T10:44:48","modified_gmt":"2020-03-03T09:44:48","slug":"ponton-imos-poner-en-marcha-o-cambio-galego-cunha-presidenta-do-bng-coas-mans-libres-para-defender-galiza","status":"publish","type":"post","link":"https:\/\/www.anovapeneira.gal\/index.php\/2020\/03\/04\/ponton-imos-poner-en-marcha-o-cambio-galego-cunha-presidenta-do-bng-coas-mans-libres-para-defender-galiza\/","title":{"rendered":"Pont\u00f3n: \u201cImos po\u00f1er en marcha o cambio galego cunha presidenta do BNG coas mans libres para defender Galiza\u201d"},"content":{"rendered":"\n<h2 class=\"wp-block-heading\"> \u201c<strong>Nin absolutismo nin sucursalismo, merecemos algo tan simple e tan revolucionario como que Galiza sexa gobernada desde Galiza\u201d, proclama<\/strong>, <strong>O Consello Nacional aproba programa electoral e candidaturas para o 5A <\/strong><\/h2>\n\n\n\n<h3 class=\"wp-block-heading\"><strong>Rivas, Rodil, Presas, Bar\u00e1 e Prado repiten posto nunhas listas con forte presenza de mulleres e xente moza, e combinan experiencia e renovaci\u00f3n<\/strong><\/h3>\n\n\n\n<h3 class=\"wp-block-heading\"><strong>Mercedes Queixas, Rosana P\u00e9rez, Alexandra Fern\u00e1ndez, Iago Tabar\u00e9s e Daniel Castro, entre as incorporaci\u00f3ns dun BNG a alza<\/strong><\/h3>\n\n\n\n<p> <strong>Santiago de Compostela, 29 de Febreiro 2020<\/strong><\/p>\n\n\n\n<p>O\nConsello Nacional deu luz verde \u00e1s listas e ao programa electoral\npara o comicios do 5A. Unhas candidaturas de \u201cexcelencia\u201d e un\n\u201caut\u00e9ntico programa de goberno\u201d para pedir o apoio da maior\u00eda\nsocial que quere un \u201ccambio galego\u201d que, en palabras da candidata\n\u00e1 Presidencia, Ana Pont\u00f3n,  significa que por primeira vez Galiza\npoda ter un goberno \u201csen submisi\u00f3ns\u201d. \n<\/p>\n\n\n\n<p>\n\u201cNin\ngobernos absolutistas, nin  sucursalistas \u00e9 o momento de ter na\nPresidencia unha muller nacionalista coas mans libres e as ideas\nclaras para defender, sempre e en todo lugar, os intereses dos\ngalegos e das galegas, para constru\u00edr un pa\u00eds con oportunidades no\nque vivir e traballar\u201d, proclamou Pont\u00f3n, \u201cporque merecemos un\ngoberno que non reciba ordes nin de G\u00e9nova, nin de Ferraz, o cambio\ngalego \u00e9 rematar co tempo do <em>si\nbwana<\/em>\nao <em>madridcentrismo<\/em>\ne conseguir algo tan simple e tan revolucionario como que Galiza sexa\ngobernada desde Galiza\u201d.<\/p>\n\n\n\n<p>Cun BNG \u00e1 alza, Pont\u00f3n est\u00e1 convencida de que as urnas van abrir un tempo novo. \u201cSe hai unha gran mobilizaci\u00f3n a favor do Bloque o 5A haber\u00e1 cambio real, esa \u00e9 a garant\u00eda para deixar atr\u00e1s un goberno absolutista do PP, in\u00fatil e nocivo para Galiza\u201d, explicou, un reto ambicioso pero posible \u201cse todas as persoas que pensan que este pa\u00eds necesita un cambio galego acoden as urnas o cinco de abril votando BNG\u201d.<\/p>\n\n\n\n<p>Na s\u00faa intervenci\u00f3n ante o CN, explicou que o programa  \u201cdemostra ambici\u00f3n de Pa\u00eds, capacidade para avanzar e mellorar a vida das persoas, para constru\u00edr unha Galiza con futuro, con benestar social, con dereitos e liberdades e con orgullo do noso\u201d, explicou Pont\u00f3n, \u201cun programa con soluci\u00f3ns e pol\u00edticas autocentradas, porque sabemos que de nada vale o <em>copia e pega<\/em>, nin encher p\u00e1xinas con promesas que non se poidan verificar\u201d.<\/p>\n\n\n\n<p>A formaci\u00f3n nacionalista, salientou  a candidata,  presenta \u201cunha proposta de goberno pensada para po\u00f1er en marcha unha nova Galiza: A Galiza produtiva, innovadora, social, feminista, ecoloxista e empoderada\u201d.<\/p>\n\n\n\n<p>En relaci\u00f3n as candidaturas, combinan experiencia e renovaci\u00f3n, representan unha aposta radical pola igualdade cunha destacad\u00edsima presenza de mulleres e dando protagonismo \u00e1 xente nova. Incl\u00faen persoas representativas dos diferentes \u00e1mbitos dunha sociedade plural e cun denominador com\u00fan: \u201cson homes e mulleres comprometidas con Galiza e libres para defender este pa\u00eds, que temos como \u00fanico obxectivo traballar para mellorar a vida dos galegos e das galegas\u201d, explicou.<\/p>\n\n\n\n<p>\n\u201c<em><strong>Somos\na gran esperanza desta campa\u00f1a\u201d<\/strong><\/em><\/p>\n\n\n\n<p>As propostas da militancia traducidas nas listas aprobadas polo CN referendan o traballo do grupo parlamentario, que repite na s\u00faa integridade: Olalla Rodil como cabeza de lista por Lugo, Noa Presas por Ourense, Lu\u00eds Bar\u00e1 por Pontevedra, as\u00ed como Xos\u00e9 Lu\u00eds Rivas e Montse Prado como n\u00fameros dous pola Coru\u00f1a e Pontevedra.<\/p>\n\n\n\n<p>Entre as incorporaci\u00f3ns: Mercedes Queixas e Rosana P\u00e9rez, -para quen Pont\u00f3n tivo un reco\u00f1ecemento especial-, pola Coru\u00f1a; Daniel Castro e Carme Aira por Lugo, Iago Tabar\u00e9s e Mar\u00eda Gonz\u00e1lez, por Ourense ou Alexandra Fern\u00e1ndez e Manuel Lourenzo por Pontevedra. \u201cEstamos sentindo que a gran esperanza desta campa\u00f1a \u00e9 o BNG\u201d, proclamou a candidata entre aplausos, \u201c\u00e9 imos a por todas, con ambici\u00f3n de ganar porque somos a \u00fanica garant\u00eda para po\u00f1er en marcha o cambio real que necesita Galiza\u201d, e deixar atr\u00e1s \u201conce anos de mediocridade, de servilismo, once anos perdidos\u201d. \u201cA maior\u00eda social quere un cambio galego, convertamos esa maior\u00eda social en maior\u00eda electoral enchendo as urnas de apoio ao BNG o 5A\u201d, conclu\u00edu.<\/p>\n","protected":false},"excerpt":{"rendered":"<div class=\"mh-excerpt\"><p>\u201cNin absolutismo nin sucursalismo, merecemos algo tan simple e tan revolucionario como que Galiza sexa gobernada desde Galiza\u201d, proclama <a class=\"mh-excerpt-more\" href=\"https:\/\/www.anovapeneira.gal\/index.php\/2020\/03\/04\/ponton-imos-poner-en-marcha-o-cambio-galego-cunha-presidenta-do-bng-coas-mans-libres-para-defender-galiza\/\" title=\"Pont\u00f3n: \u201cImos po\u00f1er en marcha o cambio galego cunha presidenta do BNG coas mans libres para defender Galiza\u201d\">[&#8230;]<\/a><\/p>\n<\/div>","protected":false},"author":3,"featured_media":2666,"comment_status":"open","ping_status":"open","sticky":false,"template":"","format":"standard","meta":{"_exactmetrics_skip_tracking":false,"_exactmetrics_sitenote_active":false,"_exactmetrics_sitenote_note":"","_exactmetrics_sitenote_category":0,"footnotes":""},"categories":[263],"tags":[987,965],"class_list":{"0":"post-2665","1":"post","2":"type-post","3":"status-publish","4":"format-standard","5":"has-post-thumbnail","7":"category-novas","8":"tag-consello-nacional-bng","9":"tag-eleccions-5a"},"yoast_head":"<!-- This site is optimized with the Yoast SEO plugin v27.4 - https:\/\/yoast.com\/product\/yoast-seo-wordpress\/ -->\n<title>Pont\u00f3n: \u201cImos po\u00f1er en marcha o cambio galego cunha presidenta do BNG coas mans libres para defender Galiza\u201d -<\/title>\n<meta name=\"robots\" content=\"index, follow, max-snippet:-1, max-image-preview:large, max-video-preview:-1\" \/>\n<link rel=\"canonical\" href=\"https:\/\/www.anovapeneira.gal\/index.php\/2020\/03\/04\/ponton-imos-poner-en-marcha-o-cambio-galego-cunha-presidenta-do-bng-coas-mans-libres-para-defender-galiza\/\" \/>\n<meta property=\"og:locale\" content=\"gl_ES\" \/>\n<meta property=\"og:type\" content=\"article\" \/>\n<meta property=\"og:title\" content=\"Pont\u00f3n: \u201cImos po\u00f1er en marcha o cambio galego cunha presidenta do BNG coas mans libres para defender Galiza\u201d -\" \/>\n<meta property=\"og:description\" content=\"\u201cNin absolutismo nin sucursalismo, merecemos algo tan simple e tan revolucionario como que Galiza sexa gobernada desde Galiza\u201d, proclama [...]\" \/>\n<meta property=\"og:url\" content=\"https:\/\/www.anovapeneira.gal\/index.php\/2020\/03\/04\/ponton-imos-poner-en-marcha-o-cambio-galego-cunha-presidenta-do-bng-coas-mans-libres-para-defender-galiza\/\" \/>\n<meta property=\"article:publisher\" content=\"https:\/\/www.facebook.com\/anovapeneira\" \/>\n<meta property=\"article:published_time\" content=\"2020-03-04T11:00:22+00:00\" \/>\n<meta property=\"og:image\" content=\"https:\/\/www.anovapeneira.gal\/wp-content\/uploads\/2020\/03\/consello_nacional_29F.jpg\" \/>\n\t<meta property=\"og:image:width\" content=\"720\" \/>\n\t<meta property=\"og:image:height\" content=\"432\" \/>\n\t<meta property=\"og:image:type\" content=\"image\/jpeg\" \/>\n<meta name=\"author\" content=\"Redacci\u00f3n A Nova Peneira\" \/>\n<meta name=\"twitter:card\" content=\"summary_large_image\" \/>\n<meta name=\"twitter:creator\" content=\"@APeneira\" \/>\n<meta name=\"twitter:site\" content=\"@APeneira\" \/>\n<meta name=\"twitter:label1\" content=\"Escrito por\" \/>\n\t<meta name=\"twitter:data1\" content=\"Redacci\u00f3n A Nova Peneira\" \/>\n\t<meta name=\"twitter:label2\" content=\"Tempo de lectura\" \/>\n\t<meta name=\"twitter:data2\" content=\"3 minutos\" \/>\n<script type=\"application\/ld+json\" class=\"yoast-schema-graph\">{\"@context\":\"https:\\\/\\\/schema.org\",\"@graph\":[{\"@type\":\"Article\",\"@id\":\"https:\\\/\\\/www.anovapeneira.gal\\\/index.php\\\/2020\\\/03\\\/04\\\/ponton-imos-poner-en-marcha-o-cambio-galego-cunha-presidenta-do-bng-coas-mans-libres-para-defender-galiza\\\/#article\",\"isPartOf\":{\"@id\":\"https:\\\/\\\/www.anovapeneira.gal\\\/index.php\\\/2020\\\/03\\\/04\\\/ponton-imos-poner-en-marcha-o-cambio-galego-cunha-presidenta-do-bng-coas-mans-libres-para-defender-galiza\\\/\"},\"author\":{\"name\":\"Redacci\u00f3n A Nova Peneira\",\"@id\":\"https:\\\/\\\/www.anovapeneira.gal\\\/#\\\/schema\\\/person\\\/b93e3f8932e3f8da96334607eb6ac6aa\"},\"headline\":\"Pont\u00f3n: \u201cImos po\u00f1er en marcha o cambio galego cunha presidenta do BNG coas mans libres para defender Galiza\u201d\",\"datePublished\":\"2020-03-04T11:00:22+00:00\",\"mainEntityOfPage\":{\"@id\":\"https:\\\/\\\/www.anovapeneira.gal\\\/index.php\\\/2020\\\/03\\\/04\\\/ponton-imos-poner-en-marcha-o-cambio-galego-cunha-presidenta-do-bng-coas-mans-libres-para-defender-galiza\\\/\"},\"wordCount\":711,\"commentCount\":0,\"publisher\":{\"@id\":\"https:\\\/\\\/www.anovapeneira.gal\\\/#organization\"},\"image\":{\"@id\":\"https:\\\/\\\/www.anovapeneira.gal\\\/index.php\\\/2020\\\/03\\\/04\\\/ponton-imos-poner-en-marcha-o-cambio-galego-cunha-presidenta-do-bng-coas-mans-libres-para-defender-galiza\\\/#primaryimage\"},\"thumbnailUrl\":\"https:\\\/\\\/www.anovapeneira.gal\\\/wp-content\\\/uploads\\\/2020\\\/03\\\/consello_nacional_29F.jpg\",\"keywords\":[\"Consello Nacional BNG\",\"Elecci\u00f3ns 5A\"],\"articleSection\":[\"Novas\"],\"inLanguage\":\"gl-ES\",\"potentialAction\":[{\"@type\":\"CommentAction\",\"name\":\"Comment\",\"target\":[\"https:\\\/\\\/www.anovapeneira.gal\\\/index.php\\\/2020\\\/03\\\/04\\\/ponton-imos-poner-en-marcha-o-cambio-galego-cunha-presidenta-do-bng-coas-mans-libres-para-defender-galiza\\\/#respond\"]}]},{\"@type\":\"WebPage\",\"@id\":\"https:\\\/\\\/www.anovapeneira.gal\\\/index.php\\\/2020\\\/03\\\/04\\\/ponton-imos-poner-en-marcha-o-cambio-galego-cunha-presidenta-do-bng-coas-mans-libres-para-defender-galiza\\\/\",\"url\":\"https:\\\/\\\/www.anovapeneira.gal\\\/index.php\\\/2020\\\/03\\\/04\\\/ponton-imos-poner-en-marcha-o-cambio-galego-cunha-presidenta-do-bng-coas-mans-libres-para-defender-galiza\\\/\",\"name\":\"Pont\u00f3n: \u201cImos po\u00f1er en marcha o cambio galego cunha presidenta do BNG coas mans libres para defender Galiza\u201d -\",\"isPartOf\":{\"@id\":\"https:\\\/\\\/www.anovapeneira.gal\\\/#website\"},\"primaryImageOfPage\":{\"@id\":\"https:\\\/\\\/www.anovapeneira.gal\\\/index.php\\\/2020\\\/03\\\/04\\\/ponton-imos-poner-en-marcha-o-cambio-galego-cunha-presidenta-do-bng-coas-mans-libres-para-defender-galiza\\\/#primaryimage\"},\"image\":{\"@id\":\"https:\\\/\\\/www.anovapeneira.gal\\\/index.php\\\/2020\\\/03\\\/04\\\/ponton-imos-poner-en-marcha-o-cambio-galego-cunha-presidenta-do-bng-coas-mans-libres-para-defender-galiza\\\/#primaryimage\"},\"thumbnailUrl\":\"https:\\\/\\\/www.anovapeneira.gal\\\/wp-content\\\/uploads\\\/2020\\\/03\\\/consello_nacional_29F.jpg\",\"datePublished\":\"2020-03-04T11:00:22+00:00\",\"breadcrumb\":{\"@id\":\"https:\\\/\\\/www.anovapeneira.gal\\\/index.php\\\/2020\\\/03\\\/04\\\/ponton-imos-poner-en-marcha-o-cambio-galego-cunha-presidenta-do-bng-coas-mans-libres-para-defender-galiza\\\/#breadcrumb\"},\"inLanguage\":\"gl-ES\",\"potentialAction\":[{\"@type\":\"ReadAction\",\"target\":[\"https:\\\/\\\/www.anovapeneira.gal\\\/index.php\\\/2020\\\/03\\\/04\\\/ponton-imos-poner-en-marcha-o-cambio-galego-cunha-presidenta-do-bng-coas-mans-libres-para-defender-galiza\\\/\"]}]},{\"@type\":\"ImageObject\",\"inLanguage\":\"gl-ES\",\"@id\":\"https:\\\/\\\/www.anovapeneira.gal\\\/index.php\\\/2020\\\/03\\\/04\\\/ponton-imos-poner-en-marcha-o-cambio-galego-cunha-presidenta-do-bng-coas-mans-libres-para-defender-galiza\\\/#primaryimage\",\"url\":\"https:\\\/\\\/www.anovapeneira.gal\\\/wp-content\\\/uploads\\\/2020\\\/03\\\/consello_nacional_29F.jpg\",\"contentUrl\":\"https:\\\/\\\/www.anovapeneira.gal\\\/wp-content\\\/uploads\\\/2020\\\/03\\\/consello_nacional_29F.jpg\",\"width\":720,\"height\":432,\"caption\":\"Consello Nacional BNG 29F A Nova Peneira\"},{\"@type\":\"BreadcrumbList\",\"@id\":\"https:\\\/\\\/www.anovapeneira.gal\\\/index.php\\\/2020\\\/03\\\/04\\\/ponton-imos-poner-en-marcha-o-cambio-galego-cunha-presidenta-do-bng-coas-mans-libres-para-defender-galiza\\\/#breadcrumb\",\"itemListElement\":[{\"@type\":\"ListItem\",\"position\":1,\"name\":\"Portada\",\"item\":\"https:\\\/\\\/www.anovapeneira.gal\\\/\"},{\"@type\":\"ListItem\",\"position\":2,\"name\":\"Pont\u00f3n: \u201cImos po\u00f1er en marcha o cambio galego cunha presidenta do BNG coas mans libres para defender Galiza\u201d\"}]},{\"@type\":\"WebSite\",\"@id\":\"https:\\\/\\\/www.anovapeneira.gal\\\/#website\",\"url\":\"https:\\\/\\\/www.anovapeneira.gal\\\/\",\"name\":\"\",\"description\":\"Xornal galego de informaci\u00f3n xeral Publicaci\u00f3n mensual de novas de Galicia e en especial dos Concellos da sur da provincia de Pontevedra.\",\"publisher\":{\"@id\":\"https:\\\/\\\/www.anovapeneira.gal\\\/#organization\"},\"potentialAction\":[{\"@type\":\"SearchAction\",\"target\":{\"@type\":\"EntryPoint\",\"urlTemplate\":\"https:\\\/\\\/www.anovapeneira.gal\\\/?s={search_term_string}\"},\"query-input\":{\"@type\":\"PropertyValueSpecification\",\"valueRequired\":true,\"valueName\":\"search_term_string\"}}],\"inLanguage\":\"gl-ES\"},{\"@type\":\"Organization\",\"@id\":\"https:\\\/\\\/www.anovapeneira.gal\\\/#organization\",\"name\":\"A Nova Peneira\",\"url\":\"https:\\\/\\\/www.anovapeneira.gal\\\/\",\"logo\":{\"@type\":\"ImageObject\",\"inLanguage\":\"gl-ES\",\"@id\":\"https:\\\/\\\/www.anovapeneira.gal\\\/#\\\/schema\\\/logo\\\/image\\\/\",\"url\":\"http:\\\/\\\/www.anovapeneira.gal\\\/wp-content\\\/uploads\\\/2019\\\/06\\\/logo_a_nova_peneira_portal_web.png\",\"contentUrl\":\"http:\\\/\\\/www.anovapeneira.gal\\\/wp-content\\\/uploads\\\/2019\\\/06\\\/logo_a_nova_peneira_portal_web.png\",\"width\":300,\"height\":100,\"caption\":\"A Nova Peneira\"},\"image\":{\"@id\":\"https:\\\/\\\/www.anovapeneira.gal\\\/#\\\/schema\\\/logo\\\/image\\\/\"},\"sameAs\":[\"https:\\\/\\\/www.facebook.com\\\/anovapeneira\",\"https:\\\/\\\/x.com\\\/APeneira\"]},{\"@type\":\"Person\",\"@id\":\"https:\\\/\\\/www.anovapeneira.gal\\\/#\\\/schema\\\/person\\\/b93e3f8932e3f8da96334607eb6ac6aa\",\"name\":\"Redacci\u00f3n A Nova Peneira\",\"image\":{\"@type\":\"ImageObject\",\"inLanguage\":\"gl-ES\",\"@id\":\"https:\\\/\\\/secure.gravatar.com\\\/avatar\\\/c052a2551a06e23fac63626232eaa90abd78dbcf1700fc46a2b2c89fd27b735f?s=96&d=mm&r=g\",\"url\":\"https:\\\/\\\/secure.gravatar.com\\\/avatar\\\/c052a2551a06e23fac63626232eaa90abd78dbcf1700fc46a2b2c89fd27b735f?s=96&d=mm&r=g\",\"contentUrl\":\"https:\\\/\\\/secure.gravatar.com\\\/avatar\\\/c052a2551a06e23fac63626232eaa90abd78dbcf1700fc46a2b2c89fd27b735f?s=96&d=mm&r=g\",\"caption\":\"Redacci\u00f3n A Nova Peneira\"},\"sameAs\":[\"http:\\\/\\\/www.anovapeneira.gal\\\/\"],\"url\":\"https:\\\/\\\/www.anovapeneira.gal\\\/index.php\\\/author\\\/redactor\\\/\"}]}<\/script>\n<!-- \/ Yoast SEO plugin. -->","yoast_head_json":{"title":"Pont\u00f3n: \u201cImos po\u00f1er en marcha o cambio galego cunha presidenta do BNG coas mans libres para defender Galiza\u201d -","robots":{"index":"index","follow":"follow","max-snippet":"max-snippet:-1","max-image-preview":"max-image-preview:large","max-video-preview":"max-video-preview:-1"},"canonical":"https:\/\/www.anovapeneira.gal\/index.php\/2020\/03\/04\/ponton-imos-poner-en-marcha-o-cambio-galego-cunha-presidenta-do-bng-coas-mans-libres-para-defender-galiza\/","og_locale":"gl_ES","og_type":"article","og_title":"Pont\u00f3n: \u201cImos po\u00f1er en marcha o cambio galego cunha presidenta do BNG coas mans libres para defender Galiza\u201d -","og_description":"\u201cNin absolutismo nin sucursalismo, merecemos algo tan simple e tan revolucionario como que Galiza sexa gobernada desde Galiza\u201d, proclama [...]","og_url":"https:\/\/www.anovapeneira.gal\/index.php\/2020\/03\/04\/ponton-imos-poner-en-marcha-o-cambio-galego-cunha-presidenta-do-bng-coas-mans-libres-para-defender-galiza\/","article_publisher":"https:\/\/www.facebook.com\/anovapeneira","article_published_time":"2020-03-04T11:00:22+00:00","og_image":[{"width":720,"height":432,"url":"https:\/\/www.anovapeneira.gal\/wp-content\/uploads\/2020\/03\/consello_nacional_29F.jpg","type":"image\/jpeg"}],"author":"Redacci\u00f3n A Nova Peneira","twitter_card":"summary_large_image","twitter_creator":"@APeneira","twitter_site":"@APeneira","twitter_misc":{"Escrito por":"Redacci\u00f3n A Nova Peneira","Tempo de lectura":"3 minutos"},"schema":{"@context":"https:\/\/schema.org","@graph":[{"@type":"Article","@id":"https:\/\/www.anovapeneira.gal\/index.php\/2020\/03\/04\/ponton-imos-poner-en-marcha-o-cambio-galego-cunha-presidenta-do-bng-coas-mans-libres-para-defender-galiza\/#article","isPartOf":{"@id":"https:\/\/www.anovapeneira.gal\/index.php\/2020\/03\/04\/ponton-imos-poner-en-marcha-o-cambio-galego-cunha-presidenta-do-bng-coas-mans-libres-para-defender-galiza\/"},"author":{"name":"Redacci\u00f3n A Nova Peneira","@id":"https:\/\/www.anovapeneira.gal\/#\/schema\/person\/b93e3f8932e3f8da96334607eb6ac6aa"},"headline":"Pont\u00f3n: \u201cImos po\u00f1er en marcha o cambio galego cunha presidenta do BNG coas mans libres para defender Galiza\u201d","datePublished":"2020-03-04T11:00:22+00:00","mainEntityOfPage":{"@id":"https:\/\/www.anovapeneira.gal\/index.php\/2020\/03\/04\/ponton-imos-poner-en-marcha-o-cambio-galego-cunha-presidenta-do-bng-coas-mans-libres-para-defender-galiza\/"},"wordCount":711,"commentCount":0,"publisher":{"@id":"https:\/\/www.anovapeneira.gal\/#organization"},"image":{"@id":"https:\/\/www.anovapeneira.gal\/index.php\/2020\/03\/04\/ponton-imos-poner-en-marcha-o-cambio-galego-cunha-presidenta-do-bng-coas-mans-libres-para-defender-galiza\/#primaryimage"},"thumbnailUrl":"https:\/\/www.anovapeneira.gal\/wp-content\/uploads\/2020\/03\/consello_nacional_29F.jpg","keywords":["Consello Nacional BNG","Elecci\u00f3ns 5A"],"articleSection":["Novas"],"inLanguage":"gl-ES","potentialAction":[{"@type":"CommentAction","name":"Comment","target":["https:\/\/www.anovapeneira.gal\/index.php\/2020\/03\/04\/ponton-imos-poner-en-marcha-o-cambio-galego-cunha-presidenta-do-bng-coas-mans-libres-para-defender-galiza\/#respond"]}]},{"@type":"WebPage","@id":"https:\/\/www.anovapeneira.gal\/index.php\/2020\/03\/04\/ponton-imos-poner-en-marcha-o-cambio-galego-cunha-presidenta-do-bng-coas-mans-libres-para-defender-galiza\/","url":"https:\/\/www.anovapeneira.gal\/index.php\/2020\/03\/04\/ponton-imos-poner-en-marcha-o-cambio-galego-cunha-presidenta-do-bng-coas-mans-libres-para-defender-galiza\/","name":"Pont\u00f3n: \u201cImos po\u00f1er en marcha o cambio galego cunha presidenta do BNG coas mans libres para defender Galiza\u201d -","isPartOf":{"@id":"https:\/\/www.anovapeneira.gal\/#website"},"primaryImageOfPage":{"@id":"https:\/\/www.anovapeneira.gal\/index.php\/2020\/03\/04\/ponton-imos-poner-en-marcha-o-cambio-galego-cunha-presidenta-do-bng-coas-mans-libres-para-defender-galiza\/#primaryimage"},"image":{"@id":"https:\/\/www.anovapeneira.gal\/index.php\/2020\/03\/04\/ponton-imos-poner-en-marcha-o-cambio-galego-cunha-presidenta-do-bng-coas-mans-libres-para-defender-galiza\/#primaryimage"},"thumbnailUrl":"https:\/\/www.anovapeneira.gal\/wp-content\/uploads\/2020\/03\/consello_nacional_29F.jpg","datePublished":"2020-03-04T11:00:22+00:00","breadcrumb":{"@id":"https:\/\/www.anovapeneira.gal\/index.php\/2020\/03\/04\/ponton-imos-poner-en-marcha-o-cambio-galego-cunha-presidenta-do-bng-coas-mans-libres-para-defender-galiza\/#breadcrumb"},"inLanguage":"gl-ES","potentialAction":[{"@type":"ReadAction","target":["https:\/\/www.anovapeneira.gal\/index.php\/2020\/03\/04\/ponton-imos-poner-en-marcha-o-cambio-galego-cunha-presidenta-do-bng-coas-mans-libres-para-defender-galiza\/"]}]},{"@type":"ImageObject","inLanguage":"gl-ES","@id":"https:\/\/www.anovapeneira.gal\/index.php\/2020\/03\/04\/ponton-imos-poner-en-marcha-o-cambio-galego-cunha-presidenta-do-bng-coas-mans-libres-para-defender-galiza\/#primaryimage","url":"https:\/\/www.anovapeneira.gal\/wp-content\/uploads\/2020\/03\/consello_nacional_29F.jpg","contentUrl":"https:\/\/www.anovapeneira.gal\/wp-content\/uploads\/2020\/03\/consello_nacional_29F.jpg","width":720,"height":432,"caption":"Consello Nacional BNG 29F A Nova Peneira"},{"@type":"BreadcrumbList","@id":"https:\/\/www.anovapeneira.gal\/index.php\/2020\/03\/04\/ponton-imos-poner-en-marcha-o-cambio-galego-cunha-presidenta-do-bng-coas-mans-libres-para-defender-galiza\/#breadcrumb","itemListElement":[{"@type":"ListItem","position":1,"name":"Portada","item":"https:\/\/www.anovapeneira.gal\/"},{"@type":"ListItem","position":2,"name":"Pont\u00f3n: \u201cImos po\u00f1er en marcha o cambio galego cunha presidenta do BNG coas mans libres para defender Galiza\u201d"}]},{"@type":"WebSite","@id":"https:\/\/www.anovapeneira.gal\/#website","url":"https:\/\/www.anovapeneira.gal\/","name":"","description":"Xornal galego de informaci\u00f3n xeral Publicaci\u00f3n mensual de novas de Galicia e en especial dos Concellos da sur da provincia de Pontevedra.","publisher":{"@id":"https:\/\/www.anovapeneira.gal\/#organization"},"potentialAction":[{"@type":"SearchAction","target":{"@type":"EntryPoint","urlTemplate":"https:\/\/www.anovapeneira.gal\/?s={search_term_string}"},"query-input":{"@type":"PropertyValueSpecification","valueRequired":true,"valueName":"search_term_string"}}],"inLanguage":"gl-ES"},{"@type":"Organization","@id":"https:\/\/www.anovapeneira.gal\/#organization","name":"A Nova Peneira","url":"https:\/\/www.anovapeneira.gal\/","logo":{"@type":"ImageObject","inLanguage":"gl-ES","@id":"https:\/\/www.anovapeneira.gal\/#\/schema\/logo\/image\/","url":"http:\/\/www.anovapeneira.gal\/wp-content\/uploads\/2019\/06\/logo_a_nova_peneira_portal_web.png","contentUrl":"http:\/\/www.anovapeneira.gal\/wp-content\/uploads\/2019\/06\/logo_a_nova_peneira_portal_web.png","width":300,"height":100,"caption":"A Nova Peneira"},"image":{"@id":"https:\/\/www.anovapeneira.gal\/#\/schema\/logo\/image\/"},"sameAs":["https:\/\/www.facebook.com\/anovapeneira","https:\/\/x.com\/APeneira"]},{"@type":"Person","@id":"https:\/\/www.anovapeneira.gal\/#\/schema\/person\/b93e3f8932e3f8da96334607eb6ac6aa","name":"Redacci\u00f3n A Nova Peneira","image":{"@type":"ImageObject","inLanguage":"gl-ES","@id":"https:\/\/secure.gravatar.com\/avatar\/c052a2551a06e23fac63626232eaa90abd78dbcf1700fc46a2b2c89fd27b735f?s=96&d=mm&r=g","url":"https:\/\/secure.gravatar.com\/avatar\/c052a2551a06e23fac63626232eaa90abd78dbcf1700fc46a2b2c89fd27b735f?s=96&d=mm&r=g","contentUrl":"https:\/\/secure.gravatar.com\/avatar\/c052a2551a06e23fac63626232eaa90abd78dbcf1700fc46a2b2c89fd27b735f?s=96&d=mm&r=g","caption":"Redacci\u00f3n A Nova Peneira"},"sameAs":["http:\/\/www.anovapeneira.gal\/"],"url":"https:\/\/www.anovapeneira.gal\/index.php\/author\/redactor\/"}]}},"jetpack_featured_media_url":"https:\/\/www.anovapeneira.gal\/wp-content\/uploads\/2020\/03\/consello_nacional_29F.jpg","_links":{"self":[{"href":"https:\/\/www.anovapeneira.gal\/index.php\/wp-json\/wp\/v2\/posts\/2665","targetHints":{"allow":["GET"]}}],"collection":[{"href":"https:\/\/www.anovapeneira.gal\/index.php\/wp-json\/wp\/v2\/posts"}],"about":[{"href":"https:\/\/www.anovapeneira.gal\/index.php\/wp-json\/wp\/v2\/types\/post"}],"author":[{"embeddable":true,"href":"https:\/\/www.anovapeneira.gal\/index.php\/wp-json\/wp\/v2\/users\/3"}],"replies":[{"embeddable":true,"href":"https:\/\/www.anovapeneira.gal\/index.php\/wp-json\/wp\/v2\/comments?post=2665"}],"version-history":[{"count":2,"href":"https:\/\/www.anovapeneira.gal\/index.php\/wp-json\/wp\/v2\/posts\/2665\/revisions"}],"predecessor-version":[{"id":2668,"href":"https:\/\/www.anovapeneira.gal\/index.php\/wp-json\/wp\/v2\/posts\/2665\/revisions\/2668"}],"wp:featuredmedia":[{"embeddable":true,"href":"https:\/\/www.anovapeneira.gal\/index.php\/wp-json\/wp\/v2\/media\/2666"}],"wp:attachment":[{"href":"https:\/\/www.anovapeneira.gal\/index.php\/wp-json\/wp\/v2\/media?parent=2665"}],"wp:term":[{"taxonomy":"category","embeddable":true,"href":"https:\/\/www.anovapeneira.gal\/index.php\/wp-json\/wp\/v2\/categories?post=2665"},{"taxonomy":"post_tag","embeddable":true,"href":"https:\/\/www.anovapeneira.gal\/index.php\/wp-json\/wp\/v2\/tags?post=2665"}],"curies":[{"name":"wp","href":"https:\/\/api.w.org\/{rel}","templated":true}]}}