{"id":2669,"date":"2020-03-04T14:00:08","date_gmt":"2020-03-04T13:00:08","guid":{"rendered":"http:\/\/www.anovapeneira.gal\/?p=2669"},"modified":"2020-03-03T10:50:35","modified_gmt":"2020-03-03T09:50:35","slug":"o-concello-de-bueu-homenaxeou-a-agustin-gutierrez-polo-entroido-2020","status":"publish","type":"post","link":"https:\/\/www.anovapeneira.gal\/index.php\/2020\/03\/04\/o-concello-de-bueu-homenaxeou-a-agustin-gutierrez-polo-entroido-2020\/","title":{"rendered":"O Concello de Bueu homenaxeou a Agust\u00edn Guti\u00e9rrez polo Entroido 2020"},"content":{"rendered":"\n<h2 class=\"wp-block-heading\"><strong>O acto tivo lugar este s\u00e1bado pola tarde coa presenza da corporaci\u00f3n local, da familia e amizades e, por suposto, do homenaxeado<\/strong><\/h2>\n\n\n\n<p> <strong>Bueu, 29 de febreiro de 2020<\/strong><\/p>\n\n\n\n<p>\nO Concello de Bueu\nrendeu este s\u00e1bado homenaxe a Agust\u00edn Guti\u00e9rrez, unha das persoas\nda vila m\u00e1is reco\u00f1ecidas debido aos seus orixinais dese\u00f1os do\nEntroido. No acto, celebrado no sal\u00f3n de plenos da Casa\nConsistorial, o alcalde da vila, F\u00e9lix Juncal lembrou a labor\nintensa do homenaxeado e salientou que \u201cmoitas das persoas que\nestamos hoxe aqu\u00ed quizais lembramos a felicidade que nos contaxiou\nAgust\u00edn\u201d, nunha clara alusi\u00f3n aos disfraces que elaboraba con\nmotivo do Entroido, mais tam\u00e9n noutros momentos do ano como o Corpus\nou os maios.<\/p>\n\n\n\n<p>\n\u201cA historia dos\npobos constr\u00faese a partir das experiencias que imos acumulando nas\nnosas vidas, e tam\u00e9n grazas \u00e1s persoas que, como Agust\u00edn, forman\nparte dela\u201d, subli\u00f1ou Juncal, quen tam\u00e9n destacou o traballo\nlevado a cabo nestes \u00faltimos anos por parte do Concello para\nrevitalizar o Entroido, \u201cco que conseguimos unha simbiose perfecta\nentre a tradici\u00f3n e os novos tempos\u201d.<\/p>\n\n\n\n<p>\nAgust\u00edn Guti\u00e9rrez\nmostrouse emocionado e agradecido por esta homenaxe acordada no\nComit\u00e9 do Entroido e dedicou unhas verbas \u00e1 s\u00faa muller porque \u201csen\nela non poder\u00eda facer moitos dos disfraces\u201d, apuntou. O\nhomenaxeado lembrou os seus comezos con 14 anos nos bailes da m\u00edtica\nSala Para\u00edso, e \u201cdende aquela xa non parei ata hoxe\u201d, declarou.<\/p>\n\n\n\n<p>\nPrevio ao acto\ninstitucional, as comparsas da vila interpretaron unhas pezas na\nPraza Mass\u00f3 e, xa no sal\u00f3n de plenos, as persoas asistentes\npuideron ver un v\u00eddeo dalg\u00fans dos dese\u00f1os m\u00e1is reco\u00f1ecidos de\nAgust\u00edn. Como lembranza desta homenaxe, o alcalde f\u00edxolle entrega\ndunha r\u00e9plica de Rosal\u00eda de Castro de Sargadelos.<\/p>\n\n\n\n<p>\nNa homenaxe\nestiveron presentes Silvia Carballo, concelleira de promoci\u00f3n\necon\u00f3mica e turismo, Ricardo Verde, edil de deportes, Julio\nVillanueva, vicealcalde e voceiro de ACB, e Elena Est\u00e9vez, voceira\ndo PP. Moitas persoas, entre familiares e amizades, quixeron\nacompa\u00f1ar a Agust\u00edn Guti\u00e9rrez nesta tarde de s\u00e1bado. \n<\/p>\n","protected":false},"excerpt":{"rendered":"<div class=\"mh-excerpt\"><p>O acto tivo lugar este s\u00e1bado pola tarde coa presenza da corporaci\u00f3n local, da familia e amizades e, por suposto, do homenaxeado <a class=\"mh-excerpt-more\" href=\"https:\/\/www.anovapeneira.gal\/index.php\/2020\/03\/04\/o-concello-de-bueu-homenaxeou-a-agustin-gutierrez-polo-entroido-2020\/\" title=\"O Concello de Bueu homenaxeou a Agust\u00edn Guti\u00e9rrez polo Entroido 2020\">[&#8230;]<\/a><\/p>\n<\/div>","protected":false},"author":3,"featured_media":2670,"comment_status":"open","ping_status":"open","sticky":false,"template":"","format":"standard","meta":{"_exactmetrics_skip_tracking":false,"_exactmetrics_sitenote_active":false,"_exactmetrics_sitenote_note":"","_exactmetrics_sitenote_category":0,"footnotes":""},"categories":[22],"tags":[989,440,929],"class_list":{"0":"post-2669","1":"post","2":"type-post","3":"status-publish","4":"format-standard","5":"has-post-thumbnail","7":"category-morrazo","8":"tag-agustin-gutierrez","9":"tag-concello-de-bueu","10":"tag-entroido"},"yoast_head":"<!-- This site is optimized with the Yoast SEO plugin v27.4 - https:\/\/yoast.com\/product\/yoast-seo-wordpress\/ -->\n<title>O Concello de Bueu homenaxeou a Agust\u00edn Guti\u00e9rrez polo Entroido 2020 -<\/title>\n<meta name=\"robots\" content=\"index, follow, max-snippet:-1, max-image-preview:large, max-video-preview:-1\" \/>\n<link rel=\"canonical\" href=\"https:\/\/www.anovapeneira.gal\/index.php\/2020\/03\/04\/o-concello-de-bueu-homenaxeou-a-agustin-gutierrez-polo-entroido-2020\/\" \/>\n<meta property=\"og:locale\" content=\"gl_ES\" \/>\n<meta property=\"og:type\" content=\"article\" \/>\n<meta property=\"og:title\" content=\"O Concello de Bueu homenaxeou a Agust\u00edn Guti\u00e9rrez polo Entroido 2020 -\" \/>\n<meta property=\"og:description\" content=\"O acto tivo lugar este s\u00e1bado pola tarde coa presenza da corporaci\u00f3n local, da familia e amizades e, por suposto, do homenaxeado [...]\" \/>\n<meta property=\"og:url\" content=\"https:\/\/www.anovapeneira.gal\/index.php\/2020\/03\/04\/o-concello-de-bueu-homenaxeou-a-agustin-gutierrez-polo-entroido-2020\/\" \/>\n<meta property=\"article:publisher\" content=\"https:\/\/www.facebook.com\/anovapeneira\" \/>\n<meta property=\"article:published_time\" content=\"2020-03-04T13:00:08+00:00\" \/>\n<meta property=\"og:image\" content=\"https:\/\/www.anovapeneira.gal\/wp-content\/uploads\/2020\/03\/homenaxe_agustin_guti\u0301errez_bueu.jpg\" \/>\n\t<meta property=\"og:image:width\" content=\"720\" \/>\n\t<meta property=\"og:image:height\" content=\"432\" \/>\n\t<meta property=\"og:image:type\" content=\"image\/jpeg\" \/>\n<meta name=\"author\" content=\"Redacci\u00f3n A Nova Peneira\" \/>\n<meta name=\"twitter:card\" content=\"summary_large_image\" \/>\n<meta name=\"twitter:creator\" content=\"@APeneira\" \/>\n<meta name=\"twitter:site\" content=\"@APeneira\" \/>\n<meta name=\"twitter:label1\" content=\"Escrito por\" \/>\n\t<meta name=\"twitter:data1\" content=\"Redacci\u00f3n A Nova Peneira\" \/>\n\t<meta name=\"twitter:label2\" content=\"Tempo de lectura\" \/>\n\t<meta name=\"twitter:data2\" content=\"2 minutos\" \/>\n<script type=\"application\/ld+json\" class=\"yoast-schema-graph\">{\"@context\":\"https:\\\/\\\/schema.org\",\"@graph\":[{\"@type\":\"Article\",\"@id\":\"https:\\\/\\\/www.anovapeneira.gal\\\/index.php\\\/2020\\\/03\\\/04\\\/o-concello-de-bueu-homenaxeou-a-agustin-gutierrez-polo-entroido-2020\\\/#article\",\"isPartOf\":{\"@id\":\"https:\\\/\\\/www.anovapeneira.gal\\\/index.php\\\/2020\\\/03\\\/04\\\/o-concello-de-bueu-homenaxeou-a-agustin-gutierrez-polo-entroido-2020\\\/\"},\"author\":{\"name\":\"Redacci\u00f3n A Nova Peneira\",\"@id\":\"https:\\\/\\\/www.anovapeneira.gal\\\/#\\\/schema\\\/person\\\/b93e3f8932e3f8da96334607eb6ac6aa\"},\"headline\":\"O Concello de Bueu homenaxeou a Agust\u00edn Guti\u00e9rrez polo Entroido 2020\",\"datePublished\":\"2020-03-04T13:00:08+00:00\",\"mainEntityOfPage\":{\"@id\":\"https:\\\/\\\/www.anovapeneira.gal\\\/index.php\\\/2020\\\/03\\\/04\\\/o-concello-de-bueu-homenaxeou-a-agustin-gutierrez-polo-entroido-2020\\\/\"},\"wordCount\":376,\"commentCount\":0,\"publisher\":{\"@id\":\"https:\\\/\\\/www.anovapeneira.gal\\\/#organization\"},\"image\":{\"@id\":\"https:\\\/\\\/www.anovapeneira.gal\\\/index.php\\\/2020\\\/03\\\/04\\\/o-concello-de-bueu-homenaxeou-a-agustin-gutierrez-polo-entroido-2020\\\/#primaryimage\"},\"thumbnailUrl\":\"https:\\\/\\\/www.anovapeneira.gal\\\/wp-content\\\/uploads\\\/2020\\\/03\\\/homenaxe_agustin_guti\u0301errez_bueu.jpg\",\"keywords\":[\"Agust\u00edn Guti\u00e9rrez\",\"Concello de Bueu\",\"Entroido\"],\"articleSection\":[\"Morrazo\"],\"inLanguage\":\"gl-ES\",\"potentialAction\":[{\"@type\":\"CommentAction\",\"name\":\"Comment\",\"target\":[\"https:\\\/\\\/www.anovapeneira.gal\\\/index.php\\\/2020\\\/03\\\/04\\\/o-concello-de-bueu-homenaxeou-a-agustin-gutierrez-polo-entroido-2020\\\/#respond\"]}]},{\"@type\":\"WebPage\",\"@id\":\"https:\\\/\\\/www.anovapeneira.gal\\\/index.php\\\/2020\\\/03\\\/04\\\/o-concello-de-bueu-homenaxeou-a-agustin-gutierrez-polo-entroido-2020\\\/\",\"url\":\"https:\\\/\\\/www.anovapeneira.gal\\\/index.php\\\/2020\\\/03\\\/04\\\/o-concello-de-bueu-homenaxeou-a-agustin-gutierrez-polo-entroido-2020\\\/\",\"name\":\"O Concello de Bueu homenaxeou a Agust\u00edn Guti\u00e9rrez polo Entroido 2020 -\",\"isPartOf\":{\"@id\":\"https:\\\/\\\/www.anovapeneira.gal\\\/#website\"},\"primaryImageOfPage\":{\"@id\":\"https:\\\/\\\/www.anovapeneira.gal\\\/index.php\\\/2020\\\/03\\\/04\\\/o-concello-de-bueu-homenaxeou-a-agustin-gutierrez-polo-entroido-2020\\\/#primaryimage\"},\"image\":{\"@id\":\"https:\\\/\\\/www.anovapeneira.gal\\\/index.php\\\/2020\\\/03\\\/04\\\/o-concello-de-bueu-homenaxeou-a-agustin-gutierrez-polo-entroido-2020\\\/#primaryimage\"},\"thumbnailUrl\":\"https:\\\/\\\/www.anovapeneira.gal\\\/wp-content\\\/uploads\\\/2020\\\/03\\\/homenaxe_agustin_guti\u0301errez_bueu.jpg\",\"datePublished\":\"2020-03-04T13:00:08+00:00\",\"breadcrumb\":{\"@id\":\"https:\\\/\\\/www.anovapeneira.gal\\\/index.php\\\/2020\\\/03\\\/04\\\/o-concello-de-bueu-homenaxeou-a-agustin-gutierrez-polo-entroido-2020\\\/#breadcrumb\"},\"inLanguage\":\"gl-ES\",\"potentialAction\":[{\"@type\":\"ReadAction\",\"target\":[\"https:\\\/\\\/www.anovapeneira.gal\\\/index.php\\\/2020\\\/03\\\/04\\\/o-concello-de-bueu-homenaxeou-a-agustin-gutierrez-polo-entroido-2020\\\/\"]}]},{\"@type\":\"ImageObject\",\"inLanguage\":\"gl-ES\",\"@id\":\"https:\\\/\\\/www.anovapeneira.gal\\\/index.php\\\/2020\\\/03\\\/04\\\/o-concello-de-bueu-homenaxeou-a-agustin-gutierrez-polo-entroido-2020\\\/#primaryimage\",\"url\":\"https:\\\/\\\/www.anovapeneira.gal\\\/wp-content\\\/uploads\\\/2020\\\/03\\\/homenaxe_agustin_guti\u0301errez_bueu.jpg\",\"contentUrl\":\"https:\\\/\\\/www.anovapeneira.gal\\\/wp-content\\\/uploads\\\/2020\\\/03\\\/homenaxe_agustin_guti\u0301errez_bueu.jpg\",\"width\":720,\"height\":432,\"caption\":\"Homenaxe agust\u00edn guti\u00e9rrez A Nova Peneira Concello de Bueu\"},{\"@type\":\"BreadcrumbList\",\"@id\":\"https:\\\/\\\/www.anovapeneira.gal\\\/index.php\\\/2020\\\/03\\\/04\\\/o-concello-de-bueu-homenaxeou-a-agustin-gutierrez-polo-entroido-2020\\\/#breadcrumb\",\"itemListElement\":[{\"@type\":\"ListItem\",\"position\":1,\"name\":\"Portada\",\"item\":\"https:\\\/\\\/www.anovapeneira.gal\\\/\"},{\"@type\":\"ListItem\",\"position\":2,\"name\":\"O Concello de Bueu homenaxeou a Agust\u00edn Guti\u00e9rrez polo Entroido 2020\"}]},{\"@type\":\"WebSite\",\"@id\":\"https:\\\/\\\/www.anovapeneira.gal\\\/#website\",\"url\":\"https:\\\/\\\/www.anovapeneira.gal\\\/\",\"name\":\"\",\"description\":\"Xornal galego de informaci\u00f3n xeral Publicaci\u00f3n mensual de novas de Galicia e en especial dos Concellos da sur da provincia de Pontevedra.\",\"publisher\":{\"@id\":\"https:\\\/\\\/www.anovapeneira.gal\\\/#organization\"},\"potentialAction\":[{\"@type\":\"SearchAction\",\"target\":{\"@type\":\"EntryPoint\",\"urlTemplate\":\"https:\\\/\\\/www.anovapeneira.gal\\\/?s={search_term_string}\"},\"query-input\":{\"@type\":\"PropertyValueSpecification\",\"valueRequired\":true,\"valueName\":\"search_term_string\"}}],\"inLanguage\":\"gl-ES\"},{\"@type\":\"Organization\",\"@id\":\"https:\\\/\\\/www.anovapeneira.gal\\\/#organization\",\"name\":\"A Nova Peneira\",\"url\":\"https:\\\/\\\/www.anovapeneira.gal\\\/\",\"logo\":{\"@type\":\"ImageObject\",\"inLanguage\":\"gl-ES\",\"@id\":\"https:\\\/\\\/www.anovapeneira.gal\\\/#\\\/schema\\\/logo\\\/image\\\/\",\"url\":\"http:\\\/\\\/www.anovapeneira.gal\\\/wp-content\\\/uploads\\\/2019\\\/06\\\/logo_a_nova_peneira_portal_web.png\",\"contentUrl\":\"http:\\\/\\\/www.anovapeneira.gal\\\/wp-content\\\/uploads\\\/2019\\\/06\\\/logo_a_nova_peneira_portal_web.png\",\"width\":300,\"height\":100,\"caption\":\"A Nova Peneira\"},\"image\":{\"@id\":\"https:\\\/\\\/www.anovapeneira.gal\\\/#\\\/schema\\\/logo\\\/image\\\/\"},\"sameAs\":[\"https:\\\/\\\/www.facebook.com\\\/anovapeneira\",\"https:\\\/\\\/x.com\\\/APeneira\"]},{\"@type\":\"Person\",\"@id\":\"https:\\\/\\\/www.anovapeneira.gal\\\/#\\\/schema\\\/person\\\/b93e3f8932e3f8da96334607eb6ac6aa\",\"name\":\"Redacci\u00f3n A Nova Peneira\",\"image\":{\"@type\":\"ImageObject\",\"inLanguage\":\"gl-ES\",\"@id\":\"https:\\\/\\\/secure.gravatar.com\\\/avatar\\\/c052a2551a06e23fac63626232eaa90abd78dbcf1700fc46a2b2c89fd27b735f?s=96&d=mm&r=g\",\"url\":\"https:\\\/\\\/secure.gravatar.com\\\/avatar\\\/c052a2551a06e23fac63626232eaa90abd78dbcf1700fc46a2b2c89fd27b735f?s=96&d=mm&r=g\",\"contentUrl\":\"https:\\\/\\\/secure.gravatar.com\\\/avatar\\\/c052a2551a06e23fac63626232eaa90abd78dbcf1700fc46a2b2c89fd27b735f?s=96&d=mm&r=g\",\"caption\":\"Redacci\u00f3n A Nova Peneira\"},\"sameAs\":[\"http:\\\/\\\/www.anovapeneira.gal\\\/\"],\"url\":\"https:\\\/\\\/www.anovapeneira.gal\\\/index.php\\\/author\\\/redactor\\\/\"}]}<\/script>\n<!-- \/ Yoast SEO plugin. -->","yoast_head_json":{"title":"O Concello de Bueu homenaxeou a Agust\u00edn Guti\u00e9rrez polo Entroido 2020 -","robots":{"index":"index","follow":"follow","max-snippet":"max-snippet:-1","max-image-preview":"max-image-preview:large","max-video-preview":"max-video-preview:-1"},"canonical":"https:\/\/www.anovapeneira.gal\/index.php\/2020\/03\/04\/o-concello-de-bueu-homenaxeou-a-agustin-gutierrez-polo-entroido-2020\/","og_locale":"gl_ES","og_type":"article","og_title":"O Concello de Bueu homenaxeou a Agust\u00edn Guti\u00e9rrez polo Entroido 2020 -","og_description":"O acto tivo lugar este s\u00e1bado pola tarde coa presenza da corporaci\u00f3n local, da familia e amizades e, por suposto, do homenaxeado [...]","og_url":"https:\/\/www.anovapeneira.gal\/index.php\/2020\/03\/04\/o-concello-de-bueu-homenaxeou-a-agustin-gutierrez-polo-entroido-2020\/","article_publisher":"https:\/\/www.facebook.com\/anovapeneira","article_published_time":"2020-03-04T13:00:08+00:00","og_image":[{"width":720,"height":432,"url":"https:\/\/www.anovapeneira.gal\/wp-content\/uploads\/2020\/03\/homenaxe_agustin_guti\u0301errez_bueu.jpg","type":"image\/jpeg"}],"author":"Redacci\u00f3n A Nova Peneira","twitter_card":"summary_large_image","twitter_creator":"@APeneira","twitter_site":"@APeneira","twitter_misc":{"Escrito por":"Redacci\u00f3n A Nova Peneira","Tempo de lectura":"2 minutos"},"schema":{"@context":"https:\/\/schema.org","@graph":[{"@type":"Article","@id":"https:\/\/www.anovapeneira.gal\/index.php\/2020\/03\/04\/o-concello-de-bueu-homenaxeou-a-agustin-gutierrez-polo-entroido-2020\/#article","isPartOf":{"@id":"https:\/\/www.anovapeneira.gal\/index.php\/2020\/03\/04\/o-concello-de-bueu-homenaxeou-a-agustin-gutierrez-polo-entroido-2020\/"},"author":{"name":"Redacci\u00f3n A Nova Peneira","@id":"https:\/\/www.anovapeneira.gal\/#\/schema\/person\/b93e3f8932e3f8da96334607eb6ac6aa"},"headline":"O Concello de Bueu homenaxeou a Agust\u00edn Guti\u00e9rrez polo Entroido 2020","datePublished":"2020-03-04T13:00:08+00:00","mainEntityOfPage":{"@id":"https:\/\/www.anovapeneira.gal\/index.php\/2020\/03\/04\/o-concello-de-bueu-homenaxeou-a-agustin-gutierrez-polo-entroido-2020\/"},"wordCount":376,"commentCount":0,"publisher":{"@id":"https:\/\/www.anovapeneira.gal\/#organization"},"image":{"@id":"https:\/\/www.anovapeneira.gal\/index.php\/2020\/03\/04\/o-concello-de-bueu-homenaxeou-a-agustin-gutierrez-polo-entroido-2020\/#primaryimage"},"thumbnailUrl":"https:\/\/www.anovapeneira.gal\/wp-content\/uploads\/2020\/03\/homenaxe_agustin_guti\u0301errez_bueu.jpg","keywords":["Agust\u00edn Guti\u00e9rrez","Concello de Bueu","Entroido"],"articleSection":["Morrazo"],"inLanguage":"gl-ES","potentialAction":[{"@type":"CommentAction","name":"Comment","target":["https:\/\/www.anovapeneira.gal\/index.php\/2020\/03\/04\/o-concello-de-bueu-homenaxeou-a-agustin-gutierrez-polo-entroido-2020\/#respond"]}]},{"@type":"WebPage","@id":"https:\/\/www.anovapeneira.gal\/index.php\/2020\/03\/04\/o-concello-de-bueu-homenaxeou-a-agustin-gutierrez-polo-entroido-2020\/","url":"https:\/\/www.anovapeneira.gal\/index.php\/2020\/03\/04\/o-concello-de-bueu-homenaxeou-a-agustin-gutierrez-polo-entroido-2020\/","name":"O Concello de Bueu homenaxeou a Agust\u00edn Guti\u00e9rrez polo Entroido 2020 -","isPartOf":{"@id":"https:\/\/www.anovapeneira.gal\/#website"},"primaryImageOfPage":{"@id":"https:\/\/www.anovapeneira.gal\/index.php\/2020\/03\/04\/o-concello-de-bueu-homenaxeou-a-agustin-gutierrez-polo-entroido-2020\/#primaryimage"},"image":{"@id":"https:\/\/www.anovapeneira.gal\/index.php\/2020\/03\/04\/o-concello-de-bueu-homenaxeou-a-agustin-gutierrez-polo-entroido-2020\/#primaryimage"},"thumbnailUrl":"https:\/\/www.anovapeneira.gal\/wp-content\/uploads\/2020\/03\/homenaxe_agustin_guti\u0301errez_bueu.jpg","datePublished":"2020-03-04T13:00:08+00:00","breadcrumb":{"@id":"https:\/\/www.anovapeneira.gal\/index.php\/2020\/03\/04\/o-concello-de-bueu-homenaxeou-a-agustin-gutierrez-polo-entroido-2020\/#breadcrumb"},"inLanguage":"gl-ES","potentialAction":[{"@type":"ReadAction","target":["https:\/\/www.anovapeneira.gal\/index.php\/2020\/03\/04\/o-concello-de-bueu-homenaxeou-a-agustin-gutierrez-polo-entroido-2020\/"]}]},{"@type":"ImageObject","inLanguage":"gl-ES","@id":"https:\/\/www.anovapeneira.gal\/index.php\/2020\/03\/04\/o-concello-de-bueu-homenaxeou-a-agustin-gutierrez-polo-entroido-2020\/#primaryimage","url":"https:\/\/www.anovapeneira.gal\/wp-content\/uploads\/2020\/03\/homenaxe_agustin_guti\u0301errez_bueu.jpg","contentUrl":"https:\/\/www.anovapeneira.gal\/wp-content\/uploads\/2020\/03\/homenaxe_agustin_guti\u0301errez_bueu.jpg","width":720,"height":432,"caption":"Homenaxe agust\u00edn guti\u00e9rrez A Nova Peneira Concello de Bueu"},{"@type":"BreadcrumbList","@id":"https:\/\/www.anovapeneira.gal\/index.php\/2020\/03\/04\/o-concello-de-bueu-homenaxeou-a-agustin-gutierrez-polo-entroido-2020\/#breadcrumb","itemListElement":[{"@type":"ListItem","position":1,"name":"Portada","item":"https:\/\/www.anovapeneira.gal\/"},{"@type":"ListItem","position":2,"name":"O Concello de Bueu homenaxeou a Agust\u00edn Guti\u00e9rrez polo Entroido 2020"}]},{"@type":"WebSite","@id":"https:\/\/www.anovapeneira.gal\/#website","url":"https:\/\/www.anovapeneira.gal\/","name":"","description":"Xornal galego de informaci\u00f3n xeral Publicaci\u00f3n mensual de novas de Galicia e en especial dos Concellos da sur da provincia de Pontevedra.","publisher":{"@id":"https:\/\/www.anovapeneira.gal\/#organization"},"potentialAction":[{"@type":"SearchAction","target":{"@type":"EntryPoint","urlTemplate":"https:\/\/www.anovapeneira.gal\/?s={search_term_string}"},"query-input":{"@type":"PropertyValueSpecification","valueRequired":true,"valueName":"search_term_string"}}],"inLanguage":"gl-ES"},{"@type":"Organization","@id":"https:\/\/www.anovapeneira.gal\/#organization","name":"A Nova Peneira","url":"https:\/\/www.anovapeneira.gal\/","logo":{"@type":"ImageObject","inLanguage":"gl-ES","@id":"https:\/\/www.anovapeneira.gal\/#\/schema\/logo\/image\/","url":"http:\/\/www.anovapeneira.gal\/wp-content\/uploads\/2019\/06\/logo_a_nova_peneira_portal_web.png","contentUrl":"http:\/\/www.anovapeneira.gal\/wp-content\/uploads\/2019\/06\/logo_a_nova_peneira_portal_web.png","width":300,"height":100,"caption":"A Nova Peneira"},"image":{"@id":"https:\/\/www.anovapeneira.gal\/#\/schema\/logo\/image\/"},"sameAs":["https:\/\/www.facebook.com\/anovapeneira","https:\/\/x.com\/APeneira"]},{"@type":"Person","@id":"https:\/\/www.anovapeneira.gal\/#\/schema\/person\/b93e3f8932e3f8da96334607eb6ac6aa","name":"Redacci\u00f3n A Nova Peneira","image":{"@type":"ImageObject","inLanguage":"gl-ES","@id":"https:\/\/secure.gravatar.com\/avatar\/c052a2551a06e23fac63626232eaa90abd78dbcf1700fc46a2b2c89fd27b735f?s=96&d=mm&r=g","url":"https:\/\/secure.gravatar.com\/avatar\/c052a2551a06e23fac63626232eaa90abd78dbcf1700fc46a2b2c89fd27b735f?s=96&d=mm&r=g","contentUrl":"https:\/\/secure.gravatar.com\/avatar\/c052a2551a06e23fac63626232eaa90abd78dbcf1700fc46a2b2c89fd27b735f?s=96&d=mm&r=g","caption":"Redacci\u00f3n A Nova Peneira"},"sameAs":["http:\/\/www.anovapeneira.gal\/"],"url":"https:\/\/www.anovapeneira.gal\/index.php\/author\/redactor\/"}]}},"jetpack_featured_media_url":"https:\/\/www.anovapeneira.gal\/wp-content\/uploads\/2020\/03\/homenaxe_agustin_guti\u0301errez_bueu.jpg","_links":{"self":[{"href":"https:\/\/www.anovapeneira.gal\/index.php\/wp-json\/wp\/v2\/posts\/2669","targetHints":{"allow":["GET"]}}],"collection":[{"href":"https:\/\/www.anovapeneira.gal\/index.php\/wp-json\/wp\/v2\/posts"}],"about":[{"href":"https:\/\/www.anovapeneira.gal\/index.php\/wp-json\/wp\/v2\/types\/post"}],"author":[{"embeddable":true,"href":"https:\/\/www.anovapeneira.gal\/index.php\/wp-json\/wp\/v2\/users\/3"}],"replies":[{"embeddable":true,"href":"https:\/\/www.anovapeneira.gal\/index.php\/wp-json\/wp\/v2\/comments?post=2669"}],"version-history":[{"count":1,"href":"https:\/\/www.anovapeneira.gal\/index.php\/wp-json\/wp\/v2\/posts\/2669\/revisions"}],"predecessor-version":[{"id":2671,"href":"https:\/\/www.anovapeneira.gal\/index.php\/wp-json\/wp\/v2\/posts\/2669\/revisions\/2671"}],"wp:featuredmedia":[{"embeddable":true,"href":"https:\/\/www.anovapeneira.gal\/index.php\/wp-json\/wp\/v2\/media\/2670"}],"wp:attachment":[{"href":"https:\/\/www.anovapeneira.gal\/index.php\/wp-json\/wp\/v2\/media?parent=2669"}],"wp:term":[{"taxonomy":"category","embeddable":true,"href":"https:\/\/www.anovapeneira.gal\/index.php\/wp-json\/wp\/v2\/categories?post=2669"},{"taxonomy":"post_tag","embeddable":true,"href":"https:\/\/www.anovapeneira.gal\/index.php\/wp-json\/wp\/v2\/tags?post=2669"}],"curies":[{"name":"wp","href":"https:\/\/api.w.org\/{rel}","templated":true}]}}