{"id":2672,"date":"2020-03-05T10:00:07","date_gmt":"2020-03-05T09:00:07","guid":{"rendered":"http:\/\/www.anovapeneira.gal\/?p=2672"},"modified":"2020-03-03T10:58:12","modified_gmt":"2020-03-03T09:58:12","slug":"ecoloxistas-en-accion-denuncia-que-a-informacion-da-auga-esta-en-mans-das-multinacionais","status":"publish","type":"post","link":"https:\/\/www.anovapeneira.gal\/index.php\/2020\/03\/05\/ecoloxistas-en-accion-denuncia-que-a-informacion-da-auga-esta-en-mans-das-multinacionais\/","title":{"rendered":"Ecoloxistas en Acci\u00f3n denuncia que a informaci\u00f3n da auga est\u00e1 en mans das multinacionais"},"content":{"rendered":"\n<ul class=\"wp-block-list\"><li>\n\t<strong>A\n\tcalidade da auga para uso de boca debe ser transparente e non\n\tcondicionada aos intereses das multinacionais que fan negocio cun\n\tDereito Humano e un ben com\u00fan como a auga.<\/strong>\n\t<\/li><li>\n\t<strong>A\n\torganizaci\u00f3n ecoloxista esixe abrir o sistema de informaci\u00f3n dun\n\tben tan esencial para a vida como a auga \u00e1 cidadan\u00eda.<\/strong>\n<\/li><\/ul>\n\n\n\n<p>Ecoloxistas en Acci\u00f3n defende que a auga de billa para beber \u00e9 imprescindible #ante a emerxencia clim\u00e1tica e que o billas son un bo instrumento para que os cidad\u00e1ns poidan po\u00f1er o seu granito de area de forma diaria. Pero \u00e9 moi importante saber que defender a auga de billa implica tam\u00e9n ter un organismo regulador centrado na informaci\u00f3n \u00e1 cidadan\u00eda.<\/p>\n\n\n\n<p>No Estado espa\u00f1ol a informaci\u00f3n da auga est\u00e1 agrupada no Sistema de Informaci\u00f3n Nacional de Augas de Consumo ( SINAC), un \u00f3rgano dependente do Ministerio de Sanidade, Servizos Sociais e Igualdade. O SINAC foi creado en 2003 como un sistema de informaci\u00f3n sanitaria sobre a calidade da auga e saneamento, sustentado nunha aplicaci\u00f3n inform\u00e1tica a trav\u00e9s de internet. Disp\u00f3n dun comit\u00e9 t\u00e9cnico que \u00e9 o responsable de explotar e mesmo modificar estes datos, segundo contempla o <strong>Real Decreto 140\/2003.<\/strong><\/p>\n\n\n\n<p>A pesar de que este Real Decreto marca que este comit\u00e9 t\u00e9cnico debe estar composto por representantes de usuarias e usuarios, desde a s\u00faa creaci\u00f3n est\u00e1 formado polos representantes de tres multinacionais da auga; Aqualia, Suez e Canle de Isabel II \u2014que act\u00faa como un concesionario en cidades como C\u00e1ceres ou Lanzarote\u2014, ademais de por t\u00e9cnicos dos gobernos rexionais de Andaluc\u00eda, Canarias, Catalu\u00f1a, Castela e Le\u00f3n, a Federaci\u00f3n Espa\u00f1ola de Municipios e Provincias (FEMP), os concellos de Madrid e Zaragoza e as subdirecci\u00f3ns xerais de Tecnolox\u00edas da Informaci\u00f3n e de Sanidade Ambiental e Sa\u00fade Laboral. \u00c9 dicir, a multinacionais da auga te\u00f1en m\u00e1is peso que os operadores p\u00fablicos que non te\u00f1en representaci\u00f3n (excl\u00faese \u00e1 asociaci\u00f3n de operadores p\u00fablicos como AEOPAS, CONGIAC, ou AMAP), as Comunidades Aut\u00f3nomas (xa que non est\u00e1n representadas todas) nin as cidades (que son os titulares do servizo) e, por suposto, da cidadan\u00eda, que nin sequera ten representaci\u00f3n.<\/p>\n\n\n\n<p>O resultado, tal como Tribunal de Contas manifestou no seu \u00faltimo informe de fiscalizaci\u00f3n ao Sistema de Informaci\u00f3n Nacional de Augas de Consumo, \u00e9 un sistema de informaci\u00f3n inadecuado. Entre as principais cr\u00edticas do informe, destacan que hai moitos laboratorios que analizan estas mostras de auga que non est\u00e1n certificados \u2014o 53,14 %\u2014, que 1.048 municipios non remitiron informes sobre as s\u00faas augas \u2014dos que o 3 % ten m\u00e1is de 5.000 habitantes\u2014 e 13 comunidades aut\u00f3nomas non notificaron as inspecci\u00f3ns sanitarias realizadas.<\/p>\n\n\n\n<p>E case una de cada dez mostras de auga non te\u00f1en notificado a s\u00faa orixe, nin o seu volume. Tam\u00e9n que, a pesar das numerosas deficiencias da informaci\u00f3n achegada, os membros do comit\u00e9 t\u00e9cnico nin sequera reun\u00edronse. Por todo iso, Ecoloxistas en Acci\u00f3n solicita a inmediata reforma deste \u00f3rgano de informaci\u00f3n vital que facilita que calquera bulo poida ser malinterpretado pola cidadan\u00eda e manifesta:<\/p>\n\n\n\n<ul class=\"wp-block-list\"><li>\n\t<strong>O\n\tseu rexeitamento \u00e1 presenza de entidades privadas en \u00f3rganos da\n\tadministraci\u00f3n p\u00fablica, especialmente en asuntos como \u00e9 o\n\tabastecemento e saneamento da auga que son de indubidable\n\ttitularidade p\u00fablica.<\/strong>\n\t<\/li><li>\n\t<strong>Que\n\to control sobre a calidade das augas de consumo debe ser marcado\n\tpola administraci\u00f3n e non por quen ten a concesi\u00f3n co m\u00e1ximo\n\tobxectivo de facer negocio e reducir custos.<\/strong>\n\t<\/li><li>\n\t<strong>Que\n\tse abra o Comit\u00e9 T\u00e9cnico do Sistema de Informaci\u00f3n Nacional de\n\tAugas de Consumo ( SINAC) \u00e1s Comunidades Aut\u00f3nomas, aos municipios\n\te \u00e1 cidadan\u00eda.<\/strong>\n\t<\/li><li>\n\t<strong>Que\n\tse realice un urxente plan de acci\u00f3n para paliar os fallos que\n\tsinala o Tribunal de Contas e crear un sistema de informaci\u00f3n\n\tcentrado en facilitar a informaci\u00f3n \u00e1 cidadan\u00eda.<\/strong>\n<\/li><\/ul>\n","protected":false},"excerpt":{"rendered":"<div class=\"mh-excerpt\"><p>A calidade da auga para uso de boca debe ser transparente e non condicionada aos intereses das multinacionais que fan negocio cun Dereito Humano e un ben com\u00fan como a auga <a class=\"mh-excerpt-more\" href=\"https:\/\/www.anovapeneira.gal\/index.php\/2020\/03\/05\/ecoloxistas-en-accion-denuncia-que-a-informacion-da-auga-esta-en-mans-das-multinacionais\/\" title=\"Ecoloxistas en Acci\u00f3n denuncia que a informaci\u00f3n da auga est\u00e1 en mans das multinacionais\">[&#8230;]<\/a><\/p>\n<\/div>","protected":false},"author":3,"featured_media":2572,"comment_status":"open","ping_status":"open","sticky":false,"template":"","format":"standard","meta":{"_exactmetrics_skip_tracking":false,"_exactmetrics_sitenote_active":false,"_exactmetrics_sitenote_note":"","_exactmetrics_sitenote_category":0,"footnotes":""},"categories":[263],"tags":[990,924],"class_list":{"0":"post-2672","1":"post","2":"type-post","3":"status-publish","4":"format-standard","5":"has-post-thumbnail","7":"category-novas","8":"tag-auga","9":"tag-ecoloxistas-en-accion"},"yoast_head":"<!-- This site is optimized with the Yoast SEO plugin v27.4 - https:\/\/yoast.com\/product\/yoast-seo-wordpress\/ -->\n<title>Ecoloxistas en Acci\u00f3n denuncia que a informaci\u00f3n da auga est\u00e1 en mans das multinacionais -<\/title>\n<meta name=\"robots\" content=\"index, follow, max-snippet:-1, max-image-preview:large, max-video-preview:-1\" \/>\n<link rel=\"canonical\" href=\"https:\/\/www.anovapeneira.gal\/index.php\/2020\/03\/05\/ecoloxistas-en-accion-denuncia-que-a-informacion-da-auga-esta-en-mans-das-multinacionais\/\" \/>\n<meta property=\"og:locale\" content=\"gl_ES\" \/>\n<meta property=\"og:type\" content=\"article\" \/>\n<meta property=\"og:title\" content=\"Ecoloxistas en Acci\u00f3n denuncia que a informaci\u00f3n da auga est\u00e1 en mans das multinacionais -\" \/>\n<meta property=\"og:description\" content=\"A calidade da auga para uso de boca debe ser transparente e non condicionada aos intereses das multinacionais que fan negocio cun Dereito Humano e un ben com\u00fan como a auga [...]\" \/>\n<meta property=\"og:url\" content=\"https:\/\/www.anovapeneira.gal\/index.php\/2020\/03\/05\/ecoloxistas-en-accion-denuncia-que-a-informacion-da-auga-esta-en-mans-das-multinacionais\/\" \/>\n<meta property=\"article:publisher\" content=\"https:\/\/www.facebook.com\/anovapeneira\" \/>\n<meta property=\"article:published_time\" content=\"2020-03-05T09:00:07+00:00\" \/>\n<meta property=\"og:image\" content=\"https:\/\/www.anovapeneira.gal\/wp-content\/uploads\/2020\/02\/ecoloxitas_en_accion.png\" \/>\n\t<meta property=\"og:image:width\" content=\"720\" \/>\n\t<meta property=\"og:image:height\" content=\"432\" \/>\n\t<meta property=\"og:image:type\" content=\"image\/png\" \/>\n<meta name=\"author\" content=\"Redacci\u00f3n A Nova Peneira\" \/>\n<meta name=\"twitter:card\" content=\"summary_large_image\" \/>\n<meta name=\"twitter:creator\" content=\"@APeneira\" \/>\n<meta name=\"twitter:site\" content=\"@APeneira\" \/>\n<meta name=\"twitter:label1\" content=\"Escrito por\" \/>\n\t<meta name=\"twitter:data1\" content=\"Redacci\u00f3n A Nova Peneira\" \/>\n\t<meta name=\"twitter:label2\" content=\"Tempo de lectura\" \/>\n\t<meta name=\"twitter:data2\" content=\"3 minutos\" \/>\n<script type=\"application\/ld+json\" class=\"yoast-schema-graph\">{\"@context\":\"https:\\\/\\\/schema.org\",\"@graph\":[{\"@type\":\"Article\",\"@id\":\"https:\\\/\\\/www.anovapeneira.gal\\\/index.php\\\/2020\\\/03\\\/05\\\/ecoloxistas-en-accion-denuncia-que-a-informacion-da-auga-esta-en-mans-das-multinacionais\\\/#article\",\"isPartOf\":{\"@id\":\"https:\\\/\\\/www.anovapeneira.gal\\\/index.php\\\/2020\\\/03\\\/05\\\/ecoloxistas-en-accion-denuncia-que-a-informacion-da-auga-esta-en-mans-das-multinacionais\\\/\"},\"author\":{\"name\":\"Redacci\u00f3n A Nova Peneira\",\"@id\":\"https:\\\/\\\/www.anovapeneira.gal\\\/#\\\/schema\\\/person\\\/b93e3f8932e3f8da96334607eb6ac6aa\"},\"headline\":\"Ecoloxistas en Acci\u00f3n denuncia que a informaci\u00f3n da auga est\u00e1 en mans das multinacionais\",\"datePublished\":\"2020-03-05T09:00:07+00:00\",\"mainEntityOfPage\":{\"@id\":\"https:\\\/\\\/www.anovapeneira.gal\\\/index.php\\\/2020\\\/03\\\/05\\\/ecoloxistas-en-accion-denuncia-que-a-informacion-da-auga-esta-en-mans-das-multinacionais\\\/\"},\"wordCount\":679,\"commentCount\":0,\"publisher\":{\"@id\":\"https:\\\/\\\/www.anovapeneira.gal\\\/#organization\"},\"image\":{\"@id\":\"https:\\\/\\\/www.anovapeneira.gal\\\/index.php\\\/2020\\\/03\\\/05\\\/ecoloxistas-en-accion-denuncia-que-a-informacion-da-auga-esta-en-mans-das-multinacionais\\\/#primaryimage\"},\"thumbnailUrl\":\"https:\\\/\\\/www.anovapeneira.gal\\\/wp-content\\\/uploads\\\/2020\\\/02\\\/ecoloxitas_en_accion.png\",\"keywords\":[\"Auga\",\"Ecoloxistas en Acci\u00f3n\"],\"articleSection\":[\"Novas\"],\"inLanguage\":\"gl-ES\",\"potentialAction\":[{\"@type\":\"CommentAction\",\"name\":\"Comment\",\"target\":[\"https:\\\/\\\/www.anovapeneira.gal\\\/index.php\\\/2020\\\/03\\\/05\\\/ecoloxistas-en-accion-denuncia-que-a-informacion-da-auga-esta-en-mans-das-multinacionais\\\/#respond\"]}]},{\"@type\":\"WebPage\",\"@id\":\"https:\\\/\\\/www.anovapeneira.gal\\\/index.php\\\/2020\\\/03\\\/05\\\/ecoloxistas-en-accion-denuncia-que-a-informacion-da-auga-esta-en-mans-das-multinacionais\\\/\",\"url\":\"https:\\\/\\\/www.anovapeneira.gal\\\/index.php\\\/2020\\\/03\\\/05\\\/ecoloxistas-en-accion-denuncia-que-a-informacion-da-auga-esta-en-mans-das-multinacionais\\\/\",\"name\":\"Ecoloxistas en Acci\u00f3n denuncia que a informaci\u00f3n da auga est\u00e1 en mans das multinacionais -\",\"isPartOf\":{\"@id\":\"https:\\\/\\\/www.anovapeneira.gal\\\/#website\"},\"primaryImageOfPage\":{\"@id\":\"https:\\\/\\\/www.anovapeneira.gal\\\/index.php\\\/2020\\\/03\\\/05\\\/ecoloxistas-en-accion-denuncia-que-a-informacion-da-auga-esta-en-mans-das-multinacionais\\\/#primaryimage\"},\"image\":{\"@id\":\"https:\\\/\\\/www.anovapeneira.gal\\\/index.php\\\/2020\\\/03\\\/05\\\/ecoloxistas-en-accion-denuncia-que-a-informacion-da-auga-esta-en-mans-das-multinacionais\\\/#primaryimage\"},\"thumbnailUrl\":\"https:\\\/\\\/www.anovapeneira.gal\\\/wp-content\\\/uploads\\\/2020\\\/02\\\/ecoloxitas_en_accion.png\",\"datePublished\":\"2020-03-05T09:00:07+00:00\",\"breadcrumb\":{\"@id\":\"https:\\\/\\\/www.anovapeneira.gal\\\/index.php\\\/2020\\\/03\\\/05\\\/ecoloxistas-en-accion-denuncia-que-a-informacion-da-auga-esta-en-mans-das-multinacionais\\\/#breadcrumb\"},\"inLanguage\":\"gl-ES\",\"potentialAction\":[{\"@type\":\"ReadAction\",\"target\":[\"https:\\\/\\\/www.anovapeneira.gal\\\/index.php\\\/2020\\\/03\\\/05\\\/ecoloxistas-en-accion-denuncia-que-a-informacion-da-auga-esta-en-mans-das-multinacionais\\\/\"]}]},{\"@type\":\"ImageObject\",\"inLanguage\":\"gl-ES\",\"@id\":\"https:\\\/\\\/www.anovapeneira.gal\\\/index.php\\\/2020\\\/03\\\/05\\\/ecoloxistas-en-accion-denuncia-que-a-informacion-da-auga-esta-en-mans-das-multinacionais\\\/#primaryimage\",\"url\":\"https:\\\/\\\/www.anovapeneira.gal\\\/wp-content\\\/uploads\\\/2020\\\/02\\\/ecoloxitas_en_accion.png\",\"contentUrl\":\"https:\\\/\\\/www.anovapeneira.gal\\\/wp-content\\\/uploads\\\/2020\\\/02\\\/ecoloxitas_en_accion.png\",\"width\":720,\"height\":432,\"caption\":\"Ecoloxistas en acci\u00f3n Galiza\"},{\"@type\":\"BreadcrumbList\",\"@id\":\"https:\\\/\\\/www.anovapeneira.gal\\\/index.php\\\/2020\\\/03\\\/05\\\/ecoloxistas-en-accion-denuncia-que-a-informacion-da-auga-esta-en-mans-das-multinacionais\\\/#breadcrumb\",\"itemListElement\":[{\"@type\":\"ListItem\",\"position\":1,\"name\":\"Portada\",\"item\":\"https:\\\/\\\/www.anovapeneira.gal\\\/\"},{\"@type\":\"ListItem\",\"position\":2,\"name\":\"Ecoloxistas en Acci\u00f3n denuncia que a informaci\u00f3n da auga est\u00e1 en mans das multinacionais\"}]},{\"@type\":\"WebSite\",\"@id\":\"https:\\\/\\\/www.anovapeneira.gal\\\/#website\",\"url\":\"https:\\\/\\\/www.anovapeneira.gal\\\/\",\"name\":\"\",\"description\":\"Xornal galego de informaci\u00f3n xeral Publicaci\u00f3n mensual de novas de Galicia e en especial dos Concellos da sur da provincia de Pontevedra.\",\"publisher\":{\"@id\":\"https:\\\/\\\/www.anovapeneira.gal\\\/#organization\"},\"potentialAction\":[{\"@type\":\"SearchAction\",\"target\":{\"@type\":\"EntryPoint\",\"urlTemplate\":\"https:\\\/\\\/www.anovapeneira.gal\\\/?s={search_term_string}\"},\"query-input\":{\"@type\":\"PropertyValueSpecification\",\"valueRequired\":true,\"valueName\":\"search_term_string\"}}],\"inLanguage\":\"gl-ES\"},{\"@type\":\"Organization\",\"@id\":\"https:\\\/\\\/www.anovapeneira.gal\\\/#organization\",\"name\":\"A Nova Peneira\",\"url\":\"https:\\\/\\\/www.anovapeneira.gal\\\/\",\"logo\":{\"@type\":\"ImageObject\",\"inLanguage\":\"gl-ES\",\"@id\":\"https:\\\/\\\/www.anovapeneira.gal\\\/#\\\/schema\\\/logo\\\/image\\\/\",\"url\":\"http:\\\/\\\/www.anovapeneira.gal\\\/wp-content\\\/uploads\\\/2019\\\/06\\\/logo_a_nova_peneira_portal_web.png\",\"contentUrl\":\"http:\\\/\\\/www.anovapeneira.gal\\\/wp-content\\\/uploads\\\/2019\\\/06\\\/logo_a_nova_peneira_portal_web.png\",\"width\":300,\"height\":100,\"caption\":\"A Nova Peneira\"},\"image\":{\"@id\":\"https:\\\/\\\/www.anovapeneira.gal\\\/#\\\/schema\\\/logo\\\/image\\\/\"},\"sameAs\":[\"https:\\\/\\\/www.facebook.com\\\/anovapeneira\",\"https:\\\/\\\/x.com\\\/APeneira\"]},{\"@type\":\"Person\",\"@id\":\"https:\\\/\\\/www.anovapeneira.gal\\\/#\\\/schema\\\/person\\\/b93e3f8932e3f8da96334607eb6ac6aa\",\"name\":\"Redacci\u00f3n A Nova Peneira\",\"image\":{\"@type\":\"ImageObject\",\"inLanguage\":\"gl-ES\",\"@id\":\"https:\\\/\\\/secure.gravatar.com\\\/avatar\\\/c052a2551a06e23fac63626232eaa90abd78dbcf1700fc46a2b2c89fd27b735f?s=96&d=mm&r=g\",\"url\":\"https:\\\/\\\/secure.gravatar.com\\\/avatar\\\/c052a2551a06e23fac63626232eaa90abd78dbcf1700fc46a2b2c89fd27b735f?s=96&d=mm&r=g\",\"contentUrl\":\"https:\\\/\\\/secure.gravatar.com\\\/avatar\\\/c052a2551a06e23fac63626232eaa90abd78dbcf1700fc46a2b2c89fd27b735f?s=96&d=mm&r=g\",\"caption\":\"Redacci\u00f3n A Nova Peneira\"},\"sameAs\":[\"http:\\\/\\\/www.anovapeneira.gal\\\/\"],\"url\":\"https:\\\/\\\/www.anovapeneira.gal\\\/index.php\\\/author\\\/redactor\\\/\"}]}<\/script>\n<!-- \/ Yoast SEO plugin. -->","yoast_head_json":{"title":"Ecoloxistas en Acci\u00f3n denuncia que a informaci\u00f3n da auga est\u00e1 en mans das multinacionais -","robots":{"index":"index","follow":"follow","max-snippet":"max-snippet:-1","max-image-preview":"max-image-preview:large","max-video-preview":"max-video-preview:-1"},"canonical":"https:\/\/www.anovapeneira.gal\/index.php\/2020\/03\/05\/ecoloxistas-en-accion-denuncia-que-a-informacion-da-auga-esta-en-mans-das-multinacionais\/","og_locale":"gl_ES","og_type":"article","og_title":"Ecoloxistas en Acci\u00f3n denuncia que a informaci\u00f3n da auga est\u00e1 en mans das multinacionais -","og_description":"A calidade da auga para uso de boca debe ser transparente e non condicionada aos intereses das multinacionais que fan negocio cun Dereito Humano e un ben com\u00fan como a auga [...]","og_url":"https:\/\/www.anovapeneira.gal\/index.php\/2020\/03\/05\/ecoloxistas-en-accion-denuncia-que-a-informacion-da-auga-esta-en-mans-das-multinacionais\/","article_publisher":"https:\/\/www.facebook.com\/anovapeneira","article_published_time":"2020-03-05T09:00:07+00:00","og_image":[{"width":720,"height":432,"url":"https:\/\/www.anovapeneira.gal\/wp-content\/uploads\/2020\/02\/ecoloxitas_en_accion.png","type":"image\/png"}],"author":"Redacci\u00f3n A Nova Peneira","twitter_card":"summary_large_image","twitter_creator":"@APeneira","twitter_site":"@APeneira","twitter_misc":{"Escrito por":"Redacci\u00f3n A Nova Peneira","Tempo de lectura":"3 minutos"},"schema":{"@context":"https:\/\/schema.org","@graph":[{"@type":"Article","@id":"https:\/\/www.anovapeneira.gal\/index.php\/2020\/03\/05\/ecoloxistas-en-accion-denuncia-que-a-informacion-da-auga-esta-en-mans-das-multinacionais\/#article","isPartOf":{"@id":"https:\/\/www.anovapeneira.gal\/index.php\/2020\/03\/05\/ecoloxistas-en-accion-denuncia-que-a-informacion-da-auga-esta-en-mans-das-multinacionais\/"},"author":{"name":"Redacci\u00f3n A Nova Peneira","@id":"https:\/\/www.anovapeneira.gal\/#\/schema\/person\/b93e3f8932e3f8da96334607eb6ac6aa"},"headline":"Ecoloxistas en Acci\u00f3n denuncia que a informaci\u00f3n da auga est\u00e1 en mans das multinacionais","datePublished":"2020-03-05T09:00:07+00:00","mainEntityOfPage":{"@id":"https:\/\/www.anovapeneira.gal\/index.php\/2020\/03\/05\/ecoloxistas-en-accion-denuncia-que-a-informacion-da-auga-esta-en-mans-das-multinacionais\/"},"wordCount":679,"commentCount":0,"publisher":{"@id":"https:\/\/www.anovapeneira.gal\/#organization"},"image":{"@id":"https:\/\/www.anovapeneira.gal\/index.php\/2020\/03\/05\/ecoloxistas-en-accion-denuncia-que-a-informacion-da-auga-esta-en-mans-das-multinacionais\/#primaryimage"},"thumbnailUrl":"https:\/\/www.anovapeneira.gal\/wp-content\/uploads\/2020\/02\/ecoloxitas_en_accion.png","keywords":["Auga","Ecoloxistas en Acci\u00f3n"],"articleSection":["Novas"],"inLanguage":"gl-ES","potentialAction":[{"@type":"CommentAction","name":"Comment","target":["https:\/\/www.anovapeneira.gal\/index.php\/2020\/03\/05\/ecoloxistas-en-accion-denuncia-que-a-informacion-da-auga-esta-en-mans-das-multinacionais\/#respond"]}]},{"@type":"WebPage","@id":"https:\/\/www.anovapeneira.gal\/index.php\/2020\/03\/05\/ecoloxistas-en-accion-denuncia-que-a-informacion-da-auga-esta-en-mans-das-multinacionais\/","url":"https:\/\/www.anovapeneira.gal\/index.php\/2020\/03\/05\/ecoloxistas-en-accion-denuncia-que-a-informacion-da-auga-esta-en-mans-das-multinacionais\/","name":"Ecoloxistas en Acci\u00f3n denuncia que a informaci\u00f3n da auga est\u00e1 en mans das multinacionais -","isPartOf":{"@id":"https:\/\/www.anovapeneira.gal\/#website"},"primaryImageOfPage":{"@id":"https:\/\/www.anovapeneira.gal\/index.php\/2020\/03\/05\/ecoloxistas-en-accion-denuncia-que-a-informacion-da-auga-esta-en-mans-das-multinacionais\/#primaryimage"},"image":{"@id":"https:\/\/www.anovapeneira.gal\/index.php\/2020\/03\/05\/ecoloxistas-en-accion-denuncia-que-a-informacion-da-auga-esta-en-mans-das-multinacionais\/#primaryimage"},"thumbnailUrl":"https:\/\/www.anovapeneira.gal\/wp-content\/uploads\/2020\/02\/ecoloxitas_en_accion.png","datePublished":"2020-03-05T09:00:07+00:00","breadcrumb":{"@id":"https:\/\/www.anovapeneira.gal\/index.php\/2020\/03\/05\/ecoloxistas-en-accion-denuncia-que-a-informacion-da-auga-esta-en-mans-das-multinacionais\/#breadcrumb"},"inLanguage":"gl-ES","potentialAction":[{"@type":"ReadAction","target":["https:\/\/www.anovapeneira.gal\/index.php\/2020\/03\/05\/ecoloxistas-en-accion-denuncia-que-a-informacion-da-auga-esta-en-mans-das-multinacionais\/"]}]},{"@type":"ImageObject","inLanguage":"gl-ES","@id":"https:\/\/www.anovapeneira.gal\/index.php\/2020\/03\/05\/ecoloxistas-en-accion-denuncia-que-a-informacion-da-auga-esta-en-mans-das-multinacionais\/#primaryimage","url":"https:\/\/www.anovapeneira.gal\/wp-content\/uploads\/2020\/02\/ecoloxitas_en_accion.png","contentUrl":"https:\/\/www.anovapeneira.gal\/wp-content\/uploads\/2020\/02\/ecoloxitas_en_accion.png","width":720,"height":432,"caption":"Ecoloxistas en acci\u00f3n Galiza"},{"@type":"BreadcrumbList","@id":"https:\/\/www.anovapeneira.gal\/index.php\/2020\/03\/05\/ecoloxistas-en-accion-denuncia-que-a-informacion-da-auga-esta-en-mans-das-multinacionais\/#breadcrumb","itemListElement":[{"@type":"ListItem","position":1,"name":"Portada","item":"https:\/\/www.anovapeneira.gal\/"},{"@type":"ListItem","position":2,"name":"Ecoloxistas en Acci\u00f3n denuncia que a informaci\u00f3n da auga est\u00e1 en mans das multinacionais"}]},{"@type":"WebSite","@id":"https:\/\/www.anovapeneira.gal\/#website","url":"https:\/\/www.anovapeneira.gal\/","name":"","description":"Xornal galego de informaci\u00f3n xeral Publicaci\u00f3n mensual de novas de Galicia e en especial dos Concellos da sur da provincia de Pontevedra.","publisher":{"@id":"https:\/\/www.anovapeneira.gal\/#organization"},"potentialAction":[{"@type":"SearchAction","target":{"@type":"EntryPoint","urlTemplate":"https:\/\/www.anovapeneira.gal\/?s={search_term_string}"},"query-input":{"@type":"PropertyValueSpecification","valueRequired":true,"valueName":"search_term_string"}}],"inLanguage":"gl-ES"},{"@type":"Organization","@id":"https:\/\/www.anovapeneira.gal\/#organization","name":"A Nova Peneira","url":"https:\/\/www.anovapeneira.gal\/","logo":{"@type":"ImageObject","inLanguage":"gl-ES","@id":"https:\/\/www.anovapeneira.gal\/#\/schema\/logo\/image\/","url":"http:\/\/www.anovapeneira.gal\/wp-content\/uploads\/2019\/06\/logo_a_nova_peneira_portal_web.png","contentUrl":"http:\/\/www.anovapeneira.gal\/wp-content\/uploads\/2019\/06\/logo_a_nova_peneira_portal_web.png","width":300,"height":100,"caption":"A Nova Peneira"},"image":{"@id":"https:\/\/www.anovapeneira.gal\/#\/schema\/logo\/image\/"},"sameAs":["https:\/\/www.facebook.com\/anovapeneira","https:\/\/x.com\/APeneira"]},{"@type":"Person","@id":"https:\/\/www.anovapeneira.gal\/#\/schema\/person\/b93e3f8932e3f8da96334607eb6ac6aa","name":"Redacci\u00f3n A Nova Peneira","image":{"@type":"ImageObject","inLanguage":"gl-ES","@id":"https:\/\/secure.gravatar.com\/avatar\/c052a2551a06e23fac63626232eaa90abd78dbcf1700fc46a2b2c89fd27b735f?s=96&d=mm&r=g","url":"https:\/\/secure.gravatar.com\/avatar\/c052a2551a06e23fac63626232eaa90abd78dbcf1700fc46a2b2c89fd27b735f?s=96&d=mm&r=g","contentUrl":"https:\/\/secure.gravatar.com\/avatar\/c052a2551a06e23fac63626232eaa90abd78dbcf1700fc46a2b2c89fd27b735f?s=96&d=mm&r=g","caption":"Redacci\u00f3n A Nova Peneira"},"sameAs":["http:\/\/www.anovapeneira.gal\/"],"url":"https:\/\/www.anovapeneira.gal\/index.php\/author\/redactor\/"}]}},"jetpack_featured_media_url":"https:\/\/www.anovapeneira.gal\/wp-content\/uploads\/2020\/02\/ecoloxitas_en_accion.png","_links":{"self":[{"href":"https:\/\/www.anovapeneira.gal\/index.php\/wp-json\/wp\/v2\/posts\/2672","targetHints":{"allow":["GET"]}}],"collection":[{"href":"https:\/\/www.anovapeneira.gal\/index.php\/wp-json\/wp\/v2\/posts"}],"about":[{"href":"https:\/\/www.anovapeneira.gal\/index.php\/wp-json\/wp\/v2\/types\/post"}],"author":[{"embeddable":true,"href":"https:\/\/www.anovapeneira.gal\/index.php\/wp-json\/wp\/v2\/users\/3"}],"replies":[{"embeddable":true,"href":"https:\/\/www.anovapeneira.gal\/index.php\/wp-json\/wp\/v2\/comments?post=2672"}],"version-history":[{"count":1,"href":"https:\/\/www.anovapeneira.gal\/index.php\/wp-json\/wp\/v2\/posts\/2672\/revisions"}],"predecessor-version":[{"id":2673,"href":"https:\/\/www.anovapeneira.gal\/index.php\/wp-json\/wp\/v2\/posts\/2672\/revisions\/2673"}],"wp:featuredmedia":[{"embeddable":true,"href":"https:\/\/www.anovapeneira.gal\/index.php\/wp-json\/wp\/v2\/media\/2572"}],"wp:attachment":[{"href":"https:\/\/www.anovapeneira.gal\/index.php\/wp-json\/wp\/v2\/media?parent=2672"}],"wp:term":[{"taxonomy":"category","embeddable":true,"href":"https:\/\/www.anovapeneira.gal\/index.php\/wp-json\/wp\/v2\/categories?post=2672"},{"taxonomy":"post_tag","embeddable":true,"href":"https:\/\/www.anovapeneira.gal\/index.php\/wp-json\/wp\/v2\/tags?post=2672"}],"curies":[{"name":"wp","href":"https:\/\/api.w.org\/{rel}","templated":true}]}}