{"id":2674,"date":"2020-03-05T12:00:04","date_gmt":"2020-03-05T11:00:04","guid":{"rendered":"http:\/\/www.anovapeneira.gal\/?p=2674"},"modified":"2020-03-03T11:06:47","modified_gmt":"2020-03-03T10:06:47","slug":"a-nova-traida-de-augas-de-sobrada-reforma-as-suas-instalacions-para-servir-a-137-vivendas","status":"publish","type":"post","link":"https:\/\/www.anovapeneira.gal\/index.php\/2020\/03\/05\/a-nova-traida-de-augas-de-sobrada-reforma-as-suas-instalacions-para-servir-a-137-vivendas\/","title":{"rendered":"A nova Tra\u00edda de augas de Sobrada reforma as s\u00faas instalaci\u00f3ns para servir a 137 vivendas"},"content":{"rendered":"\n<h2 class=\"wp-block-heading\"><strong>Debido \u00e1 excepcionalidade da situaci\u00f3n, o Concello aprobou en pleno, por unanimidade, unha importante axuda econ\u00f3mica de 150.000 euros, que as\u00edmesmo contou coa solidariedade do resto de tra\u00eddas de auga da vila<\/strong><\/h2>\n\n\n\n<p><strong>Tomi\u00f1o, 28 de febreiro de 2020<\/strong><\/p>\n\n\n\n<p>A Comunidade de Augas de\nSobrada, presidida por Evaristo M\u00edguez Mill\u00e1n, v\u00e9n de por en\nmarcha un novo sistema de abastecemento para servir a 137 casas da\nparroquia,  case o triplo das vivendas servidas antes das obras.<\/p>\n\n\n\n<p>Unha realidade que foi\nposible tras rematar a remodelaci\u00f3n integral levada a cabo nos\n\u00faltimos dous anos co apoio do Concello, a Asociaci\u00f3n de tra\u00eddas de\nauga no rural COXAPO, as demais tra\u00eddas do municipio e moitos\nveci\u00f1os e veci\u00f1as a t\u00edtulo particular.<\/p>\n\n\n\n<p>As obras, cuxo custe\nsuperou finalmente o medio mill\u00f3n de euros en total, foron posible\ndespois de que a Comunidade de Augas de Sobrada solicitara, a ra\u00edz\nda elevada demanda de novas conexi\u00f3ns, o apoio t\u00e9cnico e econ\u00f3mico\ndo Concello de Tomi\u00f1o, que encargou a redacci\u00f3n dun proxecto\nt\u00e9cnico e emitiu os permisos necesarios, ademais de aprobar en pleno\npor unanimidade o reco\u00f1ecemento da bonificaci\u00f3n do ICIO e unha\nsubvenci\u00f3n de 150.000 euros que foi aprobada por unanimidade en\npleno. Deste xeito, o total das axudas do Concello sumaron m\u00e1is de\n200.000 euros, decisi\u00f3n quecontou tam\u00e9n coa solidariedade\ndo resto de tra\u00eddas de auga da vila.<\/p>\n\n\n\n<p>As\u00ed, posibilitouse a\ncreaci\u00f3n dunha nova rede de aproximadamente 10 km., para abastecer\naos n\u00facleos de Cruceiro, G\u00e1ndara, Gandari\u00f1a, Monte e Portela, con\n371 habitantes permanentes, m\u00e1is 333 estacionais (35,56%), non s\u00f3\npresentes en \u00e9poca estival, sen\u00f3n tam\u00e9n de venres a domingo, cun\ntotal superior aos 700 habitantes abastecidos.<\/p>\n\n\n\n<p>A decisi\u00f3n de contribu\u00edr\ncon este importante proxecto, segundo explica o concelleiro de\nServizos P\u00fablicos, Lois V\u00e1zquez, tomouse tendo en conta que se\ntrata dunha parroquia de elevado crecemento poboacional e que as\nconexi\u00f3ns individuais ao dep\u00f3sito eran obsoletas. \u201cO deficiente\nfuncionamento do sistema de distribuci\u00f3n existente, as\u00ed como a\nausencia de servizo de abastecemento para unha gran cantidade de\nvivendas da parroquia, conxuntamente coa ausencia de servizo de\nsaneamento (recollida e tratamento de augas residuais), estaba\nxerando unha elevada contaminaci\u00f3n dos acu\u00edferos, e en\nconsecuencia, dos pozos particulares dos que dependen as vivendas sen\nconexi\u00f3n\u201d explica o edil.<\/p>\n\n\n\n<p>M\u00edguez Mill\u00e1n,\npresidente da tra\u00edda, expresa o reco\u00f1ecemento de toda a directiva\nnon s\u00f3 ao Concello, sen\u00f3n tam\u00e9n aos veci\u00f1os e veci\u00f1as que\ndeixaron pasar polos seus terreos as conexi\u00f3n e facer os pozos\nnecesarios para un correcto abastecemento. \n<\/p>\n\n\n\n<p>Igual que V\u00e1zquez,\nagradece a importante labor de xesti\u00f3n levada a cabo por COXAPO\n(Asociaci\u00f3n de tra\u00eddas de auga no rural) e as demais tra\u00eddas de\naugas de Tomi\u00f1o, para que todas aprobaran \u00e1s axudas realizadas a\nSobrada, reco\u00f1ecendo a absoluta necesidade das obras.<\/p>\n\n\n\n<p>Os traballos permitiron\nmellorar o sistema de captaci\u00f3n, a cotas superiores e en acu\u00edferos\nque compren as garant\u00edas sanitarias, garantindo un abastecemento\neficiente non s\u00f3 para as familias, sen\u00f3n tam\u00e9n para o colexio de\nSobrada, con 200 estudantes, que vi\u00f1an abastec\u00e9ndose dun pozo.\nNeste sentido, Jos\u00e9 Manuel \u00c1lvarez Dorna (secretario da tra\u00edda),\nmanifesta a s\u00faa grande satisfacci\u00f3n polos resultados acadados e por\n\u201cter un recurso de calidade, un ser vivo que ofrecer \u00e1 veci\u00f1anza\ncoas maiores garant\u00edas\u201d.<\/p>\n\n\n\n<p>As vantaxes da\nconstruci\u00f3n e posta en funcionamento do novo sistema son m\u00faltiples,\nposto que se conseguiu satisfacer as numerosas e crecentes demandas\nde conexi\u00f3n; abastecer de auga de consumo con garant\u00edas de calidade\nsanitaria e melloras na presi\u00f3n, e con menores custes por usuario.<\/p>\n","protected":false},"excerpt":{"rendered":"<div class=\"mh-excerpt\"><p>Debido \u00e1 excepcionalidade da situaci\u00f3n, o Concello aprobou en pleno, por unanimidade, unha importante axuda econ\u00f3mica <a class=\"mh-excerpt-more\" href=\"https:\/\/www.anovapeneira.gal\/index.php\/2020\/03\/05\/a-nova-traida-de-augas-de-sobrada-reforma-as-suas-instalacions-para-servir-a-137-vivendas\/\" title=\"A nova Tra\u00edda de augas de Sobrada reforma as s\u00faas instalaci\u00f3ns para servir a 137 vivendas\">[&#8230;]<\/a><\/p>\n<\/div>","protected":false},"author":3,"featured_media":2675,"comment_status":"open","ping_status":"open","sticky":false,"template":"","format":"standard","meta":{"_exactmetrics_skip_tracking":false,"_exactmetrics_sitenote_active":false,"_exactmetrics_sitenote_note":"","_exactmetrics_sitenote_category":0,"footnotes":""},"categories":[266],"tags":[81,991],"class_list":{"0":"post-2674","1":"post","2":"type-post","3":"status-publish","4":"format-standard","5":"has-post-thumbnail","7":"category-baixo-mino-entrevistas","8":"tag-concello-de-tomino","9":"tag-traida-de-augas"},"yoast_head":"<!-- This site is optimized with the Yoast SEO plugin v27.4 - https:\/\/yoast.com\/product\/yoast-seo-wordpress\/ -->\n<title>A nova Tra\u00edda de augas de Sobrada reforma as s\u00faas instalaci\u00f3ns para servir a 137 vivendas -<\/title>\n<meta name=\"robots\" content=\"index, follow, max-snippet:-1, max-image-preview:large, max-video-preview:-1\" \/>\n<link rel=\"canonical\" href=\"https:\/\/www.anovapeneira.gal\/index.php\/2020\/03\/05\/a-nova-traida-de-augas-de-sobrada-reforma-as-suas-instalacions-para-servir-a-137-vivendas\/\" \/>\n<meta property=\"og:locale\" content=\"gl_ES\" \/>\n<meta property=\"og:type\" content=\"article\" \/>\n<meta property=\"og:title\" content=\"A nova Tra\u00edda de augas de Sobrada reforma as s\u00faas instalaci\u00f3ns para servir a 137 vivendas -\" \/>\n<meta property=\"og:description\" content=\"Debido \u00e1 excepcionalidade da situaci\u00f3n, o Concello aprobou en pleno, por unanimidade, unha importante axuda econ\u00f3mica [...]\" \/>\n<meta property=\"og:url\" content=\"https:\/\/www.anovapeneira.gal\/index.php\/2020\/03\/05\/a-nova-traida-de-augas-de-sobrada-reforma-as-suas-instalacions-para-servir-a-137-vivendas\/\" \/>\n<meta property=\"article:publisher\" content=\"https:\/\/www.facebook.com\/anovapeneira\" \/>\n<meta property=\"article:published_time\" content=\"2020-03-05T11:00:04+00:00\" \/>\n<meta property=\"og:image\" content=\"https:\/\/www.anovapeneira.gal\/wp-content\/uploads\/2020\/03\/traidas_de_auga_a_nova_peneira.jpg\" \/>\n\t<meta property=\"og:image:width\" content=\"720\" \/>\n\t<meta property=\"og:image:height\" content=\"432\" \/>\n\t<meta property=\"og:image:type\" content=\"image\/jpeg\" \/>\n<meta name=\"author\" content=\"Redacci\u00f3n A Nova Peneira\" \/>\n<meta name=\"twitter:card\" content=\"summary_large_image\" \/>\n<meta name=\"twitter:creator\" content=\"@APeneira\" \/>\n<meta name=\"twitter:site\" content=\"@APeneira\" \/>\n<meta name=\"twitter:label1\" content=\"Escrito por\" \/>\n\t<meta name=\"twitter:data1\" content=\"Redacci\u00f3n A Nova Peneira\" \/>\n\t<meta name=\"twitter:label2\" content=\"Tempo de lectura\" \/>\n\t<meta name=\"twitter:data2\" content=\"3 minutos\" \/>\n<script type=\"application\/ld+json\" class=\"yoast-schema-graph\">{\"@context\":\"https:\\\/\\\/schema.org\",\"@graph\":[{\"@type\":\"Article\",\"@id\":\"https:\\\/\\\/www.anovapeneira.gal\\\/index.php\\\/2020\\\/03\\\/05\\\/a-nova-traida-de-augas-de-sobrada-reforma-as-suas-instalacions-para-servir-a-137-vivendas\\\/#article\",\"isPartOf\":{\"@id\":\"https:\\\/\\\/www.anovapeneira.gal\\\/index.php\\\/2020\\\/03\\\/05\\\/a-nova-traida-de-augas-de-sobrada-reforma-as-suas-instalacions-para-servir-a-137-vivendas\\\/\"},\"author\":{\"name\":\"Redacci\u00f3n A Nova Peneira\",\"@id\":\"https:\\\/\\\/www.anovapeneira.gal\\\/#\\\/schema\\\/person\\\/b93e3f8932e3f8da96334607eb6ac6aa\"},\"headline\":\"A nova Tra\u00edda de augas de Sobrada reforma as s\u00faas instalaci\u00f3ns para servir a 137 vivendas\",\"datePublished\":\"2020-03-05T11:00:04+00:00\",\"mainEntityOfPage\":{\"@id\":\"https:\\\/\\\/www.anovapeneira.gal\\\/index.php\\\/2020\\\/03\\\/05\\\/a-nova-traida-de-augas-de-sobrada-reforma-as-suas-instalacions-para-servir-a-137-vivendas\\\/\"},\"wordCount\":661,\"commentCount\":0,\"publisher\":{\"@id\":\"https:\\\/\\\/www.anovapeneira.gal\\\/#organization\"},\"image\":{\"@id\":\"https:\\\/\\\/www.anovapeneira.gal\\\/index.php\\\/2020\\\/03\\\/05\\\/a-nova-traida-de-augas-de-sobrada-reforma-as-suas-instalacions-para-servir-a-137-vivendas\\\/#primaryimage\"},\"thumbnailUrl\":\"https:\\\/\\\/www.anovapeneira.gal\\\/wp-content\\\/uploads\\\/2020\\\/03\\\/traidas_de_auga_a_nova_peneira.jpg\",\"keywords\":[\"Concello de Tomi\u00f1o\",\"tra\u00edda de augas\"],\"articleSection\":[\"Baixo Mi\u00f1o\"],\"inLanguage\":\"gl-ES\",\"potentialAction\":[{\"@type\":\"CommentAction\",\"name\":\"Comment\",\"target\":[\"https:\\\/\\\/www.anovapeneira.gal\\\/index.php\\\/2020\\\/03\\\/05\\\/a-nova-traida-de-augas-de-sobrada-reforma-as-suas-instalacions-para-servir-a-137-vivendas\\\/#respond\"]}]},{\"@type\":\"WebPage\",\"@id\":\"https:\\\/\\\/www.anovapeneira.gal\\\/index.php\\\/2020\\\/03\\\/05\\\/a-nova-traida-de-augas-de-sobrada-reforma-as-suas-instalacions-para-servir-a-137-vivendas\\\/\",\"url\":\"https:\\\/\\\/www.anovapeneira.gal\\\/index.php\\\/2020\\\/03\\\/05\\\/a-nova-traida-de-augas-de-sobrada-reforma-as-suas-instalacions-para-servir-a-137-vivendas\\\/\",\"name\":\"A nova Tra\u00edda de augas de Sobrada reforma as s\u00faas instalaci\u00f3ns para servir a 137 vivendas -\",\"isPartOf\":{\"@id\":\"https:\\\/\\\/www.anovapeneira.gal\\\/#website\"},\"primaryImageOfPage\":{\"@id\":\"https:\\\/\\\/www.anovapeneira.gal\\\/index.php\\\/2020\\\/03\\\/05\\\/a-nova-traida-de-augas-de-sobrada-reforma-as-suas-instalacions-para-servir-a-137-vivendas\\\/#primaryimage\"},\"image\":{\"@id\":\"https:\\\/\\\/www.anovapeneira.gal\\\/index.php\\\/2020\\\/03\\\/05\\\/a-nova-traida-de-augas-de-sobrada-reforma-as-suas-instalacions-para-servir-a-137-vivendas\\\/#primaryimage\"},\"thumbnailUrl\":\"https:\\\/\\\/www.anovapeneira.gal\\\/wp-content\\\/uploads\\\/2020\\\/03\\\/traidas_de_auga_a_nova_peneira.jpg\",\"datePublished\":\"2020-03-05T11:00:04+00:00\",\"breadcrumb\":{\"@id\":\"https:\\\/\\\/www.anovapeneira.gal\\\/index.php\\\/2020\\\/03\\\/05\\\/a-nova-traida-de-augas-de-sobrada-reforma-as-suas-instalacions-para-servir-a-137-vivendas\\\/#breadcrumb\"},\"inLanguage\":\"gl-ES\",\"potentialAction\":[{\"@type\":\"ReadAction\",\"target\":[\"https:\\\/\\\/www.anovapeneira.gal\\\/index.php\\\/2020\\\/03\\\/05\\\/a-nova-traida-de-augas-de-sobrada-reforma-as-suas-instalacions-para-servir-a-137-vivendas\\\/\"]}]},{\"@type\":\"ImageObject\",\"inLanguage\":\"gl-ES\",\"@id\":\"https:\\\/\\\/www.anovapeneira.gal\\\/index.php\\\/2020\\\/03\\\/05\\\/a-nova-traida-de-augas-de-sobrada-reforma-as-suas-instalacions-para-servir-a-137-vivendas\\\/#primaryimage\",\"url\":\"https:\\\/\\\/www.anovapeneira.gal\\\/wp-content\\\/uploads\\\/2020\\\/03\\\/traidas_de_auga_a_nova_peneira.jpg\",\"contentUrl\":\"https:\\\/\\\/www.anovapeneira.gal\\\/wp-content\\\/uploads\\\/2020\\\/03\\\/traidas_de_auga_a_nova_peneira.jpg\",\"width\":720,\"height\":432,\"caption\":\"Na foto do exterior aparecen, de esquerda a dereita, Lois V\u00e1zquez (concelleiro de Servizos P\u00fablicos); Daniel Cambra Carrera (tesoureiro tra\u00edda); Ismael Troncoso (concelleiro de Sobrada); Jos\u00e9 Manuel \u00c1lvarez Dorna (secretario tra\u00edda) e M\u00edguez Mill\u00e1n (presidente tra\u00edda).\"},{\"@type\":\"BreadcrumbList\",\"@id\":\"https:\\\/\\\/www.anovapeneira.gal\\\/index.php\\\/2020\\\/03\\\/05\\\/a-nova-traida-de-augas-de-sobrada-reforma-as-suas-instalacions-para-servir-a-137-vivendas\\\/#breadcrumb\",\"itemListElement\":[{\"@type\":\"ListItem\",\"position\":1,\"name\":\"Portada\",\"item\":\"https:\\\/\\\/www.anovapeneira.gal\\\/\"},{\"@type\":\"ListItem\",\"position\":2,\"name\":\"A nova Tra\u00edda de augas de Sobrada reforma as s\u00faas instalaci\u00f3ns para servir a 137 vivendas\"}]},{\"@type\":\"WebSite\",\"@id\":\"https:\\\/\\\/www.anovapeneira.gal\\\/#website\",\"url\":\"https:\\\/\\\/www.anovapeneira.gal\\\/\",\"name\":\"\",\"description\":\"Xornal galego de informaci\u00f3n xeral Publicaci\u00f3n mensual de novas de Galicia e en especial dos Concellos da sur da provincia de Pontevedra.\",\"publisher\":{\"@id\":\"https:\\\/\\\/www.anovapeneira.gal\\\/#organization\"},\"potentialAction\":[{\"@type\":\"SearchAction\",\"target\":{\"@type\":\"EntryPoint\",\"urlTemplate\":\"https:\\\/\\\/www.anovapeneira.gal\\\/?s={search_term_string}\"},\"query-input\":{\"@type\":\"PropertyValueSpecification\",\"valueRequired\":true,\"valueName\":\"search_term_string\"}}],\"inLanguage\":\"gl-ES\"},{\"@type\":\"Organization\",\"@id\":\"https:\\\/\\\/www.anovapeneira.gal\\\/#organization\",\"name\":\"A Nova Peneira\",\"url\":\"https:\\\/\\\/www.anovapeneira.gal\\\/\",\"logo\":{\"@type\":\"ImageObject\",\"inLanguage\":\"gl-ES\",\"@id\":\"https:\\\/\\\/www.anovapeneira.gal\\\/#\\\/schema\\\/logo\\\/image\\\/\",\"url\":\"http:\\\/\\\/www.anovapeneira.gal\\\/wp-content\\\/uploads\\\/2019\\\/06\\\/logo_a_nova_peneira_portal_web.png\",\"contentUrl\":\"http:\\\/\\\/www.anovapeneira.gal\\\/wp-content\\\/uploads\\\/2019\\\/06\\\/logo_a_nova_peneira_portal_web.png\",\"width\":300,\"height\":100,\"caption\":\"A Nova Peneira\"},\"image\":{\"@id\":\"https:\\\/\\\/www.anovapeneira.gal\\\/#\\\/schema\\\/logo\\\/image\\\/\"},\"sameAs\":[\"https:\\\/\\\/www.facebook.com\\\/anovapeneira\",\"https:\\\/\\\/x.com\\\/APeneira\"]},{\"@type\":\"Person\",\"@id\":\"https:\\\/\\\/www.anovapeneira.gal\\\/#\\\/schema\\\/person\\\/b93e3f8932e3f8da96334607eb6ac6aa\",\"name\":\"Redacci\u00f3n A Nova Peneira\",\"image\":{\"@type\":\"ImageObject\",\"inLanguage\":\"gl-ES\",\"@id\":\"https:\\\/\\\/secure.gravatar.com\\\/avatar\\\/c052a2551a06e23fac63626232eaa90abd78dbcf1700fc46a2b2c89fd27b735f?s=96&d=mm&r=g\",\"url\":\"https:\\\/\\\/secure.gravatar.com\\\/avatar\\\/c052a2551a06e23fac63626232eaa90abd78dbcf1700fc46a2b2c89fd27b735f?s=96&d=mm&r=g\",\"contentUrl\":\"https:\\\/\\\/secure.gravatar.com\\\/avatar\\\/c052a2551a06e23fac63626232eaa90abd78dbcf1700fc46a2b2c89fd27b735f?s=96&d=mm&r=g\",\"caption\":\"Redacci\u00f3n A Nova Peneira\"},\"sameAs\":[\"http:\\\/\\\/www.anovapeneira.gal\\\/\"],\"url\":\"https:\\\/\\\/www.anovapeneira.gal\\\/index.php\\\/author\\\/redactor\\\/\"}]}<\/script>\n<!-- \/ Yoast SEO plugin. -->","yoast_head_json":{"title":"A nova Tra\u00edda de augas de Sobrada reforma as s\u00faas instalaci\u00f3ns para servir a 137 vivendas -","robots":{"index":"index","follow":"follow","max-snippet":"max-snippet:-1","max-image-preview":"max-image-preview:large","max-video-preview":"max-video-preview:-1"},"canonical":"https:\/\/www.anovapeneira.gal\/index.php\/2020\/03\/05\/a-nova-traida-de-augas-de-sobrada-reforma-as-suas-instalacions-para-servir-a-137-vivendas\/","og_locale":"gl_ES","og_type":"article","og_title":"A nova Tra\u00edda de augas de Sobrada reforma as s\u00faas instalaci\u00f3ns para servir a 137 vivendas -","og_description":"Debido \u00e1 excepcionalidade da situaci\u00f3n, o Concello aprobou en pleno, por unanimidade, unha importante axuda econ\u00f3mica [...]","og_url":"https:\/\/www.anovapeneira.gal\/index.php\/2020\/03\/05\/a-nova-traida-de-augas-de-sobrada-reforma-as-suas-instalacions-para-servir-a-137-vivendas\/","article_publisher":"https:\/\/www.facebook.com\/anovapeneira","article_published_time":"2020-03-05T11:00:04+00:00","og_image":[{"width":720,"height":432,"url":"https:\/\/www.anovapeneira.gal\/wp-content\/uploads\/2020\/03\/traidas_de_auga_a_nova_peneira.jpg","type":"image\/jpeg"}],"author":"Redacci\u00f3n A Nova Peneira","twitter_card":"summary_large_image","twitter_creator":"@APeneira","twitter_site":"@APeneira","twitter_misc":{"Escrito por":"Redacci\u00f3n A Nova Peneira","Tempo de lectura":"3 minutos"},"schema":{"@context":"https:\/\/schema.org","@graph":[{"@type":"Article","@id":"https:\/\/www.anovapeneira.gal\/index.php\/2020\/03\/05\/a-nova-traida-de-augas-de-sobrada-reforma-as-suas-instalacions-para-servir-a-137-vivendas\/#article","isPartOf":{"@id":"https:\/\/www.anovapeneira.gal\/index.php\/2020\/03\/05\/a-nova-traida-de-augas-de-sobrada-reforma-as-suas-instalacions-para-servir-a-137-vivendas\/"},"author":{"name":"Redacci\u00f3n A Nova Peneira","@id":"https:\/\/www.anovapeneira.gal\/#\/schema\/person\/b93e3f8932e3f8da96334607eb6ac6aa"},"headline":"A nova Tra\u00edda de augas de Sobrada reforma as s\u00faas instalaci\u00f3ns para servir a 137 vivendas","datePublished":"2020-03-05T11:00:04+00:00","mainEntityOfPage":{"@id":"https:\/\/www.anovapeneira.gal\/index.php\/2020\/03\/05\/a-nova-traida-de-augas-de-sobrada-reforma-as-suas-instalacions-para-servir-a-137-vivendas\/"},"wordCount":661,"commentCount":0,"publisher":{"@id":"https:\/\/www.anovapeneira.gal\/#organization"},"image":{"@id":"https:\/\/www.anovapeneira.gal\/index.php\/2020\/03\/05\/a-nova-traida-de-augas-de-sobrada-reforma-as-suas-instalacions-para-servir-a-137-vivendas\/#primaryimage"},"thumbnailUrl":"https:\/\/www.anovapeneira.gal\/wp-content\/uploads\/2020\/03\/traidas_de_auga_a_nova_peneira.jpg","keywords":["Concello de Tomi\u00f1o","tra\u00edda de augas"],"articleSection":["Baixo Mi\u00f1o"],"inLanguage":"gl-ES","potentialAction":[{"@type":"CommentAction","name":"Comment","target":["https:\/\/www.anovapeneira.gal\/index.php\/2020\/03\/05\/a-nova-traida-de-augas-de-sobrada-reforma-as-suas-instalacions-para-servir-a-137-vivendas\/#respond"]}]},{"@type":"WebPage","@id":"https:\/\/www.anovapeneira.gal\/index.php\/2020\/03\/05\/a-nova-traida-de-augas-de-sobrada-reforma-as-suas-instalacions-para-servir-a-137-vivendas\/","url":"https:\/\/www.anovapeneira.gal\/index.php\/2020\/03\/05\/a-nova-traida-de-augas-de-sobrada-reforma-as-suas-instalacions-para-servir-a-137-vivendas\/","name":"A nova Tra\u00edda de augas de Sobrada reforma as s\u00faas instalaci\u00f3ns para servir a 137 vivendas -","isPartOf":{"@id":"https:\/\/www.anovapeneira.gal\/#website"},"primaryImageOfPage":{"@id":"https:\/\/www.anovapeneira.gal\/index.php\/2020\/03\/05\/a-nova-traida-de-augas-de-sobrada-reforma-as-suas-instalacions-para-servir-a-137-vivendas\/#primaryimage"},"image":{"@id":"https:\/\/www.anovapeneira.gal\/index.php\/2020\/03\/05\/a-nova-traida-de-augas-de-sobrada-reforma-as-suas-instalacions-para-servir-a-137-vivendas\/#primaryimage"},"thumbnailUrl":"https:\/\/www.anovapeneira.gal\/wp-content\/uploads\/2020\/03\/traidas_de_auga_a_nova_peneira.jpg","datePublished":"2020-03-05T11:00:04+00:00","breadcrumb":{"@id":"https:\/\/www.anovapeneira.gal\/index.php\/2020\/03\/05\/a-nova-traida-de-augas-de-sobrada-reforma-as-suas-instalacions-para-servir-a-137-vivendas\/#breadcrumb"},"inLanguage":"gl-ES","potentialAction":[{"@type":"ReadAction","target":["https:\/\/www.anovapeneira.gal\/index.php\/2020\/03\/05\/a-nova-traida-de-augas-de-sobrada-reforma-as-suas-instalacions-para-servir-a-137-vivendas\/"]}]},{"@type":"ImageObject","inLanguage":"gl-ES","@id":"https:\/\/www.anovapeneira.gal\/index.php\/2020\/03\/05\/a-nova-traida-de-augas-de-sobrada-reforma-as-suas-instalacions-para-servir-a-137-vivendas\/#primaryimage","url":"https:\/\/www.anovapeneira.gal\/wp-content\/uploads\/2020\/03\/traidas_de_auga_a_nova_peneira.jpg","contentUrl":"https:\/\/www.anovapeneira.gal\/wp-content\/uploads\/2020\/03\/traidas_de_auga_a_nova_peneira.jpg","width":720,"height":432,"caption":"Na foto do exterior aparecen, de esquerda a dereita, Lois V\u00e1zquez (concelleiro de Servizos P\u00fablicos); Daniel Cambra Carrera (tesoureiro tra\u00edda); Ismael Troncoso (concelleiro de Sobrada); Jos\u00e9 Manuel \u00c1lvarez Dorna (secretario tra\u00edda) e M\u00edguez Mill\u00e1n (presidente tra\u00edda)."},{"@type":"BreadcrumbList","@id":"https:\/\/www.anovapeneira.gal\/index.php\/2020\/03\/05\/a-nova-traida-de-augas-de-sobrada-reforma-as-suas-instalacions-para-servir-a-137-vivendas\/#breadcrumb","itemListElement":[{"@type":"ListItem","position":1,"name":"Portada","item":"https:\/\/www.anovapeneira.gal\/"},{"@type":"ListItem","position":2,"name":"A nova Tra\u00edda de augas de Sobrada reforma as s\u00faas instalaci\u00f3ns para servir a 137 vivendas"}]},{"@type":"WebSite","@id":"https:\/\/www.anovapeneira.gal\/#website","url":"https:\/\/www.anovapeneira.gal\/","name":"","description":"Xornal galego de informaci\u00f3n xeral Publicaci\u00f3n mensual de novas de Galicia e en especial dos Concellos da sur da provincia de Pontevedra.","publisher":{"@id":"https:\/\/www.anovapeneira.gal\/#organization"},"potentialAction":[{"@type":"SearchAction","target":{"@type":"EntryPoint","urlTemplate":"https:\/\/www.anovapeneira.gal\/?s={search_term_string}"},"query-input":{"@type":"PropertyValueSpecification","valueRequired":true,"valueName":"search_term_string"}}],"inLanguage":"gl-ES"},{"@type":"Organization","@id":"https:\/\/www.anovapeneira.gal\/#organization","name":"A Nova Peneira","url":"https:\/\/www.anovapeneira.gal\/","logo":{"@type":"ImageObject","inLanguage":"gl-ES","@id":"https:\/\/www.anovapeneira.gal\/#\/schema\/logo\/image\/","url":"http:\/\/www.anovapeneira.gal\/wp-content\/uploads\/2019\/06\/logo_a_nova_peneira_portal_web.png","contentUrl":"http:\/\/www.anovapeneira.gal\/wp-content\/uploads\/2019\/06\/logo_a_nova_peneira_portal_web.png","width":300,"height":100,"caption":"A Nova Peneira"},"image":{"@id":"https:\/\/www.anovapeneira.gal\/#\/schema\/logo\/image\/"},"sameAs":["https:\/\/www.facebook.com\/anovapeneira","https:\/\/x.com\/APeneira"]},{"@type":"Person","@id":"https:\/\/www.anovapeneira.gal\/#\/schema\/person\/b93e3f8932e3f8da96334607eb6ac6aa","name":"Redacci\u00f3n A Nova Peneira","image":{"@type":"ImageObject","inLanguage":"gl-ES","@id":"https:\/\/secure.gravatar.com\/avatar\/c052a2551a06e23fac63626232eaa90abd78dbcf1700fc46a2b2c89fd27b735f?s=96&d=mm&r=g","url":"https:\/\/secure.gravatar.com\/avatar\/c052a2551a06e23fac63626232eaa90abd78dbcf1700fc46a2b2c89fd27b735f?s=96&d=mm&r=g","contentUrl":"https:\/\/secure.gravatar.com\/avatar\/c052a2551a06e23fac63626232eaa90abd78dbcf1700fc46a2b2c89fd27b735f?s=96&d=mm&r=g","caption":"Redacci\u00f3n A Nova Peneira"},"sameAs":["http:\/\/www.anovapeneira.gal\/"],"url":"https:\/\/www.anovapeneira.gal\/index.php\/author\/redactor\/"}]}},"jetpack_featured_media_url":"https:\/\/www.anovapeneira.gal\/wp-content\/uploads\/2020\/03\/traidas_de_auga_a_nova_peneira.jpg","_links":{"self":[{"href":"https:\/\/www.anovapeneira.gal\/index.php\/wp-json\/wp\/v2\/posts\/2674","targetHints":{"allow":["GET"]}}],"collection":[{"href":"https:\/\/www.anovapeneira.gal\/index.php\/wp-json\/wp\/v2\/posts"}],"about":[{"href":"https:\/\/www.anovapeneira.gal\/index.php\/wp-json\/wp\/v2\/types\/post"}],"author":[{"embeddable":true,"href":"https:\/\/www.anovapeneira.gal\/index.php\/wp-json\/wp\/v2\/users\/3"}],"replies":[{"embeddable":true,"href":"https:\/\/www.anovapeneira.gal\/index.php\/wp-json\/wp\/v2\/comments?post=2674"}],"version-history":[{"count":1,"href":"https:\/\/www.anovapeneira.gal\/index.php\/wp-json\/wp\/v2\/posts\/2674\/revisions"}],"predecessor-version":[{"id":2676,"href":"https:\/\/www.anovapeneira.gal\/index.php\/wp-json\/wp\/v2\/posts\/2674\/revisions\/2676"}],"wp:featuredmedia":[{"embeddable":true,"href":"https:\/\/www.anovapeneira.gal\/index.php\/wp-json\/wp\/v2\/media\/2675"}],"wp:attachment":[{"href":"https:\/\/www.anovapeneira.gal\/index.php\/wp-json\/wp\/v2\/media?parent=2674"}],"wp:term":[{"taxonomy":"category","embeddable":true,"href":"https:\/\/www.anovapeneira.gal\/index.php\/wp-json\/wp\/v2\/categories?post=2674"},{"taxonomy":"post_tag","embeddable":true,"href":"https:\/\/www.anovapeneira.gal\/index.php\/wp-json\/wp\/v2\/tags?post=2674"}],"curies":[{"name":"wp","href":"https:\/\/api.w.org\/{rel}","templated":true}]}}