{"id":2677,"date":"2020-03-05T14:00:04","date_gmt":"2020-03-05T13:00:04","guid":{"rendered":"http:\/\/www.anovapeneira.gal\/?p=2677"},"modified":"2020-03-03T11:15:27","modified_gmt":"2020-03-03T10:15:27","slug":"o-concello-de-nigran-convoca-un-curso-oficial-de-socorrismo-para-empadroados-de-cara-a-cubrir-estes-postos-na-tempada-de-praias","status":"publish","type":"post","link":"https:\/\/www.anovapeneira.gal\/index.php\/2020\/03\/05\/o-concello-de-nigran-convoca-un-curso-oficial-de-socorrismo-para-empadroados-de-cara-a-cubrir-estes-postos-na-tempada-de-praias\/","title":{"rendered":"O Concello de Nigr\u00e1n convoca un curso oficial de socorrismo para empadroados de cara a cubrir estes postos na tempada de praias"},"content":{"rendered":"\n<h2 class=\"wp-block-heading\"><strong>O\nConcello financia \u00edntegramente as doce prazas. O periodo de\ninscrici\u00f3n arranca o luns 2 de marzo e finaliza o domingo 8 e o\ncurso desenvolverase do 16 de abril ao 30 de xu\u00f1o  <\/strong>\n<\/h2>\n\n\n\n<h3 class=\"wp-block-heading\"><strong>Os\naspirantes deber\u00e1n pasar un proceso de selecci\u00f3n que incl\u00fae unha\nproba f\u00edsica na piscina e computar\u00e1n m\u00e9ritos como experiencia\nprofesional ou formativa ou ser voluntario de Protecci\u00f3n Civil<\/strong><\/h3>\n\n\n\n<h3 class=\"wp-block-heading\"><strong>&#8220;O noso compromiso coa seguridade nas praias \u00e9 m\u00e1ximo, por iso queremos solventar o problema que anualmente se repite de falta de socorristas coa titulaci\u00f3n requirida&#8221;, explica o alcalde, Juan Gonz\u00e1lez<\/strong><\/h3>\n\n\n\n<p>O\nConcello de Nigr\u00e1n ofrece gratu\u00edtamente e por vez primeira un curso\nde socorrismo para empadroados que outorga o certificado de\nprofesionalidade requirido para traballar nas praias. O compromiso do\ngoberno de Nigr\u00e1n coa seguridade e calidade asistencial nos areais e\nm\u00e1ximo, e ante o insuficiente n\u00famero de socorristas que se precisan\nen toda Galicia  na tempada estival o Concello desexa atallar este\nproblema na s\u00faa comarca. O elevado custe da formaci\u00f3n e a\ntemporalidade do emprego disuade a moitos particulares de obter o\ncertificado, motivo polo que o Concello ofrece esta acci\u00f3n de xeito\np\u00fablico e gratu\u00edto investindo 15.000 \u20ac en doce prazas. O periodo\nde inscrici\u00f3n  arranca o luns 2 de marzo e finaliza o domingo 8 de\nmarzo a trav\u00e9s do Rexistro ou Sede Electr\u00f3nica, desenvolv\u00e9ndose a\nformaci\u00f3n do 16 de abril ao 30 de xu\u00f1o e empreg\u00e1ndose a Piscina\nMancomunada da Ramallosa como lugar das pr\u00e1cticas.<\/p>\n\n\n\n<p>\t&#8220;O\nnoso compromiso coa seguridade nas praias \u00e9 m\u00e1ximo, por iso\nqueremos solventar o problema que anualmente se repite de falta de\nsocorristas coa titulaci\u00f3n requirida. Tr\u00e1tase dun certificado de\nprofesionalidade moi demandado e cun custe econ\u00f3mico alto tendo en\nconta que o traballo \u00e9 moi estacional, motivo polo que hai escasos\nsocorristas coa titulaci\u00f3n v\u00e1lida para exercer o seu traballo nas\npraias, unha circunstancia que desde o Concello queremos solventar&#8221;,\nexplica o alcalde, Juan Gonz\u00e1lez<\/p>\n\n\n\n<p>As\u00ed, o Concello de Nigr\u00e1n pretende atallar en boa medida o problema do reducido n\u00famero de candidatos para traballar nos areais do Val Mi\u00f1or nos meses de ver\u00e1n. O curso, de 420 horas, desenvolverase do 16 de abril ao 30 de xu\u00f1o de xoves a venres de 14:30 a 22:30 e s\u00e1bados e domingos de 9:00 a 19:00 (con descanso para o almorzo).  <\/p>\n\n\n\n<p>Os candidatos deber\u00e1n cumplir cuns requerimentos obrigatorios como estar empadroados en Nigr\u00e1n antes do 1\/11\/19 ou ter como m\u00ednimo a ESO e, adem\u00e1is, afrontar\u00e1n un proceso de selecci\u00f3n que incl\u00fae unha proba espec\u00edfica na piscina, unha baremaci\u00f3n de m\u00e9ritos que punt\u00faa aspectos como experiencia profesional previa ou formativa ou ter sido voluntario de Protecci\u00f3n Civil; e, finalmente, se someter\u00e1n a unha entrevista persoal.<\/p>\n\n\n\n<p>Neste curso, o alumnado adquirir\u00e1 os co\u00f1ecementos necesarios para velar pola seguridade dos usuarios de zonas de ba\u00f1o p\u00fablico en espazos acu\u00e1ticos naturais, de forma aut\u00f3noma ou integrado nun equipo de rescate e socorrismo, velando pola seguridade, previndo que se produzan situaci\u00f3ns potencialmente perigosas realizando unha vixilancia permanente e eficiente e intervindo de forma eficaz ante un accidente ou situaci\u00f3n de emerxencia.  <\/p>\n\n\n\n<p>\tAs\npersoas interesadas en participar, deber\u00e1n presentar a s\u00faa\nsolicitude no Rexistro Municipal do 02\/03\/2020 ao 08\/03\/2020,\ncubrindo unha instancia que estar\u00e1 a s\u00faa disposici\u00f3n no Servizo de\nInformaci\u00f3n, no Centro Antena Municipal, no Departamento de Emprego\nde Nigr\u00e1n e no Taboleiro de Anuncios da Sede Electr\u00f3nica do\nConcello, achegando a totalidade da documentaci\u00f3n que se indica en\ndita solicitude. Aquelas persoas que pos\u00faan a acreditaci\u00f3n dixital\ncorrespondente, tam\u00e9n poder\u00e1n inscribirse mediante a propia\nplataforma da Sede Electr\u00f3nica municipal.<\/p>\n\n\n\n<p>\tPara\nampliar esta informaci\u00f3n, p\u00f3dese contactar co Departamento de\nEmprego, no 986-365000 (extensi\u00f3n 7) ou formular consultas a trav\u00e9s\ndos correos electr\u00f3nicos tle.nigran@nigran.org facendo constar\nsempre un tel\u00e9fono de contacto para facilitar a comunicaci\u00f3n.<\/p>\n","protected":false},"excerpt":{"rendered":"<div class=\"mh-excerpt\"><p>O Concello financia \u00edntegramente as doce prazas. O periodo de inscrici\u00f3n arranca o luns 2 de marzo e finaliza o domingo 8 e o curso desenvolverase do 16 de abril ao 30 de xu\u00f1o    <a class=\"mh-excerpt-more\" href=\"https:\/\/www.anovapeneira.gal\/index.php\/2020\/03\/05\/o-concello-de-nigran-convoca-un-curso-oficial-de-socorrismo-para-empadroados-de-cara-a-cubrir-estes-postos-na-tempada-de-praias\/\" title=\"O Concello de Nigr\u00e1n convoca un curso oficial de socorrismo para empadroados de cara a cubrir estes postos na tempada de praias\">[&#8230;]<\/a><\/p>\n<\/div>","protected":false},"author":3,"featured_media":2678,"comment_status":"open","ping_status":"open","sticky":false,"template":"","format":"standard","meta":{"_exactmetrics_skip_tracking":false,"_exactmetrics_sitenote_active":false,"_exactmetrics_sitenote_note":"","_exactmetrics_sitenote_category":0,"footnotes":""},"categories":[20],"tags":[135,992],"class_list":{"0":"post-2677","1":"post","2":"type-post","3":"status-publish","4":"format-standard","5":"has-post-thumbnail","7":"category-val-minor","8":"tag-concello-de-nigran","9":"tag-socorrismo"},"yoast_head":"<!-- This site is optimized with the Yoast SEO plugin v27.4 - https:\/\/yoast.com\/product\/yoast-seo-wordpress\/ -->\n<title>O Concello de Nigr\u00e1n convoca un curso oficial de socorrismo para empadroados de cara a cubrir estes postos na tempada de praias -<\/title>\n<meta name=\"robots\" content=\"index, follow, max-snippet:-1, max-image-preview:large, max-video-preview:-1\" \/>\n<link rel=\"canonical\" href=\"https:\/\/www.anovapeneira.gal\/index.php\/2020\/03\/05\/o-concello-de-nigran-convoca-un-curso-oficial-de-socorrismo-para-empadroados-de-cara-a-cubrir-estes-postos-na-tempada-de-praias\/\" \/>\n<meta property=\"og:locale\" content=\"gl_ES\" \/>\n<meta property=\"og:type\" content=\"article\" \/>\n<meta property=\"og:title\" content=\"O Concello de Nigr\u00e1n convoca un curso oficial de socorrismo para empadroados de cara a cubrir estes postos na tempada de praias -\" \/>\n<meta property=\"og:description\" content=\"O Concello financia \u00edntegramente as doce prazas. O periodo de inscrici\u00f3n arranca o luns 2 de marzo e finaliza o domingo 8 e o curso desenvolverase do 16 de abril ao 30 de xu\u00f1o  [...]\" \/>\n<meta property=\"og:url\" content=\"https:\/\/www.anovapeneira.gal\/index.php\/2020\/03\/05\/o-concello-de-nigran-convoca-un-curso-oficial-de-socorrismo-para-empadroados-de-cara-a-cubrir-estes-postos-na-tempada-de-praias\/\" \/>\n<meta property=\"article:publisher\" content=\"https:\/\/www.facebook.com\/anovapeneira\" \/>\n<meta property=\"article:published_time\" content=\"2020-03-05T13:00:04+00:00\" \/>\n<meta property=\"og:image\" content=\"https:\/\/www.anovapeneira.gal\/wp-content\/uploads\/2020\/03\/concello-de-nigran-logo-0910E858E3-seeklogo.com_.png\" \/>\n\t<meta property=\"og:image:width\" content=\"720\" \/>\n\t<meta property=\"og:image:height\" content=\"432\" \/>\n\t<meta property=\"og:image:type\" content=\"image\/png\" \/>\n<meta name=\"author\" content=\"Redacci\u00f3n A Nova Peneira\" \/>\n<meta name=\"twitter:card\" content=\"summary_large_image\" \/>\n<meta name=\"twitter:creator\" content=\"@APeneira\" \/>\n<meta name=\"twitter:site\" content=\"@APeneira\" \/>\n<meta name=\"twitter:label1\" content=\"Escrito por\" \/>\n\t<meta name=\"twitter:data1\" content=\"Redacci\u00f3n A Nova Peneira\" \/>\n\t<meta name=\"twitter:label2\" content=\"Tempo de lectura\" \/>\n\t<meta name=\"twitter:data2\" content=\"3 minutos\" \/>\n<script type=\"application\/ld+json\" class=\"yoast-schema-graph\">{\"@context\":\"https:\\\/\\\/schema.org\",\"@graph\":[{\"@type\":\"Article\",\"@id\":\"https:\\\/\\\/www.anovapeneira.gal\\\/index.php\\\/2020\\\/03\\\/05\\\/o-concello-de-nigran-convoca-un-curso-oficial-de-socorrismo-para-empadroados-de-cara-a-cubrir-estes-postos-na-tempada-de-praias\\\/#article\",\"isPartOf\":{\"@id\":\"https:\\\/\\\/www.anovapeneira.gal\\\/index.php\\\/2020\\\/03\\\/05\\\/o-concello-de-nigran-convoca-un-curso-oficial-de-socorrismo-para-empadroados-de-cara-a-cubrir-estes-postos-na-tempada-de-praias\\\/\"},\"author\":{\"name\":\"Redacci\u00f3n A Nova Peneira\",\"@id\":\"https:\\\/\\\/www.anovapeneira.gal\\\/#\\\/schema\\\/person\\\/b93e3f8932e3f8da96334607eb6ac6aa\"},\"headline\":\"O Concello de Nigr\u00e1n convoca un curso oficial de socorrismo para empadroados de cara a cubrir estes postos na tempada de praias\",\"datePublished\":\"2020-03-05T13:00:04+00:00\",\"mainEntityOfPage\":{\"@id\":\"https:\\\/\\\/www.anovapeneira.gal\\\/index.php\\\/2020\\\/03\\\/05\\\/o-concello-de-nigran-convoca-un-curso-oficial-de-socorrismo-para-empadroados-de-cara-a-cubrir-estes-postos-na-tempada-de-praias\\\/\"},\"wordCount\":706,\"commentCount\":0,\"publisher\":{\"@id\":\"https:\\\/\\\/www.anovapeneira.gal\\\/#organization\"},\"image\":{\"@id\":\"https:\\\/\\\/www.anovapeneira.gal\\\/index.php\\\/2020\\\/03\\\/05\\\/o-concello-de-nigran-convoca-un-curso-oficial-de-socorrismo-para-empadroados-de-cara-a-cubrir-estes-postos-na-tempada-de-praias\\\/#primaryimage\"},\"thumbnailUrl\":\"https:\\\/\\\/www.anovapeneira.gal\\\/wp-content\\\/uploads\\\/2020\\\/03\\\/concello-de-nigran-logo-0910E858E3-seeklogo.com_.png\",\"keywords\":[\"Concello de Nigr\u00e1n\",\"Socorrismo\"],\"articleSection\":[\"Val Mi\u00f1or\"],\"inLanguage\":\"gl-ES\",\"potentialAction\":[{\"@type\":\"CommentAction\",\"name\":\"Comment\",\"target\":[\"https:\\\/\\\/www.anovapeneira.gal\\\/index.php\\\/2020\\\/03\\\/05\\\/o-concello-de-nigran-convoca-un-curso-oficial-de-socorrismo-para-empadroados-de-cara-a-cubrir-estes-postos-na-tempada-de-praias\\\/#respond\"]}]},{\"@type\":\"WebPage\",\"@id\":\"https:\\\/\\\/www.anovapeneira.gal\\\/index.php\\\/2020\\\/03\\\/05\\\/o-concello-de-nigran-convoca-un-curso-oficial-de-socorrismo-para-empadroados-de-cara-a-cubrir-estes-postos-na-tempada-de-praias\\\/\",\"url\":\"https:\\\/\\\/www.anovapeneira.gal\\\/index.php\\\/2020\\\/03\\\/05\\\/o-concello-de-nigran-convoca-un-curso-oficial-de-socorrismo-para-empadroados-de-cara-a-cubrir-estes-postos-na-tempada-de-praias\\\/\",\"name\":\"O Concello de Nigr\u00e1n convoca un curso oficial de socorrismo para empadroados de cara a cubrir estes postos na tempada de praias -\",\"isPartOf\":{\"@id\":\"https:\\\/\\\/www.anovapeneira.gal\\\/#website\"},\"primaryImageOfPage\":{\"@id\":\"https:\\\/\\\/www.anovapeneira.gal\\\/index.php\\\/2020\\\/03\\\/05\\\/o-concello-de-nigran-convoca-un-curso-oficial-de-socorrismo-para-empadroados-de-cara-a-cubrir-estes-postos-na-tempada-de-praias\\\/#primaryimage\"},\"image\":{\"@id\":\"https:\\\/\\\/www.anovapeneira.gal\\\/index.php\\\/2020\\\/03\\\/05\\\/o-concello-de-nigran-convoca-un-curso-oficial-de-socorrismo-para-empadroados-de-cara-a-cubrir-estes-postos-na-tempada-de-praias\\\/#primaryimage\"},\"thumbnailUrl\":\"https:\\\/\\\/www.anovapeneira.gal\\\/wp-content\\\/uploads\\\/2020\\\/03\\\/concello-de-nigran-logo-0910E858E3-seeklogo.com_.png\",\"datePublished\":\"2020-03-05T13:00:04+00:00\",\"breadcrumb\":{\"@id\":\"https:\\\/\\\/www.anovapeneira.gal\\\/index.php\\\/2020\\\/03\\\/05\\\/o-concello-de-nigran-convoca-un-curso-oficial-de-socorrismo-para-empadroados-de-cara-a-cubrir-estes-postos-na-tempada-de-praias\\\/#breadcrumb\"},\"inLanguage\":\"gl-ES\",\"potentialAction\":[{\"@type\":\"ReadAction\",\"target\":[\"https:\\\/\\\/www.anovapeneira.gal\\\/index.php\\\/2020\\\/03\\\/05\\\/o-concello-de-nigran-convoca-un-curso-oficial-de-socorrismo-para-empadroados-de-cara-a-cubrir-estes-postos-na-tempada-de-praias\\\/\"]}]},{\"@type\":\"ImageObject\",\"inLanguage\":\"gl-ES\",\"@id\":\"https:\\\/\\\/www.anovapeneira.gal\\\/index.php\\\/2020\\\/03\\\/05\\\/o-concello-de-nigran-convoca-un-curso-oficial-de-socorrismo-para-empadroados-de-cara-a-cubrir-estes-postos-na-tempada-de-praias\\\/#primaryimage\",\"url\":\"https:\\\/\\\/www.anovapeneira.gal\\\/wp-content\\\/uploads\\\/2020\\\/03\\\/concello-de-nigran-logo-0910E858E3-seeklogo.com_.png\",\"contentUrl\":\"https:\\\/\\\/www.anovapeneira.gal\\\/wp-content\\\/uploads\\\/2020\\\/03\\\/concello-de-nigran-logo-0910E858E3-seeklogo.com_.png\",\"width\":720,\"height\":432,\"caption\":\"Concello de Nigr\u00e1n A Nova Peneira\"},{\"@type\":\"BreadcrumbList\",\"@id\":\"https:\\\/\\\/www.anovapeneira.gal\\\/index.php\\\/2020\\\/03\\\/05\\\/o-concello-de-nigran-convoca-un-curso-oficial-de-socorrismo-para-empadroados-de-cara-a-cubrir-estes-postos-na-tempada-de-praias\\\/#breadcrumb\",\"itemListElement\":[{\"@type\":\"ListItem\",\"position\":1,\"name\":\"Portada\",\"item\":\"https:\\\/\\\/www.anovapeneira.gal\\\/\"},{\"@type\":\"ListItem\",\"position\":2,\"name\":\"O Concello de Nigr\u00e1n convoca un curso oficial de socorrismo para empadroados de cara a cubrir estes postos na tempada de praias\"}]},{\"@type\":\"WebSite\",\"@id\":\"https:\\\/\\\/www.anovapeneira.gal\\\/#website\",\"url\":\"https:\\\/\\\/www.anovapeneira.gal\\\/\",\"name\":\"\",\"description\":\"Xornal galego de informaci\u00f3n xeral Publicaci\u00f3n mensual de novas de Galicia e en especial dos Concellos da sur da provincia de Pontevedra.\",\"publisher\":{\"@id\":\"https:\\\/\\\/www.anovapeneira.gal\\\/#organization\"},\"potentialAction\":[{\"@type\":\"SearchAction\",\"target\":{\"@type\":\"EntryPoint\",\"urlTemplate\":\"https:\\\/\\\/www.anovapeneira.gal\\\/?s={search_term_string}\"},\"query-input\":{\"@type\":\"PropertyValueSpecification\",\"valueRequired\":true,\"valueName\":\"search_term_string\"}}],\"inLanguage\":\"gl-ES\"},{\"@type\":\"Organization\",\"@id\":\"https:\\\/\\\/www.anovapeneira.gal\\\/#organization\",\"name\":\"A Nova Peneira\",\"url\":\"https:\\\/\\\/www.anovapeneira.gal\\\/\",\"logo\":{\"@type\":\"ImageObject\",\"inLanguage\":\"gl-ES\",\"@id\":\"https:\\\/\\\/www.anovapeneira.gal\\\/#\\\/schema\\\/logo\\\/image\\\/\",\"url\":\"http:\\\/\\\/www.anovapeneira.gal\\\/wp-content\\\/uploads\\\/2019\\\/06\\\/logo_a_nova_peneira_portal_web.png\",\"contentUrl\":\"http:\\\/\\\/www.anovapeneira.gal\\\/wp-content\\\/uploads\\\/2019\\\/06\\\/logo_a_nova_peneira_portal_web.png\",\"width\":300,\"height\":100,\"caption\":\"A Nova Peneira\"},\"image\":{\"@id\":\"https:\\\/\\\/www.anovapeneira.gal\\\/#\\\/schema\\\/logo\\\/image\\\/\"},\"sameAs\":[\"https:\\\/\\\/www.facebook.com\\\/anovapeneira\",\"https:\\\/\\\/x.com\\\/APeneira\"]},{\"@type\":\"Person\",\"@id\":\"https:\\\/\\\/www.anovapeneira.gal\\\/#\\\/schema\\\/person\\\/b93e3f8932e3f8da96334607eb6ac6aa\",\"name\":\"Redacci\u00f3n A Nova Peneira\",\"image\":{\"@type\":\"ImageObject\",\"inLanguage\":\"gl-ES\",\"@id\":\"https:\\\/\\\/secure.gravatar.com\\\/avatar\\\/c052a2551a06e23fac63626232eaa90abd78dbcf1700fc46a2b2c89fd27b735f?s=96&d=mm&r=g\",\"url\":\"https:\\\/\\\/secure.gravatar.com\\\/avatar\\\/c052a2551a06e23fac63626232eaa90abd78dbcf1700fc46a2b2c89fd27b735f?s=96&d=mm&r=g\",\"contentUrl\":\"https:\\\/\\\/secure.gravatar.com\\\/avatar\\\/c052a2551a06e23fac63626232eaa90abd78dbcf1700fc46a2b2c89fd27b735f?s=96&d=mm&r=g\",\"caption\":\"Redacci\u00f3n A Nova Peneira\"},\"sameAs\":[\"http:\\\/\\\/www.anovapeneira.gal\\\/\"],\"url\":\"https:\\\/\\\/www.anovapeneira.gal\\\/index.php\\\/author\\\/redactor\\\/\"}]}<\/script>\n<!-- \/ Yoast SEO plugin. -->","yoast_head_json":{"title":"O Concello de Nigr\u00e1n convoca un curso oficial de socorrismo para empadroados de cara a cubrir estes postos na tempada de praias -","robots":{"index":"index","follow":"follow","max-snippet":"max-snippet:-1","max-image-preview":"max-image-preview:large","max-video-preview":"max-video-preview:-1"},"canonical":"https:\/\/www.anovapeneira.gal\/index.php\/2020\/03\/05\/o-concello-de-nigran-convoca-un-curso-oficial-de-socorrismo-para-empadroados-de-cara-a-cubrir-estes-postos-na-tempada-de-praias\/","og_locale":"gl_ES","og_type":"article","og_title":"O Concello de Nigr\u00e1n convoca un curso oficial de socorrismo para empadroados de cara a cubrir estes postos na tempada de praias -","og_description":"O Concello financia \u00edntegramente as doce prazas. O periodo de inscrici\u00f3n arranca o luns 2 de marzo e finaliza o domingo 8 e o curso desenvolverase do 16 de abril ao 30 de xu\u00f1o  [...]","og_url":"https:\/\/www.anovapeneira.gal\/index.php\/2020\/03\/05\/o-concello-de-nigran-convoca-un-curso-oficial-de-socorrismo-para-empadroados-de-cara-a-cubrir-estes-postos-na-tempada-de-praias\/","article_publisher":"https:\/\/www.facebook.com\/anovapeneira","article_published_time":"2020-03-05T13:00:04+00:00","og_image":[{"width":720,"height":432,"url":"https:\/\/www.anovapeneira.gal\/wp-content\/uploads\/2020\/03\/concello-de-nigran-logo-0910E858E3-seeklogo.com_.png","type":"image\/png"}],"author":"Redacci\u00f3n A Nova Peneira","twitter_card":"summary_large_image","twitter_creator":"@APeneira","twitter_site":"@APeneira","twitter_misc":{"Escrito por":"Redacci\u00f3n A Nova Peneira","Tempo de lectura":"3 minutos"},"schema":{"@context":"https:\/\/schema.org","@graph":[{"@type":"Article","@id":"https:\/\/www.anovapeneira.gal\/index.php\/2020\/03\/05\/o-concello-de-nigran-convoca-un-curso-oficial-de-socorrismo-para-empadroados-de-cara-a-cubrir-estes-postos-na-tempada-de-praias\/#article","isPartOf":{"@id":"https:\/\/www.anovapeneira.gal\/index.php\/2020\/03\/05\/o-concello-de-nigran-convoca-un-curso-oficial-de-socorrismo-para-empadroados-de-cara-a-cubrir-estes-postos-na-tempada-de-praias\/"},"author":{"name":"Redacci\u00f3n A Nova Peneira","@id":"https:\/\/www.anovapeneira.gal\/#\/schema\/person\/b93e3f8932e3f8da96334607eb6ac6aa"},"headline":"O Concello de Nigr\u00e1n convoca un curso oficial de socorrismo para empadroados de cara a cubrir estes postos na tempada de praias","datePublished":"2020-03-05T13:00:04+00:00","mainEntityOfPage":{"@id":"https:\/\/www.anovapeneira.gal\/index.php\/2020\/03\/05\/o-concello-de-nigran-convoca-un-curso-oficial-de-socorrismo-para-empadroados-de-cara-a-cubrir-estes-postos-na-tempada-de-praias\/"},"wordCount":706,"commentCount":0,"publisher":{"@id":"https:\/\/www.anovapeneira.gal\/#organization"},"image":{"@id":"https:\/\/www.anovapeneira.gal\/index.php\/2020\/03\/05\/o-concello-de-nigran-convoca-un-curso-oficial-de-socorrismo-para-empadroados-de-cara-a-cubrir-estes-postos-na-tempada-de-praias\/#primaryimage"},"thumbnailUrl":"https:\/\/www.anovapeneira.gal\/wp-content\/uploads\/2020\/03\/concello-de-nigran-logo-0910E858E3-seeklogo.com_.png","keywords":["Concello de Nigr\u00e1n","Socorrismo"],"articleSection":["Val Mi\u00f1or"],"inLanguage":"gl-ES","potentialAction":[{"@type":"CommentAction","name":"Comment","target":["https:\/\/www.anovapeneira.gal\/index.php\/2020\/03\/05\/o-concello-de-nigran-convoca-un-curso-oficial-de-socorrismo-para-empadroados-de-cara-a-cubrir-estes-postos-na-tempada-de-praias\/#respond"]}]},{"@type":"WebPage","@id":"https:\/\/www.anovapeneira.gal\/index.php\/2020\/03\/05\/o-concello-de-nigran-convoca-un-curso-oficial-de-socorrismo-para-empadroados-de-cara-a-cubrir-estes-postos-na-tempada-de-praias\/","url":"https:\/\/www.anovapeneira.gal\/index.php\/2020\/03\/05\/o-concello-de-nigran-convoca-un-curso-oficial-de-socorrismo-para-empadroados-de-cara-a-cubrir-estes-postos-na-tempada-de-praias\/","name":"O Concello de Nigr\u00e1n convoca un curso oficial de socorrismo para empadroados de cara a cubrir estes postos na tempada de praias -","isPartOf":{"@id":"https:\/\/www.anovapeneira.gal\/#website"},"primaryImageOfPage":{"@id":"https:\/\/www.anovapeneira.gal\/index.php\/2020\/03\/05\/o-concello-de-nigran-convoca-un-curso-oficial-de-socorrismo-para-empadroados-de-cara-a-cubrir-estes-postos-na-tempada-de-praias\/#primaryimage"},"image":{"@id":"https:\/\/www.anovapeneira.gal\/index.php\/2020\/03\/05\/o-concello-de-nigran-convoca-un-curso-oficial-de-socorrismo-para-empadroados-de-cara-a-cubrir-estes-postos-na-tempada-de-praias\/#primaryimage"},"thumbnailUrl":"https:\/\/www.anovapeneira.gal\/wp-content\/uploads\/2020\/03\/concello-de-nigran-logo-0910E858E3-seeklogo.com_.png","datePublished":"2020-03-05T13:00:04+00:00","breadcrumb":{"@id":"https:\/\/www.anovapeneira.gal\/index.php\/2020\/03\/05\/o-concello-de-nigran-convoca-un-curso-oficial-de-socorrismo-para-empadroados-de-cara-a-cubrir-estes-postos-na-tempada-de-praias\/#breadcrumb"},"inLanguage":"gl-ES","potentialAction":[{"@type":"ReadAction","target":["https:\/\/www.anovapeneira.gal\/index.php\/2020\/03\/05\/o-concello-de-nigran-convoca-un-curso-oficial-de-socorrismo-para-empadroados-de-cara-a-cubrir-estes-postos-na-tempada-de-praias\/"]}]},{"@type":"ImageObject","inLanguage":"gl-ES","@id":"https:\/\/www.anovapeneira.gal\/index.php\/2020\/03\/05\/o-concello-de-nigran-convoca-un-curso-oficial-de-socorrismo-para-empadroados-de-cara-a-cubrir-estes-postos-na-tempada-de-praias\/#primaryimage","url":"https:\/\/www.anovapeneira.gal\/wp-content\/uploads\/2020\/03\/concello-de-nigran-logo-0910E858E3-seeklogo.com_.png","contentUrl":"https:\/\/www.anovapeneira.gal\/wp-content\/uploads\/2020\/03\/concello-de-nigran-logo-0910E858E3-seeklogo.com_.png","width":720,"height":432,"caption":"Concello de Nigr\u00e1n A Nova Peneira"},{"@type":"BreadcrumbList","@id":"https:\/\/www.anovapeneira.gal\/index.php\/2020\/03\/05\/o-concello-de-nigran-convoca-un-curso-oficial-de-socorrismo-para-empadroados-de-cara-a-cubrir-estes-postos-na-tempada-de-praias\/#breadcrumb","itemListElement":[{"@type":"ListItem","position":1,"name":"Portada","item":"https:\/\/www.anovapeneira.gal\/"},{"@type":"ListItem","position":2,"name":"O Concello de Nigr\u00e1n convoca un curso oficial de socorrismo para empadroados de cara a cubrir estes postos na tempada de praias"}]},{"@type":"WebSite","@id":"https:\/\/www.anovapeneira.gal\/#website","url":"https:\/\/www.anovapeneira.gal\/","name":"","description":"Xornal galego de informaci\u00f3n xeral Publicaci\u00f3n mensual de novas de Galicia e en especial dos Concellos da sur da provincia de Pontevedra.","publisher":{"@id":"https:\/\/www.anovapeneira.gal\/#organization"},"potentialAction":[{"@type":"SearchAction","target":{"@type":"EntryPoint","urlTemplate":"https:\/\/www.anovapeneira.gal\/?s={search_term_string}"},"query-input":{"@type":"PropertyValueSpecification","valueRequired":true,"valueName":"search_term_string"}}],"inLanguage":"gl-ES"},{"@type":"Organization","@id":"https:\/\/www.anovapeneira.gal\/#organization","name":"A Nova Peneira","url":"https:\/\/www.anovapeneira.gal\/","logo":{"@type":"ImageObject","inLanguage":"gl-ES","@id":"https:\/\/www.anovapeneira.gal\/#\/schema\/logo\/image\/","url":"http:\/\/www.anovapeneira.gal\/wp-content\/uploads\/2019\/06\/logo_a_nova_peneira_portal_web.png","contentUrl":"http:\/\/www.anovapeneira.gal\/wp-content\/uploads\/2019\/06\/logo_a_nova_peneira_portal_web.png","width":300,"height":100,"caption":"A Nova Peneira"},"image":{"@id":"https:\/\/www.anovapeneira.gal\/#\/schema\/logo\/image\/"},"sameAs":["https:\/\/www.facebook.com\/anovapeneira","https:\/\/x.com\/APeneira"]},{"@type":"Person","@id":"https:\/\/www.anovapeneira.gal\/#\/schema\/person\/b93e3f8932e3f8da96334607eb6ac6aa","name":"Redacci\u00f3n A Nova Peneira","image":{"@type":"ImageObject","inLanguage":"gl-ES","@id":"https:\/\/secure.gravatar.com\/avatar\/c052a2551a06e23fac63626232eaa90abd78dbcf1700fc46a2b2c89fd27b735f?s=96&d=mm&r=g","url":"https:\/\/secure.gravatar.com\/avatar\/c052a2551a06e23fac63626232eaa90abd78dbcf1700fc46a2b2c89fd27b735f?s=96&d=mm&r=g","contentUrl":"https:\/\/secure.gravatar.com\/avatar\/c052a2551a06e23fac63626232eaa90abd78dbcf1700fc46a2b2c89fd27b735f?s=96&d=mm&r=g","caption":"Redacci\u00f3n A Nova Peneira"},"sameAs":["http:\/\/www.anovapeneira.gal\/"],"url":"https:\/\/www.anovapeneira.gal\/index.php\/author\/redactor\/"}]}},"jetpack_featured_media_url":"https:\/\/www.anovapeneira.gal\/wp-content\/uploads\/2020\/03\/concello-de-nigran-logo-0910E858E3-seeklogo.com_.png","_links":{"self":[{"href":"https:\/\/www.anovapeneira.gal\/index.php\/wp-json\/wp\/v2\/posts\/2677","targetHints":{"allow":["GET"]}}],"collection":[{"href":"https:\/\/www.anovapeneira.gal\/index.php\/wp-json\/wp\/v2\/posts"}],"about":[{"href":"https:\/\/www.anovapeneira.gal\/index.php\/wp-json\/wp\/v2\/types\/post"}],"author":[{"embeddable":true,"href":"https:\/\/www.anovapeneira.gal\/index.php\/wp-json\/wp\/v2\/users\/3"}],"replies":[{"embeddable":true,"href":"https:\/\/www.anovapeneira.gal\/index.php\/wp-json\/wp\/v2\/comments?post=2677"}],"version-history":[{"count":1,"href":"https:\/\/www.anovapeneira.gal\/index.php\/wp-json\/wp\/v2\/posts\/2677\/revisions"}],"predecessor-version":[{"id":2679,"href":"https:\/\/www.anovapeneira.gal\/index.php\/wp-json\/wp\/v2\/posts\/2677\/revisions\/2679"}],"wp:featuredmedia":[{"embeddable":true,"href":"https:\/\/www.anovapeneira.gal\/index.php\/wp-json\/wp\/v2\/media\/2678"}],"wp:attachment":[{"href":"https:\/\/www.anovapeneira.gal\/index.php\/wp-json\/wp\/v2\/media?parent=2677"}],"wp:term":[{"taxonomy":"category","embeddable":true,"href":"https:\/\/www.anovapeneira.gal\/index.php\/wp-json\/wp\/v2\/categories?post=2677"},{"taxonomy":"post_tag","embeddable":true,"href":"https:\/\/www.anovapeneira.gal\/index.php\/wp-json\/wp\/v2\/tags?post=2677"}],"curies":[{"name":"wp","href":"https:\/\/api.w.org\/{rel}","templated":true}]}}