{"id":2707,"date":"2020-03-10T10:00:41","date_gmt":"2020-03-10T09:00:41","guid":{"rendered":"http:\/\/www.anovapeneira.gal\/?p=2707"},"modified":"2020-03-09T10:19:00","modified_gmt":"2020-03-09T09:19:00","slug":"ponte-caldelas-preparase-para-o-ano-mais-inversor-da-sua-historia-mais-de-15-millons-de-euros","status":"publish","type":"post","link":"https:\/\/www.anovapeneira.gal\/index.php\/2020\/03\/10\/ponte-caldelas-preparase-para-o-ano-mais-inversor-da-sua-historia-mais-de-15-millons-de-euros\/","title":{"rendered":"Ponte Caldelas prep\u00e1rase para o ano m\u00e1is inversor da s\u00faa historia: m\u00e1is de 1,5 mill\u00f3ns de euros"},"content":{"rendered":"\n<h2 class=\"wp-block-heading\">Neste 2020 est\u00e1n previstas diversas actuaci\u00f3ns no rural e no casco urb\u00e1n que mellorar\u00e1n a calidade de vida dos veci\u00f1os do municipio<\/h2>\n\n\n\n<p><strong>Ponte  Caldelas,  5  de  marzo  de  2020<\/strong><\/p>\n\n\n\n<p>Ponte  Caldelas  prep\u00e1rase  para  afrontar  o  ano m\u00e1is inversor da s\u00faa historia: m\u00e1is de 1,5 mill\u00f3ns de euros. Neste 2020 levaranse a cabo no municipio unha serie de \u201cobras que te\u00f1en como obxectivo mellorar a calidade de vida dos veci\u00f1os do rural e do casco urb\u00e1n e seguir modernizando un concello que medra en poboaci\u00f3n\u201d,  indica  o  alcalde  de  Ponte  Caldelas,  Andr\u00e9s  D\u00edaz.  A  realizaci\u00f3n  desta  gran inversi\u00f3n  ser\u00e1  posible  grazas  \u00e1  boa  situaci\u00f3n  econ\u00f3mica  que  presenta  o  Concello  de Ponte Caldelas, que rematou 2019 con m\u00e1is de medio mill\u00f3n de euros de remanente e un super\u00e1vit de 347.446,51 euros. Deste xeito, est\u00e1 previsto que antes do ver\u00e1n se inicien as obras da Senda de Parada, un proxecto  que  se  levar\u00e1  a  cabo  coa  Deputaci\u00f3n  de  Pontevedra  e  que  supor\u00e1  un investimento  de  preto  de  230.000  euros.  A  senda  peonil  unir\u00e1  os  lugares  de  Cu\u00f1as  e Parada con iluminaci\u00f3n cada 50 metros e crear\u00e1 un espazo seguro para o desplazamento de pe\u00f3ns, bicicletas e persoas con mobilidade reducida. En  2020  tam\u00e9n  est\u00e1  previsto  que  se  inicien  as  obras  de  humanizaci\u00f3n  da  Avenida  de Galicia  e  da  estrada  do  Balneario,  nas  que  se  investir\u00e1n  m\u00e1is  de  1  mill\u00f3n  de  euros,  dos cales  o  80%  ser\u00e1  aportado  por  Fondos  Europeos.  Neste  ano  realizarase  tam\u00e9n  o asfaltado integral e reorganizaci\u00f3n do aparcamento que da servizo ao Centro de Sa\u00fade e o Concello de Ponte Caldelas e tam\u00e9n se levar\u00e1 a cabo o asfaltado e cambio de sentido da circulaci\u00f3n na r\u00faa Prolongaci\u00f3n do Paseo Cordo Boullosa (onde est\u00e1 o Bora R\u00edo). Estase tam\u00e9n a traballar para sacar a licitaci\u00f3n o ante posible a Estaci\u00f3n Termal de Ponte Caldelas,  que  sup\u00f3n  un  tr\u00e1mite  administrativo  complexo  que  nunca  antes  de  realizou nesta  administraci\u00f3n  local.  Tam\u00e9n  se  est\u00e1  a  ultimar  a  construcci\u00f3n  do  aparcamento central,  que  se  situar\u00e1  nas  fincas  ubicadas  detr\u00e1s  da  Escola  Infantil  A  Gali\u00f1a  Azul  e  a Ludoteca  Municipal.  A  maiores,  tanto  no  rural  como  no  casco  urb\u00e1n  est\u00e1n  previstas outras  m\u00faltiples  obras  de  mellora  que  se  ir\u00e1n  avanzando  nos  vindeiros  meses  e  que te\u00f1en  como  obxectivo  principal  seguir  mellorando  a  calidade  de  vida  dos  veci\u00f1os  de Ponte Caldelas.<\/p>\n","protected":false},"excerpt":{"rendered":"<div class=\"mh-excerpt\"><p>Neste 2020 est\u00e1n previstas diversas actuaci\u00f3ns no rural e no casco urb\u00e1n que mellorar\u00e1n a calidade de vida dos veci\u00f1os do municipio <a class=\"mh-excerpt-more\" href=\"https:\/\/www.anovapeneira.gal\/index.php\/2020\/03\/10\/ponte-caldelas-preparase-para-o-ano-mais-inversor-da-sua-historia-mais-de-15-millons-de-euros\/\" title=\"Ponte Caldelas prep\u00e1rase para o ano m\u00e1is inversor da s\u00faa historia: m\u00e1is de 1,5 mill\u00f3ns de euros\">[&#8230;]<\/a><\/p>\n<\/div>","protected":false},"author":3,"featured_media":1816,"comment_status":"open","ping_status":"open","sticky":false,"template":"","format":"standard","meta":{"_exactmetrics_skip_tracking":false,"_exactmetrics_sitenote_active":false,"_exactmetrics_sitenote_note":"","_exactmetrics_sitenote_category":0,"footnotes":""},"categories":[26],"tags":[128],"class_list":{"0":"post-2707","1":"post","2":"type-post","3":"status-publish","4":"format-standard","5":"has-post-thumbnail","7":"category-pontevedra","8":"tag-concello-de-ponte-caldelas"},"yoast_head":"<!-- This site is optimized with the Yoast SEO plugin v27.4 - https:\/\/yoast.com\/product\/yoast-seo-wordpress\/ -->\n<title>Ponte Caldelas prep\u00e1rase para o ano m\u00e1is inversor da s\u00faa historia: m\u00e1is de 1,5 mill\u00f3ns de euros -<\/title>\n<meta name=\"robots\" content=\"index, follow, max-snippet:-1, max-image-preview:large, max-video-preview:-1\" \/>\n<link rel=\"canonical\" href=\"https:\/\/www.anovapeneira.gal\/index.php\/2020\/03\/10\/ponte-caldelas-preparase-para-o-ano-mais-inversor-da-sua-historia-mais-de-15-millons-de-euros\/\" \/>\n<meta property=\"og:locale\" content=\"gl_ES\" \/>\n<meta property=\"og:type\" content=\"article\" \/>\n<meta property=\"og:title\" content=\"Ponte Caldelas prep\u00e1rase para o ano m\u00e1is inversor da s\u00faa historia: m\u00e1is de 1,5 mill\u00f3ns de euros -\" \/>\n<meta property=\"og:description\" content=\"Neste 2020 est\u00e1n previstas diversas actuaci\u00f3ns no rural e no casco urb\u00e1n que mellorar\u00e1n a calidade de vida dos veci\u00f1os do municipio [...]\" \/>\n<meta property=\"og:url\" content=\"https:\/\/www.anovapeneira.gal\/index.php\/2020\/03\/10\/ponte-caldelas-preparase-para-o-ano-mais-inversor-da-sua-historia-mais-de-15-millons-de-euros\/\" \/>\n<meta property=\"article:publisher\" content=\"https:\/\/www.facebook.com\/anovapeneira\" \/>\n<meta property=\"article:published_time\" content=\"2020-03-10T09:00:41+00:00\" \/>\n<meta property=\"og:image\" content=\"https:\/\/www.anovapeneira.gal\/wp-content\/uploads\/2019\/11\/concello_pontcaldelas_A_nova_peneira.png\" \/>\n\t<meta property=\"og:image:width\" content=\"720\" \/>\n\t<meta property=\"og:image:height\" content=\"432\" \/>\n\t<meta property=\"og:image:type\" content=\"image\/png\" \/>\n<meta name=\"author\" content=\"Redacci\u00f3n A Nova Peneira\" \/>\n<meta name=\"twitter:card\" content=\"summary_large_image\" \/>\n<meta name=\"twitter:creator\" content=\"@APeneira\" \/>\n<meta name=\"twitter:site\" content=\"@APeneira\" \/>\n<meta name=\"twitter:label1\" content=\"Escrito por\" \/>\n\t<meta name=\"twitter:data1\" content=\"Redacci\u00f3n A Nova Peneira\" \/>\n\t<meta name=\"twitter:label2\" content=\"Tempo de lectura\" \/>\n\t<meta name=\"twitter:data2\" content=\"2 minutos\" \/>\n<script type=\"application\/ld+json\" class=\"yoast-schema-graph\">{\"@context\":\"https:\\\/\\\/schema.org\",\"@graph\":[{\"@type\":\"Article\",\"@id\":\"https:\\\/\\\/www.anovapeneira.gal\\\/index.php\\\/2020\\\/03\\\/10\\\/ponte-caldelas-preparase-para-o-ano-mais-inversor-da-sua-historia-mais-de-15-millons-de-euros\\\/#article\",\"isPartOf\":{\"@id\":\"https:\\\/\\\/www.anovapeneira.gal\\\/index.php\\\/2020\\\/03\\\/10\\\/ponte-caldelas-preparase-para-o-ano-mais-inversor-da-sua-historia-mais-de-15-millons-de-euros\\\/\"},\"author\":{\"name\":\"Redacci\u00f3n A Nova Peneira\",\"@id\":\"https:\\\/\\\/www.anovapeneira.gal\\\/#\\\/schema\\\/person\\\/b93e3f8932e3f8da96334607eb6ac6aa\"},\"headline\":\"Ponte Caldelas prep\u00e1rase para o ano m\u00e1is inversor da s\u00faa historia: m\u00e1is de 1,5 mill\u00f3ns de euros\",\"datePublished\":\"2020-03-10T09:00:41+00:00\",\"mainEntityOfPage\":{\"@id\":\"https:\\\/\\\/www.anovapeneira.gal\\\/index.php\\\/2020\\\/03\\\/10\\\/ponte-caldelas-preparase-para-o-ano-mais-inversor-da-sua-historia-mais-de-15-millons-de-euros\\\/\"},\"wordCount\":450,\"commentCount\":0,\"publisher\":{\"@id\":\"https:\\\/\\\/www.anovapeneira.gal\\\/#organization\"},\"image\":{\"@id\":\"https:\\\/\\\/www.anovapeneira.gal\\\/index.php\\\/2020\\\/03\\\/10\\\/ponte-caldelas-preparase-para-o-ano-mais-inversor-da-sua-historia-mais-de-15-millons-de-euros\\\/#primaryimage\"},\"thumbnailUrl\":\"https:\\\/\\\/www.anovapeneira.gal\\\/wp-content\\\/uploads\\\/2019\\\/11\\\/concello_pontcaldelas_A_nova_peneira.png\",\"keywords\":[\"Concello de Ponte Caldelas\"],\"articleSection\":[\"Pontevedra\"],\"inLanguage\":\"gl-ES\",\"potentialAction\":[{\"@type\":\"CommentAction\",\"name\":\"Comment\",\"target\":[\"https:\\\/\\\/www.anovapeneira.gal\\\/index.php\\\/2020\\\/03\\\/10\\\/ponte-caldelas-preparase-para-o-ano-mais-inversor-da-sua-historia-mais-de-15-millons-de-euros\\\/#respond\"]}]},{\"@type\":\"WebPage\",\"@id\":\"https:\\\/\\\/www.anovapeneira.gal\\\/index.php\\\/2020\\\/03\\\/10\\\/ponte-caldelas-preparase-para-o-ano-mais-inversor-da-sua-historia-mais-de-15-millons-de-euros\\\/\",\"url\":\"https:\\\/\\\/www.anovapeneira.gal\\\/index.php\\\/2020\\\/03\\\/10\\\/ponte-caldelas-preparase-para-o-ano-mais-inversor-da-sua-historia-mais-de-15-millons-de-euros\\\/\",\"name\":\"Ponte Caldelas prep\u00e1rase para o ano m\u00e1is inversor da s\u00faa historia: m\u00e1is de 1,5 mill\u00f3ns de euros -\",\"isPartOf\":{\"@id\":\"https:\\\/\\\/www.anovapeneira.gal\\\/#website\"},\"primaryImageOfPage\":{\"@id\":\"https:\\\/\\\/www.anovapeneira.gal\\\/index.php\\\/2020\\\/03\\\/10\\\/ponte-caldelas-preparase-para-o-ano-mais-inversor-da-sua-historia-mais-de-15-millons-de-euros\\\/#primaryimage\"},\"image\":{\"@id\":\"https:\\\/\\\/www.anovapeneira.gal\\\/index.php\\\/2020\\\/03\\\/10\\\/ponte-caldelas-preparase-para-o-ano-mais-inversor-da-sua-historia-mais-de-15-millons-de-euros\\\/#primaryimage\"},\"thumbnailUrl\":\"https:\\\/\\\/www.anovapeneira.gal\\\/wp-content\\\/uploads\\\/2019\\\/11\\\/concello_pontcaldelas_A_nova_peneira.png\",\"datePublished\":\"2020-03-10T09:00:41+00:00\",\"breadcrumb\":{\"@id\":\"https:\\\/\\\/www.anovapeneira.gal\\\/index.php\\\/2020\\\/03\\\/10\\\/ponte-caldelas-preparase-para-o-ano-mais-inversor-da-sua-historia-mais-de-15-millons-de-euros\\\/#breadcrumb\"},\"inLanguage\":\"gl-ES\",\"potentialAction\":[{\"@type\":\"ReadAction\",\"target\":[\"https:\\\/\\\/www.anovapeneira.gal\\\/index.php\\\/2020\\\/03\\\/10\\\/ponte-caldelas-preparase-para-o-ano-mais-inversor-da-sua-historia-mais-de-15-millons-de-euros\\\/\"]}]},{\"@type\":\"ImageObject\",\"inLanguage\":\"gl-ES\",\"@id\":\"https:\\\/\\\/www.anovapeneira.gal\\\/index.php\\\/2020\\\/03\\\/10\\\/ponte-caldelas-preparase-para-o-ano-mais-inversor-da-sua-historia-mais-de-15-millons-de-euros\\\/#primaryimage\",\"url\":\"https:\\\/\\\/www.anovapeneira.gal\\\/wp-content\\\/uploads\\\/2019\\\/11\\\/concello_pontcaldelas_A_nova_peneira.png\",\"contentUrl\":\"https:\\\/\\\/www.anovapeneira.gal\\\/wp-content\\\/uploads\\\/2019\\\/11\\\/concello_pontcaldelas_A_nova_peneira.png\",\"width\":720,\"height\":432,\"caption\":\"Concello de Ponte Caldelas A Nova Peneira\"},{\"@type\":\"BreadcrumbList\",\"@id\":\"https:\\\/\\\/www.anovapeneira.gal\\\/index.php\\\/2020\\\/03\\\/10\\\/ponte-caldelas-preparase-para-o-ano-mais-inversor-da-sua-historia-mais-de-15-millons-de-euros\\\/#breadcrumb\",\"itemListElement\":[{\"@type\":\"ListItem\",\"position\":1,\"name\":\"Portada\",\"item\":\"https:\\\/\\\/www.anovapeneira.gal\\\/\"},{\"@type\":\"ListItem\",\"position\":2,\"name\":\"Ponte Caldelas prep\u00e1rase para o ano m\u00e1is inversor da s\u00faa historia: m\u00e1is de 1,5 mill\u00f3ns de euros\"}]},{\"@type\":\"WebSite\",\"@id\":\"https:\\\/\\\/www.anovapeneira.gal\\\/#website\",\"url\":\"https:\\\/\\\/www.anovapeneira.gal\\\/\",\"name\":\"\",\"description\":\"Xornal galego de informaci\u00f3n xeral Publicaci\u00f3n mensual de novas de Galicia e en especial dos Concellos da sur da provincia de Pontevedra.\",\"publisher\":{\"@id\":\"https:\\\/\\\/www.anovapeneira.gal\\\/#organization\"},\"potentialAction\":[{\"@type\":\"SearchAction\",\"target\":{\"@type\":\"EntryPoint\",\"urlTemplate\":\"https:\\\/\\\/www.anovapeneira.gal\\\/?s={search_term_string}\"},\"query-input\":{\"@type\":\"PropertyValueSpecification\",\"valueRequired\":true,\"valueName\":\"search_term_string\"}}],\"inLanguage\":\"gl-ES\"},{\"@type\":\"Organization\",\"@id\":\"https:\\\/\\\/www.anovapeneira.gal\\\/#organization\",\"name\":\"A Nova Peneira\",\"url\":\"https:\\\/\\\/www.anovapeneira.gal\\\/\",\"logo\":{\"@type\":\"ImageObject\",\"inLanguage\":\"gl-ES\",\"@id\":\"https:\\\/\\\/www.anovapeneira.gal\\\/#\\\/schema\\\/logo\\\/image\\\/\",\"url\":\"http:\\\/\\\/www.anovapeneira.gal\\\/wp-content\\\/uploads\\\/2019\\\/06\\\/logo_a_nova_peneira_portal_web.png\",\"contentUrl\":\"http:\\\/\\\/www.anovapeneira.gal\\\/wp-content\\\/uploads\\\/2019\\\/06\\\/logo_a_nova_peneira_portal_web.png\",\"width\":300,\"height\":100,\"caption\":\"A Nova Peneira\"},\"image\":{\"@id\":\"https:\\\/\\\/www.anovapeneira.gal\\\/#\\\/schema\\\/logo\\\/image\\\/\"},\"sameAs\":[\"https:\\\/\\\/www.facebook.com\\\/anovapeneira\",\"https:\\\/\\\/x.com\\\/APeneira\"]},{\"@type\":\"Person\",\"@id\":\"https:\\\/\\\/www.anovapeneira.gal\\\/#\\\/schema\\\/person\\\/b93e3f8932e3f8da96334607eb6ac6aa\",\"name\":\"Redacci\u00f3n A Nova Peneira\",\"image\":{\"@type\":\"ImageObject\",\"inLanguage\":\"gl-ES\",\"@id\":\"https:\\\/\\\/secure.gravatar.com\\\/avatar\\\/c052a2551a06e23fac63626232eaa90abd78dbcf1700fc46a2b2c89fd27b735f?s=96&d=mm&r=g\",\"url\":\"https:\\\/\\\/secure.gravatar.com\\\/avatar\\\/c052a2551a06e23fac63626232eaa90abd78dbcf1700fc46a2b2c89fd27b735f?s=96&d=mm&r=g\",\"contentUrl\":\"https:\\\/\\\/secure.gravatar.com\\\/avatar\\\/c052a2551a06e23fac63626232eaa90abd78dbcf1700fc46a2b2c89fd27b735f?s=96&d=mm&r=g\",\"caption\":\"Redacci\u00f3n A Nova Peneira\"},\"sameAs\":[\"http:\\\/\\\/www.anovapeneira.gal\\\/\"],\"url\":\"https:\\\/\\\/www.anovapeneira.gal\\\/index.php\\\/author\\\/redactor\\\/\"}]}<\/script>\n<!-- \/ Yoast SEO plugin. -->","yoast_head_json":{"title":"Ponte Caldelas prep\u00e1rase para o ano m\u00e1is inversor da s\u00faa historia: m\u00e1is de 1,5 mill\u00f3ns de euros -","robots":{"index":"index","follow":"follow","max-snippet":"max-snippet:-1","max-image-preview":"max-image-preview:large","max-video-preview":"max-video-preview:-1"},"canonical":"https:\/\/www.anovapeneira.gal\/index.php\/2020\/03\/10\/ponte-caldelas-preparase-para-o-ano-mais-inversor-da-sua-historia-mais-de-15-millons-de-euros\/","og_locale":"gl_ES","og_type":"article","og_title":"Ponte Caldelas prep\u00e1rase para o ano m\u00e1is inversor da s\u00faa historia: m\u00e1is de 1,5 mill\u00f3ns de euros -","og_description":"Neste 2020 est\u00e1n previstas diversas actuaci\u00f3ns no rural e no casco urb\u00e1n que mellorar\u00e1n a calidade de vida dos veci\u00f1os do municipio [...]","og_url":"https:\/\/www.anovapeneira.gal\/index.php\/2020\/03\/10\/ponte-caldelas-preparase-para-o-ano-mais-inversor-da-sua-historia-mais-de-15-millons-de-euros\/","article_publisher":"https:\/\/www.facebook.com\/anovapeneira","article_published_time":"2020-03-10T09:00:41+00:00","og_image":[{"width":720,"height":432,"url":"https:\/\/www.anovapeneira.gal\/wp-content\/uploads\/2019\/11\/concello_pontcaldelas_A_nova_peneira.png","type":"image\/png"}],"author":"Redacci\u00f3n A Nova Peneira","twitter_card":"summary_large_image","twitter_creator":"@APeneira","twitter_site":"@APeneira","twitter_misc":{"Escrito por":"Redacci\u00f3n A Nova Peneira","Tempo de lectura":"2 minutos"},"schema":{"@context":"https:\/\/schema.org","@graph":[{"@type":"Article","@id":"https:\/\/www.anovapeneira.gal\/index.php\/2020\/03\/10\/ponte-caldelas-preparase-para-o-ano-mais-inversor-da-sua-historia-mais-de-15-millons-de-euros\/#article","isPartOf":{"@id":"https:\/\/www.anovapeneira.gal\/index.php\/2020\/03\/10\/ponte-caldelas-preparase-para-o-ano-mais-inversor-da-sua-historia-mais-de-15-millons-de-euros\/"},"author":{"name":"Redacci\u00f3n A Nova Peneira","@id":"https:\/\/www.anovapeneira.gal\/#\/schema\/person\/b93e3f8932e3f8da96334607eb6ac6aa"},"headline":"Ponte Caldelas prep\u00e1rase para o ano m\u00e1is inversor da s\u00faa historia: m\u00e1is de 1,5 mill\u00f3ns de euros","datePublished":"2020-03-10T09:00:41+00:00","mainEntityOfPage":{"@id":"https:\/\/www.anovapeneira.gal\/index.php\/2020\/03\/10\/ponte-caldelas-preparase-para-o-ano-mais-inversor-da-sua-historia-mais-de-15-millons-de-euros\/"},"wordCount":450,"commentCount":0,"publisher":{"@id":"https:\/\/www.anovapeneira.gal\/#organization"},"image":{"@id":"https:\/\/www.anovapeneira.gal\/index.php\/2020\/03\/10\/ponte-caldelas-preparase-para-o-ano-mais-inversor-da-sua-historia-mais-de-15-millons-de-euros\/#primaryimage"},"thumbnailUrl":"https:\/\/www.anovapeneira.gal\/wp-content\/uploads\/2019\/11\/concello_pontcaldelas_A_nova_peneira.png","keywords":["Concello de Ponte Caldelas"],"articleSection":["Pontevedra"],"inLanguage":"gl-ES","potentialAction":[{"@type":"CommentAction","name":"Comment","target":["https:\/\/www.anovapeneira.gal\/index.php\/2020\/03\/10\/ponte-caldelas-preparase-para-o-ano-mais-inversor-da-sua-historia-mais-de-15-millons-de-euros\/#respond"]}]},{"@type":"WebPage","@id":"https:\/\/www.anovapeneira.gal\/index.php\/2020\/03\/10\/ponte-caldelas-preparase-para-o-ano-mais-inversor-da-sua-historia-mais-de-15-millons-de-euros\/","url":"https:\/\/www.anovapeneira.gal\/index.php\/2020\/03\/10\/ponte-caldelas-preparase-para-o-ano-mais-inversor-da-sua-historia-mais-de-15-millons-de-euros\/","name":"Ponte Caldelas prep\u00e1rase para o ano m\u00e1is inversor da s\u00faa historia: m\u00e1is de 1,5 mill\u00f3ns de euros -","isPartOf":{"@id":"https:\/\/www.anovapeneira.gal\/#website"},"primaryImageOfPage":{"@id":"https:\/\/www.anovapeneira.gal\/index.php\/2020\/03\/10\/ponte-caldelas-preparase-para-o-ano-mais-inversor-da-sua-historia-mais-de-15-millons-de-euros\/#primaryimage"},"image":{"@id":"https:\/\/www.anovapeneira.gal\/index.php\/2020\/03\/10\/ponte-caldelas-preparase-para-o-ano-mais-inversor-da-sua-historia-mais-de-15-millons-de-euros\/#primaryimage"},"thumbnailUrl":"https:\/\/www.anovapeneira.gal\/wp-content\/uploads\/2019\/11\/concello_pontcaldelas_A_nova_peneira.png","datePublished":"2020-03-10T09:00:41+00:00","breadcrumb":{"@id":"https:\/\/www.anovapeneira.gal\/index.php\/2020\/03\/10\/ponte-caldelas-preparase-para-o-ano-mais-inversor-da-sua-historia-mais-de-15-millons-de-euros\/#breadcrumb"},"inLanguage":"gl-ES","potentialAction":[{"@type":"ReadAction","target":["https:\/\/www.anovapeneira.gal\/index.php\/2020\/03\/10\/ponte-caldelas-preparase-para-o-ano-mais-inversor-da-sua-historia-mais-de-15-millons-de-euros\/"]}]},{"@type":"ImageObject","inLanguage":"gl-ES","@id":"https:\/\/www.anovapeneira.gal\/index.php\/2020\/03\/10\/ponte-caldelas-preparase-para-o-ano-mais-inversor-da-sua-historia-mais-de-15-millons-de-euros\/#primaryimage","url":"https:\/\/www.anovapeneira.gal\/wp-content\/uploads\/2019\/11\/concello_pontcaldelas_A_nova_peneira.png","contentUrl":"https:\/\/www.anovapeneira.gal\/wp-content\/uploads\/2019\/11\/concello_pontcaldelas_A_nova_peneira.png","width":720,"height":432,"caption":"Concello de Ponte Caldelas A Nova Peneira"},{"@type":"BreadcrumbList","@id":"https:\/\/www.anovapeneira.gal\/index.php\/2020\/03\/10\/ponte-caldelas-preparase-para-o-ano-mais-inversor-da-sua-historia-mais-de-15-millons-de-euros\/#breadcrumb","itemListElement":[{"@type":"ListItem","position":1,"name":"Portada","item":"https:\/\/www.anovapeneira.gal\/"},{"@type":"ListItem","position":2,"name":"Ponte Caldelas prep\u00e1rase para o ano m\u00e1is inversor da s\u00faa historia: m\u00e1is de 1,5 mill\u00f3ns de euros"}]},{"@type":"WebSite","@id":"https:\/\/www.anovapeneira.gal\/#website","url":"https:\/\/www.anovapeneira.gal\/","name":"","description":"Xornal galego de informaci\u00f3n xeral Publicaci\u00f3n mensual de novas de Galicia e en especial dos Concellos da sur da provincia de Pontevedra.","publisher":{"@id":"https:\/\/www.anovapeneira.gal\/#organization"},"potentialAction":[{"@type":"SearchAction","target":{"@type":"EntryPoint","urlTemplate":"https:\/\/www.anovapeneira.gal\/?s={search_term_string}"},"query-input":{"@type":"PropertyValueSpecification","valueRequired":true,"valueName":"search_term_string"}}],"inLanguage":"gl-ES"},{"@type":"Organization","@id":"https:\/\/www.anovapeneira.gal\/#organization","name":"A Nova Peneira","url":"https:\/\/www.anovapeneira.gal\/","logo":{"@type":"ImageObject","inLanguage":"gl-ES","@id":"https:\/\/www.anovapeneira.gal\/#\/schema\/logo\/image\/","url":"http:\/\/www.anovapeneira.gal\/wp-content\/uploads\/2019\/06\/logo_a_nova_peneira_portal_web.png","contentUrl":"http:\/\/www.anovapeneira.gal\/wp-content\/uploads\/2019\/06\/logo_a_nova_peneira_portal_web.png","width":300,"height":100,"caption":"A Nova Peneira"},"image":{"@id":"https:\/\/www.anovapeneira.gal\/#\/schema\/logo\/image\/"},"sameAs":["https:\/\/www.facebook.com\/anovapeneira","https:\/\/x.com\/APeneira"]},{"@type":"Person","@id":"https:\/\/www.anovapeneira.gal\/#\/schema\/person\/b93e3f8932e3f8da96334607eb6ac6aa","name":"Redacci\u00f3n A Nova Peneira","image":{"@type":"ImageObject","inLanguage":"gl-ES","@id":"https:\/\/secure.gravatar.com\/avatar\/c052a2551a06e23fac63626232eaa90abd78dbcf1700fc46a2b2c89fd27b735f?s=96&d=mm&r=g","url":"https:\/\/secure.gravatar.com\/avatar\/c052a2551a06e23fac63626232eaa90abd78dbcf1700fc46a2b2c89fd27b735f?s=96&d=mm&r=g","contentUrl":"https:\/\/secure.gravatar.com\/avatar\/c052a2551a06e23fac63626232eaa90abd78dbcf1700fc46a2b2c89fd27b735f?s=96&d=mm&r=g","caption":"Redacci\u00f3n A Nova Peneira"},"sameAs":["http:\/\/www.anovapeneira.gal\/"],"url":"https:\/\/www.anovapeneira.gal\/index.php\/author\/redactor\/"}]}},"jetpack_featured_media_url":"https:\/\/www.anovapeneira.gal\/wp-content\/uploads\/2019\/11\/concello_pontcaldelas_A_nova_peneira.png","_links":{"self":[{"href":"https:\/\/www.anovapeneira.gal\/index.php\/wp-json\/wp\/v2\/posts\/2707","targetHints":{"allow":["GET"]}}],"collection":[{"href":"https:\/\/www.anovapeneira.gal\/index.php\/wp-json\/wp\/v2\/posts"}],"about":[{"href":"https:\/\/www.anovapeneira.gal\/index.php\/wp-json\/wp\/v2\/types\/post"}],"author":[{"embeddable":true,"href":"https:\/\/www.anovapeneira.gal\/index.php\/wp-json\/wp\/v2\/users\/3"}],"replies":[{"embeddable":true,"href":"https:\/\/www.anovapeneira.gal\/index.php\/wp-json\/wp\/v2\/comments?post=2707"}],"version-history":[{"count":1,"href":"https:\/\/www.anovapeneira.gal\/index.php\/wp-json\/wp\/v2\/posts\/2707\/revisions"}],"predecessor-version":[{"id":2708,"href":"https:\/\/www.anovapeneira.gal\/index.php\/wp-json\/wp\/v2\/posts\/2707\/revisions\/2708"}],"wp:featuredmedia":[{"embeddable":true,"href":"https:\/\/www.anovapeneira.gal\/index.php\/wp-json\/wp\/v2\/media\/1816"}],"wp:attachment":[{"href":"https:\/\/www.anovapeneira.gal\/index.php\/wp-json\/wp\/v2\/media?parent=2707"}],"wp:term":[{"taxonomy":"category","embeddable":true,"href":"https:\/\/www.anovapeneira.gal\/index.php\/wp-json\/wp\/v2\/categories?post=2707"},{"taxonomy":"post_tag","embeddable":true,"href":"https:\/\/www.anovapeneira.gal\/index.php\/wp-json\/wp\/v2\/tags?post=2707"}],"curies":[{"name":"wp","href":"https:\/\/api.w.org\/{rel}","templated":true}]}}