{"id":2720,"date":"2020-03-11T14:00:47","date_gmt":"2020-03-11T13:00:47","guid":{"rendered":"http:\/\/www.anovapeneira.gal\/?p=2720"},"modified":"2020-03-10T16:21:09","modified_gmt":"2020-03-10T15:21:09","slug":"restaurante-as-pedrinas-novas","status":"publish","type":"post","link":"https:\/\/www.anovapeneira.gal\/index.php\/2020\/03\/11\/restaurante-as-pedrinas-novas\/","title":{"rendered":"Restaurante As Pedri\u00f1as Novas"},"content":{"rendered":"\n<p><strong>COMO SENTIRSE NA PROPIA\nCASA EN PLENO CORAZ\u00d3N DE MADRID<\/strong><\/p>\n\n\n\n<p>As\nPedri\u00f1as Novas\nC\/ de Ortega y Gasset, 66 Tel.: 91 401 44 45<\/p>\n\n\n\n<pre class=\"wp-block-verse\">Tino Lago<\/pre>\n\n\n\n<p>O pasado 5 de Marzo, tres persoas de A Nova Peneira acudimos \u00e1 capital do estado para entrevistar no seu lugar de traballo ao deputado do BNG, N\u00e9stor Rego. Unha vez rematado o labor xornal\u00edstico aproveitamos o d\u00eda para visitar alg\u00fans dos lugares m\u00e1is atractivos que pode ofrecer Madrid ,entre os que quixera destacar  o Museo do Prado, que che fai sentir a emoci\u00f3n superlativa de estarmos ante as manifestaci\u00f3ns m\u00e1is profundas e intensas da sensibilidade humana, a arte na s\u00faa m\u00e1xima expresi\u00f3n. E  na hora da comida, seguimos a recomendaci\u00f3n do correspondente desta casa en Madrid, o amigo camposino, Juan Louz\u00e1n, que nos dixo algo parecido a:\u201dSe ides comer en Madrid, non podedes deixar de co\u00f1ecer AS PEDRI\u00d1AS NOVAS, ides sentir que estades a\u00ednda en Galicia\u201d. Situado na r\u00faa Ortega y Gasset, no barrio de Salamanca, un dos de m\u00e1is poder adquisitivo da cidade, confeso que acud\u00edn un pouco asustado polos efectos que a recomendaci\u00f3n de Juan poder\u00eda ter na nosa carteira, pero, agora que xa podo valorar polos meus ollos e non polos de outro, te\u00f1o que dicir que o meu medo non ti\u00f1a raz\u00f3n de ser, porque os prezos son moi razoables, e o consello do noso amigo, non \u00e9 que respondera estritamente \u00e1 realidade, \u00e9 que se quedou curto. Cando nos presentamos a Manuel, o seu propietario, o seu sorriso amplo, franco e cordial e o seu :\u201dEu son de Madrid\u201d, xerou en n\u00f3s un sentimento de empat\u00eda e comodidade que convidaba a prolongar a comida todo o tempo que fose posible. A decoraci\u00f3n do local en tons azuis e brancos e luminosidade intensa que provoca no comensal a disposici\u00f3n das mesas, transp\u00f3rtanos simbolicamente a calquera curruncho de Galicia, como por exemplo \u00e1s terras de As Neves, o sol do Condado, que \u00e9 o berce do que procede a familia de Manuel. O cartaz da festa do Requeixo e o Mel que adorna unha das paredes do local xa \u00e9 a \u00faltima etapa da viaxe emocional que cada galego e cada galega, que alg\u00fan d\u00eda se viron na necesidade de dicir adeus aos seus r\u00edos, \u00e1s s\u00faas fontes e \u00e1 vista dos seus ollos, emprende de maneira simb\u00f3lica volvendo \u00e1s s\u00faas orixes. <\/p>\n\n\n\n<div class=\"wp-block-image\"><figure class=\"aligncenter size-large is-resized\"><img loading=\"lazy\" decoding=\"async\" src=\"http:\/\/www.anovapeneira.gal\/wp-content\/uploads\/2020\/03\/as_pedrinas_novas.jpg\" alt=\"As Pedri\u00f1as Novas A Nova Peneira Madrid\" class=\"wp-image-2721\" width=\"540\" height=\"720\" srcset=\"https:\/\/www.anovapeneira.gal\/wp-content\/uploads\/2020\/03\/as_pedrinas_novas.jpg 720w, https:\/\/www.anovapeneira.gal\/wp-content\/uploads\/2020\/03\/as_pedrinas_novas-225x300.jpg 225w\" sizes=\"auto, (max-width: 540px) 100vw, 540px\" \/><\/figure><\/div>\n\n\n\n<p>Si, sen d\u00fabida, en As Pedri\u00f1as Novas estabamos na nosa casa, Foi tan agradable a experiencia que case me esquezo de falar da comida; foi exquisita, a calidade dos produtos sobresa\u00ednte, o sabor dos pratos dos que gozamos unha experiencia sensorial intens\u00edsima, o servizo e a atenci\u00f3n dos profesionais do equipo que lidera Manuel excelente e a conclusi\u00f3n final  a consecuencia l\u00f3xica do noso primeiro encontro: sempre que A Nova Peneira vaia a Madrid o seu cami\u00f1o e o de As Pedri\u00f1as Novas ser\u00e1n un s\u00f3.<\/p>\n","protected":false},"excerpt":{"rendered":"<div class=\"mh-excerpt\"><p>O pasado 5 de Marzo, tres persoas de A Nova Peneira acudimos \u00e1 capital do estado para entrevistar no seu lugar de traballo ao deputado do BNG, N\u00e9stor Rego <a class=\"mh-excerpt-more\" href=\"https:\/\/www.anovapeneira.gal\/index.php\/2020\/03\/11\/restaurante-as-pedrinas-novas\/\" title=\"Restaurante As Pedri\u00f1as Novas\">[&#8230;]<\/a><\/p>\n<\/div>","protected":false},"author":2,"featured_media":2722,"comment_status":"open","ping_status":"open","sticky":false,"template":"","format":"standard","meta":{"_exactmetrics_skip_tracking":false,"_exactmetrics_sitenote_active":false,"_exactmetrics_sitenote_note":"","_exactmetrics_sitenote_category":0,"footnotes":""},"categories":[589],"tags":[997,999,998],"class_list":{"0":"post-2720","1":"post","2":"type-post","3":"status-publish","4":"format-standard","5":"has-post-thumbnail","7":"category-reportaxe_galicia","8":"tag-as-pedrinas-novas","9":"tag-madrid","10":"tag-restaurante"},"yoast_head":"<!-- This site is optimized with the Yoast SEO plugin v27.4 - https:\/\/yoast.com\/product\/yoast-seo-wordpress\/ -->\n<title>Restaurante As Pedri\u00f1as Novas -<\/title>\n<meta name=\"robots\" content=\"index, follow, max-snippet:-1, max-image-preview:large, max-video-preview:-1\" \/>\n<link rel=\"canonical\" href=\"https:\/\/www.anovapeneira.gal\/index.php\/2020\/03\/11\/restaurante-as-pedrinas-novas\/\" \/>\n<meta property=\"og:locale\" content=\"gl_ES\" \/>\n<meta property=\"og:type\" content=\"article\" \/>\n<meta property=\"og:title\" content=\"Restaurante As Pedri\u00f1as Novas -\" \/>\n<meta property=\"og:description\" content=\"O pasado 5 de Marzo, tres persoas de A Nova Peneira acudimos \u00e1 capital do estado para entrevistar no seu lugar de traballo ao deputado do BNG, N\u00e9stor Rego [...]\" \/>\n<meta property=\"og:url\" content=\"https:\/\/www.anovapeneira.gal\/index.php\/2020\/03\/11\/restaurante-as-pedrinas-novas\/\" \/>\n<meta property=\"article:publisher\" content=\"https:\/\/www.facebook.com\/anovapeneira\" \/>\n<meta property=\"article:published_time\" content=\"2020-03-11T13:00:47+00:00\" \/>\n<meta property=\"og:image\" content=\"https:\/\/www.anovapeneira.gal\/wp-content\/uploads\/2020\/03\/manuel_as_pedrinas_madrid_a_nova_peneira.jpg\" \/>\n\t<meta property=\"og:image:width\" content=\"720\" \/>\n\t<meta property=\"og:image:height\" content=\"432\" \/>\n\t<meta property=\"og:image:type\" content=\"image\/jpeg\" \/>\n<meta name=\"author\" content=\"Tino Lago\" \/>\n<meta name=\"twitter:card\" content=\"summary_large_image\" \/>\n<meta name=\"twitter:creator\" content=\"@APeneira\" \/>\n<meta name=\"twitter:site\" content=\"@APeneira\" \/>\n<meta name=\"twitter:label1\" content=\"Escrito por\" \/>\n\t<meta name=\"twitter:data1\" content=\"Tino Lago\" \/>\n\t<meta name=\"twitter:label2\" content=\"Tempo de lectura\" \/>\n\t<meta name=\"twitter:data2\" content=\"3 minutos\" \/>\n<script type=\"application\/ld+json\" class=\"yoast-schema-graph\">{\"@context\":\"https:\\\/\\\/schema.org\",\"@graph\":[{\"@type\":\"Article\",\"@id\":\"https:\\\/\\\/www.anovapeneira.gal\\\/index.php\\\/2020\\\/03\\\/11\\\/restaurante-as-pedrinas-novas\\\/#article\",\"isPartOf\":{\"@id\":\"https:\\\/\\\/www.anovapeneira.gal\\\/index.php\\\/2020\\\/03\\\/11\\\/restaurante-as-pedrinas-novas\\\/\"},\"author\":{\"name\":\"Tino Lago\",\"@id\":\"https:\\\/\\\/www.anovapeneira.gal\\\/#\\\/schema\\\/person\\\/424dfe65e3070fd8a44d22d2c088762a\"},\"headline\":\"Restaurante As Pedri\u00f1as Novas\",\"datePublished\":\"2020-03-11T13:00:47+00:00\",\"mainEntityOfPage\":{\"@id\":\"https:\\\/\\\/www.anovapeneira.gal\\\/index.php\\\/2020\\\/03\\\/11\\\/restaurante-as-pedrinas-novas\\\/\"},\"wordCount\":516,\"commentCount\":0,\"publisher\":{\"@id\":\"https:\\\/\\\/www.anovapeneira.gal\\\/#organization\"},\"image\":{\"@id\":\"https:\\\/\\\/www.anovapeneira.gal\\\/index.php\\\/2020\\\/03\\\/11\\\/restaurante-as-pedrinas-novas\\\/#primaryimage\"},\"thumbnailUrl\":\"https:\\\/\\\/www.anovapeneira.gal\\\/wp-content\\\/uploads\\\/2020\\\/03\\\/manuel_as_pedrinas_madrid_a_nova_peneira.jpg\",\"keywords\":[\"As Pedri\u00f1as Novas\",\"Madrid\",\"Restaurante\"],\"articleSection\":[\"Reportaxes\"],\"inLanguage\":\"gl-ES\",\"potentialAction\":[{\"@type\":\"CommentAction\",\"name\":\"Comment\",\"target\":[\"https:\\\/\\\/www.anovapeneira.gal\\\/index.php\\\/2020\\\/03\\\/11\\\/restaurante-as-pedrinas-novas\\\/#respond\"]}]},{\"@type\":\"WebPage\",\"@id\":\"https:\\\/\\\/www.anovapeneira.gal\\\/index.php\\\/2020\\\/03\\\/11\\\/restaurante-as-pedrinas-novas\\\/\",\"url\":\"https:\\\/\\\/www.anovapeneira.gal\\\/index.php\\\/2020\\\/03\\\/11\\\/restaurante-as-pedrinas-novas\\\/\",\"name\":\"Restaurante As Pedri\u00f1as Novas -\",\"isPartOf\":{\"@id\":\"https:\\\/\\\/www.anovapeneira.gal\\\/#website\"},\"primaryImageOfPage\":{\"@id\":\"https:\\\/\\\/www.anovapeneira.gal\\\/index.php\\\/2020\\\/03\\\/11\\\/restaurante-as-pedrinas-novas\\\/#primaryimage\"},\"image\":{\"@id\":\"https:\\\/\\\/www.anovapeneira.gal\\\/index.php\\\/2020\\\/03\\\/11\\\/restaurante-as-pedrinas-novas\\\/#primaryimage\"},\"thumbnailUrl\":\"https:\\\/\\\/www.anovapeneira.gal\\\/wp-content\\\/uploads\\\/2020\\\/03\\\/manuel_as_pedrinas_madrid_a_nova_peneira.jpg\",\"datePublished\":\"2020-03-11T13:00:47+00:00\",\"breadcrumb\":{\"@id\":\"https:\\\/\\\/www.anovapeneira.gal\\\/index.php\\\/2020\\\/03\\\/11\\\/restaurante-as-pedrinas-novas\\\/#breadcrumb\"},\"inLanguage\":\"gl-ES\",\"potentialAction\":[{\"@type\":\"ReadAction\",\"target\":[\"https:\\\/\\\/www.anovapeneira.gal\\\/index.php\\\/2020\\\/03\\\/11\\\/restaurante-as-pedrinas-novas\\\/\"]}]},{\"@type\":\"ImageObject\",\"inLanguage\":\"gl-ES\",\"@id\":\"https:\\\/\\\/www.anovapeneira.gal\\\/index.php\\\/2020\\\/03\\\/11\\\/restaurante-as-pedrinas-novas\\\/#primaryimage\",\"url\":\"https:\\\/\\\/www.anovapeneira.gal\\\/wp-content\\\/uploads\\\/2020\\\/03\\\/manuel_as_pedrinas_madrid_a_nova_peneira.jpg\",\"contentUrl\":\"https:\\\/\\\/www.anovapeneira.gal\\\/wp-content\\\/uploads\\\/2020\\\/03\\\/manuel_as_pedrinas_madrid_a_nova_peneira.jpg\",\"width\":720,\"height\":432,\"caption\":\"Manuel As Pedri\u00f1as Novas A Nova Peneira Madrid\"},{\"@type\":\"BreadcrumbList\",\"@id\":\"https:\\\/\\\/www.anovapeneira.gal\\\/index.php\\\/2020\\\/03\\\/11\\\/restaurante-as-pedrinas-novas\\\/#breadcrumb\",\"itemListElement\":[{\"@type\":\"ListItem\",\"position\":1,\"name\":\"Portada\",\"item\":\"https:\\\/\\\/www.anovapeneira.gal\\\/\"},{\"@type\":\"ListItem\",\"position\":2,\"name\":\"Restaurante As Pedri\u00f1as Novas\"}]},{\"@type\":\"WebSite\",\"@id\":\"https:\\\/\\\/www.anovapeneira.gal\\\/#website\",\"url\":\"https:\\\/\\\/www.anovapeneira.gal\\\/\",\"name\":\"\",\"description\":\"Xornal galego de informaci\u00f3n xeral Publicaci\u00f3n mensual de novas de Galicia e en especial dos Concellos da sur da provincia de Pontevedra.\",\"publisher\":{\"@id\":\"https:\\\/\\\/www.anovapeneira.gal\\\/#organization\"},\"potentialAction\":[{\"@type\":\"SearchAction\",\"target\":{\"@type\":\"EntryPoint\",\"urlTemplate\":\"https:\\\/\\\/www.anovapeneira.gal\\\/?s={search_term_string}\"},\"query-input\":{\"@type\":\"PropertyValueSpecification\",\"valueRequired\":true,\"valueName\":\"search_term_string\"}}],\"inLanguage\":\"gl-ES\"},{\"@type\":\"Organization\",\"@id\":\"https:\\\/\\\/www.anovapeneira.gal\\\/#organization\",\"name\":\"A Nova Peneira\",\"url\":\"https:\\\/\\\/www.anovapeneira.gal\\\/\",\"logo\":{\"@type\":\"ImageObject\",\"inLanguage\":\"gl-ES\",\"@id\":\"https:\\\/\\\/www.anovapeneira.gal\\\/#\\\/schema\\\/logo\\\/image\\\/\",\"url\":\"http:\\\/\\\/www.anovapeneira.gal\\\/wp-content\\\/uploads\\\/2019\\\/06\\\/logo_a_nova_peneira_portal_web.png\",\"contentUrl\":\"http:\\\/\\\/www.anovapeneira.gal\\\/wp-content\\\/uploads\\\/2019\\\/06\\\/logo_a_nova_peneira_portal_web.png\",\"width\":300,\"height\":100,\"caption\":\"A Nova Peneira\"},\"image\":{\"@id\":\"https:\\\/\\\/www.anovapeneira.gal\\\/#\\\/schema\\\/logo\\\/image\\\/\"},\"sameAs\":[\"https:\\\/\\\/www.facebook.com\\\/anovapeneira\",\"https:\\\/\\\/x.com\\\/APeneira\"]},{\"@type\":\"Person\",\"@id\":\"https:\\\/\\\/www.anovapeneira.gal\\\/#\\\/schema\\\/person\\\/424dfe65e3070fd8a44d22d2c088762a\",\"name\":\"Tino Lago\",\"image\":{\"@type\":\"ImageObject\",\"inLanguage\":\"gl-ES\",\"@id\":\"https:\\\/\\\/secure.gravatar.com\\\/avatar\\\/b3df6a06e44bab3111583b90f0f33a0379ee5e3d22cbadd232d39f21c30c62be?s=96&d=mm&r=g\",\"url\":\"https:\\\/\\\/secure.gravatar.com\\\/avatar\\\/b3df6a06e44bab3111583b90f0f33a0379ee5e3d22cbadd232d39f21c30c62be?s=96&d=mm&r=g\",\"contentUrl\":\"https:\\\/\\\/secure.gravatar.com\\\/avatar\\\/b3df6a06e44bab3111583b90f0f33a0379ee5e3d22cbadd232d39f21c30c62be?s=96&d=mm&r=g\",\"caption\":\"Tino Lago\"},\"sameAs\":[\"http:\\\/\\\/www.anovapeneira.gal\"],\"url\":\"https:\\\/\\\/www.anovapeneira.gal\\\/index.php\\\/author\\\/director\\\/\"}]}<\/script>\n<!-- \/ Yoast SEO plugin. -->","yoast_head_json":{"title":"Restaurante As Pedri\u00f1as Novas -","robots":{"index":"index","follow":"follow","max-snippet":"max-snippet:-1","max-image-preview":"max-image-preview:large","max-video-preview":"max-video-preview:-1"},"canonical":"https:\/\/www.anovapeneira.gal\/index.php\/2020\/03\/11\/restaurante-as-pedrinas-novas\/","og_locale":"gl_ES","og_type":"article","og_title":"Restaurante As Pedri\u00f1as Novas -","og_description":"O pasado 5 de Marzo, tres persoas de A Nova Peneira acudimos \u00e1 capital do estado para entrevistar no seu lugar de traballo ao deputado do BNG, N\u00e9stor Rego [...]","og_url":"https:\/\/www.anovapeneira.gal\/index.php\/2020\/03\/11\/restaurante-as-pedrinas-novas\/","article_publisher":"https:\/\/www.facebook.com\/anovapeneira","article_published_time":"2020-03-11T13:00:47+00:00","og_image":[{"width":720,"height":432,"url":"https:\/\/www.anovapeneira.gal\/wp-content\/uploads\/2020\/03\/manuel_as_pedrinas_madrid_a_nova_peneira.jpg","type":"image\/jpeg"}],"author":"Tino Lago","twitter_card":"summary_large_image","twitter_creator":"@APeneira","twitter_site":"@APeneira","twitter_misc":{"Escrito por":"Tino Lago","Tempo de lectura":"3 minutos"},"schema":{"@context":"https:\/\/schema.org","@graph":[{"@type":"Article","@id":"https:\/\/www.anovapeneira.gal\/index.php\/2020\/03\/11\/restaurante-as-pedrinas-novas\/#article","isPartOf":{"@id":"https:\/\/www.anovapeneira.gal\/index.php\/2020\/03\/11\/restaurante-as-pedrinas-novas\/"},"author":{"name":"Tino Lago","@id":"https:\/\/www.anovapeneira.gal\/#\/schema\/person\/424dfe65e3070fd8a44d22d2c088762a"},"headline":"Restaurante As Pedri\u00f1as Novas","datePublished":"2020-03-11T13:00:47+00:00","mainEntityOfPage":{"@id":"https:\/\/www.anovapeneira.gal\/index.php\/2020\/03\/11\/restaurante-as-pedrinas-novas\/"},"wordCount":516,"commentCount":0,"publisher":{"@id":"https:\/\/www.anovapeneira.gal\/#organization"},"image":{"@id":"https:\/\/www.anovapeneira.gal\/index.php\/2020\/03\/11\/restaurante-as-pedrinas-novas\/#primaryimage"},"thumbnailUrl":"https:\/\/www.anovapeneira.gal\/wp-content\/uploads\/2020\/03\/manuel_as_pedrinas_madrid_a_nova_peneira.jpg","keywords":["As Pedri\u00f1as Novas","Madrid","Restaurante"],"articleSection":["Reportaxes"],"inLanguage":"gl-ES","potentialAction":[{"@type":"CommentAction","name":"Comment","target":["https:\/\/www.anovapeneira.gal\/index.php\/2020\/03\/11\/restaurante-as-pedrinas-novas\/#respond"]}]},{"@type":"WebPage","@id":"https:\/\/www.anovapeneira.gal\/index.php\/2020\/03\/11\/restaurante-as-pedrinas-novas\/","url":"https:\/\/www.anovapeneira.gal\/index.php\/2020\/03\/11\/restaurante-as-pedrinas-novas\/","name":"Restaurante As Pedri\u00f1as Novas -","isPartOf":{"@id":"https:\/\/www.anovapeneira.gal\/#website"},"primaryImageOfPage":{"@id":"https:\/\/www.anovapeneira.gal\/index.php\/2020\/03\/11\/restaurante-as-pedrinas-novas\/#primaryimage"},"image":{"@id":"https:\/\/www.anovapeneira.gal\/index.php\/2020\/03\/11\/restaurante-as-pedrinas-novas\/#primaryimage"},"thumbnailUrl":"https:\/\/www.anovapeneira.gal\/wp-content\/uploads\/2020\/03\/manuel_as_pedrinas_madrid_a_nova_peneira.jpg","datePublished":"2020-03-11T13:00:47+00:00","breadcrumb":{"@id":"https:\/\/www.anovapeneira.gal\/index.php\/2020\/03\/11\/restaurante-as-pedrinas-novas\/#breadcrumb"},"inLanguage":"gl-ES","potentialAction":[{"@type":"ReadAction","target":["https:\/\/www.anovapeneira.gal\/index.php\/2020\/03\/11\/restaurante-as-pedrinas-novas\/"]}]},{"@type":"ImageObject","inLanguage":"gl-ES","@id":"https:\/\/www.anovapeneira.gal\/index.php\/2020\/03\/11\/restaurante-as-pedrinas-novas\/#primaryimage","url":"https:\/\/www.anovapeneira.gal\/wp-content\/uploads\/2020\/03\/manuel_as_pedrinas_madrid_a_nova_peneira.jpg","contentUrl":"https:\/\/www.anovapeneira.gal\/wp-content\/uploads\/2020\/03\/manuel_as_pedrinas_madrid_a_nova_peneira.jpg","width":720,"height":432,"caption":"Manuel As Pedri\u00f1as Novas A Nova Peneira Madrid"},{"@type":"BreadcrumbList","@id":"https:\/\/www.anovapeneira.gal\/index.php\/2020\/03\/11\/restaurante-as-pedrinas-novas\/#breadcrumb","itemListElement":[{"@type":"ListItem","position":1,"name":"Portada","item":"https:\/\/www.anovapeneira.gal\/"},{"@type":"ListItem","position":2,"name":"Restaurante As Pedri\u00f1as Novas"}]},{"@type":"WebSite","@id":"https:\/\/www.anovapeneira.gal\/#website","url":"https:\/\/www.anovapeneira.gal\/","name":"","description":"Xornal galego de informaci\u00f3n xeral Publicaci\u00f3n mensual de novas de Galicia e en especial dos Concellos da sur da provincia de Pontevedra.","publisher":{"@id":"https:\/\/www.anovapeneira.gal\/#organization"},"potentialAction":[{"@type":"SearchAction","target":{"@type":"EntryPoint","urlTemplate":"https:\/\/www.anovapeneira.gal\/?s={search_term_string}"},"query-input":{"@type":"PropertyValueSpecification","valueRequired":true,"valueName":"search_term_string"}}],"inLanguage":"gl-ES"},{"@type":"Organization","@id":"https:\/\/www.anovapeneira.gal\/#organization","name":"A Nova Peneira","url":"https:\/\/www.anovapeneira.gal\/","logo":{"@type":"ImageObject","inLanguage":"gl-ES","@id":"https:\/\/www.anovapeneira.gal\/#\/schema\/logo\/image\/","url":"http:\/\/www.anovapeneira.gal\/wp-content\/uploads\/2019\/06\/logo_a_nova_peneira_portal_web.png","contentUrl":"http:\/\/www.anovapeneira.gal\/wp-content\/uploads\/2019\/06\/logo_a_nova_peneira_portal_web.png","width":300,"height":100,"caption":"A Nova Peneira"},"image":{"@id":"https:\/\/www.anovapeneira.gal\/#\/schema\/logo\/image\/"},"sameAs":["https:\/\/www.facebook.com\/anovapeneira","https:\/\/x.com\/APeneira"]},{"@type":"Person","@id":"https:\/\/www.anovapeneira.gal\/#\/schema\/person\/424dfe65e3070fd8a44d22d2c088762a","name":"Tino Lago","image":{"@type":"ImageObject","inLanguage":"gl-ES","@id":"https:\/\/secure.gravatar.com\/avatar\/b3df6a06e44bab3111583b90f0f33a0379ee5e3d22cbadd232d39f21c30c62be?s=96&d=mm&r=g","url":"https:\/\/secure.gravatar.com\/avatar\/b3df6a06e44bab3111583b90f0f33a0379ee5e3d22cbadd232d39f21c30c62be?s=96&d=mm&r=g","contentUrl":"https:\/\/secure.gravatar.com\/avatar\/b3df6a06e44bab3111583b90f0f33a0379ee5e3d22cbadd232d39f21c30c62be?s=96&d=mm&r=g","caption":"Tino Lago"},"sameAs":["http:\/\/www.anovapeneira.gal"],"url":"https:\/\/www.anovapeneira.gal\/index.php\/author\/director\/"}]}},"jetpack_featured_media_url":"https:\/\/www.anovapeneira.gal\/wp-content\/uploads\/2020\/03\/manuel_as_pedrinas_madrid_a_nova_peneira.jpg","_links":{"self":[{"href":"https:\/\/www.anovapeneira.gal\/index.php\/wp-json\/wp\/v2\/posts\/2720","targetHints":{"allow":["GET"]}}],"collection":[{"href":"https:\/\/www.anovapeneira.gal\/index.php\/wp-json\/wp\/v2\/posts"}],"about":[{"href":"https:\/\/www.anovapeneira.gal\/index.php\/wp-json\/wp\/v2\/types\/post"}],"author":[{"embeddable":true,"href":"https:\/\/www.anovapeneira.gal\/index.php\/wp-json\/wp\/v2\/users\/2"}],"replies":[{"embeddable":true,"href":"https:\/\/www.anovapeneira.gal\/index.php\/wp-json\/wp\/v2\/comments?post=2720"}],"version-history":[{"count":2,"href":"https:\/\/www.anovapeneira.gal\/index.php\/wp-json\/wp\/v2\/posts\/2720\/revisions"}],"predecessor-version":[{"id":2724,"href":"https:\/\/www.anovapeneira.gal\/index.php\/wp-json\/wp\/v2\/posts\/2720\/revisions\/2724"}],"wp:featuredmedia":[{"embeddable":true,"href":"https:\/\/www.anovapeneira.gal\/index.php\/wp-json\/wp\/v2\/media\/2722"}],"wp:attachment":[{"href":"https:\/\/www.anovapeneira.gal\/index.php\/wp-json\/wp\/v2\/media?parent=2720"}],"wp:term":[{"taxonomy":"category","embeddable":true,"href":"https:\/\/www.anovapeneira.gal\/index.php\/wp-json\/wp\/v2\/categories?post=2720"},{"taxonomy":"post_tag","embeddable":true,"href":"https:\/\/www.anovapeneira.gal\/index.php\/wp-json\/wp\/v2\/tags?post=2720"}],"curies":[{"name":"wp","href":"https:\/\/api.w.org\/{rel}","templated":true}]}}