{"id":2725,"date":"2020-03-12T10:00:46","date_gmt":"2020-03-12T09:00:46","guid":{"rendered":"http:\/\/www.anovapeneira.gal\/?p=2725"},"modified":"2020-03-11T20:40:10","modified_gmt":"2020-03-11T19:40:10","slug":"nestor-rego-deputado-do-bng-no-congreso","status":"publish","type":"post","link":"https:\/\/www.anovapeneira.gal\/index.php\/2020\/03\/12\/nestor-rego-deputado-do-bng-no-congreso\/","title":{"rendered":"N\u00e9stor Rego, deputado do BNG No Congreso"},"content":{"rendered":"\n<pre class=\"wp-block-verse\"><strong>G.Figueiredo\ne Tino Lago<\/strong><\/pre>\n\n\n\n<h2 class=\"wp-block-heading\"><strong>O BNG\nafronta as pr\u00f3ximas elecci\u00f3ns auton\u00f3micas a priori con todo a\nfavor para acadar un magn\u00edfico resultado. Con cada vez m\u00e1is poder\nmunicipal, coa representaci\u00f3n no parlamento do estado recuperada na\npersoa de N\u00e9stor Rego, e cunha candidata de nivel sobresa\u00ednte \u00e1\npresidencia da Xunta, semella que os d\u00edas de vi\u00f1o e rosas dos que\ngozou o BNG nos anos 90 poden estar moi preto de volver repetirse ou\nmesmo de superarse. A Nova Peneira estivo en Madrid con N\u00e9stor.<\/strong><\/h2>\n\n\n\n<h3 class=\"wp-block-heading\"><strong>Recordo un\nmitin do deputado N\u00e9stor Rego, hai arredor de 5 ou 6 anos, que eu\nestaba a cubrir como cronista desta casa, no que N\u00e9stor glosaba a\nfigura do insigne poeta galego Manuel Mar\u00eda, e falaba da importancia\nenorme que tiveron os versos de Manuel na construci\u00f3n do seu\npensamento pol\u00edtico, dicindo algo parecido a , falo de memoria, que\nManuel Maria axudou a que os cami\u00f1os dun \u201cmozo de aldea\u201d como el\n e os do nacionalismo galego acabasen sendo un s\u00f3 cami\u00f1o\nindisoluble. Pois ben, agora o \u201cmozo de aldea\u201d que era , \u00e9 \u201c\nSE\u00d1OR\u00cdA\u201d polo menos as\u00ed o chamaban os polic\u00edas que custodiaban\na entrada do parlamento espa\u00f1ol, non sen producirlle, creo eu, certa\nincomodidade .Agradecemos a N\u00e9stor a s\u00faa amabilidade en atendernos\nal\u00ed, as\u00ed como a Bego\u00f1a e a Carlos do servizo de prensa do Bloque\nporque a s\u00faa profesionalidade fixo que todo fose moito m\u00e1is doado.<\/strong><\/h3>\n\n\n\n<p>\u201c<strong>QUEREMOS QUE A SOCIEDADE GALEGA FAGA SEU O ACORDO QUE ASINAMOS CO PSOE, \u00c9 A MELLOR MANEIRA DE EVITAR TENTACI\u00d3NS DILATORIAS\u201d<\/strong><\/p>\n\n\n\n<p><strong>Como valoras o traballo\ndo BNG, nesta primeira experiencia t\u00faa como deputado en Madrid?<\/strong><\/p>\n\n\n\n<blockquote class=\"wp-block-quote is-layout-flow wp-block-quote-is-layout-flow\"><p>Ben, creo que o  traballo do BNG neste per\u00edodo foi importante e mesmo determinante para que houbese goberno, pero sobre todo, para que houbese un acordo que o que fixo foi desbloquear a soluci\u00f3n e boa parte dos problemas sociais e econ\u00f3micos que ten o noso pa\u00eds. Un acordo moi bo para Galicia e creo que, moi ben valorado, e que demostrou que \u00e9 posible facelo. Estou realmente satisfeito do papel do BNG.<\/p><\/blockquote>\n\n\n\n<p><strong>E o grado de\ncumprimento do acordo de investidura que asinastes co PSOE?<\/strong><\/p>\n\n\n\n<blockquote class=\"wp-block-quote is-layout-flow wp-block-quote-is-layout-flow\"><p>Ben. O que pasa e que na maior\u00eda dos temas, as medidas que se recollen precisan o apoio orzamentario. Vai a haber que esperar a que haxa o orzamento do Estado para poder verificar ese cumprimento. Sempre se manifestou a vontade, po\u00f1o por caso os descontos da AP9, a gratuidade para os usuarios que a utilicen d\u00faas veces ao d\u00eda, isto ten que ter unha partida orzamentaria e as\u00ed o reflicte o acordo, di que entrar\u00e1 en vigor no momento que haxa os orzamentos do estado.<\/p><\/blockquote>\n\n\n\n<p><strong>N\u00e9stor, a abstenci\u00f3n\nde Esquerra Republicana na votaci\u00f3n do teito de gasto, cres que\nindica que a s\u00faa vontade, pois eles son decisivos, \u00e9 aprobar os\norzamentos do 2020?<\/strong><\/p>\n\n\n\n<blockquote class=\"wp-block-quote is-layout-flow wp-block-quote-is-layout-flow\"><p>Creo que hai disposici\u00f3n a falar pero vai a depender do goberno. N\u00f3s tam\u00e9n temos plena disposici\u00f3n ao di\u00e1logo dos orzamentos pero a decisi\u00f3n tomar\u00e9mola no momento que proceda e en funci\u00f3n de como sexan eses orzamentos para Galiza. O primeiro que \u00e9 incuestionable e que te\u00f1en que incorporar as partidas necesarias para o cumprimento do acordo de investidura, pero isto non ser\u00e1 suficiente. Os orzamentos para Galiza te\u00f1en que incrementarse porque partimos de niveis realmente baixos. En funci\u00f3n do proceso de di\u00e1logo, de negociaci\u00f3n e de resultado, decidiremos o noso sentido de voto.<\/p><\/blockquote>\n\n\n\n<p><strong>E ti N\u00e9stor, como\nandas? Porque te\u00f1o a sensaci\u00f3n de que tes unha axenda inmensamente\nvoluminosa. Como levas os niveis de estr\u00e9s?<\/strong><\/p>\n\n\n\n<blockquote class=\"wp-block-quote is-layout-flow wp-block-quote-is-layout-flow\"><p>Unha vez que se consigue un bo acordo hai que dalo a co\u00f1ecer. Estamos facendo moitos actos p\u00fablicos de difusi\u00f3n, reun\u00edndonos con diversos colectivo e entidades para explicarlles o propio acordo. Queremos que a sociedade galega faga seu este acordo, esta \u00e9 a mellor garant\u00eda de que non haxa ningunha tentaci\u00f3n, nin de dilaci\u00f3n, nin moito menos de incumprimento.<\/p><\/blockquote>\n\n\n\n<blockquote class=\"wp-block-quote is-layout-flow wp-block-quote-is-layout-flow\"><p>Estou contento pola axenda e polo acadado neste acordo, a\u00ednda que do punto de vista persoal sexa un esforzo f\u00edsico importante, \u00e9 un esforzo \u00fatil para fortalecer a posici\u00f3n pol\u00edtica do BNG e facer pedagox\u00eda de por que confiar nas forzas propias.<\/p><\/blockquote>\n\n\n\n<figure class=\"wp-block-image size-large\"><img loading=\"lazy\" decoding=\"async\" width=\"720\" height=\"432\" src=\"http:\/\/www.anovapeneira.gal\/wp-content\/uploads\/2020\/03\/Nestor_Rego_congreso.jpg\" alt=\"\" class=\"wp-image-2728\" srcset=\"https:\/\/www.anovapeneira.gal\/wp-content\/uploads\/2020\/03\/Nestor_Rego_congreso.jpg 720w, https:\/\/www.anovapeneira.gal\/wp-content\/uploads\/2020\/03\/Nestor_Rego_congreso-300x180.jpg 300w\" sizes=\"auto, (max-width: 720px) 100vw, 720px\" \/><\/figure>\n\n\n\n<p><strong>E nas moitas xuntanzas\nque fas polos currunchos do pa\u00eds, entendes que a percepci\u00f3n da\nsociedade galega \u00e9 positiva?<\/strong><\/p>\n\n\n\n<blockquote class=\"wp-block-quote is-layout-flow wp-block-quote-is-layout-flow\"><p>A verdade \u00e9 que si, creo que hai pouca xente que diga que non \u00e9 un bo acordo.<\/p><\/blockquote>\n\n\n\n<blockquote class=\"wp-block-quote is-layout-flow wp-block-quote-is-layout-flow\"><p>O d\u00eda que foi co\u00f1ecido parece que o \u00fanico que estaba enfadado era Feijo\u00f3, fundamentalmente porque o deixou en evidencia. O BNG cun deputado \u00e9 capaz de conseguir bonificaci\u00f3ns e descontos deste car\u00e1cter na AP9 e el, desde a presidencia da Xunta en once anos, con sete anos de goberno do PP tam\u00e9n no Estado, non foi capaz de conseguilo.<\/p><\/blockquote>\n\n\n\n<p><strong>O outro d\u00eda escoitamos\nao vicepresidente do goberno, Pablo Iglesias, pouco menos que\natribu\u00edndose os m\u00e9ritos do traspaso da AP9 \u00e1 Xunta de Galicia.<\/strong><\/p>\n\n\n\n<blockquote class=\"wp-block-quote is-layout-flow wp-block-quote-is-layout-flow\"><p>Si, creo que este tipo de cuesti\u00f3ns xa non enganan a ningu\u00e9n. Tivo tanta repercusi\u00f3n este acordo que todo o mundo sabe que isto \u00e9 consecuencia co acordo de goberno co BNG.<\/p><\/blockquote>\n\n\n\n<p><strong>Ti es un dos 19 de Meir\u00e1s, como est\u00e1 ese asunto?<\/strong><\/p>\n\n\n\n<blockquote class=\"wp-block-quote is-layout-flow wp-block-quote-is-layout-flow\"><p>Isto comeza en agosto do 2017, e de momento seguimos esperando.  <\/p><\/blockquote>\n\n\n\n<blockquote class=\"wp-block-quote is-layout-flow wp-block-quote-is-layout-flow\"><p>Neste per\u00edodo prod\u00facese a denuncia por parte da familia Franco, coa imputaci\u00f3n de delitos que poder\u00edan levar penas absurdas de 13 anos de prisi\u00f3n. De momento houbo unha vista previa no xulgado de Betanzos e continuamos \u00e1 espera de se vai haber xu\u00edzo ou non. Parece o mundo ao rev\u00e9s, a familia Franco denunciando a dem\u00f3cratas.<\/p><\/blockquote>\n\n\n\n<p><strong>E cres que o pazo de\nMeir\u00e1s ser\u00e1 nun futuro pr\u00f3ximo patrimonio do pobo galego?<\/strong><\/p>\n\n\n\n<blockquote class=\"wp-block-quote is-layout-flow wp-block-quote-is-layout-flow\"><p>Estou convencido de que si, que vai ser recuperado.<\/p><\/blockquote>\n\n\n\n<blockquote class=\"wp-block-quote is-layout-flow wp-block-quote-is-layout-flow\"><p>O que nos gustar\u00eda e que isto se tivese resolto no seu d\u00eda pola v\u00eda pol\u00edtica, igual que se resolveu co patrimonio incautado a sindicatos e partido pol\u00edticos, pero agora hai que espera a que se resolva xudicialmente e est\u00e1 todo tan ben documentado que ser\u00eda verdadeiramente un esc\u00e1ndalo que a xustiza fallase a favor dos Franco, pero non se pode descartar nada.<\/p><\/blockquote>\n\n\n\n<p><strong>O d\u00eda antes de\nrealizar esta entrevista colectivos policiais pr\u00f3ximos aos segmentos\nm\u00e1is conservadores da sociedade, manifest\u00e1ronse con total\nimpunidade \u00e1s portas do congreso, e supostamente acosaron e\ninsultaron a unha deputada de  JXC, \u00c9 dif\u00edcil ser nacionalista\nperif\u00e9rico en Madrid? <\/strong>\n<\/p>\n\n\n\n<blockquote class=\"wp-block-quote is-layout-flow wp-block-quote-is-layout-flow\"><p>Hai momentos en que tes a percepci\u00f3n clara de que estamos en territorio hostil, m\u00e1xime coa representaci\u00f3n que ten na actualidade o ultraespa\u00f1olismo. Abof\u00e9 que o acoso que sufriu a compa\u00f1eira \u00e9 noxento, pero ben, xa sabemos que \u00e8 parte do traballo, que debemos de seguir facendo con absoluta firmeza<\/p><\/blockquote>\n\n\n\n<p><strong>Pronto haber\u00e1\nelecci\u00f3ns no noso pa\u00eds, cal \u00e9 a t\u00faa valoraci\u00f3n do que cres que\nvai acontecer?<\/strong><\/p>\n\n\n\n<blockquote class=\"wp-block-quote is-layout-flow wp-block-quote-is-layout-flow\"><p>Eu te\u00f1o a convicci\u00f3n de que vai haber cambio. Xa \u00e9 evidente que o BNG vai ter unha suba significativa, e para n\u00f3s non ser\u00eda un bo resultado que houbese unha alternancia na submisi\u00f3n a Madrid. O que n\u00f3s desexamos \u00e9 que o 5 de abril xurda unha alternativa que po\u00f1a por diante os intereses de Galiza. E iso s\u00f3 o pode facer o BNG cun goberno presidido pola nosa portavoz nacional Ana Pont\u00f3n.<\/p><\/blockquote>\n\n\n\n<blockquote class=\"wp-block-quote is-layout-flow wp-block-quote-is-layout-flow\"><p>O 5 de abril, temos a oportunidade de facer historia, temos que p\u00f3r todo de n\u00f3s para non desaproveitala.<\/p><\/blockquote>\n\n\n\n<p><strong>Se a aritm\u00e9tica\nparlamentar que xurda do 5 de abril fai que o PP perda a maior\u00eda\nabsoluta, e que entre a ultradereita de Vox no parlamento, ti cres\nque Feijoo pactar\u00eda con eles?<\/strong><\/p>\n\n\n\n<blockquote class=\"wp-block-quote is-layout-flow wp-block-quote-is-layout-flow\"><p>Sen d\u00fabida, pactar\u00eda con eles e asumir\u00eda a s\u00faa axenda, calquera cousa que lle pidan.<\/p><\/blockquote>\n\n\n\n<p><strong>Incluso, se lle pedisen\nmedidas m\u00e1is agresivas a\u00ednda contra o noso idioma ?<\/strong><\/p>\n\n\n\n<blockquote class=\"wp-block-quote is-layout-flow wp-block-quote-is-layout-flow\"><p>Xa o fixo sen necesidade da presi\u00f3n de Vox, pois nestes 11 anos o seu goberno aplicou medidas claramente host\u00eds contra a nosa lingua, e claro que o volver\u00eda a facer, e m\u00e1is a\u00ednda se llo esixira quen hipoteticamente puidese ter os votos que necesitase para asegurar a Xunta. Raz\u00f3n de m\u00e1is para procurar que exista un cambio, para iso, para protexer o noso idioma tam\u00e9n \u00e9 garante o BNG<\/p><\/blockquote>\n\n\n\n<p><strong>Un colectivo de persoas\nprocedentes de En Marea, entre as que destaca a s\u00faa ex deputada\nAlexandra Fern\u00e1ndez acaba de expresar o seu apoio ao BNG e a s\u00faa\nvontade de colaboraci\u00f3n, que nos tes que dicir ao respecto?<\/strong><\/p>\n\n\n\n<blockquote class=\"wp-block-quote is-layout-flow wp-block-quote-is-layout-flow\"><p>Eles din que a v\u00eda do acordo do soberanismo coa esquerda federal espa\u00f1ola est\u00e1 esgotada. Na mi\u00f1a opini\u00f3n, nunca debeu ser explorada pois xa temos exemplos hist\u00f3ricos de abondo para constatar como ese tipo de acordos derivan sempre  na submisi\u00f3n das forzas galegas a Madrid. E un exemplo significativo foi que os orzamentos do 2.019, enormemente lesivos para Galicia foron votados a favor polos deputados de En Marea, coa excepci\u00f3n de Alexandra, porque as\u00ed o decidiu a direcci\u00f3n de Podemos. En calquera caso, eu estou moi satisfeito de que todas as persoas e colectivos do soberanismo galego traballen c\u00f3bado con c\u00f3bado co BNG, desde logo que si.<\/p><\/blockquote>\n\n\n\n<p><strong>E hai cancha para\nseguir  ensanchando o BNG?<\/strong><\/p>\n\n\n\n<blockquote class=\"wp-block-quote is-layout-flow wp-block-quote-is-layout-flow\"><p>Si, abof\u00e9 que a hai. N\u00f3s estamos cos brazos abertos para recibir a todas as persoas e colectivos que puxesen os intereses de Galiza por diante desde unha perspectiva soberanista. E para quen a\u00ednda non o vexa, o Bloque est\u00e1  coa vontade firme, para, con toda a humildade do mundo , facermos toda a pedagox\u00eda da que sexamos capaces. O Bloque \u00e9 un instrumento para servir \u00e1s maior\u00edas sociais de Galiza, foi as\u00ed no pasado, \u00e9 as\u00ed no presente, e as\u00ed seguir\u00e1 sendo no futuro.<\/p><\/blockquote>\n\n\n\n<p> <strong>A CIG, central\nsindical nacionalista, que cando comezou como SOG case o fixo desde\n0, \u00e9 agora a primeira forza sindical do pa\u00eds. No campo pol\u00edtico,\nalg\u00fan d\u00eda, poderemos ver algo parecido?<\/strong><\/p>\n\n\n\n<blockquote class=\"wp-block-quote is-layout-flow wp-block-quote-is-layout-flow\"><p>Si que se pode, d\u00edgoo con rotundidade e firmeza. A nosa aspiraci\u00f3n \u00e9 que o nacionalismo, alg\u00fan d\u00eda, chegue a ser hexem\u00f3nico en Galiza. E quero dicir con claridade que o obxectivo do BNG non \u00e9 chegar \u00e1 Xunta, sen\u00f3n superar o marco para chegar a unha Galiza soberana.<\/p><\/blockquote>\n\n\n\n<p><strong>Estes d\u00edas co\u00f1ecemos\nque anterior xefe do estado, pai do actual, supostamente ti\u00f1a unha\ncantidade moi importante de cartos en Su\u00edza que presuntamente\nproced\u00edan de alg\u00fan misterioso pago de Arabia Saud\u00ed, un dos estados\nm\u00e1is crueis do mundo, e nos principais xornais espa\u00f1ois o asunto\npasou de punti\u00f1as..<\/strong><\/p>\n\n\n\n<blockquote class=\"wp-block-quote is-layout-flow wp-block-quote-is-layout-flow\"><p>Xa, \u00e9 evidente que o r\u00e9xime, malia estar en crise, que o est\u00e1, ten moito poder , e ten a conivencia da inmensa maior\u00eda dos medios de comunicaci\u00f3n, que est\u00e1n controlados polo propio r\u00e9xime. A monarqu\u00eda \u00e9 anacr\u00f3nica e non compatible coa democracia. Por fortuna o asunto de Arabia o est\u00e1n a investigar en Su\u00edza, porque se estivese sendo investigado en Espa\u00f1a, xa temos claro que non chegar\u00eda a ning\u00fan sitio.<\/p><\/blockquote>\n\n\n\n<p><strong>Unha pregunta,\nreferente \u00e1 nosa \u00e1rea de influencia, Vulcano est\u00e1 definitivamente\nmorto?, Barreras corre perigo de desaparecer? E que papel ten Feijoo\nna dram\u00e1tica situaci\u00f3n na que se atopa o naval na ria de Vigo?<\/strong><\/p>\n\n\n\n<blockquote class=\"wp-block-quote is-layout-flow wp-block-quote-is-layout-flow\"><p>Eu res\u00edstome a dar por morto a Vulcano.  A premisa para recuperar a actividade \u00e9 non aceptar a reclamaci\u00f3n dos terreos de dominio p\u00fablico que fai a autoridade portuaria. No caso de Barreras, a soluci\u00f3n de que Ritz Carlton se faga cargo do estaleiro \u00e9 provisoria, pero polo menos posibilita que se poida buscar unha sa\u00edda m\u00e1is a longo prazo. O problema do sector naval Galego non \u00e9 de falta de mercado, que o hai, o problema \u00e9 de mala xesti\u00f3n, e, especialmente mala foi a dos negocios de Feijoo con Pemex. Toda a xesti\u00f3n de Pemex foi un desastre e ademais envolta en suposta corrupci\u00f3n<\/p><\/blockquote>\n\n\n\n<p><strong>Ben, el di que non\nsab\u00eda nada?<\/strong><\/p>\n\n\n\n<blockquote class=\"wp-block-quote is-layout-flow wp-block-quote-is-layout-flow\"><p> Si, pero cada vez vai tendo m\u00e1is amigos no c\u00e1rcere. Comezou con MARCIAL Dorado, Miramontes, O directivo de Pemex que acaba de ser encarcerado&#8230;.<\/p><\/blockquote>\n\n\n\n<p><strong>A semana pasada volv\u00eda\neu a Vigo cansad\u00edsimo de repartir Peneiras por toda a comarca de\nRedondela, era moi tarde, e volv\u00edn por autoestrada. Jodeume moito\npagar 0,95\u20ac por esa viaxe. Cando, semellante inxustiza, pasar\u00e1 \u00e1\nhistoria?<\/strong><\/p>\n\n\n\n<blockquote class=\"wp-block-quote is-layout-flow wp-block-quote-is-layout-flow\"><p>Eu estou convencido de que ao longo deste ano. Ten que ser as\u00ed, porque as\u00ed est\u00e1 escrito no acordo que asinamos co PSOE, e n\u00f3s somos unha organizaci\u00f3n ser\u00eda e non entendemos outro modus operandi que cumprir o que se acorda. No momento en que haxa orzamentos, todo o que asinamos ten que executarse. E no que respecta \u00e1 AP9 en concreto, os seus custes, elevad\u00edsimos, son un lastre para o desenvolvemento econ\u00f3mico deste pa\u00eds, polo tanto as medidas que asinamos co goberno do PSOE deben levarse \u00e1 pr\u00e1ctica canto antes.<\/p><\/blockquote>\n\n\n\n<p><strong>Recentemente fuches\nreelixido SX da UPG, eu estiven na clausura do voso congreso, e ben,\nexpresaches un agarimoso sa\u00fado para os irm\u00e1ns de N\u00f3s , que eu\nsubscribo absolutamente, son subscritor dese xornal por convicci\u00f3n,\npero se algunha vez nos incl\u00faes, como sabes somos un xornal cunha\nli\u00f1a editorial moi comprometida co nacionalismo galego e pelexamos\ncontra xigantes d\u00eda si e d\u00eda tam\u00e9n, pois non estar\u00eda de m\u00e1is..<\/strong><\/p>\n\n\n\n<blockquote class=\"wp-block-quote is-layout-flow wp-block-quote-is-layout-flow\"><p>Ha ha ha ha ha. F\u00e1goo agora encantad\u00edsimo. Toda a prensa en galego \u00e9 fundamental, pero aquela como a vosa que se fai desde unha perspectiva de pa\u00eds, pois m\u00e1is a\u00ednda. E aquela como a vosa que se move no eido local e comarcal ten un plus, que \u00e9 o de dar voz aos problemas que est\u00e1n m\u00e1is preto das persoas. E desde logo, dix\u00e9rao ou non con anterioridade, valoro moi positivamente o papel que fai A Nova Peneira<\/p><\/blockquote>\n\n\n\n<p><strong>Moi ben moitas grazas,\nagardamos xa que logo verte no Porri\u00f1o na nosa IV gala que ser\u00e1 en\nxaneiro do 2.021<\/strong><\/p>\n\n\n\n<blockquote class=\"wp-block-quote is-layout-flow wp-block-quote-is-layout-flow\"><p>Ag\u00e1s causa de forza maior, al\u00ed estarei, desde logo<\/p><\/blockquote>\n\n\n\n<p><strong>Rematamos N\u00e9stor,\npodes dirixirte \u00e1 toda sociedade galega para dicirlles por que , ao\nteu xu\u00edzo, o 5 de abril deben votar ao BNG?<\/strong><\/p>\n\n\n\n<blockquote class=\"wp-block-quote is-layout-flow wp-block-quote-is-layout-flow\"><p>O cambio pol\u00edtico, liderado polo BNG, ser\u00eda inmensamente beneficioso para toda a sociedade. Xa demostramos que nos preocupamos polo interese xeral do pobo galego. O acordo de investidura \u00e9 un bo exemplo. \u00c9 posible vivir mellor, prosperar e desenvolverse, pero para iso debemos gobernar n\u00f3s mesmos os nosos propios recursos.<\/p><\/blockquote>\n","protected":false},"excerpt":{"rendered":"<div class=\"mh-excerpt\"><p>O BNG afronta as pr\u00f3ximas elecci\u00f3ns auton\u00f3micas a priori con todo a favor para acadar un magn\u00edfico resultado <a class=\"mh-excerpt-more\" href=\"https:\/\/www.anovapeneira.gal\/index.php\/2020\/03\/12\/nestor-rego-deputado-do-bng-no-congreso\/\" title=\"N\u00e9stor Rego, deputado do BNG No Congreso\">[&#8230;]<\/a><\/p>\n<\/div>","protected":false},"author":2,"featured_media":2726,"comment_status":"open","ping_status":"open","sticky":false,"template":"","format":"standard","meta":{"_exactmetrics_skip_tracking":false,"_exactmetrics_sitenote_active":false,"_exactmetrics_sitenote_note":"","_exactmetrics_sitenote_category":0,"footnotes":""},"categories":[264],"tags":[10,781,631],"class_list":{"0":"post-2725","1":"post","2":"type-post","3":"status-publish","4":"format-standard","5":"has-post-thumbnail","7":"category-entrevistas-galicia","8":"tag-bng","9":"tag-congreso-dos-diputados","10":"tag-nestor-rego"},"yoast_head":"<!-- This site is optimized with the Yoast SEO plugin v27.4 - https:\/\/yoast.com\/product\/yoast-seo-wordpress\/ -->\n<title>N\u00e9stor Rego, deputado do BNG No Congreso -<\/title>\n<meta name=\"robots\" content=\"index, follow, max-snippet:-1, max-image-preview:large, max-video-preview:-1\" \/>\n<link rel=\"canonical\" href=\"https:\/\/www.anovapeneira.gal\/index.php\/2020\/03\/12\/nestor-rego-deputado-do-bng-no-congreso\/\" \/>\n<meta property=\"og:locale\" content=\"gl_ES\" \/>\n<meta property=\"og:type\" content=\"article\" \/>\n<meta property=\"og:title\" content=\"N\u00e9stor Rego, deputado do BNG No Congreso -\" \/>\n<meta property=\"og:description\" content=\"O BNG afronta as pr\u00f3ximas elecci\u00f3ns auton\u00f3micas a priori con todo a favor para acadar un magn\u00edfico resultado [...]\" \/>\n<meta property=\"og:url\" content=\"https:\/\/www.anovapeneira.gal\/index.php\/2020\/03\/12\/nestor-rego-deputado-do-bng-no-congreso\/\" \/>\n<meta property=\"article:publisher\" content=\"https:\/\/www.facebook.com\/anovapeneira\" \/>\n<meta property=\"article:published_time\" content=\"2020-03-12T09:00:46+00:00\" \/>\n<meta property=\"og:image\" content=\"https:\/\/www.anovapeneira.gal\/wp-content\/uploads\/2020\/03\/nestor_no_escano_a_nova_peneira.jpg\" \/>\n\t<meta property=\"og:image:width\" content=\"720\" \/>\n\t<meta property=\"og:image:height\" content=\"432\" \/>\n\t<meta property=\"og:image:type\" content=\"image\/jpeg\" \/>\n<meta name=\"author\" content=\"Tino Lago\" \/>\n<meta name=\"twitter:card\" content=\"summary_large_image\" \/>\n<meta name=\"twitter:creator\" content=\"@APeneira\" \/>\n<meta name=\"twitter:site\" content=\"@APeneira\" \/>\n<meta name=\"twitter:label1\" content=\"Escrito por\" \/>\n\t<meta name=\"twitter:data1\" content=\"Tino Lago\" \/>\n\t<meta name=\"twitter:label2\" content=\"Tempo de lectura\" \/>\n\t<meta name=\"twitter:data2\" content=\"13 minutos\" \/>\n<script type=\"application\/ld+json\" class=\"yoast-schema-graph\">{\"@context\":\"https:\\\/\\\/schema.org\",\"@graph\":[{\"@type\":\"Article\",\"@id\":\"https:\\\/\\\/www.anovapeneira.gal\\\/index.php\\\/2020\\\/03\\\/12\\\/nestor-rego-deputado-do-bng-no-congreso\\\/#article\",\"isPartOf\":{\"@id\":\"https:\\\/\\\/www.anovapeneira.gal\\\/index.php\\\/2020\\\/03\\\/12\\\/nestor-rego-deputado-do-bng-no-congreso\\\/\"},\"author\":{\"name\":\"Tino Lago\",\"@id\":\"https:\\\/\\\/www.anovapeneira.gal\\\/#\\\/schema\\\/person\\\/424dfe65e3070fd8a44d22d2c088762a\"},\"headline\":\"N\u00e9stor Rego, deputado do BNG No Congreso\",\"datePublished\":\"2020-03-12T09:00:46+00:00\",\"mainEntityOfPage\":{\"@id\":\"https:\\\/\\\/www.anovapeneira.gal\\\/index.php\\\/2020\\\/03\\\/12\\\/nestor-rego-deputado-do-bng-no-congreso\\\/\"},\"wordCount\":2510,\"commentCount\":0,\"publisher\":{\"@id\":\"https:\\\/\\\/www.anovapeneira.gal\\\/#organization\"},\"image\":{\"@id\":\"https:\\\/\\\/www.anovapeneira.gal\\\/index.php\\\/2020\\\/03\\\/12\\\/nestor-rego-deputado-do-bng-no-congreso\\\/#primaryimage\"},\"thumbnailUrl\":\"https:\\\/\\\/www.anovapeneira.gal\\\/wp-content\\\/uploads\\\/2020\\\/03\\\/nestor_no_escano_a_nova_peneira.jpg\",\"keywords\":[\"BNG\",\"Congreso dos diputados\",\"N\u00e9stor Rego\"],\"articleSection\":[\"Entrevistas\"],\"inLanguage\":\"gl-ES\",\"potentialAction\":[{\"@type\":\"CommentAction\",\"name\":\"Comment\",\"target\":[\"https:\\\/\\\/www.anovapeneira.gal\\\/index.php\\\/2020\\\/03\\\/12\\\/nestor-rego-deputado-do-bng-no-congreso\\\/#respond\"]}]},{\"@type\":\"WebPage\",\"@id\":\"https:\\\/\\\/www.anovapeneira.gal\\\/index.php\\\/2020\\\/03\\\/12\\\/nestor-rego-deputado-do-bng-no-congreso\\\/\",\"url\":\"https:\\\/\\\/www.anovapeneira.gal\\\/index.php\\\/2020\\\/03\\\/12\\\/nestor-rego-deputado-do-bng-no-congreso\\\/\",\"name\":\"N\u00e9stor Rego, deputado do BNG No Congreso -\",\"isPartOf\":{\"@id\":\"https:\\\/\\\/www.anovapeneira.gal\\\/#website\"},\"primaryImageOfPage\":{\"@id\":\"https:\\\/\\\/www.anovapeneira.gal\\\/index.php\\\/2020\\\/03\\\/12\\\/nestor-rego-deputado-do-bng-no-congreso\\\/#primaryimage\"},\"image\":{\"@id\":\"https:\\\/\\\/www.anovapeneira.gal\\\/index.php\\\/2020\\\/03\\\/12\\\/nestor-rego-deputado-do-bng-no-congreso\\\/#primaryimage\"},\"thumbnailUrl\":\"https:\\\/\\\/www.anovapeneira.gal\\\/wp-content\\\/uploads\\\/2020\\\/03\\\/nestor_no_escano_a_nova_peneira.jpg\",\"datePublished\":\"2020-03-12T09:00:46+00:00\",\"breadcrumb\":{\"@id\":\"https:\\\/\\\/www.anovapeneira.gal\\\/index.php\\\/2020\\\/03\\\/12\\\/nestor-rego-deputado-do-bng-no-congreso\\\/#breadcrumb\"},\"inLanguage\":\"gl-ES\",\"potentialAction\":[{\"@type\":\"ReadAction\",\"target\":[\"https:\\\/\\\/www.anovapeneira.gal\\\/index.php\\\/2020\\\/03\\\/12\\\/nestor-rego-deputado-do-bng-no-congreso\\\/\"]}]},{\"@type\":\"ImageObject\",\"inLanguage\":\"gl-ES\",\"@id\":\"https:\\\/\\\/www.anovapeneira.gal\\\/index.php\\\/2020\\\/03\\\/12\\\/nestor-rego-deputado-do-bng-no-congreso\\\/#primaryimage\",\"url\":\"https:\\\/\\\/www.anovapeneira.gal\\\/wp-content\\\/uploads\\\/2020\\\/03\\\/nestor_no_escano_a_nova_peneira.jpg\",\"contentUrl\":\"https:\\\/\\\/www.anovapeneira.gal\\\/wp-content\\\/uploads\\\/2020\\\/03\\\/nestor_no_escano_a_nova_peneira.jpg\",\"width\":720,\"height\":432,\"caption\":\"N\u00e9stor Rego No congreso dos diputados A Nova Peneira\"},{\"@type\":\"BreadcrumbList\",\"@id\":\"https:\\\/\\\/www.anovapeneira.gal\\\/index.php\\\/2020\\\/03\\\/12\\\/nestor-rego-deputado-do-bng-no-congreso\\\/#breadcrumb\",\"itemListElement\":[{\"@type\":\"ListItem\",\"position\":1,\"name\":\"Portada\",\"item\":\"https:\\\/\\\/www.anovapeneira.gal\\\/\"},{\"@type\":\"ListItem\",\"position\":2,\"name\":\"N\u00e9stor Rego, deputado do BNG No Congreso\"}]},{\"@type\":\"WebSite\",\"@id\":\"https:\\\/\\\/www.anovapeneira.gal\\\/#website\",\"url\":\"https:\\\/\\\/www.anovapeneira.gal\\\/\",\"name\":\"\",\"description\":\"Xornal galego de informaci\u00f3n xeral Publicaci\u00f3n mensual de novas de Galicia e en especial dos Concellos da sur da provincia de Pontevedra.\",\"publisher\":{\"@id\":\"https:\\\/\\\/www.anovapeneira.gal\\\/#organization\"},\"potentialAction\":[{\"@type\":\"SearchAction\",\"target\":{\"@type\":\"EntryPoint\",\"urlTemplate\":\"https:\\\/\\\/www.anovapeneira.gal\\\/?s={search_term_string}\"},\"query-input\":{\"@type\":\"PropertyValueSpecification\",\"valueRequired\":true,\"valueName\":\"search_term_string\"}}],\"inLanguage\":\"gl-ES\"},{\"@type\":\"Organization\",\"@id\":\"https:\\\/\\\/www.anovapeneira.gal\\\/#organization\",\"name\":\"A Nova Peneira\",\"url\":\"https:\\\/\\\/www.anovapeneira.gal\\\/\",\"logo\":{\"@type\":\"ImageObject\",\"inLanguage\":\"gl-ES\",\"@id\":\"https:\\\/\\\/www.anovapeneira.gal\\\/#\\\/schema\\\/logo\\\/image\\\/\",\"url\":\"http:\\\/\\\/www.anovapeneira.gal\\\/wp-content\\\/uploads\\\/2019\\\/06\\\/logo_a_nova_peneira_portal_web.png\",\"contentUrl\":\"http:\\\/\\\/www.anovapeneira.gal\\\/wp-content\\\/uploads\\\/2019\\\/06\\\/logo_a_nova_peneira_portal_web.png\",\"width\":300,\"height\":100,\"caption\":\"A Nova Peneira\"},\"image\":{\"@id\":\"https:\\\/\\\/www.anovapeneira.gal\\\/#\\\/schema\\\/logo\\\/image\\\/\"},\"sameAs\":[\"https:\\\/\\\/www.facebook.com\\\/anovapeneira\",\"https:\\\/\\\/x.com\\\/APeneira\"]},{\"@type\":\"Person\",\"@id\":\"https:\\\/\\\/www.anovapeneira.gal\\\/#\\\/schema\\\/person\\\/424dfe65e3070fd8a44d22d2c088762a\",\"name\":\"Tino Lago\",\"image\":{\"@type\":\"ImageObject\",\"inLanguage\":\"gl-ES\",\"@id\":\"https:\\\/\\\/secure.gravatar.com\\\/avatar\\\/b3df6a06e44bab3111583b90f0f33a0379ee5e3d22cbadd232d39f21c30c62be?s=96&d=mm&r=g\",\"url\":\"https:\\\/\\\/secure.gravatar.com\\\/avatar\\\/b3df6a06e44bab3111583b90f0f33a0379ee5e3d22cbadd232d39f21c30c62be?s=96&d=mm&r=g\",\"contentUrl\":\"https:\\\/\\\/secure.gravatar.com\\\/avatar\\\/b3df6a06e44bab3111583b90f0f33a0379ee5e3d22cbadd232d39f21c30c62be?s=96&d=mm&r=g\",\"caption\":\"Tino Lago\"},\"sameAs\":[\"http:\\\/\\\/www.anovapeneira.gal\"],\"url\":\"https:\\\/\\\/www.anovapeneira.gal\\\/index.php\\\/author\\\/director\\\/\"}]}<\/script>\n<!-- \/ Yoast SEO plugin. -->","yoast_head_json":{"title":"N\u00e9stor Rego, deputado do BNG No Congreso -","robots":{"index":"index","follow":"follow","max-snippet":"max-snippet:-1","max-image-preview":"max-image-preview:large","max-video-preview":"max-video-preview:-1"},"canonical":"https:\/\/www.anovapeneira.gal\/index.php\/2020\/03\/12\/nestor-rego-deputado-do-bng-no-congreso\/","og_locale":"gl_ES","og_type":"article","og_title":"N\u00e9stor Rego, deputado do BNG No Congreso -","og_description":"O BNG afronta as pr\u00f3ximas elecci\u00f3ns auton\u00f3micas a priori con todo a favor para acadar un magn\u00edfico resultado [...]","og_url":"https:\/\/www.anovapeneira.gal\/index.php\/2020\/03\/12\/nestor-rego-deputado-do-bng-no-congreso\/","article_publisher":"https:\/\/www.facebook.com\/anovapeneira","article_published_time":"2020-03-12T09:00:46+00:00","og_image":[{"width":720,"height":432,"url":"https:\/\/www.anovapeneira.gal\/wp-content\/uploads\/2020\/03\/nestor_no_escano_a_nova_peneira.jpg","type":"image\/jpeg"}],"author":"Tino Lago","twitter_card":"summary_large_image","twitter_creator":"@APeneira","twitter_site":"@APeneira","twitter_misc":{"Escrito por":"Tino Lago","Tempo de lectura":"13 minutos"},"schema":{"@context":"https:\/\/schema.org","@graph":[{"@type":"Article","@id":"https:\/\/www.anovapeneira.gal\/index.php\/2020\/03\/12\/nestor-rego-deputado-do-bng-no-congreso\/#article","isPartOf":{"@id":"https:\/\/www.anovapeneira.gal\/index.php\/2020\/03\/12\/nestor-rego-deputado-do-bng-no-congreso\/"},"author":{"name":"Tino Lago","@id":"https:\/\/www.anovapeneira.gal\/#\/schema\/person\/424dfe65e3070fd8a44d22d2c088762a"},"headline":"N\u00e9stor Rego, deputado do BNG No Congreso","datePublished":"2020-03-12T09:00:46+00:00","mainEntityOfPage":{"@id":"https:\/\/www.anovapeneira.gal\/index.php\/2020\/03\/12\/nestor-rego-deputado-do-bng-no-congreso\/"},"wordCount":2510,"commentCount":0,"publisher":{"@id":"https:\/\/www.anovapeneira.gal\/#organization"},"image":{"@id":"https:\/\/www.anovapeneira.gal\/index.php\/2020\/03\/12\/nestor-rego-deputado-do-bng-no-congreso\/#primaryimage"},"thumbnailUrl":"https:\/\/www.anovapeneira.gal\/wp-content\/uploads\/2020\/03\/nestor_no_escano_a_nova_peneira.jpg","keywords":["BNG","Congreso dos diputados","N\u00e9stor Rego"],"articleSection":["Entrevistas"],"inLanguage":"gl-ES","potentialAction":[{"@type":"CommentAction","name":"Comment","target":["https:\/\/www.anovapeneira.gal\/index.php\/2020\/03\/12\/nestor-rego-deputado-do-bng-no-congreso\/#respond"]}]},{"@type":"WebPage","@id":"https:\/\/www.anovapeneira.gal\/index.php\/2020\/03\/12\/nestor-rego-deputado-do-bng-no-congreso\/","url":"https:\/\/www.anovapeneira.gal\/index.php\/2020\/03\/12\/nestor-rego-deputado-do-bng-no-congreso\/","name":"N\u00e9stor Rego, deputado do BNG No Congreso -","isPartOf":{"@id":"https:\/\/www.anovapeneira.gal\/#website"},"primaryImageOfPage":{"@id":"https:\/\/www.anovapeneira.gal\/index.php\/2020\/03\/12\/nestor-rego-deputado-do-bng-no-congreso\/#primaryimage"},"image":{"@id":"https:\/\/www.anovapeneira.gal\/index.php\/2020\/03\/12\/nestor-rego-deputado-do-bng-no-congreso\/#primaryimage"},"thumbnailUrl":"https:\/\/www.anovapeneira.gal\/wp-content\/uploads\/2020\/03\/nestor_no_escano_a_nova_peneira.jpg","datePublished":"2020-03-12T09:00:46+00:00","breadcrumb":{"@id":"https:\/\/www.anovapeneira.gal\/index.php\/2020\/03\/12\/nestor-rego-deputado-do-bng-no-congreso\/#breadcrumb"},"inLanguage":"gl-ES","potentialAction":[{"@type":"ReadAction","target":["https:\/\/www.anovapeneira.gal\/index.php\/2020\/03\/12\/nestor-rego-deputado-do-bng-no-congreso\/"]}]},{"@type":"ImageObject","inLanguage":"gl-ES","@id":"https:\/\/www.anovapeneira.gal\/index.php\/2020\/03\/12\/nestor-rego-deputado-do-bng-no-congreso\/#primaryimage","url":"https:\/\/www.anovapeneira.gal\/wp-content\/uploads\/2020\/03\/nestor_no_escano_a_nova_peneira.jpg","contentUrl":"https:\/\/www.anovapeneira.gal\/wp-content\/uploads\/2020\/03\/nestor_no_escano_a_nova_peneira.jpg","width":720,"height":432,"caption":"N\u00e9stor Rego No congreso dos diputados A Nova Peneira"},{"@type":"BreadcrumbList","@id":"https:\/\/www.anovapeneira.gal\/index.php\/2020\/03\/12\/nestor-rego-deputado-do-bng-no-congreso\/#breadcrumb","itemListElement":[{"@type":"ListItem","position":1,"name":"Portada","item":"https:\/\/www.anovapeneira.gal\/"},{"@type":"ListItem","position":2,"name":"N\u00e9stor Rego, deputado do BNG No Congreso"}]},{"@type":"WebSite","@id":"https:\/\/www.anovapeneira.gal\/#website","url":"https:\/\/www.anovapeneira.gal\/","name":"","description":"Xornal galego de informaci\u00f3n xeral Publicaci\u00f3n mensual de novas de Galicia e en especial dos Concellos da sur da provincia de Pontevedra.","publisher":{"@id":"https:\/\/www.anovapeneira.gal\/#organization"},"potentialAction":[{"@type":"SearchAction","target":{"@type":"EntryPoint","urlTemplate":"https:\/\/www.anovapeneira.gal\/?s={search_term_string}"},"query-input":{"@type":"PropertyValueSpecification","valueRequired":true,"valueName":"search_term_string"}}],"inLanguage":"gl-ES"},{"@type":"Organization","@id":"https:\/\/www.anovapeneira.gal\/#organization","name":"A Nova Peneira","url":"https:\/\/www.anovapeneira.gal\/","logo":{"@type":"ImageObject","inLanguage":"gl-ES","@id":"https:\/\/www.anovapeneira.gal\/#\/schema\/logo\/image\/","url":"http:\/\/www.anovapeneira.gal\/wp-content\/uploads\/2019\/06\/logo_a_nova_peneira_portal_web.png","contentUrl":"http:\/\/www.anovapeneira.gal\/wp-content\/uploads\/2019\/06\/logo_a_nova_peneira_portal_web.png","width":300,"height":100,"caption":"A Nova Peneira"},"image":{"@id":"https:\/\/www.anovapeneira.gal\/#\/schema\/logo\/image\/"},"sameAs":["https:\/\/www.facebook.com\/anovapeneira","https:\/\/x.com\/APeneira"]},{"@type":"Person","@id":"https:\/\/www.anovapeneira.gal\/#\/schema\/person\/424dfe65e3070fd8a44d22d2c088762a","name":"Tino Lago","image":{"@type":"ImageObject","inLanguage":"gl-ES","@id":"https:\/\/secure.gravatar.com\/avatar\/b3df6a06e44bab3111583b90f0f33a0379ee5e3d22cbadd232d39f21c30c62be?s=96&d=mm&r=g","url":"https:\/\/secure.gravatar.com\/avatar\/b3df6a06e44bab3111583b90f0f33a0379ee5e3d22cbadd232d39f21c30c62be?s=96&d=mm&r=g","contentUrl":"https:\/\/secure.gravatar.com\/avatar\/b3df6a06e44bab3111583b90f0f33a0379ee5e3d22cbadd232d39f21c30c62be?s=96&d=mm&r=g","caption":"Tino Lago"},"sameAs":["http:\/\/www.anovapeneira.gal"],"url":"https:\/\/www.anovapeneira.gal\/index.php\/author\/director\/"}]}},"jetpack_featured_media_url":"https:\/\/www.anovapeneira.gal\/wp-content\/uploads\/2020\/03\/nestor_no_escano_a_nova_peneira.jpg","_links":{"self":[{"href":"https:\/\/www.anovapeneira.gal\/index.php\/wp-json\/wp\/v2\/posts\/2725","targetHints":{"allow":["GET"]}}],"collection":[{"href":"https:\/\/www.anovapeneira.gal\/index.php\/wp-json\/wp\/v2\/posts"}],"about":[{"href":"https:\/\/www.anovapeneira.gal\/index.php\/wp-json\/wp\/v2\/types\/post"}],"author":[{"embeddable":true,"href":"https:\/\/www.anovapeneira.gal\/index.php\/wp-json\/wp\/v2\/users\/2"}],"replies":[{"embeddable":true,"href":"https:\/\/www.anovapeneira.gal\/index.php\/wp-json\/wp\/v2\/comments?post=2725"}],"version-history":[{"count":2,"href":"https:\/\/www.anovapeneira.gal\/index.php\/wp-json\/wp\/v2\/posts\/2725\/revisions"}],"predecessor-version":[{"id":2729,"href":"https:\/\/www.anovapeneira.gal\/index.php\/wp-json\/wp\/v2\/posts\/2725\/revisions\/2729"}],"wp:featuredmedia":[{"embeddable":true,"href":"https:\/\/www.anovapeneira.gal\/index.php\/wp-json\/wp\/v2\/media\/2726"}],"wp:attachment":[{"href":"https:\/\/www.anovapeneira.gal\/index.php\/wp-json\/wp\/v2\/media?parent=2725"}],"wp:term":[{"taxonomy":"category","embeddable":true,"href":"https:\/\/www.anovapeneira.gal\/index.php\/wp-json\/wp\/v2\/categories?post=2725"},{"taxonomy":"post_tag","embeddable":true,"href":"https:\/\/www.anovapeneira.gal\/index.php\/wp-json\/wp\/v2\/tags?post=2725"}],"curies":[{"name":"wp","href":"https:\/\/api.w.org\/{rel}","templated":true}]}}