{"id":2736,"date":"2020-03-12T14:00:46","date_gmt":"2020-03-12T13:00:46","guid":{"rendered":"http:\/\/www.anovapeneira.gal\/?p=2736"},"modified":"2020-03-11T20:53:09","modified_gmt":"2020-03-11T19:53:09","slug":"a-coordinadora-contra-a-casa-de-apostas-en-redondela-seguira-dando-a-batalla","status":"publish","type":"post","link":"https:\/\/www.anovapeneira.gal\/index.php\/2020\/03\/12\/a-coordinadora-contra-a-casa-de-apostas-en-redondela-seguira-dando-a-batalla\/","title":{"rendered":"A Coordinadora contra a casa de apostas en Redondela seguir\u00e1 dando a batalla"},"content":{"rendered":"\n<p><strong>Redondela, 10 de marzo de 2020<\/strong><\/p>\n\n\n\n<p>O pasado luns tivo lugar unha asamblea aberta convocada pola coordinadora contra a casa de apostas.  Na  xuntanza  adem\u00e1is  de  dar  as  explicaci\u00f3ns oportunas  de  toda  a  informaci\u00f3n trasladada  dende  o  concello  xa  na  semana  en  que  se  resolveu  a  licenza  de  obra  tam\u00e9n  se chegaron a acordos para seguir dando a batalla. Deste  xeito a coordinadora quere  informar \u00e1 veci\u00f1anza  das  seguintes  acci\u00f3ns  que  pretenden  desenrolar  e  para  as  que  piden  un  apoio contundente  dos  vecinos  e  veci\u00f1as  de  Redondela  posto  que  o  \u00fanico  que  queda  \u00e9  a  presi\u00f3n social para que a Xunta de Galicia non conceda a autorizaci\u00f3n definitiva a esta actividade nese local tan pr\u00f3ximo aos colexios de Redondela.<\/p>\n\n\n\n<p>Entre  as  acci\u00f3ns  est\u00e1  pedir  unha  cita  con  responsables  da  Xunta  de  Galicia  para  obter informaci\u00f3n  precisa  de  c\u00f3mo  est\u00e1  esa  autorizaci\u00f3n  concedida  en  abril  do  ano  pasado  e  con vixencia  dun  ano,  a  esperanza  da  Coordinadora  dende  o  principio  era facer  correr  o  tempo para  que  esa  autorizaci\u00f3n  da  Xunta  caducase,  agora  a  menos  dun  mes  de  que  caduque  \u00e9 preciso que a Xunta explique como est\u00e1 o tr\u00e1mite e que posibilidades hai de que non concedan a autorizaci\u00f3n definitiva, documento sen o cal non poder\u00edan abrir a casa de apostas.<\/p>\n\n\n\n<p>Tam\u00e9n queren retomar as concentraci\u00f3ns diante do local para todos os luns \u00e1s 18:00 horas a partir da pr\u00f3xima semana , \u201cconcentrar\u00e9monostodos os luns ata o 9 de abril diante do local e temos que conseguir que sexan concentraci\u00f3ns numerosas posto que \u00e9 o \u00fanico que nos queda, a  presi\u00f3n  social,  para  que  a  Xunta  non  lles  dea  esa  autorizaci\u00f3n  definitiva\u201d relatan dende a coordinadora.<\/p>\n\n\n\n<p>Acordouse  de igual modo remitir unha carta \u00e1 empresa  Uni\u00f3n de  Operadores SA que  \u00e9  a que pretende  montar  o  &#8220;negocio&#8221;  e  ao  presidente  da  asociaci\u00f3n  de  empresarios  do  xogo  para educadamente  informarlles  que  non  deixaremos  a  loita,  que  a\u00ednda  que  abran  seguiremos  al\u00ed diante  dando  informaci\u00f3n  a  quen  queira  entrar  e  velando  porque  non  entren  menores,  que estaremos al\u00ed para \u00e1 m\u00ednima chamar \u00e1 polic\u00eda e procurar que lles pechen a sala. \u201cPara que esta carta  sexa  m\u00e1is  convincente  tam\u00e9n  necesitamos  movilizar  apoios  tanto  nas  concentraci\u00f3ns como na cita coa Xunta\u201d deste modo pide a coordinadora que a veci\u00f1anza de Redondela apoie e se implique nas pr\u00f3ximas acci\u00f3ns. <\/p>\n\n\n\n<p>A  resposta  \u00e1salegaci\u00f3ns  est\u00e1n  chegando  \u00e1s casas,  xa  chegaron  as  que  foron  presentadas  por sede electr\u00f3nica e tam\u00e9n chegou a resposta da Valedora do Pobo.<\/p>\n\n\n\n<p><strong>Alegaci\u00f3ns.<\/strong><\/p>\n\n\n\n<p>Na resposta  a estas  alegaci\u00f3ns a conclusi\u00f3n que  se  saca \u00e9  que  as medici\u00f3ns feitas  pola Xunta son as que mellor favorecen ao empresario cando a normativa non especifica como se deber\u00e1 medir. A  coordinadora  conseguiu  presentar  m\u00e1is  de  2.000  alegaci\u00f3ns  e  sa\u00edr  \u00e1  r\u00faa  nunha numerosa manifestaci\u00f3n no mes de outubro pasado. \u201cAgora m\u00e1is  que  nunca  precisamos  que todos os colectivos que nos apoiaron naquela manifestaci\u00f3n como as persoas que firmaron as alegaci\u00f3ns nos acompa\u00f1en os luns \u00e1s seis da tarde\u201d, as\u00ed fan un chamamento \u00e1 desesperada sabedores  de  que  non  \u00e9  doado  pero  que  Redondela  xa  antes  conseguiu  frear  outras  cousas sa\u00edndo \u00e1 r\u00faa.<\/p>\n","protected":false},"excerpt":{"rendered":"<div class=\"mh-excerpt\"><p>O pasado luns tivo lugar unha asamblea aberta convocada pola coordinadora contra a casa de apostas <a class=\"mh-excerpt-more\" href=\"https:\/\/www.anovapeneira.gal\/index.php\/2020\/03\/12\/a-coordinadora-contra-a-casa-de-apostas-en-redondela-seguira-dando-a-batalla\/\" title=\"A Coordinadora contra a casa de apostas en Redondela seguir\u00e1 dando a batalla\">[&#8230;]<\/a><\/p>\n<\/div>","protected":false},"author":3,"featured_media":2737,"comment_status":"open","ping_status":"open","sticky":false,"template":"","format":"standard","meta":{"_exactmetrics_skip_tracking":false,"_exactmetrics_sitenote_active":false,"_exactmetrics_sitenote_note":"","_exactmetrics_sitenote_category":0,"footnotes":""},"categories":[24],"tags":[171],"class_list":{"0":"post-2736","1":"post","2":"type-post","3":"status-publish","4":"format-standard","5":"has-post-thumbnail","7":"category-redondela","8":"tag-concello-de-redondela"},"yoast_head":"<!-- This site is optimized with the Yoast SEO plugin v27.4 - https:\/\/yoast.com\/product\/yoast-seo-wordpress\/ -->\n<title>A Coordinadora contra a casa de apostas en Redondela seguir\u00e1 dando a batalla -<\/title>\n<meta name=\"robots\" content=\"index, follow, max-snippet:-1, max-image-preview:large, max-video-preview:-1\" \/>\n<link rel=\"canonical\" href=\"https:\/\/www.anovapeneira.gal\/index.php\/2020\/03\/12\/a-coordinadora-contra-a-casa-de-apostas-en-redondela-seguira-dando-a-batalla\/\" \/>\n<meta property=\"og:locale\" content=\"gl_ES\" \/>\n<meta property=\"og:type\" content=\"article\" \/>\n<meta property=\"og:title\" content=\"A Coordinadora contra a casa de apostas en Redondela seguir\u00e1 dando a batalla -\" \/>\n<meta property=\"og:description\" content=\"O pasado luns tivo lugar unha asamblea aberta convocada pola coordinadora contra a casa de apostas [...]\" \/>\n<meta property=\"og:url\" content=\"https:\/\/www.anovapeneira.gal\/index.php\/2020\/03\/12\/a-coordinadora-contra-a-casa-de-apostas-en-redondela-seguira-dando-a-batalla\/\" \/>\n<meta property=\"article:publisher\" content=\"https:\/\/www.facebook.com\/anovapeneira\" \/>\n<meta property=\"article:published_time\" content=\"2020-03-12T13:00:46+00:00\" \/>\n<meta property=\"og:image\" content=\"https:\/\/www.anovapeneira.gal\/wp-content\/uploads\/2020\/03\/manifestacion_redondela_a_nova_peneira.jpg\" \/>\n\t<meta property=\"og:image:width\" content=\"720\" \/>\n\t<meta property=\"og:image:height\" content=\"432\" \/>\n\t<meta property=\"og:image:type\" content=\"image\/jpeg\" \/>\n<meta name=\"author\" content=\"Redacci\u00f3n A Nova Peneira\" \/>\n<meta name=\"twitter:card\" content=\"summary_large_image\" \/>\n<meta name=\"twitter:creator\" content=\"@APeneira\" \/>\n<meta name=\"twitter:site\" content=\"@APeneira\" \/>\n<meta name=\"twitter:label1\" content=\"Escrito por\" \/>\n\t<meta name=\"twitter:data1\" content=\"Redacci\u00f3n A Nova Peneira\" \/>\n\t<meta name=\"twitter:label2\" content=\"Tempo de lectura\" \/>\n\t<meta name=\"twitter:data2\" content=\"3 minutos\" \/>\n<script type=\"application\/ld+json\" class=\"yoast-schema-graph\">{\"@context\":\"https:\\\/\\\/schema.org\",\"@graph\":[{\"@type\":\"Article\",\"@id\":\"https:\\\/\\\/www.anovapeneira.gal\\\/index.php\\\/2020\\\/03\\\/12\\\/a-coordinadora-contra-a-casa-de-apostas-en-redondela-seguira-dando-a-batalla\\\/#article\",\"isPartOf\":{\"@id\":\"https:\\\/\\\/www.anovapeneira.gal\\\/index.php\\\/2020\\\/03\\\/12\\\/a-coordinadora-contra-a-casa-de-apostas-en-redondela-seguira-dando-a-batalla\\\/\"},\"author\":{\"name\":\"Redacci\u00f3n A Nova Peneira\",\"@id\":\"https:\\\/\\\/www.anovapeneira.gal\\\/#\\\/schema\\\/person\\\/b93e3f8932e3f8da96334607eb6ac6aa\"},\"headline\":\"A Coordinadora contra a casa de apostas en Redondela seguir\u00e1 dando a batalla\",\"datePublished\":\"2020-03-12T13:00:46+00:00\",\"mainEntityOfPage\":{\"@id\":\"https:\\\/\\\/www.anovapeneira.gal\\\/index.php\\\/2020\\\/03\\\/12\\\/a-coordinadora-contra-a-casa-de-apostas-en-redondela-seguira-dando-a-batalla\\\/\"},\"wordCount\":567,\"commentCount\":0,\"publisher\":{\"@id\":\"https:\\\/\\\/www.anovapeneira.gal\\\/#organization\"},\"image\":{\"@id\":\"https:\\\/\\\/www.anovapeneira.gal\\\/index.php\\\/2020\\\/03\\\/12\\\/a-coordinadora-contra-a-casa-de-apostas-en-redondela-seguira-dando-a-batalla\\\/#primaryimage\"},\"thumbnailUrl\":\"https:\\\/\\\/www.anovapeneira.gal\\\/wp-content\\\/uploads\\\/2020\\\/03\\\/manifestacion_redondela_a_nova_peneira.jpg\",\"keywords\":[\"Concello de Redondela\"],\"articleSection\":[\"Redondela\"],\"inLanguage\":\"gl-ES\",\"potentialAction\":[{\"@type\":\"CommentAction\",\"name\":\"Comment\",\"target\":[\"https:\\\/\\\/www.anovapeneira.gal\\\/index.php\\\/2020\\\/03\\\/12\\\/a-coordinadora-contra-a-casa-de-apostas-en-redondela-seguira-dando-a-batalla\\\/#respond\"]}]},{\"@type\":\"WebPage\",\"@id\":\"https:\\\/\\\/www.anovapeneira.gal\\\/index.php\\\/2020\\\/03\\\/12\\\/a-coordinadora-contra-a-casa-de-apostas-en-redondela-seguira-dando-a-batalla\\\/\",\"url\":\"https:\\\/\\\/www.anovapeneira.gal\\\/index.php\\\/2020\\\/03\\\/12\\\/a-coordinadora-contra-a-casa-de-apostas-en-redondela-seguira-dando-a-batalla\\\/\",\"name\":\"A Coordinadora contra a casa de apostas en Redondela seguir\u00e1 dando a batalla -\",\"isPartOf\":{\"@id\":\"https:\\\/\\\/www.anovapeneira.gal\\\/#website\"},\"primaryImageOfPage\":{\"@id\":\"https:\\\/\\\/www.anovapeneira.gal\\\/index.php\\\/2020\\\/03\\\/12\\\/a-coordinadora-contra-a-casa-de-apostas-en-redondela-seguira-dando-a-batalla\\\/#primaryimage\"},\"image\":{\"@id\":\"https:\\\/\\\/www.anovapeneira.gal\\\/index.php\\\/2020\\\/03\\\/12\\\/a-coordinadora-contra-a-casa-de-apostas-en-redondela-seguira-dando-a-batalla\\\/#primaryimage\"},\"thumbnailUrl\":\"https:\\\/\\\/www.anovapeneira.gal\\\/wp-content\\\/uploads\\\/2020\\\/03\\\/manifestacion_redondela_a_nova_peneira.jpg\",\"datePublished\":\"2020-03-12T13:00:46+00:00\",\"breadcrumb\":{\"@id\":\"https:\\\/\\\/www.anovapeneira.gal\\\/index.php\\\/2020\\\/03\\\/12\\\/a-coordinadora-contra-a-casa-de-apostas-en-redondela-seguira-dando-a-batalla\\\/#breadcrumb\"},\"inLanguage\":\"gl-ES\",\"potentialAction\":[{\"@type\":\"ReadAction\",\"target\":[\"https:\\\/\\\/www.anovapeneira.gal\\\/index.php\\\/2020\\\/03\\\/12\\\/a-coordinadora-contra-a-casa-de-apostas-en-redondela-seguira-dando-a-batalla\\\/\"]}]},{\"@type\":\"ImageObject\",\"inLanguage\":\"gl-ES\",\"@id\":\"https:\\\/\\\/www.anovapeneira.gal\\\/index.php\\\/2020\\\/03\\\/12\\\/a-coordinadora-contra-a-casa-de-apostas-en-redondela-seguira-dando-a-batalla\\\/#primaryimage\",\"url\":\"https:\\\/\\\/www.anovapeneira.gal\\\/wp-content\\\/uploads\\\/2020\\\/03\\\/manifestacion_redondela_a_nova_peneira.jpg\",\"contentUrl\":\"https:\\\/\\\/www.anovapeneira.gal\\\/wp-content\\\/uploads\\\/2020\\\/03\\\/manifestacion_redondela_a_nova_peneira.jpg\",\"width\":720,\"height\":432,\"caption\":\"Manifestaci\u00f3n casa de apostas Concello de Redondela A Nova Peneira\"},{\"@type\":\"BreadcrumbList\",\"@id\":\"https:\\\/\\\/www.anovapeneira.gal\\\/index.php\\\/2020\\\/03\\\/12\\\/a-coordinadora-contra-a-casa-de-apostas-en-redondela-seguira-dando-a-batalla\\\/#breadcrumb\",\"itemListElement\":[{\"@type\":\"ListItem\",\"position\":1,\"name\":\"Portada\",\"item\":\"https:\\\/\\\/www.anovapeneira.gal\\\/\"},{\"@type\":\"ListItem\",\"position\":2,\"name\":\"A Coordinadora contra a casa de apostas en Redondela seguir\u00e1 dando a batalla\"}]},{\"@type\":\"WebSite\",\"@id\":\"https:\\\/\\\/www.anovapeneira.gal\\\/#website\",\"url\":\"https:\\\/\\\/www.anovapeneira.gal\\\/\",\"name\":\"\",\"description\":\"Xornal galego de informaci\u00f3n xeral Publicaci\u00f3n mensual de novas de Galicia e en especial dos Concellos da sur da provincia de Pontevedra.\",\"publisher\":{\"@id\":\"https:\\\/\\\/www.anovapeneira.gal\\\/#organization\"},\"potentialAction\":[{\"@type\":\"SearchAction\",\"target\":{\"@type\":\"EntryPoint\",\"urlTemplate\":\"https:\\\/\\\/www.anovapeneira.gal\\\/?s={search_term_string}\"},\"query-input\":{\"@type\":\"PropertyValueSpecification\",\"valueRequired\":true,\"valueName\":\"search_term_string\"}}],\"inLanguage\":\"gl-ES\"},{\"@type\":\"Organization\",\"@id\":\"https:\\\/\\\/www.anovapeneira.gal\\\/#organization\",\"name\":\"A Nova Peneira\",\"url\":\"https:\\\/\\\/www.anovapeneira.gal\\\/\",\"logo\":{\"@type\":\"ImageObject\",\"inLanguage\":\"gl-ES\",\"@id\":\"https:\\\/\\\/www.anovapeneira.gal\\\/#\\\/schema\\\/logo\\\/image\\\/\",\"url\":\"http:\\\/\\\/www.anovapeneira.gal\\\/wp-content\\\/uploads\\\/2019\\\/06\\\/logo_a_nova_peneira_portal_web.png\",\"contentUrl\":\"http:\\\/\\\/www.anovapeneira.gal\\\/wp-content\\\/uploads\\\/2019\\\/06\\\/logo_a_nova_peneira_portal_web.png\",\"width\":300,\"height\":100,\"caption\":\"A Nova Peneira\"},\"image\":{\"@id\":\"https:\\\/\\\/www.anovapeneira.gal\\\/#\\\/schema\\\/logo\\\/image\\\/\"},\"sameAs\":[\"https:\\\/\\\/www.facebook.com\\\/anovapeneira\",\"https:\\\/\\\/x.com\\\/APeneira\"]},{\"@type\":\"Person\",\"@id\":\"https:\\\/\\\/www.anovapeneira.gal\\\/#\\\/schema\\\/person\\\/b93e3f8932e3f8da96334607eb6ac6aa\",\"name\":\"Redacci\u00f3n A Nova Peneira\",\"image\":{\"@type\":\"ImageObject\",\"inLanguage\":\"gl-ES\",\"@id\":\"https:\\\/\\\/secure.gravatar.com\\\/avatar\\\/c052a2551a06e23fac63626232eaa90abd78dbcf1700fc46a2b2c89fd27b735f?s=96&d=mm&r=g\",\"url\":\"https:\\\/\\\/secure.gravatar.com\\\/avatar\\\/c052a2551a06e23fac63626232eaa90abd78dbcf1700fc46a2b2c89fd27b735f?s=96&d=mm&r=g\",\"contentUrl\":\"https:\\\/\\\/secure.gravatar.com\\\/avatar\\\/c052a2551a06e23fac63626232eaa90abd78dbcf1700fc46a2b2c89fd27b735f?s=96&d=mm&r=g\",\"caption\":\"Redacci\u00f3n A Nova Peneira\"},\"sameAs\":[\"http:\\\/\\\/www.anovapeneira.gal\\\/\"],\"url\":\"https:\\\/\\\/www.anovapeneira.gal\\\/index.php\\\/author\\\/redactor\\\/\"}]}<\/script>\n<!-- \/ Yoast SEO plugin. -->","yoast_head_json":{"title":"A Coordinadora contra a casa de apostas en Redondela seguir\u00e1 dando a batalla -","robots":{"index":"index","follow":"follow","max-snippet":"max-snippet:-1","max-image-preview":"max-image-preview:large","max-video-preview":"max-video-preview:-1"},"canonical":"https:\/\/www.anovapeneira.gal\/index.php\/2020\/03\/12\/a-coordinadora-contra-a-casa-de-apostas-en-redondela-seguira-dando-a-batalla\/","og_locale":"gl_ES","og_type":"article","og_title":"A Coordinadora contra a casa de apostas en Redondela seguir\u00e1 dando a batalla -","og_description":"O pasado luns tivo lugar unha asamblea aberta convocada pola coordinadora contra a casa de apostas [...]","og_url":"https:\/\/www.anovapeneira.gal\/index.php\/2020\/03\/12\/a-coordinadora-contra-a-casa-de-apostas-en-redondela-seguira-dando-a-batalla\/","article_publisher":"https:\/\/www.facebook.com\/anovapeneira","article_published_time":"2020-03-12T13:00:46+00:00","og_image":[{"width":720,"height":432,"url":"https:\/\/www.anovapeneira.gal\/wp-content\/uploads\/2020\/03\/manifestacion_redondela_a_nova_peneira.jpg","type":"image\/jpeg"}],"author":"Redacci\u00f3n A Nova Peneira","twitter_card":"summary_large_image","twitter_creator":"@APeneira","twitter_site":"@APeneira","twitter_misc":{"Escrito por":"Redacci\u00f3n A Nova Peneira","Tempo de lectura":"3 minutos"},"schema":{"@context":"https:\/\/schema.org","@graph":[{"@type":"Article","@id":"https:\/\/www.anovapeneira.gal\/index.php\/2020\/03\/12\/a-coordinadora-contra-a-casa-de-apostas-en-redondela-seguira-dando-a-batalla\/#article","isPartOf":{"@id":"https:\/\/www.anovapeneira.gal\/index.php\/2020\/03\/12\/a-coordinadora-contra-a-casa-de-apostas-en-redondela-seguira-dando-a-batalla\/"},"author":{"name":"Redacci\u00f3n A Nova Peneira","@id":"https:\/\/www.anovapeneira.gal\/#\/schema\/person\/b93e3f8932e3f8da96334607eb6ac6aa"},"headline":"A Coordinadora contra a casa de apostas en Redondela seguir\u00e1 dando a batalla","datePublished":"2020-03-12T13:00:46+00:00","mainEntityOfPage":{"@id":"https:\/\/www.anovapeneira.gal\/index.php\/2020\/03\/12\/a-coordinadora-contra-a-casa-de-apostas-en-redondela-seguira-dando-a-batalla\/"},"wordCount":567,"commentCount":0,"publisher":{"@id":"https:\/\/www.anovapeneira.gal\/#organization"},"image":{"@id":"https:\/\/www.anovapeneira.gal\/index.php\/2020\/03\/12\/a-coordinadora-contra-a-casa-de-apostas-en-redondela-seguira-dando-a-batalla\/#primaryimage"},"thumbnailUrl":"https:\/\/www.anovapeneira.gal\/wp-content\/uploads\/2020\/03\/manifestacion_redondela_a_nova_peneira.jpg","keywords":["Concello de Redondela"],"articleSection":["Redondela"],"inLanguage":"gl-ES","potentialAction":[{"@type":"CommentAction","name":"Comment","target":["https:\/\/www.anovapeneira.gal\/index.php\/2020\/03\/12\/a-coordinadora-contra-a-casa-de-apostas-en-redondela-seguira-dando-a-batalla\/#respond"]}]},{"@type":"WebPage","@id":"https:\/\/www.anovapeneira.gal\/index.php\/2020\/03\/12\/a-coordinadora-contra-a-casa-de-apostas-en-redondela-seguira-dando-a-batalla\/","url":"https:\/\/www.anovapeneira.gal\/index.php\/2020\/03\/12\/a-coordinadora-contra-a-casa-de-apostas-en-redondela-seguira-dando-a-batalla\/","name":"A Coordinadora contra a casa de apostas en Redondela seguir\u00e1 dando a batalla -","isPartOf":{"@id":"https:\/\/www.anovapeneira.gal\/#website"},"primaryImageOfPage":{"@id":"https:\/\/www.anovapeneira.gal\/index.php\/2020\/03\/12\/a-coordinadora-contra-a-casa-de-apostas-en-redondela-seguira-dando-a-batalla\/#primaryimage"},"image":{"@id":"https:\/\/www.anovapeneira.gal\/index.php\/2020\/03\/12\/a-coordinadora-contra-a-casa-de-apostas-en-redondela-seguira-dando-a-batalla\/#primaryimage"},"thumbnailUrl":"https:\/\/www.anovapeneira.gal\/wp-content\/uploads\/2020\/03\/manifestacion_redondela_a_nova_peneira.jpg","datePublished":"2020-03-12T13:00:46+00:00","breadcrumb":{"@id":"https:\/\/www.anovapeneira.gal\/index.php\/2020\/03\/12\/a-coordinadora-contra-a-casa-de-apostas-en-redondela-seguira-dando-a-batalla\/#breadcrumb"},"inLanguage":"gl-ES","potentialAction":[{"@type":"ReadAction","target":["https:\/\/www.anovapeneira.gal\/index.php\/2020\/03\/12\/a-coordinadora-contra-a-casa-de-apostas-en-redondela-seguira-dando-a-batalla\/"]}]},{"@type":"ImageObject","inLanguage":"gl-ES","@id":"https:\/\/www.anovapeneira.gal\/index.php\/2020\/03\/12\/a-coordinadora-contra-a-casa-de-apostas-en-redondela-seguira-dando-a-batalla\/#primaryimage","url":"https:\/\/www.anovapeneira.gal\/wp-content\/uploads\/2020\/03\/manifestacion_redondela_a_nova_peneira.jpg","contentUrl":"https:\/\/www.anovapeneira.gal\/wp-content\/uploads\/2020\/03\/manifestacion_redondela_a_nova_peneira.jpg","width":720,"height":432,"caption":"Manifestaci\u00f3n casa de apostas Concello de Redondela A Nova Peneira"},{"@type":"BreadcrumbList","@id":"https:\/\/www.anovapeneira.gal\/index.php\/2020\/03\/12\/a-coordinadora-contra-a-casa-de-apostas-en-redondela-seguira-dando-a-batalla\/#breadcrumb","itemListElement":[{"@type":"ListItem","position":1,"name":"Portada","item":"https:\/\/www.anovapeneira.gal\/"},{"@type":"ListItem","position":2,"name":"A Coordinadora contra a casa de apostas en Redondela seguir\u00e1 dando a batalla"}]},{"@type":"WebSite","@id":"https:\/\/www.anovapeneira.gal\/#website","url":"https:\/\/www.anovapeneira.gal\/","name":"","description":"Xornal galego de informaci\u00f3n xeral Publicaci\u00f3n mensual de novas de Galicia e en especial dos Concellos da sur da provincia de Pontevedra.","publisher":{"@id":"https:\/\/www.anovapeneira.gal\/#organization"},"potentialAction":[{"@type":"SearchAction","target":{"@type":"EntryPoint","urlTemplate":"https:\/\/www.anovapeneira.gal\/?s={search_term_string}"},"query-input":{"@type":"PropertyValueSpecification","valueRequired":true,"valueName":"search_term_string"}}],"inLanguage":"gl-ES"},{"@type":"Organization","@id":"https:\/\/www.anovapeneira.gal\/#organization","name":"A Nova Peneira","url":"https:\/\/www.anovapeneira.gal\/","logo":{"@type":"ImageObject","inLanguage":"gl-ES","@id":"https:\/\/www.anovapeneira.gal\/#\/schema\/logo\/image\/","url":"http:\/\/www.anovapeneira.gal\/wp-content\/uploads\/2019\/06\/logo_a_nova_peneira_portal_web.png","contentUrl":"http:\/\/www.anovapeneira.gal\/wp-content\/uploads\/2019\/06\/logo_a_nova_peneira_portal_web.png","width":300,"height":100,"caption":"A Nova Peneira"},"image":{"@id":"https:\/\/www.anovapeneira.gal\/#\/schema\/logo\/image\/"},"sameAs":["https:\/\/www.facebook.com\/anovapeneira","https:\/\/x.com\/APeneira"]},{"@type":"Person","@id":"https:\/\/www.anovapeneira.gal\/#\/schema\/person\/b93e3f8932e3f8da96334607eb6ac6aa","name":"Redacci\u00f3n A Nova Peneira","image":{"@type":"ImageObject","inLanguage":"gl-ES","@id":"https:\/\/secure.gravatar.com\/avatar\/c052a2551a06e23fac63626232eaa90abd78dbcf1700fc46a2b2c89fd27b735f?s=96&d=mm&r=g","url":"https:\/\/secure.gravatar.com\/avatar\/c052a2551a06e23fac63626232eaa90abd78dbcf1700fc46a2b2c89fd27b735f?s=96&d=mm&r=g","contentUrl":"https:\/\/secure.gravatar.com\/avatar\/c052a2551a06e23fac63626232eaa90abd78dbcf1700fc46a2b2c89fd27b735f?s=96&d=mm&r=g","caption":"Redacci\u00f3n A Nova Peneira"},"sameAs":["http:\/\/www.anovapeneira.gal\/"],"url":"https:\/\/www.anovapeneira.gal\/index.php\/author\/redactor\/"}]}},"jetpack_featured_media_url":"https:\/\/www.anovapeneira.gal\/wp-content\/uploads\/2020\/03\/manifestacion_redondela_a_nova_peneira.jpg","_links":{"self":[{"href":"https:\/\/www.anovapeneira.gal\/index.php\/wp-json\/wp\/v2\/posts\/2736","targetHints":{"allow":["GET"]}}],"collection":[{"href":"https:\/\/www.anovapeneira.gal\/index.php\/wp-json\/wp\/v2\/posts"}],"about":[{"href":"https:\/\/www.anovapeneira.gal\/index.php\/wp-json\/wp\/v2\/types\/post"}],"author":[{"embeddable":true,"href":"https:\/\/www.anovapeneira.gal\/index.php\/wp-json\/wp\/v2\/users\/3"}],"replies":[{"embeddable":true,"href":"https:\/\/www.anovapeneira.gal\/index.php\/wp-json\/wp\/v2\/comments?post=2736"}],"version-history":[{"count":1,"href":"https:\/\/www.anovapeneira.gal\/index.php\/wp-json\/wp\/v2\/posts\/2736\/revisions"}],"predecessor-version":[{"id":2738,"href":"https:\/\/www.anovapeneira.gal\/index.php\/wp-json\/wp\/v2\/posts\/2736\/revisions\/2738"}],"wp:featuredmedia":[{"embeddable":true,"href":"https:\/\/www.anovapeneira.gal\/index.php\/wp-json\/wp\/v2\/media\/2737"}],"wp:attachment":[{"href":"https:\/\/www.anovapeneira.gal\/index.php\/wp-json\/wp\/v2\/media?parent=2736"}],"wp:term":[{"taxonomy":"category","embeddable":true,"href":"https:\/\/www.anovapeneira.gal\/index.php\/wp-json\/wp\/v2\/categories?post=2736"},{"taxonomy":"post_tag","embeddable":true,"href":"https:\/\/www.anovapeneira.gal\/index.php\/wp-json\/wp\/v2\/tags?post=2736"}],"curies":[{"name":"wp","href":"https:\/\/api.w.org\/{rel}","templated":true}]}}