{"id":2740,"date":"2020-03-13T10:00:16","date_gmt":"2020-03-13T09:00:16","guid":{"rendered":"http:\/\/www.anovapeneira.gal\/?p=2740"},"modified":"2020-03-12T16:01:13","modified_gmt":"2020-03-12T15:01:13","slug":"galicia-esta-moi-preto-do-cambio-politico-e-ningun-voto-progresista-pode-quedar-na-casa-o-5a","status":"publish","type":"post","link":"https:\/\/www.anovapeneira.gal\/index.php\/2020\/03\/13\/galicia-esta-moi-preto-do-cambio-politico-e-ningun-voto-progresista-pode-quedar-na-casa-o-5a\/","title":{"rendered":"Galicia est\u00e1 moi preto do cambio pol\u00edtico e ning\u00fan voto progresista pode quedar na casa o 5A"},"content":{"rendered":"\n<p>O candidato de Galicia en Com\u00fan-Anova Mareas, Ant\u00f3n G\u00f3mez-Reino, presentou hoxe unha coalici\u00f3n \u201cimpresincidible para o pa\u00eds e que foi a peor nova para Feij\u00f3o\u201d<\/p>\n\n\n\n<p>Marti\u00f1o Noriega, n\u00famero tres pola Coru\u00f1a, subli\u00f1ou a valent\u00eda e o compromiso que amosa esta alianza mentres Eva Solla fixo fincap\u00e9 no traballo feito na defensa da sanidade p\u00fablica desde o Parlamento galego<\/p>\n\n\n\n<p>\nAudio:\n<a href=\"https:\/\/i.gal\/ziQ6i\">https:\/\/i.gal\/ziQ6i<\/a><\/p>\n\n\n\n<p>\nSantiago, 11 de marzo.-\n\u201cEsta\ncoalici\u00f3n \u00e9 unha boa nova para a cidadan\u00eda progresista deste pa\u00eds\ne a peor nova para o Partido Popular de Alberto N\u00fa\u00f1ez Feij\u00f3o. Esta\nalianza proba que estamos a altura da responsabilidade hist\u00f3rica e\nque representamos o caudal pol\u00edtico do cambio en Galicia que se ven\nmanifestando nos distintos procesos electorais destes \u00faltimos meses.\nSomos imprescindibles para o cambio no pa\u00eds\u201d.<\/p>\n\n\n\n<p>\nO candidato de Galicia en\nCom\u00fan-Anova-Mareas a Xunta de Galicia, Ant\u00f3n G\u00f3mez-Reino, fac\u00eda\nesta reflexi\u00f3n hoxe a ma\u00f1\u00e1 na presentaci\u00f3n da coalici\u00f3n que\nlidera para capitalizar o cambio pol\u00edtico no pa\u00eds o vindeiro 5 de\nabril e descabalgar ao PP de Alberto N\u00fa\u00f1ez Feij\u00f3o logo dun longo\ndecenio negro. Fac\u00eda acompa\u00f1ado de Eva Solla, cabeza de lista por\nPontevedra, e de Marti\u00f1o Noriega, n\u00famero tres na Coru\u00f1a. \n<\/p>\n\n\n\n<p>\n\u201cAdiar\nas elecci\u00f3n auton\u00f3micas non pode ser unha cuesti\u00f3n de oportunidade\npol\u00edtica. Non \u00e9 decisi\u00f3n de Feij\u00f3o, ten que ser cousa das\nautoridades sanitarias\u201d, respostaba G\u00f3mez-Reino as preguntas dos\nmedios nun almorzo informativo a primeira hora en Compostela. \n<\/p>\n\n\n\n<p>\n\u201cDesde\nGalicia en Com\u00fan temos moi claro que o fundamental \u00e9 garantir a\nsa\u00fade p\u00fablica do conxunto da cidadan\u00eda galega i esa deber ser a\npreocupaci\u00f3n m\u00e1xima agora mesmo. Estamos en contacto permanente\ncoas autoridades do Estado e da Xunta e ao dispor das autoridades\nsanitarias para colaborar en que o proceso electoral se desenvolva\ncon todas as garant\u00edas\u201d, insistiu o candidato a Xunta de Galicia. \n<\/p>\n\n\n\n<p>\n\u201cO\ntempo de Feijoo rematou. \u00c9 evidente que o Goberno do Estado est\u00e1 a\ndar exemplo do tipo de medidas fundamentais que temos que facer a\npartir do 5A: suba do SMI, regular os alugueiros, evitar os\ndesafuizamentos,&#8230; que marcan con claridade o cami\u00f1o desde Galicia\nen Com\u00fan-Anova-Mareas que temos que imprimir no pr\u00f3ximo Goberno,\nplural e progresista, na Xunta de Galicia\u201d, afirmou o candidato de\nGalicia en Com\u00fan-Anova Mareas. \n<\/p>\n\n\n\n<p>\nMarti\u00f1o Noriega quixo\nsalientar que \u201cesta coalici\u00f3n atende \u00e1 esixencia de continuar\nconstru\u00edndo unha alternativa caracterizada pola s\u00faa valent\u00eda e\npolo seu compromiso co cambio no pa\u00eds, un cambio que non debe ser s\u00f3\nde persoas, sen\u00f3n tam\u00e9n de pol\u00edticas\u201d. \u201cEste espazo \u00e9\npercibido como chave e garant\u00eda dese cambio, e a nosa diversidade no\ncampo da esquerda \u00e9 reflexo da propia sociedade galega\u201d. Noriega\nincidiu na idea de que \u201ca diversidade non \u00e9 un problema para esta\ncoalici\u00f3n, sen\u00f3n que \u00e9 un potencial\u201d. \n<\/p>\n\n\n\n<p>\n\u201cSomos\nconscientes de que se cometeron erros no pasado que non se poden\nrepetir pero que non poden ocultar as conquistas do espazo, a s\u00faa\nvalent\u00eda para disputarlle a hexemon\u00eda ao PP, con pol\u00edticas\ndiferentes polas que \u00e1s veces se nos fixo pagar un alto prezo, tam\u00e9n\nno municipalismo\u201d. \u201cTodas esas patas son precisas para un\ncambio\u201d, recalcou o n\u00famero tres. \n<\/p>\n\n\n\n<p>\nPola s\u00faa banda, Eva Solla,\nmanifestou a s\u00faa ledicia por integrar unha coalici\u00f3n que \u201cpor en\nvalor o traballo que vimos realizando nas \u00faltimas lexislaturas no\nParlamento de Galicia. \u201cC\u00f3mpre destacar\u201d, subli\u00f1ou, \u201cque o\nnoso programa bebe deste traballo en cuesti\u00f3ns como loitar contra a\nproliferaci\u00f3n do xogo e das casas de apostas\u201d e fixo fincap\u00e9 en\nque \u201cfomos o Grupo que m\u00e1is iniciativas levamos en materia de\nsanidade p\u00fablica, na defensa dos servizos p\u00fablicos e na igualdade\nentre mulleres e homes, na defensa dos traballadores p\u00fablicos e da\nCRTVG\u201d. \n<\/p>\n\n\n\n<p>\nPor \u00faltimo, cuestionados\npola enquisas, desde a coalici\u00f3n amosaron a s\u00faa cautela e prudencia\ncon respecto aos datos publicados pero sen ocultar que tanto os datos\ninternos como os que xa foron feitos p\u00fablicos amosan unha tendencia\nclara que apuntala ao cambio pol\u00edtico na Xunta de Galicia para\n\u201ctransformar o pa\u00eds\u201d. \n<\/p>\n\n\n\n<p>\u201cEstes d\u00edas estamos a preguntarlle a cidadan\u00eda se algu\u00e9n lembra algunha acci\u00f3n de Goberno de Feij\u00f3o nos \u00faltimos dez anos. O que atopamos \u00e9 unha foto de Feij\u00f3o cun directivo de Pemex, detido e encarcelado por corrupci\u00f3n e outra cun narcotraficante reco\u00f1ecido como Marcial Dorado\u201d, rematou G\u00f3mez-Reino.  <\/p>\n","protected":false},"excerpt":{"rendered":"<div class=\"mh-excerpt\"><p>O candidato de Galicia en Com\u00fan-Anova Mareas, Ant\u00f3n G\u00f3mez-Reino, presentou hoxe unha coalici\u00f3n \u201cimpresincidible para o pa\u00eds e que foi a peor nova para Feij\u00f3o\u201d <a class=\"mh-excerpt-more\" href=\"https:\/\/www.anovapeneira.gal\/index.php\/2020\/03\/13\/galicia-esta-moi-preto-do-cambio-politico-e-ningun-voto-progresista-pode-quedar-na-casa-o-5a\/\" title=\"Galicia est\u00e1 moi preto do cambio pol\u00edtico e ning\u00fan voto progresista pode quedar na casa o 5A\">[&#8230;]<\/a><\/p>\n<\/div>","protected":false},"author":3,"featured_media":2741,"comment_status":"open","ping_status":"open","sticky":false,"template":"","format":"standard","meta":{"_exactmetrics_skip_tracking":false,"_exactmetrics_sitenote_active":false,"_exactmetrics_sitenote_note":"","_exactmetrics_sitenote_category":0,"footnotes":""},"categories":[263],"tags":[965,619],"class_list":{"0":"post-2740","1":"post","2":"type-post","3":"status-publish","4":"format-standard","5":"has-post-thumbnail","7":"category-novas","8":"tag-eleccions-5a","9":"tag-eleccions-autonomicas"},"yoast_head":"<!-- This site is optimized with the Yoast SEO plugin v27.4 - https:\/\/yoast.com\/product\/yoast-seo-wordpress\/ -->\n<title>Galicia est\u00e1 moi preto do cambio pol\u00edtico e ning\u00fan voto progresista pode quedar na casa o 5A -<\/title>\n<meta name=\"robots\" content=\"index, follow, max-snippet:-1, max-image-preview:large, max-video-preview:-1\" \/>\n<link rel=\"canonical\" href=\"https:\/\/www.anovapeneira.gal\/index.php\/2020\/03\/13\/galicia-esta-moi-preto-do-cambio-politico-e-ningun-voto-progresista-pode-quedar-na-casa-o-5a\/\" \/>\n<meta property=\"og:locale\" content=\"gl_ES\" \/>\n<meta property=\"og:type\" content=\"article\" \/>\n<meta property=\"og:title\" content=\"Galicia est\u00e1 moi preto do cambio pol\u00edtico e ning\u00fan voto progresista pode quedar na casa o 5A -\" \/>\n<meta property=\"og:description\" content=\"O candidato de Galicia en Com\u00fan-Anova Mareas, Ant\u00f3n G\u00f3mez-Reino, presentou hoxe unha coalici\u00f3n \u201cimpresincidible para o pa\u00eds e que foi a peor nova para Feij\u00f3o\u201d [...]\" \/>\n<meta property=\"og:url\" content=\"https:\/\/www.anovapeneira.gal\/index.php\/2020\/03\/13\/galicia-esta-moi-preto-do-cambio-politico-e-ningun-voto-progresista-pode-quedar-na-casa-o-5a\/\" \/>\n<meta property=\"article:publisher\" content=\"https:\/\/www.facebook.com\/anovapeneira\" \/>\n<meta property=\"article:published_time\" content=\"2020-03-13T09:00:16+00:00\" \/>\n<meta property=\"og:image\" content=\"https:\/\/www.anovapeneira.gal\/wp-content\/uploads\/2020\/03\/galicia_en_comun.jpg\" \/>\n\t<meta property=\"og:image:width\" content=\"720\" \/>\n\t<meta property=\"og:image:height\" content=\"432\" \/>\n\t<meta property=\"og:image:type\" content=\"image\/jpeg\" \/>\n<meta name=\"author\" content=\"Redacci\u00f3n A Nova Peneira\" \/>\n<meta name=\"twitter:card\" content=\"summary_large_image\" \/>\n<meta name=\"twitter:creator\" content=\"@APeneira\" \/>\n<meta name=\"twitter:site\" content=\"@APeneira\" \/>\n<meta name=\"twitter:label1\" content=\"Escrito por\" \/>\n\t<meta name=\"twitter:data1\" content=\"Redacci\u00f3n A Nova Peneira\" \/>\n\t<meta name=\"twitter:label2\" content=\"Tempo de lectura\" \/>\n\t<meta name=\"twitter:data2\" content=\"4 minutos\" \/>\n<script type=\"application\/ld+json\" class=\"yoast-schema-graph\">{\"@context\":\"https:\\\/\\\/schema.org\",\"@graph\":[{\"@type\":\"Article\",\"@id\":\"https:\\\/\\\/www.anovapeneira.gal\\\/index.php\\\/2020\\\/03\\\/13\\\/galicia-esta-moi-preto-do-cambio-politico-e-ningun-voto-progresista-pode-quedar-na-casa-o-5a\\\/#article\",\"isPartOf\":{\"@id\":\"https:\\\/\\\/www.anovapeneira.gal\\\/index.php\\\/2020\\\/03\\\/13\\\/galicia-esta-moi-preto-do-cambio-politico-e-ningun-voto-progresista-pode-quedar-na-casa-o-5a\\\/\"},\"author\":{\"name\":\"Redacci\u00f3n A Nova Peneira\",\"@id\":\"https:\\\/\\\/www.anovapeneira.gal\\\/#\\\/schema\\\/person\\\/b93e3f8932e3f8da96334607eb6ac6aa\"},\"headline\":\"Galicia est\u00e1 moi preto do cambio pol\u00edtico e ning\u00fan voto progresista pode quedar na casa o 5A\",\"datePublished\":\"2020-03-13T09:00:16+00:00\",\"mainEntityOfPage\":{\"@id\":\"https:\\\/\\\/www.anovapeneira.gal\\\/index.php\\\/2020\\\/03\\\/13\\\/galicia-esta-moi-preto-do-cambio-politico-e-ningun-voto-progresista-pode-quedar-na-casa-o-5a\\\/\"},\"wordCount\":809,\"commentCount\":0,\"publisher\":{\"@id\":\"https:\\\/\\\/www.anovapeneira.gal\\\/#organization\"},\"image\":{\"@id\":\"https:\\\/\\\/www.anovapeneira.gal\\\/index.php\\\/2020\\\/03\\\/13\\\/galicia-esta-moi-preto-do-cambio-politico-e-ningun-voto-progresista-pode-quedar-na-casa-o-5a\\\/#primaryimage\"},\"thumbnailUrl\":\"https:\\\/\\\/www.anovapeneira.gal\\\/wp-content\\\/uploads\\\/2020\\\/03\\\/galicia_en_comun.jpg\",\"keywords\":[\"Elecci\u00f3ns 5A\",\"Elecci\u00f3ns auton\u00f3micas\"],\"articleSection\":[\"Novas\"],\"inLanguage\":\"gl-ES\",\"potentialAction\":[{\"@type\":\"CommentAction\",\"name\":\"Comment\",\"target\":[\"https:\\\/\\\/www.anovapeneira.gal\\\/index.php\\\/2020\\\/03\\\/13\\\/galicia-esta-moi-preto-do-cambio-politico-e-ningun-voto-progresista-pode-quedar-na-casa-o-5a\\\/#respond\"]}]},{\"@type\":\"WebPage\",\"@id\":\"https:\\\/\\\/www.anovapeneira.gal\\\/index.php\\\/2020\\\/03\\\/13\\\/galicia-esta-moi-preto-do-cambio-politico-e-ningun-voto-progresista-pode-quedar-na-casa-o-5a\\\/\",\"url\":\"https:\\\/\\\/www.anovapeneira.gal\\\/index.php\\\/2020\\\/03\\\/13\\\/galicia-esta-moi-preto-do-cambio-politico-e-ningun-voto-progresista-pode-quedar-na-casa-o-5a\\\/\",\"name\":\"Galicia est\u00e1 moi preto do cambio pol\u00edtico e ning\u00fan voto progresista pode quedar na casa o 5A -\",\"isPartOf\":{\"@id\":\"https:\\\/\\\/www.anovapeneira.gal\\\/#website\"},\"primaryImageOfPage\":{\"@id\":\"https:\\\/\\\/www.anovapeneira.gal\\\/index.php\\\/2020\\\/03\\\/13\\\/galicia-esta-moi-preto-do-cambio-politico-e-ningun-voto-progresista-pode-quedar-na-casa-o-5a\\\/#primaryimage\"},\"image\":{\"@id\":\"https:\\\/\\\/www.anovapeneira.gal\\\/index.php\\\/2020\\\/03\\\/13\\\/galicia-esta-moi-preto-do-cambio-politico-e-ningun-voto-progresista-pode-quedar-na-casa-o-5a\\\/#primaryimage\"},\"thumbnailUrl\":\"https:\\\/\\\/www.anovapeneira.gal\\\/wp-content\\\/uploads\\\/2020\\\/03\\\/galicia_en_comun.jpg\",\"datePublished\":\"2020-03-13T09:00:16+00:00\",\"breadcrumb\":{\"@id\":\"https:\\\/\\\/www.anovapeneira.gal\\\/index.php\\\/2020\\\/03\\\/13\\\/galicia-esta-moi-preto-do-cambio-politico-e-ningun-voto-progresista-pode-quedar-na-casa-o-5a\\\/#breadcrumb\"},\"inLanguage\":\"gl-ES\",\"potentialAction\":[{\"@type\":\"ReadAction\",\"target\":[\"https:\\\/\\\/www.anovapeneira.gal\\\/index.php\\\/2020\\\/03\\\/13\\\/galicia-esta-moi-preto-do-cambio-politico-e-ningun-voto-progresista-pode-quedar-na-casa-o-5a\\\/\"]}]},{\"@type\":\"ImageObject\",\"inLanguage\":\"gl-ES\",\"@id\":\"https:\\\/\\\/www.anovapeneira.gal\\\/index.php\\\/2020\\\/03\\\/13\\\/galicia-esta-moi-preto-do-cambio-politico-e-ningun-voto-progresista-pode-quedar-na-casa-o-5a\\\/#primaryimage\",\"url\":\"https:\\\/\\\/www.anovapeneira.gal\\\/wp-content\\\/uploads\\\/2020\\\/03\\\/galicia_en_comun.jpg\",\"contentUrl\":\"https:\\\/\\\/www.anovapeneira.gal\\\/wp-content\\\/uploads\\\/2020\\\/03\\\/galicia_en_comun.jpg\",\"width\":720,\"height\":432,\"caption\":\"Galicia en Com\u00fan A Nova Peneira\"},{\"@type\":\"BreadcrumbList\",\"@id\":\"https:\\\/\\\/www.anovapeneira.gal\\\/index.php\\\/2020\\\/03\\\/13\\\/galicia-esta-moi-preto-do-cambio-politico-e-ningun-voto-progresista-pode-quedar-na-casa-o-5a\\\/#breadcrumb\",\"itemListElement\":[{\"@type\":\"ListItem\",\"position\":1,\"name\":\"Portada\",\"item\":\"https:\\\/\\\/www.anovapeneira.gal\\\/\"},{\"@type\":\"ListItem\",\"position\":2,\"name\":\"Galicia est\u00e1 moi preto do cambio pol\u00edtico e ning\u00fan voto progresista pode quedar na casa o 5A\"}]},{\"@type\":\"WebSite\",\"@id\":\"https:\\\/\\\/www.anovapeneira.gal\\\/#website\",\"url\":\"https:\\\/\\\/www.anovapeneira.gal\\\/\",\"name\":\"\",\"description\":\"Xornal galego de informaci\u00f3n xeral Publicaci\u00f3n mensual de novas de Galicia e en especial dos Concellos da sur da provincia de Pontevedra.\",\"publisher\":{\"@id\":\"https:\\\/\\\/www.anovapeneira.gal\\\/#organization\"},\"potentialAction\":[{\"@type\":\"SearchAction\",\"target\":{\"@type\":\"EntryPoint\",\"urlTemplate\":\"https:\\\/\\\/www.anovapeneira.gal\\\/?s={search_term_string}\"},\"query-input\":{\"@type\":\"PropertyValueSpecification\",\"valueRequired\":true,\"valueName\":\"search_term_string\"}}],\"inLanguage\":\"gl-ES\"},{\"@type\":\"Organization\",\"@id\":\"https:\\\/\\\/www.anovapeneira.gal\\\/#organization\",\"name\":\"A Nova Peneira\",\"url\":\"https:\\\/\\\/www.anovapeneira.gal\\\/\",\"logo\":{\"@type\":\"ImageObject\",\"inLanguage\":\"gl-ES\",\"@id\":\"https:\\\/\\\/www.anovapeneira.gal\\\/#\\\/schema\\\/logo\\\/image\\\/\",\"url\":\"http:\\\/\\\/www.anovapeneira.gal\\\/wp-content\\\/uploads\\\/2019\\\/06\\\/logo_a_nova_peneira_portal_web.png\",\"contentUrl\":\"http:\\\/\\\/www.anovapeneira.gal\\\/wp-content\\\/uploads\\\/2019\\\/06\\\/logo_a_nova_peneira_portal_web.png\",\"width\":300,\"height\":100,\"caption\":\"A Nova Peneira\"},\"image\":{\"@id\":\"https:\\\/\\\/www.anovapeneira.gal\\\/#\\\/schema\\\/logo\\\/image\\\/\"},\"sameAs\":[\"https:\\\/\\\/www.facebook.com\\\/anovapeneira\",\"https:\\\/\\\/x.com\\\/APeneira\"]},{\"@type\":\"Person\",\"@id\":\"https:\\\/\\\/www.anovapeneira.gal\\\/#\\\/schema\\\/person\\\/b93e3f8932e3f8da96334607eb6ac6aa\",\"name\":\"Redacci\u00f3n A Nova Peneira\",\"image\":{\"@type\":\"ImageObject\",\"inLanguage\":\"gl-ES\",\"@id\":\"https:\\\/\\\/secure.gravatar.com\\\/avatar\\\/c052a2551a06e23fac63626232eaa90abd78dbcf1700fc46a2b2c89fd27b735f?s=96&d=mm&r=g\",\"url\":\"https:\\\/\\\/secure.gravatar.com\\\/avatar\\\/c052a2551a06e23fac63626232eaa90abd78dbcf1700fc46a2b2c89fd27b735f?s=96&d=mm&r=g\",\"contentUrl\":\"https:\\\/\\\/secure.gravatar.com\\\/avatar\\\/c052a2551a06e23fac63626232eaa90abd78dbcf1700fc46a2b2c89fd27b735f?s=96&d=mm&r=g\",\"caption\":\"Redacci\u00f3n A Nova Peneira\"},\"sameAs\":[\"http:\\\/\\\/www.anovapeneira.gal\\\/\"],\"url\":\"https:\\\/\\\/www.anovapeneira.gal\\\/index.php\\\/author\\\/redactor\\\/\"}]}<\/script>\n<!-- \/ Yoast SEO plugin. -->","yoast_head_json":{"title":"Galicia est\u00e1 moi preto do cambio pol\u00edtico e ning\u00fan voto progresista pode quedar na casa o 5A -","robots":{"index":"index","follow":"follow","max-snippet":"max-snippet:-1","max-image-preview":"max-image-preview:large","max-video-preview":"max-video-preview:-1"},"canonical":"https:\/\/www.anovapeneira.gal\/index.php\/2020\/03\/13\/galicia-esta-moi-preto-do-cambio-politico-e-ningun-voto-progresista-pode-quedar-na-casa-o-5a\/","og_locale":"gl_ES","og_type":"article","og_title":"Galicia est\u00e1 moi preto do cambio pol\u00edtico e ning\u00fan voto progresista pode quedar na casa o 5A -","og_description":"O candidato de Galicia en Com\u00fan-Anova Mareas, Ant\u00f3n G\u00f3mez-Reino, presentou hoxe unha coalici\u00f3n \u201cimpresincidible para o pa\u00eds e que foi a peor nova para Feij\u00f3o\u201d [...]","og_url":"https:\/\/www.anovapeneira.gal\/index.php\/2020\/03\/13\/galicia-esta-moi-preto-do-cambio-politico-e-ningun-voto-progresista-pode-quedar-na-casa-o-5a\/","article_publisher":"https:\/\/www.facebook.com\/anovapeneira","article_published_time":"2020-03-13T09:00:16+00:00","og_image":[{"width":720,"height":432,"url":"https:\/\/www.anovapeneira.gal\/wp-content\/uploads\/2020\/03\/galicia_en_comun.jpg","type":"image\/jpeg"}],"author":"Redacci\u00f3n A Nova Peneira","twitter_card":"summary_large_image","twitter_creator":"@APeneira","twitter_site":"@APeneira","twitter_misc":{"Escrito por":"Redacci\u00f3n A Nova Peneira","Tempo de lectura":"4 minutos"},"schema":{"@context":"https:\/\/schema.org","@graph":[{"@type":"Article","@id":"https:\/\/www.anovapeneira.gal\/index.php\/2020\/03\/13\/galicia-esta-moi-preto-do-cambio-politico-e-ningun-voto-progresista-pode-quedar-na-casa-o-5a\/#article","isPartOf":{"@id":"https:\/\/www.anovapeneira.gal\/index.php\/2020\/03\/13\/galicia-esta-moi-preto-do-cambio-politico-e-ningun-voto-progresista-pode-quedar-na-casa-o-5a\/"},"author":{"name":"Redacci\u00f3n A Nova Peneira","@id":"https:\/\/www.anovapeneira.gal\/#\/schema\/person\/b93e3f8932e3f8da96334607eb6ac6aa"},"headline":"Galicia est\u00e1 moi preto do cambio pol\u00edtico e ning\u00fan voto progresista pode quedar na casa o 5A","datePublished":"2020-03-13T09:00:16+00:00","mainEntityOfPage":{"@id":"https:\/\/www.anovapeneira.gal\/index.php\/2020\/03\/13\/galicia-esta-moi-preto-do-cambio-politico-e-ningun-voto-progresista-pode-quedar-na-casa-o-5a\/"},"wordCount":809,"commentCount":0,"publisher":{"@id":"https:\/\/www.anovapeneira.gal\/#organization"},"image":{"@id":"https:\/\/www.anovapeneira.gal\/index.php\/2020\/03\/13\/galicia-esta-moi-preto-do-cambio-politico-e-ningun-voto-progresista-pode-quedar-na-casa-o-5a\/#primaryimage"},"thumbnailUrl":"https:\/\/www.anovapeneira.gal\/wp-content\/uploads\/2020\/03\/galicia_en_comun.jpg","keywords":["Elecci\u00f3ns 5A","Elecci\u00f3ns auton\u00f3micas"],"articleSection":["Novas"],"inLanguage":"gl-ES","potentialAction":[{"@type":"CommentAction","name":"Comment","target":["https:\/\/www.anovapeneira.gal\/index.php\/2020\/03\/13\/galicia-esta-moi-preto-do-cambio-politico-e-ningun-voto-progresista-pode-quedar-na-casa-o-5a\/#respond"]}]},{"@type":"WebPage","@id":"https:\/\/www.anovapeneira.gal\/index.php\/2020\/03\/13\/galicia-esta-moi-preto-do-cambio-politico-e-ningun-voto-progresista-pode-quedar-na-casa-o-5a\/","url":"https:\/\/www.anovapeneira.gal\/index.php\/2020\/03\/13\/galicia-esta-moi-preto-do-cambio-politico-e-ningun-voto-progresista-pode-quedar-na-casa-o-5a\/","name":"Galicia est\u00e1 moi preto do cambio pol\u00edtico e ning\u00fan voto progresista pode quedar na casa o 5A -","isPartOf":{"@id":"https:\/\/www.anovapeneira.gal\/#website"},"primaryImageOfPage":{"@id":"https:\/\/www.anovapeneira.gal\/index.php\/2020\/03\/13\/galicia-esta-moi-preto-do-cambio-politico-e-ningun-voto-progresista-pode-quedar-na-casa-o-5a\/#primaryimage"},"image":{"@id":"https:\/\/www.anovapeneira.gal\/index.php\/2020\/03\/13\/galicia-esta-moi-preto-do-cambio-politico-e-ningun-voto-progresista-pode-quedar-na-casa-o-5a\/#primaryimage"},"thumbnailUrl":"https:\/\/www.anovapeneira.gal\/wp-content\/uploads\/2020\/03\/galicia_en_comun.jpg","datePublished":"2020-03-13T09:00:16+00:00","breadcrumb":{"@id":"https:\/\/www.anovapeneira.gal\/index.php\/2020\/03\/13\/galicia-esta-moi-preto-do-cambio-politico-e-ningun-voto-progresista-pode-quedar-na-casa-o-5a\/#breadcrumb"},"inLanguage":"gl-ES","potentialAction":[{"@type":"ReadAction","target":["https:\/\/www.anovapeneira.gal\/index.php\/2020\/03\/13\/galicia-esta-moi-preto-do-cambio-politico-e-ningun-voto-progresista-pode-quedar-na-casa-o-5a\/"]}]},{"@type":"ImageObject","inLanguage":"gl-ES","@id":"https:\/\/www.anovapeneira.gal\/index.php\/2020\/03\/13\/galicia-esta-moi-preto-do-cambio-politico-e-ningun-voto-progresista-pode-quedar-na-casa-o-5a\/#primaryimage","url":"https:\/\/www.anovapeneira.gal\/wp-content\/uploads\/2020\/03\/galicia_en_comun.jpg","contentUrl":"https:\/\/www.anovapeneira.gal\/wp-content\/uploads\/2020\/03\/galicia_en_comun.jpg","width":720,"height":432,"caption":"Galicia en Com\u00fan A Nova Peneira"},{"@type":"BreadcrumbList","@id":"https:\/\/www.anovapeneira.gal\/index.php\/2020\/03\/13\/galicia-esta-moi-preto-do-cambio-politico-e-ningun-voto-progresista-pode-quedar-na-casa-o-5a\/#breadcrumb","itemListElement":[{"@type":"ListItem","position":1,"name":"Portada","item":"https:\/\/www.anovapeneira.gal\/"},{"@type":"ListItem","position":2,"name":"Galicia est\u00e1 moi preto do cambio pol\u00edtico e ning\u00fan voto progresista pode quedar na casa o 5A"}]},{"@type":"WebSite","@id":"https:\/\/www.anovapeneira.gal\/#website","url":"https:\/\/www.anovapeneira.gal\/","name":"","description":"Xornal galego de informaci\u00f3n xeral Publicaci\u00f3n mensual de novas de Galicia e en especial dos Concellos da sur da provincia de Pontevedra.","publisher":{"@id":"https:\/\/www.anovapeneira.gal\/#organization"},"potentialAction":[{"@type":"SearchAction","target":{"@type":"EntryPoint","urlTemplate":"https:\/\/www.anovapeneira.gal\/?s={search_term_string}"},"query-input":{"@type":"PropertyValueSpecification","valueRequired":true,"valueName":"search_term_string"}}],"inLanguage":"gl-ES"},{"@type":"Organization","@id":"https:\/\/www.anovapeneira.gal\/#organization","name":"A Nova Peneira","url":"https:\/\/www.anovapeneira.gal\/","logo":{"@type":"ImageObject","inLanguage":"gl-ES","@id":"https:\/\/www.anovapeneira.gal\/#\/schema\/logo\/image\/","url":"http:\/\/www.anovapeneira.gal\/wp-content\/uploads\/2019\/06\/logo_a_nova_peneira_portal_web.png","contentUrl":"http:\/\/www.anovapeneira.gal\/wp-content\/uploads\/2019\/06\/logo_a_nova_peneira_portal_web.png","width":300,"height":100,"caption":"A Nova Peneira"},"image":{"@id":"https:\/\/www.anovapeneira.gal\/#\/schema\/logo\/image\/"},"sameAs":["https:\/\/www.facebook.com\/anovapeneira","https:\/\/x.com\/APeneira"]},{"@type":"Person","@id":"https:\/\/www.anovapeneira.gal\/#\/schema\/person\/b93e3f8932e3f8da96334607eb6ac6aa","name":"Redacci\u00f3n A Nova Peneira","image":{"@type":"ImageObject","inLanguage":"gl-ES","@id":"https:\/\/secure.gravatar.com\/avatar\/c052a2551a06e23fac63626232eaa90abd78dbcf1700fc46a2b2c89fd27b735f?s=96&d=mm&r=g","url":"https:\/\/secure.gravatar.com\/avatar\/c052a2551a06e23fac63626232eaa90abd78dbcf1700fc46a2b2c89fd27b735f?s=96&d=mm&r=g","contentUrl":"https:\/\/secure.gravatar.com\/avatar\/c052a2551a06e23fac63626232eaa90abd78dbcf1700fc46a2b2c89fd27b735f?s=96&d=mm&r=g","caption":"Redacci\u00f3n A Nova Peneira"},"sameAs":["http:\/\/www.anovapeneira.gal\/"],"url":"https:\/\/www.anovapeneira.gal\/index.php\/author\/redactor\/"}]}},"jetpack_featured_media_url":"https:\/\/www.anovapeneira.gal\/wp-content\/uploads\/2020\/03\/galicia_en_comun.jpg","_links":{"self":[{"href":"https:\/\/www.anovapeneira.gal\/index.php\/wp-json\/wp\/v2\/posts\/2740","targetHints":{"allow":["GET"]}}],"collection":[{"href":"https:\/\/www.anovapeneira.gal\/index.php\/wp-json\/wp\/v2\/posts"}],"about":[{"href":"https:\/\/www.anovapeneira.gal\/index.php\/wp-json\/wp\/v2\/types\/post"}],"author":[{"embeddable":true,"href":"https:\/\/www.anovapeneira.gal\/index.php\/wp-json\/wp\/v2\/users\/3"}],"replies":[{"embeddable":true,"href":"https:\/\/www.anovapeneira.gal\/index.php\/wp-json\/wp\/v2\/comments?post=2740"}],"version-history":[{"count":1,"href":"https:\/\/www.anovapeneira.gal\/index.php\/wp-json\/wp\/v2\/posts\/2740\/revisions"}],"predecessor-version":[{"id":2742,"href":"https:\/\/www.anovapeneira.gal\/index.php\/wp-json\/wp\/v2\/posts\/2740\/revisions\/2742"}],"wp:featuredmedia":[{"embeddable":true,"href":"https:\/\/www.anovapeneira.gal\/index.php\/wp-json\/wp\/v2\/media\/2741"}],"wp:attachment":[{"href":"https:\/\/www.anovapeneira.gal\/index.php\/wp-json\/wp\/v2\/media?parent=2740"}],"wp:term":[{"taxonomy":"category","embeddable":true,"href":"https:\/\/www.anovapeneira.gal\/index.php\/wp-json\/wp\/v2\/categories?post=2740"},{"taxonomy":"post_tag","embeddable":true,"href":"https:\/\/www.anovapeneira.gal\/index.php\/wp-json\/wp\/v2\/tags?post=2740"}],"curies":[{"name":"wp","href":"https:\/\/api.w.org\/{rel}","templated":true}]}}