{"id":2748,"date":"2020-03-16T10:00:33","date_gmt":"2020-03-16T09:00:33","guid":{"rendered":"http:\/\/www.anovapeneira.gal\/?p=2748"},"modified":"2020-03-15T21:34:57","modified_gmt":"2020-03-15T20:34:57","slug":"o-coronavirus-a-fraternidade-e-a-nova-peneira","status":"publish","type":"post","link":"https:\/\/www.anovapeneira.gal\/index.php\/2020\/03\/16\/o-coronavirus-a-fraternidade-e-a-nova-peneira\/","title":{"rendered":"O coronavirus a fraternidade e A Nova Peneira"},"content":{"rendered":"\n<p><strong>Escribo este artigo o 15 de Marzo, o primeiro d\u00eda do estado de alarma decretado polo goberno do estado a causa da Pandemia ocasionado polo virus COVID19. E quixera compartir con v\u00f3s amigos lectores e lectoras as seguintes consideraci\u00f3ns:<\/strong><\/p>\n\n\n\n<p><strong>-A Nova Peneira vaise seguir publicando con regularidade diaria na s\u00faa edici\u00f3n dixital<\/strong>.<\/p>\n\n\n\n<p>-No caso do xornal en papel, teremos que agardar a que se restableza a normalidade. Tardemos o tempo que tardemos en superar isto, que o superaremos, a edici\u00f3n en papel, dos m\u00ednimo 12 n\u00fameros da nova Peneira, est\u00e1 garantida en calquera circunstancia, pero a situaci\u00f3n de peche obrigado do comercio minorista ,e  a nosa responsabilidade coa sociedade, nos obrigan a aprazar a pr\u00f3xima edici\u00f3n en papel da nosa publicaci\u00f3n, o tempo que sexa necesario para que volva a normalidade.<\/p>\n\n\n\n<p>-Quero expresar un inmenso agradecemento a todas as persoas que dun modo ou outro, te\u00f1en relaci\u00f3n coa nosa casa; aos traballadores e traballadoras que s\u00f3 me ofreceron comprensi\u00f3n, acougo fraternidade, aos colaboradores e colaboradoras pola s\u00faa xenerosidade e fraternidade, aos subscritores e subscritoras pola s\u00faa paciencia e fraternidade, e, como non, a todas e todos os anunciantes que s\u00f3 nos ofreceron; fraternidade. S\u00edntome absolutamente comprometido, con v\u00f3s e quero reafirmar a mi\u00f1a vontade firme para que toda a sociedade galega que algunha vez viu algo en n\u00f3s que lle resultou atractivo e nos prestou o tesouro m\u00e1is grande que algu\u00e9n lle pode prestar a algu\u00e9n, a s\u00faa fraternidade, poida seguir contando con n\u00f3s, estamos ao seu servizo.<\/p>\n\n\n\n<p>-Non sei se esta situaci\u00f3n se vai prolongar s\u00f3 as d\u00faas semanas inicialmente previstas, ou ser\u00e1 necesario prorrogala, en calquera caso non vai ser nada f\u00e1cil, para case ningu\u00e9n. Ag\u00e1s os segmentos m\u00e1is privilexiados da sociedade, todos e todas imos notar o impacto emocional e econ\u00f3mico en grado superlativo, como se unha bomba de incalculables efectos destrutivos caese de s\u00fapeto enriba nosa, sen estarmos preparados para defendernos. Quixera ter as palabras exactas, para na medida das mi\u00f1as humildes posibilidades, contribu\u00edr fraternalmente ao alento, aos \u00e1nimos e a solidariedade, quixera saber trasladar o meu afecto, as mi\u00f1as emoci\u00f3ns m\u00e1is \u00edntimas a todas e todos v\u00f3s, e non sei se saberei facelo. S\u00f3 se me ocorre descender ata o m\u00e1is profundo de min para compartir o m\u00e1is fondo da mi\u00f1a persoa: Marzo \u00e9 un mes que me trae os recordos m\u00e1is dolorosos da mi\u00f1a vida, o 20 do 3 de 1.995 morr\u00eda o meu querido irm\u00e1n Claudio, a  el matouno un citomegalovirus. A \u00faltima vez que puiden conversar con el, pouco antes de que o baixasen \u00e1 UVI mentres nos apretabamos a man d\u00edxome: &#8220;Non te rendas nunca, procura ser sempre fraternal cos teus semellantes, todos somos iguais\u201d, non puiden evitar unha treboada de b\u00e1goas, e tal cousa sempre me atormentou, porque  a\u00ednda que supo\u00f1o que el xa era consciente de que \u00eda morrer a mi\u00f1a incapacidade para ofrecerlle un \u00faltimo sorriso, un \u00faltimo aceno de esperanza e unhas \u00faltimas palabras de \u00e1nimo nunca deixaron de provocarme unha dor intensa. As \u00faltimas palabras do meu irm\u00e1n, e cando digo as \u00faltimas falo literalmente porque eu fun a \u00faltima persoa coa que falou antes de que o sedaran, son as que desexo para todas e todos v\u00f3s, compa\u00f1eiras, compa\u00f1eiros, anunciantes, subscritoras, subscritores, lectoras, lectores, colaboradoras e colaboradores, por favor non vos rendades nunca, non caiades na desesperaci\u00f3n, pelexade sempre ata o final, e por favor exerzamos a fraternidade entre todos e todas n\u00f3s, en especial coas persoas \u00e1s que isto lles vai afectar m\u00e1is.<\/p>\n\n\n\n<p><strong>PS.EN XANEIRO DO 2.021 CELEBRAREMOS A IV EDICI\u00d3N DA NOSA GALA BIENAL, E SI OU SI, AL\u00cd, VOUVOS DAR UNHA APERTA FRATERNAL A TODAS E TODOS V\u00d3S.<\/strong><\/p>\n","protected":false},"excerpt":{"rendered":"<div class=\"mh-excerpt\"><p>Escribo este artigo o 15 de Marzo, o primeiro d\u00eda do estado de alarma decretado polo goberno do estado a causa da Pandemia <a class=\"mh-excerpt-more\" href=\"https:\/\/www.anovapeneira.gal\/index.php\/2020\/03\/16\/o-coronavirus-a-fraternidade-e-a-nova-peneira\/\" title=\"O coronavirus a fraternidade e A Nova Peneira\">[&#8230;]<\/a><\/p>\n<\/div>","protected":false},"author":2,"featured_media":913,"comment_status":"open","ping_status":"open","sticky":false,"template":"","format":"standard","meta":{"_exactmetrics_skip_tracking":false,"_exactmetrics_sitenote_active":false,"_exactmetrics_sitenote_note":"","_exactmetrics_sitenote_category":0,"footnotes":""},"categories":[61],"tags":[1001],"class_list":{"0":"post-2748","1":"post","2":"type-post","3":"status-publish","4":"format-standard","5":"has-post-thumbnail","7":"category-artigo-editorial","8":"tag-coronavirus"},"yoast_head":"<!-- This site is optimized with the Yoast SEO plugin v27.4 - https:\/\/yoast.com\/product\/yoast-seo-wordpress\/ -->\n<title>O coronavirus a fraternidade e A Nova Peneira -<\/title>\n<meta name=\"robots\" content=\"index, follow, max-snippet:-1, max-image-preview:large, max-video-preview:-1\" \/>\n<link rel=\"canonical\" href=\"https:\/\/www.anovapeneira.gal\/index.php\/2020\/03\/16\/o-coronavirus-a-fraternidade-e-a-nova-peneira\/\" \/>\n<meta property=\"og:locale\" content=\"gl_ES\" \/>\n<meta property=\"og:type\" content=\"article\" \/>\n<meta property=\"og:title\" content=\"O coronavirus a fraternidade e A Nova Peneira -\" \/>\n<meta property=\"og:description\" content=\"Escribo este artigo o 15 de Marzo, o primeiro d\u00eda do estado de alarma decretado polo goberno do estado a causa da Pandemia [...]\" \/>\n<meta property=\"og:url\" content=\"https:\/\/www.anovapeneira.gal\/index.php\/2020\/03\/16\/o-coronavirus-a-fraternidade-e-a-nova-peneira\/\" \/>\n<meta property=\"article:publisher\" content=\"https:\/\/www.facebook.com\/anovapeneira\" \/>\n<meta property=\"article:published_time\" content=\"2020-03-16T09:00:33+00:00\" \/>\n<meta property=\"og:image\" content=\"https:\/\/www.anovapeneira.gal\/wp-content\/uploads\/2019\/08\/artigo_editorial_a_nova_peneira.jpg\" \/>\n\t<meta property=\"og:image:width\" content=\"720\" \/>\n\t<meta property=\"og:image:height\" content=\"473\" \/>\n\t<meta property=\"og:image:type\" content=\"image\/jpeg\" \/>\n<meta name=\"author\" content=\"Tino Lago\" \/>\n<meta name=\"twitter:card\" content=\"summary_large_image\" \/>\n<meta name=\"twitter:creator\" content=\"@APeneira\" \/>\n<meta name=\"twitter:site\" content=\"@APeneira\" \/>\n<meta name=\"twitter:label1\" content=\"Escrito por\" \/>\n\t<meta name=\"twitter:data1\" content=\"Tino Lago\" \/>\n\t<meta name=\"twitter:label2\" content=\"Tempo de lectura\" \/>\n\t<meta name=\"twitter:data2\" content=\"3 minutos\" \/>\n<script type=\"application\/ld+json\" class=\"yoast-schema-graph\">{\"@context\":\"https:\\\/\\\/schema.org\",\"@graph\":[{\"@type\":\"Article\",\"@id\":\"https:\\\/\\\/www.anovapeneira.gal\\\/index.php\\\/2020\\\/03\\\/16\\\/o-coronavirus-a-fraternidade-e-a-nova-peneira\\\/#article\",\"isPartOf\":{\"@id\":\"https:\\\/\\\/www.anovapeneira.gal\\\/index.php\\\/2020\\\/03\\\/16\\\/o-coronavirus-a-fraternidade-e-a-nova-peneira\\\/\"},\"author\":{\"name\":\"Tino Lago\",\"@id\":\"https:\\\/\\\/www.anovapeneira.gal\\\/#\\\/schema\\\/person\\\/424dfe65e3070fd8a44d22d2c088762a\"},\"headline\":\"O coronavirus a fraternidade e A Nova Peneira\",\"datePublished\":\"2020-03-16T09:00:33+00:00\",\"mainEntityOfPage\":{\"@id\":\"https:\\\/\\\/www.anovapeneira.gal\\\/index.php\\\/2020\\\/03\\\/16\\\/o-coronavirus-a-fraternidade-e-a-nova-peneira\\\/\"},\"wordCount\":668,\"commentCount\":3,\"publisher\":{\"@id\":\"https:\\\/\\\/www.anovapeneira.gal\\\/#organization\"},\"image\":{\"@id\":\"https:\\\/\\\/www.anovapeneira.gal\\\/index.php\\\/2020\\\/03\\\/16\\\/o-coronavirus-a-fraternidade-e-a-nova-peneira\\\/#primaryimage\"},\"thumbnailUrl\":\"https:\\\/\\\/www.anovapeneira.gal\\\/wp-content\\\/uploads\\\/2019\\\/08\\\/artigo_editorial_a_nova_peneira.jpg\",\"keywords\":[\"Coronavirus\"],\"articleSection\":[\"Artigo editorial\"],\"inLanguage\":\"gl-ES\",\"potentialAction\":[{\"@type\":\"CommentAction\",\"name\":\"Comment\",\"target\":[\"https:\\\/\\\/www.anovapeneira.gal\\\/index.php\\\/2020\\\/03\\\/16\\\/o-coronavirus-a-fraternidade-e-a-nova-peneira\\\/#respond\"]}]},{\"@type\":\"WebPage\",\"@id\":\"https:\\\/\\\/www.anovapeneira.gal\\\/index.php\\\/2020\\\/03\\\/16\\\/o-coronavirus-a-fraternidade-e-a-nova-peneira\\\/\",\"url\":\"https:\\\/\\\/www.anovapeneira.gal\\\/index.php\\\/2020\\\/03\\\/16\\\/o-coronavirus-a-fraternidade-e-a-nova-peneira\\\/\",\"name\":\"O coronavirus a fraternidade e A Nova Peneira -\",\"isPartOf\":{\"@id\":\"https:\\\/\\\/www.anovapeneira.gal\\\/#website\"},\"primaryImageOfPage\":{\"@id\":\"https:\\\/\\\/www.anovapeneira.gal\\\/index.php\\\/2020\\\/03\\\/16\\\/o-coronavirus-a-fraternidade-e-a-nova-peneira\\\/#primaryimage\"},\"image\":{\"@id\":\"https:\\\/\\\/www.anovapeneira.gal\\\/index.php\\\/2020\\\/03\\\/16\\\/o-coronavirus-a-fraternidade-e-a-nova-peneira\\\/#primaryimage\"},\"thumbnailUrl\":\"https:\\\/\\\/www.anovapeneira.gal\\\/wp-content\\\/uploads\\\/2019\\\/08\\\/artigo_editorial_a_nova_peneira.jpg\",\"datePublished\":\"2020-03-16T09:00:33+00:00\",\"breadcrumb\":{\"@id\":\"https:\\\/\\\/www.anovapeneira.gal\\\/index.php\\\/2020\\\/03\\\/16\\\/o-coronavirus-a-fraternidade-e-a-nova-peneira\\\/#breadcrumb\"},\"inLanguage\":\"gl-ES\",\"potentialAction\":[{\"@type\":\"ReadAction\",\"target\":[\"https:\\\/\\\/www.anovapeneira.gal\\\/index.php\\\/2020\\\/03\\\/16\\\/o-coronavirus-a-fraternidade-e-a-nova-peneira\\\/\"]}]},{\"@type\":\"ImageObject\",\"inLanguage\":\"gl-ES\",\"@id\":\"https:\\\/\\\/www.anovapeneira.gal\\\/index.php\\\/2020\\\/03\\\/16\\\/o-coronavirus-a-fraternidade-e-a-nova-peneira\\\/#primaryimage\",\"url\":\"https:\\\/\\\/www.anovapeneira.gal\\\/wp-content\\\/uploads\\\/2019\\\/08\\\/artigo_editorial_a_nova_peneira.jpg\",\"contentUrl\":\"https:\\\/\\\/www.anovapeneira.gal\\\/wp-content\\\/uploads\\\/2019\\\/08\\\/artigo_editorial_a_nova_peneira.jpg\",\"width\":720,\"height\":473,\"caption\":\"Artigo editorial Tino Lago A Nova Peneira\"},{\"@type\":\"BreadcrumbList\",\"@id\":\"https:\\\/\\\/www.anovapeneira.gal\\\/index.php\\\/2020\\\/03\\\/16\\\/o-coronavirus-a-fraternidade-e-a-nova-peneira\\\/#breadcrumb\",\"itemListElement\":[{\"@type\":\"ListItem\",\"position\":1,\"name\":\"Portada\",\"item\":\"https:\\\/\\\/www.anovapeneira.gal\\\/\"},{\"@type\":\"ListItem\",\"position\":2,\"name\":\"O coronavirus a fraternidade e A Nova Peneira\"}]},{\"@type\":\"WebSite\",\"@id\":\"https:\\\/\\\/www.anovapeneira.gal\\\/#website\",\"url\":\"https:\\\/\\\/www.anovapeneira.gal\\\/\",\"name\":\"\",\"description\":\"Xornal galego de informaci\u00f3n xeral Publicaci\u00f3n mensual de novas de Galicia e en especial dos Concellos da sur da provincia de Pontevedra.\",\"publisher\":{\"@id\":\"https:\\\/\\\/www.anovapeneira.gal\\\/#organization\"},\"potentialAction\":[{\"@type\":\"SearchAction\",\"target\":{\"@type\":\"EntryPoint\",\"urlTemplate\":\"https:\\\/\\\/www.anovapeneira.gal\\\/?s={search_term_string}\"},\"query-input\":{\"@type\":\"PropertyValueSpecification\",\"valueRequired\":true,\"valueName\":\"search_term_string\"}}],\"inLanguage\":\"gl-ES\"},{\"@type\":\"Organization\",\"@id\":\"https:\\\/\\\/www.anovapeneira.gal\\\/#organization\",\"name\":\"A Nova Peneira\",\"url\":\"https:\\\/\\\/www.anovapeneira.gal\\\/\",\"logo\":{\"@type\":\"ImageObject\",\"inLanguage\":\"gl-ES\",\"@id\":\"https:\\\/\\\/www.anovapeneira.gal\\\/#\\\/schema\\\/logo\\\/image\\\/\",\"url\":\"http:\\\/\\\/www.anovapeneira.gal\\\/wp-content\\\/uploads\\\/2019\\\/06\\\/logo_a_nova_peneira_portal_web.png\",\"contentUrl\":\"http:\\\/\\\/www.anovapeneira.gal\\\/wp-content\\\/uploads\\\/2019\\\/06\\\/logo_a_nova_peneira_portal_web.png\",\"width\":300,\"height\":100,\"caption\":\"A Nova Peneira\"},\"image\":{\"@id\":\"https:\\\/\\\/www.anovapeneira.gal\\\/#\\\/schema\\\/logo\\\/image\\\/\"},\"sameAs\":[\"https:\\\/\\\/www.facebook.com\\\/anovapeneira\",\"https:\\\/\\\/x.com\\\/APeneira\"]},{\"@type\":\"Person\",\"@id\":\"https:\\\/\\\/www.anovapeneira.gal\\\/#\\\/schema\\\/person\\\/424dfe65e3070fd8a44d22d2c088762a\",\"name\":\"Tino Lago\",\"image\":{\"@type\":\"ImageObject\",\"inLanguage\":\"gl-ES\",\"@id\":\"https:\\\/\\\/secure.gravatar.com\\\/avatar\\\/b3df6a06e44bab3111583b90f0f33a0379ee5e3d22cbadd232d39f21c30c62be?s=96&d=mm&r=g\",\"url\":\"https:\\\/\\\/secure.gravatar.com\\\/avatar\\\/b3df6a06e44bab3111583b90f0f33a0379ee5e3d22cbadd232d39f21c30c62be?s=96&d=mm&r=g\",\"contentUrl\":\"https:\\\/\\\/secure.gravatar.com\\\/avatar\\\/b3df6a06e44bab3111583b90f0f33a0379ee5e3d22cbadd232d39f21c30c62be?s=96&d=mm&r=g\",\"caption\":\"Tino Lago\"},\"sameAs\":[\"http:\\\/\\\/www.anovapeneira.gal\"],\"url\":\"https:\\\/\\\/www.anovapeneira.gal\\\/index.php\\\/author\\\/director\\\/\"}]}<\/script>\n<!-- \/ Yoast SEO plugin. -->","yoast_head_json":{"title":"O coronavirus a fraternidade e A Nova Peneira -","robots":{"index":"index","follow":"follow","max-snippet":"max-snippet:-1","max-image-preview":"max-image-preview:large","max-video-preview":"max-video-preview:-1"},"canonical":"https:\/\/www.anovapeneira.gal\/index.php\/2020\/03\/16\/o-coronavirus-a-fraternidade-e-a-nova-peneira\/","og_locale":"gl_ES","og_type":"article","og_title":"O coronavirus a fraternidade e A Nova Peneira -","og_description":"Escribo este artigo o 15 de Marzo, o primeiro d\u00eda do estado de alarma decretado polo goberno do estado a causa da Pandemia [...]","og_url":"https:\/\/www.anovapeneira.gal\/index.php\/2020\/03\/16\/o-coronavirus-a-fraternidade-e-a-nova-peneira\/","article_publisher":"https:\/\/www.facebook.com\/anovapeneira","article_published_time":"2020-03-16T09:00:33+00:00","og_image":[{"width":720,"height":473,"url":"https:\/\/www.anovapeneira.gal\/wp-content\/uploads\/2019\/08\/artigo_editorial_a_nova_peneira.jpg","type":"image\/jpeg"}],"author":"Tino Lago","twitter_card":"summary_large_image","twitter_creator":"@APeneira","twitter_site":"@APeneira","twitter_misc":{"Escrito por":"Tino Lago","Tempo de lectura":"3 minutos"},"schema":{"@context":"https:\/\/schema.org","@graph":[{"@type":"Article","@id":"https:\/\/www.anovapeneira.gal\/index.php\/2020\/03\/16\/o-coronavirus-a-fraternidade-e-a-nova-peneira\/#article","isPartOf":{"@id":"https:\/\/www.anovapeneira.gal\/index.php\/2020\/03\/16\/o-coronavirus-a-fraternidade-e-a-nova-peneira\/"},"author":{"name":"Tino Lago","@id":"https:\/\/www.anovapeneira.gal\/#\/schema\/person\/424dfe65e3070fd8a44d22d2c088762a"},"headline":"O coronavirus a fraternidade e A Nova Peneira","datePublished":"2020-03-16T09:00:33+00:00","mainEntityOfPage":{"@id":"https:\/\/www.anovapeneira.gal\/index.php\/2020\/03\/16\/o-coronavirus-a-fraternidade-e-a-nova-peneira\/"},"wordCount":668,"commentCount":3,"publisher":{"@id":"https:\/\/www.anovapeneira.gal\/#organization"},"image":{"@id":"https:\/\/www.anovapeneira.gal\/index.php\/2020\/03\/16\/o-coronavirus-a-fraternidade-e-a-nova-peneira\/#primaryimage"},"thumbnailUrl":"https:\/\/www.anovapeneira.gal\/wp-content\/uploads\/2019\/08\/artigo_editorial_a_nova_peneira.jpg","keywords":["Coronavirus"],"articleSection":["Artigo editorial"],"inLanguage":"gl-ES","potentialAction":[{"@type":"CommentAction","name":"Comment","target":["https:\/\/www.anovapeneira.gal\/index.php\/2020\/03\/16\/o-coronavirus-a-fraternidade-e-a-nova-peneira\/#respond"]}]},{"@type":"WebPage","@id":"https:\/\/www.anovapeneira.gal\/index.php\/2020\/03\/16\/o-coronavirus-a-fraternidade-e-a-nova-peneira\/","url":"https:\/\/www.anovapeneira.gal\/index.php\/2020\/03\/16\/o-coronavirus-a-fraternidade-e-a-nova-peneira\/","name":"O coronavirus a fraternidade e A Nova Peneira -","isPartOf":{"@id":"https:\/\/www.anovapeneira.gal\/#website"},"primaryImageOfPage":{"@id":"https:\/\/www.anovapeneira.gal\/index.php\/2020\/03\/16\/o-coronavirus-a-fraternidade-e-a-nova-peneira\/#primaryimage"},"image":{"@id":"https:\/\/www.anovapeneira.gal\/index.php\/2020\/03\/16\/o-coronavirus-a-fraternidade-e-a-nova-peneira\/#primaryimage"},"thumbnailUrl":"https:\/\/www.anovapeneira.gal\/wp-content\/uploads\/2019\/08\/artigo_editorial_a_nova_peneira.jpg","datePublished":"2020-03-16T09:00:33+00:00","breadcrumb":{"@id":"https:\/\/www.anovapeneira.gal\/index.php\/2020\/03\/16\/o-coronavirus-a-fraternidade-e-a-nova-peneira\/#breadcrumb"},"inLanguage":"gl-ES","potentialAction":[{"@type":"ReadAction","target":["https:\/\/www.anovapeneira.gal\/index.php\/2020\/03\/16\/o-coronavirus-a-fraternidade-e-a-nova-peneira\/"]}]},{"@type":"ImageObject","inLanguage":"gl-ES","@id":"https:\/\/www.anovapeneira.gal\/index.php\/2020\/03\/16\/o-coronavirus-a-fraternidade-e-a-nova-peneira\/#primaryimage","url":"https:\/\/www.anovapeneira.gal\/wp-content\/uploads\/2019\/08\/artigo_editorial_a_nova_peneira.jpg","contentUrl":"https:\/\/www.anovapeneira.gal\/wp-content\/uploads\/2019\/08\/artigo_editorial_a_nova_peneira.jpg","width":720,"height":473,"caption":"Artigo editorial Tino Lago A Nova Peneira"},{"@type":"BreadcrumbList","@id":"https:\/\/www.anovapeneira.gal\/index.php\/2020\/03\/16\/o-coronavirus-a-fraternidade-e-a-nova-peneira\/#breadcrumb","itemListElement":[{"@type":"ListItem","position":1,"name":"Portada","item":"https:\/\/www.anovapeneira.gal\/"},{"@type":"ListItem","position":2,"name":"O coronavirus a fraternidade e A Nova Peneira"}]},{"@type":"WebSite","@id":"https:\/\/www.anovapeneira.gal\/#website","url":"https:\/\/www.anovapeneira.gal\/","name":"","description":"Xornal galego de informaci\u00f3n xeral Publicaci\u00f3n mensual de novas de Galicia e en especial dos Concellos da sur da provincia de Pontevedra.","publisher":{"@id":"https:\/\/www.anovapeneira.gal\/#organization"},"potentialAction":[{"@type":"SearchAction","target":{"@type":"EntryPoint","urlTemplate":"https:\/\/www.anovapeneira.gal\/?s={search_term_string}"},"query-input":{"@type":"PropertyValueSpecification","valueRequired":true,"valueName":"search_term_string"}}],"inLanguage":"gl-ES"},{"@type":"Organization","@id":"https:\/\/www.anovapeneira.gal\/#organization","name":"A Nova Peneira","url":"https:\/\/www.anovapeneira.gal\/","logo":{"@type":"ImageObject","inLanguage":"gl-ES","@id":"https:\/\/www.anovapeneira.gal\/#\/schema\/logo\/image\/","url":"http:\/\/www.anovapeneira.gal\/wp-content\/uploads\/2019\/06\/logo_a_nova_peneira_portal_web.png","contentUrl":"http:\/\/www.anovapeneira.gal\/wp-content\/uploads\/2019\/06\/logo_a_nova_peneira_portal_web.png","width":300,"height":100,"caption":"A Nova Peneira"},"image":{"@id":"https:\/\/www.anovapeneira.gal\/#\/schema\/logo\/image\/"},"sameAs":["https:\/\/www.facebook.com\/anovapeneira","https:\/\/x.com\/APeneira"]},{"@type":"Person","@id":"https:\/\/www.anovapeneira.gal\/#\/schema\/person\/424dfe65e3070fd8a44d22d2c088762a","name":"Tino Lago","image":{"@type":"ImageObject","inLanguage":"gl-ES","@id":"https:\/\/secure.gravatar.com\/avatar\/b3df6a06e44bab3111583b90f0f33a0379ee5e3d22cbadd232d39f21c30c62be?s=96&d=mm&r=g","url":"https:\/\/secure.gravatar.com\/avatar\/b3df6a06e44bab3111583b90f0f33a0379ee5e3d22cbadd232d39f21c30c62be?s=96&d=mm&r=g","contentUrl":"https:\/\/secure.gravatar.com\/avatar\/b3df6a06e44bab3111583b90f0f33a0379ee5e3d22cbadd232d39f21c30c62be?s=96&d=mm&r=g","caption":"Tino Lago"},"sameAs":["http:\/\/www.anovapeneira.gal"],"url":"https:\/\/www.anovapeneira.gal\/index.php\/author\/director\/"}]}},"jetpack_featured_media_url":"https:\/\/www.anovapeneira.gal\/wp-content\/uploads\/2019\/08\/artigo_editorial_a_nova_peneira.jpg","_links":{"self":[{"href":"https:\/\/www.anovapeneira.gal\/index.php\/wp-json\/wp\/v2\/posts\/2748","targetHints":{"allow":["GET"]}}],"collection":[{"href":"https:\/\/www.anovapeneira.gal\/index.php\/wp-json\/wp\/v2\/posts"}],"about":[{"href":"https:\/\/www.anovapeneira.gal\/index.php\/wp-json\/wp\/v2\/types\/post"}],"author":[{"embeddable":true,"href":"https:\/\/www.anovapeneira.gal\/index.php\/wp-json\/wp\/v2\/users\/2"}],"replies":[{"embeddable":true,"href":"https:\/\/www.anovapeneira.gal\/index.php\/wp-json\/wp\/v2\/comments?post=2748"}],"version-history":[{"count":1,"href":"https:\/\/www.anovapeneira.gal\/index.php\/wp-json\/wp\/v2\/posts\/2748\/revisions"}],"predecessor-version":[{"id":2749,"href":"https:\/\/www.anovapeneira.gal\/index.php\/wp-json\/wp\/v2\/posts\/2748\/revisions\/2749"}],"wp:featuredmedia":[{"embeddable":true,"href":"https:\/\/www.anovapeneira.gal\/index.php\/wp-json\/wp\/v2\/media\/913"}],"wp:attachment":[{"href":"https:\/\/www.anovapeneira.gal\/index.php\/wp-json\/wp\/v2\/media?parent=2748"}],"wp:term":[{"taxonomy":"category","embeddable":true,"href":"https:\/\/www.anovapeneira.gal\/index.php\/wp-json\/wp\/v2\/categories?post=2748"},{"taxonomy":"post_tag","embeddable":true,"href":"https:\/\/www.anovapeneira.gal\/index.php\/wp-json\/wp\/v2\/tags?post=2748"}],"curies":[{"name":"wp","href":"https:\/\/api.w.org\/{rel}","templated":true}]}}