{"id":2750,"date":"2020-03-16T12:00:57","date_gmt":"2020-03-16T11:00:57","guid":{"rendered":"http:\/\/www.anovapeneira.gal\/?p=2750"},"modified":"2020-03-15T21:45:16","modified_gmt":"2020-03-15T20:45:16","slug":"vigo-36-43-a-democracia-no-paredon","status":"publish","type":"post","link":"https:\/\/www.anovapeneira.gal\/index.php\/2020\/03\/16\/vigo-36-43-a-democracia-no-paredon\/","title":{"rendered":"Vigo 36-43, a democracia no pared\u00f3n"},"content":{"rendered":"\n<h2 class=\"wp-block-heading\">Relatos ao Socaire do Esquecemento Asociaci\u00f3n Viguesa pola Memoria Hist\u00f3rica do 36<\/h2>\n\n\n\n<p>A murralla falou, -l\u00e9vame contigo, non quero verte de novo nun charco aos meus p\u00e9s, non quero oir m\u00e1is o estr\u00e9pito da morte. <\/p>\n\n\n\n<p>-Se forte- respondinlle, -un d\u00eda ti estar\u00e1s aqu\u00ed para lembrarlles \u00e1s mulleres e homes de ben que a\u00ednda ani\u00f1o nos seus coraz\u00f3ns. <\/p>\n\n\n\n<p>&#8211; L\u00e9vame contigo- repiti\u00fa, -non me quedan b\u00e1goas coas que ba\u00f1ar o teu sangue.<\/p>\n\n\n\n<p>-Que non treman as t\u00faas pedras porque as s\u00faas balas non poder\u00e1n coa raz\u00f3n- d\u00edxenlle intentando consolala.<\/p>\n\n\n\n<p>-Se non me levas, o encono medrar\u00e1 en cada buraco de chumbo que me fagan- insisti\u00fa a desacougada. <\/p>\n\n\n\n<p>&#8211; Eu volverei para resta\u00f1ar as t\u00faas feridas e para arrincar a brea dos coraz\u00f3ns &#8211; prometinlle.<\/p>\n\n\n\n<p>-Pero que vai quedar de ti se cada noiti\u00f1a te desangran,\u00a0 como vas a volver se cada d\u00eda te vas- lai\u00e1base a muralla facendo rechinar as s\u00faas pedras como se foran simples teselas. <\/p>\n\n\n\n<p>-Un d\u00eda a escuridade se disipar\u00e1 e os homes volver\u00e1n aqu\u00ed por respostas. Ti ser\u00e1s a mi\u00f1a memoria e contaraslle como os monstruos arrincaban aos homes das s\u00faas casas e os sub\u00edan ata o monte do Castro para usarte como pared\u00f3n, como os homes eran cazados nos montes como bestas e arrastrados aos teus p\u00e9s para ser exterminados. Como logo arroxaban os nosos restos a unha fosa com\u00fan para borrarnos da historia e que as nosas familias non n\u00f3s poderan chorar.<\/p>\n\n\n\n<p>Non te esquezas de falarlles de como cada noite repartimos o chumbo entre a mi\u00f1a carne e as t\u00faas pedras. Dilles que sempre caimos de p\u00e9 co coraz\u00f3n limpo, que a barbarie aldraxou os nosos corpos pero nunca a nosa raz\u00f3n. <\/p>\n\n\n\n<p>Non os agravies, calate cantas veces l\u00e1mbiches as t\u00faas feridas de odio agardando por eles durante a longa noite de pedra. D\u00e9ixalles apartar a hedra que cubre a t\u00faa historia e urgar nas t\u00faas feridas. Non agoches nada, necesitan saber quen foron para espantar os monstruos do futuro. Vendr\u00e1n e ti estar\u00e1s impert\u00e9rrita sendo un faro desde a t\u00faa garita, como un salmo no meu honor, record\u00e1ndolles que non atopar\u00e1n a paz at\u00e9 que rescaten do esquecemento \u00e1s mulleres e homes que foron perseguidos\u00a0 por quererme. Ningu\u00e9n vai rescatalos do libro dos mortos pero alomenos que figuren co nome propio. <\/p>\n\n\n\n<p>-Non me deixes s\u00f3a- sollozou a muralla vendo como os monstruos xa se apelotonaban coas fauces abertas. <\/p>\n\n\n\n<p>&#8211; Non te\u00f1as medo hoxe non son de carne e oso, hoxe o meu peito ser\u00e1 p\u00e9treo como o teu e ambas faremos rebotar as s\u00faas balas.<\/p>\n\n\n\n<p>O estruendo afogou as mi\u00f1as derradeiras palabras. Expirei un bico mentres o meu corpo xa se desmoronaba laxo e a muralla afundiase na escuridade. <\/p>\n\n\n\n<figure class=\"wp-block-embed-youtube wp-block-embed is-type-video is-provider-youtube wp-embed-aspect-16-9 wp-has-aspect-ratio\"><div class=\"wp-block-embed__wrapper\">\n<iframe loading=\"lazy\" title=\"VIGO, A DEMOCRACIA NO PARED\u00d3N\" width=\"500\" height=\"281\" src=\"https:\/\/www.youtube.com\/embed\/_GmY4MZ55UY?feature=oembed\" frameborder=\"0\" allow=\"accelerometer; autoplay; clipboard-write; encrypted-media; gyroscope; picture-in-picture; web-share\" referrerpolicy=\"strict-origin-when-cross-origin\" allowfullscreen><\/iframe>\n<\/div><\/figure>\n","protected":false},"excerpt":{"rendered":"<div class=\"mh-excerpt\"><p>Relatos ao Socaire do Esquecemento Asociaci\u00f3n Viguesa pola Memoria Hist\u00f3rica do 36 <a class=\"mh-excerpt-more\" href=\"https:\/\/www.anovapeneira.gal\/index.php\/2020\/03\/16\/vigo-36-43-a-democracia-no-paredon\/\" title=\"Vigo 36-43, a democracia no pared\u00f3n\">[&#8230;]<\/a><\/p>\n<\/div>","protected":false},"author":3,"featured_media":2751,"comment_status":"open","ping_status":"open","sticky":false,"template":"","format":"standard","meta":{"_exactmetrics_skip_tracking":false,"_exactmetrics_sitenote_active":false,"_exactmetrics_sitenote_note":"","_exactmetrics_sitenote_category":0,"footnotes":""},"categories":[497],"tags":[227,448],"class_list":{"0":"post-2750","1":"post","2":"type-post","3":"status-publish","4":"format-standard","5":"has-post-thumbnail","7":"category-vigo-reportaxes","8":"tag-concello-de-vigo","9":"tag-memoria-historica"},"yoast_head":"<!-- This site is optimized with the Yoast SEO plugin v27.4 - https:\/\/yoast.com\/product\/yoast-seo-wordpress\/ -->\n<title>Vigo 36-43, a democracia no pared\u00f3n -<\/title>\n<meta name=\"robots\" content=\"index, follow, max-snippet:-1, max-image-preview:large, max-video-preview:-1\" \/>\n<link rel=\"canonical\" href=\"https:\/\/www.anovapeneira.gal\/index.php\/2020\/03\/16\/vigo-36-43-a-democracia-no-paredon\/\" \/>\n<meta property=\"og:locale\" content=\"gl_ES\" \/>\n<meta property=\"og:type\" content=\"article\" \/>\n<meta property=\"og:title\" content=\"Vigo 36-43, a democracia no pared\u00f3n -\" \/>\n<meta property=\"og:description\" content=\"Relatos ao Socaire do Esquecemento Asociaci\u00f3n Viguesa pola Memoria Hist\u00f3rica do 36 [...]\" \/>\n<meta property=\"og:url\" content=\"https:\/\/www.anovapeneira.gal\/index.php\/2020\/03\/16\/vigo-36-43-a-democracia-no-paredon\/\" \/>\n<meta property=\"article:publisher\" content=\"https:\/\/www.facebook.com\/anovapeneira\" \/>\n<meta property=\"article:published_time\" content=\"2020-03-16T11:00:57+00:00\" \/>\n<meta property=\"og:image\" content=\"https:\/\/www.anovapeneira.gal\/wp-content\/uploads\/2020\/03\/memoria_historica_vigo_a_nova_peneira.png\" \/>\n\t<meta property=\"og:image:width\" content=\"720\" \/>\n\t<meta property=\"og:image:height\" content=\"432\" \/>\n\t<meta property=\"og:image:type\" content=\"image\/png\" \/>\n<meta name=\"author\" content=\"Redacci\u00f3n A Nova Peneira\" \/>\n<meta name=\"twitter:card\" content=\"summary_large_image\" \/>\n<meta name=\"twitter:creator\" content=\"@APeneira\" \/>\n<meta name=\"twitter:site\" content=\"@APeneira\" \/>\n<meta name=\"twitter:label1\" content=\"Escrito por\" \/>\n\t<meta name=\"twitter:data1\" content=\"Redacci\u00f3n A Nova Peneira\" \/>\n\t<meta name=\"twitter:label2\" content=\"Tempo de lectura\" \/>\n\t<meta name=\"twitter:data2\" content=\"3 minutos\" \/>\n<script type=\"application\/ld+json\" class=\"yoast-schema-graph\">{\"@context\":\"https:\\\/\\\/schema.org\",\"@graph\":[{\"@type\":\"Article\",\"@id\":\"https:\\\/\\\/www.anovapeneira.gal\\\/index.php\\\/2020\\\/03\\\/16\\\/vigo-36-43-a-democracia-no-paredon\\\/#article\",\"isPartOf\":{\"@id\":\"https:\\\/\\\/www.anovapeneira.gal\\\/index.php\\\/2020\\\/03\\\/16\\\/vigo-36-43-a-democracia-no-paredon\\\/\"},\"author\":{\"name\":\"Redacci\u00f3n A Nova Peneira\",\"@id\":\"https:\\\/\\\/www.anovapeneira.gal\\\/#\\\/schema\\\/person\\\/b93e3f8932e3f8da96334607eb6ac6aa\"},\"headline\":\"Vigo 36-43, a democracia no pared\u00f3n\",\"datePublished\":\"2020-03-16T11:00:57+00:00\",\"mainEntityOfPage\":{\"@id\":\"https:\\\/\\\/www.anovapeneira.gal\\\/index.php\\\/2020\\\/03\\\/16\\\/vigo-36-43-a-democracia-no-paredon\\\/\"},\"wordCount\":515,\"commentCount\":0,\"publisher\":{\"@id\":\"https:\\\/\\\/www.anovapeneira.gal\\\/#organization\"},\"image\":{\"@id\":\"https:\\\/\\\/www.anovapeneira.gal\\\/index.php\\\/2020\\\/03\\\/16\\\/vigo-36-43-a-democracia-no-paredon\\\/#primaryimage\"},\"thumbnailUrl\":\"https:\\\/\\\/www.anovapeneira.gal\\\/wp-content\\\/uploads\\\/2020\\\/03\\\/memoria_historica_vigo_a_nova_peneira.png\",\"keywords\":[\"Concello de Vigo\",\"Memoria hist\u00f3rica\"],\"articleSection\":[\"Vigo\"],\"inLanguage\":\"gl-ES\",\"potentialAction\":[{\"@type\":\"CommentAction\",\"name\":\"Comment\",\"target\":[\"https:\\\/\\\/www.anovapeneira.gal\\\/index.php\\\/2020\\\/03\\\/16\\\/vigo-36-43-a-democracia-no-paredon\\\/#respond\"]}]},{\"@type\":\"WebPage\",\"@id\":\"https:\\\/\\\/www.anovapeneira.gal\\\/index.php\\\/2020\\\/03\\\/16\\\/vigo-36-43-a-democracia-no-paredon\\\/\",\"url\":\"https:\\\/\\\/www.anovapeneira.gal\\\/index.php\\\/2020\\\/03\\\/16\\\/vigo-36-43-a-democracia-no-paredon\\\/\",\"name\":\"Vigo 36-43, a democracia no pared\u00f3n -\",\"isPartOf\":{\"@id\":\"https:\\\/\\\/www.anovapeneira.gal\\\/#website\"},\"primaryImageOfPage\":{\"@id\":\"https:\\\/\\\/www.anovapeneira.gal\\\/index.php\\\/2020\\\/03\\\/16\\\/vigo-36-43-a-democracia-no-paredon\\\/#primaryimage\"},\"image\":{\"@id\":\"https:\\\/\\\/www.anovapeneira.gal\\\/index.php\\\/2020\\\/03\\\/16\\\/vigo-36-43-a-democracia-no-paredon\\\/#primaryimage\"},\"thumbnailUrl\":\"https:\\\/\\\/www.anovapeneira.gal\\\/wp-content\\\/uploads\\\/2020\\\/03\\\/memoria_historica_vigo_a_nova_peneira.png\",\"datePublished\":\"2020-03-16T11:00:57+00:00\",\"breadcrumb\":{\"@id\":\"https:\\\/\\\/www.anovapeneira.gal\\\/index.php\\\/2020\\\/03\\\/16\\\/vigo-36-43-a-democracia-no-paredon\\\/#breadcrumb\"},\"inLanguage\":\"gl-ES\",\"potentialAction\":[{\"@type\":\"ReadAction\",\"target\":[\"https:\\\/\\\/www.anovapeneira.gal\\\/index.php\\\/2020\\\/03\\\/16\\\/vigo-36-43-a-democracia-no-paredon\\\/\"]}]},{\"@type\":\"ImageObject\",\"inLanguage\":\"gl-ES\",\"@id\":\"https:\\\/\\\/www.anovapeneira.gal\\\/index.php\\\/2020\\\/03\\\/16\\\/vigo-36-43-a-democracia-no-paredon\\\/#primaryimage\",\"url\":\"https:\\\/\\\/www.anovapeneira.gal\\\/wp-content\\\/uploads\\\/2020\\\/03\\\/memoria_historica_vigo_a_nova_peneira.png\",\"contentUrl\":\"https:\\\/\\\/www.anovapeneira.gal\\\/wp-content\\\/uploads\\\/2020\\\/03\\\/memoria_historica_vigo_a_nova_peneira.png\",\"width\":720,\"height\":432,\"caption\":\"memoria hist\u00f3rica A Nova Peneira\"},{\"@type\":\"BreadcrumbList\",\"@id\":\"https:\\\/\\\/www.anovapeneira.gal\\\/index.php\\\/2020\\\/03\\\/16\\\/vigo-36-43-a-democracia-no-paredon\\\/#breadcrumb\",\"itemListElement\":[{\"@type\":\"ListItem\",\"position\":1,\"name\":\"Portada\",\"item\":\"https:\\\/\\\/www.anovapeneira.gal\\\/\"},{\"@type\":\"ListItem\",\"position\":2,\"name\":\"Vigo 36-43, a democracia no pared\u00f3n\"}]},{\"@type\":\"WebSite\",\"@id\":\"https:\\\/\\\/www.anovapeneira.gal\\\/#website\",\"url\":\"https:\\\/\\\/www.anovapeneira.gal\\\/\",\"name\":\"\",\"description\":\"Xornal galego de informaci\u00f3n xeral Publicaci\u00f3n mensual de novas de Galicia e en especial dos Concellos da sur da provincia de Pontevedra.\",\"publisher\":{\"@id\":\"https:\\\/\\\/www.anovapeneira.gal\\\/#organization\"},\"potentialAction\":[{\"@type\":\"SearchAction\",\"target\":{\"@type\":\"EntryPoint\",\"urlTemplate\":\"https:\\\/\\\/www.anovapeneira.gal\\\/?s={search_term_string}\"},\"query-input\":{\"@type\":\"PropertyValueSpecification\",\"valueRequired\":true,\"valueName\":\"search_term_string\"}}],\"inLanguage\":\"gl-ES\"},{\"@type\":\"Organization\",\"@id\":\"https:\\\/\\\/www.anovapeneira.gal\\\/#organization\",\"name\":\"A Nova Peneira\",\"url\":\"https:\\\/\\\/www.anovapeneira.gal\\\/\",\"logo\":{\"@type\":\"ImageObject\",\"inLanguage\":\"gl-ES\",\"@id\":\"https:\\\/\\\/www.anovapeneira.gal\\\/#\\\/schema\\\/logo\\\/image\\\/\",\"url\":\"http:\\\/\\\/www.anovapeneira.gal\\\/wp-content\\\/uploads\\\/2019\\\/06\\\/logo_a_nova_peneira_portal_web.png\",\"contentUrl\":\"http:\\\/\\\/www.anovapeneira.gal\\\/wp-content\\\/uploads\\\/2019\\\/06\\\/logo_a_nova_peneira_portal_web.png\",\"width\":300,\"height\":100,\"caption\":\"A Nova Peneira\"},\"image\":{\"@id\":\"https:\\\/\\\/www.anovapeneira.gal\\\/#\\\/schema\\\/logo\\\/image\\\/\"},\"sameAs\":[\"https:\\\/\\\/www.facebook.com\\\/anovapeneira\",\"https:\\\/\\\/x.com\\\/APeneira\"]},{\"@type\":\"Person\",\"@id\":\"https:\\\/\\\/www.anovapeneira.gal\\\/#\\\/schema\\\/person\\\/b93e3f8932e3f8da96334607eb6ac6aa\",\"name\":\"Redacci\u00f3n A Nova Peneira\",\"image\":{\"@type\":\"ImageObject\",\"inLanguage\":\"gl-ES\",\"@id\":\"https:\\\/\\\/secure.gravatar.com\\\/avatar\\\/c052a2551a06e23fac63626232eaa90abd78dbcf1700fc46a2b2c89fd27b735f?s=96&d=mm&r=g\",\"url\":\"https:\\\/\\\/secure.gravatar.com\\\/avatar\\\/c052a2551a06e23fac63626232eaa90abd78dbcf1700fc46a2b2c89fd27b735f?s=96&d=mm&r=g\",\"contentUrl\":\"https:\\\/\\\/secure.gravatar.com\\\/avatar\\\/c052a2551a06e23fac63626232eaa90abd78dbcf1700fc46a2b2c89fd27b735f?s=96&d=mm&r=g\",\"caption\":\"Redacci\u00f3n A Nova Peneira\"},\"sameAs\":[\"http:\\\/\\\/www.anovapeneira.gal\\\/\"],\"url\":\"https:\\\/\\\/www.anovapeneira.gal\\\/index.php\\\/author\\\/redactor\\\/\"}]}<\/script>\n<!-- \/ Yoast SEO plugin. -->","yoast_head_json":{"title":"Vigo 36-43, a democracia no pared\u00f3n -","robots":{"index":"index","follow":"follow","max-snippet":"max-snippet:-1","max-image-preview":"max-image-preview:large","max-video-preview":"max-video-preview:-1"},"canonical":"https:\/\/www.anovapeneira.gal\/index.php\/2020\/03\/16\/vigo-36-43-a-democracia-no-paredon\/","og_locale":"gl_ES","og_type":"article","og_title":"Vigo 36-43, a democracia no pared\u00f3n -","og_description":"Relatos ao Socaire do Esquecemento Asociaci\u00f3n Viguesa pola Memoria Hist\u00f3rica do 36 [...]","og_url":"https:\/\/www.anovapeneira.gal\/index.php\/2020\/03\/16\/vigo-36-43-a-democracia-no-paredon\/","article_publisher":"https:\/\/www.facebook.com\/anovapeneira","article_published_time":"2020-03-16T11:00:57+00:00","og_image":[{"width":720,"height":432,"url":"https:\/\/www.anovapeneira.gal\/wp-content\/uploads\/2020\/03\/memoria_historica_vigo_a_nova_peneira.png","type":"image\/png"}],"author":"Redacci\u00f3n A Nova Peneira","twitter_card":"summary_large_image","twitter_creator":"@APeneira","twitter_site":"@APeneira","twitter_misc":{"Escrito por":"Redacci\u00f3n A Nova Peneira","Tempo de lectura":"3 minutos"},"schema":{"@context":"https:\/\/schema.org","@graph":[{"@type":"Article","@id":"https:\/\/www.anovapeneira.gal\/index.php\/2020\/03\/16\/vigo-36-43-a-democracia-no-paredon\/#article","isPartOf":{"@id":"https:\/\/www.anovapeneira.gal\/index.php\/2020\/03\/16\/vigo-36-43-a-democracia-no-paredon\/"},"author":{"name":"Redacci\u00f3n A Nova Peneira","@id":"https:\/\/www.anovapeneira.gal\/#\/schema\/person\/b93e3f8932e3f8da96334607eb6ac6aa"},"headline":"Vigo 36-43, a democracia no pared\u00f3n","datePublished":"2020-03-16T11:00:57+00:00","mainEntityOfPage":{"@id":"https:\/\/www.anovapeneira.gal\/index.php\/2020\/03\/16\/vigo-36-43-a-democracia-no-paredon\/"},"wordCount":515,"commentCount":0,"publisher":{"@id":"https:\/\/www.anovapeneira.gal\/#organization"},"image":{"@id":"https:\/\/www.anovapeneira.gal\/index.php\/2020\/03\/16\/vigo-36-43-a-democracia-no-paredon\/#primaryimage"},"thumbnailUrl":"https:\/\/www.anovapeneira.gal\/wp-content\/uploads\/2020\/03\/memoria_historica_vigo_a_nova_peneira.png","keywords":["Concello de Vigo","Memoria hist\u00f3rica"],"articleSection":["Vigo"],"inLanguage":"gl-ES","potentialAction":[{"@type":"CommentAction","name":"Comment","target":["https:\/\/www.anovapeneira.gal\/index.php\/2020\/03\/16\/vigo-36-43-a-democracia-no-paredon\/#respond"]}]},{"@type":"WebPage","@id":"https:\/\/www.anovapeneira.gal\/index.php\/2020\/03\/16\/vigo-36-43-a-democracia-no-paredon\/","url":"https:\/\/www.anovapeneira.gal\/index.php\/2020\/03\/16\/vigo-36-43-a-democracia-no-paredon\/","name":"Vigo 36-43, a democracia no pared\u00f3n -","isPartOf":{"@id":"https:\/\/www.anovapeneira.gal\/#website"},"primaryImageOfPage":{"@id":"https:\/\/www.anovapeneira.gal\/index.php\/2020\/03\/16\/vigo-36-43-a-democracia-no-paredon\/#primaryimage"},"image":{"@id":"https:\/\/www.anovapeneira.gal\/index.php\/2020\/03\/16\/vigo-36-43-a-democracia-no-paredon\/#primaryimage"},"thumbnailUrl":"https:\/\/www.anovapeneira.gal\/wp-content\/uploads\/2020\/03\/memoria_historica_vigo_a_nova_peneira.png","datePublished":"2020-03-16T11:00:57+00:00","breadcrumb":{"@id":"https:\/\/www.anovapeneira.gal\/index.php\/2020\/03\/16\/vigo-36-43-a-democracia-no-paredon\/#breadcrumb"},"inLanguage":"gl-ES","potentialAction":[{"@type":"ReadAction","target":["https:\/\/www.anovapeneira.gal\/index.php\/2020\/03\/16\/vigo-36-43-a-democracia-no-paredon\/"]}]},{"@type":"ImageObject","inLanguage":"gl-ES","@id":"https:\/\/www.anovapeneira.gal\/index.php\/2020\/03\/16\/vigo-36-43-a-democracia-no-paredon\/#primaryimage","url":"https:\/\/www.anovapeneira.gal\/wp-content\/uploads\/2020\/03\/memoria_historica_vigo_a_nova_peneira.png","contentUrl":"https:\/\/www.anovapeneira.gal\/wp-content\/uploads\/2020\/03\/memoria_historica_vigo_a_nova_peneira.png","width":720,"height":432,"caption":"memoria hist\u00f3rica A Nova Peneira"},{"@type":"BreadcrumbList","@id":"https:\/\/www.anovapeneira.gal\/index.php\/2020\/03\/16\/vigo-36-43-a-democracia-no-paredon\/#breadcrumb","itemListElement":[{"@type":"ListItem","position":1,"name":"Portada","item":"https:\/\/www.anovapeneira.gal\/"},{"@type":"ListItem","position":2,"name":"Vigo 36-43, a democracia no pared\u00f3n"}]},{"@type":"WebSite","@id":"https:\/\/www.anovapeneira.gal\/#website","url":"https:\/\/www.anovapeneira.gal\/","name":"","description":"Xornal galego de informaci\u00f3n xeral Publicaci\u00f3n mensual de novas de Galicia e en especial dos Concellos da sur da provincia de Pontevedra.","publisher":{"@id":"https:\/\/www.anovapeneira.gal\/#organization"},"potentialAction":[{"@type":"SearchAction","target":{"@type":"EntryPoint","urlTemplate":"https:\/\/www.anovapeneira.gal\/?s={search_term_string}"},"query-input":{"@type":"PropertyValueSpecification","valueRequired":true,"valueName":"search_term_string"}}],"inLanguage":"gl-ES"},{"@type":"Organization","@id":"https:\/\/www.anovapeneira.gal\/#organization","name":"A Nova Peneira","url":"https:\/\/www.anovapeneira.gal\/","logo":{"@type":"ImageObject","inLanguage":"gl-ES","@id":"https:\/\/www.anovapeneira.gal\/#\/schema\/logo\/image\/","url":"http:\/\/www.anovapeneira.gal\/wp-content\/uploads\/2019\/06\/logo_a_nova_peneira_portal_web.png","contentUrl":"http:\/\/www.anovapeneira.gal\/wp-content\/uploads\/2019\/06\/logo_a_nova_peneira_portal_web.png","width":300,"height":100,"caption":"A Nova Peneira"},"image":{"@id":"https:\/\/www.anovapeneira.gal\/#\/schema\/logo\/image\/"},"sameAs":["https:\/\/www.facebook.com\/anovapeneira","https:\/\/x.com\/APeneira"]},{"@type":"Person","@id":"https:\/\/www.anovapeneira.gal\/#\/schema\/person\/b93e3f8932e3f8da96334607eb6ac6aa","name":"Redacci\u00f3n A Nova Peneira","image":{"@type":"ImageObject","inLanguage":"gl-ES","@id":"https:\/\/secure.gravatar.com\/avatar\/c052a2551a06e23fac63626232eaa90abd78dbcf1700fc46a2b2c89fd27b735f?s=96&d=mm&r=g","url":"https:\/\/secure.gravatar.com\/avatar\/c052a2551a06e23fac63626232eaa90abd78dbcf1700fc46a2b2c89fd27b735f?s=96&d=mm&r=g","contentUrl":"https:\/\/secure.gravatar.com\/avatar\/c052a2551a06e23fac63626232eaa90abd78dbcf1700fc46a2b2c89fd27b735f?s=96&d=mm&r=g","caption":"Redacci\u00f3n A Nova Peneira"},"sameAs":["http:\/\/www.anovapeneira.gal\/"],"url":"https:\/\/www.anovapeneira.gal\/index.php\/author\/redactor\/"}]}},"jetpack_featured_media_url":"https:\/\/www.anovapeneira.gal\/wp-content\/uploads\/2020\/03\/memoria_historica_vigo_a_nova_peneira.png","_links":{"self":[{"href":"https:\/\/www.anovapeneira.gal\/index.php\/wp-json\/wp\/v2\/posts\/2750","targetHints":{"allow":["GET"]}}],"collection":[{"href":"https:\/\/www.anovapeneira.gal\/index.php\/wp-json\/wp\/v2\/posts"}],"about":[{"href":"https:\/\/www.anovapeneira.gal\/index.php\/wp-json\/wp\/v2\/types\/post"}],"author":[{"embeddable":true,"href":"https:\/\/www.anovapeneira.gal\/index.php\/wp-json\/wp\/v2\/users\/3"}],"replies":[{"embeddable":true,"href":"https:\/\/www.anovapeneira.gal\/index.php\/wp-json\/wp\/v2\/comments?post=2750"}],"version-history":[{"count":1,"href":"https:\/\/www.anovapeneira.gal\/index.php\/wp-json\/wp\/v2\/posts\/2750\/revisions"}],"predecessor-version":[{"id":2752,"href":"https:\/\/www.anovapeneira.gal\/index.php\/wp-json\/wp\/v2\/posts\/2750\/revisions\/2752"}],"wp:featuredmedia":[{"embeddable":true,"href":"https:\/\/www.anovapeneira.gal\/index.php\/wp-json\/wp\/v2\/media\/2751"}],"wp:attachment":[{"href":"https:\/\/www.anovapeneira.gal\/index.php\/wp-json\/wp\/v2\/media?parent=2750"}],"wp:term":[{"taxonomy":"category","embeddable":true,"href":"https:\/\/www.anovapeneira.gal\/index.php\/wp-json\/wp\/v2\/categories?post=2750"},{"taxonomy":"post_tag","embeddable":true,"href":"https:\/\/www.anovapeneira.gal\/index.php\/wp-json\/wp\/v2\/tags?post=2750"}],"curies":[{"name":"wp","href":"https:\/\/api.w.org\/{rel}","templated":true}]}}