{"id":2763,"date":"2020-03-18T12:00:53","date_gmt":"2020-03-18T11:00:53","guid":{"rendered":"http:\/\/www.anovapeneira.gal\/?p=2763"},"modified":"2020-03-18T08:24:11","modified_gmt":"2020-03-18T07:24:11","slug":"duodecimo-fragmento-do-diario-de-senlua-arraiana","status":"publish","type":"post","link":"https:\/\/www.anovapeneira.gal\/index.php\/2020\/03\/18\/duodecimo-fragmento-do-diario-de-senlua-arraiana\/","title":{"rendered":"Duod\u00e9cimo fragmento do diario de Senl\u00faa Arraiana"},"content":{"rendered":"\n<p><strong>QUEN SON?<\/strong><\/p>\n\n\n\n<figure class=\"wp-block-image size-large is-resized\"><img loading=\"lazy\" decoding=\"async\" src=\"http:\/\/www.anovapeneira.gal\/wp-content\/uploads\/2019\/07\/cristobal_a_nova_peneira.jpg\" alt=\"Crist\u00f3bal L\u00f3pez A Nova Peneira\" class=\"wp-image-555\" width=\"95\" height=\"111\"\/><figcaption>Crist\u00f3bal L\u00f3pez Pazo | Comuneiro dos montes de Tameiga, militante de anticapitalistas, ecoloxista en acci\u00f3n e veci\u00f1o constitu\u00ednte da asemblea veci\u00f1al ga\u00f1aM\u00f3s<\/figcaption><\/figure>\n\n\n\n<figure class=\"wp-block-image size-large is-resized\"><img loading=\"lazy\" decoding=\"async\" src=\"http:\/\/www.anovapeneira.gal\/wp-content\/uploads\/2019\/08\/senlua_arraiana_2135.jpg\" alt=\"\" class=\"wp-image-877\" width=\"350\" height=\"408\" srcset=\"https:\/\/www.anovapeneira.gal\/wp-content\/uploads\/2019\/08\/senlua_arraiana_2135.jpg 700w, https:\/\/www.anovapeneira.gal\/wp-content\/uploads\/2019\/08\/senlua_arraiana_2135-257x300.jpg 257w\" sizes=\"auto, (max-width: 350px) 100vw, 350px\" \/><figcaption><em><strong>(Este duod\u00e9cimo fragmento do diario de Senl\u00faa Arraiana foi recuperado e adiantado ao noso tempo por Noitepedralonga, fiel camarada do av\u00f3 da futura l\u00edder da resistencia arraiana).<\/strong><\/em><\/figcaption><\/figure>\n\n\n\n<p>Ch\u00e1momeSenl\u00faa \u00e9 son punta de lanza da resistencia arraiana.<\/p>\n\n\n\n<p>Espertei sen saber onde estaba. Unha luz inundaba unha inmensidade branca e quentaba a mi\u00f1a pel, pero s\u00f3 era unha realidade corp\u00f3rea porque a mi\u00f1a mente a\u00ednda vagaba entre mundos buscando os recordos para saber quen era.&nbsp;<\/p>\n\n\n\n<p>Esf\u00f3rzome, insisto na pregunta -Quen son?- e imax\u00ednome diante dun espello, busco a mi\u00f1a imaxe nel pero o cristal cobra vida nun arroio de augas r\u00e1pidas que escabullen o meu reflexo e non me deixa ficar a vista nel, cando parece que me vislumbro, xa mudou a imaxe pola oscilante ondulaci\u00f3n, o inquieto devenir deforma e faina imprecisa e incomprensible. Non son augas turbias onde me atopo, nin siquera estou salpicada pola espuma das contradici\u00f3ns e non, non a\u00f1oro os recodos onde remansa o auga e unha atopa unha imaxe n\u00edtida, est\u00e1tica, inflexible \u00e1 que aferrarse. Non, permanezo serena mentres a mi\u00f1a imaxe se transfigura sen fin. O v\u00e9rtigo de otrora non ten cabida no meu presente. Na turbulencia da historia est\u00e1 o cami\u00f1o por andar. No barro tinxido coa nosa sangue escr\u00edbese o futuro.<\/p>\n\n\n\n<p>Un ru\u00eddo, unha sombra. Un rostro, unha voz que me reclama. Unha man que apreta a mi\u00f1a. O meu corpo e mente fanse un e reco\u00f1ezo a Gataparda falandome &#8211; si,&nbsp; eu tam\u00e9n estou contenta de estar viva- pero onde estou? A\u00ednda no lodo da trincheira? . O \u00faltimo que lembro e a propia Gataparda coa cara sorrinte, collendome da pechera e gritando &#8220;est\u00e1 viva&#8221;. Si, estou viva pero por qu\u00e9 non son capaz de gritalo.<\/p>\n\n\n\n<p>Prusiana. E Prusiana? Est\u00e1 tam\u00e9n viva? A mi\u00f1a mente e corpo conxuntados foron desgarrados pola inquedanza. Foi como un golpe sobre o peito que devolve a vida e comencei a falar a borbotons.&nbsp; Alivio, o meu corpo se destensa, a mi\u00f1a cabeza se descomprime. Est\u00e1 viva e fora de perigo. Quero vela, quero tocala. Gataparda me tranquiliza logo poderemos cear as tres xuntas se estou con forzas.&nbsp;<\/p>\n\n\n\n<p>Pertr\u00e9chome sobre as almofadas e dirixo unha mirada suplicante a Gataparda. Ela sorr\u00ede delat\u00e1ndose como sabedora do meu desexo. C\u00f3ntame que moi pronto perdeume de vista no asalto para romper o cerco, ela \u00eda na grupa da montura co xefe de camelleros \u00e1s riendas e foron os primeiros en alcanzar a fortaleza. En seguida comenzou o fogo de morteiros imposibilit\u00e1ndolle localizarme. Sen saber onde estaba pouco pod\u00eda facer por min. Tomou posici\u00f3ns co resto do batall\u00f3n na primeira li\u00f1a de trincheiras disposta a repeler o ataque enemigo. Pero antes alertou ao mando de que posiblemente Prusiana m\u00e1is eu est\u00e1bamos rezagadas, indic\u00e1ndolle a zona por onde poderiamos estar parapetadas. R\u00e1pidamente correu entre as nosas filas o murmurio de que Prusiana estaba en perigo. A comandante en xefe era moi apreciada incluso entre a soldadesca. Cando lancei as bombas de man marqueille sen sabelo ao comandante cando ti\u00f1a que dar a orden de fuego a discreci\u00f3n e onde concentrar m\u00e1is fusileiros.&nbsp;<\/p>\n\n\n\n<p>As continuas descargas pechadas sobre a nosa posici\u00f3n barreu todo aquilo que arrastraba vida. Cun s\u00edlbido remarcou o seu reco\u00f1ecemento pola nosa visceral defensa &#8211; a pouco m\u00e1is deix\u00e1denos de meros espectadores-. O enemigo non agardaba unha reacci\u00f3n tan furibunda e dezmado o seu \u00edmpetu inicial mudou nun deambular desnortado. Non houbo silbato que anunciara a carga rebelde, das trincheiras brotaron espont\u00e1neamente ata o \u00faltimo dos milicianos nun contrataque coa rabia como munici\u00f3n. Tan intimidatoria foi a carga que at\u00e9 os feridos enemigos arrastr\u00e1banse fren\u00e9ticos intentado p\u00f3r terra por medio. S\u00f3 un pequeno grupo encabezado por Gataparda se detivo onde n\u00f3s atopamos Prusiana m\u00e1is eu, o resto formaron unha horda ansiosa de ba\u00f1arse en sangue. Todo o sufrimento do longo asedio asomaba agora os colmillos para desquitarse. Non houbo prisioneros. S\u00f3 o p\u00e1nico entre as li\u00f1as enemigas andou m\u00e1is lixeiro. Pronto a cruenta rabia deu paso ao fatiga acumulada e un amasillo humano desapareceu pola lontananza deixando unha estela de sangue e v\u00edsceras. Non todo o cerco foi desmantelado tan doadamente, no sector diametralmente oposto a loita foi encarnizada ante un enemigo mellor pertrechado e numeroso, e que desco\u00f1ec\u00eda a desbandada dos seus ao outro lado da fortaleza de Bastopol. Non correron mellor sorte, o que non foi acribillado a balazos foi pasado a coitelo pola soldadesca.&nbsp;<\/p>\n\n\n\n<p>O orgullo que empurraba as primeiras palabras de Gatoparda desapareceu as\u00ed como foi avanzando no relato para rematar entrecortada repudiando o sucedido. Ningu\u00e9n xulgar\u00e1 as atrocidades cometidas. Sonar\u00e1n as trompetas victoriosas consagrando o sangue derramado, pero estas non espantar\u00e1n aos pantasmas nas fr\u00edas noite de insomnio. O dia\u00f1o cobrouse a victoria tan cara que nin Dorian Gray aceptar\u00eda semellante ponzo\u00f1a. Gataparda rematou o seu relato cunhas palabras mascuiadas que apenas sairon da s\u00faa gorxa e ambas quedamos uns minutos&nbsp; caladas resignificando o noso concepto de humanidade. Se ga\u00f1\u00e1bamos a guerra contra a Colmea esta victoria ser\u00eda ensalada polos poetas pero as que fumos part\u00edcipes a recordariamos coa cabeza gacha.&nbsp;<\/p>\n\n\n\n<p>Romp\u00edn o silencio solicit\u00e1ndolle a mi\u00f1a compatriota que levara xa a ver a Prusiana porque necesitaba ter logo uns intres de soedade baixo o luar. S\u00f3 a catarse de escribir no meu diario e ordenar os meus pensamentos poder\u00eda evitar unha noite en vela. Acheg\u00e1monos a habitaci\u00f3n de Prusiana e no seu lugar atopeime unha nota para min. Tiven que agardar uns intres para que os latexos do meu coraz\u00f3n non marcaran o ritmo na mi\u00f1a cabeza. O papel estaba dobrado en tres confir\u00edndolle certa intimidade ao seu contido. Desdobreino con toda a parsimonia dunha liturxia relixiosa e tiven que agardar uns segundos para que os meus ollos humedecidos foran capaces de enfocar a letra da nota.<\/p>\n\n\n\n<p>&#8220;Espertar e saber que estaba viva non foi nada comparado con saber que ti tam\u00e9n o estabas. Tiven que usar o meu rango de comandante en xefe para que me deixaran ir a verte. Dorm\u00edas pl\u00e1cidamente cos teus beizos esbozando un sorriso. Como me gustar\u00eda estar aqu\u00ed cando recobres o co\u00f1ecemento e o primeiro que notes sexa a mi\u00f1a man estreitando a t\u00faa. Non pode ser. Agardo me perdoes. Ti me salvaches a vida sen pensar na t\u00faa e cambiaches o curso da guerra. Ti abriches unha nova p\u00e1xina na historia e eu non podo deixar que quede en branco. Hoxe cedo parto cos \u00faltimos reforzos para dirigir o asalto a Anatolia e rendir o \u00faltimo basti\u00f3n entre n\u00f3s e Villania. Que preto quedar\u00e1 ent\u00f3n a capital da Colmea. Agardo que en breve poidas unirte a min. Traete a Gataparda, ogall\u00e1 a metade dos meus soldados foran coma ela. Si vis pacem, para bellum.&#8221;<\/p>\n\n\n\n<p>Quedei taciturna o resto do d\u00eda e agora baixo a refulxencia dos fragmentos da extinta l\u00faa empezo a desentumecerme mentalmente e condensar toda esta ebullici\u00f3n de pensamentos fragmentados que se atreven a contravenir os meus sentimentos facendo gala dun libre albedr\u00edo nada confortante.&nbsp;<\/p>\n\n\n\n<p>Onde est\u00e1 aquela ni\u00f1a arraiana tan segura de si mesma? Quen borrou a rectil\u00ednea baixo os meus pes sobre a que cami\u00f1aba firme cara a lontananza? Quiz\u00e1s nunca foi m\u00e1is que unha enga\u00f1osa sensaci\u00f3n. Quiz\u00e1s a rectil\u00ednea e a geod\u00e9sica comparten tr\u00e1nsito sen que nada alerte da bifurcaci\u00f3n. Quiz\u00e1s para poder avanzar, primeiro hai que aprender a p\u00f3r un p\u00e9 diante doutro sen deixar a ningu\u00e9n atr\u00e1s.<\/p>\n\n\n\n<p>Necesito reposo.&nbsp; Acostarme dar\u00e1 comenz\u00f3 a unha dura negociaci\u00f3n coa voz en off dos meus so\u00f1os para que terxiverse a irrealidade e me leve en volandas toda a noite. Necesito descansar, todo o meu ser est\u00e1 magullado por igual, desde a punta do p\u00e9 at\u00e9 a mi\u00f1a derradeira convicci\u00f3n m\u00e1is humilde.&nbsp;<\/p>\n","protected":false},"excerpt":{"rendered":"<div class=\"mh-excerpt\"><p>QUEN SON? Ch\u00e1momeSenl\u00faa \u00e9 son punta de lanza da resistencia arraiana. Espertei sen saber onde estaba. Unha luz inundaba unha inmensidade branca e quentaba a mi\u00f1a pel, pero s\u00f3 era unha realidade corp\u00f3rea porque a <a class=\"mh-excerpt-more\" href=\"https:\/\/www.anovapeneira.gal\/index.php\/2020\/03\/18\/duodecimo-fragmento-do-diario-de-senlua-arraiana\/\" title=\"Duod\u00e9cimo fragmento do diario de Senl\u00faa Arraiana\">[&#8230;]<\/a><\/p>\n<\/div>","protected":false},"author":13,"featured_media":2764,"comment_status":"open","ping_status":"open","sticky":false,"template":"","format":"standard","meta":{"_exactmetrics_skip_tracking":false,"_exactmetrics_sitenote_active":false,"_exactmetrics_sitenote_note":"","_exactmetrics_sitenote_category":0,"footnotes":""},"categories":[7],"tags":[235],"class_list":{"0":"post-2763","1":"post","2":"type-post","3":"status-publish","4":"format-standard","5":"has-post-thumbnail","7":"category-artigos-de-opinion","8":"tag-senlua-arraiana"},"yoast_head":"<!-- This site is optimized with the Yoast SEO plugin v27.4 - https:\/\/yoast.com\/product\/yoast-seo-wordpress\/ -->\n<title>Duod\u00e9cimo fragmento do diario de Senl\u00faa Arraiana -<\/title>\n<meta name=\"robots\" content=\"index, follow, max-snippet:-1, max-image-preview:large, max-video-preview:-1\" \/>\n<link rel=\"canonical\" href=\"https:\/\/www.anovapeneira.gal\/index.php\/2020\/03\/18\/duodecimo-fragmento-do-diario-de-senlua-arraiana\/\" \/>\n<meta property=\"og:locale\" content=\"gl_ES\" \/>\n<meta property=\"og:type\" content=\"article\" \/>\n<meta property=\"og:title\" content=\"Duod\u00e9cimo fragmento do diario de Senl\u00faa Arraiana -\" \/>\n<meta property=\"og:description\" content=\"QUEN SON? Ch\u00e1momeSenl\u00faa \u00e9 son punta de lanza da resistencia arraiana. Espertei sen saber onde estaba. Unha luz inundaba unha inmensidade branca e quentaba a mi\u00f1a pel, pero s\u00f3 era unha realidade corp\u00f3rea porque a [...]\" \/>\n<meta property=\"og:url\" content=\"https:\/\/www.anovapeneira.gal\/index.php\/2020\/03\/18\/duodecimo-fragmento-do-diario-de-senlua-arraiana\/\" \/>\n<meta property=\"article:publisher\" content=\"https:\/\/www.facebook.com\/anovapeneira\" \/>\n<meta property=\"article:published_time\" content=\"2020-03-18T11:00:53+00:00\" \/>\n<meta property=\"og:image\" content=\"https:\/\/www.anovapeneira.gal\/wp-content\/uploads\/2020\/03\/sen_lua_12_a_nova_peneira.jpg\" \/>\n\t<meta property=\"og:image:width\" content=\"720\" \/>\n\t<meta property=\"og:image:height\" content=\"432\" \/>\n\t<meta property=\"og:image:type\" content=\"image\/jpeg\" \/>\n<meta name=\"author\" content=\"Cristobal L\u00f3pez\" \/>\n<meta name=\"twitter:card\" content=\"summary_large_image\" \/>\n<meta name=\"twitter:creator\" content=\"@APeneira\" \/>\n<meta name=\"twitter:site\" content=\"@APeneira\" \/>\n<meta name=\"twitter:label1\" content=\"Escrito por\" \/>\n\t<meta name=\"twitter:data1\" content=\"Cristobal L\u00f3pez\" \/>\n\t<meta name=\"twitter:label2\" content=\"Tempo de lectura\" \/>\n\t<meta name=\"twitter:data2\" content=\"7 minutos\" \/>\n<script type=\"application\/ld+json\" class=\"yoast-schema-graph\">{\"@context\":\"https:\\\/\\\/schema.org\",\"@graph\":[{\"@type\":\"Article\",\"@id\":\"https:\\\/\\\/www.anovapeneira.gal\\\/index.php\\\/2020\\\/03\\\/18\\\/duodecimo-fragmento-do-diario-de-senlua-arraiana\\\/#article\",\"isPartOf\":{\"@id\":\"https:\\\/\\\/www.anovapeneira.gal\\\/index.php\\\/2020\\\/03\\\/18\\\/duodecimo-fragmento-do-diario-de-senlua-arraiana\\\/\"},\"author\":{\"name\":\"Cristobal L\u00f3pez\",\"@id\":\"https:\\\/\\\/www.anovapeneira.gal\\\/#\\\/schema\\\/person\\\/45b3df2338e4d898b7616809f9c5906c\"},\"headline\":\"Duod\u00e9cimo fragmento do diario de Senl\u00faa Arraiana\",\"datePublished\":\"2020-03-18T11:00:53+00:00\",\"mainEntityOfPage\":{\"@id\":\"https:\\\/\\\/www.anovapeneira.gal\\\/index.php\\\/2020\\\/03\\\/18\\\/duodecimo-fragmento-do-diario-de-senlua-arraiana\\\/\"},\"wordCount\":1440,\"commentCount\":0,\"publisher\":{\"@id\":\"https:\\\/\\\/www.anovapeneira.gal\\\/#organization\"},\"image\":{\"@id\":\"https:\\\/\\\/www.anovapeneira.gal\\\/index.php\\\/2020\\\/03\\\/18\\\/duodecimo-fragmento-do-diario-de-senlua-arraiana\\\/#primaryimage\"},\"thumbnailUrl\":\"https:\\\/\\\/www.anovapeneira.gal\\\/wp-content\\\/uploads\\\/2020\\\/03\\\/sen_lua_12_a_nova_peneira.jpg\",\"keywords\":[\"Senl\u00faa Arraiana\"],\"articleSection\":[\"Artigos de opini\u00f3n\"],\"inLanguage\":\"gl-ES\",\"potentialAction\":[{\"@type\":\"CommentAction\",\"name\":\"Comment\",\"target\":[\"https:\\\/\\\/www.anovapeneira.gal\\\/index.php\\\/2020\\\/03\\\/18\\\/duodecimo-fragmento-do-diario-de-senlua-arraiana\\\/#respond\"]}]},{\"@type\":\"WebPage\",\"@id\":\"https:\\\/\\\/www.anovapeneira.gal\\\/index.php\\\/2020\\\/03\\\/18\\\/duodecimo-fragmento-do-diario-de-senlua-arraiana\\\/\",\"url\":\"https:\\\/\\\/www.anovapeneira.gal\\\/index.php\\\/2020\\\/03\\\/18\\\/duodecimo-fragmento-do-diario-de-senlua-arraiana\\\/\",\"name\":\"Duod\u00e9cimo fragmento do diario de Senl\u00faa Arraiana -\",\"isPartOf\":{\"@id\":\"https:\\\/\\\/www.anovapeneira.gal\\\/#website\"},\"primaryImageOfPage\":{\"@id\":\"https:\\\/\\\/www.anovapeneira.gal\\\/index.php\\\/2020\\\/03\\\/18\\\/duodecimo-fragmento-do-diario-de-senlua-arraiana\\\/#primaryimage\"},\"image\":{\"@id\":\"https:\\\/\\\/www.anovapeneira.gal\\\/index.php\\\/2020\\\/03\\\/18\\\/duodecimo-fragmento-do-diario-de-senlua-arraiana\\\/#primaryimage\"},\"thumbnailUrl\":\"https:\\\/\\\/www.anovapeneira.gal\\\/wp-content\\\/uploads\\\/2020\\\/03\\\/sen_lua_12_a_nova_peneira.jpg\",\"datePublished\":\"2020-03-18T11:00:53+00:00\",\"breadcrumb\":{\"@id\":\"https:\\\/\\\/www.anovapeneira.gal\\\/index.php\\\/2020\\\/03\\\/18\\\/duodecimo-fragmento-do-diario-de-senlua-arraiana\\\/#breadcrumb\"},\"inLanguage\":\"gl-ES\",\"potentialAction\":[{\"@type\":\"ReadAction\",\"target\":[\"https:\\\/\\\/www.anovapeneira.gal\\\/index.php\\\/2020\\\/03\\\/18\\\/duodecimo-fragmento-do-diario-de-senlua-arraiana\\\/\"]}]},{\"@type\":\"ImageObject\",\"inLanguage\":\"gl-ES\",\"@id\":\"https:\\\/\\\/www.anovapeneira.gal\\\/index.php\\\/2020\\\/03\\\/18\\\/duodecimo-fragmento-do-diario-de-senlua-arraiana\\\/#primaryimage\",\"url\":\"https:\\\/\\\/www.anovapeneira.gal\\\/wp-content\\\/uploads\\\/2020\\\/03\\\/sen_lua_12_a_nova_peneira.jpg\",\"contentUrl\":\"https:\\\/\\\/www.anovapeneira.gal\\\/wp-content\\\/uploads\\\/2020\\\/03\\\/sen_lua_12_a_nova_peneira.jpg\",\"width\":720,\"height\":432,\"caption\":\"Senl\u00faa Arraiana A Nova Peneira\"},{\"@type\":\"BreadcrumbList\",\"@id\":\"https:\\\/\\\/www.anovapeneira.gal\\\/index.php\\\/2020\\\/03\\\/18\\\/duodecimo-fragmento-do-diario-de-senlua-arraiana\\\/#breadcrumb\",\"itemListElement\":[{\"@type\":\"ListItem\",\"position\":1,\"name\":\"Portada\",\"item\":\"https:\\\/\\\/www.anovapeneira.gal\\\/\"},{\"@type\":\"ListItem\",\"position\":2,\"name\":\"Duod\u00e9cimo fragmento do diario de Senl\u00faa Arraiana\"}]},{\"@type\":\"WebSite\",\"@id\":\"https:\\\/\\\/www.anovapeneira.gal\\\/#website\",\"url\":\"https:\\\/\\\/www.anovapeneira.gal\\\/\",\"name\":\"\",\"description\":\"Xornal galego de informaci\u00f3n xeral Publicaci\u00f3n mensual de novas de Galicia e en especial dos Concellos da sur da provincia de Pontevedra.\",\"publisher\":{\"@id\":\"https:\\\/\\\/www.anovapeneira.gal\\\/#organization\"},\"potentialAction\":[{\"@type\":\"SearchAction\",\"target\":{\"@type\":\"EntryPoint\",\"urlTemplate\":\"https:\\\/\\\/www.anovapeneira.gal\\\/?s={search_term_string}\"},\"query-input\":{\"@type\":\"PropertyValueSpecification\",\"valueRequired\":true,\"valueName\":\"search_term_string\"}}],\"inLanguage\":\"gl-ES\"},{\"@type\":\"Organization\",\"@id\":\"https:\\\/\\\/www.anovapeneira.gal\\\/#organization\",\"name\":\"A Nova Peneira\",\"url\":\"https:\\\/\\\/www.anovapeneira.gal\\\/\",\"logo\":{\"@type\":\"ImageObject\",\"inLanguage\":\"gl-ES\",\"@id\":\"https:\\\/\\\/www.anovapeneira.gal\\\/#\\\/schema\\\/logo\\\/image\\\/\",\"url\":\"http:\\\/\\\/www.anovapeneira.gal\\\/wp-content\\\/uploads\\\/2019\\\/06\\\/logo_a_nova_peneira_portal_web.png\",\"contentUrl\":\"http:\\\/\\\/www.anovapeneira.gal\\\/wp-content\\\/uploads\\\/2019\\\/06\\\/logo_a_nova_peneira_portal_web.png\",\"width\":300,\"height\":100,\"caption\":\"A Nova Peneira\"},\"image\":{\"@id\":\"https:\\\/\\\/www.anovapeneira.gal\\\/#\\\/schema\\\/logo\\\/image\\\/\"},\"sameAs\":[\"https:\\\/\\\/www.facebook.com\\\/anovapeneira\",\"https:\\\/\\\/x.com\\\/APeneira\"]},{\"@type\":\"Person\",\"@id\":\"https:\\\/\\\/www.anovapeneira.gal\\\/#\\\/schema\\\/person\\\/45b3df2338e4d898b7616809f9c5906c\",\"name\":\"Cristobal L\u00f3pez\",\"image\":{\"@type\":\"ImageObject\",\"inLanguage\":\"gl-ES\",\"@id\":\"https:\\\/\\\/secure.gravatar.com\\\/avatar\\\/b537cf06ef8166c9ef72b09f4d5f6446b1e22ea99505d94e40b8685710482f79?s=96&d=mm&r=g\",\"url\":\"https:\\\/\\\/secure.gravatar.com\\\/avatar\\\/b537cf06ef8166c9ef72b09f4d5f6446b1e22ea99505d94e40b8685710482f79?s=96&d=mm&r=g\",\"contentUrl\":\"https:\\\/\\\/secure.gravatar.com\\\/avatar\\\/b537cf06ef8166c9ef72b09f4d5f6446b1e22ea99505d94e40b8685710482f79?s=96&d=mm&r=g\",\"caption\":\"Cristobal L\u00f3pez\"},\"sameAs\":[\"http:\\\/\\\/anovapeneira.gal\"],\"url\":\"https:\\\/\\\/www.anovapeneira.gal\\\/index.php\\\/author\\\/opinioncristoballopez\\\/\"}]}<\/script>\n<!-- \/ Yoast SEO plugin. -->","yoast_head_json":{"title":"Duod\u00e9cimo fragmento do diario de Senl\u00faa Arraiana -","robots":{"index":"index","follow":"follow","max-snippet":"max-snippet:-1","max-image-preview":"max-image-preview:large","max-video-preview":"max-video-preview:-1"},"canonical":"https:\/\/www.anovapeneira.gal\/index.php\/2020\/03\/18\/duodecimo-fragmento-do-diario-de-senlua-arraiana\/","og_locale":"gl_ES","og_type":"article","og_title":"Duod\u00e9cimo fragmento do diario de Senl\u00faa Arraiana -","og_description":"QUEN SON? Ch\u00e1momeSenl\u00faa \u00e9 son punta de lanza da resistencia arraiana. Espertei sen saber onde estaba. Unha luz inundaba unha inmensidade branca e quentaba a mi\u00f1a pel, pero s\u00f3 era unha realidade corp\u00f3rea porque a [...]","og_url":"https:\/\/www.anovapeneira.gal\/index.php\/2020\/03\/18\/duodecimo-fragmento-do-diario-de-senlua-arraiana\/","article_publisher":"https:\/\/www.facebook.com\/anovapeneira","article_published_time":"2020-03-18T11:00:53+00:00","og_image":[{"width":720,"height":432,"url":"https:\/\/www.anovapeneira.gal\/wp-content\/uploads\/2020\/03\/sen_lua_12_a_nova_peneira.jpg","type":"image\/jpeg"}],"author":"Cristobal L\u00f3pez","twitter_card":"summary_large_image","twitter_creator":"@APeneira","twitter_site":"@APeneira","twitter_misc":{"Escrito por":"Cristobal L\u00f3pez","Tempo de lectura":"7 minutos"},"schema":{"@context":"https:\/\/schema.org","@graph":[{"@type":"Article","@id":"https:\/\/www.anovapeneira.gal\/index.php\/2020\/03\/18\/duodecimo-fragmento-do-diario-de-senlua-arraiana\/#article","isPartOf":{"@id":"https:\/\/www.anovapeneira.gal\/index.php\/2020\/03\/18\/duodecimo-fragmento-do-diario-de-senlua-arraiana\/"},"author":{"name":"Cristobal L\u00f3pez","@id":"https:\/\/www.anovapeneira.gal\/#\/schema\/person\/45b3df2338e4d898b7616809f9c5906c"},"headline":"Duod\u00e9cimo fragmento do diario de Senl\u00faa Arraiana","datePublished":"2020-03-18T11:00:53+00:00","mainEntityOfPage":{"@id":"https:\/\/www.anovapeneira.gal\/index.php\/2020\/03\/18\/duodecimo-fragmento-do-diario-de-senlua-arraiana\/"},"wordCount":1440,"commentCount":0,"publisher":{"@id":"https:\/\/www.anovapeneira.gal\/#organization"},"image":{"@id":"https:\/\/www.anovapeneira.gal\/index.php\/2020\/03\/18\/duodecimo-fragmento-do-diario-de-senlua-arraiana\/#primaryimage"},"thumbnailUrl":"https:\/\/www.anovapeneira.gal\/wp-content\/uploads\/2020\/03\/sen_lua_12_a_nova_peneira.jpg","keywords":["Senl\u00faa Arraiana"],"articleSection":["Artigos de opini\u00f3n"],"inLanguage":"gl-ES","potentialAction":[{"@type":"CommentAction","name":"Comment","target":["https:\/\/www.anovapeneira.gal\/index.php\/2020\/03\/18\/duodecimo-fragmento-do-diario-de-senlua-arraiana\/#respond"]}]},{"@type":"WebPage","@id":"https:\/\/www.anovapeneira.gal\/index.php\/2020\/03\/18\/duodecimo-fragmento-do-diario-de-senlua-arraiana\/","url":"https:\/\/www.anovapeneira.gal\/index.php\/2020\/03\/18\/duodecimo-fragmento-do-diario-de-senlua-arraiana\/","name":"Duod\u00e9cimo fragmento do diario de Senl\u00faa Arraiana -","isPartOf":{"@id":"https:\/\/www.anovapeneira.gal\/#website"},"primaryImageOfPage":{"@id":"https:\/\/www.anovapeneira.gal\/index.php\/2020\/03\/18\/duodecimo-fragmento-do-diario-de-senlua-arraiana\/#primaryimage"},"image":{"@id":"https:\/\/www.anovapeneira.gal\/index.php\/2020\/03\/18\/duodecimo-fragmento-do-diario-de-senlua-arraiana\/#primaryimage"},"thumbnailUrl":"https:\/\/www.anovapeneira.gal\/wp-content\/uploads\/2020\/03\/sen_lua_12_a_nova_peneira.jpg","datePublished":"2020-03-18T11:00:53+00:00","breadcrumb":{"@id":"https:\/\/www.anovapeneira.gal\/index.php\/2020\/03\/18\/duodecimo-fragmento-do-diario-de-senlua-arraiana\/#breadcrumb"},"inLanguage":"gl-ES","potentialAction":[{"@type":"ReadAction","target":["https:\/\/www.anovapeneira.gal\/index.php\/2020\/03\/18\/duodecimo-fragmento-do-diario-de-senlua-arraiana\/"]}]},{"@type":"ImageObject","inLanguage":"gl-ES","@id":"https:\/\/www.anovapeneira.gal\/index.php\/2020\/03\/18\/duodecimo-fragmento-do-diario-de-senlua-arraiana\/#primaryimage","url":"https:\/\/www.anovapeneira.gal\/wp-content\/uploads\/2020\/03\/sen_lua_12_a_nova_peneira.jpg","contentUrl":"https:\/\/www.anovapeneira.gal\/wp-content\/uploads\/2020\/03\/sen_lua_12_a_nova_peneira.jpg","width":720,"height":432,"caption":"Senl\u00faa Arraiana A Nova Peneira"},{"@type":"BreadcrumbList","@id":"https:\/\/www.anovapeneira.gal\/index.php\/2020\/03\/18\/duodecimo-fragmento-do-diario-de-senlua-arraiana\/#breadcrumb","itemListElement":[{"@type":"ListItem","position":1,"name":"Portada","item":"https:\/\/www.anovapeneira.gal\/"},{"@type":"ListItem","position":2,"name":"Duod\u00e9cimo fragmento do diario de Senl\u00faa Arraiana"}]},{"@type":"WebSite","@id":"https:\/\/www.anovapeneira.gal\/#website","url":"https:\/\/www.anovapeneira.gal\/","name":"","description":"Xornal galego de informaci\u00f3n xeral Publicaci\u00f3n mensual de novas de Galicia e en especial dos Concellos da sur da provincia de Pontevedra.","publisher":{"@id":"https:\/\/www.anovapeneira.gal\/#organization"},"potentialAction":[{"@type":"SearchAction","target":{"@type":"EntryPoint","urlTemplate":"https:\/\/www.anovapeneira.gal\/?s={search_term_string}"},"query-input":{"@type":"PropertyValueSpecification","valueRequired":true,"valueName":"search_term_string"}}],"inLanguage":"gl-ES"},{"@type":"Organization","@id":"https:\/\/www.anovapeneira.gal\/#organization","name":"A Nova Peneira","url":"https:\/\/www.anovapeneira.gal\/","logo":{"@type":"ImageObject","inLanguage":"gl-ES","@id":"https:\/\/www.anovapeneira.gal\/#\/schema\/logo\/image\/","url":"http:\/\/www.anovapeneira.gal\/wp-content\/uploads\/2019\/06\/logo_a_nova_peneira_portal_web.png","contentUrl":"http:\/\/www.anovapeneira.gal\/wp-content\/uploads\/2019\/06\/logo_a_nova_peneira_portal_web.png","width":300,"height":100,"caption":"A Nova Peneira"},"image":{"@id":"https:\/\/www.anovapeneira.gal\/#\/schema\/logo\/image\/"},"sameAs":["https:\/\/www.facebook.com\/anovapeneira","https:\/\/x.com\/APeneira"]},{"@type":"Person","@id":"https:\/\/www.anovapeneira.gal\/#\/schema\/person\/45b3df2338e4d898b7616809f9c5906c","name":"Cristobal L\u00f3pez","image":{"@type":"ImageObject","inLanguage":"gl-ES","@id":"https:\/\/secure.gravatar.com\/avatar\/b537cf06ef8166c9ef72b09f4d5f6446b1e22ea99505d94e40b8685710482f79?s=96&d=mm&r=g","url":"https:\/\/secure.gravatar.com\/avatar\/b537cf06ef8166c9ef72b09f4d5f6446b1e22ea99505d94e40b8685710482f79?s=96&d=mm&r=g","contentUrl":"https:\/\/secure.gravatar.com\/avatar\/b537cf06ef8166c9ef72b09f4d5f6446b1e22ea99505d94e40b8685710482f79?s=96&d=mm&r=g","caption":"Cristobal L\u00f3pez"},"sameAs":["http:\/\/anovapeneira.gal"],"url":"https:\/\/www.anovapeneira.gal\/index.php\/author\/opinioncristoballopez\/"}]}},"jetpack_featured_media_url":"https:\/\/www.anovapeneira.gal\/wp-content\/uploads\/2020\/03\/sen_lua_12_a_nova_peneira.jpg","_links":{"self":[{"href":"https:\/\/www.anovapeneira.gal\/index.php\/wp-json\/wp\/v2\/posts\/2763","targetHints":{"allow":["GET"]}}],"collection":[{"href":"https:\/\/www.anovapeneira.gal\/index.php\/wp-json\/wp\/v2\/posts"}],"about":[{"href":"https:\/\/www.anovapeneira.gal\/index.php\/wp-json\/wp\/v2\/types\/post"}],"author":[{"embeddable":true,"href":"https:\/\/www.anovapeneira.gal\/index.php\/wp-json\/wp\/v2\/users\/13"}],"replies":[{"embeddable":true,"href":"https:\/\/www.anovapeneira.gal\/index.php\/wp-json\/wp\/v2\/comments?post=2763"}],"version-history":[{"count":1,"href":"https:\/\/www.anovapeneira.gal\/index.php\/wp-json\/wp\/v2\/posts\/2763\/revisions"}],"predecessor-version":[{"id":2765,"href":"https:\/\/www.anovapeneira.gal\/index.php\/wp-json\/wp\/v2\/posts\/2763\/revisions\/2765"}],"wp:featuredmedia":[{"embeddable":true,"href":"https:\/\/www.anovapeneira.gal\/index.php\/wp-json\/wp\/v2\/media\/2764"}],"wp:attachment":[{"href":"https:\/\/www.anovapeneira.gal\/index.php\/wp-json\/wp\/v2\/media?parent=2763"}],"wp:term":[{"taxonomy":"category","embeddable":true,"href":"https:\/\/www.anovapeneira.gal\/index.php\/wp-json\/wp\/v2\/categories?post=2763"},{"taxonomy":"post_tag","embeddable":true,"href":"https:\/\/www.anovapeneira.gal\/index.php\/wp-json\/wp\/v2\/tags?post=2763"}],"curies":[{"name":"wp","href":"https:\/\/api.w.org\/{rel}","templated":true}]}}