{"id":2769,"date":"2020-03-19T12:00:41","date_gmt":"2020-03-19T11:00:41","guid":{"rendered":"http:\/\/www.anovapeneira.gal\/?p=2769"},"modified":"2020-03-19T08:02:05","modified_gmt":"2020-03-19T07:02:05","slug":"a-xustiza-desmonta-as-acusacions-de-arevalo","status":"publish","type":"post","link":"https:\/\/www.anovapeneira.gal\/index.php\/2020\/03\/19\/a-xustiza-desmonta-as-acusacions-de-arevalo\/","title":{"rendered":"A xustiza desmonta as acusaci\u00f3ns de Ar\u00e9valo"},"content":{"rendered":"\n<h2 class=\"wp-block-heading\">Comunicado sobre o sobreseimento dictado polo Xulgado n\u00ba2 de Porri\u00f1o da causa contra case unha veintena de veci\u00f1os e veci\u00f1as de Tameiga motivada polas denuncias de Nidia Ar\u00e9valo. A xustiza considera que non houbo ning\u00fan delito por parte dos asistentes que quer\u00edan acceder ao acto do Multiusos das Pozas o 24 de setembro do pasado ano. Adxunntamos dilixencia do xulgado.<\/h2>\n\n\n\n<ul class=\"wp-block-list\"><li><strong>O xulgado n\u00ba2 de Porri\u00f1o considera que a veci\u00f1anza de Tameiga acusados por Nidia Ar\u00e9valo non cometeron ning\u00fan delito.<\/strong><\/li><\/ul>\n\n\n\n<ul class=\"wp-block-list\"><li><strong>Nidia Ar\u00e9valo e a polic\u00eda local encarg\u00e1ronse de sinalar aos case veinte veci\u00f1os denunciados, a maioria deles membros das directivas das Comunidades de augas afectadas, da Comunidade de montes de Tameiga ou dalgunha das forzas pol\u00edticas que rexeitan o proxecto da construcci\u00f3n dun&nbsp; Macro Centro Comercial nos Montes de Tameiga.<\/strong><\/li><\/ul>\n\n\n\n<ul class=\"wp-block-list\"><li><strong>A xuiza de xulgado n\u00ba2 de Porri\u00f1o rexeitou todas as acusaci\u00f3ns de Nidia Ar\u00e9valo contra case unha veintena de veci\u00f1os e veci\u00f1as de Tameiga que asistiron a o acto do Multiusos das Pozas o 24 de setembro do ano pasado.&nbsp;<\/strong><\/li><\/ul>\n\n\n\n<ul class=\"wp-block-list\"><li><strong>A xuiza acorda o sobreseimento da causa e considera que non houbo ning\u00fan delito, que non houbo perturbaci\u00f3n do orden nin intenci\u00f3n algunha de atentar a paz p\u00fablica<\/strong><strong>.<\/strong><\/li><\/ul>\n\n\n\n<p>Despois da cancelaci\u00f3n do acto do 24 de setembro no Multiusos das Pozas, Nidia Ar\u00e9valo, utilizando o seu cargo de alcaldesa e de xefa da policia local, acusou a case unha veitena de veci\u00f1os e veci\u00f1as de Tameiga de desord\u00e9ns p\u00fablicos e de alterar a paz.&nbsp;<\/p>\n\n\n\n<p>Ademais de denunciar personouse como a acusaci\u00f3n particular usando o cargo de alcaldesa para contratar con fondos p\u00fablicos os servizos legais dun co\u00f1ecido avogado. Se Nidia Ar\u00e9valo quer\u00eda con esta manobra intimidar, amedrentar ou ensuciar a reputaci\u00f3n destos veci\u00f1os e veci\u00f1as, non o consegui\u00fa, xa que a xustiza ven de dictar o sobreseimento da causa rexeitando as s\u00faas acusaci\u00f3ns.<\/p>\n\n\n\n<p>&nbsp;A xuiza do xulgado n\u00ba2 de Porri\u00f1o considera que \u201c.<em>..non consta intenci\u00f3n algunha por parte da veci\u00f1anza de atentar contra a paz p\u00fablica (art\u00edculo 557 dO CP), nin existe tampouco perturbaci\u00f3n no orden da Corporaci\u00f3n&#8230;\u201d<\/em>. A xuiza confirma no auto que&nbsp;<em>a identificaci\u00f3n dos veci\u00f1os investigados \u00e9 realizada s\u00f3 pola Polic\u00eda Local de Mos, distinguindo dous grupos, uns pertenecentes \u00e1 \u201cPlataforma Agua \u00e9 Vida\u201d e outros ao Partido Pol\u00edtico \u201cGa\u00f1amos<\/em>\u201d.<\/p>\n\n\n\n<p><strong>As directivas das asociaci\u00f3ns cuxos membros foron inxustamente acusados esixen que Nidia Ar\u00e9valo se desculpe p\u00fablicamente e pida perd\u00f3n por terlles imputado delitos inexistentes en multiples e reiterdadas&nbsp; declaraci\u00f3ns p\u00fablicas.<\/strong><br><\/p>\n","protected":false},"excerpt":{"rendered":"<div class=\"mh-excerpt\"><p>Comunicado sobre o sobreseimento dictado polo Xulgado n\u00ba2 de Porri\u00f1o da causa contra case unha veintena de veci\u00f1os e veci\u00f1as de Tameiga motivada polas denuncias de Nidia Ar\u00e9valo <a class=\"mh-excerpt-more\" href=\"https:\/\/www.anovapeneira.gal\/index.php\/2020\/03\/19\/a-xustiza-desmonta-as-acusacions-de-arevalo\/\" title=\"A xustiza desmonta as acusaci\u00f3ns de Ar\u00e9valo\">[&#8230;]<\/a><\/p>\n<\/div>","protected":false},"author":3,"featured_media":2770,"comment_status":"open","ping_status":"open","sticky":false,"template":"","format":"standard","meta":{"_exactmetrics_skip_tracking":false,"_exactmetrics_sitenote_active":false,"_exactmetrics_sitenote_note":"","_exactmetrics_sitenote_category":0,"footnotes":""},"categories":[23],"tags":[640,712],"class_list":{"0":"post-2769","1":"post","2":"type-post","3":"status-publish","4":"format-standard","5":"has-post-thumbnail","7":"category-a-lourina","8":"tag-nidia-arevalo","9":"tag-tameiga"},"yoast_head":"<!-- This site is optimized with the Yoast SEO plugin v27.4 - https:\/\/yoast.com\/product\/yoast-seo-wordpress\/ -->\n<title>A xustiza desmonta as acusaci\u00f3ns de Ar\u00e9valo -<\/title>\n<meta name=\"robots\" content=\"index, follow, max-snippet:-1, max-image-preview:large, max-video-preview:-1\" \/>\n<link rel=\"canonical\" href=\"https:\/\/www.anovapeneira.gal\/index.php\/2020\/03\/19\/a-xustiza-desmonta-as-acusacions-de-arevalo\/\" \/>\n<meta property=\"og:locale\" content=\"gl_ES\" \/>\n<meta property=\"og:type\" content=\"article\" \/>\n<meta property=\"og:title\" content=\"A xustiza desmonta as acusaci\u00f3ns de Ar\u00e9valo -\" \/>\n<meta property=\"og:description\" content=\"Comunicado sobre o sobreseimento dictado polo Xulgado n\u00ba2 de Porri\u00f1o da causa contra case unha veintena de veci\u00f1os e veci\u00f1as de Tameiga motivada polas denuncias de Nidia Ar\u00e9valo [...]\" \/>\n<meta property=\"og:url\" content=\"https:\/\/www.anovapeneira.gal\/index.php\/2020\/03\/19\/a-xustiza-desmonta-as-acusacions-de-arevalo\/\" \/>\n<meta property=\"article:publisher\" content=\"https:\/\/www.facebook.com\/anovapeneira\" \/>\n<meta property=\"article:published_time\" content=\"2020-03-19T11:00:41+00:00\" \/>\n<meta property=\"og:image\" content=\"https:\/\/www.anovapeneira.gal\/wp-content\/uploads\/2020\/03\/auga_e_vida_a_lourinha_a_nova_peneira.jpg\" \/>\n\t<meta property=\"og:image:width\" content=\"720\" \/>\n\t<meta property=\"og:image:height\" content=\"432\" \/>\n\t<meta property=\"og:image:type\" content=\"image\/jpeg\" \/>\n<meta name=\"author\" content=\"Redacci\u00f3n A Nova Peneira\" \/>\n<meta name=\"twitter:card\" content=\"summary_large_image\" \/>\n<meta name=\"twitter:creator\" content=\"@APeneira\" \/>\n<meta name=\"twitter:site\" content=\"@APeneira\" \/>\n<meta name=\"twitter:label1\" content=\"Escrito por\" \/>\n\t<meta name=\"twitter:data1\" content=\"Redacci\u00f3n A Nova Peneira\" \/>\n\t<meta name=\"twitter:label2\" content=\"Tempo de lectura\" \/>\n\t<meta name=\"twitter:data2\" content=\"2 minutos\" \/>\n<script type=\"application\/ld+json\" class=\"yoast-schema-graph\">{\"@context\":\"https:\\\/\\\/schema.org\",\"@graph\":[{\"@type\":\"Article\",\"@id\":\"https:\\\/\\\/www.anovapeneira.gal\\\/index.php\\\/2020\\\/03\\\/19\\\/a-xustiza-desmonta-as-acusacions-de-arevalo\\\/#article\",\"isPartOf\":{\"@id\":\"https:\\\/\\\/www.anovapeneira.gal\\\/index.php\\\/2020\\\/03\\\/19\\\/a-xustiza-desmonta-as-acusacions-de-arevalo\\\/\"},\"author\":{\"name\":\"Redacci\u00f3n A Nova Peneira\",\"@id\":\"https:\\\/\\\/www.anovapeneira.gal\\\/#\\\/schema\\\/person\\\/b93e3f8932e3f8da96334607eb6ac6aa\"},\"headline\":\"A xustiza desmonta as acusaci\u00f3ns de Ar\u00e9valo\",\"datePublished\":\"2020-03-19T11:00:41+00:00\",\"mainEntityOfPage\":{\"@id\":\"https:\\\/\\\/www.anovapeneira.gal\\\/index.php\\\/2020\\\/03\\\/19\\\/a-xustiza-desmonta-as-acusacions-de-arevalo\\\/\"},\"wordCount\":469,\"commentCount\":0,\"publisher\":{\"@id\":\"https:\\\/\\\/www.anovapeneira.gal\\\/#organization\"},\"image\":{\"@id\":\"https:\\\/\\\/www.anovapeneira.gal\\\/index.php\\\/2020\\\/03\\\/19\\\/a-xustiza-desmonta-as-acusacions-de-arevalo\\\/#primaryimage\"},\"thumbnailUrl\":\"https:\\\/\\\/www.anovapeneira.gal\\\/wp-content\\\/uploads\\\/2020\\\/03\\\/auga_e_vida_a_lourinha_a_nova_peneira.jpg\",\"keywords\":[\"Nidia Ar\u00e9valo\",\"Tameiga\"],\"articleSection\":[\"A Louri\u00f1a\"],\"inLanguage\":\"gl-ES\",\"potentialAction\":[{\"@type\":\"CommentAction\",\"name\":\"Comment\",\"target\":[\"https:\\\/\\\/www.anovapeneira.gal\\\/index.php\\\/2020\\\/03\\\/19\\\/a-xustiza-desmonta-as-acusacions-de-arevalo\\\/#respond\"]}]},{\"@type\":\"WebPage\",\"@id\":\"https:\\\/\\\/www.anovapeneira.gal\\\/index.php\\\/2020\\\/03\\\/19\\\/a-xustiza-desmonta-as-acusacions-de-arevalo\\\/\",\"url\":\"https:\\\/\\\/www.anovapeneira.gal\\\/index.php\\\/2020\\\/03\\\/19\\\/a-xustiza-desmonta-as-acusacions-de-arevalo\\\/\",\"name\":\"A xustiza desmonta as acusaci\u00f3ns de Ar\u00e9valo -\",\"isPartOf\":{\"@id\":\"https:\\\/\\\/www.anovapeneira.gal\\\/#website\"},\"primaryImageOfPage\":{\"@id\":\"https:\\\/\\\/www.anovapeneira.gal\\\/index.php\\\/2020\\\/03\\\/19\\\/a-xustiza-desmonta-as-acusacions-de-arevalo\\\/#primaryimage\"},\"image\":{\"@id\":\"https:\\\/\\\/www.anovapeneira.gal\\\/index.php\\\/2020\\\/03\\\/19\\\/a-xustiza-desmonta-as-acusacions-de-arevalo\\\/#primaryimage\"},\"thumbnailUrl\":\"https:\\\/\\\/www.anovapeneira.gal\\\/wp-content\\\/uploads\\\/2020\\\/03\\\/auga_e_vida_a_lourinha_a_nova_peneira.jpg\",\"datePublished\":\"2020-03-19T11:00:41+00:00\",\"breadcrumb\":{\"@id\":\"https:\\\/\\\/www.anovapeneira.gal\\\/index.php\\\/2020\\\/03\\\/19\\\/a-xustiza-desmonta-as-acusacions-de-arevalo\\\/#breadcrumb\"},\"inLanguage\":\"gl-ES\",\"potentialAction\":[{\"@type\":\"ReadAction\",\"target\":[\"https:\\\/\\\/www.anovapeneira.gal\\\/index.php\\\/2020\\\/03\\\/19\\\/a-xustiza-desmonta-as-acusacions-de-arevalo\\\/\"]}]},{\"@type\":\"ImageObject\",\"inLanguage\":\"gl-ES\",\"@id\":\"https:\\\/\\\/www.anovapeneira.gal\\\/index.php\\\/2020\\\/03\\\/19\\\/a-xustiza-desmonta-as-acusacions-de-arevalo\\\/#primaryimage\",\"url\":\"https:\\\/\\\/www.anovapeneira.gal\\\/wp-content\\\/uploads\\\/2020\\\/03\\\/auga_e_vida_a_lourinha_a_nova_peneira.jpg\",\"contentUrl\":\"https:\\\/\\\/www.anovapeneira.gal\\\/wp-content\\\/uploads\\\/2020\\\/03\\\/auga_e_vida_a_lourinha_a_nova_peneira.jpg\",\"width\":720,\"height\":432,\"caption\":\"Nidia Ar\u00e9valo Concello de Mos Tameiga A Nova Peneira\"},{\"@type\":\"BreadcrumbList\",\"@id\":\"https:\\\/\\\/www.anovapeneira.gal\\\/index.php\\\/2020\\\/03\\\/19\\\/a-xustiza-desmonta-as-acusacions-de-arevalo\\\/#breadcrumb\",\"itemListElement\":[{\"@type\":\"ListItem\",\"position\":1,\"name\":\"Portada\",\"item\":\"https:\\\/\\\/www.anovapeneira.gal\\\/\"},{\"@type\":\"ListItem\",\"position\":2,\"name\":\"A xustiza desmonta as acusaci\u00f3ns de Ar\u00e9valo\"}]},{\"@type\":\"WebSite\",\"@id\":\"https:\\\/\\\/www.anovapeneira.gal\\\/#website\",\"url\":\"https:\\\/\\\/www.anovapeneira.gal\\\/\",\"name\":\"\",\"description\":\"Xornal galego de informaci\u00f3n xeral Publicaci\u00f3n mensual de novas de Galicia e en especial dos Concellos da sur da provincia de Pontevedra.\",\"publisher\":{\"@id\":\"https:\\\/\\\/www.anovapeneira.gal\\\/#organization\"},\"potentialAction\":[{\"@type\":\"SearchAction\",\"target\":{\"@type\":\"EntryPoint\",\"urlTemplate\":\"https:\\\/\\\/www.anovapeneira.gal\\\/?s={search_term_string}\"},\"query-input\":{\"@type\":\"PropertyValueSpecification\",\"valueRequired\":true,\"valueName\":\"search_term_string\"}}],\"inLanguage\":\"gl-ES\"},{\"@type\":\"Organization\",\"@id\":\"https:\\\/\\\/www.anovapeneira.gal\\\/#organization\",\"name\":\"A Nova Peneira\",\"url\":\"https:\\\/\\\/www.anovapeneira.gal\\\/\",\"logo\":{\"@type\":\"ImageObject\",\"inLanguage\":\"gl-ES\",\"@id\":\"https:\\\/\\\/www.anovapeneira.gal\\\/#\\\/schema\\\/logo\\\/image\\\/\",\"url\":\"http:\\\/\\\/www.anovapeneira.gal\\\/wp-content\\\/uploads\\\/2019\\\/06\\\/logo_a_nova_peneira_portal_web.png\",\"contentUrl\":\"http:\\\/\\\/www.anovapeneira.gal\\\/wp-content\\\/uploads\\\/2019\\\/06\\\/logo_a_nova_peneira_portal_web.png\",\"width\":300,\"height\":100,\"caption\":\"A Nova Peneira\"},\"image\":{\"@id\":\"https:\\\/\\\/www.anovapeneira.gal\\\/#\\\/schema\\\/logo\\\/image\\\/\"},\"sameAs\":[\"https:\\\/\\\/www.facebook.com\\\/anovapeneira\",\"https:\\\/\\\/x.com\\\/APeneira\"]},{\"@type\":\"Person\",\"@id\":\"https:\\\/\\\/www.anovapeneira.gal\\\/#\\\/schema\\\/person\\\/b93e3f8932e3f8da96334607eb6ac6aa\",\"name\":\"Redacci\u00f3n A Nova Peneira\",\"image\":{\"@type\":\"ImageObject\",\"inLanguage\":\"gl-ES\",\"@id\":\"https:\\\/\\\/secure.gravatar.com\\\/avatar\\\/c052a2551a06e23fac63626232eaa90abd78dbcf1700fc46a2b2c89fd27b735f?s=96&d=mm&r=g\",\"url\":\"https:\\\/\\\/secure.gravatar.com\\\/avatar\\\/c052a2551a06e23fac63626232eaa90abd78dbcf1700fc46a2b2c89fd27b735f?s=96&d=mm&r=g\",\"contentUrl\":\"https:\\\/\\\/secure.gravatar.com\\\/avatar\\\/c052a2551a06e23fac63626232eaa90abd78dbcf1700fc46a2b2c89fd27b735f?s=96&d=mm&r=g\",\"caption\":\"Redacci\u00f3n A Nova Peneira\"},\"sameAs\":[\"http:\\\/\\\/www.anovapeneira.gal\\\/\"],\"url\":\"https:\\\/\\\/www.anovapeneira.gal\\\/index.php\\\/author\\\/redactor\\\/\"}]}<\/script>\n<!-- \/ Yoast SEO plugin. -->","yoast_head_json":{"title":"A xustiza desmonta as acusaci\u00f3ns de Ar\u00e9valo -","robots":{"index":"index","follow":"follow","max-snippet":"max-snippet:-1","max-image-preview":"max-image-preview:large","max-video-preview":"max-video-preview:-1"},"canonical":"https:\/\/www.anovapeneira.gal\/index.php\/2020\/03\/19\/a-xustiza-desmonta-as-acusacions-de-arevalo\/","og_locale":"gl_ES","og_type":"article","og_title":"A xustiza desmonta as acusaci\u00f3ns de Ar\u00e9valo -","og_description":"Comunicado sobre o sobreseimento dictado polo Xulgado n\u00ba2 de Porri\u00f1o da causa contra case unha veintena de veci\u00f1os e veci\u00f1as de Tameiga motivada polas denuncias de Nidia Ar\u00e9valo [...]","og_url":"https:\/\/www.anovapeneira.gal\/index.php\/2020\/03\/19\/a-xustiza-desmonta-as-acusacions-de-arevalo\/","article_publisher":"https:\/\/www.facebook.com\/anovapeneira","article_published_time":"2020-03-19T11:00:41+00:00","og_image":[{"width":720,"height":432,"url":"https:\/\/www.anovapeneira.gal\/wp-content\/uploads\/2020\/03\/auga_e_vida_a_lourinha_a_nova_peneira.jpg","type":"image\/jpeg"}],"author":"Redacci\u00f3n A Nova Peneira","twitter_card":"summary_large_image","twitter_creator":"@APeneira","twitter_site":"@APeneira","twitter_misc":{"Escrito por":"Redacci\u00f3n A Nova Peneira","Tempo de lectura":"2 minutos"},"schema":{"@context":"https:\/\/schema.org","@graph":[{"@type":"Article","@id":"https:\/\/www.anovapeneira.gal\/index.php\/2020\/03\/19\/a-xustiza-desmonta-as-acusacions-de-arevalo\/#article","isPartOf":{"@id":"https:\/\/www.anovapeneira.gal\/index.php\/2020\/03\/19\/a-xustiza-desmonta-as-acusacions-de-arevalo\/"},"author":{"name":"Redacci\u00f3n A Nova Peneira","@id":"https:\/\/www.anovapeneira.gal\/#\/schema\/person\/b93e3f8932e3f8da96334607eb6ac6aa"},"headline":"A xustiza desmonta as acusaci\u00f3ns de Ar\u00e9valo","datePublished":"2020-03-19T11:00:41+00:00","mainEntityOfPage":{"@id":"https:\/\/www.anovapeneira.gal\/index.php\/2020\/03\/19\/a-xustiza-desmonta-as-acusacions-de-arevalo\/"},"wordCount":469,"commentCount":0,"publisher":{"@id":"https:\/\/www.anovapeneira.gal\/#organization"},"image":{"@id":"https:\/\/www.anovapeneira.gal\/index.php\/2020\/03\/19\/a-xustiza-desmonta-as-acusacions-de-arevalo\/#primaryimage"},"thumbnailUrl":"https:\/\/www.anovapeneira.gal\/wp-content\/uploads\/2020\/03\/auga_e_vida_a_lourinha_a_nova_peneira.jpg","keywords":["Nidia Ar\u00e9valo","Tameiga"],"articleSection":["A Louri\u00f1a"],"inLanguage":"gl-ES","potentialAction":[{"@type":"CommentAction","name":"Comment","target":["https:\/\/www.anovapeneira.gal\/index.php\/2020\/03\/19\/a-xustiza-desmonta-as-acusacions-de-arevalo\/#respond"]}]},{"@type":"WebPage","@id":"https:\/\/www.anovapeneira.gal\/index.php\/2020\/03\/19\/a-xustiza-desmonta-as-acusacions-de-arevalo\/","url":"https:\/\/www.anovapeneira.gal\/index.php\/2020\/03\/19\/a-xustiza-desmonta-as-acusacions-de-arevalo\/","name":"A xustiza desmonta as acusaci\u00f3ns de Ar\u00e9valo -","isPartOf":{"@id":"https:\/\/www.anovapeneira.gal\/#website"},"primaryImageOfPage":{"@id":"https:\/\/www.anovapeneira.gal\/index.php\/2020\/03\/19\/a-xustiza-desmonta-as-acusacions-de-arevalo\/#primaryimage"},"image":{"@id":"https:\/\/www.anovapeneira.gal\/index.php\/2020\/03\/19\/a-xustiza-desmonta-as-acusacions-de-arevalo\/#primaryimage"},"thumbnailUrl":"https:\/\/www.anovapeneira.gal\/wp-content\/uploads\/2020\/03\/auga_e_vida_a_lourinha_a_nova_peneira.jpg","datePublished":"2020-03-19T11:00:41+00:00","breadcrumb":{"@id":"https:\/\/www.anovapeneira.gal\/index.php\/2020\/03\/19\/a-xustiza-desmonta-as-acusacions-de-arevalo\/#breadcrumb"},"inLanguage":"gl-ES","potentialAction":[{"@type":"ReadAction","target":["https:\/\/www.anovapeneira.gal\/index.php\/2020\/03\/19\/a-xustiza-desmonta-as-acusacions-de-arevalo\/"]}]},{"@type":"ImageObject","inLanguage":"gl-ES","@id":"https:\/\/www.anovapeneira.gal\/index.php\/2020\/03\/19\/a-xustiza-desmonta-as-acusacions-de-arevalo\/#primaryimage","url":"https:\/\/www.anovapeneira.gal\/wp-content\/uploads\/2020\/03\/auga_e_vida_a_lourinha_a_nova_peneira.jpg","contentUrl":"https:\/\/www.anovapeneira.gal\/wp-content\/uploads\/2020\/03\/auga_e_vida_a_lourinha_a_nova_peneira.jpg","width":720,"height":432,"caption":"Nidia Ar\u00e9valo Concello de Mos Tameiga A Nova Peneira"},{"@type":"BreadcrumbList","@id":"https:\/\/www.anovapeneira.gal\/index.php\/2020\/03\/19\/a-xustiza-desmonta-as-acusacions-de-arevalo\/#breadcrumb","itemListElement":[{"@type":"ListItem","position":1,"name":"Portada","item":"https:\/\/www.anovapeneira.gal\/"},{"@type":"ListItem","position":2,"name":"A xustiza desmonta as acusaci\u00f3ns de Ar\u00e9valo"}]},{"@type":"WebSite","@id":"https:\/\/www.anovapeneira.gal\/#website","url":"https:\/\/www.anovapeneira.gal\/","name":"","description":"Xornal galego de informaci\u00f3n xeral Publicaci\u00f3n mensual de novas de Galicia e en especial dos Concellos da sur da provincia de Pontevedra.","publisher":{"@id":"https:\/\/www.anovapeneira.gal\/#organization"},"potentialAction":[{"@type":"SearchAction","target":{"@type":"EntryPoint","urlTemplate":"https:\/\/www.anovapeneira.gal\/?s={search_term_string}"},"query-input":{"@type":"PropertyValueSpecification","valueRequired":true,"valueName":"search_term_string"}}],"inLanguage":"gl-ES"},{"@type":"Organization","@id":"https:\/\/www.anovapeneira.gal\/#organization","name":"A Nova Peneira","url":"https:\/\/www.anovapeneira.gal\/","logo":{"@type":"ImageObject","inLanguage":"gl-ES","@id":"https:\/\/www.anovapeneira.gal\/#\/schema\/logo\/image\/","url":"http:\/\/www.anovapeneira.gal\/wp-content\/uploads\/2019\/06\/logo_a_nova_peneira_portal_web.png","contentUrl":"http:\/\/www.anovapeneira.gal\/wp-content\/uploads\/2019\/06\/logo_a_nova_peneira_portal_web.png","width":300,"height":100,"caption":"A Nova Peneira"},"image":{"@id":"https:\/\/www.anovapeneira.gal\/#\/schema\/logo\/image\/"},"sameAs":["https:\/\/www.facebook.com\/anovapeneira","https:\/\/x.com\/APeneira"]},{"@type":"Person","@id":"https:\/\/www.anovapeneira.gal\/#\/schema\/person\/b93e3f8932e3f8da96334607eb6ac6aa","name":"Redacci\u00f3n A Nova Peneira","image":{"@type":"ImageObject","inLanguage":"gl-ES","@id":"https:\/\/secure.gravatar.com\/avatar\/c052a2551a06e23fac63626232eaa90abd78dbcf1700fc46a2b2c89fd27b735f?s=96&d=mm&r=g","url":"https:\/\/secure.gravatar.com\/avatar\/c052a2551a06e23fac63626232eaa90abd78dbcf1700fc46a2b2c89fd27b735f?s=96&d=mm&r=g","contentUrl":"https:\/\/secure.gravatar.com\/avatar\/c052a2551a06e23fac63626232eaa90abd78dbcf1700fc46a2b2c89fd27b735f?s=96&d=mm&r=g","caption":"Redacci\u00f3n A Nova Peneira"},"sameAs":["http:\/\/www.anovapeneira.gal\/"],"url":"https:\/\/www.anovapeneira.gal\/index.php\/author\/redactor\/"}]}},"jetpack_featured_media_url":"https:\/\/www.anovapeneira.gal\/wp-content\/uploads\/2020\/03\/auga_e_vida_a_lourinha_a_nova_peneira.jpg","_links":{"self":[{"href":"https:\/\/www.anovapeneira.gal\/index.php\/wp-json\/wp\/v2\/posts\/2769","targetHints":{"allow":["GET"]}}],"collection":[{"href":"https:\/\/www.anovapeneira.gal\/index.php\/wp-json\/wp\/v2\/posts"}],"about":[{"href":"https:\/\/www.anovapeneira.gal\/index.php\/wp-json\/wp\/v2\/types\/post"}],"author":[{"embeddable":true,"href":"https:\/\/www.anovapeneira.gal\/index.php\/wp-json\/wp\/v2\/users\/3"}],"replies":[{"embeddable":true,"href":"https:\/\/www.anovapeneira.gal\/index.php\/wp-json\/wp\/v2\/comments?post=2769"}],"version-history":[{"count":1,"href":"https:\/\/www.anovapeneira.gal\/index.php\/wp-json\/wp\/v2\/posts\/2769\/revisions"}],"predecessor-version":[{"id":2771,"href":"https:\/\/www.anovapeneira.gal\/index.php\/wp-json\/wp\/v2\/posts\/2769\/revisions\/2771"}],"wp:featuredmedia":[{"embeddable":true,"href":"https:\/\/www.anovapeneira.gal\/index.php\/wp-json\/wp\/v2\/media\/2770"}],"wp:attachment":[{"href":"https:\/\/www.anovapeneira.gal\/index.php\/wp-json\/wp\/v2\/media?parent=2769"}],"wp:term":[{"taxonomy":"category","embeddable":true,"href":"https:\/\/www.anovapeneira.gal\/index.php\/wp-json\/wp\/v2\/categories?post=2769"},{"taxonomy":"post_tag","embeddable":true,"href":"https:\/\/www.anovapeneira.gal\/index.php\/wp-json\/wp\/v2\/tags?post=2769"}],"curies":[{"name":"wp","href":"https:\/\/api.w.org\/{rel}","templated":true}]}}