{"id":2777,"date":"2020-03-20T11:30:38","date_gmt":"2020-03-20T10:30:38","guid":{"rendered":"http:\/\/www.anovapeneira.gal\/?p=2777"},"modified":"2020-03-20T08:35:35","modified_gmt":"2020-03-20T07:35:35","slug":"paco-ferreira-alcalde-de-gondomar-2","status":"publish","type":"post","link":"https:\/\/www.anovapeneira.gal\/index.php\/2020\/03\/20\/paco-ferreira-alcalde-de-gondomar-2\/","title":{"rendered":"Paco Ferreira Alcalde de Gondomar"},"content":{"rendered":"\n<h2 class=\"wp-block-heading\"><strong>OS ALCALDES E ALCALDESAS EN A NOVA PENEIRA, C\u00d3NTANOS A SITUACI\u00d3N DOS SEUS CONCELLOS EN RELACI\u00d3N CO COVID19 E O ESTADO DE ALARMA<\/strong><\/h2>\n\n\n\n<p><strong>Nesta situaci\u00f3n de excepcionalidade seguimos, dentro das limitaci\u00f3ns obvias que asumimos de maneira responsable coa sociedade, coa nosa firme intenci\u00f3n de informar de todo o que pasa ao noso car\u00f3n. Falamos con boa parte dos alcaldes e alcaldesas da nosa \u00e1rea de influencia para sabermos como est\u00e1 a situaci\u00f3n nos seus concellos, En breve, procuraremos contactar cos que a\u00ednda non nos foi posible. De momento, moitas grazas a Paco Ferreira, alcalde de Gondomar, Xose Emilio Barros alcalde de Mondariz, Digna Rivas, alcaldesa de Redondela, Pepe Represas, alcalde de Pontearaeas, Xos\u00e9 Rodr\u00edguez, alcalde de As Neves, Emiliano Lage, alcalde de Fornelos, Xose Manuel Pazos, alcalde de Cangas, Leticia Santos, alcaldesa de Moa\u00f1a, Antonio Lomba, alcalde de A Guarda e \u00c1nxela Fern\u00e1ndez, alcaldesa de O Rosal. Tranquilizounos moito, falar con eles, todos e todas amosaron un elevado nivel de firmeza, de compromiso cos seus veci\u00f1os e veci\u00f1as e de esperanza en transmitir a mesma mensaxe; esta \u00e9 unha crise moi dura, dur\u00edsima, pero transitoria, e pasar\u00e1, abof\u00e9 que pasar\u00e1, e canto m\u00e1is responsablemente nos comportemos respectando escrupulosamente as instruci\u00f3ns das autoridades sanitarias, antes rematar\u00e1.<\/strong><\/p>\n\n\n\n<p><strong>Moitas grazas por atendernos Paco, a primeira pregunta ref\u00edrese a ti como persoa, como est\u00e1s f\u00edsica e animicamente?<\/strong><\/p>\n\n\n\n<blockquote class=\"wp-block-quote is-layout-flow wp-block-quote-is-layout-flow\"><p>Eu estou moi ben fisicamente, e moi forte de \u00e1nimos, afortunadamente toda a mi\u00f1a familia e todo o meu entorno afectivo tam\u00e9n.<\/p><\/blockquote>\n\n\n\n<p><strong>Como est\u00e1 a situaci\u00f3n xeral de Gondomar, temos novas da existencia dalg\u00fan positivo?<\/strong><\/p>\n\n\n\n<blockquote class=\"wp-block-quote is-layout-flow wp-block-quote-is-layout-flow\"><p>Sa\u00edron varios bulos, pero a data de hoxe non temos constancia oficial de ning\u00fan.<\/p><\/blockquote>\n\n\n\n<p><strong>Que medios est\u00e1 a p\u00f3r o Concello para axudar aos segmentos m\u00e1is vulnerables de poboaci\u00f3n, os maiores, as persoas que viven soas os que te\u00f1en menos recursos econ\u00f3micos?<\/strong><\/p>\n\n\n\n<blockquote class=\"wp-block-quote is-layout-flow wp-block-quote-is-layout-flow\"><p>N\u00f3s , creo que temos moito cami\u00f1o avanzado, pois xa vi\u00f1amos desenvolvendo desde hai anos un traballo moi importante de atenci\u00f3n social a quen m\u00e1is o necesita. Temos un servizo de asistencia para atender a `persoas con necesidades, banco de alimentos e axuda no fogar, xa o ti\u00f1amos ,e agora t\u00e9molo funcionando a m\u00e1xima intensidade. Por exemplo, onte( 18 de marzo) repartimos alimentos a 32 familias. Por outra banda desde benestar social chaman por tel\u00e9fono a todas as familias que temos identificadas en situaci\u00f3n de vulnerabilidade para estarmos atentos a calquera necesidade que puidesen ter.<\/p><\/blockquote>\n\n\n\n<p><strong>Para superar est\u00e1 situaci\u00f3n requ\u00edrese un nivel de comportamento c\u00edvico superlativo, est\u00e1s satisfeito do comportamento c\u00edvico que est\u00e1 amosando ata agora a sociedade de Gondomar?<\/strong><\/p>\n\n\n\n<blockquote class=\"wp-block-quote is-layout-flow wp-block-quote-is-layout-flow\"><p>N\u00f3s somos un concello esencialmente rural, e aqu\u00ed l\u00e9vase mellor, moitos temos finca e podemos estra ao aire libre, moitos te\u00f1en animais e saen a darlles de comer, nos pisos \u00e9 moito m\u00e1is dif\u00edcil, pero en li\u00f1as xerais podo dicir que si, estou moi satisfeito, hai excepci\u00f3ns , pero a grande maior\u00eda da veci\u00f1anza comp\u00f3rtase de maneira c\u00edvica.<\/p><\/blockquote>\n\n\n\n<p><strong>A situaci\u00f3n de excepcionalidade e confinamento , dure o que dure, vai provocar situaci\u00f3n psicol\u00f3xicas moi dif\u00edciles, algunha mensaxe de esperanza para levalo o mellor posible?<\/strong><\/p>\n\n\n\n<blockquote class=\"wp-block-quote is-layout-flow wp-block-quote-is-layout-flow\"><p>Seino, vai ser moi dif\u00edcil, e o meu consello \u00e9 que establezamos unhas rutinas de comportamentos o m\u00e1is regulares posibles, que lle deamos o mellor de n\u00f3s aos nosos seres queridos, isto s\u00f3 se supera d\u00e1ndonos todos a todos. Aproveitemos o tempo para contactar con antigos amigos ou familiares que hai tempo que non vemos, dar, dar moito esa \u00e9 a chave, canto m\u00e1is deamos aos demais, m\u00e1is recibiremos cando sexamos n\u00f3s os que precisemos que algu\u00e9n nos dea.<\/p><\/blockquote>\n\n\n\n<p><strong>De mascarillas, luvas e desinfectantes como estades?<\/strong><\/p>\n\n\n\n<blockquote class=\"wp-block-quote is-layout-flow wp-block-quote-is-layout-flow\"><p>Xeles temos, quero agradecer a limpezas CIES que nos abasteceu deles, luvas tam\u00e9n temos, o problema son as mascarillas, estamos escasos igual que toda Espa\u00f1a. De feito, aproveito a oportunidade para pedirlle a todas as empresas que dispo\u00f1an delas para que as po\u00f1as a disposici\u00f3n da polic\u00eda.<\/p><\/blockquote>\n\n\n\n<p><strong>Moitas grazas Paco, e moita sorte para toda a veci\u00f1anza de Gondomar<\/strong><\/p>\n","protected":false},"excerpt":{"rendered":"<div class=\"mh-excerpt\"><p>Os alcaldes e alcaldesas en A Nova Peneira, c\u00f3ntanos a situaci\u00f3n dos seus concellos en relaci\u00f3n co COVID19 e o estado de alarma <a class=\"mh-excerpt-more\" href=\"https:\/\/www.anovapeneira.gal\/index.php\/2020\/03\/20\/paco-ferreira-alcalde-de-gondomar-2\/\" title=\"Paco Ferreira Alcalde de Gondomar\">[&#8230;]<\/a><\/p>\n<\/div>","protected":false},"author":2,"featured_media":2778,"comment_status":"open","ping_status":"open","sticky":false,"template":"","format":"standard","meta":{"_exactmetrics_skip_tracking":false,"_exactmetrics_sitenote_active":false,"_exactmetrics_sitenote_note":"","_exactmetrics_sitenote_category":0,"footnotes":""},"categories":[20],"tags":[149,1006,299],"class_list":{"0":"post-2777","1":"post","2":"type-post","3":"status-publish","4":"format-standard","5":"has-post-thumbnail","7":"category-val-minor","8":"tag-concello-de-gondomar","9":"tag-covid19","10":"tag-paco-ferreira"},"yoast_head":"<!-- This site is optimized with the Yoast SEO plugin v27.4 - https:\/\/yoast.com\/product\/yoast-seo-wordpress\/ -->\n<title>Paco Ferreira Alcalde de Gondomar -<\/title>\n<meta name=\"robots\" content=\"index, follow, max-snippet:-1, max-image-preview:large, max-video-preview:-1\" \/>\n<link rel=\"canonical\" href=\"https:\/\/www.anovapeneira.gal\/index.php\/2020\/03\/20\/paco-ferreira-alcalde-de-gondomar-2\/\" \/>\n<meta property=\"og:locale\" content=\"gl_ES\" \/>\n<meta property=\"og:type\" content=\"article\" \/>\n<meta property=\"og:title\" content=\"Paco Ferreira Alcalde de Gondomar -\" \/>\n<meta property=\"og:description\" content=\"Os alcaldes e alcaldesas en A Nova Peneira, c\u00f3ntanos a situaci\u00f3n dos seus concellos en relaci\u00f3n co COVID19 e o estado de alarma [...]\" \/>\n<meta property=\"og:url\" content=\"https:\/\/www.anovapeneira.gal\/index.php\/2020\/03\/20\/paco-ferreira-alcalde-de-gondomar-2\/\" \/>\n<meta property=\"article:publisher\" content=\"https:\/\/www.facebook.com\/anovapeneira\" \/>\n<meta property=\"article:published_time\" content=\"2020-03-20T10:30:38+00:00\" \/>\n<meta property=\"og:image\" content=\"https:\/\/www.anovapeneira.gal\/wp-content\/uploads\/2020\/03\/paco_ferreira_gondomar_a_nova_peneira.jpg\" \/>\n\t<meta property=\"og:image:width\" content=\"720\" \/>\n\t<meta property=\"og:image:height\" content=\"432\" \/>\n\t<meta property=\"og:image:type\" content=\"image\/jpeg\" \/>\n<meta name=\"author\" content=\"Tino Lago\" \/>\n<meta name=\"twitter:card\" content=\"summary_large_image\" \/>\n<meta name=\"twitter:creator\" content=\"@APeneira\" \/>\n<meta name=\"twitter:site\" content=\"@APeneira\" \/>\n<meta name=\"twitter:label1\" content=\"Escrito por\" \/>\n\t<meta name=\"twitter:data1\" content=\"Tino Lago\" \/>\n\t<meta name=\"twitter:label2\" content=\"Tempo de lectura\" \/>\n\t<meta name=\"twitter:data2\" content=\"4 minutos\" \/>\n<script type=\"application\/ld+json\" class=\"yoast-schema-graph\">{\"@context\":\"https:\\\/\\\/schema.org\",\"@graph\":[{\"@type\":\"Article\",\"@id\":\"https:\\\/\\\/www.anovapeneira.gal\\\/index.php\\\/2020\\\/03\\\/20\\\/paco-ferreira-alcalde-de-gondomar-2\\\/#article\",\"isPartOf\":{\"@id\":\"https:\\\/\\\/www.anovapeneira.gal\\\/index.php\\\/2020\\\/03\\\/20\\\/paco-ferreira-alcalde-de-gondomar-2\\\/\"},\"author\":{\"name\":\"Tino Lago\",\"@id\":\"https:\\\/\\\/www.anovapeneira.gal\\\/#\\\/schema\\\/person\\\/424dfe65e3070fd8a44d22d2c088762a\"},\"headline\":\"Paco Ferreira Alcalde de Gondomar\",\"datePublished\":\"2020-03-20T10:30:38+00:00\",\"mainEntityOfPage\":{\"@id\":\"https:\\\/\\\/www.anovapeneira.gal\\\/index.php\\\/2020\\\/03\\\/20\\\/paco-ferreira-alcalde-de-gondomar-2\\\/\"},\"wordCount\":721,\"commentCount\":0,\"publisher\":{\"@id\":\"https:\\\/\\\/www.anovapeneira.gal\\\/#organization\"},\"image\":{\"@id\":\"https:\\\/\\\/www.anovapeneira.gal\\\/index.php\\\/2020\\\/03\\\/20\\\/paco-ferreira-alcalde-de-gondomar-2\\\/#primaryimage\"},\"thumbnailUrl\":\"https:\\\/\\\/www.anovapeneira.gal\\\/wp-content\\\/uploads\\\/2020\\\/03\\\/paco_ferreira_gondomar_a_nova_peneira.jpg\",\"keywords\":[\"Concello de Gondomar\",\"COVID19\",\"Paco Ferreira\"],\"articleSection\":[\"Val Mi\u00f1or\"],\"inLanguage\":\"gl-ES\",\"potentialAction\":[{\"@type\":\"CommentAction\",\"name\":\"Comment\",\"target\":[\"https:\\\/\\\/www.anovapeneira.gal\\\/index.php\\\/2020\\\/03\\\/20\\\/paco-ferreira-alcalde-de-gondomar-2\\\/#respond\"]}]},{\"@type\":\"WebPage\",\"@id\":\"https:\\\/\\\/www.anovapeneira.gal\\\/index.php\\\/2020\\\/03\\\/20\\\/paco-ferreira-alcalde-de-gondomar-2\\\/\",\"url\":\"https:\\\/\\\/www.anovapeneira.gal\\\/index.php\\\/2020\\\/03\\\/20\\\/paco-ferreira-alcalde-de-gondomar-2\\\/\",\"name\":\"Paco Ferreira Alcalde de Gondomar -\",\"isPartOf\":{\"@id\":\"https:\\\/\\\/www.anovapeneira.gal\\\/#website\"},\"primaryImageOfPage\":{\"@id\":\"https:\\\/\\\/www.anovapeneira.gal\\\/index.php\\\/2020\\\/03\\\/20\\\/paco-ferreira-alcalde-de-gondomar-2\\\/#primaryimage\"},\"image\":{\"@id\":\"https:\\\/\\\/www.anovapeneira.gal\\\/index.php\\\/2020\\\/03\\\/20\\\/paco-ferreira-alcalde-de-gondomar-2\\\/#primaryimage\"},\"thumbnailUrl\":\"https:\\\/\\\/www.anovapeneira.gal\\\/wp-content\\\/uploads\\\/2020\\\/03\\\/paco_ferreira_gondomar_a_nova_peneira.jpg\",\"datePublished\":\"2020-03-20T10:30:38+00:00\",\"breadcrumb\":{\"@id\":\"https:\\\/\\\/www.anovapeneira.gal\\\/index.php\\\/2020\\\/03\\\/20\\\/paco-ferreira-alcalde-de-gondomar-2\\\/#breadcrumb\"},\"inLanguage\":\"gl-ES\",\"potentialAction\":[{\"@type\":\"ReadAction\",\"target\":[\"https:\\\/\\\/www.anovapeneira.gal\\\/index.php\\\/2020\\\/03\\\/20\\\/paco-ferreira-alcalde-de-gondomar-2\\\/\"]}]},{\"@type\":\"ImageObject\",\"inLanguage\":\"gl-ES\",\"@id\":\"https:\\\/\\\/www.anovapeneira.gal\\\/index.php\\\/2020\\\/03\\\/20\\\/paco-ferreira-alcalde-de-gondomar-2\\\/#primaryimage\",\"url\":\"https:\\\/\\\/www.anovapeneira.gal\\\/wp-content\\\/uploads\\\/2020\\\/03\\\/paco_ferreira_gondomar_a_nova_peneira.jpg\",\"contentUrl\":\"https:\\\/\\\/www.anovapeneira.gal\\\/wp-content\\\/uploads\\\/2020\\\/03\\\/paco_ferreira_gondomar_a_nova_peneira.jpg\",\"width\":720,\"height\":432,\"caption\":\"Paco Ferreira Alcalde de Gondomar A Nova Peneira\"},{\"@type\":\"BreadcrumbList\",\"@id\":\"https:\\\/\\\/www.anovapeneira.gal\\\/index.php\\\/2020\\\/03\\\/20\\\/paco-ferreira-alcalde-de-gondomar-2\\\/#breadcrumb\",\"itemListElement\":[{\"@type\":\"ListItem\",\"position\":1,\"name\":\"Portada\",\"item\":\"https:\\\/\\\/www.anovapeneira.gal\\\/\"},{\"@type\":\"ListItem\",\"position\":2,\"name\":\"Paco Ferreira Alcalde de Gondomar\"}]},{\"@type\":\"WebSite\",\"@id\":\"https:\\\/\\\/www.anovapeneira.gal\\\/#website\",\"url\":\"https:\\\/\\\/www.anovapeneira.gal\\\/\",\"name\":\"\",\"description\":\"Xornal galego de informaci\u00f3n xeral Publicaci\u00f3n mensual de novas de Galicia e en especial dos Concellos da sur da provincia de Pontevedra.\",\"publisher\":{\"@id\":\"https:\\\/\\\/www.anovapeneira.gal\\\/#organization\"},\"potentialAction\":[{\"@type\":\"SearchAction\",\"target\":{\"@type\":\"EntryPoint\",\"urlTemplate\":\"https:\\\/\\\/www.anovapeneira.gal\\\/?s={search_term_string}\"},\"query-input\":{\"@type\":\"PropertyValueSpecification\",\"valueRequired\":true,\"valueName\":\"search_term_string\"}}],\"inLanguage\":\"gl-ES\"},{\"@type\":\"Organization\",\"@id\":\"https:\\\/\\\/www.anovapeneira.gal\\\/#organization\",\"name\":\"A Nova Peneira\",\"url\":\"https:\\\/\\\/www.anovapeneira.gal\\\/\",\"logo\":{\"@type\":\"ImageObject\",\"inLanguage\":\"gl-ES\",\"@id\":\"https:\\\/\\\/www.anovapeneira.gal\\\/#\\\/schema\\\/logo\\\/image\\\/\",\"url\":\"http:\\\/\\\/www.anovapeneira.gal\\\/wp-content\\\/uploads\\\/2019\\\/06\\\/logo_a_nova_peneira_portal_web.png\",\"contentUrl\":\"http:\\\/\\\/www.anovapeneira.gal\\\/wp-content\\\/uploads\\\/2019\\\/06\\\/logo_a_nova_peneira_portal_web.png\",\"width\":300,\"height\":100,\"caption\":\"A Nova Peneira\"},\"image\":{\"@id\":\"https:\\\/\\\/www.anovapeneira.gal\\\/#\\\/schema\\\/logo\\\/image\\\/\"},\"sameAs\":[\"https:\\\/\\\/www.facebook.com\\\/anovapeneira\",\"https:\\\/\\\/x.com\\\/APeneira\"]},{\"@type\":\"Person\",\"@id\":\"https:\\\/\\\/www.anovapeneira.gal\\\/#\\\/schema\\\/person\\\/424dfe65e3070fd8a44d22d2c088762a\",\"name\":\"Tino Lago\",\"image\":{\"@type\":\"ImageObject\",\"inLanguage\":\"gl-ES\",\"@id\":\"https:\\\/\\\/secure.gravatar.com\\\/avatar\\\/b3df6a06e44bab3111583b90f0f33a0379ee5e3d22cbadd232d39f21c30c62be?s=96&d=mm&r=g\",\"url\":\"https:\\\/\\\/secure.gravatar.com\\\/avatar\\\/b3df6a06e44bab3111583b90f0f33a0379ee5e3d22cbadd232d39f21c30c62be?s=96&d=mm&r=g\",\"contentUrl\":\"https:\\\/\\\/secure.gravatar.com\\\/avatar\\\/b3df6a06e44bab3111583b90f0f33a0379ee5e3d22cbadd232d39f21c30c62be?s=96&d=mm&r=g\",\"caption\":\"Tino Lago\"},\"sameAs\":[\"http:\\\/\\\/www.anovapeneira.gal\"],\"url\":\"https:\\\/\\\/www.anovapeneira.gal\\\/index.php\\\/author\\\/director\\\/\"}]}<\/script>\n<!-- \/ Yoast SEO plugin. -->","yoast_head_json":{"title":"Paco Ferreira Alcalde de Gondomar -","robots":{"index":"index","follow":"follow","max-snippet":"max-snippet:-1","max-image-preview":"max-image-preview:large","max-video-preview":"max-video-preview:-1"},"canonical":"https:\/\/www.anovapeneira.gal\/index.php\/2020\/03\/20\/paco-ferreira-alcalde-de-gondomar-2\/","og_locale":"gl_ES","og_type":"article","og_title":"Paco Ferreira Alcalde de Gondomar -","og_description":"Os alcaldes e alcaldesas en A Nova Peneira, c\u00f3ntanos a situaci\u00f3n dos seus concellos en relaci\u00f3n co COVID19 e o estado de alarma [...]","og_url":"https:\/\/www.anovapeneira.gal\/index.php\/2020\/03\/20\/paco-ferreira-alcalde-de-gondomar-2\/","article_publisher":"https:\/\/www.facebook.com\/anovapeneira","article_published_time":"2020-03-20T10:30:38+00:00","og_image":[{"width":720,"height":432,"url":"https:\/\/www.anovapeneira.gal\/wp-content\/uploads\/2020\/03\/paco_ferreira_gondomar_a_nova_peneira.jpg","type":"image\/jpeg"}],"author":"Tino Lago","twitter_card":"summary_large_image","twitter_creator":"@APeneira","twitter_site":"@APeneira","twitter_misc":{"Escrito por":"Tino Lago","Tempo de lectura":"4 minutos"},"schema":{"@context":"https:\/\/schema.org","@graph":[{"@type":"Article","@id":"https:\/\/www.anovapeneira.gal\/index.php\/2020\/03\/20\/paco-ferreira-alcalde-de-gondomar-2\/#article","isPartOf":{"@id":"https:\/\/www.anovapeneira.gal\/index.php\/2020\/03\/20\/paco-ferreira-alcalde-de-gondomar-2\/"},"author":{"name":"Tino Lago","@id":"https:\/\/www.anovapeneira.gal\/#\/schema\/person\/424dfe65e3070fd8a44d22d2c088762a"},"headline":"Paco Ferreira Alcalde de Gondomar","datePublished":"2020-03-20T10:30:38+00:00","mainEntityOfPage":{"@id":"https:\/\/www.anovapeneira.gal\/index.php\/2020\/03\/20\/paco-ferreira-alcalde-de-gondomar-2\/"},"wordCount":721,"commentCount":0,"publisher":{"@id":"https:\/\/www.anovapeneira.gal\/#organization"},"image":{"@id":"https:\/\/www.anovapeneira.gal\/index.php\/2020\/03\/20\/paco-ferreira-alcalde-de-gondomar-2\/#primaryimage"},"thumbnailUrl":"https:\/\/www.anovapeneira.gal\/wp-content\/uploads\/2020\/03\/paco_ferreira_gondomar_a_nova_peneira.jpg","keywords":["Concello de Gondomar","COVID19","Paco Ferreira"],"articleSection":["Val Mi\u00f1or"],"inLanguage":"gl-ES","potentialAction":[{"@type":"CommentAction","name":"Comment","target":["https:\/\/www.anovapeneira.gal\/index.php\/2020\/03\/20\/paco-ferreira-alcalde-de-gondomar-2\/#respond"]}]},{"@type":"WebPage","@id":"https:\/\/www.anovapeneira.gal\/index.php\/2020\/03\/20\/paco-ferreira-alcalde-de-gondomar-2\/","url":"https:\/\/www.anovapeneira.gal\/index.php\/2020\/03\/20\/paco-ferreira-alcalde-de-gondomar-2\/","name":"Paco Ferreira Alcalde de Gondomar -","isPartOf":{"@id":"https:\/\/www.anovapeneira.gal\/#website"},"primaryImageOfPage":{"@id":"https:\/\/www.anovapeneira.gal\/index.php\/2020\/03\/20\/paco-ferreira-alcalde-de-gondomar-2\/#primaryimage"},"image":{"@id":"https:\/\/www.anovapeneira.gal\/index.php\/2020\/03\/20\/paco-ferreira-alcalde-de-gondomar-2\/#primaryimage"},"thumbnailUrl":"https:\/\/www.anovapeneira.gal\/wp-content\/uploads\/2020\/03\/paco_ferreira_gondomar_a_nova_peneira.jpg","datePublished":"2020-03-20T10:30:38+00:00","breadcrumb":{"@id":"https:\/\/www.anovapeneira.gal\/index.php\/2020\/03\/20\/paco-ferreira-alcalde-de-gondomar-2\/#breadcrumb"},"inLanguage":"gl-ES","potentialAction":[{"@type":"ReadAction","target":["https:\/\/www.anovapeneira.gal\/index.php\/2020\/03\/20\/paco-ferreira-alcalde-de-gondomar-2\/"]}]},{"@type":"ImageObject","inLanguage":"gl-ES","@id":"https:\/\/www.anovapeneira.gal\/index.php\/2020\/03\/20\/paco-ferreira-alcalde-de-gondomar-2\/#primaryimage","url":"https:\/\/www.anovapeneira.gal\/wp-content\/uploads\/2020\/03\/paco_ferreira_gondomar_a_nova_peneira.jpg","contentUrl":"https:\/\/www.anovapeneira.gal\/wp-content\/uploads\/2020\/03\/paco_ferreira_gondomar_a_nova_peneira.jpg","width":720,"height":432,"caption":"Paco Ferreira Alcalde de Gondomar A Nova Peneira"},{"@type":"BreadcrumbList","@id":"https:\/\/www.anovapeneira.gal\/index.php\/2020\/03\/20\/paco-ferreira-alcalde-de-gondomar-2\/#breadcrumb","itemListElement":[{"@type":"ListItem","position":1,"name":"Portada","item":"https:\/\/www.anovapeneira.gal\/"},{"@type":"ListItem","position":2,"name":"Paco Ferreira Alcalde de Gondomar"}]},{"@type":"WebSite","@id":"https:\/\/www.anovapeneira.gal\/#website","url":"https:\/\/www.anovapeneira.gal\/","name":"","description":"Xornal galego de informaci\u00f3n xeral Publicaci\u00f3n mensual de novas de Galicia e en especial dos Concellos da sur da provincia de Pontevedra.","publisher":{"@id":"https:\/\/www.anovapeneira.gal\/#organization"},"potentialAction":[{"@type":"SearchAction","target":{"@type":"EntryPoint","urlTemplate":"https:\/\/www.anovapeneira.gal\/?s={search_term_string}"},"query-input":{"@type":"PropertyValueSpecification","valueRequired":true,"valueName":"search_term_string"}}],"inLanguage":"gl-ES"},{"@type":"Organization","@id":"https:\/\/www.anovapeneira.gal\/#organization","name":"A Nova Peneira","url":"https:\/\/www.anovapeneira.gal\/","logo":{"@type":"ImageObject","inLanguage":"gl-ES","@id":"https:\/\/www.anovapeneira.gal\/#\/schema\/logo\/image\/","url":"http:\/\/www.anovapeneira.gal\/wp-content\/uploads\/2019\/06\/logo_a_nova_peneira_portal_web.png","contentUrl":"http:\/\/www.anovapeneira.gal\/wp-content\/uploads\/2019\/06\/logo_a_nova_peneira_portal_web.png","width":300,"height":100,"caption":"A Nova Peneira"},"image":{"@id":"https:\/\/www.anovapeneira.gal\/#\/schema\/logo\/image\/"},"sameAs":["https:\/\/www.facebook.com\/anovapeneira","https:\/\/x.com\/APeneira"]},{"@type":"Person","@id":"https:\/\/www.anovapeneira.gal\/#\/schema\/person\/424dfe65e3070fd8a44d22d2c088762a","name":"Tino Lago","image":{"@type":"ImageObject","inLanguage":"gl-ES","@id":"https:\/\/secure.gravatar.com\/avatar\/b3df6a06e44bab3111583b90f0f33a0379ee5e3d22cbadd232d39f21c30c62be?s=96&d=mm&r=g","url":"https:\/\/secure.gravatar.com\/avatar\/b3df6a06e44bab3111583b90f0f33a0379ee5e3d22cbadd232d39f21c30c62be?s=96&d=mm&r=g","contentUrl":"https:\/\/secure.gravatar.com\/avatar\/b3df6a06e44bab3111583b90f0f33a0379ee5e3d22cbadd232d39f21c30c62be?s=96&d=mm&r=g","caption":"Tino Lago"},"sameAs":["http:\/\/www.anovapeneira.gal"],"url":"https:\/\/www.anovapeneira.gal\/index.php\/author\/director\/"}]}},"jetpack_featured_media_url":"https:\/\/www.anovapeneira.gal\/wp-content\/uploads\/2020\/03\/paco_ferreira_gondomar_a_nova_peneira.jpg","_links":{"self":[{"href":"https:\/\/www.anovapeneira.gal\/index.php\/wp-json\/wp\/v2\/posts\/2777","targetHints":{"allow":["GET"]}}],"collection":[{"href":"https:\/\/www.anovapeneira.gal\/index.php\/wp-json\/wp\/v2\/posts"}],"about":[{"href":"https:\/\/www.anovapeneira.gal\/index.php\/wp-json\/wp\/v2\/types\/post"}],"author":[{"embeddable":true,"href":"https:\/\/www.anovapeneira.gal\/index.php\/wp-json\/wp\/v2\/users\/2"}],"replies":[{"embeddable":true,"href":"https:\/\/www.anovapeneira.gal\/index.php\/wp-json\/wp\/v2\/comments?post=2777"}],"version-history":[{"count":1,"href":"https:\/\/www.anovapeneira.gal\/index.php\/wp-json\/wp\/v2\/posts\/2777\/revisions"}],"predecessor-version":[{"id":2779,"href":"https:\/\/www.anovapeneira.gal\/index.php\/wp-json\/wp\/v2\/posts\/2777\/revisions\/2779"}],"wp:featuredmedia":[{"embeddable":true,"href":"https:\/\/www.anovapeneira.gal\/index.php\/wp-json\/wp\/v2\/media\/2778"}],"wp:attachment":[{"href":"https:\/\/www.anovapeneira.gal\/index.php\/wp-json\/wp\/v2\/media?parent=2777"}],"wp:term":[{"taxonomy":"category","embeddable":true,"href":"https:\/\/www.anovapeneira.gal\/index.php\/wp-json\/wp\/v2\/categories?post=2777"},{"taxonomy":"post_tag","embeddable":true,"href":"https:\/\/www.anovapeneira.gal\/index.php\/wp-json\/wp\/v2\/tags?post=2777"}],"curies":[{"name":"wp","href":"https:\/\/api.w.org\/{rel}","templated":true}]}}