{"id":2783,"date":"2020-03-20T12:30:14","date_gmt":"2020-03-20T11:30:14","guid":{"rendered":"http:\/\/www.anovapeneira.gal\/?p=2783"},"modified":"2020-03-23T18:36:30","modified_gmt":"2020-03-23T17:36:30","slug":"xose-manuel-rodriguez-alcalde-de-as-neves","status":"publish","type":"post","link":"https:\/\/www.anovapeneira.gal\/index.php\/2020\/03\/20\/xose-manuel-rodriguez-alcalde-de-as-neves\/","title":{"rendered":"Xos\u00e9 Manuel Rodr\u00edguez, Alcalde De As Neves"},"content":{"rendered":"\n<h2 class=\"wp-block-heading\"><strong>OS ALCALDES E ALCALDESAS EN A NOVA PENEIRA, C\u00d3NTANOS A SITUACI\u00d3N DOS SEUS CONCELLOS EN RELACI\u00d3N CO COVID19 E O ESTADO DE ALARMA<\/strong><\/h2>\n\n\n\n<p><strong>Nesta situaci\u00f3n de excepcionalidade seguimos, dentro das limitaci\u00f3ns obvias que asumimos de maneira responsable coa sociedade, coa nosa firme intenci\u00f3n de informar de todo o que pasa ao noso car\u00f3n. Falamos con boa parte dos alcaldes e alcaldesas da nosa \u00e1rea de influencia para sabermos como est\u00e1 a situaci\u00f3n nos seus concellos, En breve, procuraremos contactar cos que a\u00ednda non nos foi posible. De momento, moitas grazas a Paco Ferreira, alcalde de Gondomar, Xose Emilio Barros alcalde de Mondariz, Digna Rivas, alcaldesa de Redondela, Pepe Represas, alcalde de Pontearaeas, Xos\u00e9 Rodr\u00edguez, alcalde de As Neves, Emiliano Lage, alcalde de Fornelos, Xose Manuel Pazos, alcalde de Cangas, Leticia Santos, alcaldesa de Moa\u00f1a, Antonio Lomba, alcalde de A Guarda e \u00c1nxela Fern\u00e1ndez, alcaldesa de O Rosal. Tranquilizounos moito, falar con eles, todos e todas amosaron un elevado nivel de firmeza, de compromiso cos seus veci\u00f1os e veci\u00f1as e de esperanza en transmitir a mesma mensaxe; esta \u00e9 unha crise moi dura, dur\u00edsima, pero transitoria, e pasar\u00e1, abof\u00e9 que pasar\u00e1, e canto m\u00e1is responsablemente nos comportemos respectando escrupulosamente as instruci\u00f3ns das autoridades sanitarias, antes rematar\u00e1.<\/strong><\/p>\n\n\n\n<p><strong>A primeira pregunta para ti, Xos\u00e9, como est\u00e1s f\u00edsica e animicamente?<\/strong><\/p>\n\n\n\n<blockquote class=\"wp-block-quote is-layout-flow wp-block-quote-is-layout-flow\"><p>Eu estou moi ben, e o meu entorno afectivo afortunadamente tam\u00e9n. Moitas grazas polo interese Tino.<\/p><\/blockquote>\n\n\n\n<p><strong>Como est\u00e1 a situaci\u00f3n xeral do Concello, temos constancia dalg\u00fan positivo?<\/strong><\/p>\n\n\n\n<blockquote class=\"wp-block-quote is-layout-flow wp-block-quote-is-layout-flow\"><p>Como sempre, nestas circunstancias corren todo tipo de rumores, nas Neves a d\u00eda de hoxe non temos constancia de ning\u00fan.<\/p><\/blockquote>\n\n\n\n<p><strong>Que est\u00e1 a facer o Concello para atender as necesidades das persoas m\u00e1is vulnerables?<\/strong><\/p>\n\n\n\n<blockquote class=\"wp-block-quote is-layout-flow wp-block-quote-is-layout-flow\"><p>Replicar aquela m\u00e1xima que exercemos noutro momento da nosa historia recente no que tam\u00e9n houbo unha situaci\u00f3n de necesidade moi alta, ref\u00edrome ao incendio forestal: Unha persoa ,Unha soluci\u00f3n. Calquera necesidade de mobilidade para adquirir alimentos ou medicinas ser\u00e1 atendida pola administraci\u00f3n municipal, o equipo de servizos sociais dirigido pola Concelleira de Ensino e Benestar Social, Pilar Gonz\u00e1lez Casas, est\u00e1 activado ao m\u00e1ximo e reforz\u00e1molo con persoal doutros departamentos municipais. As d\u00faas farmacias das Neves est\u00e1n tam\u00e9n en coordinaci\u00f3n m\u00e1xima co concello.<\/p><\/blockquote>\n\n\n\n<p><strong>Est\u00e1s satisfeito do grado de civismo amosado ata agora pola sociedade nevense?<\/strong><\/p>\n\n\n\n<blockquote class=\"wp-block-quote is-layout-flow wp-block-quote-is-layout-flow\"><p>Absolutamente, podo dicirche que agora mesmo no centro das neves non hai absolutamente ningu\u00e9n pola r\u00faa. Agora ben, quero facer unha dupla reflexi\u00f3n sobre isto, primeiro a transitoriedade da situaci\u00f3n, e segundo quero dicir que moita xnte optou polo rural para pasar unha situaci\u00f3n como ista, pois \u00e9 evidente que nunha finca l\u00e9vase mellor. Eu convido a que reflexionemos como sociedade a que isto non sexa unha an\u00e9cdota e que cando todo isto remate observemos ao rural como un espazo adecuado para vivir, e os poderes p\u00fablicos temos a obriga de reverdecer o rural e dotalo de medios e servizos necesarios para que poidamos vivir nel con dignidade.<\/p><\/blockquote>\n\n\n\n<p><strong>A situaci\u00f3n de confinamento pode levar a orixinar graves problemas psicol\u00f3xicos a importantes segmentos da poboaci\u00f3n algunha mensaxe para levalo o mellor posible?<\/strong><\/p>\n\n\n\n<blockquote class=\"wp-block-quote is-layout-flow wp-block-quote-is-layout-flow\"><p>O concello de As Neves vai atender as necesidades da nosa veci\u00f1anza, e desde logo que as emocionais tam\u00e9n. Temos a intenci\u00f3n de ofrecer unha soluci\u00f3n personalizada a cada problema, imos p\u00f3r todo o que temos para que ningu\u00e9n caia na desesperaci\u00f3n. Haber\u00e1 momentos dif\u00edciles para todos, seguro, aconsello que todas e todos nos po\u00f1amos retos diarios, que pensemos que o superaremos, te\u00f1amos esperanza, porque imos sa\u00edn reforzados.<\/p><\/blockquote>\n\n\n\n<p><strong>En canto a material sanitario, xeles, mascarillas luvas, como estades?<\/strong><\/p>\n\n\n\n<blockquote class=\"wp-block-quote is-layout-flow wp-block-quote-is-layout-flow\"><p>Nun principio temos unha dotaci\u00f3n en aparencia suficiente ata este momento, pero claro, non sabemos como evolucionar\u00e1. Desde o punto de vista lox\u00edstico temos unha situaci\u00f3n de relativa tranquilidade.<\/p><\/blockquote>\n\n\n\n<p><strong>Moitas grazas Xos\u00e9, e moita sorte para ti e para toda a veci\u00f1anza de As Neves<\/strong><\/p>\n","protected":false},"excerpt":{"rendered":"<div class=\"mh-excerpt\"><p>Os alcaldes e alcaldesas en A Nova Peneira, c\u00f3ntanos a situaci\u00f3n dos seus concellos en relaci\u00f3n co COVID19 e o estado de alarma <a class=\"mh-excerpt-more\" href=\"https:\/\/www.anovapeneira.gal\/index.php\/2020\/03\/20\/xose-manuel-rodriguez-alcalde-de-as-neves\/\" title=\"Xos\u00e9 Manuel Rodr\u00edguez, Alcalde De As Neves\">[&#8230;]<\/a><\/p>\n<\/div>","protected":false},"author":2,"featured_media":2822,"comment_status":"open","ping_status":"open","sticky":false,"template":"","format":"standard","meta":{"_exactmetrics_skip_tracking":false,"_exactmetrics_sitenote_active":false,"_exactmetrics_sitenote_note":"","_exactmetrics_sitenote_category":0,"footnotes":""},"categories":[25],"tags":[423,1006,1010],"class_list":{"0":"post-2783","1":"post","2":"type-post","3":"status-publish","4":"format-standard","5":"has-post-thumbnail","7":"category-condado","8":"tag-concello-de-as-neves","9":"tag-covid19","10":"tag-xose-manuel-rodriguez"},"yoast_head":"<!-- This site is optimized with the Yoast SEO plugin v27.4 - https:\/\/yoast.com\/product\/yoast-seo-wordpress\/ -->\n<title>Xos\u00e9 Manuel Rodr\u00edguez, Alcalde De As Neves -<\/title>\n<meta name=\"robots\" content=\"index, follow, max-snippet:-1, max-image-preview:large, max-video-preview:-1\" \/>\n<link rel=\"canonical\" href=\"https:\/\/www.anovapeneira.gal\/index.php\/2020\/03\/20\/xose-manuel-rodriguez-alcalde-de-as-neves\/\" \/>\n<meta property=\"og:locale\" content=\"gl_ES\" \/>\n<meta property=\"og:type\" content=\"article\" \/>\n<meta property=\"og:title\" content=\"Xos\u00e9 Manuel Rodr\u00edguez, Alcalde De As Neves -\" \/>\n<meta property=\"og:description\" content=\"Os alcaldes e alcaldesas en A Nova Peneira, c\u00f3ntanos a situaci\u00f3n dos seus concellos en relaci\u00f3n co COVID19 e o estado de alarma [...]\" \/>\n<meta property=\"og:url\" content=\"https:\/\/www.anovapeneira.gal\/index.php\/2020\/03\/20\/xose-manuel-rodriguez-alcalde-de-as-neves\/\" \/>\n<meta property=\"article:publisher\" content=\"https:\/\/www.facebook.com\/anovapeneira\" \/>\n<meta property=\"article:published_time\" content=\"2020-03-20T11:30:14+00:00\" \/>\n<meta property=\"article:modified_time\" content=\"2020-03-23T17:36:30+00:00\" \/>\n<meta property=\"og:image\" content=\"https:\/\/www.anovapeneira.gal\/wp-content\/uploads\/2020\/03\/alcalde_as_neves_a_nova_peneira.jpg\" \/>\n\t<meta property=\"og:image:width\" content=\"2048\" \/>\n\t<meta property=\"og:image:height\" content=\"1196\" \/>\n\t<meta property=\"og:image:type\" content=\"image\/jpeg\" \/>\n<meta name=\"author\" content=\"Tino Lago\" \/>\n<meta name=\"twitter:card\" content=\"summary_large_image\" \/>\n<meta name=\"twitter:creator\" content=\"@APeneira\" \/>\n<meta name=\"twitter:site\" content=\"@APeneira\" \/>\n<meta name=\"twitter:label1\" content=\"Escrito por\" \/>\n\t<meta name=\"twitter:data1\" content=\"Tino Lago\" \/>\n\t<meta name=\"twitter:label2\" content=\"Tempo de lectura\" \/>\n\t<meta name=\"twitter:data2\" content=\"3 minutos\" \/>\n<script type=\"application\/ld+json\" class=\"yoast-schema-graph\">{\"@context\":\"https:\\\/\\\/schema.org\",\"@graph\":[{\"@type\":\"Article\",\"@id\":\"https:\\\/\\\/www.anovapeneira.gal\\\/index.php\\\/2020\\\/03\\\/20\\\/xose-manuel-rodriguez-alcalde-de-as-neves\\\/#article\",\"isPartOf\":{\"@id\":\"https:\\\/\\\/www.anovapeneira.gal\\\/index.php\\\/2020\\\/03\\\/20\\\/xose-manuel-rodriguez-alcalde-de-as-neves\\\/\"},\"author\":{\"name\":\"Tino Lago\",\"@id\":\"https:\\\/\\\/www.anovapeneira.gal\\\/#\\\/schema\\\/person\\\/424dfe65e3070fd8a44d22d2c088762a\"},\"headline\":\"Xos\u00e9 Manuel Rodr\u00edguez, Alcalde De As Neves\",\"datePublished\":\"2020-03-20T11:30:14+00:00\",\"dateModified\":\"2020-03-23T17:36:30+00:00\",\"mainEntityOfPage\":{\"@id\":\"https:\\\/\\\/www.anovapeneira.gal\\\/index.php\\\/2020\\\/03\\\/20\\\/xose-manuel-rodriguez-alcalde-de-as-neves\\\/\"},\"wordCount\":697,\"commentCount\":1,\"publisher\":{\"@id\":\"https:\\\/\\\/www.anovapeneira.gal\\\/#organization\"},\"image\":{\"@id\":\"https:\\\/\\\/www.anovapeneira.gal\\\/index.php\\\/2020\\\/03\\\/20\\\/xose-manuel-rodriguez-alcalde-de-as-neves\\\/#primaryimage\"},\"thumbnailUrl\":\"https:\\\/\\\/www.anovapeneira.gal\\\/wp-content\\\/uploads\\\/2020\\\/03\\\/alcalde_as_neves_a_nova_peneira.jpg\",\"keywords\":[\"Concello de As Neves\",\"COVID19\",\"Xos\u00e9 Manuel Rodr\u00edguez\"],\"articleSection\":[\"Condado\"],\"inLanguage\":\"gl-ES\",\"potentialAction\":[{\"@type\":\"CommentAction\",\"name\":\"Comment\",\"target\":[\"https:\\\/\\\/www.anovapeneira.gal\\\/index.php\\\/2020\\\/03\\\/20\\\/xose-manuel-rodriguez-alcalde-de-as-neves\\\/#respond\"]}]},{\"@type\":\"WebPage\",\"@id\":\"https:\\\/\\\/www.anovapeneira.gal\\\/index.php\\\/2020\\\/03\\\/20\\\/xose-manuel-rodriguez-alcalde-de-as-neves\\\/\",\"url\":\"https:\\\/\\\/www.anovapeneira.gal\\\/index.php\\\/2020\\\/03\\\/20\\\/xose-manuel-rodriguez-alcalde-de-as-neves\\\/\",\"name\":\"Xos\u00e9 Manuel Rodr\u00edguez, Alcalde De As Neves -\",\"isPartOf\":{\"@id\":\"https:\\\/\\\/www.anovapeneira.gal\\\/#website\"},\"primaryImageOfPage\":{\"@id\":\"https:\\\/\\\/www.anovapeneira.gal\\\/index.php\\\/2020\\\/03\\\/20\\\/xose-manuel-rodriguez-alcalde-de-as-neves\\\/#primaryimage\"},\"image\":{\"@id\":\"https:\\\/\\\/www.anovapeneira.gal\\\/index.php\\\/2020\\\/03\\\/20\\\/xose-manuel-rodriguez-alcalde-de-as-neves\\\/#primaryimage\"},\"thumbnailUrl\":\"https:\\\/\\\/www.anovapeneira.gal\\\/wp-content\\\/uploads\\\/2020\\\/03\\\/alcalde_as_neves_a_nova_peneira.jpg\",\"datePublished\":\"2020-03-20T11:30:14+00:00\",\"dateModified\":\"2020-03-23T17:36:30+00:00\",\"breadcrumb\":{\"@id\":\"https:\\\/\\\/www.anovapeneira.gal\\\/index.php\\\/2020\\\/03\\\/20\\\/xose-manuel-rodriguez-alcalde-de-as-neves\\\/#breadcrumb\"},\"inLanguage\":\"gl-ES\",\"potentialAction\":[{\"@type\":\"ReadAction\",\"target\":[\"https:\\\/\\\/www.anovapeneira.gal\\\/index.php\\\/2020\\\/03\\\/20\\\/xose-manuel-rodriguez-alcalde-de-as-neves\\\/\"]}]},{\"@type\":\"ImageObject\",\"inLanguage\":\"gl-ES\",\"@id\":\"https:\\\/\\\/www.anovapeneira.gal\\\/index.php\\\/2020\\\/03\\\/20\\\/xose-manuel-rodriguez-alcalde-de-as-neves\\\/#primaryimage\",\"url\":\"https:\\\/\\\/www.anovapeneira.gal\\\/wp-content\\\/uploads\\\/2020\\\/03\\\/alcalde_as_neves_a_nova_peneira.jpg\",\"contentUrl\":\"https:\\\/\\\/www.anovapeneira.gal\\\/wp-content\\\/uploads\\\/2020\\\/03\\\/alcalde_as_neves_a_nova_peneira.jpg\",\"width\":2048,\"height\":1196,\"caption\":\"Xos\u00e9 Manuel Rodr\u00edguez Concello de As Neves A Nova Peneira\"},{\"@type\":\"BreadcrumbList\",\"@id\":\"https:\\\/\\\/www.anovapeneira.gal\\\/index.php\\\/2020\\\/03\\\/20\\\/xose-manuel-rodriguez-alcalde-de-as-neves\\\/#breadcrumb\",\"itemListElement\":[{\"@type\":\"ListItem\",\"position\":1,\"name\":\"Portada\",\"item\":\"https:\\\/\\\/www.anovapeneira.gal\\\/\"},{\"@type\":\"ListItem\",\"position\":2,\"name\":\"Xos\u00e9 Manuel Rodr\u00edguez, Alcalde De As Neves\"}]},{\"@type\":\"WebSite\",\"@id\":\"https:\\\/\\\/www.anovapeneira.gal\\\/#website\",\"url\":\"https:\\\/\\\/www.anovapeneira.gal\\\/\",\"name\":\"\",\"description\":\"Xornal galego de informaci\u00f3n xeral Publicaci\u00f3n mensual de novas de Galicia e en especial dos Concellos da sur da provincia de Pontevedra.\",\"publisher\":{\"@id\":\"https:\\\/\\\/www.anovapeneira.gal\\\/#organization\"},\"potentialAction\":[{\"@type\":\"SearchAction\",\"target\":{\"@type\":\"EntryPoint\",\"urlTemplate\":\"https:\\\/\\\/www.anovapeneira.gal\\\/?s={search_term_string}\"},\"query-input\":{\"@type\":\"PropertyValueSpecification\",\"valueRequired\":true,\"valueName\":\"search_term_string\"}}],\"inLanguage\":\"gl-ES\"},{\"@type\":\"Organization\",\"@id\":\"https:\\\/\\\/www.anovapeneira.gal\\\/#organization\",\"name\":\"A Nova Peneira\",\"url\":\"https:\\\/\\\/www.anovapeneira.gal\\\/\",\"logo\":{\"@type\":\"ImageObject\",\"inLanguage\":\"gl-ES\",\"@id\":\"https:\\\/\\\/www.anovapeneira.gal\\\/#\\\/schema\\\/logo\\\/image\\\/\",\"url\":\"http:\\\/\\\/www.anovapeneira.gal\\\/wp-content\\\/uploads\\\/2019\\\/06\\\/logo_a_nova_peneira_portal_web.png\",\"contentUrl\":\"http:\\\/\\\/www.anovapeneira.gal\\\/wp-content\\\/uploads\\\/2019\\\/06\\\/logo_a_nova_peneira_portal_web.png\",\"width\":300,\"height\":100,\"caption\":\"A Nova Peneira\"},\"image\":{\"@id\":\"https:\\\/\\\/www.anovapeneira.gal\\\/#\\\/schema\\\/logo\\\/image\\\/\"},\"sameAs\":[\"https:\\\/\\\/www.facebook.com\\\/anovapeneira\",\"https:\\\/\\\/x.com\\\/APeneira\"]},{\"@type\":\"Person\",\"@id\":\"https:\\\/\\\/www.anovapeneira.gal\\\/#\\\/schema\\\/person\\\/424dfe65e3070fd8a44d22d2c088762a\",\"name\":\"Tino Lago\",\"image\":{\"@type\":\"ImageObject\",\"inLanguage\":\"gl-ES\",\"@id\":\"https:\\\/\\\/secure.gravatar.com\\\/avatar\\\/b3df6a06e44bab3111583b90f0f33a0379ee5e3d22cbadd232d39f21c30c62be?s=96&d=mm&r=g\",\"url\":\"https:\\\/\\\/secure.gravatar.com\\\/avatar\\\/b3df6a06e44bab3111583b90f0f33a0379ee5e3d22cbadd232d39f21c30c62be?s=96&d=mm&r=g\",\"contentUrl\":\"https:\\\/\\\/secure.gravatar.com\\\/avatar\\\/b3df6a06e44bab3111583b90f0f33a0379ee5e3d22cbadd232d39f21c30c62be?s=96&d=mm&r=g\",\"caption\":\"Tino Lago\"},\"sameAs\":[\"http:\\\/\\\/www.anovapeneira.gal\"],\"url\":\"https:\\\/\\\/www.anovapeneira.gal\\\/index.php\\\/author\\\/director\\\/\"}]}<\/script>\n<!-- \/ Yoast SEO plugin. -->","yoast_head_json":{"title":"Xos\u00e9 Manuel Rodr\u00edguez, Alcalde De As Neves -","robots":{"index":"index","follow":"follow","max-snippet":"max-snippet:-1","max-image-preview":"max-image-preview:large","max-video-preview":"max-video-preview:-1"},"canonical":"https:\/\/www.anovapeneira.gal\/index.php\/2020\/03\/20\/xose-manuel-rodriguez-alcalde-de-as-neves\/","og_locale":"gl_ES","og_type":"article","og_title":"Xos\u00e9 Manuel Rodr\u00edguez, Alcalde De As Neves -","og_description":"Os alcaldes e alcaldesas en A Nova Peneira, c\u00f3ntanos a situaci\u00f3n dos seus concellos en relaci\u00f3n co COVID19 e o estado de alarma [...]","og_url":"https:\/\/www.anovapeneira.gal\/index.php\/2020\/03\/20\/xose-manuel-rodriguez-alcalde-de-as-neves\/","article_publisher":"https:\/\/www.facebook.com\/anovapeneira","article_published_time":"2020-03-20T11:30:14+00:00","article_modified_time":"2020-03-23T17:36:30+00:00","og_image":[{"width":2048,"height":1196,"url":"https:\/\/www.anovapeneira.gal\/wp-content\/uploads\/2020\/03\/alcalde_as_neves_a_nova_peneira.jpg","type":"image\/jpeg"}],"author":"Tino Lago","twitter_card":"summary_large_image","twitter_creator":"@APeneira","twitter_site":"@APeneira","twitter_misc":{"Escrito por":"Tino Lago","Tempo de lectura":"3 minutos"},"schema":{"@context":"https:\/\/schema.org","@graph":[{"@type":"Article","@id":"https:\/\/www.anovapeneira.gal\/index.php\/2020\/03\/20\/xose-manuel-rodriguez-alcalde-de-as-neves\/#article","isPartOf":{"@id":"https:\/\/www.anovapeneira.gal\/index.php\/2020\/03\/20\/xose-manuel-rodriguez-alcalde-de-as-neves\/"},"author":{"name":"Tino Lago","@id":"https:\/\/www.anovapeneira.gal\/#\/schema\/person\/424dfe65e3070fd8a44d22d2c088762a"},"headline":"Xos\u00e9 Manuel Rodr\u00edguez, Alcalde De As Neves","datePublished":"2020-03-20T11:30:14+00:00","dateModified":"2020-03-23T17:36:30+00:00","mainEntityOfPage":{"@id":"https:\/\/www.anovapeneira.gal\/index.php\/2020\/03\/20\/xose-manuel-rodriguez-alcalde-de-as-neves\/"},"wordCount":697,"commentCount":1,"publisher":{"@id":"https:\/\/www.anovapeneira.gal\/#organization"},"image":{"@id":"https:\/\/www.anovapeneira.gal\/index.php\/2020\/03\/20\/xose-manuel-rodriguez-alcalde-de-as-neves\/#primaryimage"},"thumbnailUrl":"https:\/\/www.anovapeneira.gal\/wp-content\/uploads\/2020\/03\/alcalde_as_neves_a_nova_peneira.jpg","keywords":["Concello de As Neves","COVID19","Xos\u00e9 Manuel Rodr\u00edguez"],"articleSection":["Condado"],"inLanguage":"gl-ES","potentialAction":[{"@type":"CommentAction","name":"Comment","target":["https:\/\/www.anovapeneira.gal\/index.php\/2020\/03\/20\/xose-manuel-rodriguez-alcalde-de-as-neves\/#respond"]}]},{"@type":"WebPage","@id":"https:\/\/www.anovapeneira.gal\/index.php\/2020\/03\/20\/xose-manuel-rodriguez-alcalde-de-as-neves\/","url":"https:\/\/www.anovapeneira.gal\/index.php\/2020\/03\/20\/xose-manuel-rodriguez-alcalde-de-as-neves\/","name":"Xos\u00e9 Manuel Rodr\u00edguez, Alcalde De As Neves -","isPartOf":{"@id":"https:\/\/www.anovapeneira.gal\/#website"},"primaryImageOfPage":{"@id":"https:\/\/www.anovapeneira.gal\/index.php\/2020\/03\/20\/xose-manuel-rodriguez-alcalde-de-as-neves\/#primaryimage"},"image":{"@id":"https:\/\/www.anovapeneira.gal\/index.php\/2020\/03\/20\/xose-manuel-rodriguez-alcalde-de-as-neves\/#primaryimage"},"thumbnailUrl":"https:\/\/www.anovapeneira.gal\/wp-content\/uploads\/2020\/03\/alcalde_as_neves_a_nova_peneira.jpg","datePublished":"2020-03-20T11:30:14+00:00","dateModified":"2020-03-23T17:36:30+00:00","breadcrumb":{"@id":"https:\/\/www.anovapeneira.gal\/index.php\/2020\/03\/20\/xose-manuel-rodriguez-alcalde-de-as-neves\/#breadcrumb"},"inLanguage":"gl-ES","potentialAction":[{"@type":"ReadAction","target":["https:\/\/www.anovapeneira.gal\/index.php\/2020\/03\/20\/xose-manuel-rodriguez-alcalde-de-as-neves\/"]}]},{"@type":"ImageObject","inLanguage":"gl-ES","@id":"https:\/\/www.anovapeneira.gal\/index.php\/2020\/03\/20\/xose-manuel-rodriguez-alcalde-de-as-neves\/#primaryimage","url":"https:\/\/www.anovapeneira.gal\/wp-content\/uploads\/2020\/03\/alcalde_as_neves_a_nova_peneira.jpg","contentUrl":"https:\/\/www.anovapeneira.gal\/wp-content\/uploads\/2020\/03\/alcalde_as_neves_a_nova_peneira.jpg","width":2048,"height":1196,"caption":"Xos\u00e9 Manuel Rodr\u00edguez Concello de As Neves A Nova Peneira"},{"@type":"BreadcrumbList","@id":"https:\/\/www.anovapeneira.gal\/index.php\/2020\/03\/20\/xose-manuel-rodriguez-alcalde-de-as-neves\/#breadcrumb","itemListElement":[{"@type":"ListItem","position":1,"name":"Portada","item":"https:\/\/www.anovapeneira.gal\/"},{"@type":"ListItem","position":2,"name":"Xos\u00e9 Manuel Rodr\u00edguez, Alcalde De As Neves"}]},{"@type":"WebSite","@id":"https:\/\/www.anovapeneira.gal\/#website","url":"https:\/\/www.anovapeneira.gal\/","name":"","description":"Xornal galego de informaci\u00f3n xeral Publicaci\u00f3n mensual de novas de Galicia e en especial dos Concellos da sur da provincia de Pontevedra.","publisher":{"@id":"https:\/\/www.anovapeneira.gal\/#organization"},"potentialAction":[{"@type":"SearchAction","target":{"@type":"EntryPoint","urlTemplate":"https:\/\/www.anovapeneira.gal\/?s={search_term_string}"},"query-input":{"@type":"PropertyValueSpecification","valueRequired":true,"valueName":"search_term_string"}}],"inLanguage":"gl-ES"},{"@type":"Organization","@id":"https:\/\/www.anovapeneira.gal\/#organization","name":"A Nova Peneira","url":"https:\/\/www.anovapeneira.gal\/","logo":{"@type":"ImageObject","inLanguage":"gl-ES","@id":"https:\/\/www.anovapeneira.gal\/#\/schema\/logo\/image\/","url":"http:\/\/www.anovapeneira.gal\/wp-content\/uploads\/2019\/06\/logo_a_nova_peneira_portal_web.png","contentUrl":"http:\/\/www.anovapeneira.gal\/wp-content\/uploads\/2019\/06\/logo_a_nova_peneira_portal_web.png","width":300,"height":100,"caption":"A Nova Peneira"},"image":{"@id":"https:\/\/www.anovapeneira.gal\/#\/schema\/logo\/image\/"},"sameAs":["https:\/\/www.facebook.com\/anovapeneira","https:\/\/x.com\/APeneira"]},{"@type":"Person","@id":"https:\/\/www.anovapeneira.gal\/#\/schema\/person\/424dfe65e3070fd8a44d22d2c088762a","name":"Tino Lago","image":{"@type":"ImageObject","inLanguage":"gl-ES","@id":"https:\/\/secure.gravatar.com\/avatar\/b3df6a06e44bab3111583b90f0f33a0379ee5e3d22cbadd232d39f21c30c62be?s=96&d=mm&r=g","url":"https:\/\/secure.gravatar.com\/avatar\/b3df6a06e44bab3111583b90f0f33a0379ee5e3d22cbadd232d39f21c30c62be?s=96&d=mm&r=g","contentUrl":"https:\/\/secure.gravatar.com\/avatar\/b3df6a06e44bab3111583b90f0f33a0379ee5e3d22cbadd232d39f21c30c62be?s=96&d=mm&r=g","caption":"Tino Lago"},"sameAs":["http:\/\/www.anovapeneira.gal"],"url":"https:\/\/www.anovapeneira.gal\/index.php\/author\/director\/"}]}},"jetpack_featured_media_url":"https:\/\/www.anovapeneira.gal\/wp-content\/uploads\/2020\/03\/alcalde_as_neves_a_nova_peneira.jpg","_links":{"self":[{"href":"https:\/\/www.anovapeneira.gal\/index.php\/wp-json\/wp\/v2\/posts\/2783","targetHints":{"allow":["GET"]}}],"collection":[{"href":"https:\/\/www.anovapeneira.gal\/index.php\/wp-json\/wp\/v2\/posts"}],"about":[{"href":"https:\/\/www.anovapeneira.gal\/index.php\/wp-json\/wp\/v2\/types\/post"}],"author":[{"embeddable":true,"href":"https:\/\/www.anovapeneira.gal\/index.php\/wp-json\/wp\/v2\/users\/2"}],"replies":[{"embeddable":true,"href":"https:\/\/www.anovapeneira.gal\/index.php\/wp-json\/wp\/v2\/comments?post=2783"}],"version-history":[{"count":5,"href":"https:\/\/www.anovapeneira.gal\/index.php\/wp-json\/wp\/v2\/posts\/2783\/revisions"}],"predecessor-version":[{"id":2825,"href":"https:\/\/www.anovapeneira.gal\/index.php\/wp-json\/wp\/v2\/posts\/2783\/revisions\/2825"}],"wp:featuredmedia":[{"embeddable":true,"href":"https:\/\/www.anovapeneira.gal\/index.php\/wp-json\/wp\/v2\/media\/2822"}],"wp:attachment":[{"href":"https:\/\/www.anovapeneira.gal\/index.php\/wp-json\/wp\/v2\/media?parent=2783"}],"wp:term":[{"taxonomy":"category","embeddable":true,"href":"https:\/\/www.anovapeneira.gal\/index.php\/wp-json\/wp\/v2\/categories?post=2783"},{"taxonomy":"post_tag","embeddable":true,"href":"https:\/\/www.anovapeneira.gal\/index.php\/wp-json\/wp\/v2\/tags?post=2783"}],"curies":[{"name":"wp","href":"https:\/\/api.w.org\/{rel}","templated":true}]}}