{"id":2793,"date":"2020-03-20T13:30:41","date_gmt":"2020-03-20T12:30:41","guid":{"rendered":"http:\/\/www.anovapeneira.gal\/?p=2793"},"modified":"2020-03-20T08:53:47","modified_gmt":"2020-03-20T07:53:47","slug":"pepe-represas-alcalde-de-ponteareas","status":"publish","type":"post","link":"https:\/\/www.anovapeneira.gal\/index.php\/2020\/03\/20\/pepe-represas-alcalde-de-ponteareas\/","title":{"rendered":"Pepe Represas Alcalde de Ponteareas"},"content":{"rendered":"\n<h2 class=\"wp-block-heading\"><strong>OS ALCALDES E ALCALDESAS EN A NOVA PENEIRA, C\u00d3NTANOS A SITUACI\u00d3N DOS SEUS CONCELLOS EN RELACI\u00d3N CO COVID19 E O ESTADO DE ALARMA<\/strong><\/h2>\n\n\n\n<p><strong>Nesta situaci\u00f3n de excepcionalidade seguimos, dentro das limitaci\u00f3ns obvias que asumimos de maneira responsable coa sociedade, coa nosa firme intenci\u00f3n de informar de todo o que pasa ao noso car\u00f3n. Falamos con boa parte dos alcaldes e alcaldesas da nosa \u00e1rea de influencia para sabermos como est\u00e1 a situaci\u00f3n nos seus concellos, En breve, procuraremos contactar cos que a\u00ednda non nos foi posible. De momento, moitas grazas a Paco Ferreira, alcalde de Gondomar, Xose Emilio Barros alcalde de Mondariz, Digna Rivas, alcaldesa de Redondela, Pepe Represas, alcalde de Pontearaeas, Xos\u00e9 Rodr\u00edguez, alcalde de As Neves, Emiliano Lage, alcalde de Fornelos, Xose Manuel Pazos, alcalde de Cangas, Leticia Santos, alcaldesa de Moa\u00f1a, Antonio Lomba, alcalde de A Guarda e \u00c1nxela Fern\u00e1ndez, alcaldesa de O Rosal. Tranquilizounos moito, falar con eles, todos e todas amosaron un elevado nivel de firmeza, de compromiso cos seus veci\u00f1os e veci\u00f1as e de esperanza en transmitir a mesma mensaxe; esta \u00e9 unha crise moi dura, dur\u00edsima, pero transitoria, e pasar\u00e1, abof\u00e9 que pasar\u00e1, e canto m\u00e1is responsablemente nos comportemos respectando escrupulosamente as instruci\u00f3ns das autoridades sanitarias, antes rematar\u00e1.<\/strong><\/p>\n\n\n\n<p><strong>A primeira pregunta para ti, como est\u00e1s f\u00edsica e animicamente?<\/strong><\/p>\n\n\n\n<blockquote class=\"wp-block-quote is-layout-flow wp-block-quote-is-layout-flow\"><p>Moitas grazas polo interese, eu enc\u00f3ntrome ben tanto no plano f\u00edsico como an\u00edmico e con toda a vontade de afrontar a situaci\u00f3n con firmeza ,e por que non dicilo, cun sorriso de amabilidade e afecto para todos os que o precisen.<\/p><\/blockquote>\n\n\n\n<p><strong>Como est\u00e1 a situaci\u00f3n xeral do Concello, temos constancia dalg\u00fan positivo?<\/strong><\/p>\n\n\n\n<blockquote class=\"wp-block-quote is-layout-flow wp-block-quote-is-layout-flow\"><p>No momento presente, malia os rumores, eu non te\u00f1o constancia de que exista ning\u00fan no nos Concello.<\/p><\/blockquote>\n\n\n\n<p><strong>Que est\u00e1 a facer a administraci\u00f3n municipal para atender aos segmentos de poboaci\u00f3n , m\u00e1is vulnerables do Concello?<\/strong><\/p>\n\n\n\n<blockquote class=\"wp-block-quote is-layout-flow wp-block-quote-is-layout-flow\"><p>Todos o servizos socias que xa estaban en marcha contin\u00faan prest\u00e1ndose, asemade presentamos un regulamento de axudas de emerxencia social que estamos aplicando coa m\u00e1xima celeridade, ao que destinamos 120.000\u20ac en axudas de todo tipo para a xente que o precise .Por outra parte o servizo de comedor escolar que era de balde para as familias das nenas e os nenos con menos recursos segu\u00edmolo mantendo para seguir cubrindo as s\u00faas necesidades b\u00e1sicas de alimentaci\u00f3n-Ao mesmo tempo, tanto con voluntariado, como cos servizos municipais estamos axudando a aquelas persoas que te\u00f1en problemas de mobilidade para achegarlle os alimentos e medicinas a quen o precise.<\/p><\/blockquote>\n\n\n\n<p><strong>Est\u00e1s satisfeito co grado de civismo que est\u00e1 amosando ata o momento a sociedade de Ponteareas?<\/strong><\/p>\n\n\n\n<blockquote class=\"wp-block-quote is-layout-flow wp-block-quote-is-layout-flow\"><p>Enormemente satisfeito, hai excepci\u00f3n claro, pero en li\u00f1as xerais o comportamento da sociedade \u00e9 exemplar.<\/p><\/blockquote>\n\n\n\n<p><strong>O confinamento prolongado, pode levar a padecer importantes secuelas psicol\u00f3xicas a segmentos importantes da poboaci\u00f3n. Algunha mensaxe de esperanza en positivo?<\/strong><\/p>\n\n\n\n<blockquote class=\"wp-block-quote is-layout-flow wp-block-quote-is-layout-flow\"><p>Eu utilizar\u00eda un s\u00edmil deportivo, para lograr un obxectivo importante os equipos ou os deportistas m\u00e1rcanse retos a medio ou longo prazo. Toda a sociedade temos un reto moi importante rematar con isto o antes posible para podermos volver \u00e1 normalidade, fag\u00e1molo, fag\u00e1molo, comport\u00e9monos con escrupuloso civismo, respectemos as instruci\u00f3ns das autoridades sanitarias e sairemos reforzados como sociedade. Desde logo, o alcalde de Ponteareas e todo o goberno municipal non vai deixar a ningu\u00e9n tirado, estamos para o que necesite a nosa veci\u00f1anza sen ning\u00fan tipo de matices.<\/p><\/blockquote>\n\n\n\n<p><strong>En cuesti\u00f3n de equipos sanitarios e de desinfecci\u00f3n, como estades?<\/strong><\/p>\n\n\n\n<blockquote class=\"wp-block-quote is-layout-flow wp-block-quote-is-layout-flow\"><p>Nos \u00faltimos d\u00edas, trav\u00e9s de empresas locais que nos subministraron temos material suficiente para as necesidades municipais, non nos sobra desde logo e aplicamos unha pol\u00edtica de aforro e contenci\u00f3n moi estrita.<\/p><\/blockquote>\n\n\n\n<p><strong>Moitas grazas Pepe, e moita sorte para ti e para toda a veci\u00f1anza de Ponteareas<\/strong><\/p>\n","protected":false},"excerpt":{"rendered":"<div class=\"mh-excerpt\"><p>Os alcaldes e alcaldesas en A Nova Peneira, c\u00f3ntanos a situaci\u00f3n dos seus concellos en relaci\u00f3n co COVID19 e o estado de alarma <a class=\"mh-excerpt-more\" href=\"https:\/\/www.anovapeneira.gal\/index.php\/2020\/03\/20\/pepe-represas-alcalde-de-ponteareas\/\" title=\"Pepe Represas Alcalde de Ponteareas\">[&#8230;]<\/a><\/p>\n<\/div>","protected":false},"author":2,"featured_media":2794,"comment_status":"open","ping_status":"open","sticky":false,"template":"","format":"standard","meta":{"_exactmetrics_skip_tracking":false,"_exactmetrics_sitenote_active":false,"_exactmetrics_sitenote_note":"","_exactmetrics_sitenote_category":0,"footnotes":""},"categories":[25],"tags":[208,1006,1012],"class_list":{"0":"post-2793","1":"post","2":"type-post","3":"status-publish","4":"format-standard","5":"has-post-thumbnail","7":"category-condado","8":"tag-concello-de-ponteareas","9":"tag-covid19","10":"tag-pepe-represas"},"yoast_head":"<!-- This site is optimized with the Yoast SEO plugin v27.4 - https:\/\/yoast.com\/product\/yoast-seo-wordpress\/ -->\n<title>Pepe Represas Alcalde de Ponteareas -<\/title>\n<meta name=\"robots\" content=\"index, follow, max-snippet:-1, max-image-preview:large, max-video-preview:-1\" \/>\n<link rel=\"canonical\" href=\"https:\/\/www.anovapeneira.gal\/index.php\/2020\/03\/20\/pepe-represas-alcalde-de-ponteareas\/\" \/>\n<meta property=\"og:locale\" content=\"gl_ES\" \/>\n<meta property=\"og:type\" content=\"article\" \/>\n<meta property=\"og:title\" content=\"Pepe Represas Alcalde de Ponteareas -\" \/>\n<meta property=\"og:description\" content=\"Os alcaldes e alcaldesas en A Nova Peneira, c\u00f3ntanos a situaci\u00f3n dos seus concellos en relaci\u00f3n co COVID19 e o estado de alarma [...]\" \/>\n<meta property=\"og:url\" content=\"https:\/\/www.anovapeneira.gal\/index.php\/2020\/03\/20\/pepe-represas-alcalde-de-ponteareas\/\" \/>\n<meta property=\"article:publisher\" content=\"https:\/\/www.facebook.com\/anovapeneira\" \/>\n<meta property=\"article:published_time\" content=\"2020-03-20T12:30:41+00:00\" \/>\n<meta property=\"og:image\" content=\"https:\/\/www.anovapeneira.gal\/wp-content\/uploads\/2020\/03\/pepe_represas_ponteareas_a_nova_peneira.jpg\" \/>\n\t<meta property=\"og:image:width\" content=\"720\" \/>\n\t<meta property=\"og:image:height\" content=\"432\" \/>\n\t<meta property=\"og:image:type\" content=\"image\/jpeg\" \/>\n<meta name=\"author\" content=\"Tino Lago\" \/>\n<meta name=\"twitter:card\" content=\"summary_large_image\" \/>\n<meta name=\"twitter:creator\" content=\"@APeneira\" \/>\n<meta name=\"twitter:site\" content=\"@APeneira\" \/>\n<meta name=\"twitter:label1\" content=\"Escrito por\" \/>\n\t<meta name=\"twitter:data1\" content=\"Tino Lago\" \/>\n\t<meta name=\"twitter:label2\" content=\"Tempo de lectura\" \/>\n\t<meta name=\"twitter:data2\" content=\"3 minutos\" \/>\n<script type=\"application\/ld+json\" class=\"yoast-schema-graph\">{\"@context\":\"https:\\\/\\\/schema.org\",\"@graph\":[{\"@type\":\"Article\",\"@id\":\"https:\\\/\\\/www.anovapeneira.gal\\\/index.php\\\/2020\\\/03\\\/20\\\/pepe-represas-alcalde-de-ponteareas\\\/#article\",\"isPartOf\":{\"@id\":\"https:\\\/\\\/www.anovapeneira.gal\\\/index.php\\\/2020\\\/03\\\/20\\\/pepe-represas-alcalde-de-ponteareas\\\/\"},\"author\":{\"name\":\"Tino Lago\",\"@id\":\"https:\\\/\\\/www.anovapeneira.gal\\\/#\\\/schema\\\/person\\\/424dfe65e3070fd8a44d22d2c088762a\"},\"headline\":\"Pepe Represas Alcalde de Ponteareas\",\"datePublished\":\"2020-03-20T12:30:41+00:00\",\"mainEntityOfPage\":{\"@id\":\"https:\\\/\\\/www.anovapeneira.gal\\\/index.php\\\/2020\\\/03\\\/20\\\/pepe-represas-alcalde-de-ponteareas\\\/\"},\"wordCount\":663,\"commentCount\":0,\"publisher\":{\"@id\":\"https:\\\/\\\/www.anovapeneira.gal\\\/#organization\"},\"image\":{\"@id\":\"https:\\\/\\\/www.anovapeneira.gal\\\/index.php\\\/2020\\\/03\\\/20\\\/pepe-represas-alcalde-de-ponteareas\\\/#primaryimage\"},\"thumbnailUrl\":\"https:\\\/\\\/www.anovapeneira.gal\\\/wp-content\\\/uploads\\\/2020\\\/03\\\/pepe_represas_ponteareas_a_nova_peneira.jpg\",\"keywords\":[\"Concello de Ponteareas\",\"COVID19\",\"Pepe Represas\"],\"articleSection\":[\"Condado\"],\"inLanguage\":\"gl-ES\",\"potentialAction\":[{\"@type\":\"CommentAction\",\"name\":\"Comment\",\"target\":[\"https:\\\/\\\/www.anovapeneira.gal\\\/index.php\\\/2020\\\/03\\\/20\\\/pepe-represas-alcalde-de-ponteareas\\\/#respond\"]}]},{\"@type\":\"WebPage\",\"@id\":\"https:\\\/\\\/www.anovapeneira.gal\\\/index.php\\\/2020\\\/03\\\/20\\\/pepe-represas-alcalde-de-ponteareas\\\/\",\"url\":\"https:\\\/\\\/www.anovapeneira.gal\\\/index.php\\\/2020\\\/03\\\/20\\\/pepe-represas-alcalde-de-ponteareas\\\/\",\"name\":\"Pepe Represas Alcalde de Ponteareas -\",\"isPartOf\":{\"@id\":\"https:\\\/\\\/www.anovapeneira.gal\\\/#website\"},\"primaryImageOfPage\":{\"@id\":\"https:\\\/\\\/www.anovapeneira.gal\\\/index.php\\\/2020\\\/03\\\/20\\\/pepe-represas-alcalde-de-ponteareas\\\/#primaryimage\"},\"image\":{\"@id\":\"https:\\\/\\\/www.anovapeneira.gal\\\/index.php\\\/2020\\\/03\\\/20\\\/pepe-represas-alcalde-de-ponteareas\\\/#primaryimage\"},\"thumbnailUrl\":\"https:\\\/\\\/www.anovapeneira.gal\\\/wp-content\\\/uploads\\\/2020\\\/03\\\/pepe_represas_ponteareas_a_nova_peneira.jpg\",\"datePublished\":\"2020-03-20T12:30:41+00:00\",\"breadcrumb\":{\"@id\":\"https:\\\/\\\/www.anovapeneira.gal\\\/index.php\\\/2020\\\/03\\\/20\\\/pepe-represas-alcalde-de-ponteareas\\\/#breadcrumb\"},\"inLanguage\":\"gl-ES\",\"potentialAction\":[{\"@type\":\"ReadAction\",\"target\":[\"https:\\\/\\\/www.anovapeneira.gal\\\/index.php\\\/2020\\\/03\\\/20\\\/pepe-represas-alcalde-de-ponteareas\\\/\"]}]},{\"@type\":\"ImageObject\",\"inLanguage\":\"gl-ES\",\"@id\":\"https:\\\/\\\/www.anovapeneira.gal\\\/index.php\\\/2020\\\/03\\\/20\\\/pepe-represas-alcalde-de-ponteareas\\\/#primaryimage\",\"url\":\"https:\\\/\\\/www.anovapeneira.gal\\\/wp-content\\\/uploads\\\/2020\\\/03\\\/pepe_represas_ponteareas_a_nova_peneira.jpg\",\"contentUrl\":\"https:\\\/\\\/www.anovapeneira.gal\\\/wp-content\\\/uploads\\\/2020\\\/03\\\/pepe_represas_ponteareas_a_nova_peneira.jpg\",\"width\":720,\"height\":432,\"caption\":\"Pepe Represas Concello de Ponteareas A Nova Peneira\"},{\"@type\":\"BreadcrumbList\",\"@id\":\"https:\\\/\\\/www.anovapeneira.gal\\\/index.php\\\/2020\\\/03\\\/20\\\/pepe-represas-alcalde-de-ponteareas\\\/#breadcrumb\",\"itemListElement\":[{\"@type\":\"ListItem\",\"position\":1,\"name\":\"Portada\",\"item\":\"https:\\\/\\\/www.anovapeneira.gal\\\/\"},{\"@type\":\"ListItem\",\"position\":2,\"name\":\"Pepe Represas Alcalde de Ponteareas\"}]},{\"@type\":\"WebSite\",\"@id\":\"https:\\\/\\\/www.anovapeneira.gal\\\/#website\",\"url\":\"https:\\\/\\\/www.anovapeneira.gal\\\/\",\"name\":\"\",\"description\":\"Xornal galego de informaci\u00f3n xeral Publicaci\u00f3n mensual de novas de Galicia e en especial dos Concellos da sur da provincia de Pontevedra.\",\"publisher\":{\"@id\":\"https:\\\/\\\/www.anovapeneira.gal\\\/#organization\"},\"potentialAction\":[{\"@type\":\"SearchAction\",\"target\":{\"@type\":\"EntryPoint\",\"urlTemplate\":\"https:\\\/\\\/www.anovapeneira.gal\\\/?s={search_term_string}\"},\"query-input\":{\"@type\":\"PropertyValueSpecification\",\"valueRequired\":true,\"valueName\":\"search_term_string\"}}],\"inLanguage\":\"gl-ES\"},{\"@type\":\"Organization\",\"@id\":\"https:\\\/\\\/www.anovapeneira.gal\\\/#organization\",\"name\":\"A Nova Peneira\",\"url\":\"https:\\\/\\\/www.anovapeneira.gal\\\/\",\"logo\":{\"@type\":\"ImageObject\",\"inLanguage\":\"gl-ES\",\"@id\":\"https:\\\/\\\/www.anovapeneira.gal\\\/#\\\/schema\\\/logo\\\/image\\\/\",\"url\":\"http:\\\/\\\/www.anovapeneira.gal\\\/wp-content\\\/uploads\\\/2019\\\/06\\\/logo_a_nova_peneira_portal_web.png\",\"contentUrl\":\"http:\\\/\\\/www.anovapeneira.gal\\\/wp-content\\\/uploads\\\/2019\\\/06\\\/logo_a_nova_peneira_portal_web.png\",\"width\":300,\"height\":100,\"caption\":\"A Nova Peneira\"},\"image\":{\"@id\":\"https:\\\/\\\/www.anovapeneira.gal\\\/#\\\/schema\\\/logo\\\/image\\\/\"},\"sameAs\":[\"https:\\\/\\\/www.facebook.com\\\/anovapeneira\",\"https:\\\/\\\/x.com\\\/APeneira\"]},{\"@type\":\"Person\",\"@id\":\"https:\\\/\\\/www.anovapeneira.gal\\\/#\\\/schema\\\/person\\\/424dfe65e3070fd8a44d22d2c088762a\",\"name\":\"Tino Lago\",\"image\":{\"@type\":\"ImageObject\",\"inLanguage\":\"gl-ES\",\"@id\":\"https:\\\/\\\/secure.gravatar.com\\\/avatar\\\/b3df6a06e44bab3111583b90f0f33a0379ee5e3d22cbadd232d39f21c30c62be?s=96&d=mm&r=g\",\"url\":\"https:\\\/\\\/secure.gravatar.com\\\/avatar\\\/b3df6a06e44bab3111583b90f0f33a0379ee5e3d22cbadd232d39f21c30c62be?s=96&d=mm&r=g\",\"contentUrl\":\"https:\\\/\\\/secure.gravatar.com\\\/avatar\\\/b3df6a06e44bab3111583b90f0f33a0379ee5e3d22cbadd232d39f21c30c62be?s=96&d=mm&r=g\",\"caption\":\"Tino Lago\"},\"sameAs\":[\"http:\\\/\\\/www.anovapeneira.gal\"],\"url\":\"https:\\\/\\\/www.anovapeneira.gal\\\/index.php\\\/author\\\/director\\\/\"}]}<\/script>\n<!-- \/ Yoast SEO plugin. -->","yoast_head_json":{"title":"Pepe Represas Alcalde de Ponteareas -","robots":{"index":"index","follow":"follow","max-snippet":"max-snippet:-1","max-image-preview":"max-image-preview:large","max-video-preview":"max-video-preview:-1"},"canonical":"https:\/\/www.anovapeneira.gal\/index.php\/2020\/03\/20\/pepe-represas-alcalde-de-ponteareas\/","og_locale":"gl_ES","og_type":"article","og_title":"Pepe Represas Alcalde de Ponteareas -","og_description":"Os alcaldes e alcaldesas en A Nova Peneira, c\u00f3ntanos a situaci\u00f3n dos seus concellos en relaci\u00f3n co COVID19 e o estado de alarma [...]","og_url":"https:\/\/www.anovapeneira.gal\/index.php\/2020\/03\/20\/pepe-represas-alcalde-de-ponteareas\/","article_publisher":"https:\/\/www.facebook.com\/anovapeneira","article_published_time":"2020-03-20T12:30:41+00:00","og_image":[{"width":720,"height":432,"url":"https:\/\/www.anovapeneira.gal\/wp-content\/uploads\/2020\/03\/pepe_represas_ponteareas_a_nova_peneira.jpg","type":"image\/jpeg"}],"author":"Tino Lago","twitter_card":"summary_large_image","twitter_creator":"@APeneira","twitter_site":"@APeneira","twitter_misc":{"Escrito por":"Tino Lago","Tempo de lectura":"3 minutos"},"schema":{"@context":"https:\/\/schema.org","@graph":[{"@type":"Article","@id":"https:\/\/www.anovapeneira.gal\/index.php\/2020\/03\/20\/pepe-represas-alcalde-de-ponteareas\/#article","isPartOf":{"@id":"https:\/\/www.anovapeneira.gal\/index.php\/2020\/03\/20\/pepe-represas-alcalde-de-ponteareas\/"},"author":{"name":"Tino Lago","@id":"https:\/\/www.anovapeneira.gal\/#\/schema\/person\/424dfe65e3070fd8a44d22d2c088762a"},"headline":"Pepe Represas Alcalde de Ponteareas","datePublished":"2020-03-20T12:30:41+00:00","mainEntityOfPage":{"@id":"https:\/\/www.anovapeneira.gal\/index.php\/2020\/03\/20\/pepe-represas-alcalde-de-ponteareas\/"},"wordCount":663,"commentCount":0,"publisher":{"@id":"https:\/\/www.anovapeneira.gal\/#organization"},"image":{"@id":"https:\/\/www.anovapeneira.gal\/index.php\/2020\/03\/20\/pepe-represas-alcalde-de-ponteareas\/#primaryimage"},"thumbnailUrl":"https:\/\/www.anovapeneira.gal\/wp-content\/uploads\/2020\/03\/pepe_represas_ponteareas_a_nova_peneira.jpg","keywords":["Concello de Ponteareas","COVID19","Pepe Represas"],"articleSection":["Condado"],"inLanguage":"gl-ES","potentialAction":[{"@type":"CommentAction","name":"Comment","target":["https:\/\/www.anovapeneira.gal\/index.php\/2020\/03\/20\/pepe-represas-alcalde-de-ponteareas\/#respond"]}]},{"@type":"WebPage","@id":"https:\/\/www.anovapeneira.gal\/index.php\/2020\/03\/20\/pepe-represas-alcalde-de-ponteareas\/","url":"https:\/\/www.anovapeneira.gal\/index.php\/2020\/03\/20\/pepe-represas-alcalde-de-ponteareas\/","name":"Pepe Represas Alcalde de Ponteareas -","isPartOf":{"@id":"https:\/\/www.anovapeneira.gal\/#website"},"primaryImageOfPage":{"@id":"https:\/\/www.anovapeneira.gal\/index.php\/2020\/03\/20\/pepe-represas-alcalde-de-ponteareas\/#primaryimage"},"image":{"@id":"https:\/\/www.anovapeneira.gal\/index.php\/2020\/03\/20\/pepe-represas-alcalde-de-ponteareas\/#primaryimage"},"thumbnailUrl":"https:\/\/www.anovapeneira.gal\/wp-content\/uploads\/2020\/03\/pepe_represas_ponteareas_a_nova_peneira.jpg","datePublished":"2020-03-20T12:30:41+00:00","breadcrumb":{"@id":"https:\/\/www.anovapeneira.gal\/index.php\/2020\/03\/20\/pepe-represas-alcalde-de-ponteareas\/#breadcrumb"},"inLanguage":"gl-ES","potentialAction":[{"@type":"ReadAction","target":["https:\/\/www.anovapeneira.gal\/index.php\/2020\/03\/20\/pepe-represas-alcalde-de-ponteareas\/"]}]},{"@type":"ImageObject","inLanguage":"gl-ES","@id":"https:\/\/www.anovapeneira.gal\/index.php\/2020\/03\/20\/pepe-represas-alcalde-de-ponteareas\/#primaryimage","url":"https:\/\/www.anovapeneira.gal\/wp-content\/uploads\/2020\/03\/pepe_represas_ponteareas_a_nova_peneira.jpg","contentUrl":"https:\/\/www.anovapeneira.gal\/wp-content\/uploads\/2020\/03\/pepe_represas_ponteareas_a_nova_peneira.jpg","width":720,"height":432,"caption":"Pepe Represas Concello de Ponteareas A Nova Peneira"},{"@type":"BreadcrumbList","@id":"https:\/\/www.anovapeneira.gal\/index.php\/2020\/03\/20\/pepe-represas-alcalde-de-ponteareas\/#breadcrumb","itemListElement":[{"@type":"ListItem","position":1,"name":"Portada","item":"https:\/\/www.anovapeneira.gal\/"},{"@type":"ListItem","position":2,"name":"Pepe Represas Alcalde de Ponteareas"}]},{"@type":"WebSite","@id":"https:\/\/www.anovapeneira.gal\/#website","url":"https:\/\/www.anovapeneira.gal\/","name":"","description":"Xornal galego de informaci\u00f3n xeral Publicaci\u00f3n mensual de novas de Galicia e en especial dos Concellos da sur da provincia de Pontevedra.","publisher":{"@id":"https:\/\/www.anovapeneira.gal\/#organization"},"potentialAction":[{"@type":"SearchAction","target":{"@type":"EntryPoint","urlTemplate":"https:\/\/www.anovapeneira.gal\/?s={search_term_string}"},"query-input":{"@type":"PropertyValueSpecification","valueRequired":true,"valueName":"search_term_string"}}],"inLanguage":"gl-ES"},{"@type":"Organization","@id":"https:\/\/www.anovapeneira.gal\/#organization","name":"A Nova Peneira","url":"https:\/\/www.anovapeneira.gal\/","logo":{"@type":"ImageObject","inLanguage":"gl-ES","@id":"https:\/\/www.anovapeneira.gal\/#\/schema\/logo\/image\/","url":"http:\/\/www.anovapeneira.gal\/wp-content\/uploads\/2019\/06\/logo_a_nova_peneira_portal_web.png","contentUrl":"http:\/\/www.anovapeneira.gal\/wp-content\/uploads\/2019\/06\/logo_a_nova_peneira_portal_web.png","width":300,"height":100,"caption":"A Nova Peneira"},"image":{"@id":"https:\/\/www.anovapeneira.gal\/#\/schema\/logo\/image\/"},"sameAs":["https:\/\/www.facebook.com\/anovapeneira","https:\/\/x.com\/APeneira"]},{"@type":"Person","@id":"https:\/\/www.anovapeneira.gal\/#\/schema\/person\/424dfe65e3070fd8a44d22d2c088762a","name":"Tino Lago","image":{"@type":"ImageObject","inLanguage":"gl-ES","@id":"https:\/\/secure.gravatar.com\/avatar\/b3df6a06e44bab3111583b90f0f33a0379ee5e3d22cbadd232d39f21c30c62be?s=96&d=mm&r=g","url":"https:\/\/secure.gravatar.com\/avatar\/b3df6a06e44bab3111583b90f0f33a0379ee5e3d22cbadd232d39f21c30c62be?s=96&d=mm&r=g","contentUrl":"https:\/\/secure.gravatar.com\/avatar\/b3df6a06e44bab3111583b90f0f33a0379ee5e3d22cbadd232d39f21c30c62be?s=96&d=mm&r=g","caption":"Tino Lago"},"sameAs":["http:\/\/www.anovapeneira.gal"],"url":"https:\/\/www.anovapeneira.gal\/index.php\/author\/director\/"}]}},"jetpack_featured_media_url":"https:\/\/www.anovapeneira.gal\/wp-content\/uploads\/2020\/03\/pepe_represas_ponteareas_a_nova_peneira.jpg","_links":{"self":[{"href":"https:\/\/www.anovapeneira.gal\/index.php\/wp-json\/wp\/v2\/posts\/2793","targetHints":{"allow":["GET"]}}],"collection":[{"href":"https:\/\/www.anovapeneira.gal\/index.php\/wp-json\/wp\/v2\/posts"}],"about":[{"href":"https:\/\/www.anovapeneira.gal\/index.php\/wp-json\/wp\/v2\/types\/post"}],"author":[{"embeddable":true,"href":"https:\/\/www.anovapeneira.gal\/index.php\/wp-json\/wp\/v2\/users\/2"}],"replies":[{"embeddable":true,"href":"https:\/\/www.anovapeneira.gal\/index.php\/wp-json\/wp\/v2\/comments?post=2793"}],"version-history":[{"count":1,"href":"https:\/\/www.anovapeneira.gal\/index.php\/wp-json\/wp\/v2\/posts\/2793\/revisions"}],"predecessor-version":[{"id":2795,"href":"https:\/\/www.anovapeneira.gal\/index.php\/wp-json\/wp\/v2\/posts\/2793\/revisions\/2795"}],"wp:featuredmedia":[{"embeddable":true,"href":"https:\/\/www.anovapeneira.gal\/index.php\/wp-json\/wp\/v2\/media\/2794"}],"wp:attachment":[{"href":"https:\/\/www.anovapeneira.gal\/index.php\/wp-json\/wp\/v2\/media?parent=2793"}],"wp:term":[{"taxonomy":"category","embeddable":true,"href":"https:\/\/www.anovapeneira.gal\/index.php\/wp-json\/wp\/v2\/categories?post=2793"},{"taxonomy":"post_tag","embeddable":true,"href":"https:\/\/www.anovapeneira.gal\/index.php\/wp-json\/wp\/v2\/tags?post=2793"}],"curies":[{"name":"wp","href":"https:\/\/api.w.org\/{rel}","templated":true}]}}