{"id":2804,"date":"2020-03-20T15:30:44","date_gmt":"2020-03-20T14:30:44","guid":{"rendered":"http:\/\/www.anovapeneira.gal\/?p=2804"},"modified":"2020-03-20T09:12:21","modified_gmt":"2020-03-20T08:12:21","slug":"emiliano-lage-alcalde-de-fornelos-de-montes-3","status":"publish","type":"post","link":"https:\/\/www.anovapeneira.gal\/index.php\/2020\/03\/20\/emiliano-lage-alcalde-de-fornelos-de-montes-3\/","title":{"rendered":"Emiliano Lage, Alcalde de Fornelos De Montes"},"content":{"rendered":"\n<h2 class=\"wp-block-heading\"><strong>OS ALCALDES E ALCALDESAS EN A NOVA PENEIRA, C\u00d3NTANOS A SITUACI\u00d3N DOS SEUS CONCELLOS EN RELACI\u00d3N CO COVID19 E O ESTADO DE ALARMA<\/strong><\/h2>\n\n\n\n<p><strong>Nesta situaci\u00f3n de excepcionalidade seguimos, dentro das limitaci\u00f3ns obvias que asumimos de maneira responsable coa sociedade, coa nosa firme intenci\u00f3n de informar de todo o que pasa ao noso car\u00f3n. Falamos con boa parte dos alcaldes e alcaldesas da nosa \u00e1rea de influencia para sabermos como est\u00e1 a situaci\u00f3n nos seus concellos, En breve, procuraremos contactar cos que a\u00ednda non nos foi posible. De momento, moitas grazas a Paco Ferreira, alcalde de Gondomar, Xose Emilio Barros alcalde de Mondariz, Digna Rivas, alcaldesa de Redondela, Pepe Represas, alcalde de Pontearaeas, Xos\u00e9 Rodr\u00edguez, alcalde de As Neves, Emiliano Lage, alcalde de Fornelos, Xose Manuel Pazos, alcalde de Cangas, Leticia Santos, alcaldesa de Moa\u00f1a, Antonio Lomba, alcalde de A Guarda e \u00c1nxela Fern\u00e1ndez, alcaldesa de O Rosal. Tranquilizounos moito, falar con eles, todos e todas amosaron un elevado nivel de firmeza, de compromiso cos seus veci\u00f1os e veci\u00f1as e de esperanza en transmitir a mesma mensaxe; esta \u00e9 unha crise moi dura, dur\u00edsima, pero transitoria, e pasar\u00e1, abof\u00e9 que pasar\u00e1, e canto m\u00e1is responsablemente nos comportemos respectando escrupulosamente as instruci\u00f3ns das autoridades sanitarias, antes rematar\u00e1.<\/strong><\/p>\n\n\n\n<p><strong>Non sabes o que lamento Emiliano, non poder falar contigo no teu precioso concello, pero ben, agardo que pronto poidamos facelo. Como est\u00e1s ti de \u00e1nimos e fisicamente?<\/strong><\/p>\n\n\n\n<blockquote class=\"wp-block-quote is-layout-flow wp-block-quote-is-layout-flow\"><p>Eu estou moi ben, a mi\u00f1a familia tam\u00e9n , e cumprindo con todos os protocolos que esixen as autoridades sanitarias e procurando que toda a veci\u00f1anza de Fornelos faga o mesmo.<\/p><\/blockquote>\n\n\n\n<p><strong>Temos constancia dalg\u00fan caso no Concello?<\/strong><\/p>\n\n\n\n<blockquote class=\"wp-block-quote is-layout-flow wp-block-quote-is-layout-flow\"><p>Non, afortunadamente de momento non, pero son consciente de que non somos inmunes e en calquera momento pode pasar.<\/p><\/blockquote>\n\n\n\n<p><strong>Como est\u00e1 respondendo civicamente a sociedade de Fornelos?<\/strong><\/p>\n\n\n\n<blockquote class=\"wp-block-quote is-layout-flow wp-block-quote-is-layout-flow\"><p>En li\u00f1as xerais bastante ben, s\u00f3 saen para ir a mercar ou \u00e1 farmacia e compren co seu deber cidad\u00e1n, tam\u00e9n comprendo que nun concello como o noso l\u00e9vase bastante mellor pois a grande maior\u00eda de veci\u00f1os te\u00f1en fincas, e claro, as\u00ed \u00e9 m\u00e1is doado ca nun piso.<\/p><\/blockquote>\n\n\n\n<p><strong>Fornelos ten unha importante porcentaxe de poboaci\u00f3n maior, que medios est\u00e1 pondo o concello para axudalos a eles e a quen te\u00f1a menos recursos econ\u00f3micos?<\/strong><\/p>\n\n\n\n<blockquote class=\"wp-block-quote is-layout-flow wp-block-quote-is-layout-flow\"><p>O servizos sociais do concello est\u00e1n funcionando a m\u00e1ximo rendemento, para axudar a todas aquelas persoas que temos constancia que precisan axuda, por outra parte todos os concelleiros de cada parroquia do noso pobo te\u00f1en instruci\u00f3ns de activarse para tratar de co\u00f1ecer se existen persoas en situaci\u00f3n de vulnerabilidade das que n\u00f3s non te\u00f1amos constancia. Onte mesmo leveille a unha muller da Laxe un medicamento que ti\u00f1a pedido na farmacia.<\/p><\/blockquote>\n\n\n\n<p><strong>Ah, ti persoalmente?<\/strong><\/p>\n\n\n\n<blockquote class=\"wp-block-quote is-layout-flow wp-block-quote-is-layout-flow\"><p>Si, claro, fun eu cun empregado municipal, eu estou para servir \u00e1 veci\u00f1anza desde logo.<\/p><\/blockquote>\n\n\n\n<p><strong>O persoal est\u00e1 fisicamente no concello?<\/strong><\/p>\n\n\n\n<blockquote class=\"wp-block-quote is-layout-flow wp-block-quote-is-layout-flow\"><p>Vamos ver, as xesti\u00f3ns atend\u00e9molas v\u00eda telef\u00f3nica ou telem\u00e1tica, ag\u00e1s algo que sexa de extrema urxencia, que o facemos desde a porta, sempre respectando escrupulosamente os protocolos de seguridade.<\/p><\/blockquote>\n\n\n\n<p><strong>En relaci\u00f3n ao material sanitario ou de desinfecci\u00f3n, como estades?<\/strong><\/p>\n\n\n\n<blockquote class=\"wp-block-quote is-layout-flow wp-block-quote-is-layout-flow\"><p>Ese \u00e9 o noso principal problema. Fomos conseguindo algo de desinfectante e mascarillas, pero \u00e9 todo moi escaso.<\/p><\/blockquote>\n\n\n\n<p><strong>Moitas grazas Emiliano, e moita sorte para ti e toda a sociedade de Fornelos.<\/strong><\/p>\n","protected":false},"excerpt":{"rendered":"<div class=\"mh-excerpt\"><p>Os alcaldes e alcaldesas en A Nova Peneira, c\u00f3ntanos a situaci\u00f3n dos seus concellos en relaci\u00f3n co COVID19 e o estado de alarma <a class=\"mh-excerpt-more\" href=\"https:\/\/www.anovapeneira.gal\/index.php\/2020\/03\/20\/emiliano-lage-alcalde-de-fornelos-de-montes-3\/\" title=\"Emiliano Lage, Alcalde de Fornelos De Montes\">[&#8230;]<\/a><\/p>\n<\/div>","protected":false},"author":2,"featured_media":1830,"comment_status":"open","ping_status":"open","sticky":false,"template":"","format":"standard","meta":{"_exactmetrics_skip_tracking":false,"_exactmetrics_sitenote_active":false,"_exactmetrics_sitenote_note":"","_exactmetrics_sitenote_category":0,"footnotes":""},"categories":[24],"tags":[452,1006,14],"class_list":{"0":"post-2804","1":"post","2":"type-post","3":"status-publish","4":"format-standard","5":"has-post-thumbnail","7":"category-redondela","8":"tag-concello-de-fornelos-de-montes","9":"tag-covid19","10":"tag-emiliano-lage"},"yoast_head":"<!-- This site is optimized with the Yoast SEO plugin v27.4 - https:\/\/yoast.com\/product\/yoast-seo-wordpress\/ -->\n<title>Emiliano Lage, Alcalde de Fornelos De Montes -<\/title>\n<meta name=\"robots\" content=\"index, follow, max-snippet:-1, max-image-preview:large, max-video-preview:-1\" \/>\n<link rel=\"canonical\" href=\"https:\/\/www.anovapeneira.gal\/index.php\/2020\/03\/20\/emiliano-lage-alcalde-de-fornelos-de-montes-3\/\" \/>\n<meta property=\"og:locale\" content=\"gl_ES\" \/>\n<meta property=\"og:type\" content=\"article\" \/>\n<meta property=\"og:title\" content=\"Emiliano Lage, Alcalde de Fornelos De Montes -\" \/>\n<meta property=\"og:description\" content=\"Os alcaldes e alcaldesas en A Nova Peneira, c\u00f3ntanos a situaci\u00f3n dos seus concellos en relaci\u00f3n co COVID19 e o estado de alarma [...]\" \/>\n<meta property=\"og:url\" content=\"https:\/\/www.anovapeneira.gal\/index.php\/2020\/03\/20\/emiliano-lage-alcalde-de-fornelos-de-montes-3\/\" \/>\n<meta property=\"article:publisher\" content=\"https:\/\/www.facebook.com\/anovapeneira\" \/>\n<meta property=\"article:published_time\" content=\"2020-03-20T14:30:44+00:00\" \/>\n<meta property=\"og:image\" content=\"https:\/\/www.anovapeneira.gal\/wp-content\/uploads\/2019\/11\/Emiliano_lage_a_nova_peneira.jpg\" \/>\n\t<meta property=\"og:image:width\" content=\"720\" \/>\n\t<meta property=\"og:image:height\" content=\"432\" \/>\n\t<meta property=\"og:image:type\" content=\"image\/jpeg\" \/>\n<meta name=\"author\" content=\"Tino Lago\" \/>\n<meta name=\"twitter:card\" content=\"summary_large_image\" \/>\n<meta name=\"twitter:creator\" content=\"@APeneira\" \/>\n<meta name=\"twitter:site\" content=\"@APeneira\" \/>\n<meta name=\"twitter:label1\" content=\"Escrito por\" \/>\n\t<meta name=\"twitter:data1\" content=\"Tino Lago\" \/>\n\t<meta name=\"twitter:label2\" content=\"Tempo de lectura\" \/>\n\t<meta name=\"twitter:data2\" content=\"3 minutos\" \/>\n<script type=\"application\/ld+json\" class=\"yoast-schema-graph\">{\"@context\":\"https:\\\/\\\/schema.org\",\"@graph\":[{\"@type\":\"Article\",\"@id\":\"https:\\\/\\\/www.anovapeneira.gal\\\/index.php\\\/2020\\\/03\\\/20\\\/emiliano-lage-alcalde-de-fornelos-de-montes-3\\\/#article\",\"isPartOf\":{\"@id\":\"https:\\\/\\\/www.anovapeneira.gal\\\/index.php\\\/2020\\\/03\\\/20\\\/emiliano-lage-alcalde-de-fornelos-de-montes-3\\\/\"},\"author\":{\"name\":\"Tino Lago\",\"@id\":\"https:\\\/\\\/www.anovapeneira.gal\\\/#\\\/schema\\\/person\\\/424dfe65e3070fd8a44d22d2c088762a\"},\"headline\":\"Emiliano Lage, Alcalde de Fornelos De Montes\",\"datePublished\":\"2020-03-20T14:30:44+00:00\",\"mainEntityOfPage\":{\"@id\":\"https:\\\/\\\/www.anovapeneira.gal\\\/index.php\\\/2020\\\/03\\\/20\\\/emiliano-lage-alcalde-de-fornelos-de-montes-3\\\/\"},\"wordCount\":586,\"commentCount\":0,\"publisher\":{\"@id\":\"https:\\\/\\\/www.anovapeneira.gal\\\/#organization\"},\"image\":{\"@id\":\"https:\\\/\\\/www.anovapeneira.gal\\\/index.php\\\/2020\\\/03\\\/20\\\/emiliano-lage-alcalde-de-fornelos-de-montes-3\\\/#primaryimage\"},\"thumbnailUrl\":\"https:\\\/\\\/www.anovapeneira.gal\\\/wp-content\\\/uploads\\\/2019\\\/11\\\/Emiliano_lage_a_nova_peneira.jpg\",\"keywords\":[\"Concello de Fornelos de Montes\",\"COVID19\",\"Emiliano Lage\"],\"articleSection\":[\"Redondela\"],\"inLanguage\":\"gl-ES\",\"potentialAction\":[{\"@type\":\"CommentAction\",\"name\":\"Comment\",\"target\":[\"https:\\\/\\\/www.anovapeneira.gal\\\/index.php\\\/2020\\\/03\\\/20\\\/emiliano-lage-alcalde-de-fornelos-de-montes-3\\\/#respond\"]}]},{\"@type\":\"WebPage\",\"@id\":\"https:\\\/\\\/www.anovapeneira.gal\\\/index.php\\\/2020\\\/03\\\/20\\\/emiliano-lage-alcalde-de-fornelos-de-montes-3\\\/\",\"url\":\"https:\\\/\\\/www.anovapeneira.gal\\\/index.php\\\/2020\\\/03\\\/20\\\/emiliano-lage-alcalde-de-fornelos-de-montes-3\\\/\",\"name\":\"Emiliano Lage, Alcalde de Fornelos De Montes -\",\"isPartOf\":{\"@id\":\"https:\\\/\\\/www.anovapeneira.gal\\\/#website\"},\"primaryImageOfPage\":{\"@id\":\"https:\\\/\\\/www.anovapeneira.gal\\\/index.php\\\/2020\\\/03\\\/20\\\/emiliano-lage-alcalde-de-fornelos-de-montes-3\\\/#primaryimage\"},\"image\":{\"@id\":\"https:\\\/\\\/www.anovapeneira.gal\\\/index.php\\\/2020\\\/03\\\/20\\\/emiliano-lage-alcalde-de-fornelos-de-montes-3\\\/#primaryimage\"},\"thumbnailUrl\":\"https:\\\/\\\/www.anovapeneira.gal\\\/wp-content\\\/uploads\\\/2019\\\/11\\\/Emiliano_lage_a_nova_peneira.jpg\",\"datePublished\":\"2020-03-20T14:30:44+00:00\",\"breadcrumb\":{\"@id\":\"https:\\\/\\\/www.anovapeneira.gal\\\/index.php\\\/2020\\\/03\\\/20\\\/emiliano-lage-alcalde-de-fornelos-de-montes-3\\\/#breadcrumb\"},\"inLanguage\":\"gl-ES\",\"potentialAction\":[{\"@type\":\"ReadAction\",\"target\":[\"https:\\\/\\\/www.anovapeneira.gal\\\/index.php\\\/2020\\\/03\\\/20\\\/emiliano-lage-alcalde-de-fornelos-de-montes-3\\\/\"]}]},{\"@type\":\"ImageObject\",\"inLanguage\":\"gl-ES\",\"@id\":\"https:\\\/\\\/www.anovapeneira.gal\\\/index.php\\\/2020\\\/03\\\/20\\\/emiliano-lage-alcalde-de-fornelos-de-montes-3\\\/#primaryimage\",\"url\":\"https:\\\/\\\/www.anovapeneira.gal\\\/wp-content\\\/uploads\\\/2019\\\/11\\\/Emiliano_lage_a_nova_peneira.jpg\",\"contentUrl\":\"https:\\\/\\\/www.anovapeneira.gal\\\/wp-content\\\/uploads\\\/2019\\\/11\\\/Emiliano_lage_a_nova_peneira.jpg\",\"width\":720,\"height\":432,\"caption\":\"Emiliano Lage A Nova Peneira Concello de Fornelos de montes\"},{\"@type\":\"BreadcrumbList\",\"@id\":\"https:\\\/\\\/www.anovapeneira.gal\\\/index.php\\\/2020\\\/03\\\/20\\\/emiliano-lage-alcalde-de-fornelos-de-montes-3\\\/#breadcrumb\",\"itemListElement\":[{\"@type\":\"ListItem\",\"position\":1,\"name\":\"Portada\",\"item\":\"https:\\\/\\\/www.anovapeneira.gal\\\/\"},{\"@type\":\"ListItem\",\"position\":2,\"name\":\"Emiliano Lage, Alcalde de Fornelos De Montes\"}]},{\"@type\":\"WebSite\",\"@id\":\"https:\\\/\\\/www.anovapeneira.gal\\\/#website\",\"url\":\"https:\\\/\\\/www.anovapeneira.gal\\\/\",\"name\":\"\",\"description\":\"Xornal galego de informaci\u00f3n xeral Publicaci\u00f3n mensual de novas de Galicia e en especial dos Concellos da sur da provincia de Pontevedra.\",\"publisher\":{\"@id\":\"https:\\\/\\\/www.anovapeneira.gal\\\/#organization\"},\"potentialAction\":[{\"@type\":\"SearchAction\",\"target\":{\"@type\":\"EntryPoint\",\"urlTemplate\":\"https:\\\/\\\/www.anovapeneira.gal\\\/?s={search_term_string}\"},\"query-input\":{\"@type\":\"PropertyValueSpecification\",\"valueRequired\":true,\"valueName\":\"search_term_string\"}}],\"inLanguage\":\"gl-ES\"},{\"@type\":\"Organization\",\"@id\":\"https:\\\/\\\/www.anovapeneira.gal\\\/#organization\",\"name\":\"A Nova Peneira\",\"url\":\"https:\\\/\\\/www.anovapeneira.gal\\\/\",\"logo\":{\"@type\":\"ImageObject\",\"inLanguage\":\"gl-ES\",\"@id\":\"https:\\\/\\\/www.anovapeneira.gal\\\/#\\\/schema\\\/logo\\\/image\\\/\",\"url\":\"http:\\\/\\\/www.anovapeneira.gal\\\/wp-content\\\/uploads\\\/2019\\\/06\\\/logo_a_nova_peneira_portal_web.png\",\"contentUrl\":\"http:\\\/\\\/www.anovapeneira.gal\\\/wp-content\\\/uploads\\\/2019\\\/06\\\/logo_a_nova_peneira_portal_web.png\",\"width\":300,\"height\":100,\"caption\":\"A Nova Peneira\"},\"image\":{\"@id\":\"https:\\\/\\\/www.anovapeneira.gal\\\/#\\\/schema\\\/logo\\\/image\\\/\"},\"sameAs\":[\"https:\\\/\\\/www.facebook.com\\\/anovapeneira\",\"https:\\\/\\\/x.com\\\/APeneira\"]},{\"@type\":\"Person\",\"@id\":\"https:\\\/\\\/www.anovapeneira.gal\\\/#\\\/schema\\\/person\\\/424dfe65e3070fd8a44d22d2c088762a\",\"name\":\"Tino Lago\",\"image\":{\"@type\":\"ImageObject\",\"inLanguage\":\"gl-ES\",\"@id\":\"https:\\\/\\\/secure.gravatar.com\\\/avatar\\\/b3df6a06e44bab3111583b90f0f33a0379ee5e3d22cbadd232d39f21c30c62be?s=96&d=mm&r=g\",\"url\":\"https:\\\/\\\/secure.gravatar.com\\\/avatar\\\/b3df6a06e44bab3111583b90f0f33a0379ee5e3d22cbadd232d39f21c30c62be?s=96&d=mm&r=g\",\"contentUrl\":\"https:\\\/\\\/secure.gravatar.com\\\/avatar\\\/b3df6a06e44bab3111583b90f0f33a0379ee5e3d22cbadd232d39f21c30c62be?s=96&d=mm&r=g\",\"caption\":\"Tino Lago\"},\"sameAs\":[\"http:\\\/\\\/www.anovapeneira.gal\"],\"url\":\"https:\\\/\\\/www.anovapeneira.gal\\\/index.php\\\/author\\\/director\\\/\"}]}<\/script>\n<!-- \/ Yoast SEO plugin. -->","yoast_head_json":{"title":"Emiliano Lage, Alcalde de Fornelos De Montes -","robots":{"index":"index","follow":"follow","max-snippet":"max-snippet:-1","max-image-preview":"max-image-preview:large","max-video-preview":"max-video-preview:-1"},"canonical":"https:\/\/www.anovapeneira.gal\/index.php\/2020\/03\/20\/emiliano-lage-alcalde-de-fornelos-de-montes-3\/","og_locale":"gl_ES","og_type":"article","og_title":"Emiliano Lage, Alcalde de Fornelos De Montes -","og_description":"Os alcaldes e alcaldesas en A Nova Peneira, c\u00f3ntanos a situaci\u00f3n dos seus concellos en relaci\u00f3n co COVID19 e o estado de alarma [...]","og_url":"https:\/\/www.anovapeneira.gal\/index.php\/2020\/03\/20\/emiliano-lage-alcalde-de-fornelos-de-montes-3\/","article_publisher":"https:\/\/www.facebook.com\/anovapeneira","article_published_time":"2020-03-20T14:30:44+00:00","og_image":[{"width":720,"height":432,"url":"https:\/\/www.anovapeneira.gal\/wp-content\/uploads\/2019\/11\/Emiliano_lage_a_nova_peneira.jpg","type":"image\/jpeg"}],"author":"Tino Lago","twitter_card":"summary_large_image","twitter_creator":"@APeneira","twitter_site":"@APeneira","twitter_misc":{"Escrito por":"Tino Lago","Tempo de lectura":"3 minutos"},"schema":{"@context":"https:\/\/schema.org","@graph":[{"@type":"Article","@id":"https:\/\/www.anovapeneira.gal\/index.php\/2020\/03\/20\/emiliano-lage-alcalde-de-fornelos-de-montes-3\/#article","isPartOf":{"@id":"https:\/\/www.anovapeneira.gal\/index.php\/2020\/03\/20\/emiliano-lage-alcalde-de-fornelos-de-montes-3\/"},"author":{"name":"Tino Lago","@id":"https:\/\/www.anovapeneira.gal\/#\/schema\/person\/424dfe65e3070fd8a44d22d2c088762a"},"headline":"Emiliano Lage, Alcalde de Fornelos De Montes","datePublished":"2020-03-20T14:30:44+00:00","mainEntityOfPage":{"@id":"https:\/\/www.anovapeneira.gal\/index.php\/2020\/03\/20\/emiliano-lage-alcalde-de-fornelos-de-montes-3\/"},"wordCount":586,"commentCount":0,"publisher":{"@id":"https:\/\/www.anovapeneira.gal\/#organization"},"image":{"@id":"https:\/\/www.anovapeneira.gal\/index.php\/2020\/03\/20\/emiliano-lage-alcalde-de-fornelos-de-montes-3\/#primaryimage"},"thumbnailUrl":"https:\/\/www.anovapeneira.gal\/wp-content\/uploads\/2019\/11\/Emiliano_lage_a_nova_peneira.jpg","keywords":["Concello de Fornelos de Montes","COVID19","Emiliano Lage"],"articleSection":["Redondela"],"inLanguage":"gl-ES","potentialAction":[{"@type":"CommentAction","name":"Comment","target":["https:\/\/www.anovapeneira.gal\/index.php\/2020\/03\/20\/emiliano-lage-alcalde-de-fornelos-de-montes-3\/#respond"]}]},{"@type":"WebPage","@id":"https:\/\/www.anovapeneira.gal\/index.php\/2020\/03\/20\/emiliano-lage-alcalde-de-fornelos-de-montes-3\/","url":"https:\/\/www.anovapeneira.gal\/index.php\/2020\/03\/20\/emiliano-lage-alcalde-de-fornelos-de-montes-3\/","name":"Emiliano Lage, Alcalde de Fornelos De Montes -","isPartOf":{"@id":"https:\/\/www.anovapeneira.gal\/#website"},"primaryImageOfPage":{"@id":"https:\/\/www.anovapeneira.gal\/index.php\/2020\/03\/20\/emiliano-lage-alcalde-de-fornelos-de-montes-3\/#primaryimage"},"image":{"@id":"https:\/\/www.anovapeneira.gal\/index.php\/2020\/03\/20\/emiliano-lage-alcalde-de-fornelos-de-montes-3\/#primaryimage"},"thumbnailUrl":"https:\/\/www.anovapeneira.gal\/wp-content\/uploads\/2019\/11\/Emiliano_lage_a_nova_peneira.jpg","datePublished":"2020-03-20T14:30:44+00:00","breadcrumb":{"@id":"https:\/\/www.anovapeneira.gal\/index.php\/2020\/03\/20\/emiliano-lage-alcalde-de-fornelos-de-montes-3\/#breadcrumb"},"inLanguage":"gl-ES","potentialAction":[{"@type":"ReadAction","target":["https:\/\/www.anovapeneira.gal\/index.php\/2020\/03\/20\/emiliano-lage-alcalde-de-fornelos-de-montes-3\/"]}]},{"@type":"ImageObject","inLanguage":"gl-ES","@id":"https:\/\/www.anovapeneira.gal\/index.php\/2020\/03\/20\/emiliano-lage-alcalde-de-fornelos-de-montes-3\/#primaryimage","url":"https:\/\/www.anovapeneira.gal\/wp-content\/uploads\/2019\/11\/Emiliano_lage_a_nova_peneira.jpg","contentUrl":"https:\/\/www.anovapeneira.gal\/wp-content\/uploads\/2019\/11\/Emiliano_lage_a_nova_peneira.jpg","width":720,"height":432,"caption":"Emiliano Lage A Nova Peneira Concello de Fornelos de montes"},{"@type":"BreadcrumbList","@id":"https:\/\/www.anovapeneira.gal\/index.php\/2020\/03\/20\/emiliano-lage-alcalde-de-fornelos-de-montes-3\/#breadcrumb","itemListElement":[{"@type":"ListItem","position":1,"name":"Portada","item":"https:\/\/www.anovapeneira.gal\/"},{"@type":"ListItem","position":2,"name":"Emiliano Lage, Alcalde de Fornelos De Montes"}]},{"@type":"WebSite","@id":"https:\/\/www.anovapeneira.gal\/#website","url":"https:\/\/www.anovapeneira.gal\/","name":"","description":"Xornal galego de informaci\u00f3n xeral Publicaci\u00f3n mensual de novas de Galicia e en especial dos Concellos da sur da provincia de Pontevedra.","publisher":{"@id":"https:\/\/www.anovapeneira.gal\/#organization"},"potentialAction":[{"@type":"SearchAction","target":{"@type":"EntryPoint","urlTemplate":"https:\/\/www.anovapeneira.gal\/?s={search_term_string}"},"query-input":{"@type":"PropertyValueSpecification","valueRequired":true,"valueName":"search_term_string"}}],"inLanguage":"gl-ES"},{"@type":"Organization","@id":"https:\/\/www.anovapeneira.gal\/#organization","name":"A Nova Peneira","url":"https:\/\/www.anovapeneira.gal\/","logo":{"@type":"ImageObject","inLanguage":"gl-ES","@id":"https:\/\/www.anovapeneira.gal\/#\/schema\/logo\/image\/","url":"http:\/\/www.anovapeneira.gal\/wp-content\/uploads\/2019\/06\/logo_a_nova_peneira_portal_web.png","contentUrl":"http:\/\/www.anovapeneira.gal\/wp-content\/uploads\/2019\/06\/logo_a_nova_peneira_portal_web.png","width":300,"height":100,"caption":"A Nova Peneira"},"image":{"@id":"https:\/\/www.anovapeneira.gal\/#\/schema\/logo\/image\/"},"sameAs":["https:\/\/www.facebook.com\/anovapeneira","https:\/\/x.com\/APeneira"]},{"@type":"Person","@id":"https:\/\/www.anovapeneira.gal\/#\/schema\/person\/424dfe65e3070fd8a44d22d2c088762a","name":"Tino Lago","image":{"@type":"ImageObject","inLanguage":"gl-ES","@id":"https:\/\/secure.gravatar.com\/avatar\/b3df6a06e44bab3111583b90f0f33a0379ee5e3d22cbadd232d39f21c30c62be?s=96&d=mm&r=g","url":"https:\/\/secure.gravatar.com\/avatar\/b3df6a06e44bab3111583b90f0f33a0379ee5e3d22cbadd232d39f21c30c62be?s=96&d=mm&r=g","contentUrl":"https:\/\/secure.gravatar.com\/avatar\/b3df6a06e44bab3111583b90f0f33a0379ee5e3d22cbadd232d39f21c30c62be?s=96&d=mm&r=g","caption":"Tino Lago"},"sameAs":["http:\/\/www.anovapeneira.gal"],"url":"https:\/\/www.anovapeneira.gal\/index.php\/author\/director\/"}]}},"jetpack_featured_media_url":"https:\/\/www.anovapeneira.gal\/wp-content\/uploads\/2019\/11\/Emiliano_lage_a_nova_peneira.jpg","_links":{"self":[{"href":"https:\/\/www.anovapeneira.gal\/index.php\/wp-json\/wp\/v2\/posts\/2804","targetHints":{"allow":["GET"]}}],"collection":[{"href":"https:\/\/www.anovapeneira.gal\/index.php\/wp-json\/wp\/v2\/posts"}],"about":[{"href":"https:\/\/www.anovapeneira.gal\/index.php\/wp-json\/wp\/v2\/types\/post"}],"author":[{"embeddable":true,"href":"https:\/\/www.anovapeneira.gal\/index.php\/wp-json\/wp\/v2\/users\/2"}],"replies":[{"embeddable":true,"href":"https:\/\/www.anovapeneira.gal\/index.php\/wp-json\/wp\/v2\/comments?post=2804"}],"version-history":[{"count":1,"href":"https:\/\/www.anovapeneira.gal\/index.php\/wp-json\/wp\/v2\/posts\/2804\/revisions"}],"predecessor-version":[{"id":2805,"href":"https:\/\/www.anovapeneira.gal\/index.php\/wp-json\/wp\/v2\/posts\/2804\/revisions\/2805"}],"wp:featuredmedia":[{"embeddable":true,"href":"https:\/\/www.anovapeneira.gal\/index.php\/wp-json\/wp\/v2\/media\/1830"}],"wp:attachment":[{"href":"https:\/\/www.anovapeneira.gal\/index.php\/wp-json\/wp\/v2\/media?parent=2804"}],"wp:term":[{"taxonomy":"category","embeddable":true,"href":"https:\/\/www.anovapeneira.gal\/index.php\/wp-json\/wp\/v2\/categories?post=2804"},{"taxonomy":"post_tag","embeddable":true,"href":"https:\/\/www.anovapeneira.gal\/index.php\/wp-json\/wp\/v2\/tags?post=2804"}],"curies":[{"name":"wp","href":"https:\/\/api.w.org\/{rel}","templated":true}]}}