{"id":2810,"date":"2020-03-23T10:00:30","date_gmt":"2020-03-23T09:00:30","guid":{"rendered":"http:\/\/www.anovapeneira.gal\/?p=2810"},"modified":"2020-03-23T07:21:04","modified_gmt":"2020-03-23T06:21:04","slug":"eva-solla-coordinadora-nacional-de-esquerda-unida-2","status":"publish","type":"post","link":"https:\/\/www.anovapeneira.gal\/index.php\/2020\/03\/23\/eva-solla-coordinadora-nacional-de-esquerda-unida-2\/","title":{"rendered":"Eva Solla Coordinadora Nacional De Esquerda Unida"},"content":{"rendered":"\n<h2 class=\"wp-block-heading\"><strong>Sempre \u00e9 un pracer para min conversar con Eva, ela \u00e9 unha muller l\u00facida, intelixente e cordial coa que \u00e9 moi doado sentirse c\u00f3modo al\u00e9n de que sempre ten algo interesante que dicir. Lamentablemente, malia que estabamos emprazados a vernos en persoa, polas circunstancias que estamos a vivir non nos quedou m\u00e1is remedio que conversar por tel\u00e9fono. Agardo que pronto poidamos volver a ter a oportunidade de falar sentados nunha mesa.<\/strong><\/h2>\n\n\n\n<p><strong>TODA A MILITANCIA DE ESQUERDA UNIDA ESTAMOS AO DISP\u00d3R DA SOCIEDADE GALEGA PARA COLABORAR EN TODO AQUELO NO QUE POIDAMOS SER DE UTILIDADE\u201d<\/strong><\/p>\n\n\n\n<p><strong>Eva, ti e eu xa temos falado unhas cantas veces e dame a sensaci\u00f3n de que , coma min, es unha persoa bastante activa, a min c\u00f3stame bastante o estar pechado na casa, l\u00e9voo razoablemente ben , pero c\u00f3stame, e ti como o levas?<\/strong><\/p>\n\n\n\n<blockquote class=\"wp-block-quote is-layout-flow wp-block-quote-is-layout-flow\"><p>Ben, pois traballando na casa, non queda outra<\/p><\/blockquote>\n\n\n\n<p><strong>No momento de facermos esta entrevista acabamos de co\u00f1ecer que as elecci\u00f3ns galegas previstas para o 5 de abril foron aprazadas<\/strong><\/p>\n\n\n\n<blockquote class=\"wp-block-quote is-layout-flow wp-block-quote-is-layout-flow\"><p>Formalmente a\u00ednda non, pero todos os partidos tomamos o acordo de facelo as\u00ed. Agora haber\u00e1 que ver cal \u00e9 o procedemento legal para formalizalo, e cal o necesario para que cando sexa posible, retomalas.<\/p><\/blockquote>\n\n\n\n<p><strong>Al\u00e9n de que circunstancialmente te dediques \u00e1 pol\u00edtica a t\u00faa profesi\u00f3n est\u00e1 no sector da sanidade, polo tanto es unha persoa adecuada para valorar como consideras que poden evolucionar, desde unha \u00f3ptica cient\u00edfica , os acontecementos?<\/strong><\/p>\n\n\n\n<blockquote class=\"wp-block-quote is-layout-flow wp-block-quote-is-layout-flow\"><p>\u00c9 dif\u00edcil facer conxeturas, os epidemi\u00f3logos preveen que no caso de Galicia o pico m\u00e1is elevado de contaxios chegar\u00e1 a principios de abril, pois malia que presenta algunhas diferencias o seu comportamento parece semellante a outros virus de tipo respiratorio, pero en calquera caso haber\u00e1 que estar atentos \u00e1 s\u00faa evoluci\u00f3n porque o n\u00famero de contaxios \u00e9 moi superior a os de outros virus.<\/p><\/blockquote>\n\n\n\n<p><strong>Segundo a t\u00faa opini\u00f3n profesional, o confinamento da poboaci\u00f3n \u00e9 necesario?<\/strong><\/p>\n\n\n\n<blockquote class=\"wp-block-quote is-layout-flow wp-block-quote-is-layout-flow\"><p>Si, \u00e9 necesario, o motivo non \u00e9 tanto a gravidade da enfermidade en si, pois o seu \u00edndice de mortalidade \u00e9 algo superior ao da gripe pero tampouco moi elevado sen\u00f3n pola inmensa facilidade de propagaci\u00f3n que ten ,e o obxectivo do estado de alarma \u00e9 dupla, por unha parte evitar que haxa un n\u00famero de contaxios inasumible para o sistema sanitario e que o poida levar ao seu colapso, e por outro , na medida do posible, tratar de evitar a estacionalidade<\/p><\/blockquote>\n\n\n\n<p><strong>Estarmos varias semanas encerrados na casa, pode ter, seguro que vai ter, un forte impacto psicol\u00f3xico en segmentos importantes da poboaci\u00f3n e con certeza absoluta vai ser un golpe econ\u00f3mico brutal para case todos, especialmente para os m\u00e1is d\u00e9biles. Podes darnos alg\u00fan consello para levalo o mellor posible?, e cal \u00e9 a t\u00faa valoraci\u00f3n no que respecta \u00e1s medidas econ\u00f3micas que se deberan tomar(esta entrevista realizouse o d\u00eda anterior ao anuncio do paquete de medidas econ\u00f3micas por parte do goberno) para que os danos sexan os menos posibles?<\/strong><\/p>\n\n\n\n<blockquote class=\"wp-block-quote is-layout-flow wp-block-quote-is-layout-flow\"><p>No que respecta ao aspecto psicol\u00f3xico \u00e9 obvio que o cese de actividade social \u00e9 un elemento psicoloxicamente impactante, especialmente duro para quen viva en soidade. Non \u00e9 doado atopar unha f\u00f3rmula que nos permita levalo sen experimentar, nalg\u00fan momento, alg\u00fan tipo de sufrimento, pero eu creo que para levalo o mellor posible \u00e9 moi importante tratar de establecer comportamentos de rutina. Facer exercicio a unha hora determinada, estudar, ler, tratar de informarse de realidades diferentes \u00e1 que parece ser a \u00fanica realidade, tratar de manter o contacto co mundo exterior coas persoas que queremos de maneira virtual, transmitirlles que estamos al\u00ed e que non desaparecemos. \u00c9 moi dif\u00edcil seino, pero ao meu xu\u00edzo a chave para que o sufrimento sexa o menor posible, est\u00e1 en organizar unha rutina de actividades e dar o mellor de n\u00f3s, o noso afecto e a nosa solidariedade aos nosos achegados e achegadas. No que respecta ao tema econ\u00f3mico \u00e9 un desaf\u00edo de proporci\u00f3ns colosais, xa a situaci\u00f3n econ\u00f3mica da que partiamos non era desexable e agardo que as medidas econ\u00f3micas aprobadas polo goberno do estado poidan minimizar o impacto o m\u00e1ximo posible.<\/p><\/blockquote>\n\n\n\n<p><strong>Nesta situaci\u00f3n tan grave a exixencia de deixar a un lado as diferencias pol\u00edticas e traballar todos e todas na mesma direcci\u00f3n debera ser case dogma de fe, consideras que a oposici\u00f3n do PP est\u00e1 a altura dun desaf\u00edo deste calibre?<\/strong><\/p>\n\n\n\n<blockquote class=\"wp-block-quote is-layout-flow wp-block-quote-is-layout-flow\"><p>Eu creo que a posici\u00f3n do PP, en absoluto \u00e9 unha posici\u00f3n de estado, por m\u00e1is que apelen ao seu suposto sentido de estado os feitos amosan o contrario e u creo que o PP , e especialmente Pablo Casado est\u00e1n sendo moi desacertados<\/p><\/blockquote>\n\n\n\n<p><strong>Ben, como isto o imos superar, e alg\u00fan d\u00eda, agardo que o antes posible, volveremos \u00e1s nosas vidas normais, vou facer caso do teu consello anterior e preguntarche por unha realidade diferente, as elecci\u00f3ns galegas, prev\u00e9s cando poden volver ser convocadas?&nbsp;<\/strong><\/p>\n\n\n\n<blockquote class=\"wp-block-quote is-layout-flow wp-block-quote-is-layout-flow\"><p>Non \u00e9 posible poder contestar a iso de momento. Ata que non se resolva a situaci\u00f3n epidemiol\u00f3xica non se pode pensar en procurar unha nova data.<\/p><\/blockquote>\n\n\n\n<p><strong>Ti, est\u00e1s contenta de como foron as negociaci\u00f3ns e do resultado da conformaci\u00f3n das candidaturas de Galicia en Com\u00fan?<\/strong><\/p>\n\n\n\n<blockquote class=\"wp-block-quote is-layout-flow wp-block-quote-is-layout-flow\"><p>\u00c9 certo que o adianto electoral deixou menos marxe, e \u00e9 certo que nos ter\u00eda gustado ter disposto de algo m\u00e1is de tempo nesa negociaci\u00f3n ,pero estou razoablemente satisfeita do resultado da conformaci\u00f3n das nosas listas.<\/p><\/blockquote>\n\n\n\n<p><strong>Pois f\u00edxate, eu creo que das tres forzas que compondes Galicia en Com\u00fan, vos sodes os que tendes un corpo real, non virtual, de militantes m\u00e1is numeroso, m\u00e1is pol\u00edtico, e os que sen d\u00fabida van soportar en maior medida o peso da campa\u00f1a electoral, e ao meu xu\u00edzo esquerda unida quitou moi pouco, a n\u00famero un por Pontevedra e a n\u00famero 2 por Lugo, par\u00e9ceme moi escaso resultado en funci\u00f3n da vosa dimensi\u00f3n?<\/strong><\/p>\n\n\n\n<blockquote class=\"wp-block-quote is-layout-flow wp-block-quote-is-layout-flow\"><p>Ben, as negociaci\u00f3ns son sempre complexas, o que para n\u00f3s era unha prioridade era establecer unha coalici\u00f3n na que estiveramos as tres forzas pol\u00edticas que vi\u00f1emos traballando c\u00f3bado con c\u00f3bado os \u00faltimos anos Anova, Esquerda Unida e Podemos. Neste momento en que existe a posibilidade real de que Feijjo perda o poder o prioritario era m\u00e1is lograr un acordo amplo, que os postos que se levase cada forza pol\u00edtica.<\/p><\/blockquote>\n\n\n\n<p><strong>Moitas grazas Eva, por atenderme tan amablemente como sempre, unha pregunta para rematar; neste contexto tan dif\u00edcil \u00e9 posible seguir facendo pol\u00edtica, malia que sexa baixo m\u00ednimos, fora da realidade do coronavirus? Como o leva a militancia de Esquerda Unida?<\/strong><\/p>\n\n\n\n<blockquote class=\"wp-block-quote is-layout-flow wp-block-quote-is-layout-flow\"><p>A militancia nosa, \u00e9 marabillosa, e est\u00e1 a dispor do que decida a organizaci\u00f3n. A situaci\u00f3n non \u00e9 nada doada, as nosas xuntanzas son por v\u00eda on line, e n\u00f3s estamos para servir \u00e1 sociedade procurando na medida do posible ser de utilidade na resoluci\u00f3n de problemas.<\/p><\/blockquote>\n","protected":false},"excerpt":{"rendered":"<div class=\"mh-excerpt\"><p>Sempre \u00e9 un pracer para min conversar con Eva, ela \u00e9 unha muller l\u00facida, intelixente e cordial  <a class=\"mh-excerpt-more\" href=\"https:\/\/www.anovapeneira.gal\/index.php\/2020\/03\/23\/eva-solla-coordinadora-nacional-de-esquerda-unida-2\/\" title=\"Eva Solla Coordinadora Nacional De Esquerda Unida\">[&#8230;]<\/a><\/p>\n<\/div>","protected":false},"author":3,"featured_media":525,"comment_status":"open","ping_status":"open","sticky":false,"template":"","format":"standard","meta":{"_exactmetrics_skip_tracking":false,"_exactmetrics_sitenote_active":false,"_exactmetrics_sitenote_note":"","_exactmetrics_sitenote_category":0,"footnotes":""},"categories":[264],"tags":[203,204],"class_list":{"0":"post-2810","1":"post","2":"type-post","3":"status-publish","4":"format-standard","5":"has-post-thumbnail","7":"category-entrevistas-galicia","8":"tag-esquerda-unida","9":"tag-eva-solla"},"yoast_head":"<!-- This site is optimized with the Yoast SEO plugin v27.4 - https:\/\/yoast.com\/product\/yoast-seo-wordpress\/ -->\n<title>Eva Solla Coordinadora Nacional De Esquerda Unida -<\/title>\n<meta name=\"robots\" content=\"index, follow, max-snippet:-1, max-image-preview:large, max-video-preview:-1\" \/>\n<link rel=\"canonical\" href=\"https:\/\/www.anovapeneira.gal\/index.php\/2020\/03\/23\/eva-solla-coordinadora-nacional-de-esquerda-unida-2\/\" \/>\n<meta property=\"og:locale\" content=\"gl_ES\" \/>\n<meta property=\"og:type\" content=\"article\" \/>\n<meta property=\"og:title\" content=\"Eva Solla Coordinadora Nacional De Esquerda Unida -\" \/>\n<meta property=\"og:description\" content=\"Sempre \u00e9 un pracer para min conversar con Eva, ela \u00e9 unha muller l\u00facida, intelixente e cordial [...]\" \/>\n<meta property=\"og:url\" content=\"https:\/\/www.anovapeneira.gal\/index.php\/2020\/03\/23\/eva-solla-coordinadora-nacional-de-esquerda-unida-2\/\" \/>\n<meta property=\"article:publisher\" content=\"https:\/\/www.facebook.com\/anovapeneira\" \/>\n<meta property=\"article:published_time\" content=\"2020-03-23T09:00:30+00:00\" \/>\n<meta property=\"og:image\" content=\"https:\/\/www.anovapeneira.gal\/wp-content\/uploads\/2019\/07\/eva_solla_a_nova_peneira.jpg\" \/>\n\t<meta property=\"og:image:width\" content=\"720\" \/>\n\t<meta property=\"og:image:height\" content=\"473\" \/>\n\t<meta property=\"og:image:type\" content=\"image\/jpeg\" \/>\n<meta name=\"author\" content=\"Redacci\u00f3n A Nova Peneira\" \/>\n<meta name=\"twitter:card\" content=\"summary_large_image\" \/>\n<meta name=\"twitter:creator\" content=\"@APeneira\" \/>\n<meta name=\"twitter:site\" content=\"@APeneira\" \/>\n<meta name=\"twitter:label1\" content=\"Escrito por\" \/>\n\t<meta name=\"twitter:data1\" content=\"Redacci\u00f3n A Nova Peneira\" \/>\n\t<meta name=\"twitter:label2\" content=\"Tempo de lectura\" \/>\n\t<meta name=\"twitter:data2\" content=\"6 minutos\" \/>\n<script type=\"application\/ld+json\" class=\"yoast-schema-graph\">{\"@context\":\"https:\\\/\\\/schema.org\",\"@graph\":[{\"@type\":\"Article\",\"@id\":\"https:\\\/\\\/www.anovapeneira.gal\\\/index.php\\\/2020\\\/03\\\/23\\\/eva-solla-coordinadora-nacional-de-esquerda-unida-2\\\/#article\",\"isPartOf\":{\"@id\":\"https:\\\/\\\/www.anovapeneira.gal\\\/index.php\\\/2020\\\/03\\\/23\\\/eva-solla-coordinadora-nacional-de-esquerda-unida-2\\\/\"},\"author\":{\"name\":\"Redacci\u00f3n A Nova Peneira\",\"@id\":\"https:\\\/\\\/www.anovapeneira.gal\\\/#\\\/schema\\\/person\\\/b93e3f8932e3f8da96334607eb6ac6aa\"},\"headline\":\"Eva Solla Coordinadora Nacional De Esquerda Unida\",\"datePublished\":\"2020-03-23T09:00:30+00:00\",\"mainEntityOfPage\":{\"@id\":\"https:\\\/\\\/www.anovapeneira.gal\\\/index.php\\\/2020\\\/03\\\/23\\\/eva-solla-coordinadora-nacional-de-esquerda-unida-2\\\/\"},\"wordCount\":1189,\"commentCount\":0,\"publisher\":{\"@id\":\"https:\\\/\\\/www.anovapeneira.gal\\\/#organization\"},\"image\":{\"@id\":\"https:\\\/\\\/www.anovapeneira.gal\\\/index.php\\\/2020\\\/03\\\/23\\\/eva-solla-coordinadora-nacional-de-esquerda-unida-2\\\/#primaryimage\"},\"thumbnailUrl\":\"https:\\\/\\\/www.anovapeneira.gal\\\/wp-content\\\/uploads\\\/2019\\\/07\\\/eva_solla_a_nova_peneira.jpg\",\"keywords\":[\"Esquerda Unida\",\"Eva Solla\"],\"articleSection\":[\"Entrevistas\"],\"inLanguage\":\"gl-ES\",\"potentialAction\":[{\"@type\":\"CommentAction\",\"name\":\"Comment\",\"target\":[\"https:\\\/\\\/www.anovapeneira.gal\\\/index.php\\\/2020\\\/03\\\/23\\\/eva-solla-coordinadora-nacional-de-esquerda-unida-2\\\/#respond\"]}]},{\"@type\":\"WebPage\",\"@id\":\"https:\\\/\\\/www.anovapeneira.gal\\\/index.php\\\/2020\\\/03\\\/23\\\/eva-solla-coordinadora-nacional-de-esquerda-unida-2\\\/\",\"url\":\"https:\\\/\\\/www.anovapeneira.gal\\\/index.php\\\/2020\\\/03\\\/23\\\/eva-solla-coordinadora-nacional-de-esquerda-unida-2\\\/\",\"name\":\"Eva Solla Coordinadora Nacional De Esquerda Unida -\",\"isPartOf\":{\"@id\":\"https:\\\/\\\/www.anovapeneira.gal\\\/#website\"},\"primaryImageOfPage\":{\"@id\":\"https:\\\/\\\/www.anovapeneira.gal\\\/index.php\\\/2020\\\/03\\\/23\\\/eva-solla-coordinadora-nacional-de-esquerda-unida-2\\\/#primaryimage\"},\"image\":{\"@id\":\"https:\\\/\\\/www.anovapeneira.gal\\\/index.php\\\/2020\\\/03\\\/23\\\/eva-solla-coordinadora-nacional-de-esquerda-unida-2\\\/#primaryimage\"},\"thumbnailUrl\":\"https:\\\/\\\/www.anovapeneira.gal\\\/wp-content\\\/uploads\\\/2019\\\/07\\\/eva_solla_a_nova_peneira.jpg\",\"datePublished\":\"2020-03-23T09:00:30+00:00\",\"breadcrumb\":{\"@id\":\"https:\\\/\\\/www.anovapeneira.gal\\\/index.php\\\/2020\\\/03\\\/23\\\/eva-solla-coordinadora-nacional-de-esquerda-unida-2\\\/#breadcrumb\"},\"inLanguage\":\"gl-ES\",\"potentialAction\":[{\"@type\":\"ReadAction\",\"target\":[\"https:\\\/\\\/www.anovapeneira.gal\\\/index.php\\\/2020\\\/03\\\/23\\\/eva-solla-coordinadora-nacional-de-esquerda-unida-2\\\/\"]}]},{\"@type\":\"ImageObject\",\"inLanguage\":\"gl-ES\",\"@id\":\"https:\\\/\\\/www.anovapeneira.gal\\\/index.php\\\/2020\\\/03\\\/23\\\/eva-solla-coordinadora-nacional-de-esquerda-unida-2\\\/#primaryimage\",\"url\":\"https:\\\/\\\/www.anovapeneira.gal\\\/wp-content\\\/uploads\\\/2019\\\/07\\\/eva_solla_a_nova_peneira.jpg\",\"contentUrl\":\"https:\\\/\\\/www.anovapeneira.gal\\\/wp-content\\\/uploads\\\/2019\\\/07\\\/eva_solla_a_nova_peneira.jpg\",\"width\":720,\"height\":473,\"caption\":\"Eva Solla coordinadora nacional de Esquerda Unida. A Nova Peneira\"},{\"@type\":\"BreadcrumbList\",\"@id\":\"https:\\\/\\\/www.anovapeneira.gal\\\/index.php\\\/2020\\\/03\\\/23\\\/eva-solla-coordinadora-nacional-de-esquerda-unida-2\\\/#breadcrumb\",\"itemListElement\":[{\"@type\":\"ListItem\",\"position\":1,\"name\":\"Portada\",\"item\":\"https:\\\/\\\/www.anovapeneira.gal\\\/\"},{\"@type\":\"ListItem\",\"position\":2,\"name\":\"Eva Solla Coordinadora Nacional De Esquerda Unida\"}]},{\"@type\":\"WebSite\",\"@id\":\"https:\\\/\\\/www.anovapeneira.gal\\\/#website\",\"url\":\"https:\\\/\\\/www.anovapeneira.gal\\\/\",\"name\":\"\",\"description\":\"Xornal galego de informaci\u00f3n xeral Publicaci\u00f3n mensual de novas de Galicia e en especial dos Concellos da sur da provincia de Pontevedra.\",\"publisher\":{\"@id\":\"https:\\\/\\\/www.anovapeneira.gal\\\/#organization\"},\"potentialAction\":[{\"@type\":\"SearchAction\",\"target\":{\"@type\":\"EntryPoint\",\"urlTemplate\":\"https:\\\/\\\/www.anovapeneira.gal\\\/?s={search_term_string}\"},\"query-input\":{\"@type\":\"PropertyValueSpecification\",\"valueRequired\":true,\"valueName\":\"search_term_string\"}}],\"inLanguage\":\"gl-ES\"},{\"@type\":\"Organization\",\"@id\":\"https:\\\/\\\/www.anovapeneira.gal\\\/#organization\",\"name\":\"A Nova Peneira\",\"url\":\"https:\\\/\\\/www.anovapeneira.gal\\\/\",\"logo\":{\"@type\":\"ImageObject\",\"inLanguage\":\"gl-ES\",\"@id\":\"https:\\\/\\\/www.anovapeneira.gal\\\/#\\\/schema\\\/logo\\\/image\\\/\",\"url\":\"http:\\\/\\\/www.anovapeneira.gal\\\/wp-content\\\/uploads\\\/2019\\\/06\\\/logo_a_nova_peneira_portal_web.png\",\"contentUrl\":\"http:\\\/\\\/www.anovapeneira.gal\\\/wp-content\\\/uploads\\\/2019\\\/06\\\/logo_a_nova_peneira_portal_web.png\",\"width\":300,\"height\":100,\"caption\":\"A Nova Peneira\"},\"image\":{\"@id\":\"https:\\\/\\\/www.anovapeneira.gal\\\/#\\\/schema\\\/logo\\\/image\\\/\"},\"sameAs\":[\"https:\\\/\\\/www.facebook.com\\\/anovapeneira\",\"https:\\\/\\\/x.com\\\/APeneira\"]},{\"@type\":\"Person\",\"@id\":\"https:\\\/\\\/www.anovapeneira.gal\\\/#\\\/schema\\\/person\\\/b93e3f8932e3f8da96334607eb6ac6aa\",\"name\":\"Redacci\u00f3n A Nova Peneira\",\"image\":{\"@type\":\"ImageObject\",\"inLanguage\":\"gl-ES\",\"@id\":\"https:\\\/\\\/secure.gravatar.com\\\/avatar\\\/c052a2551a06e23fac63626232eaa90abd78dbcf1700fc46a2b2c89fd27b735f?s=96&d=mm&r=g\",\"url\":\"https:\\\/\\\/secure.gravatar.com\\\/avatar\\\/c052a2551a06e23fac63626232eaa90abd78dbcf1700fc46a2b2c89fd27b735f?s=96&d=mm&r=g\",\"contentUrl\":\"https:\\\/\\\/secure.gravatar.com\\\/avatar\\\/c052a2551a06e23fac63626232eaa90abd78dbcf1700fc46a2b2c89fd27b735f?s=96&d=mm&r=g\",\"caption\":\"Redacci\u00f3n A Nova Peneira\"},\"sameAs\":[\"http:\\\/\\\/www.anovapeneira.gal\\\/\"],\"url\":\"https:\\\/\\\/www.anovapeneira.gal\\\/index.php\\\/author\\\/redactor\\\/\"}]}<\/script>\n<!-- \/ Yoast SEO plugin. -->","yoast_head_json":{"title":"Eva Solla Coordinadora Nacional De Esquerda Unida -","robots":{"index":"index","follow":"follow","max-snippet":"max-snippet:-1","max-image-preview":"max-image-preview:large","max-video-preview":"max-video-preview:-1"},"canonical":"https:\/\/www.anovapeneira.gal\/index.php\/2020\/03\/23\/eva-solla-coordinadora-nacional-de-esquerda-unida-2\/","og_locale":"gl_ES","og_type":"article","og_title":"Eva Solla Coordinadora Nacional De Esquerda Unida -","og_description":"Sempre \u00e9 un pracer para min conversar con Eva, ela \u00e9 unha muller l\u00facida, intelixente e cordial [...]","og_url":"https:\/\/www.anovapeneira.gal\/index.php\/2020\/03\/23\/eva-solla-coordinadora-nacional-de-esquerda-unida-2\/","article_publisher":"https:\/\/www.facebook.com\/anovapeneira","article_published_time":"2020-03-23T09:00:30+00:00","og_image":[{"width":720,"height":473,"url":"https:\/\/www.anovapeneira.gal\/wp-content\/uploads\/2019\/07\/eva_solla_a_nova_peneira.jpg","type":"image\/jpeg"}],"author":"Redacci\u00f3n A Nova Peneira","twitter_card":"summary_large_image","twitter_creator":"@APeneira","twitter_site":"@APeneira","twitter_misc":{"Escrito por":"Redacci\u00f3n A Nova Peneira","Tempo de lectura":"6 minutos"},"schema":{"@context":"https:\/\/schema.org","@graph":[{"@type":"Article","@id":"https:\/\/www.anovapeneira.gal\/index.php\/2020\/03\/23\/eva-solla-coordinadora-nacional-de-esquerda-unida-2\/#article","isPartOf":{"@id":"https:\/\/www.anovapeneira.gal\/index.php\/2020\/03\/23\/eva-solla-coordinadora-nacional-de-esquerda-unida-2\/"},"author":{"name":"Redacci\u00f3n A Nova Peneira","@id":"https:\/\/www.anovapeneira.gal\/#\/schema\/person\/b93e3f8932e3f8da96334607eb6ac6aa"},"headline":"Eva Solla Coordinadora Nacional De Esquerda Unida","datePublished":"2020-03-23T09:00:30+00:00","mainEntityOfPage":{"@id":"https:\/\/www.anovapeneira.gal\/index.php\/2020\/03\/23\/eva-solla-coordinadora-nacional-de-esquerda-unida-2\/"},"wordCount":1189,"commentCount":0,"publisher":{"@id":"https:\/\/www.anovapeneira.gal\/#organization"},"image":{"@id":"https:\/\/www.anovapeneira.gal\/index.php\/2020\/03\/23\/eva-solla-coordinadora-nacional-de-esquerda-unida-2\/#primaryimage"},"thumbnailUrl":"https:\/\/www.anovapeneira.gal\/wp-content\/uploads\/2019\/07\/eva_solla_a_nova_peneira.jpg","keywords":["Esquerda Unida","Eva Solla"],"articleSection":["Entrevistas"],"inLanguage":"gl-ES","potentialAction":[{"@type":"CommentAction","name":"Comment","target":["https:\/\/www.anovapeneira.gal\/index.php\/2020\/03\/23\/eva-solla-coordinadora-nacional-de-esquerda-unida-2\/#respond"]}]},{"@type":"WebPage","@id":"https:\/\/www.anovapeneira.gal\/index.php\/2020\/03\/23\/eva-solla-coordinadora-nacional-de-esquerda-unida-2\/","url":"https:\/\/www.anovapeneira.gal\/index.php\/2020\/03\/23\/eva-solla-coordinadora-nacional-de-esquerda-unida-2\/","name":"Eva Solla Coordinadora Nacional De Esquerda Unida -","isPartOf":{"@id":"https:\/\/www.anovapeneira.gal\/#website"},"primaryImageOfPage":{"@id":"https:\/\/www.anovapeneira.gal\/index.php\/2020\/03\/23\/eva-solla-coordinadora-nacional-de-esquerda-unida-2\/#primaryimage"},"image":{"@id":"https:\/\/www.anovapeneira.gal\/index.php\/2020\/03\/23\/eva-solla-coordinadora-nacional-de-esquerda-unida-2\/#primaryimage"},"thumbnailUrl":"https:\/\/www.anovapeneira.gal\/wp-content\/uploads\/2019\/07\/eva_solla_a_nova_peneira.jpg","datePublished":"2020-03-23T09:00:30+00:00","breadcrumb":{"@id":"https:\/\/www.anovapeneira.gal\/index.php\/2020\/03\/23\/eva-solla-coordinadora-nacional-de-esquerda-unida-2\/#breadcrumb"},"inLanguage":"gl-ES","potentialAction":[{"@type":"ReadAction","target":["https:\/\/www.anovapeneira.gal\/index.php\/2020\/03\/23\/eva-solla-coordinadora-nacional-de-esquerda-unida-2\/"]}]},{"@type":"ImageObject","inLanguage":"gl-ES","@id":"https:\/\/www.anovapeneira.gal\/index.php\/2020\/03\/23\/eva-solla-coordinadora-nacional-de-esquerda-unida-2\/#primaryimage","url":"https:\/\/www.anovapeneira.gal\/wp-content\/uploads\/2019\/07\/eva_solla_a_nova_peneira.jpg","contentUrl":"https:\/\/www.anovapeneira.gal\/wp-content\/uploads\/2019\/07\/eva_solla_a_nova_peneira.jpg","width":720,"height":473,"caption":"Eva Solla coordinadora nacional de Esquerda Unida. A Nova Peneira"},{"@type":"BreadcrumbList","@id":"https:\/\/www.anovapeneira.gal\/index.php\/2020\/03\/23\/eva-solla-coordinadora-nacional-de-esquerda-unida-2\/#breadcrumb","itemListElement":[{"@type":"ListItem","position":1,"name":"Portada","item":"https:\/\/www.anovapeneira.gal\/"},{"@type":"ListItem","position":2,"name":"Eva Solla Coordinadora Nacional De Esquerda Unida"}]},{"@type":"WebSite","@id":"https:\/\/www.anovapeneira.gal\/#website","url":"https:\/\/www.anovapeneira.gal\/","name":"","description":"Xornal galego de informaci\u00f3n xeral Publicaci\u00f3n mensual de novas de Galicia e en especial dos Concellos da sur da provincia de Pontevedra.","publisher":{"@id":"https:\/\/www.anovapeneira.gal\/#organization"},"potentialAction":[{"@type":"SearchAction","target":{"@type":"EntryPoint","urlTemplate":"https:\/\/www.anovapeneira.gal\/?s={search_term_string}"},"query-input":{"@type":"PropertyValueSpecification","valueRequired":true,"valueName":"search_term_string"}}],"inLanguage":"gl-ES"},{"@type":"Organization","@id":"https:\/\/www.anovapeneira.gal\/#organization","name":"A Nova Peneira","url":"https:\/\/www.anovapeneira.gal\/","logo":{"@type":"ImageObject","inLanguage":"gl-ES","@id":"https:\/\/www.anovapeneira.gal\/#\/schema\/logo\/image\/","url":"http:\/\/www.anovapeneira.gal\/wp-content\/uploads\/2019\/06\/logo_a_nova_peneira_portal_web.png","contentUrl":"http:\/\/www.anovapeneira.gal\/wp-content\/uploads\/2019\/06\/logo_a_nova_peneira_portal_web.png","width":300,"height":100,"caption":"A Nova Peneira"},"image":{"@id":"https:\/\/www.anovapeneira.gal\/#\/schema\/logo\/image\/"},"sameAs":["https:\/\/www.facebook.com\/anovapeneira","https:\/\/x.com\/APeneira"]},{"@type":"Person","@id":"https:\/\/www.anovapeneira.gal\/#\/schema\/person\/b93e3f8932e3f8da96334607eb6ac6aa","name":"Redacci\u00f3n A Nova Peneira","image":{"@type":"ImageObject","inLanguage":"gl-ES","@id":"https:\/\/secure.gravatar.com\/avatar\/c052a2551a06e23fac63626232eaa90abd78dbcf1700fc46a2b2c89fd27b735f?s=96&d=mm&r=g","url":"https:\/\/secure.gravatar.com\/avatar\/c052a2551a06e23fac63626232eaa90abd78dbcf1700fc46a2b2c89fd27b735f?s=96&d=mm&r=g","contentUrl":"https:\/\/secure.gravatar.com\/avatar\/c052a2551a06e23fac63626232eaa90abd78dbcf1700fc46a2b2c89fd27b735f?s=96&d=mm&r=g","caption":"Redacci\u00f3n A Nova Peneira"},"sameAs":["http:\/\/www.anovapeneira.gal\/"],"url":"https:\/\/www.anovapeneira.gal\/index.php\/author\/redactor\/"}]}},"jetpack_featured_media_url":"https:\/\/www.anovapeneira.gal\/wp-content\/uploads\/2019\/07\/eva_solla_a_nova_peneira.jpg","_links":{"self":[{"href":"https:\/\/www.anovapeneira.gal\/index.php\/wp-json\/wp\/v2\/posts\/2810","targetHints":{"allow":["GET"]}}],"collection":[{"href":"https:\/\/www.anovapeneira.gal\/index.php\/wp-json\/wp\/v2\/posts"}],"about":[{"href":"https:\/\/www.anovapeneira.gal\/index.php\/wp-json\/wp\/v2\/types\/post"}],"author":[{"embeddable":true,"href":"https:\/\/www.anovapeneira.gal\/index.php\/wp-json\/wp\/v2\/users\/3"}],"replies":[{"embeddable":true,"href":"https:\/\/www.anovapeneira.gal\/index.php\/wp-json\/wp\/v2\/comments?post=2810"}],"version-history":[{"count":1,"href":"https:\/\/www.anovapeneira.gal\/index.php\/wp-json\/wp\/v2\/posts\/2810\/revisions"}],"predecessor-version":[{"id":2811,"href":"https:\/\/www.anovapeneira.gal\/index.php\/wp-json\/wp\/v2\/posts\/2810\/revisions\/2811"}],"wp:featuredmedia":[{"embeddable":true,"href":"https:\/\/www.anovapeneira.gal\/index.php\/wp-json\/wp\/v2\/media\/525"}],"wp:attachment":[{"href":"https:\/\/www.anovapeneira.gal\/index.php\/wp-json\/wp\/v2\/media?parent=2810"}],"wp:term":[{"taxonomy":"category","embeddable":true,"href":"https:\/\/www.anovapeneira.gal\/index.php\/wp-json\/wp\/v2\/categories?post=2810"},{"taxonomy":"post_tag","embeddable":true,"href":"https:\/\/www.anovapeneira.gal\/index.php\/wp-json\/wp\/v2\/tags?post=2810"}],"curies":[{"name":"wp","href":"https:\/\/api.w.org\/{rel}","templated":true}]}}