{"id":2830,"date":"2020-03-26T10:00:25","date_gmt":"2020-03-26T09:00:25","guid":{"rendered":"http:\/\/www.anovapeneira.gal\/?p=2830"},"modified":"2020-03-25T07:56:52","modified_gmt":"2020-03-25T06:56:52","slug":"felix-juncal-alcalde-de-bueu","status":"publish","type":"post","link":"https:\/\/www.anovapeneira.gal\/index.php\/2020\/03\/26\/felix-juncal-alcalde-de-bueu\/","title":{"rendered":"F\u00e9lix Juncal, Alcalde De Bueu"},"content":{"rendered":"\n<p><strong>A primeira pregunta\npara ti, F\u00e9lix, como est\u00e1s de \u00e1nimos para afrontar unha\nresponsabilidade tan enorme?<\/strong><\/p>\n\n\n\n<blockquote class=\"wp-block-quote is-layout-flow wp-block-quote-is-layout-flow\"><p>Razoablemente ben, preocupado pola situaci\u00f3n desde logo que si, pero ben de \u00e1nimo e procurando que exista certa normalidade no d\u00eda a d\u00eda.<\/p><\/blockquote>\n\n\n\n<p><strong>E nunha crise de\ndimensi\u00f3ns xigantescas como esta, hai  espazo para manter certa\nactividade municipal normal no d\u00eda a d\u00eda?<\/strong><\/p>\n\n\n\n<blockquote class=\"wp-block-quote is-layout-flow wp-block-quote-is-layout-flow\"><p>\u00c9 moi complicado .N\u00f3s traballamos nas nosas casas pero a administraci\u00f3n non pode parar e ten que seguir funcionando.<\/p><\/blockquote>\n\n\n\n<p><strong>Que medidas est\u00e1 a\ntomar o Concello para axudar aos segmentos sociais m\u00e1is vulnerables?<\/strong><\/p>\n\n\n\n<blockquote class=\"wp-block-quote is-layout-flow wp-block-quote-is-layout-flow\"><p>N\u00f3s temos contratada a unha empresa que nos presta o servizo de axuda no fogar, e nesta situaci\u00f3n de emerxencia vano prestar non s\u00f3 \u00e1s persoas usuarias habituais sen\u00f3n tam\u00e9n a toda a veci\u00f1anza que puidese precisar axuda, desde logo que non imos deixar a ningu\u00e9n atr\u00e1s.<\/p><\/blockquote>\n\n\n\n<p><strong>Est\u00e1s satisfeito do\ngrado de civismo que est\u00e1  a amosar ata o  momento a sociedade de\nBueu?<\/strong><\/p>\n\n\n\n<blockquote class=\"wp-block-quote is-layout-flow wp-block-quote-is-layout-flow\"><p>Si, absolutamente, considero que  a ampl\u00edsima maior\u00eda ten interiorizado un enorme problema como o que estamos a vivir e se comporta de maneira exemplar. O que si \u00e9 certo \u00e9 que algo como isto d\u00e9benos levar \u00e1 unha reflexi\u00f3n para cando recuperemos a normalidade  referente \u00e1 necesidade de facer pol\u00edticas p\u00fablicas moito m\u00e1is s\u00f3lidas para reforzar substancialmente o sistema sanitario e todos aqueles que redunden no ben com\u00fan e na protecci\u00f3n das persoas entendidas como seres humanos con dereitos e non s\u00f3 como consumidores.<\/p><\/blockquote>\n\n\n\n<p><strong>O confinamento\nprolongado pode levar ao crack psicol\u00f3xico  grupos importantes de\npersoas, algunha mensaxe de esperanza en positivo?<\/strong><\/p>\n\n\n\n<blockquote class=\"wp-block-quote is-layout-flow wp-block-quote-is-layout-flow\"><p>Eu creo que a mensaxe m\u00e1is importante \u00e9 a inmensa onda de solidariedade, imaxinaci\u00f3n , creatividade e vontade de axudar aos demais que se observa en tal cantidade de persoas. Isto s\u00f3 se supera dando o mellor de n\u00f3s a quen nos rodea, e a grande maior\u00eda da sociedade est\u00e1 nesa din\u00e1mica. Eu aconsellar\u00eda tam\u00e9n que procuremos buscar v\u00edas de informaci\u00f3n e entretemento diferentes ao que agora parece ser a \u00fanica realidade, entendo que \u00e9 moi importante para o equilibrio mental.<\/p><\/blockquote>\n\n\n\n<p><strong>Sabemos da existencia\ndalg\u00fan positivo no teu Concello?<\/strong><\/p>\n\n\n\n<blockquote class=\"wp-block-quote is-layout-flow wp-block-quote-is-layout-flow\"><p>Si, a finais da semana pasada co\u00f1ecemos o caso dunha persoa nativa de Bueu, que notou s\u00edntomas ao volver dunha viaxe .Hai rumores referentes a outras persoas , pero no momento presente( luns 23 \u00e1s 2 da tarde) non o te\u00f1o contrastado.<\/p><\/blockquote>\n\n\n\n<p><strong>En canto a material\nsanitario como estades?<\/strong><\/p>\n\n\n\n<blockquote class=\"wp-block-quote is-layout-flow wp-block-quote-is-layout-flow\"><p>Temos para ir sobrevivindo, cursamos unha solicitude a trav\u00e9s da FEGAMP para os pr\u00f3ximos d\u00edas. O principal problema que podemos ter \u00e9 cos EPIS para as persoas que prestan servizos de axuda no fogar, problema que agardamos solucionar de contado.<\/p><\/blockquote>\n\n\n\n<p><strong>Moitas grazas F\u00e9lix e\nmoita sorte para ti e para toda a veci\u00f1anza de Bueu<\/strong><\/p>\n","protected":false},"excerpt":{"rendered":"<div class=\"mh-excerpt\"><p>Razoablemente ben, preocupado pola situaci\u00f3n desde logo que si, pero ben de \u00e1nimo e procurando que exista certa normalidade <a class=\"mh-excerpt-more\" href=\"https:\/\/www.anovapeneira.gal\/index.php\/2020\/03\/26\/felix-juncal-alcalde-de-bueu\/\" title=\"F\u00e9lix Juncal, Alcalde De Bueu\">[&#8230;]<\/a><\/p>\n<\/div>","protected":false},"author":2,"featured_media":2831,"comment_status":"open","ping_status":"open","sticky":false,"template":"","format":"standard","meta":{"_exactmetrics_skip_tracking":false,"_exactmetrics_sitenote_active":false,"_exactmetrics_sitenote_note":"","_exactmetrics_sitenote_category":0,"footnotes":""},"categories":[22],"tags":[440,1006,1015],"class_list":{"0":"post-2830","1":"post","2":"type-post","3":"status-publish","4":"format-standard","5":"has-post-thumbnail","7":"category-morrazo","8":"tag-concello-de-bueu","9":"tag-covid19","10":"tag-felix-juncal"},"yoast_head":"<!-- This site is optimized with the Yoast SEO plugin v27.4 - https:\/\/yoast.com\/product\/yoast-seo-wordpress\/ -->\n<title>F\u00e9lix Juncal, Alcalde De Bueu -<\/title>\n<meta name=\"robots\" content=\"index, follow, max-snippet:-1, max-image-preview:large, max-video-preview:-1\" \/>\n<link rel=\"canonical\" href=\"https:\/\/www.anovapeneira.gal\/index.php\/2020\/03\/26\/felix-juncal-alcalde-de-bueu\/\" \/>\n<meta property=\"og:locale\" content=\"gl_ES\" \/>\n<meta property=\"og:type\" content=\"article\" \/>\n<meta property=\"og:title\" content=\"F\u00e9lix Juncal, Alcalde De Bueu -\" \/>\n<meta property=\"og:description\" content=\"Razoablemente ben, preocupado pola situaci\u00f3n desde logo que si, pero ben de \u00e1nimo e procurando que exista certa normalidade [...]\" \/>\n<meta property=\"og:url\" content=\"https:\/\/www.anovapeneira.gal\/index.php\/2020\/03\/26\/felix-juncal-alcalde-de-bueu\/\" \/>\n<meta property=\"article:publisher\" content=\"https:\/\/www.facebook.com\/anovapeneira\" \/>\n<meta property=\"article:published_time\" content=\"2020-03-26T09:00:25+00:00\" \/>\n<meta property=\"og:image\" content=\"https:\/\/www.anovapeneira.gal\/wp-content\/uploads\/2020\/03\/felix_juncal_alcalde_bueu_a_nova_peneira-scaled.jpg\" \/>\n\t<meta property=\"og:image:width\" content=\"2560\" \/>\n\t<meta property=\"og:image:height\" content=\"1536\" \/>\n\t<meta property=\"og:image:type\" content=\"image\/jpeg\" \/>\n<meta name=\"author\" content=\"Tino Lago\" \/>\n<meta name=\"twitter:card\" content=\"summary_large_image\" \/>\n<meta name=\"twitter:creator\" content=\"@APeneira\" \/>\n<meta name=\"twitter:site\" content=\"@APeneira\" \/>\n<meta name=\"twitter:label1\" content=\"Escrito por\" \/>\n\t<meta name=\"twitter:data1\" content=\"Tino Lago\" \/>\n\t<meta name=\"twitter:label2\" content=\"Tempo de lectura\" \/>\n\t<meta name=\"twitter:data2\" content=\"2 minutos\" \/>\n<script type=\"application\/ld+json\" class=\"yoast-schema-graph\">{\"@context\":\"https:\\\/\\\/schema.org\",\"@graph\":[{\"@type\":\"Article\",\"@id\":\"https:\\\/\\\/www.anovapeneira.gal\\\/index.php\\\/2020\\\/03\\\/26\\\/felix-juncal-alcalde-de-bueu\\\/#article\",\"isPartOf\":{\"@id\":\"https:\\\/\\\/www.anovapeneira.gal\\\/index.php\\\/2020\\\/03\\\/26\\\/felix-juncal-alcalde-de-bueu\\\/\"},\"author\":{\"name\":\"Tino Lago\",\"@id\":\"https:\\\/\\\/www.anovapeneira.gal\\\/#\\\/schema\\\/person\\\/424dfe65e3070fd8a44d22d2c088762a\"},\"headline\":\"F\u00e9lix Juncal, Alcalde De Bueu\",\"datePublished\":\"2020-03-26T09:00:25+00:00\",\"mainEntityOfPage\":{\"@id\":\"https:\\\/\\\/www.anovapeneira.gal\\\/index.php\\\/2020\\\/03\\\/26\\\/felix-juncal-alcalde-de-bueu\\\/\"},\"wordCount\":493,\"commentCount\":0,\"publisher\":{\"@id\":\"https:\\\/\\\/www.anovapeneira.gal\\\/#organization\"},\"image\":{\"@id\":\"https:\\\/\\\/www.anovapeneira.gal\\\/index.php\\\/2020\\\/03\\\/26\\\/felix-juncal-alcalde-de-bueu\\\/#primaryimage\"},\"thumbnailUrl\":\"https:\\\/\\\/www.anovapeneira.gal\\\/wp-content\\\/uploads\\\/2020\\\/03\\\/felix_juncal_alcalde_bueu_a_nova_peneira-scaled.jpg\",\"keywords\":[\"Concello de Bueu\",\"COVID19\",\"F\u00e9lix Juncal\"],\"articleSection\":[\"Morrazo\"],\"inLanguage\":\"gl-ES\",\"potentialAction\":[{\"@type\":\"CommentAction\",\"name\":\"Comment\",\"target\":[\"https:\\\/\\\/www.anovapeneira.gal\\\/index.php\\\/2020\\\/03\\\/26\\\/felix-juncal-alcalde-de-bueu\\\/#respond\"]}]},{\"@type\":\"WebPage\",\"@id\":\"https:\\\/\\\/www.anovapeneira.gal\\\/index.php\\\/2020\\\/03\\\/26\\\/felix-juncal-alcalde-de-bueu\\\/\",\"url\":\"https:\\\/\\\/www.anovapeneira.gal\\\/index.php\\\/2020\\\/03\\\/26\\\/felix-juncal-alcalde-de-bueu\\\/\",\"name\":\"F\u00e9lix Juncal, Alcalde De Bueu -\",\"isPartOf\":{\"@id\":\"https:\\\/\\\/www.anovapeneira.gal\\\/#website\"},\"primaryImageOfPage\":{\"@id\":\"https:\\\/\\\/www.anovapeneira.gal\\\/index.php\\\/2020\\\/03\\\/26\\\/felix-juncal-alcalde-de-bueu\\\/#primaryimage\"},\"image\":{\"@id\":\"https:\\\/\\\/www.anovapeneira.gal\\\/index.php\\\/2020\\\/03\\\/26\\\/felix-juncal-alcalde-de-bueu\\\/#primaryimage\"},\"thumbnailUrl\":\"https:\\\/\\\/www.anovapeneira.gal\\\/wp-content\\\/uploads\\\/2020\\\/03\\\/felix_juncal_alcalde_bueu_a_nova_peneira-scaled.jpg\",\"datePublished\":\"2020-03-26T09:00:25+00:00\",\"breadcrumb\":{\"@id\":\"https:\\\/\\\/www.anovapeneira.gal\\\/index.php\\\/2020\\\/03\\\/26\\\/felix-juncal-alcalde-de-bueu\\\/#breadcrumb\"},\"inLanguage\":\"gl-ES\",\"potentialAction\":[{\"@type\":\"ReadAction\",\"target\":[\"https:\\\/\\\/www.anovapeneira.gal\\\/index.php\\\/2020\\\/03\\\/26\\\/felix-juncal-alcalde-de-bueu\\\/\"]}]},{\"@type\":\"ImageObject\",\"inLanguage\":\"gl-ES\",\"@id\":\"https:\\\/\\\/www.anovapeneira.gal\\\/index.php\\\/2020\\\/03\\\/26\\\/felix-juncal-alcalde-de-bueu\\\/#primaryimage\",\"url\":\"https:\\\/\\\/www.anovapeneira.gal\\\/wp-content\\\/uploads\\\/2020\\\/03\\\/felix_juncal_alcalde_bueu_a_nova_peneira-scaled.jpg\",\"contentUrl\":\"https:\\\/\\\/www.anovapeneira.gal\\\/wp-content\\\/uploads\\\/2020\\\/03\\\/felix_juncal_alcalde_bueu_a_nova_peneira-scaled.jpg\",\"width\":2560,\"height\":1536,\"caption\":\"F\u00e9lix Juncal Alcalde de Bueu A Nova Peneira\"},{\"@type\":\"BreadcrumbList\",\"@id\":\"https:\\\/\\\/www.anovapeneira.gal\\\/index.php\\\/2020\\\/03\\\/26\\\/felix-juncal-alcalde-de-bueu\\\/#breadcrumb\",\"itemListElement\":[{\"@type\":\"ListItem\",\"position\":1,\"name\":\"Portada\",\"item\":\"https:\\\/\\\/www.anovapeneira.gal\\\/\"},{\"@type\":\"ListItem\",\"position\":2,\"name\":\"F\u00e9lix Juncal, Alcalde De Bueu\"}]},{\"@type\":\"WebSite\",\"@id\":\"https:\\\/\\\/www.anovapeneira.gal\\\/#website\",\"url\":\"https:\\\/\\\/www.anovapeneira.gal\\\/\",\"name\":\"\",\"description\":\"Xornal galego de informaci\u00f3n xeral Publicaci\u00f3n mensual de novas de Galicia e en especial dos Concellos da sur da provincia de Pontevedra.\",\"publisher\":{\"@id\":\"https:\\\/\\\/www.anovapeneira.gal\\\/#organization\"},\"potentialAction\":[{\"@type\":\"SearchAction\",\"target\":{\"@type\":\"EntryPoint\",\"urlTemplate\":\"https:\\\/\\\/www.anovapeneira.gal\\\/?s={search_term_string}\"},\"query-input\":{\"@type\":\"PropertyValueSpecification\",\"valueRequired\":true,\"valueName\":\"search_term_string\"}}],\"inLanguage\":\"gl-ES\"},{\"@type\":\"Organization\",\"@id\":\"https:\\\/\\\/www.anovapeneira.gal\\\/#organization\",\"name\":\"A Nova Peneira\",\"url\":\"https:\\\/\\\/www.anovapeneira.gal\\\/\",\"logo\":{\"@type\":\"ImageObject\",\"inLanguage\":\"gl-ES\",\"@id\":\"https:\\\/\\\/www.anovapeneira.gal\\\/#\\\/schema\\\/logo\\\/image\\\/\",\"url\":\"http:\\\/\\\/www.anovapeneira.gal\\\/wp-content\\\/uploads\\\/2019\\\/06\\\/logo_a_nova_peneira_portal_web.png\",\"contentUrl\":\"http:\\\/\\\/www.anovapeneira.gal\\\/wp-content\\\/uploads\\\/2019\\\/06\\\/logo_a_nova_peneira_portal_web.png\",\"width\":300,\"height\":100,\"caption\":\"A Nova Peneira\"},\"image\":{\"@id\":\"https:\\\/\\\/www.anovapeneira.gal\\\/#\\\/schema\\\/logo\\\/image\\\/\"},\"sameAs\":[\"https:\\\/\\\/www.facebook.com\\\/anovapeneira\",\"https:\\\/\\\/x.com\\\/APeneira\"]},{\"@type\":\"Person\",\"@id\":\"https:\\\/\\\/www.anovapeneira.gal\\\/#\\\/schema\\\/person\\\/424dfe65e3070fd8a44d22d2c088762a\",\"name\":\"Tino Lago\",\"image\":{\"@type\":\"ImageObject\",\"inLanguage\":\"gl-ES\",\"@id\":\"https:\\\/\\\/secure.gravatar.com\\\/avatar\\\/b3df6a06e44bab3111583b90f0f33a0379ee5e3d22cbadd232d39f21c30c62be?s=96&d=mm&r=g\",\"url\":\"https:\\\/\\\/secure.gravatar.com\\\/avatar\\\/b3df6a06e44bab3111583b90f0f33a0379ee5e3d22cbadd232d39f21c30c62be?s=96&d=mm&r=g\",\"contentUrl\":\"https:\\\/\\\/secure.gravatar.com\\\/avatar\\\/b3df6a06e44bab3111583b90f0f33a0379ee5e3d22cbadd232d39f21c30c62be?s=96&d=mm&r=g\",\"caption\":\"Tino Lago\"},\"sameAs\":[\"http:\\\/\\\/www.anovapeneira.gal\"],\"url\":\"https:\\\/\\\/www.anovapeneira.gal\\\/index.php\\\/author\\\/director\\\/\"}]}<\/script>\n<!-- \/ Yoast SEO plugin. -->","yoast_head_json":{"title":"F\u00e9lix Juncal, Alcalde De Bueu -","robots":{"index":"index","follow":"follow","max-snippet":"max-snippet:-1","max-image-preview":"max-image-preview:large","max-video-preview":"max-video-preview:-1"},"canonical":"https:\/\/www.anovapeneira.gal\/index.php\/2020\/03\/26\/felix-juncal-alcalde-de-bueu\/","og_locale":"gl_ES","og_type":"article","og_title":"F\u00e9lix Juncal, Alcalde De Bueu -","og_description":"Razoablemente ben, preocupado pola situaci\u00f3n desde logo que si, pero ben de \u00e1nimo e procurando que exista certa normalidade [...]","og_url":"https:\/\/www.anovapeneira.gal\/index.php\/2020\/03\/26\/felix-juncal-alcalde-de-bueu\/","article_publisher":"https:\/\/www.facebook.com\/anovapeneira","article_published_time":"2020-03-26T09:00:25+00:00","og_image":[{"width":2560,"height":1536,"url":"https:\/\/www.anovapeneira.gal\/wp-content\/uploads\/2020\/03\/felix_juncal_alcalde_bueu_a_nova_peneira-scaled.jpg","type":"image\/jpeg"}],"author":"Tino Lago","twitter_card":"summary_large_image","twitter_creator":"@APeneira","twitter_site":"@APeneira","twitter_misc":{"Escrito por":"Tino Lago","Tempo de lectura":"2 minutos"},"schema":{"@context":"https:\/\/schema.org","@graph":[{"@type":"Article","@id":"https:\/\/www.anovapeneira.gal\/index.php\/2020\/03\/26\/felix-juncal-alcalde-de-bueu\/#article","isPartOf":{"@id":"https:\/\/www.anovapeneira.gal\/index.php\/2020\/03\/26\/felix-juncal-alcalde-de-bueu\/"},"author":{"name":"Tino Lago","@id":"https:\/\/www.anovapeneira.gal\/#\/schema\/person\/424dfe65e3070fd8a44d22d2c088762a"},"headline":"F\u00e9lix Juncal, Alcalde De Bueu","datePublished":"2020-03-26T09:00:25+00:00","mainEntityOfPage":{"@id":"https:\/\/www.anovapeneira.gal\/index.php\/2020\/03\/26\/felix-juncal-alcalde-de-bueu\/"},"wordCount":493,"commentCount":0,"publisher":{"@id":"https:\/\/www.anovapeneira.gal\/#organization"},"image":{"@id":"https:\/\/www.anovapeneira.gal\/index.php\/2020\/03\/26\/felix-juncal-alcalde-de-bueu\/#primaryimage"},"thumbnailUrl":"https:\/\/www.anovapeneira.gal\/wp-content\/uploads\/2020\/03\/felix_juncal_alcalde_bueu_a_nova_peneira-scaled.jpg","keywords":["Concello de Bueu","COVID19","F\u00e9lix Juncal"],"articleSection":["Morrazo"],"inLanguage":"gl-ES","potentialAction":[{"@type":"CommentAction","name":"Comment","target":["https:\/\/www.anovapeneira.gal\/index.php\/2020\/03\/26\/felix-juncal-alcalde-de-bueu\/#respond"]}]},{"@type":"WebPage","@id":"https:\/\/www.anovapeneira.gal\/index.php\/2020\/03\/26\/felix-juncal-alcalde-de-bueu\/","url":"https:\/\/www.anovapeneira.gal\/index.php\/2020\/03\/26\/felix-juncal-alcalde-de-bueu\/","name":"F\u00e9lix Juncal, Alcalde De Bueu -","isPartOf":{"@id":"https:\/\/www.anovapeneira.gal\/#website"},"primaryImageOfPage":{"@id":"https:\/\/www.anovapeneira.gal\/index.php\/2020\/03\/26\/felix-juncal-alcalde-de-bueu\/#primaryimage"},"image":{"@id":"https:\/\/www.anovapeneira.gal\/index.php\/2020\/03\/26\/felix-juncal-alcalde-de-bueu\/#primaryimage"},"thumbnailUrl":"https:\/\/www.anovapeneira.gal\/wp-content\/uploads\/2020\/03\/felix_juncal_alcalde_bueu_a_nova_peneira-scaled.jpg","datePublished":"2020-03-26T09:00:25+00:00","breadcrumb":{"@id":"https:\/\/www.anovapeneira.gal\/index.php\/2020\/03\/26\/felix-juncal-alcalde-de-bueu\/#breadcrumb"},"inLanguage":"gl-ES","potentialAction":[{"@type":"ReadAction","target":["https:\/\/www.anovapeneira.gal\/index.php\/2020\/03\/26\/felix-juncal-alcalde-de-bueu\/"]}]},{"@type":"ImageObject","inLanguage":"gl-ES","@id":"https:\/\/www.anovapeneira.gal\/index.php\/2020\/03\/26\/felix-juncal-alcalde-de-bueu\/#primaryimage","url":"https:\/\/www.anovapeneira.gal\/wp-content\/uploads\/2020\/03\/felix_juncal_alcalde_bueu_a_nova_peneira-scaled.jpg","contentUrl":"https:\/\/www.anovapeneira.gal\/wp-content\/uploads\/2020\/03\/felix_juncal_alcalde_bueu_a_nova_peneira-scaled.jpg","width":2560,"height":1536,"caption":"F\u00e9lix Juncal Alcalde de Bueu A Nova Peneira"},{"@type":"BreadcrumbList","@id":"https:\/\/www.anovapeneira.gal\/index.php\/2020\/03\/26\/felix-juncal-alcalde-de-bueu\/#breadcrumb","itemListElement":[{"@type":"ListItem","position":1,"name":"Portada","item":"https:\/\/www.anovapeneira.gal\/"},{"@type":"ListItem","position":2,"name":"F\u00e9lix Juncal, Alcalde De Bueu"}]},{"@type":"WebSite","@id":"https:\/\/www.anovapeneira.gal\/#website","url":"https:\/\/www.anovapeneira.gal\/","name":"","description":"Xornal galego de informaci\u00f3n xeral Publicaci\u00f3n mensual de novas de Galicia e en especial dos Concellos da sur da provincia de Pontevedra.","publisher":{"@id":"https:\/\/www.anovapeneira.gal\/#organization"},"potentialAction":[{"@type":"SearchAction","target":{"@type":"EntryPoint","urlTemplate":"https:\/\/www.anovapeneira.gal\/?s={search_term_string}"},"query-input":{"@type":"PropertyValueSpecification","valueRequired":true,"valueName":"search_term_string"}}],"inLanguage":"gl-ES"},{"@type":"Organization","@id":"https:\/\/www.anovapeneira.gal\/#organization","name":"A Nova Peneira","url":"https:\/\/www.anovapeneira.gal\/","logo":{"@type":"ImageObject","inLanguage":"gl-ES","@id":"https:\/\/www.anovapeneira.gal\/#\/schema\/logo\/image\/","url":"http:\/\/www.anovapeneira.gal\/wp-content\/uploads\/2019\/06\/logo_a_nova_peneira_portal_web.png","contentUrl":"http:\/\/www.anovapeneira.gal\/wp-content\/uploads\/2019\/06\/logo_a_nova_peneira_portal_web.png","width":300,"height":100,"caption":"A Nova Peneira"},"image":{"@id":"https:\/\/www.anovapeneira.gal\/#\/schema\/logo\/image\/"},"sameAs":["https:\/\/www.facebook.com\/anovapeneira","https:\/\/x.com\/APeneira"]},{"@type":"Person","@id":"https:\/\/www.anovapeneira.gal\/#\/schema\/person\/424dfe65e3070fd8a44d22d2c088762a","name":"Tino Lago","image":{"@type":"ImageObject","inLanguage":"gl-ES","@id":"https:\/\/secure.gravatar.com\/avatar\/b3df6a06e44bab3111583b90f0f33a0379ee5e3d22cbadd232d39f21c30c62be?s=96&d=mm&r=g","url":"https:\/\/secure.gravatar.com\/avatar\/b3df6a06e44bab3111583b90f0f33a0379ee5e3d22cbadd232d39f21c30c62be?s=96&d=mm&r=g","contentUrl":"https:\/\/secure.gravatar.com\/avatar\/b3df6a06e44bab3111583b90f0f33a0379ee5e3d22cbadd232d39f21c30c62be?s=96&d=mm&r=g","caption":"Tino Lago"},"sameAs":["http:\/\/www.anovapeneira.gal"],"url":"https:\/\/www.anovapeneira.gal\/index.php\/author\/director\/"}]}},"jetpack_featured_media_url":"https:\/\/www.anovapeneira.gal\/wp-content\/uploads\/2020\/03\/felix_juncal_alcalde_bueu_a_nova_peneira-scaled.jpg","_links":{"self":[{"href":"https:\/\/www.anovapeneira.gal\/index.php\/wp-json\/wp\/v2\/posts\/2830","targetHints":{"allow":["GET"]}}],"collection":[{"href":"https:\/\/www.anovapeneira.gal\/index.php\/wp-json\/wp\/v2\/posts"}],"about":[{"href":"https:\/\/www.anovapeneira.gal\/index.php\/wp-json\/wp\/v2\/types\/post"}],"author":[{"embeddable":true,"href":"https:\/\/www.anovapeneira.gal\/index.php\/wp-json\/wp\/v2\/users\/2"}],"replies":[{"embeddable":true,"href":"https:\/\/www.anovapeneira.gal\/index.php\/wp-json\/wp\/v2\/comments?post=2830"}],"version-history":[{"count":1,"href":"https:\/\/www.anovapeneira.gal\/index.php\/wp-json\/wp\/v2\/posts\/2830\/revisions"}],"predecessor-version":[{"id":2832,"href":"https:\/\/www.anovapeneira.gal\/index.php\/wp-json\/wp\/v2\/posts\/2830\/revisions\/2832"}],"wp:featuredmedia":[{"embeddable":true,"href":"https:\/\/www.anovapeneira.gal\/index.php\/wp-json\/wp\/v2\/media\/2831"}],"wp:attachment":[{"href":"https:\/\/www.anovapeneira.gal\/index.php\/wp-json\/wp\/v2\/media?parent=2830"}],"wp:term":[{"taxonomy":"category","embeddable":true,"href":"https:\/\/www.anovapeneira.gal\/index.php\/wp-json\/wp\/v2\/categories?post=2830"},{"taxonomy":"post_tag","embeddable":true,"href":"https:\/\/www.anovapeneira.gal\/index.php\/wp-json\/wp\/v2\/tags?post=2830"}],"curies":[{"name":"wp","href":"https:\/\/api.w.org\/{rel}","templated":true}]}}