{"id":2833,"date":"2020-03-26T12:00:47","date_gmt":"2020-03-26T11:00:47","guid":{"rendered":"http:\/\/www.anovapeneira.gal\/?p=2833"},"modified":"2020-03-25T08:02:17","modified_gmt":"2020-03-25T07:02:17","slug":"loli-castineira-alcaldesa-de-salceda","status":"publish","type":"post","link":"https:\/\/www.anovapeneira.gal\/index.php\/2020\/03\/26\/loli-castineira-alcaldesa-de-salceda\/","title":{"rendered":"Loli Casti\u00f1eira Alcaldesa de Salceda"},"content":{"rendered":"\n<p><strong>A primeira pregunta\npara ti Loli, como te encontras de \u00e1nimos nunha situaci\u00f3n na que\ntes que asumir unha carga de responsabilidade tan inmensa?<\/strong><\/p>\n\n\n\n<blockquote class=\"wp-block-quote is-layout-flow wp-block-quote-is-layout-flow\"><p>Eu estou moi forte, sendo moi consciente da responsabilidade que te\u00f1o , e traballando c\u00f3bado con c\u00f3bado con todo o meu equipo para contribu\u00edr a darlle soluci\u00f3n  a cada problema que poida ter cada veci\u00f1o ou veci\u00f1a do noso pobo.<\/p><\/blockquote>\n\n\n\n<p><strong>Que medidas est\u00e1 a\ntomar o concello para botar unha man aos segmentos de persoas m\u00e1is\nvulnerables?<\/strong><\/p>\n\n\n\n<blockquote class=\"wp-block-quote is-layout-flow wp-block-quote-is-layout-flow\"><p>Temos todos os departamentos do concello en situaci\u00f3n de m\u00e1xima coordinaci\u00f3n para que cando haxa algu\u00e9n que precise axuda poida ser atendido con m\u00e1xima axilidade e dilixencia, especialmente o servizo de axuda no fogar e o departamento de servizos sociais que son os  que est\u00e1n ao d\u00eda dos segmentos de persoas maiores, discapacitadas ou de escasos recursos econ\u00f3micos que poidan ser susceptibles dunha atenci\u00f3n m\u00e1is inmediata .Agora mesmo, o prioritario son os servizos sociais, polo tanto decidimos reforzalos con persoal administrativo doutros departamentos que agora mesmo ti\u00f1an escasa carga de traballo..Outro colectivo que nos preocupa moito \u00e9 o da infancia.<\/p><\/blockquote>\n\n\n\n<p><strong>Que diso v\u00f3s tendes de\nabondo?<\/strong><\/p>\n\n\n\n<blockquote class=\"wp-block-quote is-layout-flow wp-block-quote-is-layout-flow\"><p>Si, afortunadamente. Por iso dedicamos un importante esforzo a trav\u00e9s do servizo de atenci\u00f3n temper\u00e1 para atendelos.<\/p><\/blockquote>\n\n\n\n<p><strong>Temos novas dalg\u00fan\npositivo en Salceda?<\/strong><\/p>\n\n\n\n<blockquote class=\"wp-block-quote is-layout-flow wp-block-quote-is-layout-flow\"><p>Agora mesmo, ( 23 de marzo \u00e1s 14,30) Non.<\/p><\/blockquote>\n\n\n\n<p><strong>Est\u00e1s contenta co\ngrado de civismo amosado ata o momento pola sociedade salcedense?<\/strong><\/p>\n\n\n\n<blockquote class=\"wp-block-quote is-layout-flow wp-block-quote-is-layout-flow\"><p>En li\u00f1as xerais si, e \u00e9 algo de que me sinto moi orgullosa, pero quero dicir con toda a contundencia e con toda  a enerx\u00eda que quen non cumpre co necesario deber c\u00edvico merece todo o noso reproche, e o meu persoal desde logo que tam\u00e9n. Unha soa persoa que faga caso omiso das instruci\u00f3ns das autoridades sanitarias, pode p\u00f3r en perigo extremo a centos de persoas que si se comportan con responsabilidade.<\/p><\/blockquote>\n\n\n\n<p><strong>O confinamento\nprolongado pode producir serios problemas psicol\u00f3xicos \u00e1s persoas\nque m\u00e1is lles custe aguantar, algunha mensaxe en positivo?<\/strong><\/p>\n\n\n\n<blockquote class=\"wp-block-quote is-layout-flow wp-block-quote-is-layout-flow\"><p>Algo moi sinxelo: sexamos amables, solidarios e fraternais, s\u00f3 dando o mellor de n\u00f3s a quen nos rodea superaremos isto, que o superaremos sen ningunha d\u00fabida, cos menores danos posibles. Exemplos como o da psic\u00f3loga da escola de f\u00fatbol Den\u00eds Su\u00e1rez que se puxo ao noso dispor emoci\u00f3nanme e reaf\u00edrmame na mi\u00f1a posici\u00f3n de que s\u00f3 dando o mellor que ten o ser humano se superan os momentos complexos.<\/p><\/blockquote>\n\n\n\n<p><strong>De equipos sanitarios\ncomo mascarillas, luvas e xeles como andamos?<\/strong><\/p>\n\n\n\n<blockquote class=\"wp-block-quote is-layout-flow wp-block-quote-is-layout-flow\"><p>Temos un pequeno stock co que imos tirando, ve\u00f1o de facer un pedido \u00e1 FEGAMP para recibir alg\u00fans m\u00e1is.<\/p><\/blockquote>\n\n\n\n<p><strong>Moitas grazas Loli, e\nmoita sorte para ti e para toda a veci\u00f1anza  de Salceda<\/strong><\/p>\n","protected":false},"excerpt":{"rendered":"<div class=\"mh-excerpt\"><p>Eu estou moi forte, sendo moi consciente da responsabilidade que te\u00f1o , e traballando c\u00f3bado con c\u00f3bado con todo o meu equipo <a class=\"mh-excerpt-more\" href=\"https:\/\/www.anovapeneira.gal\/index.php\/2020\/03\/26\/loli-castineira-alcaldesa-de-salceda\/\" title=\"Loli Casti\u00f1eira Alcaldesa de Salceda\">[&#8230;]<\/a><\/p>\n<\/div>","protected":false},"author":2,"featured_media":2080,"comment_status":"open","ping_status":"open","sticky":false,"template":"","format":"standard","meta":{"_exactmetrics_skip_tracking":false,"_exactmetrics_sitenote_active":false,"_exactmetrics_sitenote_note":"","_exactmetrics_sitenote_category":0,"footnotes":""},"categories":[23],"tags":[359,1006,1016],"class_list":{"0":"post-2833","1":"post","2":"type-post","3":"status-publish","4":"format-standard","5":"has-post-thumbnail","7":"category-a-lourina","8":"tag-concello-de-salceda-de-caselas","9":"tag-covid19","10":"tag-loli-castineira"},"yoast_head":"<!-- This site is optimized with the Yoast SEO plugin v27.4 - https:\/\/yoast.com\/product\/yoast-seo-wordpress\/ -->\n<title>Loli Casti\u00f1eira Alcaldesa de Salceda -<\/title>\n<meta name=\"robots\" content=\"index, follow, max-snippet:-1, max-image-preview:large, max-video-preview:-1\" \/>\n<link rel=\"canonical\" href=\"https:\/\/www.anovapeneira.gal\/index.php\/2020\/03\/26\/loli-castineira-alcaldesa-de-salceda\/\" \/>\n<meta property=\"og:locale\" content=\"gl_ES\" \/>\n<meta property=\"og:type\" content=\"article\" \/>\n<meta property=\"og:title\" content=\"Loli Casti\u00f1eira Alcaldesa de Salceda -\" \/>\n<meta property=\"og:description\" content=\"Eu estou moi forte, sendo moi consciente da responsabilidade que te\u00f1o , e traballando c\u00f3bado con c\u00f3bado con todo o meu equipo [...]\" \/>\n<meta property=\"og:url\" content=\"https:\/\/www.anovapeneira.gal\/index.php\/2020\/03\/26\/loli-castineira-alcaldesa-de-salceda\/\" \/>\n<meta property=\"article:publisher\" content=\"https:\/\/www.facebook.com\/anovapeneira\" \/>\n<meta property=\"article:published_time\" content=\"2020-03-26T11:00:47+00:00\" \/>\n<meta property=\"og:image\" content=\"https:\/\/www.anovapeneira.gal\/wp-content\/uploads\/2019\/12\/loli_castinheira_alcaldesa_salceda_a_nova_peneira.jpg\" \/>\n\t<meta property=\"og:image:width\" content=\"720\" \/>\n\t<meta property=\"og:image:height\" content=\"432\" \/>\n\t<meta property=\"og:image:type\" content=\"image\/jpeg\" \/>\n<meta name=\"author\" content=\"Tino Lago\" \/>\n<meta name=\"twitter:card\" content=\"summary_large_image\" \/>\n<meta name=\"twitter:creator\" content=\"@APeneira\" \/>\n<meta name=\"twitter:site\" content=\"@APeneira\" \/>\n<meta name=\"twitter:label1\" content=\"Escrito por\" \/>\n\t<meta name=\"twitter:data1\" content=\"Tino Lago\" \/>\n\t<meta name=\"twitter:label2\" content=\"Tempo de lectura\" \/>\n\t<meta name=\"twitter:data2\" content=\"2 minutos\" \/>\n<script type=\"application\/ld+json\" class=\"yoast-schema-graph\">{\"@context\":\"https:\\\/\\\/schema.org\",\"@graph\":[{\"@type\":\"Article\",\"@id\":\"https:\\\/\\\/www.anovapeneira.gal\\\/index.php\\\/2020\\\/03\\\/26\\\/loli-castineira-alcaldesa-de-salceda\\\/#article\",\"isPartOf\":{\"@id\":\"https:\\\/\\\/www.anovapeneira.gal\\\/index.php\\\/2020\\\/03\\\/26\\\/loli-castineira-alcaldesa-de-salceda\\\/\"},\"author\":{\"name\":\"Tino Lago\",\"@id\":\"https:\\\/\\\/www.anovapeneira.gal\\\/#\\\/schema\\\/person\\\/424dfe65e3070fd8a44d22d2c088762a\"},\"headline\":\"Loli Casti\u00f1eira Alcaldesa de Salceda\",\"datePublished\":\"2020-03-26T11:00:47+00:00\",\"mainEntityOfPage\":{\"@id\":\"https:\\\/\\\/www.anovapeneira.gal\\\/index.php\\\/2020\\\/03\\\/26\\\/loli-castineira-alcaldesa-de-salceda\\\/\"},\"wordCount\":484,\"commentCount\":0,\"publisher\":{\"@id\":\"https:\\\/\\\/www.anovapeneira.gal\\\/#organization\"},\"image\":{\"@id\":\"https:\\\/\\\/www.anovapeneira.gal\\\/index.php\\\/2020\\\/03\\\/26\\\/loli-castineira-alcaldesa-de-salceda\\\/#primaryimage\"},\"thumbnailUrl\":\"https:\\\/\\\/www.anovapeneira.gal\\\/wp-content\\\/uploads\\\/2019\\\/12\\\/loli_castinheira_alcaldesa_salceda_a_nova_peneira.jpg\",\"keywords\":[\"Concello de Salceda de Caselas\",\"COVID19\",\"Loli Casti\u00f1eira\"],\"articleSection\":[\"A Louri\u00f1a\"],\"inLanguage\":\"gl-ES\",\"potentialAction\":[{\"@type\":\"CommentAction\",\"name\":\"Comment\",\"target\":[\"https:\\\/\\\/www.anovapeneira.gal\\\/index.php\\\/2020\\\/03\\\/26\\\/loli-castineira-alcaldesa-de-salceda\\\/#respond\"]}]},{\"@type\":\"WebPage\",\"@id\":\"https:\\\/\\\/www.anovapeneira.gal\\\/index.php\\\/2020\\\/03\\\/26\\\/loli-castineira-alcaldesa-de-salceda\\\/\",\"url\":\"https:\\\/\\\/www.anovapeneira.gal\\\/index.php\\\/2020\\\/03\\\/26\\\/loli-castineira-alcaldesa-de-salceda\\\/\",\"name\":\"Loli Casti\u00f1eira Alcaldesa de Salceda -\",\"isPartOf\":{\"@id\":\"https:\\\/\\\/www.anovapeneira.gal\\\/#website\"},\"primaryImageOfPage\":{\"@id\":\"https:\\\/\\\/www.anovapeneira.gal\\\/index.php\\\/2020\\\/03\\\/26\\\/loli-castineira-alcaldesa-de-salceda\\\/#primaryimage\"},\"image\":{\"@id\":\"https:\\\/\\\/www.anovapeneira.gal\\\/index.php\\\/2020\\\/03\\\/26\\\/loli-castineira-alcaldesa-de-salceda\\\/#primaryimage\"},\"thumbnailUrl\":\"https:\\\/\\\/www.anovapeneira.gal\\\/wp-content\\\/uploads\\\/2019\\\/12\\\/loli_castinheira_alcaldesa_salceda_a_nova_peneira.jpg\",\"datePublished\":\"2020-03-26T11:00:47+00:00\",\"breadcrumb\":{\"@id\":\"https:\\\/\\\/www.anovapeneira.gal\\\/index.php\\\/2020\\\/03\\\/26\\\/loli-castineira-alcaldesa-de-salceda\\\/#breadcrumb\"},\"inLanguage\":\"gl-ES\",\"potentialAction\":[{\"@type\":\"ReadAction\",\"target\":[\"https:\\\/\\\/www.anovapeneira.gal\\\/index.php\\\/2020\\\/03\\\/26\\\/loli-castineira-alcaldesa-de-salceda\\\/\"]}]},{\"@type\":\"ImageObject\",\"inLanguage\":\"gl-ES\",\"@id\":\"https:\\\/\\\/www.anovapeneira.gal\\\/index.php\\\/2020\\\/03\\\/26\\\/loli-castineira-alcaldesa-de-salceda\\\/#primaryimage\",\"url\":\"https:\\\/\\\/www.anovapeneira.gal\\\/wp-content\\\/uploads\\\/2019\\\/12\\\/loli_castinheira_alcaldesa_salceda_a_nova_peneira.jpg\",\"contentUrl\":\"https:\\\/\\\/www.anovapeneira.gal\\\/wp-content\\\/uploads\\\/2019\\\/12\\\/loli_castinheira_alcaldesa_salceda_a_nova_peneira.jpg\",\"width\":720,\"height\":432,\"caption\":\"Alcaldes de Salceda de Caselas Loli Casti\u00f1eiras A Nova Peneria\"},{\"@type\":\"BreadcrumbList\",\"@id\":\"https:\\\/\\\/www.anovapeneira.gal\\\/index.php\\\/2020\\\/03\\\/26\\\/loli-castineira-alcaldesa-de-salceda\\\/#breadcrumb\",\"itemListElement\":[{\"@type\":\"ListItem\",\"position\":1,\"name\":\"Portada\",\"item\":\"https:\\\/\\\/www.anovapeneira.gal\\\/\"},{\"@type\":\"ListItem\",\"position\":2,\"name\":\"Loli Casti\u00f1eira Alcaldesa de Salceda\"}]},{\"@type\":\"WebSite\",\"@id\":\"https:\\\/\\\/www.anovapeneira.gal\\\/#website\",\"url\":\"https:\\\/\\\/www.anovapeneira.gal\\\/\",\"name\":\"\",\"description\":\"Xornal galego de informaci\u00f3n xeral Publicaci\u00f3n mensual de novas de Galicia e en especial dos Concellos da sur da provincia de Pontevedra.\",\"publisher\":{\"@id\":\"https:\\\/\\\/www.anovapeneira.gal\\\/#organization\"},\"potentialAction\":[{\"@type\":\"SearchAction\",\"target\":{\"@type\":\"EntryPoint\",\"urlTemplate\":\"https:\\\/\\\/www.anovapeneira.gal\\\/?s={search_term_string}\"},\"query-input\":{\"@type\":\"PropertyValueSpecification\",\"valueRequired\":true,\"valueName\":\"search_term_string\"}}],\"inLanguage\":\"gl-ES\"},{\"@type\":\"Organization\",\"@id\":\"https:\\\/\\\/www.anovapeneira.gal\\\/#organization\",\"name\":\"A Nova Peneira\",\"url\":\"https:\\\/\\\/www.anovapeneira.gal\\\/\",\"logo\":{\"@type\":\"ImageObject\",\"inLanguage\":\"gl-ES\",\"@id\":\"https:\\\/\\\/www.anovapeneira.gal\\\/#\\\/schema\\\/logo\\\/image\\\/\",\"url\":\"http:\\\/\\\/www.anovapeneira.gal\\\/wp-content\\\/uploads\\\/2019\\\/06\\\/logo_a_nova_peneira_portal_web.png\",\"contentUrl\":\"http:\\\/\\\/www.anovapeneira.gal\\\/wp-content\\\/uploads\\\/2019\\\/06\\\/logo_a_nova_peneira_portal_web.png\",\"width\":300,\"height\":100,\"caption\":\"A Nova Peneira\"},\"image\":{\"@id\":\"https:\\\/\\\/www.anovapeneira.gal\\\/#\\\/schema\\\/logo\\\/image\\\/\"},\"sameAs\":[\"https:\\\/\\\/www.facebook.com\\\/anovapeneira\",\"https:\\\/\\\/x.com\\\/APeneira\"]},{\"@type\":\"Person\",\"@id\":\"https:\\\/\\\/www.anovapeneira.gal\\\/#\\\/schema\\\/person\\\/424dfe65e3070fd8a44d22d2c088762a\",\"name\":\"Tino Lago\",\"image\":{\"@type\":\"ImageObject\",\"inLanguage\":\"gl-ES\",\"@id\":\"https:\\\/\\\/secure.gravatar.com\\\/avatar\\\/b3df6a06e44bab3111583b90f0f33a0379ee5e3d22cbadd232d39f21c30c62be?s=96&d=mm&r=g\",\"url\":\"https:\\\/\\\/secure.gravatar.com\\\/avatar\\\/b3df6a06e44bab3111583b90f0f33a0379ee5e3d22cbadd232d39f21c30c62be?s=96&d=mm&r=g\",\"contentUrl\":\"https:\\\/\\\/secure.gravatar.com\\\/avatar\\\/b3df6a06e44bab3111583b90f0f33a0379ee5e3d22cbadd232d39f21c30c62be?s=96&d=mm&r=g\",\"caption\":\"Tino Lago\"},\"sameAs\":[\"http:\\\/\\\/www.anovapeneira.gal\"],\"url\":\"https:\\\/\\\/www.anovapeneira.gal\\\/index.php\\\/author\\\/director\\\/\"}]}<\/script>\n<!-- \/ Yoast SEO plugin. -->","yoast_head_json":{"title":"Loli Casti\u00f1eira Alcaldesa de Salceda -","robots":{"index":"index","follow":"follow","max-snippet":"max-snippet:-1","max-image-preview":"max-image-preview:large","max-video-preview":"max-video-preview:-1"},"canonical":"https:\/\/www.anovapeneira.gal\/index.php\/2020\/03\/26\/loli-castineira-alcaldesa-de-salceda\/","og_locale":"gl_ES","og_type":"article","og_title":"Loli Casti\u00f1eira Alcaldesa de Salceda -","og_description":"Eu estou moi forte, sendo moi consciente da responsabilidade que te\u00f1o , e traballando c\u00f3bado con c\u00f3bado con todo o meu equipo [...]","og_url":"https:\/\/www.anovapeneira.gal\/index.php\/2020\/03\/26\/loli-castineira-alcaldesa-de-salceda\/","article_publisher":"https:\/\/www.facebook.com\/anovapeneira","article_published_time":"2020-03-26T11:00:47+00:00","og_image":[{"width":720,"height":432,"url":"https:\/\/www.anovapeneira.gal\/wp-content\/uploads\/2019\/12\/loli_castinheira_alcaldesa_salceda_a_nova_peneira.jpg","type":"image\/jpeg"}],"author":"Tino Lago","twitter_card":"summary_large_image","twitter_creator":"@APeneira","twitter_site":"@APeneira","twitter_misc":{"Escrito por":"Tino Lago","Tempo de lectura":"2 minutos"},"schema":{"@context":"https:\/\/schema.org","@graph":[{"@type":"Article","@id":"https:\/\/www.anovapeneira.gal\/index.php\/2020\/03\/26\/loli-castineira-alcaldesa-de-salceda\/#article","isPartOf":{"@id":"https:\/\/www.anovapeneira.gal\/index.php\/2020\/03\/26\/loli-castineira-alcaldesa-de-salceda\/"},"author":{"name":"Tino Lago","@id":"https:\/\/www.anovapeneira.gal\/#\/schema\/person\/424dfe65e3070fd8a44d22d2c088762a"},"headline":"Loli Casti\u00f1eira Alcaldesa de Salceda","datePublished":"2020-03-26T11:00:47+00:00","mainEntityOfPage":{"@id":"https:\/\/www.anovapeneira.gal\/index.php\/2020\/03\/26\/loli-castineira-alcaldesa-de-salceda\/"},"wordCount":484,"commentCount":0,"publisher":{"@id":"https:\/\/www.anovapeneira.gal\/#organization"},"image":{"@id":"https:\/\/www.anovapeneira.gal\/index.php\/2020\/03\/26\/loli-castineira-alcaldesa-de-salceda\/#primaryimage"},"thumbnailUrl":"https:\/\/www.anovapeneira.gal\/wp-content\/uploads\/2019\/12\/loli_castinheira_alcaldesa_salceda_a_nova_peneira.jpg","keywords":["Concello de Salceda de Caselas","COVID19","Loli Casti\u00f1eira"],"articleSection":["A Louri\u00f1a"],"inLanguage":"gl-ES","potentialAction":[{"@type":"CommentAction","name":"Comment","target":["https:\/\/www.anovapeneira.gal\/index.php\/2020\/03\/26\/loli-castineira-alcaldesa-de-salceda\/#respond"]}]},{"@type":"WebPage","@id":"https:\/\/www.anovapeneira.gal\/index.php\/2020\/03\/26\/loli-castineira-alcaldesa-de-salceda\/","url":"https:\/\/www.anovapeneira.gal\/index.php\/2020\/03\/26\/loli-castineira-alcaldesa-de-salceda\/","name":"Loli Casti\u00f1eira Alcaldesa de Salceda -","isPartOf":{"@id":"https:\/\/www.anovapeneira.gal\/#website"},"primaryImageOfPage":{"@id":"https:\/\/www.anovapeneira.gal\/index.php\/2020\/03\/26\/loli-castineira-alcaldesa-de-salceda\/#primaryimage"},"image":{"@id":"https:\/\/www.anovapeneira.gal\/index.php\/2020\/03\/26\/loli-castineira-alcaldesa-de-salceda\/#primaryimage"},"thumbnailUrl":"https:\/\/www.anovapeneira.gal\/wp-content\/uploads\/2019\/12\/loli_castinheira_alcaldesa_salceda_a_nova_peneira.jpg","datePublished":"2020-03-26T11:00:47+00:00","breadcrumb":{"@id":"https:\/\/www.anovapeneira.gal\/index.php\/2020\/03\/26\/loli-castineira-alcaldesa-de-salceda\/#breadcrumb"},"inLanguage":"gl-ES","potentialAction":[{"@type":"ReadAction","target":["https:\/\/www.anovapeneira.gal\/index.php\/2020\/03\/26\/loli-castineira-alcaldesa-de-salceda\/"]}]},{"@type":"ImageObject","inLanguage":"gl-ES","@id":"https:\/\/www.anovapeneira.gal\/index.php\/2020\/03\/26\/loli-castineira-alcaldesa-de-salceda\/#primaryimage","url":"https:\/\/www.anovapeneira.gal\/wp-content\/uploads\/2019\/12\/loli_castinheira_alcaldesa_salceda_a_nova_peneira.jpg","contentUrl":"https:\/\/www.anovapeneira.gal\/wp-content\/uploads\/2019\/12\/loli_castinheira_alcaldesa_salceda_a_nova_peneira.jpg","width":720,"height":432,"caption":"Alcaldes de Salceda de Caselas Loli Casti\u00f1eiras A Nova Peneria"},{"@type":"BreadcrumbList","@id":"https:\/\/www.anovapeneira.gal\/index.php\/2020\/03\/26\/loli-castineira-alcaldesa-de-salceda\/#breadcrumb","itemListElement":[{"@type":"ListItem","position":1,"name":"Portada","item":"https:\/\/www.anovapeneira.gal\/"},{"@type":"ListItem","position":2,"name":"Loli Casti\u00f1eira Alcaldesa de Salceda"}]},{"@type":"WebSite","@id":"https:\/\/www.anovapeneira.gal\/#website","url":"https:\/\/www.anovapeneira.gal\/","name":"","description":"Xornal galego de informaci\u00f3n xeral Publicaci\u00f3n mensual de novas de Galicia e en especial dos Concellos da sur da provincia de Pontevedra.","publisher":{"@id":"https:\/\/www.anovapeneira.gal\/#organization"},"potentialAction":[{"@type":"SearchAction","target":{"@type":"EntryPoint","urlTemplate":"https:\/\/www.anovapeneira.gal\/?s={search_term_string}"},"query-input":{"@type":"PropertyValueSpecification","valueRequired":true,"valueName":"search_term_string"}}],"inLanguage":"gl-ES"},{"@type":"Organization","@id":"https:\/\/www.anovapeneira.gal\/#organization","name":"A Nova Peneira","url":"https:\/\/www.anovapeneira.gal\/","logo":{"@type":"ImageObject","inLanguage":"gl-ES","@id":"https:\/\/www.anovapeneira.gal\/#\/schema\/logo\/image\/","url":"http:\/\/www.anovapeneira.gal\/wp-content\/uploads\/2019\/06\/logo_a_nova_peneira_portal_web.png","contentUrl":"http:\/\/www.anovapeneira.gal\/wp-content\/uploads\/2019\/06\/logo_a_nova_peneira_portal_web.png","width":300,"height":100,"caption":"A Nova Peneira"},"image":{"@id":"https:\/\/www.anovapeneira.gal\/#\/schema\/logo\/image\/"},"sameAs":["https:\/\/www.facebook.com\/anovapeneira","https:\/\/x.com\/APeneira"]},{"@type":"Person","@id":"https:\/\/www.anovapeneira.gal\/#\/schema\/person\/424dfe65e3070fd8a44d22d2c088762a","name":"Tino Lago","image":{"@type":"ImageObject","inLanguage":"gl-ES","@id":"https:\/\/secure.gravatar.com\/avatar\/b3df6a06e44bab3111583b90f0f33a0379ee5e3d22cbadd232d39f21c30c62be?s=96&d=mm&r=g","url":"https:\/\/secure.gravatar.com\/avatar\/b3df6a06e44bab3111583b90f0f33a0379ee5e3d22cbadd232d39f21c30c62be?s=96&d=mm&r=g","contentUrl":"https:\/\/secure.gravatar.com\/avatar\/b3df6a06e44bab3111583b90f0f33a0379ee5e3d22cbadd232d39f21c30c62be?s=96&d=mm&r=g","caption":"Tino Lago"},"sameAs":["http:\/\/www.anovapeneira.gal"],"url":"https:\/\/www.anovapeneira.gal\/index.php\/author\/director\/"}]}},"jetpack_featured_media_url":"https:\/\/www.anovapeneira.gal\/wp-content\/uploads\/2019\/12\/loli_castinheira_alcaldesa_salceda_a_nova_peneira.jpg","_links":{"self":[{"href":"https:\/\/www.anovapeneira.gal\/index.php\/wp-json\/wp\/v2\/posts\/2833","targetHints":{"allow":["GET"]}}],"collection":[{"href":"https:\/\/www.anovapeneira.gal\/index.php\/wp-json\/wp\/v2\/posts"}],"about":[{"href":"https:\/\/www.anovapeneira.gal\/index.php\/wp-json\/wp\/v2\/types\/post"}],"author":[{"embeddable":true,"href":"https:\/\/www.anovapeneira.gal\/index.php\/wp-json\/wp\/v2\/users\/2"}],"replies":[{"embeddable":true,"href":"https:\/\/www.anovapeneira.gal\/index.php\/wp-json\/wp\/v2\/comments?post=2833"}],"version-history":[{"count":1,"href":"https:\/\/www.anovapeneira.gal\/index.php\/wp-json\/wp\/v2\/posts\/2833\/revisions"}],"predecessor-version":[{"id":2834,"href":"https:\/\/www.anovapeneira.gal\/index.php\/wp-json\/wp\/v2\/posts\/2833\/revisions\/2834"}],"wp:featuredmedia":[{"embeddable":true,"href":"https:\/\/www.anovapeneira.gal\/index.php\/wp-json\/wp\/v2\/media\/2080"}],"wp:attachment":[{"href":"https:\/\/www.anovapeneira.gal\/index.php\/wp-json\/wp\/v2\/media?parent=2833"}],"wp:term":[{"taxonomy":"category","embeddable":true,"href":"https:\/\/www.anovapeneira.gal\/index.php\/wp-json\/wp\/v2\/categories?post=2833"},{"taxonomy":"post_tag","embeddable":true,"href":"https:\/\/www.anovapeneira.gal\/index.php\/wp-json\/wp\/v2\/tags?post=2833"}],"curies":[{"name":"wp","href":"https:\/\/api.w.org\/{rel}","templated":true}]}}