{"id":2837,"date":"2020-03-27T10:00:16","date_gmt":"2020-03-27T09:00:16","guid":{"rendered":"http:\/\/www.anovapeneira.gal\/?p=2837"},"modified":"2020-03-27T07:01:32","modified_gmt":"2020-03-27T06:01:32","slug":"cristina-correa-alcaldesa-de-oia","status":"publish","type":"post","link":"https:\/\/www.anovapeneira.gal\/index.php\/2020\/03\/27\/cristina-correa-alcaldesa-de-oia\/","title":{"rendered":"Cristina Correa Alcaldesa de Oia"},"content":{"rendered":"\n<p><strong>A primeira para ti\nCristina, como est\u00e1s de \u00e1nimos para afrontar unha responsabilidade\ntan grande?<\/strong><\/p>\n\n\n\n<blockquote class=\"wp-block-quote is-layout-flow wp-block-quote-is-layout-flow\"><p>Eu estou ben, grazas por preguntar Tino, son consciente de que unha situaci\u00f3n tan grave como esta, sen precedentes na historia do noso pa\u00eds, esixe estar \u00e1 altura para dar resposta a todas as necesidades que puidesen ter os veci\u00f1os e veci\u00f1as do noso pobo.<\/p><\/blockquote>\n\n\n\n<p><strong>Que medidas est\u00e1 a\ntomar o concello para axudar aos segmentos m\u00e1is vulnerables da\nsociedade?<\/strong><\/p>\n\n\n\n<blockquote class=\"wp-block-quote is-layout-flow wp-block-quote-is-layout-flow\"><p>Dende o departamento e servizos sociais reforzamos o sistema de reparto de alimentos para asistir non s\u00f3 aos usuarios habituais sen\u00f3n tam\u00e9n a todos aqueles veci\u00f1os que polas situaci\u00f3n que estamos a vivir poidan precisar unha axuda puntual. Temos tam\u00e9n un servizo de voluntariado que en colaboraci\u00f3n co persoal do Concello est\u00e1 ao dispor de todas aquelas persoas que ou ben pola s\u00faa idade, ou ben por calquera outra circunstancia te\u00f1an dificultades de mobilidade para desprazarse a adquirir alimentos ou medicinas. A nosa vontade \u00e9 moi clara, non deixar a ningu\u00e9n tirado en ning\u00fan caso, e que todo o mundo saiba que o concello vai estar a\u00ed para atender as necesidades. E quixera destacar tam\u00e9n o papel  das asociaci\u00f3ns de veci\u00f1os coas que estou en contacto permanente e c\u00f3nstame que est\u00e1n \u00e1 altura para botar unha man no que se precise.<\/p><\/blockquote>\n\n\n\n<p><strong>Est\u00e1s contenta do\nnivel de civismo que est\u00e1  a amosar a sociedade de Oia ata o\nmomento?<\/strong><\/p>\n\n\n\n<blockquote class=\"wp-block-quote is-layout-flow wp-block-quote-is-layout-flow\"><p>Houbo unha evoluci\u00f3n en positivo, ao principio non hab\u00eda a necesaria toma de conciencia da seriedade da situaci\u00f3n ,pero ese problema se est\u00e1 a solucionar e, en li\u00f1as xerais, a inmensa maior\u00eda comp\u00f3rtase coa responsabilidade c\u00edvica que un problema tan grande como este require.<\/p><\/blockquote>\n\n\n\n<p><strong>Temos constatado alg\u00fan\npositivo no concello?<\/strong><\/p>\n\n\n\n<blockquote class=\"wp-block-quote is-layout-flow wp-block-quote-is-layout-flow\"><p>De momento( 23\/3) non, pero asumo que \u00e9 moi probable que chegue en calquera instante, e estarmos preparados para aplicar con rigor todos os protocolos sanitarios necesarios.<\/p><\/blockquote>\n\n\n\n<p><strong>De material sanitario,\nmascarillas, luvas e xel desinfectante como estamos?<\/strong><\/p>\n\n\n\n<blockquote class=\"wp-block-quote is-layout-flow wp-block-quote-is-layout-flow\"><p>O m\u00e1is complicado son as mascarillas, de feito estamos fatal. Conseguimos xeles hidroalch\u00f3licos que repartimos polas tendas para que estiveran a dispor da veci\u00f1anza.<\/p><\/blockquote>\n\n\n\n<p><strong>O confinamento\nprolongado pode ocasionar serios problemas psicol\u00f3xicos, algunha\nmensaxe en positivo para a veci\u00f1anza, alcaldesa?<\/strong><\/p>\n\n\n\n<blockquote class=\"wp-block-quote is-layout-flow wp-block-quote-is-layout-flow\"><p>Son momentos de extraordinaria dificultade, probablemente os m\u00e1is dif\u00edciles da nosa historia recente desde a guerra civil, e temos que estar \u00e1 altura. Eu salientar\u00eda que nestas circunstancias vese o mellor do se humano, qu\u00e9dome coa grande cantidade de persoas que se ofrecen como voluntarias, dando o mellor de si mesmas para axudar \u00e1s demais. Tomemos o seu exemplo e demos o mellor de n\u00f3s aos que nos rodean, s\u00f3 as\u00ed superaremos isto o antes posibles e coa menor cantidade de dano posible.<\/p><\/blockquote>\n\n\n\n<p><strong>Moitas grazas Cristina,\ne moita sorte para ti e para toda a veci\u00f1anza de Oia<\/strong><\/p>\n","protected":false},"excerpt":{"rendered":"<div class=\"mh-excerpt\"><p>son consciente de que unha situaci\u00f3n tan grave como esta, sen precedentes na historia do noso pa\u00eds,  <a class=\"mh-excerpt-more\" href=\"https:\/\/www.anovapeneira.gal\/index.php\/2020\/03\/27\/cristina-correa-alcaldesa-de-oia\/\" title=\"Cristina Correa Alcaldesa de Oia\">[&#8230;]<\/a><\/p>\n<\/div>","protected":false},"author":2,"featured_media":2839,"comment_status":"open","ping_status":"open","sticky":false,"template":"","format":"standard","meta":{"_exactmetrics_skip_tracking":false,"_exactmetrics_sitenote_active":false,"_exactmetrics_sitenote_note":"","_exactmetrics_sitenote_category":0,"footnotes":""},"categories":[21],"tags":[456,1006,1017],"class_list":{"0":"post-2837","1":"post","2":"type-post","3":"status-publish","4":"format-standard","5":"has-post-thumbnail","7":"category-baixo-mino","8":"tag-concello-de-oia","9":"tag-covid19","10":"tag-cristina-correa"},"yoast_head":"<!-- This site is optimized with the Yoast SEO plugin v27.4 - https:\/\/yoast.com\/product\/yoast-seo-wordpress\/ -->\n<title>Cristina Correa Alcaldesa de Oia -<\/title>\n<meta name=\"robots\" content=\"index, follow, max-snippet:-1, max-image-preview:large, max-video-preview:-1\" \/>\n<link rel=\"canonical\" href=\"https:\/\/www.anovapeneira.gal\/index.php\/2020\/03\/27\/cristina-correa-alcaldesa-de-oia\/\" \/>\n<meta property=\"og:locale\" content=\"gl_ES\" \/>\n<meta property=\"og:type\" content=\"article\" \/>\n<meta property=\"og:title\" content=\"Cristina Correa Alcaldesa de Oia -\" \/>\n<meta property=\"og:description\" content=\"son consciente de que unha situaci\u00f3n tan grave como esta, sen precedentes na historia do noso pa\u00eds, [...]\" \/>\n<meta property=\"og:url\" content=\"https:\/\/www.anovapeneira.gal\/index.php\/2020\/03\/27\/cristina-correa-alcaldesa-de-oia\/\" \/>\n<meta property=\"article:publisher\" content=\"https:\/\/www.facebook.com\/anovapeneira\" \/>\n<meta property=\"article:published_time\" content=\"2020-03-27T09:00:16+00:00\" \/>\n<meta property=\"og:image\" content=\"https:\/\/www.anovapeneira.gal\/wp-content\/uploads\/2020\/03\/cristina_correa_Alcaldesa_de_oia_a_nova_peneira-scaled.jpg\" \/>\n\t<meta property=\"og:image:width\" content=\"2560\" \/>\n\t<meta property=\"og:image:height\" content=\"1536\" \/>\n\t<meta property=\"og:image:type\" content=\"image\/jpeg\" \/>\n<meta name=\"author\" content=\"Tino Lago\" \/>\n<meta name=\"twitter:card\" content=\"summary_large_image\" \/>\n<meta name=\"twitter:creator\" content=\"@APeneira\" \/>\n<meta name=\"twitter:site\" content=\"@APeneira\" \/>\n<meta name=\"twitter:label1\" content=\"Escrito por\" \/>\n\t<meta name=\"twitter:data1\" content=\"Tino Lago\" \/>\n\t<meta name=\"twitter:label2\" content=\"Tempo de lectura\" \/>\n\t<meta name=\"twitter:data2\" content=\"2 minutos\" \/>\n<script type=\"application\/ld+json\" class=\"yoast-schema-graph\">{\"@context\":\"https:\\\/\\\/schema.org\",\"@graph\":[{\"@type\":\"Article\",\"@id\":\"https:\\\/\\\/www.anovapeneira.gal\\\/index.php\\\/2020\\\/03\\\/27\\\/cristina-correa-alcaldesa-de-oia\\\/#article\",\"isPartOf\":{\"@id\":\"https:\\\/\\\/www.anovapeneira.gal\\\/index.php\\\/2020\\\/03\\\/27\\\/cristina-correa-alcaldesa-de-oia\\\/\"},\"author\":{\"name\":\"Tino Lago\",\"@id\":\"https:\\\/\\\/www.anovapeneira.gal\\\/#\\\/schema\\\/person\\\/424dfe65e3070fd8a44d22d2c088762a\"},\"headline\":\"Cristina Correa Alcaldesa de Oia\",\"datePublished\":\"2020-03-27T09:00:16+00:00\",\"mainEntityOfPage\":{\"@id\":\"https:\\\/\\\/www.anovapeneira.gal\\\/index.php\\\/2020\\\/03\\\/27\\\/cristina-correa-alcaldesa-de-oia\\\/\"},\"wordCount\":498,\"commentCount\":0,\"publisher\":{\"@id\":\"https:\\\/\\\/www.anovapeneira.gal\\\/#organization\"},\"image\":{\"@id\":\"https:\\\/\\\/www.anovapeneira.gal\\\/index.php\\\/2020\\\/03\\\/27\\\/cristina-correa-alcaldesa-de-oia\\\/#primaryimage\"},\"thumbnailUrl\":\"https:\\\/\\\/www.anovapeneira.gal\\\/wp-content\\\/uploads\\\/2020\\\/03\\\/cristina_correa_Alcaldesa_de_oia_a_nova_peneira-scaled.jpg\",\"keywords\":[\"Concello de Oia\",\"COVID19\",\"Cristina Correa\"],\"articleSection\":[\"Baixo Mi\u00f1o\"],\"inLanguage\":\"gl-ES\",\"potentialAction\":[{\"@type\":\"CommentAction\",\"name\":\"Comment\",\"target\":[\"https:\\\/\\\/www.anovapeneira.gal\\\/index.php\\\/2020\\\/03\\\/27\\\/cristina-correa-alcaldesa-de-oia\\\/#respond\"]}]},{\"@type\":\"WebPage\",\"@id\":\"https:\\\/\\\/www.anovapeneira.gal\\\/index.php\\\/2020\\\/03\\\/27\\\/cristina-correa-alcaldesa-de-oia\\\/\",\"url\":\"https:\\\/\\\/www.anovapeneira.gal\\\/index.php\\\/2020\\\/03\\\/27\\\/cristina-correa-alcaldesa-de-oia\\\/\",\"name\":\"Cristina Correa Alcaldesa de Oia -\",\"isPartOf\":{\"@id\":\"https:\\\/\\\/www.anovapeneira.gal\\\/#website\"},\"primaryImageOfPage\":{\"@id\":\"https:\\\/\\\/www.anovapeneira.gal\\\/index.php\\\/2020\\\/03\\\/27\\\/cristina-correa-alcaldesa-de-oia\\\/#primaryimage\"},\"image\":{\"@id\":\"https:\\\/\\\/www.anovapeneira.gal\\\/index.php\\\/2020\\\/03\\\/27\\\/cristina-correa-alcaldesa-de-oia\\\/#primaryimage\"},\"thumbnailUrl\":\"https:\\\/\\\/www.anovapeneira.gal\\\/wp-content\\\/uploads\\\/2020\\\/03\\\/cristina_correa_Alcaldesa_de_oia_a_nova_peneira-scaled.jpg\",\"datePublished\":\"2020-03-27T09:00:16+00:00\",\"breadcrumb\":{\"@id\":\"https:\\\/\\\/www.anovapeneira.gal\\\/index.php\\\/2020\\\/03\\\/27\\\/cristina-correa-alcaldesa-de-oia\\\/#breadcrumb\"},\"inLanguage\":\"gl-ES\",\"potentialAction\":[{\"@type\":\"ReadAction\",\"target\":[\"https:\\\/\\\/www.anovapeneira.gal\\\/index.php\\\/2020\\\/03\\\/27\\\/cristina-correa-alcaldesa-de-oia\\\/\"]}]},{\"@type\":\"ImageObject\",\"inLanguage\":\"gl-ES\",\"@id\":\"https:\\\/\\\/www.anovapeneira.gal\\\/index.php\\\/2020\\\/03\\\/27\\\/cristina-correa-alcaldesa-de-oia\\\/#primaryimage\",\"url\":\"https:\\\/\\\/www.anovapeneira.gal\\\/wp-content\\\/uploads\\\/2020\\\/03\\\/cristina_correa_Alcaldesa_de_oia_a_nova_peneira-scaled.jpg\",\"contentUrl\":\"https:\\\/\\\/www.anovapeneira.gal\\\/wp-content\\\/uploads\\\/2020\\\/03\\\/cristina_correa_Alcaldesa_de_oia_a_nova_peneira-scaled.jpg\",\"width\":2560,\"height\":1536,\"caption\":\"Crisitna Correa A Nova Peneira\"},{\"@type\":\"BreadcrumbList\",\"@id\":\"https:\\\/\\\/www.anovapeneira.gal\\\/index.php\\\/2020\\\/03\\\/27\\\/cristina-correa-alcaldesa-de-oia\\\/#breadcrumb\",\"itemListElement\":[{\"@type\":\"ListItem\",\"position\":1,\"name\":\"Portada\",\"item\":\"https:\\\/\\\/www.anovapeneira.gal\\\/\"},{\"@type\":\"ListItem\",\"position\":2,\"name\":\"Cristina Correa Alcaldesa de Oia\"}]},{\"@type\":\"WebSite\",\"@id\":\"https:\\\/\\\/www.anovapeneira.gal\\\/#website\",\"url\":\"https:\\\/\\\/www.anovapeneira.gal\\\/\",\"name\":\"\",\"description\":\"Xornal galego de informaci\u00f3n xeral Publicaci\u00f3n mensual de novas de Galicia e en especial dos Concellos da sur da provincia de Pontevedra.\",\"publisher\":{\"@id\":\"https:\\\/\\\/www.anovapeneira.gal\\\/#organization\"},\"potentialAction\":[{\"@type\":\"SearchAction\",\"target\":{\"@type\":\"EntryPoint\",\"urlTemplate\":\"https:\\\/\\\/www.anovapeneira.gal\\\/?s={search_term_string}\"},\"query-input\":{\"@type\":\"PropertyValueSpecification\",\"valueRequired\":true,\"valueName\":\"search_term_string\"}}],\"inLanguage\":\"gl-ES\"},{\"@type\":\"Organization\",\"@id\":\"https:\\\/\\\/www.anovapeneira.gal\\\/#organization\",\"name\":\"A Nova Peneira\",\"url\":\"https:\\\/\\\/www.anovapeneira.gal\\\/\",\"logo\":{\"@type\":\"ImageObject\",\"inLanguage\":\"gl-ES\",\"@id\":\"https:\\\/\\\/www.anovapeneira.gal\\\/#\\\/schema\\\/logo\\\/image\\\/\",\"url\":\"http:\\\/\\\/www.anovapeneira.gal\\\/wp-content\\\/uploads\\\/2019\\\/06\\\/logo_a_nova_peneira_portal_web.png\",\"contentUrl\":\"http:\\\/\\\/www.anovapeneira.gal\\\/wp-content\\\/uploads\\\/2019\\\/06\\\/logo_a_nova_peneira_portal_web.png\",\"width\":300,\"height\":100,\"caption\":\"A Nova Peneira\"},\"image\":{\"@id\":\"https:\\\/\\\/www.anovapeneira.gal\\\/#\\\/schema\\\/logo\\\/image\\\/\"},\"sameAs\":[\"https:\\\/\\\/www.facebook.com\\\/anovapeneira\",\"https:\\\/\\\/x.com\\\/APeneira\"]},{\"@type\":\"Person\",\"@id\":\"https:\\\/\\\/www.anovapeneira.gal\\\/#\\\/schema\\\/person\\\/424dfe65e3070fd8a44d22d2c088762a\",\"name\":\"Tino Lago\",\"image\":{\"@type\":\"ImageObject\",\"inLanguage\":\"gl-ES\",\"@id\":\"https:\\\/\\\/secure.gravatar.com\\\/avatar\\\/b3df6a06e44bab3111583b90f0f33a0379ee5e3d22cbadd232d39f21c30c62be?s=96&d=mm&r=g\",\"url\":\"https:\\\/\\\/secure.gravatar.com\\\/avatar\\\/b3df6a06e44bab3111583b90f0f33a0379ee5e3d22cbadd232d39f21c30c62be?s=96&d=mm&r=g\",\"contentUrl\":\"https:\\\/\\\/secure.gravatar.com\\\/avatar\\\/b3df6a06e44bab3111583b90f0f33a0379ee5e3d22cbadd232d39f21c30c62be?s=96&d=mm&r=g\",\"caption\":\"Tino Lago\"},\"sameAs\":[\"http:\\\/\\\/www.anovapeneira.gal\"],\"url\":\"https:\\\/\\\/www.anovapeneira.gal\\\/index.php\\\/author\\\/director\\\/\"}]}<\/script>\n<!-- \/ Yoast SEO plugin. -->","yoast_head_json":{"title":"Cristina Correa Alcaldesa de Oia -","robots":{"index":"index","follow":"follow","max-snippet":"max-snippet:-1","max-image-preview":"max-image-preview:large","max-video-preview":"max-video-preview:-1"},"canonical":"https:\/\/www.anovapeneira.gal\/index.php\/2020\/03\/27\/cristina-correa-alcaldesa-de-oia\/","og_locale":"gl_ES","og_type":"article","og_title":"Cristina Correa Alcaldesa de Oia -","og_description":"son consciente de que unha situaci\u00f3n tan grave como esta, sen precedentes na historia do noso pa\u00eds, [...]","og_url":"https:\/\/www.anovapeneira.gal\/index.php\/2020\/03\/27\/cristina-correa-alcaldesa-de-oia\/","article_publisher":"https:\/\/www.facebook.com\/anovapeneira","article_published_time":"2020-03-27T09:00:16+00:00","og_image":[{"width":2560,"height":1536,"url":"https:\/\/www.anovapeneira.gal\/wp-content\/uploads\/2020\/03\/cristina_correa_Alcaldesa_de_oia_a_nova_peneira-scaled.jpg","type":"image\/jpeg"}],"author":"Tino Lago","twitter_card":"summary_large_image","twitter_creator":"@APeneira","twitter_site":"@APeneira","twitter_misc":{"Escrito por":"Tino Lago","Tempo de lectura":"2 minutos"},"schema":{"@context":"https:\/\/schema.org","@graph":[{"@type":"Article","@id":"https:\/\/www.anovapeneira.gal\/index.php\/2020\/03\/27\/cristina-correa-alcaldesa-de-oia\/#article","isPartOf":{"@id":"https:\/\/www.anovapeneira.gal\/index.php\/2020\/03\/27\/cristina-correa-alcaldesa-de-oia\/"},"author":{"name":"Tino Lago","@id":"https:\/\/www.anovapeneira.gal\/#\/schema\/person\/424dfe65e3070fd8a44d22d2c088762a"},"headline":"Cristina Correa Alcaldesa de Oia","datePublished":"2020-03-27T09:00:16+00:00","mainEntityOfPage":{"@id":"https:\/\/www.anovapeneira.gal\/index.php\/2020\/03\/27\/cristina-correa-alcaldesa-de-oia\/"},"wordCount":498,"commentCount":0,"publisher":{"@id":"https:\/\/www.anovapeneira.gal\/#organization"},"image":{"@id":"https:\/\/www.anovapeneira.gal\/index.php\/2020\/03\/27\/cristina-correa-alcaldesa-de-oia\/#primaryimage"},"thumbnailUrl":"https:\/\/www.anovapeneira.gal\/wp-content\/uploads\/2020\/03\/cristina_correa_Alcaldesa_de_oia_a_nova_peneira-scaled.jpg","keywords":["Concello de Oia","COVID19","Cristina Correa"],"articleSection":["Baixo Mi\u00f1o"],"inLanguage":"gl-ES","potentialAction":[{"@type":"CommentAction","name":"Comment","target":["https:\/\/www.anovapeneira.gal\/index.php\/2020\/03\/27\/cristina-correa-alcaldesa-de-oia\/#respond"]}]},{"@type":"WebPage","@id":"https:\/\/www.anovapeneira.gal\/index.php\/2020\/03\/27\/cristina-correa-alcaldesa-de-oia\/","url":"https:\/\/www.anovapeneira.gal\/index.php\/2020\/03\/27\/cristina-correa-alcaldesa-de-oia\/","name":"Cristina Correa Alcaldesa de Oia -","isPartOf":{"@id":"https:\/\/www.anovapeneira.gal\/#website"},"primaryImageOfPage":{"@id":"https:\/\/www.anovapeneira.gal\/index.php\/2020\/03\/27\/cristina-correa-alcaldesa-de-oia\/#primaryimage"},"image":{"@id":"https:\/\/www.anovapeneira.gal\/index.php\/2020\/03\/27\/cristina-correa-alcaldesa-de-oia\/#primaryimage"},"thumbnailUrl":"https:\/\/www.anovapeneira.gal\/wp-content\/uploads\/2020\/03\/cristina_correa_Alcaldesa_de_oia_a_nova_peneira-scaled.jpg","datePublished":"2020-03-27T09:00:16+00:00","breadcrumb":{"@id":"https:\/\/www.anovapeneira.gal\/index.php\/2020\/03\/27\/cristina-correa-alcaldesa-de-oia\/#breadcrumb"},"inLanguage":"gl-ES","potentialAction":[{"@type":"ReadAction","target":["https:\/\/www.anovapeneira.gal\/index.php\/2020\/03\/27\/cristina-correa-alcaldesa-de-oia\/"]}]},{"@type":"ImageObject","inLanguage":"gl-ES","@id":"https:\/\/www.anovapeneira.gal\/index.php\/2020\/03\/27\/cristina-correa-alcaldesa-de-oia\/#primaryimage","url":"https:\/\/www.anovapeneira.gal\/wp-content\/uploads\/2020\/03\/cristina_correa_Alcaldesa_de_oia_a_nova_peneira-scaled.jpg","contentUrl":"https:\/\/www.anovapeneira.gal\/wp-content\/uploads\/2020\/03\/cristina_correa_Alcaldesa_de_oia_a_nova_peneira-scaled.jpg","width":2560,"height":1536,"caption":"Crisitna Correa A Nova Peneira"},{"@type":"BreadcrumbList","@id":"https:\/\/www.anovapeneira.gal\/index.php\/2020\/03\/27\/cristina-correa-alcaldesa-de-oia\/#breadcrumb","itemListElement":[{"@type":"ListItem","position":1,"name":"Portada","item":"https:\/\/www.anovapeneira.gal\/"},{"@type":"ListItem","position":2,"name":"Cristina Correa Alcaldesa de Oia"}]},{"@type":"WebSite","@id":"https:\/\/www.anovapeneira.gal\/#website","url":"https:\/\/www.anovapeneira.gal\/","name":"","description":"Xornal galego de informaci\u00f3n xeral Publicaci\u00f3n mensual de novas de Galicia e en especial dos Concellos da sur da provincia de Pontevedra.","publisher":{"@id":"https:\/\/www.anovapeneira.gal\/#organization"},"potentialAction":[{"@type":"SearchAction","target":{"@type":"EntryPoint","urlTemplate":"https:\/\/www.anovapeneira.gal\/?s={search_term_string}"},"query-input":{"@type":"PropertyValueSpecification","valueRequired":true,"valueName":"search_term_string"}}],"inLanguage":"gl-ES"},{"@type":"Organization","@id":"https:\/\/www.anovapeneira.gal\/#organization","name":"A Nova Peneira","url":"https:\/\/www.anovapeneira.gal\/","logo":{"@type":"ImageObject","inLanguage":"gl-ES","@id":"https:\/\/www.anovapeneira.gal\/#\/schema\/logo\/image\/","url":"http:\/\/www.anovapeneira.gal\/wp-content\/uploads\/2019\/06\/logo_a_nova_peneira_portal_web.png","contentUrl":"http:\/\/www.anovapeneira.gal\/wp-content\/uploads\/2019\/06\/logo_a_nova_peneira_portal_web.png","width":300,"height":100,"caption":"A Nova Peneira"},"image":{"@id":"https:\/\/www.anovapeneira.gal\/#\/schema\/logo\/image\/"},"sameAs":["https:\/\/www.facebook.com\/anovapeneira","https:\/\/x.com\/APeneira"]},{"@type":"Person","@id":"https:\/\/www.anovapeneira.gal\/#\/schema\/person\/424dfe65e3070fd8a44d22d2c088762a","name":"Tino Lago","image":{"@type":"ImageObject","inLanguage":"gl-ES","@id":"https:\/\/secure.gravatar.com\/avatar\/b3df6a06e44bab3111583b90f0f33a0379ee5e3d22cbadd232d39f21c30c62be?s=96&d=mm&r=g","url":"https:\/\/secure.gravatar.com\/avatar\/b3df6a06e44bab3111583b90f0f33a0379ee5e3d22cbadd232d39f21c30c62be?s=96&d=mm&r=g","contentUrl":"https:\/\/secure.gravatar.com\/avatar\/b3df6a06e44bab3111583b90f0f33a0379ee5e3d22cbadd232d39f21c30c62be?s=96&d=mm&r=g","caption":"Tino Lago"},"sameAs":["http:\/\/www.anovapeneira.gal"],"url":"https:\/\/www.anovapeneira.gal\/index.php\/author\/director\/"}]}},"jetpack_featured_media_url":"https:\/\/www.anovapeneira.gal\/wp-content\/uploads\/2020\/03\/cristina_correa_Alcaldesa_de_oia_a_nova_peneira-scaled.jpg","_links":{"self":[{"href":"https:\/\/www.anovapeneira.gal\/index.php\/wp-json\/wp\/v2\/posts\/2837","targetHints":{"allow":["GET"]}}],"collection":[{"href":"https:\/\/www.anovapeneira.gal\/index.php\/wp-json\/wp\/v2\/posts"}],"about":[{"href":"https:\/\/www.anovapeneira.gal\/index.php\/wp-json\/wp\/v2\/types\/post"}],"author":[{"embeddable":true,"href":"https:\/\/www.anovapeneira.gal\/index.php\/wp-json\/wp\/v2\/users\/2"}],"replies":[{"embeddable":true,"href":"https:\/\/www.anovapeneira.gal\/index.php\/wp-json\/wp\/v2\/comments?post=2837"}],"version-history":[{"count":2,"href":"https:\/\/www.anovapeneira.gal\/index.php\/wp-json\/wp\/v2\/posts\/2837\/revisions"}],"predecessor-version":[{"id":2840,"href":"https:\/\/www.anovapeneira.gal\/index.php\/wp-json\/wp\/v2\/posts\/2837\/revisions\/2840"}],"wp:featuredmedia":[{"embeddable":true,"href":"https:\/\/www.anovapeneira.gal\/index.php\/wp-json\/wp\/v2\/media\/2839"}],"wp:attachment":[{"href":"https:\/\/www.anovapeneira.gal\/index.php\/wp-json\/wp\/v2\/media?parent=2837"}],"wp:term":[{"taxonomy":"category","embeddable":true,"href":"https:\/\/www.anovapeneira.gal\/index.php\/wp-json\/wp\/v2\/categories?post=2837"},{"taxonomy":"post_tag","embeddable":true,"href":"https:\/\/www.anovapeneira.gal\/index.php\/wp-json\/wp\/v2\/tags?post=2837"}],"curies":[{"name":"wp","href":"https:\/\/api.w.org\/{rel}","templated":true}]}}