{"id":2846,"date":"2020-03-30T12:00:38","date_gmt":"2020-03-30T10:00:38","guid":{"rendered":"http:\/\/www.anovapeneira.gal\/?p=2846"},"modified":"2020-03-30T08:33:02","modified_gmt":"2020-03-30T06:33:02","slug":"andres-diaz-alcalde-de-ponte-caldelas","status":"publish","type":"post","link":"https:\/\/www.anovapeneira.gal\/index.php\/2020\/03\/30\/andres-diaz-alcalde-de-ponte-caldelas\/","title":{"rendered":"Andr\u00e9s D\u00edaz, Alcalde de Ponte Caldelas"},"content":{"rendered":"\n<p><strong>A primeira pregunta va para ti Andr\u00e9s, como te encontras de \u00e1nimos para afrontar unha responsabilidade tan elevada?<\/strong><\/p>\n\n\n\n<blockquote class=\"wp-block-quote is-layout-flow wp-block-quote-is-layout-flow\"><p>A verdade, eu son unha persoa moi sensible vexo todo o que lle ven enriba aos aut\u00f3nomos, pequenos empresarios e a tanta xente que sofre e vai sufrir a causa desta situaci\u00f3n que me provoca unha profunda tristura, pero \u00e1 vez sinto unha enorme fortaleza mental, e o meu estado de \u00e1nimo est\u00e1 sereno e coa vontade moi firme para axudar en todo o que poida a todos os veci\u00f1os e veci\u00f1as do meu pobo.<\/p><\/blockquote>\n\n\n\n<p><strong>Que medidas est\u00e1 a tomar o Concello de Pontecaldelas para axudar aos segmentos m\u00e1is vulnerables da poboaci\u00f3n, os anci\u00e1ns e as familias con menores recursos econ\u00f3micos?<\/strong><\/p>\n\n\n\n<blockquote class=\"wp-block-quote is-layout-flow wp-block-quote-is-layout-flow\"><p>\u00c1 xente maior lev\u00e1moslle a compra as s\u00faas casas, de feito agora mesmo , mentres atendo a t\u00faa chamada estou a facer a compra.<\/p><\/blockquote>\n\n\n\n<p><strong>Ah, l\u00e9vaslla ti persoalmente?<\/strong><\/p>\n\n\n\n<blockquote class=\"wp-block-quote is-layout-flow wp-block-quote-is-layout-flow\"><p>Eu, con toda a humildade, axudo no que poido. Insisto en que lle levamos a compra \u00e1s persoas m\u00e1is maiores, lev\u00e1moslle alimentos a persoas de escasos recursos econ\u00f3micos e para os pequenos comerciantes e aut\u00f3nomos do noso pobo que o est\u00e1n a pasar mal imos darlles unha axuda directa, intentaremos que sexa un pago directo de polo menos 400\u20ac. Os gastos dos locais dos negocios van ter que seguir pag\u00e1ndose igual; luz, alugueres&#8230;e malia que apeamos \u00e1 solidariedade de todas e todos para sa\u00edrmos o antes posible, vai ser moi dif\u00edcil, e o concello , desde logo que vai colaborar en todo o que poida.<\/p><\/blockquote>\n\n\n\n<p><strong>Est\u00e1s satisfeito co grado e civismo amosado ata o momento pola sociedade do teu pobo?<\/strong><\/p>\n\n\n\n<blockquote class=\"wp-block-quote is-layout-flow wp-block-quote-is-layout-flow\"><p>Si, a verdade \u00e9 que si. Sempre hai excepci\u00f3ns que non se comportan co debido civismo e desde logo que esas persoas, que afortunadamente son excepci\u00f3ns, merecen todo o meu reproche, pero en li\u00f1as xerais o comportamento da sociedade \u00e9 o que unha situaci\u00f3n tan grave como esta require.<\/p><\/blockquote>\n\n\n\n<p><strong>O confinamento prolongado pode ter graves consecuencias psicol\u00f3xicas para importantes segmentos de persoas. Algunha mensaxe en positivo do alcalde de Pontecaldelas para a s\u00faa veci\u00f1anza?<\/strong><\/p>\n\n\n\n<blockquote class=\"wp-block-quote is-layout-flow wp-block-quote-is-layout-flow\"><p>Eu quixera a apelar ao pensamento colectivo, todos temos persoas \u00e1s que queremos, e ningu\u00e9n desexa ver sufrir ao noso entorno afectivo. E nestas circunstancias, todos somos imprescindibles para protexernos a todos. Por favor, fag\u00e1molo, por favor comport\u00e9monos con responsabilidade para que n\u00f3s non sexamos os responsables de que ningu\u00e9n sufra, e ningu\u00e9n sexa responsable do noso sufrimento. \u00c9 moi duro seino, pero \u00e9 imprescindible para podermos garantir a sa\u00fade \u00e9 a vida, d\u00edgoo con claridade absoluta. Estou seguro de que a inmensa maior\u00eda do nosos pobo saber\u00e1 estra \u00e1 altura. \u00c1nimo para todas e todos, o seu alcalde e todo o goberno municipal aqu\u00ed estaremos para o que precisen, coa vontade firme de non deixar tirado a ningu\u00e9m.<\/p><\/blockquote>\n\n\n\n<p><strong>De material sanitario como andades?<\/strong><\/p>\n\n\n\n<p>Como todo o mundo, moi escasos. Agardo que nos pr\u00f3ximos d\u00edas poidamos recibir o necesario.&nbsp;<\/p>\n","protected":false},"excerpt":{"rendered":"<div class=\"mh-excerpt\"><p>A verdade, eu son unha persoa moi sensible vexo todo o que lle ven enriba aos aut\u00f3nomos, pequenos empresarios e a tanta xente que sofre e vai sufrir <a class=\"mh-excerpt-more\" href=\"https:\/\/www.anovapeneira.gal\/index.php\/2020\/03\/30\/andres-diaz-alcalde-de-ponte-caldelas\/\" title=\"Andr\u00e9s D\u00edaz, Alcalde de Ponte Caldelas\">[&#8230;]<\/a><\/p>\n<\/div>","protected":false},"author":2,"featured_media":2847,"comment_status":"open","ping_status":"open","sticky":false,"template":"","format":"standard","meta":{"_exactmetrics_skip_tracking":false,"_exactmetrics_sitenote_active":false,"_exactmetrics_sitenote_note":"","_exactmetrics_sitenote_category":0,"footnotes":""},"categories":[26],"tags":[394,128,1006],"class_list":{"0":"post-2846","1":"post","2":"type-post","3":"status-publish","4":"format-standard","5":"has-post-thumbnail","7":"category-pontevedra","8":"tag-andres-diaz","9":"tag-concello-de-ponte-caldelas","10":"tag-covid19"},"yoast_head":"<!-- This site is optimized with the Yoast SEO plugin v27.4 - https:\/\/yoast.com\/product\/yoast-seo-wordpress\/ -->\n<title>Andr\u00e9s D\u00edaz, Alcalde de Ponte Caldelas -<\/title>\n<meta name=\"robots\" content=\"index, follow, max-snippet:-1, max-image-preview:large, max-video-preview:-1\" \/>\n<link rel=\"canonical\" href=\"https:\/\/www.anovapeneira.gal\/index.php\/2020\/03\/30\/andres-diaz-alcalde-de-ponte-caldelas\/\" \/>\n<meta property=\"og:locale\" content=\"gl_ES\" \/>\n<meta property=\"og:type\" content=\"article\" \/>\n<meta property=\"og:title\" content=\"Andr\u00e9s D\u00edaz, Alcalde de Ponte Caldelas -\" \/>\n<meta property=\"og:description\" content=\"A verdade, eu son unha persoa moi sensible vexo todo o que lle ven enriba aos aut\u00f3nomos, pequenos empresarios e a tanta xente que sofre e vai sufrir [...]\" \/>\n<meta property=\"og:url\" content=\"https:\/\/www.anovapeneira.gal\/index.php\/2020\/03\/30\/andres-diaz-alcalde-de-ponte-caldelas\/\" \/>\n<meta property=\"article:publisher\" content=\"https:\/\/www.facebook.com\/anovapeneira\" \/>\n<meta property=\"article:published_time\" content=\"2020-03-30T10:00:38+00:00\" \/>\n<meta property=\"og:image\" content=\"https:\/\/www.anovapeneira.gal\/wp-content\/uploads\/2020\/03\/andres_diaz_alcalde_de_ponte_caldelas.jpg\" \/>\n\t<meta property=\"og:image:width\" content=\"2560\" \/>\n\t<meta property=\"og:image:height\" content=\"1536\" \/>\n\t<meta property=\"og:image:type\" content=\"image\/jpeg\" \/>\n<meta name=\"author\" content=\"Tino Lago\" \/>\n<meta name=\"twitter:card\" content=\"summary_large_image\" \/>\n<meta name=\"twitter:creator\" content=\"@APeneira\" \/>\n<meta name=\"twitter:site\" content=\"@APeneira\" \/>\n<meta name=\"twitter:label1\" content=\"Escrito por\" \/>\n\t<meta name=\"twitter:data1\" content=\"Tino Lago\" \/>\n\t<meta name=\"twitter:label2\" content=\"Tempo de lectura\" \/>\n\t<meta name=\"twitter:data2\" content=\"3 minutos\" \/>\n<script type=\"application\/ld+json\" class=\"yoast-schema-graph\">{\"@context\":\"https:\\\/\\\/schema.org\",\"@graph\":[{\"@type\":\"Article\",\"@id\":\"https:\\\/\\\/www.anovapeneira.gal\\\/index.php\\\/2020\\\/03\\\/30\\\/andres-diaz-alcalde-de-ponte-caldelas\\\/#article\",\"isPartOf\":{\"@id\":\"https:\\\/\\\/www.anovapeneira.gal\\\/index.php\\\/2020\\\/03\\\/30\\\/andres-diaz-alcalde-de-ponte-caldelas\\\/\"},\"author\":{\"name\":\"Tino Lago\",\"@id\":\"https:\\\/\\\/www.anovapeneira.gal\\\/#\\\/schema\\\/person\\\/424dfe65e3070fd8a44d22d2c088762a\"},\"headline\":\"Andr\u00e9s D\u00edaz, Alcalde de Ponte Caldelas\",\"datePublished\":\"2020-03-30T10:00:38+00:00\",\"mainEntityOfPage\":{\"@id\":\"https:\\\/\\\/www.anovapeneira.gal\\\/index.php\\\/2020\\\/03\\\/30\\\/andres-diaz-alcalde-de-ponte-caldelas\\\/\"},\"wordCount\":519,\"commentCount\":0,\"publisher\":{\"@id\":\"https:\\\/\\\/www.anovapeneira.gal\\\/#organization\"},\"image\":{\"@id\":\"https:\\\/\\\/www.anovapeneira.gal\\\/index.php\\\/2020\\\/03\\\/30\\\/andres-diaz-alcalde-de-ponte-caldelas\\\/#primaryimage\"},\"thumbnailUrl\":\"https:\\\/\\\/www.anovapeneira.gal\\\/wp-content\\\/uploads\\\/2020\\\/03\\\/andres_diaz_alcalde_de_ponte_caldelas.jpg\",\"keywords\":[\"Andr\u00e9s D\u00edaz\",\"Concello de Ponte Caldelas\",\"COVID19\"],\"articleSection\":[\"Pontevedra\"],\"inLanguage\":\"gl-ES\",\"potentialAction\":[{\"@type\":\"CommentAction\",\"name\":\"Comment\",\"target\":[\"https:\\\/\\\/www.anovapeneira.gal\\\/index.php\\\/2020\\\/03\\\/30\\\/andres-diaz-alcalde-de-ponte-caldelas\\\/#respond\"]}]},{\"@type\":\"WebPage\",\"@id\":\"https:\\\/\\\/www.anovapeneira.gal\\\/index.php\\\/2020\\\/03\\\/30\\\/andres-diaz-alcalde-de-ponte-caldelas\\\/\",\"url\":\"https:\\\/\\\/www.anovapeneira.gal\\\/index.php\\\/2020\\\/03\\\/30\\\/andres-diaz-alcalde-de-ponte-caldelas\\\/\",\"name\":\"Andr\u00e9s D\u00edaz, Alcalde de Ponte Caldelas -\",\"isPartOf\":{\"@id\":\"https:\\\/\\\/www.anovapeneira.gal\\\/#website\"},\"primaryImageOfPage\":{\"@id\":\"https:\\\/\\\/www.anovapeneira.gal\\\/index.php\\\/2020\\\/03\\\/30\\\/andres-diaz-alcalde-de-ponte-caldelas\\\/#primaryimage\"},\"image\":{\"@id\":\"https:\\\/\\\/www.anovapeneira.gal\\\/index.php\\\/2020\\\/03\\\/30\\\/andres-diaz-alcalde-de-ponte-caldelas\\\/#primaryimage\"},\"thumbnailUrl\":\"https:\\\/\\\/www.anovapeneira.gal\\\/wp-content\\\/uploads\\\/2020\\\/03\\\/andres_diaz_alcalde_de_ponte_caldelas.jpg\",\"datePublished\":\"2020-03-30T10:00:38+00:00\",\"breadcrumb\":{\"@id\":\"https:\\\/\\\/www.anovapeneira.gal\\\/index.php\\\/2020\\\/03\\\/30\\\/andres-diaz-alcalde-de-ponte-caldelas\\\/#breadcrumb\"},\"inLanguage\":\"gl-ES\",\"potentialAction\":[{\"@type\":\"ReadAction\",\"target\":[\"https:\\\/\\\/www.anovapeneira.gal\\\/index.php\\\/2020\\\/03\\\/30\\\/andres-diaz-alcalde-de-ponte-caldelas\\\/\"]}]},{\"@type\":\"ImageObject\",\"inLanguage\":\"gl-ES\",\"@id\":\"https:\\\/\\\/www.anovapeneira.gal\\\/index.php\\\/2020\\\/03\\\/30\\\/andres-diaz-alcalde-de-ponte-caldelas\\\/#primaryimage\",\"url\":\"https:\\\/\\\/www.anovapeneira.gal\\\/wp-content\\\/uploads\\\/2020\\\/03\\\/andres_diaz_alcalde_de_ponte_caldelas.jpg\",\"contentUrl\":\"https:\\\/\\\/www.anovapeneira.gal\\\/wp-content\\\/uploads\\\/2020\\\/03\\\/andres_diaz_alcalde_de_ponte_caldelas.jpg\",\"width\":2560,\"height\":1536,\"caption\":\"Andr\u00e9s D\u00edaz Alcalde de Ponte Caldelas A Nova Peneira\"},{\"@type\":\"BreadcrumbList\",\"@id\":\"https:\\\/\\\/www.anovapeneira.gal\\\/index.php\\\/2020\\\/03\\\/30\\\/andres-diaz-alcalde-de-ponte-caldelas\\\/#breadcrumb\",\"itemListElement\":[{\"@type\":\"ListItem\",\"position\":1,\"name\":\"Portada\",\"item\":\"https:\\\/\\\/www.anovapeneira.gal\\\/\"},{\"@type\":\"ListItem\",\"position\":2,\"name\":\"Andr\u00e9s D\u00edaz, Alcalde de Ponte Caldelas\"}]},{\"@type\":\"WebSite\",\"@id\":\"https:\\\/\\\/www.anovapeneira.gal\\\/#website\",\"url\":\"https:\\\/\\\/www.anovapeneira.gal\\\/\",\"name\":\"\",\"description\":\"Xornal galego de informaci\u00f3n xeral Publicaci\u00f3n mensual de novas de Galicia e en especial dos Concellos da sur da provincia de Pontevedra.\",\"publisher\":{\"@id\":\"https:\\\/\\\/www.anovapeneira.gal\\\/#organization\"},\"potentialAction\":[{\"@type\":\"SearchAction\",\"target\":{\"@type\":\"EntryPoint\",\"urlTemplate\":\"https:\\\/\\\/www.anovapeneira.gal\\\/?s={search_term_string}\"},\"query-input\":{\"@type\":\"PropertyValueSpecification\",\"valueRequired\":true,\"valueName\":\"search_term_string\"}}],\"inLanguage\":\"gl-ES\"},{\"@type\":\"Organization\",\"@id\":\"https:\\\/\\\/www.anovapeneira.gal\\\/#organization\",\"name\":\"A Nova Peneira\",\"url\":\"https:\\\/\\\/www.anovapeneira.gal\\\/\",\"logo\":{\"@type\":\"ImageObject\",\"inLanguage\":\"gl-ES\",\"@id\":\"https:\\\/\\\/www.anovapeneira.gal\\\/#\\\/schema\\\/logo\\\/image\\\/\",\"url\":\"http:\\\/\\\/www.anovapeneira.gal\\\/wp-content\\\/uploads\\\/2019\\\/06\\\/logo_a_nova_peneira_portal_web.png\",\"contentUrl\":\"http:\\\/\\\/www.anovapeneira.gal\\\/wp-content\\\/uploads\\\/2019\\\/06\\\/logo_a_nova_peneira_portal_web.png\",\"width\":300,\"height\":100,\"caption\":\"A Nova Peneira\"},\"image\":{\"@id\":\"https:\\\/\\\/www.anovapeneira.gal\\\/#\\\/schema\\\/logo\\\/image\\\/\"},\"sameAs\":[\"https:\\\/\\\/www.facebook.com\\\/anovapeneira\",\"https:\\\/\\\/x.com\\\/APeneira\"]},{\"@type\":\"Person\",\"@id\":\"https:\\\/\\\/www.anovapeneira.gal\\\/#\\\/schema\\\/person\\\/424dfe65e3070fd8a44d22d2c088762a\",\"name\":\"Tino Lago\",\"image\":{\"@type\":\"ImageObject\",\"inLanguage\":\"gl-ES\",\"@id\":\"https:\\\/\\\/secure.gravatar.com\\\/avatar\\\/b3df6a06e44bab3111583b90f0f33a0379ee5e3d22cbadd232d39f21c30c62be?s=96&d=mm&r=g\",\"url\":\"https:\\\/\\\/secure.gravatar.com\\\/avatar\\\/b3df6a06e44bab3111583b90f0f33a0379ee5e3d22cbadd232d39f21c30c62be?s=96&d=mm&r=g\",\"contentUrl\":\"https:\\\/\\\/secure.gravatar.com\\\/avatar\\\/b3df6a06e44bab3111583b90f0f33a0379ee5e3d22cbadd232d39f21c30c62be?s=96&d=mm&r=g\",\"caption\":\"Tino Lago\"},\"sameAs\":[\"http:\\\/\\\/www.anovapeneira.gal\"],\"url\":\"https:\\\/\\\/www.anovapeneira.gal\\\/index.php\\\/author\\\/director\\\/\"}]}<\/script>\n<!-- \/ Yoast SEO plugin. -->","yoast_head_json":{"title":"Andr\u00e9s D\u00edaz, Alcalde de Ponte Caldelas -","robots":{"index":"index","follow":"follow","max-snippet":"max-snippet:-1","max-image-preview":"max-image-preview:large","max-video-preview":"max-video-preview:-1"},"canonical":"https:\/\/www.anovapeneira.gal\/index.php\/2020\/03\/30\/andres-diaz-alcalde-de-ponte-caldelas\/","og_locale":"gl_ES","og_type":"article","og_title":"Andr\u00e9s D\u00edaz, Alcalde de Ponte Caldelas -","og_description":"A verdade, eu son unha persoa moi sensible vexo todo o que lle ven enriba aos aut\u00f3nomos, pequenos empresarios e a tanta xente que sofre e vai sufrir [...]","og_url":"https:\/\/www.anovapeneira.gal\/index.php\/2020\/03\/30\/andres-diaz-alcalde-de-ponte-caldelas\/","article_publisher":"https:\/\/www.facebook.com\/anovapeneira","article_published_time":"2020-03-30T10:00:38+00:00","og_image":[{"width":2560,"height":1536,"url":"https:\/\/www.anovapeneira.gal\/wp-content\/uploads\/2020\/03\/andres_diaz_alcalde_de_ponte_caldelas.jpg","type":"image\/jpeg"}],"author":"Tino Lago","twitter_card":"summary_large_image","twitter_creator":"@APeneira","twitter_site":"@APeneira","twitter_misc":{"Escrito por":"Tino Lago","Tempo de lectura":"3 minutos"},"schema":{"@context":"https:\/\/schema.org","@graph":[{"@type":"Article","@id":"https:\/\/www.anovapeneira.gal\/index.php\/2020\/03\/30\/andres-diaz-alcalde-de-ponte-caldelas\/#article","isPartOf":{"@id":"https:\/\/www.anovapeneira.gal\/index.php\/2020\/03\/30\/andres-diaz-alcalde-de-ponte-caldelas\/"},"author":{"name":"Tino Lago","@id":"https:\/\/www.anovapeneira.gal\/#\/schema\/person\/424dfe65e3070fd8a44d22d2c088762a"},"headline":"Andr\u00e9s D\u00edaz, Alcalde de Ponte Caldelas","datePublished":"2020-03-30T10:00:38+00:00","mainEntityOfPage":{"@id":"https:\/\/www.anovapeneira.gal\/index.php\/2020\/03\/30\/andres-diaz-alcalde-de-ponte-caldelas\/"},"wordCount":519,"commentCount":0,"publisher":{"@id":"https:\/\/www.anovapeneira.gal\/#organization"},"image":{"@id":"https:\/\/www.anovapeneira.gal\/index.php\/2020\/03\/30\/andres-diaz-alcalde-de-ponte-caldelas\/#primaryimage"},"thumbnailUrl":"https:\/\/www.anovapeneira.gal\/wp-content\/uploads\/2020\/03\/andres_diaz_alcalde_de_ponte_caldelas.jpg","keywords":["Andr\u00e9s D\u00edaz","Concello de Ponte Caldelas","COVID19"],"articleSection":["Pontevedra"],"inLanguage":"gl-ES","potentialAction":[{"@type":"CommentAction","name":"Comment","target":["https:\/\/www.anovapeneira.gal\/index.php\/2020\/03\/30\/andres-diaz-alcalde-de-ponte-caldelas\/#respond"]}]},{"@type":"WebPage","@id":"https:\/\/www.anovapeneira.gal\/index.php\/2020\/03\/30\/andres-diaz-alcalde-de-ponte-caldelas\/","url":"https:\/\/www.anovapeneira.gal\/index.php\/2020\/03\/30\/andres-diaz-alcalde-de-ponte-caldelas\/","name":"Andr\u00e9s D\u00edaz, Alcalde de Ponte Caldelas -","isPartOf":{"@id":"https:\/\/www.anovapeneira.gal\/#website"},"primaryImageOfPage":{"@id":"https:\/\/www.anovapeneira.gal\/index.php\/2020\/03\/30\/andres-diaz-alcalde-de-ponte-caldelas\/#primaryimage"},"image":{"@id":"https:\/\/www.anovapeneira.gal\/index.php\/2020\/03\/30\/andres-diaz-alcalde-de-ponte-caldelas\/#primaryimage"},"thumbnailUrl":"https:\/\/www.anovapeneira.gal\/wp-content\/uploads\/2020\/03\/andres_diaz_alcalde_de_ponte_caldelas.jpg","datePublished":"2020-03-30T10:00:38+00:00","breadcrumb":{"@id":"https:\/\/www.anovapeneira.gal\/index.php\/2020\/03\/30\/andres-diaz-alcalde-de-ponte-caldelas\/#breadcrumb"},"inLanguage":"gl-ES","potentialAction":[{"@type":"ReadAction","target":["https:\/\/www.anovapeneira.gal\/index.php\/2020\/03\/30\/andres-diaz-alcalde-de-ponte-caldelas\/"]}]},{"@type":"ImageObject","inLanguage":"gl-ES","@id":"https:\/\/www.anovapeneira.gal\/index.php\/2020\/03\/30\/andres-diaz-alcalde-de-ponte-caldelas\/#primaryimage","url":"https:\/\/www.anovapeneira.gal\/wp-content\/uploads\/2020\/03\/andres_diaz_alcalde_de_ponte_caldelas.jpg","contentUrl":"https:\/\/www.anovapeneira.gal\/wp-content\/uploads\/2020\/03\/andres_diaz_alcalde_de_ponte_caldelas.jpg","width":2560,"height":1536,"caption":"Andr\u00e9s D\u00edaz Alcalde de Ponte Caldelas A Nova Peneira"},{"@type":"BreadcrumbList","@id":"https:\/\/www.anovapeneira.gal\/index.php\/2020\/03\/30\/andres-diaz-alcalde-de-ponte-caldelas\/#breadcrumb","itemListElement":[{"@type":"ListItem","position":1,"name":"Portada","item":"https:\/\/www.anovapeneira.gal\/"},{"@type":"ListItem","position":2,"name":"Andr\u00e9s D\u00edaz, Alcalde de Ponte Caldelas"}]},{"@type":"WebSite","@id":"https:\/\/www.anovapeneira.gal\/#website","url":"https:\/\/www.anovapeneira.gal\/","name":"","description":"Xornal galego de informaci\u00f3n xeral Publicaci\u00f3n mensual de novas de Galicia e en especial dos Concellos da sur da provincia de Pontevedra.","publisher":{"@id":"https:\/\/www.anovapeneira.gal\/#organization"},"potentialAction":[{"@type":"SearchAction","target":{"@type":"EntryPoint","urlTemplate":"https:\/\/www.anovapeneira.gal\/?s={search_term_string}"},"query-input":{"@type":"PropertyValueSpecification","valueRequired":true,"valueName":"search_term_string"}}],"inLanguage":"gl-ES"},{"@type":"Organization","@id":"https:\/\/www.anovapeneira.gal\/#organization","name":"A Nova Peneira","url":"https:\/\/www.anovapeneira.gal\/","logo":{"@type":"ImageObject","inLanguage":"gl-ES","@id":"https:\/\/www.anovapeneira.gal\/#\/schema\/logo\/image\/","url":"http:\/\/www.anovapeneira.gal\/wp-content\/uploads\/2019\/06\/logo_a_nova_peneira_portal_web.png","contentUrl":"http:\/\/www.anovapeneira.gal\/wp-content\/uploads\/2019\/06\/logo_a_nova_peneira_portal_web.png","width":300,"height":100,"caption":"A Nova Peneira"},"image":{"@id":"https:\/\/www.anovapeneira.gal\/#\/schema\/logo\/image\/"},"sameAs":["https:\/\/www.facebook.com\/anovapeneira","https:\/\/x.com\/APeneira"]},{"@type":"Person","@id":"https:\/\/www.anovapeneira.gal\/#\/schema\/person\/424dfe65e3070fd8a44d22d2c088762a","name":"Tino Lago","image":{"@type":"ImageObject","inLanguage":"gl-ES","@id":"https:\/\/secure.gravatar.com\/avatar\/b3df6a06e44bab3111583b90f0f33a0379ee5e3d22cbadd232d39f21c30c62be?s=96&d=mm&r=g","url":"https:\/\/secure.gravatar.com\/avatar\/b3df6a06e44bab3111583b90f0f33a0379ee5e3d22cbadd232d39f21c30c62be?s=96&d=mm&r=g","contentUrl":"https:\/\/secure.gravatar.com\/avatar\/b3df6a06e44bab3111583b90f0f33a0379ee5e3d22cbadd232d39f21c30c62be?s=96&d=mm&r=g","caption":"Tino Lago"},"sameAs":["http:\/\/www.anovapeneira.gal"],"url":"https:\/\/www.anovapeneira.gal\/index.php\/author\/director\/"}]}},"jetpack_featured_media_url":"https:\/\/www.anovapeneira.gal\/wp-content\/uploads\/2020\/03\/andres_diaz_alcalde_de_ponte_caldelas.jpg","_links":{"self":[{"href":"https:\/\/www.anovapeneira.gal\/index.php\/wp-json\/wp\/v2\/posts\/2846","targetHints":{"allow":["GET"]}}],"collection":[{"href":"https:\/\/www.anovapeneira.gal\/index.php\/wp-json\/wp\/v2\/posts"}],"about":[{"href":"https:\/\/www.anovapeneira.gal\/index.php\/wp-json\/wp\/v2\/types\/post"}],"author":[{"embeddable":true,"href":"https:\/\/www.anovapeneira.gal\/index.php\/wp-json\/wp\/v2\/users\/2"}],"replies":[{"embeddable":true,"href":"https:\/\/www.anovapeneira.gal\/index.php\/wp-json\/wp\/v2\/comments?post=2846"}],"version-history":[{"count":1,"href":"https:\/\/www.anovapeneira.gal\/index.php\/wp-json\/wp\/v2\/posts\/2846\/revisions"}],"predecessor-version":[{"id":2848,"href":"https:\/\/www.anovapeneira.gal\/index.php\/wp-json\/wp\/v2\/posts\/2846\/revisions\/2848"}],"wp:featuredmedia":[{"embeddable":true,"href":"https:\/\/www.anovapeneira.gal\/index.php\/wp-json\/wp\/v2\/media\/2847"}],"wp:attachment":[{"href":"https:\/\/www.anovapeneira.gal\/index.php\/wp-json\/wp\/v2\/media?parent=2846"}],"wp:term":[{"taxonomy":"category","embeddable":true,"href":"https:\/\/www.anovapeneira.gal\/index.php\/wp-json\/wp\/v2\/categories?post=2846"},{"taxonomy":"post_tag","embeddable":true,"href":"https:\/\/www.anovapeneira.gal\/index.php\/wp-json\/wp\/v2\/tags?post=2846"}],"curies":[{"name":"wp","href":"https:\/\/api.w.org\/{rel}","templated":true}]}}