{"id":2849,"date":"2020-03-31T10:00:19","date_gmt":"2020-03-31T08:00:19","guid":{"rendered":"http:\/\/www.anovapeneira.gal\/?p=2849"},"modified":"2020-03-30T08:59:58","modified_gmt":"2020-03-30T06:59:58","slug":"carme-nunez-medica-do-centro-de-saude-de-tomino","status":"publish","type":"post","link":"https:\/\/www.anovapeneira.gal\/index.php\/2020\/03\/31\/carme-nunez-medica-do-centro-de-saude-de-tomino\/","title":{"rendered":"Carme N\u00fa\u00f1ez, m\u00e9dica do Centro de Sa\u00fade de Tomi\u00f1o"},"content":{"rendered":"\n<h2 class=\"wp-block-heading\"><strong>Carme \u00e9 m\u00e9dica no centro de sa\u00fade<\/strong> <strong>de Tomi\u00f1o e boa amiga desta casa, falamos con ela sobre a situaci\u00f3n de emerxencia sanitaria que estamos a vivir<\/strong><\/h2>\n\n\n\n<p>\u201c<strong>\u00c9 MOI IMPORTANTE FACER TODAS AS PROBAS POSIBLES PARA TER UN MAPA DE INFECTADOS O M\u00c1IS AXUSTADO \u00c1 REALIDADE QUE POIDAMOS\u201d<\/strong><\/p>\n\n\n\n<p><strong>Como che vai a vida Carme, supo\u00f1o que cunha elevad\u00edsima carga de traballo?<\/strong><\/p>\n\n\n\n<blockquote class=\"wp-block-quote is-layout-flow wp-block-quote-is-layout-flow\"><p>A verdade \u00e9 que estamos bastante ben organizados, fac\u00e9molo por \u00e1reas e temos a atenci\u00f3n telef\u00f3nica funcionando en niveis moi elevados. M\u00e1is que volume, hai tensi\u00f3n por estarmos ante unha situaci\u00f3n totalmente nova. O traballo cambiounos moito<\/p><\/blockquote>\n\n\n\n<p><strong>Ti traballas no centro de sa\u00fade de Tomi\u00f1o, al\u00ed atendedes a persoas da localidade ou tam\u00e9n \u00e1s dalgunha localidade veci\u00f1a?<\/strong><\/p>\n\n\n\n<blockquote class=\"wp-block-quote is-layout-flow wp-block-quote-is-layout-flow\"><p>Non, so atendemos \u00e1 veci\u00f1anza de Tomi\u00f1o. De feito centralizamos a atenci\u00f3n de toda a localidade , e o m\u00e9dico que atend\u00eda no consultorio de Goi\u00e1n, desprazouse tam\u00e9n ao noso centro de sa\u00fade<\/p><\/blockquote>\n\n\n\n<p><strong>En Tomi\u00f1o xa co\u00f1ecemos alg\u00fan positivo, verdade?<\/strong><\/p>\n\n\n\n<blockquote class=\"wp-block-quote is-layout-flow wp-block-quote-is-layout-flow\"><p>Si.<\/p><\/blockquote>\n\n\n\n<p><strong>Os medios de protecci\u00f3n que tedes no centro de sa\u00fade, tanto para v\u00f3s como para quen se achegue porque precisa atenci\u00f3n, son os adecuados ou son insuficientes?<\/strong><\/p>\n\n\n\n<blockquote class=\"wp-block-quote is-layout-flow wp-block-quote-is-layout-flow\"><p>Imos ver, eu creo que as medidas de precauci\u00f3n son as adecuadas. Estamos intentando que a xente non entre no centro de sa\u00fade, e, en efecto, a xente apenas entra. Iso en relaci\u00f3n coas medidas, en canto aos medios temos EPIS, si, pero se os comparamos por exemplo cos que usaban en China, os nosos son notablemente peores.<\/p><\/blockquote>\n\n\n\n<p><strong>Polo que contas, d\u00e1me a sensaci\u00f3n de que os pacientes , en li\u00f1as xerais, comp\u00f3rtanse co grado de responsabilidade e civismo que unha situaci\u00f3n extrema como esta, require, non?<\/strong><\/p>\n\n\n\n<blockquote class=\"wp-block-quote is-layout-flow wp-block-quote-is-layout-flow\"><p>Si, a verdade que si, a xente entende perfectamente a situaci\u00f3n e comp\u00f3rtanse de maneira exemplar, con respecto, amabilidade e tam\u00e9n con xenerosidade. Hai veci\u00f1os que doaron ao centro de sa\u00fade material sanitario, como mascarillas que ti\u00f1an nas s\u00faas casa.<\/p><\/blockquote>\n\n\n\n<p><strong>A maior\u00eda da sociedade mant\u00e9n a serenidade Carme?<\/strong><\/p>\n\n\n\n<blockquote class=\"wp-block-quote is-layout-flow wp-block-quote-is-layout-flow\"><p>Polo que respecta ao que eu podo percibir no meu traballo, te\u00f1o que dicir rotundamente que si. A xente est\u00e1 concienciada e comp\u00f3rtase con responsabilidade. Hai moitas d\u00fabidas, claro que si, pero nunha situaci\u00f3n como esta o anormal ser\u00eda non telas. Hai tanta sobre informaci\u00f3n que o normal ser\u00eda estar nunha situaci\u00f3n de nerviosismo m\u00e1is acentuada, pero o comportamento c\u00edvico e sereno da maior\u00eda da poboaci\u00f3n \u00e9 admirable.<\/p><\/blockquote>\n\n\n\n<p><strong>En relaci\u00f3n \u00e1 orixe do virus circulan hip\u00f3teses referentes que a s\u00faa creaci\u00f3n foi un acto deliberado e consciente de algu\u00e9n, por calquera tipo de interese pol\u00edtico, e logo est\u00e1n os que afirman que se trata dun episodio biol\u00f3xico froito s\u00f3 do azar, como por exemplo a gripe espa\u00f1ola de 1918 e outro tipo de epidemias que periodicamente ten sufrido, e seguir\u00e1 sufrindo a humanidade .Ti que opinas?<\/strong><\/p>\n\n\n\n<blockquote class=\"wp-block-quote is-layout-flow wp-block-quote-is-layout-flow\"><p>Eu penso que se trata dun episodio biol\u00f3xico que xorde do azar. Estou convencida.<\/p><\/blockquote>\n\n\n\n<p><strong>O \u00edndice de letalidade deste virus \u00e9 baixo, pero en Espa\u00f1a, se os datos dos contaxiados que se nos transmiten fosen os reais, superar\u00eda amplamente a outras zonas do mundo. Como \u00e9 posible que en Espa\u00f1a morran arredor do 7% das persoas infectadas e noutros pa\u00edses estean en porcentaxes de arredor do 3%?<\/strong><\/p>\n\n\n\n<blockquote class=\"wp-block-quote is-layout-flow wp-block-quote-is-layout-flow\"><p>Eu creo que estamos en situaci\u00f3n de infra diagn\u00f3stico, estanse facendo poucas probas e non co\u00f1ecemos todos os casos que existen .Eu penso que \u00e9 necesario facer todas as probas posibles para ter unha composici\u00f3n de lugar o m\u00e1is axustada \u00e1 realidade que se poida.<\/p><\/blockquote>\n\n\n\n<p><strong>Por que motivo unha alta porcentaxe de persoas infectadas pasan a enfermidade con s\u00edntomas moi leves, e noutros casos a infecci\u00f3n desemboca en grav\u00edsimas pneumon\u00edas bilaterais?<\/strong><\/p>\n\n\n\n<blockquote class=\"wp-block-quote is-layout-flow wp-block-quote-is-layout-flow\"><p>Iso sucede con moitas patolox\u00edas; a idade, os antecedentes persoais, o feito de ter en bo estado o sistema inmunol\u00f3xico, o padecer enfermidades previas &#8230;incide na mellor ou peor resposta do noso organismo ante a infecci\u00f3n.<\/p><\/blockquote>\n\n\n\n<p><strong>Cando unha persoa padeza o virus debe xerar inmunidade, non Carme?<\/strong><\/p>\n\n\n\n<blockquote class=\"wp-block-quote is-layout-flow wp-block-quote-is-layout-flow\"><p>Si, o normal \u00e9 que si. As novas referentes \u00e1s reinfecci\u00f3ns, non son correctas, en realidade tr\u00e1tase de reactivaci\u00f3n.<\/p><\/blockquote>\n\n\n\n<p><strong>Que diferencia hai entre a reactivaci\u00f3n e a reinfecci\u00f3n?&nbsp;<\/strong><\/p>\n\n\n\n<blockquote class=\"wp-block-quote is-layout-flow wp-block-quote-is-layout-flow\"><p>No primeiro caso, non estar\u00edas curado de todo, \u00e9 como cando tes unha gripe e sen estar ben de todo volves sa\u00edr \u00e1 r\u00faa e recaes, en realidade \u00e9 unha reca\u00edda, mentres que no segundo caso ser\u00eda se o teu corpo non xerase inmunidade , pero si que a provoca. De feito o plasma de persoas curadas estase a estudar para tratar de comprender os mecanismos de defensa que xera o corpo.<\/p><\/blockquote>\n\n\n\n<p><strong>Semella evidente que o confinamento \u00e9 necesario verdade Carme?<\/strong><\/p>\n\n\n\n<blockquote class=\"wp-block-quote is-layout-flow wp-block-quote-is-layout-flow\"><p>Si, \u00e9 necesario. Sen restrici\u00f3n de movementos e cun \u00edndice de contaxios tan elevado, o colapso do sistema sanitario ser\u00eda unha realidade m\u00e1is cedo que tarde.<\/p><\/blockquote>\n\n\n\n<p><strong>Ti vives en Pexegueiro, e podes dar unha volta pola finca e a\u00ednda que o confinamento non deixa de ser dif\u00edcil supo\u00f1o que se leva algo mellor, pero para os que vivimos nun piso estarmos tanto tempo encerrados resulta moi complicado. Alg\u00fan consello para non chegarmos ao colapso psicol\u00f3xico?<\/strong><\/p>\n\n\n\n<blockquote class=\"wp-block-quote is-layout-flow wp-block-quote-is-layout-flow\"><p>\u00c9 dif\u00edcil, a verdade que si, e non creo que existan receitas m\u00e1xicas, pero \u00e9 esencial creo eu manter un comportamento o m\u00e1is pr\u00f3ximo posible ao rutineiro e autoimporse a obriga de realizar as mesmas actividade \u00e1s mesmas horas. Ter a mente ocupada, procurar cumprir coas actividades que nos marquemos, e sobre todo ter claro que esta situaci\u00f3n, dure m\u00e1is ou dure menos, \u00e9 transitoria .P\u00f3rse retos ilusionantes en horizontes temporais concretos tam\u00e9n pode axudar. Por exemplo todos temos alg\u00fan ser querido ao que botamos de menos, pois po\u00f1amos unha cita para comer, para tomar unha ca\u00f1a ou simplemente para darnos unha aperta un d\u00eda determinado..\u201do 5 de xu\u00f1o quedamos en tal sitio, tomamos unha ca\u00f1a xuntos e nos damos unha aperta inmensa\u201d.<\/p><\/blockquote>\n\n\n\n<p><strong>Ah, par\u00e9ceme moi interesante Carme, de feito vouche facer caso. Eu te\u00f1o unha filla de 14 anos que leva semanas d\u00e1ndome a lata para que merque unhas entradas para non sei que concerto, que se celebra en Madrid en febreiro do ano pr\u00f3ximo, dun grupo deses que lle gusta aos adolescentes, e tan pronto remate contigo vou compralas e reservar os dous billetes de avi\u00f3n para ese d\u00eda<\/strong><\/p>\n\n\n\n<p>Ha ha ha ha , seguro que a fas moi feliz, pois nada agardo que gocedes do concerto.<\/p>\n\n\n\n<p><strong>A evoluci\u00f3n da curva de contaxios parec\u00eda apuntar certa tendencia \u00e1 desaceleraci\u00f3n pero os dous \u00faltimos d\u00edas antes de facermos esta entrevista( 27 e 28 de marzo) foron desastrosos con 800 casos novos en dous d\u00edas, que \u00e9 o que pasa Carme?<\/strong><\/p>\n\n\n\n<blockquote class=\"wp-block-quote is-layout-flow wp-block-quote-is-layout-flow\"><p>A mi\u00f1a opini\u00f3n, \u00e9 que, como che dixen antes, estamos nunha situaci\u00f3n de infradiagn\u00f3stico. Temos moitos m\u00e1is casos dos que en realidade co\u00f1ecemos, o que pasa \u00e9 que ou son asintom\u00e1ticos ou te\u00f1en s\u00edntomas tan d\u00e9biles que non est\u00e1n constatados, pero a\u00ednda que eles non saiban que o te\u00f1en seguen a contaxiar a xente. Pero o illamento funciona claro que si, \u00e9 de sentido com\u00fan ,pois cantas menos persoas te\u00f1an contacto cun infectado, menos posibilidades hai de multiplicar a infecci\u00f3n. A chave est\u00e1 en facer todas as probas posibles, cantas m\u00e1is mellor para poder ter un mapa da situaci\u00f3n o m\u00e1is axustado \u00e1 realidade que se poida.<\/p><\/blockquote>\n\n\n\n<p><strong>Non te atreves a prognosticar cando pode durar isto?<\/strong><\/p>\n\n\n\n<blockquote class=\"wp-block-quote is-layout-flow wp-block-quote-is-layout-flow\"><p>Non, non me atrevo.<\/p><\/blockquote>\n\n\n\n<p><strong>Este virus converterase en estacional como o da gripe com\u00fan?<\/strong><\/p>\n\n\n\n<blockquote class=\"wp-block-quote is-layout-flow wp-block-quote-is-layout-flow\"><p>Non se pode contestar a iso, calquera cousa que che diga ser\u00eda especular.<\/p><\/blockquote>\n\n\n\n<p><strong>E de termos unha vacina?<\/strong><\/p>\n\n\n\n<blockquote class=\"wp-block-quote is-layout-flow wp-block-quote-is-layout-flow\"><p>M\u00e1is tarde ou m\u00e1is cedo ter\u00e9mola pero a\u00ednda vai tardar.Nun horizonte de inmediatez non \u00e9 posible.<\/p><\/blockquote>\n\n\n\n<p><strong>Rematamos Carme, ti es concelleira do BNG en Tui, neste contexto a\u00ednda hai espazo para facer pol\u00edtica f\u00f3ra do coronavirus?<\/strong><\/p>\n\n\n\n<blockquote class=\"wp-block-quote is-layout-flow wp-block-quote-is-layout-flow\"><p>Eu penso que, neste momento de emerxencia, o que toca e combater c\u00f3bado con c\u00f3bado co goberno municipal para loitar contra o inimigo com\u00fan, e no BNG de Tui sei que saberemos estar \u00e1 altura. Na lameira que a dereita espa\u00f1ola est\u00e1 a converter a s\u00faa labor de oposici\u00f3n, a n\u00f3s non nos van atopar de ning\u00fan modo.<\/p><\/blockquote>\n\n\n\n<p><strong>Moi ben Carme, moitas e grazas e se che parece v\u00f3lvoche facer caso e prop\u00f3\u00f1oche que quedemos emprazados para facer a pr\u00f3xima entrevista sobre pol\u00edtica municipal, normal, en ver\u00e1n, en calquera dos bares do fermoso casaco vello tudense mentres tomamos unha cervexa?<\/strong><\/p>\n\n\n\n<blockquote class=\"wp-block-quote is-layout-flow wp-block-quote-is-layout-flow\"><p>Par\u00e9ceme estupendo Tino, v\u00e9monos no ver\u00e1n en Tui.<\/p><\/blockquote>\n","protected":false},"excerpt":{"rendered":"<div class=\"mh-excerpt\"><p>\u00c9 moi importante facer todas as probas posibles para ter un mapa de infectados o m\u00e1is axustado \u00e1 realidade que poidamos <a class=\"mh-excerpt-more\" href=\"https:\/\/www.anovapeneira.gal\/index.php\/2020\/03\/31\/carme-nunez-medica-do-centro-de-saude-de-tomino\/\" title=\"Carme N\u00fa\u00f1ez, m\u00e9dica do Centro de Sa\u00fade de Tomi\u00f1o\">[&#8230;]<\/a><\/p>\n<\/div>","protected":false},"author":2,"featured_media":2850,"comment_status":"open","ping_status":"open","sticky":false,"template":"","format":"standard","meta":{"_exactmetrics_skip_tracking":false,"_exactmetrics_sitenote_active":false,"_exactmetrics_sitenote_note":"","_exactmetrics_sitenote_category":0,"footnotes":""},"categories":[266],"tags":[81,426,1006],"class_list":{"0":"post-2849","1":"post","2":"type-post","3":"status-publish","4":"format-standard","5":"has-post-thumbnail","7":"category-baixo-mino-entrevistas","8":"tag-concello-de-tomino","9":"tag-concello-de-tui","10":"tag-covid19"},"yoast_head":"<!-- This site is optimized with the Yoast SEO plugin v27.4 - https:\/\/yoast.com\/product\/yoast-seo-wordpress\/ -->\n<title>Carme N\u00fa\u00f1ez, m\u00e9dica do Centro de Sa\u00fade de Tomi\u00f1o -<\/title>\n<meta name=\"robots\" content=\"index, follow, max-snippet:-1, max-image-preview:large, max-video-preview:-1\" \/>\n<link rel=\"canonical\" href=\"https:\/\/www.anovapeneira.gal\/index.php\/2020\/03\/31\/carme-nunez-medica-do-centro-de-saude-de-tomino\/\" \/>\n<meta property=\"og:locale\" content=\"gl_ES\" \/>\n<meta property=\"og:type\" content=\"article\" \/>\n<meta property=\"og:title\" content=\"Carme N\u00fa\u00f1ez, m\u00e9dica do Centro de Sa\u00fade de Tomi\u00f1o -\" \/>\n<meta property=\"og:description\" content=\"\u00c9 moi importante facer todas as probas posibles para ter un mapa de infectados o m\u00e1is axustado \u00e1 realidade que poidamos [...]\" \/>\n<meta property=\"og:url\" content=\"https:\/\/www.anovapeneira.gal\/index.php\/2020\/03\/31\/carme-nunez-medica-do-centro-de-saude-de-tomino\/\" \/>\n<meta property=\"article:publisher\" content=\"https:\/\/www.facebook.com\/anovapeneira\" \/>\n<meta property=\"article:published_time\" content=\"2020-03-31T08:00:19+00:00\" \/>\n<meta property=\"og:image\" content=\"https:\/\/www.anovapeneira.gal\/wp-content\/uploads\/2020\/03\/carme_nunez_a_nova_peneira-scaled.jpg\" \/>\n\t<meta property=\"og:image:width\" content=\"2560\" \/>\n\t<meta property=\"og:image:height\" content=\"1536\" \/>\n\t<meta property=\"og:image:type\" content=\"image\/jpeg\" \/>\n<meta name=\"author\" content=\"Tino Lago\" \/>\n<meta name=\"twitter:card\" content=\"summary_large_image\" \/>\n<meta name=\"twitter:creator\" content=\"@APeneira\" \/>\n<meta name=\"twitter:site\" content=\"@APeneira\" \/>\n<meta name=\"twitter:label1\" content=\"Escrito por\" \/>\n\t<meta name=\"twitter:data1\" content=\"Tino Lago\" \/>\n\t<meta name=\"twitter:label2\" content=\"Tempo de lectura\" \/>\n\t<meta name=\"twitter:data2\" content=\"8 minutos\" \/>\n<script type=\"application\/ld+json\" class=\"yoast-schema-graph\">{\"@context\":\"https:\\\/\\\/schema.org\",\"@graph\":[{\"@type\":\"Article\",\"@id\":\"https:\\\/\\\/www.anovapeneira.gal\\\/index.php\\\/2020\\\/03\\\/31\\\/carme-nunez-medica-do-centro-de-saude-de-tomino\\\/#article\",\"isPartOf\":{\"@id\":\"https:\\\/\\\/www.anovapeneira.gal\\\/index.php\\\/2020\\\/03\\\/31\\\/carme-nunez-medica-do-centro-de-saude-de-tomino\\\/\"},\"author\":{\"name\":\"Tino Lago\",\"@id\":\"https:\\\/\\\/www.anovapeneira.gal\\\/#\\\/schema\\\/person\\\/424dfe65e3070fd8a44d22d2c088762a\"},\"headline\":\"Carme N\u00fa\u00f1ez, m\u00e9dica do Centro de Sa\u00fade de Tomi\u00f1o\",\"datePublished\":\"2020-03-31T08:00:19+00:00\",\"mainEntityOfPage\":{\"@id\":\"https:\\\/\\\/www.anovapeneira.gal\\\/index.php\\\/2020\\\/03\\\/31\\\/carme-nunez-medica-do-centro-de-saude-de-tomino\\\/\"},\"wordCount\":1519,\"commentCount\":0,\"publisher\":{\"@id\":\"https:\\\/\\\/www.anovapeneira.gal\\\/#organization\"},\"image\":{\"@id\":\"https:\\\/\\\/www.anovapeneira.gal\\\/index.php\\\/2020\\\/03\\\/31\\\/carme-nunez-medica-do-centro-de-saude-de-tomino\\\/#primaryimage\"},\"thumbnailUrl\":\"https:\\\/\\\/www.anovapeneira.gal\\\/wp-content\\\/uploads\\\/2020\\\/03\\\/carme_nunez_a_nova_peneira-scaled.jpg\",\"keywords\":[\"Concello de Tomi\u00f1o\",\"Concello de Tui\",\"COVID19\"],\"articleSection\":[\"Baixo Mi\u00f1o\"],\"inLanguage\":\"gl-ES\",\"potentialAction\":[{\"@type\":\"CommentAction\",\"name\":\"Comment\",\"target\":[\"https:\\\/\\\/www.anovapeneira.gal\\\/index.php\\\/2020\\\/03\\\/31\\\/carme-nunez-medica-do-centro-de-saude-de-tomino\\\/#respond\"]}]},{\"@type\":\"WebPage\",\"@id\":\"https:\\\/\\\/www.anovapeneira.gal\\\/index.php\\\/2020\\\/03\\\/31\\\/carme-nunez-medica-do-centro-de-saude-de-tomino\\\/\",\"url\":\"https:\\\/\\\/www.anovapeneira.gal\\\/index.php\\\/2020\\\/03\\\/31\\\/carme-nunez-medica-do-centro-de-saude-de-tomino\\\/\",\"name\":\"Carme N\u00fa\u00f1ez, m\u00e9dica do Centro de Sa\u00fade de Tomi\u00f1o -\",\"isPartOf\":{\"@id\":\"https:\\\/\\\/www.anovapeneira.gal\\\/#website\"},\"primaryImageOfPage\":{\"@id\":\"https:\\\/\\\/www.anovapeneira.gal\\\/index.php\\\/2020\\\/03\\\/31\\\/carme-nunez-medica-do-centro-de-saude-de-tomino\\\/#primaryimage\"},\"image\":{\"@id\":\"https:\\\/\\\/www.anovapeneira.gal\\\/index.php\\\/2020\\\/03\\\/31\\\/carme-nunez-medica-do-centro-de-saude-de-tomino\\\/#primaryimage\"},\"thumbnailUrl\":\"https:\\\/\\\/www.anovapeneira.gal\\\/wp-content\\\/uploads\\\/2020\\\/03\\\/carme_nunez_a_nova_peneira-scaled.jpg\",\"datePublished\":\"2020-03-31T08:00:19+00:00\",\"breadcrumb\":{\"@id\":\"https:\\\/\\\/www.anovapeneira.gal\\\/index.php\\\/2020\\\/03\\\/31\\\/carme-nunez-medica-do-centro-de-saude-de-tomino\\\/#breadcrumb\"},\"inLanguage\":\"gl-ES\",\"potentialAction\":[{\"@type\":\"ReadAction\",\"target\":[\"https:\\\/\\\/www.anovapeneira.gal\\\/index.php\\\/2020\\\/03\\\/31\\\/carme-nunez-medica-do-centro-de-saude-de-tomino\\\/\"]}]},{\"@type\":\"ImageObject\",\"inLanguage\":\"gl-ES\",\"@id\":\"https:\\\/\\\/www.anovapeneira.gal\\\/index.php\\\/2020\\\/03\\\/31\\\/carme-nunez-medica-do-centro-de-saude-de-tomino\\\/#primaryimage\",\"url\":\"https:\\\/\\\/www.anovapeneira.gal\\\/wp-content\\\/uploads\\\/2020\\\/03\\\/carme_nunez_a_nova_peneira-scaled.jpg\",\"contentUrl\":\"https:\\\/\\\/www.anovapeneira.gal\\\/wp-content\\\/uploads\\\/2020\\\/03\\\/carme_nunez_a_nova_peneira-scaled.jpg\",\"width\":2560,\"height\":1536,\"caption\":\"Carme Nu\u00f1ez Centro de Sa\u00fade de Tomi\u00f1o A Nova Peneira\"},{\"@type\":\"BreadcrumbList\",\"@id\":\"https:\\\/\\\/www.anovapeneira.gal\\\/index.php\\\/2020\\\/03\\\/31\\\/carme-nunez-medica-do-centro-de-saude-de-tomino\\\/#breadcrumb\",\"itemListElement\":[{\"@type\":\"ListItem\",\"position\":1,\"name\":\"Portada\",\"item\":\"https:\\\/\\\/www.anovapeneira.gal\\\/\"},{\"@type\":\"ListItem\",\"position\":2,\"name\":\"Carme N\u00fa\u00f1ez, m\u00e9dica do Centro de Sa\u00fade de Tomi\u00f1o\"}]},{\"@type\":\"WebSite\",\"@id\":\"https:\\\/\\\/www.anovapeneira.gal\\\/#website\",\"url\":\"https:\\\/\\\/www.anovapeneira.gal\\\/\",\"name\":\"\",\"description\":\"Xornal galego de informaci\u00f3n xeral Publicaci\u00f3n mensual de novas de Galicia e en especial dos Concellos da sur da provincia de Pontevedra.\",\"publisher\":{\"@id\":\"https:\\\/\\\/www.anovapeneira.gal\\\/#organization\"},\"potentialAction\":[{\"@type\":\"SearchAction\",\"target\":{\"@type\":\"EntryPoint\",\"urlTemplate\":\"https:\\\/\\\/www.anovapeneira.gal\\\/?s={search_term_string}\"},\"query-input\":{\"@type\":\"PropertyValueSpecification\",\"valueRequired\":true,\"valueName\":\"search_term_string\"}}],\"inLanguage\":\"gl-ES\"},{\"@type\":\"Organization\",\"@id\":\"https:\\\/\\\/www.anovapeneira.gal\\\/#organization\",\"name\":\"A Nova Peneira\",\"url\":\"https:\\\/\\\/www.anovapeneira.gal\\\/\",\"logo\":{\"@type\":\"ImageObject\",\"inLanguage\":\"gl-ES\",\"@id\":\"https:\\\/\\\/www.anovapeneira.gal\\\/#\\\/schema\\\/logo\\\/image\\\/\",\"url\":\"http:\\\/\\\/www.anovapeneira.gal\\\/wp-content\\\/uploads\\\/2019\\\/06\\\/logo_a_nova_peneira_portal_web.png\",\"contentUrl\":\"http:\\\/\\\/www.anovapeneira.gal\\\/wp-content\\\/uploads\\\/2019\\\/06\\\/logo_a_nova_peneira_portal_web.png\",\"width\":300,\"height\":100,\"caption\":\"A Nova Peneira\"},\"image\":{\"@id\":\"https:\\\/\\\/www.anovapeneira.gal\\\/#\\\/schema\\\/logo\\\/image\\\/\"},\"sameAs\":[\"https:\\\/\\\/www.facebook.com\\\/anovapeneira\",\"https:\\\/\\\/x.com\\\/APeneira\"]},{\"@type\":\"Person\",\"@id\":\"https:\\\/\\\/www.anovapeneira.gal\\\/#\\\/schema\\\/person\\\/424dfe65e3070fd8a44d22d2c088762a\",\"name\":\"Tino Lago\",\"image\":{\"@type\":\"ImageObject\",\"inLanguage\":\"gl-ES\",\"@id\":\"https:\\\/\\\/secure.gravatar.com\\\/avatar\\\/b3df6a06e44bab3111583b90f0f33a0379ee5e3d22cbadd232d39f21c30c62be?s=96&d=mm&r=g\",\"url\":\"https:\\\/\\\/secure.gravatar.com\\\/avatar\\\/b3df6a06e44bab3111583b90f0f33a0379ee5e3d22cbadd232d39f21c30c62be?s=96&d=mm&r=g\",\"contentUrl\":\"https:\\\/\\\/secure.gravatar.com\\\/avatar\\\/b3df6a06e44bab3111583b90f0f33a0379ee5e3d22cbadd232d39f21c30c62be?s=96&d=mm&r=g\",\"caption\":\"Tino Lago\"},\"sameAs\":[\"http:\\\/\\\/www.anovapeneira.gal\"],\"url\":\"https:\\\/\\\/www.anovapeneira.gal\\\/index.php\\\/author\\\/director\\\/\"}]}<\/script>\n<!-- \/ Yoast SEO plugin. -->","yoast_head_json":{"title":"Carme N\u00fa\u00f1ez, m\u00e9dica do Centro de Sa\u00fade de Tomi\u00f1o -","robots":{"index":"index","follow":"follow","max-snippet":"max-snippet:-1","max-image-preview":"max-image-preview:large","max-video-preview":"max-video-preview:-1"},"canonical":"https:\/\/www.anovapeneira.gal\/index.php\/2020\/03\/31\/carme-nunez-medica-do-centro-de-saude-de-tomino\/","og_locale":"gl_ES","og_type":"article","og_title":"Carme N\u00fa\u00f1ez, m\u00e9dica do Centro de Sa\u00fade de Tomi\u00f1o -","og_description":"\u00c9 moi importante facer todas as probas posibles para ter un mapa de infectados o m\u00e1is axustado \u00e1 realidade que poidamos [...]","og_url":"https:\/\/www.anovapeneira.gal\/index.php\/2020\/03\/31\/carme-nunez-medica-do-centro-de-saude-de-tomino\/","article_publisher":"https:\/\/www.facebook.com\/anovapeneira","article_published_time":"2020-03-31T08:00:19+00:00","og_image":[{"width":2560,"height":1536,"url":"https:\/\/www.anovapeneira.gal\/wp-content\/uploads\/2020\/03\/carme_nunez_a_nova_peneira-scaled.jpg","type":"image\/jpeg"}],"author":"Tino Lago","twitter_card":"summary_large_image","twitter_creator":"@APeneira","twitter_site":"@APeneira","twitter_misc":{"Escrito por":"Tino Lago","Tempo de lectura":"8 minutos"},"schema":{"@context":"https:\/\/schema.org","@graph":[{"@type":"Article","@id":"https:\/\/www.anovapeneira.gal\/index.php\/2020\/03\/31\/carme-nunez-medica-do-centro-de-saude-de-tomino\/#article","isPartOf":{"@id":"https:\/\/www.anovapeneira.gal\/index.php\/2020\/03\/31\/carme-nunez-medica-do-centro-de-saude-de-tomino\/"},"author":{"name":"Tino Lago","@id":"https:\/\/www.anovapeneira.gal\/#\/schema\/person\/424dfe65e3070fd8a44d22d2c088762a"},"headline":"Carme N\u00fa\u00f1ez, m\u00e9dica do Centro de Sa\u00fade de Tomi\u00f1o","datePublished":"2020-03-31T08:00:19+00:00","mainEntityOfPage":{"@id":"https:\/\/www.anovapeneira.gal\/index.php\/2020\/03\/31\/carme-nunez-medica-do-centro-de-saude-de-tomino\/"},"wordCount":1519,"commentCount":0,"publisher":{"@id":"https:\/\/www.anovapeneira.gal\/#organization"},"image":{"@id":"https:\/\/www.anovapeneira.gal\/index.php\/2020\/03\/31\/carme-nunez-medica-do-centro-de-saude-de-tomino\/#primaryimage"},"thumbnailUrl":"https:\/\/www.anovapeneira.gal\/wp-content\/uploads\/2020\/03\/carme_nunez_a_nova_peneira-scaled.jpg","keywords":["Concello de Tomi\u00f1o","Concello de Tui","COVID19"],"articleSection":["Baixo Mi\u00f1o"],"inLanguage":"gl-ES","potentialAction":[{"@type":"CommentAction","name":"Comment","target":["https:\/\/www.anovapeneira.gal\/index.php\/2020\/03\/31\/carme-nunez-medica-do-centro-de-saude-de-tomino\/#respond"]}]},{"@type":"WebPage","@id":"https:\/\/www.anovapeneira.gal\/index.php\/2020\/03\/31\/carme-nunez-medica-do-centro-de-saude-de-tomino\/","url":"https:\/\/www.anovapeneira.gal\/index.php\/2020\/03\/31\/carme-nunez-medica-do-centro-de-saude-de-tomino\/","name":"Carme N\u00fa\u00f1ez, m\u00e9dica do Centro de Sa\u00fade de Tomi\u00f1o -","isPartOf":{"@id":"https:\/\/www.anovapeneira.gal\/#website"},"primaryImageOfPage":{"@id":"https:\/\/www.anovapeneira.gal\/index.php\/2020\/03\/31\/carme-nunez-medica-do-centro-de-saude-de-tomino\/#primaryimage"},"image":{"@id":"https:\/\/www.anovapeneira.gal\/index.php\/2020\/03\/31\/carme-nunez-medica-do-centro-de-saude-de-tomino\/#primaryimage"},"thumbnailUrl":"https:\/\/www.anovapeneira.gal\/wp-content\/uploads\/2020\/03\/carme_nunez_a_nova_peneira-scaled.jpg","datePublished":"2020-03-31T08:00:19+00:00","breadcrumb":{"@id":"https:\/\/www.anovapeneira.gal\/index.php\/2020\/03\/31\/carme-nunez-medica-do-centro-de-saude-de-tomino\/#breadcrumb"},"inLanguage":"gl-ES","potentialAction":[{"@type":"ReadAction","target":["https:\/\/www.anovapeneira.gal\/index.php\/2020\/03\/31\/carme-nunez-medica-do-centro-de-saude-de-tomino\/"]}]},{"@type":"ImageObject","inLanguage":"gl-ES","@id":"https:\/\/www.anovapeneira.gal\/index.php\/2020\/03\/31\/carme-nunez-medica-do-centro-de-saude-de-tomino\/#primaryimage","url":"https:\/\/www.anovapeneira.gal\/wp-content\/uploads\/2020\/03\/carme_nunez_a_nova_peneira-scaled.jpg","contentUrl":"https:\/\/www.anovapeneira.gal\/wp-content\/uploads\/2020\/03\/carme_nunez_a_nova_peneira-scaled.jpg","width":2560,"height":1536,"caption":"Carme Nu\u00f1ez Centro de Sa\u00fade de Tomi\u00f1o A Nova Peneira"},{"@type":"BreadcrumbList","@id":"https:\/\/www.anovapeneira.gal\/index.php\/2020\/03\/31\/carme-nunez-medica-do-centro-de-saude-de-tomino\/#breadcrumb","itemListElement":[{"@type":"ListItem","position":1,"name":"Portada","item":"https:\/\/www.anovapeneira.gal\/"},{"@type":"ListItem","position":2,"name":"Carme N\u00fa\u00f1ez, m\u00e9dica do Centro de Sa\u00fade de Tomi\u00f1o"}]},{"@type":"WebSite","@id":"https:\/\/www.anovapeneira.gal\/#website","url":"https:\/\/www.anovapeneira.gal\/","name":"","description":"Xornal galego de informaci\u00f3n xeral Publicaci\u00f3n mensual de novas de Galicia e en especial dos Concellos da sur da provincia de Pontevedra.","publisher":{"@id":"https:\/\/www.anovapeneira.gal\/#organization"},"potentialAction":[{"@type":"SearchAction","target":{"@type":"EntryPoint","urlTemplate":"https:\/\/www.anovapeneira.gal\/?s={search_term_string}"},"query-input":{"@type":"PropertyValueSpecification","valueRequired":true,"valueName":"search_term_string"}}],"inLanguage":"gl-ES"},{"@type":"Organization","@id":"https:\/\/www.anovapeneira.gal\/#organization","name":"A Nova Peneira","url":"https:\/\/www.anovapeneira.gal\/","logo":{"@type":"ImageObject","inLanguage":"gl-ES","@id":"https:\/\/www.anovapeneira.gal\/#\/schema\/logo\/image\/","url":"http:\/\/www.anovapeneira.gal\/wp-content\/uploads\/2019\/06\/logo_a_nova_peneira_portal_web.png","contentUrl":"http:\/\/www.anovapeneira.gal\/wp-content\/uploads\/2019\/06\/logo_a_nova_peneira_portal_web.png","width":300,"height":100,"caption":"A Nova Peneira"},"image":{"@id":"https:\/\/www.anovapeneira.gal\/#\/schema\/logo\/image\/"},"sameAs":["https:\/\/www.facebook.com\/anovapeneira","https:\/\/x.com\/APeneira"]},{"@type":"Person","@id":"https:\/\/www.anovapeneira.gal\/#\/schema\/person\/424dfe65e3070fd8a44d22d2c088762a","name":"Tino Lago","image":{"@type":"ImageObject","inLanguage":"gl-ES","@id":"https:\/\/secure.gravatar.com\/avatar\/b3df6a06e44bab3111583b90f0f33a0379ee5e3d22cbadd232d39f21c30c62be?s=96&d=mm&r=g","url":"https:\/\/secure.gravatar.com\/avatar\/b3df6a06e44bab3111583b90f0f33a0379ee5e3d22cbadd232d39f21c30c62be?s=96&d=mm&r=g","contentUrl":"https:\/\/secure.gravatar.com\/avatar\/b3df6a06e44bab3111583b90f0f33a0379ee5e3d22cbadd232d39f21c30c62be?s=96&d=mm&r=g","caption":"Tino Lago"},"sameAs":["http:\/\/www.anovapeneira.gal"],"url":"https:\/\/www.anovapeneira.gal\/index.php\/author\/director\/"}]}},"jetpack_featured_media_url":"https:\/\/www.anovapeneira.gal\/wp-content\/uploads\/2020\/03\/carme_nunez_a_nova_peneira-scaled.jpg","_links":{"self":[{"href":"https:\/\/www.anovapeneira.gal\/index.php\/wp-json\/wp\/v2\/posts\/2849","targetHints":{"allow":["GET"]}}],"collection":[{"href":"https:\/\/www.anovapeneira.gal\/index.php\/wp-json\/wp\/v2\/posts"}],"about":[{"href":"https:\/\/www.anovapeneira.gal\/index.php\/wp-json\/wp\/v2\/types\/post"}],"author":[{"embeddable":true,"href":"https:\/\/www.anovapeneira.gal\/index.php\/wp-json\/wp\/v2\/users\/2"}],"replies":[{"embeddable":true,"href":"https:\/\/www.anovapeneira.gal\/index.php\/wp-json\/wp\/v2\/comments?post=2849"}],"version-history":[{"count":1,"href":"https:\/\/www.anovapeneira.gal\/index.php\/wp-json\/wp\/v2\/posts\/2849\/revisions"}],"predecessor-version":[{"id":2851,"href":"https:\/\/www.anovapeneira.gal\/index.php\/wp-json\/wp\/v2\/posts\/2849\/revisions\/2851"}],"wp:featuredmedia":[{"embeddable":true,"href":"https:\/\/www.anovapeneira.gal\/index.php\/wp-json\/wp\/v2\/media\/2850"}],"wp:attachment":[{"href":"https:\/\/www.anovapeneira.gal\/index.php\/wp-json\/wp\/v2\/media?parent=2849"}],"wp:term":[{"taxonomy":"category","embeddable":true,"href":"https:\/\/www.anovapeneira.gal\/index.php\/wp-json\/wp\/v2\/categories?post=2849"},{"taxonomy":"post_tag","embeddable":true,"href":"https:\/\/www.anovapeneira.gal\/index.php\/wp-json\/wp\/v2\/tags?post=2849"}],"curies":[{"name":"wp","href":"https:\/\/api.w.org\/{rel}","templated":true}]}}