{"id":2856,"date":"2020-04-01T10:00:33","date_gmt":"2020-04-01T08:00:33","guid":{"rendered":"http:\/\/www.anovapeneira.gal\/?p=2856"},"modified":"2020-03-31T20:17:42","modified_gmt":"2020-03-31T18:17:42","slug":"diario-dun-confinamento-iii-19-26-de-marzo","status":"publish","type":"post","link":"https:\/\/www.anovapeneira.gal\/index.php\/2020\/04\/01\/diario-dun-confinamento-iii-19-26-de-marzo\/","title":{"rendered":"Diario dun confinamento III: 19 \u2013 26 de marzo"},"content":{"rendered":"\n<figure class=\"wp-block-image size-large is-resized\"><img loading=\"lazy\" decoding=\"async\" src=\"http:\/\/www.anovapeneira.gal\/wp-content\/uploads\/2019\/08\/aaron_franco_a_nova_peneira.jpg\" alt=\"\" class=\"wp-image-830\" width=\"95\" height=\"111\"\/><figcaption>Aar\u00f3n Franco, escritor de Mar\u00edn<\/figcaption><\/figure>\n\n\n\n<p>Desde agora pasaremos a escribir este\ndiario semanalmente para englobar as reflexi\u00f3ns respecto do contexto\nxeral. Tal d\u00eda coma hoxe, 26 de marzo, superouse a barreira das\ncatro mil mortes no conxunto do estado. Estes \u00faltimos sete d\u00edas\nforon especialmente impactantes onde a aparici\u00f3n dunha ponte festiva\ndeu lugar a imaxes absolutamente rexeitables. Nun estado de\nemerxencia sanitaria onde a vida dos nosos maiores, en particular, e\na sa\u00fade de todos, en xeral, est\u00e1 en xogo, resultan absolutamente\ndeplorables os cortes de v\u00eddeo onde se observaba aos madrile\u00f1os\ncolapsando as autoestradas de sa\u00edda de Madrid para irse de ponte \u00e1\ncosta, s\u00faponse. Non \u00e9 admisible, non \u00e9 solidario. Non hai vento bo\nque ve\u00f1a de al\u00ed, din. \u00c9 psicopat\u00eda pura e dura.<\/p>\n\n\n\n<p>O vergo\u00f1oso espect\u00e1culo dos medios de\ncomunicaci\u00f3n e dos tod\u00f3logos contin\u00faa co obxectivo de divirnos \u00e1s\nclases traballadoras, encomend\u00e1ndolle aos nosos iguais facer a labor\nde polic\u00edas que desde os balc\u00f3ns denuncian e perseguen a aquelas\npersoas que non te\u00f1en m\u00e1is remedio que baixar \u00e1 r\u00faa en\ndeterminadas horas. Esta mesma fin de semana, por medio das redes\nsociais, co\u00f1ec\u00eda o caso dunha muller separada que conviv\u00eda\nunicamente coas s\u00faas crianzas de 2 e 4 anos. Un d\u00eda baixou \u00e1 r\u00faa\na depositar o lixo e como, \u00e9 evidente, non pod\u00eda deixar soas \u00e1s\ns\u00faas crianzas, baixou \u00e1 r\u00faa con elas. Pois ben, un veci\u00f1o a\ndenunciou e a esta pobre muller non lle quedou outra que pagar a\nmulta. Alienados e alienadas do mundo, deixade de facer de polic\u00edas.\nCada vida \u00e9 unha historia, \u00e9 un conxunto de circunstancias\nparticulares que en moitas ocasi\u00f3ns desco\u00f1ecemos, as\u00ed que deixadeo\nxa.<\/p>\n\n\n\n<p>No que respecta ao noso pa\u00eds, o\nquerido N\u00fa\u00f1ez Feijoo di que vai todo marabillosamente, que o pico\nda curva est\u00e1 preto a chegar e que a culpa \u00e9 toda do goberno\ncentral, chegando a alegar que hai falta de respiradores e que o\ngoberno do estado ten a culpa. Como Feijoo \u00e9 tan bobo que a\nintelixencia lle persegue pero el corre m\u00e1is r\u00e1pido, \u00e1s poucas\nhoras, onte mesmo d\u00eda 25, anunciou a doaz\u00f3n de respiradores a ese\ngali\u00f1eiro con neboeiro que \u00e9 Madrid. Co cal unha de d\u00faas, ou\nFeijoo ment\u00edu descaradamente cando dic\u00eda que non hab\u00eda\nrespiradores, ou act\u00faa como virrei das Hespa\u00f1as (que dir\u00eda\nCastelao) po\u00f1endo en risco e en precario (a\u00ednda m\u00e1is) \u00e1s xentes\ngalegas. Que Feijoo lle bote a culpa da suposta falta de respiradores\nao goberno central \u00e9 propio dun c\u00ednico morrocotudo ao que\nunicamente lle importa permanecer no poder a\u00ednda que para elo te\u00f1a\nque cami\u00f1ar por riba de cadavres. Un se\u00f1or que leva once anos\ndesmantelando a sanidade p\u00fablica derivando enfermos \u00e1 privada cun\ncusto superior para as arcas p\u00fablicas. Cando isto remate toca\ndesafiuzalo, \u00e9 un tipo perigoso. \n<\/p>\n\n\n\n<p>O d\u00eda a d\u00eda no m\u00e1is persoal l\u00e9vase\nseg\u00fan como cadre, pero a sensaci\u00f3n de monta\u00f1a rusa \u00e9 total.\nBuscando no arquivo do meu m\u00f3bil atopo unha foto do 21 de xaneiro\ndeste mesmo ano que me arrep\u00eda. Esa imaxe foi tomada desde o meu\ncentro de traballo, un d\u00eda calquera. Nela obs\u00e9rvase unha\ninstant\u00e1nea da Alameda de Mar\u00edn completamente deserta. En Mar\u00edn \u00e9\ndificil\u00edsimo que iso aconteza xa que a Alameda \u00e9 a localizaci\u00f3n\npor excelencia onde te\u00f1en lugar reuni\u00f3ns, actividades de ocio e\ntr\u00e1nsito xeral de persoas . O certo \u00e9 que visualizandoa par\u00e9ceme\nque todo aquello era premonitorio.<\/p>\n\n\n\n<p>Por outra banda, parece salientable que\nsexa cada vez m\u00e1is a xente que sae a aplaudir aos sanitarios todos\nos d\u00edas \u00e1s 20.00 horas. Que esa xente toda se lembre tam\u00e9n dos que\nestiveron facendo recortes na sanidade, dos que xogan coas nosas\nvidas porque lle entregaron ao p\u00fablico aos amigos. Relacionado con\nesto \u00faltimo ch\u00e1mame a atenci\u00f3n a cuesti\u00f3n da sanidade privada.\nUnha das medidas asociadas ao estado de alarma, era que o estado \u00eda\nasumir a xesti\u00f3n da sanidade privada, unha nacionalizaci\u00f3n light,\nen fin. Pasan os d\u00edas e non hai m\u00e1is novas do asunto. Sen ir m\u00e1is\nlonxe, o hospital Quir\u00f3n de Pontevedra contin\u00faa facendo o que lle\nvai realmente en gana a d\u00eda de hoxe, co cal non sei se pensar que o\ngoberno fixo simplemente unha operaci\u00f3n de marketing ou se o\nproblema \u00e9 o medo a tomar decisi\u00f3ns claras que beneficien \u00e1 xente\ndo com\u00fan. Insisto na nacionalizaci\u00f3n da sanidade privada. Por lei.\nPara sempre. Para n\u00f3s.<\/p>\n\n\n\n<p>Finalmente quixera destacar a\nxenerosidade cubana despois de d\u00e9cadas de bloqueo e de persecuci\u00f3n.\nC\u00f3mpre sen ning\u00fan tipo de complexo falar alto e esixir a retirada\ndo bloqueo a Cuba, que lle est\u00e1 a dar unha lecci\u00f3n de\ninternacionalismo e solidariedade coma ningu\u00e9n ao mundo. Cuba\nga\u00f1oulle a partida ao sistema capitalista hai xa moito tempo. E\nagora esa vitoria escenif\u00edcase de xeito claro e n\u00edtido. Viva Cuba!\nVivan as clases traballadoras!<\/p>\n","protected":false},"excerpt":{"rendered":"<div class=\"mh-excerpt\"><p>Desde agora pasaremos a escribir este diario semanalmente para englobar as reflexi\u00f3ns respecto do contexto xeral <a class=\"mh-excerpt-more\" href=\"https:\/\/www.anovapeneira.gal\/index.php\/2020\/04\/01\/diario-dun-confinamento-iii-19-26-de-marzo\/\" title=\"Diario dun confinamento III: 19 \u2013 26 de marzo\">[&#8230;]<\/a><\/p>\n<\/div>","protected":false},"author":23,"featured_media":584,"comment_status":"open","ping_status":"open","sticky":false,"template":"","format":"standard","meta":{"_exactmetrics_skip_tracking":false,"_exactmetrics_sitenote_active":false,"_exactmetrics_sitenote_note":"","_exactmetrics_sitenote_category":0,"footnotes":""},"categories":[7],"tags":[1006,58],"class_list":{"0":"post-2856","1":"post","2":"type-post","3":"status-publish","4":"format-standard","5":"has-post-thumbnail","7":"category-artigos-de-opinion","8":"tag-covid19","9":"tag-opinion"},"yoast_head":"<!-- This site is optimized with the Yoast SEO plugin v27.4 - https:\/\/yoast.com\/product\/yoast-seo-wordpress\/ -->\n<title>Diario dun confinamento III: 19 \u2013 26 de marzo -<\/title>\n<meta name=\"robots\" content=\"index, follow, max-snippet:-1, max-image-preview:large, max-video-preview:-1\" \/>\n<link rel=\"canonical\" href=\"https:\/\/www.anovapeneira.gal\/index.php\/2020\/04\/01\/diario-dun-confinamento-iii-19-26-de-marzo\/\" \/>\n<meta property=\"og:locale\" content=\"gl_ES\" \/>\n<meta property=\"og:type\" content=\"article\" \/>\n<meta property=\"og:title\" content=\"Diario dun confinamento III: 19 \u2013 26 de marzo -\" \/>\n<meta property=\"og:description\" content=\"Desde agora pasaremos a escribir este diario semanalmente para englobar as reflexi\u00f3ns respecto do contexto xeral [...]\" \/>\n<meta property=\"og:url\" content=\"https:\/\/www.anovapeneira.gal\/index.php\/2020\/04\/01\/diario-dun-confinamento-iii-19-26-de-marzo\/\" \/>\n<meta property=\"article:publisher\" content=\"https:\/\/www.facebook.com\/anovapeneira\" \/>\n<meta property=\"article:published_time\" content=\"2020-04-01T08:00:33+00:00\" \/>\n<meta property=\"og:image\" content=\"https:\/\/www.anovapeneira.gal\/wp-content\/uploads\/2019\/07\/ARTIGO_DE_OPINION_A_NOVA_PENEIRA.jpg\" \/>\n\t<meta property=\"og:image:width\" content=\"720\" \/>\n\t<meta property=\"og:image:height\" content=\"473\" \/>\n\t<meta property=\"og:image:type\" content=\"image\/jpeg\" \/>\n<meta name=\"author\" content=\"Aar\u00f3n Franco\" \/>\n<meta name=\"twitter:card\" content=\"summary_large_image\" \/>\n<meta name=\"twitter:creator\" content=\"@APeneira\" \/>\n<meta name=\"twitter:site\" content=\"@APeneira\" \/>\n<meta name=\"twitter:label1\" content=\"Escrito por\" \/>\n\t<meta name=\"twitter:data1\" content=\"Aar\u00f3n Franco\" \/>\n\t<meta name=\"twitter:label2\" content=\"Tempo de lectura\" \/>\n\t<meta name=\"twitter:data2\" content=\"4 minutos\" \/>\n<script type=\"application\/ld+json\" class=\"yoast-schema-graph\">{\"@context\":\"https:\\\/\\\/schema.org\",\"@graph\":[{\"@type\":\"Article\",\"@id\":\"https:\\\/\\\/www.anovapeneira.gal\\\/index.php\\\/2020\\\/04\\\/01\\\/diario-dun-confinamento-iii-19-26-de-marzo\\\/#article\",\"isPartOf\":{\"@id\":\"https:\\\/\\\/www.anovapeneira.gal\\\/index.php\\\/2020\\\/04\\\/01\\\/diario-dun-confinamento-iii-19-26-de-marzo\\\/\"},\"author\":{\"name\":\"Aar\u00f3n Franco\",\"@id\":\"https:\\\/\\\/www.anovapeneira.gal\\\/#\\\/schema\\\/person\\\/a907e49c1885c12d6f281770afd68766\"},\"headline\":\"Diario dun confinamento III: 19 \u2013 26 de marzo\",\"datePublished\":\"2020-04-01T08:00:33+00:00\",\"mainEntityOfPage\":{\"@id\":\"https:\\\/\\\/www.anovapeneira.gal\\\/index.php\\\/2020\\\/04\\\/01\\\/diario-dun-confinamento-iii-19-26-de-marzo\\\/\"},\"wordCount\":888,\"commentCount\":0,\"publisher\":{\"@id\":\"https:\\\/\\\/www.anovapeneira.gal\\\/#organization\"},\"image\":{\"@id\":\"https:\\\/\\\/www.anovapeneira.gal\\\/index.php\\\/2020\\\/04\\\/01\\\/diario-dun-confinamento-iii-19-26-de-marzo\\\/#primaryimage\"},\"thumbnailUrl\":\"https:\\\/\\\/www.anovapeneira.gal\\\/wp-content\\\/uploads\\\/2019\\\/07\\\/ARTIGO_DE_OPINION_A_NOVA_PENEIRA.jpg\",\"keywords\":[\"COVID19\",\"Opini\u00f3n\"],\"articleSection\":[\"Artigos de opini\u00f3n\"],\"inLanguage\":\"gl-ES\",\"potentialAction\":[{\"@type\":\"CommentAction\",\"name\":\"Comment\",\"target\":[\"https:\\\/\\\/www.anovapeneira.gal\\\/index.php\\\/2020\\\/04\\\/01\\\/diario-dun-confinamento-iii-19-26-de-marzo\\\/#respond\"]}]},{\"@type\":\"WebPage\",\"@id\":\"https:\\\/\\\/www.anovapeneira.gal\\\/index.php\\\/2020\\\/04\\\/01\\\/diario-dun-confinamento-iii-19-26-de-marzo\\\/\",\"url\":\"https:\\\/\\\/www.anovapeneira.gal\\\/index.php\\\/2020\\\/04\\\/01\\\/diario-dun-confinamento-iii-19-26-de-marzo\\\/\",\"name\":\"Diario dun confinamento III: 19 \u2013 26 de marzo -\",\"isPartOf\":{\"@id\":\"https:\\\/\\\/www.anovapeneira.gal\\\/#website\"},\"primaryImageOfPage\":{\"@id\":\"https:\\\/\\\/www.anovapeneira.gal\\\/index.php\\\/2020\\\/04\\\/01\\\/diario-dun-confinamento-iii-19-26-de-marzo\\\/#primaryimage\"},\"image\":{\"@id\":\"https:\\\/\\\/www.anovapeneira.gal\\\/index.php\\\/2020\\\/04\\\/01\\\/diario-dun-confinamento-iii-19-26-de-marzo\\\/#primaryimage\"},\"thumbnailUrl\":\"https:\\\/\\\/www.anovapeneira.gal\\\/wp-content\\\/uploads\\\/2019\\\/07\\\/ARTIGO_DE_OPINION_A_NOVA_PENEIRA.jpg\",\"datePublished\":\"2020-04-01T08:00:33+00:00\",\"breadcrumb\":{\"@id\":\"https:\\\/\\\/www.anovapeneira.gal\\\/index.php\\\/2020\\\/04\\\/01\\\/diario-dun-confinamento-iii-19-26-de-marzo\\\/#breadcrumb\"},\"inLanguage\":\"gl-ES\",\"potentialAction\":[{\"@type\":\"ReadAction\",\"target\":[\"https:\\\/\\\/www.anovapeneira.gal\\\/index.php\\\/2020\\\/04\\\/01\\\/diario-dun-confinamento-iii-19-26-de-marzo\\\/\"]}]},{\"@type\":\"ImageObject\",\"inLanguage\":\"gl-ES\",\"@id\":\"https:\\\/\\\/www.anovapeneira.gal\\\/index.php\\\/2020\\\/04\\\/01\\\/diario-dun-confinamento-iii-19-26-de-marzo\\\/#primaryimage\",\"url\":\"https:\\\/\\\/www.anovapeneira.gal\\\/wp-content\\\/uploads\\\/2019\\\/07\\\/ARTIGO_DE_OPINION_A_NOVA_PENEIRA.jpg\",\"contentUrl\":\"https:\\\/\\\/www.anovapeneira.gal\\\/wp-content\\\/uploads\\\/2019\\\/07\\\/ARTIGO_DE_OPINION_A_NOVA_PENEIRA.jpg\",\"width\":720,\"height\":473,\"caption\":\"Artigo de opini\u00f3n A Nova Peneira\"},{\"@type\":\"BreadcrumbList\",\"@id\":\"https:\\\/\\\/www.anovapeneira.gal\\\/index.php\\\/2020\\\/04\\\/01\\\/diario-dun-confinamento-iii-19-26-de-marzo\\\/#breadcrumb\",\"itemListElement\":[{\"@type\":\"ListItem\",\"position\":1,\"name\":\"Portada\",\"item\":\"https:\\\/\\\/www.anovapeneira.gal\\\/\"},{\"@type\":\"ListItem\",\"position\":2,\"name\":\"Diario dun confinamento III: 19 \u2013 26 de marzo\"}]},{\"@type\":\"WebSite\",\"@id\":\"https:\\\/\\\/www.anovapeneira.gal\\\/#website\",\"url\":\"https:\\\/\\\/www.anovapeneira.gal\\\/\",\"name\":\"\",\"description\":\"Xornal galego de informaci\u00f3n xeral Publicaci\u00f3n mensual de novas de Galicia e en especial dos Concellos da sur da provincia de Pontevedra.\",\"publisher\":{\"@id\":\"https:\\\/\\\/www.anovapeneira.gal\\\/#organization\"},\"potentialAction\":[{\"@type\":\"SearchAction\",\"target\":{\"@type\":\"EntryPoint\",\"urlTemplate\":\"https:\\\/\\\/www.anovapeneira.gal\\\/?s={search_term_string}\"},\"query-input\":{\"@type\":\"PropertyValueSpecification\",\"valueRequired\":true,\"valueName\":\"search_term_string\"}}],\"inLanguage\":\"gl-ES\"},{\"@type\":\"Organization\",\"@id\":\"https:\\\/\\\/www.anovapeneira.gal\\\/#organization\",\"name\":\"A Nova Peneira\",\"url\":\"https:\\\/\\\/www.anovapeneira.gal\\\/\",\"logo\":{\"@type\":\"ImageObject\",\"inLanguage\":\"gl-ES\",\"@id\":\"https:\\\/\\\/www.anovapeneira.gal\\\/#\\\/schema\\\/logo\\\/image\\\/\",\"url\":\"http:\\\/\\\/www.anovapeneira.gal\\\/wp-content\\\/uploads\\\/2019\\\/06\\\/logo_a_nova_peneira_portal_web.png\",\"contentUrl\":\"http:\\\/\\\/www.anovapeneira.gal\\\/wp-content\\\/uploads\\\/2019\\\/06\\\/logo_a_nova_peneira_portal_web.png\",\"width\":300,\"height\":100,\"caption\":\"A Nova Peneira\"},\"image\":{\"@id\":\"https:\\\/\\\/www.anovapeneira.gal\\\/#\\\/schema\\\/logo\\\/image\\\/\"},\"sameAs\":[\"https:\\\/\\\/www.facebook.com\\\/anovapeneira\",\"https:\\\/\\\/x.com\\\/APeneira\"]},{\"@type\":\"Person\",\"@id\":\"https:\\\/\\\/www.anovapeneira.gal\\\/#\\\/schema\\\/person\\\/a907e49c1885c12d6f281770afd68766\",\"name\":\"Aar\u00f3n Franco\",\"image\":{\"@type\":\"ImageObject\",\"inLanguage\":\"gl-ES\",\"@id\":\"https:\\\/\\\/secure.gravatar.com\\\/avatar\\\/82f0614fe09ae3f066983f8d670d0ff15a0917fefe52b93ffa425275b87d6102?s=96&d=mm&r=g\",\"url\":\"https:\\\/\\\/secure.gravatar.com\\\/avatar\\\/82f0614fe09ae3f066983f8d670d0ff15a0917fefe52b93ffa425275b87d6102?s=96&d=mm&r=g\",\"contentUrl\":\"https:\\\/\\\/secure.gravatar.com\\\/avatar\\\/82f0614fe09ae3f066983f8d670d0ff15a0917fefe52b93ffa425275b87d6102?s=96&d=mm&r=g\",\"caption\":\"Aar\u00f3n Franco\"},\"sameAs\":[\"http:\\\/\\\/www.anovapeneira.gal\\\/\"],\"url\":\"https:\\\/\\\/www.anovapeneira.gal\\\/index.php\\\/author\\\/aaron-franco\\\/\"}]}<\/script>\n<!-- \/ Yoast SEO plugin. -->","yoast_head_json":{"title":"Diario dun confinamento III: 19 \u2013 26 de marzo -","robots":{"index":"index","follow":"follow","max-snippet":"max-snippet:-1","max-image-preview":"max-image-preview:large","max-video-preview":"max-video-preview:-1"},"canonical":"https:\/\/www.anovapeneira.gal\/index.php\/2020\/04\/01\/diario-dun-confinamento-iii-19-26-de-marzo\/","og_locale":"gl_ES","og_type":"article","og_title":"Diario dun confinamento III: 19 \u2013 26 de marzo -","og_description":"Desde agora pasaremos a escribir este diario semanalmente para englobar as reflexi\u00f3ns respecto do contexto xeral [...]","og_url":"https:\/\/www.anovapeneira.gal\/index.php\/2020\/04\/01\/diario-dun-confinamento-iii-19-26-de-marzo\/","article_publisher":"https:\/\/www.facebook.com\/anovapeneira","article_published_time":"2020-04-01T08:00:33+00:00","og_image":[{"width":720,"height":473,"url":"https:\/\/www.anovapeneira.gal\/wp-content\/uploads\/2019\/07\/ARTIGO_DE_OPINION_A_NOVA_PENEIRA.jpg","type":"image\/jpeg"}],"author":"Aar\u00f3n Franco","twitter_card":"summary_large_image","twitter_creator":"@APeneira","twitter_site":"@APeneira","twitter_misc":{"Escrito por":"Aar\u00f3n Franco","Tempo de lectura":"4 minutos"},"schema":{"@context":"https:\/\/schema.org","@graph":[{"@type":"Article","@id":"https:\/\/www.anovapeneira.gal\/index.php\/2020\/04\/01\/diario-dun-confinamento-iii-19-26-de-marzo\/#article","isPartOf":{"@id":"https:\/\/www.anovapeneira.gal\/index.php\/2020\/04\/01\/diario-dun-confinamento-iii-19-26-de-marzo\/"},"author":{"name":"Aar\u00f3n Franco","@id":"https:\/\/www.anovapeneira.gal\/#\/schema\/person\/a907e49c1885c12d6f281770afd68766"},"headline":"Diario dun confinamento III: 19 \u2013 26 de marzo","datePublished":"2020-04-01T08:00:33+00:00","mainEntityOfPage":{"@id":"https:\/\/www.anovapeneira.gal\/index.php\/2020\/04\/01\/diario-dun-confinamento-iii-19-26-de-marzo\/"},"wordCount":888,"commentCount":0,"publisher":{"@id":"https:\/\/www.anovapeneira.gal\/#organization"},"image":{"@id":"https:\/\/www.anovapeneira.gal\/index.php\/2020\/04\/01\/diario-dun-confinamento-iii-19-26-de-marzo\/#primaryimage"},"thumbnailUrl":"https:\/\/www.anovapeneira.gal\/wp-content\/uploads\/2019\/07\/ARTIGO_DE_OPINION_A_NOVA_PENEIRA.jpg","keywords":["COVID19","Opini\u00f3n"],"articleSection":["Artigos de opini\u00f3n"],"inLanguage":"gl-ES","potentialAction":[{"@type":"CommentAction","name":"Comment","target":["https:\/\/www.anovapeneira.gal\/index.php\/2020\/04\/01\/diario-dun-confinamento-iii-19-26-de-marzo\/#respond"]}]},{"@type":"WebPage","@id":"https:\/\/www.anovapeneira.gal\/index.php\/2020\/04\/01\/diario-dun-confinamento-iii-19-26-de-marzo\/","url":"https:\/\/www.anovapeneira.gal\/index.php\/2020\/04\/01\/diario-dun-confinamento-iii-19-26-de-marzo\/","name":"Diario dun confinamento III: 19 \u2013 26 de marzo -","isPartOf":{"@id":"https:\/\/www.anovapeneira.gal\/#website"},"primaryImageOfPage":{"@id":"https:\/\/www.anovapeneira.gal\/index.php\/2020\/04\/01\/diario-dun-confinamento-iii-19-26-de-marzo\/#primaryimage"},"image":{"@id":"https:\/\/www.anovapeneira.gal\/index.php\/2020\/04\/01\/diario-dun-confinamento-iii-19-26-de-marzo\/#primaryimage"},"thumbnailUrl":"https:\/\/www.anovapeneira.gal\/wp-content\/uploads\/2019\/07\/ARTIGO_DE_OPINION_A_NOVA_PENEIRA.jpg","datePublished":"2020-04-01T08:00:33+00:00","breadcrumb":{"@id":"https:\/\/www.anovapeneira.gal\/index.php\/2020\/04\/01\/diario-dun-confinamento-iii-19-26-de-marzo\/#breadcrumb"},"inLanguage":"gl-ES","potentialAction":[{"@type":"ReadAction","target":["https:\/\/www.anovapeneira.gal\/index.php\/2020\/04\/01\/diario-dun-confinamento-iii-19-26-de-marzo\/"]}]},{"@type":"ImageObject","inLanguage":"gl-ES","@id":"https:\/\/www.anovapeneira.gal\/index.php\/2020\/04\/01\/diario-dun-confinamento-iii-19-26-de-marzo\/#primaryimage","url":"https:\/\/www.anovapeneira.gal\/wp-content\/uploads\/2019\/07\/ARTIGO_DE_OPINION_A_NOVA_PENEIRA.jpg","contentUrl":"https:\/\/www.anovapeneira.gal\/wp-content\/uploads\/2019\/07\/ARTIGO_DE_OPINION_A_NOVA_PENEIRA.jpg","width":720,"height":473,"caption":"Artigo de opini\u00f3n A Nova Peneira"},{"@type":"BreadcrumbList","@id":"https:\/\/www.anovapeneira.gal\/index.php\/2020\/04\/01\/diario-dun-confinamento-iii-19-26-de-marzo\/#breadcrumb","itemListElement":[{"@type":"ListItem","position":1,"name":"Portada","item":"https:\/\/www.anovapeneira.gal\/"},{"@type":"ListItem","position":2,"name":"Diario dun confinamento III: 19 \u2013 26 de marzo"}]},{"@type":"WebSite","@id":"https:\/\/www.anovapeneira.gal\/#website","url":"https:\/\/www.anovapeneira.gal\/","name":"","description":"Xornal galego de informaci\u00f3n xeral Publicaci\u00f3n mensual de novas de Galicia e en especial dos Concellos da sur da provincia de Pontevedra.","publisher":{"@id":"https:\/\/www.anovapeneira.gal\/#organization"},"potentialAction":[{"@type":"SearchAction","target":{"@type":"EntryPoint","urlTemplate":"https:\/\/www.anovapeneira.gal\/?s={search_term_string}"},"query-input":{"@type":"PropertyValueSpecification","valueRequired":true,"valueName":"search_term_string"}}],"inLanguage":"gl-ES"},{"@type":"Organization","@id":"https:\/\/www.anovapeneira.gal\/#organization","name":"A Nova Peneira","url":"https:\/\/www.anovapeneira.gal\/","logo":{"@type":"ImageObject","inLanguage":"gl-ES","@id":"https:\/\/www.anovapeneira.gal\/#\/schema\/logo\/image\/","url":"http:\/\/www.anovapeneira.gal\/wp-content\/uploads\/2019\/06\/logo_a_nova_peneira_portal_web.png","contentUrl":"http:\/\/www.anovapeneira.gal\/wp-content\/uploads\/2019\/06\/logo_a_nova_peneira_portal_web.png","width":300,"height":100,"caption":"A Nova Peneira"},"image":{"@id":"https:\/\/www.anovapeneira.gal\/#\/schema\/logo\/image\/"},"sameAs":["https:\/\/www.facebook.com\/anovapeneira","https:\/\/x.com\/APeneira"]},{"@type":"Person","@id":"https:\/\/www.anovapeneira.gal\/#\/schema\/person\/a907e49c1885c12d6f281770afd68766","name":"Aar\u00f3n Franco","image":{"@type":"ImageObject","inLanguage":"gl-ES","@id":"https:\/\/secure.gravatar.com\/avatar\/82f0614fe09ae3f066983f8d670d0ff15a0917fefe52b93ffa425275b87d6102?s=96&d=mm&r=g","url":"https:\/\/secure.gravatar.com\/avatar\/82f0614fe09ae3f066983f8d670d0ff15a0917fefe52b93ffa425275b87d6102?s=96&d=mm&r=g","contentUrl":"https:\/\/secure.gravatar.com\/avatar\/82f0614fe09ae3f066983f8d670d0ff15a0917fefe52b93ffa425275b87d6102?s=96&d=mm&r=g","caption":"Aar\u00f3n Franco"},"sameAs":["http:\/\/www.anovapeneira.gal\/"],"url":"https:\/\/www.anovapeneira.gal\/index.php\/author\/aaron-franco\/"}]}},"jetpack_featured_media_url":"https:\/\/www.anovapeneira.gal\/wp-content\/uploads\/2019\/07\/ARTIGO_DE_OPINION_A_NOVA_PENEIRA.jpg","_links":{"self":[{"href":"https:\/\/www.anovapeneira.gal\/index.php\/wp-json\/wp\/v2\/posts\/2856","targetHints":{"allow":["GET"]}}],"collection":[{"href":"https:\/\/www.anovapeneira.gal\/index.php\/wp-json\/wp\/v2\/posts"}],"about":[{"href":"https:\/\/www.anovapeneira.gal\/index.php\/wp-json\/wp\/v2\/types\/post"}],"author":[{"embeddable":true,"href":"https:\/\/www.anovapeneira.gal\/index.php\/wp-json\/wp\/v2\/users\/23"}],"replies":[{"embeddable":true,"href":"https:\/\/www.anovapeneira.gal\/index.php\/wp-json\/wp\/v2\/comments?post=2856"}],"version-history":[{"count":1,"href":"https:\/\/www.anovapeneira.gal\/index.php\/wp-json\/wp\/v2\/posts\/2856\/revisions"}],"predecessor-version":[{"id":2857,"href":"https:\/\/www.anovapeneira.gal\/index.php\/wp-json\/wp\/v2\/posts\/2856\/revisions\/2857"}],"wp:featuredmedia":[{"embeddable":true,"href":"https:\/\/www.anovapeneira.gal\/index.php\/wp-json\/wp\/v2\/media\/584"}],"wp:attachment":[{"href":"https:\/\/www.anovapeneira.gal\/index.php\/wp-json\/wp\/v2\/media?parent=2856"}],"wp:term":[{"taxonomy":"category","embeddable":true,"href":"https:\/\/www.anovapeneira.gal\/index.php\/wp-json\/wp\/v2\/categories?post=2856"},{"taxonomy":"post_tag","embeddable":true,"href":"https:\/\/www.anovapeneira.gal\/index.php\/wp-json\/wp\/v2\/tags?post=2856"}],"curies":[{"name":"wp","href":"https:\/\/api.w.org\/{rel}","templated":true}]}}