{"id":2858,"date":"2020-04-01T12:00:27","date_gmt":"2020-04-01T10:00:27","guid":{"rendered":"http:\/\/www.anovapeneira.gal\/?p=2858"},"modified":"2020-03-31T20:18:58","modified_gmt":"2020-03-31T18:18:58","slug":"no-tempo-do-lobo","status":"publish","type":"post","link":"https:\/\/www.anovapeneira.gal\/index.php\/2020\/04\/01\/no-tempo-do-lobo\/","title":{"rendered":"No tempo do lobo"},"content":{"rendered":"\n<figure class=\"wp-block-image size-large is-resized\"><img loading=\"lazy\" decoding=\"async\" src=\"http:\/\/www.anovapeneira.gal\/wp-content\/uploads\/2020\/03\/Oriana-_ANovaPeneira.jpg\" alt=\"Oriana M\u00e9ndez A Nova Peneira\" class=\"wp-image-2860\" width=\"106\" height=\"124\" srcset=\"https:\/\/www.anovapeneira.gal\/wp-content\/uploads\/2020\/03\/Oriana-_ANovaPeneira.jpg 425w, https:\/\/www.anovapeneira.gal\/wp-content\/uploads\/2020\/03\/Oriana-_ANovaPeneira-257x300.jpg 257w\" sizes=\"auto, (max-width: 106px) 100vw, 106px\" \/><figcaption>Oriana M\u00e9ndez <br>Concelleira da Marea de Vigo no Concello de Vigo <br>Membro da Coordinadora Nacional de Anova<\/figcaption><\/figure>\n\n\n\n<p>Quen\npode pensar en tempos escuros? E, malia a presi\u00f3n e a urxencia,\nestamos na obriga de reflexionar politicamente sobre o significado do\nque vivimos, tentando albiscar cami\u00f1os cara ao que v\u00e9n. Tr\u00e1tase de\nmanternos alerta sobre a alerta. \n<\/p>\n\n\n\n<p>Vaiamos\n\u00e1 d\u00e9cada dos 80 do pasado s\u00e9culo ou vaiamos un pouco antes, \u00e1\nreconstruci\u00f3n europea tras a II Guerra Mundial. Debemos lembrar que\nse tratou dunha, concreta e determinada, reconstruci\u00f3n europea, a\nque concibe a necesidade de constru\u00edr unha fortaleza capitalista, a\nUni\u00f3n Europea, fronte a d\u00faas realidades converxentes: Europa como\nterritorio no que, polo seu grao de industrializaci\u00f3n, en primeiro\nlugar e de forma m\u00e1is profunda se produciu e avanzou a organizaci\u00f3n\nobreira e, por outra banda, Europa como territorio cara ao que se\nexpandir\u00eda e arraigar\u00eda, quizais, o proxecto sovi\u00e9tico. Cumpr\u00eda\nunha gran ferramenta de disciplinamento das clases traballadoras.\n<em>Mutatis\nmutandi<\/em>\no tempo da historia, ese segue a ser hoxe o principal obxectivo da\nUE. \n<\/p>\n\n\n\n<p>Un\nobxectivo que se acada e se sost\u00e9n mediante o m\u00e9todo clave da\ncesi\u00f3n de soberan\u00eda. A UE e a cesi\u00f3n de soberan\u00eda que comporta a\ns\u00faa construci\u00f3n operan nun sentido an\u00e1logo ao dos procesos de\nprivatizaci\u00f3n de servizos p\u00fablicos: c\u00e9dense\/privat\u00edzanse os\ndereitos\/beneficios, social\u00edzanse as perdas entre unha maior\u00eda\nsocial cada vez m\u00e1is exhausta. E, nese marco, agroman as\ncontradici\u00f3ns, canto m\u00e1is se se produce unha crise sanitaria dunha\ndimensi\u00f3n sen precedentes que est\u00e1 implicando, tam\u00e9n, unha crise\necon\u00f3mica e social probablemente superior \u00e1 de 2008. Observamos\nalg\u00fans peches de fronteiras por parte dos Estados, recuperando a s\u00faa\nreafirmaci\u00f3n e visibilizaci\u00f3n, tam\u00e9n negando a soberan\u00eda das\nnaci\u00f3ns sen Estado para decidir sobre as s\u00faas propias fronteiras.\nSeguindo ao fil\u00f3sofo surcoreano Byung-Chul Han nun recente artigo en\nEl Pa\u00eds, os peches de fronteiras neste contexto son unha expresi\u00f3n\ndesesperada de soberan\u00eda. M\u00e1is segue sen existir, e c\u00f3mpre\nlembralo, un dereito \u00e1 autodeterminaci\u00f3n dos pobos que permita\nexercer a soberan\u00eda, de xeito desesperado ou non, a todos os\npobos-naci\u00f3n de Europa. \n<\/p>\n\n\n\n<p>Porque,\nno marco da UE, \u00e9 a toma de decisi\u00f3ns participada, \u00e9 a\norganizaci\u00f3n popular e democr\u00e1tica o que est\u00e1 censurado e\nrepresaliado. V\u00edmolo no proceso democr\u00e1tico do 1-O en Catalu\u00f1a,\nv\u00edmolo xa antes nas demandas dos colectivos por unha vivenda digna,\nv\u00edmolo ata o movemento dos <em>gilets\njaunes<\/em>\nen Francia. Paradoxal e simultaneamente, a UE si deu reco\u00f1ecemento,\nde xeito m\u00e1is ou menos amplificado, a movementos autoreivindicados\ncomo defensores da rexeneraci\u00f3n democr\u00e1tica: as revoltas de\nHong-Kong, as de Bolivia, as de Venezuela. \n<\/p>\n\n\n\n<p>Esta\nnegaci\u00f3n do debate e da construci\u00f3n democr\u00e1tica no seo da UE,\nmentres se d\u00e1 carta de natureza a falsas revoltas democr\u00e1ticas que\nocultaban e ocultan intereses capitalistas baixo distintas expresi\u00f3ns\nculturais, non pode sen\u00f3n lembrarnos ao acontecido d\u00e9cadas atr\u00e1s:\no apoio aos procesos secesionistas das exrep\u00fablicas sovi\u00e9ticas,\nmentres se persegu\u00eda e se condenaba, coma hoxe, o dereito de\nautodeterminaci\u00f3n das naci\u00f3ns sen Estado no seo da UE. \n<\/p>\n\n\n\n<p>Quereriamos\nlembrar agora unha sucinta caracterizaci\u00f3n do estadio\nhist\u00f3rico-social no que nos encontramos: \n<\/p>\n\n\n\n<p>-A\nconcentraci\u00f3n da produci\u00f3n e do capital chegou ata un grado tan\nelevado de desenvolvemento que creou os monopolios: intereses\naglutinados que desempe\u00f1an un papel decisivo na vida econ\u00f3mica\nneutralizando a competencia.<\/p>\n\n\n\n<p>-A\nfusi\u00f3n do capital bancario co industrial e a creaci\u00f3n, sobre a base\ndeste \u201ccapital financeiro\u201d, da oligarqu\u00eda financeira.<\/p>\n\n\n\n<p>\u00c9\no imperialismo, fase suprema do capitalismo, un estadio\nhist\u00f3rico-social xa definido por Lenin en 1916. A isto temos que\nengadir hoxe un grao de desenvolvemento tecnol\u00f3xico e cient\u00edfico\nque pode estar ao servizo dos intereses capitalistas ou pode\ncolocarse ao servizo do interese xeral, da xente, do pobo e da vida.\nEse \u00e9 o caso exemplar dunha pequena illa do oc\u00e9ano Atl\u00e1ntico que\nleva salvadas mill\u00f3ns de vidas, Cuba e, por moitas obxecci\u00f3ns que\nse lle queiran p\u00f3r, tam\u00e9n \u00e9 o caso de China nesta crise. \n<\/p>\n\n\n\n<p>O\ninvestigador e n\u00famero dous de Barcelona en Com\u00fa, Joan Subirats,\nafirma que a potencia desta crise sanitaria e das s\u00faas secuelas\nobrigan a repensar un modelo econ\u00f3mico e convivencial que se\nabandonou \u00e1 l\u00f3xica do mercado, a que o mercado adquira vida propia\ne defina, segundo as s\u00faas marxes de custo e beneficio, o que \u00e9\nbeneficioso e prexudicial para o conxunto da sociedade. \u00c9 dicir, o\nmercado dita mandatos sociais e econ\u00f3micos a unha suposta\nhomoxeneidade, cando en realidade as sociedades capitalistas gardan,\npor definici\u00f3n, no seu interior, antagonismos e contradici\u00f3ns de\nclase que converten calquera norma nunha norma de parte. \n<\/p>\n\n\n\n<p>Esta\nten que ser a hora de erguer o p\u00fablico. Dicimos que desta temos que\nsa\u00edr reforzados. Qu\u00e9 significa reforzados: \u00e9 a hora de constru\u00edr\nunha institucionalidade dende o com\u00fan. C\u00f3mpre incorporar a\ndimensi\u00f3n dos coidados porque esta \u00e9 unha crise que pon sobre a\nmesa, cunha claridade descarnada, a loita feminista pola igualdade,\npolo reparto equitativo dos coidados e da protecci\u00f3n. \u00c9 defensa da\nvida non desde os preceptos individualistas liberais,\nsen\u00f3n ao contrario, dende a perspectiva do comunitario. \n<\/p>\n\n\n\n<p>A\ncrise sanitaria es\u00edxenos distancia f\u00edsica, esixe que nos afastemos\ndos nosos iguais, pero non podemos permitir que a urxencia nos impida\nteimar no importante: manternos unidos e unidas, ese \u00e9 o precepto\nfundamental da solidariedade e ten que ser o asento da\ninstitucionalidade que construamos despois da crise. Un escudo\nsocial, como xa se v\u00e9n reivindicando. Que nesta crise non vexamos o\nque vimos en 2008: enfrontar o pen\u00faltimo co \u00faltimo, estigmatizar ao\nm\u00e1is pobre, observar con prexu\u00edzos, desprezar a quen quedaron atr\u00e1s\nporque s\u00f3 tiveron un pouco menos de sorte no azar dun sistema voraz.\nUnidade, solidariedade, apoio mutuo. \n<\/p>\n","protected":false},"excerpt":{"rendered":"<div class=\"mh-excerpt\"><p>Quen pode pensar en tempos escuros? E, malia a presi\u00f3n e a urxencia, estamos na obriga de reflexionar politicamente <a class=\"mh-excerpt-more\" href=\"https:\/\/www.anovapeneira.gal\/index.php\/2020\/04\/01\/no-tempo-do-lobo\/\" title=\"No tempo do lobo\">[&#8230;]<\/a><\/p>\n<\/div>","protected":false},"author":24,"featured_media":584,"comment_status":"open","ping_status":"open","sticky":false,"template":"","format":"standard","meta":{"_exactmetrics_skip_tracking":false,"_exactmetrics_sitenote_active":false,"_exactmetrics_sitenote_note":"","_exactmetrics_sitenote_category":0,"footnotes":""},"categories":[7],"tags":[58],"class_list":{"0":"post-2858","1":"post","2":"type-post","3":"status-publish","4":"format-standard","5":"has-post-thumbnail","7":"category-artigos-de-opinion","8":"tag-opinion"},"yoast_head":"<!-- This site is optimized with the Yoast SEO plugin v27.4 - https:\/\/yoast.com\/product\/yoast-seo-wordpress\/ -->\n<title>No tempo do lobo -<\/title>\n<meta name=\"robots\" content=\"index, follow, max-snippet:-1, max-image-preview:large, max-video-preview:-1\" \/>\n<link rel=\"canonical\" href=\"https:\/\/www.anovapeneira.gal\/index.php\/2020\/04\/01\/no-tempo-do-lobo\/\" \/>\n<meta property=\"og:locale\" content=\"gl_ES\" \/>\n<meta property=\"og:type\" content=\"article\" \/>\n<meta property=\"og:title\" content=\"No tempo do lobo -\" \/>\n<meta property=\"og:description\" content=\"Quen pode pensar en tempos escuros? E, malia a presi\u00f3n e a urxencia, estamos na obriga de reflexionar politicamente [...]\" \/>\n<meta property=\"og:url\" content=\"https:\/\/www.anovapeneira.gal\/index.php\/2020\/04\/01\/no-tempo-do-lobo\/\" \/>\n<meta property=\"article:publisher\" content=\"https:\/\/www.facebook.com\/anovapeneira\" \/>\n<meta property=\"article:published_time\" content=\"2020-04-01T10:00:27+00:00\" \/>\n<meta property=\"og:image\" content=\"https:\/\/www.anovapeneira.gal\/wp-content\/uploads\/2019\/07\/ARTIGO_DE_OPINION_A_NOVA_PENEIRA.jpg\" \/>\n\t<meta property=\"og:image:width\" content=\"720\" \/>\n\t<meta property=\"og:image:height\" content=\"473\" \/>\n\t<meta property=\"og:image:type\" content=\"image\/jpeg\" \/>\n<meta name=\"author\" content=\"Oriana M\u00e9ndez\" \/>\n<meta name=\"twitter:card\" content=\"summary_large_image\" \/>\n<meta name=\"twitter:creator\" content=\"@APeneira\" \/>\n<meta name=\"twitter:site\" content=\"@APeneira\" \/>\n<meta name=\"twitter:label1\" content=\"Escrito por\" \/>\n\t<meta name=\"twitter:data1\" content=\"Oriana M\u00e9ndez\" \/>\n\t<meta name=\"twitter:label2\" content=\"Tempo de lectura\" \/>\n\t<meta name=\"twitter:data2\" content=\"5 minutos\" \/>\n<script type=\"application\/ld+json\" class=\"yoast-schema-graph\">{\"@context\":\"https:\\\/\\\/schema.org\",\"@graph\":[{\"@type\":\"Article\",\"@id\":\"https:\\\/\\\/www.anovapeneira.gal\\\/index.php\\\/2020\\\/04\\\/01\\\/no-tempo-do-lobo\\\/#article\",\"isPartOf\":{\"@id\":\"https:\\\/\\\/www.anovapeneira.gal\\\/index.php\\\/2020\\\/04\\\/01\\\/no-tempo-do-lobo\\\/\"},\"author\":{\"name\":\"Oriana M\u00e9ndez\",\"@id\":\"https:\\\/\\\/www.anovapeneira.gal\\\/#\\\/schema\\\/person\\\/b88443598ccbe41fdcb1211d72a05abb\"},\"headline\":\"No tempo do lobo\",\"datePublished\":\"2020-04-01T10:00:27+00:00\",\"mainEntityOfPage\":{\"@id\":\"https:\\\/\\\/www.anovapeneira.gal\\\/index.php\\\/2020\\\/04\\\/01\\\/no-tempo-do-lobo\\\/\"},\"wordCount\":1038,\"commentCount\":0,\"publisher\":{\"@id\":\"https:\\\/\\\/www.anovapeneira.gal\\\/#organization\"},\"image\":{\"@id\":\"https:\\\/\\\/www.anovapeneira.gal\\\/index.php\\\/2020\\\/04\\\/01\\\/no-tempo-do-lobo\\\/#primaryimage\"},\"thumbnailUrl\":\"https:\\\/\\\/www.anovapeneira.gal\\\/wp-content\\\/uploads\\\/2019\\\/07\\\/ARTIGO_DE_OPINION_A_NOVA_PENEIRA.jpg\",\"keywords\":[\"Opini\u00f3n\"],\"articleSection\":[\"Artigos de opini\u00f3n\"],\"inLanguage\":\"gl-ES\",\"potentialAction\":[{\"@type\":\"CommentAction\",\"name\":\"Comment\",\"target\":[\"https:\\\/\\\/www.anovapeneira.gal\\\/index.php\\\/2020\\\/04\\\/01\\\/no-tempo-do-lobo\\\/#respond\"]}]},{\"@type\":\"WebPage\",\"@id\":\"https:\\\/\\\/www.anovapeneira.gal\\\/index.php\\\/2020\\\/04\\\/01\\\/no-tempo-do-lobo\\\/\",\"url\":\"https:\\\/\\\/www.anovapeneira.gal\\\/index.php\\\/2020\\\/04\\\/01\\\/no-tempo-do-lobo\\\/\",\"name\":\"No tempo do lobo -\",\"isPartOf\":{\"@id\":\"https:\\\/\\\/www.anovapeneira.gal\\\/#website\"},\"primaryImageOfPage\":{\"@id\":\"https:\\\/\\\/www.anovapeneira.gal\\\/index.php\\\/2020\\\/04\\\/01\\\/no-tempo-do-lobo\\\/#primaryimage\"},\"image\":{\"@id\":\"https:\\\/\\\/www.anovapeneira.gal\\\/index.php\\\/2020\\\/04\\\/01\\\/no-tempo-do-lobo\\\/#primaryimage\"},\"thumbnailUrl\":\"https:\\\/\\\/www.anovapeneira.gal\\\/wp-content\\\/uploads\\\/2019\\\/07\\\/ARTIGO_DE_OPINION_A_NOVA_PENEIRA.jpg\",\"datePublished\":\"2020-04-01T10:00:27+00:00\",\"breadcrumb\":{\"@id\":\"https:\\\/\\\/www.anovapeneira.gal\\\/index.php\\\/2020\\\/04\\\/01\\\/no-tempo-do-lobo\\\/#breadcrumb\"},\"inLanguage\":\"gl-ES\",\"potentialAction\":[{\"@type\":\"ReadAction\",\"target\":[\"https:\\\/\\\/www.anovapeneira.gal\\\/index.php\\\/2020\\\/04\\\/01\\\/no-tempo-do-lobo\\\/\"]}]},{\"@type\":\"ImageObject\",\"inLanguage\":\"gl-ES\",\"@id\":\"https:\\\/\\\/www.anovapeneira.gal\\\/index.php\\\/2020\\\/04\\\/01\\\/no-tempo-do-lobo\\\/#primaryimage\",\"url\":\"https:\\\/\\\/www.anovapeneira.gal\\\/wp-content\\\/uploads\\\/2019\\\/07\\\/ARTIGO_DE_OPINION_A_NOVA_PENEIRA.jpg\",\"contentUrl\":\"https:\\\/\\\/www.anovapeneira.gal\\\/wp-content\\\/uploads\\\/2019\\\/07\\\/ARTIGO_DE_OPINION_A_NOVA_PENEIRA.jpg\",\"width\":720,\"height\":473,\"caption\":\"Artigo de opini\u00f3n A Nova Peneira\"},{\"@type\":\"BreadcrumbList\",\"@id\":\"https:\\\/\\\/www.anovapeneira.gal\\\/index.php\\\/2020\\\/04\\\/01\\\/no-tempo-do-lobo\\\/#breadcrumb\",\"itemListElement\":[{\"@type\":\"ListItem\",\"position\":1,\"name\":\"Portada\",\"item\":\"https:\\\/\\\/www.anovapeneira.gal\\\/\"},{\"@type\":\"ListItem\",\"position\":2,\"name\":\"No tempo do lobo\"}]},{\"@type\":\"WebSite\",\"@id\":\"https:\\\/\\\/www.anovapeneira.gal\\\/#website\",\"url\":\"https:\\\/\\\/www.anovapeneira.gal\\\/\",\"name\":\"\",\"description\":\"Xornal galego de informaci\u00f3n xeral Publicaci\u00f3n mensual de novas de Galicia e en especial dos Concellos da sur da provincia de Pontevedra.\",\"publisher\":{\"@id\":\"https:\\\/\\\/www.anovapeneira.gal\\\/#organization\"},\"potentialAction\":[{\"@type\":\"SearchAction\",\"target\":{\"@type\":\"EntryPoint\",\"urlTemplate\":\"https:\\\/\\\/www.anovapeneira.gal\\\/?s={search_term_string}\"},\"query-input\":{\"@type\":\"PropertyValueSpecification\",\"valueRequired\":true,\"valueName\":\"search_term_string\"}}],\"inLanguage\":\"gl-ES\"},{\"@type\":\"Organization\",\"@id\":\"https:\\\/\\\/www.anovapeneira.gal\\\/#organization\",\"name\":\"A Nova Peneira\",\"url\":\"https:\\\/\\\/www.anovapeneira.gal\\\/\",\"logo\":{\"@type\":\"ImageObject\",\"inLanguage\":\"gl-ES\",\"@id\":\"https:\\\/\\\/www.anovapeneira.gal\\\/#\\\/schema\\\/logo\\\/image\\\/\",\"url\":\"http:\\\/\\\/www.anovapeneira.gal\\\/wp-content\\\/uploads\\\/2019\\\/06\\\/logo_a_nova_peneira_portal_web.png\",\"contentUrl\":\"http:\\\/\\\/www.anovapeneira.gal\\\/wp-content\\\/uploads\\\/2019\\\/06\\\/logo_a_nova_peneira_portal_web.png\",\"width\":300,\"height\":100,\"caption\":\"A Nova Peneira\"},\"image\":{\"@id\":\"https:\\\/\\\/www.anovapeneira.gal\\\/#\\\/schema\\\/logo\\\/image\\\/\"},\"sameAs\":[\"https:\\\/\\\/www.facebook.com\\\/anovapeneira\",\"https:\\\/\\\/x.com\\\/APeneira\"]},{\"@type\":\"Person\",\"@id\":\"https:\\\/\\\/www.anovapeneira.gal\\\/#\\\/schema\\\/person\\\/b88443598ccbe41fdcb1211d72a05abb\",\"name\":\"Oriana M\u00e9ndez\",\"image\":{\"@type\":\"ImageObject\",\"inLanguage\":\"gl-ES\",\"@id\":\"https:\\\/\\\/secure.gravatar.com\\\/avatar\\\/2407c781e8f1b962ae420d75ec66b7039bc5018bc8cc5fd0a025932551b91537?s=96&d=mm&r=g\",\"url\":\"https:\\\/\\\/secure.gravatar.com\\\/avatar\\\/2407c781e8f1b962ae420d75ec66b7039bc5018bc8cc5fd0a025932551b91537?s=96&d=mm&r=g\",\"contentUrl\":\"https:\\\/\\\/secure.gravatar.com\\\/avatar\\\/2407c781e8f1b962ae420d75ec66b7039bc5018bc8cc5fd0a025932551b91537?s=96&d=mm&r=g\",\"caption\":\"Oriana M\u00e9ndez\"},\"url\":\"https:\\\/\\\/www.anovapeneira.gal\\\/index.php\\\/author\\\/orianamendez\\\/\"}]}<\/script>\n<!-- \/ Yoast SEO plugin. -->","yoast_head_json":{"title":"No tempo do lobo -","robots":{"index":"index","follow":"follow","max-snippet":"max-snippet:-1","max-image-preview":"max-image-preview:large","max-video-preview":"max-video-preview:-1"},"canonical":"https:\/\/www.anovapeneira.gal\/index.php\/2020\/04\/01\/no-tempo-do-lobo\/","og_locale":"gl_ES","og_type":"article","og_title":"No tempo do lobo -","og_description":"Quen pode pensar en tempos escuros? E, malia a presi\u00f3n e a urxencia, estamos na obriga de reflexionar politicamente [...]","og_url":"https:\/\/www.anovapeneira.gal\/index.php\/2020\/04\/01\/no-tempo-do-lobo\/","article_publisher":"https:\/\/www.facebook.com\/anovapeneira","article_published_time":"2020-04-01T10:00:27+00:00","og_image":[{"width":720,"height":473,"url":"https:\/\/www.anovapeneira.gal\/wp-content\/uploads\/2019\/07\/ARTIGO_DE_OPINION_A_NOVA_PENEIRA.jpg","type":"image\/jpeg"}],"author":"Oriana M\u00e9ndez","twitter_card":"summary_large_image","twitter_creator":"@APeneira","twitter_site":"@APeneira","twitter_misc":{"Escrito por":"Oriana M\u00e9ndez","Tempo de lectura":"5 minutos"},"schema":{"@context":"https:\/\/schema.org","@graph":[{"@type":"Article","@id":"https:\/\/www.anovapeneira.gal\/index.php\/2020\/04\/01\/no-tempo-do-lobo\/#article","isPartOf":{"@id":"https:\/\/www.anovapeneira.gal\/index.php\/2020\/04\/01\/no-tempo-do-lobo\/"},"author":{"name":"Oriana M\u00e9ndez","@id":"https:\/\/www.anovapeneira.gal\/#\/schema\/person\/b88443598ccbe41fdcb1211d72a05abb"},"headline":"No tempo do lobo","datePublished":"2020-04-01T10:00:27+00:00","mainEntityOfPage":{"@id":"https:\/\/www.anovapeneira.gal\/index.php\/2020\/04\/01\/no-tempo-do-lobo\/"},"wordCount":1038,"commentCount":0,"publisher":{"@id":"https:\/\/www.anovapeneira.gal\/#organization"},"image":{"@id":"https:\/\/www.anovapeneira.gal\/index.php\/2020\/04\/01\/no-tempo-do-lobo\/#primaryimage"},"thumbnailUrl":"https:\/\/www.anovapeneira.gal\/wp-content\/uploads\/2019\/07\/ARTIGO_DE_OPINION_A_NOVA_PENEIRA.jpg","keywords":["Opini\u00f3n"],"articleSection":["Artigos de opini\u00f3n"],"inLanguage":"gl-ES","potentialAction":[{"@type":"CommentAction","name":"Comment","target":["https:\/\/www.anovapeneira.gal\/index.php\/2020\/04\/01\/no-tempo-do-lobo\/#respond"]}]},{"@type":"WebPage","@id":"https:\/\/www.anovapeneira.gal\/index.php\/2020\/04\/01\/no-tempo-do-lobo\/","url":"https:\/\/www.anovapeneira.gal\/index.php\/2020\/04\/01\/no-tempo-do-lobo\/","name":"No tempo do lobo -","isPartOf":{"@id":"https:\/\/www.anovapeneira.gal\/#website"},"primaryImageOfPage":{"@id":"https:\/\/www.anovapeneira.gal\/index.php\/2020\/04\/01\/no-tempo-do-lobo\/#primaryimage"},"image":{"@id":"https:\/\/www.anovapeneira.gal\/index.php\/2020\/04\/01\/no-tempo-do-lobo\/#primaryimage"},"thumbnailUrl":"https:\/\/www.anovapeneira.gal\/wp-content\/uploads\/2019\/07\/ARTIGO_DE_OPINION_A_NOVA_PENEIRA.jpg","datePublished":"2020-04-01T10:00:27+00:00","breadcrumb":{"@id":"https:\/\/www.anovapeneira.gal\/index.php\/2020\/04\/01\/no-tempo-do-lobo\/#breadcrumb"},"inLanguage":"gl-ES","potentialAction":[{"@type":"ReadAction","target":["https:\/\/www.anovapeneira.gal\/index.php\/2020\/04\/01\/no-tempo-do-lobo\/"]}]},{"@type":"ImageObject","inLanguage":"gl-ES","@id":"https:\/\/www.anovapeneira.gal\/index.php\/2020\/04\/01\/no-tempo-do-lobo\/#primaryimage","url":"https:\/\/www.anovapeneira.gal\/wp-content\/uploads\/2019\/07\/ARTIGO_DE_OPINION_A_NOVA_PENEIRA.jpg","contentUrl":"https:\/\/www.anovapeneira.gal\/wp-content\/uploads\/2019\/07\/ARTIGO_DE_OPINION_A_NOVA_PENEIRA.jpg","width":720,"height":473,"caption":"Artigo de opini\u00f3n A Nova Peneira"},{"@type":"BreadcrumbList","@id":"https:\/\/www.anovapeneira.gal\/index.php\/2020\/04\/01\/no-tempo-do-lobo\/#breadcrumb","itemListElement":[{"@type":"ListItem","position":1,"name":"Portada","item":"https:\/\/www.anovapeneira.gal\/"},{"@type":"ListItem","position":2,"name":"No tempo do lobo"}]},{"@type":"WebSite","@id":"https:\/\/www.anovapeneira.gal\/#website","url":"https:\/\/www.anovapeneira.gal\/","name":"","description":"Xornal galego de informaci\u00f3n xeral Publicaci\u00f3n mensual de novas de Galicia e en especial dos Concellos da sur da provincia de Pontevedra.","publisher":{"@id":"https:\/\/www.anovapeneira.gal\/#organization"},"potentialAction":[{"@type":"SearchAction","target":{"@type":"EntryPoint","urlTemplate":"https:\/\/www.anovapeneira.gal\/?s={search_term_string}"},"query-input":{"@type":"PropertyValueSpecification","valueRequired":true,"valueName":"search_term_string"}}],"inLanguage":"gl-ES"},{"@type":"Organization","@id":"https:\/\/www.anovapeneira.gal\/#organization","name":"A Nova Peneira","url":"https:\/\/www.anovapeneira.gal\/","logo":{"@type":"ImageObject","inLanguage":"gl-ES","@id":"https:\/\/www.anovapeneira.gal\/#\/schema\/logo\/image\/","url":"http:\/\/www.anovapeneira.gal\/wp-content\/uploads\/2019\/06\/logo_a_nova_peneira_portal_web.png","contentUrl":"http:\/\/www.anovapeneira.gal\/wp-content\/uploads\/2019\/06\/logo_a_nova_peneira_portal_web.png","width":300,"height":100,"caption":"A Nova Peneira"},"image":{"@id":"https:\/\/www.anovapeneira.gal\/#\/schema\/logo\/image\/"},"sameAs":["https:\/\/www.facebook.com\/anovapeneira","https:\/\/x.com\/APeneira"]},{"@type":"Person","@id":"https:\/\/www.anovapeneira.gal\/#\/schema\/person\/b88443598ccbe41fdcb1211d72a05abb","name":"Oriana M\u00e9ndez","image":{"@type":"ImageObject","inLanguage":"gl-ES","@id":"https:\/\/secure.gravatar.com\/avatar\/2407c781e8f1b962ae420d75ec66b7039bc5018bc8cc5fd0a025932551b91537?s=96&d=mm&r=g","url":"https:\/\/secure.gravatar.com\/avatar\/2407c781e8f1b962ae420d75ec66b7039bc5018bc8cc5fd0a025932551b91537?s=96&d=mm&r=g","contentUrl":"https:\/\/secure.gravatar.com\/avatar\/2407c781e8f1b962ae420d75ec66b7039bc5018bc8cc5fd0a025932551b91537?s=96&d=mm&r=g","caption":"Oriana M\u00e9ndez"},"url":"https:\/\/www.anovapeneira.gal\/index.php\/author\/orianamendez\/"}]}},"jetpack_featured_media_url":"https:\/\/www.anovapeneira.gal\/wp-content\/uploads\/2019\/07\/ARTIGO_DE_OPINION_A_NOVA_PENEIRA.jpg","_links":{"self":[{"href":"https:\/\/www.anovapeneira.gal\/index.php\/wp-json\/wp\/v2\/posts\/2858","targetHints":{"allow":["GET"]}}],"collection":[{"href":"https:\/\/www.anovapeneira.gal\/index.php\/wp-json\/wp\/v2\/posts"}],"about":[{"href":"https:\/\/www.anovapeneira.gal\/index.php\/wp-json\/wp\/v2\/types\/post"}],"author":[{"embeddable":true,"href":"https:\/\/www.anovapeneira.gal\/index.php\/wp-json\/wp\/v2\/users\/24"}],"replies":[{"embeddable":true,"href":"https:\/\/www.anovapeneira.gal\/index.php\/wp-json\/wp\/v2\/comments?post=2858"}],"version-history":[{"count":4,"href":"https:\/\/www.anovapeneira.gal\/index.php\/wp-json\/wp\/v2\/posts\/2858\/revisions"}],"predecessor-version":[{"id":2863,"href":"https:\/\/www.anovapeneira.gal\/index.php\/wp-json\/wp\/v2\/posts\/2858\/revisions\/2863"}],"wp:featuredmedia":[{"embeddable":true,"href":"https:\/\/www.anovapeneira.gal\/index.php\/wp-json\/wp\/v2\/media\/584"}],"wp:attachment":[{"href":"https:\/\/www.anovapeneira.gal\/index.php\/wp-json\/wp\/v2\/media?parent=2858"}],"wp:term":[{"taxonomy":"category","embeddable":true,"href":"https:\/\/www.anovapeneira.gal\/index.php\/wp-json\/wp\/v2\/categories?post=2858"},{"taxonomy":"post_tag","embeddable":true,"href":"https:\/\/www.anovapeneira.gal\/index.php\/wp-json\/wp\/v2\/tags?post=2858"}],"curies":[{"name":"wp","href":"https:\/\/api.w.org\/{rel}","templated":true}]}}