{"id":2872,"date":"2020-04-03T10:00:26","date_gmt":"2020-04-03T08:00:26","guid":{"rendered":"http:\/\/www.anovapeneira.gal\/?p=2872"},"modified":"2020-04-02T08:20:46","modified_gmt":"2020-04-02T06:20:46","slug":"enrique-lago-granada-preseidente-da-confederacion-de-empresarios-de-redondela","status":"publish","type":"post","link":"https:\/\/www.anovapeneira.gal\/index.php\/2020\/04\/03\/enrique-lago-granada-preseidente-da-confederacion-de-empresarios-de-redondela\/","title":{"rendered":"Enrique Lago Granada Preseidente da Confederaci\u00f3n de Empresarios de Redondela"},"content":{"rendered":"\n<p><strong>Enrique Lago, \u00e9 o presidente da Asociaci\u00f3n de Empresarios de Redondela, malia que hai que dicir que el \u00e8 bereteiro , e orgulloso de selo. De feito nalgunha ocasi\u00f3n temos tomado algunha ca\u00f1a no bar do noso amigo Suso, en Arealonga ( canto boto de menos tomar unha cervexa nas terrazas desa praia. Cando remate o confinamento ser\u00e1 das primeiras cousas que faga),e polo menos pola mi\u00f1a banda, te\u00f1o pasado ratos moi agradables conversando con el. Queriamos co\u00f1ecer a visi\u00f3n empresarial sobre a situaci\u00f3n actual, e as medidas que ao xu\u00edzo dos empresarios se deberan tomar para protexer ao tecido empresarial, e falamos co presidente da patronal redondel\u00e1. A conversa, tivo que ser v\u00eda telef\u00f3nica, claro. Agardo que pronto poidamos debater de novo, tomando unha ca\u00f1a, en calquera terraza de Arealonga.<\/strong><\/p>\n\n\n\n<p>\u201c<strong>TODOS E CADA UN DOS IMPOSTOS, INCLUIDA A CAMPA\u00d1A DA RENDA, DEBEN DER ADIADOS DE INMEDIATO\u201d<\/strong><\/p>\n\n\n\n<p><strong>Ti, es presidente da asociaci\u00f3n de empresarios dunha vila que, corr\u00edxeme se me equivoco, unha elevada porcentaxe do seu tecido empresarial est\u00e1 composto por pequenos, e incluso moi pequenos, empresarios. Supo\u00f1o que a situaci\u00f3n ser\u00e1 dificil\u00edsima para case todos eles?<\/strong><\/p>\n\n\n\n<blockquote class=\"wp-block-quote is-layout-flow wp-block-quote-is-layout-flow\"><p>Os momentos son moi malos para toda a sociedade. Eu como presidente da asociaci\u00f3n de empresarios de Redondela son consciente da mi\u00f1a responsabilidade e manifesto a mi\u00f1a enorme preocupaci\u00f3n polos nosos asociados e asociadas, porque en efecto, para a pr\u00e1ctica totalidade isto \u00e9 un golpe dur\u00edsimo. Desde logo, o prioritario \u00e9 a sa\u00fade das persoas, e desde a asociaci\u00f3n que presido env\u00edo as nosas condolencias m\u00e1is sinceras a quen perdera a un ser querido, os nosos mellores desexos de recuperaci\u00f3n para quen estea sufrindo a enfermidade neste momento, e a nosa plena disposici\u00f3n para colaborar en todo o que poidamos para que entre todos consigamos superar a pandemia sanitaria. Sen embargo, tam\u00e9n me preocupa o d\u00eda despois, e os datos que nos chegan apuntan a que nos diriximos a unha recesi\u00f3n enormemente dura.<\/p><\/blockquote>\n\n\n\n<p><strong>Supo\u00f1o que os vosos asociados e asociadas trasladaranvos unha fervenza constante de incertezas e d\u00fabidas e teredes que atender un inmenso volume de problemas concretos?<\/strong><\/p>\n\n\n\n<blockquote class=\"wp-block-quote is-layout-flow wp-block-quote-is-layout-flow\"><p>Si claro, o ritmo de consultas \u00e9 incesante e constante. E te\u00f1o que dicir tam\u00e9n, con total claridade, que botamos de menos unha maior aposta referente ao estar ao lado da xente, da administraci\u00f3n municipal.<\/p><\/blockquote>\n\n\n\n<p><strong>Non est\u00e1s satisfeito da actitude do Concello?<\/strong><\/p>\n\n\n\n<blockquote class=\"wp-block-quote is-layout-flow wp-block-quote-is-layout-flow\"><p>Creo que est\u00e1n cun perfil excesivamente baixo. Ao meu xu\u00edzo o Concello non est\u00e1 o visible que debera no pobo, debe achegarse a todos os sitios, desinfectar cada currucho de Redondela, e que se lles vexa en todas as partes. N\u00f3s apostamos por crear unha mesa de traballo e falarmos sobre a aplicaci\u00f3n de pol\u00edticas tributarias municipais, en consonancia coa horrible situaci\u00f3n que estamos a vivir, para contribu\u00edr a evitar a asfixia econ\u00f3mica \u00e1 que moitos empresarios, que non deixan de ser veci\u00f1os e veci\u00f1as de Redondela, poden verse abocados.<\/p><\/blockquote>\n\n\n\n<p><strong>A data de hoxe( 30\/3) podes cuantificar que porcentaxe de asociados e asociadas te\u00f1en parada a s\u00faa actividade econ\u00f3mica?<\/strong><\/p>\n\n\n\n<blockquote class=\"wp-block-quote is-layout-flow wp-block-quote-is-layout-flow\"><p>Neste momento, completamente parado, que te\u00f1amos constatado m\u00e1is do 70%.E a sensaci\u00f3n de baleiro \u00e9 a\u00ednda peor, \u00e9 case total pois ao non haber terrazas, nin comercio a sensaci\u00f3n \u00e9 desoladora.<\/p><\/blockquote>\n\n\n\n<p><strong>Que valoraci\u00f3n fas das medidas econ\u00f3micas do goberno do estado para axudar a aut\u00f3nomos e pemes?<\/strong><\/p>\n\n\n\n<blockquote class=\"wp-block-quote is-layout-flow wp-block-quote-is-layout-flow\"><p>Calquera axuda \u00e9 valorada positivamente, pero o problema do aut\u00f3nomo e do pequeno empresario \u00e9 que na maior\u00eda dos casos a situaci\u00f3n econ\u00f3mica est\u00e1 tan ao l\u00edmite que case se pode dicir que os ingresos do mes, son para pagar os gastos do mes, polo tanto se non se xestionan os cobros das axudas, e as supostas moratorias tributarias coa m\u00e1xima axilidade e eficiencia, raiando na inmediatez, moitos e moitas van pasar problemas moi graves. Os recibos de aut\u00f3nomos, e dos alugueiros dos locais de momento o d\u00eda 31 de marzo pasan, e iso hai que pagalo. O dos cr\u00e9ditos ICO est\u00e1 moi ben tam\u00e9n ,pero claro o cr\u00e9dito \u00e9 algo que m\u00e1is tarde ou m\u00e1is cedo, con mellores ou con peores condici\u00f3ns, hai que devolver. E, preg\u00fantome eu; se despois disto as condici\u00f3ns de mercado, que van ser supostamente moi duras, non permiten xerar vendas suficientes para devolvelo, que facemos?. O cr\u00e9dito pode ser unha t\u00e1boa de salvaci\u00f3n, ou pode ser unha forma de afogarte m\u00e1is a\u00ednda. As medidas ter\u00edan que ir pola exoneraci\u00f3n de impostos , cotizaci\u00f3ns sociais, e cotas de aut\u00f3nomos , como si fixeron varios pa\u00edses de Europa, mentres dure esta situaci\u00f3n.<\/p><\/blockquote>\n\n\n\n<p><strong>Consideras ent\u00f3n que as medidas de axuda deben ir m\u00e1is que por facilitar o cr\u00e9dito, pola v\u00eda das facilidades tributarias, non?<\/strong><\/p>\n\n\n\n<blockquote class=\"wp-block-quote is-layout-flow wp-block-quote-is-layout-flow\"><p>Sen d\u00fabida de ning\u00fan tipo, todos os impostos, como m\u00ednimo deben ser adiados, incluso a propia campa\u00f1a da renda que xa a temos encima, cal \u00e9 o problema de facela por exemplo en setembro?<\/p><\/blockquote>\n\n\n\n<p><strong>Imaxino, Enrique, que entre as moitas consultas que ter\u00e1s que atender agora escoitar\u00e1s todo tipo de impactos negativos. Percibes angustia no pequeno e mediano empresario de Redondela?, prev\u00e9s que alg\u00fans non aguantar\u00e1n e poden caer?<\/strong><\/p>\n\n\n\n<blockquote class=\"wp-block-quote is-layout-flow wp-block-quote-is-layout-flow\"><p>\u00c1 primeira pregunta respondo rotundamente que si. E no caso da segunda o meu desexo \u00e9 que non, que todos poidan aguantar, pero lamentablemente creo que ,non s\u00f3 en Redondela, sen\u00f3n en todo o pa\u00eds, o tecido empresarial vai ser seriamente afectado.<\/p><\/blockquote>\n\n\n\n<p><strong>E a recuperaci\u00f3n?<\/strong><\/p>\n\n\n\n<blockquote class=\"wp-block-quote is-layout-flow wp-block-quote-is-layout-flow\"><p>Agardo que en Redondela, e nas vilas cuxo substrato sociol\u00f3xico \u00e9 semellante, polo tipo de estrutura econ\u00f3mica na que se sustentan, poida ser relativamente r\u00e1pida.<\/p><\/blockquote>\n\n\n\n<p><strong>MOITAS GRAZAS ENRIQUE<\/strong><\/p>\n","protected":false},"excerpt":{"rendered":"<div class=\"mh-excerpt\"><p>Os momentos son moi malos para toda a sociedade. Eu como presidente da asociaci\u00f3n de empresarios de Redondela son consciente da mi\u00f1a responsabilidade e manifesto a mi\u00f1a enorme preocupaci\u00f3n polos nosos asociados e asociadas <a class=\"mh-excerpt-more\" href=\"https:\/\/www.anovapeneira.gal\/index.php\/2020\/04\/03\/enrique-lago-granada-preseidente-da-confederacion-de-empresarios-de-redondela\/\" title=\"Enrique Lago Granada Preseidente da Confederaci\u00f3n de Empresarios de Redondela\">[&#8230;]<\/a><\/p>\n<\/div>","protected":false},"author":2,"featured_media":2873,"comment_status":"open","ping_status":"open","sticky":false,"template":"","format":"standard","meta":{"_exactmetrics_skip_tracking":false,"_exactmetrics_sitenote_active":false,"_exactmetrics_sitenote_note":"","_exactmetrics_sitenote_category":0,"footnotes":""},"categories":[270],"tags":[171,1019,1006],"class_list":{"0":"post-2872","1":"post","2":"type-post","3":"status-publish","4":"format-standard","5":"has-post-thumbnail","7":"category-redondela-entrevistas","8":"tag-concello-de-redondela","9":"tag-confederacion-de-empresarios","10":"tag-covid19"},"yoast_head":"<!-- This site is optimized with the Yoast SEO plugin v27.4 - https:\/\/yoast.com\/product\/yoast-seo-wordpress\/ -->\n<title>Enrique Lago Granada Preseidente da Confederaci\u00f3n de Empresarios de Redondela -<\/title>\n<meta name=\"robots\" content=\"index, follow, max-snippet:-1, max-image-preview:large, max-video-preview:-1\" \/>\n<link rel=\"canonical\" href=\"https:\/\/www.anovapeneira.gal\/index.php\/2020\/04\/03\/enrique-lago-granada-preseidente-da-confederacion-de-empresarios-de-redondela\/\" \/>\n<meta property=\"og:locale\" content=\"gl_ES\" \/>\n<meta property=\"og:type\" content=\"article\" \/>\n<meta property=\"og:title\" content=\"Enrique Lago Granada Preseidente da Confederaci\u00f3n de Empresarios de Redondela -\" \/>\n<meta property=\"og:description\" content=\"Os momentos son moi malos para toda a sociedade. Eu como presidente da asociaci\u00f3n de empresarios de Redondela son consciente da mi\u00f1a responsabilidade e manifesto a mi\u00f1a enorme preocupaci\u00f3n polos nosos asociados e asociadas [...]\" \/>\n<meta property=\"og:url\" content=\"https:\/\/www.anovapeneira.gal\/index.php\/2020\/04\/03\/enrique-lago-granada-preseidente-da-confederacion-de-empresarios-de-redondela\/\" \/>\n<meta property=\"article:publisher\" content=\"https:\/\/www.facebook.com\/anovapeneira\" \/>\n<meta property=\"article:published_time\" content=\"2020-04-03T08:00:26+00:00\" \/>\n<meta property=\"og:image\" content=\"https:\/\/www.anovapeneira.gal\/wp-content\/uploads\/2020\/04\/enrique_lago_granada_empresarios_redondela_a_nova_peneira.jpg\" \/>\n\t<meta property=\"og:image:width\" content=\"720\" \/>\n\t<meta property=\"og:image:height\" content=\"432\" \/>\n\t<meta property=\"og:image:type\" content=\"image\/jpeg\" \/>\n<meta name=\"author\" content=\"Tino Lago\" \/>\n<meta name=\"twitter:card\" content=\"summary_large_image\" \/>\n<meta name=\"twitter:creator\" content=\"@APeneira\" \/>\n<meta name=\"twitter:site\" content=\"@APeneira\" \/>\n<meta name=\"twitter:label1\" content=\"Escrito por\" \/>\n\t<meta name=\"twitter:data1\" content=\"Tino Lago\" \/>\n\t<meta name=\"twitter:label2\" content=\"Tempo de lectura\" \/>\n\t<meta name=\"twitter:data2\" content=\"5 minutos\" \/>\n<script type=\"application\/ld+json\" class=\"yoast-schema-graph\">{\"@context\":\"https:\\\/\\\/schema.org\",\"@graph\":[{\"@type\":\"Article\",\"@id\":\"https:\\\/\\\/www.anovapeneira.gal\\\/index.php\\\/2020\\\/04\\\/03\\\/enrique-lago-granada-preseidente-da-confederacion-de-empresarios-de-redondela\\\/#article\",\"isPartOf\":{\"@id\":\"https:\\\/\\\/www.anovapeneira.gal\\\/index.php\\\/2020\\\/04\\\/03\\\/enrique-lago-granada-preseidente-da-confederacion-de-empresarios-de-redondela\\\/\"},\"author\":{\"name\":\"Tino Lago\",\"@id\":\"https:\\\/\\\/www.anovapeneira.gal\\\/#\\\/schema\\\/person\\\/424dfe65e3070fd8a44d22d2c088762a\"},\"headline\":\"Enrique Lago Granada Preseidente da Confederaci\u00f3n de Empresarios de Redondela\",\"datePublished\":\"2020-04-03T08:00:26+00:00\",\"mainEntityOfPage\":{\"@id\":\"https:\\\/\\\/www.anovapeneira.gal\\\/index.php\\\/2020\\\/04\\\/03\\\/enrique-lago-granada-preseidente-da-confederacion-de-empresarios-de-redondela\\\/\"},\"wordCount\":998,\"commentCount\":0,\"publisher\":{\"@id\":\"https:\\\/\\\/www.anovapeneira.gal\\\/#organization\"},\"image\":{\"@id\":\"https:\\\/\\\/www.anovapeneira.gal\\\/index.php\\\/2020\\\/04\\\/03\\\/enrique-lago-granada-preseidente-da-confederacion-de-empresarios-de-redondela\\\/#primaryimage\"},\"thumbnailUrl\":\"https:\\\/\\\/www.anovapeneira.gal\\\/wp-content\\\/uploads\\\/2020\\\/04\\\/enrique_lago_granada_empresarios_redondela_a_nova_peneira.jpg\",\"keywords\":[\"Concello de Redondela\",\"Confederaci\u00f3n de empresarios\",\"COVID19\"],\"articleSection\":[\"Redondela\"],\"inLanguage\":\"gl-ES\",\"potentialAction\":[{\"@type\":\"CommentAction\",\"name\":\"Comment\",\"target\":[\"https:\\\/\\\/www.anovapeneira.gal\\\/index.php\\\/2020\\\/04\\\/03\\\/enrique-lago-granada-preseidente-da-confederacion-de-empresarios-de-redondela\\\/#respond\"]}]},{\"@type\":\"WebPage\",\"@id\":\"https:\\\/\\\/www.anovapeneira.gal\\\/index.php\\\/2020\\\/04\\\/03\\\/enrique-lago-granada-preseidente-da-confederacion-de-empresarios-de-redondela\\\/\",\"url\":\"https:\\\/\\\/www.anovapeneira.gal\\\/index.php\\\/2020\\\/04\\\/03\\\/enrique-lago-granada-preseidente-da-confederacion-de-empresarios-de-redondela\\\/\",\"name\":\"Enrique Lago Granada Preseidente da Confederaci\u00f3n de Empresarios de Redondela -\",\"isPartOf\":{\"@id\":\"https:\\\/\\\/www.anovapeneira.gal\\\/#website\"},\"primaryImageOfPage\":{\"@id\":\"https:\\\/\\\/www.anovapeneira.gal\\\/index.php\\\/2020\\\/04\\\/03\\\/enrique-lago-granada-preseidente-da-confederacion-de-empresarios-de-redondela\\\/#primaryimage\"},\"image\":{\"@id\":\"https:\\\/\\\/www.anovapeneira.gal\\\/index.php\\\/2020\\\/04\\\/03\\\/enrique-lago-granada-preseidente-da-confederacion-de-empresarios-de-redondela\\\/#primaryimage\"},\"thumbnailUrl\":\"https:\\\/\\\/www.anovapeneira.gal\\\/wp-content\\\/uploads\\\/2020\\\/04\\\/enrique_lago_granada_empresarios_redondela_a_nova_peneira.jpg\",\"datePublished\":\"2020-04-03T08:00:26+00:00\",\"breadcrumb\":{\"@id\":\"https:\\\/\\\/www.anovapeneira.gal\\\/index.php\\\/2020\\\/04\\\/03\\\/enrique-lago-granada-preseidente-da-confederacion-de-empresarios-de-redondela\\\/#breadcrumb\"},\"inLanguage\":\"gl-ES\",\"potentialAction\":[{\"@type\":\"ReadAction\",\"target\":[\"https:\\\/\\\/www.anovapeneira.gal\\\/index.php\\\/2020\\\/04\\\/03\\\/enrique-lago-granada-preseidente-da-confederacion-de-empresarios-de-redondela\\\/\"]}]},{\"@type\":\"ImageObject\",\"inLanguage\":\"gl-ES\",\"@id\":\"https:\\\/\\\/www.anovapeneira.gal\\\/index.php\\\/2020\\\/04\\\/03\\\/enrique-lago-granada-preseidente-da-confederacion-de-empresarios-de-redondela\\\/#primaryimage\",\"url\":\"https:\\\/\\\/www.anovapeneira.gal\\\/wp-content\\\/uploads\\\/2020\\\/04\\\/enrique_lago_granada_empresarios_redondela_a_nova_peneira.jpg\",\"contentUrl\":\"https:\\\/\\\/www.anovapeneira.gal\\\/wp-content\\\/uploads\\\/2020\\\/04\\\/enrique_lago_granada_empresarios_redondela_a_nova_peneira.jpg\",\"width\":720,\"height\":432,\"caption\":\"Enrique Lago Granada A Nova Peneira\"},{\"@type\":\"BreadcrumbList\",\"@id\":\"https:\\\/\\\/www.anovapeneira.gal\\\/index.php\\\/2020\\\/04\\\/03\\\/enrique-lago-granada-preseidente-da-confederacion-de-empresarios-de-redondela\\\/#breadcrumb\",\"itemListElement\":[{\"@type\":\"ListItem\",\"position\":1,\"name\":\"Portada\",\"item\":\"https:\\\/\\\/www.anovapeneira.gal\\\/\"},{\"@type\":\"ListItem\",\"position\":2,\"name\":\"Enrique Lago Granada Preseidente da Confederaci\u00f3n de Empresarios de Redondela\"}]},{\"@type\":\"WebSite\",\"@id\":\"https:\\\/\\\/www.anovapeneira.gal\\\/#website\",\"url\":\"https:\\\/\\\/www.anovapeneira.gal\\\/\",\"name\":\"\",\"description\":\"Xornal galego de informaci\u00f3n xeral Publicaci\u00f3n mensual de novas de Galicia e en especial dos Concellos da sur da provincia de Pontevedra.\",\"publisher\":{\"@id\":\"https:\\\/\\\/www.anovapeneira.gal\\\/#organization\"},\"potentialAction\":[{\"@type\":\"SearchAction\",\"target\":{\"@type\":\"EntryPoint\",\"urlTemplate\":\"https:\\\/\\\/www.anovapeneira.gal\\\/?s={search_term_string}\"},\"query-input\":{\"@type\":\"PropertyValueSpecification\",\"valueRequired\":true,\"valueName\":\"search_term_string\"}}],\"inLanguage\":\"gl-ES\"},{\"@type\":\"Organization\",\"@id\":\"https:\\\/\\\/www.anovapeneira.gal\\\/#organization\",\"name\":\"A Nova Peneira\",\"url\":\"https:\\\/\\\/www.anovapeneira.gal\\\/\",\"logo\":{\"@type\":\"ImageObject\",\"inLanguage\":\"gl-ES\",\"@id\":\"https:\\\/\\\/www.anovapeneira.gal\\\/#\\\/schema\\\/logo\\\/image\\\/\",\"url\":\"http:\\\/\\\/www.anovapeneira.gal\\\/wp-content\\\/uploads\\\/2019\\\/06\\\/logo_a_nova_peneira_portal_web.png\",\"contentUrl\":\"http:\\\/\\\/www.anovapeneira.gal\\\/wp-content\\\/uploads\\\/2019\\\/06\\\/logo_a_nova_peneira_portal_web.png\",\"width\":300,\"height\":100,\"caption\":\"A Nova Peneira\"},\"image\":{\"@id\":\"https:\\\/\\\/www.anovapeneira.gal\\\/#\\\/schema\\\/logo\\\/image\\\/\"},\"sameAs\":[\"https:\\\/\\\/www.facebook.com\\\/anovapeneira\",\"https:\\\/\\\/x.com\\\/APeneira\"]},{\"@type\":\"Person\",\"@id\":\"https:\\\/\\\/www.anovapeneira.gal\\\/#\\\/schema\\\/person\\\/424dfe65e3070fd8a44d22d2c088762a\",\"name\":\"Tino Lago\",\"image\":{\"@type\":\"ImageObject\",\"inLanguage\":\"gl-ES\",\"@id\":\"https:\\\/\\\/secure.gravatar.com\\\/avatar\\\/b3df6a06e44bab3111583b90f0f33a0379ee5e3d22cbadd232d39f21c30c62be?s=96&d=mm&r=g\",\"url\":\"https:\\\/\\\/secure.gravatar.com\\\/avatar\\\/b3df6a06e44bab3111583b90f0f33a0379ee5e3d22cbadd232d39f21c30c62be?s=96&d=mm&r=g\",\"contentUrl\":\"https:\\\/\\\/secure.gravatar.com\\\/avatar\\\/b3df6a06e44bab3111583b90f0f33a0379ee5e3d22cbadd232d39f21c30c62be?s=96&d=mm&r=g\",\"caption\":\"Tino Lago\"},\"sameAs\":[\"http:\\\/\\\/www.anovapeneira.gal\"],\"url\":\"https:\\\/\\\/www.anovapeneira.gal\\\/index.php\\\/author\\\/director\\\/\"}]}<\/script>\n<!-- \/ Yoast SEO plugin. -->","yoast_head_json":{"title":"Enrique Lago Granada Preseidente da Confederaci\u00f3n de Empresarios de Redondela -","robots":{"index":"index","follow":"follow","max-snippet":"max-snippet:-1","max-image-preview":"max-image-preview:large","max-video-preview":"max-video-preview:-1"},"canonical":"https:\/\/www.anovapeneira.gal\/index.php\/2020\/04\/03\/enrique-lago-granada-preseidente-da-confederacion-de-empresarios-de-redondela\/","og_locale":"gl_ES","og_type":"article","og_title":"Enrique Lago Granada Preseidente da Confederaci\u00f3n de Empresarios de Redondela -","og_description":"Os momentos son moi malos para toda a sociedade. Eu como presidente da asociaci\u00f3n de empresarios de Redondela son consciente da mi\u00f1a responsabilidade e manifesto a mi\u00f1a enorme preocupaci\u00f3n polos nosos asociados e asociadas [...]","og_url":"https:\/\/www.anovapeneira.gal\/index.php\/2020\/04\/03\/enrique-lago-granada-preseidente-da-confederacion-de-empresarios-de-redondela\/","article_publisher":"https:\/\/www.facebook.com\/anovapeneira","article_published_time":"2020-04-03T08:00:26+00:00","og_image":[{"width":720,"height":432,"url":"https:\/\/www.anovapeneira.gal\/wp-content\/uploads\/2020\/04\/enrique_lago_granada_empresarios_redondela_a_nova_peneira.jpg","type":"image\/jpeg"}],"author":"Tino Lago","twitter_card":"summary_large_image","twitter_creator":"@APeneira","twitter_site":"@APeneira","twitter_misc":{"Escrito por":"Tino Lago","Tempo de lectura":"5 minutos"},"schema":{"@context":"https:\/\/schema.org","@graph":[{"@type":"Article","@id":"https:\/\/www.anovapeneira.gal\/index.php\/2020\/04\/03\/enrique-lago-granada-preseidente-da-confederacion-de-empresarios-de-redondela\/#article","isPartOf":{"@id":"https:\/\/www.anovapeneira.gal\/index.php\/2020\/04\/03\/enrique-lago-granada-preseidente-da-confederacion-de-empresarios-de-redondela\/"},"author":{"name":"Tino Lago","@id":"https:\/\/www.anovapeneira.gal\/#\/schema\/person\/424dfe65e3070fd8a44d22d2c088762a"},"headline":"Enrique Lago Granada Preseidente da Confederaci\u00f3n de Empresarios de Redondela","datePublished":"2020-04-03T08:00:26+00:00","mainEntityOfPage":{"@id":"https:\/\/www.anovapeneira.gal\/index.php\/2020\/04\/03\/enrique-lago-granada-preseidente-da-confederacion-de-empresarios-de-redondela\/"},"wordCount":998,"commentCount":0,"publisher":{"@id":"https:\/\/www.anovapeneira.gal\/#organization"},"image":{"@id":"https:\/\/www.anovapeneira.gal\/index.php\/2020\/04\/03\/enrique-lago-granada-preseidente-da-confederacion-de-empresarios-de-redondela\/#primaryimage"},"thumbnailUrl":"https:\/\/www.anovapeneira.gal\/wp-content\/uploads\/2020\/04\/enrique_lago_granada_empresarios_redondela_a_nova_peneira.jpg","keywords":["Concello de Redondela","Confederaci\u00f3n de empresarios","COVID19"],"articleSection":["Redondela"],"inLanguage":"gl-ES","potentialAction":[{"@type":"CommentAction","name":"Comment","target":["https:\/\/www.anovapeneira.gal\/index.php\/2020\/04\/03\/enrique-lago-granada-preseidente-da-confederacion-de-empresarios-de-redondela\/#respond"]}]},{"@type":"WebPage","@id":"https:\/\/www.anovapeneira.gal\/index.php\/2020\/04\/03\/enrique-lago-granada-preseidente-da-confederacion-de-empresarios-de-redondela\/","url":"https:\/\/www.anovapeneira.gal\/index.php\/2020\/04\/03\/enrique-lago-granada-preseidente-da-confederacion-de-empresarios-de-redondela\/","name":"Enrique Lago Granada Preseidente da Confederaci\u00f3n de Empresarios de Redondela -","isPartOf":{"@id":"https:\/\/www.anovapeneira.gal\/#website"},"primaryImageOfPage":{"@id":"https:\/\/www.anovapeneira.gal\/index.php\/2020\/04\/03\/enrique-lago-granada-preseidente-da-confederacion-de-empresarios-de-redondela\/#primaryimage"},"image":{"@id":"https:\/\/www.anovapeneira.gal\/index.php\/2020\/04\/03\/enrique-lago-granada-preseidente-da-confederacion-de-empresarios-de-redondela\/#primaryimage"},"thumbnailUrl":"https:\/\/www.anovapeneira.gal\/wp-content\/uploads\/2020\/04\/enrique_lago_granada_empresarios_redondela_a_nova_peneira.jpg","datePublished":"2020-04-03T08:00:26+00:00","breadcrumb":{"@id":"https:\/\/www.anovapeneira.gal\/index.php\/2020\/04\/03\/enrique-lago-granada-preseidente-da-confederacion-de-empresarios-de-redondela\/#breadcrumb"},"inLanguage":"gl-ES","potentialAction":[{"@type":"ReadAction","target":["https:\/\/www.anovapeneira.gal\/index.php\/2020\/04\/03\/enrique-lago-granada-preseidente-da-confederacion-de-empresarios-de-redondela\/"]}]},{"@type":"ImageObject","inLanguage":"gl-ES","@id":"https:\/\/www.anovapeneira.gal\/index.php\/2020\/04\/03\/enrique-lago-granada-preseidente-da-confederacion-de-empresarios-de-redondela\/#primaryimage","url":"https:\/\/www.anovapeneira.gal\/wp-content\/uploads\/2020\/04\/enrique_lago_granada_empresarios_redondela_a_nova_peneira.jpg","contentUrl":"https:\/\/www.anovapeneira.gal\/wp-content\/uploads\/2020\/04\/enrique_lago_granada_empresarios_redondela_a_nova_peneira.jpg","width":720,"height":432,"caption":"Enrique Lago Granada A Nova Peneira"},{"@type":"BreadcrumbList","@id":"https:\/\/www.anovapeneira.gal\/index.php\/2020\/04\/03\/enrique-lago-granada-preseidente-da-confederacion-de-empresarios-de-redondela\/#breadcrumb","itemListElement":[{"@type":"ListItem","position":1,"name":"Portada","item":"https:\/\/www.anovapeneira.gal\/"},{"@type":"ListItem","position":2,"name":"Enrique Lago Granada Preseidente da Confederaci\u00f3n de Empresarios de Redondela"}]},{"@type":"WebSite","@id":"https:\/\/www.anovapeneira.gal\/#website","url":"https:\/\/www.anovapeneira.gal\/","name":"","description":"Xornal galego de informaci\u00f3n xeral Publicaci\u00f3n mensual de novas de Galicia e en especial dos Concellos da sur da provincia de Pontevedra.","publisher":{"@id":"https:\/\/www.anovapeneira.gal\/#organization"},"potentialAction":[{"@type":"SearchAction","target":{"@type":"EntryPoint","urlTemplate":"https:\/\/www.anovapeneira.gal\/?s={search_term_string}"},"query-input":{"@type":"PropertyValueSpecification","valueRequired":true,"valueName":"search_term_string"}}],"inLanguage":"gl-ES"},{"@type":"Organization","@id":"https:\/\/www.anovapeneira.gal\/#organization","name":"A Nova Peneira","url":"https:\/\/www.anovapeneira.gal\/","logo":{"@type":"ImageObject","inLanguage":"gl-ES","@id":"https:\/\/www.anovapeneira.gal\/#\/schema\/logo\/image\/","url":"http:\/\/www.anovapeneira.gal\/wp-content\/uploads\/2019\/06\/logo_a_nova_peneira_portal_web.png","contentUrl":"http:\/\/www.anovapeneira.gal\/wp-content\/uploads\/2019\/06\/logo_a_nova_peneira_portal_web.png","width":300,"height":100,"caption":"A Nova Peneira"},"image":{"@id":"https:\/\/www.anovapeneira.gal\/#\/schema\/logo\/image\/"},"sameAs":["https:\/\/www.facebook.com\/anovapeneira","https:\/\/x.com\/APeneira"]},{"@type":"Person","@id":"https:\/\/www.anovapeneira.gal\/#\/schema\/person\/424dfe65e3070fd8a44d22d2c088762a","name":"Tino Lago","image":{"@type":"ImageObject","inLanguage":"gl-ES","@id":"https:\/\/secure.gravatar.com\/avatar\/b3df6a06e44bab3111583b90f0f33a0379ee5e3d22cbadd232d39f21c30c62be?s=96&d=mm&r=g","url":"https:\/\/secure.gravatar.com\/avatar\/b3df6a06e44bab3111583b90f0f33a0379ee5e3d22cbadd232d39f21c30c62be?s=96&d=mm&r=g","contentUrl":"https:\/\/secure.gravatar.com\/avatar\/b3df6a06e44bab3111583b90f0f33a0379ee5e3d22cbadd232d39f21c30c62be?s=96&d=mm&r=g","caption":"Tino Lago"},"sameAs":["http:\/\/www.anovapeneira.gal"],"url":"https:\/\/www.anovapeneira.gal\/index.php\/author\/director\/"}]}},"jetpack_featured_media_url":"https:\/\/www.anovapeneira.gal\/wp-content\/uploads\/2020\/04\/enrique_lago_granada_empresarios_redondela_a_nova_peneira.jpg","_links":{"self":[{"href":"https:\/\/www.anovapeneira.gal\/index.php\/wp-json\/wp\/v2\/posts\/2872","targetHints":{"allow":["GET"]}}],"collection":[{"href":"https:\/\/www.anovapeneira.gal\/index.php\/wp-json\/wp\/v2\/posts"}],"about":[{"href":"https:\/\/www.anovapeneira.gal\/index.php\/wp-json\/wp\/v2\/types\/post"}],"author":[{"embeddable":true,"href":"https:\/\/www.anovapeneira.gal\/index.php\/wp-json\/wp\/v2\/users\/2"}],"replies":[{"embeddable":true,"href":"https:\/\/www.anovapeneira.gal\/index.php\/wp-json\/wp\/v2\/comments?post=2872"}],"version-history":[{"count":1,"href":"https:\/\/www.anovapeneira.gal\/index.php\/wp-json\/wp\/v2\/posts\/2872\/revisions"}],"predecessor-version":[{"id":2874,"href":"https:\/\/www.anovapeneira.gal\/index.php\/wp-json\/wp\/v2\/posts\/2872\/revisions\/2874"}],"wp:featuredmedia":[{"embeddable":true,"href":"https:\/\/www.anovapeneira.gal\/index.php\/wp-json\/wp\/v2\/media\/2873"}],"wp:attachment":[{"href":"https:\/\/www.anovapeneira.gal\/index.php\/wp-json\/wp\/v2\/media?parent=2872"}],"wp:term":[{"taxonomy":"category","embeddable":true,"href":"https:\/\/www.anovapeneira.gal\/index.php\/wp-json\/wp\/v2\/categories?post=2872"},{"taxonomy":"post_tag","embeddable":true,"href":"https:\/\/www.anovapeneira.gal\/index.php\/wp-json\/wp\/v2\/tags?post=2872"}],"curies":[{"name":"wp","href":"https:\/\/api.w.org\/{rel}","templated":true}]}}