{"id":2875,"date":"2020-04-03T12:00:46","date_gmt":"2020-04-03T10:00:46","guid":{"rendered":"http:\/\/www.anovapeneira.gal\/?p=2875"},"modified":"2020-04-02T08:32:03","modified_gmt":"2020-04-02T06:32:03","slug":"paulo-carril-sx-da-cig","status":"publish","type":"post","link":"https:\/\/www.anovapeneira.gal\/index.php\/2020\/04\/03\/paulo-carril-sx-da-cig\/","title":{"rendered":"Paulo Carril SX da CIG"},"content":{"rendered":"\n<h2 class=\"wp-block-heading\"><strong>Paulo Carril \u00e9 o SX da CIG, e a voz da principal central sindical do noso pa\u00eds, debe de ser escoitada para co\u00f1ecer a s\u00faa opini\u00f3n sobre esta pandemia sanitaria que afecta dunha maneira tan intensa a milleiros de traballadores e traballadoras.<\/strong><\/h2>\n\n\n\n<p>\u201c<strong>TODOS OS RECURSOS P\u00daBLICOS DEBEN SER XESTIONADOS DESDE O PODER P\u00daBLICO PORQUE \u00c9 A \u00daNICA MANEIRA DE PODER PROTEXER \u00c1S MAIOR\u00cdAS SOCIAIS\u201d<\/strong><\/p>\n\n\n\n<p><strong>Supo\u00f1o que estar\u00e1s a vivir uns d\u00edas de tensi\u00f3n extrema cun nivel delirante de problemas e impactos negativos de todo tipo, que che trasladar\u00e1n as diferentes estruturas da central sindical, e non debe ser nada f\u00e1cil levalo. Como andas de \u00e1nimos?<\/strong><\/p>\n\n\n\n<blockquote class=\"wp-block-quote is-layout-flow wp-block-quote-is-layout-flow\"><p>Grazas polo interese, de \u00e1nimos ando ben. Estamos a vivir unha situaci\u00f3n de extraordinaria dificultade e non queda m\u00e1is remedio que estar ben de \u00e1nimo, e sobre todo ter moi claro o que debemos defender, o que debemos denunciar e o que debemos confrontar.<\/p><\/blockquote>\n\n\n\n<p><strong>Supo\u00f1o que a inmensa maior\u00eda da vosa afiliaci\u00f3n ter\u00e1 problemas. En que situaci\u00f3n se encontran os locais da CIG, estades abertos para atender a quen o precise?<\/strong><\/p>\n\n\n\n<blockquote class=\"wp-block-quote is-layout-flow wp-block-quote-is-layout-flow\"><p>N\u00f3s desde o primeiro momento tivemos moi claro que a afiliaci\u00f3n deb\u00eda ser atendida, e os locais mant\u00e9molos abertos en todo o pa\u00eds. Por\u00e9n, e como \u00e9 l\u00f3xico, recomendamos a todas as persoas que lle dean prioridade na medida do posible \u00e1s v\u00edas telef\u00f3nicas e telem\u00e1ticas para contactar con n\u00f3s. A non ser que atenci\u00f3n presencial sexa absolutamente imprescindible, nese caso cumprimos todos os protocolos de seguridade referentes \u00e1 distancia f\u00edsica e \u00e1 desinfecci\u00f3n.<\/p><\/blockquote>\n\n\n\n<p><strong>Cales ser\u00edan para a CIG as medidas que se deberan ter tomado polas distintas administraci\u00f3ns?<\/strong><\/p>\n\n\n\n<blockquote class=\"wp-block-quote is-layout-flow wp-block-quote-is-layout-flow\"><p>N\u00f3s propuxemos a paralizaci\u00f3n de toda a actividade ag\u00e1s a que fose esencial para a vida e para atender a emerxencia sanitaria. Asemade propuxemos un permiso retribu\u00eddo non recuperable para todos os que de acordo co artigo 37 do estatuto dos traballadores te\u00f1en que cumprimentar un deber inescusable como o coidado de maiores ou de menores, e que se creara un fondo de compensaci\u00f3n polo estado que satisfixera os gastos que ese permiso retribu\u00eddo lle ocasionara \u00e1s empresas. Aqueles sectores que son imprescindibles para que contin\u00fae a vida deben asegurar que os traballadores e traballadoras desenvolvan as s\u00faas funci\u00f3ns coas medidas de protecci\u00f3n necesarias para garantir a s\u00faa seguridade e a s\u00faa sa\u00fade, e reco\u00f1ecer e compensar o sobre esforzo desas persoas que a\u00ednda est\u00e1n en activo. E, por \u00faltimo un plan de choque social polo que se garanta que o alugueiro, o pagamento de hipotecas, gastos de luz, auga e electricidade fosen condonados.<\/p><\/blockquote>\n\n\n\n<p><strong>E iso da condonaci\u00f3n , como se far\u00eda?<\/strong><\/p>\n\n\n\n<blockquote class=\"wp-block-quote is-layout-flow wp-block-quote-is-layout-flow\"><p>Ou ben a trav\u00e9s da imposici\u00f3n \u00e1s entidades financieras, ou ben a trav\u00e9s da intervenci\u00f3n p\u00fablica en sectores estrat\u00e9xicos que est\u00e1n hoxe en mans privadas como pode ser o sector el\u00e9ctrico. N\u00f3s entendemos que as pol\u00edticas p\u00fablicas son m\u00e1is necesarias que nunca, todos os recursos p\u00fablicos deben de ser xestionados desde o poder p\u00fablico, porque \u00e9 a \u00fanica garant\u00eda da protecci\u00f3n \u00e1s maior\u00edas sociais. Asemade temos claro que \u00e9 desde o autogoberno galego desde onde se debe facer.<\/p><\/blockquote>\n\n\n\n<p><strong>Percibides un intento de re centralizaci\u00f3n?<\/strong><\/p>\n\n\n\n<blockquote class=\"wp-block-quote is-layout-flow wp-block-quote-is-layout-flow\"><p>T\u00e9molo claro que a xesti\u00f3n da crise est\u00e1 servindo para a centralizaci\u00f3n e a espa\u00f1olizaci\u00f3n. O estado de alarma, sen ning\u00fan tipo de sentido, deixa sen competencias ao gobierno galego.<\/p><\/blockquote>\n\n\n\n<p><strong>E a actitude do goberno galego?<\/strong><\/p>\n\n\n\n<blockquote class=\"wp-block-quote is-layout-flow wp-block-quote-is-layout-flow\"><p>Lamentablemente parecen satisfeitos coa situaci\u00f3n de perda de competencias. E cando act\u00faa fano rematadamente mal.<\/p><\/blockquote>\n\n\n\n<p><strong>Por exemplo?<\/strong><\/p>\n\n\n\n<blockquote class=\"wp-block-quote is-layout-flow wp-block-quote-is-layout-flow\"><p>\u00c9 aberrante que o goberno galego estea a chamar a montar hospitais de campa\u00f1a cando os hospitais privados est\u00e1n infra utilizados, e logo hai infraestruturas hospitalarias que permanecen pechados. Por exemplo na \u00e1rea de influencia vosa o Cies ou o Rebull\u00f3n.<\/p><\/blockquote>\n\n\n\n<p><strong>En relaci\u00f3n aos ERTES, que ten que dicir a CIG?<\/strong><\/p>\n\n\n\n<blockquote class=\"wp-block-quote is-layout-flow wp-block-quote-is-layout-flow\"><p>O sistema \u00e9 inxusto, ca\u00f3tico e s\u00f3 favorece \u00e1s grandes empresas .As persoas traballadoras van ter menos ingresos porque van ir ao desemprego. N\u00f3s temos un nivel de eventualidade elevad\u00edsimo polo que moitas traballadores e traballadores nin sequera poder\u00e1n acollerse a iso porque xa foron despedidos. A CIG cre que esa \u00e9 unha medida errada, que optaron pola sa\u00edda f\u00e1cil e est\u00e1 a\u00ednda por ver como remata , tendo en conta o colapso existente na actualidade, e teremos que ver canto e cando van cobrar os traballadores e traballadoras do desemprego. Se todas e todos os traballadores fosen beneficiarios de permiso retribu\u00eddo que antes te comentaba, o custe que as empresas lles xeneraba, ser\u00eda m\u00e1is f\u00e1cil de asumir por parte do estado.<\/p><\/blockquote>\n\n\n\n<p><strong>Que valoraci\u00f3n tes da posici\u00f3n de UE?<\/strong><\/p>\n\n\n\n<blockquote class=\"wp-block-quote is-layout-flow wp-block-quote-is-layout-flow\"><p>Est\u00e1n no s\u00e1lvese quien poida.<\/p><\/blockquote>\n\n\n\n<p><strong>Tedes constatados casos de abusos, nos que se env\u00ede , sen necesidade, a persoas a ERTE, para aforrar salarios?<\/strong><\/p>\n\n\n\n<blockquote class=\"wp-block-quote is-layout-flow wp-block-quote-is-layout-flow\"><p>Si.<\/p><\/blockquote>\n\n\n\n<p><strong>Ten raz\u00f3n a ministra de Traballo cando di que est\u00e1 prohibido despedir a causa desta situaci\u00f3n?<\/strong><\/p>\n\n\n\n<blockquote class=\"wp-block-quote is-layout-flow wp-block-quote-is-layout-flow\"><p>Imos ver, ese decreto ter\u00eda que ser retroactivo, porque os \u00faltimos d\u00edas antes de que nacese foron aproveitados polas empresas para despedir. En calquera caso, por desgraza, xa case non queda a quen despedir.<\/p><\/blockquote>\n\n\n\n<p><strong>E despois de que remate a pandemia, que?<\/strong><\/p>\n\n\n\n<blockquote class=\"wp-block-quote is-layout-flow wp-block-quote-is-layout-flow\"><p>A CIG xa vi\u00f1a denunciando que Galiza estaba , antes disto, nunha moi importante crise social, agora todo isto vaina acrecentar e consideramos que as consecuencias van ser realmente dif\u00edciles.<\/p><\/blockquote>\n\n\n\n<p><strong>Supo\u00f1o que todos os sectores ter\u00e1n problemas pero o que est\u00e1 a acontecer nas residencias de maiores \u00e9 realmente estarrecedor?<\/strong><\/p>\n\n\n\n<blockquote class=\"wp-block-quote is-layout-flow wp-block-quote-is-layout-flow\"><p>\u00c9 intolerable que as persoas que traballan no sector dos coidados, que est\u00e1 f\u00f3ra de toda d\u00fabida que te\u00f1en que seguir traballando, o fagan sen as condici\u00f3ns de seguridade necesarias para protexer a s\u00faa sa\u00fade, a s\u00faa seguridade e a das s\u00faas familias. N\u00f3s estamos fartos de denuncialo, estes d\u00edas estamos perfilando unha serie de actuaci\u00f3ns para dar resposta a estas situaci\u00f3ns.<\/p><\/blockquote>\n\n\n\n<p><strong>Para rematar Paulo, o estado de alarma sup\u00f3n unha restrici\u00f3n elevad\u00edsima das nosas liberdades como individuos. A min preoc\u00fapame que, cando remate, existan voces nos segmentos m\u00e1is reaccionarios da sociedade, que postulen manter no tempo algunha desas restrici\u00f3ns, e \u00e1 CIG?<\/strong><\/p>\n\n\n\n<blockquote class=\"wp-block-quote is-layout-flow wp-block-quote-is-layout-flow\"><p>Si, tam\u00e9n nos preocupa. N\u00f3s dixemos desde o primeiro momento que o estado de alarma non pod\u00eda ser a escusa para o recorte das liberdades p\u00fablicas. Unha cousa \u00e9 apelar \u00e1 responsabilidade colectiva e explicar unha e mil veces con pedagox\u00eda a necesidade das medidas de illamento social para protexernos todos e todas, e outra moi diferente \u00e9 aproveitar unha oportunidade tan apetitosa para futuros recortes de liberdades p\u00fablicas. Algo que tam\u00e9n nos preocupa moito \u00e9 a ret\u00f3rica belicista. C\u00f3mpre apelar aos deberes c\u00edvicos, \u00e1 solidariedade, \u00e1 responsabilidade \u00e1 fraternidade e \u00e1 xustiza social, non a ning\u00fan tipo de met\u00e1fora b\u00e9lica.<\/p><\/blockquote>\n\n\n\n<p><strong>Agora si que remato Paulo, e acabo con algo f\u00f3ra do coronavirus. A min ch\u00e1mame moito a atenci\u00f3n que sexa xusto nesta situaci\u00f3n extrema na que todo parece pasar a un segundo plano, cando o xefe do estado anuncie a ruptura co seu pai, quen lle precedeu no cargo, por supostamente manter fortunas , obtidas de maneira pouco clara, en para\u00edsos fiscais. Ti que opinas?<\/strong><\/p>\n\n\n\n<blockquote class=\"wp-block-quote is-layout-flow wp-block-quote-is-layout-flow\"><p>O estado espa\u00f1ol leva anos nunha profunda crise institucional e pol\u00edtica. Agora, estamos no s\u00e1lvese quen poida, e nada disto \u00e9 casual. A monarqu\u00eda non quere sa\u00edr salpicada e aproveita esta circunstancia para anunciar a s\u00faa ruptura con quen foi xefe de estado 39 anos e que pase desapercibida. Unha evidencia m\u00e1is da podremia do r\u00e9xime do 78.<\/p><\/blockquote>\n","protected":false},"excerpt":{"rendered":"<div class=\"mh-excerpt\"><p>Paulo Carril \u00e9 o SX da CIG, e a voz da principal central sindical do noso pa\u00eds, debe de ser escoitada para co\u00f1ecer a s\u00faa opini\u00f3n sobre esta pandemia sanitaria <a class=\"mh-excerpt-more\" href=\"https:\/\/www.anovapeneira.gal\/index.php\/2020\/04\/03\/paulo-carril-sx-da-cig\/\" title=\"Paulo Carril SX da CIG\">[&#8230;]<\/a><\/p>\n<\/div>","protected":false},"author":2,"featured_media":2876,"comment_status":"open","ping_status":"open","sticky":false,"template":"","format":"standard","meta":{"_exactmetrics_skip_tracking":false,"_exactmetrics_sitenote_active":false,"_exactmetrics_sitenote_note":"","_exactmetrics_sitenote_category":0,"footnotes":""},"categories":[264],"tags":[1006,1020,1021],"class_list":{"0":"post-2875","1":"post","2":"type-post","3":"status-publish","4":"format-standard","5":"has-post-thumbnail","7":"category-entrevistas-galicia","8":"tag-covid19","9":"tag-paulo-carril","10":"tag-sx-da-cig"},"yoast_head":"<!-- This site is optimized with the Yoast SEO plugin v27.4 - https:\/\/yoast.com\/product\/yoast-seo-wordpress\/ -->\n<title>Paulo Carril SX da CIG -<\/title>\n<meta name=\"robots\" content=\"index, follow, max-snippet:-1, max-image-preview:large, max-video-preview:-1\" \/>\n<link rel=\"canonical\" href=\"https:\/\/www.anovapeneira.gal\/index.php\/2020\/04\/03\/paulo-carril-sx-da-cig\/\" \/>\n<meta property=\"og:locale\" content=\"gl_ES\" \/>\n<meta property=\"og:type\" content=\"article\" \/>\n<meta property=\"og:title\" content=\"Paulo Carril SX da CIG -\" \/>\n<meta property=\"og:description\" content=\"Paulo Carril \u00e9 o SX da CIG, e a voz da principal central sindical do noso pa\u00eds, debe de ser escoitada para co\u00f1ecer a s\u00faa opini\u00f3n sobre esta pandemia sanitaria [...]\" \/>\n<meta property=\"og:url\" content=\"https:\/\/www.anovapeneira.gal\/index.php\/2020\/04\/03\/paulo-carril-sx-da-cig\/\" \/>\n<meta property=\"article:publisher\" content=\"https:\/\/www.facebook.com\/anovapeneira\" \/>\n<meta property=\"article:published_time\" content=\"2020-04-03T10:00:46+00:00\" \/>\n<meta property=\"og:image\" content=\"https:\/\/www.anovapeneira.gal\/wp-content\/uploads\/2020\/04\/paulo_carril_cig.jpg\" \/>\n\t<meta property=\"og:image:width\" content=\"720\" \/>\n\t<meta property=\"og:image:height\" content=\"432\" \/>\n\t<meta property=\"og:image:type\" content=\"image\/jpeg\" \/>\n<meta name=\"author\" content=\"Tino Lago\" \/>\n<meta name=\"twitter:card\" content=\"summary_large_image\" \/>\n<meta name=\"twitter:creator\" content=\"@APeneira\" \/>\n<meta name=\"twitter:site\" content=\"@APeneira\" \/>\n<meta name=\"twitter:label1\" content=\"Escrito por\" \/>\n\t<meta name=\"twitter:data1\" content=\"Tino Lago\" \/>\n\t<meta name=\"twitter:label2\" content=\"Tempo de lectura\" \/>\n\t<meta name=\"twitter:data2\" content=\"7 minutos\" \/>\n<script type=\"application\/ld+json\" class=\"yoast-schema-graph\">{\"@context\":\"https:\\\/\\\/schema.org\",\"@graph\":[{\"@type\":\"Article\",\"@id\":\"https:\\\/\\\/www.anovapeneira.gal\\\/index.php\\\/2020\\\/04\\\/03\\\/paulo-carril-sx-da-cig\\\/#article\",\"isPartOf\":{\"@id\":\"https:\\\/\\\/www.anovapeneira.gal\\\/index.php\\\/2020\\\/04\\\/03\\\/paulo-carril-sx-da-cig\\\/\"},\"author\":{\"name\":\"Tino Lago\",\"@id\":\"https:\\\/\\\/www.anovapeneira.gal\\\/#\\\/schema\\\/person\\\/424dfe65e3070fd8a44d22d2c088762a\"},\"headline\":\"Paulo Carril SX da CIG\",\"datePublished\":\"2020-04-03T10:00:46+00:00\",\"mainEntityOfPage\":{\"@id\":\"https:\\\/\\\/www.anovapeneira.gal\\\/index.php\\\/2020\\\/04\\\/03\\\/paulo-carril-sx-da-cig\\\/\"},\"wordCount\":1331,\"commentCount\":0,\"publisher\":{\"@id\":\"https:\\\/\\\/www.anovapeneira.gal\\\/#organization\"},\"image\":{\"@id\":\"https:\\\/\\\/www.anovapeneira.gal\\\/index.php\\\/2020\\\/04\\\/03\\\/paulo-carril-sx-da-cig\\\/#primaryimage\"},\"thumbnailUrl\":\"https:\\\/\\\/www.anovapeneira.gal\\\/wp-content\\\/uploads\\\/2020\\\/04\\\/paulo_carril_cig.jpg\",\"keywords\":[\"COVID19\",\"Paulo Carril\",\"SX da CIG\"],\"articleSection\":[\"Entrevistas\"],\"inLanguage\":\"gl-ES\",\"potentialAction\":[{\"@type\":\"CommentAction\",\"name\":\"Comment\",\"target\":[\"https:\\\/\\\/www.anovapeneira.gal\\\/index.php\\\/2020\\\/04\\\/03\\\/paulo-carril-sx-da-cig\\\/#respond\"]}]},{\"@type\":\"WebPage\",\"@id\":\"https:\\\/\\\/www.anovapeneira.gal\\\/index.php\\\/2020\\\/04\\\/03\\\/paulo-carril-sx-da-cig\\\/\",\"url\":\"https:\\\/\\\/www.anovapeneira.gal\\\/index.php\\\/2020\\\/04\\\/03\\\/paulo-carril-sx-da-cig\\\/\",\"name\":\"Paulo Carril SX da CIG -\",\"isPartOf\":{\"@id\":\"https:\\\/\\\/www.anovapeneira.gal\\\/#website\"},\"primaryImageOfPage\":{\"@id\":\"https:\\\/\\\/www.anovapeneira.gal\\\/index.php\\\/2020\\\/04\\\/03\\\/paulo-carril-sx-da-cig\\\/#primaryimage\"},\"image\":{\"@id\":\"https:\\\/\\\/www.anovapeneira.gal\\\/index.php\\\/2020\\\/04\\\/03\\\/paulo-carril-sx-da-cig\\\/#primaryimage\"},\"thumbnailUrl\":\"https:\\\/\\\/www.anovapeneira.gal\\\/wp-content\\\/uploads\\\/2020\\\/04\\\/paulo_carril_cig.jpg\",\"datePublished\":\"2020-04-03T10:00:46+00:00\",\"breadcrumb\":{\"@id\":\"https:\\\/\\\/www.anovapeneira.gal\\\/index.php\\\/2020\\\/04\\\/03\\\/paulo-carril-sx-da-cig\\\/#breadcrumb\"},\"inLanguage\":\"gl-ES\",\"potentialAction\":[{\"@type\":\"ReadAction\",\"target\":[\"https:\\\/\\\/www.anovapeneira.gal\\\/index.php\\\/2020\\\/04\\\/03\\\/paulo-carril-sx-da-cig\\\/\"]}]},{\"@type\":\"ImageObject\",\"inLanguage\":\"gl-ES\",\"@id\":\"https:\\\/\\\/www.anovapeneira.gal\\\/index.php\\\/2020\\\/04\\\/03\\\/paulo-carril-sx-da-cig\\\/#primaryimage\",\"url\":\"https:\\\/\\\/www.anovapeneira.gal\\\/wp-content\\\/uploads\\\/2020\\\/04\\\/paulo_carril_cig.jpg\",\"contentUrl\":\"https:\\\/\\\/www.anovapeneira.gal\\\/wp-content\\\/uploads\\\/2020\\\/04\\\/paulo_carril_cig.jpg\",\"width\":720,\"height\":432,\"caption\":\"Paulo Carril SX da CIG A Nova Pneira\"},{\"@type\":\"BreadcrumbList\",\"@id\":\"https:\\\/\\\/www.anovapeneira.gal\\\/index.php\\\/2020\\\/04\\\/03\\\/paulo-carril-sx-da-cig\\\/#breadcrumb\",\"itemListElement\":[{\"@type\":\"ListItem\",\"position\":1,\"name\":\"Portada\",\"item\":\"https:\\\/\\\/www.anovapeneira.gal\\\/\"},{\"@type\":\"ListItem\",\"position\":2,\"name\":\"Paulo Carril SX da CIG\"}]},{\"@type\":\"WebSite\",\"@id\":\"https:\\\/\\\/www.anovapeneira.gal\\\/#website\",\"url\":\"https:\\\/\\\/www.anovapeneira.gal\\\/\",\"name\":\"\",\"description\":\"Xornal galego de informaci\u00f3n xeral Publicaci\u00f3n mensual de novas de Galicia e en especial dos Concellos da sur da provincia de Pontevedra.\",\"publisher\":{\"@id\":\"https:\\\/\\\/www.anovapeneira.gal\\\/#organization\"},\"potentialAction\":[{\"@type\":\"SearchAction\",\"target\":{\"@type\":\"EntryPoint\",\"urlTemplate\":\"https:\\\/\\\/www.anovapeneira.gal\\\/?s={search_term_string}\"},\"query-input\":{\"@type\":\"PropertyValueSpecification\",\"valueRequired\":true,\"valueName\":\"search_term_string\"}}],\"inLanguage\":\"gl-ES\"},{\"@type\":\"Organization\",\"@id\":\"https:\\\/\\\/www.anovapeneira.gal\\\/#organization\",\"name\":\"A Nova Peneira\",\"url\":\"https:\\\/\\\/www.anovapeneira.gal\\\/\",\"logo\":{\"@type\":\"ImageObject\",\"inLanguage\":\"gl-ES\",\"@id\":\"https:\\\/\\\/www.anovapeneira.gal\\\/#\\\/schema\\\/logo\\\/image\\\/\",\"url\":\"http:\\\/\\\/www.anovapeneira.gal\\\/wp-content\\\/uploads\\\/2019\\\/06\\\/logo_a_nova_peneira_portal_web.png\",\"contentUrl\":\"http:\\\/\\\/www.anovapeneira.gal\\\/wp-content\\\/uploads\\\/2019\\\/06\\\/logo_a_nova_peneira_portal_web.png\",\"width\":300,\"height\":100,\"caption\":\"A Nova Peneira\"},\"image\":{\"@id\":\"https:\\\/\\\/www.anovapeneira.gal\\\/#\\\/schema\\\/logo\\\/image\\\/\"},\"sameAs\":[\"https:\\\/\\\/www.facebook.com\\\/anovapeneira\",\"https:\\\/\\\/x.com\\\/APeneira\"]},{\"@type\":\"Person\",\"@id\":\"https:\\\/\\\/www.anovapeneira.gal\\\/#\\\/schema\\\/person\\\/424dfe65e3070fd8a44d22d2c088762a\",\"name\":\"Tino Lago\",\"image\":{\"@type\":\"ImageObject\",\"inLanguage\":\"gl-ES\",\"@id\":\"https:\\\/\\\/secure.gravatar.com\\\/avatar\\\/b3df6a06e44bab3111583b90f0f33a0379ee5e3d22cbadd232d39f21c30c62be?s=96&d=mm&r=g\",\"url\":\"https:\\\/\\\/secure.gravatar.com\\\/avatar\\\/b3df6a06e44bab3111583b90f0f33a0379ee5e3d22cbadd232d39f21c30c62be?s=96&d=mm&r=g\",\"contentUrl\":\"https:\\\/\\\/secure.gravatar.com\\\/avatar\\\/b3df6a06e44bab3111583b90f0f33a0379ee5e3d22cbadd232d39f21c30c62be?s=96&d=mm&r=g\",\"caption\":\"Tino Lago\"},\"sameAs\":[\"http:\\\/\\\/www.anovapeneira.gal\"],\"url\":\"https:\\\/\\\/www.anovapeneira.gal\\\/index.php\\\/author\\\/director\\\/\"}]}<\/script>\n<!-- \/ Yoast SEO plugin. -->","yoast_head_json":{"title":"Paulo Carril SX da CIG -","robots":{"index":"index","follow":"follow","max-snippet":"max-snippet:-1","max-image-preview":"max-image-preview:large","max-video-preview":"max-video-preview:-1"},"canonical":"https:\/\/www.anovapeneira.gal\/index.php\/2020\/04\/03\/paulo-carril-sx-da-cig\/","og_locale":"gl_ES","og_type":"article","og_title":"Paulo Carril SX da CIG -","og_description":"Paulo Carril \u00e9 o SX da CIG, e a voz da principal central sindical do noso pa\u00eds, debe de ser escoitada para co\u00f1ecer a s\u00faa opini\u00f3n sobre esta pandemia sanitaria [...]","og_url":"https:\/\/www.anovapeneira.gal\/index.php\/2020\/04\/03\/paulo-carril-sx-da-cig\/","article_publisher":"https:\/\/www.facebook.com\/anovapeneira","article_published_time":"2020-04-03T10:00:46+00:00","og_image":[{"width":720,"height":432,"url":"https:\/\/www.anovapeneira.gal\/wp-content\/uploads\/2020\/04\/paulo_carril_cig.jpg","type":"image\/jpeg"}],"author":"Tino Lago","twitter_card":"summary_large_image","twitter_creator":"@APeneira","twitter_site":"@APeneira","twitter_misc":{"Escrito por":"Tino Lago","Tempo de lectura":"7 minutos"},"schema":{"@context":"https:\/\/schema.org","@graph":[{"@type":"Article","@id":"https:\/\/www.anovapeneira.gal\/index.php\/2020\/04\/03\/paulo-carril-sx-da-cig\/#article","isPartOf":{"@id":"https:\/\/www.anovapeneira.gal\/index.php\/2020\/04\/03\/paulo-carril-sx-da-cig\/"},"author":{"name":"Tino Lago","@id":"https:\/\/www.anovapeneira.gal\/#\/schema\/person\/424dfe65e3070fd8a44d22d2c088762a"},"headline":"Paulo Carril SX da CIG","datePublished":"2020-04-03T10:00:46+00:00","mainEntityOfPage":{"@id":"https:\/\/www.anovapeneira.gal\/index.php\/2020\/04\/03\/paulo-carril-sx-da-cig\/"},"wordCount":1331,"commentCount":0,"publisher":{"@id":"https:\/\/www.anovapeneira.gal\/#organization"},"image":{"@id":"https:\/\/www.anovapeneira.gal\/index.php\/2020\/04\/03\/paulo-carril-sx-da-cig\/#primaryimage"},"thumbnailUrl":"https:\/\/www.anovapeneira.gal\/wp-content\/uploads\/2020\/04\/paulo_carril_cig.jpg","keywords":["COVID19","Paulo Carril","SX da CIG"],"articleSection":["Entrevistas"],"inLanguage":"gl-ES","potentialAction":[{"@type":"CommentAction","name":"Comment","target":["https:\/\/www.anovapeneira.gal\/index.php\/2020\/04\/03\/paulo-carril-sx-da-cig\/#respond"]}]},{"@type":"WebPage","@id":"https:\/\/www.anovapeneira.gal\/index.php\/2020\/04\/03\/paulo-carril-sx-da-cig\/","url":"https:\/\/www.anovapeneira.gal\/index.php\/2020\/04\/03\/paulo-carril-sx-da-cig\/","name":"Paulo Carril SX da CIG -","isPartOf":{"@id":"https:\/\/www.anovapeneira.gal\/#website"},"primaryImageOfPage":{"@id":"https:\/\/www.anovapeneira.gal\/index.php\/2020\/04\/03\/paulo-carril-sx-da-cig\/#primaryimage"},"image":{"@id":"https:\/\/www.anovapeneira.gal\/index.php\/2020\/04\/03\/paulo-carril-sx-da-cig\/#primaryimage"},"thumbnailUrl":"https:\/\/www.anovapeneira.gal\/wp-content\/uploads\/2020\/04\/paulo_carril_cig.jpg","datePublished":"2020-04-03T10:00:46+00:00","breadcrumb":{"@id":"https:\/\/www.anovapeneira.gal\/index.php\/2020\/04\/03\/paulo-carril-sx-da-cig\/#breadcrumb"},"inLanguage":"gl-ES","potentialAction":[{"@type":"ReadAction","target":["https:\/\/www.anovapeneira.gal\/index.php\/2020\/04\/03\/paulo-carril-sx-da-cig\/"]}]},{"@type":"ImageObject","inLanguage":"gl-ES","@id":"https:\/\/www.anovapeneira.gal\/index.php\/2020\/04\/03\/paulo-carril-sx-da-cig\/#primaryimage","url":"https:\/\/www.anovapeneira.gal\/wp-content\/uploads\/2020\/04\/paulo_carril_cig.jpg","contentUrl":"https:\/\/www.anovapeneira.gal\/wp-content\/uploads\/2020\/04\/paulo_carril_cig.jpg","width":720,"height":432,"caption":"Paulo Carril SX da CIG A Nova Pneira"},{"@type":"BreadcrumbList","@id":"https:\/\/www.anovapeneira.gal\/index.php\/2020\/04\/03\/paulo-carril-sx-da-cig\/#breadcrumb","itemListElement":[{"@type":"ListItem","position":1,"name":"Portada","item":"https:\/\/www.anovapeneira.gal\/"},{"@type":"ListItem","position":2,"name":"Paulo Carril SX da CIG"}]},{"@type":"WebSite","@id":"https:\/\/www.anovapeneira.gal\/#website","url":"https:\/\/www.anovapeneira.gal\/","name":"","description":"Xornal galego de informaci\u00f3n xeral Publicaci\u00f3n mensual de novas de Galicia e en especial dos Concellos da sur da provincia de Pontevedra.","publisher":{"@id":"https:\/\/www.anovapeneira.gal\/#organization"},"potentialAction":[{"@type":"SearchAction","target":{"@type":"EntryPoint","urlTemplate":"https:\/\/www.anovapeneira.gal\/?s={search_term_string}"},"query-input":{"@type":"PropertyValueSpecification","valueRequired":true,"valueName":"search_term_string"}}],"inLanguage":"gl-ES"},{"@type":"Organization","@id":"https:\/\/www.anovapeneira.gal\/#organization","name":"A Nova Peneira","url":"https:\/\/www.anovapeneira.gal\/","logo":{"@type":"ImageObject","inLanguage":"gl-ES","@id":"https:\/\/www.anovapeneira.gal\/#\/schema\/logo\/image\/","url":"http:\/\/www.anovapeneira.gal\/wp-content\/uploads\/2019\/06\/logo_a_nova_peneira_portal_web.png","contentUrl":"http:\/\/www.anovapeneira.gal\/wp-content\/uploads\/2019\/06\/logo_a_nova_peneira_portal_web.png","width":300,"height":100,"caption":"A Nova Peneira"},"image":{"@id":"https:\/\/www.anovapeneira.gal\/#\/schema\/logo\/image\/"},"sameAs":["https:\/\/www.facebook.com\/anovapeneira","https:\/\/x.com\/APeneira"]},{"@type":"Person","@id":"https:\/\/www.anovapeneira.gal\/#\/schema\/person\/424dfe65e3070fd8a44d22d2c088762a","name":"Tino Lago","image":{"@type":"ImageObject","inLanguage":"gl-ES","@id":"https:\/\/secure.gravatar.com\/avatar\/b3df6a06e44bab3111583b90f0f33a0379ee5e3d22cbadd232d39f21c30c62be?s=96&d=mm&r=g","url":"https:\/\/secure.gravatar.com\/avatar\/b3df6a06e44bab3111583b90f0f33a0379ee5e3d22cbadd232d39f21c30c62be?s=96&d=mm&r=g","contentUrl":"https:\/\/secure.gravatar.com\/avatar\/b3df6a06e44bab3111583b90f0f33a0379ee5e3d22cbadd232d39f21c30c62be?s=96&d=mm&r=g","caption":"Tino Lago"},"sameAs":["http:\/\/www.anovapeneira.gal"],"url":"https:\/\/www.anovapeneira.gal\/index.php\/author\/director\/"}]}},"jetpack_featured_media_url":"https:\/\/www.anovapeneira.gal\/wp-content\/uploads\/2020\/04\/paulo_carril_cig.jpg","_links":{"self":[{"href":"https:\/\/www.anovapeneira.gal\/index.php\/wp-json\/wp\/v2\/posts\/2875","targetHints":{"allow":["GET"]}}],"collection":[{"href":"https:\/\/www.anovapeneira.gal\/index.php\/wp-json\/wp\/v2\/posts"}],"about":[{"href":"https:\/\/www.anovapeneira.gal\/index.php\/wp-json\/wp\/v2\/types\/post"}],"author":[{"embeddable":true,"href":"https:\/\/www.anovapeneira.gal\/index.php\/wp-json\/wp\/v2\/users\/2"}],"replies":[{"embeddable":true,"href":"https:\/\/www.anovapeneira.gal\/index.php\/wp-json\/wp\/v2\/comments?post=2875"}],"version-history":[{"count":2,"href":"https:\/\/www.anovapeneira.gal\/index.php\/wp-json\/wp\/v2\/posts\/2875\/revisions"}],"predecessor-version":[{"id":2878,"href":"https:\/\/www.anovapeneira.gal\/index.php\/wp-json\/wp\/v2\/posts\/2875\/revisions\/2878"}],"wp:featuredmedia":[{"embeddable":true,"href":"https:\/\/www.anovapeneira.gal\/index.php\/wp-json\/wp\/v2\/media\/2876"}],"wp:attachment":[{"href":"https:\/\/www.anovapeneira.gal\/index.php\/wp-json\/wp\/v2\/media?parent=2875"}],"wp:term":[{"taxonomy":"category","embeddable":true,"href":"https:\/\/www.anovapeneira.gal\/index.php\/wp-json\/wp\/v2\/categories?post=2875"},{"taxonomy":"post_tag","embeddable":true,"href":"https:\/\/www.anovapeneira.gal\/index.php\/wp-json\/wp\/v2\/tags?post=2875"}],"curies":[{"name":"wp","href":"https:\/\/api.w.org\/{rel}","templated":true}]}}