{"id":2881,"date":"2020-04-06T12:00:51","date_gmt":"2020-04-06T10:00:51","guid":{"rendered":"http:\/\/www.anovapeneira.gal\/?p=2881"},"modified":"2021-02-21T09:27:21","modified_gmt":"2021-02-21T08:27:21","slug":"que-a-pandemia-non-se-torne-en-saqueo-antisocial","status":"publish","type":"post","link":"https:\/\/www.anovapeneira.gal\/index.php\/2020\/04\/06\/que-a-pandemia-non-se-torne-en-saqueo-antisocial\/","title":{"rendered":"Que a pandemia non se torne en saqueo antisocial"},"content":{"rendered":"\n<figure class=\"wp-block-image size-large is-resized\"><img loading=\"lazy\" decoding=\"async\" src=\"http:\/\/www.anovapeneira.gal\/wp-content\/uploads\/2020\/01\/xabier_p_iglesias_retrato_a_nova_peneira_bn.jpg\" alt=\"\" class=\"wp-image-2347\" width=\"95\" height=\"111\"\/><figcaption>Xabier P\u00e9rez Igrexas Concelleiro do BNG de Vigo<\/figcaption><\/figure>\n\n\n\n<p>Enfrontamos unha crise sanitaria sen precedentes. Unha pandemia global que provocou unha situaci\u00f3n excepcional, en alerta sanitaria e co decreto de estado de alarma. Diante da pandemia do Covid-19 \u00e9 fulcral que todas as decisi\u00f3ns que se adopten, que todas as medidas que se vaian aplicar, persigan como primeiro obxectivo garantir a sa\u00fade p\u00fablica, atendendo criterios cient\u00edfico-sanitarios coa meta inmediata de conter o contaxio para evitar o colapso da nosa rede sanitaria. Semella unha obviedade, mais \u00e9 claro que estes par\u00e1metros non se est\u00e1n a aplicar debidamente.&nbsp;<\/p>\n\n\n\n<p>As\u00ed o visa a resistencia, claramente ideol\u00f3xica e que s\u00f3 responde a unha concepci\u00f3n enfermizamente centralista, de evitar o confinamento dos principais focos de contaxio, especialmente no caso de Madrid. Esa resistencia do Goberno espa\u00f1ol non s\u00f3 non responde a criterios sanitarios sen\u00f3n que contrad\u00ed abertamente as recomendaci\u00f3ns da OMS e a experiencia pr\u00e1ctica tanto de China como de Italia. A demanda de blindarmos Galiza que reclama o BNG desde o inicio demostra que non se trata de ningunha fobia territorial sen\u00f3n dunha medida de contenci\u00f3n. O virus non entende de territorios, mais si que se propaga a trav\u00e9s deles. E tampouco entende de paranoias centralistas, nin de golpes de peito envoltos dunha innecesaria ret\u00f3rica militarista.<\/p>\n\n\n\n<p>A isto eng\u00e1dese a resistencia do executivo espa\u00f1ol a facer extensivo e efectivo o imprescind\u00edbel confinamento social. Que sentido ten confinar a millares de traballadoras e traballadores na s\u00faa casa as fins de semana ou ao remate da s\u00faa xornada, para logo os empurrar aos seus empregos sen as m\u00ednimas garant\u00edas preventivas e expo\u00f1\u00e9ndose (eles e elas propias, mais tam\u00e9n as s\u00faas contornas) ao virus? C\u00f3mpre, como demanda a CIG, paralizar de maneira inmediata e completa TODA a actividade produtiva que non sexa esencial para a atenci\u00f3n das necesidades b\u00e1sicas da poboaci\u00f3n e para o sostemento da estrutura sanitaria. A irresponsabilidade da patronal \u00e9 grave, pero inda m\u00e1is o \u00e9 a indolencia gobernamental.<\/p>\n\n\n\n<p>Un retrato gr\u00e1fico disto foi a situaci\u00f3n vivida nos centros de chamadas de Un\u00edsono en Vigo. Centos de traballadoras e traballadoras, obrigadas a continuar traballando sen poder manter a distancia necesaria e sen apenas medidas preventivas de ning\u00fan tipo. Nunha actividade que \u00e9 perfectamente realiz\u00e1bel en modalidade de teletraballo! E coa teimos\u00eda, case criminal, da direcci\u00f3n desa empresa de incumprir a suspensi\u00f3n ditada polo Comit\u00e9 de Empresa ao abeiro do artigo 21 da lei de prevenci\u00f3n de riscos ap\u00f3s a confirmaci\u00f3n dun contaxio. O exemplo vivido en Un\u00edsono en Vigo deita d\u00faas preguntas importantes: onde est\u00e1 a Inspecci\u00f3n de Traballo? A que espera a Direcci\u00f3n Xeral de Sa\u00fade P\u00fablica da Xunta para actuar impedindo que se contin\u00fae a traballar sen as condici\u00f3ns preventivas que garantan o dereito \u00e1 sa\u00fade da clase traballadora e a efectividade do confinamento social?<\/p>\n\n\n\n<p>Ali\u00e1s, urxe que os gobernos espa\u00f1ol e galego despreguen, con axilidade e determinaci\u00f3n, un ambicioso paquete de medidas de protecci\u00f3n social para evitar que esta crise sanitaria se torne nun novo saqueo antisocial. Non podemos permitir que o custe desta situaci\u00f3n de emerxencia o volvamos pagar as clases populares e traballadoras. A aposta pola f\u00f3rmula dos ERTES non anticipa que o novo executivo espa\u00f1ol vaia impedilo. Teremos que obrigalos.&nbsp;<\/p>\n","protected":false},"excerpt":{"rendered":"<div class=\"mh-excerpt\"><p>Enfrontamos unha crise sanitaria sen precedentes. Unha pandemia global que provocou unha situaci\u00f3n excepcional <a class=\"mh-excerpt-more\" href=\"https:\/\/www.anovapeneira.gal\/index.php\/2020\/04\/06\/que-a-pandemia-non-se-torne-en-saqueo-antisocial\/\" title=\"Que a pandemia non se torne en saqueo antisocial\">[&#8230;]<\/a><\/p>\n<\/div>","protected":false},"author":19,"featured_media":584,"comment_status":"open","ping_status":"open","sticky":false,"template":"","format":"standard","meta":{"_exactmetrics_skip_tracking":false,"_exactmetrics_sitenote_active":false,"_exactmetrics_sitenote_note":"","_exactmetrics_sitenote_category":0,"footnotes":""},"categories":[7],"tags":[1006,58],"class_list":{"0":"post-2881","1":"post","2":"type-post","3":"status-publish","4":"format-standard","5":"has-post-thumbnail","7":"category-artigos-de-opinion","8":"tag-covid19","9":"tag-opinion"},"yoast_head":"<!-- This site is optimized with the Yoast SEO plugin v27.4 - https:\/\/yoast.com\/product\/yoast-seo-wordpress\/ -->\n<title>Que a pandemia non se torne en saqueo antisocial -<\/title>\n<meta name=\"robots\" content=\"index, follow, max-snippet:-1, max-image-preview:large, max-video-preview:-1\" \/>\n<link rel=\"canonical\" href=\"https:\/\/www.anovapeneira.gal\/index.php\/2020\/04\/06\/que-a-pandemia-non-se-torne-en-saqueo-antisocial\/\" \/>\n<meta property=\"og:locale\" content=\"gl_ES\" \/>\n<meta property=\"og:type\" content=\"article\" \/>\n<meta property=\"og:title\" content=\"Que a pandemia non se torne en saqueo antisocial -\" \/>\n<meta property=\"og:description\" content=\"Enfrontamos unha crise sanitaria sen precedentes. Unha pandemia global que provocou unha situaci\u00f3n excepcional [...]\" \/>\n<meta property=\"og:url\" content=\"https:\/\/www.anovapeneira.gal\/index.php\/2020\/04\/06\/que-a-pandemia-non-se-torne-en-saqueo-antisocial\/\" \/>\n<meta property=\"article:publisher\" content=\"https:\/\/www.facebook.com\/anovapeneira\" \/>\n<meta property=\"article:published_time\" content=\"2020-04-06T10:00:51+00:00\" \/>\n<meta property=\"article:modified_time\" content=\"2021-02-21T08:27:21+00:00\" \/>\n<meta property=\"og:image\" content=\"https:\/\/www.anovapeneira.gal\/wp-content\/uploads\/2019\/07\/ARTIGO_DE_OPINION_A_NOVA_PENEIRA.jpg\" \/>\n\t<meta property=\"og:image:width\" content=\"720\" \/>\n\t<meta property=\"og:image:height\" content=\"473\" \/>\n\t<meta property=\"og:image:type\" content=\"image\/jpeg\" \/>\n<meta name=\"author\" content=\"Xabier P. Igrexas\" \/>\n<meta name=\"twitter:card\" content=\"summary_large_image\" \/>\n<meta name=\"twitter:creator\" content=\"@APeneira\" \/>\n<meta name=\"twitter:site\" content=\"@APeneira\" \/>\n<meta name=\"twitter:label1\" content=\"Escrito por\" \/>\n\t<meta name=\"twitter:data1\" content=\"Xabier P. Igrexas\" \/>\n\t<meta name=\"twitter:label2\" content=\"Tempo de lectura\" \/>\n\t<meta name=\"twitter:data2\" content=\"3 minutos\" \/>\n<script type=\"application\/ld+json\" class=\"yoast-schema-graph\">{\"@context\":\"https:\\\/\\\/schema.org\",\"@graph\":[{\"@type\":\"Article\",\"@id\":\"https:\\\/\\\/www.anovapeneira.gal\\\/index.php\\\/2020\\\/04\\\/06\\\/que-a-pandemia-non-se-torne-en-saqueo-antisocial\\\/#article\",\"isPartOf\":{\"@id\":\"https:\\\/\\\/www.anovapeneira.gal\\\/index.php\\\/2020\\\/04\\\/06\\\/que-a-pandemia-non-se-torne-en-saqueo-antisocial\\\/\"},\"author\":{\"name\":\"Xabier P. Igrexas\",\"@id\":\"https:\\\/\\\/www.anovapeneira.gal\\\/#\\\/schema\\\/person\\\/b315a9629cd031f734260aaed292fc7b\"},\"headline\":\"Que a pandemia non se torne en saqueo antisocial\",\"datePublished\":\"2020-04-06T10:00:51+00:00\",\"dateModified\":\"2021-02-21T08:27:21+00:00\",\"mainEntityOfPage\":{\"@id\":\"https:\\\/\\\/www.anovapeneira.gal\\\/index.php\\\/2020\\\/04\\\/06\\\/que-a-pandemia-non-se-torne-en-saqueo-antisocial\\\/\"},\"wordCount\":586,\"commentCount\":0,\"publisher\":{\"@id\":\"https:\\\/\\\/www.anovapeneira.gal\\\/#organization\"},\"image\":{\"@id\":\"https:\\\/\\\/www.anovapeneira.gal\\\/index.php\\\/2020\\\/04\\\/06\\\/que-a-pandemia-non-se-torne-en-saqueo-antisocial\\\/#primaryimage\"},\"thumbnailUrl\":\"https:\\\/\\\/www.anovapeneira.gal\\\/wp-content\\\/uploads\\\/2019\\\/07\\\/ARTIGO_DE_OPINION_A_NOVA_PENEIRA.jpg\",\"keywords\":[\"COVID19\",\"Opini\u00f3n\"],\"articleSection\":[\"Artigos de opini\u00f3n\"],\"inLanguage\":\"gl-ES\",\"potentialAction\":[{\"@type\":\"CommentAction\",\"name\":\"Comment\",\"target\":[\"https:\\\/\\\/www.anovapeneira.gal\\\/index.php\\\/2020\\\/04\\\/06\\\/que-a-pandemia-non-se-torne-en-saqueo-antisocial\\\/#respond\"]}]},{\"@type\":\"WebPage\",\"@id\":\"https:\\\/\\\/www.anovapeneira.gal\\\/index.php\\\/2020\\\/04\\\/06\\\/que-a-pandemia-non-se-torne-en-saqueo-antisocial\\\/\",\"url\":\"https:\\\/\\\/www.anovapeneira.gal\\\/index.php\\\/2020\\\/04\\\/06\\\/que-a-pandemia-non-se-torne-en-saqueo-antisocial\\\/\",\"name\":\"Que a pandemia non se torne en saqueo antisocial -\",\"isPartOf\":{\"@id\":\"https:\\\/\\\/www.anovapeneira.gal\\\/#website\"},\"primaryImageOfPage\":{\"@id\":\"https:\\\/\\\/www.anovapeneira.gal\\\/index.php\\\/2020\\\/04\\\/06\\\/que-a-pandemia-non-se-torne-en-saqueo-antisocial\\\/#primaryimage\"},\"image\":{\"@id\":\"https:\\\/\\\/www.anovapeneira.gal\\\/index.php\\\/2020\\\/04\\\/06\\\/que-a-pandemia-non-se-torne-en-saqueo-antisocial\\\/#primaryimage\"},\"thumbnailUrl\":\"https:\\\/\\\/www.anovapeneira.gal\\\/wp-content\\\/uploads\\\/2019\\\/07\\\/ARTIGO_DE_OPINION_A_NOVA_PENEIRA.jpg\",\"datePublished\":\"2020-04-06T10:00:51+00:00\",\"dateModified\":\"2021-02-21T08:27:21+00:00\",\"breadcrumb\":{\"@id\":\"https:\\\/\\\/www.anovapeneira.gal\\\/index.php\\\/2020\\\/04\\\/06\\\/que-a-pandemia-non-se-torne-en-saqueo-antisocial\\\/#breadcrumb\"},\"inLanguage\":\"gl-ES\",\"potentialAction\":[{\"@type\":\"ReadAction\",\"target\":[\"https:\\\/\\\/www.anovapeneira.gal\\\/index.php\\\/2020\\\/04\\\/06\\\/que-a-pandemia-non-se-torne-en-saqueo-antisocial\\\/\"]}]},{\"@type\":\"ImageObject\",\"inLanguage\":\"gl-ES\",\"@id\":\"https:\\\/\\\/www.anovapeneira.gal\\\/index.php\\\/2020\\\/04\\\/06\\\/que-a-pandemia-non-se-torne-en-saqueo-antisocial\\\/#primaryimage\",\"url\":\"https:\\\/\\\/www.anovapeneira.gal\\\/wp-content\\\/uploads\\\/2019\\\/07\\\/ARTIGO_DE_OPINION_A_NOVA_PENEIRA.jpg\",\"contentUrl\":\"https:\\\/\\\/www.anovapeneira.gal\\\/wp-content\\\/uploads\\\/2019\\\/07\\\/ARTIGO_DE_OPINION_A_NOVA_PENEIRA.jpg\",\"width\":720,\"height\":473,\"caption\":\"Artigo de opini\u00f3n A Nova Peneira\"},{\"@type\":\"BreadcrumbList\",\"@id\":\"https:\\\/\\\/www.anovapeneira.gal\\\/index.php\\\/2020\\\/04\\\/06\\\/que-a-pandemia-non-se-torne-en-saqueo-antisocial\\\/#breadcrumb\",\"itemListElement\":[{\"@type\":\"ListItem\",\"position\":1,\"name\":\"Portada\",\"item\":\"https:\\\/\\\/www.anovapeneira.gal\\\/\"},{\"@type\":\"ListItem\",\"position\":2,\"name\":\"Que a pandemia non se torne en saqueo antisocial\"}]},{\"@type\":\"WebSite\",\"@id\":\"https:\\\/\\\/www.anovapeneira.gal\\\/#website\",\"url\":\"https:\\\/\\\/www.anovapeneira.gal\\\/\",\"name\":\"\",\"description\":\"Xornal galego de informaci\u00f3n xeral Publicaci\u00f3n mensual de novas de Galicia e en especial dos Concellos da sur da provincia de Pontevedra.\",\"publisher\":{\"@id\":\"https:\\\/\\\/www.anovapeneira.gal\\\/#organization\"},\"potentialAction\":[{\"@type\":\"SearchAction\",\"target\":{\"@type\":\"EntryPoint\",\"urlTemplate\":\"https:\\\/\\\/www.anovapeneira.gal\\\/?s={search_term_string}\"},\"query-input\":{\"@type\":\"PropertyValueSpecification\",\"valueRequired\":true,\"valueName\":\"search_term_string\"}}],\"inLanguage\":\"gl-ES\"},{\"@type\":\"Organization\",\"@id\":\"https:\\\/\\\/www.anovapeneira.gal\\\/#organization\",\"name\":\"A Nova Peneira\",\"url\":\"https:\\\/\\\/www.anovapeneira.gal\\\/\",\"logo\":{\"@type\":\"ImageObject\",\"inLanguage\":\"gl-ES\",\"@id\":\"https:\\\/\\\/www.anovapeneira.gal\\\/#\\\/schema\\\/logo\\\/image\\\/\",\"url\":\"http:\\\/\\\/www.anovapeneira.gal\\\/wp-content\\\/uploads\\\/2019\\\/06\\\/logo_a_nova_peneira_portal_web.png\",\"contentUrl\":\"http:\\\/\\\/www.anovapeneira.gal\\\/wp-content\\\/uploads\\\/2019\\\/06\\\/logo_a_nova_peneira_portal_web.png\",\"width\":300,\"height\":100,\"caption\":\"A Nova Peneira\"},\"image\":{\"@id\":\"https:\\\/\\\/www.anovapeneira.gal\\\/#\\\/schema\\\/logo\\\/image\\\/\"},\"sameAs\":[\"https:\\\/\\\/www.facebook.com\\\/anovapeneira\",\"https:\\\/\\\/x.com\\\/APeneira\"]},{\"@type\":\"Person\",\"@id\":\"https:\\\/\\\/www.anovapeneira.gal\\\/#\\\/schema\\\/person\\\/b315a9629cd031f734260aaed292fc7b\",\"name\":\"Xabier P. Igrexas\",\"image\":{\"@type\":\"ImageObject\",\"inLanguage\":\"gl-ES\",\"@id\":\"https:\\\/\\\/secure.gravatar.com\\\/avatar\\\/515b373a53f49f0acb6e8c9b324ca59bebc1b082fa690fc83028098b4d3bc8cd?s=96&d=mm&r=g\",\"url\":\"https:\\\/\\\/secure.gravatar.com\\\/avatar\\\/515b373a53f49f0acb6e8c9b324ca59bebc1b082fa690fc83028098b4d3bc8cd?s=96&d=mm&r=g\",\"contentUrl\":\"https:\\\/\\\/secure.gravatar.com\\\/avatar\\\/515b373a53f49f0acb6e8c9b324ca59bebc1b082fa690fc83028098b4d3bc8cd?s=96&d=mm&r=g\",\"caption\":\"Xabier P. Igrexas\"},\"sameAs\":[\"http:\\\/\\\/www.anovapeneira.gal\"],\"url\":\"https:\\\/\\\/www.anovapeneira.gal\\\/index.php\\\/author\\\/xabier-p-igrexas\\\/\"}]}<\/script>\n<!-- \/ Yoast SEO plugin. -->","yoast_head_json":{"title":"Que a pandemia non se torne en saqueo antisocial -","robots":{"index":"index","follow":"follow","max-snippet":"max-snippet:-1","max-image-preview":"max-image-preview:large","max-video-preview":"max-video-preview:-1"},"canonical":"https:\/\/www.anovapeneira.gal\/index.php\/2020\/04\/06\/que-a-pandemia-non-se-torne-en-saqueo-antisocial\/","og_locale":"gl_ES","og_type":"article","og_title":"Que a pandemia non se torne en saqueo antisocial -","og_description":"Enfrontamos unha crise sanitaria sen precedentes. Unha pandemia global que provocou unha situaci\u00f3n excepcional [...]","og_url":"https:\/\/www.anovapeneira.gal\/index.php\/2020\/04\/06\/que-a-pandemia-non-se-torne-en-saqueo-antisocial\/","article_publisher":"https:\/\/www.facebook.com\/anovapeneira","article_published_time":"2020-04-06T10:00:51+00:00","article_modified_time":"2021-02-21T08:27:21+00:00","og_image":[{"width":720,"height":473,"url":"https:\/\/www.anovapeneira.gal\/wp-content\/uploads\/2019\/07\/ARTIGO_DE_OPINION_A_NOVA_PENEIRA.jpg","type":"image\/jpeg"}],"author":"Xabier P. Igrexas","twitter_card":"summary_large_image","twitter_creator":"@APeneira","twitter_site":"@APeneira","twitter_misc":{"Escrito por":"Xabier P. Igrexas","Tempo de lectura":"3 minutos"},"schema":{"@context":"https:\/\/schema.org","@graph":[{"@type":"Article","@id":"https:\/\/www.anovapeneira.gal\/index.php\/2020\/04\/06\/que-a-pandemia-non-se-torne-en-saqueo-antisocial\/#article","isPartOf":{"@id":"https:\/\/www.anovapeneira.gal\/index.php\/2020\/04\/06\/que-a-pandemia-non-se-torne-en-saqueo-antisocial\/"},"author":{"name":"Xabier P. Igrexas","@id":"https:\/\/www.anovapeneira.gal\/#\/schema\/person\/b315a9629cd031f734260aaed292fc7b"},"headline":"Que a pandemia non se torne en saqueo antisocial","datePublished":"2020-04-06T10:00:51+00:00","dateModified":"2021-02-21T08:27:21+00:00","mainEntityOfPage":{"@id":"https:\/\/www.anovapeneira.gal\/index.php\/2020\/04\/06\/que-a-pandemia-non-se-torne-en-saqueo-antisocial\/"},"wordCount":586,"commentCount":0,"publisher":{"@id":"https:\/\/www.anovapeneira.gal\/#organization"},"image":{"@id":"https:\/\/www.anovapeneira.gal\/index.php\/2020\/04\/06\/que-a-pandemia-non-se-torne-en-saqueo-antisocial\/#primaryimage"},"thumbnailUrl":"https:\/\/www.anovapeneira.gal\/wp-content\/uploads\/2019\/07\/ARTIGO_DE_OPINION_A_NOVA_PENEIRA.jpg","keywords":["COVID19","Opini\u00f3n"],"articleSection":["Artigos de opini\u00f3n"],"inLanguage":"gl-ES","potentialAction":[{"@type":"CommentAction","name":"Comment","target":["https:\/\/www.anovapeneira.gal\/index.php\/2020\/04\/06\/que-a-pandemia-non-se-torne-en-saqueo-antisocial\/#respond"]}]},{"@type":"WebPage","@id":"https:\/\/www.anovapeneira.gal\/index.php\/2020\/04\/06\/que-a-pandemia-non-se-torne-en-saqueo-antisocial\/","url":"https:\/\/www.anovapeneira.gal\/index.php\/2020\/04\/06\/que-a-pandemia-non-se-torne-en-saqueo-antisocial\/","name":"Que a pandemia non se torne en saqueo antisocial -","isPartOf":{"@id":"https:\/\/www.anovapeneira.gal\/#website"},"primaryImageOfPage":{"@id":"https:\/\/www.anovapeneira.gal\/index.php\/2020\/04\/06\/que-a-pandemia-non-se-torne-en-saqueo-antisocial\/#primaryimage"},"image":{"@id":"https:\/\/www.anovapeneira.gal\/index.php\/2020\/04\/06\/que-a-pandemia-non-se-torne-en-saqueo-antisocial\/#primaryimage"},"thumbnailUrl":"https:\/\/www.anovapeneira.gal\/wp-content\/uploads\/2019\/07\/ARTIGO_DE_OPINION_A_NOVA_PENEIRA.jpg","datePublished":"2020-04-06T10:00:51+00:00","dateModified":"2021-02-21T08:27:21+00:00","breadcrumb":{"@id":"https:\/\/www.anovapeneira.gal\/index.php\/2020\/04\/06\/que-a-pandemia-non-se-torne-en-saqueo-antisocial\/#breadcrumb"},"inLanguage":"gl-ES","potentialAction":[{"@type":"ReadAction","target":["https:\/\/www.anovapeneira.gal\/index.php\/2020\/04\/06\/que-a-pandemia-non-se-torne-en-saqueo-antisocial\/"]}]},{"@type":"ImageObject","inLanguage":"gl-ES","@id":"https:\/\/www.anovapeneira.gal\/index.php\/2020\/04\/06\/que-a-pandemia-non-se-torne-en-saqueo-antisocial\/#primaryimage","url":"https:\/\/www.anovapeneira.gal\/wp-content\/uploads\/2019\/07\/ARTIGO_DE_OPINION_A_NOVA_PENEIRA.jpg","contentUrl":"https:\/\/www.anovapeneira.gal\/wp-content\/uploads\/2019\/07\/ARTIGO_DE_OPINION_A_NOVA_PENEIRA.jpg","width":720,"height":473,"caption":"Artigo de opini\u00f3n A Nova Peneira"},{"@type":"BreadcrumbList","@id":"https:\/\/www.anovapeneira.gal\/index.php\/2020\/04\/06\/que-a-pandemia-non-se-torne-en-saqueo-antisocial\/#breadcrumb","itemListElement":[{"@type":"ListItem","position":1,"name":"Portada","item":"https:\/\/www.anovapeneira.gal\/"},{"@type":"ListItem","position":2,"name":"Que a pandemia non se torne en saqueo antisocial"}]},{"@type":"WebSite","@id":"https:\/\/www.anovapeneira.gal\/#website","url":"https:\/\/www.anovapeneira.gal\/","name":"","description":"Xornal galego de informaci\u00f3n xeral Publicaci\u00f3n mensual de novas de Galicia e en especial dos Concellos da sur da provincia de Pontevedra.","publisher":{"@id":"https:\/\/www.anovapeneira.gal\/#organization"},"potentialAction":[{"@type":"SearchAction","target":{"@type":"EntryPoint","urlTemplate":"https:\/\/www.anovapeneira.gal\/?s={search_term_string}"},"query-input":{"@type":"PropertyValueSpecification","valueRequired":true,"valueName":"search_term_string"}}],"inLanguage":"gl-ES"},{"@type":"Organization","@id":"https:\/\/www.anovapeneira.gal\/#organization","name":"A Nova Peneira","url":"https:\/\/www.anovapeneira.gal\/","logo":{"@type":"ImageObject","inLanguage":"gl-ES","@id":"https:\/\/www.anovapeneira.gal\/#\/schema\/logo\/image\/","url":"http:\/\/www.anovapeneira.gal\/wp-content\/uploads\/2019\/06\/logo_a_nova_peneira_portal_web.png","contentUrl":"http:\/\/www.anovapeneira.gal\/wp-content\/uploads\/2019\/06\/logo_a_nova_peneira_portal_web.png","width":300,"height":100,"caption":"A Nova Peneira"},"image":{"@id":"https:\/\/www.anovapeneira.gal\/#\/schema\/logo\/image\/"},"sameAs":["https:\/\/www.facebook.com\/anovapeneira","https:\/\/x.com\/APeneira"]},{"@type":"Person","@id":"https:\/\/www.anovapeneira.gal\/#\/schema\/person\/b315a9629cd031f734260aaed292fc7b","name":"Xabier P. Igrexas","image":{"@type":"ImageObject","inLanguage":"gl-ES","@id":"https:\/\/secure.gravatar.com\/avatar\/515b373a53f49f0acb6e8c9b324ca59bebc1b082fa690fc83028098b4d3bc8cd?s=96&d=mm&r=g","url":"https:\/\/secure.gravatar.com\/avatar\/515b373a53f49f0acb6e8c9b324ca59bebc1b082fa690fc83028098b4d3bc8cd?s=96&d=mm&r=g","contentUrl":"https:\/\/secure.gravatar.com\/avatar\/515b373a53f49f0acb6e8c9b324ca59bebc1b082fa690fc83028098b4d3bc8cd?s=96&d=mm&r=g","caption":"Xabier P. Igrexas"},"sameAs":["http:\/\/www.anovapeneira.gal"],"url":"https:\/\/www.anovapeneira.gal\/index.php\/author\/xabier-p-igrexas\/"}]}},"jetpack_featured_media_url":"https:\/\/www.anovapeneira.gal\/wp-content\/uploads\/2019\/07\/ARTIGO_DE_OPINION_A_NOVA_PENEIRA.jpg","_links":{"self":[{"href":"https:\/\/www.anovapeneira.gal\/index.php\/wp-json\/wp\/v2\/posts\/2881","targetHints":{"allow":["GET"]}}],"collection":[{"href":"https:\/\/www.anovapeneira.gal\/index.php\/wp-json\/wp\/v2\/posts"}],"about":[{"href":"https:\/\/www.anovapeneira.gal\/index.php\/wp-json\/wp\/v2\/types\/post"}],"author":[{"embeddable":true,"href":"https:\/\/www.anovapeneira.gal\/index.php\/wp-json\/wp\/v2\/users\/19"}],"replies":[{"embeddable":true,"href":"https:\/\/www.anovapeneira.gal\/index.php\/wp-json\/wp\/v2\/comments?post=2881"}],"version-history":[{"count":2,"href":"https:\/\/www.anovapeneira.gal\/index.php\/wp-json\/wp\/v2\/posts\/2881\/revisions"}],"predecessor-version":[{"id":4911,"href":"https:\/\/www.anovapeneira.gal\/index.php\/wp-json\/wp\/v2\/posts\/2881\/revisions\/4911"}],"wp:featuredmedia":[{"embeddable":true,"href":"https:\/\/www.anovapeneira.gal\/index.php\/wp-json\/wp\/v2\/media\/584"}],"wp:attachment":[{"href":"https:\/\/www.anovapeneira.gal\/index.php\/wp-json\/wp\/v2\/media?parent=2881"}],"wp:term":[{"taxonomy":"category","embeddable":true,"href":"https:\/\/www.anovapeneira.gal\/index.php\/wp-json\/wp\/v2\/categories?post=2881"},{"taxonomy":"post_tag","embeddable":true,"href":"https:\/\/www.anovapeneira.gal\/index.php\/wp-json\/wp\/v2\/tags?post=2881"}],"curies":[{"name":"wp","href":"https:\/\/api.w.org\/{rel}","templated":true}]}}