{"id":2890,"date":"2020-04-08T10:00:08","date_gmt":"2020-04-08T08:00:08","guid":{"rendered":"http:\/\/www.anovapeneira.gal\/?p=2890"},"modified":"2021-02-14T08:24:11","modified_gmt":"2021-02-14T07:24:11","slug":"parabases-no-medio-da-peste","status":"publish","type":"post","link":"https:\/\/www.anovapeneira.gal\/index.php\/2020\/04\/08\/parabases-no-medio-da-peste\/","title":{"rendered":"Par\u00e1bases no medio da peste"},"content":{"rendered":"\n<figure class=\"wp-block-image size-large is-resized\"><img loading=\"lazy\" decoding=\"async\" src=\"http:\/\/www.anovapeneira.gal\/wp-content\/uploads\/2019\/07\/moncho_lareu_a_nova_peneira_bn.jpg\" alt=\"\" class=\"wp-image-751\" width=\"95\" height=\"111\"\/><figcaption>Moncho Lareu. Membro de Anova e do CC da FPG<\/figcaption><\/figure>\n\n\n\n<p>De madrugada e enchoupado en suor, Osebas Cotelo ergueuse do seu catre da cela 489\/C da Prisi\u00f3n B5 de Lumpengrei, sentou no m\u00ednimo escritorio, colleu papel e l\u00e1pis, tusiu con seca violencia e comezou a escribir nervioso:<\/p>\n\n\n\n<p>\u201ca. A divisi\u00f3n de clases propia dos estados capitalistas e oligarcas est\u00e1 ben simbolizada no distintos departamentos nos que se divide internamente un Boeing Jumbo, moi disitnto da intencionalidade que ti\u00f1a o Concorde, xa que no Boeing Jumbo as distintas clases van situadas non s\u00f3 unhas adiante outras atr\u00e1s, sen\u00f3n que tam\u00e9n arriba e abaixo, e as\u00ed a clase turista vai detr\u00e1s da primeria clase e a clase VIP por riba da primeira clase e xusto detr\u00e1s da cabina de mandos onde van os pilotos e oficiais\u201d.<\/p>\n\n\n\n<p>\u201cb. A versatilidade e dinamismo das fiestras de internet \u00e9 certamente esclarecedora e simb\u00f3lica da sociedade actual ao permitirnos abrir e pechar, maximizar e minimizar, e manter abertas ao mesmo tempo, e arrastrar dunha a outra fiestra ou copiar e pegar os distintos produtos ou as distintas visi\u00f3ns e arquivos e ofertas que o ecr\u00e1n pon diante dos nosos ollos famentos de curiosidade ou necesidade hedonista e ficcional, e irreal ,ou aparentemente ilusoria\u201d.<\/p>\n\n\n\n<p>\u201cc. A disposici\u00f3n das pistas do circo rachan de vez co concepto clasista que impuxo a disposici\u00f3n cl\u00e1sica dos teatros, sobretodo a partir do momento no que se colocan varias pistas \u00e1 vez elevando o concepto capitalista de produtividade e espect\u00e1culo pero privando, iso s\u00ed, ao p\u00fablico de disfrutar do espect\u00e1culo ao non poder atender a varias pistas \u00e1 vez: a do trapecista, ou a do domador, ou a dos pallasos, \u00e9 unha loucura produtiva para o decadente empresario circense, pero insoport\u00e1bel para o p\u00fablico\u201d.<\/p>\n\n\n\n<p>\u201cd. O mando da televisi\u00f3n dixital ofrece todo o contrario do que ofrec\u00edan as pistas circo, pois o que non quere o mando da televisi\u00f3n dixital \u00e9 que te perdas detalle alg\u00fan da s\u00faa oferta de espect\u00e1culo e do seu discurso ou do seu lavado e secado de cerebros, e \u00e9 por iso que a televisi\u00f3n dixital vive e medra, e o vello circo morre e agoniza, e non \u00e9 cuesti\u00f3n de antig\u00fcedade do concepto, \u00e9 cuesti\u00f3n de como e con que finalidade se ofrece o espect\u00e1culo e de como se ofrece o produto que se quere vender\u201d.<\/p>\n\n\n\n<p>\u201ce. O invasor sempre nos quere impor, dende a superioridade do seu p\u00falpito e de medios, que Galiza \u00e9 un pa\u00eds pobre que precisa de vivir de esmolas con axuda da metr\u00f3pole, este \u00e9 un pensamento que pretende aumentar a nosa dependencia pol\u00edtica e subalterna cando realmente temos unha terra moi rica en recuros materiais e humanos e o que realmente temos \u00e9 unha econom\u00eda empobrecida por causa da nosa estrutural dependencia colonial e da nosa ausencia total de soberan\u00eda\u201d.<\/p>\n\n\n\n<p>Tembloroso, Osebas volveu deitarse no seu catre da cela 489\/C da Prisi\u00f3n B5 de Lumpengrei, apagou a bombilla, tapouse coas mantas pardentas e segu\u00edu apretando os miolos pensando delirante na peste de dentro e na peste de f\u00f3ra.<\/p>\n","protected":false},"excerpt":{"rendered":"<div class=\"mh-excerpt\"><p>De madrugada e enchoupado en suor, Osebas Cotelo ergueuse do seu catre da cela 489\/C da Prisi\u00f3n B5 de Lumpengrei <a class=\"mh-excerpt-more\" href=\"https:\/\/www.anovapeneira.gal\/index.php\/2020\/04\/08\/parabases-no-medio-da-peste\/\" title=\"Par\u00e1bases no medio da peste\">[&#8230;]<\/a><\/p>\n<\/div>","protected":false},"author":20,"featured_media":913,"comment_status":"open","ping_status":"open","sticky":false,"template":"","format":"standard","meta":{"_exactmetrics_skip_tracking":false,"_exactmetrics_sitenote_active":false,"_exactmetrics_sitenote_note":"","_exactmetrics_sitenote_category":0,"footnotes":""},"categories":[7],"tags":[58],"class_list":{"0":"post-2890","1":"post","2":"type-post","3":"status-publish","4":"format-standard","5":"has-post-thumbnail","7":"category-artigos-de-opinion","8":"tag-opinion"},"yoast_head":"<!-- This site is optimized with the Yoast SEO plugin v27.4 - https:\/\/yoast.com\/product\/yoast-seo-wordpress\/ -->\n<title>Par\u00e1bases no medio da peste -<\/title>\n<meta name=\"robots\" content=\"index, follow, max-snippet:-1, max-image-preview:large, max-video-preview:-1\" \/>\n<link rel=\"canonical\" href=\"https:\/\/www.anovapeneira.gal\/index.php\/2020\/04\/08\/parabases-no-medio-da-peste\/\" \/>\n<meta property=\"og:locale\" content=\"gl_ES\" \/>\n<meta property=\"og:type\" content=\"article\" \/>\n<meta property=\"og:title\" content=\"Par\u00e1bases no medio da peste -\" \/>\n<meta property=\"og:description\" content=\"De madrugada e enchoupado en suor, Osebas Cotelo ergueuse do seu catre da cela 489\/C da Prisi\u00f3n B5 de Lumpengrei [...]\" \/>\n<meta property=\"og:url\" content=\"https:\/\/www.anovapeneira.gal\/index.php\/2020\/04\/08\/parabases-no-medio-da-peste\/\" \/>\n<meta property=\"article:publisher\" content=\"https:\/\/www.facebook.com\/anovapeneira\" \/>\n<meta property=\"article:published_time\" content=\"2020-04-08T08:00:08+00:00\" \/>\n<meta property=\"article:modified_time\" content=\"2021-02-14T07:24:11+00:00\" \/>\n<meta property=\"og:image\" content=\"https:\/\/www.anovapeneira.gal\/wp-content\/uploads\/2019\/08\/artigo_editorial_a_nova_peneira.jpg\" \/>\n\t<meta property=\"og:image:width\" content=\"720\" \/>\n\t<meta property=\"og:image:height\" content=\"473\" \/>\n\t<meta property=\"og:image:type\" content=\"image\/jpeg\" \/>\n<meta name=\"author\" content=\"Moncho Lareu\" \/>\n<meta name=\"twitter:card\" content=\"summary_large_image\" \/>\n<meta name=\"twitter:creator\" content=\"@APeneira\" \/>\n<meta name=\"twitter:site\" content=\"@APeneira\" \/>\n<meta name=\"twitter:label1\" content=\"Escrito por\" \/>\n\t<meta name=\"twitter:data1\" content=\"Moncho Lareu\" \/>\n\t<meta name=\"twitter:label2\" content=\"Tempo de lectura\" \/>\n\t<meta name=\"twitter:data2\" content=\"3 minutos\" \/>\n<script type=\"application\/ld+json\" class=\"yoast-schema-graph\">{\"@context\":\"https:\\\/\\\/schema.org\",\"@graph\":[{\"@type\":\"Article\",\"@id\":\"https:\\\/\\\/www.anovapeneira.gal\\\/index.php\\\/2020\\\/04\\\/08\\\/parabases-no-medio-da-peste\\\/#article\",\"isPartOf\":{\"@id\":\"https:\\\/\\\/www.anovapeneira.gal\\\/index.php\\\/2020\\\/04\\\/08\\\/parabases-no-medio-da-peste\\\/\"},\"author\":{\"name\":\"Moncho Lareu\",\"@id\":\"https:\\\/\\\/www.anovapeneira.gal\\\/#\\\/schema\\\/person\\\/3df7d3e1f38ddcee2ddb9d0bee1a0628\"},\"headline\":\"Par\u00e1bases no medio da peste\",\"datePublished\":\"2020-04-08T08:00:08+00:00\",\"dateModified\":\"2021-02-14T07:24:11+00:00\",\"mainEntityOfPage\":{\"@id\":\"https:\\\/\\\/www.anovapeneira.gal\\\/index.php\\\/2020\\\/04\\\/08\\\/parabases-no-medio-da-peste\\\/\"},\"wordCount\":534,\"commentCount\":0,\"publisher\":{\"@id\":\"https:\\\/\\\/www.anovapeneira.gal\\\/#organization\"},\"image\":{\"@id\":\"https:\\\/\\\/www.anovapeneira.gal\\\/index.php\\\/2020\\\/04\\\/08\\\/parabases-no-medio-da-peste\\\/#primaryimage\"},\"thumbnailUrl\":\"https:\\\/\\\/www.anovapeneira.gal\\\/wp-content\\\/uploads\\\/2019\\\/08\\\/artigo_editorial_a_nova_peneira.jpg\",\"keywords\":[\"Opini\u00f3n\"],\"articleSection\":[\"Artigos de opini\u00f3n\"],\"inLanguage\":\"gl-ES\",\"potentialAction\":[{\"@type\":\"CommentAction\",\"name\":\"Comment\",\"target\":[\"https:\\\/\\\/www.anovapeneira.gal\\\/index.php\\\/2020\\\/04\\\/08\\\/parabases-no-medio-da-peste\\\/#respond\"]}]},{\"@type\":\"WebPage\",\"@id\":\"https:\\\/\\\/www.anovapeneira.gal\\\/index.php\\\/2020\\\/04\\\/08\\\/parabases-no-medio-da-peste\\\/\",\"url\":\"https:\\\/\\\/www.anovapeneira.gal\\\/index.php\\\/2020\\\/04\\\/08\\\/parabases-no-medio-da-peste\\\/\",\"name\":\"Par\u00e1bases no medio da peste -\",\"isPartOf\":{\"@id\":\"https:\\\/\\\/www.anovapeneira.gal\\\/#website\"},\"primaryImageOfPage\":{\"@id\":\"https:\\\/\\\/www.anovapeneira.gal\\\/index.php\\\/2020\\\/04\\\/08\\\/parabases-no-medio-da-peste\\\/#primaryimage\"},\"image\":{\"@id\":\"https:\\\/\\\/www.anovapeneira.gal\\\/index.php\\\/2020\\\/04\\\/08\\\/parabases-no-medio-da-peste\\\/#primaryimage\"},\"thumbnailUrl\":\"https:\\\/\\\/www.anovapeneira.gal\\\/wp-content\\\/uploads\\\/2019\\\/08\\\/artigo_editorial_a_nova_peneira.jpg\",\"datePublished\":\"2020-04-08T08:00:08+00:00\",\"dateModified\":\"2021-02-14T07:24:11+00:00\",\"breadcrumb\":{\"@id\":\"https:\\\/\\\/www.anovapeneira.gal\\\/index.php\\\/2020\\\/04\\\/08\\\/parabases-no-medio-da-peste\\\/#breadcrumb\"},\"inLanguage\":\"gl-ES\",\"potentialAction\":[{\"@type\":\"ReadAction\",\"target\":[\"https:\\\/\\\/www.anovapeneira.gal\\\/index.php\\\/2020\\\/04\\\/08\\\/parabases-no-medio-da-peste\\\/\"]}]},{\"@type\":\"ImageObject\",\"inLanguage\":\"gl-ES\",\"@id\":\"https:\\\/\\\/www.anovapeneira.gal\\\/index.php\\\/2020\\\/04\\\/08\\\/parabases-no-medio-da-peste\\\/#primaryimage\",\"url\":\"https:\\\/\\\/www.anovapeneira.gal\\\/wp-content\\\/uploads\\\/2019\\\/08\\\/artigo_editorial_a_nova_peneira.jpg\",\"contentUrl\":\"https:\\\/\\\/www.anovapeneira.gal\\\/wp-content\\\/uploads\\\/2019\\\/08\\\/artigo_editorial_a_nova_peneira.jpg\",\"width\":720,\"height\":473,\"caption\":\"Artigo editorial Tino Lago A Nova Peneira\"},{\"@type\":\"BreadcrumbList\",\"@id\":\"https:\\\/\\\/www.anovapeneira.gal\\\/index.php\\\/2020\\\/04\\\/08\\\/parabases-no-medio-da-peste\\\/#breadcrumb\",\"itemListElement\":[{\"@type\":\"ListItem\",\"position\":1,\"name\":\"Portada\",\"item\":\"https:\\\/\\\/www.anovapeneira.gal\\\/\"},{\"@type\":\"ListItem\",\"position\":2,\"name\":\"Par\u00e1bases no medio da peste\"}]},{\"@type\":\"WebSite\",\"@id\":\"https:\\\/\\\/www.anovapeneira.gal\\\/#website\",\"url\":\"https:\\\/\\\/www.anovapeneira.gal\\\/\",\"name\":\"\",\"description\":\"Xornal galego de informaci\u00f3n xeral Publicaci\u00f3n mensual de novas de Galicia e en especial dos Concellos da sur da provincia de Pontevedra.\",\"publisher\":{\"@id\":\"https:\\\/\\\/www.anovapeneira.gal\\\/#organization\"},\"potentialAction\":[{\"@type\":\"SearchAction\",\"target\":{\"@type\":\"EntryPoint\",\"urlTemplate\":\"https:\\\/\\\/www.anovapeneira.gal\\\/?s={search_term_string}\"},\"query-input\":{\"@type\":\"PropertyValueSpecification\",\"valueRequired\":true,\"valueName\":\"search_term_string\"}}],\"inLanguage\":\"gl-ES\"},{\"@type\":\"Organization\",\"@id\":\"https:\\\/\\\/www.anovapeneira.gal\\\/#organization\",\"name\":\"A Nova Peneira\",\"url\":\"https:\\\/\\\/www.anovapeneira.gal\\\/\",\"logo\":{\"@type\":\"ImageObject\",\"inLanguage\":\"gl-ES\",\"@id\":\"https:\\\/\\\/www.anovapeneira.gal\\\/#\\\/schema\\\/logo\\\/image\\\/\",\"url\":\"http:\\\/\\\/www.anovapeneira.gal\\\/wp-content\\\/uploads\\\/2019\\\/06\\\/logo_a_nova_peneira_portal_web.png\",\"contentUrl\":\"http:\\\/\\\/www.anovapeneira.gal\\\/wp-content\\\/uploads\\\/2019\\\/06\\\/logo_a_nova_peneira_portal_web.png\",\"width\":300,\"height\":100,\"caption\":\"A Nova Peneira\"},\"image\":{\"@id\":\"https:\\\/\\\/www.anovapeneira.gal\\\/#\\\/schema\\\/logo\\\/image\\\/\"},\"sameAs\":[\"https:\\\/\\\/www.facebook.com\\\/anovapeneira\",\"https:\\\/\\\/x.com\\\/APeneira\"]},{\"@type\":\"Person\",\"@id\":\"https:\\\/\\\/www.anovapeneira.gal\\\/#\\\/schema\\\/person\\\/3df7d3e1f38ddcee2ddb9d0bee1a0628\",\"name\":\"Moncho Lareu\",\"image\":{\"@type\":\"ImageObject\",\"inLanguage\":\"gl-ES\",\"@id\":\"https:\\\/\\\/secure.gravatar.com\\\/avatar\\\/47b1711433a3b83d9747992d63c05708f734f76ad2d588ae93638a06737a5471?s=96&d=mm&r=g\",\"url\":\"https:\\\/\\\/secure.gravatar.com\\\/avatar\\\/47b1711433a3b83d9747992d63c05708f734f76ad2d588ae93638a06737a5471?s=96&d=mm&r=g\",\"contentUrl\":\"https:\\\/\\\/secure.gravatar.com\\\/avatar\\\/47b1711433a3b83d9747992d63c05708f734f76ad2d588ae93638a06737a5471?s=96&d=mm&r=g\",\"caption\":\"Moncho Lareu\"},\"sameAs\":[\"http:\\\/\\\/www.anovapeneira.gal\\\/\"],\"url\":\"https:\\\/\\\/www.anovapeneira.gal\\\/index.php\\\/author\\\/moncho-lareu\\\/\"}]}<\/script>\n<!-- \/ Yoast SEO plugin. -->","yoast_head_json":{"title":"Par\u00e1bases no medio da peste -","robots":{"index":"index","follow":"follow","max-snippet":"max-snippet:-1","max-image-preview":"max-image-preview:large","max-video-preview":"max-video-preview:-1"},"canonical":"https:\/\/www.anovapeneira.gal\/index.php\/2020\/04\/08\/parabases-no-medio-da-peste\/","og_locale":"gl_ES","og_type":"article","og_title":"Par\u00e1bases no medio da peste -","og_description":"De madrugada e enchoupado en suor, Osebas Cotelo ergueuse do seu catre da cela 489\/C da Prisi\u00f3n B5 de Lumpengrei [...]","og_url":"https:\/\/www.anovapeneira.gal\/index.php\/2020\/04\/08\/parabases-no-medio-da-peste\/","article_publisher":"https:\/\/www.facebook.com\/anovapeneira","article_published_time":"2020-04-08T08:00:08+00:00","article_modified_time":"2021-02-14T07:24:11+00:00","og_image":[{"width":720,"height":473,"url":"https:\/\/www.anovapeneira.gal\/wp-content\/uploads\/2019\/08\/artigo_editorial_a_nova_peneira.jpg","type":"image\/jpeg"}],"author":"Moncho Lareu","twitter_card":"summary_large_image","twitter_creator":"@APeneira","twitter_site":"@APeneira","twitter_misc":{"Escrito por":"Moncho Lareu","Tempo de lectura":"3 minutos"},"schema":{"@context":"https:\/\/schema.org","@graph":[{"@type":"Article","@id":"https:\/\/www.anovapeneira.gal\/index.php\/2020\/04\/08\/parabases-no-medio-da-peste\/#article","isPartOf":{"@id":"https:\/\/www.anovapeneira.gal\/index.php\/2020\/04\/08\/parabases-no-medio-da-peste\/"},"author":{"name":"Moncho Lareu","@id":"https:\/\/www.anovapeneira.gal\/#\/schema\/person\/3df7d3e1f38ddcee2ddb9d0bee1a0628"},"headline":"Par\u00e1bases no medio da peste","datePublished":"2020-04-08T08:00:08+00:00","dateModified":"2021-02-14T07:24:11+00:00","mainEntityOfPage":{"@id":"https:\/\/www.anovapeneira.gal\/index.php\/2020\/04\/08\/parabases-no-medio-da-peste\/"},"wordCount":534,"commentCount":0,"publisher":{"@id":"https:\/\/www.anovapeneira.gal\/#organization"},"image":{"@id":"https:\/\/www.anovapeneira.gal\/index.php\/2020\/04\/08\/parabases-no-medio-da-peste\/#primaryimage"},"thumbnailUrl":"https:\/\/www.anovapeneira.gal\/wp-content\/uploads\/2019\/08\/artigo_editorial_a_nova_peneira.jpg","keywords":["Opini\u00f3n"],"articleSection":["Artigos de opini\u00f3n"],"inLanguage":"gl-ES","potentialAction":[{"@type":"CommentAction","name":"Comment","target":["https:\/\/www.anovapeneira.gal\/index.php\/2020\/04\/08\/parabases-no-medio-da-peste\/#respond"]}]},{"@type":"WebPage","@id":"https:\/\/www.anovapeneira.gal\/index.php\/2020\/04\/08\/parabases-no-medio-da-peste\/","url":"https:\/\/www.anovapeneira.gal\/index.php\/2020\/04\/08\/parabases-no-medio-da-peste\/","name":"Par\u00e1bases no medio da peste -","isPartOf":{"@id":"https:\/\/www.anovapeneira.gal\/#website"},"primaryImageOfPage":{"@id":"https:\/\/www.anovapeneira.gal\/index.php\/2020\/04\/08\/parabases-no-medio-da-peste\/#primaryimage"},"image":{"@id":"https:\/\/www.anovapeneira.gal\/index.php\/2020\/04\/08\/parabases-no-medio-da-peste\/#primaryimage"},"thumbnailUrl":"https:\/\/www.anovapeneira.gal\/wp-content\/uploads\/2019\/08\/artigo_editorial_a_nova_peneira.jpg","datePublished":"2020-04-08T08:00:08+00:00","dateModified":"2021-02-14T07:24:11+00:00","breadcrumb":{"@id":"https:\/\/www.anovapeneira.gal\/index.php\/2020\/04\/08\/parabases-no-medio-da-peste\/#breadcrumb"},"inLanguage":"gl-ES","potentialAction":[{"@type":"ReadAction","target":["https:\/\/www.anovapeneira.gal\/index.php\/2020\/04\/08\/parabases-no-medio-da-peste\/"]}]},{"@type":"ImageObject","inLanguage":"gl-ES","@id":"https:\/\/www.anovapeneira.gal\/index.php\/2020\/04\/08\/parabases-no-medio-da-peste\/#primaryimage","url":"https:\/\/www.anovapeneira.gal\/wp-content\/uploads\/2019\/08\/artigo_editorial_a_nova_peneira.jpg","contentUrl":"https:\/\/www.anovapeneira.gal\/wp-content\/uploads\/2019\/08\/artigo_editorial_a_nova_peneira.jpg","width":720,"height":473,"caption":"Artigo editorial Tino Lago A Nova Peneira"},{"@type":"BreadcrumbList","@id":"https:\/\/www.anovapeneira.gal\/index.php\/2020\/04\/08\/parabases-no-medio-da-peste\/#breadcrumb","itemListElement":[{"@type":"ListItem","position":1,"name":"Portada","item":"https:\/\/www.anovapeneira.gal\/"},{"@type":"ListItem","position":2,"name":"Par\u00e1bases no medio da peste"}]},{"@type":"WebSite","@id":"https:\/\/www.anovapeneira.gal\/#website","url":"https:\/\/www.anovapeneira.gal\/","name":"","description":"Xornal galego de informaci\u00f3n xeral Publicaci\u00f3n mensual de novas de Galicia e en especial dos Concellos da sur da provincia de Pontevedra.","publisher":{"@id":"https:\/\/www.anovapeneira.gal\/#organization"},"potentialAction":[{"@type":"SearchAction","target":{"@type":"EntryPoint","urlTemplate":"https:\/\/www.anovapeneira.gal\/?s={search_term_string}"},"query-input":{"@type":"PropertyValueSpecification","valueRequired":true,"valueName":"search_term_string"}}],"inLanguage":"gl-ES"},{"@type":"Organization","@id":"https:\/\/www.anovapeneira.gal\/#organization","name":"A Nova Peneira","url":"https:\/\/www.anovapeneira.gal\/","logo":{"@type":"ImageObject","inLanguage":"gl-ES","@id":"https:\/\/www.anovapeneira.gal\/#\/schema\/logo\/image\/","url":"http:\/\/www.anovapeneira.gal\/wp-content\/uploads\/2019\/06\/logo_a_nova_peneira_portal_web.png","contentUrl":"http:\/\/www.anovapeneira.gal\/wp-content\/uploads\/2019\/06\/logo_a_nova_peneira_portal_web.png","width":300,"height":100,"caption":"A Nova Peneira"},"image":{"@id":"https:\/\/www.anovapeneira.gal\/#\/schema\/logo\/image\/"},"sameAs":["https:\/\/www.facebook.com\/anovapeneira","https:\/\/x.com\/APeneira"]},{"@type":"Person","@id":"https:\/\/www.anovapeneira.gal\/#\/schema\/person\/3df7d3e1f38ddcee2ddb9d0bee1a0628","name":"Moncho Lareu","image":{"@type":"ImageObject","inLanguage":"gl-ES","@id":"https:\/\/secure.gravatar.com\/avatar\/47b1711433a3b83d9747992d63c05708f734f76ad2d588ae93638a06737a5471?s=96&d=mm&r=g","url":"https:\/\/secure.gravatar.com\/avatar\/47b1711433a3b83d9747992d63c05708f734f76ad2d588ae93638a06737a5471?s=96&d=mm&r=g","contentUrl":"https:\/\/secure.gravatar.com\/avatar\/47b1711433a3b83d9747992d63c05708f734f76ad2d588ae93638a06737a5471?s=96&d=mm&r=g","caption":"Moncho Lareu"},"sameAs":["http:\/\/www.anovapeneira.gal\/"],"url":"https:\/\/www.anovapeneira.gal\/index.php\/author\/moncho-lareu\/"}]}},"jetpack_featured_media_url":"https:\/\/www.anovapeneira.gal\/wp-content\/uploads\/2019\/08\/artigo_editorial_a_nova_peneira.jpg","_links":{"self":[{"href":"https:\/\/www.anovapeneira.gal\/index.php\/wp-json\/wp\/v2\/posts\/2890","targetHints":{"allow":["GET"]}}],"collection":[{"href":"https:\/\/www.anovapeneira.gal\/index.php\/wp-json\/wp\/v2\/posts"}],"about":[{"href":"https:\/\/www.anovapeneira.gal\/index.php\/wp-json\/wp\/v2\/types\/post"}],"author":[{"embeddable":true,"href":"https:\/\/www.anovapeneira.gal\/index.php\/wp-json\/wp\/v2\/users\/20"}],"replies":[{"embeddable":true,"href":"https:\/\/www.anovapeneira.gal\/index.php\/wp-json\/wp\/v2\/comments?post=2890"}],"version-history":[{"count":2,"href":"https:\/\/www.anovapeneira.gal\/index.php\/wp-json\/wp\/v2\/posts\/2890\/revisions"}],"predecessor-version":[{"id":4852,"href":"https:\/\/www.anovapeneira.gal\/index.php\/wp-json\/wp\/v2\/posts\/2890\/revisions\/4852"}],"wp:featuredmedia":[{"embeddable":true,"href":"https:\/\/www.anovapeneira.gal\/index.php\/wp-json\/wp\/v2\/media\/913"}],"wp:attachment":[{"href":"https:\/\/www.anovapeneira.gal\/index.php\/wp-json\/wp\/v2\/media?parent=2890"}],"wp:term":[{"taxonomy":"category","embeddable":true,"href":"https:\/\/www.anovapeneira.gal\/index.php\/wp-json\/wp\/v2\/categories?post=2890"},{"taxonomy":"post_tag","embeddable":true,"href":"https:\/\/www.anovapeneira.gal\/index.php\/wp-json\/wp\/v2\/tags?post=2890"}],"curies":[{"name":"wp","href":"https:\/\/api.w.org\/{rel}","templated":true}]}}