{"id":2892,"date":"2020-04-08T12:00:49","date_gmt":"2020-04-08T10:00:49","guid":{"rendered":"http:\/\/www.anovapeneira.gal\/?p=2892"},"modified":"2020-04-06T09:35:20","modified_gmt":"2020-04-06T07:35:20","slug":"as-peportaxes-de-g-figueiredo-xxviii-o-asasinato-de-carlos-reino-caamano","status":"publish","type":"post","link":"https:\/\/www.anovapeneira.gal\/index.php\/2020\/04\/08\/as-peportaxes-de-g-figueiredo-xxviii-o-asasinato-de-carlos-reino-caamano\/","title":{"rendered":"As peportaxes de G.Figueiredo XXVIII: \u201cO Asasinato de Carlos Reino Caama\u00f1o\u201d"},"content":{"rendered":"\n<h3 class=\"wp-block-heading\">Hoxe imos falar e homenaxear a Carlos Reino Caama\u00f1o, m\u00e9dico da beneficencia de Ver\u00edn e o \u00faltimo alcalde republicano da vila, irm\u00e1n pequeno do avogado e pol\u00edtico das cortes espa\u00f1olas na Segunda Rep\u00fablica Jos\u00e9 Reino Caama\u00f1o. Un home valente, defensor da democracia e dos dereitos das persoas, apresado e fusilado polos falanxistas no ano 1937.<\/h3>\n\n\n\n<p>Carlos Reino Caama\u00f1o naceu na Coru\u00f1a en 1889 e morreu en Ourense en 1937 cando contaba con 47 anos.<\/p>\n\n\n\n<p>Carlos estudiou medicina e licenciouse en Santiago en 1923. Exerceu como m\u00e9dico titular e Inspector Municipal de Sanidade en Cartelle e Celanova, Ourense, e en Poio, Pontevedra. A \u00faltima parte da s\u00faa vida xa exerceu na zona da comarca de Monterrey. Primeiro en Oimbra e desde 1934 foi nomeado m\u00e9dico da Beneficencia municipal de Ver\u00edn.<\/p>\n\n\n\n<p>Caama\u00f1o estaba casado e tivo cinco fillos, era membro de Esquerda Republicana e nas elecci\u00f3ns de febreiro de 1936 liderou o grupo de Esquerda Republicana, na lista da Fronte Popular, obtendo a alcald\u00eda de Ver\u00edn. Segundo investigadores, \u00e9 m\u00e1is que probable a intervenci\u00f3n do l\u00edder da Fronte Popular, Fructuoso Manrique, para \u201cenrolar\u201d ao m\u00e9dico Reino Caama\u00f1o nas s\u00faas filas pol\u00edticas e tratar de contrarrestar a forza que fac\u00edan os dous poderosos pol\u00edticos da dereita da zona: Lu\u00eds Espada e o seu disc\u00edpulo, Laureano Pel\u00e1ez. Caama\u00f1o foi elixido o alcalde de Ver\u00edn pola Fronte Popular a\u00ednda que pouco estivo no seu cargo, o 18 de xullo de 1936 estala a Guerra Civil espa\u00f1ola propiciada por Franco e os falanxista e aos pol\u00edticos republicanos asedi\u00e1ronos e persegu\u00edronos ata apresalos ou asasinalos, convert\u00e9ndose as\u00ed Caama\u00f1o no \u00faltimo alcalde republicano de Ver\u00edn.<\/p>\n\n\n\n<p>Segundo contan veci\u00f1os do lugar, o d\u00eda 20 de Xullo de 1936, ante as noticias da sublevaci\u00f3n do Ex\u00e9rcito, parte da Corporaci\u00f3n do Concello de Ver\u00edn, co seu Alcalde \u00e1 cabeza, as\u00ed como diversos traballadores, industriais e veci\u00f1os da vila constitu\u00edron unha milicia popular para a defensa da rep\u00fablica no Concello, co obxecto de impedir o \u00e9xito do golpe de estado neste concello e comarca e para protexer a persoas e bens, de todo tipo de ideolox\u00edas, dos feitos incontrolados que poder\u00edan derivar da rebeli\u00f3n militar; xusto o contrario do que aconteceu, a partir do 22 de Xullo de 1936, data na que o Ex\u00e9rcito tomou o poderen Ver\u00edn apresando aos milicianos que o defend\u00edan.<\/p>\n\n\n\n<p>Esta corporaci\u00f3n republicana estaba formada por cinco valentes que eran alcalde e tenente de alcalde de Ver\u00edn, o editor do xornal \u201c El Nuevo T\u00e1mega de Ver\u00edn\u201d, e dous ed\u00eds do concello:<\/p>\n\n\n\n<ul class=\"wp-block-list\"><li>Carlos Reino Caamanho, alcalde e m\u00e9dico da Beneficencia da vila de 47 anos.<\/li><li>Juan Antonio \u00c1lvarez Di\u00e9guez, tenente de alcalde de 33 anos. Natural e veci\u00f1o de Ver\u00edn.<\/li><li>Ernesto Ramos M\u00e9ndez, alcumado o &#8220;Caravel&#8221;, concelleiro de 39 anos e carpinteiro de profesi\u00f3n. Natural e veci\u00f1o de Ver\u00edn.<\/li><li>Lino Garc\u00eda V\u00e1zquez, de 70 anos. Natural e veci\u00f1o de Ver\u00edn. Industrial, editor do xornal \u201cEl Nuevo T\u00e1mega de Ver\u00edn\u201d e Presidente do Sindicato de Oficios Varios de Ver\u00edn.&nbsp;<\/li><li>Sixto Salgado Farinhas de 29 anos, carpinteiro. Natural e veci\u00f1o de Ver\u00edn, de Pazos.<\/li><\/ul>\n\n\n\n<p>Os que a\u00ednda puideron dar testemu\u00f1a do acontecido na vila naqueles d\u00edas contaron a nobre actuaci\u00f3n do seu alcalde, nas primeiras horas do golpe, protexendo aos Irm\u00e1ns do Colexio de La Salle de Ver\u00edn fronte a persoas armadas que trataban de agredirlles como represalia pola rebeli\u00f3n dos militares e falanxistas, e nun momento no que a vila capital da comarca de Monterrei non fora a\u00ednda tomada polos sublevados golpistas. Ao d\u00eda seguinte \u00e9 detido polos corpos de carabineiros e Garda Civil da zona xunto cos outros milicianos. Despois de estar presos case un ano, foron sometidos a un Consello de Guerra e condenados \u00e1 morte. Os cinco foron fusilado en Ourense na amencida do d\u00eda 17 de xu\u00f1o de 1937.<\/p>\n\n\n\n<p>Todos os bens de Carlos como mobles, libros, material cl\u00ednico-cir\u00farxico e unha \u201cfoto pequena de Cajal\u201d foron requisados en xaneiro de 1937 por orde do Xulgado Militar de Ourense deixando \u00e1 s\u00faa familia nunha situaci\u00f3n de ru\u00edna econ\u00f3mica. Todos os bens do m\u00e9dico foron poxados nos primeiros anos corenta, a\u00ednda que a familia preiteou para recuperalos, conseguindo que lles devolveran parte deles en 1944.<\/p>\n\n\n\n<p>O m\u00e9dico Reino Caama\u00f1o era o irm\u00e1n pequeno de Jos\u00e9 Reino Caama\u00f1o, deputado do Partido Republicano Conservador na Segunda Rep\u00fablica. Ambos moi ligados \u00e1s poderosas e ilustres familias Caama\u00f1o e Fabeiro, da vila de Negreira e do Pazo de Cot\u00f3n. Jos\u00e9 Reino Caama\u00f1o nado en 1882 e finado en 1964 tivo unha moi soada actuaci\u00f3n no consello de guerra celebrado en Santiago o 19 de novembro de 1936 contra os doce membros do comit\u00e9 de folga revolucionaria da Fronte Popular de Santiago, aos que defendeu con valent\u00eda. Foi multado pola s\u00faa actuaci\u00f3n e tivo que estar escondido durante alg\u00fan tempo.<\/p>\n\n\n\n<p>Este cinco homes foron homenaxeados na s\u00faa vila natal e, puxeron un mon\u00f3lito, un Lugar de Memoria, que lembra en Ver\u00edn aos fusilados o 17 de xu\u00f1o de 1937.<\/p>\n\n\n\n<p><em>Outras cinco familias m\u00e1is nesgadas pola barbarie franquista, cinco persoas asasinadas por defender os dereitos duns veci\u00f1os e dun concello capitaneado por un republicano elixido democraticamente nas urnas.<\/em><\/p>\n","protected":false},"excerpt":{"rendered":"<div class=\"mh-excerpt\"><p>Hoxe imos falar e homenaxear a Carlos Reino Caama\u00f1o, m\u00e9dico da beneficencia de Ver\u00edn e o \u00faltimo alcalde republicano da vila <a class=\"mh-excerpt-more\" href=\"https:\/\/www.anovapeneira.gal\/index.php\/2020\/04\/08\/as-peportaxes-de-g-figueiredo-xxviii-o-asasinato-de-carlos-reino-caamano\/\" title=\"As peportaxes de G.Figueiredo XXVIII: \u201cO Asasinato de Carlos Reino Caama\u00f1o\u201d\">[&#8230;]<\/a><\/p>\n<\/div>","protected":false},"author":17,"featured_media":2893,"comment_status":"open","ping_status":"open","sticky":false,"template":"","format":"standard","meta":{"_exactmetrics_skip_tracking":false,"_exactmetrics_sitenote_active":false,"_exactmetrics_sitenote_note":"","_exactmetrics_sitenote_category":0,"footnotes":""},"categories":[589],"tags":[1023,448],"class_list":{"0":"post-2892","1":"post","2":"type-post","3":"status-publish","4":"format-standard","5":"has-post-thumbnail","7":"category-reportaxe_galicia","8":"tag-carlos-reino-caamano","9":"tag-memoria-historica"},"yoast_head":"<!-- This site is optimized with the Yoast SEO plugin v27.4 - https:\/\/yoast.com\/product\/yoast-seo-wordpress\/ -->\n<title>As peportaxes de G.Figueiredo XXVIII: \u201cO Asasinato de Carlos Reino Caama\u00f1o\u201d -<\/title>\n<meta name=\"robots\" content=\"index, follow, max-snippet:-1, max-image-preview:large, max-video-preview:-1\" \/>\n<link rel=\"canonical\" href=\"https:\/\/www.anovapeneira.gal\/index.php\/2020\/04\/08\/as-peportaxes-de-g-figueiredo-xxviii-o-asasinato-de-carlos-reino-caamano\/\" \/>\n<meta property=\"og:locale\" content=\"gl_ES\" \/>\n<meta property=\"og:type\" content=\"article\" \/>\n<meta property=\"og:title\" content=\"As peportaxes de G.Figueiredo XXVIII: \u201cO Asasinato de Carlos Reino Caama\u00f1o\u201d -\" \/>\n<meta property=\"og:description\" content=\"Hoxe imos falar e homenaxear a Carlos Reino Caama\u00f1o, m\u00e9dico da beneficencia de Ver\u00edn e o \u00faltimo alcalde republicano da vila [...]\" \/>\n<meta property=\"og:url\" content=\"https:\/\/www.anovapeneira.gal\/index.php\/2020\/04\/08\/as-peportaxes-de-g-figueiredo-xxviii-o-asasinato-de-carlos-reino-caamano\/\" \/>\n<meta property=\"article:publisher\" content=\"https:\/\/www.facebook.com\/anovapeneira\" \/>\n<meta property=\"article:published_time\" content=\"2020-04-08T10:00:49+00:00\" \/>\n<meta property=\"og:image\" content=\"https:\/\/www.anovapeneira.gal\/wp-content\/uploads\/2020\/04\/memoria_historics_a_nova_peneira.jpg\" \/>\n\t<meta property=\"og:image:width\" content=\"720\" \/>\n\t<meta property=\"og:image:height\" content=\"432\" \/>\n\t<meta property=\"og:image:type\" content=\"image\/jpeg\" \/>\n<meta name=\"author\" content=\"G. Figueiredo\" \/>\n<meta name=\"twitter:card\" content=\"summary_large_image\" \/>\n<meta name=\"twitter:creator\" content=\"@APeneira\" \/>\n<meta name=\"twitter:site\" content=\"@APeneira\" \/>\n<meta name=\"twitter:label1\" content=\"Escrito por\" \/>\n\t<meta name=\"twitter:data1\" content=\"G. Figueiredo\" \/>\n\t<meta name=\"twitter:label2\" content=\"Tempo de lectura\" \/>\n\t<meta name=\"twitter:data2\" content=\"5 minutos\" \/>\n<script type=\"application\/ld+json\" class=\"yoast-schema-graph\">{\"@context\":\"https:\\\/\\\/schema.org\",\"@graph\":[{\"@type\":\"Article\",\"@id\":\"https:\\\/\\\/www.anovapeneira.gal\\\/index.php\\\/2020\\\/04\\\/08\\\/as-peportaxes-de-g-figueiredo-xxviii-o-asasinato-de-carlos-reino-caamano\\\/#article\",\"isPartOf\":{\"@id\":\"https:\\\/\\\/www.anovapeneira.gal\\\/index.php\\\/2020\\\/04\\\/08\\\/as-peportaxes-de-g-figueiredo-xxviii-o-asasinato-de-carlos-reino-caamano\\\/\"},\"author\":{\"name\":\"G. Figueiredo\",\"@id\":\"https:\\\/\\\/www.anovapeneira.gal\\\/#\\\/schema\\\/person\\\/42f904d7cac80cf3f5a31494dd82a9b6\"},\"headline\":\"As peportaxes de G.Figueiredo XXVIII: \u201cO Asasinato de Carlos Reino Caama\u00f1o\u201d\",\"datePublished\":\"2020-04-08T10:00:49+00:00\",\"mainEntityOfPage\":{\"@id\":\"https:\\\/\\\/www.anovapeneira.gal\\\/index.php\\\/2020\\\/04\\\/08\\\/as-peportaxes-de-g-figueiredo-xxviii-o-asasinato-de-carlos-reino-caamano\\\/\"},\"wordCount\":940,\"commentCount\":0,\"publisher\":{\"@id\":\"https:\\\/\\\/www.anovapeneira.gal\\\/#organization\"},\"image\":{\"@id\":\"https:\\\/\\\/www.anovapeneira.gal\\\/index.php\\\/2020\\\/04\\\/08\\\/as-peportaxes-de-g-figueiredo-xxviii-o-asasinato-de-carlos-reino-caamano\\\/#primaryimage\"},\"thumbnailUrl\":\"https:\\\/\\\/www.anovapeneira.gal\\\/wp-content\\\/uploads\\\/2020\\\/04\\\/memoria_historics_a_nova_peneira.jpg\",\"keywords\":[\"Carlos Reino Caama\u00f1o\",\"Memoria hist\u00f3rica\"],\"articleSection\":[\"Reportaxes\"],\"inLanguage\":\"gl-ES\",\"potentialAction\":[{\"@type\":\"CommentAction\",\"name\":\"Comment\",\"target\":[\"https:\\\/\\\/www.anovapeneira.gal\\\/index.php\\\/2020\\\/04\\\/08\\\/as-peportaxes-de-g-figueiredo-xxviii-o-asasinato-de-carlos-reino-caamano\\\/#respond\"]}]},{\"@type\":\"WebPage\",\"@id\":\"https:\\\/\\\/www.anovapeneira.gal\\\/index.php\\\/2020\\\/04\\\/08\\\/as-peportaxes-de-g-figueiredo-xxviii-o-asasinato-de-carlos-reino-caamano\\\/\",\"url\":\"https:\\\/\\\/www.anovapeneira.gal\\\/index.php\\\/2020\\\/04\\\/08\\\/as-peportaxes-de-g-figueiredo-xxviii-o-asasinato-de-carlos-reino-caamano\\\/\",\"name\":\"As peportaxes de G.Figueiredo XXVIII: \u201cO Asasinato de Carlos Reino Caama\u00f1o\u201d -\",\"isPartOf\":{\"@id\":\"https:\\\/\\\/www.anovapeneira.gal\\\/#website\"},\"primaryImageOfPage\":{\"@id\":\"https:\\\/\\\/www.anovapeneira.gal\\\/index.php\\\/2020\\\/04\\\/08\\\/as-peportaxes-de-g-figueiredo-xxviii-o-asasinato-de-carlos-reino-caamano\\\/#primaryimage\"},\"image\":{\"@id\":\"https:\\\/\\\/www.anovapeneira.gal\\\/index.php\\\/2020\\\/04\\\/08\\\/as-peportaxes-de-g-figueiredo-xxviii-o-asasinato-de-carlos-reino-caamano\\\/#primaryimage\"},\"thumbnailUrl\":\"https:\\\/\\\/www.anovapeneira.gal\\\/wp-content\\\/uploads\\\/2020\\\/04\\\/memoria_historics_a_nova_peneira.jpg\",\"datePublished\":\"2020-04-08T10:00:49+00:00\",\"breadcrumb\":{\"@id\":\"https:\\\/\\\/www.anovapeneira.gal\\\/index.php\\\/2020\\\/04\\\/08\\\/as-peportaxes-de-g-figueiredo-xxviii-o-asasinato-de-carlos-reino-caamano\\\/#breadcrumb\"},\"inLanguage\":\"gl-ES\",\"potentialAction\":[{\"@type\":\"ReadAction\",\"target\":[\"https:\\\/\\\/www.anovapeneira.gal\\\/index.php\\\/2020\\\/04\\\/08\\\/as-peportaxes-de-g-figueiredo-xxviii-o-asasinato-de-carlos-reino-caamano\\\/\"]}]},{\"@type\":\"ImageObject\",\"inLanguage\":\"gl-ES\",\"@id\":\"https:\\\/\\\/www.anovapeneira.gal\\\/index.php\\\/2020\\\/04\\\/08\\\/as-peportaxes-de-g-figueiredo-xxviii-o-asasinato-de-carlos-reino-caamano\\\/#primaryimage\",\"url\":\"https:\\\/\\\/www.anovapeneira.gal\\\/wp-content\\\/uploads\\\/2020\\\/04\\\/memoria_historics_a_nova_peneira.jpg\",\"contentUrl\":\"https:\\\/\\\/www.anovapeneira.gal\\\/wp-content\\\/uploads\\\/2020\\\/04\\\/memoria_historics_a_nova_peneira.jpg\",\"width\":720,\"height\":432,\"caption\":\"Memoria hist\u00f3rica A Nova Peneira\"},{\"@type\":\"BreadcrumbList\",\"@id\":\"https:\\\/\\\/www.anovapeneira.gal\\\/index.php\\\/2020\\\/04\\\/08\\\/as-peportaxes-de-g-figueiredo-xxviii-o-asasinato-de-carlos-reino-caamano\\\/#breadcrumb\",\"itemListElement\":[{\"@type\":\"ListItem\",\"position\":1,\"name\":\"Portada\",\"item\":\"https:\\\/\\\/www.anovapeneira.gal\\\/\"},{\"@type\":\"ListItem\",\"position\":2,\"name\":\"As peportaxes de G.Figueiredo XXVIII: \u201cO Asasinato de Carlos Reino Caama\u00f1o\u201d\"}]},{\"@type\":\"WebSite\",\"@id\":\"https:\\\/\\\/www.anovapeneira.gal\\\/#website\",\"url\":\"https:\\\/\\\/www.anovapeneira.gal\\\/\",\"name\":\"\",\"description\":\"Xornal galego de informaci\u00f3n xeral Publicaci\u00f3n mensual de novas de Galicia e en especial dos Concellos da sur da provincia de Pontevedra.\",\"publisher\":{\"@id\":\"https:\\\/\\\/www.anovapeneira.gal\\\/#organization\"},\"potentialAction\":[{\"@type\":\"SearchAction\",\"target\":{\"@type\":\"EntryPoint\",\"urlTemplate\":\"https:\\\/\\\/www.anovapeneira.gal\\\/?s={search_term_string}\"},\"query-input\":{\"@type\":\"PropertyValueSpecification\",\"valueRequired\":true,\"valueName\":\"search_term_string\"}}],\"inLanguage\":\"gl-ES\"},{\"@type\":\"Organization\",\"@id\":\"https:\\\/\\\/www.anovapeneira.gal\\\/#organization\",\"name\":\"A Nova Peneira\",\"url\":\"https:\\\/\\\/www.anovapeneira.gal\\\/\",\"logo\":{\"@type\":\"ImageObject\",\"inLanguage\":\"gl-ES\",\"@id\":\"https:\\\/\\\/www.anovapeneira.gal\\\/#\\\/schema\\\/logo\\\/image\\\/\",\"url\":\"http:\\\/\\\/www.anovapeneira.gal\\\/wp-content\\\/uploads\\\/2019\\\/06\\\/logo_a_nova_peneira_portal_web.png\",\"contentUrl\":\"http:\\\/\\\/www.anovapeneira.gal\\\/wp-content\\\/uploads\\\/2019\\\/06\\\/logo_a_nova_peneira_portal_web.png\",\"width\":300,\"height\":100,\"caption\":\"A Nova Peneira\"},\"image\":{\"@id\":\"https:\\\/\\\/www.anovapeneira.gal\\\/#\\\/schema\\\/logo\\\/image\\\/\"},\"sameAs\":[\"https:\\\/\\\/www.facebook.com\\\/anovapeneira\",\"https:\\\/\\\/x.com\\\/APeneira\"]},{\"@type\":\"Person\",\"@id\":\"https:\\\/\\\/www.anovapeneira.gal\\\/#\\\/schema\\\/person\\\/42f904d7cac80cf3f5a31494dd82a9b6\",\"name\":\"G. Figueiredo\",\"image\":{\"@type\":\"ImageObject\",\"inLanguage\":\"gl-ES\",\"@id\":\"https:\\\/\\\/secure.gravatar.com\\\/avatar\\\/2d970086688458e0398ef8b84f5cbb8cc1ec3ab115aeb8435135a9f556af97b3?s=96&d=mm&r=g\",\"url\":\"https:\\\/\\\/secure.gravatar.com\\\/avatar\\\/2d970086688458e0398ef8b84f5cbb8cc1ec3ab115aeb8435135a9f556af97b3?s=96&d=mm&r=g\",\"contentUrl\":\"https:\\\/\\\/secure.gravatar.com\\\/avatar\\\/2d970086688458e0398ef8b84f5cbb8cc1ec3ab115aeb8435135a9f556af97b3?s=96&d=mm&r=g\",\"caption\":\"G. Figueiredo\"},\"sameAs\":[\"http:\\\/\\\/www.anovapeneira.gal\\\/\"],\"url\":\"https:\\\/\\\/www.anovapeneira.gal\\\/index.php\\\/author\\\/g-figueiredo\\\/\"}]}<\/script>\n<!-- \/ Yoast SEO plugin. -->","yoast_head_json":{"title":"As peportaxes de G.Figueiredo XXVIII: \u201cO Asasinato de Carlos Reino Caama\u00f1o\u201d -","robots":{"index":"index","follow":"follow","max-snippet":"max-snippet:-1","max-image-preview":"max-image-preview:large","max-video-preview":"max-video-preview:-1"},"canonical":"https:\/\/www.anovapeneira.gal\/index.php\/2020\/04\/08\/as-peportaxes-de-g-figueiredo-xxviii-o-asasinato-de-carlos-reino-caamano\/","og_locale":"gl_ES","og_type":"article","og_title":"As peportaxes de G.Figueiredo XXVIII: \u201cO Asasinato de Carlos Reino Caama\u00f1o\u201d -","og_description":"Hoxe imos falar e homenaxear a Carlos Reino Caama\u00f1o, m\u00e9dico da beneficencia de Ver\u00edn e o \u00faltimo alcalde republicano da vila [...]","og_url":"https:\/\/www.anovapeneira.gal\/index.php\/2020\/04\/08\/as-peportaxes-de-g-figueiredo-xxviii-o-asasinato-de-carlos-reino-caamano\/","article_publisher":"https:\/\/www.facebook.com\/anovapeneira","article_published_time":"2020-04-08T10:00:49+00:00","og_image":[{"width":720,"height":432,"url":"https:\/\/www.anovapeneira.gal\/wp-content\/uploads\/2020\/04\/memoria_historics_a_nova_peneira.jpg","type":"image\/jpeg"}],"author":"G. Figueiredo","twitter_card":"summary_large_image","twitter_creator":"@APeneira","twitter_site":"@APeneira","twitter_misc":{"Escrito por":"G. Figueiredo","Tempo de lectura":"5 minutos"},"schema":{"@context":"https:\/\/schema.org","@graph":[{"@type":"Article","@id":"https:\/\/www.anovapeneira.gal\/index.php\/2020\/04\/08\/as-peportaxes-de-g-figueiredo-xxviii-o-asasinato-de-carlos-reino-caamano\/#article","isPartOf":{"@id":"https:\/\/www.anovapeneira.gal\/index.php\/2020\/04\/08\/as-peportaxes-de-g-figueiredo-xxviii-o-asasinato-de-carlos-reino-caamano\/"},"author":{"name":"G. Figueiredo","@id":"https:\/\/www.anovapeneira.gal\/#\/schema\/person\/42f904d7cac80cf3f5a31494dd82a9b6"},"headline":"As peportaxes de G.Figueiredo XXVIII: \u201cO Asasinato de Carlos Reino Caama\u00f1o\u201d","datePublished":"2020-04-08T10:00:49+00:00","mainEntityOfPage":{"@id":"https:\/\/www.anovapeneira.gal\/index.php\/2020\/04\/08\/as-peportaxes-de-g-figueiredo-xxviii-o-asasinato-de-carlos-reino-caamano\/"},"wordCount":940,"commentCount":0,"publisher":{"@id":"https:\/\/www.anovapeneira.gal\/#organization"},"image":{"@id":"https:\/\/www.anovapeneira.gal\/index.php\/2020\/04\/08\/as-peportaxes-de-g-figueiredo-xxviii-o-asasinato-de-carlos-reino-caamano\/#primaryimage"},"thumbnailUrl":"https:\/\/www.anovapeneira.gal\/wp-content\/uploads\/2020\/04\/memoria_historics_a_nova_peneira.jpg","keywords":["Carlos Reino Caama\u00f1o","Memoria hist\u00f3rica"],"articleSection":["Reportaxes"],"inLanguage":"gl-ES","potentialAction":[{"@type":"CommentAction","name":"Comment","target":["https:\/\/www.anovapeneira.gal\/index.php\/2020\/04\/08\/as-peportaxes-de-g-figueiredo-xxviii-o-asasinato-de-carlos-reino-caamano\/#respond"]}]},{"@type":"WebPage","@id":"https:\/\/www.anovapeneira.gal\/index.php\/2020\/04\/08\/as-peportaxes-de-g-figueiredo-xxviii-o-asasinato-de-carlos-reino-caamano\/","url":"https:\/\/www.anovapeneira.gal\/index.php\/2020\/04\/08\/as-peportaxes-de-g-figueiredo-xxviii-o-asasinato-de-carlos-reino-caamano\/","name":"As peportaxes de G.Figueiredo XXVIII: \u201cO Asasinato de Carlos Reino Caama\u00f1o\u201d -","isPartOf":{"@id":"https:\/\/www.anovapeneira.gal\/#website"},"primaryImageOfPage":{"@id":"https:\/\/www.anovapeneira.gal\/index.php\/2020\/04\/08\/as-peportaxes-de-g-figueiredo-xxviii-o-asasinato-de-carlos-reino-caamano\/#primaryimage"},"image":{"@id":"https:\/\/www.anovapeneira.gal\/index.php\/2020\/04\/08\/as-peportaxes-de-g-figueiredo-xxviii-o-asasinato-de-carlos-reino-caamano\/#primaryimage"},"thumbnailUrl":"https:\/\/www.anovapeneira.gal\/wp-content\/uploads\/2020\/04\/memoria_historics_a_nova_peneira.jpg","datePublished":"2020-04-08T10:00:49+00:00","breadcrumb":{"@id":"https:\/\/www.anovapeneira.gal\/index.php\/2020\/04\/08\/as-peportaxes-de-g-figueiredo-xxviii-o-asasinato-de-carlos-reino-caamano\/#breadcrumb"},"inLanguage":"gl-ES","potentialAction":[{"@type":"ReadAction","target":["https:\/\/www.anovapeneira.gal\/index.php\/2020\/04\/08\/as-peportaxes-de-g-figueiredo-xxviii-o-asasinato-de-carlos-reino-caamano\/"]}]},{"@type":"ImageObject","inLanguage":"gl-ES","@id":"https:\/\/www.anovapeneira.gal\/index.php\/2020\/04\/08\/as-peportaxes-de-g-figueiredo-xxviii-o-asasinato-de-carlos-reino-caamano\/#primaryimage","url":"https:\/\/www.anovapeneira.gal\/wp-content\/uploads\/2020\/04\/memoria_historics_a_nova_peneira.jpg","contentUrl":"https:\/\/www.anovapeneira.gal\/wp-content\/uploads\/2020\/04\/memoria_historics_a_nova_peneira.jpg","width":720,"height":432,"caption":"Memoria hist\u00f3rica A Nova Peneira"},{"@type":"BreadcrumbList","@id":"https:\/\/www.anovapeneira.gal\/index.php\/2020\/04\/08\/as-peportaxes-de-g-figueiredo-xxviii-o-asasinato-de-carlos-reino-caamano\/#breadcrumb","itemListElement":[{"@type":"ListItem","position":1,"name":"Portada","item":"https:\/\/www.anovapeneira.gal\/"},{"@type":"ListItem","position":2,"name":"As peportaxes de G.Figueiredo XXVIII: \u201cO Asasinato de Carlos Reino Caama\u00f1o\u201d"}]},{"@type":"WebSite","@id":"https:\/\/www.anovapeneira.gal\/#website","url":"https:\/\/www.anovapeneira.gal\/","name":"","description":"Xornal galego de informaci\u00f3n xeral Publicaci\u00f3n mensual de novas de Galicia e en especial dos Concellos da sur da provincia de Pontevedra.","publisher":{"@id":"https:\/\/www.anovapeneira.gal\/#organization"},"potentialAction":[{"@type":"SearchAction","target":{"@type":"EntryPoint","urlTemplate":"https:\/\/www.anovapeneira.gal\/?s={search_term_string}"},"query-input":{"@type":"PropertyValueSpecification","valueRequired":true,"valueName":"search_term_string"}}],"inLanguage":"gl-ES"},{"@type":"Organization","@id":"https:\/\/www.anovapeneira.gal\/#organization","name":"A Nova Peneira","url":"https:\/\/www.anovapeneira.gal\/","logo":{"@type":"ImageObject","inLanguage":"gl-ES","@id":"https:\/\/www.anovapeneira.gal\/#\/schema\/logo\/image\/","url":"http:\/\/www.anovapeneira.gal\/wp-content\/uploads\/2019\/06\/logo_a_nova_peneira_portal_web.png","contentUrl":"http:\/\/www.anovapeneira.gal\/wp-content\/uploads\/2019\/06\/logo_a_nova_peneira_portal_web.png","width":300,"height":100,"caption":"A Nova Peneira"},"image":{"@id":"https:\/\/www.anovapeneira.gal\/#\/schema\/logo\/image\/"},"sameAs":["https:\/\/www.facebook.com\/anovapeneira","https:\/\/x.com\/APeneira"]},{"@type":"Person","@id":"https:\/\/www.anovapeneira.gal\/#\/schema\/person\/42f904d7cac80cf3f5a31494dd82a9b6","name":"G. Figueiredo","image":{"@type":"ImageObject","inLanguage":"gl-ES","@id":"https:\/\/secure.gravatar.com\/avatar\/2d970086688458e0398ef8b84f5cbb8cc1ec3ab115aeb8435135a9f556af97b3?s=96&d=mm&r=g","url":"https:\/\/secure.gravatar.com\/avatar\/2d970086688458e0398ef8b84f5cbb8cc1ec3ab115aeb8435135a9f556af97b3?s=96&d=mm&r=g","contentUrl":"https:\/\/secure.gravatar.com\/avatar\/2d970086688458e0398ef8b84f5cbb8cc1ec3ab115aeb8435135a9f556af97b3?s=96&d=mm&r=g","caption":"G. Figueiredo"},"sameAs":["http:\/\/www.anovapeneira.gal\/"],"url":"https:\/\/www.anovapeneira.gal\/index.php\/author\/g-figueiredo\/"}]}},"jetpack_featured_media_url":"https:\/\/www.anovapeneira.gal\/wp-content\/uploads\/2020\/04\/memoria_historics_a_nova_peneira.jpg","_links":{"self":[{"href":"https:\/\/www.anovapeneira.gal\/index.php\/wp-json\/wp\/v2\/posts\/2892","targetHints":{"allow":["GET"]}}],"collection":[{"href":"https:\/\/www.anovapeneira.gal\/index.php\/wp-json\/wp\/v2\/posts"}],"about":[{"href":"https:\/\/www.anovapeneira.gal\/index.php\/wp-json\/wp\/v2\/types\/post"}],"author":[{"embeddable":true,"href":"https:\/\/www.anovapeneira.gal\/index.php\/wp-json\/wp\/v2\/users\/17"}],"replies":[{"embeddable":true,"href":"https:\/\/www.anovapeneira.gal\/index.php\/wp-json\/wp\/v2\/comments?post=2892"}],"version-history":[{"count":1,"href":"https:\/\/www.anovapeneira.gal\/index.php\/wp-json\/wp\/v2\/posts\/2892\/revisions"}],"predecessor-version":[{"id":2894,"href":"https:\/\/www.anovapeneira.gal\/index.php\/wp-json\/wp\/v2\/posts\/2892\/revisions\/2894"}],"wp:featuredmedia":[{"embeddable":true,"href":"https:\/\/www.anovapeneira.gal\/index.php\/wp-json\/wp\/v2\/media\/2893"}],"wp:attachment":[{"href":"https:\/\/www.anovapeneira.gal\/index.php\/wp-json\/wp\/v2\/media?parent=2892"}],"wp:term":[{"taxonomy":"category","embeddable":true,"href":"https:\/\/www.anovapeneira.gal\/index.php\/wp-json\/wp\/v2\/categories?post=2892"},{"taxonomy":"post_tag","embeddable":true,"href":"https:\/\/www.anovapeneira.gal\/index.php\/wp-json\/wp\/v2\/tags?post=2892"}],"curies":[{"name":"wp","href":"https:\/\/api.w.org\/{rel}","templated":true}]}}