{"id":2895,"date":"2020-04-08T14:00:15","date_gmt":"2020-04-08T12:00:15","guid":{"rendered":"http:\/\/www.anovapeneira.gal\/?p=2895"},"modified":"2020-04-07T20:35:37","modified_gmt":"2020-04-07T18:35:37","slug":"o-comercio-minorista-e-o-coronavirus","status":"publish","type":"post","link":"https:\/\/www.anovapeneira.gal\/index.php\/2020\/04\/08\/o-comercio-minorista-e-o-coronavirus\/","title":{"rendered":"O comercio minorista e o Coronavirus"},"content":{"rendered":"\n<p>Un dos fen\u00f3menos m\u00e1s terror\u00edficos que poden chegar a sufrir as xentes que traballan no mar, \u00e9 o que eles chaman \u201cAs tres irm\u00e1s\u201d. Son ondas xigantes que viaxan en grupos de tres, enormes masas de auga que poden aparece de s\u00fapeto, incluso nun mar en calma, sen que se te\u00f1a moi claro a\u00ednda cal \u00e9 a s\u00faa orixe, e que poden chegar a medir ata 30 metros de altura. Cando un barco ten a desgraza de cruzarse cunha onda xigante, na s\u00faa viaxe, est\u00e1 nun grave perigo, pois \u00e9 como se batese contra un edificio de 10 pisos de altura, pero cando o valado non \u00e9 un, sen\u00f3n tres, o perigo de morte \u00e9 extremo para o nav\u00edo. Seica das tres irm\u00e1s ,\u00e9 a terceira, a onda m\u00e1is perigosa, e que bate con incontrolada furia asasina contra todo aquel intruso que osa cruzarse no seu cami\u00f1o. A crise que estamos a vivir , provocada por un virus, que est\u00e1 a amosar a fraxilidade das estruturas socioecon\u00f3micas nas que se artella a humanidade, semella que , como as tres irm\u00e1s, pode golpearnos con enorme violencia ata en tres ocasi\u00f3ns. A primeira, estamos a padecela no momento presente; \u00e9 a violencia sanitaria que xa deixou milleiros de persoas mortas, na m\u00e1is espantosa das soidades, sen que un \u00faltimo sorriso dun ser querido puidera proporcionarlles o consolo do amor, cando o seu cami\u00f1o vital persoal remata. A segunda das irm\u00e1s \u00e9 a violencia econ\u00f3mica que est\u00e1 a comezar a bater xa contra milleiros de persoas das clases traballadoras, aut\u00f3nomas, comerciantes e da pequena empresa en situaci\u00f3n de peche forzoso, e que observan angustiadas, como o futuro inmediato \u00e9 un oc\u00e9ano de negra incerteza .E a \u00faltima , e m\u00e1is perigosa das irm\u00e1s, ser\u00eda a violencia pol\u00edtica, a regresi\u00f3n e o recorte de liberdades p\u00fablicas, que os segmentos m\u00e1is reaccionarios da sociedade, a modo de hienas, reclaman en forma de gobernos de concentraci\u00f3n nacional e disparates varios, e que ten outra preocupante manifestaci\u00f3n expl\u00edcita nos chivatos de balc\u00f3n. A important\u00edsima restrici\u00f3n de liberdades individuais, que sup\u00f3n o confinamento, sen d\u00fabida necesario para acabar coa pandemia v\u00edrica, e que todos debemos cumprir con responsabilidade c\u00edvica, non pode ser utilizada para proceder a recortar as nosas liberdades, nin as nosas competencias, cando a emerxencia sanitaria remate. Te\u00f1o a certeza de que os patriotas de pacotilla, vano tentar, e deberemos de estar moi vixilantes, e confrontalo con enerx\u00eda e pedagox\u00eda democr\u00e1tica para evitar que esa estarrecedora terceira irm\u00e1 chegue a ser unha onda de realidade. Nesta reportaxe imos analizar a segunda das ondas que ameaza seriamente o noso futuro como sociedade, centr\u00e1ndonos nun dos piares b\u00e1sicos da estrutura socioecon\u00f3mica de Galicia, imos ver en que situaci\u00f3n se encontra o pequeno comercio minorista e as s\u00faas expectativas de futuro. O traballo resulta de 100 entrevistas a aut\u00f3nom@s, comerciantes e pequen@s empresari@s das comarcas nas que se distrib\u00fae A NOVA PENEIRA. A todas as persoas coas que falamos pregunt\u00e1moslle:<\/p>\n\n\n\n<p><strong>-O tipo de negocio que ti\u00f1an<\/strong><\/p>\n\n\n\n<p><strong>-En que situaci\u00f3n se encontraban os seus negocios<\/strong><\/p>\n\n\n\n<p><strong>-Como valoraban as medidas econ\u00f3micas do goberno do estado<\/strong><\/p>\n\n\n\n<p><strong>-Se ti\u00f1an traballadoras e traballadores ao seu cargo<\/strong><\/p>\n\n\n\n<p><strong>-Se a resposta anterior fose afirmativa, se solicitaron o ERTE para eles<\/strong><\/p>\n\n\n\n<p><strong>-Se a resposta anterior fose afirmativa se ti\u00f1an constancia de que alg\u00fan xa cobrara o desemprego<\/strong><\/p>\n\n\n\n<p><strong>-Se solicitaron o paro de aut\u00f3nomo para eles<\/strong><\/p>\n\n\n\n<p><strong>-Se a resposta anterior fose afirmativa, se xa ti\u00f1an algunha resposta \u00e1s s\u00faas solicitudes<\/strong><\/p>\n\n\n\n<p><strong>-Se ti\u00f1an medo pola supervivencia do seu negocio<\/strong><\/p>\n\n\n\n<p><strong>-E cales eran ao seu xu\u00edzo as medidas que deberan tomar as administraci\u00f3ns para unha adecuada protecci\u00f3n do tecido do pequeno empresario e o aut\u00f3nomo<\/strong><\/p>\n\n\n\n<p><strong>Vela\u00ed van as respostas en termos porcentuais:<\/strong><\/p>\n\n\n\n<p><strong>1-TIPO DE NEGOCIO ENQUISADO<\/strong><\/p>\n\n\n\n<p>-Empresas de construci\u00f3n ou relacionadas 10%<\/p>\n\n\n\n<p>-Negocios de prensa , lambonadas e reposter\u00eda creativa 5%<\/p>\n\n\n\n<p>-Negocios de comida para levar 5%<\/p>\n\n\n\n<p>-Tendas de mobles e descanso 10%<\/p>\n\n\n\n<p>-Zapater\u00edas 5%<\/p>\n\n\n\n<p>-Bares, restaurantes, e negocios de hostalar\u00eda 25%<\/p>\n\n\n\n<p>-Ximnasios 5%<\/p>\n\n\n\n<p>-Profesionais liberais 5%<\/p>\n\n\n\n<p>-Florer\u00edas 10%<\/p>\n\n\n\n<p>-Sal\u00f3ns de peiteado( de persoas e mascotas) 10%<\/p>\n\n\n\n<p>-Talleres 5%<\/p>\n\n\n\n<p>-Tendas de roupa(, lencer\u00eda, cabaleiro e se\u00f1ora) 5<strong>%<\/strong><\/p>\n\n\n\n<p><strong>2-SITUACI\u00d3N NA QUE EST\u00c1N OS NEGOCIOS<\/strong><\/p>\n\n\n\n<p>PECHADO: 80%<\/p>\n\n\n\n<p>ABERTO: 10%<\/p>\n\n\n\n<p>ABERTO S\u00d3 PARA URXENCIAS CONCRETAS:5%<\/p>\n\n\n\n<p>ABERTO EN TELE TRABALLO:5%<\/p>\n\n\n\n<p><strong>3-VALORACI\u00d3N DAS MEDIDAS ECONOMICAS DO GOBERNO<\/strong><\/p>\n\n\n\n<p>DE MANEIRA POSITIVA:25%<\/p>\n\n\n\n<p>DE MANEIRA NEGATIVA:70%<\/p>\n\n\n\n<p>PREFIREN NON VALORAR:5%<\/p>\n\n\n\n<p><strong>4- TE\u00d1EN TRABALLADORAS\/ES AO SEU CARGO<\/strong><\/p>\n\n\n\n<p>SI:60%<\/p>\n\n\n\n<p>NON:40%<\/p>\n\n\n\n<p><strong>5-QUEN TE\u00d1A EMPREGADOS\/AS, SOLICITOU ERTE<\/strong><\/p>\n\n\n\n<p>SI:66,66%<\/p>\n\n\n\n<p>NON:33,33%<\/p>\n\n\n\n<p><strong>6-QUEN O SOLICITARA TEN CONSTANCIA DE SE OS SEUS EMPREGADOS\/AS XA COBRARON PRESTACI\u00d3N( as entrevistas realiz\u00e1ronse entre o 4 e o 5 de abril)<\/strong><\/p>\n\n\n\n<p>SI:0%<\/p>\n\n\n\n<p>NON:100%<\/p>\n\n\n\n<p><strong>7-SOLICITARON O PARO DE AUT\u00d3NOMO\/A<\/strong><\/p>\n\n\n\n<p>SI:75%<\/p>\n\n\n\n<p>NON:25%<\/p>\n\n\n\n<p><strong>8-QUEN O SOLICITARA OBTIVO RESPOSTA(entrevistas realizadas entre o 4 e o 5 de abril)<\/strong><\/p>\n\n\n\n<p>SI:0%<\/p>\n\n\n\n<p>NON:100%<\/p>\n\n\n\n<p><strong>9-TE\u00d1EN MEDO POLA SUPERVIVENCIA DO SEU NEGOCIO<\/strong><\/p>\n\n\n\n<p>SI:80%<\/p>\n\n\n\n<p>NON:20%<\/p>\n\n\n\n<p><strong>10-MEDIDAS QUE ELES CONSIDERAN NECESARIAS PARA ASEGURAR A SUPERVIVENCIA DO TECIDO DE AUT\u00d3NOM@S E DA PEQUENA EMPRESA<\/strong><\/p>\n\n\n\n<p>Neste caso, a policrom\u00eda de respostas e elevad\u00edsima e ser\u00eda imposible reflectilas todas .Publicamos aquelas nas que a pr\u00e1ctica totalidade de persoas enquisadas coincide:<\/p>\n\n\n\n<p>-Maior claridade e informaci\u00f3n m\u00e1is precisa e concreta. Case todos senten desacougo, e non saben nin como, nin cando van recibir, de ser o caso, as axudas prometidas<\/p>\n\n\n\n<p>-Maior axilidade na xesti\u00f3n das axudas. As cotas de aut\u00f3nomo xa pasaron o \u00faltimo d\u00eda h\u00e1bil de marzo, os recibos de alugueiro dos locais xa se pagaron, e desde o d\u00eda 14 de marzo os ingresos da maior\u00eda de negocios son 0\u20ac<\/p>\n\n\n\n<p>-Adiar impostos<\/p>\n\n\n\n<p>-Exonerar da cota de aut\u00f3nomo os meses que non se traballe<\/p>\n\n\n\n<p>-Axudas directas e inmediatas que posibiliten que exista liquidez, imprescindible para poder traballar, cando se reinicie a actividade<\/p>\n\n\n\n<p>-Os cr\u00e9ditos directamente \u00e1s empresas sen pasar polo filtro dos bancos<br><\/p>\n","protected":false},"excerpt":{"rendered":"<div class=\"mh-excerpt\"><p>Un dos fen\u00f3menos m\u00e1s terror\u00edficos que poden chegar a sufrir as xentes que traballan no mar, \u00e9 o que eles chaman \u201cAs tres irm\u00e1s\u201d. Son ondas xigantes que viaxan en grupos de tres <a class=\"mh-excerpt-more\" href=\"https:\/\/www.anovapeneira.gal\/index.php\/2020\/04\/08\/o-comercio-minorista-e-o-coronavirus\/\" title=\"O comercio minorista e o Coronavirus\">[&#8230;]<\/a><\/p>\n<\/div>","protected":false},"author":3,"featured_media":2898,"comment_status":"open","ping_status":"open","sticky":false,"template":"","format":"standard","meta":{"_exactmetrics_skip_tracking":false,"_exactmetrics_sitenote_active":false,"_exactmetrics_sitenote_note":"","_exactmetrics_sitenote_category":0,"footnotes":""},"categories":[589],"tags":[1024,171],"class_list":{"0":"post-2895","1":"post","2":"type-post","3":"status-publish","4":"format-standard","5":"has-post-thumbnail","7":"category-reportaxe_galicia","8":"tag-comercio-minorista","9":"tag-concello-de-redondela"},"yoast_head":"<!-- This site is optimized with the Yoast SEO plugin v27.4 - https:\/\/yoast.com\/product\/yoast-seo-wordpress\/ -->\n<title>O comercio minorista e o Coronavirus -<\/title>\n<meta name=\"robots\" content=\"index, follow, max-snippet:-1, max-image-preview:large, max-video-preview:-1\" \/>\n<link rel=\"canonical\" href=\"https:\/\/www.anovapeneira.gal\/index.php\/2020\/04\/08\/o-comercio-minorista-e-o-coronavirus\/\" \/>\n<meta property=\"og:locale\" content=\"gl_ES\" \/>\n<meta property=\"og:type\" content=\"article\" \/>\n<meta property=\"og:title\" content=\"O comercio minorista e o Coronavirus -\" \/>\n<meta property=\"og:description\" content=\"Un dos fen\u00f3menos m\u00e1s terror\u00edficos que poden chegar a sufrir as xentes que traballan no mar, \u00e9 o que eles chaman \u201cAs tres irm\u00e1s\u201d. Son ondas xigantes que viaxan en grupos de tres [...]\" \/>\n<meta property=\"og:url\" content=\"https:\/\/www.anovapeneira.gal\/index.php\/2020\/04\/08\/o-comercio-minorista-e-o-coronavirus\/\" \/>\n<meta property=\"article:publisher\" content=\"https:\/\/www.facebook.com\/anovapeneira\" \/>\n<meta property=\"article:published_time\" content=\"2020-04-08T12:00:15+00:00\" \/>\n<meta property=\"og:image\" content=\"https:\/\/www.anovapeneira.gal\/wp-content\/uploads\/2020\/04\/comercio_2_anova_peneira.jpg\" \/>\n\t<meta property=\"og:image:width\" content=\"720\" \/>\n\t<meta property=\"og:image:height\" content=\"432\" \/>\n\t<meta property=\"og:image:type\" content=\"image\/jpeg\" \/>\n<meta name=\"author\" content=\"Redacci\u00f3n A Nova Peneira\" \/>\n<meta name=\"twitter:card\" content=\"summary_large_image\" \/>\n<meta name=\"twitter:creator\" content=\"@APeneira\" \/>\n<meta name=\"twitter:site\" content=\"@APeneira\" \/>\n<meta name=\"twitter:label1\" content=\"Escrito por\" \/>\n\t<meta name=\"twitter:data1\" content=\"Redacci\u00f3n A Nova Peneira\" \/>\n\t<meta name=\"twitter:label2\" content=\"Tempo de lectura\" \/>\n\t<meta name=\"twitter:data2\" content=\"5 minutos\" \/>\n<script type=\"application\/ld+json\" class=\"yoast-schema-graph\">{\"@context\":\"https:\\\/\\\/schema.org\",\"@graph\":[{\"@type\":\"Article\",\"@id\":\"https:\\\/\\\/www.anovapeneira.gal\\\/index.php\\\/2020\\\/04\\\/08\\\/o-comercio-minorista-e-o-coronavirus\\\/#article\",\"isPartOf\":{\"@id\":\"https:\\\/\\\/www.anovapeneira.gal\\\/index.php\\\/2020\\\/04\\\/08\\\/o-comercio-minorista-e-o-coronavirus\\\/\"},\"author\":{\"name\":\"Redacci\u00f3n A Nova Peneira\",\"@id\":\"https:\\\/\\\/www.anovapeneira.gal\\\/#\\\/schema\\\/person\\\/b93e3f8932e3f8da96334607eb6ac6aa\"},\"headline\":\"O comercio minorista e o Coronavirus\",\"datePublished\":\"2020-04-08T12:00:15+00:00\",\"mainEntityOfPage\":{\"@id\":\"https:\\\/\\\/www.anovapeneira.gal\\\/index.php\\\/2020\\\/04\\\/08\\\/o-comercio-minorista-e-o-coronavirus\\\/\"},\"wordCount\":1015,\"commentCount\":0,\"publisher\":{\"@id\":\"https:\\\/\\\/www.anovapeneira.gal\\\/#organization\"},\"image\":{\"@id\":\"https:\\\/\\\/www.anovapeneira.gal\\\/index.php\\\/2020\\\/04\\\/08\\\/o-comercio-minorista-e-o-coronavirus\\\/#primaryimage\"},\"thumbnailUrl\":\"https:\\\/\\\/www.anovapeneira.gal\\\/wp-content\\\/uploads\\\/2020\\\/04\\\/comercio_2_anova_peneira.jpg\",\"keywords\":[\"comercio minorista\",\"Concello de Redondela\"],\"articleSection\":[\"Reportaxes\"],\"inLanguage\":\"gl-ES\",\"potentialAction\":[{\"@type\":\"CommentAction\",\"name\":\"Comment\",\"target\":[\"https:\\\/\\\/www.anovapeneira.gal\\\/index.php\\\/2020\\\/04\\\/08\\\/o-comercio-minorista-e-o-coronavirus\\\/#respond\"]}]},{\"@type\":\"WebPage\",\"@id\":\"https:\\\/\\\/www.anovapeneira.gal\\\/index.php\\\/2020\\\/04\\\/08\\\/o-comercio-minorista-e-o-coronavirus\\\/\",\"url\":\"https:\\\/\\\/www.anovapeneira.gal\\\/index.php\\\/2020\\\/04\\\/08\\\/o-comercio-minorista-e-o-coronavirus\\\/\",\"name\":\"O comercio minorista e o Coronavirus -\",\"isPartOf\":{\"@id\":\"https:\\\/\\\/www.anovapeneira.gal\\\/#website\"},\"primaryImageOfPage\":{\"@id\":\"https:\\\/\\\/www.anovapeneira.gal\\\/index.php\\\/2020\\\/04\\\/08\\\/o-comercio-minorista-e-o-coronavirus\\\/#primaryimage\"},\"image\":{\"@id\":\"https:\\\/\\\/www.anovapeneira.gal\\\/index.php\\\/2020\\\/04\\\/08\\\/o-comercio-minorista-e-o-coronavirus\\\/#primaryimage\"},\"thumbnailUrl\":\"https:\\\/\\\/www.anovapeneira.gal\\\/wp-content\\\/uploads\\\/2020\\\/04\\\/comercio_2_anova_peneira.jpg\",\"datePublished\":\"2020-04-08T12:00:15+00:00\",\"breadcrumb\":{\"@id\":\"https:\\\/\\\/www.anovapeneira.gal\\\/index.php\\\/2020\\\/04\\\/08\\\/o-comercio-minorista-e-o-coronavirus\\\/#breadcrumb\"},\"inLanguage\":\"gl-ES\",\"potentialAction\":[{\"@type\":\"ReadAction\",\"target\":[\"https:\\\/\\\/www.anovapeneira.gal\\\/index.php\\\/2020\\\/04\\\/08\\\/o-comercio-minorista-e-o-coronavirus\\\/\"]}]},{\"@type\":\"ImageObject\",\"inLanguage\":\"gl-ES\",\"@id\":\"https:\\\/\\\/www.anovapeneira.gal\\\/index.php\\\/2020\\\/04\\\/08\\\/o-comercio-minorista-e-o-coronavirus\\\/#primaryimage\",\"url\":\"https:\\\/\\\/www.anovapeneira.gal\\\/wp-content\\\/uploads\\\/2020\\\/04\\\/comercio_2_anova_peneira.jpg\",\"contentUrl\":\"https:\\\/\\\/www.anovapeneira.gal\\\/wp-content\\\/uploads\\\/2020\\\/04\\\/comercio_2_anova_peneira.jpg\",\"width\":720,\"height\":432,\"caption\":\"comercio minorista a nova peneira\"},{\"@type\":\"BreadcrumbList\",\"@id\":\"https:\\\/\\\/www.anovapeneira.gal\\\/index.php\\\/2020\\\/04\\\/08\\\/o-comercio-minorista-e-o-coronavirus\\\/#breadcrumb\",\"itemListElement\":[{\"@type\":\"ListItem\",\"position\":1,\"name\":\"Portada\",\"item\":\"https:\\\/\\\/www.anovapeneira.gal\\\/\"},{\"@type\":\"ListItem\",\"position\":2,\"name\":\"O comercio minorista e o Coronavirus\"}]},{\"@type\":\"WebSite\",\"@id\":\"https:\\\/\\\/www.anovapeneira.gal\\\/#website\",\"url\":\"https:\\\/\\\/www.anovapeneira.gal\\\/\",\"name\":\"\",\"description\":\"Xornal galego de informaci\u00f3n xeral Publicaci\u00f3n mensual de novas de Galicia e en especial dos Concellos da sur da provincia de Pontevedra.\",\"publisher\":{\"@id\":\"https:\\\/\\\/www.anovapeneira.gal\\\/#organization\"},\"potentialAction\":[{\"@type\":\"SearchAction\",\"target\":{\"@type\":\"EntryPoint\",\"urlTemplate\":\"https:\\\/\\\/www.anovapeneira.gal\\\/?s={search_term_string}\"},\"query-input\":{\"@type\":\"PropertyValueSpecification\",\"valueRequired\":true,\"valueName\":\"search_term_string\"}}],\"inLanguage\":\"gl-ES\"},{\"@type\":\"Organization\",\"@id\":\"https:\\\/\\\/www.anovapeneira.gal\\\/#organization\",\"name\":\"A Nova Peneira\",\"url\":\"https:\\\/\\\/www.anovapeneira.gal\\\/\",\"logo\":{\"@type\":\"ImageObject\",\"inLanguage\":\"gl-ES\",\"@id\":\"https:\\\/\\\/www.anovapeneira.gal\\\/#\\\/schema\\\/logo\\\/image\\\/\",\"url\":\"http:\\\/\\\/www.anovapeneira.gal\\\/wp-content\\\/uploads\\\/2019\\\/06\\\/logo_a_nova_peneira_portal_web.png\",\"contentUrl\":\"http:\\\/\\\/www.anovapeneira.gal\\\/wp-content\\\/uploads\\\/2019\\\/06\\\/logo_a_nova_peneira_portal_web.png\",\"width\":300,\"height\":100,\"caption\":\"A Nova Peneira\"},\"image\":{\"@id\":\"https:\\\/\\\/www.anovapeneira.gal\\\/#\\\/schema\\\/logo\\\/image\\\/\"},\"sameAs\":[\"https:\\\/\\\/www.facebook.com\\\/anovapeneira\",\"https:\\\/\\\/x.com\\\/APeneira\"]},{\"@type\":\"Person\",\"@id\":\"https:\\\/\\\/www.anovapeneira.gal\\\/#\\\/schema\\\/person\\\/b93e3f8932e3f8da96334607eb6ac6aa\",\"name\":\"Redacci\u00f3n A Nova Peneira\",\"image\":{\"@type\":\"ImageObject\",\"inLanguage\":\"gl-ES\",\"@id\":\"https:\\\/\\\/secure.gravatar.com\\\/avatar\\\/c052a2551a06e23fac63626232eaa90abd78dbcf1700fc46a2b2c89fd27b735f?s=96&d=mm&r=g\",\"url\":\"https:\\\/\\\/secure.gravatar.com\\\/avatar\\\/c052a2551a06e23fac63626232eaa90abd78dbcf1700fc46a2b2c89fd27b735f?s=96&d=mm&r=g\",\"contentUrl\":\"https:\\\/\\\/secure.gravatar.com\\\/avatar\\\/c052a2551a06e23fac63626232eaa90abd78dbcf1700fc46a2b2c89fd27b735f?s=96&d=mm&r=g\",\"caption\":\"Redacci\u00f3n A Nova Peneira\"},\"sameAs\":[\"http:\\\/\\\/www.anovapeneira.gal\\\/\"],\"url\":\"https:\\\/\\\/www.anovapeneira.gal\\\/index.php\\\/author\\\/redactor\\\/\"}]}<\/script>\n<!-- \/ Yoast SEO plugin. -->","yoast_head_json":{"title":"O comercio minorista e o Coronavirus -","robots":{"index":"index","follow":"follow","max-snippet":"max-snippet:-1","max-image-preview":"max-image-preview:large","max-video-preview":"max-video-preview:-1"},"canonical":"https:\/\/www.anovapeneira.gal\/index.php\/2020\/04\/08\/o-comercio-minorista-e-o-coronavirus\/","og_locale":"gl_ES","og_type":"article","og_title":"O comercio minorista e o Coronavirus -","og_description":"Un dos fen\u00f3menos m\u00e1s terror\u00edficos que poden chegar a sufrir as xentes que traballan no mar, \u00e9 o que eles chaman \u201cAs tres irm\u00e1s\u201d. Son ondas xigantes que viaxan en grupos de tres [...]","og_url":"https:\/\/www.anovapeneira.gal\/index.php\/2020\/04\/08\/o-comercio-minorista-e-o-coronavirus\/","article_publisher":"https:\/\/www.facebook.com\/anovapeneira","article_published_time":"2020-04-08T12:00:15+00:00","og_image":[{"width":720,"height":432,"url":"https:\/\/www.anovapeneira.gal\/wp-content\/uploads\/2020\/04\/comercio_2_anova_peneira.jpg","type":"image\/jpeg"}],"author":"Redacci\u00f3n A Nova Peneira","twitter_card":"summary_large_image","twitter_creator":"@APeneira","twitter_site":"@APeneira","twitter_misc":{"Escrito por":"Redacci\u00f3n A Nova Peneira","Tempo de lectura":"5 minutos"},"schema":{"@context":"https:\/\/schema.org","@graph":[{"@type":"Article","@id":"https:\/\/www.anovapeneira.gal\/index.php\/2020\/04\/08\/o-comercio-minorista-e-o-coronavirus\/#article","isPartOf":{"@id":"https:\/\/www.anovapeneira.gal\/index.php\/2020\/04\/08\/o-comercio-minorista-e-o-coronavirus\/"},"author":{"name":"Redacci\u00f3n A Nova Peneira","@id":"https:\/\/www.anovapeneira.gal\/#\/schema\/person\/b93e3f8932e3f8da96334607eb6ac6aa"},"headline":"O comercio minorista e o Coronavirus","datePublished":"2020-04-08T12:00:15+00:00","mainEntityOfPage":{"@id":"https:\/\/www.anovapeneira.gal\/index.php\/2020\/04\/08\/o-comercio-minorista-e-o-coronavirus\/"},"wordCount":1015,"commentCount":0,"publisher":{"@id":"https:\/\/www.anovapeneira.gal\/#organization"},"image":{"@id":"https:\/\/www.anovapeneira.gal\/index.php\/2020\/04\/08\/o-comercio-minorista-e-o-coronavirus\/#primaryimage"},"thumbnailUrl":"https:\/\/www.anovapeneira.gal\/wp-content\/uploads\/2020\/04\/comercio_2_anova_peneira.jpg","keywords":["comercio minorista","Concello de Redondela"],"articleSection":["Reportaxes"],"inLanguage":"gl-ES","potentialAction":[{"@type":"CommentAction","name":"Comment","target":["https:\/\/www.anovapeneira.gal\/index.php\/2020\/04\/08\/o-comercio-minorista-e-o-coronavirus\/#respond"]}]},{"@type":"WebPage","@id":"https:\/\/www.anovapeneira.gal\/index.php\/2020\/04\/08\/o-comercio-minorista-e-o-coronavirus\/","url":"https:\/\/www.anovapeneira.gal\/index.php\/2020\/04\/08\/o-comercio-minorista-e-o-coronavirus\/","name":"O comercio minorista e o Coronavirus -","isPartOf":{"@id":"https:\/\/www.anovapeneira.gal\/#website"},"primaryImageOfPage":{"@id":"https:\/\/www.anovapeneira.gal\/index.php\/2020\/04\/08\/o-comercio-minorista-e-o-coronavirus\/#primaryimage"},"image":{"@id":"https:\/\/www.anovapeneira.gal\/index.php\/2020\/04\/08\/o-comercio-minorista-e-o-coronavirus\/#primaryimage"},"thumbnailUrl":"https:\/\/www.anovapeneira.gal\/wp-content\/uploads\/2020\/04\/comercio_2_anova_peneira.jpg","datePublished":"2020-04-08T12:00:15+00:00","breadcrumb":{"@id":"https:\/\/www.anovapeneira.gal\/index.php\/2020\/04\/08\/o-comercio-minorista-e-o-coronavirus\/#breadcrumb"},"inLanguage":"gl-ES","potentialAction":[{"@type":"ReadAction","target":["https:\/\/www.anovapeneira.gal\/index.php\/2020\/04\/08\/o-comercio-minorista-e-o-coronavirus\/"]}]},{"@type":"ImageObject","inLanguage":"gl-ES","@id":"https:\/\/www.anovapeneira.gal\/index.php\/2020\/04\/08\/o-comercio-minorista-e-o-coronavirus\/#primaryimage","url":"https:\/\/www.anovapeneira.gal\/wp-content\/uploads\/2020\/04\/comercio_2_anova_peneira.jpg","contentUrl":"https:\/\/www.anovapeneira.gal\/wp-content\/uploads\/2020\/04\/comercio_2_anova_peneira.jpg","width":720,"height":432,"caption":"comercio minorista a nova peneira"},{"@type":"BreadcrumbList","@id":"https:\/\/www.anovapeneira.gal\/index.php\/2020\/04\/08\/o-comercio-minorista-e-o-coronavirus\/#breadcrumb","itemListElement":[{"@type":"ListItem","position":1,"name":"Portada","item":"https:\/\/www.anovapeneira.gal\/"},{"@type":"ListItem","position":2,"name":"O comercio minorista e o Coronavirus"}]},{"@type":"WebSite","@id":"https:\/\/www.anovapeneira.gal\/#website","url":"https:\/\/www.anovapeneira.gal\/","name":"","description":"Xornal galego de informaci\u00f3n xeral Publicaci\u00f3n mensual de novas de Galicia e en especial dos Concellos da sur da provincia de Pontevedra.","publisher":{"@id":"https:\/\/www.anovapeneira.gal\/#organization"},"potentialAction":[{"@type":"SearchAction","target":{"@type":"EntryPoint","urlTemplate":"https:\/\/www.anovapeneira.gal\/?s={search_term_string}"},"query-input":{"@type":"PropertyValueSpecification","valueRequired":true,"valueName":"search_term_string"}}],"inLanguage":"gl-ES"},{"@type":"Organization","@id":"https:\/\/www.anovapeneira.gal\/#organization","name":"A Nova Peneira","url":"https:\/\/www.anovapeneira.gal\/","logo":{"@type":"ImageObject","inLanguage":"gl-ES","@id":"https:\/\/www.anovapeneira.gal\/#\/schema\/logo\/image\/","url":"http:\/\/www.anovapeneira.gal\/wp-content\/uploads\/2019\/06\/logo_a_nova_peneira_portal_web.png","contentUrl":"http:\/\/www.anovapeneira.gal\/wp-content\/uploads\/2019\/06\/logo_a_nova_peneira_portal_web.png","width":300,"height":100,"caption":"A Nova Peneira"},"image":{"@id":"https:\/\/www.anovapeneira.gal\/#\/schema\/logo\/image\/"},"sameAs":["https:\/\/www.facebook.com\/anovapeneira","https:\/\/x.com\/APeneira"]},{"@type":"Person","@id":"https:\/\/www.anovapeneira.gal\/#\/schema\/person\/b93e3f8932e3f8da96334607eb6ac6aa","name":"Redacci\u00f3n A Nova Peneira","image":{"@type":"ImageObject","inLanguage":"gl-ES","@id":"https:\/\/secure.gravatar.com\/avatar\/c052a2551a06e23fac63626232eaa90abd78dbcf1700fc46a2b2c89fd27b735f?s=96&d=mm&r=g","url":"https:\/\/secure.gravatar.com\/avatar\/c052a2551a06e23fac63626232eaa90abd78dbcf1700fc46a2b2c89fd27b735f?s=96&d=mm&r=g","contentUrl":"https:\/\/secure.gravatar.com\/avatar\/c052a2551a06e23fac63626232eaa90abd78dbcf1700fc46a2b2c89fd27b735f?s=96&d=mm&r=g","caption":"Redacci\u00f3n A Nova Peneira"},"sameAs":["http:\/\/www.anovapeneira.gal\/"],"url":"https:\/\/www.anovapeneira.gal\/index.php\/author\/redactor\/"}]}},"jetpack_featured_media_url":"https:\/\/www.anovapeneira.gal\/wp-content\/uploads\/2020\/04\/comercio_2_anova_peneira.jpg","_links":{"self":[{"href":"https:\/\/www.anovapeneira.gal\/index.php\/wp-json\/wp\/v2\/posts\/2895","targetHints":{"allow":["GET"]}}],"collection":[{"href":"https:\/\/www.anovapeneira.gal\/index.php\/wp-json\/wp\/v2\/posts"}],"about":[{"href":"https:\/\/www.anovapeneira.gal\/index.php\/wp-json\/wp\/v2\/types\/post"}],"author":[{"embeddable":true,"href":"https:\/\/www.anovapeneira.gal\/index.php\/wp-json\/wp\/v2\/users\/3"}],"replies":[{"embeddable":true,"href":"https:\/\/www.anovapeneira.gal\/index.php\/wp-json\/wp\/v2\/comments?post=2895"}],"version-history":[{"count":1,"href":"https:\/\/www.anovapeneira.gal\/index.php\/wp-json\/wp\/v2\/posts\/2895\/revisions"}],"predecessor-version":[{"id":2897,"href":"https:\/\/www.anovapeneira.gal\/index.php\/wp-json\/wp\/v2\/posts\/2895\/revisions\/2897"}],"wp:featuredmedia":[{"embeddable":true,"href":"https:\/\/www.anovapeneira.gal\/index.php\/wp-json\/wp\/v2\/media\/2898"}],"wp:attachment":[{"href":"https:\/\/www.anovapeneira.gal\/index.php\/wp-json\/wp\/v2\/media?parent=2895"}],"wp:term":[{"taxonomy":"category","embeddable":true,"href":"https:\/\/www.anovapeneira.gal\/index.php\/wp-json\/wp\/v2\/categories?post=2895"},{"taxonomy":"post_tag","embeddable":true,"href":"https:\/\/www.anovapeneira.gal\/index.php\/wp-json\/wp\/v2\/tags?post=2895"}],"curies":[{"name":"wp","href":"https:\/\/api.w.org\/{rel}","templated":true}]}}