{"id":2899,"date":"2020-04-09T10:00:07","date_gmt":"2020-04-09T08:00:07","guid":{"rendered":"http:\/\/www.anovapeneira.gal\/?p=2899"},"modified":"2020-04-09T09:31:34","modified_gmt":"2020-04-09T07:31:34","slug":"c-l-vecino-da-area-de-vigo-que-superou-o-coronavirus","status":"publish","type":"post","link":"https:\/\/www.anovapeneira.gal\/index.php\/2020\/04\/09\/c-l-vecino-da-area-de-vigo-que-superou-o-coronavirus\/","title":{"rendered":"C.L veci\u00f1o da \u00e1rea de vigo que superou o coronavirus"},"content":{"rendered":"\n<p><strong>C.L \u00e9 un veci\u00f1o da \u00e1rea sanitaria de Vigo de 50 anos de idade, que despois de 9 d\u00edas hospitalizado logrou superar o coronavirus. Falamos con el para co\u00f1ecer como foi a s\u00faa experiencia.<\/strong><\/p>\n\n\n\n<p>\u201c<strong>OS D\u00cdAS QUE ESTIVEN HOSPITALIZADO, NUNCA PERCIB\u00cdN SENSACI\u00d3N DE COLAPSO, TODO O CONTRARIO.O QUE SI ME LLAMABA A ATENCI\u00d3N ERA QUE MOITOS PROFESIONAIS SANITARIOS TI\u00d1AN EQUIPOS DE PROTECCI\u00d3N INDIVIDUAL COMPRADOS OU FABRICADOS POR ELES MESMOS.NON FORON FORNECIDOS POLA ADMINISTRACI\u00d3N, TIVERON QUE BUSCARSE A VIDA PARA PROTEXERSE\u201d<\/strong><\/p>\n\n\n\n<p><strong>Cando comezaches a notar s\u00edntomas da enfermidade?, e cales foron?<\/strong><\/p>\n\n\n\n<blockquote class=\"wp-block-quote is-layout-flow wp-block-quote-is-layout-flow\"><p>Os primeiros s\u00edntomas noteinos na primeira semana do confinamento, se non lembro mal, o xoves , que era o d\u00eda do pai. E foron moi parecidos aos que provoca unha gripe com\u00fan. Inicialmente sent\u00edn unha sensaci\u00f3n de malestar e cansazo intenso. Ti\u00f1a, como maniotas. Eu pensaba que se trataba dunha consecuencia do esforzo, pois o d\u00eda anterior estivera a facer ximnasia na casa, coa mi\u00f1a filla.<\/p><\/blockquote>\n\n\n\n<p><strong>Ben, ti tes a mesma idade ca min, e xa non imos tendo o corpo para moita ximnasia<\/strong><\/p>\n\n\n\n<blockquote class=\"wp-block-quote is-layout-flow wp-block-quote-is-layout-flow\"><p>Ha ha ha ha ha..O raro era que a sensaci\u00f3n de cansazo e malestar era moi forte, non se correspond\u00eda coa intensidade do esforzo que realizara.<\/p><\/blockquote>\n\n\n\n<p><strong>E ti\u00f1as alg\u00fan s\u00edntoma m\u00e1is?<\/strong><\/p>\n\n\n\n<blockquote class=\"wp-block-quote is-layout-flow wp-block-quote-is-layout-flow\"><p>Si, mareo e dor de cabeza.<\/p><\/blockquote>\n\n\n\n<p><strong>Estabas a cumprir o confinamento con rigor?<\/strong><\/p>\n\n\n\n<blockquote class=\"wp-block-quote is-layout-flow wp-block-quote-is-layout-flow\"><p>Absolutamente. O estado de alarma comezou un domingo, e o \u00faltimo d\u00eda que fixen vida social foi o xoves da semana anterior no que realicei xunto con m\u00e1is persoas diversas actividades ao aire libre.<\/p><\/blockquote>\n\n\n\n<p><strong>Cando notaches os primeiros s\u00edntomas que fixeches?<\/strong><\/p>\n\n\n\n<blockquote class=\"wp-block-quote is-layout-flow wp-block-quote-is-layout-flow\"><p>Chamamos ao tel\u00e9fono habilitado ao respecto, porque a mi\u00f1a parella tam\u00e9n comezou a sentir s\u00edntomas parecidos aos meus, non tan intensos, pero similares.<\/p><\/blockquote>\n\n\n\n<p><strong>Ti\u00f1as febre?<\/strong><\/p>\n\n\n\n<blockquote class=\"wp-block-quote is-layout-flow wp-block-quote-is-layout-flow\"><p>Moi pouca.<\/p><\/blockquote>\n\n\n\n<p><strong>Cal foi o resultado da chamada?<\/strong><\/p>\n\n\n\n<blockquote class=\"wp-block-quote is-layout-flow wp-block-quote-is-layout-flow\"><p>Dix\u00e9ronnos que a sintomatolox\u00eda non se correspond\u00eda coa enfermidade , o que , en principio, indicaba que non a ti\u00f1amos.<\/p><\/blockquote>\n\n\n\n<p><strong>Como evolucionaron os acontecementos?<\/strong><\/p>\n\n\n\n<blockquote class=\"wp-block-quote is-layout-flow wp-block-quote-is-layout-flow\"><p>Pois pasaron varios d\u00edas, eu estaba cada vez peor, m\u00e1is canso e coa sensaci\u00f3n de malestar moi intensa, e chegou un momento que comecei a advertir certa dificultade para respirar, chamei o centro de sa\u00fade , mand\u00e1ronme ir por al\u00ed e d\u00e9ronme un volante para ir ao hospital.<\/p><\/blockquote>\n\n\n\n<p><strong>Ao Cunqueiro, non?<\/strong><\/p>\n\n\n\n<blockquote class=\"wp-block-quote is-layout-flow wp-block-quote-is-layout-flow\"><p>Si, e al\u00ed fix\u00e9ronme as probas.<\/p><\/blockquote>\n\n\n\n<p><strong>Percibiches sensaci\u00f3n de colapso?<\/strong><\/p>\n\n\n\n<blockquote class=\"wp-block-quote is-layout-flow wp-block-quote-is-layout-flow\"><p>Non, en absoluto, funcionaba con fluidez e dilixencia. A min atend\u00e9ronme, como moito, nunha hora .Fix\u00e9ronme todo tipo de an\u00e1lises e placas, e nun principio mand\u00e1ronme para casa porque non aparec\u00eda ning\u00fan tipo de problema respiratorio, pero quedei pendente do resultado da proba espec\u00edfica do coronavirus, que tarda una d\u00edas.<\/p><\/blockquote>\n\n\n\n<p><strong>Supo\u00f1o que te chamar\u00edan para comunicarche o resultado?<\/strong><\/p>\n\n\n\n<blockquote class=\"wp-block-quote is-layout-flow wp-block-quote-is-layout-flow\"><p>Si, e xa me dixeron que o ti\u00f1a, pero que como a sintomatolox\u00eda non era preocupante pois que o pasase na casa.<\/p><\/blockquote>\n\n\n\n<p><strong>E na t\u00faa casa, empeoraches?<\/strong><\/p>\n\n\n\n<blockquote class=\"wp-block-quote is-layout-flow wp-block-quote-is-layout-flow\"><p>Si, uns d\u00edas despois comecei a sentirme realmente mal, volv\u00edn chamar, fun ao hospital e nas placas que me fixeron xa aparec\u00eda un principio de pneumon\u00eda, co que tiven que quedar ingresado.<\/p><\/blockquote>\n\n\n\n<p><strong>Fuches no teu coche?<\/strong><\/p>\n\n\n\n<blockquote class=\"wp-block-quote is-layout-flow wp-block-quote-is-layout-flow\"><p>Non, fun en ambulancia, por certo decatouse todo o barrio porque chegou \u00e1s 20.00h, xusto canto estaba todo o mundo no balc\u00f3n aplaudindo aos sanitarios&#8230;e aos poucos momentos a mi\u00f1a parella comezou a recibir un mont\u00f3n de chamadas preguntando que pasaba.<\/p><\/blockquote>\n\n\n\n<p><strong>Ha ha ha ha, ben, iso quere dicir que os teus veci\u00f1os te aprecian. Cantos d\u00edas estiveches hospitalizado?<\/strong><\/p>\n\n\n\n<blockquote class=\"wp-block-quote is-layout-flow wp-block-quote-is-layout-flow\"><p>Nove.<\/p><\/blockquote>\n\n\n\n<p><strong>Que tipo de medicaci\u00f3n te administraron?<\/strong><\/p>\n\n\n\n<blockquote class=\"wp-block-quote is-layout-flow wp-block-quote-is-layout-flow\"><p>Alg\u00fan tipo de tratamento experimental que seica se utiliza contra a malaria.<\/p><\/blockquote>\n\n\n\n<p><strong>De que maneira cho administraban?<\/strong><\/p>\n\n\n\n<blockquote class=\"wp-block-quote is-layout-flow wp-block-quote-is-layout-flow\"><p>Tres ou catro pastillas pola ma\u00f1\u00e1, e outro tanto pola noite, e a verdade deix\u00e1bache absolutamente esgotado.<\/p><\/blockquote>\n\n\n\n<p><strong>Estiveches en planta non?<\/strong><\/p>\n\n\n\n<blockquote class=\"wp-block-quote is-layout-flow wp-block-quote-is-layout-flow\"><p>Si, nunha habitaci\u00f3n con outra persoa tam\u00e9n afectada polo coronavirus. Toda a \u00e1rea na que estiven estaba acoutada para pacientes do covid 19.<\/p><\/blockquote>\n\n\n\n<p><strong>O primeiro d\u00eda que fuches a urxencias dixeches que non percibiches sensaci\u00f3n de colapso, e os d\u00edas que estiveches ingresado?<\/strong><\/p>\n\n\n\n<blockquote class=\"wp-block-quote is-layout-flow wp-block-quote-is-layout-flow\"><p>Tampouco, todo funcionaba con fluidez. O que si me chamaba a atenci\u00f3n \u00e9 que moito persoal ti\u00f1a equipos de protecci\u00f3n individual que se fixeron eles mesmos. Non foron fornecidos pola administraci\u00f3n sen\u00f3n que tiveron que buscarse a vida eles mesmos para protexerse.<\/p><\/blockquote>\n\n\n\n<p><strong>A atenci\u00f3n que recibiches no hospital como a valoras?<\/strong><\/p>\n\n\n\n<blockquote class=\"wp-block-quote is-layout-flow wp-block-quote-is-layout-flow\"><p>Foi moi boa.<\/p><\/blockquote>\n\n\n\n<p><strong>Supo\u00f1o que estar\u00e1s inmunizado non?<\/strong><\/p>\n\n\n\n<blockquote class=\"wp-block-quote is-layout-flow wp-block-quote-is-layout-flow\"><p>Pois eu tam\u00e9n supo\u00f1o que si, pero non creo que ningu\u00e9n o saiba con certeza se as persoas que xa a pasamos estamos inmunizados, nin, se isto \u00e9 as\u00ed, se esta suposta inmunidade \u00e9 permanente, transitoria e por canto tempo se pode dar. Supo\u00f1o que, considerando o que pasa con outros virus respiratorios, inmunidade , polo menos moment\u00e1nea, si haber\u00e1, de feito ped\u00edronme permiso para quitarme sangue con obxecto de subministrar plasma a outros enfermos.<\/p><\/blockquote>\n\n\n\n<p><strong>Como te encontras na actualidade?<\/strong><\/p>\n\n\n\n<blockquote class=\"wp-block-quote is-layout-flow wp-block-quote-is-layout-flow\"><p>Perfectamente, un tanto abafado de non poder sa\u00edr de casa, pero fisicamente estou ben.<\/p><\/blockquote>\n\n\n\n<p><strong>Agora, unha vez que est\u00e1s de alta, tes que seguir alg\u00fan tipo corentena?<\/strong><\/p>\n\n\n\n<blockquote class=\"wp-block-quote is-layout-flow wp-block-quote-is-layout-flow\"><p>28 d\u00edas m\u00e1is, na mi\u00f1a casa, illado na ni\u00f1a habitaci\u00f3n.<\/p><\/blockquote>\n","protected":false},"excerpt":{"rendered":"<div class=\"mh-excerpt\"><p>C.L \u00e9 un veci\u00f1o da \u00e1rea sanitaria de Vigo de 50 anos de idade, que despois de 9 d\u00edas hospitalizado logrou superar o coronavirus <a class=\"mh-excerpt-more\" href=\"https:\/\/www.anovapeneira.gal\/index.php\/2020\/04\/09\/c-l-vecino-da-area-de-vigo-que-superou-o-coronavirus\/\" title=\"C.L veci\u00f1o da \u00e1rea de vigo que superou o coronavirus\">[&#8230;]<\/a><\/p>\n<\/div>","protected":false},"author":3,"featured_media":2900,"comment_status":"open","ping_status":"open","sticky":false,"template":"","format":"standard","meta":{"_exactmetrics_skip_tracking":false,"_exactmetrics_sitenote_active":false,"_exactmetrics_sitenote_note":"","_exactmetrics_sitenote_category":0,"footnotes":""},"categories":[19],"tags":[227,1006],"class_list":{"0":"post-2899","1":"post","2":"type-post","3":"status-publish","4":"format-standard","5":"has-post-thumbnail","7":"category-vigo","8":"tag-concello-de-vigo","9":"tag-covid19"},"yoast_head":"<!-- This site is optimized with the Yoast SEO plugin v27.4 - https:\/\/yoast.com\/product\/yoast-seo-wordpress\/ -->\n<title>C.L veci\u00f1o da \u00e1rea de vigo que superou o coronavirus -<\/title>\n<meta name=\"robots\" content=\"index, follow, max-snippet:-1, max-image-preview:large, max-video-preview:-1\" \/>\n<link rel=\"canonical\" href=\"https:\/\/www.anovapeneira.gal\/index.php\/2020\/04\/09\/c-l-vecino-da-area-de-vigo-que-superou-o-coronavirus\/\" \/>\n<meta property=\"og:locale\" content=\"gl_ES\" \/>\n<meta property=\"og:type\" content=\"article\" \/>\n<meta property=\"og:title\" content=\"C.L veci\u00f1o da \u00e1rea de vigo que superou o coronavirus -\" \/>\n<meta property=\"og:description\" content=\"C.L \u00e9 un veci\u00f1o da \u00e1rea sanitaria de Vigo de 50 anos de idade, que despois de 9 d\u00edas hospitalizado logrou superar o coronavirus [...]\" \/>\n<meta property=\"og:url\" content=\"https:\/\/www.anovapeneira.gal\/index.php\/2020\/04\/09\/c-l-vecino-da-area-de-vigo-que-superou-o-coronavirus\/\" \/>\n<meta property=\"article:publisher\" content=\"https:\/\/www.facebook.com\/anovapeneira\" \/>\n<meta property=\"article:published_time\" content=\"2020-04-09T08:00:07+00:00\" \/>\n<meta property=\"og:image\" content=\"https:\/\/www.anovapeneira.gal\/wp-content\/uploads\/2020\/04\/hospital_cunqueiro_vigo_a_nova_peneira.jpg\" \/>\n\t<meta property=\"og:image:width\" content=\"720\" \/>\n\t<meta property=\"og:image:height\" content=\"432\" \/>\n\t<meta property=\"og:image:type\" content=\"image\/jpeg\" \/>\n<meta name=\"author\" content=\"Redacci\u00f3n A Nova Peneira\" \/>\n<meta name=\"twitter:card\" content=\"summary_large_image\" \/>\n<meta name=\"twitter:creator\" content=\"@APeneira\" \/>\n<meta name=\"twitter:site\" content=\"@APeneira\" \/>\n<meta name=\"twitter:label1\" content=\"Escrito por\" \/>\n\t<meta name=\"twitter:data1\" content=\"Redacci\u00f3n A Nova Peneira\" \/>\n\t<meta name=\"twitter:label2\" content=\"Tempo de lectura\" \/>\n\t<meta name=\"twitter:data2\" content=\"5 minutos\" \/>\n<script type=\"application\/ld+json\" class=\"yoast-schema-graph\">{\"@context\":\"https:\\\/\\\/schema.org\",\"@graph\":[{\"@type\":\"Article\",\"@id\":\"https:\\\/\\\/www.anovapeneira.gal\\\/index.php\\\/2020\\\/04\\\/09\\\/c-l-vecino-da-area-de-vigo-que-superou-o-coronavirus\\\/#article\",\"isPartOf\":{\"@id\":\"https:\\\/\\\/www.anovapeneira.gal\\\/index.php\\\/2020\\\/04\\\/09\\\/c-l-vecino-da-area-de-vigo-que-superou-o-coronavirus\\\/\"},\"author\":{\"name\":\"Redacci\u00f3n A Nova Peneira\",\"@id\":\"https:\\\/\\\/www.anovapeneira.gal\\\/#\\\/schema\\\/person\\\/b93e3f8932e3f8da96334607eb6ac6aa\"},\"headline\":\"C.L veci\u00f1o da \u00e1rea de vigo que superou o coronavirus\",\"datePublished\":\"2020-04-09T08:00:07+00:00\",\"mainEntityOfPage\":{\"@id\":\"https:\\\/\\\/www.anovapeneira.gal\\\/index.php\\\/2020\\\/04\\\/09\\\/c-l-vecino-da-area-de-vigo-que-superou-o-coronavirus\\\/\"},\"wordCount\":923,\"commentCount\":0,\"publisher\":{\"@id\":\"https:\\\/\\\/www.anovapeneira.gal\\\/#organization\"},\"image\":{\"@id\":\"https:\\\/\\\/www.anovapeneira.gal\\\/index.php\\\/2020\\\/04\\\/09\\\/c-l-vecino-da-area-de-vigo-que-superou-o-coronavirus\\\/#primaryimage\"},\"thumbnailUrl\":\"https:\\\/\\\/www.anovapeneira.gal\\\/wp-content\\\/uploads\\\/2020\\\/04\\\/hospital_cunqueiro_vigo_a_nova_peneira.jpg\",\"keywords\":[\"Concello de Vigo\",\"COVID19\"],\"articleSection\":[\"Vigo\"],\"inLanguage\":\"gl-ES\",\"potentialAction\":[{\"@type\":\"CommentAction\",\"name\":\"Comment\",\"target\":[\"https:\\\/\\\/www.anovapeneira.gal\\\/index.php\\\/2020\\\/04\\\/09\\\/c-l-vecino-da-area-de-vigo-que-superou-o-coronavirus\\\/#respond\"]}]},{\"@type\":\"WebPage\",\"@id\":\"https:\\\/\\\/www.anovapeneira.gal\\\/index.php\\\/2020\\\/04\\\/09\\\/c-l-vecino-da-area-de-vigo-que-superou-o-coronavirus\\\/\",\"url\":\"https:\\\/\\\/www.anovapeneira.gal\\\/index.php\\\/2020\\\/04\\\/09\\\/c-l-vecino-da-area-de-vigo-que-superou-o-coronavirus\\\/\",\"name\":\"C.L veci\u00f1o da \u00e1rea de vigo que superou o coronavirus -\",\"isPartOf\":{\"@id\":\"https:\\\/\\\/www.anovapeneira.gal\\\/#website\"},\"primaryImageOfPage\":{\"@id\":\"https:\\\/\\\/www.anovapeneira.gal\\\/index.php\\\/2020\\\/04\\\/09\\\/c-l-vecino-da-area-de-vigo-que-superou-o-coronavirus\\\/#primaryimage\"},\"image\":{\"@id\":\"https:\\\/\\\/www.anovapeneira.gal\\\/index.php\\\/2020\\\/04\\\/09\\\/c-l-vecino-da-area-de-vigo-que-superou-o-coronavirus\\\/#primaryimage\"},\"thumbnailUrl\":\"https:\\\/\\\/www.anovapeneira.gal\\\/wp-content\\\/uploads\\\/2020\\\/04\\\/hospital_cunqueiro_vigo_a_nova_peneira.jpg\",\"datePublished\":\"2020-04-09T08:00:07+00:00\",\"breadcrumb\":{\"@id\":\"https:\\\/\\\/www.anovapeneira.gal\\\/index.php\\\/2020\\\/04\\\/09\\\/c-l-vecino-da-area-de-vigo-que-superou-o-coronavirus\\\/#breadcrumb\"},\"inLanguage\":\"gl-ES\",\"potentialAction\":[{\"@type\":\"ReadAction\",\"target\":[\"https:\\\/\\\/www.anovapeneira.gal\\\/index.php\\\/2020\\\/04\\\/09\\\/c-l-vecino-da-area-de-vigo-que-superou-o-coronavirus\\\/\"]}]},{\"@type\":\"ImageObject\",\"inLanguage\":\"gl-ES\",\"@id\":\"https:\\\/\\\/www.anovapeneira.gal\\\/index.php\\\/2020\\\/04\\\/09\\\/c-l-vecino-da-area-de-vigo-que-superou-o-coronavirus\\\/#primaryimage\",\"url\":\"https:\\\/\\\/www.anovapeneira.gal\\\/wp-content\\\/uploads\\\/2020\\\/04\\\/hospital_cunqueiro_vigo_a_nova_peneira.jpg\",\"contentUrl\":\"https:\\\/\\\/www.anovapeneira.gal\\\/wp-content\\\/uploads\\\/2020\\\/04\\\/hospital_cunqueiro_vigo_a_nova_peneira.jpg\",\"width\":720,\"height\":432,\"caption\":\"Fotograf\u00eda segas.gal\"},{\"@type\":\"BreadcrumbList\",\"@id\":\"https:\\\/\\\/www.anovapeneira.gal\\\/index.php\\\/2020\\\/04\\\/09\\\/c-l-vecino-da-area-de-vigo-que-superou-o-coronavirus\\\/#breadcrumb\",\"itemListElement\":[{\"@type\":\"ListItem\",\"position\":1,\"name\":\"Portada\",\"item\":\"https:\\\/\\\/www.anovapeneira.gal\\\/\"},{\"@type\":\"ListItem\",\"position\":2,\"name\":\"C.L veci\u00f1o da \u00e1rea de vigo que superou o coronavirus\"}]},{\"@type\":\"WebSite\",\"@id\":\"https:\\\/\\\/www.anovapeneira.gal\\\/#website\",\"url\":\"https:\\\/\\\/www.anovapeneira.gal\\\/\",\"name\":\"\",\"description\":\"Xornal galego de informaci\u00f3n xeral Publicaci\u00f3n mensual de novas de Galicia e en especial dos Concellos da sur da provincia de Pontevedra.\",\"publisher\":{\"@id\":\"https:\\\/\\\/www.anovapeneira.gal\\\/#organization\"},\"potentialAction\":[{\"@type\":\"SearchAction\",\"target\":{\"@type\":\"EntryPoint\",\"urlTemplate\":\"https:\\\/\\\/www.anovapeneira.gal\\\/?s={search_term_string}\"},\"query-input\":{\"@type\":\"PropertyValueSpecification\",\"valueRequired\":true,\"valueName\":\"search_term_string\"}}],\"inLanguage\":\"gl-ES\"},{\"@type\":\"Organization\",\"@id\":\"https:\\\/\\\/www.anovapeneira.gal\\\/#organization\",\"name\":\"A Nova Peneira\",\"url\":\"https:\\\/\\\/www.anovapeneira.gal\\\/\",\"logo\":{\"@type\":\"ImageObject\",\"inLanguage\":\"gl-ES\",\"@id\":\"https:\\\/\\\/www.anovapeneira.gal\\\/#\\\/schema\\\/logo\\\/image\\\/\",\"url\":\"http:\\\/\\\/www.anovapeneira.gal\\\/wp-content\\\/uploads\\\/2019\\\/06\\\/logo_a_nova_peneira_portal_web.png\",\"contentUrl\":\"http:\\\/\\\/www.anovapeneira.gal\\\/wp-content\\\/uploads\\\/2019\\\/06\\\/logo_a_nova_peneira_portal_web.png\",\"width\":300,\"height\":100,\"caption\":\"A Nova Peneira\"},\"image\":{\"@id\":\"https:\\\/\\\/www.anovapeneira.gal\\\/#\\\/schema\\\/logo\\\/image\\\/\"},\"sameAs\":[\"https:\\\/\\\/www.facebook.com\\\/anovapeneira\",\"https:\\\/\\\/x.com\\\/APeneira\"]},{\"@type\":\"Person\",\"@id\":\"https:\\\/\\\/www.anovapeneira.gal\\\/#\\\/schema\\\/person\\\/b93e3f8932e3f8da96334607eb6ac6aa\",\"name\":\"Redacci\u00f3n A Nova Peneira\",\"image\":{\"@type\":\"ImageObject\",\"inLanguage\":\"gl-ES\",\"@id\":\"https:\\\/\\\/secure.gravatar.com\\\/avatar\\\/c052a2551a06e23fac63626232eaa90abd78dbcf1700fc46a2b2c89fd27b735f?s=96&d=mm&r=g\",\"url\":\"https:\\\/\\\/secure.gravatar.com\\\/avatar\\\/c052a2551a06e23fac63626232eaa90abd78dbcf1700fc46a2b2c89fd27b735f?s=96&d=mm&r=g\",\"contentUrl\":\"https:\\\/\\\/secure.gravatar.com\\\/avatar\\\/c052a2551a06e23fac63626232eaa90abd78dbcf1700fc46a2b2c89fd27b735f?s=96&d=mm&r=g\",\"caption\":\"Redacci\u00f3n A Nova Peneira\"},\"sameAs\":[\"http:\\\/\\\/www.anovapeneira.gal\\\/\"],\"url\":\"https:\\\/\\\/www.anovapeneira.gal\\\/index.php\\\/author\\\/redactor\\\/\"}]}<\/script>\n<!-- \/ Yoast SEO plugin. -->","yoast_head_json":{"title":"C.L veci\u00f1o da \u00e1rea de vigo que superou o coronavirus -","robots":{"index":"index","follow":"follow","max-snippet":"max-snippet:-1","max-image-preview":"max-image-preview:large","max-video-preview":"max-video-preview:-1"},"canonical":"https:\/\/www.anovapeneira.gal\/index.php\/2020\/04\/09\/c-l-vecino-da-area-de-vigo-que-superou-o-coronavirus\/","og_locale":"gl_ES","og_type":"article","og_title":"C.L veci\u00f1o da \u00e1rea de vigo que superou o coronavirus -","og_description":"C.L \u00e9 un veci\u00f1o da \u00e1rea sanitaria de Vigo de 50 anos de idade, que despois de 9 d\u00edas hospitalizado logrou superar o coronavirus [...]","og_url":"https:\/\/www.anovapeneira.gal\/index.php\/2020\/04\/09\/c-l-vecino-da-area-de-vigo-que-superou-o-coronavirus\/","article_publisher":"https:\/\/www.facebook.com\/anovapeneira","article_published_time":"2020-04-09T08:00:07+00:00","og_image":[{"width":720,"height":432,"url":"https:\/\/www.anovapeneira.gal\/wp-content\/uploads\/2020\/04\/hospital_cunqueiro_vigo_a_nova_peneira.jpg","type":"image\/jpeg"}],"author":"Redacci\u00f3n A Nova Peneira","twitter_card":"summary_large_image","twitter_creator":"@APeneira","twitter_site":"@APeneira","twitter_misc":{"Escrito por":"Redacci\u00f3n A Nova Peneira","Tempo de lectura":"5 minutos"},"schema":{"@context":"https:\/\/schema.org","@graph":[{"@type":"Article","@id":"https:\/\/www.anovapeneira.gal\/index.php\/2020\/04\/09\/c-l-vecino-da-area-de-vigo-que-superou-o-coronavirus\/#article","isPartOf":{"@id":"https:\/\/www.anovapeneira.gal\/index.php\/2020\/04\/09\/c-l-vecino-da-area-de-vigo-que-superou-o-coronavirus\/"},"author":{"name":"Redacci\u00f3n A Nova Peneira","@id":"https:\/\/www.anovapeneira.gal\/#\/schema\/person\/b93e3f8932e3f8da96334607eb6ac6aa"},"headline":"C.L veci\u00f1o da \u00e1rea de vigo que superou o coronavirus","datePublished":"2020-04-09T08:00:07+00:00","mainEntityOfPage":{"@id":"https:\/\/www.anovapeneira.gal\/index.php\/2020\/04\/09\/c-l-vecino-da-area-de-vigo-que-superou-o-coronavirus\/"},"wordCount":923,"commentCount":0,"publisher":{"@id":"https:\/\/www.anovapeneira.gal\/#organization"},"image":{"@id":"https:\/\/www.anovapeneira.gal\/index.php\/2020\/04\/09\/c-l-vecino-da-area-de-vigo-que-superou-o-coronavirus\/#primaryimage"},"thumbnailUrl":"https:\/\/www.anovapeneira.gal\/wp-content\/uploads\/2020\/04\/hospital_cunqueiro_vigo_a_nova_peneira.jpg","keywords":["Concello de Vigo","COVID19"],"articleSection":["Vigo"],"inLanguage":"gl-ES","potentialAction":[{"@type":"CommentAction","name":"Comment","target":["https:\/\/www.anovapeneira.gal\/index.php\/2020\/04\/09\/c-l-vecino-da-area-de-vigo-que-superou-o-coronavirus\/#respond"]}]},{"@type":"WebPage","@id":"https:\/\/www.anovapeneira.gal\/index.php\/2020\/04\/09\/c-l-vecino-da-area-de-vigo-que-superou-o-coronavirus\/","url":"https:\/\/www.anovapeneira.gal\/index.php\/2020\/04\/09\/c-l-vecino-da-area-de-vigo-que-superou-o-coronavirus\/","name":"C.L veci\u00f1o da \u00e1rea de vigo que superou o coronavirus -","isPartOf":{"@id":"https:\/\/www.anovapeneira.gal\/#website"},"primaryImageOfPage":{"@id":"https:\/\/www.anovapeneira.gal\/index.php\/2020\/04\/09\/c-l-vecino-da-area-de-vigo-que-superou-o-coronavirus\/#primaryimage"},"image":{"@id":"https:\/\/www.anovapeneira.gal\/index.php\/2020\/04\/09\/c-l-vecino-da-area-de-vigo-que-superou-o-coronavirus\/#primaryimage"},"thumbnailUrl":"https:\/\/www.anovapeneira.gal\/wp-content\/uploads\/2020\/04\/hospital_cunqueiro_vigo_a_nova_peneira.jpg","datePublished":"2020-04-09T08:00:07+00:00","breadcrumb":{"@id":"https:\/\/www.anovapeneira.gal\/index.php\/2020\/04\/09\/c-l-vecino-da-area-de-vigo-que-superou-o-coronavirus\/#breadcrumb"},"inLanguage":"gl-ES","potentialAction":[{"@type":"ReadAction","target":["https:\/\/www.anovapeneira.gal\/index.php\/2020\/04\/09\/c-l-vecino-da-area-de-vigo-que-superou-o-coronavirus\/"]}]},{"@type":"ImageObject","inLanguage":"gl-ES","@id":"https:\/\/www.anovapeneira.gal\/index.php\/2020\/04\/09\/c-l-vecino-da-area-de-vigo-que-superou-o-coronavirus\/#primaryimage","url":"https:\/\/www.anovapeneira.gal\/wp-content\/uploads\/2020\/04\/hospital_cunqueiro_vigo_a_nova_peneira.jpg","contentUrl":"https:\/\/www.anovapeneira.gal\/wp-content\/uploads\/2020\/04\/hospital_cunqueiro_vigo_a_nova_peneira.jpg","width":720,"height":432,"caption":"Fotograf\u00eda segas.gal"},{"@type":"BreadcrumbList","@id":"https:\/\/www.anovapeneira.gal\/index.php\/2020\/04\/09\/c-l-vecino-da-area-de-vigo-que-superou-o-coronavirus\/#breadcrumb","itemListElement":[{"@type":"ListItem","position":1,"name":"Portada","item":"https:\/\/www.anovapeneira.gal\/"},{"@type":"ListItem","position":2,"name":"C.L veci\u00f1o da \u00e1rea de vigo que superou o coronavirus"}]},{"@type":"WebSite","@id":"https:\/\/www.anovapeneira.gal\/#website","url":"https:\/\/www.anovapeneira.gal\/","name":"","description":"Xornal galego de informaci\u00f3n xeral Publicaci\u00f3n mensual de novas de Galicia e en especial dos Concellos da sur da provincia de Pontevedra.","publisher":{"@id":"https:\/\/www.anovapeneira.gal\/#organization"},"potentialAction":[{"@type":"SearchAction","target":{"@type":"EntryPoint","urlTemplate":"https:\/\/www.anovapeneira.gal\/?s={search_term_string}"},"query-input":{"@type":"PropertyValueSpecification","valueRequired":true,"valueName":"search_term_string"}}],"inLanguage":"gl-ES"},{"@type":"Organization","@id":"https:\/\/www.anovapeneira.gal\/#organization","name":"A Nova Peneira","url":"https:\/\/www.anovapeneira.gal\/","logo":{"@type":"ImageObject","inLanguage":"gl-ES","@id":"https:\/\/www.anovapeneira.gal\/#\/schema\/logo\/image\/","url":"http:\/\/www.anovapeneira.gal\/wp-content\/uploads\/2019\/06\/logo_a_nova_peneira_portal_web.png","contentUrl":"http:\/\/www.anovapeneira.gal\/wp-content\/uploads\/2019\/06\/logo_a_nova_peneira_portal_web.png","width":300,"height":100,"caption":"A Nova Peneira"},"image":{"@id":"https:\/\/www.anovapeneira.gal\/#\/schema\/logo\/image\/"},"sameAs":["https:\/\/www.facebook.com\/anovapeneira","https:\/\/x.com\/APeneira"]},{"@type":"Person","@id":"https:\/\/www.anovapeneira.gal\/#\/schema\/person\/b93e3f8932e3f8da96334607eb6ac6aa","name":"Redacci\u00f3n A Nova Peneira","image":{"@type":"ImageObject","inLanguage":"gl-ES","@id":"https:\/\/secure.gravatar.com\/avatar\/c052a2551a06e23fac63626232eaa90abd78dbcf1700fc46a2b2c89fd27b735f?s=96&d=mm&r=g","url":"https:\/\/secure.gravatar.com\/avatar\/c052a2551a06e23fac63626232eaa90abd78dbcf1700fc46a2b2c89fd27b735f?s=96&d=mm&r=g","contentUrl":"https:\/\/secure.gravatar.com\/avatar\/c052a2551a06e23fac63626232eaa90abd78dbcf1700fc46a2b2c89fd27b735f?s=96&d=mm&r=g","caption":"Redacci\u00f3n A Nova Peneira"},"sameAs":["http:\/\/www.anovapeneira.gal\/"],"url":"https:\/\/www.anovapeneira.gal\/index.php\/author\/redactor\/"}]}},"jetpack_featured_media_url":"https:\/\/www.anovapeneira.gal\/wp-content\/uploads\/2020\/04\/hospital_cunqueiro_vigo_a_nova_peneira.jpg","_links":{"self":[{"href":"https:\/\/www.anovapeneira.gal\/index.php\/wp-json\/wp\/v2\/posts\/2899","targetHints":{"allow":["GET"]}}],"collection":[{"href":"https:\/\/www.anovapeneira.gal\/index.php\/wp-json\/wp\/v2\/posts"}],"about":[{"href":"https:\/\/www.anovapeneira.gal\/index.php\/wp-json\/wp\/v2\/types\/post"}],"author":[{"embeddable":true,"href":"https:\/\/www.anovapeneira.gal\/index.php\/wp-json\/wp\/v2\/users\/3"}],"replies":[{"embeddable":true,"href":"https:\/\/www.anovapeneira.gal\/index.php\/wp-json\/wp\/v2\/comments?post=2899"}],"version-history":[{"count":1,"href":"https:\/\/www.anovapeneira.gal\/index.php\/wp-json\/wp\/v2\/posts\/2899\/revisions"}],"predecessor-version":[{"id":2901,"href":"https:\/\/www.anovapeneira.gal\/index.php\/wp-json\/wp\/v2\/posts\/2899\/revisions\/2901"}],"wp:featuredmedia":[{"embeddable":true,"href":"https:\/\/www.anovapeneira.gal\/index.php\/wp-json\/wp\/v2\/media\/2900"}],"wp:attachment":[{"href":"https:\/\/www.anovapeneira.gal\/index.php\/wp-json\/wp\/v2\/media?parent=2899"}],"wp:term":[{"taxonomy":"category","embeddable":true,"href":"https:\/\/www.anovapeneira.gal\/index.php\/wp-json\/wp\/v2\/categories?post=2899"},{"taxonomy":"post_tag","embeddable":true,"href":"https:\/\/www.anovapeneira.gal\/index.php\/wp-json\/wp\/v2\/tags?post=2899"}],"curies":[{"name":"wp","href":"https:\/\/api.w.org\/{rel}","templated":true}]}}