{"id":2905,"date":"2020-04-10T10:00:43","date_gmt":"2020-04-10T08:00:43","guid":{"rendered":"http:\/\/www.anovapeneira.gal\/?p=2905"},"modified":"2020-04-09T09:42:57","modified_gmt":"2020-04-09T07:42:57","slug":"juan-gonzalez-alcalde-de-nigran","status":"publish","type":"post","link":"https:\/\/www.anovapeneira.gal\/index.php\/2020\/04\/10\/juan-gonzalez-alcalde-de-nigran\/","title":{"rendered":"Juan Gonz\u00e1lez Alcalde de Nigr\u00e1n"},"content":{"rendered":"\n<p><strong>Non escollemos un d\u00eda moi apropiado para falarmos, pois seica tivemos a desgraza de que un polic\u00eda municipal do teu concello faleceu hoxe de maneira inesperada?<\/strong><\/p>\n\n\n\n<blockquote class=\"wp-block-quote is-layout-flow wp-block-quote-is-layout-flow\"><p>Si, ultimamente os d\u00edas non son especialmente alegres, pero se cadra hoxe \u00e9 peor a\u00ednda ,pois esta noite un polic\u00eda local que levaba moito tempo con n\u00f3s, e que asemade era un traballador exemplar, faleceu dun ataque ao coraz\u00f3n na s\u00faa casa. Aproveito a oportunidade para expresar as mi\u00f1as condolencias m\u00e1is sentidas \u00e1 s\u00faa familia.<\/p><\/blockquote>\n\n\n\n<p><strong>Esta situaci\u00f3n non \u00e9 f\u00e1cil para ningu\u00e9n, pero os alcaldes e alcaldesas tedes unha enorme responsabilidade enriba vosa. Como vas ti de \u00e1nimos?<\/strong><\/p>\n\n\n\n<blockquote class=\"wp-block-quote is-layout-flow wp-block-quote-is-layout-flow\"><p>Eu estou moi ben de \u00e1nimos. Son moi consciente da mi\u00f1a responsabilidade e desde logo estou preocupado, e ocupado en que as veci\u00f1as e veci\u00f1os que poidan enfermar sexan os menos posibles, pois o m\u00e1is grave non \u00e9 ter que estar na casa, o m\u00e1is grave ser\u00eda non podermos estar nas nosas casas por estarmos enfermos.<\/p><\/blockquote>\n\n\n\n<p><strong>Que medidas est\u00e1 a tomar o concello para botar unha man aos segmentos da poboaci\u00f3n que peor o poden estar a pasar nestes dif\u00edciles momentos?<\/strong><\/p>\n\n\n\n<blockquote class=\"wp-block-quote is-layout-flow wp-block-quote-is-layout-flow\"><p>Temos un servizo de atenci\u00f3n directo non, direct\u00edsimo, coa nosa veci\u00f1anza que poida precisar axuda, todas a s semanas estamos con eles. Ti\u00f1amos un grupo de usuarios que precisaban axuda dos servizos sociais, agora, polas circunstancias obvias, o seu n\u00famero \u00e9 maior. E n\u00f3s imos casa por casa a brindarlles a axuda que puidesen precisar. Te\u00f1o que agradecer a implicaci\u00f3n intensa dos concelleiros, que en boa medida asumen esta labor persoalmente para minimizar os riscos de contaxio \u00e1s persoas voluntarias que tam\u00e9n asumen este tipo de labor asistencial. Iso en canto \u00e1s persoas de menos recursos econ\u00f3micos, no que respecta \u00e1s persoas maiores e ou con problemas de mobilidade, desde o Concello fac\u00e9moslle a compra e lev\u00e1moslla a casa. E por \u00faltimo potenciamos ao m\u00e1ximo nivel o servizo de axuda no fogar cunhas traballadoras, que, te\u00f1o que dicir, son un exemplo.<\/p><\/blockquote>\n\n\n\n<p><strong>Levar m\u00e1is dun mes confinados nas nosas casas require un elevado grao de compromiso c\u00edvico. Est\u00e1s satisfeito do nivel de civismo que est\u00e1 a amosar de momento a sociedade de Nigr\u00e1n?<\/strong><\/p>\n\n\n\n<blockquote class=\"wp-block-quote is-layout-flow wp-block-quote-is-layout-flow\"><p>Estou m\u00e1is ca satisfeito, estou enormemente contento, non s\u00f3 de como se comporta a sociedade do meu pobo sen\u00f3n de como o fai a sociedade en li\u00f1as xerais. Esta \u00e9 unha situaci\u00f3n absolutamente nova, non a viviu antes ningunha persoa nunca, e o comportamento c\u00edvico, en li\u00f1as xerais est\u00e1 a ser exemplar. Pode haber excepci\u00f3ns, e incluso as circunstancias de cada un en calquera momento nos poden levar a cometer alg\u00fan erro, pero eu nin son xu\u00edz nin o vou ser, e como che dixen, o nivel de civismo que observo, en li\u00f1as xerais, par\u00e9ceme admirable.<\/p><\/blockquote>\n\n\n\n<p><strong>En zonas esencialmente tur\u00edsticas, como pode ser por exemplo o teu concello ,existe certa tensi\u00f3n, incluso certo nivel de alarma social sobre grupos de persoas doutras zonas de estado que se desprazan a segundas residencias. Que percepci\u00f3n ten o alcalde de Nigr\u00e1n agora que comeza a semana santa?<\/strong><\/p>\n\n\n\n<blockquote class=\"wp-block-quote is-layout-flow wp-block-quote-is-layout-flow\"><p>No que respecta \u00e1 presenza f\u00edsica polas r\u00faas, non se nota nada. Se cadra pode percibirse algo nalg\u00fan supermercado no que si hai algunha xente de f\u00f3ra que acode a mercar. Quero dicir que o traballo das forzas de seguridade, no control do respecto que todos debemos gardar das instruci\u00f3ns das autoridades sanitarias, tanto da polic\u00eda local como da garda civil, est\u00e1 sendo magn\u00edfico, eu dir\u00eda sobresa\u00ednte. Te\u00f1o tido a oportunidade de velos traballar e o grao de solvencia, pedagox\u00eda e ata delicadeza co que desenvolven a s\u00faa responsabilidade \u00e9 espectacular. Con isto quero dicir que as propias forzas de seguridade saben moi ben como ter\u00edan que actuar no caso de que houbese persoas que incumpriran as normas e vi\u00f1esen \u00e1s segundas residencias, e que os veci\u00f1os non debemos actuar a modo de polic\u00edas ,pois nin o somos, nin en moitas ocasi\u00f3ns co\u00f1ecemos as circunstancias persoais de quen vive ao noso car\u00f3n.<\/p><\/blockquote>\n\n\n\n<p><strong>Cal \u00e9 a situaci\u00f3n da residencia de Patos?<\/strong><\/p>\n\n\n\n<blockquote class=\"wp-block-quote is-layout-flow wp-block-quote-is-layout-flow\"><p>Pois n\u00f3s comunicamos \u00e1 Xunta que ti\u00f1amos esa marabillosa residencia con habitaci\u00f3ns individuais, con vistas ao mar e nunhas moi boas condici\u00f3ns para o que fixera falta, e a Xunta derivou al\u00ed persoas de residencias creo que de Vigo e de Cangas. Son persoas maiores que est\u00e1n sas , de todas maneiras non supor\u00eda ning\u00fan problema pola mi\u00f1a banda que trouxeran a algunha que estivese enferma. Eu creo que sempre c\u00f3mpre ter empat\u00eda cos que poidan estar sufrindo e se nos pasase a n\u00f3s, a ningu\u00e9n nos gustar\u00eda que nos tratasen como apestados.A residencia de Patos ten unhas condici\u00f3ns moi boas, e desde logo se ma ofreceran para un familiar meu, non o dubidar\u00eda en ning\u00fan momento.<\/p><\/blockquote>\n\n\n\n<p><strong>Tes constatado o n\u00famero de positivos que hai no Concello?<\/strong><\/p>\n\n\n\n<blockquote class=\"wp-block-quote is-layout-flow wp-block-quote-is-layout-flow\"><p>Non, o n\u00famero exacto non. Sei que m\u00e1is ou menos est\u00e1n na media dos que hai en toda Galicia.<\/p><\/blockquote>\n\n\n\n<p><strong>O confinamento prolongado pode levar ao crack psicol\u00f3xico \u00e1s persoas que m\u00e1is lles custe aguantar, algunha mensaxe en positivo ao respecto?<\/strong><\/p>\n\n\n\n<blockquote class=\"wp-block-quote is-layout-flow wp-block-quote-is-layout-flow\"><p>Eu far\u00eda fincap\u00e9 en d\u00faas ideas: A transitoriedade, e a necesidade que todos temos do benestar das persoas que queremos. Esta situaci\u00f3n dure m\u00e1is ou dure menos, \u00e9 transitoria, e canto m\u00e1is responsablemente cumpramos as indicaci\u00f3ns sanitarias, menos durar\u00e1. E todos precisamos que os noso seres queridos estean ben, protex\u00e1monos todos a todos con responsabilidade e contribuiremos a que os nosos estean protexidos tam\u00e9n. \u00c9 dif\u00edcil, desde logo que si, desde o Concello de Nigr\u00e1n sab\u00e9molo e manifestamos o compromiso de non deixar a ningu\u00e9n atr\u00e1s. Se alg\u00fan veci\u00f1o precisa asistencia psicol\u00f3xica que por favor nola pida, e teraa.<\/p><\/blockquote>\n\n\n\n<p><strong>Remato Juan, todos os anos te\u00f1o o costume de entrevistar a Felipe e facer unha reportaxe do marabilloso Nigr\u00e1n Jazz ,agardo que este ano non sexa unha excepci\u00f3n?<\/strong><\/p>\n\n\n\n<blockquote class=\"wp-block-quote is-layout-flow wp-block-quote-is-layout-flow\"><p>Eu agardo o mesmo ca ti. Pero claro, este ano vai ser un ano diferente en relaci\u00f3n coas moitas actividades de ver\u00e1n que habitualmente facemos, algunhas por desgraza non se poder\u00e1n facer. Nigr\u00e1n Jazz \u00e9 a finais de Xullo, eu espero que para esa data non haxa problema.<\/p><\/blockquote>\n","protected":false},"excerpt":{"rendered":"<div class=\"mh-excerpt\"><p>Non escollemos un d\u00eda moi apropiado para falarmos, pois seica tivemos a desgraza de que un polic\u00eda municipal do teu concello faleceu hoxe de maneira inesperada <a class=\"mh-excerpt-more\" href=\"https:\/\/www.anovapeneira.gal\/index.php\/2020\/04\/10\/juan-gonzalez-alcalde-de-nigran\/\" title=\"Juan Gonz\u00e1lez Alcalde de Nigr\u00e1n\">[&#8230;]<\/a><\/p>\n<\/div>","protected":false},"author":3,"featured_media":2907,"comment_status":"open","ping_status":"open","sticky":false,"template":"","format":"standard","meta":{"_exactmetrics_skip_tracking":false,"_exactmetrics_sitenote_active":false,"_exactmetrics_sitenote_note":"","_exactmetrics_sitenote_category":0,"footnotes":""},"categories":[20],"tags":[135,1025],"class_list":{"0":"post-2905","1":"post","2":"type-post","3":"status-publish","4":"format-standard","5":"has-post-thumbnail","7":"category-val-minor","8":"tag-concello-de-nigran","9":"tag-juan-gonzalez"},"yoast_head":"<!-- This site is optimized with the Yoast SEO plugin v27.4 - https:\/\/yoast.com\/product\/yoast-seo-wordpress\/ -->\n<title>Juan Gonz\u00e1lez Alcalde de Nigr\u00e1n -<\/title>\n<meta name=\"robots\" content=\"index, follow, max-snippet:-1, max-image-preview:large, max-video-preview:-1\" \/>\n<link rel=\"canonical\" href=\"https:\/\/www.anovapeneira.gal\/index.php\/2020\/04\/10\/juan-gonzalez-alcalde-de-nigran\/\" \/>\n<meta property=\"og:locale\" content=\"gl_ES\" \/>\n<meta property=\"og:type\" content=\"article\" \/>\n<meta property=\"og:title\" content=\"Juan Gonz\u00e1lez Alcalde de Nigr\u00e1n -\" \/>\n<meta property=\"og:description\" content=\"Non escollemos un d\u00eda moi apropiado para falarmos, pois seica tivemos a desgraza de que un polic\u00eda municipal do teu concello faleceu hoxe de maneira inesperada [...]\" \/>\n<meta property=\"og:url\" content=\"https:\/\/www.anovapeneira.gal\/index.php\/2020\/04\/10\/juan-gonzalez-alcalde-de-nigran\/\" \/>\n<meta property=\"article:publisher\" content=\"https:\/\/www.facebook.com\/anovapeneira\" \/>\n<meta property=\"article:published_time\" content=\"2020-04-10T08:00:43+00:00\" \/>\n<meta property=\"og:image\" content=\"https:\/\/www.anovapeneira.gal\/wp-content\/uploads\/2020\/04\/alcalde_nigran_a_nova_peneira.jpg\" \/>\n\t<meta property=\"og:image:width\" content=\"720\" \/>\n\t<meta property=\"og:image:height\" content=\"432\" \/>\n\t<meta property=\"og:image:type\" content=\"image\/jpeg\" \/>\n<meta name=\"author\" content=\"Redacci\u00f3n A Nova Peneira\" \/>\n<meta name=\"twitter:card\" content=\"summary_large_image\" \/>\n<meta name=\"twitter:creator\" content=\"@APeneira\" \/>\n<meta name=\"twitter:site\" content=\"@APeneira\" \/>\n<meta name=\"twitter:label1\" content=\"Escrito por\" \/>\n\t<meta name=\"twitter:data1\" content=\"Redacci\u00f3n A Nova Peneira\" \/>\n\t<meta name=\"twitter:label2\" content=\"Tempo de lectura\" \/>\n\t<meta name=\"twitter:data2\" content=\"6 minutos\" \/>\n<script type=\"application\/ld+json\" class=\"yoast-schema-graph\">{\"@context\":\"https:\\\/\\\/schema.org\",\"@graph\":[{\"@type\":\"Article\",\"@id\":\"https:\\\/\\\/www.anovapeneira.gal\\\/index.php\\\/2020\\\/04\\\/10\\\/juan-gonzalez-alcalde-de-nigran\\\/#article\",\"isPartOf\":{\"@id\":\"https:\\\/\\\/www.anovapeneira.gal\\\/index.php\\\/2020\\\/04\\\/10\\\/juan-gonzalez-alcalde-de-nigran\\\/\"},\"author\":{\"name\":\"Redacci\u00f3n A Nova Peneira\",\"@id\":\"https:\\\/\\\/www.anovapeneira.gal\\\/#\\\/schema\\\/person\\\/b93e3f8932e3f8da96334607eb6ac6aa\"},\"headline\":\"Juan Gonz\u00e1lez Alcalde de Nigr\u00e1n\",\"datePublished\":\"2020-04-10T08:00:43+00:00\",\"mainEntityOfPage\":{\"@id\":\"https:\\\/\\\/www.anovapeneira.gal\\\/index.php\\\/2020\\\/04\\\/10\\\/juan-gonzalez-alcalde-de-nigran\\\/\"},\"wordCount\":1117,\"commentCount\":0,\"publisher\":{\"@id\":\"https:\\\/\\\/www.anovapeneira.gal\\\/#organization\"},\"image\":{\"@id\":\"https:\\\/\\\/www.anovapeneira.gal\\\/index.php\\\/2020\\\/04\\\/10\\\/juan-gonzalez-alcalde-de-nigran\\\/#primaryimage\"},\"thumbnailUrl\":\"https:\\\/\\\/www.anovapeneira.gal\\\/wp-content\\\/uploads\\\/2020\\\/04\\\/alcalde_nigran_a_nova_peneira.jpg\",\"keywords\":[\"Concello de Nigr\u00e1n\",\"Juan Gonz\u00e1lez\"],\"articleSection\":[\"Val Mi\u00f1or\"],\"inLanguage\":\"gl-ES\",\"potentialAction\":[{\"@type\":\"CommentAction\",\"name\":\"Comment\",\"target\":[\"https:\\\/\\\/www.anovapeneira.gal\\\/index.php\\\/2020\\\/04\\\/10\\\/juan-gonzalez-alcalde-de-nigran\\\/#respond\"]}]},{\"@type\":\"WebPage\",\"@id\":\"https:\\\/\\\/www.anovapeneira.gal\\\/index.php\\\/2020\\\/04\\\/10\\\/juan-gonzalez-alcalde-de-nigran\\\/\",\"url\":\"https:\\\/\\\/www.anovapeneira.gal\\\/index.php\\\/2020\\\/04\\\/10\\\/juan-gonzalez-alcalde-de-nigran\\\/\",\"name\":\"Juan Gonz\u00e1lez Alcalde de Nigr\u00e1n -\",\"isPartOf\":{\"@id\":\"https:\\\/\\\/www.anovapeneira.gal\\\/#website\"},\"primaryImageOfPage\":{\"@id\":\"https:\\\/\\\/www.anovapeneira.gal\\\/index.php\\\/2020\\\/04\\\/10\\\/juan-gonzalez-alcalde-de-nigran\\\/#primaryimage\"},\"image\":{\"@id\":\"https:\\\/\\\/www.anovapeneira.gal\\\/index.php\\\/2020\\\/04\\\/10\\\/juan-gonzalez-alcalde-de-nigran\\\/#primaryimage\"},\"thumbnailUrl\":\"https:\\\/\\\/www.anovapeneira.gal\\\/wp-content\\\/uploads\\\/2020\\\/04\\\/alcalde_nigran_a_nova_peneira.jpg\",\"datePublished\":\"2020-04-10T08:00:43+00:00\",\"breadcrumb\":{\"@id\":\"https:\\\/\\\/www.anovapeneira.gal\\\/index.php\\\/2020\\\/04\\\/10\\\/juan-gonzalez-alcalde-de-nigran\\\/#breadcrumb\"},\"inLanguage\":\"gl-ES\",\"potentialAction\":[{\"@type\":\"ReadAction\",\"target\":[\"https:\\\/\\\/www.anovapeneira.gal\\\/index.php\\\/2020\\\/04\\\/10\\\/juan-gonzalez-alcalde-de-nigran\\\/\"]}]},{\"@type\":\"ImageObject\",\"inLanguage\":\"gl-ES\",\"@id\":\"https:\\\/\\\/www.anovapeneira.gal\\\/index.php\\\/2020\\\/04\\\/10\\\/juan-gonzalez-alcalde-de-nigran\\\/#primaryimage\",\"url\":\"https:\\\/\\\/www.anovapeneira.gal\\\/wp-content\\\/uploads\\\/2020\\\/04\\\/alcalde_nigran_a_nova_peneira.jpg\",\"contentUrl\":\"https:\\\/\\\/www.anovapeneira.gal\\\/wp-content\\\/uploads\\\/2020\\\/04\\\/alcalde_nigran_a_nova_peneira.jpg\",\"width\":720,\"height\":432,\"caption\":\"Alcalde Nigr\u00e1n A Nova Peneira\"},{\"@type\":\"BreadcrumbList\",\"@id\":\"https:\\\/\\\/www.anovapeneira.gal\\\/index.php\\\/2020\\\/04\\\/10\\\/juan-gonzalez-alcalde-de-nigran\\\/#breadcrumb\",\"itemListElement\":[{\"@type\":\"ListItem\",\"position\":1,\"name\":\"Portada\",\"item\":\"https:\\\/\\\/www.anovapeneira.gal\\\/\"},{\"@type\":\"ListItem\",\"position\":2,\"name\":\"Juan Gonz\u00e1lez Alcalde de Nigr\u00e1n\"}]},{\"@type\":\"WebSite\",\"@id\":\"https:\\\/\\\/www.anovapeneira.gal\\\/#website\",\"url\":\"https:\\\/\\\/www.anovapeneira.gal\\\/\",\"name\":\"\",\"description\":\"Xornal galego de informaci\u00f3n xeral Publicaci\u00f3n mensual de novas de Galicia e en especial dos Concellos da sur da provincia de Pontevedra.\",\"publisher\":{\"@id\":\"https:\\\/\\\/www.anovapeneira.gal\\\/#organization\"},\"potentialAction\":[{\"@type\":\"SearchAction\",\"target\":{\"@type\":\"EntryPoint\",\"urlTemplate\":\"https:\\\/\\\/www.anovapeneira.gal\\\/?s={search_term_string}\"},\"query-input\":{\"@type\":\"PropertyValueSpecification\",\"valueRequired\":true,\"valueName\":\"search_term_string\"}}],\"inLanguage\":\"gl-ES\"},{\"@type\":\"Organization\",\"@id\":\"https:\\\/\\\/www.anovapeneira.gal\\\/#organization\",\"name\":\"A Nova Peneira\",\"url\":\"https:\\\/\\\/www.anovapeneira.gal\\\/\",\"logo\":{\"@type\":\"ImageObject\",\"inLanguage\":\"gl-ES\",\"@id\":\"https:\\\/\\\/www.anovapeneira.gal\\\/#\\\/schema\\\/logo\\\/image\\\/\",\"url\":\"http:\\\/\\\/www.anovapeneira.gal\\\/wp-content\\\/uploads\\\/2019\\\/06\\\/logo_a_nova_peneira_portal_web.png\",\"contentUrl\":\"http:\\\/\\\/www.anovapeneira.gal\\\/wp-content\\\/uploads\\\/2019\\\/06\\\/logo_a_nova_peneira_portal_web.png\",\"width\":300,\"height\":100,\"caption\":\"A Nova Peneira\"},\"image\":{\"@id\":\"https:\\\/\\\/www.anovapeneira.gal\\\/#\\\/schema\\\/logo\\\/image\\\/\"},\"sameAs\":[\"https:\\\/\\\/www.facebook.com\\\/anovapeneira\",\"https:\\\/\\\/x.com\\\/APeneira\"]},{\"@type\":\"Person\",\"@id\":\"https:\\\/\\\/www.anovapeneira.gal\\\/#\\\/schema\\\/person\\\/b93e3f8932e3f8da96334607eb6ac6aa\",\"name\":\"Redacci\u00f3n A Nova Peneira\",\"image\":{\"@type\":\"ImageObject\",\"inLanguage\":\"gl-ES\",\"@id\":\"https:\\\/\\\/secure.gravatar.com\\\/avatar\\\/c052a2551a06e23fac63626232eaa90abd78dbcf1700fc46a2b2c89fd27b735f?s=96&d=mm&r=g\",\"url\":\"https:\\\/\\\/secure.gravatar.com\\\/avatar\\\/c052a2551a06e23fac63626232eaa90abd78dbcf1700fc46a2b2c89fd27b735f?s=96&d=mm&r=g\",\"contentUrl\":\"https:\\\/\\\/secure.gravatar.com\\\/avatar\\\/c052a2551a06e23fac63626232eaa90abd78dbcf1700fc46a2b2c89fd27b735f?s=96&d=mm&r=g\",\"caption\":\"Redacci\u00f3n A Nova Peneira\"},\"sameAs\":[\"http:\\\/\\\/www.anovapeneira.gal\\\/\"],\"url\":\"https:\\\/\\\/www.anovapeneira.gal\\\/index.php\\\/author\\\/redactor\\\/\"}]}<\/script>\n<!-- \/ Yoast SEO plugin. -->","yoast_head_json":{"title":"Juan Gonz\u00e1lez Alcalde de Nigr\u00e1n -","robots":{"index":"index","follow":"follow","max-snippet":"max-snippet:-1","max-image-preview":"max-image-preview:large","max-video-preview":"max-video-preview:-1"},"canonical":"https:\/\/www.anovapeneira.gal\/index.php\/2020\/04\/10\/juan-gonzalez-alcalde-de-nigran\/","og_locale":"gl_ES","og_type":"article","og_title":"Juan Gonz\u00e1lez Alcalde de Nigr\u00e1n -","og_description":"Non escollemos un d\u00eda moi apropiado para falarmos, pois seica tivemos a desgraza de que un polic\u00eda municipal do teu concello faleceu hoxe de maneira inesperada [...]","og_url":"https:\/\/www.anovapeneira.gal\/index.php\/2020\/04\/10\/juan-gonzalez-alcalde-de-nigran\/","article_publisher":"https:\/\/www.facebook.com\/anovapeneira","article_published_time":"2020-04-10T08:00:43+00:00","og_image":[{"width":720,"height":432,"url":"https:\/\/www.anovapeneira.gal\/wp-content\/uploads\/2020\/04\/alcalde_nigran_a_nova_peneira.jpg","type":"image\/jpeg"}],"author":"Redacci\u00f3n A Nova Peneira","twitter_card":"summary_large_image","twitter_creator":"@APeneira","twitter_site":"@APeneira","twitter_misc":{"Escrito por":"Redacci\u00f3n A Nova Peneira","Tempo de lectura":"6 minutos"},"schema":{"@context":"https:\/\/schema.org","@graph":[{"@type":"Article","@id":"https:\/\/www.anovapeneira.gal\/index.php\/2020\/04\/10\/juan-gonzalez-alcalde-de-nigran\/#article","isPartOf":{"@id":"https:\/\/www.anovapeneira.gal\/index.php\/2020\/04\/10\/juan-gonzalez-alcalde-de-nigran\/"},"author":{"name":"Redacci\u00f3n A Nova Peneira","@id":"https:\/\/www.anovapeneira.gal\/#\/schema\/person\/b93e3f8932e3f8da96334607eb6ac6aa"},"headline":"Juan Gonz\u00e1lez Alcalde de Nigr\u00e1n","datePublished":"2020-04-10T08:00:43+00:00","mainEntityOfPage":{"@id":"https:\/\/www.anovapeneira.gal\/index.php\/2020\/04\/10\/juan-gonzalez-alcalde-de-nigran\/"},"wordCount":1117,"commentCount":0,"publisher":{"@id":"https:\/\/www.anovapeneira.gal\/#organization"},"image":{"@id":"https:\/\/www.anovapeneira.gal\/index.php\/2020\/04\/10\/juan-gonzalez-alcalde-de-nigran\/#primaryimage"},"thumbnailUrl":"https:\/\/www.anovapeneira.gal\/wp-content\/uploads\/2020\/04\/alcalde_nigran_a_nova_peneira.jpg","keywords":["Concello de Nigr\u00e1n","Juan Gonz\u00e1lez"],"articleSection":["Val Mi\u00f1or"],"inLanguage":"gl-ES","potentialAction":[{"@type":"CommentAction","name":"Comment","target":["https:\/\/www.anovapeneira.gal\/index.php\/2020\/04\/10\/juan-gonzalez-alcalde-de-nigran\/#respond"]}]},{"@type":"WebPage","@id":"https:\/\/www.anovapeneira.gal\/index.php\/2020\/04\/10\/juan-gonzalez-alcalde-de-nigran\/","url":"https:\/\/www.anovapeneira.gal\/index.php\/2020\/04\/10\/juan-gonzalez-alcalde-de-nigran\/","name":"Juan Gonz\u00e1lez Alcalde de Nigr\u00e1n -","isPartOf":{"@id":"https:\/\/www.anovapeneira.gal\/#website"},"primaryImageOfPage":{"@id":"https:\/\/www.anovapeneira.gal\/index.php\/2020\/04\/10\/juan-gonzalez-alcalde-de-nigran\/#primaryimage"},"image":{"@id":"https:\/\/www.anovapeneira.gal\/index.php\/2020\/04\/10\/juan-gonzalez-alcalde-de-nigran\/#primaryimage"},"thumbnailUrl":"https:\/\/www.anovapeneira.gal\/wp-content\/uploads\/2020\/04\/alcalde_nigran_a_nova_peneira.jpg","datePublished":"2020-04-10T08:00:43+00:00","breadcrumb":{"@id":"https:\/\/www.anovapeneira.gal\/index.php\/2020\/04\/10\/juan-gonzalez-alcalde-de-nigran\/#breadcrumb"},"inLanguage":"gl-ES","potentialAction":[{"@type":"ReadAction","target":["https:\/\/www.anovapeneira.gal\/index.php\/2020\/04\/10\/juan-gonzalez-alcalde-de-nigran\/"]}]},{"@type":"ImageObject","inLanguage":"gl-ES","@id":"https:\/\/www.anovapeneira.gal\/index.php\/2020\/04\/10\/juan-gonzalez-alcalde-de-nigran\/#primaryimage","url":"https:\/\/www.anovapeneira.gal\/wp-content\/uploads\/2020\/04\/alcalde_nigran_a_nova_peneira.jpg","contentUrl":"https:\/\/www.anovapeneira.gal\/wp-content\/uploads\/2020\/04\/alcalde_nigran_a_nova_peneira.jpg","width":720,"height":432,"caption":"Alcalde Nigr\u00e1n A Nova Peneira"},{"@type":"BreadcrumbList","@id":"https:\/\/www.anovapeneira.gal\/index.php\/2020\/04\/10\/juan-gonzalez-alcalde-de-nigran\/#breadcrumb","itemListElement":[{"@type":"ListItem","position":1,"name":"Portada","item":"https:\/\/www.anovapeneira.gal\/"},{"@type":"ListItem","position":2,"name":"Juan Gonz\u00e1lez Alcalde de Nigr\u00e1n"}]},{"@type":"WebSite","@id":"https:\/\/www.anovapeneira.gal\/#website","url":"https:\/\/www.anovapeneira.gal\/","name":"","description":"Xornal galego de informaci\u00f3n xeral Publicaci\u00f3n mensual de novas de Galicia e en especial dos Concellos da sur da provincia de Pontevedra.","publisher":{"@id":"https:\/\/www.anovapeneira.gal\/#organization"},"potentialAction":[{"@type":"SearchAction","target":{"@type":"EntryPoint","urlTemplate":"https:\/\/www.anovapeneira.gal\/?s={search_term_string}"},"query-input":{"@type":"PropertyValueSpecification","valueRequired":true,"valueName":"search_term_string"}}],"inLanguage":"gl-ES"},{"@type":"Organization","@id":"https:\/\/www.anovapeneira.gal\/#organization","name":"A Nova Peneira","url":"https:\/\/www.anovapeneira.gal\/","logo":{"@type":"ImageObject","inLanguage":"gl-ES","@id":"https:\/\/www.anovapeneira.gal\/#\/schema\/logo\/image\/","url":"http:\/\/www.anovapeneira.gal\/wp-content\/uploads\/2019\/06\/logo_a_nova_peneira_portal_web.png","contentUrl":"http:\/\/www.anovapeneira.gal\/wp-content\/uploads\/2019\/06\/logo_a_nova_peneira_portal_web.png","width":300,"height":100,"caption":"A Nova Peneira"},"image":{"@id":"https:\/\/www.anovapeneira.gal\/#\/schema\/logo\/image\/"},"sameAs":["https:\/\/www.facebook.com\/anovapeneira","https:\/\/x.com\/APeneira"]},{"@type":"Person","@id":"https:\/\/www.anovapeneira.gal\/#\/schema\/person\/b93e3f8932e3f8da96334607eb6ac6aa","name":"Redacci\u00f3n A Nova Peneira","image":{"@type":"ImageObject","inLanguage":"gl-ES","@id":"https:\/\/secure.gravatar.com\/avatar\/c052a2551a06e23fac63626232eaa90abd78dbcf1700fc46a2b2c89fd27b735f?s=96&d=mm&r=g","url":"https:\/\/secure.gravatar.com\/avatar\/c052a2551a06e23fac63626232eaa90abd78dbcf1700fc46a2b2c89fd27b735f?s=96&d=mm&r=g","contentUrl":"https:\/\/secure.gravatar.com\/avatar\/c052a2551a06e23fac63626232eaa90abd78dbcf1700fc46a2b2c89fd27b735f?s=96&d=mm&r=g","caption":"Redacci\u00f3n A Nova Peneira"},"sameAs":["http:\/\/www.anovapeneira.gal\/"],"url":"https:\/\/www.anovapeneira.gal\/index.php\/author\/redactor\/"}]}},"jetpack_featured_media_url":"https:\/\/www.anovapeneira.gal\/wp-content\/uploads\/2020\/04\/alcalde_nigran_a_nova_peneira.jpg","_links":{"self":[{"href":"https:\/\/www.anovapeneira.gal\/index.php\/wp-json\/wp\/v2\/posts\/2905","targetHints":{"allow":["GET"]}}],"collection":[{"href":"https:\/\/www.anovapeneira.gal\/index.php\/wp-json\/wp\/v2\/posts"}],"about":[{"href":"https:\/\/www.anovapeneira.gal\/index.php\/wp-json\/wp\/v2\/types\/post"}],"author":[{"embeddable":true,"href":"https:\/\/www.anovapeneira.gal\/index.php\/wp-json\/wp\/v2\/users\/3"}],"replies":[{"embeddable":true,"href":"https:\/\/www.anovapeneira.gal\/index.php\/wp-json\/wp\/v2\/comments?post=2905"}],"version-history":[{"count":1,"href":"https:\/\/www.anovapeneira.gal\/index.php\/wp-json\/wp\/v2\/posts\/2905\/revisions"}],"predecessor-version":[{"id":2906,"href":"https:\/\/www.anovapeneira.gal\/index.php\/wp-json\/wp\/v2\/posts\/2905\/revisions\/2906"}],"wp:featuredmedia":[{"embeddable":true,"href":"https:\/\/www.anovapeneira.gal\/index.php\/wp-json\/wp\/v2\/media\/2907"}],"wp:attachment":[{"href":"https:\/\/www.anovapeneira.gal\/index.php\/wp-json\/wp\/v2\/media?parent=2905"}],"wp:term":[{"taxonomy":"category","embeddable":true,"href":"https:\/\/www.anovapeneira.gal\/index.php\/wp-json\/wp\/v2\/categories?post=2905"},{"taxonomy":"post_tag","embeddable":true,"href":"https:\/\/www.anovapeneira.gal\/index.php\/wp-json\/wp\/v2\/tags?post=2905"}],"curies":[{"name":"wp","href":"https:\/\/api.w.org\/{rel}","templated":true}]}}