{"id":2908,"date":"2020-04-10T12:00:51","date_gmt":"2020-04-10T10:00:51","guid":{"rendered":"http:\/\/www.anovapeneira.gal\/?p=2908"},"modified":"2020-04-10T10:57:04","modified_gmt":"2020-04-10T08:57:04","slug":"a-enfermidade-mental-e-o-coronavirus","status":"publish","type":"post","link":"https:\/\/www.anovapeneira.gal\/index.php\/2020\/04\/10\/a-enfermidade-mental-e-o-coronavirus\/","title":{"rendered":"A enfermidade mental e o coronavirus"},"content":{"rendered":"\n<h2 class=\"wp-block-heading\">Estarnos m\u00e1is dun mes pechados nas nosas casas pode ser enormemente dif\u00edcil, incluso pode p\u00f3r en risco a sa\u00fade psicol\u00f3xica de quen lle coste m\u00e1is aguantar. Quixemos co\u00f1ecer como o levan as persoas con enfermidade mental diagnosticada, e falamos con Xaime, da asociaci\u00f3n Lenda de Redondela.<\/h2>\n\n\n\n<p><strong>XAIME FIGUEROA. DA ASOCIACI\u00d3N LENDA DE SA\u00daDE MENTAL<\/strong><\/p>\n\n\n\n<p>\u201c<strong>AS PERSOAS CON ENFERMIDADE MENTAL ENFR\u00d3NTANSE AO CONFINAMENTO, EXCTAMENTE IGUAL QUE CALQUERA OUTRA PERSOA. A REACCI\u00d3N DEPENDE DA PERSONALIDADE E CIRCUNSTANCIAS DE CADA INDIVIDUO\u201d<\/strong><\/p>\n\n\n\n<p><strong>Xaime para quen non vos co\u00f1eza, rec\u00f3rdanos que \u00e9 a asociaci\u00f3n Lenda e a que vos dedicades?<\/strong><\/p>\n\n\n\n<blockquote class=\"wp-block-quote is-layout-flow wp-block-quote-is-layout-flow\"><p>Dedic\u00e1monos ao traballo en rehabilitaci\u00f3n das persoas con enfermidade mental cr\u00f3nica. Temos dous centros funcionando, ambos en Redondela, e ademais temos programas de atenci\u00f3n domiciliaria e de visitas no rural.<\/p><\/blockquote>\n\n\n\n<p><strong>Nos dous centros f\u00edsicos en que horario atendedes aos vosos usuarios e usuarias?<\/strong><\/p>\n\n\n\n<blockquote class=\"wp-block-quote is-layout-flow wp-block-quote-is-layout-flow\"><p>En horario de ma\u00f1\u00e1 de luns a venres de 9.00-14.00 h e os martes e xoves, ademais, tam\u00e9n temos asistencia de tarde de 16.30-19.30h.<\/p><\/blockquote>\n\n\n\n<p><strong>Imaxino que neste contexto estaredes pechados?<\/strong><\/p>\n\n\n\n<blockquote class=\"wp-block-quote is-layout-flow wp-block-quote-is-layout-flow\"><p>Nestas circunstancias a actividade que se relaciona coa asistencia aos usuarios est\u00e1 suspendida, si.<\/p><\/blockquote>\n\n\n\n<p><strong>Tedes contacto telef\u00f3nico cos vosos usuarios?.<\/strong><\/p>\n\n\n\n<blockquote class=\"wp-block-quote is-layout-flow wp-block-quote-is-layout-flow\"><p>Si claro a actividade nos centros tivemos que suspendela, pero o seguimento aos nosos usuarios \u00e9 diario. Divid\u00edmonos en grupos de tres, e todos e cada un dos d\u00edas facemos seguimento de todos e cada un dos nosos usuarios.<\/p><\/blockquote>\n\n\n\n<p><strong>Imaxino que as patolox\u00edas dos vosos usuarios e usuarias ser\u00e1n moi diversas non?<\/strong><\/p>\n\n\n\n<blockquote class=\"wp-block-quote is-layout-flow wp-block-quote-is-layout-flow\"><p>Normalmente traballamos con persoas que te\u00f1en unha patolox\u00eda mental grave e cr\u00f3nica sobre todo no rango das esquizofrenias.<\/p><\/blockquote>\n\n\n\n<p><strong>P\u00f3dese establecer un patr\u00f3n xeral de como afecta \u00e1s persoas que padecen ese tipo de patolox\u00edas, o confinamento prolongado, ou depende de cada individuo?<\/strong><\/p>\n\n\n\n<blockquote class=\"wp-block-quote is-layout-flow wp-block-quote-is-layout-flow\"><p>Eu non me atrevo a facer ning\u00fan tipo de patr\u00f3n xeral. Penso que cada persoas reacciona dun xeito distinto porque cada persoa ten unha forma diferente de afrontar as situaci\u00f3ns de estr\u00e9s. O que si \u00e9 verdade \u00e9 que as persoas con enfermidade mental, o sufrimento de estr\u00e9s o levan peor.\u00a0<\/p><\/blockquote>\n\n\n\n<p><strong>E despois de case un mes de confinamento, como valoras a forma en que o est\u00e1n levando os vosos usuarios e usuarias?<\/strong><\/p>\n\n\n\n<blockquote class=\"wp-block-quote is-layout-flow wp-block-quote-is-layout-flow\"><p>Estou agradablemente sorprendido, da s\u00faa serenidade da s\u00faa enteireza e bo facer. Poden ter alg\u00fan baixonci\u00f1o, pero como o temos calquera outra persoa.<\/p><\/blockquote>\n\n\n\n<p><strong>Ah que ben, al\u00e9grome moito. Eu que supostamente non te\u00f1o enfermidade mental, ou polo menos non diagnosticada, comezo a estar ata arriba do confinamento<\/strong><\/p>\n\n\n\n<blockquote class=\"wp-block-quote is-layout-flow wp-block-quote-is-layout-flow\"><p>Si claro, \u00e9 comprensible, como todas as persoas. Temos que ter clara unha premisa; unha persoa con enfermidade mental, \u00e9 unha persoa normal que ten unha patolox\u00eda. E cada individuo ,san ou non, reacciona conforme a s\u00faa personalidade e as suas circunstancias.<\/p><\/blockquote>\n\n\n\n<p><strong>Tedes alg\u00fan tipo de protocolo para os vosos usuarios e usuarias?<\/strong><\/p>\n\n\n\n<blockquote class=\"wp-block-quote is-layout-flow wp-block-quote-is-layout-flow\"><p>Xa d\u00faas semanas antes de ditarse as normas de confinamento estivemos a traballar no campo da prevenci\u00f3n individual. Fixemos xornadas dos protocolos de prevenci\u00f3n do contaxio que deberamos tomar: lavado de mans, distancias de seguridade, evitar os espazos concorridos, evitar os servizos p\u00fablicos de transporte&#8230;.Nas nosas instalaci\u00f3ns fixemos puntos limpos nos que hab\u00eda xeles desinfectantes que ti\u00f1amos que usar cando pasabamos por al\u00ed. As\u00ed mesmo establecemos protocolos de actuaci\u00f3n para os domicilios dos usuarios.<\/p><\/blockquote>\n\n\n\n<p><strong>Todo iso d\u00faas semanas antes?<\/strong><\/p>\n\n\n\n<blockquote class=\"wp-block-quote is-layout-flow wp-block-quote-is-layout-flow\"><p>Si, e unha semana antes n\u00f3s xa prescindiramos das actividades nas que coincidiramos con persoas externas, por exemplo deixamos de ir \u00e1 piscina municipal, ou suspendemos varias sa\u00eddas terap\u00e9uticas que ti\u00f1amos proxectadas. De feito cando se publicou o estado de alarma n\u00f3s estabamos a facer unha asemblea na que repartimos uns folios con todos os protocolos de actuaci\u00f3n e tel\u00e9fonos aos que hab\u00eda que chamar no caso de que pasase o que xa previamos o que pasar\u00eda e finalmente pasou.<\/p><\/blockquote>\n\n\n\n<p><strong>En Lenda traballades 9 persoas, dic\u00edasme que para facer o seguimento divid\u00edstesvos en grupos de 3 non?<\/strong><\/p>\n\n\n\n<blockquote class=\"wp-block-quote is-layout-flow wp-block-quote-is-layout-flow\"><p>Si, para non estarmos os 9 no local a un tempo. E logo cada quen fai o seu traballo de seguimento dos usuarios ou desde o noso centro ou desde a s\u00faa casa. \u00c1s veces tam\u00e9n \u00e9 imprescindible para n\u00f3s achegarnos ao domicilio dalg\u00fan usuario.<\/p><\/blockquote>\n\n\n\n<p><strong>Supo\u00f1o que tam\u00e9n teredes que seguir atendendo as xesti\u00f3ns administrativas habituais?<\/strong><\/p>\n\n\n\n<blockquote class=\"wp-block-quote is-layout-flow wp-block-quote-is-layout-flow\"><p>Si claro. E asemade temos outra peculiaridade. N\u00f3s temos un centro de ocupacional concertado coa Conseller\u00eda de Pol\u00edtica social, que nos suspendeu o concerto de maneira transitoria e vainos facer os ingresos econ\u00f3micos v\u00eda indemnizaci\u00f3n. Sen embargo, o concerto co SERGAS est\u00e1 declarado como esencial.<\/p><\/blockquote>\n\n\n\n<p><strong>Al\u00e9n dos protocolos de prevenci\u00f3n de contaxio, tedes alg\u00fan referente aos aspectos psicol\u00f3xicos dunha situaci\u00f3n tan dura como o confinamento prolongado?<\/strong><\/p>\n\n\n\n<blockquote class=\"wp-block-quote is-layout-flow wp-block-quote-is-layout-flow\"><p>Si, incluso t\u00e9molos publicados nas nosas redes e na nosa web. Basicamente recomendamos evitar os temas que sabes que poden producir tensi\u00f3ns, mostrar disposici\u00f3n \u00e1 colaboraci\u00f3n, evitar as cr\u00edticas, ser dialogante, ser paciente. En definitiva, sermos sensatos. O que si lles pedimos a todos \u00e9 que traten de establecer comportamentos o m\u00e1is pr\u00f3ximos posibles ao rutineiro: facer diarios , participar nos grupos de whats app , enviarnos os seus escritos \u00e1 nosa revista..facer os exercicios que lles mandamos. E un importante consello \u00e9 que traten de evitar a sobre informaci\u00f3n do coronavirus.<\/p><\/blockquote>\n\n\n\n<p><strong>E os resultados?<\/strong><\/p>\n\n\n\n<blockquote class=\"wp-block-quote is-layout-flow wp-block-quote-is-layout-flow\"><p>Pois parece que o van conseguindo. Como calquera persoa, \u00e1s veces mellor e \u00e1s veces peor, pero est\u00e1n enfrontando a situaci\u00f3n como calquera outro. N\u00f3s. desde logo estamos satisfeitos, e d\u00edgoo con toda humildade, queremos crer que as ferramentas que foron utilizando ao longo destes anos de traballo est\u00e1n a darlles resultado.<\/p><\/blockquote>\n","protected":false},"excerpt":{"rendered":"<div class=\"mh-excerpt\"><p>Estarnos m\u00e1is dun mes pechados nas nosas casas pode ser enormemente dif\u00edcil, incluso pode p\u00f3r en risco a sa\u00fade psicol\u00f3xica <a class=\"mh-excerpt-more\" href=\"https:\/\/www.anovapeneira.gal\/index.php\/2020\/04\/10\/a-enfermidade-mental-e-o-coronavirus\/\" title=\"A enfermidade mental e o coronavirus\">[&#8230;]<\/a><\/p>\n<\/div>","protected":false},"author":3,"featured_media":2909,"comment_status":"open","ping_status":"open","sticky":false,"template":"","format":"standard","meta":{"_exactmetrics_skip_tracking":false,"_exactmetrics_sitenote_active":false,"_exactmetrics_sitenote_note":"","_exactmetrics_sitenote_category":0,"footnotes":""},"categories":[495],"tags":[171,1006,1027,1026],"class_list":{"0":"post-2908","1":"post","2":"type-post","3":"status-publish","4":"format-standard","5":"has-post-thumbnail","7":"category-redondela-reportaxes","8":"tag-concello-de-redondela","9":"tag-covid19","10":"tag-enfermidade-mental","11":"tag-lenda"},"yoast_head":"<!-- This site is optimized with the Yoast SEO plugin v27.4 - https:\/\/yoast.com\/product\/yoast-seo-wordpress\/ -->\n<title>A enfermidade mental e o coronavirus -<\/title>\n<meta name=\"robots\" content=\"index, follow, max-snippet:-1, max-image-preview:large, max-video-preview:-1\" \/>\n<link rel=\"canonical\" href=\"https:\/\/www.anovapeneira.gal\/index.php\/2020\/04\/10\/a-enfermidade-mental-e-o-coronavirus\/\" \/>\n<meta property=\"og:locale\" content=\"gl_ES\" \/>\n<meta property=\"og:type\" content=\"article\" \/>\n<meta property=\"og:title\" content=\"A enfermidade mental e o coronavirus -\" \/>\n<meta property=\"og:description\" content=\"Estarnos m\u00e1is dun mes pechados nas nosas casas pode ser enormemente dif\u00edcil, incluso pode p\u00f3r en risco a sa\u00fade psicol\u00f3xica [...]\" \/>\n<meta property=\"og:url\" content=\"https:\/\/www.anovapeneira.gal\/index.php\/2020\/04\/10\/a-enfermidade-mental-e-o-coronavirus\/\" \/>\n<meta property=\"article:publisher\" content=\"https:\/\/www.facebook.com\/anovapeneira\" \/>\n<meta property=\"article:published_time\" content=\"2020-04-10T10:00:51+00:00\" \/>\n<meta property=\"og:image\" content=\"https:\/\/www.anovapeneira.gal\/wp-content\/uploads\/2020\/04\/jaime_pilar_maika_a_nova_peneira.jpg\" \/>\n\t<meta property=\"og:image:width\" content=\"720\" \/>\n\t<meta property=\"og:image:height\" content=\"432\" \/>\n\t<meta property=\"og:image:type\" content=\"image\/jpeg\" \/>\n<meta name=\"author\" content=\"Redacci\u00f3n A Nova Peneira\" \/>\n<meta name=\"twitter:card\" content=\"summary_large_image\" \/>\n<meta name=\"twitter:creator\" content=\"@APeneira\" \/>\n<meta name=\"twitter:site\" content=\"@APeneira\" \/>\n<meta name=\"twitter:label1\" content=\"Escrito por\" \/>\n\t<meta name=\"twitter:data1\" content=\"Redacci\u00f3n A Nova Peneira\" \/>\n\t<meta name=\"twitter:label2\" content=\"Tempo de lectura\" \/>\n\t<meta name=\"twitter:data2\" content=\"5 minutos\" \/>\n<script type=\"application\/ld+json\" class=\"yoast-schema-graph\">{\"@context\":\"https:\\\/\\\/schema.org\",\"@graph\":[{\"@type\":\"Article\",\"@id\":\"https:\\\/\\\/www.anovapeneira.gal\\\/index.php\\\/2020\\\/04\\\/10\\\/a-enfermidade-mental-e-o-coronavirus\\\/#article\",\"isPartOf\":{\"@id\":\"https:\\\/\\\/www.anovapeneira.gal\\\/index.php\\\/2020\\\/04\\\/10\\\/a-enfermidade-mental-e-o-coronavirus\\\/\"},\"author\":{\"name\":\"Redacci\u00f3n A Nova Peneira\",\"@id\":\"https:\\\/\\\/www.anovapeneira.gal\\\/#\\\/schema\\\/person\\\/b93e3f8932e3f8da96334607eb6ac6aa\"},\"headline\":\"A enfermidade mental e o coronavirus\",\"datePublished\":\"2020-04-10T10:00:51+00:00\",\"mainEntityOfPage\":{\"@id\":\"https:\\\/\\\/www.anovapeneira.gal\\\/index.php\\\/2020\\\/04\\\/10\\\/a-enfermidade-mental-e-o-coronavirus\\\/\"},\"wordCount\":990,\"commentCount\":0,\"publisher\":{\"@id\":\"https:\\\/\\\/www.anovapeneira.gal\\\/#organization\"},\"image\":{\"@id\":\"https:\\\/\\\/www.anovapeneira.gal\\\/index.php\\\/2020\\\/04\\\/10\\\/a-enfermidade-mental-e-o-coronavirus\\\/#primaryimage\"},\"thumbnailUrl\":\"https:\\\/\\\/www.anovapeneira.gal\\\/wp-content\\\/uploads\\\/2020\\\/04\\\/jaime_pilar_maika_a_nova_peneira.jpg\",\"keywords\":[\"Concello de Redondela\",\"COVID19\",\"Enfermidade mental\",\"Lenda\"],\"articleSection\":[\"Redondela\"],\"inLanguage\":\"gl-ES\",\"potentialAction\":[{\"@type\":\"CommentAction\",\"name\":\"Comment\",\"target\":[\"https:\\\/\\\/www.anovapeneira.gal\\\/index.php\\\/2020\\\/04\\\/10\\\/a-enfermidade-mental-e-o-coronavirus\\\/#respond\"]}]},{\"@type\":\"WebPage\",\"@id\":\"https:\\\/\\\/www.anovapeneira.gal\\\/index.php\\\/2020\\\/04\\\/10\\\/a-enfermidade-mental-e-o-coronavirus\\\/\",\"url\":\"https:\\\/\\\/www.anovapeneira.gal\\\/index.php\\\/2020\\\/04\\\/10\\\/a-enfermidade-mental-e-o-coronavirus\\\/\",\"name\":\"A enfermidade mental e o coronavirus -\",\"isPartOf\":{\"@id\":\"https:\\\/\\\/www.anovapeneira.gal\\\/#website\"},\"primaryImageOfPage\":{\"@id\":\"https:\\\/\\\/www.anovapeneira.gal\\\/index.php\\\/2020\\\/04\\\/10\\\/a-enfermidade-mental-e-o-coronavirus\\\/#primaryimage\"},\"image\":{\"@id\":\"https:\\\/\\\/www.anovapeneira.gal\\\/index.php\\\/2020\\\/04\\\/10\\\/a-enfermidade-mental-e-o-coronavirus\\\/#primaryimage\"},\"thumbnailUrl\":\"https:\\\/\\\/www.anovapeneira.gal\\\/wp-content\\\/uploads\\\/2020\\\/04\\\/jaime_pilar_maika_a_nova_peneira.jpg\",\"datePublished\":\"2020-04-10T10:00:51+00:00\",\"breadcrumb\":{\"@id\":\"https:\\\/\\\/www.anovapeneira.gal\\\/index.php\\\/2020\\\/04\\\/10\\\/a-enfermidade-mental-e-o-coronavirus\\\/#breadcrumb\"},\"inLanguage\":\"gl-ES\",\"potentialAction\":[{\"@type\":\"ReadAction\",\"target\":[\"https:\\\/\\\/www.anovapeneira.gal\\\/index.php\\\/2020\\\/04\\\/10\\\/a-enfermidade-mental-e-o-coronavirus\\\/\"]}]},{\"@type\":\"ImageObject\",\"inLanguage\":\"gl-ES\",\"@id\":\"https:\\\/\\\/www.anovapeneira.gal\\\/index.php\\\/2020\\\/04\\\/10\\\/a-enfermidade-mental-e-o-coronavirus\\\/#primaryimage\",\"url\":\"https:\\\/\\\/www.anovapeneira.gal\\\/wp-content\\\/uploads\\\/2020\\\/04\\\/jaime_pilar_maika_a_nova_peneira.jpg\",\"contentUrl\":\"https:\\\/\\\/www.anovapeneira.gal\\\/wp-content\\\/uploads\\\/2020\\\/04\\\/jaime_pilar_maika_a_nova_peneira.jpg\",\"width\":720,\"height\":432,\"caption\":\"Lenda Redondela A Nova Peneira\"},{\"@type\":\"BreadcrumbList\",\"@id\":\"https:\\\/\\\/www.anovapeneira.gal\\\/index.php\\\/2020\\\/04\\\/10\\\/a-enfermidade-mental-e-o-coronavirus\\\/#breadcrumb\",\"itemListElement\":[{\"@type\":\"ListItem\",\"position\":1,\"name\":\"Portada\",\"item\":\"https:\\\/\\\/www.anovapeneira.gal\\\/\"},{\"@type\":\"ListItem\",\"position\":2,\"name\":\"A enfermidade mental e o coronavirus\"}]},{\"@type\":\"WebSite\",\"@id\":\"https:\\\/\\\/www.anovapeneira.gal\\\/#website\",\"url\":\"https:\\\/\\\/www.anovapeneira.gal\\\/\",\"name\":\"\",\"description\":\"Xornal galego de informaci\u00f3n xeral Publicaci\u00f3n mensual de novas de Galicia e en especial dos Concellos da sur da provincia de Pontevedra.\",\"publisher\":{\"@id\":\"https:\\\/\\\/www.anovapeneira.gal\\\/#organization\"},\"potentialAction\":[{\"@type\":\"SearchAction\",\"target\":{\"@type\":\"EntryPoint\",\"urlTemplate\":\"https:\\\/\\\/www.anovapeneira.gal\\\/?s={search_term_string}\"},\"query-input\":{\"@type\":\"PropertyValueSpecification\",\"valueRequired\":true,\"valueName\":\"search_term_string\"}}],\"inLanguage\":\"gl-ES\"},{\"@type\":\"Organization\",\"@id\":\"https:\\\/\\\/www.anovapeneira.gal\\\/#organization\",\"name\":\"A Nova Peneira\",\"url\":\"https:\\\/\\\/www.anovapeneira.gal\\\/\",\"logo\":{\"@type\":\"ImageObject\",\"inLanguage\":\"gl-ES\",\"@id\":\"https:\\\/\\\/www.anovapeneira.gal\\\/#\\\/schema\\\/logo\\\/image\\\/\",\"url\":\"http:\\\/\\\/www.anovapeneira.gal\\\/wp-content\\\/uploads\\\/2019\\\/06\\\/logo_a_nova_peneira_portal_web.png\",\"contentUrl\":\"http:\\\/\\\/www.anovapeneira.gal\\\/wp-content\\\/uploads\\\/2019\\\/06\\\/logo_a_nova_peneira_portal_web.png\",\"width\":300,\"height\":100,\"caption\":\"A Nova Peneira\"},\"image\":{\"@id\":\"https:\\\/\\\/www.anovapeneira.gal\\\/#\\\/schema\\\/logo\\\/image\\\/\"},\"sameAs\":[\"https:\\\/\\\/www.facebook.com\\\/anovapeneira\",\"https:\\\/\\\/x.com\\\/APeneira\"]},{\"@type\":\"Person\",\"@id\":\"https:\\\/\\\/www.anovapeneira.gal\\\/#\\\/schema\\\/person\\\/b93e3f8932e3f8da96334607eb6ac6aa\",\"name\":\"Redacci\u00f3n A Nova Peneira\",\"image\":{\"@type\":\"ImageObject\",\"inLanguage\":\"gl-ES\",\"@id\":\"https:\\\/\\\/secure.gravatar.com\\\/avatar\\\/c052a2551a06e23fac63626232eaa90abd78dbcf1700fc46a2b2c89fd27b735f?s=96&d=mm&r=g\",\"url\":\"https:\\\/\\\/secure.gravatar.com\\\/avatar\\\/c052a2551a06e23fac63626232eaa90abd78dbcf1700fc46a2b2c89fd27b735f?s=96&d=mm&r=g\",\"contentUrl\":\"https:\\\/\\\/secure.gravatar.com\\\/avatar\\\/c052a2551a06e23fac63626232eaa90abd78dbcf1700fc46a2b2c89fd27b735f?s=96&d=mm&r=g\",\"caption\":\"Redacci\u00f3n A Nova Peneira\"},\"sameAs\":[\"http:\\\/\\\/www.anovapeneira.gal\\\/\"],\"url\":\"https:\\\/\\\/www.anovapeneira.gal\\\/index.php\\\/author\\\/redactor\\\/\"}]}<\/script>\n<!-- \/ Yoast SEO plugin. -->","yoast_head_json":{"title":"A enfermidade mental e o coronavirus -","robots":{"index":"index","follow":"follow","max-snippet":"max-snippet:-1","max-image-preview":"max-image-preview:large","max-video-preview":"max-video-preview:-1"},"canonical":"https:\/\/www.anovapeneira.gal\/index.php\/2020\/04\/10\/a-enfermidade-mental-e-o-coronavirus\/","og_locale":"gl_ES","og_type":"article","og_title":"A enfermidade mental e o coronavirus -","og_description":"Estarnos m\u00e1is dun mes pechados nas nosas casas pode ser enormemente dif\u00edcil, incluso pode p\u00f3r en risco a sa\u00fade psicol\u00f3xica [...]","og_url":"https:\/\/www.anovapeneira.gal\/index.php\/2020\/04\/10\/a-enfermidade-mental-e-o-coronavirus\/","article_publisher":"https:\/\/www.facebook.com\/anovapeneira","article_published_time":"2020-04-10T10:00:51+00:00","og_image":[{"width":720,"height":432,"url":"https:\/\/www.anovapeneira.gal\/wp-content\/uploads\/2020\/04\/jaime_pilar_maika_a_nova_peneira.jpg","type":"image\/jpeg"}],"author":"Redacci\u00f3n A Nova Peneira","twitter_card":"summary_large_image","twitter_creator":"@APeneira","twitter_site":"@APeneira","twitter_misc":{"Escrito por":"Redacci\u00f3n A Nova Peneira","Tempo de lectura":"5 minutos"},"schema":{"@context":"https:\/\/schema.org","@graph":[{"@type":"Article","@id":"https:\/\/www.anovapeneira.gal\/index.php\/2020\/04\/10\/a-enfermidade-mental-e-o-coronavirus\/#article","isPartOf":{"@id":"https:\/\/www.anovapeneira.gal\/index.php\/2020\/04\/10\/a-enfermidade-mental-e-o-coronavirus\/"},"author":{"name":"Redacci\u00f3n A Nova Peneira","@id":"https:\/\/www.anovapeneira.gal\/#\/schema\/person\/b93e3f8932e3f8da96334607eb6ac6aa"},"headline":"A enfermidade mental e o coronavirus","datePublished":"2020-04-10T10:00:51+00:00","mainEntityOfPage":{"@id":"https:\/\/www.anovapeneira.gal\/index.php\/2020\/04\/10\/a-enfermidade-mental-e-o-coronavirus\/"},"wordCount":990,"commentCount":0,"publisher":{"@id":"https:\/\/www.anovapeneira.gal\/#organization"},"image":{"@id":"https:\/\/www.anovapeneira.gal\/index.php\/2020\/04\/10\/a-enfermidade-mental-e-o-coronavirus\/#primaryimage"},"thumbnailUrl":"https:\/\/www.anovapeneira.gal\/wp-content\/uploads\/2020\/04\/jaime_pilar_maika_a_nova_peneira.jpg","keywords":["Concello de Redondela","COVID19","Enfermidade mental","Lenda"],"articleSection":["Redondela"],"inLanguage":"gl-ES","potentialAction":[{"@type":"CommentAction","name":"Comment","target":["https:\/\/www.anovapeneira.gal\/index.php\/2020\/04\/10\/a-enfermidade-mental-e-o-coronavirus\/#respond"]}]},{"@type":"WebPage","@id":"https:\/\/www.anovapeneira.gal\/index.php\/2020\/04\/10\/a-enfermidade-mental-e-o-coronavirus\/","url":"https:\/\/www.anovapeneira.gal\/index.php\/2020\/04\/10\/a-enfermidade-mental-e-o-coronavirus\/","name":"A enfermidade mental e o coronavirus -","isPartOf":{"@id":"https:\/\/www.anovapeneira.gal\/#website"},"primaryImageOfPage":{"@id":"https:\/\/www.anovapeneira.gal\/index.php\/2020\/04\/10\/a-enfermidade-mental-e-o-coronavirus\/#primaryimage"},"image":{"@id":"https:\/\/www.anovapeneira.gal\/index.php\/2020\/04\/10\/a-enfermidade-mental-e-o-coronavirus\/#primaryimage"},"thumbnailUrl":"https:\/\/www.anovapeneira.gal\/wp-content\/uploads\/2020\/04\/jaime_pilar_maika_a_nova_peneira.jpg","datePublished":"2020-04-10T10:00:51+00:00","breadcrumb":{"@id":"https:\/\/www.anovapeneira.gal\/index.php\/2020\/04\/10\/a-enfermidade-mental-e-o-coronavirus\/#breadcrumb"},"inLanguage":"gl-ES","potentialAction":[{"@type":"ReadAction","target":["https:\/\/www.anovapeneira.gal\/index.php\/2020\/04\/10\/a-enfermidade-mental-e-o-coronavirus\/"]}]},{"@type":"ImageObject","inLanguage":"gl-ES","@id":"https:\/\/www.anovapeneira.gal\/index.php\/2020\/04\/10\/a-enfermidade-mental-e-o-coronavirus\/#primaryimage","url":"https:\/\/www.anovapeneira.gal\/wp-content\/uploads\/2020\/04\/jaime_pilar_maika_a_nova_peneira.jpg","contentUrl":"https:\/\/www.anovapeneira.gal\/wp-content\/uploads\/2020\/04\/jaime_pilar_maika_a_nova_peneira.jpg","width":720,"height":432,"caption":"Lenda Redondela A Nova Peneira"},{"@type":"BreadcrumbList","@id":"https:\/\/www.anovapeneira.gal\/index.php\/2020\/04\/10\/a-enfermidade-mental-e-o-coronavirus\/#breadcrumb","itemListElement":[{"@type":"ListItem","position":1,"name":"Portada","item":"https:\/\/www.anovapeneira.gal\/"},{"@type":"ListItem","position":2,"name":"A enfermidade mental e o coronavirus"}]},{"@type":"WebSite","@id":"https:\/\/www.anovapeneira.gal\/#website","url":"https:\/\/www.anovapeneira.gal\/","name":"","description":"Xornal galego de informaci\u00f3n xeral Publicaci\u00f3n mensual de novas de Galicia e en especial dos Concellos da sur da provincia de Pontevedra.","publisher":{"@id":"https:\/\/www.anovapeneira.gal\/#organization"},"potentialAction":[{"@type":"SearchAction","target":{"@type":"EntryPoint","urlTemplate":"https:\/\/www.anovapeneira.gal\/?s={search_term_string}"},"query-input":{"@type":"PropertyValueSpecification","valueRequired":true,"valueName":"search_term_string"}}],"inLanguage":"gl-ES"},{"@type":"Organization","@id":"https:\/\/www.anovapeneira.gal\/#organization","name":"A Nova Peneira","url":"https:\/\/www.anovapeneira.gal\/","logo":{"@type":"ImageObject","inLanguage":"gl-ES","@id":"https:\/\/www.anovapeneira.gal\/#\/schema\/logo\/image\/","url":"http:\/\/www.anovapeneira.gal\/wp-content\/uploads\/2019\/06\/logo_a_nova_peneira_portal_web.png","contentUrl":"http:\/\/www.anovapeneira.gal\/wp-content\/uploads\/2019\/06\/logo_a_nova_peneira_portal_web.png","width":300,"height":100,"caption":"A Nova Peneira"},"image":{"@id":"https:\/\/www.anovapeneira.gal\/#\/schema\/logo\/image\/"},"sameAs":["https:\/\/www.facebook.com\/anovapeneira","https:\/\/x.com\/APeneira"]},{"@type":"Person","@id":"https:\/\/www.anovapeneira.gal\/#\/schema\/person\/b93e3f8932e3f8da96334607eb6ac6aa","name":"Redacci\u00f3n A Nova Peneira","image":{"@type":"ImageObject","inLanguage":"gl-ES","@id":"https:\/\/secure.gravatar.com\/avatar\/c052a2551a06e23fac63626232eaa90abd78dbcf1700fc46a2b2c89fd27b735f?s=96&d=mm&r=g","url":"https:\/\/secure.gravatar.com\/avatar\/c052a2551a06e23fac63626232eaa90abd78dbcf1700fc46a2b2c89fd27b735f?s=96&d=mm&r=g","contentUrl":"https:\/\/secure.gravatar.com\/avatar\/c052a2551a06e23fac63626232eaa90abd78dbcf1700fc46a2b2c89fd27b735f?s=96&d=mm&r=g","caption":"Redacci\u00f3n A Nova Peneira"},"sameAs":["http:\/\/www.anovapeneira.gal\/"],"url":"https:\/\/www.anovapeneira.gal\/index.php\/author\/redactor\/"}]}},"jetpack_featured_media_url":"https:\/\/www.anovapeneira.gal\/wp-content\/uploads\/2020\/04\/jaime_pilar_maika_a_nova_peneira.jpg","_links":{"self":[{"href":"https:\/\/www.anovapeneira.gal\/index.php\/wp-json\/wp\/v2\/posts\/2908","targetHints":{"allow":["GET"]}}],"collection":[{"href":"https:\/\/www.anovapeneira.gal\/index.php\/wp-json\/wp\/v2\/posts"}],"about":[{"href":"https:\/\/www.anovapeneira.gal\/index.php\/wp-json\/wp\/v2\/types\/post"}],"author":[{"embeddable":true,"href":"https:\/\/www.anovapeneira.gal\/index.php\/wp-json\/wp\/v2\/users\/3"}],"replies":[{"embeddable":true,"href":"https:\/\/www.anovapeneira.gal\/index.php\/wp-json\/wp\/v2\/comments?post=2908"}],"version-history":[{"count":1,"href":"https:\/\/www.anovapeneira.gal\/index.php\/wp-json\/wp\/v2\/posts\/2908\/revisions"}],"predecessor-version":[{"id":2910,"href":"https:\/\/www.anovapeneira.gal\/index.php\/wp-json\/wp\/v2\/posts\/2908\/revisions\/2910"}],"wp:featuredmedia":[{"embeddable":true,"href":"https:\/\/www.anovapeneira.gal\/index.php\/wp-json\/wp\/v2\/media\/2909"}],"wp:attachment":[{"href":"https:\/\/www.anovapeneira.gal\/index.php\/wp-json\/wp\/v2\/media?parent=2908"}],"wp:term":[{"taxonomy":"category","embeddable":true,"href":"https:\/\/www.anovapeneira.gal\/index.php\/wp-json\/wp\/v2\/categories?post=2908"},{"taxonomy":"post_tag","embeddable":true,"href":"https:\/\/www.anovapeneira.gal\/index.php\/wp-json\/wp\/v2\/tags?post=2908"}],"curies":[{"name":"wp","href":"https:\/\/api.w.org\/{rel}","templated":true}]}}