{"id":2916,"date":"2020-04-14T10:00:18","date_gmt":"2020-04-14T08:00:18","guid":{"rendered":"http:\/\/www.anovapeneira.gal\/?p=2916"},"modified":"2020-04-13T10:10:59","modified_gmt":"2020-04-13T08:10:59","slug":"a-policia-e-o-coronavirus","status":"publish","type":"post","link":"https:\/\/www.anovapeneira.gal\/index.php\/2020\/04\/14\/a-policia-e-o-coronavirus\/","title":{"rendered":"A polic\u00eda e o coronavirus"},"content":{"rendered":"\n<p><strong>A situaci\u00f3n que estamos a vivir derivada do estado de alarma, que trata de conter a emerxencia sanitaria, cambiounos a vida a case todos. En maior ou menor medida, e case dun d\u00eda para outro , practicamente toda a sociedade, v\u00edmonos na obriga de mudar os nosos costumes, de deixar de traballar ou de facelo de maneira moi distinta \u00e1 que estabamos habituados. Quixemos co\u00f1ecer como o levaban o funcionarios policiais e falamos con Lito, xefe da polic\u00eda local de Gondomar e un experimentado axente con m\u00e1is de tres d\u00e9cadas de actividade profesional. Vela\u00ed vai o que deu de si a nosa conversa<\/strong><\/p>\n\n\n\n<p><strong>LITO IGLESIAS , XEFE DA POIC\u00cdA LOCAL DE GONDOMAR<\/strong><\/p>\n\n\n\n<p>\u201c<strong>SEMPRE ME SENT\u00cdN MOI BEN TRATADO POLA SOCIEDADE, PERO NUNCA PERCIB\u00cdN TANTO CARI\u00d1O CARA AO NOSO TRABALLO COMO NA ACTUALIDADE\u201d<\/strong><\/p>\n\n\n\n<p><strong>Ti xa tes bastante tempo de experiencia como axente de polic\u00eda non Lito?<\/strong><\/p>\n\n\n\n<blockquote class=\"wp-block-quote is-layout-flow wp-block-quote-is-layout-flow\"><p>Pois si, comecei no ano 1988.<\/p><\/blockquote>\n\n\n\n<p><strong>Mi\u00f1a nai, 32 anos, toda unha vida\u00a1\u00a1<\/strong><\/p>\n\n\n\n<p>32 xa!, a verdade \u00e9 que nunca me parara a contalos, abof\u00e9 que son motivos si.<\/p>\n\n\n\n<p><strong>Gondomar non \u00e9 a primeira localidade na que traballas verdade?<\/strong><\/p>\n\n\n\n<blockquote class=\"wp-block-quote is-layout-flow wp-block-quote-is-layout-flow\"><p>Efectivamente , eu inicialmente traballei na polic\u00eda local de Redondela, e agora estou nesta vila do Val Mi\u00f1or.<\/p><\/blockquote>\n\n\n\n<p><strong>E que tal che tratan en Gondomar?<\/strong><\/p>\n\n\n\n<blockquote class=\"wp-block-quote is-layout-flow wp-block-quote-is-layout-flow\"><p>Estou encantado de estar aqu\u00ed, hai moi boa disposici\u00f3n para traballar por parte de todo o mundo, e hai unha vontade inequ\u00edvoca de facer ben as cousas. A mi\u00f1a relaci\u00f3n co comandante de posto da Garda Civil \u00e9 excelente.<\/p><\/blockquote>\n\n\n\n<p><strong>Estou seguro de que en tantos anos de experiencia ter\u00e1s vivido situaci\u00f3ns de todo tipo, incluso algunhas de enorme dificultade, pero supo\u00f1o que ningunha da dimensi\u00f3n da que estamos a vivir no momento presente?<\/strong><\/p>\n\n\n\n<blockquote class=\"wp-block-quote is-layout-flow wp-block-quote-is-layout-flow\"><p>Sen d\u00fabida, a limitaci\u00f3n tan extraordinaria de dereitos fundamentais que vivimos na actualidade, non a experimentamos nunca antes na historia da democracia espa\u00f1ola. Ningunha persoa da nosa xeraci\u00f3n viviu antes nada que se pareza a isto.<\/p><\/blockquote>\n\n\n\n<p><strong>E ti persoalmente como o levas?, porque imaxino que ter que convivir cun elevado nivel de tensi\u00f3n de maneira permanente pode afectar ao estado an\u00edmico?<\/strong><\/p>\n\n\n\n<blockquote class=\"wp-block-quote is-layout-flow wp-block-quote-is-layout-flow\"><p>A min no me queda m\u00e1is remedio que manter a serenidade. Tes que preocuparte polo traballo, pola sa\u00fade f\u00edsica e mental dos teus subordinados, porque todo se desenvolva de maneira eficaz e dilixente e porque poidamos dar resposta a calquera necesidade que poida ter calquera veci\u00f1o, todo iso, practicamente non che deixa espazo para preocuparte por ti mesmo.<\/p><\/blockquote>\n\n\n\n<p><strong>Si vale, pero ti es un ser humano, e como calquera outro tes emoci\u00f3ns e en funci\u00f3n das circunstancias far\u00e1n que \u00e1s veces esteas ben e \u00e1s veces non<\/strong><\/p>\n\n\n\n<blockquote class=\"wp-block-quote is-layout-flow wp-block-quote-is-layout-flow\"><p>Eu s\u00edntome un privilexiado de poder seguir desenvolvendo o meu traballo, e de colaborar socialmente para que esta situaci\u00f3n dure o menos tempo posible.<\/p><\/blockquote>\n\n\n\n<p><strong>Cantos axentes ten agora a polic\u00eda de Gondomar en Servicio?<\/strong><\/p>\n\n\n\n<blockquote class=\"wp-block-quote is-layout-flow wp-block-quote-is-layout-flow\"><p>9 persoas.<\/p><\/blockquote>\n\n\n\n<p><strong>Cando comezou esta situaci\u00f3n de emerxencia sanitaria d\u00e9ronvos alg\u00fan tipo de protocolo para protexer \u00e1s vosas persoas no voso traballo?<\/strong><\/p>\n\n\n\n<blockquote class=\"wp-block-quote is-layout-flow wp-block-quote-is-layout-flow\"><p>As administraci\u00f3ns locais non te\u00f1en m\u00fasculo administrativo suficiente para xestionar protocolos deste tipo. Os nosos protocolos de protecci\u00f3n partiron desta xefatura, e d\u00edgoo con toda humildade e sen ning\u00fan \u00e1nimo de nada.<\/p><\/blockquote>\n\n\n\n<p><strong>E como lograches desenvolver protocolos de protecci\u00f3ns para os axentes locais de Gondomar?<\/strong><\/p>\n\n\n\n<blockquote class=\"wp-block-quote is-layout-flow wp-block-quote-is-layout-flow\"><p>Tomando como referencia os protocolos para as forzas e corpos de seguridade do estado. Eu o que fixen foi adaptar eses protocolos \u00e1s novas circunstancias.<\/p><\/blockquote>\n\n\n\n<p><strong>En que consistiron as medidas que adoptastes?<\/strong><\/p>\n\n\n\n<blockquote class=\"wp-block-quote is-layout-flow wp-block-quote-is-layout-flow\"><p>Illar aos axentes en patrullas fixas, que non te\u00f1an contacto entre eles, polo tanto no relevo non coinciden, e a asignaci\u00f3n de veh\u00edculos patrulla a parellas permanentes.<\/p><\/blockquote>\n\n\n\n<p><strong>Ah, desa maneira se, por desgraza, alg\u00fan axente contrae a enfermidade, o risco potencial de contaxio lim\u00edtase ao seu compa\u00f1eiro de patrulla, s\u00f3 a unha persoa, non aos restantes compa\u00f1eiros<\/strong><\/p>\n\n\n\n<blockquote class=\"wp-block-quote is-layout-flow wp-block-quote-is-layout-flow\"><p>Esa \u00e9 a intenci\u00f3n, o que loxicamente supuxo un importante cambio na organizaci\u00f3n do traballo diario, al\u00e9n dos protocolos nas desinfecci\u00f3ns dos veh\u00edculos e do aseo persoal e da intendencia lox\u00edstica necesaria para enfrontarnos a todo tipo de supostos de actuaci\u00f3n posible, e po\u00f1er en marcha todo isto require un esforzo inxente.<\/p><\/blockquote>\n\n\n\n<p><strong>Ademais do esforzo, implica dispor fisicamente do material necesario para a vosa protecci\u00f3n e para a dos individuos cos que as circunstancias do d\u00eda a d\u00eda vos exixa interactuar. Tedes luvas, mascarillas e elementos de protecci\u00f3n adecuados e suficientes?<\/strong><\/p>\n\n\n\n<blockquote class=\"wp-block-quote is-layout-flow wp-block-quote-is-layout-flow\"><p>N\u00f3s tivemos moita sorte, porque nunha nave do pol\u00edgono da pasaxe hab\u00eda moito material dese tipo, e o empresario doouno todo \u00e1s forzas e corpos de seguridade. Compart\u00edmolo coa garda civil, polo tanto n\u00f3s estivemos dotados do material necesario antes, incluso, c\u00f3 propio Concello.<\/p><\/blockquote>\n\n\n\n<p><strong>Unha situaci\u00f3n como esta na que a maior parte da poboaci\u00f3n estamos pechados nas nosas casas require un grao de civismo sobresa\u00ednte para podela superar canto antes, e para podela superar en paz. Ao teu xu\u00edzo o comportamento c\u00edvico da sociedade de Gondomar \u00e9 o adecuado?<\/strong><\/p>\n\n\n\n<blockquote class=\"wp-block-quote is-layout-flow wp-block-quote-is-layout-flow\"><p>Con respecto a isto sempre se pode falar de patr\u00f3ns xerais, e en li\u00f1as xerais d\u00edgoche rotundamente que o comportamento c\u00edvico da sociedade \u00e9 admirable. \u00c9 que ademais ten que ser as\u00ed, porque se houbese unha porcentaxe relevante de desobediencia civil non hai polic\u00eda no mundo que o poida controlar. Hai excepci\u00f3ns claro que si, e n\u00f3s estamos para iso, para controlar \u00e1s excepci\u00f3ns, pero reitero que o comportamento xeral de toda a sociedade \u00e9 como ten que ser, correct\u00edsimo.<\/p><\/blockquote>\n\n\n\n<p><strong>Ter que controlar a mobilidade dunha persoa tivo que significar un cambio brutal no voso traballo?<\/strong><\/p>\n\n\n\n<blockquote class=\"wp-block-quote is-layout-flow wp-block-quote-is-layout-flow\"><p>E tanto que si, f\u00edxate n\u00f3s pasamos de estar protexendo o dereito fundamental dos cidad\u00e1ns \u00e1 manifestarse , falo por exemplo do 8 de marzo, a nunha semana estarmos impedindo que d\u00faas persoas vaian xuntas no seu coche.<\/p><\/blockquote>\n\n\n\n<p><strong>Se eu tivera o teu traballo, a\u00ednda que levara moitos anos fac\u00e9ndoo coma ti, costar\u00edame unha inmensidade, de feito non sei se poder\u00eda facelo, parar a un cidad\u00e1n normal e preguntarlle a onde se dirixe ou de onde ven. Corr\u00edxeme se me equivoco, pero supo\u00f1o que psicoloxicamente non ser\u00e1 nada f\u00e1cil chegar a exercer ese nivel de control social?<\/strong><\/p>\n\n\n\n<p>Pois agradezo a t\u00faa empat\u00eda e sensibilidade porque efectivamente non \u00e9 nada f\u00e1cil. Esta situaci\u00f3n nos obriga, case a meternos na vida \u00edntima dos noso veci\u00f1as e veci\u00f1os, que na s\u00faa inmensa maior\u00eda son xente normal, respectuosa e que se comporta de maneira c\u00edvica.<\/p>\n\n\n\n<p><strong>E non vos proporcionaron ning\u00fan tipo de protocolo psicol\u00f3xico que permita que en actuaci\u00f3ns dese tipo tanto o axente que pregunta como o cidad\u00e1n preguntado poidan levar a situaci\u00f3n da mellor maneira posible?, porque, se para o que pregunta seguro que \u00e9 dif\u00edcil, para o preguntado tam\u00e9n o \u00e9. A modo de exemplo c\u00f3ntoche que eu atendo habitualmente a un familiar con alzheimer e tampouco me resulta agradable cando alg\u00fan polic\u00eda me para e te\u00f1o que acreditar a enfermidade do meu familiar<\/strong><\/p>\n\n\n\n<blockquote class=\"wp-block-quote is-layout-flow wp-block-quote-is-layout-flow\"><p>Non, de feito as baixas psicol\u00f3xicas na polic\u00eda \u00e9 un problema real, que si existe. N\u00f3s en concreto, en Gondomar temos unha persoa de baixa por ese motivo. O traballo policial, aseg\u00faroche Tino, que psicoloxicamente ten un elevado nivel de dificultade.<\/p><\/blockquote>\n\n\n\n<p><strong>O \u00edndice de actos delituosos m\u00e1is habituais, aumentou, mantense ou diminu\u00edu?<\/strong><\/p>\n\n\n\n<blockquote class=\"wp-block-quote is-layout-flow wp-block-quote-is-layout-flow\"><p>Os delitos contra o patrimonio diminu\u00edron, o que si temos un pico de aumento en Gondomar en casos de violencia de x\u00e9nero.<\/p><\/blockquote>\n\n\n\n<p><strong>Cales son os vosos sentimentos en relaci\u00f3n coa valoraci\u00f3n xeral que ten a sociedade ao respecto do voso traballo?<\/strong><\/p>\n\n\n\n<blockquote class=\"wp-block-quote is-layout-flow wp-block-quote-is-layout-flow\"><p>Como che dixen antes eu levo moito tempo na polic\u00eda, e sempre me sent\u00edn moi ben tratado pola sociedade, que en li\u00f1as xerais comprende, respecta e valora o noso traballo, pero nunca recib\u00edn tanto cari\u00f1o como nestes momentos, algo que desde logo me enche de orgullo , agradecemento e non fai m\u00e1is que reforzar o noso compromiso de sermos un servicio social, porque ao fin e ao cabo o traballo policial ten que ser un servizo para facilitar a vida aos nosos veci\u00f1os e veci\u00f1as. N\u00f3s somos persoas normais que temos os mesmos sentimentos, desexos, medos e necesidades que calquera ser humano e o noso traballo debe servir para axudar a resolver problemas e dificultades e ,en definitiva, facer a vida un pouco m\u00e1is f\u00e1cil para todos.<\/p><\/blockquote>\n","protected":false},"excerpt":{"rendered":"<div class=\"mh-excerpt\"><p>Sempre Me Sent\u00edn Moi Ben Tratado Pola Sociedade, Pero Nunca Percib\u00edn Tanto Cari\u00f1o Cara Ao Noso Traballo Como Na Actualidade <a class=\"mh-excerpt-more\" href=\"https:\/\/www.anovapeneira.gal\/index.php\/2020\/04\/14\/a-policia-e-o-coronavirus\/\" title=\"A polic\u00eda e o coronavirus\">[&#8230;]<\/a><\/p>\n<\/div>","protected":false},"author":3,"featured_media":2917,"comment_status":"open","ping_status":"open","sticky":false,"template":"","format":"standard","meta":{"_exactmetrics_skip_tracking":false,"_exactmetrics_sitenote_active":false,"_exactmetrics_sitenote_note":"","_exactmetrics_sitenote_category":0,"footnotes":""},"categories":[20],"tags":[149,1006],"class_list":{"0":"post-2916","1":"post","2":"type-post","3":"status-publish","4":"format-standard","5":"has-post-thumbnail","7":"category-val-minor","8":"tag-concello-de-gondomar","9":"tag-covid19"},"yoast_head":"<!-- This site is optimized with the Yoast SEO plugin v27.4 - https:\/\/yoast.com\/product\/yoast-seo-wordpress\/ -->\n<title>A polic\u00eda e o coronavirus -<\/title>\n<meta name=\"robots\" content=\"index, follow, max-snippet:-1, max-image-preview:large, max-video-preview:-1\" \/>\n<link rel=\"canonical\" href=\"https:\/\/www.anovapeneira.gal\/index.php\/2020\/04\/14\/a-policia-e-o-coronavirus\/\" \/>\n<meta property=\"og:locale\" content=\"gl_ES\" \/>\n<meta property=\"og:type\" content=\"article\" \/>\n<meta property=\"og:title\" content=\"A polic\u00eda e o coronavirus -\" \/>\n<meta property=\"og:description\" content=\"Sempre Me Sent\u00edn Moi Ben Tratado Pola Sociedade, Pero Nunca Percib\u00edn Tanto Cari\u00f1o Cara Ao Noso Traballo Como Na Actualidade [...]\" \/>\n<meta property=\"og:url\" content=\"https:\/\/www.anovapeneira.gal\/index.php\/2020\/04\/14\/a-policia-e-o-coronavirus\/\" \/>\n<meta property=\"article:publisher\" content=\"https:\/\/www.facebook.com\/anovapeneira\" \/>\n<meta property=\"article:published_time\" content=\"2020-04-14T08:00:18+00:00\" \/>\n<meta property=\"og:image\" content=\"https:\/\/www.anovapeneira.gal\/wp-content\/uploads\/2020\/04\/lito_xefe_policia_gondomar_a_nova_peneira.jpg\" \/>\n\t<meta property=\"og:image:width\" content=\"720\" \/>\n\t<meta property=\"og:image:height\" content=\"432\" \/>\n\t<meta property=\"og:image:type\" content=\"image\/jpeg\" \/>\n<meta name=\"author\" content=\"Redacci\u00f3n A Nova Peneira\" \/>\n<meta name=\"twitter:card\" content=\"summary_large_image\" \/>\n<meta name=\"twitter:creator\" content=\"@APeneira\" \/>\n<meta name=\"twitter:site\" content=\"@APeneira\" \/>\n<meta name=\"twitter:label1\" content=\"Escrito por\" \/>\n\t<meta name=\"twitter:data1\" content=\"Redacci\u00f3n A Nova Peneira\" \/>\n\t<meta name=\"twitter:label2\" content=\"Tempo de lectura\" \/>\n\t<meta name=\"twitter:data2\" content=\"7 minutos\" \/>\n<script type=\"application\/ld+json\" class=\"yoast-schema-graph\">{\"@context\":\"https:\\\/\\\/schema.org\",\"@graph\":[{\"@type\":\"Article\",\"@id\":\"https:\\\/\\\/www.anovapeneira.gal\\\/index.php\\\/2020\\\/04\\\/14\\\/a-policia-e-o-coronavirus\\\/#article\",\"isPartOf\":{\"@id\":\"https:\\\/\\\/www.anovapeneira.gal\\\/index.php\\\/2020\\\/04\\\/14\\\/a-policia-e-o-coronavirus\\\/\"},\"author\":{\"name\":\"Redacci\u00f3n A Nova Peneira\",\"@id\":\"https:\\\/\\\/www.anovapeneira.gal\\\/#\\\/schema\\\/person\\\/b93e3f8932e3f8da96334607eb6ac6aa\"},\"headline\":\"A polic\u00eda e o coronavirus\",\"datePublished\":\"2020-04-14T08:00:18+00:00\",\"mainEntityOfPage\":{\"@id\":\"https:\\\/\\\/www.anovapeneira.gal\\\/index.php\\\/2020\\\/04\\\/14\\\/a-policia-e-o-coronavirus\\\/\"},\"wordCount\":1462,\"commentCount\":0,\"publisher\":{\"@id\":\"https:\\\/\\\/www.anovapeneira.gal\\\/#organization\"},\"image\":{\"@id\":\"https:\\\/\\\/www.anovapeneira.gal\\\/index.php\\\/2020\\\/04\\\/14\\\/a-policia-e-o-coronavirus\\\/#primaryimage\"},\"thumbnailUrl\":\"https:\\\/\\\/www.anovapeneira.gal\\\/wp-content\\\/uploads\\\/2020\\\/04\\\/lito_xefe_policia_gondomar_a_nova_peneira.jpg\",\"keywords\":[\"Concello de Gondomar\",\"COVID19\"],\"articleSection\":[\"Val Mi\u00f1or\"],\"inLanguage\":\"gl-ES\",\"potentialAction\":[{\"@type\":\"CommentAction\",\"name\":\"Comment\",\"target\":[\"https:\\\/\\\/www.anovapeneira.gal\\\/index.php\\\/2020\\\/04\\\/14\\\/a-policia-e-o-coronavirus\\\/#respond\"]}]},{\"@type\":\"WebPage\",\"@id\":\"https:\\\/\\\/www.anovapeneira.gal\\\/index.php\\\/2020\\\/04\\\/14\\\/a-policia-e-o-coronavirus\\\/\",\"url\":\"https:\\\/\\\/www.anovapeneira.gal\\\/index.php\\\/2020\\\/04\\\/14\\\/a-policia-e-o-coronavirus\\\/\",\"name\":\"A polic\u00eda e o coronavirus -\",\"isPartOf\":{\"@id\":\"https:\\\/\\\/www.anovapeneira.gal\\\/#website\"},\"primaryImageOfPage\":{\"@id\":\"https:\\\/\\\/www.anovapeneira.gal\\\/index.php\\\/2020\\\/04\\\/14\\\/a-policia-e-o-coronavirus\\\/#primaryimage\"},\"image\":{\"@id\":\"https:\\\/\\\/www.anovapeneira.gal\\\/index.php\\\/2020\\\/04\\\/14\\\/a-policia-e-o-coronavirus\\\/#primaryimage\"},\"thumbnailUrl\":\"https:\\\/\\\/www.anovapeneira.gal\\\/wp-content\\\/uploads\\\/2020\\\/04\\\/lito_xefe_policia_gondomar_a_nova_peneira.jpg\",\"datePublished\":\"2020-04-14T08:00:18+00:00\",\"breadcrumb\":{\"@id\":\"https:\\\/\\\/www.anovapeneira.gal\\\/index.php\\\/2020\\\/04\\\/14\\\/a-policia-e-o-coronavirus\\\/#breadcrumb\"},\"inLanguage\":\"gl-ES\",\"potentialAction\":[{\"@type\":\"ReadAction\",\"target\":[\"https:\\\/\\\/www.anovapeneira.gal\\\/index.php\\\/2020\\\/04\\\/14\\\/a-policia-e-o-coronavirus\\\/\"]}]},{\"@type\":\"ImageObject\",\"inLanguage\":\"gl-ES\",\"@id\":\"https:\\\/\\\/www.anovapeneira.gal\\\/index.php\\\/2020\\\/04\\\/14\\\/a-policia-e-o-coronavirus\\\/#primaryimage\",\"url\":\"https:\\\/\\\/www.anovapeneira.gal\\\/wp-content\\\/uploads\\\/2020\\\/04\\\/lito_xefe_policia_gondomar_a_nova_peneira.jpg\",\"contentUrl\":\"https:\\\/\\\/www.anovapeneira.gal\\\/wp-content\\\/uploads\\\/2020\\\/04\\\/lito_xefe_policia_gondomar_a_nova_peneira.jpg\",\"width\":720,\"height\":432,\"caption\":\"Lito xefe de polic\u00eda Concello de Gondomar A Nova Peneira\"},{\"@type\":\"BreadcrumbList\",\"@id\":\"https:\\\/\\\/www.anovapeneira.gal\\\/index.php\\\/2020\\\/04\\\/14\\\/a-policia-e-o-coronavirus\\\/#breadcrumb\",\"itemListElement\":[{\"@type\":\"ListItem\",\"position\":1,\"name\":\"Portada\",\"item\":\"https:\\\/\\\/www.anovapeneira.gal\\\/\"},{\"@type\":\"ListItem\",\"position\":2,\"name\":\"A polic\u00eda e o coronavirus\"}]},{\"@type\":\"WebSite\",\"@id\":\"https:\\\/\\\/www.anovapeneira.gal\\\/#website\",\"url\":\"https:\\\/\\\/www.anovapeneira.gal\\\/\",\"name\":\"\",\"description\":\"Xornal galego de informaci\u00f3n xeral Publicaci\u00f3n mensual de novas de Galicia e en especial dos Concellos da sur da provincia de Pontevedra.\",\"publisher\":{\"@id\":\"https:\\\/\\\/www.anovapeneira.gal\\\/#organization\"},\"potentialAction\":[{\"@type\":\"SearchAction\",\"target\":{\"@type\":\"EntryPoint\",\"urlTemplate\":\"https:\\\/\\\/www.anovapeneira.gal\\\/?s={search_term_string}\"},\"query-input\":{\"@type\":\"PropertyValueSpecification\",\"valueRequired\":true,\"valueName\":\"search_term_string\"}}],\"inLanguage\":\"gl-ES\"},{\"@type\":\"Organization\",\"@id\":\"https:\\\/\\\/www.anovapeneira.gal\\\/#organization\",\"name\":\"A Nova Peneira\",\"url\":\"https:\\\/\\\/www.anovapeneira.gal\\\/\",\"logo\":{\"@type\":\"ImageObject\",\"inLanguage\":\"gl-ES\",\"@id\":\"https:\\\/\\\/www.anovapeneira.gal\\\/#\\\/schema\\\/logo\\\/image\\\/\",\"url\":\"http:\\\/\\\/www.anovapeneira.gal\\\/wp-content\\\/uploads\\\/2019\\\/06\\\/logo_a_nova_peneira_portal_web.png\",\"contentUrl\":\"http:\\\/\\\/www.anovapeneira.gal\\\/wp-content\\\/uploads\\\/2019\\\/06\\\/logo_a_nova_peneira_portal_web.png\",\"width\":300,\"height\":100,\"caption\":\"A Nova Peneira\"},\"image\":{\"@id\":\"https:\\\/\\\/www.anovapeneira.gal\\\/#\\\/schema\\\/logo\\\/image\\\/\"},\"sameAs\":[\"https:\\\/\\\/www.facebook.com\\\/anovapeneira\",\"https:\\\/\\\/x.com\\\/APeneira\"]},{\"@type\":\"Person\",\"@id\":\"https:\\\/\\\/www.anovapeneira.gal\\\/#\\\/schema\\\/person\\\/b93e3f8932e3f8da96334607eb6ac6aa\",\"name\":\"Redacci\u00f3n A Nova Peneira\",\"image\":{\"@type\":\"ImageObject\",\"inLanguage\":\"gl-ES\",\"@id\":\"https:\\\/\\\/secure.gravatar.com\\\/avatar\\\/c052a2551a06e23fac63626232eaa90abd78dbcf1700fc46a2b2c89fd27b735f?s=96&d=mm&r=g\",\"url\":\"https:\\\/\\\/secure.gravatar.com\\\/avatar\\\/c052a2551a06e23fac63626232eaa90abd78dbcf1700fc46a2b2c89fd27b735f?s=96&d=mm&r=g\",\"contentUrl\":\"https:\\\/\\\/secure.gravatar.com\\\/avatar\\\/c052a2551a06e23fac63626232eaa90abd78dbcf1700fc46a2b2c89fd27b735f?s=96&d=mm&r=g\",\"caption\":\"Redacci\u00f3n A Nova Peneira\"},\"sameAs\":[\"http:\\\/\\\/www.anovapeneira.gal\\\/\"],\"url\":\"https:\\\/\\\/www.anovapeneira.gal\\\/index.php\\\/author\\\/redactor\\\/\"}]}<\/script>\n<!-- \/ Yoast SEO plugin. -->","yoast_head_json":{"title":"A polic\u00eda e o coronavirus -","robots":{"index":"index","follow":"follow","max-snippet":"max-snippet:-1","max-image-preview":"max-image-preview:large","max-video-preview":"max-video-preview:-1"},"canonical":"https:\/\/www.anovapeneira.gal\/index.php\/2020\/04\/14\/a-policia-e-o-coronavirus\/","og_locale":"gl_ES","og_type":"article","og_title":"A polic\u00eda e o coronavirus -","og_description":"Sempre Me Sent\u00edn Moi Ben Tratado Pola Sociedade, Pero Nunca Percib\u00edn Tanto Cari\u00f1o Cara Ao Noso Traballo Como Na Actualidade [...]","og_url":"https:\/\/www.anovapeneira.gal\/index.php\/2020\/04\/14\/a-policia-e-o-coronavirus\/","article_publisher":"https:\/\/www.facebook.com\/anovapeneira","article_published_time":"2020-04-14T08:00:18+00:00","og_image":[{"width":720,"height":432,"url":"https:\/\/www.anovapeneira.gal\/wp-content\/uploads\/2020\/04\/lito_xefe_policia_gondomar_a_nova_peneira.jpg","type":"image\/jpeg"}],"author":"Redacci\u00f3n A Nova Peneira","twitter_card":"summary_large_image","twitter_creator":"@APeneira","twitter_site":"@APeneira","twitter_misc":{"Escrito por":"Redacci\u00f3n A Nova Peneira","Tempo de lectura":"7 minutos"},"schema":{"@context":"https:\/\/schema.org","@graph":[{"@type":"Article","@id":"https:\/\/www.anovapeneira.gal\/index.php\/2020\/04\/14\/a-policia-e-o-coronavirus\/#article","isPartOf":{"@id":"https:\/\/www.anovapeneira.gal\/index.php\/2020\/04\/14\/a-policia-e-o-coronavirus\/"},"author":{"name":"Redacci\u00f3n A Nova Peneira","@id":"https:\/\/www.anovapeneira.gal\/#\/schema\/person\/b93e3f8932e3f8da96334607eb6ac6aa"},"headline":"A polic\u00eda e o coronavirus","datePublished":"2020-04-14T08:00:18+00:00","mainEntityOfPage":{"@id":"https:\/\/www.anovapeneira.gal\/index.php\/2020\/04\/14\/a-policia-e-o-coronavirus\/"},"wordCount":1462,"commentCount":0,"publisher":{"@id":"https:\/\/www.anovapeneira.gal\/#organization"},"image":{"@id":"https:\/\/www.anovapeneira.gal\/index.php\/2020\/04\/14\/a-policia-e-o-coronavirus\/#primaryimage"},"thumbnailUrl":"https:\/\/www.anovapeneira.gal\/wp-content\/uploads\/2020\/04\/lito_xefe_policia_gondomar_a_nova_peneira.jpg","keywords":["Concello de Gondomar","COVID19"],"articleSection":["Val Mi\u00f1or"],"inLanguage":"gl-ES","potentialAction":[{"@type":"CommentAction","name":"Comment","target":["https:\/\/www.anovapeneira.gal\/index.php\/2020\/04\/14\/a-policia-e-o-coronavirus\/#respond"]}]},{"@type":"WebPage","@id":"https:\/\/www.anovapeneira.gal\/index.php\/2020\/04\/14\/a-policia-e-o-coronavirus\/","url":"https:\/\/www.anovapeneira.gal\/index.php\/2020\/04\/14\/a-policia-e-o-coronavirus\/","name":"A polic\u00eda e o coronavirus -","isPartOf":{"@id":"https:\/\/www.anovapeneira.gal\/#website"},"primaryImageOfPage":{"@id":"https:\/\/www.anovapeneira.gal\/index.php\/2020\/04\/14\/a-policia-e-o-coronavirus\/#primaryimage"},"image":{"@id":"https:\/\/www.anovapeneira.gal\/index.php\/2020\/04\/14\/a-policia-e-o-coronavirus\/#primaryimage"},"thumbnailUrl":"https:\/\/www.anovapeneira.gal\/wp-content\/uploads\/2020\/04\/lito_xefe_policia_gondomar_a_nova_peneira.jpg","datePublished":"2020-04-14T08:00:18+00:00","breadcrumb":{"@id":"https:\/\/www.anovapeneira.gal\/index.php\/2020\/04\/14\/a-policia-e-o-coronavirus\/#breadcrumb"},"inLanguage":"gl-ES","potentialAction":[{"@type":"ReadAction","target":["https:\/\/www.anovapeneira.gal\/index.php\/2020\/04\/14\/a-policia-e-o-coronavirus\/"]}]},{"@type":"ImageObject","inLanguage":"gl-ES","@id":"https:\/\/www.anovapeneira.gal\/index.php\/2020\/04\/14\/a-policia-e-o-coronavirus\/#primaryimage","url":"https:\/\/www.anovapeneira.gal\/wp-content\/uploads\/2020\/04\/lito_xefe_policia_gondomar_a_nova_peneira.jpg","contentUrl":"https:\/\/www.anovapeneira.gal\/wp-content\/uploads\/2020\/04\/lito_xefe_policia_gondomar_a_nova_peneira.jpg","width":720,"height":432,"caption":"Lito xefe de polic\u00eda Concello de Gondomar A Nova Peneira"},{"@type":"BreadcrumbList","@id":"https:\/\/www.anovapeneira.gal\/index.php\/2020\/04\/14\/a-policia-e-o-coronavirus\/#breadcrumb","itemListElement":[{"@type":"ListItem","position":1,"name":"Portada","item":"https:\/\/www.anovapeneira.gal\/"},{"@type":"ListItem","position":2,"name":"A polic\u00eda e o coronavirus"}]},{"@type":"WebSite","@id":"https:\/\/www.anovapeneira.gal\/#website","url":"https:\/\/www.anovapeneira.gal\/","name":"","description":"Xornal galego de informaci\u00f3n xeral Publicaci\u00f3n mensual de novas de Galicia e en especial dos Concellos da sur da provincia de Pontevedra.","publisher":{"@id":"https:\/\/www.anovapeneira.gal\/#organization"},"potentialAction":[{"@type":"SearchAction","target":{"@type":"EntryPoint","urlTemplate":"https:\/\/www.anovapeneira.gal\/?s={search_term_string}"},"query-input":{"@type":"PropertyValueSpecification","valueRequired":true,"valueName":"search_term_string"}}],"inLanguage":"gl-ES"},{"@type":"Organization","@id":"https:\/\/www.anovapeneira.gal\/#organization","name":"A Nova Peneira","url":"https:\/\/www.anovapeneira.gal\/","logo":{"@type":"ImageObject","inLanguage":"gl-ES","@id":"https:\/\/www.anovapeneira.gal\/#\/schema\/logo\/image\/","url":"http:\/\/www.anovapeneira.gal\/wp-content\/uploads\/2019\/06\/logo_a_nova_peneira_portal_web.png","contentUrl":"http:\/\/www.anovapeneira.gal\/wp-content\/uploads\/2019\/06\/logo_a_nova_peneira_portal_web.png","width":300,"height":100,"caption":"A Nova Peneira"},"image":{"@id":"https:\/\/www.anovapeneira.gal\/#\/schema\/logo\/image\/"},"sameAs":["https:\/\/www.facebook.com\/anovapeneira","https:\/\/x.com\/APeneira"]},{"@type":"Person","@id":"https:\/\/www.anovapeneira.gal\/#\/schema\/person\/b93e3f8932e3f8da96334607eb6ac6aa","name":"Redacci\u00f3n A Nova Peneira","image":{"@type":"ImageObject","inLanguage":"gl-ES","@id":"https:\/\/secure.gravatar.com\/avatar\/c052a2551a06e23fac63626232eaa90abd78dbcf1700fc46a2b2c89fd27b735f?s=96&d=mm&r=g","url":"https:\/\/secure.gravatar.com\/avatar\/c052a2551a06e23fac63626232eaa90abd78dbcf1700fc46a2b2c89fd27b735f?s=96&d=mm&r=g","contentUrl":"https:\/\/secure.gravatar.com\/avatar\/c052a2551a06e23fac63626232eaa90abd78dbcf1700fc46a2b2c89fd27b735f?s=96&d=mm&r=g","caption":"Redacci\u00f3n A Nova Peneira"},"sameAs":["http:\/\/www.anovapeneira.gal\/"],"url":"https:\/\/www.anovapeneira.gal\/index.php\/author\/redactor\/"}]}},"jetpack_featured_media_url":"https:\/\/www.anovapeneira.gal\/wp-content\/uploads\/2020\/04\/lito_xefe_policia_gondomar_a_nova_peneira.jpg","_links":{"self":[{"href":"https:\/\/www.anovapeneira.gal\/index.php\/wp-json\/wp\/v2\/posts\/2916","targetHints":{"allow":["GET"]}}],"collection":[{"href":"https:\/\/www.anovapeneira.gal\/index.php\/wp-json\/wp\/v2\/posts"}],"about":[{"href":"https:\/\/www.anovapeneira.gal\/index.php\/wp-json\/wp\/v2\/types\/post"}],"author":[{"embeddable":true,"href":"https:\/\/www.anovapeneira.gal\/index.php\/wp-json\/wp\/v2\/users\/3"}],"replies":[{"embeddable":true,"href":"https:\/\/www.anovapeneira.gal\/index.php\/wp-json\/wp\/v2\/comments?post=2916"}],"version-history":[{"count":1,"href":"https:\/\/www.anovapeneira.gal\/index.php\/wp-json\/wp\/v2\/posts\/2916\/revisions"}],"predecessor-version":[{"id":2918,"href":"https:\/\/www.anovapeneira.gal\/index.php\/wp-json\/wp\/v2\/posts\/2916\/revisions\/2918"}],"wp:featuredmedia":[{"embeddable":true,"href":"https:\/\/www.anovapeneira.gal\/index.php\/wp-json\/wp\/v2\/media\/2917"}],"wp:attachment":[{"href":"https:\/\/www.anovapeneira.gal\/index.php\/wp-json\/wp\/v2\/media?parent=2916"}],"wp:term":[{"taxonomy":"category","embeddable":true,"href":"https:\/\/www.anovapeneira.gal\/index.php\/wp-json\/wp\/v2\/categories?post=2916"},{"taxonomy":"post_tag","embeddable":true,"href":"https:\/\/www.anovapeneira.gal\/index.php\/wp-json\/wp\/v2\/tags?post=2916"}],"curies":[{"name":"wp","href":"https:\/\/api.w.org\/{rel}","templated":true}]}}