{"id":2925,"date":"2020-04-15T10:00:38","date_gmt":"2020-04-15T08:00:38","guid":{"rendered":"http:\/\/www.anovapeneira.gal\/?p=2925"},"modified":"2020-04-13T10:35:57","modified_gmt":"2020-04-13T08:35:57","slug":"ponteareas-fai-balance-de-catro-semanas-de-estado-de-alarma-e-salienta-o-papel-crucial-do-concello","status":"publish","type":"post","link":"https:\/\/www.anovapeneira.gal\/index.php\/2020\/04\/15\/ponteareas-fai-balance-de-catro-semanas-de-estado-de-alarma-e-salienta-o-papel-crucial-do-concello\/","title":{"rendered":"Ponteareas fai balance de catro semanas de estado  de alarma e salienta o papel crucial do Concello"},"content":{"rendered":"\n<h2 class=\"wp-block-heading\"><strong>Reuni\u00f3n por videoconferencia cos Portavoces da Corporaci\u00f3n<\/strong><\/h2>\n\n\n\n<h2 class=\"wp-block-heading\"><strong>O goberno local traballa na posta en marcha de novas medidas de apoio a aut\u00f3nomos, pemes e comerciantes e incrementar\u00e1 as axudas de emerxencia social<\/strong><\/h2>\n\n\n\n<p><strong>Ponteareas, 11 de abril de 2020<\/strong><\/p>\n\n\n\n<p>Logo de catro semanas desde a declaraci\u00f3n do estado de alarma, o goberno municipal de Ponteareas, formado por BNG e PSOE, fixo balance das actuaci\u00f3ns municipais desenvolvidas para facer fronte \u00e1 crise sanitaria.<\/p>\n\n\n\n<p>Este balance tam\u00e9n foi compartido cos grupos da oposici\u00f3n, PP e AciP, nunha reuni\u00f3n celebrada por vidoeconferencia na tarde deste m\u00e9rcores. Nun amplo documento, o goberno enumera todas as actuaci\u00f3ns que abranguen as medidas organizativas de direcci\u00f3n e xesti\u00f3n da crise, as de prevenci\u00f3n e autoprotecci\u00f3n no \u00e1mbito interno municipal, as de informaci\u00f3n e atenci\u00f3n cidad\u00e1, as de sa\u00fade p\u00fablica, as relativas \u00e1 asistencia social e as referentes ao \u00e1mbito educativo, cultural, deportivo e de ocio, as adoptadas en materia econ\u00f3mica e fiscal e, por \u00faltimo, as referidas \u00e1 seguridade cidad\u00e1n e mobilidade.<\/p>\n\n\n\n<p>Respecto \u00e1 direcci\u00f3n e xesti\u00f3n da crise, o goberno BNG-PSOE puxo en marcha antes da declaraci\u00f3n do estado de alarma unha comisi\u00f3n de seguimento da crise sanitaria do Covid-19, presidida polo alcalde Xos\u00e9 Represas e formada polas tenentes de alcalde Cristina Fern\u00e1ndez, Chus Garrote e Roberto Mera Neste marco incl\u00faese tam\u00e9n a comunicaci\u00f3n e coordinaci\u00f3n diaria coa administraci\u00f3n sanitaria e o centro de sa\u00fade da localidade, con especial seguimento \u00e1 situaci\u00f3n da residencia de maiores e ao servizo de axuda no fogar.<\/p>\n\n\n\n<p>Para seguir mantendo ao m\u00e1ximo n\u00edvel pos\u00edbel o funcionamento do Concello, a concellar\u00eda de Innovaci\u00f3n Tecnol\u00f3xica implementou en tempo r\u00e9cord o teletraballo para boa parte dos servizos administrativos, reorganizando a atenci\u00f3n cidad\u00e1 a trav\u00e9s de telefon\u00eda, correo e sede electr\u00f3nica e cre\u00e1ndose un espazo espec\u00edfico na web municipal adicada \u00e1 crise sanitaria onde se pode acceder a ampla informaci\u00f3n de interese para a veci\u00f1anza.&nbsp;<\/p>\n\n\n\n<p>O goberno municipal am\u00f3sase satisfeito polo traballo desenvolvido e polo comportamento exemplar que ven mantendo a inmensa maior\u00eda da poboaci\u00f3n. \u201cEstamos moi orgullosos da veci\u00f1anza pero tam\u00e9n\u201d, destaca o alcalde Xos\u00e9 Represas, \u201cdo cadro de persoal municipal en xeral e, en particular, do que se atopa en primeira li\u00f1a nestes intres tan complicados, como a Residencia de Maiores, o Servizo de Axuda no Fogar, a Polic\u00eda Local, Bombeiros, Protecci\u00f3n Civil, os servizos sociais, o persoal de limpeza e o voluntariado xestionado polo concello\u201d. Pola s\u00faa banda, a tenenta de alcalde Chus Garrote quere agradecer as suxesti\u00f3ns dos axentes sociais e as aportaci\u00f3ns da oposici\u00f3n e eganden que \u201cseguimos d\u00eda a d\u00eda as circulares da Xunta e do Estado para propo\u00f1er medidas para as empresas e aut\u00f3nomos nas que o goberno de estado ou o goberno galego non chega\u201d.<\/p>\n\n\n\n<p>Finalmente, en materia de seguridade cidad\u00e1n e mobilidade, o goberno local salienta o labor de informaci\u00f3n na r\u00faa que ven desenvolvendo a Polic\u00eda Local e a Agrupaci\u00f3n de Voluntarios\/as de Protecci\u00f3n Civil sobre recomendaci\u00f3ns, normas, pautas de comportamento, etc&#8230; relativas \u00e1 mobilidade e \u00e1 autoprotecci\u00f3n da sa\u00fade. A Polic\u00eda Local, coordinadamente coa Garda Civil, realiza de maneira continua patrullaxe e controis espec\u00edficos dos movementos de persoas e da apertura de establecementos para garantir o cumprimento das restrici\u00f3ns impostas no estado de alarma.&nbsp;<\/p>\n\n\n\n<p>O goberno local est\u00e1 a traballar na posta en marcha de novas medidas como o incremento das partidas econ\u00f3micas destinadas as axudas de emerxencia social, a ampliaci\u00f3n do servizo de axuda a domicilio, a creaci\u00f3n, en colaboraci\u00f3n co sector, dunha plataforma dixital para a difusi\u00f3n da oferta comercial local e de vendas, a posta en marcha de concursos de creatividade e habilidades dirixidos \u00e1s persoas confinadas con premios consistentes en bonos de compra no comercio local, as bonificaci\u00f3ns de taxas e impostos dirixida \u00e1 actividade econ\u00f3mica afectada pola crise sanitaria e a elaboraci\u00f3n dun plan de apoio a aut\u00f3nomos, pemes e comerciantes, tanto para a situaci\u00f3n actual durante o estado de alarma como para a necesaria recuperaci\u00f3n posterior da actividade econ\u00f3mica comercial e de servizos.<\/p>\n","protected":false},"excerpt":{"rendered":"<div class=\"mh-excerpt\"><p>O goberno local traballa na posta en marcha de novas medidas de apoio a aut\u00f3nomos <a class=\"mh-excerpt-more\" href=\"https:\/\/www.anovapeneira.gal\/index.php\/2020\/04\/15\/ponteareas-fai-balance-de-catro-semanas-de-estado-de-alarma-e-salienta-o-papel-crucial-do-concello\/\" title=\"Ponteareas fai balance de catro semanas de estado  de alarma e salienta o papel crucial do Concello\">[&#8230;]<\/a><\/p>\n<\/div>","protected":false},"author":3,"featured_media":2926,"comment_status":"open","ping_status":"open","sticky":false,"template":"","format":"standard","meta":{"_exactmetrics_skip_tracking":false,"_exactmetrics_sitenote_active":false,"_exactmetrics_sitenote_note":"","_exactmetrics_sitenote_category":0,"footnotes":""},"categories":[25],"tags":[208,1006],"class_list":{"0":"post-2925","1":"post","2":"type-post","3":"status-publish","4":"format-standard","5":"has-post-thumbnail","7":"category-condado","8":"tag-concello-de-ponteareas","9":"tag-covid19"},"yoast_head":"<!-- This site is optimized with the Yoast SEO plugin v27.4 - https:\/\/yoast.com\/product\/yoast-seo-wordpress\/ -->\n<title>Ponteareas fai balance de catro semanas de estado de alarma e salienta o papel crucial do Concello -<\/title>\n<meta name=\"robots\" content=\"index, follow, max-snippet:-1, max-image-preview:large, max-video-preview:-1\" \/>\n<link rel=\"canonical\" href=\"https:\/\/www.anovapeneira.gal\/index.php\/2020\/04\/15\/ponteareas-fai-balance-de-catro-semanas-de-estado-de-alarma-e-salienta-o-papel-crucial-do-concello\/\" \/>\n<meta property=\"og:locale\" content=\"gl_ES\" \/>\n<meta property=\"og:type\" content=\"article\" \/>\n<meta property=\"og:title\" content=\"Ponteareas fai balance de catro semanas de estado de alarma e salienta o papel crucial do Concello -\" \/>\n<meta property=\"og:description\" content=\"O goberno local traballa na posta en marcha de novas medidas de apoio a aut\u00f3nomos [...]\" \/>\n<meta property=\"og:url\" content=\"https:\/\/www.anovapeneira.gal\/index.php\/2020\/04\/15\/ponteareas-fai-balance-de-catro-semanas-de-estado-de-alarma-e-salienta-o-papel-crucial-do-concello\/\" \/>\n<meta property=\"article:publisher\" content=\"https:\/\/www.facebook.com\/anovapeneira\" \/>\n<meta property=\"article:published_time\" content=\"2020-04-15T08:00:38+00:00\" \/>\n<meta property=\"og:image\" content=\"https:\/\/www.anovapeneira.gal\/wp-content\/uploads\/2020\/04\/corporacion_ponteareas_a_nova_peneira.jpg\" \/>\n\t<meta property=\"og:image:width\" content=\"720\" \/>\n\t<meta property=\"og:image:height\" content=\"432\" \/>\n\t<meta property=\"og:image:type\" content=\"image\/jpeg\" \/>\n<meta name=\"author\" content=\"Redacci\u00f3n A Nova Peneira\" \/>\n<meta name=\"twitter:card\" content=\"summary_large_image\" \/>\n<meta name=\"twitter:creator\" content=\"@APeneira\" \/>\n<meta name=\"twitter:site\" content=\"@APeneira\" \/>\n<meta name=\"twitter:label1\" content=\"Escrito por\" \/>\n\t<meta name=\"twitter:data1\" content=\"Redacci\u00f3n A Nova Peneira\" \/>\n\t<meta name=\"twitter:label2\" content=\"Tempo de lectura\" \/>\n\t<meta name=\"twitter:data2\" content=\"4 minutos\" \/>\n<script type=\"application\/ld+json\" class=\"yoast-schema-graph\">{\"@context\":\"https:\\\/\\\/schema.org\",\"@graph\":[{\"@type\":\"Article\",\"@id\":\"https:\\\/\\\/www.anovapeneira.gal\\\/index.php\\\/2020\\\/04\\\/15\\\/ponteareas-fai-balance-de-catro-semanas-de-estado-de-alarma-e-salienta-o-papel-crucial-do-concello\\\/#article\",\"isPartOf\":{\"@id\":\"https:\\\/\\\/www.anovapeneira.gal\\\/index.php\\\/2020\\\/04\\\/15\\\/ponteareas-fai-balance-de-catro-semanas-de-estado-de-alarma-e-salienta-o-papel-crucial-do-concello\\\/\"},\"author\":{\"name\":\"Redacci\u00f3n A Nova Peneira\",\"@id\":\"https:\\\/\\\/www.anovapeneira.gal\\\/#\\\/schema\\\/person\\\/b93e3f8932e3f8da96334607eb6ac6aa\"},\"headline\":\"Ponteareas fai balance de catro semanas de estado de alarma e salienta o papel crucial do Concello\",\"datePublished\":\"2020-04-15T08:00:38+00:00\",\"mainEntityOfPage\":{\"@id\":\"https:\\\/\\\/www.anovapeneira.gal\\\/index.php\\\/2020\\\/04\\\/15\\\/ponteareas-fai-balance-de-catro-semanas-de-estado-de-alarma-e-salienta-o-papel-crucial-do-concello\\\/\"},\"wordCount\":751,\"commentCount\":0,\"publisher\":{\"@id\":\"https:\\\/\\\/www.anovapeneira.gal\\\/#organization\"},\"image\":{\"@id\":\"https:\\\/\\\/www.anovapeneira.gal\\\/index.php\\\/2020\\\/04\\\/15\\\/ponteareas-fai-balance-de-catro-semanas-de-estado-de-alarma-e-salienta-o-papel-crucial-do-concello\\\/#primaryimage\"},\"thumbnailUrl\":\"https:\\\/\\\/www.anovapeneira.gal\\\/wp-content\\\/uploads\\\/2020\\\/04\\\/corporacion_ponteareas_a_nova_peneira.jpg\",\"keywords\":[\"Concello de Ponteareas\",\"COVID19\"],\"articleSection\":[\"Condado\"],\"inLanguage\":\"gl-ES\",\"potentialAction\":[{\"@type\":\"CommentAction\",\"name\":\"Comment\",\"target\":[\"https:\\\/\\\/www.anovapeneira.gal\\\/index.php\\\/2020\\\/04\\\/15\\\/ponteareas-fai-balance-de-catro-semanas-de-estado-de-alarma-e-salienta-o-papel-crucial-do-concello\\\/#respond\"]}]},{\"@type\":\"WebPage\",\"@id\":\"https:\\\/\\\/www.anovapeneira.gal\\\/index.php\\\/2020\\\/04\\\/15\\\/ponteareas-fai-balance-de-catro-semanas-de-estado-de-alarma-e-salienta-o-papel-crucial-do-concello\\\/\",\"url\":\"https:\\\/\\\/www.anovapeneira.gal\\\/index.php\\\/2020\\\/04\\\/15\\\/ponteareas-fai-balance-de-catro-semanas-de-estado-de-alarma-e-salienta-o-papel-crucial-do-concello\\\/\",\"name\":\"Ponteareas fai balance de catro semanas de estado de alarma e salienta o papel crucial do Concello -\",\"isPartOf\":{\"@id\":\"https:\\\/\\\/www.anovapeneira.gal\\\/#website\"},\"primaryImageOfPage\":{\"@id\":\"https:\\\/\\\/www.anovapeneira.gal\\\/index.php\\\/2020\\\/04\\\/15\\\/ponteareas-fai-balance-de-catro-semanas-de-estado-de-alarma-e-salienta-o-papel-crucial-do-concello\\\/#primaryimage\"},\"image\":{\"@id\":\"https:\\\/\\\/www.anovapeneira.gal\\\/index.php\\\/2020\\\/04\\\/15\\\/ponteareas-fai-balance-de-catro-semanas-de-estado-de-alarma-e-salienta-o-papel-crucial-do-concello\\\/#primaryimage\"},\"thumbnailUrl\":\"https:\\\/\\\/www.anovapeneira.gal\\\/wp-content\\\/uploads\\\/2020\\\/04\\\/corporacion_ponteareas_a_nova_peneira.jpg\",\"datePublished\":\"2020-04-15T08:00:38+00:00\",\"breadcrumb\":{\"@id\":\"https:\\\/\\\/www.anovapeneira.gal\\\/index.php\\\/2020\\\/04\\\/15\\\/ponteareas-fai-balance-de-catro-semanas-de-estado-de-alarma-e-salienta-o-papel-crucial-do-concello\\\/#breadcrumb\"},\"inLanguage\":\"gl-ES\",\"potentialAction\":[{\"@type\":\"ReadAction\",\"target\":[\"https:\\\/\\\/www.anovapeneira.gal\\\/index.php\\\/2020\\\/04\\\/15\\\/ponteareas-fai-balance-de-catro-semanas-de-estado-de-alarma-e-salienta-o-papel-crucial-do-concello\\\/\"]}]},{\"@type\":\"ImageObject\",\"inLanguage\":\"gl-ES\",\"@id\":\"https:\\\/\\\/www.anovapeneira.gal\\\/index.php\\\/2020\\\/04\\\/15\\\/ponteareas-fai-balance-de-catro-semanas-de-estado-de-alarma-e-salienta-o-papel-crucial-do-concello\\\/#primaryimage\",\"url\":\"https:\\\/\\\/www.anovapeneira.gal\\\/wp-content\\\/uploads\\\/2020\\\/04\\\/corporacion_ponteareas_a_nova_peneira.jpg\",\"contentUrl\":\"https:\\\/\\\/www.anovapeneira.gal\\\/wp-content\\\/uploads\\\/2020\\\/04\\\/corporacion_ponteareas_a_nova_peneira.jpg\",\"width\":720,\"height\":432,\"caption\":\"Corporacion_ponteareas_a_nova_peneira\"},{\"@type\":\"BreadcrumbList\",\"@id\":\"https:\\\/\\\/www.anovapeneira.gal\\\/index.php\\\/2020\\\/04\\\/15\\\/ponteareas-fai-balance-de-catro-semanas-de-estado-de-alarma-e-salienta-o-papel-crucial-do-concello\\\/#breadcrumb\",\"itemListElement\":[{\"@type\":\"ListItem\",\"position\":1,\"name\":\"Portada\",\"item\":\"https:\\\/\\\/www.anovapeneira.gal\\\/\"},{\"@type\":\"ListItem\",\"position\":2,\"name\":\"Ponteareas fai balance de catro semanas de estado de alarma e salienta o papel crucial do Concello\"}]},{\"@type\":\"WebSite\",\"@id\":\"https:\\\/\\\/www.anovapeneira.gal\\\/#website\",\"url\":\"https:\\\/\\\/www.anovapeneira.gal\\\/\",\"name\":\"\",\"description\":\"Xornal galego de informaci\u00f3n xeral Publicaci\u00f3n mensual de novas de Galicia e en especial dos Concellos da sur da provincia de Pontevedra.\",\"publisher\":{\"@id\":\"https:\\\/\\\/www.anovapeneira.gal\\\/#organization\"},\"potentialAction\":[{\"@type\":\"SearchAction\",\"target\":{\"@type\":\"EntryPoint\",\"urlTemplate\":\"https:\\\/\\\/www.anovapeneira.gal\\\/?s={search_term_string}\"},\"query-input\":{\"@type\":\"PropertyValueSpecification\",\"valueRequired\":true,\"valueName\":\"search_term_string\"}}],\"inLanguage\":\"gl-ES\"},{\"@type\":\"Organization\",\"@id\":\"https:\\\/\\\/www.anovapeneira.gal\\\/#organization\",\"name\":\"A Nova Peneira\",\"url\":\"https:\\\/\\\/www.anovapeneira.gal\\\/\",\"logo\":{\"@type\":\"ImageObject\",\"inLanguage\":\"gl-ES\",\"@id\":\"https:\\\/\\\/www.anovapeneira.gal\\\/#\\\/schema\\\/logo\\\/image\\\/\",\"url\":\"http:\\\/\\\/www.anovapeneira.gal\\\/wp-content\\\/uploads\\\/2019\\\/06\\\/logo_a_nova_peneira_portal_web.png\",\"contentUrl\":\"http:\\\/\\\/www.anovapeneira.gal\\\/wp-content\\\/uploads\\\/2019\\\/06\\\/logo_a_nova_peneira_portal_web.png\",\"width\":300,\"height\":100,\"caption\":\"A Nova Peneira\"},\"image\":{\"@id\":\"https:\\\/\\\/www.anovapeneira.gal\\\/#\\\/schema\\\/logo\\\/image\\\/\"},\"sameAs\":[\"https:\\\/\\\/www.facebook.com\\\/anovapeneira\",\"https:\\\/\\\/x.com\\\/APeneira\"]},{\"@type\":\"Person\",\"@id\":\"https:\\\/\\\/www.anovapeneira.gal\\\/#\\\/schema\\\/person\\\/b93e3f8932e3f8da96334607eb6ac6aa\",\"name\":\"Redacci\u00f3n A Nova Peneira\",\"image\":{\"@type\":\"ImageObject\",\"inLanguage\":\"gl-ES\",\"@id\":\"https:\\\/\\\/secure.gravatar.com\\\/avatar\\\/c052a2551a06e23fac63626232eaa90abd78dbcf1700fc46a2b2c89fd27b735f?s=96&d=mm&r=g\",\"url\":\"https:\\\/\\\/secure.gravatar.com\\\/avatar\\\/c052a2551a06e23fac63626232eaa90abd78dbcf1700fc46a2b2c89fd27b735f?s=96&d=mm&r=g\",\"contentUrl\":\"https:\\\/\\\/secure.gravatar.com\\\/avatar\\\/c052a2551a06e23fac63626232eaa90abd78dbcf1700fc46a2b2c89fd27b735f?s=96&d=mm&r=g\",\"caption\":\"Redacci\u00f3n A Nova Peneira\"},\"sameAs\":[\"http:\\\/\\\/www.anovapeneira.gal\\\/\"],\"url\":\"https:\\\/\\\/www.anovapeneira.gal\\\/index.php\\\/author\\\/redactor\\\/\"}]}<\/script>\n<!-- \/ Yoast SEO plugin. -->","yoast_head_json":{"title":"Ponteareas fai balance de catro semanas de estado de alarma e salienta o papel crucial do Concello -","robots":{"index":"index","follow":"follow","max-snippet":"max-snippet:-1","max-image-preview":"max-image-preview:large","max-video-preview":"max-video-preview:-1"},"canonical":"https:\/\/www.anovapeneira.gal\/index.php\/2020\/04\/15\/ponteareas-fai-balance-de-catro-semanas-de-estado-de-alarma-e-salienta-o-papel-crucial-do-concello\/","og_locale":"gl_ES","og_type":"article","og_title":"Ponteareas fai balance de catro semanas de estado de alarma e salienta o papel crucial do Concello -","og_description":"O goberno local traballa na posta en marcha de novas medidas de apoio a aut\u00f3nomos [...]","og_url":"https:\/\/www.anovapeneira.gal\/index.php\/2020\/04\/15\/ponteareas-fai-balance-de-catro-semanas-de-estado-de-alarma-e-salienta-o-papel-crucial-do-concello\/","article_publisher":"https:\/\/www.facebook.com\/anovapeneira","article_published_time":"2020-04-15T08:00:38+00:00","og_image":[{"width":720,"height":432,"url":"https:\/\/www.anovapeneira.gal\/wp-content\/uploads\/2020\/04\/corporacion_ponteareas_a_nova_peneira.jpg","type":"image\/jpeg"}],"author":"Redacci\u00f3n A Nova Peneira","twitter_card":"summary_large_image","twitter_creator":"@APeneira","twitter_site":"@APeneira","twitter_misc":{"Escrito por":"Redacci\u00f3n A Nova Peneira","Tempo de lectura":"4 minutos"},"schema":{"@context":"https:\/\/schema.org","@graph":[{"@type":"Article","@id":"https:\/\/www.anovapeneira.gal\/index.php\/2020\/04\/15\/ponteareas-fai-balance-de-catro-semanas-de-estado-de-alarma-e-salienta-o-papel-crucial-do-concello\/#article","isPartOf":{"@id":"https:\/\/www.anovapeneira.gal\/index.php\/2020\/04\/15\/ponteareas-fai-balance-de-catro-semanas-de-estado-de-alarma-e-salienta-o-papel-crucial-do-concello\/"},"author":{"name":"Redacci\u00f3n A Nova Peneira","@id":"https:\/\/www.anovapeneira.gal\/#\/schema\/person\/b93e3f8932e3f8da96334607eb6ac6aa"},"headline":"Ponteareas fai balance de catro semanas de estado de alarma e salienta o papel crucial do Concello","datePublished":"2020-04-15T08:00:38+00:00","mainEntityOfPage":{"@id":"https:\/\/www.anovapeneira.gal\/index.php\/2020\/04\/15\/ponteareas-fai-balance-de-catro-semanas-de-estado-de-alarma-e-salienta-o-papel-crucial-do-concello\/"},"wordCount":751,"commentCount":0,"publisher":{"@id":"https:\/\/www.anovapeneira.gal\/#organization"},"image":{"@id":"https:\/\/www.anovapeneira.gal\/index.php\/2020\/04\/15\/ponteareas-fai-balance-de-catro-semanas-de-estado-de-alarma-e-salienta-o-papel-crucial-do-concello\/#primaryimage"},"thumbnailUrl":"https:\/\/www.anovapeneira.gal\/wp-content\/uploads\/2020\/04\/corporacion_ponteareas_a_nova_peneira.jpg","keywords":["Concello de Ponteareas","COVID19"],"articleSection":["Condado"],"inLanguage":"gl-ES","potentialAction":[{"@type":"CommentAction","name":"Comment","target":["https:\/\/www.anovapeneira.gal\/index.php\/2020\/04\/15\/ponteareas-fai-balance-de-catro-semanas-de-estado-de-alarma-e-salienta-o-papel-crucial-do-concello\/#respond"]}]},{"@type":"WebPage","@id":"https:\/\/www.anovapeneira.gal\/index.php\/2020\/04\/15\/ponteareas-fai-balance-de-catro-semanas-de-estado-de-alarma-e-salienta-o-papel-crucial-do-concello\/","url":"https:\/\/www.anovapeneira.gal\/index.php\/2020\/04\/15\/ponteareas-fai-balance-de-catro-semanas-de-estado-de-alarma-e-salienta-o-papel-crucial-do-concello\/","name":"Ponteareas fai balance de catro semanas de estado de alarma e salienta o papel crucial do Concello -","isPartOf":{"@id":"https:\/\/www.anovapeneira.gal\/#website"},"primaryImageOfPage":{"@id":"https:\/\/www.anovapeneira.gal\/index.php\/2020\/04\/15\/ponteareas-fai-balance-de-catro-semanas-de-estado-de-alarma-e-salienta-o-papel-crucial-do-concello\/#primaryimage"},"image":{"@id":"https:\/\/www.anovapeneira.gal\/index.php\/2020\/04\/15\/ponteareas-fai-balance-de-catro-semanas-de-estado-de-alarma-e-salienta-o-papel-crucial-do-concello\/#primaryimage"},"thumbnailUrl":"https:\/\/www.anovapeneira.gal\/wp-content\/uploads\/2020\/04\/corporacion_ponteareas_a_nova_peneira.jpg","datePublished":"2020-04-15T08:00:38+00:00","breadcrumb":{"@id":"https:\/\/www.anovapeneira.gal\/index.php\/2020\/04\/15\/ponteareas-fai-balance-de-catro-semanas-de-estado-de-alarma-e-salienta-o-papel-crucial-do-concello\/#breadcrumb"},"inLanguage":"gl-ES","potentialAction":[{"@type":"ReadAction","target":["https:\/\/www.anovapeneira.gal\/index.php\/2020\/04\/15\/ponteareas-fai-balance-de-catro-semanas-de-estado-de-alarma-e-salienta-o-papel-crucial-do-concello\/"]}]},{"@type":"ImageObject","inLanguage":"gl-ES","@id":"https:\/\/www.anovapeneira.gal\/index.php\/2020\/04\/15\/ponteareas-fai-balance-de-catro-semanas-de-estado-de-alarma-e-salienta-o-papel-crucial-do-concello\/#primaryimage","url":"https:\/\/www.anovapeneira.gal\/wp-content\/uploads\/2020\/04\/corporacion_ponteareas_a_nova_peneira.jpg","contentUrl":"https:\/\/www.anovapeneira.gal\/wp-content\/uploads\/2020\/04\/corporacion_ponteareas_a_nova_peneira.jpg","width":720,"height":432,"caption":"Corporacion_ponteareas_a_nova_peneira"},{"@type":"BreadcrumbList","@id":"https:\/\/www.anovapeneira.gal\/index.php\/2020\/04\/15\/ponteareas-fai-balance-de-catro-semanas-de-estado-de-alarma-e-salienta-o-papel-crucial-do-concello\/#breadcrumb","itemListElement":[{"@type":"ListItem","position":1,"name":"Portada","item":"https:\/\/www.anovapeneira.gal\/"},{"@type":"ListItem","position":2,"name":"Ponteareas fai balance de catro semanas de estado de alarma e salienta o papel crucial do Concello"}]},{"@type":"WebSite","@id":"https:\/\/www.anovapeneira.gal\/#website","url":"https:\/\/www.anovapeneira.gal\/","name":"","description":"Xornal galego de informaci\u00f3n xeral Publicaci\u00f3n mensual de novas de Galicia e en especial dos Concellos da sur da provincia de Pontevedra.","publisher":{"@id":"https:\/\/www.anovapeneira.gal\/#organization"},"potentialAction":[{"@type":"SearchAction","target":{"@type":"EntryPoint","urlTemplate":"https:\/\/www.anovapeneira.gal\/?s={search_term_string}"},"query-input":{"@type":"PropertyValueSpecification","valueRequired":true,"valueName":"search_term_string"}}],"inLanguage":"gl-ES"},{"@type":"Organization","@id":"https:\/\/www.anovapeneira.gal\/#organization","name":"A Nova Peneira","url":"https:\/\/www.anovapeneira.gal\/","logo":{"@type":"ImageObject","inLanguage":"gl-ES","@id":"https:\/\/www.anovapeneira.gal\/#\/schema\/logo\/image\/","url":"http:\/\/www.anovapeneira.gal\/wp-content\/uploads\/2019\/06\/logo_a_nova_peneira_portal_web.png","contentUrl":"http:\/\/www.anovapeneira.gal\/wp-content\/uploads\/2019\/06\/logo_a_nova_peneira_portal_web.png","width":300,"height":100,"caption":"A Nova Peneira"},"image":{"@id":"https:\/\/www.anovapeneira.gal\/#\/schema\/logo\/image\/"},"sameAs":["https:\/\/www.facebook.com\/anovapeneira","https:\/\/x.com\/APeneira"]},{"@type":"Person","@id":"https:\/\/www.anovapeneira.gal\/#\/schema\/person\/b93e3f8932e3f8da96334607eb6ac6aa","name":"Redacci\u00f3n A Nova Peneira","image":{"@type":"ImageObject","inLanguage":"gl-ES","@id":"https:\/\/secure.gravatar.com\/avatar\/c052a2551a06e23fac63626232eaa90abd78dbcf1700fc46a2b2c89fd27b735f?s=96&d=mm&r=g","url":"https:\/\/secure.gravatar.com\/avatar\/c052a2551a06e23fac63626232eaa90abd78dbcf1700fc46a2b2c89fd27b735f?s=96&d=mm&r=g","contentUrl":"https:\/\/secure.gravatar.com\/avatar\/c052a2551a06e23fac63626232eaa90abd78dbcf1700fc46a2b2c89fd27b735f?s=96&d=mm&r=g","caption":"Redacci\u00f3n A Nova Peneira"},"sameAs":["http:\/\/www.anovapeneira.gal\/"],"url":"https:\/\/www.anovapeneira.gal\/index.php\/author\/redactor\/"}]}},"jetpack_featured_media_url":"https:\/\/www.anovapeneira.gal\/wp-content\/uploads\/2020\/04\/corporacion_ponteareas_a_nova_peneira.jpg","_links":{"self":[{"href":"https:\/\/www.anovapeneira.gal\/index.php\/wp-json\/wp\/v2\/posts\/2925","targetHints":{"allow":["GET"]}}],"collection":[{"href":"https:\/\/www.anovapeneira.gal\/index.php\/wp-json\/wp\/v2\/posts"}],"about":[{"href":"https:\/\/www.anovapeneira.gal\/index.php\/wp-json\/wp\/v2\/types\/post"}],"author":[{"embeddable":true,"href":"https:\/\/www.anovapeneira.gal\/index.php\/wp-json\/wp\/v2\/users\/3"}],"replies":[{"embeddable":true,"href":"https:\/\/www.anovapeneira.gal\/index.php\/wp-json\/wp\/v2\/comments?post=2925"}],"version-history":[{"count":1,"href":"https:\/\/www.anovapeneira.gal\/index.php\/wp-json\/wp\/v2\/posts\/2925\/revisions"}],"predecessor-version":[{"id":2927,"href":"https:\/\/www.anovapeneira.gal\/index.php\/wp-json\/wp\/v2\/posts\/2925\/revisions\/2927"}],"wp:featuredmedia":[{"embeddable":true,"href":"https:\/\/www.anovapeneira.gal\/index.php\/wp-json\/wp\/v2\/media\/2926"}],"wp:attachment":[{"href":"https:\/\/www.anovapeneira.gal\/index.php\/wp-json\/wp\/v2\/media?parent=2925"}],"wp:term":[{"taxonomy":"category","embeddable":true,"href":"https:\/\/www.anovapeneira.gal\/index.php\/wp-json\/wp\/v2\/categories?post=2925"},{"taxonomy":"post_tag","embeddable":true,"href":"https:\/\/www.anovapeneira.gal\/index.php\/wp-json\/wp\/v2\/tags?post=2925"}],"curies":[{"name":"wp","href":"https:\/\/api.w.org\/{rel}","templated":true}]}}