{"id":2935,"date":"2020-04-16T10:00:22","date_gmt":"2020-04-16T08:00:22","guid":{"rendered":"http:\/\/www.anovapeneira.gal\/?p=2935"},"modified":"2020-04-16T09:33:45","modified_gmt":"2020-04-16T07:33:45","slug":"o-coronavirus-no-mundo-i-austria","status":"publish","type":"post","link":"https:\/\/www.anovapeneira.gal\/index.php\/2020\/04\/16\/o-coronavirus-no-mundo-i-austria\/","title":{"rendered":"O coronavirus no mundo I: Austria"},"content":{"rendered":"\n<h4 class=\"wp-block-heading\">Iniciamos con esta, unha xeira de reportaxes sobre o estado da emerxencia sanitaria, para elo conversamos cunha serie de galegos e galegas, que residen en distintas partes do mundo, co gallo de sabermos como est\u00e1 a situaci\u00f3n no sitio no que viven. Hoxe falamos con Carlos Penela, un escritor galego, afincado en Viena. Carlos \u00e9 bo amigo desta casa, ten colaborado con n\u00f3s con alg\u00fan artigo de opini\u00f3n. Carlos pos\u00fae unha extraordinaria sensibilidade para as letras e para calquera campo da actividade art\u00edstica, e foi un pracer conversar con el.<\/h4>\n\n\n\n<p><strong>CARLOS PENELA , CIDAD\u00c1N GALEGO AFINCADO EN VIENA<\/strong><\/p>\n\n\n\n<p>\u201c&nbsp;<strong>EN AUSTRIA, A D\u00cdA DE HOXE, A SITUACI\u00d3N EST\u00c1 BASTANTE CONTROLADA\u201d<\/strong><\/p>\n\n\n\n<p><strong>Cantos anos levas vivindo en Viena?<\/strong><\/p>\n\n\n\n<blockquote class=\"wp-block-quote is-layout-flow wp-block-quote-is-layout-flow\"><p>15 anos xa.<\/p><\/blockquote>\n\n\n\n<p><strong>Caramba, cando te fuches eras un rapaz?<\/strong><\/p>\n\n\n\n<blockquote class=\"wp-block-quote is-layout-flow wp-block-quote-is-layout-flow\"><p>Ben, non tanto, ti\u00f1a 29 anos.<\/p><\/blockquote>\n\n\n\n<p><strong>Supo\u00f1o que xa dominar\u00e1s perfectamente o alem\u00e1n?<\/strong><\/p>\n\n\n\n<blockquote class=\"wp-block-quote is-layout-flow wp-block-quote-is-layout-flow\"><p>Xa levo moitos anos, si, e a verdade \u00e9 que unha das raz\u00f3ns de ter vido a Austria, \u00e9 que ti\u00f1a interese pola lingua e pola cultura alem\u00e1, e a aprendizaxe da lingua foi un dos meus primeiros obxectivos.<\/p><\/blockquote>\n\n\n\n<p><strong>S\u00e9nteste plenamente integrado en Viena, ou nos teus horizontes vitais ao medio ou longo prazo contemplas a posibilidade de volver vivir en Galicia?<\/strong><\/p>\n\n\n\n<blockquote class=\"wp-block-quote is-layout-flow wp-block-quote-is-layout-flow\"><p>Esa \u00e9 unha pregunta moi dif\u00edcil e a s\u00faa resposta est\u00e1 suxeita aos avatares vitais, pero en principio, e sen renunciar \u00e1 mi\u00f1a galeguidade, se podo seguirei a vivir en Viena. A\u00ednda que desde logo seguirei indo a Galiza con regularidade.<\/p><\/blockquote>\n\n\n\n<p><strong>Unha curiosidade intelectual, que lle formulo a todos os pol\u00edglotas; en que idioma pensas ti?<\/strong><\/p>\n\n\n\n<blockquote class=\"wp-block-quote is-layout-flow wp-block-quote-is-layout-flow\"><p>Pois esa tam\u00e9n \u00e9 unha pregunta dif\u00edcil. Imos ver, nos primeiros anos de estar aqu\u00ed, fac\u00edao en galego, que \u00e9 o meu idioma A, no que sinto, penso e escribo, pero hai xa uns cantos anos comecei a notar que so\u00f1aba en alem\u00e1n, ou \u00e1s veces mesturados en galego e alem\u00e1n, e no que respecta aos pensamentos , fundamentalmente sigo a facelo en galego, pero de cando en vez o meu inconsciente l\u00e9vame a facelo en alem\u00e1n.<\/p><\/blockquote>\n\n\n\n<p><strong>A que te dedicas ti profesionalmente?<\/strong><\/p>\n\n\n\n<blockquote class=\"wp-block-quote is-layout-flow wp-block-quote-is-layout-flow\"><p>Traballo no eido da traduci\u00f3n e o marketing comercial. O meu traballo consiste e traducir do alem\u00e1n, e \u00e1s veces puntualmente do ingl\u00e9s ao portugu\u00e9s e ao espa\u00f1ol. Tam\u00e9n , pero en menor medida toco algo do italiano ou do dinamarqu\u00e9s.<\/p><\/blockquote>\n\n\n\n<p><strong>Vexo que os idiomas g\u00fastanche moito?<\/strong><\/p>\n\n\n\n<blockquote class=\"wp-block-quote is-layout-flow wp-block-quote-is-layout-flow\"><p>Abof\u00e9 que si.<\/p><\/blockquote>\n\n\n\n<p><strong>Traballas nunha empresa ou es aut\u00f3nomo?<\/strong><\/p>\n\n\n\n<blockquote class=\"wp-block-quote is-layout-flow wp-block-quote-is-layout-flow\"><p>Nunha empresa.<\/p><\/blockquote>\n\n\n\n<p><strong>Como est\u00e1 a situaci\u00f3n, derivada da pandemia sanitaria, en Austria, o pa\u00eds no que ti vives?<\/strong><\/p>\n\n\n\n<blockquote class=\"wp-block-quote is-layout-flow wp-block-quote-is-layout-flow\"><p>A d\u00eda de hoxe( 3 de abril) podo dicir que a situaci\u00f3n est\u00e1 bastante controlada. Austria ten arredor de 10 mill\u00f3ns de habitantes e neste momento hai arredor de 14.000 persoas infectadas, dos que aproximadamente 7.000 xa est\u00e1n recuperados.<\/p><\/blockquote>\n\n\n\n<p><strong>E falecidos?<\/strong><\/p>\n\n\n\n<blockquote class=\"wp-block-quote is-layout-flow wp-block-quote-is-layout-flow\"><p>A d\u00eda de hoxe ( 3 de abril) 350.<\/p><\/blockquote>\n\n\n\n<p><strong>Son cifras realmente pequenas, e na t\u00faa cidade, en Viena?<\/strong><\/p>\n\n\n\n<blockquote class=\"wp-block-quote is-layout-flow wp-block-quote-is-layout-flow\"><p>Nestes momentos temos 75 falecidos.<\/p><\/blockquote>\n\n\n\n<p><strong>Como valoras o sistema sanitario de Austria?<\/strong><\/p>\n\n\n\n<blockquote class=\"wp-block-quote is-layout-flow wp-block-quote-is-layout-flow\"><p>\u00c9 semellante ao espa\u00f1ol.<\/p><\/blockquote>\n\n\n\n<p><strong>Austria fai fronteira con Italia, o primeiro foco de contaxio constatado en Europa e cuantitativamente un dos m\u00e1is importantes do mundo, como \u00e9 posible que o virus non se espallara de forma masiva polo voso pa\u00eds ?<\/strong><\/p>\n\n\n\n<blockquote class=\"wp-block-quote is-layout-flow wp-block-quote-is-layout-flow\"><p>Non s\u00f3 iso sen\u00f3n tam\u00e9n que despois de Alema\u00f1a, Italia \u00e9 o principal socio comercial de Austria, e no sector tur\u00edstico as relaci\u00f3ns entre ambos estados son integr\u00edsimas. Eu creo que o motivo estivo na rapidez coa que as autoridades pecharon as fronteiras con Italia.<\/p><\/blockquote>\n\n\n\n<p><strong>E m\u00e1is o menos , l\u00e9mbraste de cando se pechou a fronteira?<\/strong><\/p>\n\n\n\n<blockquote class=\"wp-block-quote is-layout-flow wp-block-quote-is-layout-flow\"><p>Hai un mes desta entrevista. Arredor do 13 de marzo. F\u00edxate, nese d\u00eda eu estaba volvendo de Galiza, por certo, case non podo volver ,porque ao d\u00eda seguinte de aterrar eu en Viena, Austria anunciou a prohibici\u00f3n de entrada dos vos procedentes de Espa\u00f1a de Italia e Francia. Creo que outra medida acertada que tomaron foi a realizaci\u00f3n de campa\u00f1as masivas de test, o que axudou a detectar a maior\u00eda de positivos, polo menos aparentemente, e a cortar as cadeas de contaxio.<\/p><\/blockquote>\n\n\n\n<p><strong>Quen goberna en Austria?<\/strong><\/p>\n\n\n\n<blockquote class=\"wp-block-quote is-layout-flow wp-block-quote-is-layout-flow\"><p>O centro dereita en coalici\u00f3n cos verdes.<\/p><\/blockquote>\n\n\n\n<p><strong>E cal \u00e9 actitude da oposici\u00f3n?<\/strong><\/p>\n\n\n\n<blockquote class=\"wp-block-quote is-layout-flow wp-block-quote-is-layout-flow\"><p>Unha actitude leal e construtiva, en absoluto o tipo de oposici\u00f3n que se observa en Espa\u00f1a.<\/p><\/blockquote>\n\n\n\n<p><strong>Agora mesmo estades en situaci\u00f3n de confinamento?<\/strong><\/p>\n\n\n\n<blockquote class=\"wp-block-quote is-layout-flow wp-block-quote-is-layout-flow\"><p>Depende da zona, as\u00ed por exemplo a cidade de Insnbruck parece que acaba de levantar a corentena. A nivel xeral a corentena dura ata o 26 de abril, hai moit\u00edsima xente facendo tele traballo, e o que fago eu por exemplo.<\/p><\/blockquote>\n\n\n\n<p><strong>E as condici\u00f3ns son semellantes \u00e1s de Espa\u00f1a. S\u00f3 podedes sa\u00edr a facer cuesti\u00f3ns b\u00e1sicas?<\/strong><\/p>\n\n\n\n<blockquote class=\"wp-block-quote is-layout-flow wp-block-quote-is-layout-flow\"><p>Si, son semellantes, con algunha diferencia, por exemplo mantendo as distancias permiten pasear por alg\u00fans parques, pero condici\u00f3ns moi parecidas. As medidas son moi estritas, incluso cando vas a un supermercado, non \u00e9 posible entrar sen mascarilla.<\/p><\/blockquote>\n\n\n\n<p><strong>Non \u00e9 dif\u00edcil atopalas?<\/strong><\/p>\n\n\n\n<blockquote class=\"wp-block-quote is-layout-flow wp-block-quote-is-layout-flow\"><p>Non.<\/p><\/blockquote>\n\n\n\n<p><strong>Ti Carlos, tanto polo teu car\u00e1cter como polas t\u00faas circunstancias vitais es unha persoa moi sensible ao traballo cultural. Creo que no caso de Espa\u00f1a tr\u00e1tase dun sector enormemente afectado no que respecta \u00e1 inexistencia de axudas para compensar o colapso econ\u00f3mico que sup\u00f3n a cancelaci\u00f3n dun inmenso n\u00famero de festivais a actividades culturais de todo tipo, como est\u00e1 a situaci\u00f3n do sector en Austria?<\/strong><\/p>\n\n\n\n<blockquote class=\"wp-block-quote is-layout-flow wp-block-quote-is-layout-flow\"><p>Efectivamente Tino, eu te\u00f1o unha enorme relaci\u00f3n co mundo da cultura, e par\u00e9ceme que a situaci\u00f3n a nivel galego \u00e9 moi preocupante e c\u00f3mpre facer algo .En Austria xa hai paquetes de medidas concretas, con cifras xa fixadas, para axudar aos artistas e ao sector da cultura en xeral.<\/p><\/blockquote>\n\n\n\n<p><strong>Ah, si xa hai fondos aprobados para iso?<\/strong><\/p>\n\n\n\n<blockquote class=\"wp-block-quote is-layout-flow wp-block-quote-is-layout-flow\"><p>Si, si, e xa \u00e9 p\u00fablico, est\u00e1 na web do ministerio de asuntos sociais. E a nivel local tam\u00e9n. En Austria xa hai m\u00e1is de 5 mill\u00f3ns de \u20ac inmediatos para axudar ao sector cultural. E asemade hai un programa a maiores de axudas coordenadas coas fundaci\u00f3ns culturais. E logo, xa para as pequenas empresas e aut\u00f3nomos en xeral, se xustifican que os ingresos habituais baixaron o 50% a causa da situaci\u00f3n sanitaria, algo f\u00e1cil de amosar pola facturaci\u00f3n, o estado austriaco cobre a outra metade.<\/p><\/blockquote>\n\n\n\n<p><strong>Vaia que medidas m\u00e1is s\u00f3lidas, e cun goberno de centro dereita&#8230;<\/strong><\/p>\n\n\n\n<blockquote class=\"wp-block-quote is-layout-flow wp-block-quote-is-layout-flow\"><p>Si, pero Austria \u00e9 un estado historicamente moi social.<\/p><\/blockquote>\n\n\n\n<p><strong>\u00c9 que a pol\u00edtica que me contas \u00e9 keynesianismo<\/strong><\/p>\n\n\n\n<blockquote class=\"wp-block-quote is-layout-flow wp-block-quote-is-layout-flow\"><p>Eu dir\u00eda que case socialismo. A min gustar\u00edame que en Galiza se tomaran medidas parecidas para a protecci\u00f3n do sector cultural, porque a s\u00faa situaci\u00f3n \u00e9 moi grave. E, eu o que vexo en Galiza tanto na Xunta como na oposici\u00f3n \u00e9 s\u00f3 declaraci\u00f3ns de intenci\u00f3ns, pero se queremos que o sector cultural sobreviva hai que axudalos xa, con medidas concretas inmediatas. Como vai facer algu\u00e9n que vive de organizar teatro, festivais musicais ou culturais de calquera tipo que impliquen concentraci\u00f3ns de persoas?<\/p><\/blockquote>\n","protected":false},"excerpt":{"rendered":"<div class=\"mh-excerpt\"><p>Iniciamos con esta, unha xeira de reportaxes sobre o estado da emerxencia sanitaria, para elo conversamos cunha serie de galegos e galegas, que residen en distintas partes do mundo <a class=\"mh-excerpt-more\" href=\"https:\/\/www.anovapeneira.gal\/index.php\/2020\/04\/16\/o-coronavirus-no-mundo-i-austria\/\" title=\"O coronavirus no mundo I: Austria\">[&#8230;]<\/a><\/p>\n<\/div>","protected":false},"author":3,"featured_media":2936,"comment_status":"open","ping_status":"open","sticky":false,"template":"","format":"standard","meta":{"_exactmetrics_skip_tracking":false,"_exactmetrics_sitenote_active":false,"_exactmetrics_sitenote_note":"","_exactmetrics_sitenote_category":0,"footnotes":""},"categories":[272],"tags":[227,1006,33],"class_list":{"0":"post-2935","1":"post","2":"type-post","3":"status-publish","4":"format-standard","5":"has-post-thumbnail","7":"category-vigo-entrevistas","8":"tag-concello-de-vigo","9":"tag-covid19","10":"tag-cultura"},"yoast_head":"<!-- This site is optimized with the Yoast SEO plugin v27.4 - https:\/\/yoast.com\/product\/yoast-seo-wordpress\/ -->\n<title>O coronavirus no mundo I: Austria -<\/title>\n<meta name=\"robots\" content=\"index, follow, max-snippet:-1, max-image-preview:large, max-video-preview:-1\" \/>\n<link rel=\"canonical\" href=\"https:\/\/www.anovapeneira.gal\/index.php\/2020\/04\/16\/o-coronavirus-no-mundo-i-austria\/\" \/>\n<meta property=\"og:locale\" content=\"gl_ES\" \/>\n<meta property=\"og:type\" content=\"article\" \/>\n<meta property=\"og:title\" content=\"O coronavirus no mundo I: Austria -\" \/>\n<meta property=\"og:description\" content=\"Iniciamos con esta, unha xeira de reportaxes sobre o estado da emerxencia sanitaria, para elo conversamos cunha serie de galegos e galegas, que residen en distintas partes do mundo [...]\" \/>\n<meta property=\"og:url\" content=\"https:\/\/www.anovapeneira.gal\/index.php\/2020\/04\/16\/o-coronavirus-no-mundo-i-austria\/\" \/>\n<meta property=\"article:publisher\" content=\"https:\/\/www.facebook.com\/anovapeneira\" \/>\n<meta property=\"article:published_time\" content=\"2020-04-16T08:00:22+00:00\" \/>\n<meta property=\"og:image\" content=\"https:\/\/www.anovapeneira.gal\/wp-content\/uploads\/2020\/04\/carlos_penela_a_nova_peneira.jpg\" \/>\n\t<meta property=\"og:image:width\" content=\"1590\" \/>\n\t<meta property=\"og:image:height\" content=\"832\" \/>\n\t<meta property=\"og:image:type\" content=\"image\/jpeg\" \/>\n<meta name=\"author\" content=\"Redacci\u00f3n A Nova Peneira\" \/>\n<meta name=\"twitter:card\" content=\"summary_large_image\" \/>\n<meta name=\"twitter:creator\" content=\"@APeneira\" \/>\n<meta name=\"twitter:site\" content=\"@APeneira\" \/>\n<meta name=\"twitter:label1\" content=\"Escrito por\" \/>\n\t<meta name=\"twitter:data1\" content=\"Redacci\u00f3n A Nova Peneira\" \/>\n\t<meta name=\"twitter:label2\" content=\"Tempo de lectura\" \/>\n\t<meta name=\"twitter:data2\" content=\"6 minutos\" \/>\n<script type=\"application\/ld+json\" class=\"yoast-schema-graph\">{\"@context\":\"https:\\\/\\\/schema.org\",\"@graph\":[{\"@type\":\"Article\",\"@id\":\"https:\\\/\\\/www.anovapeneira.gal\\\/index.php\\\/2020\\\/04\\\/16\\\/o-coronavirus-no-mundo-i-austria\\\/#article\",\"isPartOf\":{\"@id\":\"https:\\\/\\\/www.anovapeneira.gal\\\/index.php\\\/2020\\\/04\\\/16\\\/o-coronavirus-no-mundo-i-austria\\\/\"},\"author\":{\"name\":\"Redacci\u00f3n A Nova Peneira\",\"@id\":\"https:\\\/\\\/www.anovapeneira.gal\\\/#\\\/schema\\\/person\\\/b93e3f8932e3f8da96334607eb6ac6aa\"},\"headline\":\"O coronavirus no mundo I: Austria\",\"datePublished\":\"2020-04-16T08:00:22+00:00\",\"mainEntityOfPage\":{\"@id\":\"https:\\\/\\\/www.anovapeneira.gal\\\/index.php\\\/2020\\\/04\\\/16\\\/o-coronavirus-no-mundo-i-austria\\\/\"},\"wordCount\":1204,\"commentCount\":0,\"publisher\":{\"@id\":\"https:\\\/\\\/www.anovapeneira.gal\\\/#organization\"},\"image\":{\"@id\":\"https:\\\/\\\/www.anovapeneira.gal\\\/index.php\\\/2020\\\/04\\\/16\\\/o-coronavirus-no-mundo-i-austria\\\/#primaryimage\"},\"thumbnailUrl\":\"https:\\\/\\\/www.anovapeneira.gal\\\/wp-content\\\/uploads\\\/2020\\\/04\\\/carlos_penela_a_nova_peneira.jpg\",\"keywords\":[\"Concello de Vigo\",\"COVID19\",\"Cultura\"],\"articleSection\":[\"Vigo\"],\"inLanguage\":\"gl-ES\",\"potentialAction\":[{\"@type\":\"CommentAction\",\"name\":\"Comment\",\"target\":[\"https:\\\/\\\/www.anovapeneira.gal\\\/index.php\\\/2020\\\/04\\\/16\\\/o-coronavirus-no-mundo-i-austria\\\/#respond\"]}]},{\"@type\":\"WebPage\",\"@id\":\"https:\\\/\\\/www.anovapeneira.gal\\\/index.php\\\/2020\\\/04\\\/16\\\/o-coronavirus-no-mundo-i-austria\\\/\",\"url\":\"https:\\\/\\\/www.anovapeneira.gal\\\/index.php\\\/2020\\\/04\\\/16\\\/o-coronavirus-no-mundo-i-austria\\\/\",\"name\":\"O coronavirus no mundo I: Austria -\",\"isPartOf\":{\"@id\":\"https:\\\/\\\/www.anovapeneira.gal\\\/#website\"},\"primaryImageOfPage\":{\"@id\":\"https:\\\/\\\/www.anovapeneira.gal\\\/index.php\\\/2020\\\/04\\\/16\\\/o-coronavirus-no-mundo-i-austria\\\/#primaryimage\"},\"image\":{\"@id\":\"https:\\\/\\\/www.anovapeneira.gal\\\/index.php\\\/2020\\\/04\\\/16\\\/o-coronavirus-no-mundo-i-austria\\\/#primaryimage\"},\"thumbnailUrl\":\"https:\\\/\\\/www.anovapeneira.gal\\\/wp-content\\\/uploads\\\/2020\\\/04\\\/carlos_penela_a_nova_peneira.jpg\",\"datePublished\":\"2020-04-16T08:00:22+00:00\",\"breadcrumb\":{\"@id\":\"https:\\\/\\\/www.anovapeneira.gal\\\/index.php\\\/2020\\\/04\\\/16\\\/o-coronavirus-no-mundo-i-austria\\\/#breadcrumb\"},\"inLanguage\":\"gl-ES\",\"potentialAction\":[{\"@type\":\"ReadAction\",\"target\":[\"https:\\\/\\\/www.anovapeneira.gal\\\/index.php\\\/2020\\\/04\\\/16\\\/o-coronavirus-no-mundo-i-austria\\\/\"]}]},{\"@type\":\"ImageObject\",\"inLanguage\":\"gl-ES\",\"@id\":\"https:\\\/\\\/www.anovapeneira.gal\\\/index.php\\\/2020\\\/04\\\/16\\\/o-coronavirus-no-mundo-i-austria\\\/#primaryimage\",\"url\":\"https:\\\/\\\/www.anovapeneira.gal\\\/wp-content\\\/uploads\\\/2020\\\/04\\\/carlos_penela_a_nova_peneira.jpg\",\"contentUrl\":\"https:\\\/\\\/www.anovapeneira.gal\\\/wp-content\\\/uploads\\\/2020\\\/04\\\/carlos_penela_a_nova_peneira.jpg\",\"width\":1590,\"height\":832,\"caption\":\"Carlos Pena A Nova Peneira\"},{\"@type\":\"BreadcrumbList\",\"@id\":\"https:\\\/\\\/www.anovapeneira.gal\\\/index.php\\\/2020\\\/04\\\/16\\\/o-coronavirus-no-mundo-i-austria\\\/#breadcrumb\",\"itemListElement\":[{\"@type\":\"ListItem\",\"position\":1,\"name\":\"Portada\",\"item\":\"https:\\\/\\\/www.anovapeneira.gal\\\/\"},{\"@type\":\"ListItem\",\"position\":2,\"name\":\"O coronavirus no mundo I: Austria\"}]},{\"@type\":\"WebSite\",\"@id\":\"https:\\\/\\\/www.anovapeneira.gal\\\/#website\",\"url\":\"https:\\\/\\\/www.anovapeneira.gal\\\/\",\"name\":\"\",\"description\":\"Xornal galego de informaci\u00f3n xeral Publicaci\u00f3n mensual de novas de Galicia e en especial dos Concellos da sur da provincia de Pontevedra.\",\"publisher\":{\"@id\":\"https:\\\/\\\/www.anovapeneira.gal\\\/#organization\"},\"potentialAction\":[{\"@type\":\"SearchAction\",\"target\":{\"@type\":\"EntryPoint\",\"urlTemplate\":\"https:\\\/\\\/www.anovapeneira.gal\\\/?s={search_term_string}\"},\"query-input\":{\"@type\":\"PropertyValueSpecification\",\"valueRequired\":true,\"valueName\":\"search_term_string\"}}],\"inLanguage\":\"gl-ES\"},{\"@type\":\"Organization\",\"@id\":\"https:\\\/\\\/www.anovapeneira.gal\\\/#organization\",\"name\":\"A Nova Peneira\",\"url\":\"https:\\\/\\\/www.anovapeneira.gal\\\/\",\"logo\":{\"@type\":\"ImageObject\",\"inLanguage\":\"gl-ES\",\"@id\":\"https:\\\/\\\/www.anovapeneira.gal\\\/#\\\/schema\\\/logo\\\/image\\\/\",\"url\":\"http:\\\/\\\/www.anovapeneira.gal\\\/wp-content\\\/uploads\\\/2019\\\/06\\\/logo_a_nova_peneira_portal_web.png\",\"contentUrl\":\"http:\\\/\\\/www.anovapeneira.gal\\\/wp-content\\\/uploads\\\/2019\\\/06\\\/logo_a_nova_peneira_portal_web.png\",\"width\":300,\"height\":100,\"caption\":\"A Nova Peneira\"},\"image\":{\"@id\":\"https:\\\/\\\/www.anovapeneira.gal\\\/#\\\/schema\\\/logo\\\/image\\\/\"},\"sameAs\":[\"https:\\\/\\\/www.facebook.com\\\/anovapeneira\",\"https:\\\/\\\/x.com\\\/APeneira\"]},{\"@type\":\"Person\",\"@id\":\"https:\\\/\\\/www.anovapeneira.gal\\\/#\\\/schema\\\/person\\\/b93e3f8932e3f8da96334607eb6ac6aa\",\"name\":\"Redacci\u00f3n A Nova Peneira\",\"image\":{\"@type\":\"ImageObject\",\"inLanguage\":\"gl-ES\",\"@id\":\"https:\\\/\\\/secure.gravatar.com\\\/avatar\\\/c052a2551a06e23fac63626232eaa90abd78dbcf1700fc46a2b2c89fd27b735f?s=96&d=mm&r=g\",\"url\":\"https:\\\/\\\/secure.gravatar.com\\\/avatar\\\/c052a2551a06e23fac63626232eaa90abd78dbcf1700fc46a2b2c89fd27b735f?s=96&d=mm&r=g\",\"contentUrl\":\"https:\\\/\\\/secure.gravatar.com\\\/avatar\\\/c052a2551a06e23fac63626232eaa90abd78dbcf1700fc46a2b2c89fd27b735f?s=96&d=mm&r=g\",\"caption\":\"Redacci\u00f3n A Nova Peneira\"},\"sameAs\":[\"http:\\\/\\\/www.anovapeneira.gal\\\/\"],\"url\":\"https:\\\/\\\/www.anovapeneira.gal\\\/index.php\\\/author\\\/redactor\\\/\"}]}<\/script>\n<!-- \/ Yoast SEO plugin. -->","yoast_head_json":{"title":"O coronavirus no mundo I: Austria -","robots":{"index":"index","follow":"follow","max-snippet":"max-snippet:-1","max-image-preview":"max-image-preview:large","max-video-preview":"max-video-preview:-1"},"canonical":"https:\/\/www.anovapeneira.gal\/index.php\/2020\/04\/16\/o-coronavirus-no-mundo-i-austria\/","og_locale":"gl_ES","og_type":"article","og_title":"O coronavirus no mundo I: Austria -","og_description":"Iniciamos con esta, unha xeira de reportaxes sobre o estado da emerxencia sanitaria, para elo conversamos cunha serie de galegos e galegas, que residen en distintas partes do mundo [...]","og_url":"https:\/\/www.anovapeneira.gal\/index.php\/2020\/04\/16\/o-coronavirus-no-mundo-i-austria\/","article_publisher":"https:\/\/www.facebook.com\/anovapeneira","article_published_time":"2020-04-16T08:00:22+00:00","og_image":[{"width":1590,"height":832,"url":"https:\/\/www.anovapeneira.gal\/wp-content\/uploads\/2020\/04\/carlos_penela_a_nova_peneira.jpg","type":"image\/jpeg"}],"author":"Redacci\u00f3n A Nova Peneira","twitter_card":"summary_large_image","twitter_creator":"@APeneira","twitter_site":"@APeneira","twitter_misc":{"Escrito por":"Redacci\u00f3n A Nova Peneira","Tempo de lectura":"6 minutos"},"schema":{"@context":"https:\/\/schema.org","@graph":[{"@type":"Article","@id":"https:\/\/www.anovapeneira.gal\/index.php\/2020\/04\/16\/o-coronavirus-no-mundo-i-austria\/#article","isPartOf":{"@id":"https:\/\/www.anovapeneira.gal\/index.php\/2020\/04\/16\/o-coronavirus-no-mundo-i-austria\/"},"author":{"name":"Redacci\u00f3n A Nova Peneira","@id":"https:\/\/www.anovapeneira.gal\/#\/schema\/person\/b93e3f8932e3f8da96334607eb6ac6aa"},"headline":"O coronavirus no mundo I: Austria","datePublished":"2020-04-16T08:00:22+00:00","mainEntityOfPage":{"@id":"https:\/\/www.anovapeneira.gal\/index.php\/2020\/04\/16\/o-coronavirus-no-mundo-i-austria\/"},"wordCount":1204,"commentCount":0,"publisher":{"@id":"https:\/\/www.anovapeneira.gal\/#organization"},"image":{"@id":"https:\/\/www.anovapeneira.gal\/index.php\/2020\/04\/16\/o-coronavirus-no-mundo-i-austria\/#primaryimage"},"thumbnailUrl":"https:\/\/www.anovapeneira.gal\/wp-content\/uploads\/2020\/04\/carlos_penela_a_nova_peneira.jpg","keywords":["Concello de Vigo","COVID19","Cultura"],"articleSection":["Vigo"],"inLanguage":"gl-ES","potentialAction":[{"@type":"CommentAction","name":"Comment","target":["https:\/\/www.anovapeneira.gal\/index.php\/2020\/04\/16\/o-coronavirus-no-mundo-i-austria\/#respond"]}]},{"@type":"WebPage","@id":"https:\/\/www.anovapeneira.gal\/index.php\/2020\/04\/16\/o-coronavirus-no-mundo-i-austria\/","url":"https:\/\/www.anovapeneira.gal\/index.php\/2020\/04\/16\/o-coronavirus-no-mundo-i-austria\/","name":"O coronavirus no mundo I: Austria -","isPartOf":{"@id":"https:\/\/www.anovapeneira.gal\/#website"},"primaryImageOfPage":{"@id":"https:\/\/www.anovapeneira.gal\/index.php\/2020\/04\/16\/o-coronavirus-no-mundo-i-austria\/#primaryimage"},"image":{"@id":"https:\/\/www.anovapeneira.gal\/index.php\/2020\/04\/16\/o-coronavirus-no-mundo-i-austria\/#primaryimage"},"thumbnailUrl":"https:\/\/www.anovapeneira.gal\/wp-content\/uploads\/2020\/04\/carlos_penela_a_nova_peneira.jpg","datePublished":"2020-04-16T08:00:22+00:00","breadcrumb":{"@id":"https:\/\/www.anovapeneira.gal\/index.php\/2020\/04\/16\/o-coronavirus-no-mundo-i-austria\/#breadcrumb"},"inLanguage":"gl-ES","potentialAction":[{"@type":"ReadAction","target":["https:\/\/www.anovapeneira.gal\/index.php\/2020\/04\/16\/o-coronavirus-no-mundo-i-austria\/"]}]},{"@type":"ImageObject","inLanguage":"gl-ES","@id":"https:\/\/www.anovapeneira.gal\/index.php\/2020\/04\/16\/o-coronavirus-no-mundo-i-austria\/#primaryimage","url":"https:\/\/www.anovapeneira.gal\/wp-content\/uploads\/2020\/04\/carlos_penela_a_nova_peneira.jpg","contentUrl":"https:\/\/www.anovapeneira.gal\/wp-content\/uploads\/2020\/04\/carlos_penela_a_nova_peneira.jpg","width":1590,"height":832,"caption":"Carlos Pena A Nova Peneira"},{"@type":"BreadcrumbList","@id":"https:\/\/www.anovapeneira.gal\/index.php\/2020\/04\/16\/o-coronavirus-no-mundo-i-austria\/#breadcrumb","itemListElement":[{"@type":"ListItem","position":1,"name":"Portada","item":"https:\/\/www.anovapeneira.gal\/"},{"@type":"ListItem","position":2,"name":"O coronavirus no mundo I: Austria"}]},{"@type":"WebSite","@id":"https:\/\/www.anovapeneira.gal\/#website","url":"https:\/\/www.anovapeneira.gal\/","name":"","description":"Xornal galego de informaci\u00f3n xeral Publicaci\u00f3n mensual de novas de Galicia e en especial dos Concellos da sur da provincia de Pontevedra.","publisher":{"@id":"https:\/\/www.anovapeneira.gal\/#organization"},"potentialAction":[{"@type":"SearchAction","target":{"@type":"EntryPoint","urlTemplate":"https:\/\/www.anovapeneira.gal\/?s={search_term_string}"},"query-input":{"@type":"PropertyValueSpecification","valueRequired":true,"valueName":"search_term_string"}}],"inLanguage":"gl-ES"},{"@type":"Organization","@id":"https:\/\/www.anovapeneira.gal\/#organization","name":"A Nova Peneira","url":"https:\/\/www.anovapeneira.gal\/","logo":{"@type":"ImageObject","inLanguage":"gl-ES","@id":"https:\/\/www.anovapeneira.gal\/#\/schema\/logo\/image\/","url":"http:\/\/www.anovapeneira.gal\/wp-content\/uploads\/2019\/06\/logo_a_nova_peneira_portal_web.png","contentUrl":"http:\/\/www.anovapeneira.gal\/wp-content\/uploads\/2019\/06\/logo_a_nova_peneira_portal_web.png","width":300,"height":100,"caption":"A Nova Peneira"},"image":{"@id":"https:\/\/www.anovapeneira.gal\/#\/schema\/logo\/image\/"},"sameAs":["https:\/\/www.facebook.com\/anovapeneira","https:\/\/x.com\/APeneira"]},{"@type":"Person","@id":"https:\/\/www.anovapeneira.gal\/#\/schema\/person\/b93e3f8932e3f8da96334607eb6ac6aa","name":"Redacci\u00f3n A Nova Peneira","image":{"@type":"ImageObject","inLanguage":"gl-ES","@id":"https:\/\/secure.gravatar.com\/avatar\/c052a2551a06e23fac63626232eaa90abd78dbcf1700fc46a2b2c89fd27b735f?s=96&d=mm&r=g","url":"https:\/\/secure.gravatar.com\/avatar\/c052a2551a06e23fac63626232eaa90abd78dbcf1700fc46a2b2c89fd27b735f?s=96&d=mm&r=g","contentUrl":"https:\/\/secure.gravatar.com\/avatar\/c052a2551a06e23fac63626232eaa90abd78dbcf1700fc46a2b2c89fd27b735f?s=96&d=mm&r=g","caption":"Redacci\u00f3n A Nova Peneira"},"sameAs":["http:\/\/www.anovapeneira.gal\/"],"url":"https:\/\/www.anovapeneira.gal\/index.php\/author\/redactor\/"}]}},"jetpack_featured_media_url":"https:\/\/www.anovapeneira.gal\/wp-content\/uploads\/2020\/04\/carlos_penela_a_nova_peneira.jpg","_links":{"self":[{"href":"https:\/\/www.anovapeneira.gal\/index.php\/wp-json\/wp\/v2\/posts\/2935","targetHints":{"allow":["GET"]}}],"collection":[{"href":"https:\/\/www.anovapeneira.gal\/index.php\/wp-json\/wp\/v2\/posts"}],"about":[{"href":"https:\/\/www.anovapeneira.gal\/index.php\/wp-json\/wp\/v2\/types\/post"}],"author":[{"embeddable":true,"href":"https:\/\/www.anovapeneira.gal\/index.php\/wp-json\/wp\/v2\/users\/3"}],"replies":[{"embeddable":true,"href":"https:\/\/www.anovapeneira.gal\/index.php\/wp-json\/wp\/v2\/comments?post=2935"}],"version-history":[{"count":3,"href":"https:\/\/www.anovapeneira.gal\/index.php\/wp-json\/wp\/v2\/posts\/2935\/revisions"}],"predecessor-version":[{"id":2939,"href":"https:\/\/www.anovapeneira.gal\/index.php\/wp-json\/wp\/v2\/posts\/2935\/revisions\/2939"}],"wp:featuredmedia":[{"embeddable":true,"href":"https:\/\/www.anovapeneira.gal\/index.php\/wp-json\/wp\/v2\/media\/2936"}],"wp:attachment":[{"href":"https:\/\/www.anovapeneira.gal\/index.php\/wp-json\/wp\/v2\/media?parent=2935"}],"wp:term":[{"taxonomy":"category","embeddable":true,"href":"https:\/\/www.anovapeneira.gal\/index.php\/wp-json\/wp\/v2\/categories?post=2935"},{"taxonomy":"post_tag","embeddable":true,"href":"https:\/\/www.anovapeneira.gal\/index.php\/wp-json\/wp\/v2\/tags?post=2935"}],"curies":[{"name":"wp","href":"https:\/\/api.w.org\/{rel}","templated":true}]}}