{"id":2940,"date":"2020-04-16T12:00:59","date_gmt":"2020-04-16T10:00:59","guid":{"rendered":"http:\/\/www.anovapeneira.gal\/?p=2940"},"modified":"2020-04-16T10:05:06","modified_gmt":"2020-04-16T08:05:06","slug":"decimo-cuarto-fragmento-do-diario-de-senlua-arraiana","status":"publish","type":"post","link":"https:\/\/www.anovapeneira.gal\/index.php\/2020\/04\/16\/decimo-cuarto-fragmento-do-diario-de-senlua-arraiana\/","title":{"rendered":"D\u00e9cimo cuarto fragmento do diario de Senl\u00faa Arraiana:"},"content":{"rendered":"\n<h2 class=\"wp-block-heading\">NON MORRER NA ORILLA<\/h2>\n\n\n\n<figure class=\"wp-block-image size-large is-resized\"><img loading=\"lazy\" decoding=\"async\" src=\"http:\/\/www.anovapeneira.gal\/wp-content\/uploads\/2019\/07\/cristobal_a_nova_peneira.jpg\" alt=\"Crist\u00f3bal L\u00f3pez A Nova Peneira\" class=\"wp-image-555\" width=\"95\" height=\"111\"\/><figcaption>Crist\u00f3bal L\u00f3pez Pazo | Comuneiro dos montes de Tameiga, militante de anticapitalistas, ecoloxista en acci\u00f3n e veci\u00f1o constitu\u00ednte da asemblea veci\u00f1al ga\u00f1aM\u00f3s<\/figcaption><\/figure>\n\n\n\n<div class=\"wp-block-columns is-layout-flex wp-container-core-columns-is-layout-9d6595d7 wp-block-columns-is-layout-flex\">\n<div class=\"wp-block-column is-layout-flow wp-block-column-is-layout-flow\" style=\"flex-basis:66.66%\">\n<figure class=\"wp-block-image size-large\"><img loading=\"lazy\" decoding=\"async\" width=\"700\" height=\"816\" src=\"http:\/\/www.anovapeneira.gal\/wp-content\/uploads\/2019\/08\/senlua_arraiana_2135.jpg\" alt=\"\" class=\"wp-image-877\" srcset=\"https:\/\/www.anovapeneira.gal\/wp-content\/uploads\/2019\/08\/senlua_arraiana_2135.jpg 700w, https:\/\/www.anovapeneira.gal\/wp-content\/uploads\/2019\/08\/senlua_arraiana_2135-257x300.jpg 257w\" sizes=\"auto, (max-width: 700px) 100vw, 700px\" \/><\/figure>\n<\/div>\n\n\n\n<div class=\"wp-block-column is-layout-flow wp-block-column-is-layout-flow\" style=\"flex-basis:33.33%\">\n<h4 class=\"wp-block-heading\"><strong><em>(Este d\u00e9cimo cuarto fragmento do diario de Senl\u00faa Arraiana foi recuperado e adiantado ao noso tempo por Noitepedralonga, fiel camarada do av\u00f3 da futura l\u00edder da resistencia arraiana).\u00a0 <\/em><\/strong><\/h4>\n<\/div>\n<\/div>\n\n\n\n<p>Ch\u00e1mome<strong><em> <\/em><\/strong>Senl\u00faa \u00e9 son punta de lanza da resistencia arraiana.<\/p>\n\n\n\n<p>Avicena foi fiel ao gui\u00f3n, cumpriu o pron\u00f3stico de Prusiana cunha exactitude raiana no esot\u00e9rico. Ao tercer d\u00eda de reposo baixo os seus coidados ti\u00f1a o corpo plet\u00f3rico e a mente realienada.&nbsp;<\/p>\n\n\n\n<p>Ese mesmo d\u00eda baixo o influxo do meu entusiasmo partimos cara Anatolia. A Historia non paga aos impuntuais.&nbsp;<\/p>\n\n\n\n<p>Na segunda xornada de viaxe interrumpiu o noso almorzo unha comitiva de mulleres solicitando falar con Avicena. A min costabame endendelas pero o noso m\u00e9dico parec\u00eda co\u00f1ecer o dialecto daquela xente.&nbsp; Ao remate da conversa explicounos que reco\u00f1ecerono xa que fora o encargado sanitario das aldeas agrarias desta zona hai tempo cando a Colmea a\u00ednda non era un ni\u00f1o de avespas. As mulleres desesperadas acudiran a rogarlle axuda ante unha enfermidade que estaba afectando aos nenos. Polos detalles das nais dec\u00eda estar seguro de que era unha epidemia de escarlatina que poder\u00eda ser mort\u00edfera entre nenos desnutridos se non eran atendidos. Prometeu que non n\u00f3s levar\u00eda m\u00e1is que unha xornada achegarnos \u00e1 aldea para aplicarlles un remedio para a s\u00faa pronta curaci\u00f3n.&nbsp;<br><\/p>\n\n\n\n<p>Tiven que morderme a impaciencia con tanta forza que deixena marcada cos meus incisivos pero finalmente acced\u00edn refrenando as mi\u00f1as ansias por chegar a Anatolia.&nbsp;<br><\/p>\n\n\n\n<p>De cami\u00f1o a aldea dimos un pequeno rodeo para atravesar un prado onde Avicena recolectou unha serie de plantas coa axuda das lugare\u00f1as a quen foi explicando o valor de cada unha delas. Achegueime ao grupo recolector interesada polos co\u00f1ecementos. O dialecto no que falaban extra\u00f1aba dificultade pero prestando atenci\u00f3n puiden apreciar como recollian d\u00faas plantas para facer unha tisana, segundo Avicena me dixo despois eran as mesmas que me administrara a min. Unha&nbsp; para baixar a febre e outra con propiedades contra as hinchaz\u00f3ns ou pel irritada. Tam\u00e9n baixo indicaci\u00f3ns de la Avicena est\u00e1n desenterrando unhas ra\u00edces laranxas e peludas como alimento ante a escaseza de comida. Non ti\u00f1a fame pero saciei a mi\u00f1a curiosidade cun mordisco nunha daquelas ra\u00edces. Escup\u00edn aquela cousa dura e ins\u00edpida lanzando unha mirada de reproche sobre o noso m\u00e9dico quen rindo d\u00edxome que a seguinte vez mellor limpalas e coci\u00f1alas antes.&nbsp;<\/p>\n\n\n\n<p>Cando chegamos \u00e1 aldea esta parec\u00eda abandonada pero en canto as mulleres chamaron a voces comezaron a asomar os nenos e outras mulleres de detr\u00e1s dos muladares. Non hab\u00eda homes, foran reclutados a forza pola Colmea ou axustizados por sedici\u00f3n no caso de rebelarse. Ademais a aldea fora saqueada polos batall\u00f3ns de avespas lev\u00e1ndose todos os alimentos que atopaban.&nbsp;<\/p>\n\n\n\n<p>Os sorrisos con que nos recibiron non nos impediron decatarnos dos efectos da carest\u00eda de alimentos. Foi a antesala do averno que atopamos nun graneiro apartado onde estaban hacinados os nenos enfermos. Axudar a coci\u00f1ar as ra\u00edces laranxas aliviou a mi\u00f1a desaz\u00f3n ante os llantos e xemidos.&nbsp;<\/p>\n\n\n\n<p>Unha vez feita a sopa non poiden resistirme a probala, Avicena ti\u00f1a raz\u00f3n, cocinadas con ali\u00f1o xa eran outra cousa. Mentres o noso m\u00e9dico atend\u00eda un por un \u00e1s crianzas procurei averiguar algo m\u00e1is sobre a situaci\u00f3n da aldea. Poderemos derrocar a Colmea en cuesti\u00f3n de meses pero vai levarnos d\u00e9cadas ga\u00f1arnos a confianza da xente destas aldeas para que se sumen como pares a unha gran comunidade de pobos. Tres d\u00edas con Avicena e a seu hainismo libertario xa impregnaba todo o meu pensamento.&nbsp;<\/p>\n\n\n\n<p>A ma\u00f1\u00e1 seguinte partimos entre unha ovaci\u00f3n de agradecementos. Saimos cedo coa intenci\u00f3n de apurar a marcha para facer noite no campamento de Anatolia. Chegamos tarde pero coa suficiente luz para decatarnos de que a cidade fora conquistada. Polo alborotadas que estaban a\u00ednda as nosas tropas a rendici\u00f3n era moi recente. Antes de chegar \u00e1s portas da fortaleza interceptounos un sarxento da escolta do estado maior cun recado de Prusiana quen nos agardaba no atrio da cidadela. At\u00e9 al\u00ed nos conduxo o sarxento, polas r\u00faas que pasamos non atopamos desorden nin saqueos, non hab\u00eda llantos nin amarguras entre os vencidos. Con esta victoria sin m\u00e1cula Prusiana acadara redimir \u00e1s s\u00faas tropas da ignominia de Bastopol. Na cidadela estaban concentradas o groso das tropas de ocupaci\u00f3n, no medio do axetreo estaba Prusiana departindo co seu estado maior. En canto decatouse da nosa presenza interrumpeu a reuni\u00f3n e achegouse \u00e1 sudarnos con moita efusividade pero apenas puiden cruzar un ola con ela, xa que nos conminou a que nos asearamos e nunha hora estiveramos no sal\u00f3n comedor da torre da cidadela &#8211; neces\u00edtovos al\u00ed aos tres, por favor -, logo retornou \u00e1 reuni\u00f3n co alto mando.&nbsp;<\/p>\n\n\n\n<p>Cando entramos no sal\u00f3n a mesa estaba posta e Prusiana atop\u00e1base nela xunto con tres homes uniformados que ela presentounos como xenerais do alto mando enemigo. Buscaban un acordo para unha rendici\u00f3n. O seu ex\u00e9rcito entregar\u00eda as armas a cambio dunha amnist\u00eda total. S\u00f3 plantexaban unha esixencia m\u00e1is, quer\u00edan conservar as s\u00faas propiedades e rango social.&nbsp; Prusiana cruzou a mirada connosco antes de que os xenerais remataran a s\u00faa exposici\u00f3n e cun aceno reclamou a nosa complicidade. As\u00ed que seguimoslle o xogo respaldando con xestos ou pequenas intervenci\u00f3ns as s\u00faas aseveraci\u00f3ns. En seguida decateime que Prusiana buscaba sonsacar informaci\u00f3n sobre a situaci\u00f3n na capital da Colmea e da fraxilidade do seu goberno. Non albergaba d\u00fabida de que Prusiana compart\u00eda conmigo que aceptar as esixencias dos xenerais ser\u00eda renunciar a ese novo mundo que tanto desexabamos. Poder\u00edamos acortar a guerra pero negar\u00edamolles a paz a todas as v\u00edtimas do terror da Colmea se consent\u00edamos a impunidade para os verdugos. Poderiamos aceptar unha transici\u00f3n ralentizada en aras dunha transformaci\u00f3n ordenada pero nunca mantendo a estructura de poder do r\u00e9xime como pretend\u00edan. Non \u00edamos blanquear a s\u00faa barbarie.&nbsp;<\/p>\n\n\n\n<p>A r\u00e9plica non existiu m\u00e1is que na mi\u00f1a mente. Po\u00f1endo a mi\u00f1a cara m\u00e1is afable dinlle continuidade ao ardid de Prusiana inquirindo aos xenerais pola situaci\u00f3n do goberno da Colmea.&nbsp;<\/p>\n\n\n\n<p><\/p>\n\n\n\n<p>Cando os xenerais abandonaron a estancia Prusiana acomodouse nun escabel xunto a min e apret\u00e1ndome a man preguntoume como \u00eda o meu hombreiro. En vez de devolverlle o sorriso mireina fixamente e pedinlle que me prestara atenci\u00f3n. &#8211; A t\u00faa nai est\u00e1 viva e a salvo &#8211; ante a s\u00faa expresi\u00f3n de incredulidade expliqueille que varios meses atr\u00e1s atop\u00e1monola nun rastrexo en Mortefr\u00eda xunto con dos mulleres m\u00e1is. Confirmeille que tanto Gataparda coma eu est\u00e1bamos seguras que era a s\u00faa nai, non s\u00f3 coincid\u00eda o nome e a historia dela co que nos contara, ademais o parecido fison\u00f3mico era evidente. As b\u00e1goas escorregaban polo seu rostro cando anuncieille que senon xurd\u00eda ning\u00fan imprevisto en poucos d\u00edas poder\u00eda reencontrarse con ela, xa que estar\u00eda de cami\u00f1o xunto co noso pobo. Fund\u00edmonos todas nunha lacrimoxena aperta.&nbsp;<\/p>\n\n\n\n<p>Non sei como atopei forzas para desfacerme dos abrazos e recobrar a voz para separ\u00e1ndome uns pasos advertir seriamente a Prusiana. -O pobo arraiano enpu\u00f1ar\u00e1 as armas contra a Colmea e ser\u00e1 o primeiro en pisar a capital do horror pero non seremos carne de can\u00f3n das menestrais, non imos morrer na orilla- Non engad\u00edn m\u00e1is ao ver asentir cun xesto a Prusiana aprobando as mi\u00f1as palabras, detr\u00e1s dela Gataparda ofrec\u00edame un guili de complicidade. <\/p>\n\n\n\n<p><\/p>\n","protected":false},"excerpt":{"rendered":"<div class=\"mh-excerpt\"><p>Avicena foi fiel ao gui\u00f3n, cumpriu o pron\u00f3stico de Prusiana cunha exactitude raiana no esot\u00e9rico <a class=\"mh-excerpt-more\" href=\"https:\/\/www.anovapeneira.gal\/index.php\/2020\/04\/16\/decimo-cuarto-fragmento-do-diario-de-senlua-arraiana\/\" title=\"D\u00e9cimo cuarto fragmento do diario de Senl\u00faa Arraiana:\">[&#8230;]<\/a><\/p>\n<\/div>","protected":false},"author":13,"featured_media":2944,"comment_status":"open","ping_status":"open","sticky":false,"template":"","format":"standard","meta":{"_exactmetrics_skip_tracking":false,"_exactmetrics_sitenote_active":false,"_exactmetrics_sitenote_note":"","_exactmetrics_sitenote_category":0,"footnotes":""},"categories":[7],"tags":[235],"class_list":{"0":"post-2940","1":"post","2":"type-post","3":"status-publish","4":"format-standard","5":"has-post-thumbnail","7":"category-artigos-de-opinion","8":"tag-senlua-arraiana"},"yoast_head":"<!-- This site is optimized with the Yoast SEO plugin v27.4 - https:\/\/yoast.com\/product\/yoast-seo-wordpress\/ -->\n<title>D\u00e9cimo cuarto fragmento do diario de Senl\u00faa Arraiana: -<\/title>\n<meta name=\"robots\" content=\"index, follow, max-snippet:-1, max-image-preview:large, max-video-preview:-1\" \/>\n<link rel=\"canonical\" href=\"https:\/\/www.anovapeneira.gal\/index.php\/2020\/04\/16\/decimo-cuarto-fragmento-do-diario-de-senlua-arraiana\/\" \/>\n<meta property=\"og:locale\" content=\"gl_ES\" \/>\n<meta property=\"og:type\" content=\"article\" \/>\n<meta property=\"og:title\" content=\"D\u00e9cimo cuarto fragmento do diario de Senl\u00faa Arraiana: -\" \/>\n<meta property=\"og:description\" content=\"Avicena foi fiel ao gui\u00f3n, cumpriu o pron\u00f3stico de Prusiana cunha exactitude raiana no esot\u00e9rico [...]\" \/>\n<meta property=\"og:url\" content=\"https:\/\/www.anovapeneira.gal\/index.php\/2020\/04\/16\/decimo-cuarto-fragmento-do-diario-de-senlua-arraiana\/\" \/>\n<meta property=\"article:publisher\" content=\"https:\/\/www.facebook.com\/anovapeneira\" \/>\n<meta property=\"article:published_time\" content=\"2020-04-16T10:00:59+00:00\" \/>\n<meta property=\"og:image\" content=\"https:\/\/www.anovapeneira.gal\/wp-content\/uploads\/2020\/04\/senlua_arraiana_a_nova_peneira_cabeceira.jpg\" \/>\n\t<meta property=\"og:image:width\" content=\"1590\" \/>\n\t<meta property=\"og:image:height\" content=\"832\" \/>\n\t<meta property=\"og:image:type\" content=\"image\/jpeg\" \/>\n<meta name=\"author\" content=\"Cristobal L\u00f3pez\" \/>\n<meta name=\"twitter:card\" content=\"summary_large_image\" \/>\n<meta name=\"twitter:creator\" content=\"@APeneira\" \/>\n<meta name=\"twitter:site\" content=\"@APeneira\" \/>\n<meta name=\"twitter:label1\" content=\"Escrito por\" \/>\n\t<meta name=\"twitter:data1\" content=\"Cristobal L\u00f3pez\" \/>\n\t<meta name=\"twitter:label2\" content=\"Tempo de lectura\" \/>\n\t<meta name=\"twitter:data2\" content=\"7 minutos\" \/>\n<script type=\"application\/ld+json\" class=\"yoast-schema-graph\">{\"@context\":\"https:\\\/\\\/schema.org\",\"@graph\":[{\"@type\":\"Article\",\"@id\":\"https:\\\/\\\/www.anovapeneira.gal\\\/index.php\\\/2020\\\/04\\\/16\\\/decimo-cuarto-fragmento-do-diario-de-senlua-arraiana\\\/#article\",\"isPartOf\":{\"@id\":\"https:\\\/\\\/www.anovapeneira.gal\\\/index.php\\\/2020\\\/04\\\/16\\\/decimo-cuarto-fragmento-do-diario-de-senlua-arraiana\\\/\"},\"author\":{\"name\":\"Cristobal L\u00f3pez\",\"@id\":\"https:\\\/\\\/www.anovapeneira.gal\\\/#\\\/schema\\\/person\\\/45b3df2338e4d898b7616809f9c5906c\"},\"headline\":\"D\u00e9cimo cuarto fragmento do diario de Senl\u00faa Arraiana:\",\"datePublished\":\"2020-04-16T10:00:59+00:00\",\"mainEntityOfPage\":{\"@id\":\"https:\\\/\\\/www.anovapeneira.gal\\\/index.php\\\/2020\\\/04\\\/16\\\/decimo-cuarto-fragmento-do-diario-de-senlua-arraiana\\\/\"},\"wordCount\":1391,\"commentCount\":0,\"publisher\":{\"@id\":\"https:\\\/\\\/www.anovapeneira.gal\\\/#organization\"},\"image\":{\"@id\":\"https:\\\/\\\/www.anovapeneira.gal\\\/index.php\\\/2020\\\/04\\\/16\\\/decimo-cuarto-fragmento-do-diario-de-senlua-arraiana\\\/#primaryimage\"},\"thumbnailUrl\":\"https:\\\/\\\/www.anovapeneira.gal\\\/wp-content\\\/uploads\\\/2020\\\/04\\\/senlua_arraiana_a_nova_peneira_cabeceira.jpg\",\"keywords\":[\"Senl\u00faa Arraiana\"],\"articleSection\":[\"Artigos de opini\u00f3n\"],\"inLanguage\":\"gl-ES\",\"potentialAction\":[{\"@type\":\"CommentAction\",\"name\":\"Comment\",\"target\":[\"https:\\\/\\\/www.anovapeneira.gal\\\/index.php\\\/2020\\\/04\\\/16\\\/decimo-cuarto-fragmento-do-diario-de-senlua-arraiana\\\/#respond\"]}]},{\"@type\":\"WebPage\",\"@id\":\"https:\\\/\\\/www.anovapeneira.gal\\\/index.php\\\/2020\\\/04\\\/16\\\/decimo-cuarto-fragmento-do-diario-de-senlua-arraiana\\\/\",\"url\":\"https:\\\/\\\/www.anovapeneira.gal\\\/index.php\\\/2020\\\/04\\\/16\\\/decimo-cuarto-fragmento-do-diario-de-senlua-arraiana\\\/\",\"name\":\"D\u00e9cimo cuarto fragmento do diario de Senl\u00faa Arraiana: -\",\"isPartOf\":{\"@id\":\"https:\\\/\\\/www.anovapeneira.gal\\\/#website\"},\"primaryImageOfPage\":{\"@id\":\"https:\\\/\\\/www.anovapeneira.gal\\\/index.php\\\/2020\\\/04\\\/16\\\/decimo-cuarto-fragmento-do-diario-de-senlua-arraiana\\\/#primaryimage\"},\"image\":{\"@id\":\"https:\\\/\\\/www.anovapeneira.gal\\\/index.php\\\/2020\\\/04\\\/16\\\/decimo-cuarto-fragmento-do-diario-de-senlua-arraiana\\\/#primaryimage\"},\"thumbnailUrl\":\"https:\\\/\\\/www.anovapeneira.gal\\\/wp-content\\\/uploads\\\/2020\\\/04\\\/senlua_arraiana_a_nova_peneira_cabeceira.jpg\",\"datePublished\":\"2020-04-16T10:00:59+00:00\",\"breadcrumb\":{\"@id\":\"https:\\\/\\\/www.anovapeneira.gal\\\/index.php\\\/2020\\\/04\\\/16\\\/decimo-cuarto-fragmento-do-diario-de-senlua-arraiana\\\/#breadcrumb\"},\"inLanguage\":\"gl-ES\",\"potentialAction\":[{\"@type\":\"ReadAction\",\"target\":[\"https:\\\/\\\/www.anovapeneira.gal\\\/index.php\\\/2020\\\/04\\\/16\\\/decimo-cuarto-fragmento-do-diario-de-senlua-arraiana\\\/\"]}]},{\"@type\":\"ImageObject\",\"inLanguage\":\"gl-ES\",\"@id\":\"https:\\\/\\\/www.anovapeneira.gal\\\/index.php\\\/2020\\\/04\\\/16\\\/decimo-cuarto-fragmento-do-diario-de-senlua-arraiana\\\/#primaryimage\",\"url\":\"https:\\\/\\\/www.anovapeneira.gal\\\/wp-content\\\/uploads\\\/2020\\\/04\\\/senlua_arraiana_a_nova_peneira_cabeceira.jpg\",\"contentUrl\":\"https:\\\/\\\/www.anovapeneira.gal\\\/wp-content\\\/uploads\\\/2020\\\/04\\\/senlua_arraiana_a_nova_peneira_cabeceira.jpg\",\"width\":1590,\"height\":832,\"caption\":\"Senl\u00faa Arraiana A Nova Peneira\"},{\"@type\":\"BreadcrumbList\",\"@id\":\"https:\\\/\\\/www.anovapeneira.gal\\\/index.php\\\/2020\\\/04\\\/16\\\/decimo-cuarto-fragmento-do-diario-de-senlua-arraiana\\\/#breadcrumb\",\"itemListElement\":[{\"@type\":\"ListItem\",\"position\":1,\"name\":\"Portada\",\"item\":\"https:\\\/\\\/www.anovapeneira.gal\\\/\"},{\"@type\":\"ListItem\",\"position\":2,\"name\":\"D\u00e9cimo cuarto fragmento do diario de Senl\u00faa Arraiana:\"}]},{\"@type\":\"WebSite\",\"@id\":\"https:\\\/\\\/www.anovapeneira.gal\\\/#website\",\"url\":\"https:\\\/\\\/www.anovapeneira.gal\\\/\",\"name\":\"\",\"description\":\"Xornal galego de informaci\u00f3n xeral Publicaci\u00f3n mensual de novas de Galicia e en especial dos Concellos da sur da provincia de Pontevedra.\",\"publisher\":{\"@id\":\"https:\\\/\\\/www.anovapeneira.gal\\\/#organization\"},\"potentialAction\":[{\"@type\":\"SearchAction\",\"target\":{\"@type\":\"EntryPoint\",\"urlTemplate\":\"https:\\\/\\\/www.anovapeneira.gal\\\/?s={search_term_string}\"},\"query-input\":{\"@type\":\"PropertyValueSpecification\",\"valueRequired\":true,\"valueName\":\"search_term_string\"}}],\"inLanguage\":\"gl-ES\"},{\"@type\":\"Organization\",\"@id\":\"https:\\\/\\\/www.anovapeneira.gal\\\/#organization\",\"name\":\"A Nova Peneira\",\"url\":\"https:\\\/\\\/www.anovapeneira.gal\\\/\",\"logo\":{\"@type\":\"ImageObject\",\"inLanguage\":\"gl-ES\",\"@id\":\"https:\\\/\\\/www.anovapeneira.gal\\\/#\\\/schema\\\/logo\\\/image\\\/\",\"url\":\"http:\\\/\\\/www.anovapeneira.gal\\\/wp-content\\\/uploads\\\/2019\\\/06\\\/logo_a_nova_peneira_portal_web.png\",\"contentUrl\":\"http:\\\/\\\/www.anovapeneira.gal\\\/wp-content\\\/uploads\\\/2019\\\/06\\\/logo_a_nova_peneira_portal_web.png\",\"width\":300,\"height\":100,\"caption\":\"A Nova Peneira\"},\"image\":{\"@id\":\"https:\\\/\\\/www.anovapeneira.gal\\\/#\\\/schema\\\/logo\\\/image\\\/\"},\"sameAs\":[\"https:\\\/\\\/www.facebook.com\\\/anovapeneira\",\"https:\\\/\\\/x.com\\\/APeneira\"]},{\"@type\":\"Person\",\"@id\":\"https:\\\/\\\/www.anovapeneira.gal\\\/#\\\/schema\\\/person\\\/45b3df2338e4d898b7616809f9c5906c\",\"name\":\"Cristobal L\u00f3pez\",\"image\":{\"@type\":\"ImageObject\",\"inLanguage\":\"gl-ES\",\"@id\":\"https:\\\/\\\/secure.gravatar.com\\\/avatar\\\/b537cf06ef8166c9ef72b09f4d5f6446b1e22ea99505d94e40b8685710482f79?s=96&d=mm&r=g\",\"url\":\"https:\\\/\\\/secure.gravatar.com\\\/avatar\\\/b537cf06ef8166c9ef72b09f4d5f6446b1e22ea99505d94e40b8685710482f79?s=96&d=mm&r=g\",\"contentUrl\":\"https:\\\/\\\/secure.gravatar.com\\\/avatar\\\/b537cf06ef8166c9ef72b09f4d5f6446b1e22ea99505d94e40b8685710482f79?s=96&d=mm&r=g\",\"caption\":\"Cristobal L\u00f3pez\"},\"sameAs\":[\"http:\\\/\\\/anovapeneira.gal\"],\"url\":\"https:\\\/\\\/www.anovapeneira.gal\\\/index.php\\\/author\\\/opinioncristoballopez\\\/\"}]}<\/script>\n<!-- \/ Yoast SEO plugin. -->","yoast_head_json":{"title":"D\u00e9cimo cuarto fragmento do diario de Senl\u00faa Arraiana: -","robots":{"index":"index","follow":"follow","max-snippet":"max-snippet:-1","max-image-preview":"max-image-preview:large","max-video-preview":"max-video-preview:-1"},"canonical":"https:\/\/www.anovapeneira.gal\/index.php\/2020\/04\/16\/decimo-cuarto-fragmento-do-diario-de-senlua-arraiana\/","og_locale":"gl_ES","og_type":"article","og_title":"D\u00e9cimo cuarto fragmento do diario de Senl\u00faa Arraiana: -","og_description":"Avicena foi fiel ao gui\u00f3n, cumpriu o pron\u00f3stico de Prusiana cunha exactitude raiana no esot\u00e9rico [...]","og_url":"https:\/\/www.anovapeneira.gal\/index.php\/2020\/04\/16\/decimo-cuarto-fragmento-do-diario-de-senlua-arraiana\/","article_publisher":"https:\/\/www.facebook.com\/anovapeneira","article_published_time":"2020-04-16T10:00:59+00:00","og_image":[{"width":1590,"height":832,"url":"https:\/\/www.anovapeneira.gal\/wp-content\/uploads\/2020\/04\/senlua_arraiana_a_nova_peneira_cabeceira.jpg","type":"image\/jpeg"}],"author":"Cristobal L\u00f3pez","twitter_card":"summary_large_image","twitter_creator":"@APeneira","twitter_site":"@APeneira","twitter_misc":{"Escrito por":"Cristobal L\u00f3pez","Tempo de lectura":"7 minutos"},"schema":{"@context":"https:\/\/schema.org","@graph":[{"@type":"Article","@id":"https:\/\/www.anovapeneira.gal\/index.php\/2020\/04\/16\/decimo-cuarto-fragmento-do-diario-de-senlua-arraiana\/#article","isPartOf":{"@id":"https:\/\/www.anovapeneira.gal\/index.php\/2020\/04\/16\/decimo-cuarto-fragmento-do-diario-de-senlua-arraiana\/"},"author":{"name":"Cristobal L\u00f3pez","@id":"https:\/\/www.anovapeneira.gal\/#\/schema\/person\/45b3df2338e4d898b7616809f9c5906c"},"headline":"D\u00e9cimo cuarto fragmento do diario de Senl\u00faa Arraiana:","datePublished":"2020-04-16T10:00:59+00:00","mainEntityOfPage":{"@id":"https:\/\/www.anovapeneira.gal\/index.php\/2020\/04\/16\/decimo-cuarto-fragmento-do-diario-de-senlua-arraiana\/"},"wordCount":1391,"commentCount":0,"publisher":{"@id":"https:\/\/www.anovapeneira.gal\/#organization"},"image":{"@id":"https:\/\/www.anovapeneira.gal\/index.php\/2020\/04\/16\/decimo-cuarto-fragmento-do-diario-de-senlua-arraiana\/#primaryimage"},"thumbnailUrl":"https:\/\/www.anovapeneira.gal\/wp-content\/uploads\/2020\/04\/senlua_arraiana_a_nova_peneira_cabeceira.jpg","keywords":["Senl\u00faa Arraiana"],"articleSection":["Artigos de opini\u00f3n"],"inLanguage":"gl-ES","potentialAction":[{"@type":"CommentAction","name":"Comment","target":["https:\/\/www.anovapeneira.gal\/index.php\/2020\/04\/16\/decimo-cuarto-fragmento-do-diario-de-senlua-arraiana\/#respond"]}]},{"@type":"WebPage","@id":"https:\/\/www.anovapeneira.gal\/index.php\/2020\/04\/16\/decimo-cuarto-fragmento-do-diario-de-senlua-arraiana\/","url":"https:\/\/www.anovapeneira.gal\/index.php\/2020\/04\/16\/decimo-cuarto-fragmento-do-diario-de-senlua-arraiana\/","name":"D\u00e9cimo cuarto fragmento do diario de Senl\u00faa Arraiana: -","isPartOf":{"@id":"https:\/\/www.anovapeneira.gal\/#website"},"primaryImageOfPage":{"@id":"https:\/\/www.anovapeneira.gal\/index.php\/2020\/04\/16\/decimo-cuarto-fragmento-do-diario-de-senlua-arraiana\/#primaryimage"},"image":{"@id":"https:\/\/www.anovapeneira.gal\/index.php\/2020\/04\/16\/decimo-cuarto-fragmento-do-diario-de-senlua-arraiana\/#primaryimage"},"thumbnailUrl":"https:\/\/www.anovapeneira.gal\/wp-content\/uploads\/2020\/04\/senlua_arraiana_a_nova_peneira_cabeceira.jpg","datePublished":"2020-04-16T10:00:59+00:00","breadcrumb":{"@id":"https:\/\/www.anovapeneira.gal\/index.php\/2020\/04\/16\/decimo-cuarto-fragmento-do-diario-de-senlua-arraiana\/#breadcrumb"},"inLanguage":"gl-ES","potentialAction":[{"@type":"ReadAction","target":["https:\/\/www.anovapeneira.gal\/index.php\/2020\/04\/16\/decimo-cuarto-fragmento-do-diario-de-senlua-arraiana\/"]}]},{"@type":"ImageObject","inLanguage":"gl-ES","@id":"https:\/\/www.anovapeneira.gal\/index.php\/2020\/04\/16\/decimo-cuarto-fragmento-do-diario-de-senlua-arraiana\/#primaryimage","url":"https:\/\/www.anovapeneira.gal\/wp-content\/uploads\/2020\/04\/senlua_arraiana_a_nova_peneira_cabeceira.jpg","contentUrl":"https:\/\/www.anovapeneira.gal\/wp-content\/uploads\/2020\/04\/senlua_arraiana_a_nova_peneira_cabeceira.jpg","width":1590,"height":832,"caption":"Senl\u00faa Arraiana A Nova Peneira"},{"@type":"BreadcrumbList","@id":"https:\/\/www.anovapeneira.gal\/index.php\/2020\/04\/16\/decimo-cuarto-fragmento-do-diario-de-senlua-arraiana\/#breadcrumb","itemListElement":[{"@type":"ListItem","position":1,"name":"Portada","item":"https:\/\/www.anovapeneira.gal\/"},{"@type":"ListItem","position":2,"name":"D\u00e9cimo cuarto fragmento do diario de Senl\u00faa Arraiana:"}]},{"@type":"WebSite","@id":"https:\/\/www.anovapeneira.gal\/#website","url":"https:\/\/www.anovapeneira.gal\/","name":"","description":"Xornal galego de informaci\u00f3n xeral Publicaci\u00f3n mensual de novas de Galicia e en especial dos Concellos da sur da provincia de Pontevedra.","publisher":{"@id":"https:\/\/www.anovapeneira.gal\/#organization"},"potentialAction":[{"@type":"SearchAction","target":{"@type":"EntryPoint","urlTemplate":"https:\/\/www.anovapeneira.gal\/?s={search_term_string}"},"query-input":{"@type":"PropertyValueSpecification","valueRequired":true,"valueName":"search_term_string"}}],"inLanguage":"gl-ES"},{"@type":"Organization","@id":"https:\/\/www.anovapeneira.gal\/#organization","name":"A Nova Peneira","url":"https:\/\/www.anovapeneira.gal\/","logo":{"@type":"ImageObject","inLanguage":"gl-ES","@id":"https:\/\/www.anovapeneira.gal\/#\/schema\/logo\/image\/","url":"http:\/\/www.anovapeneira.gal\/wp-content\/uploads\/2019\/06\/logo_a_nova_peneira_portal_web.png","contentUrl":"http:\/\/www.anovapeneira.gal\/wp-content\/uploads\/2019\/06\/logo_a_nova_peneira_portal_web.png","width":300,"height":100,"caption":"A Nova Peneira"},"image":{"@id":"https:\/\/www.anovapeneira.gal\/#\/schema\/logo\/image\/"},"sameAs":["https:\/\/www.facebook.com\/anovapeneira","https:\/\/x.com\/APeneira"]},{"@type":"Person","@id":"https:\/\/www.anovapeneira.gal\/#\/schema\/person\/45b3df2338e4d898b7616809f9c5906c","name":"Cristobal L\u00f3pez","image":{"@type":"ImageObject","inLanguage":"gl-ES","@id":"https:\/\/secure.gravatar.com\/avatar\/b537cf06ef8166c9ef72b09f4d5f6446b1e22ea99505d94e40b8685710482f79?s=96&d=mm&r=g","url":"https:\/\/secure.gravatar.com\/avatar\/b537cf06ef8166c9ef72b09f4d5f6446b1e22ea99505d94e40b8685710482f79?s=96&d=mm&r=g","contentUrl":"https:\/\/secure.gravatar.com\/avatar\/b537cf06ef8166c9ef72b09f4d5f6446b1e22ea99505d94e40b8685710482f79?s=96&d=mm&r=g","caption":"Cristobal L\u00f3pez"},"sameAs":["http:\/\/anovapeneira.gal"],"url":"https:\/\/www.anovapeneira.gal\/index.php\/author\/opinioncristoballopez\/"}]}},"jetpack_featured_media_url":"https:\/\/www.anovapeneira.gal\/wp-content\/uploads\/2020\/04\/senlua_arraiana_a_nova_peneira_cabeceira.jpg","_links":{"self":[{"href":"https:\/\/www.anovapeneira.gal\/index.php\/wp-json\/wp\/v2\/posts\/2940","targetHints":{"allow":["GET"]}}],"collection":[{"href":"https:\/\/www.anovapeneira.gal\/index.php\/wp-json\/wp\/v2\/posts"}],"about":[{"href":"https:\/\/www.anovapeneira.gal\/index.php\/wp-json\/wp\/v2\/types\/post"}],"author":[{"embeddable":true,"href":"https:\/\/www.anovapeneira.gal\/index.php\/wp-json\/wp\/v2\/users\/13"}],"replies":[{"embeddable":true,"href":"https:\/\/www.anovapeneira.gal\/index.php\/wp-json\/wp\/v2\/comments?post=2940"}],"version-history":[{"count":4,"href":"https:\/\/www.anovapeneira.gal\/index.php\/wp-json\/wp\/v2\/posts\/2940\/revisions"}],"predecessor-version":[{"id":2945,"href":"https:\/\/www.anovapeneira.gal\/index.php\/wp-json\/wp\/v2\/posts\/2940\/revisions\/2945"}],"wp:featuredmedia":[{"embeddable":true,"href":"https:\/\/www.anovapeneira.gal\/index.php\/wp-json\/wp\/v2\/media\/2944"}],"wp:attachment":[{"href":"https:\/\/www.anovapeneira.gal\/index.php\/wp-json\/wp\/v2\/media?parent=2940"}],"wp:term":[{"taxonomy":"category","embeddable":true,"href":"https:\/\/www.anovapeneira.gal\/index.php\/wp-json\/wp\/v2\/categories?post=2940"},{"taxonomy":"post_tag","embeddable":true,"href":"https:\/\/www.anovapeneira.gal\/index.php\/wp-json\/wp\/v2\/tags?post=2940"}],"curies":[{"name":"wp","href":"https:\/\/api.w.org\/{rel}","templated":true}]}}