{"id":2951,"date":"2020-04-20T10:00:09","date_gmt":"2020-04-20T08:00:09","guid":{"rendered":"http:\/\/www.anovapeneira.gal\/?p=2951"},"modified":"2020-04-20T09:00:50","modified_gmt":"2020-04-20T07:00:50","slug":"o-coronavirus-no-mundo-iii-dinamarca","status":"publish","type":"post","link":"https:\/\/www.anovapeneira.gal\/index.php\/2020\/04\/20\/o-coronavirus-no-mundo-iii-dinamarca\/","title":{"rendered":"O coronavirus  no mundo  III: Dinamarca"},"content":{"rendered":"\n<p><strong>Continuamos esta xeira de entrevistas sobre a situaci\u00f3n da emerxencia sanitaria no mundo, e hoxe falamos con Anxo. El \u00e9 un mozo de Vigo, que vive e traballa en Dinamarca ininterrompidamente desde o ano 2003. Anxo \u00e9 xornalista , e \u00e9 o correspondente da axencia EFE en Dinamarca, cobre tam\u00e9n Islandia Suecia e Noruega. Vela\u00ed vai o que deu de si a nosa conversa.<\/strong><\/p>\n\n\n\n<p><strong>ANXO LAMELA CORRESPONDENTE DA AXENCIA EFE EN DINAMARCA<\/strong><\/p>\n\n\n\n<p>\u201c<strong>O \u00c9XITO DE DINAMARCA, NA LOITA CONTRA O CORONAVIRUS, ESTIVO, AO MEU XU\u00cdZO ,EN TER SIDO MOI R\u00c1PIDOS EN PECHAR AS FRONTEIRAS E EN ESTABLECER MEDIDAS DE DISTANCIAMENTO SOCIAL\u201d<\/strong><\/p>\n\n\n\n<p><strong>Canto tempo levas vivindo en Dinamarca?<\/strong><\/p>\n\n\n\n<blockquote class=\"wp-block-quote is-layout-flow wp-block-quote-is-layout-flow\"><p>En setembro far\u00e1 17 anos.<\/p><\/blockquote>\n\n\n\n<p><strong>E cantos anos tes?<\/strong><\/p>\n\n\n\n<blockquote class=\"wp-block-quote is-layout-flow wp-block-quote-is-layout-flow\"><p>Te\u00f1o 44, vinme vivir aqu\u00ed con 27 anos, pero eu xa estivera aqu\u00ed cinco anos antes. Como sabes eu son xornalista, e estivera entre os anos 98 e 99 traballando como bolseiro.<\/p><\/blockquote>\n\n\n\n<p><strong>Pois si que escolliches un pa\u00eds peculiar<\/strong><\/p>\n\n\n\n<blockquote class=\"wp-block-quote is-layout-flow wp-block-quote-is-layout-flow\"><p>\u00c9 que eu estudara dinamarqu\u00e9s na universidade e grazas a saber o idioma puiden vir aqu\u00ed.\u00a0<\/p><\/blockquote>\n\n\n\n<p><strong>Ent\u00f3n cando chegaches a Dinamarca por primeira vez xa sab\u00edas o idioma?<\/strong><\/p>\n\n\n\n<blockquote class=\"wp-block-quote is-layout-flow wp-block-quote-is-layout-flow\"><p>Ben, estud\u00e1rao dous anos, pero realmente como se aprende e practic\u00e1ndoo, porque cando cheguei, o que se di moito, non entend\u00eda.<\/p><\/blockquote>\n\n\n\n<p><strong>Cando remataches as pr\u00e1cticas volviches a Galicia?<\/strong><\/p>\n\n\n\n<blockquote class=\"wp-block-quote is-layout-flow wp-block-quote-is-layout-flow\"><p>Si, estiven 6 meses de bolseiro nun xornal moi importante, o Politiken, logo 6 meses m\u00e1is traballando lavando pratos para completar o ano e volv\u00edn a Galicia.<\/p><\/blockquote>\n\n\n\n<p><strong>E aqu\u00ed puideches traballar do teu?<\/strong><\/p>\n\n\n\n<blockquote class=\"wp-block-quote is-layout-flow wp-block-quote-is-layout-flow\"><p>Si, estiven un tempo de pr\u00e1cticas no Faro, e logo ofrec\u00e9ronme un contrato de tres anos na delegaci\u00f3n de Lal\u00edn.<\/p><\/blockquote>\n\n\n\n<p><strong>Como foi a t\u00faa volta a Dinamarca?<\/strong><\/p>\n\n\n\n<blockquote class=\"wp-block-quote is-layout-flow wp-block-quote-is-layout-flow\"><p>Pois cando estiven en Lal\u00edn segu\u00eda en contacto coa mi\u00f1a profesora de dinamarqu\u00e9s, e ela foi a que me dixo que o correspondente da axencia EFE marchaba, e estaban a buscar a algu\u00e9n. Deume o contacto da delegada de Berl\u00edn e xa tirei para adiante.<\/p><\/blockquote>\n\n\n\n<p><strong>Estamos falando do 2003. Levas 17 anos ininterrompidos no pa\u00eds , contemplas alg\u00fan d\u00eda volver a vivir en Galicia?<\/strong><\/p>\n\n\n\n<blockquote class=\"wp-block-quote is-layout-flow wp-block-quote-is-layout-flow\"><p>Si, cando me xubile claro, si que quero volver a Galicia.<\/p><\/blockquote>\n\n\n\n<p><strong>Na actualidade es o correspondente da axencia EFE, cobres s\u00f3 Dinamarca?<\/strong><\/p>\n\n\n\n<blockquote class=\"wp-block-quote is-layout-flow wp-block-quote-is-layout-flow\"><p>Vivo en Dinamarca, pero cubro tam\u00e9n Suecia, Noruega e Islandia.<\/p><\/blockquote>\n\n\n\n<p><strong>E despr\u00e1zaste a eses pa\u00edses?<\/strong><\/p>\n\n\n\n<blockquote class=\"wp-block-quote is-layout-flow wp-block-quote-is-layout-flow\"><p>Antes da crise a\u00ednda o fac\u00eda algo, agora s\u00f3 en ocasi\u00f3ns moi especiais.<\/p><\/blockquote>\n\n\n\n<p><strong>Antes de entrar no tema do coronavirus, unha curiosidade persoal; eu sempre pensei que ao longo da historia da humanidade o exemplo de realidade pol\u00edtica concreta que m\u00e1is se achegaba a unha visi\u00f3n ideal de sociedade xusta \u00e9 o das socialdemocracias dos pa\u00edses n\u00f3rdicos. S\u00f3 \u00e9 unha impresi\u00f3n, pois nunca tiven a oportunidade de constatalo empiricamente. Ti que vives al\u00ed, que pensas?<\/strong><\/p>\n\n\n\n<blockquote class=\"wp-block-quote is-layout-flow wp-block-quote-is-layout-flow\"><p>Eu concordar\u00eda coa t\u00faa opini\u00f3n pero precisando que ti\u00f1amos que falar do que hab\u00eda aqu\u00ed, porque desde hai 30 anos foise deteriorando a situaci\u00f3n de maneira significativa, especialmente en Suecia. F\u00edxate por exemplo en Dinamarca a prestaci\u00f3n por desemprego chegou a ser de sete anos, logo baixou a catro, e agora est\u00e1 en dous igual ca en Espa\u00f1a. En calquera caso se o comparamos con Espa\u00f1a, a\u00ednda os pa\u00edses n\u00f3rdicos seguen a estar mellor ca n\u00f3s, pero insisto en que perderon moit\u00edsimo.<\/p><\/blockquote>\n\n\n\n<p><strong>Cal \u00e9 a situaci\u00f3n sanitaria que estades a vivir no momento presente?<\/strong><\/p>\n\n\n\n<blockquote class=\"wp-block-quote is-layout-flow wp-block-quote-is-layout-flow\"><p>En Dinamarca non houbo confinamento como en Espa\u00f1a. E no resto de pa\u00edses n\u00f3rdicos creo que s\u00f3 en Finlandia, pa\u00eds que eu non cubro, chegaron a pechar a rexi\u00f3n de Helsinki, que penso que xa est\u00e1 aberta.<\/p><\/blockquote>\n\n\n\n<p><strong>Ent\u00f3n podedes facer vida con absoluta normalidade?<\/strong><\/p>\n\n\n\n<blockquote class=\"wp-block-quote is-layout-flow wp-block-quote-is-layout-flow\"><p>Non, o que si hai son medidas de distanciamento social. E en Dinamarca pecharon as escolas, prohibiron as concentraci\u00f3ns de m\u00e1is de 10 persoas e pecharon as fronteiras antes que en Espa\u00f1a, e con moi poucos mortos.<\/p><\/blockquote>\n\n\n\n<p><strong>O n\u00famero de casos diagnosticados e de persoas falecidas co\u00f1\u00e9celo?<\/strong><\/p>\n\n\n\n<blockquote class=\"wp-block-quote is-layout-flow wp-block-quote-is-layout-flow\"><p>Agora mesmo (16 de abril) os datos do d\u00eda anterior son que temos 6876 casos co\u00f1ecidos e 305 persoas falecidas.<\/p><\/blockquote>\n\n\n\n<p><strong>A actividade comercial est\u00e1 parada?<\/strong><\/p>\n\n\n\n<blockquote class=\"wp-block-quote is-layout-flow wp-block-quote-is-layout-flow\"><p>Si, est\u00e1 todo pechado ag\u00e1s os servizos esenciais claro, gustar\u00edame aclarar que en Dinamarca as tendas de bicicletas est\u00e1n consideradas servizo esencial e abren.<\/p><\/blockquote>\n\n\n\n<p><strong>Caramba, \u00e9 tan elevado o seu uso nos desprazamentos?<\/strong><\/p>\n\n\n\n<blockquote class=\"wp-block-quote is-layout-flow wp-block-quote-is-layout-flow\"><p>Elevad\u00edsimo, aqu\u00ed todo o mundo ten unha bicicleta. De feito aqu\u00ed o metro e o transporte p\u00fablico en xeral vai case valeiro, case todas as persoas despr\u00e1zanse en bicicleta.<\/p><\/blockquote>\n\n\n\n<p><strong>E nunca vos chegaron a prohibir sa\u00edrdes \u00e1 r\u00faa?<\/strong><\/p>\n\n\n\n<blockquote class=\"wp-block-quote is-layout-flow wp-block-quote-is-layout-flow\"><p>Nunca, malia que \u00e9 obrigatorio manter medidas de distanciamento social.<\/p><\/blockquote>\n\n\n\n<p><strong>A industria est\u00e1 parada?<\/strong><\/p>\n\n\n\n<blockquote class=\"wp-block-quote is-layout-flow wp-block-quote-is-layout-flow\"><p>Non, non chegou a parar pero aconsellaron o tele traballo.<\/p><\/blockquote>\n\n\n\n<p><strong>En Espa\u00f1a hai certa pol\u00e9mica sobre o n\u00famero de test realizados, hai quen defende que probablemente o n\u00famero de infectados sexa moi inferior aos diagnosticados porque seica se fixeron moi poucos test. En Dinamarca?<\/strong><\/p>\n\n\n\n<blockquote class=\"wp-block-quote is-layout-flow wp-block-quote-is-layout-flow\"><p>Non saber\u00eda dicirche con precisi\u00f3n, non creo que Dinamarca sexa dos pa\u00edses que m\u00e1is fixo. Ese si \u00e9 o caso de Islandia, al\u00ed fixeron moit\u00edsimos. Eu coido que o \u00e9xito de Dinamarca non est\u00e1 no n\u00famero de probas realizadas sen\u00f3n que foron moi r\u00e1pidos no peche de fronteiras e na aplicaci\u00f3n de medidas de distanciamento social.<\/p><\/blockquote>\n\n\n\n<p><strong>Creo que as escolas xa comezan a abrir, non?<\/strong><\/p>\n\n\n\n<blockquote class=\"wp-block-quote is-layout-flow wp-block-quote-is-layout-flow\"><p>Si, fomos o primeiro pa\u00eds, pero fano gradualmente, non abren todas \u00e1 vez e est\u00e1n abrindo progresivamente por abanos de idade, con medidas de hixiene moi estritas, por exemplo eu te\u00f1o un fillo de cinco anos que a\u00ednda non pode ir.<\/p><\/blockquote>\n\n\n\n<p><strong>O teu fillo ch\u00e1mase como a cidade na que naciches ti verdade?<\/strong><\/p>\n\n\n\n<blockquote class=\"wp-block-quote is-layout-flow wp-block-quote-is-layout-flow\"><p>Si, pero con dous gues .El ch\u00e1mase Viggo, que \u00e9 un nome con orixes danesas, e \u00e1 vez recorda foneticamente \u00e1 cidade onde eu nac\u00edn. Desa maneira pois recolle as s\u00faas orixes galegas por min, e dinamarquesas pola s\u00faa nai.<\/p><\/blockquote>\n\n\n\n<p><strong>A situaci\u00f3n en Noruega \u00e9 semellante \u00e1 de Dinamarca?<\/strong><\/p>\n\n\n\n<blockquote class=\"wp-block-quote is-layout-flow wp-block-quote-is-layout-flow\"><p>Si, \u00e9 moi parecida.<\/p><\/blockquote>\n\n\n\n<p><strong>Semella que nos pa\u00edses n\u00f3rdicos estades nunha fase xa de desescalada, de cami\u00f1o cara a normalidade, non?<\/strong><\/p>\n\n\n\n<blockquote class=\"wp-block-quote is-layout-flow wp-block-quote-is-layout-flow\"><p>Si, pero \u00e1 normalidade relativa e moi a modo. Por exemplo hoxe vin unha declaraci\u00f3n dun responsable da sanidade norueguesa, que dic\u00eda que este ano, en Noruega, non vai haber ning\u00fan tipo de evento que implique concentraci\u00f3ns masivas de persoas.<\/p><\/blockquote>\n\n\n\n<p><strong>Mi\u00f1a nai, e xa contemplaba todo o ano?<\/strong><\/p>\n\n\n\n<blockquote class=\"wp-block-quote is-layout-flow wp-block-quote-is-layout-flow\"><p>Si, si, por iso cando vexo que en Espa\u00f1a hai festivais de ver\u00e1n que a\u00ednda non se suspenderon pois me resulta asombroso. En Dinamarca, por exemplo, hai en xullo un important\u00edsimo festival de Rock, que xa est\u00e1 cancelado. En Dinamarca, ata o 31 de agosto est\u00e1 suspendido calquera evento que implique a concentraci\u00f3n de xente.<\/p><\/blockquote>\n\n\n\n<p><strong>En Dinamarca quen goberna?<\/strong><\/p>\n\n\n\n<blockquote class=\"wp-block-quote is-layout-flow wp-block-quote-is-layout-flow\"><p>A socialdemocracia, en minor\u00eda, e pactando con varios partidos de centro esquerda.<\/p><\/blockquote>\n\n\n\n<p><strong>Cal \u00e9 a actitude da oposici\u00f3n?<\/strong><\/p>\n\n\n\n<blockquote class=\"wp-block-quote is-layout-flow wp-block-quote-is-layout-flow\"><p>Nada que ver coa belixerancia da oposici\u00f3n espa\u00f1ola. E en Noruega e Suecia exactamente o mesmo. En xeral, os escandinavos non te\u00f1en esa cultura do enfrontamento. O normal aqu\u00ed son os gobernos en minor\u00eda pactando \u00e1 dereita e \u00e1 esquerda.<\/p><\/blockquote>\n","protected":false},"excerpt":{"rendered":"<div class=\"mh-excerpt\"><p>Continuamos esta xeira de entrevistas sobre a situaci\u00f3n da emerxencia sanitaria no mundo, e hoxe falamos con Anxo. El \u00e9 un mozo de Vigo, que vive e traballa en Dinamarca <a class=\"mh-excerpt-more\" href=\"https:\/\/www.anovapeneira.gal\/index.php\/2020\/04\/20\/o-coronavirus-no-mundo-iii-dinamarca\/\" title=\"O coronavirus  no mundo  III: Dinamarca\">[&#8230;]<\/a><\/p>\n<\/div>","protected":false},"author":3,"featured_media":2952,"comment_status":"open","ping_status":"open","sticky":false,"template":"","format":"standard","meta":{"_exactmetrics_skip_tracking":false,"_exactmetrics_sitenote_active":false,"_exactmetrics_sitenote_note":"","_exactmetrics_sitenote_category":0,"footnotes":""},"categories":[19],"tags":[227,1030,1006],"class_list":{"0":"post-2951","1":"post","2":"type-post","3":"status-publish","4":"format-standard","5":"has-post-thumbnail","7":"category-vigo","8":"tag-concello-de-vigo","9":"tag-coronavirus-no-mundo","10":"tag-covid19"},"yoast_head":"<!-- This site is optimized with the Yoast SEO plugin v27.4 - https:\/\/yoast.com\/product\/yoast-seo-wordpress\/ -->\n<title>O coronavirus no mundo III: Dinamarca -<\/title>\n<meta name=\"robots\" content=\"index, follow, max-snippet:-1, max-image-preview:large, max-video-preview:-1\" \/>\n<link rel=\"canonical\" href=\"https:\/\/www.anovapeneira.gal\/index.php\/2020\/04\/20\/o-coronavirus-no-mundo-iii-dinamarca\/\" \/>\n<meta property=\"og:locale\" content=\"gl_ES\" \/>\n<meta property=\"og:type\" content=\"article\" \/>\n<meta property=\"og:title\" content=\"O coronavirus no mundo III: Dinamarca -\" \/>\n<meta property=\"og:description\" content=\"Continuamos esta xeira de entrevistas sobre a situaci\u00f3n da emerxencia sanitaria no mundo, e hoxe falamos con Anxo. El \u00e9 un mozo de Vigo, que vive e traballa en Dinamarca [...]\" \/>\n<meta property=\"og:url\" content=\"https:\/\/www.anovapeneira.gal\/index.php\/2020\/04\/20\/o-coronavirus-no-mundo-iii-dinamarca\/\" \/>\n<meta property=\"article:publisher\" content=\"https:\/\/www.facebook.com\/anovapeneira\" \/>\n<meta property=\"article:published_time\" content=\"2020-04-20T08:00:09+00:00\" \/>\n<meta property=\"og:image\" content=\"https:\/\/www.anovapeneira.gal\/wp-content\/uploads\/2020\/04\/anxo_lamela_a_nova_peneira.jpg\" \/>\n\t<meta property=\"og:image:width\" content=\"720\" \/>\n\t<meta property=\"og:image:height\" content=\"432\" \/>\n\t<meta property=\"og:image:type\" content=\"image\/jpeg\" \/>\n<meta name=\"author\" content=\"Redacci\u00f3n A Nova Peneira\" \/>\n<meta name=\"twitter:card\" content=\"summary_large_image\" \/>\n<meta name=\"twitter:creator\" content=\"@APeneira\" \/>\n<meta name=\"twitter:site\" content=\"@APeneira\" \/>\n<meta name=\"twitter:label1\" content=\"Escrito por\" \/>\n\t<meta name=\"twitter:data1\" content=\"Redacci\u00f3n A Nova Peneira\" \/>\n\t<meta name=\"twitter:label2\" content=\"Tempo de lectura\" \/>\n\t<meta name=\"twitter:data2\" content=\"6 minutos\" \/>\n<script type=\"application\/ld+json\" class=\"yoast-schema-graph\">{\"@context\":\"https:\\\/\\\/schema.org\",\"@graph\":[{\"@type\":\"Article\",\"@id\":\"https:\\\/\\\/www.anovapeneira.gal\\\/index.php\\\/2020\\\/04\\\/20\\\/o-coronavirus-no-mundo-iii-dinamarca\\\/#article\",\"isPartOf\":{\"@id\":\"https:\\\/\\\/www.anovapeneira.gal\\\/index.php\\\/2020\\\/04\\\/20\\\/o-coronavirus-no-mundo-iii-dinamarca\\\/\"},\"author\":{\"name\":\"Redacci\u00f3n A Nova Peneira\",\"@id\":\"https:\\\/\\\/www.anovapeneira.gal\\\/#\\\/schema\\\/person\\\/b93e3f8932e3f8da96334607eb6ac6aa\"},\"headline\":\"O coronavirus no mundo III: Dinamarca\",\"datePublished\":\"2020-04-20T08:00:09+00:00\",\"mainEntityOfPage\":{\"@id\":\"https:\\\/\\\/www.anovapeneira.gal\\\/index.php\\\/2020\\\/04\\\/20\\\/o-coronavirus-no-mundo-iii-dinamarca\\\/\"},\"wordCount\":1225,\"commentCount\":0,\"publisher\":{\"@id\":\"https:\\\/\\\/www.anovapeneira.gal\\\/#organization\"},\"image\":{\"@id\":\"https:\\\/\\\/www.anovapeneira.gal\\\/index.php\\\/2020\\\/04\\\/20\\\/o-coronavirus-no-mundo-iii-dinamarca\\\/#primaryimage\"},\"thumbnailUrl\":\"https:\\\/\\\/www.anovapeneira.gal\\\/wp-content\\\/uploads\\\/2020\\\/04\\\/anxo_lamela_a_nova_peneira.jpg\",\"keywords\":[\"Concello de Vigo\",\"coronavirus no mundo\",\"COVID19\"],\"articleSection\":[\"Vigo\"],\"inLanguage\":\"gl-ES\",\"potentialAction\":[{\"@type\":\"CommentAction\",\"name\":\"Comment\",\"target\":[\"https:\\\/\\\/www.anovapeneira.gal\\\/index.php\\\/2020\\\/04\\\/20\\\/o-coronavirus-no-mundo-iii-dinamarca\\\/#respond\"]}]},{\"@type\":\"WebPage\",\"@id\":\"https:\\\/\\\/www.anovapeneira.gal\\\/index.php\\\/2020\\\/04\\\/20\\\/o-coronavirus-no-mundo-iii-dinamarca\\\/\",\"url\":\"https:\\\/\\\/www.anovapeneira.gal\\\/index.php\\\/2020\\\/04\\\/20\\\/o-coronavirus-no-mundo-iii-dinamarca\\\/\",\"name\":\"O coronavirus no mundo III: Dinamarca -\",\"isPartOf\":{\"@id\":\"https:\\\/\\\/www.anovapeneira.gal\\\/#website\"},\"primaryImageOfPage\":{\"@id\":\"https:\\\/\\\/www.anovapeneira.gal\\\/index.php\\\/2020\\\/04\\\/20\\\/o-coronavirus-no-mundo-iii-dinamarca\\\/#primaryimage\"},\"image\":{\"@id\":\"https:\\\/\\\/www.anovapeneira.gal\\\/index.php\\\/2020\\\/04\\\/20\\\/o-coronavirus-no-mundo-iii-dinamarca\\\/#primaryimage\"},\"thumbnailUrl\":\"https:\\\/\\\/www.anovapeneira.gal\\\/wp-content\\\/uploads\\\/2020\\\/04\\\/anxo_lamela_a_nova_peneira.jpg\",\"datePublished\":\"2020-04-20T08:00:09+00:00\",\"breadcrumb\":{\"@id\":\"https:\\\/\\\/www.anovapeneira.gal\\\/index.php\\\/2020\\\/04\\\/20\\\/o-coronavirus-no-mundo-iii-dinamarca\\\/#breadcrumb\"},\"inLanguage\":\"gl-ES\",\"potentialAction\":[{\"@type\":\"ReadAction\",\"target\":[\"https:\\\/\\\/www.anovapeneira.gal\\\/index.php\\\/2020\\\/04\\\/20\\\/o-coronavirus-no-mundo-iii-dinamarca\\\/\"]}]},{\"@type\":\"ImageObject\",\"inLanguage\":\"gl-ES\",\"@id\":\"https:\\\/\\\/www.anovapeneira.gal\\\/index.php\\\/2020\\\/04\\\/20\\\/o-coronavirus-no-mundo-iii-dinamarca\\\/#primaryimage\",\"url\":\"https:\\\/\\\/www.anovapeneira.gal\\\/wp-content\\\/uploads\\\/2020\\\/04\\\/anxo_lamela_a_nova_peneira.jpg\",\"contentUrl\":\"https:\\\/\\\/www.anovapeneira.gal\\\/wp-content\\\/uploads\\\/2020\\\/04\\\/anxo_lamela_a_nova_peneira.jpg\",\"width\":720,\"height\":432,\"caption\":\"Anxo Lamela A Nova Peneira\"},{\"@type\":\"BreadcrumbList\",\"@id\":\"https:\\\/\\\/www.anovapeneira.gal\\\/index.php\\\/2020\\\/04\\\/20\\\/o-coronavirus-no-mundo-iii-dinamarca\\\/#breadcrumb\",\"itemListElement\":[{\"@type\":\"ListItem\",\"position\":1,\"name\":\"Portada\",\"item\":\"https:\\\/\\\/www.anovapeneira.gal\\\/\"},{\"@type\":\"ListItem\",\"position\":2,\"name\":\"O coronavirus no mundo III: Dinamarca\"}]},{\"@type\":\"WebSite\",\"@id\":\"https:\\\/\\\/www.anovapeneira.gal\\\/#website\",\"url\":\"https:\\\/\\\/www.anovapeneira.gal\\\/\",\"name\":\"\",\"description\":\"Xornal galego de informaci\u00f3n xeral Publicaci\u00f3n mensual de novas de Galicia e en especial dos Concellos da sur da provincia de Pontevedra.\",\"publisher\":{\"@id\":\"https:\\\/\\\/www.anovapeneira.gal\\\/#organization\"},\"potentialAction\":[{\"@type\":\"SearchAction\",\"target\":{\"@type\":\"EntryPoint\",\"urlTemplate\":\"https:\\\/\\\/www.anovapeneira.gal\\\/?s={search_term_string}\"},\"query-input\":{\"@type\":\"PropertyValueSpecification\",\"valueRequired\":true,\"valueName\":\"search_term_string\"}}],\"inLanguage\":\"gl-ES\"},{\"@type\":\"Organization\",\"@id\":\"https:\\\/\\\/www.anovapeneira.gal\\\/#organization\",\"name\":\"A Nova Peneira\",\"url\":\"https:\\\/\\\/www.anovapeneira.gal\\\/\",\"logo\":{\"@type\":\"ImageObject\",\"inLanguage\":\"gl-ES\",\"@id\":\"https:\\\/\\\/www.anovapeneira.gal\\\/#\\\/schema\\\/logo\\\/image\\\/\",\"url\":\"http:\\\/\\\/www.anovapeneira.gal\\\/wp-content\\\/uploads\\\/2019\\\/06\\\/logo_a_nova_peneira_portal_web.png\",\"contentUrl\":\"http:\\\/\\\/www.anovapeneira.gal\\\/wp-content\\\/uploads\\\/2019\\\/06\\\/logo_a_nova_peneira_portal_web.png\",\"width\":300,\"height\":100,\"caption\":\"A Nova Peneira\"},\"image\":{\"@id\":\"https:\\\/\\\/www.anovapeneira.gal\\\/#\\\/schema\\\/logo\\\/image\\\/\"},\"sameAs\":[\"https:\\\/\\\/www.facebook.com\\\/anovapeneira\",\"https:\\\/\\\/x.com\\\/APeneira\"]},{\"@type\":\"Person\",\"@id\":\"https:\\\/\\\/www.anovapeneira.gal\\\/#\\\/schema\\\/person\\\/b93e3f8932e3f8da96334607eb6ac6aa\",\"name\":\"Redacci\u00f3n A Nova Peneira\",\"image\":{\"@type\":\"ImageObject\",\"inLanguage\":\"gl-ES\",\"@id\":\"https:\\\/\\\/secure.gravatar.com\\\/avatar\\\/c052a2551a06e23fac63626232eaa90abd78dbcf1700fc46a2b2c89fd27b735f?s=96&d=mm&r=g\",\"url\":\"https:\\\/\\\/secure.gravatar.com\\\/avatar\\\/c052a2551a06e23fac63626232eaa90abd78dbcf1700fc46a2b2c89fd27b735f?s=96&d=mm&r=g\",\"contentUrl\":\"https:\\\/\\\/secure.gravatar.com\\\/avatar\\\/c052a2551a06e23fac63626232eaa90abd78dbcf1700fc46a2b2c89fd27b735f?s=96&d=mm&r=g\",\"caption\":\"Redacci\u00f3n A Nova Peneira\"},\"sameAs\":[\"http:\\\/\\\/www.anovapeneira.gal\\\/\"],\"url\":\"https:\\\/\\\/www.anovapeneira.gal\\\/index.php\\\/author\\\/redactor\\\/\"}]}<\/script>\n<!-- \/ Yoast SEO plugin. -->","yoast_head_json":{"title":"O coronavirus no mundo III: Dinamarca -","robots":{"index":"index","follow":"follow","max-snippet":"max-snippet:-1","max-image-preview":"max-image-preview:large","max-video-preview":"max-video-preview:-1"},"canonical":"https:\/\/www.anovapeneira.gal\/index.php\/2020\/04\/20\/o-coronavirus-no-mundo-iii-dinamarca\/","og_locale":"gl_ES","og_type":"article","og_title":"O coronavirus no mundo III: Dinamarca -","og_description":"Continuamos esta xeira de entrevistas sobre a situaci\u00f3n da emerxencia sanitaria no mundo, e hoxe falamos con Anxo. El \u00e9 un mozo de Vigo, que vive e traballa en Dinamarca [...]","og_url":"https:\/\/www.anovapeneira.gal\/index.php\/2020\/04\/20\/o-coronavirus-no-mundo-iii-dinamarca\/","article_publisher":"https:\/\/www.facebook.com\/anovapeneira","article_published_time":"2020-04-20T08:00:09+00:00","og_image":[{"width":720,"height":432,"url":"https:\/\/www.anovapeneira.gal\/wp-content\/uploads\/2020\/04\/anxo_lamela_a_nova_peneira.jpg","type":"image\/jpeg"}],"author":"Redacci\u00f3n A Nova Peneira","twitter_card":"summary_large_image","twitter_creator":"@APeneira","twitter_site":"@APeneira","twitter_misc":{"Escrito por":"Redacci\u00f3n A Nova Peneira","Tempo de lectura":"6 minutos"},"schema":{"@context":"https:\/\/schema.org","@graph":[{"@type":"Article","@id":"https:\/\/www.anovapeneira.gal\/index.php\/2020\/04\/20\/o-coronavirus-no-mundo-iii-dinamarca\/#article","isPartOf":{"@id":"https:\/\/www.anovapeneira.gal\/index.php\/2020\/04\/20\/o-coronavirus-no-mundo-iii-dinamarca\/"},"author":{"name":"Redacci\u00f3n A Nova Peneira","@id":"https:\/\/www.anovapeneira.gal\/#\/schema\/person\/b93e3f8932e3f8da96334607eb6ac6aa"},"headline":"O coronavirus no mundo III: Dinamarca","datePublished":"2020-04-20T08:00:09+00:00","mainEntityOfPage":{"@id":"https:\/\/www.anovapeneira.gal\/index.php\/2020\/04\/20\/o-coronavirus-no-mundo-iii-dinamarca\/"},"wordCount":1225,"commentCount":0,"publisher":{"@id":"https:\/\/www.anovapeneira.gal\/#organization"},"image":{"@id":"https:\/\/www.anovapeneira.gal\/index.php\/2020\/04\/20\/o-coronavirus-no-mundo-iii-dinamarca\/#primaryimage"},"thumbnailUrl":"https:\/\/www.anovapeneira.gal\/wp-content\/uploads\/2020\/04\/anxo_lamela_a_nova_peneira.jpg","keywords":["Concello de Vigo","coronavirus no mundo","COVID19"],"articleSection":["Vigo"],"inLanguage":"gl-ES","potentialAction":[{"@type":"CommentAction","name":"Comment","target":["https:\/\/www.anovapeneira.gal\/index.php\/2020\/04\/20\/o-coronavirus-no-mundo-iii-dinamarca\/#respond"]}]},{"@type":"WebPage","@id":"https:\/\/www.anovapeneira.gal\/index.php\/2020\/04\/20\/o-coronavirus-no-mundo-iii-dinamarca\/","url":"https:\/\/www.anovapeneira.gal\/index.php\/2020\/04\/20\/o-coronavirus-no-mundo-iii-dinamarca\/","name":"O coronavirus no mundo III: Dinamarca -","isPartOf":{"@id":"https:\/\/www.anovapeneira.gal\/#website"},"primaryImageOfPage":{"@id":"https:\/\/www.anovapeneira.gal\/index.php\/2020\/04\/20\/o-coronavirus-no-mundo-iii-dinamarca\/#primaryimage"},"image":{"@id":"https:\/\/www.anovapeneira.gal\/index.php\/2020\/04\/20\/o-coronavirus-no-mundo-iii-dinamarca\/#primaryimage"},"thumbnailUrl":"https:\/\/www.anovapeneira.gal\/wp-content\/uploads\/2020\/04\/anxo_lamela_a_nova_peneira.jpg","datePublished":"2020-04-20T08:00:09+00:00","breadcrumb":{"@id":"https:\/\/www.anovapeneira.gal\/index.php\/2020\/04\/20\/o-coronavirus-no-mundo-iii-dinamarca\/#breadcrumb"},"inLanguage":"gl-ES","potentialAction":[{"@type":"ReadAction","target":["https:\/\/www.anovapeneira.gal\/index.php\/2020\/04\/20\/o-coronavirus-no-mundo-iii-dinamarca\/"]}]},{"@type":"ImageObject","inLanguage":"gl-ES","@id":"https:\/\/www.anovapeneira.gal\/index.php\/2020\/04\/20\/o-coronavirus-no-mundo-iii-dinamarca\/#primaryimage","url":"https:\/\/www.anovapeneira.gal\/wp-content\/uploads\/2020\/04\/anxo_lamela_a_nova_peneira.jpg","contentUrl":"https:\/\/www.anovapeneira.gal\/wp-content\/uploads\/2020\/04\/anxo_lamela_a_nova_peneira.jpg","width":720,"height":432,"caption":"Anxo Lamela A Nova Peneira"},{"@type":"BreadcrumbList","@id":"https:\/\/www.anovapeneira.gal\/index.php\/2020\/04\/20\/o-coronavirus-no-mundo-iii-dinamarca\/#breadcrumb","itemListElement":[{"@type":"ListItem","position":1,"name":"Portada","item":"https:\/\/www.anovapeneira.gal\/"},{"@type":"ListItem","position":2,"name":"O coronavirus no mundo III: Dinamarca"}]},{"@type":"WebSite","@id":"https:\/\/www.anovapeneira.gal\/#website","url":"https:\/\/www.anovapeneira.gal\/","name":"","description":"Xornal galego de informaci\u00f3n xeral Publicaci\u00f3n mensual de novas de Galicia e en especial dos Concellos da sur da provincia de Pontevedra.","publisher":{"@id":"https:\/\/www.anovapeneira.gal\/#organization"},"potentialAction":[{"@type":"SearchAction","target":{"@type":"EntryPoint","urlTemplate":"https:\/\/www.anovapeneira.gal\/?s={search_term_string}"},"query-input":{"@type":"PropertyValueSpecification","valueRequired":true,"valueName":"search_term_string"}}],"inLanguage":"gl-ES"},{"@type":"Organization","@id":"https:\/\/www.anovapeneira.gal\/#organization","name":"A Nova Peneira","url":"https:\/\/www.anovapeneira.gal\/","logo":{"@type":"ImageObject","inLanguage":"gl-ES","@id":"https:\/\/www.anovapeneira.gal\/#\/schema\/logo\/image\/","url":"http:\/\/www.anovapeneira.gal\/wp-content\/uploads\/2019\/06\/logo_a_nova_peneira_portal_web.png","contentUrl":"http:\/\/www.anovapeneira.gal\/wp-content\/uploads\/2019\/06\/logo_a_nova_peneira_portal_web.png","width":300,"height":100,"caption":"A Nova Peneira"},"image":{"@id":"https:\/\/www.anovapeneira.gal\/#\/schema\/logo\/image\/"},"sameAs":["https:\/\/www.facebook.com\/anovapeneira","https:\/\/x.com\/APeneira"]},{"@type":"Person","@id":"https:\/\/www.anovapeneira.gal\/#\/schema\/person\/b93e3f8932e3f8da96334607eb6ac6aa","name":"Redacci\u00f3n A Nova Peneira","image":{"@type":"ImageObject","inLanguage":"gl-ES","@id":"https:\/\/secure.gravatar.com\/avatar\/c052a2551a06e23fac63626232eaa90abd78dbcf1700fc46a2b2c89fd27b735f?s=96&d=mm&r=g","url":"https:\/\/secure.gravatar.com\/avatar\/c052a2551a06e23fac63626232eaa90abd78dbcf1700fc46a2b2c89fd27b735f?s=96&d=mm&r=g","contentUrl":"https:\/\/secure.gravatar.com\/avatar\/c052a2551a06e23fac63626232eaa90abd78dbcf1700fc46a2b2c89fd27b735f?s=96&d=mm&r=g","caption":"Redacci\u00f3n A Nova Peneira"},"sameAs":["http:\/\/www.anovapeneira.gal\/"],"url":"https:\/\/www.anovapeneira.gal\/index.php\/author\/redactor\/"}]}},"jetpack_featured_media_url":"https:\/\/www.anovapeneira.gal\/wp-content\/uploads\/2020\/04\/anxo_lamela_a_nova_peneira.jpg","_links":{"self":[{"href":"https:\/\/www.anovapeneira.gal\/index.php\/wp-json\/wp\/v2\/posts\/2951","targetHints":{"allow":["GET"]}}],"collection":[{"href":"https:\/\/www.anovapeneira.gal\/index.php\/wp-json\/wp\/v2\/posts"}],"about":[{"href":"https:\/\/www.anovapeneira.gal\/index.php\/wp-json\/wp\/v2\/types\/post"}],"author":[{"embeddable":true,"href":"https:\/\/www.anovapeneira.gal\/index.php\/wp-json\/wp\/v2\/users\/3"}],"replies":[{"embeddable":true,"href":"https:\/\/www.anovapeneira.gal\/index.php\/wp-json\/wp\/v2\/comments?post=2951"}],"version-history":[{"count":1,"href":"https:\/\/www.anovapeneira.gal\/index.php\/wp-json\/wp\/v2\/posts\/2951\/revisions"}],"predecessor-version":[{"id":2953,"href":"https:\/\/www.anovapeneira.gal\/index.php\/wp-json\/wp\/v2\/posts\/2951\/revisions\/2953"}],"wp:featuredmedia":[{"embeddable":true,"href":"https:\/\/www.anovapeneira.gal\/index.php\/wp-json\/wp\/v2\/media\/2952"}],"wp:attachment":[{"href":"https:\/\/www.anovapeneira.gal\/index.php\/wp-json\/wp\/v2\/media?parent=2951"}],"wp:term":[{"taxonomy":"category","embeddable":true,"href":"https:\/\/www.anovapeneira.gal\/index.php\/wp-json\/wp\/v2\/categories?post=2951"},{"taxonomy":"post_tag","embeddable":true,"href":"https:\/\/www.anovapeneira.gal\/index.php\/wp-json\/wp\/v2\/tags?post=2951"}],"curies":[{"name":"wp","href":"https:\/\/api.w.org\/{rel}","templated":true}]}}