{"id":2959,"date":"2020-04-21T10:00:51","date_gmt":"2020-04-21T08:00:51","guid":{"rendered":"http:\/\/www.anovapeneira.gal\/?p=2959"},"modified":"2020-04-20T09:32:25","modified_gmt":"2020-04-20T07:32:25","slug":"o-coronavirus-no-mundo-iv-eeuu","status":"publish","type":"post","link":"https:\/\/www.anovapeneira.gal\/index.php\/2020\/04\/21\/o-coronavirus-no-mundo-iv-eeuu\/","title":{"rendered":"O coronavirus no mundo IV EEUU"},"content":{"rendered":"\n<p><strong>Koki \u00e9 un grande e antigo, que non vello, amigo da nosa casa. Emigrante galego durante 30 anos nos Estados Unidos. Na actualidade reparte a s\u00faa vida entre A Guarda, a vila que o viu nacer, e Nova York, a cidade na que tanto tempo viviu. Falamos con el para co\u00f1ecer como est\u00e1 a situaci\u00f3n sanitaria no pa\u00eds que ten un n\u00famero de infectados por coronavirus e de persoas falecidas por mor desa infecci\u00f3n m\u00e1is elevado de mundo<\/strong><\/p>\n\n\n\n<p><strong>KOKI, CORRESPONDENTE DE A NOVA PENEIRA EN NOVA YORK<\/strong><\/p>\n\n\n\n<p>\u201c&nbsp;<strong>ANTES DE PODER VOLVER A GALICIA, ESCOITABAMOS CADA NOITE O SON CONTINUO DAS AMBULANCIAS,E A SENSACI\u00d3N ERA TRIST\u00cdSIMA\u201d<\/strong><\/p>\n\n\n\n<p><strong>Cantos meses ao ano pasas en EEUU?<\/strong><\/p>\n\n\n\n<blockquote class=\"wp-block-quote is-layout-flow wp-block-quote-is-layout-flow\"><p>Desde hai catro anos paso soamente 3 meses.<\/p><\/blockquote>\n\n\n\n<p><strong>Pero ti viviches a tempo completo nese pa\u00eds; non?<\/strong><\/p>\n\n\n\n<blockquote class=\"wp-block-quote is-layout-flow wp-block-quote-is-layout-flow\"><p>E tanto que si, viv\u00edn 30 anos al\u00ed, eu son un emigrante e fun al\u00ed a traballar, e agora te\u00f1o a vida organizada de maneira que podo estar 9 meses na Guarda e 3 nos Estados Unidos.<\/p><\/blockquote>\n\n\n\n<p><strong>Cando volviches de EEUU?<\/strong><\/p>\n\n\n\n<blockquote class=\"wp-block-quote is-layout-flow wp-block-quote-is-layout-flow\"><p>Estiven al\u00ed o primeiro trimestre do ano.<\/p><\/blockquote>\n\n\n\n<p><strong>Lembras que d\u00eda volviches?<\/strong><\/p>\n\n\n\n<blockquote class=\"wp-block-quote is-layout-flow wp-block-quote-is-layout-flow\"><p>Na primeira semana de abril, nun dos \u00faltimos voos que permitiron. E n\u00f3s antes de vir, todas as noites a todas horas senti\u00e1molo son das sereas das ambulancias e a verdade era estarrecedor.<\/p><\/blockquote>\n\n\n\n<p><strong>A cidade dos EEUU na que resides \u00e9 Nova York, al\u00ed hab\u00eda confinamento m\u00e1is ou menos como o hai aqu\u00ed?<\/strong><\/p>\n\n\n\n<blockquote class=\"wp-block-quote is-layout-flow wp-block-quote-is-layout-flow\"><p>Cando nos vi\u00f1emos non, e creo que a\u00ednda hoxe tampouco o hai. Aconsellan as medidas de protecci\u00f3n como as mascari\u00f1as e o distanciamento social, pero prohibici\u00f3n de movementos, non.<\/p><\/blockquote>\n\n\n\n<p><strong>Nova York div\u00eddese en catro condados, a divisi\u00f3n \u00e9 meramente xeogr\u00e1fica ou existen diferencias socioecon\u00f3micas entre eles?<\/strong><\/p>\n\n\n\n<blockquote class=\"wp-block-quote is-layout-flow wp-block-quote-is-layout-flow\"><p>Si que existen importantes diferencias socioecon\u00f3micas entre eles.<\/p><\/blockquote>\n\n\n\n<p><strong>A penetraci\u00f3n do virus \u00e9 igual de intensa nos catro condados?<\/strong><\/p>\n\n\n\n<blockquote class=\"wp-block-quote is-layout-flow wp-block-quote-is-layout-flow\"><p>Coido que en Brooklin e en Queens \u00e9 onde est\u00e1n a sufrir un nivel de virulencia v\u00edrica m\u00e1is intensa.<\/p><\/blockquote>\n\n\n\n<p><strong>Cando volviches a principios de abril cal era a situaci\u00f3n sanitaria?<\/strong><\/p>\n\n\n\n<blockquote class=\"wp-block-quote is-layout-flow wp-block-quote-is-layout-flow\"><p>Estaban comezando os problemas serios, e xa se escoitaban as recomendaci\u00f3ns insistentes das autoridades sanitarias de manter medidas de distanciamento social, de extremar as precauci\u00f3ns e de lavar as mans con moita frecuencia.<\/p><\/blockquote>\n\n\n\n<p><strong>E a sociedade, nese momento, e falando en termos xerais claro, tomouno coa seriedade debida?<\/strong><\/p>\n\n\n\n<blockquote class=\"wp-block-quote is-layout-flow wp-block-quote-is-layout-flow\"><p>Eu penso que non, creo que ao igual ca na maior\u00eda dos pa\u00edses do mundo inicialmente non se lle deu a importancia que ti\u00f1a e as instruci\u00f3ns das autoridades sanitarias non se seguiron co rigor necesario.<\/p><\/blockquote>\n\n\n\n<p><strong>Supo\u00f1o que manter\u00e1s contacto cos amigos que tes en Nova York?<\/strong><\/p>\n\n\n\n<blockquote class=\"wp-block-quote is-layout-flow wp-block-quote-is-layout-flow\"><p>Si claro, e todo o mundo est\u00e1 con moito medo.<\/p><\/blockquote>\n\n\n\n<p><strong>EEUU \u00e9 xa o primeiro pais do mundo tanto en n\u00famero de persoas infectadas como en n\u00famero de persoas falecidas. O sistema sanitario de EEUU \u00e9 tan malo como parece?<\/strong><\/p>\n\n\n\n<blockquote class=\"wp-block-quote is-layout-flow wp-block-quote-is-layout-flow\"><p>Ben, en relaci\u00f3n a este tema a maior parte da xente fala sen ter co\u00f1ecemento de como \u00e9 en realidade o seu sistema sanitario. En EEEUU a clase que ten m\u00e1is problemas co sistema de sa\u00fade \u00e9 a clase media. Se ti tes ingresos e unha vivenda e non tes un seguro, e precisas ir a un hospital, est\u00e1s perdido porque un d\u00eda de atenci\u00f3n hospitalaria pode supor unha factura de 2.000$<\/p><\/blockquote>\n\n\n\n<p><strong>E se non tes seguro, nin esa cantidade econ\u00f3mica non recibes atenci\u00f3n hospitalaria malia que a necesites?<\/strong><\/p>\n\n\n\n<blockquote class=\"wp-block-quote is-layout-flow wp-block-quote-is-layout-flow\"><p>Si, pero a d\u00e9beda qu\u00e9dache e p\u00f3dencho sacar incluso do salario.<\/p><\/blockquote>\n\n\n\n<p><strong>Esta situaci\u00f3n sucede se tes ingresos, e se non os tes?<\/strong><\/p>\n\n\n\n<blockquote class=\"wp-block-quote is-layout-flow wp-block-quote-is-layout-flow\"><p>Tes outro tipo de problemas claro, pero sanitarios non, porque se non tes nada at\u00e9ndenche de balde e sen necesidade de ter seguro. Hai unha especie de carta sanitaria que lle dan \u00e1s persoas sen recursos ou que os te\u00f1an moi baixos.<\/p><\/blockquote>\n\n\n\n<p><strong>Como se determina se tes dereito a esa carta sanitaria que che facilita a asistencia gratu\u00edta?<\/strong><\/p>\n\n\n\n<blockquote class=\"wp-block-quote is-layout-flow wp-block-quote-is-layout-flow\"><p>Hai un baremo de ingresos anuais m\u00ednimos a partir do cal xa non podes acceder a ela.<\/p><\/blockquote>\n\n\n\n<p><strong>C\u00f3ntanos en que consist\u00eda a famosa reforma sanitaria que pretend\u00eda facer Obama no seu mandato?<\/strong><\/p>\n\n\n\n<blockquote class=\"wp-block-quote is-layout-flow wp-block-quote-is-layout-flow\"><p>Obama o que pretendeu era que todo o mundo puidese ter acceso a un seguro m\u00e9dico, e que o seu coste estivera determinado en funci\u00f3n dos ingresos de cada usuario. Iso foi o que el implantou, que logo cando chegou o actual presidente eliminou. Creo que nesta situaci\u00f3n influ\u00edu moito a campa\u00f1a de desinformaci\u00f3n masiva, que fixeron as compa\u00f1\u00edas aseguradoras, que levou \u00e1 confusi\u00f3n de moita xente que incluso sendo directamente beneficiadas falaban mal da reforma sanitaria que fixo Obama.<\/p><\/blockquote>\n\n\n\n<p><strong>E cando chegou Trump?<\/strong><\/p>\n\n\n\n<blockquote class=\"wp-block-quote is-layout-flow wp-block-quote-is-layout-flow\"><p>Pois o mercado libre, se queres un seguro con X coberturas ter\u00e1s que pagar X pola p\u00f3liza, e se queres o seguro con coberturas X+1 pois ter\u00e1s que pagar X+1.Se podes pagalo ben, e se non podes o problema \u00e9 teu. Pero claro xa ves que cando comezou a epidemia a actitude do presidente actual foi absolutamente neglixente, quit\u00e1ndolle a importancia a un problema desta enorme dimensi\u00f3n. O problema \u00e9 que un home como ese ten un poder inmenso.<\/p><\/blockquote>\n\n\n\n<p><strong>Este ano son as presidenciais, non?<\/strong><\/p>\n\n\n\n<blockquote class=\"wp-block-quote is-layout-flow wp-block-quote-is-layout-flow\"><p>Si, en novembro.<\/p><\/blockquote>\n\n\n\n<p><strong>O candidato dem\u00f3crata vai ser Biden?<\/strong><\/p>\n\n\n\n<blockquote class=\"wp-block-quote is-layout-flow wp-block-quote-is-layout-flow\"><p>Eu penso que si, porque Sanders xa se retirou.<\/p><\/blockquote>\n\n\n\n<p><strong>E a Biden velo con posibilidades de ga\u00f1arlle a Trump<\/strong>?<\/p>\n\n\n\n<blockquote class=\"wp-block-quote is-layout-flow wp-block-quote-is-layout-flow\"><p>Moitas non a verdade.<\/p><\/blockquote>\n","protected":false},"excerpt":{"rendered":"<div class=\"mh-excerpt\"><p>Koki \u00e9 un grande e antigo, que non vello, amigo da nosa casa. Emigrante galego durante 30 anos nos Estados Unidos <a class=\"mh-excerpt-more\" href=\"https:\/\/www.anovapeneira.gal\/index.php\/2020\/04\/21\/o-coronavirus-no-mundo-iv-eeuu\/\" title=\"O coronavirus no mundo IV EEUU\">[&#8230;]<\/a><\/p>\n<\/div>","protected":false},"author":3,"featured_media":2961,"comment_status":"open","ping_status":"open","sticky":false,"template":"","format":"standard","meta":{"_exactmetrics_skip_tracking":false,"_exactmetrics_sitenote_active":false,"_exactmetrics_sitenote_note":"","_exactmetrics_sitenote_category":0,"footnotes":""},"categories":[266],"tags":[238,1030,1006],"class_list":{"0":"post-2959","1":"post","2":"type-post","3":"status-publish","4":"format-standard","5":"has-post-thumbnail","7":"category-baixo-mino-entrevistas","8":"tag-concello-da-guarda","9":"tag-coronavirus-no-mundo","10":"tag-covid19"},"yoast_head":"<!-- This site is optimized with the Yoast SEO plugin v27.4 - https:\/\/yoast.com\/product\/yoast-seo-wordpress\/ -->\n<title>O coronavirus no mundo IV EEUU -<\/title>\n<meta name=\"robots\" content=\"index, follow, max-snippet:-1, max-image-preview:large, max-video-preview:-1\" \/>\n<link rel=\"canonical\" href=\"https:\/\/www.anovapeneira.gal\/index.php\/2020\/04\/21\/o-coronavirus-no-mundo-iv-eeuu\/\" \/>\n<meta property=\"og:locale\" content=\"gl_ES\" \/>\n<meta property=\"og:type\" content=\"article\" \/>\n<meta property=\"og:title\" content=\"O coronavirus no mundo IV EEUU -\" \/>\n<meta property=\"og:description\" content=\"Koki \u00e9 un grande e antigo, que non vello, amigo da nosa casa. Emigrante galego durante 30 anos nos Estados Unidos [...]\" \/>\n<meta property=\"og:url\" content=\"https:\/\/www.anovapeneira.gal\/index.php\/2020\/04\/21\/o-coronavirus-no-mundo-iv-eeuu\/\" \/>\n<meta property=\"article:publisher\" content=\"https:\/\/www.facebook.com\/anovapeneira\" \/>\n<meta property=\"article:published_time\" content=\"2020-04-21T08:00:51+00:00\" \/>\n<meta property=\"og:image\" content=\"https:\/\/www.anovapeneira.gal\/wp-content\/uploads\/2020\/04\/francisco_alvarez_koki_a_nova_peneira.jpg\" \/>\n\t<meta property=\"og:image:width\" content=\"720\" \/>\n\t<meta property=\"og:image:height\" content=\"432\" \/>\n\t<meta property=\"og:image:type\" content=\"image\/jpeg\" \/>\n<meta name=\"author\" content=\"Redacci\u00f3n A Nova Peneira\" \/>\n<meta name=\"twitter:card\" content=\"summary_large_image\" \/>\n<meta name=\"twitter:creator\" content=\"@APeneira\" \/>\n<meta name=\"twitter:site\" content=\"@APeneira\" \/>\n<meta name=\"twitter:label1\" content=\"Escrito por\" \/>\n\t<meta name=\"twitter:data1\" content=\"Redacci\u00f3n A Nova Peneira\" \/>\n\t<meta name=\"twitter:label2\" content=\"Tempo de lectura\" \/>\n\t<meta name=\"twitter:data2\" content=\"5 minutos\" \/>\n<script type=\"application\/ld+json\" class=\"yoast-schema-graph\">{\"@context\":\"https:\\\/\\\/schema.org\",\"@graph\":[{\"@type\":\"Article\",\"@id\":\"https:\\\/\\\/www.anovapeneira.gal\\\/index.php\\\/2020\\\/04\\\/21\\\/o-coronavirus-no-mundo-iv-eeuu\\\/#article\",\"isPartOf\":{\"@id\":\"https:\\\/\\\/www.anovapeneira.gal\\\/index.php\\\/2020\\\/04\\\/21\\\/o-coronavirus-no-mundo-iv-eeuu\\\/\"},\"author\":{\"name\":\"Redacci\u00f3n A Nova Peneira\",\"@id\":\"https:\\\/\\\/www.anovapeneira.gal\\\/#\\\/schema\\\/person\\\/b93e3f8932e3f8da96334607eb6ac6aa\"},\"headline\":\"O coronavirus no mundo IV EEUU\",\"datePublished\":\"2020-04-21T08:00:51+00:00\",\"mainEntityOfPage\":{\"@id\":\"https:\\\/\\\/www.anovapeneira.gal\\\/index.php\\\/2020\\\/04\\\/21\\\/o-coronavirus-no-mundo-iv-eeuu\\\/\"},\"wordCount\":934,\"commentCount\":0,\"publisher\":{\"@id\":\"https:\\\/\\\/www.anovapeneira.gal\\\/#organization\"},\"image\":{\"@id\":\"https:\\\/\\\/www.anovapeneira.gal\\\/index.php\\\/2020\\\/04\\\/21\\\/o-coronavirus-no-mundo-iv-eeuu\\\/#primaryimage\"},\"thumbnailUrl\":\"https:\\\/\\\/www.anovapeneira.gal\\\/wp-content\\\/uploads\\\/2020\\\/04\\\/francisco_alvarez_koki_a_nova_peneira.jpg\",\"keywords\":[\"Concello da Guarda\",\"coronavirus no mundo\",\"COVID19\"],\"articleSection\":[\"Baixo Mi\u00f1o\"],\"inLanguage\":\"gl-ES\",\"potentialAction\":[{\"@type\":\"CommentAction\",\"name\":\"Comment\",\"target\":[\"https:\\\/\\\/www.anovapeneira.gal\\\/index.php\\\/2020\\\/04\\\/21\\\/o-coronavirus-no-mundo-iv-eeuu\\\/#respond\"]}]},{\"@type\":\"WebPage\",\"@id\":\"https:\\\/\\\/www.anovapeneira.gal\\\/index.php\\\/2020\\\/04\\\/21\\\/o-coronavirus-no-mundo-iv-eeuu\\\/\",\"url\":\"https:\\\/\\\/www.anovapeneira.gal\\\/index.php\\\/2020\\\/04\\\/21\\\/o-coronavirus-no-mundo-iv-eeuu\\\/\",\"name\":\"O coronavirus no mundo IV EEUU -\",\"isPartOf\":{\"@id\":\"https:\\\/\\\/www.anovapeneira.gal\\\/#website\"},\"primaryImageOfPage\":{\"@id\":\"https:\\\/\\\/www.anovapeneira.gal\\\/index.php\\\/2020\\\/04\\\/21\\\/o-coronavirus-no-mundo-iv-eeuu\\\/#primaryimage\"},\"image\":{\"@id\":\"https:\\\/\\\/www.anovapeneira.gal\\\/index.php\\\/2020\\\/04\\\/21\\\/o-coronavirus-no-mundo-iv-eeuu\\\/#primaryimage\"},\"thumbnailUrl\":\"https:\\\/\\\/www.anovapeneira.gal\\\/wp-content\\\/uploads\\\/2020\\\/04\\\/francisco_alvarez_koki_a_nova_peneira.jpg\",\"datePublished\":\"2020-04-21T08:00:51+00:00\",\"breadcrumb\":{\"@id\":\"https:\\\/\\\/www.anovapeneira.gal\\\/index.php\\\/2020\\\/04\\\/21\\\/o-coronavirus-no-mundo-iv-eeuu\\\/#breadcrumb\"},\"inLanguage\":\"gl-ES\",\"potentialAction\":[{\"@type\":\"ReadAction\",\"target\":[\"https:\\\/\\\/www.anovapeneira.gal\\\/index.php\\\/2020\\\/04\\\/21\\\/o-coronavirus-no-mundo-iv-eeuu\\\/\"]}]},{\"@type\":\"ImageObject\",\"inLanguage\":\"gl-ES\",\"@id\":\"https:\\\/\\\/www.anovapeneira.gal\\\/index.php\\\/2020\\\/04\\\/21\\\/o-coronavirus-no-mundo-iv-eeuu\\\/#primaryimage\",\"url\":\"https:\\\/\\\/www.anovapeneira.gal\\\/wp-content\\\/uploads\\\/2020\\\/04\\\/francisco_alvarez_koki_a_nova_peneira.jpg\",\"contentUrl\":\"https:\\\/\\\/www.anovapeneira.gal\\\/wp-content\\\/uploads\\\/2020\\\/04\\\/francisco_alvarez_koki_a_nova_peneira.jpg\",\"width\":720,\"height\":432,\"caption\":\"Koki. Correspondente de A Nova Peneira en EEUU\"},{\"@type\":\"BreadcrumbList\",\"@id\":\"https:\\\/\\\/www.anovapeneira.gal\\\/index.php\\\/2020\\\/04\\\/21\\\/o-coronavirus-no-mundo-iv-eeuu\\\/#breadcrumb\",\"itemListElement\":[{\"@type\":\"ListItem\",\"position\":1,\"name\":\"Portada\",\"item\":\"https:\\\/\\\/www.anovapeneira.gal\\\/\"},{\"@type\":\"ListItem\",\"position\":2,\"name\":\"O coronavirus no mundo IV EEUU\"}]},{\"@type\":\"WebSite\",\"@id\":\"https:\\\/\\\/www.anovapeneira.gal\\\/#website\",\"url\":\"https:\\\/\\\/www.anovapeneira.gal\\\/\",\"name\":\"\",\"description\":\"Xornal galego de informaci\u00f3n xeral Publicaci\u00f3n mensual de novas de Galicia e en especial dos Concellos da sur da provincia de Pontevedra.\",\"publisher\":{\"@id\":\"https:\\\/\\\/www.anovapeneira.gal\\\/#organization\"},\"potentialAction\":[{\"@type\":\"SearchAction\",\"target\":{\"@type\":\"EntryPoint\",\"urlTemplate\":\"https:\\\/\\\/www.anovapeneira.gal\\\/?s={search_term_string}\"},\"query-input\":{\"@type\":\"PropertyValueSpecification\",\"valueRequired\":true,\"valueName\":\"search_term_string\"}}],\"inLanguage\":\"gl-ES\"},{\"@type\":\"Organization\",\"@id\":\"https:\\\/\\\/www.anovapeneira.gal\\\/#organization\",\"name\":\"A Nova Peneira\",\"url\":\"https:\\\/\\\/www.anovapeneira.gal\\\/\",\"logo\":{\"@type\":\"ImageObject\",\"inLanguage\":\"gl-ES\",\"@id\":\"https:\\\/\\\/www.anovapeneira.gal\\\/#\\\/schema\\\/logo\\\/image\\\/\",\"url\":\"http:\\\/\\\/www.anovapeneira.gal\\\/wp-content\\\/uploads\\\/2019\\\/06\\\/logo_a_nova_peneira_portal_web.png\",\"contentUrl\":\"http:\\\/\\\/www.anovapeneira.gal\\\/wp-content\\\/uploads\\\/2019\\\/06\\\/logo_a_nova_peneira_portal_web.png\",\"width\":300,\"height\":100,\"caption\":\"A Nova Peneira\"},\"image\":{\"@id\":\"https:\\\/\\\/www.anovapeneira.gal\\\/#\\\/schema\\\/logo\\\/image\\\/\"},\"sameAs\":[\"https:\\\/\\\/www.facebook.com\\\/anovapeneira\",\"https:\\\/\\\/x.com\\\/APeneira\"]},{\"@type\":\"Person\",\"@id\":\"https:\\\/\\\/www.anovapeneira.gal\\\/#\\\/schema\\\/person\\\/b93e3f8932e3f8da96334607eb6ac6aa\",\"name\":\"Redacci\u00f3n A Nova Peneira\",\"image\":{\"@type\":\"ImageObject\",\"inLanguage\":\"gl-ES\",\"@id\":\"https:\\\/\\\/secure.gravatar.com\\\/avatar\\\/c052a2551a06e23fac63626232eaa90abd78dbcf1700fc46a2b2c89fd27b735f?s=96&d=mm&r=g\",\"url\":\"https:\\\/\\\/secure.gravatar.com\\\/avatar\\\/c052a2551a06e23fac63626232eaa90abd78dbcf1700fc46a2b2c89fd27b735f?s=96&d=mm&r=g\",\"contentUrl\":\"https:\\\/\\\/secure.gravatar.com\\\/avatar\\\/c052a2551a06e23fac63626232eaa90abd78dbcf1700fc46a2b2c89fd27b735f?s=96&d=mm&r=g\",\"caption\":\"Redacci\u00f3n A Nova Peneira\"},\"sameAs\":[\"http:\\\/\\\/www.anovapeneira.gal\\\/\"],\"url\":\"https:\\\/\\\/www.anovapeneira.gal\\\/index.php\\\/author\\\/redactor\\\/\"}]}<\/script>\n<!-- \/ Yoast SEO plugin. -->","yoast_head_json":{"title":"O coronavirus no mundo IV EEUU -","robots":{"index":"index","follow":"follow","max-snippet":"max-snippet:-1","max-image-preview":"max-image-preview:large","max-video-preview":"max-video-preview:-1"},"canonical":"https:\/\/www.anovapeneira.gal\/index.php\/2020\/04\/21\/o-coronavirus-no-mundo-iv-eeuu\/","og_locale":"gl_ES","og_type":"article","og_title":"O coronavirus no mundo IV EEUU -","og_description":"Koki \u00e9 un grande e antigo, que non vello, amigo da nosa casa. Emigrante galego durante 30 anos nos Estados Unidos [...]","og_url":"https:\/\/www.anovapeneira.gal\/index.php\/2020\/04\/21\/o-coronavirus-no-mundo-iv-eeuu\/","article_publisher":"https:\/\/www.facebook.com\/anovapeneira","article_published_time":"2020-04-21T08:00:51+00:00","og_image":[{"width":720,"height":432,"url":"https:\/\/www.anovapeneira.gal\/wp-content\/uploads\/2020\/04\/francisco_alvarez_koki_a_nova_peneira.jpg","type":"image\/jpeg"}],"author":"Redacci\u00f3n A Nova Peneira","twitter_card":"summary_large_image","twitter_creator":"@APeneira","twitter_site":"@APeneira","twitter_misc":{"Escrito por":"Redacci\u00f3n A Nova Peneira","Tempo de lectura":"5 minutos"},"schema":{"@context":"https:\/\/schema.org","@graph":[{"@type":"Article","@id":"https:\/\/www.anovapeneira.gal\/index.php\/2020\/04\/21\/o-coronavirus-no-mundo-iv-eeuu\/#article","isPartOf":{"@id":"https:\/\/www.anovapeneira.gal\/index.php\/2020\/04\/21\/o-coronavirus-no-mundo-iv-eeuu\/"},"author":{"name":"Redacci\u00f3n A Nova Peneira","@id":"https:\/\/www.anovapeneira.gal\/#\/schema\/person\/b93e3f8932e3f8da96334607eb6ac6aa"},"headline":"O coronavirus no mundo IV EEUU","datePublished":"2020-04-21T08:00:51+00:00","mainEntityOfPage":{"@id":"https:\/\/www.anovapeneira.gal\/index.php\/2020\/04\/21\/o-coronavirus-no-mundo-iv-eeuu\/"},"wordCount":934,"commentCount":0,"publisher":{"@id":"https:\/\/www.anovapeneira.gal\/#organization"},"image":{"@id":"https:\/\/www.anovapeneira.gal\/index.php\/2020\/04\/21\/o-coronavirus-no-mundo-iv-eeuu\/#primaryimage"},"thumbnailUrl":"https:\/\/www.anovapeneira.gal\/wp-content\/uploads\/2020\/04\/francisco_alvarez_koki_a_nova_peneira.jpg","keywords":["Concello da Guarda","coronavirus no mundo","COVID19"],"articleSection":["Baixo Mi\u00f1o"],"inLanguage":"gl-ES","potentialAction":[{"@type":"CommentAction","name":"Comment","target":["https:\/\/www.anovapeneira.gal\/index.php\/2020\/04\/21\/o-coronavirus-no-mundo-iv-eeuu\/#respond"]}]},{"@type":"WebPage","@id":"https:\/\/www.anovapeneira.gal\/index.php\/2020\/04\/21\/o-coronavirus-no-mundo-iv-eeuu\/","url":"https:\/\/www.anovapeneira.gal\/index.php\/2020\/04\/21\/o-coronavirus-no-mundo-iv-eeuu\/","name":"O coronavirus no mundo IV EEUU -","isPartOf":{"@id":"https:\/\/www.anovapeneira.gal\/#website"},"primaryImageOfPage":{"@id":"https:\/\/www.anovapeneira.gal\/index.php\/2020\/04\/21\/o-coronavirus-no-mundo-iv-eeuu\/#primaryimage"},"image":{"@id":"https:\/\/www.anovapeneira.gal\/index.php\/2020\/04\/21\/o-coronavirus-no-mundo-iv-eeuu\/#primaryimage"},"thumbnailUrl":"https:\/\/www.anovapeneira.gal\/wp-content\/uploads\/2020\/04\/francisco_alvarez_koki_a_nova_peneira.jpg","datePublished":"2020-04-21T08:00:51+00:00","breadcrumb":{"@id":"https:\/\/www.anovapeneira.gal\/index.php\/2020\/04\/21\/o-coronavirus-no-mundo-iv-eeuu\/#breadcrumb"},"inLanguage":"gl-ES","potentialAction":[{"@type":"ReadAction","target":["https:\/\/www.anovapeneira.gal\/index.php\/2020\/04\/21\/o-coronavirus-no-mundo-iv-eeuu\/"]}]},{"@type":"ImageObject","inLanguage":"gl-ES","@id":"https:\/\/www.anovapeneira.gal\/index.php\/2020\/04\/21\/o-coronavirus-no-mundo-iv-eeuu\/#primaryimage","url":"https:\/\/www.anovapeneira.gal\/wp-content\/uploads\/2020\/04\/francisco_alvarez_koki_a_nova_peneira.jpg","contentUrl":"https:\/\/www.anovapeneira.gal\/wp-content\/uploads\/2020\/04\/francisco_alvarez_koki_a_nova_peneira.jpg","width":720,"height":432,"caption":"Koki. Correspondente de A Nova Peneira en EEUU"},{"@type":"BreadcrumbList","@id":"https:\/\/www.anovapeneira.gal\/index.php\/2020\/04\/21\/o-coronavirus-no-mundo-iv-eeuu\/#breadcrumb","itemListElement":[{"@type":"ListItem","position":1,"name":"Portada","item":"https:\/\/www.anovapeneira.gal\/"},{"@type":"ListItem","position":2,"name":"O coronavirus no mundo IV EEUU"}]},{"@type":"WebSite","@id":"https:\/\/www.anovapeneira.gal\/#website","url":"https:\/\/www.anovapeneira.gal\/","name":"","description":"Xornal galego de informaci\u00f3n xeral Publicaci\u00f3n mensual de novas de Galicia e en especial dos Concellos da sur da provincia de Pontevedra.","publisher":{"@id":"https:\/\/www.anovapeneira.gal\/#organization"},"potentialAction":[{"@type":"SearchAction","target":{"@type":"EntryPoint","urlTemplate":"https:\/\/www.anovapeneira.gal\/?s={search_term_string}"},"query-input":{"@type":"PropertyValueSpecification","valueRequired":true,"valueName":"search_term_string"}}],"inLanguage":"gl-ES"},{"@type":"Organization","@id":"https:\/\/www.anovapeneira.gal\/#organization","name":"A Nova Peneira","url":"https:\/\/www.anovapeneira.gal\/","logo":{"@type":"ImageObject","inLanguage":"gl-ES","@id":"https:\/\/www.anovapeneira.gal\/#\/schema\/logo\/image\/","url":"http:\/\/www.anovapeneira.gal\/wp-content\/uploads\/2019\/06\/logo_a_nova_peneira_portal_web.png","contentUrl":"http:\/\/www.anovapeneira.gal\/wp-content\/uploads\/2019\/06\/logo_a_nova_peneira_portal_web.png","width":300,"height":100,"caption":"A Nova Peneira"},"image":{"@id":"https:\/\/www.anovapeneira.gal\/#\/schema\/logo\/image\/"},"sameAs":["https:\/\/www.facebook.com\/anovapeneira","https:\/\/x.com\/APeneira"]},{"@type":"Person","@id":"https:\/\/www.anovapeneira.gal\/#\/schema\/person\/b93e3f8932e3f8da96334607eb6ac6aa","name":"Redacci\u00f3n A Nova Peneira","image":{"@type":"ImageObject","inLanguage":"gl-ES","@id":"https:\/\/secure.gravatar.com\/avatar\/c052a2551a06e23fac63626232eaa90abd78dbcf1700fc46a2b2c89fd27b735f?s=96&d=mm&r=g","url":"https:\/\/secure.gravatar.com\/avatar\/c052a2551a06e23fac63626232eaa90abd78dbcf1700fc46a2b2c89fd27b735f?s=96&d=mm&r=g","contentUrl":"https:\/\/secure.gravatar.com\/avatar\/c052a2551a06e23fac63626232eaa90abd78dbcf1700fc46a2b2c89fd27b735f?s=96&d=mm&r=g","caption":"Redacci\u00f3n A Nova Peneira"},"sameAs":["http:\/\/www.anovapeneira.gal\/"],"url":"https:\/\/www.anovapeneira.gal\/index.php\/author\/redactor\/"}]}},"jetpack_featured_media_url":"https:\/\/www.anovapeneira.gal\/wp-content\/uploads\/2020\/04\/francisco_alvarez_koki_a_nova_peneira.jpg","_links":{"self":[{"href":"https:\/\/www.anovapeneira.gal\/index.php\/wp-json\/wp\/v2\/posts\/2959","targetHints":{"allow":["GET"]}}],"collection":[{"href":"https:\/\/www.anovapeneira.gal\/index.php\/wp-json\/wp\/v2\/posts"}],"about":[{"href":"https:\/\/www.anovapeneira.gal\/index.php\/wp-json\/wp\/v2\/types\/post"}],"author":[{"embeddable":true,"href":"https:\/\/www.anovapeneira.gal\/index.php\/wp-json\/wp\/v2\/users\/3"}],"replies":[{"embeddable":true,"href":"https:\/\/www.anovapeneira.gal\/index.php\/wp-json\/wp\/v2\/comments?post=2959"}],"version-history":[{"count":1,"href":"https:\/\/www.anovapeneira.gal\/index.php\/wp-json\/wp\/v2\/posts\/2959\/revisions"}],"predecessor-version":[{"id":2960,"href":"https:\/\/www.anovapeneira.gal\/index.php\/wp-json\/wp\/v2\/posts\/2959\/revisions\/2960"}],"wp:featuredmedia":[{"embeddable":true,"href":"https:\/\/www.anovapeneira.gal\/index.php\/wp-json\/wp\/v2\/media\/2961"}],"wp:attachment":[{"href":"https:\/\/www.anovapeneira.gal\/index.php\/wp-json\/wp\/v2\/media?parent=2959"}],"wp:term":[{"taxonomy":"category","embeddable":true,"href":"https:\/\/www.anovapeneira.gal\/index.php\/wp-json\/wp\/v2\/categories?post=2959"},{"taxonomy":"post_tag","embeddable":true,"href":"https:\/\/www.anovapeneira.gal\/index.php\/wp-json\/wp\/v2\/tags?post=2959"}],"curies":[{"name":"wp","href":"https:\/\/api.w.org\/{rel}","templated":true}]}}