{"id":2967,"date":"2020-04-22T12:00:20","date_gmt":"2020-04-22T10:00:20","guid":{"rendered":"http:\/\/www.anovapeneira.gal\/?p=2967"},"modified":"2020-04-28T11:30:00","modified_gmt":"2020-04-28T09:30:00","slug":"o-coronavirus-no-mundo-v-alemana","status":"publish","type":"post","link":"https:\/\/www.anovapeneira.gal\/index.php\/2020\/04\/22\/o-coronavirus-no-mundo-v-alemana\/","title":{"rendered":"O coronavirus no mundo V: Alema\u00f1a"},"content":{"rendered":"\n<p><strong>Seguimos co noso cami\u00f1o polo mundo adiante, coa vontade de facer m\u00e1is ancho o noso co\u00f1ecemento, e polo tanto m\u00e1is estreita a nosa ignorancia, da situaci\u00f3n sanitaria na que se atopan os distintos pa\u00edses e das diversas formas de enfocar a loita contra a pandemia v\u00edrica. Hoxe falamos con Xo\u00e1n, un galego de coraz\u00f3n e un berlin\u00e9s de adopci\u00f3n, que nos conta a s\u00faa opini\u00f3n de como a locomotora alem\u00e1 afronta esta crise global. Al\u00ed, segundo nos conta Xo\u00e1n, as medidas de restrici\u00f3n da mobilidade son moito menos estritas ca en Espa\u00f1a, de feito ach\u00e9ganos, amablemente, un v\u00eddeo gravado nun parque de Berl\u00edn a mesma tarde do 18 deste mes, que non se diferencia moito do que poder\u00eda ser unha tarde normal de s\u00e1bado.<\/strong><\/p>\n\n\n\n<p><strong>XO\u00c1N SAN MART\u00cdN<\/strong><\/p>\n\n\n\n<p>\u201c&nbsp;<strong>O NIVEL DE CRISPACI\u00d3N QUE EXISTE EN ESPA\u00d1A, NON SE PERCIBE EN ALEMA\u00d1A, NIN POR ASOMO \u201c<\/strong><\/p>\n\n\n\n<p><strong>C\u00f3ntanos a t\u00faa historia, que foi o que che levou a vivir en Alema\u00f1a?<\/strong><\/p>\n\n\n\n<blockquote class=\"wp-block-quote is-layout-flow wp-block-quote-is-layout-flow\"><p>Ben, eu son de Vigo. Os cami\u00f1os da vida lev\u00e1ronme a vivir en diversas cidades de Espa\u00f1a, e na actualidade levo algo m\u00e1is de dous anos residindo en Berl\u00edn.<\/p><\/blockquote>\n\n\n\n<p><strong>A que te dedicas ti profesionalmente?<\/strong><\/p>\n\n\n\n<blockquote class=\"wp-block-quote is-layout-flow wp-block-quote-is-layout-flow\"><p>A mi\u00f1a profesi\u00f3n est\u00e1 relacionada coa seguridade privada, pero un nunca sabe o que lle vai deparar a vida, e no meu caso persoal, pois pouco antes de chegar a Berl\u00edn, as circunstancias vitais obrig\u00e1ronme a comezar de novo, e agora mesmo estou a traballar en hostaler\u00eda, nun restaurante italiano. E \u00e1 vez estou perfeccionando o meu alem\u00e1n.<\/p><\/blockquote>\n\n\n\n<p><strong>E que tal che levas co idioma?<\/strong><\/p>\n\n\n\n<blockquote class=\"wp-block-quote is-layout-flow wp-block-quote-is-layout-flow\"><p>Estou mellorando, pero de momento o meu nivel \u00e9 de subsistencia.<\/p><\/blockquote>\n\n\n\n<p><strong>Cales son os teus horizontes vitais m\u00e1is inmediatos; seguir na hostalar\u00eda?<\/strong><\/p>\n\n\n\n<blockquote class=\"wp-block-quote is-layout-flow wp-block-quote-is-layout-flow\"><p>Non, cando te\u00f1a un nivel suficiente de alem\u00e1n, o que me gustar\u00eda \u00e9 traballar no sector da xeriatr\u00eda.<\/p><\/blockquote>\n\n\n\n<p><strong>A sociedade alem\u00e1 \u00e9 tan envellecida como a nosa?<\/strong><\/p>\n\n\n\n<blockquote class=\"wp-block-quote is-layout-flow wp-block-quote-is-layout-flow\"><p>Eu creo que \u00e9 m\u00e1is a\u00ednda.<\/p><\/blockquote>\n\n\n\n<p><strong>E o nivel de protecci\u00f3n social do estado como \u00e9?<\/strong><\/p>\n\n\n\n<blockquote class=\"wp-block-quote is-layout-flow wp-block-quote-is-layout-flow\"><p>\u00c9 superior ao de Espa\u00f1a. Malia que aqu\u00ed, como sabes, gobernan os conservadores, a cultura xerm\u00e1nica en xeral ten un nivel de protecci\u00f3n social dos seus cidad\u00e1ns que non temos en Espa\u00f1a nin por asomo.<\/p><\/blockquote>\n\n\n\n<p><strong>V\u00e9xoche emocionalmente implicado, g\u00fastache vivir en Berl\u00edn, non Xo\u00e1n?<\/strong><\/p>\n\n\n\n<blockquote class=\"wp-block-quote is-layout-flow wp-block-quote-is-layout-flow\"><p>Enc\u00e1ntame Tino. Berl\u00edn \u00e9 unha cidade aberta, na que domina o multi culturalismo, ten moitas cousas que co\u00f1ecer, e vivir aqu\u00ed res\u00faltame moi agradable.<\/p><\/blockquote>\n\n\n\n<p><strong>Como est\u00e1 a situaci\u00f3n sanitaria, agora mesmo en Alema\u00f1a?<\/strong><\/p>\n\n\n\n<blockquote class=\"wp-block-quote is-layout-flow wp-block-quote-is-layout-flow\"><p>Eu podo falar de Berl\u00edn que \u00e9 o que co\u00f1ezo. Na mi\u00f1a cidade hai agora mesmo( 18\/04) 5.100 persoas infectadas e algo menos de 100 persoas falecidas, que para unha poboaci\u00f3n de 3 mill\u00f3ns e medio de habitantes, pois non \u00e9 excesivo.<\/p><\/blockquote>\n\n\n\n<p><strong>A hostaler\u00eda e a restauraci\u00f3n est\u00e1 pechada?<\/strong><\/p>\n\n\n\n<blockquote class=\"wp-block-quote is-layout-flow wp-block-quote-is-layout-flow\"><p>Si, est\u00e1 toda pechada, de feito eu agora non traballo claro.<\/p><\/blockquote>\n\n\n\n<p><strong>E o comercio minorista?<\/strong><\/p>\n\n\n\n<blockquote class=\"wp-block-quote is-layout-flow wp-block-quote-is-layout-flow\"><p>Esta semana comezou a abrir moi pouco a pouco e con moitas restrici\u00f3ns.<\/p><\/blockquote>\n\n\n\n<p><strong>Estades confinados?<\/strong><\/p>\n\n\n\n<blockquote class=\"wp-block-quote is-layout-flow wp-block-quote-is-layout-flow\"><p>Non, o que est\u00e1 prohibidas son as concentraci\u00f3ns, non se poden xuntar m\u00e1is de d\u00faas persoas, pero aqu\u00ed son moito m\u00e1is de recomendar que de prohibir. E de feito hai moita recomendaci\u00f3n pero pouca prohibici\u00f3n.<\/p><\/blockquote>\n\n\n\n<p><strong>As escolas est\u00e1n abertas?<\/strong><\/p>\n\n\n\n<blockquote class=\"wp-block-quote is-layout-flow wp-block-quote-is-layout-flow\"><p>De momento pechadas, pero xa anunciaron que comezar\u00edan a abrir a partir do d\u00eda 4 de maio, aos poucos e con moitas precauci\u00f3ns.<\/p><\/blockquote>\n\n\n\n<p><strong>A industria est\u00e1 aberta ?<\/strong><\/p>\n\n\n\n<blockquote class=\"wp-block-quote is-layout-flow wp-block-quote-is-layout-flow\"><p>Non cho podo asegurar con certeza pero penso que est\u00e1 pechada.<\/p><\/blockquote>\n\n\n\n<p><strong>Ti, agora, non podes traballar porque o restaurante no que o fas est\u00e1 pechado. Coment\u00e1basme antes que o nivel de protecci\u00f3n social de Alema\u00f1a \u00e9 superior ao de Espa\u00f1a, puideches comprobalo na t\u00faa propia persoa?<\/strong><\/p>\n\n\n\n<blockquote class=\"wp-block-quote is-layout-flow wp-block-quote-is-layout-flow\"><p>Si, como che dixen antes. Alema\u00f1a ten un grao de protecci\u00f3n social moi relevante. Antes incluso de que chegaramos \u00e1 situaci\u00f3n que estamos, eu recib\u00eda da administraci\u00f3n unha cantidade para complementar o meu soldo, pois consideran que co que cobro no restaurante, estou a media xornada, \u00eda telo dif\u00edcil. E agora mesmo como estou sen traballar recibo outra pequena cantidade a maiores, que non \u00e9 que sexa moito, pero d\u00e1che para vivir.<\/p><\/blockquote>\n\n\n\n<p><strong>A xesti\u00f3n das axudas sociais faise con axilidade e dilixencia?<\/strong><\/p>\n\n\n\n<blockquote class=\"wp-block-quote is-layout-flow wp-block-quote-is-layout-flow\"><p>Si. De feito eu estaba moi preocupado, porque claro, de s\u00fapeto quedas sen traballo, e v\u00e9xome na necesidade de realizar xesti\u00f3ns administrativas para xestionar a mi\u00f1a situaci\u00f3n persoal, e como che dixen o meu nivel de alem\u00e1n \u00e9 a\u00ednda baixo, pois imax\u00ednate se non era para preocuparse. Afortunadamente a incerteza durou pouco, en d\u00faas semanas xa estaba todo arranxado e xa ti\u00f1a os cartos ingresados.<\/p><\/blockquote>\n\n\n\n<p><strong>En Alema\u00f1a gobernan os conservadores e a oposici\u00f3n \u00e9 socialdem\u00f3crata. Como \u00e9 a actitude da oposici\u00f3n alem\u00e1 co goberno en relaci\u00f3n coa s\u00faa xesti\u00f3n desta situaci\u00f3n?<\/strong><\/p>\n\n\n\n<blockquote class=\"wp-block-quote is-layout-flow wp-block-quote-is-layout-flow\"><p>Vamos, nin por asomo a que se observa en Espa\u00f1a. O clima preb\u00e9lico, a cultura guerracivilista e o nivel de crispaci\u00f3n que amosa a oposici\u00f3n espa\u00f1ola, aqu\u00ed non existe. Eu estou nas ant\u00edpodas de Angela Merkel pero parecer\u00edame delirante exercer de hooligan para defender unha posici\u00f3n pol\u00edtica, nun momento de crise como nunca xamais se viviu na recente historia do mundo. En Espa\u00f1a, creo eu, temos un serio problema que consiste en que a cultura democr\u00e1tica \u00e9 moi escasa. O meu c\u00edrculo de amizades m\u00e1is pr\u00f3ximo son italianos e a cultura dese pa\u00eds \u00e9 semellante \u00e1 de Espa\u00f1a, pero nin al\u00ed chegan ao noso nivel de crispaci\u00f3n. A verdade \u00e9 para estar asustado. Mira, vouche dicir unha cousa con toda a crudeza, pero \u00e9 que \u00e9 verdade; a opini\u00f3n maioritaria que observo eu sobre Espa\u00f1a \u00e9 que \u00e9 un \u201cputo desastre\u201d.<\/p><\/blockquote>\n\n\n\n<figure class=\"wp-block-video\"><video height=\"352\" style=\"aspect-ratio: 640 \/ 352;\" width=\"640\" controls src=\"http:\/\/www.anovapeneira.gal\/wp-content\/uploads\/2020\/04\/a_vida_berlin.mp4\"><\/video><\/figure>\n","protected":false},"excerpt":{"rendered":"<div class=\"mh-excerpt\"><p>Seguimos co noso cami\u00f1o polo mundo adiante, coa vontade de facer m\u00e1is ancho o noso co\u00f1ecemento, e polo tanto m\u00e1is estreita a nosa ignorancia, da situaci\u00f3n sanitaria na que se atopan os distintos pa\u00edses <a class=\"mh-excerpt-more\" href=\"https:\/\/www.anovapeneira.gal\/index.php\/2020\/04\/22\/o-coronavirus-no-mundo-v-alemana\/\" title=\"O coronavirus no mundo V: Alema\u00f1a\">[&#8230;]<\/a><\/p>\n<\/div>","protected":false},"author":2,"featured_media":2968,"comment_status":"open","ping_status":"open","sticky":false,"template":"","format":"standard","meta":{"_exactmetrics_skip_tracking":false,"_exactmetrics_sitenote_active":false,"_exactmetrics_sitenote_note":"","_exactmetrics_sitenote_category":0,"footnotes":""},"categories":[272],"tags":[227,1030,1006],"class_list":{"0":"post-2967","1":"post","2":"type-post","3":"status-publish","4":"format-standard","5":"has-post-thumbnail","7":"category-vigo-entrevistas","8":"tag-concello-de-vigo","9":"tag-coronavirus-no-mundo","10":"tag-covid19"},"yoast_head":"<!-- This site is optimized with the Yoast SEO plugin v27.5 - https:\/\/yoast.com\/product\/yoast-seo-wordpress\/ -->\n<title>O coronavirus no mundo V: Alema\u00f1a -<\/title>\n<meta name=\"robots\" content=\"index, follow, max-snippet:-1, max-image-preview:large, max-video-preview:-1\" \/>\n<link rel=\"canonical\" href=\"https:\/\/www.anovapeneira.gal\/index.php\/2020\/04\/22\/o-coronavirus-no-mundo-v-alemana\/\" \/>\n<meta property=\"og:locale\" content=\"gl_ES\" \/>\n<meta property=\"og:type\" content=\"article\" \/>\n<meta property=\"og:title\" content=\"O coronavirus no mundo V: Alema\u00f1a -\" \/>\n<meta property=\"og:description\" content=\"Seguimos co noso cami\u00f1o polo mundo adiante, coa vontade de facer m\u00e1is ancho o noso co\u00f1ecemento, e polo tanto m\u00e1is estreita a nosa ignorancia, da situaci\u00f3n sanitaria na que se atopan os distintos pa\u00edses [...]\" \/>\n<meta property=\"og:url\" content=\"https:\/\/www.anovapeneira.gal\/index.php\/2020\/04\/22\/o-coronavirus-no-mundo-v-alemana\/\" \/>\n<meta property=\"article:publisher\" content=\"https:\/\/www.facebook.com\/anovapeneira\" \/>\n<meta property=\"article:published_time\" content=\"2020-04-22T10:00:20+00:00\" \/>\n<meta property=\"article:modified_time\" content=\"2020-04-28T09:30:00+00:00\" \/>\n<meta property=\"og:image\" content=\"https:\/\/www.anovapeneira.gal\/wp-content\/uploads\/2020\/04\/xoan_sa_martin_berlin_a_nova_peneira.jpg\" \/>\n\t<meta property=\"og:image:width\" content=\"720\" \/>\n\t<meta property=\"og:image:height\" content=\"432\" \/>\n\t<meta property=\"og:image:type\" content=\"image\/jpeg\" \/>\n<meta name=\"author\" content=\"Tino Lago\" \/>\n<meta name=\"twitter:card\" content=\"summary_large_image\" \/>\n<meta name=\"twitter:creator\" content=\"@APeneira\" \/>\n<meta name=\"twitter:site\" content=\"@APeneira\" \/>\n<meta name=\"twitter:label1\" content=\"Escrito por\" \/>\n\t<meta name=\"twitter:data1\" content=\"Tino Lago\" \/>\n\t<meta name=\"twitter:label2\" content=\"Tempo de lectura\" \/>\n\t<meta name=\"twitter:data2\" content=\"5 minutos\" \/>\n<script type=\"application\/ld+json\" class=\"yoast-schema-graph\">{\"@context\":\"https:\\\/\\\/schema.org\",\"@graph\":[{\"@type\":\"Article\",\"@id\":\"https:\\\/\\\/www.anovapeneira.gal\\\/index.php\\\/2020\\\/04\\\/22\\\/o-coronavirus-no-mundo-v-alemana\\\/#article\",\"isPartOf\":{\"@id\":\"https:\\\/\\\/www.anovapeneira.gal\\\/index.php\\\/2020\\\/04\\\/22\\\/o-coronavirus-no-mundo-v-alemana\\\/\"},\"author\":{\"name\":\"Tino Lago\",\"@id\":\"https:\\\/\\\/www.anovapeneira.gal\\\/#\\\/schema\\\/person\\\/424dfe65e3070fd8a44d22d2c088762a\"},\"headline\":\"O coronavirus no mundo V: Alema\u00f1a\",\"datePublished\":\"2020-04-22T10:00:20+00:00\",\"dateModified\":\"2020-04-28T09:30:00+00:00\",\"mainEntityOfPage\":{\"@id\":\"https:\\\/\\\/www.anovapeneira.gal\\\/index.php\\\/2020\\\/04\\\/22\\\/o-coronavirus-no-mundo-v-alemana\\\/\"},\"wordCount\":1014,\"commentCount\":0,\"publisher\":{\"@id\":\"https:\\\/\\\/www.anovapeneira.gal\\\/#organization\"},\"image\":{\"@id\":\"https:\\\/\\\/www.anovapeneira.gal\\\/index.php\\\/2020\\\/04\\\/22\\\/o-coronavirus-no-mundo-v-alemana\\\/#primaryimage\"},\"thumbnailUrl\":\"https:\\\/\\\/www.anovapeneira.gal\\\/wp-content\\\/uploads\\\/2020\\\/04\\\/xoan_sa_martin_berlin_a_nova_peneira.jpg\",\"keywords\":[\"Concello de Vigo\",\"coronavirus no mundo\",\"COVID19\"],\"articleSection\":[\"Vigo\"],\"inLanguage\":\"gl-ES\",\"potentialAction\":[{\"@type\":\"CommentAction\",\"name\":\"Comment\",\"target\":[\"https:\\\/\\\/www.anovapeneira.gal\\\/index.php\\\/2020\\\/04\\\/22\\\/o-coronavirus-no-mundo-v-alemana\\\/#respond\"]}]},{\"@type\":\"WebPage\",\"@id\":\"https:\\\/\\\/www.anovapeneira.gal\\\/index.php\\\/2020\\\/04\\\/22\\\/o-coronavirus-no-mundo-v-alemana\\\/\",\"url\":\"https:\\\/\\\/www.anovapeneira.gal\\\/index.php\\\/2020\\\/04\\\/22\\\/o-coronavirus-no-mundo-v-alemana\\\/\",\"name\":\"O coronavirus no mundo V: Alema\u00f1a -\",\"isPartOf\":{\"@id\":\"https:\\\/\\\/www.anovapeneira.gal\\\/#website\"},\"primaryImageOfPage\":{\"@id\":\"https:\\\/\\\/www.anovapeneira.gal\\\/index.php\\\/2020\\\/04\\\/22\\\/o-coronavirus-no-mundo-v-alemana\\\/#primaryimage\"},\"image\":{\"@id\":\"https:\\\/\\\/www.anovapeneira.gal\\\/index.php\\\/2020\\\/04\\\/22\\\/o-coronavirus-no-mundo-v-alemana\\\/#primaryimage\"},\"thumbnailUrl\":\"https:\\\/\\\/www.anovapeneira.gal\\\/wp-content\\\/uploads\\\/2020\\\/04\\\/xoan_sa_martin_berlin_a_nova_peneira.jpg\",\"datePublished\":\"2020-04-22T10:00:20+00:00\",\"dateModified\":\"2020-04-28T09:30:00+00:00\",\"breadcrumb\":{\"@id\":\"https:\\\/\\\/www.anovapeneira.gal\\\/index.php\\\/2020\\\/04\\\/22\\\/o-coronavirus-no-mundo-v-alemana\\\/#breadcrumb\"},\"inLanguage\":\"gl-ES\",\"potentialAction\":[{\"@type\":\"ReadAction\",\"target\":[\"https:\\\/\\\/www.anovapeneira.gal\\\/index.php\\\/2020\\\/04\\\/22\\\/o-coronavirus-no-mundo-v-alemana\\\/\"]}]},{\"@type\":\"ImageObject\",\"inLanguage\":\"gl-ES\",\"@id\":\"https:\\\/\\\/www.anovapeneira.gal\\\/index.php\\\/2020\\\/04\\\/22\\\/o-coronavirus-no-mundo-v-alemana\\\/#primaryimage\",\"url\":\"https:\\\/\\\/www.anovapeneira.gal\\\/wp-content\\\/uploads\\\/2020\\\/04\\\/xoan_sa_martin_berlin_a_nova_peneira.jpg\",\"contentUrl\":\"https:\\\/\\\/www.anovapeneira.gal\\\/wp-content\\\/uploads\\\/2020\\\/04\\\/xoan_sa_martin_berlin_a_nova_peneira.jpg\",\"width\":720,\"height\":432,\"caption\":\"Xo\u00e1n San Mart\u00edn Berl\u00edn A Nova Peneira Coronavirus no mundo\"},{\"@type\":\"BreadcrumbList\",\"@id\":\"https:\\\/\\\/www.anovapeneira.gal\\\/index.php\\\/2020\\\/04\\\/22\\\/o-coronavirus-no-mundo-v-alemana\\\/#breadcrumb\",\"itemListElement\":[{\"@type\":\"ListItem\",\"position\":1,\"name\":\"Portada\",\"item\":\"https:\\\/\\\/www.anovapeneira.gal\\\/\"},{\"@type\":\"ListItem\",\"position\":2,\"name\":\"O coronavirus no mundo V: Alema\u00f1a\"}]},{\"@type\":\"WebSite\",\"@id\":\"https:\\\/\\\/www.anovapeneira.gal\\\/#website\",\"url\":\"https:\\\/\\\/www.anovapeneira.gal\\\/\",\"name\":\"\",\"description\":\"Xornal galego de informaci\u00f3n xeral Publicaci\u00f3n mensual de novas de Galicia e en especial dos Concellos da sur da provincia de Pontevedra.\",\"publisher\":{\"@id\":\"https:\\\/\\\/www.anovapeneira.gal\\\/#organization\"},\"potentialAction\":[{\"@type\":\"SearchAction\",\"target\":{\"@type\":\"EntryPoint\",\"urlTemplate\":\"https:\\\/\\\/www.anovapeneira.gal\\\/?s={search_term_string}\"},\"query-input\":{\"@type\":\"PropertyValueSpecification\",\"valueRequired\":true,\"valueName\":\"search_term_string\"}}],\"inLanguage\":\"gl-ES\"},{\"@type\":\"Organization\",\"@id\":\"https:\\\/\\\/www.anovapeneira.gal\\\/#organization\",\"name\":\"A Nova Peneira\",\"url\":\"https:\\\/\\\/www.anovapeneira.gal\\\/\",\"logo\":{\"@type\":\"ImageObject\",\"inLanguage\":\"gl-ES\",\"@id\":\"https:\\\/\\\/www.anovapeneira.gal\\\/#\\\/schema\\\/logo\\\/image\\\/\",\"url\":\"http:\\\/\\\/www.anovapeneira.gal\\\/wp-content\\\/uploads\\\/2019\\\/06\\\/logo_a_nova_peneira_portal_web.png\",\"contentUrl\":\"http:\\\/\\\/www.anovapeneira.gal\\\/wp-content\\\/uploads\\\/2019\\\/06\\\/logo_a_nova_peneira_portal_web.png\",\"width\":300,\"height\":100,\"caption\":\"A Nova Peneira\"},\"image\":{\"@id\":\"https:\\\/\\\/www.anovapeneira.gal\\\/#\\\/schema\\\/logo\\\/image\\\/\"},\"sameAs\":[\"https:\\\/\\\/www.facebook.com\\\/anovapeneira\",\"https:\\\/\\\/x.com\\\/APeneira\"]},{\"@type\":\"Person\",\"@id\":\"https:\\\/\\\/www.anovapeneira.gal\\\/#\\\/schema\\\/person\\\/424dfe65e3070fd8a44d22d2c088762a\",\"name\":\"Tino Lago\",\"image\":{\"@type\":\"ImageObject\",\"inLanguage\":\"gl-ES\",\"@id\":\"https:\\\/\\\/secure.gravatar.com\\\/avatar\\\/b3df6a06e44bab3111583b90f0f33a0379ee5e3d22cbadd232d39f21c30c62be?s=96&d=mm&r=g\",\"url\":\"https:\\\/\\\/secure.gravatar.com\\\/avatar\\\/b3df6a06e44bab3111583b90f0f33a0379ee5e3d22cbadd232d39f21c30c62be?s=96&d=mm&r=g\",\"contentUrl\":\"https:\\\/\\\/secure.gravatar.com\\\/avatar\\\/b3df6a06e44bab3111583b90f0f33a0379ee5e3d22cbadd232d39f21c30c62be?s=96&d=mm&r=g\",\"caption\":\"Tino Lago\"},\"sameAs\":[\"http:\\\/\\\/www.anovapeneira.gal\"],\"url\":\"https:\\\/\\\/www.anovapeneira.gal\\\/index.php\\\/author\\\/director\\\/\"}]}<\/script>\n<!-- \/ Yoast SEO plugin. -->","yoast_head_json":{"title":"O coronavirus no mundo V: Alema\u00f1a -","robots":{"index":"index","follow":"follow","max-snippet":"max-snippet:-1","max-image-preview":"max-image-preview:large","max-video-preview":"max-video-preview:-1"},"canonical":"https:\/\/www.anovapeneira.gal\/index.php\/2020\/04\/22\/o-coronavirus-no-mundo-v-alemana\/","og_locale":"gl_ES","og_type":"article","og_title":"O coronavirus no mundo V: Alema\u00f1a -","og_description":"Seguimos co noso cami\u00f1o polo mundo adiante, coa vontade de facer m\u00e1is ancho o noso co\u00f1ecemento, e polo tanto m\u00e1is estreita a nosa ignorancia, da situaci\u00f3n sanitaria na que se atopan os distintos pa\u00edses [...]","og_url":"https:\/\/www.anovapeneira.gal\/index.php\/2020\/04\/22\/o-coronavirus-no-mundo-v-alemana\/","article_publisher":"https:\/\/www.facebook.com\/anovapeneira","article_published_time":"2020-04-22T10:00:20+00:00","article_modified_time":"2020-04-28T09:30:00+00:00","og_image":[{"width":720,"height":432,"url":"https:\/\/www.anovapeneira.gal\/wp-content\/uploads\/2020\/04\/xoan_sa_martin_berlin_a_nova_peneira.jpg","type":"image\/jpeg"}],"author":"Tino Lago","twitter_card":"summary_large_image","twitter_creator":"@APeneira","twitter_site":"@APeneira","twitter_misc":{"Escrito por":"Tino Lago","Tempo de lectura":"5 minutos"},"schema":{"@context":"https:\/\/schema.org","@graph":[{"@type":"Article","@id":"https:\/\/www.anovapeneira.gal\/index.php\/2020\/04\/22\/o-coronavirus-no-mundo-v-alemana\/#article","isPartOf":{"@id":"https:\/\/www.anovapeneira.gal\/index.php\/2020\/04\/22\/o-coronavirus-no-mundo-v-alemana\/"},"author":{"name":"Tino Lago","@id":"https:\/\/www.anovapeneira.gal\/#\/schema\/person\/424dfe65e3070fd8a44d22d2c088762a"},"headline":"O coronavirus no mundo V: Alema\u00f1a","datePublished":"2020-04-22T10:00:20+00:00","dateModified":"2020-04-28T09:30:00+00:00","mainEntityOfPage":{"@id":"https:\/\/www.anovapeneira.gal\/index.php\/2020\/04\/22\/o-coronavirus-no-mundo-v-alemana\/"},"wordCount":1014,"commentCount":0,"publisher":{"@id":"https:\/\/www.anovapeneira.gal\/#organization"},"image":{"@id":"https:\/\/www.anovapeneira.gal\/index.php\/2020\/04\/22\/o-coronavirus-no-mundo-v-alemana\/#primaryimage"},"thumbnailUrl":"https:\/\/www.anovapeneira.gal\/wp-content\/uploads\/2020\/04\/xoan_sa_martin_berlin_a_nova_peneira.jpg","keywords":["Concello de Vigo","coronavirus no mundo","COVID19"],"articleSection":["Vigo"],"inLanguage":"gl-ES","potentialAction":[{"@type":"CommentAction","name":"Comment","target":["https:\/\/www.anovapeneira.gal\/index.php\/2020\/04\/22\/o-coronavirus-no-mundo-v-alemana\/#respond"]}]},{"@type":"WebPage","@id":"https:\/\/www.anovapeneira.gal\/index.php\/2020\/04\/22\/o-coronavirus-no-mundo-v-alemana\/","url":"https:\/\/www.anovapeneira.gal\/index.php\/2020\/04\/22\/o-coronavirus-no-mundo-v-alemana\/","name":"O coronavirus no mundo V: Alema\u00f1a -","isPartOf":{"@id":"https:\/\/www.anovapeneira.gal\/#website"},"primaryImageOfPage":{"@id":"https:\/\/www.anovapeneira.gal\/index.php\/2020\/04\/22\/o-coronavirus-no-mundo-v-alemana\/#primaryimage"},"image":{"@id":"https:\/\/www.anovapeneira.gal\/index.php\/2020\/04\/22\/o-coronavirus-no-mundo-v-alemana\/#primaryimage"},"thumbnailUrl":"https:\/\/www.anovapeneira.gal\/wp-content\/uploads\/2020\/04\/xoan_sa_martin_berlin_a_nova_peneira.jpg","datePublished":"2020-04-22T10:00:20+00:00","dateModified":"2020-04-28T09:30:00+00:00","breadcrumb":{"@id":"https:\/\/www.anovapeneira.gal\/index.php\/2020\/04\/22\/o-coronavirus-no-mundo-v-alemana\/#breadcrumb"},"inLanguage":"gl-ES","potentialAction":[{"@type":"ReadAction","target":["https:\/\/www.anovapeneira.gal\/index.php\/2020\/04\/22\/o-coronavirus-no-mundo-v-alemana\/"]}]},{"@type":"ImageObject","inLanguage":"gl-ES","@id":"https:\/\/www.anovapeneira.gal\/index.php\/2020\/04\/22\/o-coronavirus-no-mundo-v-alemana\/#primaryimage","url":"https:\/\/www.anovapeneira.gal\/wp-content\/uploads\/2020\/04\/xoan_sa_martin_berlin_a_nova_peneira.jpg","contentUrl":"https:\/\/www.anovapeneira.gal\/wp-content\/uploads\/2020\/04\/xoan_sa_martin_berlin_a_nova_peneira.jpg","width":720,"height":432,"caption":"Xo\u00e1n San Mart\u00edn Berl\u00edn A Nova Peneira Coronavirus no mundo"},{"@type":"BreadcrumbList","@id":"https:\/\/www.anovapeneira.gal\/index.php\/2020\/04\/22\/o-coronavirus-no-mundo-v-alemana\/#breadcrumb","itemListElement":[{"@type":"ListItem","position":1,"name":"Portada","item":"https:\/\/www.anovapeneira.gal\/"},{"@type":"ListItem","position":2,"name":"O coronavirus no mundo V: Alema\u00f1a"}]},{"@type":"WebSite","@id":"https:\/\/www.anovapeneira.gal\/#website","url":"https:\/\/www.anovapeneira.gal\/","name":"","description":"Xornal galego de informaci\u00f3n xeral Publicaci\u00f3n mensual de novas de Galicia e en especial dos Concellos da sur da provincia de Pontevedra.","publisher":{"@id":"https:\/\/www.anovapeneira.gal\/#organization"},"potentialAction":[{"@type":"SearchAction","target":{"@type":"EntryPoint","urlTemplate":"https:\/\/www.anovapeneira.gal\/?s={search_term_string}"},"query-input":{"@type":"PropertyValueSpecification","valueRequired":true,"valueName":"search_term_string"}}],"inLanguage":"gl-ES"},{"@type":"Organization","@id":"https:\/\/www.anovapeneira.gal\/#organization","name":"A Nova Peneira","url":"https:\/\/www.anovapeneira.gal\/","logo":{"@type":"ImageObject","inLanguage":"gl-ES","@id":"https:\/\/www.anovapeneira.gal\/#\/schema\/logo\/image\/","url":"http:\/\/www.anovapeneira.gal\/wp-content\/uploads\/2019\/06\/logo_a_nova_peneira_portal_web.png","contentUrl":"http:\/\/www.anovapeneira.gal\/wp-content\/uploads\/2019\/06\/logo_a_nova_peneira_portal_web.png","width":300,"height":100,"caption":"A Nova Peneira"},"image":{"@id":"https:\/\/www.anovapeneira.gal\/#\/schema\/logo\/image\/"},"sameAs":["https:\/\/www.facebook.com\/anovapeneira","https:\/\/x.com\/APeneira"]},{"@type":"Person","@id":"https:\/\/www.anovapeneira.gal\/#\/schema\/person\/424dfe65e3070fd8a44d22d2c088762a","name":"Tino Lago","image":{"@type":"ImageObject","inLanguage":"gl-ES","@id":"https:\/\/secure.gravatar.com\/avatar\/b3df6a06e44bab3111583b90f0f33a0379ee5e3d22cbadd232d39f21c30c62be?s=96&d=mm&r=g","url":"https:\/\/secure.gravatar.com\/avatar\/b3df6a06e44bab3111583b90f0f33a0379ee5e3d22cbadd232d39f21c30c62be?s=96&d=mm&r=g","contentUrl":"https:\/\/secure.gravatar.com\/avatar\/b3df6a06e44bab3111583b90f0f33a0379ee5e3d22cbadd232d39f21c30c62be?s=96&d=mm&r=g","caption":"Tino Lago"},"sameAs":["http:\/\/www.anovapeneira.gal"],"url":"https:\/\/www.anovapeneira.gal\/index.php\/author\/director\/"}]}},"jetpack_featured_media_url":"https:\/\/www.anovapeneira.gal\/wp-content\/uploads\/2020\/04\/xoan_sa_martin_berlin_a_nova_peneira.jpg","_links":{"self":[{"href":"https:\/\/www.anovapeneira.gal\/index.php\/wp-json\/wp\/v2\/posts\/2967","targetHints":{"allow":["GET"]}}],"collection":[{"href":"https:\/\/www.anovapeneira.gal\/index.php\/wp-json\/wp\/v2\/posts"}],"about":[{"href":"https:\/\/www.anovapeneira.gal\/index.php\/wp-json\/wp\/v2\/types\/post"}],"author":[{"embeddable":true,"href":"https:\/\/www.anovapeneira.gal\/index.php\/wp-json\/wp\/v2\/users\/2"}],"replies":[{"embeddable":true,"href":"https:\/\/www.anovapeneira.gal\/index.php\/wp-json\/wp\/v2\/comments?post=2967"}],"version-history":[{"count":4,"href":"https:\/\/www.anovapeneira.gal\/index.php\/wp-json\/wp\/v2\/posts\/2967\/revisions"}],"predecessor-version":[{"id":3015,"href":"https:\/\/www.anovapeneira.gal\/index.php\/wp-json\/wp\/v2\/posts\/2967\/revisions\/3015"}],"wp:featuredmedia":[{"embeddable":true,"href":"https:\/\/www.anovapeneira.gal\/index.php\/wp-json\/wp\/v2\/media\/2968"}],"wp:attachment":[{"href":"https:\/\/www.anovapeneira.gal\/index.php\/wp-json\/wp\/v2\/media?parent=2967"}],"wp:term":[{"taxonomy":"category","embeddable":true,"href":"https:\/\/www.anovapeneira.gal\/index.php\/wp-json\/wp\/v2\/categories?post=2967"},{"taxonomy":"post_tag","embeddable":true,"href":"https:\/\/www.anovapeneira.gal\/index.php\/wp-json\/wp\/v2\/tags?post=2967"}],"curies":[{"name":"wp","href":"https:\/\/api.w.org\/{rel}","templated":true}]}}