{"id":2976,"date":"2020-04-23T10:00:28","date_gmt":"2020-04-23T08:00:28","guid":{"rendered":"http:\/\/www.anovapeneira.gal\/?p=2976"},"modified":"2020-04-22T21:08:28","modified_gmt":"2020-04-22T19:08:28","slug":"accion-global-polo-clima-24-abril","status":"publish","type":"post","link":"https:\/\/www.anovapeneira.gal\/index.php\/2020\/04\/23\/accion-global-polo-clima-24-abril\/","title":{"rendered":"Acci\u00f3n Global Polo Clima 24 Abril"},"content":{"rendered":"\n<p>Este venres 24 de abril as organizaci\u00f3ns ecoloxistas galegas, agrupadas no Movemento Galego polo Clima, acometer\u00e1n unha nova acci\u00f3n global para p\u00f3r de relevo que a emerxencia clim\u00e1tica non desaparecer, segue sendo unha realidade, e que incluso o cambio clim\u00e1tico e a perda continuada de biodiversidade poden ser a causa da crise sanitaria ocasionada pola pandemia do Covid19.&nbsp;<\/p>\n\n\n\n<p>Desde o <strong>Movemento Galego polo Clima<\/strong> denuncian que a Emerxencia Clim\u00e1tica a pesar de estar formalmente declarada como emerxencia polo Parlamento Europeo, polo Goberno espa\u00f1ol e por outras moitas instituci\u00f3ns, segue sen ser reco\u00f1ecida como tal por alg\u00fans dirixentes, que optan por desatender as indicaci\u00f3ns cient\u00edficas a trav\u00e9s dunha inacci\u00f3n culpable.\u00a0\u00a0<\/p>\n\n\n\n<p>A\u00ednda que non sae nos telexornais, a pouco que se indagues atopamos informes da comunidade cient\u00edfica que acumulan evidencias sobre a continuada perda de biodiversidade a nivel global, moi ligada \u00e1 emerxencia clim\u00e1tica, que est\u00e1 intimamente conectada coa aparici\u00f3n de novos pat\u00f3xenos emerxentes cos que at\u00e9 agora nunca tivemos contacto. Por iso, desde o movemento ambientalista alertan que abordar a emerxencia clim\u00e1tica e frear a perda de biodiversidade seguen a ser as grandes urxencias do noso tempo e, asemade, son imprescind\u00edbeis para protexernos como sociedade.<\/p>\n\n\n\n<p>Segundo nos anuncian, a acci\u00f3n deste vindeiro venres 24 est\u00e1 encami\u00f1ada a facer reaccionar \u00e1 sociedade para que esta esixa aos gobernos que traten a emerxencia clim\u00e1tica como a crise que \u00e9. Porque actuar con contundencia hoxe fronte \u00e1 emerxencia clim\u00e1tica conseguir\u00e1 que os impactos ambientais e sociais sexan moito menores, a\u00ednda que gran parte deles, xa non seremos capaces de palialos.<\/p>\n\n\n\n<p><strong>Acci\u00f3n Global Polo Clima 24Abril&nbsp;<\/strong><\/p>\n\n\n\n<p>O tica tac da conta atr\u00e1s planetaria segue sonando a\u00ednda que estes d\u00edas a crise sanitaria sexa a prioridade. O Movemento Galego polo Clima advirte que ser\u00eda un erro fatal relegar ao esquecemento que estamos ao bordo dun punto de non retorno marcado por unha enorme perda de biodiversidade e polo incremento da temperatura global, que pon en xaque a todo o planeta, inclu\u00edda a humanidade. As consecuencias do cambio clim\u00e1tico son, entre outras, un incremento dos grandes incendios forestais, a proliferaci\u00f3n de enfermidades de rexi\u00f3ns m\u00e1is c\u00e1lidas, secas m\u00e1is severas, subida do nivel do mar e acidificaci\u00f3n dos oc\u00e9anos, choivas torrenciais que provocar\u00e1n asolagamentos, movementos migratorios motivados pola crise clim\u00e1tica\u2026&nbsp;<\/p>\n\n\n\n<p>A m\u00e1xima est\u00e1 clara: non podemos sa\u00edr desta crise continuando con modelo de produci\u00f3n e consumo que nos arrastrou at\u00e9 aqu\u00ed. O quecemento global \u00e9 consecuencia directa de sito modelo que continuamente se demostra incapaz de satisfacer as necesidades vitais das persoas. Un modelo que precariza \u00e1s persoas e pon en situaci\u00f3n de vulnerabilidade a gran parte da poboaci\u00f3n mundial,&nbsp; especialmente \u00e1s mulleres, as\u00ed como aos ecosistemas e o resto de seres vivos que habitan este planeta. Un modelo que arrisca a nosa supervivencia como especie, ao basearse na explotaci\u00f3n ilimitada e acelerada dos recursos f\u00f3siles, mineiros e naturais, impactando de maneira inxusta nas poboaci\u00f3ns m\u00e1is pobres e vulnerables.&nbsp;<\/p>\n\n\n\n<p>Pero, nesta crise, a ciencia tam\u00e9n sinalou a v\u00eda de actuaci\u00f3n, que non \u00e9 outra que a reduci\u00f3n e descarbonizaci\u00f3n do noso sistema econ\u00f3mico, especialmente nas sociedades industrializadas occidentais que temos m\u00e1is responsabilidades e maiores capacidades. Un sistema econ\u00f3mico que se paralizou ante a crise do coronavirus e que debemos reformularnos antes de reiniciar. Temos que modificar radicalmente o noso modelo de producir e consumir respectando os l\u00edmites&nbsp; biof\u00edsicos..<\/p>\n\n\n\n<p>Ante iso, as organizaci\u00f3ns asinantes, de acordo coa ciencia, manifestan que si, que participan da idea da necesidade de apoiar a sa\u00edda das crises xeradas polo coronavirus, pero matizan que esta non pode basearse no modelo que nos conduciu ata a emerxencia ecol\u00f3xica e social actual. Recalcan a necesidade un novo modelo de produci\u00f3n e consumo no que prime a vida, as persoas e a protecci\u00f3n dos recursos naturais. Unha idea que resumen nunha frase \u201csaiamos do par\u00f3n e transformemos a actividade dun modo clim\u00e1tica e socialmente xusto, dentro dos l\u00edmites do planeta\u201d.<\/p>\n\n\n\n<p>\u00c9 necesario un cambio de escala, do global ao local, que po\u00f1a no centro a reduci\u00f3n das longas cadeas de transporte, a posta en valor de modelos alimentarios en consonancia cos l\u00edmites do planeta. Uns esforzos que deben conducirnos a unha reduci\u00f3n dr\u00e1stica das nosas emisi\u00f3ns, en li\u00f1a coas indicaci\u00f3ns cient\u00edficas e alcanzando a neutralidade canto antes.<\/p>\n\n\n\n<p>S\u00f3 as\u00ed ser\u00e1 posible facer fronte \u00e1s consecuencias do quecemento global, avanzar cara a unha sociedade xusta e solidaria e, simultaneamente, reducir o risco doutras crises das que \u00e9 causante o cambio clim\u00e1tico.<\/p>\n","protected":false},"excerpt":{"rendered":"<div class=\"mh-excerpt\"><p>Este venres 24 de abril as organizaci\u00f3ns ecoloxistas galegas, agrupadas no Movemento Galego polo Clima <a class=\"mh-excerpt-more\" href=\"https:\/\/www.anovapeneira.gal\/index.php\/2020\/04\/23\/accion-global-polo-clima-24-abril\/\" title=\"Acci\u00f3n Global Polo Clima 24 Abril\">[&#8230;]<\/a><\/p>\n<\/div>","protected":false},"author":3,"featured_media":2977,"comment_status":"open","ping_status":"open","sticky":false,"template":"","format":"standard","meta":{"_exactmetrics_skip_tracking":false,"_exactmetrics_sitenote_active":false,"_exactmetrics_sitenote_note":"","_exactmetrics_sitenote_category":0,"footnotes":""},"categories":[263],"tags":[1033,902],"class_list":{"0":"post-2976","1":"post","2":"type-post","3":"status-publish","4":"format-standard","5":"has-post-thumbnail","7":"category-novas","8":"tag-accion-global-polo-clima","9":"tag-ecoloxia"},"yoast_head":"<!-- This site is optimized with the Yoast SEO plugin v27.5 - https:\/\/yoast.com\/product\/yoast-seo-wordpress\/ -->\n<title>Acci\u00f3n Global Polo Clima 24 Abril -<\/title>\n<meta name=\"robots\" content=\"index, follow, max-snippet:-1, max-image-preview:large, max-video-preview:-1\" \/>\n<link rel=\"canonical\" href=\"https:\/\/www.anovapeneira.gal\/index.php\/2020\/04\/23\/accion-global-polo-clima-24-abril\/\" \/>\n<meta property=\"og:locale\" content=\"gl_ES\" \/>\n<meta property=\"og:type\" content=\"article\" \/>\n<meta property=\"og:title\" content=\"Acci\u00f3n Global Polo Clima 24 Abril -\" \/>\n<meta property=\"og:description\" content=\"Este venres 24 de abril as organizaci\u00f3ns ecoloxistas galegas, agrupadas no Movemento Galego polo Clima [...]\" \/>\n<meta property=\"og:url\" content=\"https:\/\/www.anovapeneira.gal\/index.php\/2020\/04\/23\/accion-global-polo-clima-24-abril\/\" \/>\n<meta property=\"article:publisher\" content=\"https:\/\/www.facebook.com\/anovapeneira\" \/>\n<meta property=\"article:published_time\" content=\"2020-04-23T08:00:28+00:00\" \/>\n<meta property=\"og:image\" content=\"https:\/\/www.anovapeneira.gal\/wp-content\/uploads\/2020\/04\/accion_global_polo_clima_a_nova_peneira.jpg\" \/>\n\t<meta property=\"og:image:width\" content=\"720\" \/>\n\t<meta property=\"og:image:height\" content=\"432\" \/>\n\t<meta property=\"og:image:type\" content=\"image\/jpeg\" \/>\n<meta name=\"author\" content=\"Redacci\u00f3n A Nova Peneira\" \/>\n<meta name=\"twitter:card\" content=\"summary_large_image\" \/>\n<meta name=\"twitter:creator\" content=\"@APeneira\" \/>\n<meta name=\"twitter:site\" content=\"@APeneira\" \/>\n<meta name=\"twitter:label1\" content=\"Escrito por\" \/>\n\t<meta name=\"twitter:data1\" content=\"Redacci\u00f3n A Nova Peneira\" \/>\n\t<meta name=\"twitter:label2\" content=\"Tempo de lectura\" \/>\n\t<meta name=\"twitter:data2\" content=\"4 minutos\" \/>\n<script type=\"application\/ld+json\" class=\"yoast-schema-graph\">{\"@context\":\"https:\\\/\\\/schema.org\",\"@graph\":[{\"@type\":\"Article\",\"@id\":\"https:\\\/\\\/www.anovapeneira.gal\\\/index.php\\\/2020\\\/04\\\/23\\\/accion-global-polo-clima-24-abril\\\/#article\",\"isPartOf\":{\"@id\":\"https:\\\/\\\/www.anovapeneira.gal\\\/index.php\\\/2020\\\/04\\\/23\\\/accion-global-polo-clima-24-abril\\\/\"},\"author\":{\"name\":\"Redacci\u00f3n A Nova Peneira\",\"@id\":\"https:\\\/\\\/www.anovapeneira.gal\\\/#\\\/schema\\\/person\\\/b93e3f8932e3f8da96334607eb6ac6aa\"},\"headline\":\"Acci\u00f3n Global Polo Clima 24 Abril\",\"datePublished\":\"2020-04-23T08:00:28+00:00\",\"mainEntityOfPage\":{\"@id\":\"https:\\\/\\\/www.anovapeneira.gal\\\/index.php\\\/2020\\\/04\\\/23\\\/accion-global-polo-clima-24-abril\\\/\"},\"wordCount\":815,\"commentCount\":0,\"publisher\":{\"@id\":\"https:\\\/\\\/www.anovapeneira.gal\\\/#organization\"},\"image\":{\"@id\":\"https:\\\/\\\/www.anovapeneira.gal\\\/index.php\\\/2020\\\/04\\\/23\\\/accion-global-polo-clima-24-abril\\\/#primaryimage\"},\"thumbnailUrl\":\"https:\\\/\\\/www.anovapeneira.gal\\\/wp-content\\\/uploads\\\/2020\\\/04\\\/accion_global_polo_clima_a_nova_peneira.jpg\",\"keywords\":[\"Acci\u00f3n global polo clima\",\"Ecolox\u00eda\"],\"articleSection\":[\"Novas\"],\"inLanguage\":\"gl-ES\",\"potentialAction\":[{\"@type\":\"CommentAction\",\"name\":\"Comment\",\"target\":[\"https:\\\/\\\/www.anovapeneira.gal\\\/index.php\\\/2020\\\/04\\\/23\\\/accion-global-polo-clima-24-abril\\\/#respond\"]}]},{\"@type\":\"WebPage\",\"@id\":\"https:\\\/\\\/www.anovapeneira.gal\\\/index.php\\\/2020\\\/04\\\/23\\\/accion-global-polo-clima-24-abril\\\/\",\"url\":\"https:\\\/\\\/www.anovapeneira.gal\\\/index.php\\\/2020\\\/04\\\/23\\\/accion-global-polo-clima-24-abril\\\/\",\"name\":\"Acci\u00f3n Global Polo Clima 24 Abril -\",\"isPartOf\":{\"@id\":\"https:\\\/\\\/www.anovapeneira.gal\\\/#website\"},\"primaryImageOfPage\":{\"@id\":\"https:\\\/\\\/www.anovapeneira.gal\\\/index.php\\\/2020\\\/04\\\/23\\\/accion-global-polo-clima-24-abril\\\/#primaryimage\"},\"image\":{\"@id\":\"https:\\\/\\\/www.anovapeneira.gal\\\/index.php\\\/2020\\\/04\\\/23\\\/accion-global-polo-clima-24-abril\\\/#primaryimage\"},\"thumbnailUrl\":\"https:\\\/\\\/www.anovapeneira.gal\\\/wp-content\\\/uploads\\\/2020\\\/04\\\/accion_global_polo_clima_a_nova_peneira.jpg\",\"datePublished\":\"2020-04-23T08:00:28+00:00\",\"breadcrumb\":{\"@id\":\"https:\\\/\\\/www.anovapeneira.gal\\\/index.php\\\/2020\\\/04\\\/23\\\/accion-global-polo-clima-24-abril\\\/#breadcrumb\"},\"inLanguage\":\"gl-ES\",\"potentialAction\":[{\"@type\":\"ReadAction\",\"target\":[\"https:\\\/\\\/www.anovapeneira.gal\\\/index.php\\\/2020\\\/04\\\/23\\\/accion-global-polo-clima-24-abril\\\/\"]}]},{\"@type\":\"ImageObject\",\"inLanguage\":\"gl-ES\",\"@id\":\"https:\\\/\\\/www.anovapeneira.gal\\\/index.php\\\/2020\\\/04\\\/23\\\/accion-global-polo-clima-24-abril\\\/#primaryimage\",\"url\":\"https:\\\/\\\/www.anovapeneira.gal\\\/wp-content\\\/uploads\\\/2020\\\/04\\\/accion_global_polo_clima_a_nova_peneira.jpg\",\"contentUrl\":\"https:\\\/\\\/www.anovapeneira.gal\\\/wp-content\\\/uploads\\\/2020\\\/04\\\/accion_global_polo_clima_a_nova_peneira.jpg\",\"width\":720,\"height\":432,\"caption\":\"Acci\u00f3n Global polo clima A Nova Peneira\"},{\"@type\":\"BreadcrumbList\",\"@id\":\"https:\\\/\\\/www.anovapeneira.gal\\\/index.php\\\/2020\\\/04\\\/23\\\/accion-global-polo-clima-24-abril\\\/#breadcrumb\",\"itemListElement\":[{\"@type\":\"ListItem\",\"position\":1,\"name\":\"Portada\",\"item\":\"https:\\\/\\\/www.anovapeneira.gal\\\/\"},{\"@type\":\"ListItem\",\"position\":2,\"name\":\"Acci\u00f3n Global Polo Clima 24 Abril\"}]},{\"@type\":\"WebSite\",\"@id\":\"https:\\\/\\\/www.anovapeneira.gal\\\/#website\",\"url\":\"https:\\\/\\\/www.anovapeneira.gal\\\/\",\"name\":\"\",\"description\":\"Xornal galego de informaci\u00f3n xeral Publicaci\u00f3n mensual de novas de Galicia e en especial dos Concellos da sur da provincia de Pontevedra.\",\"publisher\":{\"@id\":\"https:\\\/\\\/www.anovapeneira.gal\\\/#organization\"},\"potentialAction\":[{\"@type\":\"SearchAction\",\"target\":{\"@type\":\"EntryPoint\",\"urlTemplate\":\"https:\\\/\\\/www.anovapeneira.gal\\\/?s={search_term_string}\"},\"query-input\":{\"@type\":\"PropertyValueSpecification\",\"valueRequired\":true,\"valueName\":\"search_term_string\"}}],\"inLanguage\":\"gl-ES\"},{\"@type\":\"Organization\",\"@id\":\"https:\\\/\\\/www.anovapeneira.gal\\\/#organization\",\"name\":\"A Nova Peneira\",\"url\":\"https:\\\/\\\/www.anovapeneira.gal\\\/\",\"logo\":{\"@type\":\"ImageObject\",\"inLanguage\":\"gl-ES\",\"@id\":\"https:\\\/\\\/www.anovapeneira.gal\\\/#\\\/schema\\\/logo\\\/image\\\/\",\"url\":\"http:\\\/\\\/www.anovapeneira.gal\\\/wp-content\\\/uploads\\\/2019\\\/06\\\/logo_a_nova_peneira_portal_web.png\",\"contentUrl\":\"http:\\\/\\\/www.anovapeneira.gal\\\/wp-content\\\/uploads\\\/2019\\\/06\\\/logo_a_nova_peneira_portal_web.png\",\"width\":300,\"height\":100,\"caption\":\"A Nova Peneira\"},\"image\":{\"@id\":\"https:\\\/\\\/www.anovapeneira.gal\\\/#\\\/schema\\\/logo\\\/image\\\/\"},\"sameAs\":[\"https:\\\/\\\/www.facebook.com\\\/anovapeneira\",\"https:\\\/\\\/x.com\\\/APeneira\"]},{\"@type\":\"Person\",\"@id\":\"https:\\\/\\\/www.anovapeneira.gal\\\/#\\\/schema\\\/person\\\/b93e3f8932e3f8da96334607eb6ac6aa\",\"name\":\"Redacci\u00f3n A Nova Peneira\",\"image\":{\"@type\":\"ImageObject\",\"inLanguage\":\"gl-ES\",\"@id\":\"https:\\\/\\\/secure.gravatar.com\\\/avatar\\\/c052a2551a06e23fac63626232eaa90abd78dbcf1700fc46a2b2c89fd27b735f?s=96&d=mm&r=g\",\"url\":\"https:\\\/\\\/secure.gravatar.com\\\/avatar\\\/c052a2551a06e23fac63626232eaa90abd78dbcf1700fc46a2b2c89fd27b735f?s=96&d=mm&r=g\",\"contentUrl\":\"https:\\\/\\\/secure.gravatar.com\\\/avatar\\\/c052a2551a06e23fac63626232eaa90abd78dbcf1700fc46a2b2c89fd27b735f?s=96&d=mm&r=g\",\"caption\":\"Redacci\u00f3n A Nova Peneira\"},\"sameAs\":[\"http:\\\/\\\/www.anovapeneira.gal\\\/\"],\"url\":\"https:\\\/\\\/www.anovapeneira.gal\\\/index.php\\\/author\\\/redactor\\\/\"}]}<\/script>\n<!-- \/ Yoast SEO plugin. -->","yoast_head_json":{"title":"Acci\u00f3n Global Polo Clima 24 Abril -","robots":{"index":"index","follow":"follow","max-snippet":"max-snippet:-1","max-image-preview":"max-image-preview:large","max-video-preview":"max-video-preview:-1"},"canonical":"https:\/\/www.anovapeneira.gal\/index.php\/2020\/04\/23\/accion-global-polo-clima-24-abril\/","og_locale":"gl_ES","og_type":"article","og_title":"Acci\u00f3n Global Polo Clima 24 Abril -","og_description":"Este venres 24 de abril as organizaci\u00f3ns ecoloxistas galegas, agrupadas no Movemento Galego polo Clima [...]","og_url":"https:\/\/www.anovapeneira.gal\/index.php\/2020\/04\/23\/accion-global-polo-clima-24-abril\/","article_publisher":"https:\/\/www.facebook.com\/anovapeneira","article_published_time":"2020-04-23T08:00:28+00:00","og_image":[{"width":720,"height":432,"url":"https:\/\/www.anovapeneira.gal\/wp-content\/uploads\/2020\/04\/accion_global_polo_clima_a_nova_peneira.jpg","type":"image\/jpeg"}],"author":"Redacci\u00f3n A Nova Peneira","twitter_card":"summary_large_image","twitter_creator":"@APeneira","twitter_site":"@APeneira","twitter_misc":{"Escrito por":"Redacci\u00f3n A Nova Peneira","Tempo de lectura":"4 minutos"},"schema":{"@context":"https:\/\/schema.org","@graph":[{"@type":"Article","@id":"https:\/\/www.anovapeneira.gal\/index.php\/2020\/04\/23\/accion-global-polo-clima-24-abril\/#article","isPartOf":{"@id":"https:\/\/www.anovapeneira.gal\/index.php\/2020\/04\/23\/accion-global-polo-clima-24-abril\/"},"author":{"name":"Redacci\u00f3n A Nova Peneira","@id":"https:\/\/www.anovapeneira.gal\/#\/schema\/person\/b93e3f8932e3f8da96334607eb6ac6aa"},"headline":"Acci\u00f3n Global Polo Clima 24 Abril","datePublished":"2020-04-23T08:00:28+00:00","mainEntityOfPage":{"@id":"https:\/\/www.anovapeneira.gal\/index.php\/2020\/04\/23\/accion-global-polo-clima-24-abril\/"},"wordCount":815,"commentCount":0,"publisher":{"@id":"https:\/\/www.anovapeneira.gal\/#organization"},"image":{"@id":"https:\/\/www.anovapeneira.gal\/index.php\/2020\/04\/23\/accion-global-polo-clima-24-abril\/#primaryimage"},"thumbnailUrl":"https:\/\/www.anovapeneira.gal\/wp-content\/uploads\/2020\/04\/accion_global_polo_clima_a_nova_peneira.jpg","keywords":["Acci\u00f3n global polo clima","Ecolox\u00eda"],"articleSection":["Novas"],"inLanguage":"gl-ES","potentialAction":[{"@type":"CommentAction","name":"Comment","target":["https:\/\/www.anovapeneira.gal\/index.php\/2020\/04\/23\/accion-global-polo-clima-24-abril\/#respond"]}]},{"@type":"WebPage","@id":"https:\/\/www.anovapeneira.gal\/index.php\/2020\/04\/23\/accion-global-polo-clima-24-abril\/","url":"https:\/\/www.anovapeneira.gal\/index.php\/2020\/04\/23\/accion-global-polo-clima-24-abril\/","name":"Acci\u00f3n Global Polo Clima 24 Abril -","isPartOf":{"@id":"https:\/\/www.anovapeneira.gal\/#website"},"primaryImageOfPage":{"@id":"https:\/\/www.anovapeneira.gal\/index.php\/2020\/04\/23\/accion-global-polo-clima-24-abril\/#primaryimage"},"image":{"@id":"https:\/\/www.anovapeneira.gal\/index.php\/2020\/04\/23\/accion-global-polo-clima-24-abril\/#primaryimage"},"thumbnailUrl":"https:\/\/www.anovapeneira.gal\/wp-content\/uploads\/2020\/04\/accion_global_polo_clima_a_nova_peneira.jpg","datePublished":"2020-04-23T08:00:28+00:00","breadcrumb":{"@id":"https:\/\/www.anovapeneira.gal\/index.php\/2020\/04\/23\/accion-global-polo-clima-24-abril\/#breadcrumb"},"inLanguage":"gl-ES","potentialAction":[{"@type":"ReadAction","target":["https:\/\/www.anovapeneira.gal\/index.php\/2020\/04\/23\/accion-global-polo-clima-24-abril\/"]}]},{"@type":"ImageObject","inLanguage":"gl-ES","@id":"https:\/\/www.anovapeneira.gal\/index.php\/2020\/04\/23\/accion-global-polo-clima-24-abril\/#primaryimage","url":"https:\/\/www.anovapeneira.gal\/wp-content\/uploads\/2020\/04\/accion_global_polo_clima_a_nova_peneira.jpg","contentUrl":"https:\/\/www.anovapeneira.gal\/wp-content\/uploads\/2020\/04\/accion_global_polo_clima_a_nova_peneira.jpg","width":720,"height":432,"caption":"Acci\u00f3n Global polo clima A Nova Peneira"},{"@type":"BreadcrumbList","@id":"https:\/\/www.anovapeneira.gal\/index.php\/2020\/04\/23\/accion-global-polo-clima-24-abril\/#breadcrumb","itemListElement":[{"@type":"ListItem","position":1,"name":"Portada","item":"https:\/\/www.anovapeneira.gal\/"},{"@type":"ListItem","position":2,"name":"Acci\u00f3n Global Polo Clima 24 Abril"}]},{"@type":"WebSite","@id":"https:\/\/www.anovapeneira.gal\/#website","url":"https:\/\/www.anovapeneira.gal\/","name":"","description":"Xornal galego de informaci\u00f3n xeral Publicaci\u00f3n mensual de novas de Galicia e en especial dos Concellos da sur da provincia de Pontevedra.","publisher":{"@id":"https:\/\/www.anovapeneira.gal\/#organization"},"potentialAction":[{"@type":"SearchAction","target":{"@type":"EntryPoint","urlTemplate":"https:\/\/www.anovapeneira.gal\/?s={search_term_string}"},"query-input":{"@type":"PropertyValueSpecification","valueRequired":true,"valueName":"search_term_string"}}],"inLanguage":"gl-ES"},{"@type":"Organization","@id":"https:\/\/www.anovapeneira.gal\/#organization","name":"A Nova Peneira","url":"https:\/\/www.anovapeneira.gal\/","logo":{"@type":"ImageObject","inLanguage":"gl-ES","@id":"https:\/\/www.anovapeneira.gal\/#\/schema\/logo\/image\/","url":"http:\/\/www.anovapeneira.gal\/wp-content\/uploads\/2019\/06\/logo_a_nova_peneira_portal_web.png","contentUrl":"http:\/\/www.anovapeneira.gal\/wp-content\/uploads\/2019\/06\/logo_a_nova_peneira_portal_web.png","width":300,"height":100,"caption":"A Nova Peneira"},"image":{"@id":"https:\/\/www.anovapeneira.gal\/#\/schema\/logo\/image\/"},"sameAs":["https:\/\/www.facebook.com\/anovapeneira","https:\/\/x.com\/APeneira"]},{"@type":"Person","@id":"https:\/\/www.anovapeneira.gal\/#\/schema\/person\/b93e3f8932e3f8da96334607eb6ac6aa","name":"Redacci\u00f3n A Nova Peneira","image":{"@type":"ImageObject","inLanguage":"gl-ES","@id":"https:\/\/secure.gravatar.com\/avatar\/c052a2551a06e23fac63626232eaa90abd78dbcf1700fc46a2b2c89fd27b735f?s=96&d=mm&r=g","url":"https:\/\/secure.gravatar.com\/avatar\/c052a2551a06e23fac63626232eaa90abd78dbcf1700fc46a2b2c89fd27b735f?s=96&d=mm&r=g","contentUrl":"https:\/\/secure.gravatar.com\/avatar\/c052a2551a06e23fac63626232eaa90abd78dbcf1700fc46a2b2c89fd27b735f?s=96&d=mm&r=g","caption":"Redacci\u00f3n A Nova Peneira"},"sameAs":["http:\/\/www.anovapeneira.gal\/"],"url":"https:\/\/www.anovapeneira.gal\/index.php\/author\/redactor\/"}]}},"jetpack_featured_media_url":"https:\/\/www.anovapeneira.gal\/wp-content\/uploads\/2020\/04\/accion_global_polo_clima_a_nova_peneira.jpg","_links":{"self":[{"href":"https:\/\/www.anovapeneira.gal\/index.php\/wp-json\/wp\/v2\/posts\/2976","targetHints":{"allow":["GET"]}}],"collection":[{"href":"https:\/\/www.anovapeneira.gal\/index.php\/wp-json\/wp\/v2\/posts"}],"about":[{"href":"https:\/\/www.anovapeneira.gal\/index.php\/wp-json\/wp\/v2\/types\/post"}],"author":[{"embeddable":true,"href":"https:\/\/www.anovapeneira.gal\/index.php\/wp-json\/wp\/v2\/users\/3"}],"replies":[{"embeddable":true,"href":"https:\/\/www.anovapeneira.gal\/index.php\/wp-json\/wp\/v2\/comments?post=2976"}],"version-history":[{"count":3,"href":"https:\/\/www.anovapeneira.gal\/index.php\/wp-json\/wp\/v2\/posts\/2976\/revisions"}],"predecessor-version":[{"id":2980,"href":"https:\/\/www.anovapeneira.gal\/index.php\/wp-json\/wp\/v2\/posts\/2976\/revisions\/2980"}],"wp:featuredmedia":[{"embeddable":true,"href":"https:\/\/www.anovapeneira.gal\/index.php\/wp-json\/wp\/v2\/media\/2977"}],"wp:attachment":[{"href":"https:\/\/www.anovapeneira.gal\/index.php\/wp-json\/wp\/v2\/media?parent=2976"}],"wp:term":[{"taxonomy":"category","embeddable":true,"href":"https:\/\/www.anovapeneira.gal\/index.php\/wp-json\/wp\/v2\/categories?post=2976"},{"taxonomy":"post_tag","embeddable":true,"href":"https:\/\/www.anovapeneira.gal\/index.php\/wp-json\/wp\/v2\/tags?post=2976"}],"curies":[{"name":"wp","href":"https:\/\/api.w.org\/{rel}","templated":true}]}}