{"id":2990,"date":"2020-04-24T12:00:36","date_gmt":"2020-04-24T10:00:36","guid":{"rendered":"http:\/\/www.anovapeneira.gal\/?p=2990"},"modified":"2020-04-24T08:37:05","modified_gmt":"2020-04-24T06:37:05","slug":"o-coronavirus-no-mundo-vii-a-republica-de-irlanda","status":"publish","type":"post","link":"https:\/\/www.anovapeneira.gal\/index.php\/2020\/04\/24\/o-coronavirus-no-mundo-vii-a-republica-de-irlanda\/","title":{"rendered":"O coronavirus no mundo VII: a Rep\u00fablica de Irlanda"},"content":{"rendered":"\n<p><strong>Imos co\u00f1ecer como est\u00e1 a situaci\u00f3n na Rep\u00fablica de Irlanda e para elo falamos con Joshua, un mozo de 24 anos, nativo de Pontevedra que leva uns meses combinando o estudo e o traballo en Cork, a segunda cidade m\u00e1is importante dese pa\u00eds que tantas cousas ten en com\u00fan con Galicia.<\/strong><\/p>\n\n\n\n<p><strong>JOSHUA JUAREZ<\/strong><\/p>\n\n\n\n<p>\u201c&nbsp;<strong>A situaci\u00f3n en Irlanda est\u00e1 bastante mellor ca en Espa\u00f1a\u201d<\/strong><\/p>\n\n\n\n<p><strong>C\u00f3ntanos a t\u00faa historia, que o que che levou a vivir en Irlanda?<\/strong><\/p>\n\n\n\n<blockquote class=\"wp-block-quote is-layout-flow wp-block-quote-is-layout-flow\"><p>Eu nac\u00edn en Arxentina hai 24 anos, pero aos 10 anos xa vin viv\u00edr a Galicia, e desde aquela resido en Pontevedra. Hai cousa de tres meses cheguei a Irlanda, en principio para facer un Erasmus.<\/p><\/blockquote>\n\n\n\n<p><strong>Que estudas?<\/strong><\/p>\n\n\n\n<blockquote class=\"wp-block-quote is-layout-flow wp-block-quote-is-layout-flow\"><p>Comercio internacional.<\/p><\/blockquote>\n\n\n\n<p><strong>En que cidade vives?<\/strong><\/p>\n\n\n\n<blockquote class=\"wp-block-quote is-layout-flow wp-block-quote-is-layout-flow\"><p>En Cork, no sur do pa\u00eds.<\/p><\/blockquote>\n\n\n\n<p><strong>Creo que \u00e9 unha das m\u00e1is importantes do pa\u00eds non?<\/strong><\/p>\n\n\n\n<blockquote class=\"wp-block-quote is-layout-flow wp-block-quote-is-layout-flow\"><p>Si, eu penso que \u00e9 a segunda m\u00e1is importante. Ten arredor de 160.000 habitantes, que recibe moit\u00edsimos emigrantes, e caracter\u00edzase porque hai moita xente nova, e unha grande cantidade de oportunidades para atopar un posto de traballo de calidade, e toda esa suma de raz\u00f3ns foi a que me levou a escoller esta cidade.<\/p><\/blockquote>\n\n\n\n<p><strong>Tes intenci\u00f3n de estar todo o ano 2020 en Cork?<\/strong><\/p>\n\n\n\n<blockquote class=\"wp-block-quote is-layout-flow wp-block-quote-is-layout-flow\"><p>Si, eu xa vin coa idea de formarme nun Erasmus e traballar nunha empresa nesta cidade, pero cuxa sede est\u00e1 en Vigo, e ao mes e medio decidiron contratarme agora xa estou traballando.<\/p><\/blockquote>\n\n\n\n<p><strong>A que te dedicas?<\/strong><\/p>\n\n\n\n<blockquote class=\"wp-block-quote is-layout-flow wp-block-quote-is-layout-flow\"><p>Traballo nunha compa\u00f1\u00eda de marisco.<\/p><\/blockquote>\n\n\n\n<p><strong>E cales son as t\u00faas expectativas vitais inmediatas, pretendes volver as Galicia?<\/strong><\/p>\n\n\n\n<blockquote class=\"wp-block-quote is-layout-flow wp-block-quote-is-layout-flow\"><p>No futuro gustar\u00edame montar a mi\u00f1a propia empresa, quero montar unha consultor\u00eda e, cando poida, volver traballar en Galicia.<\/p><\/blockquote>\n\n\n\n<p><strong>Cal \u00e9 a situaci\u00f3n sanitaria de Irlanda?<\/strong><\/p>\n\n\n\n<blockquote class=\"wp-block-quote is-layout-flow wp-block-quote-is-layout-flow\"><p>Eu creo que aqu\u00ed se leva bastante mellor ca en Espa\u00f1a. A data de hoxe, 18 de abril, temos arredor de 12.000 persoas infectadas, e sobre 400 persoas falecidas. En canto \u00e1s medidas de restrici\u00f3n de mobilidade, aqu\u00ed son menos estritas, de feito p\u00f3dese facer deporte ata unha hora ao d\u00eda.<\/p><\/blockquote>\n\n\n\n<p><strong>Concr\u00e9tanos un pouco m\u00e1is como son as medidas de control de mobilidade que implantou o goberno da Rep\u00fablica?<\/strong><\/p>\n\n\n\n<blockquote class=\"wp-block-quote is-layout-flow wp-block-quote-is-layout-flow\"><p>Pois podes sa\u00edr ata dous kmts de distancia do teu domicilio, a maior\u00eda da actividade econ\u00f3mica esta, iso si como Espa\u00f1a, suspendida. Todo o sector de ocio est\u00e1 pechado. E son os traballos esenciais os que se seguen desenvolvendo, dentro das circunstancias posibles, con normalidade. Aqu\u00ed tam\u00e9n te\u00f1en unha gran relevancia as universidades e centros de investigaci\u00f3n, que nestes momentos est\u00e1n pechados e facendo tele traballo.<\/p><\/blockquote>\n\n\n\n<p><strong>E grande cantidade de moi importantes empresas tecnol\u00f3xicas tam\u00e9n te\u00f1en o seu domicilio en Irlanda?<\/strong><\/p>\n\n\n\n<blockquote class=\"wp-block-quote is-layout-flow wp-block-quote-is-layout-flow\"><p>Si, aqu\u00ed est\u00e1n apple e google e moitas grandes empresas como compa\u00f1\u00edas a\u00e9reas que te\u00f1en a sede neste pa\u00eds atra\u00eddas pola s\u00faa pol\u00edtica fiscal.<\/p><\/blockquote>\n\n\n\n<p><strong>V\u00f3s estaredes abertos?<\/strong><\/p>\n\n\n\n<blockquote class=\"wp-block-quote is-layout-flow wp-block-quote-is-layout-flow\"><p>Non estamos pechados desde o 30 de marzo, porque a\u00ednda que nos dedicamos \u00e1 alimentaci\u00f3n, n\u00f3s levamos camar\u00f3ns, que vendemos para restaurantes que nestes momentos est\u00e1n esencialmente pechados.<\/p><\/blockquote>\n\n\n\n<p><strong>A actividade deportiva e todo tipo de eventos que impliquen concentraci\u00f3n de persoas, entendo que estar\u00e1 suspendida, non?<\/strong><\/p>\n\n\n\n<blockquote class=\"wp-block-quote is-layout-flow wp-block-quote-is-layout-flow\"><p>Si, todo acto que implique xuntar a colectivos humanos est\u00e1 suspendido, de feito aqu\u00ed perdemos o San Patricio que \u00e9 o d\u00eda de celebraci\u00f3n por excelencia de todo o pa\u00eds.<\/p><\/blockquote>\n\n\n\n<p><strong>E as fronteiras como est\u00e1n?<\/strong><\/p>\n\n\n\n<blockquote class=\"wp-block-quote is-layout-flow wp-block-quote-is-layout-flow\"><p>As entradas e sa\u00eddas do pa\u00eds est\u00e1n tam\u00e9n moi restrinxidas.<\/p><\/blockquote>\n\n\n\n<p><strong>Se ti quixeras volver a Galicia poder\u00edas?<\/strong><\/p>\n\n\n\n<blockquote class=\"wp-block-quote is-layout-flow wp-block-quote-is-layout-flow\"><p>Non creo que o tivese f\u00e1cil pero, poder si que poder\u00eda, pois se considerar\u00eda unha repatriaci\u00f3n, pero se quixese sa\u00edr de vacaci\u00f3ns ou por traballo a calquera outro pa\u00eds non mo permitir\u00edan.<\/p><\/blockquote>\n\n\n\n<p><strong>A rep\u00fablica de Irlanda fai fronteira con Irlanda do Norte, que forma parte do Reino Unido. Observas diferencias nas pol\u00edticas de ambas Irlandas?<\/strong><\/p>\n\n\n\n<blockquote class=\"wp-block-quote is-layout-flow wp-block-quote-is-layout-flow\"><p>Si, eu creo que en Irlanda se abordou o problema con m\u00e1is rigor ca no Reino Unido, de feito a maior parte de contaxiados da Rep\u00fablica de Irlanda est\u00e1n no norte do pa\u00eds.<\/p><\/blockquote>\n","protected":false},"excerpt":{"rendered":"<div class=\"mh-excerpt\"><p>mos co\u00f1ecer como est\u00e1 a situaci\u00f3n na Rep\u00fablica de Irlanda e para elo falamos con Joshua, un mozo de 24 anos, nativo de Pontevedra <a class=\"mh-excerpt-more\" href=\"https:\/\/www.anovapeneira.gal\/index.php\/2020\/04\/24\/o-coronavirus-no-mundo-vii-a-republica-de-irlanda\/\" title=\"O coronavirus no mundo VII: a Rep\u00fablica de Irlanda\">[&#8230;]<\/a><\/p>\n<\/div>","protected":false},"author":3,"featured_media":2992,"comment_status":"open","ping_status":"open","sticky":false,"template":"","format":"standard","meta":{"_exactmetrics_skip_tracking":false,"_exactmetrics_sitenote_active":false,"_exactmetrics_sitenote_note":"","_exactmetrics_sitenote_category":0,"footnotes":""},"categories":[26],"tags":[756,1030,1006],"class_list":{"0":"post-2990","1":"post","2":"type-post","3":"status-publish","4":"format-standard","5":"has-post-thumbnail","7":"category-pontevedra","8":"tag-concello-de-pontevedra","9":"tag-coronavirus-no-mundo","10":"tag-covid19"},"yoast_head":"<!-- This site is optimized with the Yoast SEO plugin v27.4 - https:\/\/yoast.com\/product\/yoast-seo-wordpress\/ -->\n<title>O coronavirus no mundo VII: a Rep\u00fablica de Irlanda -<\/title>\n<meta name=\"robots\" content=\"index, follow, max-snippet:-1, max-image-preview:large, max-video-preview:-1\" \/>\n<link rel=\"canonical\" href=\"https:\/\/www.anovapeneira.gal\/index.php\/2020\/04\/24\/o-coronavirus-no-mundo-vii-a-republica-de-irlanda\/\" \/>\n<meta property=\"og:locale\" content=\"gl_ES\" \/>\n<meta property=\"og:type\" content=\"article\" \/>\n<meta property=\"og:title\" content=\"O coronavirus no mundo VII: a Rep\u00fablica de Irlanda -\" \/>\n<meta property=\"og:description\" content=\"mos co\u00f1ecer como est\u00e1 a situaci\u00f3n na Rep\u00fablica de Irlanda e para elo falamos con Joshua, un mozo de 24 anos, nativo de Pontevedra [...]\" \/>\n<meta property=\"og:url\" content=\"https:\/\/www.anovapeneira.gal\/index.php\/2020\/04\/24\/o-coronavirus-no-mundo-vii-a-republica-de-irlanda\/\" \/>\n<meta property=\"article:publisher\" content=\"https:\/\/www.facebook.com\/anovapeneira\" \/>\n<meta property=\"article:published_time\" content=\"2020-04-24T10:00:36+00:00\" \/>\n<meta property=\"og:image\" content=\"https:\/\/www.anovapeneira.gal\/wp-content\/uploads\/2020\/04\/joshua_irlanda_coronavirus_no_mundo_a_nova_peneira.jpg\" \/>\n\t<meta property=\"og:image:width\" content=\"720\" \/>\n\t<meta property=\"og:image:height\" content=\"432\" \/>\n\t<meta property=\"og:image:type\" content=\"image\/jpeg\" \/>\n<meta name=\"author\" content=\"Redacci\u00f3n A Nova Peneira\" \/>\n<meta name=\"twitter:card\" content=\"summary_large_image\" \/>\n<meta name=\"twitter:creator\" content=\"@APeneira\" \/>\n<meta name=\"twitter:site\" content=\"@APeneira\" \/>\n<meta name=\"twitter:label1\" content=\"Escrito por\" \/>\n\t<meta name=\"twitter:data1\" content=\"Redacci\u00f3n A Nova Peneira\" \/>\n\t<meta name=\"twitter:label2\" content=\"Tempo de lectura\" \/>\n\t<meta name=\"twitter:data2\" content=\"4 minutos\" \/>\n<script type=\"application\/ld+json\" class=\"yoast-schema-graph\">{\"@context\":\"https:\\\/\\\/schema.org\",\"@graph\":[{\"@type\":\"Article\",\"@id\":\"https:\\\/\\\/www.anovapeneira.gal\\\/index.php\\\/2020\\\/04\\\/24\\\/o-coronavirus-no-mundo-vii-a-republica-de-irlanda\\\/#article\",\"isPartOf\":{\"@id\":\"https:\\\/\\\/www.anovapeneira.gal\\\/index.php\\\/2020\\\/04\\\/24\\\/o-coronavirus-no-mundo-vii-a-republica-de-irlanda\\\/\"},\"author\":{\"name\":\"Redacci\u00f3n A Nova Peneira\",\"@id\":\"https:\\\/\\\/www.anovapeneira.gal\\\/#\\\/schema\\\/person\\\/b93e3f8932e3f8da96334607eb6ac6aa\"},\"headline\":\"O coronavirus no mundo VII: a Rep\u00fablica de Irlanda\",\"datePublished\":\"2020-04-24T10:00:36+00:00\",\"mainEntityOfPage\":{\"@id\":\"https:\\\/\\\/www.anovapeneira.gal\\\/index.php\\\/2020\\\/04\\\/24\\\/o-coronavirus-no-mundo-vii-a-republica-de-irlanda\\\/\"},\"wordCount\":722,\"commentCount\":0,\"publisher\":{\"@id\":\"https:\\\/\\\/www.anovapeneira.gal\\\/#organization\"},\"image\":{\"@id\":\"https:\\\/\\\/www.anovapeneira.gal\\\/index.php\\\/2020\\\/04\\\/24\\\/o-coronavirus-no-mundo-vii-a-republica-de-irlanda\\\/#primaryimage\"},\"thumbnailUrl\":\"https:\\\/\\\/www.anovapeneira.gal\\\/wp-content\\\/uploads\\\/2020\\\/04\\\/joshua_irlanda_coronavirus_no_mundo_a_nova_peneira.jpg\",\"keywords\":[\"Concello de Pontevedra\",\"coronavirus no mundo\",\"COVID19\"],\"articleSection\":[\"Pontevedra\"],\"inLanguage\":\"gl-ES\",\"potentialAction\":[{\"@type\":\"CommentAction\",\"name\":\"Comment\",\"target\":[\"https:\\\/\\\/www.anovapeneira.gal\\\/index.php\\\/2020\\\/04\\\/24\\\/o-coronavirus-no-mundo-vii-a-republica-de-irlanda\\\/#respond\"]}]},{\"@type\":\"WebPage\",\"@id\":\"https:\\\/\\\/www.anovapeneira.gal\\\/index.php\\\/2020\\\/04\\\/24\\\/o-coronavirus-no-mundo-vii-a-republica-de-irlanda\\\/\",\"url\":\"https:\\\/\\\/www.anovapeneira.gal\\\/index.php\\\/2020\\\/04\\\/24\\\/o-coronavirus-no-mundo-vii-a-republica-de-irlanda\\\/\",\"name\":\"O coronavirus no mundo VII: a Rep\u00fablica de Irlanda -\",\"isPartOf\":{\"@id\":\"https:\\\/\\\/www.anovapeneira.gal\\\/#website\"},\"primaryImageOfPage\":{\"@id\":\"https:\\\/\\\/www.anovapeneira.gal\\\/index.php\\\/2020\\\/04\\\/24\\\/o-coronavirus-no-mundo-vii-a-republica-de-irlanda\\\/#primaryimage\"},\"image\":{\"@id\":\"https:\\\/\\\/www.anovapeneira.gal\\\/index.php\\\/2020\\\/04\\\/24\\\/o-coronavirus-no-mundo-vii-a-republica-de-irlanda\\\/#primaryimage\"},\"thumbnailUrl\":\"https:\\\/\\\/www.anovapeneira.gal\\\/wp-content\\\/uploads\\\/2020\\\/04\\\/joshua_irlanda_coronavirus_no_mundo_a_nova_peneira.jpg\",\"datePublished\":\"2020-04-24T10:00:36+00:00\",\"breadcrumb\":{\"@id\":\"https:\\\/\\\/www.anovapeneira.gal\\\/index.php\\\/2020\\\/04\\\/24\\\/o-coronavirus-no-mundo-vii-a-republica-de-irlanda\\\/#breadcrumb\"},\"inLanguage\":\"gl-ES\",\"potentialAction\":[{\"@type\":\"ReadAction\",\"target\":[\"https:\\\/\\\/www.anovapeneira.gal\\\/index.php\\\/2020\\\/04\\\/24\\\/o-coronavirus-no-mundo-vii-a-republica-de-irlanda\\\/\"]}]},{\"@type\":\"ImageObject\",\"inLanguage\":\"gl-ES\",\"@id\":\"https:\\\/\\\/www.anovapeneira.gal\\\/index.php\\\/2020\\\/04\\\/24\\\/o-coronavirus-no-mundo-vii-a-republica-de-irlanda\\\/#primaryimage\",\"url\":\"https:\\\/\\\/www.anovapeneira.gal\\\/wp-content\\\/uploads\\\/2020\\\/04\\\/joshua_irlanda_coronavirus_no_mundo_a_nova_peneira.jpg\",\"contentUrl\":\"https:\\\/\\\/www.anovapeneira.gal\\\/wp-content\\\/uploads\\\/2020\\\/04\\\/joshua_irlanda_coronavirus_no_mundo_a_nova_peneira.jpg\",\"width\":720,\"height\":432,\"caption\":\"Joshua Coronavirus no mundo Irlanda A Nova Peneira\"},{\"@type\":\"BreadcrumbList\",\"@id\":\"https:\\\/\\\/www.anovapeneira.gal\\\/index.php\\\/2020\\\/04\\\/24\\\/o-coronavirus-no-mundo-vii-a-republica-de-irlanda\\\/#breadcrumb\",\"itemListElement\":[{\"@type\":\"ListItem\",\"position\":1,\"name\":\"Portada\",\"item\":\"https:\\\/\\\/www.anovapeneira.gal\\\/\"},{\"@type\":\"ListItem\",\"position\":2,\"name\":\"O coronavirus no mundo VII: a Rep\u00fablica de Irlanda\"}]},{\"@type\":\"WebSite\",\"@id\":\"https:\\\/\\\/www.anovapeneira.gal\\\/#website\",\"url\":\"https:\\\/\\\/www.anovapeneira.gal\\\/\",\"name\":\"\",\"description\":\"Xornal galego de informaci\u00f3n xeral Publicaci\u00f3n mensual de novas de Galicia e en especial dos Concellos da sur da provincia de Pontevedra.\",\"publisher\":{\"@id\":\"https:\\\/\\\/www.anovapeneira.gal\\\/#organization\"},\"potentialAction\":[{\"@type\":\"SearchAction\",\"target\":{\"@type\":\"EntryPoint\",\"urlTemplate\":\"https:\\\/\\\/www.anovapeneira.gal\\\/?s={search_term_string}\"},\"query-input\":{\"@type\":\"PropertyValueSpecification\",\"valueRequired\":true,\"valueName\":\"search_term_string\"}}],\"inLanguage\":\"gl-ES\"},{\"@type\":\"Organization\",\"@id\":\"https:\\\/\\\/www.anovapeneira.gal\\\/#organization\",\"name\":\"A Nova Peneira\",\"url\":\"https:\\\/\\\/www.anovapeneira.gal\\\/\",\"logo\":{\"@type\":\"ImageObject\",\"inLanguage\":\"gl-ES\",\"@id\":\"https:\\\/\\\/www.anovapeneira.gal\\\/#\\\/schema\\\/logo\\\/image\\\/\",\"url\":\"http:\\\/\\\/www.anovapeneira.gal\\\/wp-content\\\/uploads\\\/2019\\\/06\\\/logo_a_nova_peneira_portal_web.png\",\"contentUrl\":\"http:\\\/\\\/www.anovapeneira.gal\\\/wp-content\\\/uploads\\\/2019\\\/06\\\/logo_a_nova_peneira_portal_web.png\",\"width\":300,\"height\":100,\"caption\":\"A Nova Peneira\"},\"image\":{\"@id\":\"https:\\\/\\\/www.anovapeneira.gal\\\/#\\\/schema\\\/logo\\\/image\\\/\"},\"sameAs\":[\"https:\\\/\\\/www.facebook.com\\\/anovapeneira\",\"https:\\\/\\\/x.com\\\/APeneira\"]},{\"@type\":\"Person\",\"@id\":\"https:\\\/\\\/www.anovapeneira.gal\\\/#\\\/schema\\\/person\\\/b93e3f8932e3f8da96334607eb6ac6aa\",\"name\":\"Redacci\u00f3n A Nova Peneira\",\"image\":{\"@type\":\"ImageObject\",\"inLanguage\":\"gl-ES\",\"@id\":\"https:\\\/\\\/secure.gravatar.com\\\/avatar\\\/c052a2551a06e23fac63626232eaa90abd78dbcf1700fc46a2b2c89fd27b735f?s=96&d=mm&r=g\",\"url\":\"https:\\\/\\\/secure.gravatar.com\\\/avatar\\\/c052a2551a06e23fac63626232eaa90abd78dbcf1700fc46a2b2c89fd27b735f?s=96&d=mm&r=g\",\"contentUrl\":\"https:\\\/\\\/secure.gravatar.com\\\/avatar\\\/c052a2551a06e23fac63626232eaa90abd78dbcf1700fc46a2b2c89fd27b735f?s=96&d=mm&r=g\",\"caption\":\"Redacci\u00f3n A Nova Peneira\"},\"sameAs\":[\"http:\\\/\\\/www.anovapeneira.gal\\\/\"],\"url\":\"https:\\\/\\\/www.anovapeneira.gal\\\/index.php\\\/author\\\/redactor\\\/\"}]}<\/script>\n<!-- \/ Yoast SEO plugin. -->","yoast_head_json":{"title":"O coronavirus no mundo VII: a Rep\u00fablica de Irlanda -","robots":{"index":"index","follow":"follow","max-snippet":"max-snippet:-1","max-image-preview":"max-image-preview:large","max-video-preview":"max-video-preview:-1"},"canonical":"https:\/\/www.anovapeneira.gal\/index.php\/2020\/04\/24\/o-coronavirus-no-mundo-vii-a-republica-de-irlanda\/","og_locale":"gl_ES","og_type":"article","og_title":"O coronavirus no mundo VII: a Rep\u00fablica de Irlanda -","og_description":"mos co\u00f1ecer como est\u00e1 a situaci\u00f3n na Rep\u00fablica de Irlanda e para elo falamos con Joshua, un mozo de 24 anos, nativo de Pontevedra [...]","og_url":"https:\/\/www.anovapeneira.gal\/index.php\/2020\/04\/24\/o-coronavirus-no-mundo-vii-a-republica-de-irlanda\/","article_publisher":"https:\/\/www.facebook.com\/anovapeneira","article_published_time":"2020-04-24T10:00:36+00:00","og_image":[{"width":720,"height":432,"url":"https:\/\/www.anovapeneira.gal\/wp-content\/uploads\/2020\/04\/joshua_irlanda_coronavirus_no_mundo_a_nova_peneira.jpg","type":"image\/jpeg"}],"author":"Redacci\u00f3n A Nova Peneira","twitter_card":"summary_large_image","twitter_creator":"@APeneira","twitter_site":"@APeneira","twitter_misc":{"Escrito por":"Redacci\u00f3n A Nova Peneira","Tempo de lectura":"4 minutos"},"schema":{"@context":"https:\/\/schema.org","@graph":[{"@type":"Article","@id":"https:\/\/www.anovapeneira.gal\/index.php\/2020\/04\/24\/o-coronavirus-no-mundo-vii-a-republica-de-irlanda\/#article","isPartOf":{"@id":"https:\/\/www.anovapeneira.gal\/index.php\/2020\/04\/24\/o-coronavirus-no-mundo-vii-a-republica-de-irlanda\/"},"author":{"name":"Redacci\u00f3n A Nova Peneira","@id":"https:\/\/www.anovapeneira.gal\/#\/schema\/person\/b93e3f8932e3f8da96334607eb6ac6aa"},"headline":"O coronavirus no mundo VII: a Rep\u00fablica de Irlanda","datePublished":"2020-04-24T10:00:36+00:00","mainEntityOfPage":{"@id":"https:\/\/www.anovapeneira.gal\/index.php\/2020\/04\/24\/o-coronavirus-no-mundo-vii-a-republica-de-irlanda\/"},"wordCount":722,"commentCount":0,"publisher":{"@id":"https:\/\/www.anovapeneira.gal\/#organization"},"image":{"@id":"https:\/\/www.anovapeneira.gal\/index.php\/2020\/04\/24\/o-coronavirus-no-mundo-vii-a-republica-de-irlanda\/#primaryimage"},"thumbnailUrl":"https:\/\/www.anovapeneira.gal\/wp-content\/uploads\/2020\/04\/joshua_irlanda_coronavirus_no_mundo_a_nova_peneira.jpg","keywords":["Concello de Pontevedra","coronavirus no mundo","COVID19"],"articleSection":["Pontevedra"],"inLanguage":"gl-ES","potentialAction":[{"@type":"CommentAction","name":"Comment","target":["https:\/\/www.anovapeneira.gal\/index.php\/2020\/04\/24\/o-coronavirus-no-mundo-vii-a-republica-de-irlanda\/#respond"]}]},{"@type":"WebPage","@id":"https:\/\/www.anovapeneira.gal\/index.php\/2020\/04\/24\/o-coronavirus-no-mundo-vii-a-republica-de-irlanda\/","url":"https:\/\/www.anovapeneira.gal\/index.php\/2020\/04\/24\/o-coronavirus-no-mundo-vii-a-republica-de-irlanda\/","name":"O coronavirus no mundo VII: a Rep\u00fablica de Irlanda -","isPartOf":{"@id":"https:\/\/www.anovapeneira.gal\/#website"},"primaryImageOfPage":{"@id":"https:\/\/www.anovapeneira.gal\/index.php\/2020\/04\/24\/o-coronavirus-no-mundo-vii-a-republica-de-irlanda\/#primaryimage"},"image":{"@id":"https:\/\/www.anovapeneira.gal\/index.php\/2020\/04\/24\/o-coronavirus-no-mundo-vii-a-republica-de-irlanda\/#primaryimage"},"thumbnailUrl":"https:\/\/www.anovapeneira.gal\/wp-content\/uploads\/2020\/04\/joshua_irlanda_coronavirus_no_mundo_a_nova_peneira.jpg","datePublished":"2020-04-24T10:00:36+00:00","breadcrumb":{"@id":"https:\/\/www.anovapeneira.gal\/index.php\/2020\/04\/24\/o-coronavirus-no-mundo-vii-a-republica-de-irlanda\/#breadcrumb"},"inLanguage":"gl-ES","potentialAction":[{"@type":"ReadAction","target":["https:\/\/www.anovapeneira.gal\/index.php\/2020\/04\/24\/o-coronavirus-no-mundo-vii-a-republica-de-irlanda\/"]}]},{"@type":"ImageObject","inLanguage":"gl-ES","@id":"https:\/\/www.anovapeneira.gal\/index.php\/2020\/04\/24\/o-coronavirus-no-mundo-vii-a-republica-de-irlanda\/#primaryimage","url":"https:\/\/www.anovapeneira.gal\/wp-content\/uploads\/2020\/04\/joshua_irlanda_coronavirus_no_mundo_a_nova_peneira.jpg","contentUrl":"https:\/\/www.anovapeneira.gal\/wp-content\/uploads\/2020\/04\/joshua_irlanda_coronavirus_no_mundo_a_nova_peneira.jpg","width":720,"height":432,"caption":"Joshua Coronavirus no mundo Irlanda A Nova Peneira"},{"@type":"BreadcrumbList","@id":"https:\/\/www.anovapeneira.gal\/index.php\/2020\/04\/24\/o-coronavirus-no-mundo-vii-a-republica-de-irlanda\/#breadcrumb","itemListElement":[{"@type":"ListItem","position":1,"name":"Portada","item":"https:\/\/www.anovapeneira.gal\/"},{"@type":"ListItem","position":2,"name":"O coronavirus no mundo VII: a Rep\u00fablica de Irlanda"}]},{"@type":"WebSite","@id":"https:\/\/www.anovapeneira.gal\/#website","url":"https:\/\/www.anovapeneira.gal\/","name":"","description":"Xornal galego de informaci\u00f3n xeral Publicaci\u00f3n mensual de novas de Galicia e en especial dos Concellos da sur da provincia de Pontevedra.","publisher":{"@id":"https:\/\/www.anovapeneira.gal\/#organization"},"potentialAction":[{"@type":"SearchAction","target":{"@type":"EntryPoint","urlTemplate":"https:\/\/www.anovapeneira.gal\/?s={search_term_string}"},"query-input":{"@type":"PropertyValueSpecification","valueRequired":true,"valueName":"search_term_string"}}],"inLanguage":"gl-ES"},{"@type":"Organization","@id":"https:\/\/www.anovapeneira.gal\/#organization","name":"A Nova Peneira","url":"https:\/\/www.anovapeneira.gal\/","logo":{"@type":"ImageObject","inLanguage":"gl-ES","@id":"https:\/\/www.anovapeneira.gal\/#\/schema\/logo\/image\/","url":"http:\/\/www.anovapeneira.gal\/wp-content\/uploads\/2019\/06\/logo_a_nova_peneira_portal_web.png","contentUrl":"http:\/\/www.anovapeneira.gal\/wp-content\/uploads\/2019\/06\/logo_a_nova_peneira_portal_web.png","width":300,"height":100,"caption":"A Nova Peneira"},"image":{"@id":"https:\/\/www.anovapeneira.gal\/#\/schema\/logo\/image\/"},"sameAs":["https:\/\/www.facebook.com\/anovapeneira","https:\/\/x.com\/APeneira"]},{"@type":"Person","@id":"https:\/\/www.anovapeneira.gal\/#\/schema\/person\/b93e3f8932e3f8da96334607eb6ac6aa","name":"Redacci\u00f3n A Nova Peneira","image":{"@type":"ImageObject","inLanguage":"gl-ES","@id":"https:\/\/secure.gravatar.com\/avatar\/c052a2551a06e23fac63626232eaa90abd78dbcf1700fc46a2b2c89fd27b735f?s=96&d=mm&r=g","url":"https:\/\/secure.gravatar.com\/avatar\/c052a2551a06e23fac63626232eaa90abd78dbcf1700fc46a2b2c89fd27b735f?s=96&d=mm&r=g","contentUrl":"https:\/\/secure.gravatar.com\/avatar\/c052a2551a06e23fac63626232eaa90abd78dbcf1700fc46a2b2c89fd27b735f?s=96&d=mm&r=g","caption":"Redacci\u00f3n A Nova Peneira"},"sameAs":["http:\/\/www.anovapeneira.gal\/"],"url":"https:\/\/www.anovapeneira.gal\/index.php\/author\/redactor\/"}]}},"jetpack_featured_media_url":"https:\/\/www.anovapeneira.gal\/wp-content\/uploads\/2020\/04\/joshua_irlanda_coronavirus_no_mundo_a_nova_peneira.jpg","_links":{"self":[{"href":"https:\/\/www.anovapeneira.gal\/index.php\/wp-json\/wp\/v2\/posts\/2990","targetHints":{"allow":["GET"]}}],"collection":[{"href":"https:\/\/www.anovapeneira.gal\/index.php\/wp-json\/wp\/v2\/posts"}],"about":[{"href":"https:\/\/www.anovapeneira.gal\/index.php\/wp-json\/wp\/v2\/types\/post"}],"author":[{"embeddable":true,"href":"https:\/\/www.anovapeneira.gal\/index.php\/wp-json\/wp\/v2\/users\/3"}],"replies":[{"embeddable":true,"href":"https:\/\/www.anovapeneira.gal\/index.php\/wp-json\/wp\/v2\/comments?post=2990"}],"version-history":[{"count":2,"href":"https:\/\/www.anovapeneira.gal\/index.php\/wp-json\/wp\/v2\/posts\/2990\/revisions"}],"predecessor-version":[{"id":2993,"href":"https:\/\/www.anovapeneira.gal\/index.php\/wp-json\/wp\/v2\/posts\/2990\/revisions\/2993"}],"wp:featuredmedia":[{"embeddable":true,"href":"https:\/\/www.anovapeneira.gal\/index.php\/wp-json\/wp\/v2\/media\/2992"}],"wp:attachment":[{"href":"https:\/\/www.anovapeneira.gal\/index.php\/wp-json\/wp\/v2\/media?parent=2990"}],"wp:term":[{"taxonomy":"category","embeddable":true,"href":"https:\/\/www.anovapeneira.gal\/index.php\/wp-json\/wp\/v2\/categories?post=2990"},{"taxonomy":"post_tag","embeddable":true,"href":"https:\/\/www.anovapeneira.gal\/index.php\/wp-json\/wp\/v2\/tags?post=2990"}],"curies":[{"name":"wp","href":"https:\/\/api.w.org\/{rel}","templated":true}]}}