{"id":2994,"date":"2020-04-27T10:00:29","date_gmt":"2020-04-27T08:00:29","guid":{"rendered":"http:\/\/www.anovapeneira.gal\/?p=2994"},"modified":"2020-04-26T16:44:56","modified_gmt":"2020-04-26T14:44:56","slug":"arte-lixo-e-sinha-paca-reinventan-a-participacion-cidada-na-cultura-de-redondela","status":"publish","type":"post","link":"https:\/\/www.anovapeneira.gal\/index.php\/2020\/04\/27\/arte-lixo-e-sinha-paca-reinventan-a-participacion-cidada-na-cultura-de-redondela\/","title":{"rendered":"Arte Lixo e Sinha Paca reinventan a participaci\u00f3n cidad\u00e1 na cultura de Redondela"},"content":{"rendered":"\n<p>Como de todos xa \u00e9 sabido en Redondela este ano por motivos obvios ad\u00edase a celebraci\u00f3n dos actos culturais previstos con motivo da 25 edici\u00f3n, pero os organizadores non \u00edan quedar quietos e lanzan d\u00faas versi\u00f3ns no confinamento, Arte-Lixo confinado e Arte -Lixo-concienciado e Parna-Lixo confinado; na primeira modalidade an\u00edmase a enviar unha fotograf\u00eda das obras ao correo da organizaci\u00f3n artelixo@gmail.com , sempre con material de refugallo. A segunda e unha composici\u00f3n escrita, na que se invita a reflexionar entre outras cousas sobre do confinamento, todas as obras recibidas ser\u00e1n postas ao publico en xeral tanto na p\u00e1xina de Arte-lixo, Facebook, Instagram para que se poidan desfrutar dende a casa na mentres o tempo, a crise, as autoridades consideren oportuno ser\u00e1n expostas pola vila. Asemade Arte-Lixo non se esquece dos mais cativos e prop\u00f3n un gran mural, no que cada cativo nun folio faga a s\u00faa composici\u00f3n crom\u00e1tica para logo unir todas nun gran mural a expo\u00f1er a volta do Arte-Lixo deste ano.<\/p>\n\n\n\n<div class=\"wp-block-image\"><figure class=\"aligncenter size-large is-resized\"><img loading=\"lazy\" decoding=\"async\" src=\"http:\/\/www.anovapeneira.gal\/wp-content\/uploads\/2020\/04\/arte_lixo_a_nova_peneira-572x1024.jpg\" alt=\"\" class=\"wp-image-2996\" width=\"429\" height=\"768\" srcset=\"https:\/\/www.anovapeneira.gal\/wp-content\/uploads\/2020\/04\/arte_lixo_a_nova_peneira-572x1024.jpg 572w, https:\/\/www.anovapeneira.gal\/wp-content\/uploads\/2020\/04\/arte_lixo_a_nova_peneira-168x300.jpg 168w, https:\/\/www.anovapeneira.gal\/wp-content\/uploads\/2020\/04\/arte_lixo_a_nova_peneira.jpg 756w\" sizes=\"auto, (max-width: 429px) 100vw, 429px\" \/><\/figure><\/div>\n\n\n\n<p>Por outra banda o colectivo de artistas e activistas culturais &#8220;Sinha Paca&#8221; organiza xunto a Conceller\u00eda de Cultura do Concello unha certame de maios virtual, ante a suspensi\u00f3n dunha festa tan importante a nivel local como \u00e9 a que se celebra o un de maio, convocan os &#8220;Maios Confinados&#8221; coa idea de que a veci\u00f1anza participe neste acto tradicional dende as s\u00faas casas evidentemente coas medidas sanitarias correspondentes facendo ( miniaturas, maquetas ou literalmente (o que se poida) as\u00ed como tam\u00e9n coplas (m\u00ednimo de seis) para subires as redes sociais do colectivo Sinha Paca e do concello de Redondela. Esta convocatoria est\u00e1 aberta a todos colectivos sociais, familias e a tido persoal, e por suposto haber\u00e1 apartado de coplas. os interesados poden enviar as fotograf\u00edas, e coplas (inclusive un v\u00eddeo interpretando as coplas, optativo) a cultura@redondela.gal indicando nome do maio, fotograf\u00eda do maio, coplas en pdf ou doc, e o v\u00eddeo (opcional), xuntando nun de tel\u00e9fono, correo electr\u00f3nico pois haber\u00e1 premios para os mellores maios, coplas e interpretaci\u00f3n; como non pod\u00eda ser doutro xeito os premios ser\u00e1n en prol da cultura, lotes de libros i entradas para os diferentes actos culturais da vila.<\/p>\n\n\n\n<p>Como sempre en Redondela a cultura da man do pobo e para o pobo, segundo as organizaci\u00f3ns est\u00e1n a ter estas iniciativas unha acollida espectacular, de feito te\u00f1en que triplicar as publicaci\u00f3ns das obras , pola banda da Nova Peneira en exclusiva nacional galega a composici\u00f3n que abre o Parna-Lixo deste ano, parida por un dos nosos grandes, un dos pais da nosa cultura e un home que leva Redondela por onde vai, Eduardo Rodr\u00edguez Cunha &#8220;Tat\u00e1n&#8221;.<\/p>\n","protected":false},"excerpt":{"rendered":"<div class=\"mh-excerpt\"><p>Como de todos xa \u00e9 sabido en Redondela este ano por motivos obvios ad\u00edase a celebraci\u00f3n dos actos culturais previstos con motivo da 25 edici\u00f3n <a class=\"mh-excerpt-more\" href=\"https:\/\/www.anovapeneira.gal\/index.php\/2020\/04\/27\/arte-lixo-e-sinha-paca-reinventan-a-participacion-cidada-na-cultura-de-redondela\/\" title=\"Arte Lixo e Sinha Paca reinventan a participaci\u00f3n cidad\u00e1 na cultura de Redondela\">[&#8230;]<\/a><\/p>\n<\/div>","protected":false},"author":6,"featured_media":2995,"comment_status":"open","ping_status":"open","sticky":false,"template":"","format":"standard","meta":{"_exactmetrics_skip_tracking":false,"_exactmetrics_sitenote_active":false,"_exactmetrics_sitenote_note":"","_exactmetrics_sitenote_category":0,"footnotes":""},"categories":[24],"tags":[32,171,33],"class_list":{"0":"post-2994","1":"post","2":"type-post","3":"status-publish","4":"format-standard","5":"has-post-thumbnail","7":"category-redondela","8":"tag-arte-lixo","9":"tag-concello-de-redondela","10":"tag-cultura"},"yoast_head":"<!-- This site is optimized with the Yoast SEO plugin v27.4 - https:\/\/yoast.com\/product\/yoast-seo-wordpress\/ -->\n<title>Arte Lixo e Sinha Paca reinventan a participaci\u00f3n cidad\u00e1 na cultura de Redondela -<\/title>\n<meta name=\"robots\" content=\"index, follow, max-snippet:-1, max-image-preview:large, max-video-preview:-1\" \/>\n<link rel=\"canonical\" href=\"https:\/\/www.anovapeneira.gal\/index.php\/2020\/04\/27\/arte-lixo-e-sinha-paca-reinventan-a-participacion-cidada-na-cultura-de-redondela\/\" \/>\n<meta property=\"og:locale\" content=\"gl_ES\" \/>\n<meta property=\"og:type\" content=\"article\" \/>\n<meta property=\"og:title\" content=\"Arte Lixo e Sinha Paca reinventan a participaci\u00f3n cidad\u00e1 na cultura de Redondela -\" \/>\n<meta property=\"og:description\" content=\"Como de todos xa \u00e9 sabido en Redondela este ano por motivos obvios ad\u00edase a celebraci\u00f3n dos actos culturais previstos con motivo da 25 edici\u00f3n [...]\" \/>\n<meta property=\"og:url\" content=\"https:\/\/www.anovapeneira.gal\/index.php\/2020\/04\/27\/arte-lixo-e-sinha-paca-reinventan-a-participacion-cidada-na-cultura-de-redondela\/\" \/>\n<meta property=\"article:publisher\" content=\"https:\/\/www.facebook.com\/anovapeneira\" \/>\n<meta property=\"article:published_time\" content=\"2020-04-27T08:00:29+00:00\" \/>\n<meta property=\"og:image\" content=\"https:\/\/www.anovapeneira.gal\/wp-content\/uploads\/2020\/04\/arte_lixo_redondela_a_nova_peneira.jpg\" \/>\n\t<meta property=\"og:image:width\" content=\"720\" \/>\n\t<meta property=\"og:image:height\" content=\"432\" \/>\n\t<meta property=\"og:image:type\" content=\"image\/jpeg\" \/>\n<meta name=\"author\" content=\"Marcos Santos\" \/>\n<meta name=\"twitter:card\" content=\"summary_large_image\" \/>\n<meta name=\"twitter:creator\" content=\"@APeneira\" \/>\n<meta name=\"twitter:site\" content=\"@APeneira\" \/>\n<meta name=\"twitter:label1\" content=\"Escrito por\" \/>\n\t<meta name=\"twitter:data1\" content=\"Marcos Santos\" \/>\n\t<meta name=\"twitter:label2\" content=\"Tempo de lectura\" \/>\n\t<meta name=\"twitter:data2\" content=\"2 minutos\" \/>\n<script type=\"application\/ld+json\" class=\"yoast-schema-graph\">{\"@context\":\"https:\\\/\\\/schema.org\",\"@graph\":[{\"@type\":\"Article\",\"@id\":\"https:\\\/\\\/www.anovapeneira.gal\\\/index.php\\\/2020\\\/04\\\/27\\\/arte-lixo-e-sinha-paca-reinventan-a-participacion-cidada-na-cultura-de-redondela\\\/#article\",\"isPartOf\":{\"@id\":\"https:\\\/\\\/www.anovapeneira.gal\\\/index.php\\\/2020\\\/04\\\/27\\\/arte-lixo-e-sinha-paca-reinventan-a-participacion-cidada-na-cultura-de-redondela\\\/\"},\"author\":{\"name\":\"Marcos Santos\",\"@id\":\"https:\\\/\\\/www.anovapeneira.gal\\\/#\\\/schema\\\/person\\\/d9d84823564720e7593293bab054e52d\"},\"headline\":\"Arte Lixo e Sinha Paca reinventan a participaci\u00f3n cidad\u00e1 na cultura de Redondela\",\"datePublished\":\"2020-04-27T08:00:29+00:00\",\"mainEntityOfPage\":{\"@id\":\"https:\\\/\\\/www.anovapeneira.gal\\\/index.php\\\/2020\\\/04\\\/27\\\/arte-lixo-e-sinha-paca-reinventan-a-participacion-cidada-na-cultura-de-redondela\\\/\"},\"wordCount\":484,\"commentCount\":0,\"publisher\":{\"@id\":\"https:\\\/\\\/www.anovapeneira.gal\\\/#organization\"},\"image\":{\"@id\":\"https:\\\/\\\/www.anovapeneira.gal\\\/index.php\\\/2020\\\/04\\\/27\\\/arte-lixo-e-sinha-paca-reinventan-a-participacion-cidada-na-cultura-de-redondela\\\/#primaryimage\"},\"thumbnailUrl\":\"https:\\\/\\\/www.anovapeneira.gal\\\/wp-content\\\/uploads\\\/2020\\\/04\\\/arte_lixo_redondela_a_nova_peneira.jpg\",\"keywords\":[\"Arte lixo\",\"Concello de Redondela\",\"Cultura\"],\"articleSection\":[\"Redondela\"],\"inLanguage\":\"gl-ES\",\"potentialAction\":[{\"@type\":\"CommentAction\",\"name\":\"Comment\",\"target\":[\"https:\\\/\\\/www.anovapeneira.gal\\\/index.php\\\/2020\\\/04\\\/27\\\/arte-lixo-e-sinha-paca-reinventan-a-participacion-cidada-na-cultura-de-redondela\\\/#respond\"]}]},{\"@type\":\"WebPage\",\"@id\":\"https:\\\/\\\/www.anovapeneira.gal\\\/index.php\\\/2020\\\/04\\\/27\\\/arte-lixo-e-sinha-paca-reinventan-a-participacion-cidada-na-cultura-de-redondela\\\/\",\"url\":\"https:\\\/\\\/www.anovapeneira.gal\\\/index.php\\\/2020\\\/04\\\/27\\\/arte-lixo-e-sinha-paca-reinventan-a-participacion-cidada-na-cultura-de-redondela\\\/\",\"name\":\"Arte Lixo e Sinha Paca reinventan a participaci\u00f3n cidad\u00e1 na cultura de Redondela -\",\"isPartOf\":{\"@id\":\"https:\\\/\\\/www.anovapeneira.gal\\\/#website\"},\"primaryImageOfPage\":{\"@id\":\"https:\\\/\\\/www.anovapeneira.gal\\\/index.php\\\/2020\\\/04\\\/27\\\/arte-lixo-e-sinha-paca-reinventan-a-participacion-cidada-na-cultura-de-redondela\\\/#primaryimage\"},\"image\":{\"@id\":\"https:\\\/\\\/www.anovapeneira.gal\\\/index.php\\\/2020\\\/04\\\/27\\\/arte-lixo-e-sinha-paca-reinventan-a-participacion-cidada-na-cultura-de-redondela\\\/#primaryimage\"},\"thumbnailUrl\":\"https:\\\/\\\/www.anovapeneira.gal\\\/wp-content\\\/uploads\\\/2020\\\/04\\\/arte_lixo_redondela_a_nova_peneira.jpg\",\"datePublished\":\"2020-04-27T08:00:29+00:00\",\"breadcrumb\":{\"@id\":\"https:\\\/\\\/www.anovapeneira.gal\\\/index.php\\\/2020\\\/04\\\/27\\\/arte-lixo-e-sinha-paca-reinventan-a-participacion-cidada-na-cultura-de-redondela\\\/#breadcrumb\"},\"inLanguage\":\"gl-ES\",\"potentialAction\":[{\"@type\":\"ReadAction\",\"target\":[\"https:\\\/\\\/www.anovapeneira.gal\\\/index.php\\\/2020\\\/04\\\/27\\\/arte-lixo-e-sinha-paca-reinventan-a-participacion-cidada-na-cultura-de-redondela\\\/\"]}]},{\"@type\":\"ImageObject\",\"inLanguage\":\"gl-ES\",\"@id\":\"https:\\\/\\\/www.anovapeneira.gal\\\/index.php\\\/2020\\\/04\\\/27\\\/arte-lixo-e-sinha-paca-reinventan-a-participacion-cidada-na-cultura-de-redondela\\\/#primaryimage\",\"url\":\"https:\\\/\\\/www.anovapeneira.gal\\\/wp-content\\\/uploads\\\/2020\\\/04\\\/arte_lixo_redondela_a_nova_peneira.jpg\",\"contentUrl\":\"https:\\\/\\\/www.anovapeneira.gal\\\/wp-content\\\/uploads\\\/2020\\\/04\\\/arte_lixo_redondela_a_nova_peneira.jpg\",\"width\":720,\"height\":432,\"caption\":\"Arte lixo Redondela A Nova Peneira\"},{\"@type\":\"BreadcrumbList\",\"@id\":\"https:\\\/\\\/www.anovapeneira.gal\\\/index.php\\\/2020\\\/04\\\/27\\\/arte-lixo-e-sinha-paca-reinventan-a-participacion-cidada-na-cultura-de-redondela\\\/#breadcrumb\",\"itemListElement\":[{\"@type\":\"ListItem\",\"position\":1,\"name\":\"Portada\",\"item\":\"https:\\\/\\\/www.anovapeneira.gal\\\/\"},{\"@type\":\"ListItem\",\"position\":2,\"name\":\"Arte Lixo e Sinha Paca reinventan a participaci\u00f3n cidad\u00e1 na cultura de Redondela\"}]},{\"@type\":\"WebSite\",\"@id\":\"https:\\\/\\\/www.anovapeneira.gal\\\/#website\",\"url\":\"https:\\\/\\\/www.anovapeneira.gal\\\/\",\"name\":\"\",\"description\":\"Xornal galego de informaci\u00f3n xeral Publicaci\u00f3n mensual de novas de Galicia e en especial dos Concellos da sur da provincia de Pontevedra.\",\"publisher\":{\"@id\":\"https:\\\/\\\/www.anovapeneira.gal\\\/#organization\"},\"potentialAction\":[{\"@type\":\"SearchAction\",\"target\":{\"@type\":\"EntryPoint\",\"urlTemplate\":\"https:\\\/\\\/www.anovapeneira.gal\\\/?s={search_term_string}\"},\"query-input\":{\"@type\":\"PropertyValueSpecification\",\"valueRequired\":true,\"valueName\":\"search_term_string\"}}],\"inLanguage\":\"gl-ES\"},{\"@type\":\"Organization\",\"@id\":\"https:\\\/\\\/www.anovapeneira.gal\\\/#organization\",\"name\":\"A Nova Peneira\",\"url\":\"https:\\\/\\\/www.anovapeneira.gal\\\/\",\"logo\":{\"@type\":\"ImageObject\",\"inLanguage\":\"gl-ES\",\"@id\":\"https:\\\/\\\/www.anovapeneira.gal\\\/#\\\/schema\\\/logo\\\/image\\\/\",\"url\":\"http:\\\/\\\/www.anovapeneira.gal\\\/wp-content\\\/uploads\\\/2019\\\/06\\\/logo_a_nova_peneira_portal_web.png\",\"contentUrl\":\"http:\\\/\\\/www.anovapeneira.gal\\\/wp-content\\\/uploads\\\/2019\\\/06\\\/logo_a_nova_peneira_portal_web.png\",\"width\":300,\"height\":100,\"caption\":\"A Nova Peneira\"},\"image\":{\"@id\":\"https:\\\/\\\/www.anovapeneira.gal\\\/#\\\/schema\\\/logo\\\/image\\\/\"},\"sameAs\":[\"https:\\\/\\\/www.facebook.com\\\/anovapeneira\",\"https:\\\/\\\/x.com\\\/APeneira\"]},{\"@type\":\"Person\",\"@id\":\"https:\\\/\\\/www.anovapeneira.gal\\\/#\\\/schema\\\/person\\\/d9d84823564720e7593293bab054e52d\",\"name\":\"Marcos Santos\",\"image\":{\"@type\":\"ImageObject\",\"inLanguage\":\"gl-ES\",\"@id\":\"https:\\\/\\\/secure.gravatar.com\\\/avatar\\\/0e8017099a7a47c0a9d2275e865fe326484561eb3d70649069e4b8e61a8d2e8c?s=96&d=mm&r=g\",\"url\":\"https:\\\/\\\/secure.gravatar.com\\\/avatar\\\/0e8017099a7a47c0a9d2275e865fe326484561eb3d70649069e4b8e61a8d2e8c?s=96&d=mm&r=g\",\"contentUrl\":\"https:\\\/\\\/secure.gravatar.com\\\/avatar\\\/0e8017099a7a47c0a9d2275e865fe326484561eb3d70649069e4b8e61a8d2e8c?s=96&d=mm&r=g\",\"caption\":\"Marcos Santos\"},\"sameAs\":[\"http:\\\/\\\/anovapeneira.gal\"],\"url\":\"https:\\\/\\\/www.anovapeneira.gal\\\/index.php\\\/author\\\/marcos-santos\\\/\"}]}<\/script>\n<!-- \/ Yoast SEO plugin. -->","yoast_head_json":{"title":"Arte Lixo e Sinha Paca reinventan a participaci\u00f3n cidad\u00e1 na cultura de Redondela -","robots":{"index":"index","follow":"follow","max-snippet":"max-snippet:-1","max-image-preview":"max-image-preview:large","max-video-preview":"max-video-preview:-1"},"canonical":"https:\/\/www.anovapeneira.gal\/index.php\/2020\/04\/27\/arte-lixo-e-sinha-paca-reinventan-a-participacion-cidada-na-cultura-de-redondela\/","og_locale":"gl_ES","og_type":"article","og_title":"Arte Lixo e Sinha Paca reinventan a participaci\u00f3n cidad\u00e1 na cultura de Redondela -","og_description":"Como de todos xa \u00e9 sabido en Redondela este ano por motivos obvios ad\u00edase a celebraci\u00f3n dos actos culturais previstos con motivo da 25 edici\u00f3n [...]","og_url":"https:\/\/www.anovapeneira.gal\/index.php\/2020\/04\/27\/arte-lixo-e-sinha-paca-reinventan-a-participacion-cidada-na-cultura-de-redondela\/","article_publisher":"https:\/\/www.facebook.com\/anovapeneira","article_published_time":"2020-04-27T08:00:29+00:00","og_image":[{"width":720,"height":432,"url":"https:\/\/www.anovapeneira.gal\/wp-content\/uploads\/2020\/04\/arte_lixo_redondela_a_nova_peneira.jpg","type":"image\/jpeg"}],"author":"Marcos Santos","twitter_card":"summary_large_image","twitter_creator":"@APeneira","twitter_site":"@APeneira","twitter_misc":{"Escrito por":"Marcos Santos","Tempo de lectura":"2 minutos"},"schema":{"@context":"https:\/\/schema.org","@graph":[{"@type":"Article","@id":"https:\/\/www.anovapeneira.gal\/index.php\/2020\/04\/27\/arte-lixo-e-sinha-paca-reinventan-a-participacion-cidada-na-cultura-de-redondela\/#article","isPartOf":{"@id":"https:\/\/www.anovapeneira.gal\/index.php\/2020\/04\/27\/arte-lixo-e-sinha-paca-reinventan-a-participacion-cidada-na-cultura-de-redondela\/"},"author":{"name":"Marcos Santos","@id":"https:\/\/www.anovapeneira.gal\/#\/schema\/person\/d9d84823564720e7593293bab054e52d"},"headline":"Arte Lixo e Sinha Paca reinventan a participaci\u00f3n cidad\u00e1 na cultura de Redondela","datePublished":"2020-04-27T08:00:29+00:00","mainEntityOfPage":{"@id":"https:\/\/www.anovapeneira.gal\/index.php\/2020\/04\/27\/arte-lixo-e-sinha-paca-reinventan-a-participacion-cidada-na-cultura-de-redondela\/"},"wordCount":484,"commentCount":0,"publisher":{"@id":"https:\/\/www.anovapeneira.gal\/#organization"},"image":{"@id":"https:\/\/www.anovapeneira.gal\/index.php\/2020\/04\/27\/arte-lixo-e-sinha-paca-reinventan-a-participacion-cidada-na-cultura-de-redondela\/#primaryimage"},"thumbnailUrl":"https:\/\/www.anovapeneira.gal\/wp-content\/uploads\/2020\/04\/arte_lixo_redondela_a_nova_peneira.jpg","keywords":["Arte lixo","Concello de Redondela","Cultura"],"articleSection":["Redondela"],"inLanguage":"gl-ES","potentialAction":[{"@type":"CommentAction","name":"Comment","target":["https:\/\/www.anovapeneira.gal\/index.php\/2020\/04\/27\/arte-lixo-e-sinha-paca-reinventan-a-participacion-cidada-na-cultura-de-redondela\/#respond"]}]},{"@type":"WebPage","@id":"https:\/\/www.anovapeneira.gal\/index.php\/2020\/04\/27\/arte-lixo-e-sinha-paca-reinventan-a-participacion-cidada-na-cultura-de-redondela\/","url":"https:\/\/www.anovapeneira.gal\/index.php\/2020\/04\/27\/arte-lixo-e-sinha-paca-reinventan-a-participacion-cidada-na-cultura-de-redondela\/","name":"Arte Lixo e Sinha Paca reinventan a participaci\u00f3n cidad\u00e1 na cultura de Redondela -","isPartOf":{"@id":"https:\/\/www.anovapeneira.gal\/#website"},"primaryImageOfPage":{"@id":"https:\/\/www.anovapeneira.gal\/index.php\/2020\/04\/27\/arte-lixo-e-sinha-paca-reinventan-a-participacion-cidada-na-cultura-de-redondela\/#primaryimage"},"image":{"@id":"https:\/\/www.anovapeneira.gal\/index.php\/2020\/04\/27\/arte-lixo-e-sinha-paca-reinventan-a-participacion-cidada-na-cultura-de-redondela\/#primaryimage"},"thumbnailUrl":"https:\/\/www.anovapeneira.gal\/wp-content\/uploads\/2020\/04\/arte_lixo_redondela_a_nova_peneira.jpg","datePublished":"2020-04-27T08:00:29+00:00","breadcrumb":{"@id":"https:\/\/www.anovapeneira.gal\/index.php\/2020\/04\/27\/arte-lixo-e-sinha-paca-reinventan-a-participacion-cidada-na-cultura-de-redondela\/#breadcrumb"},"inLanguage":"gl-ES","potentialAction":[{"@type":"ReadAction","target":["https:\/\/www.anovapeneira.gal\/index.php\/2020\/04\/27\/arte-lixo-e-sinha-paca-reinventan-a-participacion-cidada-na-cultura-de-redondela\/"]}]},{"@type":"ImageObject","inLanguage":"gl-ES","@id":"https:\/\/www.anovapeneira.gal\/index.php\/2020\/04\/27\/arte-lixo-e-sinha-paca-reinventan-a-participacion-cidada-na-cultura-de-redondela\/#primaryimage","url":"https:\/\/www.anovapeneira.gal\/wp-content\/uploads\/2020\/04\/arte_lixo_redondela_a_nova_peneira.jpg","contentUrl":"https:\/\/www.anovapeneira.gal\/wp-content\/uploads\/2020\/04\/arte_lixo_redondela_a_nova_peneira.jpg","width":720,"height":432,"caption":"Arte lixo Redondela A Nova Peneira"},{"@type":"BreadcrumbList","@id":"https:\/\/www.anovapeneira.gal\/index.php\/2020\/04\/27\/arte-lixo-e-sinha-paca-reinventan-a-participacion-cidada-na-cultura-de-redondela\/#breadcrumb","itemListElement":[{"@type":"ListItem","position":1,"name":"Portada","item":"https:\/\/www.anovapeneira.gal\/"},{"@type":"ListItem","position":2,"name":"Arte Lixo e Sinha Paca reinventan a participaci\u00f3n cidad\u00e1 na cultura de Redondela"}]},{"@type":"WebSite","@id":"https:\/\/www.anovapeneira.gal\/#website","url":"https:\/\/www.anovapeneira.gal\/","name":"","description":"Xornal galego de informaci\u00f3n xeral Publicaci\u00f3n mensual de novas de Galicia e en especial dos Concellos da sur da provincia de Pontevedra.","publisher":{"@id":"https:\/\/www.anovapeneira.gal\/#organization"},"potentialAction":[{"@type":"SearchAction","target":{"@type":"EntryPoint","urlTemplate":"https:\/\/www.anovapeneira.gal\/?s={search_term_string}"},"query-input":{"@type":"PropertyValueSpecification","valueRequired":true,"valueName":"search_term_string"}}],"inLanguage":"gl-ES"},{"@type":"Organization","@id":"https:\/\/www.anovapeneira.gal\/#organization","name":"A Nova Peneira","url":"https:\/\/www.anovapeneira.gal\/","logo":{"@type":"ImageObject","inLanguage":"gl-ES","@id":"https:\/\/www.anovapeneira.gal\/#\/schema\/logo\/image\/","url":"http:\/\/www.anovapeneira.gal\/wp-content\/uploads\/2019\/06\/logo_a_nova_peneira_portal_web.png","contentUrl":"http:\/\/www.anovapeneira.gal\/wp-content\/uploads\/2019\/06\/logo_a_nova_peneira_portal_web.png","width":300,"height":100,"caption":"A Nova Peneira"},"image":{"@id":"https:\/\/www.anovapeneira.gal\/#\/schema\/logo\/image\/"},"sameAs":["https:\/\/www.facebook.com\/anovapeneira","https:\/\/x.com\/APeneira"]},{"@type":"Person","@id":"https:\/\/www.anovapeneira.gal\/#\/schema\/person\/d9d84823564720e7593293bab054e52d","name":"Marcos Santos","image":{"@type":"ImageObject","inLanguage":"gl-ES","@id":"https:\/\/secure.gravatar.com\/avatar\/0e8017099a7a47c0a9d2275e865fe326484561eb3d70649069e4b8e61a8d2e8c?s=96&d=mm&r=g","url":"https:\/\/secure.gravatar.com\/avatar\/0e8017099a7a47c0a9d2275e865fe326484561eb3d70649069e4b8e61a8d2e8c?s=96&d=mm&r=g","contentUrl":"https:\/\/secure.gravatar.com\/avatar\/0e8017099a7a47c0a9d2275e865fe326484561eb3d70649069e4b8e61a8d2e8c?s=96&d=mm&r=g","caption":"Marcos Santos"},"sameAs":["http:\/\/anovapeneira.gal"],"url":"https:\/\/www.anovapeneira.gal\/index.php\/author\/marcos-santos\/"}]}},"jetpack_featured_media_url":"https:\/\/www.anovapeneira.gal\/wp-content\/uploads\/2020\/04\/arte_lixo_redondela_a_nova_peneira.jpg","_links":{"self":[{"href":"https:\/\/www.anovapeneira.gal\/index.php\/wp-json\/wp\/v2\/posts\/2994","targetHints":{"allow":["GET"]}}],"collection":[{"href":"https:\/\/www.anovapeneira.gal\/index.php\/wp-json\/wp\/v2\/posts"}],"about":[{"href":"https:\/\/www.anovapeneira.gal\/index.php\/wp-json\/wp\/v2\/types\/post"}],"author":[{"embeddable":true,"href":"https:\/\/www.anovapeneira.gal\/index.php\/wp-json\/wp\/v2\/users\/6"}],"replies":[{"embeddable":true,"href":"https:\/\/www.anovapeneira.gal\/index.php\/wp-json\/wp\/v2\/comments?post=2994"}],"version-history":[{"count":1,"href":"https:\/\/www.anovapeneira.gal\/index.php\/wp-json\/wp\/v2\/posts\/2994\/revisions"}],"predecessor-version":[{"id":2997,"href":"https:\/\/www.anovapeneira.gal\/index.php\/wp-json\/wp\/v2\/posts\/2994\/revisions\/2997"}],"wp:featuredmedia":[{"embeddable":true,"href":"https:\/\/www.anovapeneira.gal\/index.php\/wp-json\/wp\/v2\/media\/2995"}],"wp:attachment":[{"href":"https:\/\/www.anovapeneira.gal\/index.php\/wp-json\/wp\/v2\/media?parent=2994"}],"wp:term":[{"taxonomy":"category","embeddable":true,"href":"https:\/\/www.anovapeneira.gal\/index.php\/wp-json\/wp\/v2\/categories?post=2994"},{"taxonomy":"post_tag","embeddable":true,"href":"https:\/\/www.anovapeneira.gal\/index.php\/wp-json\/wp\/v2\/tags?post=2994"}],"curies":[{"name":"wp","href":"https:\/\/api.w.org\/{rel}","templated":true}]}}