{"id":3005,"date":"2020-04-28T12:00:15","date_gmt":"2020-04-28T10:00:15","guid":{"rendered":"http:\/\/www.anovapeneira.gal\/?p=3005"},"modified":"2020-04-26T17:14:34","modified_gmt":"2020-04-26T15:14:34","slug":"planificacion-ou-o-abismo-do-panico","status":"publish","type":"post","link":"https:\/\/www.anovapeneira.gal\/index.php\/2020\/04\/28\/planificacion-ou-o-abismo-do-panico\/","title":{"rendered":"Planificaci\u00f3n ou o abismo do p\u00e1nico"},"content":{"rendered":"\n<figure class=\"wp-block-image size-large is-resized\"><img loading=\"lazy\" decoding=\"async\" src=\"http:\/\/www.anovapeneira.gal\/wp-content\/uploads\/2019\/07\/cristobal_a_nova_peneira.jpg\" alt=\"Crist\u00f3bal L\u00f3pez A Nova Peneira\" class=\"wp-image-555\" width=\"95\" height=\"111\"\/><figcaption>Crist\u00f3bal L\u00f3pez Pazo | Comuneiro dos montes de Tameiga, militante de anticapitalistas, ecoloxista en acci\u00f3n e veci\u00f1o constitu\u00ednte da asemblea veci\u00f1al ga\u00f1aM\u00f3s<\/figcaption><\/figure>\n\n\n\n<p>Non son moi dado a evocar lembranzas persoais, pero ben porque o confinamiento \u00e9 caprichoso trastocando os vericuetos mentais o ben porque voume regondeando na nostalxia coa idade, desta vez vou incurrir no desliz.&nbsp;<\/p>\n\n\n\n<p>Podemos datar a an\u00e9cdota na metade da d\u00e9cada dos 80 cando eu deambulaba polo derradeiro curso da EGB. Vouno traducir para a xente deste s\u00e9culo: cursar\u00eda o segundo ano da ESO e o capitalismo espa\u00f1ol viv\u00eda os seus anos m\u00e1is gloriosos. Non lembro que asignatura deu p\u00e9 ao mestre para o seu acalorado discurso, pero o certo \u00e9 que aquel d\u00eda carente da abulia que imperaba nas s\u00faas clases embarcouse nunha diatriba contra a econom\u00eda planificada cunha defensa ac\u00e9rrima do &#8220;econom\u00eda libre\u201d. Daquela a\u00ednda non estaba de moda usar a palabra mercado, se contentaban con estirar at\u00e9 o infinito o significado da palabra &#8220;libre&#8221;.&nbsp;<\/p>\n\n\n\n<p>Tres de cada catro coller\u00edame aquela verborrea pensando nas musara\u00f1as da adolescencia, pero non quixo a desventura que fose o caso. Escoitei palabra a palabra, prestando tanta atenci\u00f3n ao mestre que case me esquezo de participar nos bostezar. Aquela contradicci\u00f3n medraba a cada palabra e comenzou a ecoar na mi\u00f1a cabeza. Resultaba agora que a planificaci\u00f3n non era axeitada nun aspecto tan fundamental da vida como a econom\u00eda, debiase segundo o mestre deixar todo ao azar e carente dunha coordinaci\u00f3n previa. Aquel mestre, irm\u00e1n nun colexio de curas, pero con m\u00e1is vocaci\u00f3n de charlat\u00e1n de feria, explicaranos coa mirada p\u00e9rdida aquilo de un e trino, pero nembargantes luc\u00eda unha mirada encendida na s\u00faa apolox\u00eda do capitalismo ante un auditorio renuente a abandonar o seu mundo interior para prestarlle atenci\u00f3n.&nbsp;<\/p>\n\n\n\n<p>A estridencia non quedaba a\u00ed, aquel mesmo mestre non hab\u00eda moitos d\u00edas disertara, entre o rumor dos nosos bostezos, sobre a importancia da planificaci\u00f3n agr\u00edcola para maximizar o aproveitamento dos recursos e agora pon\u00eda con desbordante entusiasmo o concepto de planificaci\u00f3n na picota.&nbsp;<\/p>\n\n\n\n<p>A indignaci\u00f3n na preadolescencia pode inflamarse sen l\u00edmites pero raramente sobrevive ao recreo. Pero o&nbsp; sucedido f\u00edsoxe un oco perdurable na mi\u00f1a memoria. Pasadas varias d\u00e9cadas, con algo m\u00e1is de madurez, podo entender, sen renegar da econom\u00eda planificada, que no parentese daquela d\u00e9cada a calquera encandilaba unha &#8220;econom\u00eda libre&#8221;. Unha decada espa\u00f1ola r\u00e9cord en crecemento do PIB que alumbraba a saida da cova franquista mentres que para o&nbsp; &#8220;mundo libre&#8221;&nbsp; o paradigma de econom\u00eda planificada era sin\u00f3nimo do estado totalitario sovietico que poucos anos despois colapsar\u00eda.&nbsp;<\/p>\n\n\n\n<p>Ningu\u00e9n quere ler a letra pequena at\u00e9 que remata a festa. Aqueles ef\u00edmeros tempos de vi\u00f1os e rosas estaban sustentados nunha expansi\u00f3n desenfrenada, regada de inversi\u00f3n estranxeira e unha sociedade ansiosa de deixar atr\u00e1s o seu pasado. Calquera sistema econ\u00f3mico reparte y perdices nesas circunstancias, pero quen paga logo a factura dos dispendios? Non atoparemos na prensa as esquelas que deixa o sistema capitalista, dar\u00edan para facer unha secci\u00f3n de necroloxicas dentro do papel salm\u00f3n onde escriben os gur\u00fas da econom\u00eda. Non hai cr\u00f3nica do reguero de empresas quebradas, dos recursos desperdiciados, do acaparemento dos bens e a asimetr\u00eda no reparto da riqueza ante a falta de redistribuci\u00f3n, do envelenamento do planeta que nos acolle&#8230;<\/p>\n\n\n\n<p>Pola contra non serei eu quen rompa unha lanza polo r\u00e9xime sovi\u00e9tico que dexenerou nunha burocracia totalitaria que perpetrou un capitalismo de estado. Xa bastante xeneroso denominandolo sovietico \u00e1 abominaci\u00f3n na que dexenerou a URSS e desde logo me nego a aceptar que o r\u00e9xime sovi\u00e9tico sexa un antecedente de palnificaci\u00f3n democr\u00e1tica da econom\u00eda.<\/p>\n\n\n\n<p>Que lonxe quedan os ecos da confrontaci\u00f3n entre bloques cando aqu\u00ed e agora, co capitalismo como sistema \u00fanico, temos que enfrentarnos a unha crise clim\u00e1tica, a unha crise sanitaria, a unha crise econ\u00f3mica e social. Quiz\u00e1s a unha crise civilizatoria que apee ao ser humano dos altares? Pero o certo \u00e9 que at\u00e9 aqu\u00ed nos arrastrou a \u201ceconom\u00eda libre&#8221; para despois pulsar o bot\u00f3n do p\u00e1nico e facer mutis polo foro ante as adversidades. Non teremos unha democracia plena at\u00e9 que a econom\u00eda se planifique colectivamente e a sociedade poda deliberar e escoller a onde quere ir e non verse arrastrada m\u00e1is polos intereses mercanc\u00eda dunha exigua minor\u00eda. Falo de m\u00e1is democracia, de m\u00e1is comunidade non de m\u00e1is estado centralizador. O poder de decisi\u00f3n colectivo en cada \u00e1mbito da producci\u00f3n e consumo. Podemos discutir case todo sobre como articular unha planificaci\u00f3n democr\u00e1tica nunha econom\u00eda tan imbricada como a actual. Podemos esbozar distintos sistemas de decisi\u00f3n, pero calquera eles ter\u00e1 que espo\u00f1erse ao continuo ensaio-erro-correcci\u00f3n para adaptalo \u00e1 realidade da condici\u00f3n humana.<\/p>\n\n\n\n<p>Hai quen lle pinta a cara ao coronavirus de exterminador apocal\u00edptico e quen o idolatra como mes\u00edas dunha nova era. A min chegariame con que a sociedade interiorizara que o comunal, o p\u00fablico, son os \u00fanicos baluartes en tempos de crise e que o fest\u00edn do capital non pode ir a cargo de desmantelalos. Se esa idea perdura e se imp\u00f3n ao credo dos mercados teremos unha pedra angular sobre a que construir unha alternativa.<\/p>\n\n\n\n<p>Para que esa idea non sexa relegada ao esquecemento pola apisonadora propagand\u00edstica do sistema debemos apoiar iniciativas como o\u00a0<strong>Plan de Choque Social.<\/strong> Est\u00e1 plataforma confederal, que contar cun nodo galego, est\u00e1 medrando e extendendose agrupando a novos colectivos sociais, asociaci\u00f3ns ecoloxistas e organizaci\u00f3ns sindicais. Fortalecer a Sanidade P\u00fablica, non deixar caer as persoas m\u00e1is desfavorecidas, transformar a econom\u00eda para pola ao servizo da vida, &#8230; son as medidas que defende esta plataforma e unha boa parte da sociedade.\u00a0<\/p>\n\n\n\n<p>Agardemos que a crise sanitaria faga caerlle a venda dos ollos ao resto e conformemos unha maior\u00eda de cambio. Unha maior\u00eda que queira decidir por si mesma e non deixarse arrastrar polos mercados.&nbsp;<\/p>\n","protected":false},"excerpt":{"rendered":"<div class=\"mh-excerpt\"><p>Non son moi dado a evocar lembranzas persoais, pero ben porque o confinamiento \u00e9 caprichoso trastocando os vericuetos mentais  <a class=\"mh-excerpt-more\" href=\"https:\/\/www.anovapeneira.gal\/index.php\/2020\/04\/28\/planificacion-ou-o-abismo-do-panico\/\" title=\"Planificaci\u00f3n ou o abismo do p\u00e1nico\">[&#8230;]<\/a><\/p>\n<\/div>","protected":false},"author":13,"featured_media":3006,"comment_status":"open","ping_status":"open","sticky":false,"template":"","format":"standard","meta":{"_exactmetrics_skip_tracking":false,"_exactmetrics_sitenote_active":false,"_exactmetrics_sitenote_note":"","_exactmetrics_sitenote_category":0,"footnotes":""},"categories":[7],"tags":[58],"class_list":{"0":"post-3005","1":"post","2":"type-post","3":"status-publish","4":"format-standard","5":"has-post-thumbnail","7":"category-artigos-de-opinion","8":"tag-opinion"},"yoast_head":"<!-- This site is optimized with the Yoast SEO plugin v27.4 - https:\/\/yoast.com\/product\/yoast-seo-wordpress\/ -->\n<title>Planificaci\u00f3n ou o abismo do p\u00e1nico -<\/title>\n<meta name=\"robots\" content=\"index, follow, max-snippet:-1, max-image-preview:large, max-video-preview:-1\" \/>\n<link rel=\"canonical\" href=\"https:\/\/www.anovapeneira.gal\/index.php\/2020\/04\/28\/planificacion-ou-o-abismo-do-panico\/\" \/>\n<meta property=\"og:locale\" content=\"gl_ES\" \/>\n<meta property=\"og:type\" content=\"article\" \/>\n<meta property=\"og:title\" content=\"Planificaci\u00f3n ou o abismo do p\u00e1nico -\" \/>\n<meta property=\"og:description\" content=\"Non son moi dado a evocar lembranzas persoais, pero ben porque o confinamiento \u00e9 caprichoso trastocando os vericuetos mentais [...]\" \/>\n<meta property=\"og:url\" content=\"https:\/\/www.anovapeneira.gal\/index.php\/2020\/04\/28\/planificacion-ou-o-abismo-do-panico\/\" \/>\n<meta property=\"article:publisher\" content=\"https:\/\/www.facebook.com\/anovapeneira\" \/>\n<meta property=\"article:published_time\" content=\"2020-04-28T10:00:15+00:00\" \/>\n<meta property=\"og:image\" content=\"https:\/\/www.anovapeneira.gal\/wp-content\/uploads\/2020\/04\/social_galiza_a_nova_peneira.jpg\" \/>\n\t<meta property=\"og:image:width\" content=\"720\" \/>\n\t<meta property=\"og:image:height\" content=\"432\" \/>\n\t<meta property=\"og:image:type\" content=\"image\/jpeg\" \/>\n<meta name=\"author\" content=\"Cristobal L\u00f3pez\" \/>\n<meta name=\"twitter:card\" content=\"summary_large_image\" \/>\n<meta name=\"twitter:creator\" content=\"@APeneira\" \/>\n<meta name=\"twitter:site\" content=\"@APeneira\" \/>\n<meta name=\"twitter:label1\" content=\"Escrito por\" \/>\n\t<meta name=\"twitter:data1\" content=\"Cristobal L\u00f3pez\" \/>\n\t<meta name=\"twitter:label2\" content=\"Tempo de lectura\" \/>\n\t<meta name=\"twitter:data2\" content=\"5 minutos\" \/>\n<script type=\"application\/ld+json\" class=\"yoast-schema-graph\">{\"@context\":\"https:\\\/\\\/schema.org\",\"@graph\":[{\"@type\":\"Article\",\"@id\":\"https:\\\/\\\/www.anovapeneira.gal\\\/index.php\\\/2020\\\/04\\\/28\\\/planificacion-ou-o-abismo-do-panico\\\/#article\",\"isPartOf\":{\"@id\":\"https:\\\/\\\/www.anovapeneira.gal\\\/index.php\\\/2020\\\/04\\\/28\\\/planificacion-ou-o-abismo-do-panico\\\/\"},\"author\":{\"name\":\"Cristobal L\u00f3pez\",\"@id\":\"https:\\\/\\\/www.anovapeneira.gal\\\/#\\\/schema\\\/person\\\/45b3df2338e4d898b7616809f9c5906c\"},\"headline\":\"Planificaci\u00f3n ou o abismo do p\u00e1nico\",\"datePublished\":\"2020-04-28T10:00:15+00:00\",\"mainEntityOfPage\":{\"@id\":\"https:\\\/\\\/www.anovapeneira.gal\\\/index.php\\\/2020\\\/04\\\/28\\\/planificacion-ou-o-abismo-do-panico\\\/\"},\"wordCount\":1071,\"commentCount\":0,\"publisher\":{\"@id\":\"https:\\\/\\\/www.anovapeneira.gal\\\/#organization\"},\"image\":{\"@id\":\"https:\\\/\\\/www.anovapeneira.gal\\\/index.php\\\/2020\\\/04\\\/28\\\/planificacion-ou-o-abismo-do-panico\\\/#primaryimage\"},\"thumbnailUrl\":\"https:\\\/\\\/www.anovapeneira.gal\\\/wp-content\\\/uploads\\\/2020\\\/04\\\/social_galiza_a_nova_peneira.jpg\",\"keywords\":[\"Opini\u00f3n\"],\"articleSection\":[\"Artigos de opini\u00f3n\"],\"inLanguage\":\"gl-ES\",\"potentialAction\":[{\"@type\":\"CommentAction\",\"name\":\"Comment\",\"target\":[\"https:\\\/\\\/www.anovapeneira.gal\\\/index.php\\\/2020\\\/04\\\/28\\\/planificacion-ou-o-abismo-do-panico\\\/#respond\"]}]},{\"@type\":\"WebPage\",\"@id\":\"https:\\\/\\\/www.anovapeneira.gal\\\/index.php\\\/2020\\\/04\\\/28\\\/planificacion-ou-o-abismo-do-panico\\\/\",\"url\":\"https:\\\/\\\/www.anovapeneira.gal\\\/index.php\\\/2020\\\/04\\\/28\\\/planificacion-ou-o-abismo-do-panico\\\/\",\"name\":\"Planificaci\u00f3n ou o abismo do p\u00e1nico -\",\"isPartOf\":{\"@id\":\"https:\\\/\\\/www.anovapeneira.gal\\\/#website\"},\"primaryImageOfPage\":{\"@id\":\"https:\\\/\\\/www.anovapeneira.gal\\\/index.php\\\/2020\\\/04\\\/28\\\/planificacion-ou-o-abismo-do-panico\\\/#primaryimage\"},\"image\":{\"@id\":\"https:\\\/\\\/www.anovapeneira.gal\\\/index.php\\\/2020\\\/04\\\/28\\\/planificacion-ou-o-abismo-do-panico\\\/#primaryimage\"},\"thumbnailUrl\":\"https:\\\/\\\/www.anovapeneira.gal\\\/wp-content\\\/uploads\\\/2020\\\/04\\\/social_galiza_a_nova_peneira.jpg\",\"datePublished\":\"2020-04-28T10:00:15+00:00\",\"breadcrumb\":{\"@id\":\"https:\\\/\\\/www.anovapeneira.gal\\\/index.php\\\/2020\\\/04\\\/28\\\/planificacion-ou-o-abismo-do-panico\\\/#breadcrumb\"},\"inLanguage\":\"gl-ES\",\"potentialAction\":[{\"@type\":\"ReadAction\",\"target\":[\"https:\\\/\\\/www.anovapeneira.gal\\\/index.php\\\/2020\\\/04\\\/28\\\/planificacion-ou-o-abismo-do-panico\\\/\"]}]},{\"@type\":\"ImageObject\",\"inLanguage\":\"gl-ES\",\"@id\":\"https:\\\/\\\/www.anovapeneira.gal\\\/index.php\\\/2020\\\/04\\\/28\\\/planificacion-ou-o-abismo-do-panico\\\/#primaryimage\",\"url\":\"https:\\\/\\\/www.anovapeneira.gal\\\/wp-content\\\/uploads\\\/2020\\\/04\\\/social_galiza_a_nova_peneira.jpg\",\"contentUrl\":\"https:\\\/\\\/www.anovapeneira.gal\\\/wp-content\\\/uploads\\\/2020\\\/04\\\/social_galiza_a_nova_peneira.jpg\",\"width\":720,\"height\":432,\"caption\":\"Social Galiza A Nova Peneira\"},{\"@type\":\"BreadcrumbList\",\"@id\":\"https:\\\/\\\/www.anovapeneira.gal\\\/index.php\\\/2020\\\/04\\\/28\\\/planificacion-ou-o-abismo-do-panico\\\/#breadcrumb\",\"itemListElement\":[{\"@type\":\"ListItem\",\"position\":1,\"name\":\"Portada\",\"item\":\"https:\\\/\\\/www.anovapeneira.gal\\\/\"},{\"@type\":\"ListItem\",\"position\":2,\"name\":\"Planificaci\u00f3n ou o abismo do p\u00e1nico\"}]},{\"@type\":\"WebSite\",\"@id\":\"https:\\\/\\\/www.anovapeneira.gal\\\/#website\",\"url\":\"https:\\\/\\\/www.anovapeneira.gal\\\/\",\"name\":\"\",\"description\":\"Xornal galego de informaci\u00f3n xeral Publicaci\u00f3n mensual de novas de Galicia e en especial dos Concellos da sur da provincia de Pontevedra.\",\"publisher\":{\"@id\":\"https:\\\/\\\/www.anovapeneira.gal\\\/#organization\"},\"potentialAction\":[{\"@type\":\"SearchAction\",\"target\":{\"@type\":\"EntryPoint\",\"urlTemplate\":\"https:\\\/\\\/www.anovapeneira.gal\\\/?s={search_term_string}\"},\"query-input\":{\"@type\":\"PropertyValueSpecification\",\"valueRequired\":true,\"valueName\":\"search_term_string\"}}],\"inLanguage\":\"gl-ES\"},{\"@type\":\"Organization\",\"@id\":\"https:\\\/\\\/www.anovapeneira.gal\\\/#organization\",\"name\":\"A Nova Peneira\",\"url\":\"https:\\\/\\\/www.anovapeneira.gal\\\/\",\"logo\":{\"@type\":\"ImageObject\",\"inLanguage\":\"gl-ES\",\"@id\":\"https:\\\/\\\/www.anovapeneira.gal\\\/#\\\/schema\\\/logo\\\/image\\\/\",\"url\":\"http:\\\/\\\/www.anovapeneira.gal\\\/wp-content\\\/uploads\\\/2019\\\/06\\\/logo_a_nova_peneira_portal_web.png\",\"contentUrl\":\"http:\\\/\\\/www.anovapeneira.gal\\\/wp-content\\\/uploads\\\/2019\\\/06\\\/logo_a_nova_peneira_portal_web.png\",\"width\":300,\"height\":100,\"caption\":\"A Nova Peneira\"},\"image\":{\"@id\":\"https:\\\/\\\/www.anovapeneira.gal\\\/#\\\/schema\\\/logo\\\/image\\\/\"},\"sameAs\":[\"https:\\\/\\\/www.facebook.com\\\/anovapeneira\",\"https:\\\/\\\/x.com\\\/APeneira\"]},{\"@type\":\"Person\",\"@id\":\"https:\\\/\\\/www.anovapeneira.gal\\\/#\\\/schema\\\/person\\\/45b3df2338e4d898b7616809f9c5906c\",\"name\":\"Cristobal L\u00f3pez\",\"image\":{\"@type\":\"ImageObject\",\"inLanguage\":\"gl-ES\",\"@id\":\"https:\\\/\\\/secure.gravatar.com\\\/avatar\\\/b537cf06ef8166c9ef72b09f4d5f6446b1e22ea99505d94e40b8685710482f79?s=96&d=mm&r=g\",\"url\":\"https:\\\/\\\/secure.gravatar.com\\\/avatar\\\/b537cf06ef8166c9ef72b09f4d5f6446b1e22ea99505d94e40b8685710482f79?s=96&d=mm&r=g\",\"contentUrl\":\"https:\\\/\\\/secure.gravatar.com\\\/avatar\\\/b537cf06ef8166c9ef72b09f4d5f6446b1e22ea99505d94e40b8685710482f79?s=96&d=mm&r=g\",\"caption\":\"Cristobal L\u00f3pez\"},\"sameAs\":[\"http:\\\/\\\/anovapeneira.gal\"],\"url\":\"https:\\\/\\\/www.anovapeneira.gal\\\/index.php\\\/author\\\/opinioncristoballopez\\\/\"}]}<\/script>\n<!-- \/ Yoast SEO plugin. -->","yoast_head_json":{"title":"Planificaci\u00f3n ou o abismo do p\u00e1nico -","robots":{"index":"index","follow":"follow","max-snippet":"max-snippet:-1","max-image-preview":"max-image-preview:large","max-video-preview":"max-video-preview:-1"},"canonical":"https:\/\/www.anovapeneira.gal\/index.php\/2020\/04\/28\/planificacion-ou-o-abismo-do-panico\/","og_locale":"gl_ES","og_type":"article","og_title":"Planificaci\u00f3n ou o abismo do p\u00e1nico -","og_description":"Non son moi dado a evocar lembranzas persoais, pero ben porque o confinamiento \u00e9 caprichoso trastocando os vericuetos mentais [...]","og_url":"https:\/\/www.anovapeneira.gal\/index.php\/2020\/04\/28\/planificacion-ou-o-abismo-do-panico\/","article_publisher":"https:\/\/www.facebook.com\/anovapeneira","article_published_time":"2020-04-28T10:00:15+00:00","og_image":[{"width":720,"height":432,"url":"https:\/\/www.anovapeneira.gal\/wp-content\/uploads\/2020\/04\/social_galiza_a_nova_peneira.jpg","type":"image\/jpeg"}],"author":"Cristobal L\u00f3pez","twitter_card":"summary_large_image","twitter_creator":"@APeneira","twitter_site":"@APeneira","twitter_misc":{"Escrito por":"Cristobal L\u00f3pez","Tempo de lectura":"5 minutos"},"schema":{"@context":"https:\/\/schema.org","@graph":[{"@type":"Article","@id":"https:\/\/www.anovapeneira.gal\/index.php\/2020\/04\/28\/planificacion-ou-o-abismo-do-panico\/#article","isPartOf":{"@id":"https:\/\/www.anovapeneira.gal\/index.php\/2020\/04\/28\/planificacion-ou-o-abismo-do-panico\/"},"author":{"name":"Cristobal L\u00f3pez","@id":"https:\/\/www.anovapeneira.gal\/#\/schema\/person\/45b3df2338e4d898b7616809f9c5906c"},"headline":"Planificaci\u00f3n ou o abismo do p\u00e1nico","datePublished":"2020-04-28T10:00:15+00:00","mainEntityOfPage":{"@id":"https:\/\/www.anovapeneira.gal\/index.php\/2020\/04\/28\/planificacion-ou-o-abismo-do-panico\/"},"wordCount":1071,"commentCount":0,"publisher":{"@id":"https:\/\/www.anovapeneira.gal\/#organization"},"image":{"@id":"https:\/\/www.anovapeneira.gal\/index.php\/2020\/04\/28\/planificacion-ou-o-abismo-do-panico\/#primaryimage"},"thumbnailUrl":"https:\/\/www.anovapeneira.gal\/wp-content\/uploads\/2020\/04\/social_galiza_a_nova_peneira.jpg","keywords":["Opini\u00f3n"],"articleSection":["Artigos de opini\u00f3n"],"inLanguage":"gl-ES","potentialAction":[{"@type":"CommentAction","name":"Comment","target":["https:\/\/www.anovapeneira.gal\/index.php\/2020\/04\/28\/planificacion-ou-o-abismo-do-panico\/#respond"]}]},{"@type":"WebPage","@id":"https:\/\/www.anovapeneira.gal\/index.php\/2020\/04\/28\/planificacion-ou-o-abismo-do-panico\/","url":"https:\/\/www.anovapeneira.gal\/index.php\/2020\/04\/28\/planificacion-ou-o-abismo-do-panico\/","name":"Planificaci\u00f3n ou o abismo do p\u00e1nico -","isPartOf":{"@id":"https:\/\/www.anovapeneira.gal\/#website"},"primaryImageOfPage":{"@id":"https:\/\/www.anovapeneira.gal\/index.php\/2020\/04\/28\/planificacion-ou-o-abismo-do-panico\/#primaryimage"},"image":{"@id":"https:\/\/www.anovapeneira.gal\/index.php\/2020\/04\/28\/planificacion-ou-o-abismo-do-panico\/#primaryimage"},"thumbnailUrl":"https:\/\/www.anovapeneira.gal\/wp-content\/uploads\/2020\/04\/social_galiza_a_nova_peneira.jpg","datePublished":"2020-04-28T10:00:15+00:00","breadcrumb":{"@id":"https:\/\/www.anovapeneira.gal\/index.php\/2020\/04\/28\/planificacion-ou-o-abismo-do-panico\/#breadcrumb"},"inLanguage":"gl-ES","potentialAction":[{"@type":"ReadAction","target":["https:\/\/www.anovapeneira.gal\/index.php\/2020\/04\/28\/planificacion-ou-o-abismo-do-panico\/"]}]},{"@type":"ImageObject","inLanguage":"gl-ES","@id":"https:\/\/www.anovapeneira.gal\/index.php\/2020\/04\/28\/planificacion-ou-o-abismo-do-panico\/#primaryimage","url":"https:\/\/www.anovapeneira.gal\/wp-content\/uploads\/2020\/04\/social_galiza_a_nova_peneira.jpg","contentUrl":"https:\/\/www.anovapeneira.gal\/wp-content\/uploads\/2020\/04\/social_galiza_a_nova_peneira.jpg","width":720,"height":432,"caption":"Social Galiza A Nova Peneira"},{"@type":"BreadcrumbList","@id":"https:\/\/www.anovapeneira.gal\/index.php\/2020\/04\/28\/planificacion-ou-o-abismo-do-panico\/#breadcrumb","itemListElement":[{"@type":"ListItem","position":1,"name":"Portada","item":"https:\/\/www.anovapeneira.gal\/"},{"@type":"ListItem","position":2,"name":"Planificaci\u00f3n ou o abismo do p\u00e1nico"}]},{"@type":"WebSite","@id":"https:\/\/www.anovapeneira.gal\/#website","url":"https:\/\/www.anovapeneira.gal\/","name":"","description":"Xornal galego de informaci\u00f3n xeral Publicaci\u00f3n mensual de novas de Galicia e en especial dos Concellos da sur da provincia de Pontevedra.","publisher":{"@id":"https:\/\/www.anovapeneira.gal\/#organization"},"potentialAction":[{"@type":"SearchAction","target":{"@type":"EntryPoint","urlTemplate":"https:\/\/www.anovapeneira.gal\/?s={search_term_string}"},"query-input":{"@type":"PropertyValueSpecification","valueRequired":true,"valueName":"search_term_string"}}],"inLanguage":"gl-ES"},{"@type":"Organization","@id":"https:\/\/www.anovapeneira.gal\/#organization","name":"A Nova Peneira","url":"https:\/\/www.anovapeneira.gal\/","logo":{"@type":"ImageObject","inLanguage":"gl-ES","@id":"https:\/\/www.anovapeneira.gal\/#\/schema\/logo\/image\/","url":"http:\/\/www.anovapeneira.gal\/wp-content\/uploads\/2019\/06\/logo_a_nova_peneira_portal_web.png","contentUrl":"http:\/\/www.anovapeneira.gal\/wp-content\/uploads\/2019\/06\/logo_a_nova_peneira_portal_web.png","width":300,"height":100,"caption":"A Nova Peneira"},"image":{"@id":"https:\/\/www.anovapeneira.gal\/#\/schema\/logo\/image\/"},"sameAs":["https:\/\/www.facebook.com\/anovapeneira","https:\/\/x.com\/APeneira"]},{"@type":"Person","@id":"https:\/\/www.anovapeneira.gal\/#\/schema\/person\/45b3df2338e4d898b7616809f9c5906c","name":"Cristobal L\u00f3pez","image":{"@type":"ImageObject","inLanguage":"gl-ES","@id":"https:\/\/secure.gravatar.com\/avatar\/b537cf06ef8166c9ef72b09f4d5f6446b1e22ea99505d94e40b8685710482f79?s=96&d=mm&r=g","url":"https:\/\/secure.gravatar.com\/avatar\/b537cf06ef8166c9ef72b09f4d5f6446b1e22ea99505d94e40b8685710482f79?s=96&d=mm&r=g","contentUrl":"https:\/\/secure.gravatar.com\/avatar\/b537cf06ef8166c9ef72b09f4d5f6446b1e22ea99505d94e40b8685710482f79?s=96&d=mm&r=g","caption":"Cristobal L\u00f3pez"},"sameAs":["http:\/\/anovapeneira.gal"],"url":"https:\/\/www.anovapeneira.gal\/index.php\/author\/opinioncristoballopez\/"}]}},"jetpack_featured_media_url":"https:\/\/www.anovapeneira.gal\/wp-content\/uploads\/2020\/04\/social_galiza_a_nova_peneira.jpg","_links":{"self":[{"href":"https:\/\/www.anovapeneira.gal\/index.php\/wp-json\/wp\/v2\/posts\/3005","targetHints":{"allow":["GET"]}}],"collection":[{"href":"https:\/\/www.anovapeneira.gal\/index.php\/wp-json\/wp\/v2\/posts"}],"about":[{"href":"https:\/\/www.anovapeneira.gal\/index.php\/wp-json\/wp\/v2\/types\/post"}],"author":[{"embeddable":true,"href":"https:\/\/www.anovapeneira.gal\/index.php\/wp-json\/wp\/v2\/users\/13"}],"replies":[{"embeddable":true,"href":"https:\/\/www.anovapeneira.gal\/index.php\/wp-json\/wp\/v2\/comments?post=3005"}],"version-history":[{"count":1,"href":"https:\/\/www.anovapeneira.gal\/index.php\/wp-json\/wp\/v2\/posts\/3005\/revisions"}],"predecessor-version":[{"id":3007,"href":"https:\/\/www.anovapeneira.gal\/index.php\/wp-json\/wp\/v2\/posts\/3005\/revisions\/3007"}],"wp:featuredmedia":[{"embeddable":true,"href":"https:\/\/www.anovapeneira.gal\/index.php\/wp-json\/wp\/v2\/media\/3006"}],"wp:attachment":[{"href":"https:\/\/www.anovapeneira.gal\/index.php\/wp-json\/wp\/v2\/media?parent=3005"}],"wp:term":[{"taxonomy":"category","embeddable":true,"href":"https:\/\/www.anovapeneira.gal\/index.php\/wp-json\/wp\/v2\/categories?post=3005"},{"taxonomy":"post_tag","embeddable":true,"href":"https:\/\/www.anovapeneira.gal\/index.php\/wp-json\/wp\/v2\/tags?post=3005"}],"curies":[{"name":"wp","href":"https:\/\/api.w.org\/{rel}","templated":true}]}}