{"id":3008,"date":"2020-04-29T10:00:51","date_gmt":"2020-04-29T08:00:51","guid":{"rendered":"http:\/\/www.anovapeneira.gal\/?p=3008"},"modified":"2020-04-26T17:31:28","modified_gmt":"2020-04-26T15:31:28","slug":"o-coronavirus-no-mundo-x-mexico","status":"publish","type":"post","link":"https:\/\/www.anovapeneira.gal\/index.php\/2020\/04\/29\/o-coronavirus-no-mundo-x-mexico\/","title":{"rendered":"O coronavirus no mundo X: M\u00e9xico"},"content":{"rendered":"\n<p><strong>M\u00e9xico \u00e9 outro dos pa\u00edses que so\u00f1o con co\u00f1ecer fisicamente, alg\u00fan d\u00eda fareino, pero de momento s\u00f3 podo aspirar a mergullarme nos seus encantos de maneira virtual. E, na situaci\u00f3n dram\u00e1tica na que nos encontramos, moito m\u00e1is que interesarnos pola s\u00faa situaci\u00f3n sanitaria non se pode facer. N\u00f3s conversamos con Doris, unha filla de galegos, residente en Quer\u00e9taro que nos deu, con moita amabilidade, a s\u00faa visi\u00f3n da realidade sanitaria do seu pa\u00eds.<\/strong><\/p>\n\n\n\n<p><strong>DORIS FERN\u00c1NDEZ<\/strong><\/p>\n\n\n\n<p>\u201c<strong>O GOBERNO DO PA\u00cdS, AFRONTOU A SITUACI\u00d3N SANITARIA CON POUCO RIGOR\u201d<\/strong><\/p>\n\n\n\n<p><strong>C\u00f3ntanos brevemente a t\u00faa historia?<\/strong><\/p>\n\n\n\n<blockquote class=\"wp-block-quote is-layout-flow wp-block-quote-is-layout-flow\"><p>Eu xa nac\u00edn en M\u00e9xico, son filla de emigrantes galegos, e viv\u00edn neste pa\u00eds ata os 18 anos. Nese momento marchamos para Espa\u00f1a, pa\u00eds no que estiven 11 anos, volv\u00edn a M\u00e9xico con 29, e agora con 35 pois xa levo 6 anos aqu\u00ed.<\/p><\/blockquote>\n\n\n\n<p><strong>E cal \u00e9 a zona da que procede a t\u00faa familia?<\/strong><\/p>\n\n\n\n<blockquote class=\"wp-block-quote is-layout-flow wp-block-quote-is-layout-flow\"><p>Os meus pa\u00eds son da zona de Carballi\u00f1o, malia que aqu\u00ed debo precisar para non ter problemas co meu t\u00edo Paco, que a mi\u00f1a nai \u00e9 da Ermida.\u00a0<\/p><\/blockquote>\n\n\n\n<p><strong>Na t\u00faa etapa na pen\u00ednsula ib\u00e9rica, en que zonas viviches?<\/strong><\/p>\n\n\n\n<blockquote class=\"wp-block-quote is-layout-flow wp-block-quote-is-layout-flow\"><p>En Madrid e en Coru\u00f1a.<\/p><\/blockquote>\n\n\n\n<p><strong>A que te dedicas en M\u00e9xico agora mesmo?<\/strong><\/p>\n\n\n\n<blockquote class=\"wp-block-quote is-layout-flow wp-block-quote-is-layout-flow\"><p>Eu traballei en hoteis, pero agora te\u00f1o un beb\u00e9 e de momento ded\u00edcome a coidalo.<\/p><\/blockquote>\n\n\n\n<p><strong>En que parte de M\u00e9xico vives?<\/strong><\/p>\n\n\n\n<blockquote class=\"wp-block-quote is-layout-flow wp-block-quote-is-layout-flow\"><p>Eu vivo en Quer\u00e9taro, a zona est\u00e1 no centro do pa\u00eds. \u00c9 un lugar realmente bonito, ten unha grande presenza da arquitectura colonial e a historia viva resp\u00edrase en moitos dos currunchos da localidade.<\/p><\/blockquote>\n\n\n\n<p><strong>Cal \u00e9 a vosa principal fonte de ingresos, o turismo?<\/strong><\/p>\n\n\n\n<blockquote class=\"wp-block-quote is-layout-flow wp-block-quote-is-layout-flow\"><p>\u00c9 importante pero non a \u00fanica, tam\u00e9n temos moita actividade industrial.<\/p><\/blockquote>\n\n\n\n<p><strong>Como afrontou o goberno mexicano, a situaci\u00f3n derivada da pandemia sanitaria, ao teu xu\u00edzo?<\/strong><\/p>\n\n\n\n<blockquote class=\"wp-block-quote is-layout-flow wp-block-quote-is-layout-flow\"><p>Eu creo que con pouco rigor, incluso a d\u00eda de hoxe; (21\/04) te\u00f1o a sensaci\u00f3n de que se act\u00faa en funci\u00f3n das circunstancias, en lugar de ter iniciativas que afronten a situaci\u00f3n a priori. Asemade te\u00f1o serias d\u00fabidas da veracidade da informaci\u00f3n que proporciona o goberno, as\u00ed por exemplo eles din que hai moi poucos mortos e poucos contaxios, pero onte declararon un estado de emerxencia de nivel 3, que supor\u00eda a existencia dunha situaci\u00f3n epid\u00e9mica xa non controlable, algo dif\u00edcil de casar coa informaci\u00f3n que nos proporcionan.<\/p><\/blockquote>\n\n\n\n<p><strong>Antes de L\u00f3pez Obrador, quen gobernaba en M\u00e9xico?<\/strong><\/p>\n\n\n\n<blockquote class=\"wp-block-quote is-layout-flow wp-block-quote-is-layout-flow\"><p>O PRI, que supostamente \u00e9 socialdem\u00f3crata pero act\u00faa como a dereita.<\/p><\/blockquote>\n\n\n\n<p><strong>Cal era a situaci\u00f3n social de M\u00e9xico antes da chegada de L\u00f3pez Obrador?<\/strong><\/p>\n\n\n\n<blockquote class=\"wp-block-quote is-layout-flow wp-block-quote-is-layout-flow\"><p>Sempre foi bastante decente porque M\u00e9xico ten moitos recursos, pero o problema \u00e9 que os niveis de corrupci\u00f3n son elevad\u00edsimos.<\/p><\/blockquote>\n\n\n\n<p><strong>E desde que ga\u00f1o a esquerda a situaci\u00f3n mellorou, empeorou ou segue igual?<\/strong><\/p>\n\n\n\n<blockquote class=\"wp-block-quote is-layout-flow wp-block-quote-is-layout-flow\"><p>Ao meu xu\u00edzo empeorou, eu creo que o posto de presidente, a L\u00f3pez Obrador, qu\u00e9dalle grande. Apoiouse nas grandes bolsas de pobreza que exist\u00edan para ga\u00f1ar as elecci\u00f3ns, d\u00e1lles axuda que realmente non serven para nada, e vai contra os empresarios.<\/p><\/blockquote>\n\n\n\n<p><strong>As porcentaxes de pobreza son moi elevadas?<\/strong><\/p>\n\n\n\n<blockquote class=\"wp-block-quote is-layout-flow wp-block-quote-is-layout-flow\"><p>Si, a nivel federal est\u00e1 no 41%,e nos estados m\u00e1is pobres Chiapas e Guerrero, anda polo 76% e 66% respectivamente.<\/p><\/blockquote>\n\n\n\n<p><strong>O n\u00famero de persoas infectadas e falecidas co\u00f1\u00e9cese?<\/strong><\/p>\n\n\n\n<blockquote class=\"wp-block-quote is-layout-flow wp-block-quote-is-layout-flow\"><p>Como che dixen antes a informaci\u00f3n \u00e9 escasa e eu te\u00f1o d\u00fabidas de que sexa rigorosa e veraz. Onte(20\/4) falaban de 7.500 persoas infectadas e 650 mortes.<\/p><\/blockquote>\n\n\n\n<p><strong>Cantos habitantes ten M\u00e9xico?<\/strong><\/p>\n\n\n\n<blockquote class=\"wp-block-quote is-layout-flow wp-block-quote-is-layout-flow\"><p>Arredor de 125 mill\u00f3ns.<\/p><\/blockquote>\n\n\n\n<p><strong>En que consisten as medidas que tomou o goberno para tratar de conter a pandemia?<\/strong><\/p>\n\n\n\n<blockquote class=\"wp-block-quote is-layout-flow wp-block-quote-is-layout-flow\"><p>O que hai aqu\u00ed, non son restrici\u00f3ns, sen\u00f3n recomendaci\u00f3ns de non sa\u00edr.<\/p><\/blockquote>\n\n\n\n<p><strong>Non hai ning\u00fan tipo de restrici\u00f3ns \u00e1 mobilidade?<\/strong><\/p>\n\n\n\n<blockquote class=\"wp-block-quote is-layout-flow wp-block-quote-is-layout-flow\"><p>Non, s\u00f3 recomendaci\u00f3ns. Coas empresas si que est\u00e1n un pouco m\u00e1is serios nas restrici\u00f3ns, e onte houbo dous gobernadores de estados que tomaron a decisi\u00f3n de facer o confinamento obrigatorio. Jalisco e Michoacan.<\/p><\/blockquote>\n\n\n\n<p><strong>Ti, en Quer\u00e9taro tes total liberdade de movementos?<\/strong><\/p>\n\n\n\n<blockquote class=\"wp-block-quote is-layout-flow wp-block-quote-is-layout-flow\"><p>Si, a d\u00eda de hoxe, total e absoluta.<\/p><\/blockquote>\n\n\n\n<p><strong>E a actividade econ\u00f3mica como est\u00e1?<\/strong><\/p>\n\n\n\n<blockquote class=\"wp-block-quote is-layout-flow wp-block-quote-is-layout-flow\"><p>A restauraci\u00f3n est\u00e1 pechada, s\u00f3 funciona o reparto domiciliario, o sector do ocio est\u00e1 tam\u00e9n pechado. Os eventos deportivos ou sociais que impliquen concentraci\u00f3n de persoas, est\u00e1n tam\u00e9n suspendidos. A\u00ednda que ao meu xu\u00edzo tardaron bastante en suspendelos. Os hoteis est\u00e1n abertos pero cun n\u00famero limitado de prazas, dependendo do estado perm\u00edteselles estar entre o 15 e o 25% de ocupaci\u00f3n. O que si funciona con normalidade \u00e9 o esencial para a vida como os supermercados ou as gasolineiras.<\/p><\/blockquote>\n\n\n\n<p><strong>A actividade industrial?<\/strong><\/p>\n\n\n\n<blockquote class=\"wp-block-quote is-layout-flow wp-block-quote-is-layout-flow\"><p>Agora mesmo est\u00e1 pechada, pero porque estamos en semana santa, veremos no futuro como se afronta.<\/p><\/blockquote>\n\n\n\n<p><strong>O turismo \u00e9 un pulm\u00f3n esencial para a econom\u00eda de M\u00e9xico. Agora mesmo, hai restrici\u00f3ns \u00e1 entrada de viaxeiros?<\/strong><\/p>\n\n\n\n<blockquote class=\"wp-block-quote is-layout-flow wp-block-quote-is-layout-flow\"><p>Non, pode vir quen queira, non hai peche de fronteiras, nin aeroportos. As praias si que est\u00e1 pechadas. Non ten moito sentido que se limite a asistencia a hoteis, que se peche a restauraci\u00f3n as praias, e non se po\u00f1an trabas \u00e1 entrada de persoas, pero \u00e9 o que hai.<\/p><\/blockquote>\n","protected":false},"excerpt":{"rendered":"<div class=\"mh-excerpt\"><p>M\u00e9xico \u00e9 outro dos pa\u00edses que so\u00f1o con co\u00f1ecer fisicamente, alg\u00fan d\u00eda fareino, pero de momento s\u00f3 podo aspirar a mergullarme nos seus encantos de maneira virtual <a class=\"mh-excerpt-more\" href=\"https:\/\/www.anovapeneira.gal\/index.php\/2020\/04\/29\/o-coronavirus-no-mundo-x-mexico\/\" title=\"O coronavirus no mundo X: M\u00e9xico\">[&#8230;]<\/a><\/p>\n<\/div>","protected":false},"author":3,"featured_media":3009,"comment_status":"open","ping_status":"open","sticky":false,"template":"","format":"standard","meta":{"_exactmetrics_skip_tracking":false,"_exactmetrics_sitenote_active":false,"_exactmetrics_sitenote_note":"","_exactmetrics_sitenote_category":0,"footnotes":""},"categories":[264],"tags":[1030,1006],"class_list":{"0":"post-3008","1":"post","2":"type-post","3":"status-publish","4":"format-standard","5":"has-post-thumbnail","7":"category-entrevistas-galicia","8":"tag-coronavirus-no-mundo","9":"tag-covid19"},"yoast_head":"<!-- This site is optimized with the Yoast SEO plugin v27.4 - https:\/\/yoast.com\/product\/yoast-seo-wordpress\/ -->\n<title>O coronavirus no mundo X: M\u00e9xico -<\/title>\n<meta name=\"robots\" content=\"index, follow, max-snippet:-1, max-image-preview:large, max-video-preview:-1\" \/>\n<link rel=\"canonical\" href=\"https:\/\/www.anovapeneira.gal\/index.php\/2020\/04\/29\/o-coronavirus-no-mundo-x-mexico\/\" \/>\n<meta property=\"og:locale\" content=\"gl_ES\" \/>\n<meta property=\"og:type\" content=\"article\" \/>\n<meta property=\"og:title\" content=\"O coronavirus no mundo X: M\u00e9xico -\" \/>\n<meta property=\"og:description\" content=\"M\u00e9xico \u00e9 outro dos pa\u00edses que so\u00f1o con co\u00f1ecer fisicamente, alg\u00fan d\u00eda fareino, pero de momento s\u00f3 podo aspirar a mergullarme nos seus encantos de maneira virtual [...]\" \/>\n<meta property=\"og:url\" content=\"https:\/\/www.anovapeneira.gal\/index.php\/2020\/04\/29\/o-coronavirus-no-mundo-x-mexico\/\" \/>\n<meta property=\"article:publisher\" content=\"https:\/\/www.facebook.com\/anovapeneira\" \/>\n<meta property=\"article:published_time\" content=\"2020-04-29T08:00:51+00:00\" \/>\n<meta property=\"og:image\" content=\"https:\/\/www.anovapeneira.gal\/wp-content\/uploads\/2020\/04\/coronavisus_no_mundo_a_nova_peneira.jpg\" \/>\n\t<meta property=\"og:image:width\" content=\"720\" \/>\n\t<meta property=\"og:image:height\" content=\"432\" \/>\n\t<meta property=\"og:image:type\" content=\"image\/jpeg\" \/>\n<meta name=\"author\" content=\"Redacci\u00f3n A Nova Peneira\" \/>\n<meta name=\"twitter:card\" content=\"summary_large_image\" \/>\n<meta name=\"twitter:creator\" content=\"@APeneira\" \/>\n<meta name=\"twitter:site\" content=\"@APeneira\" \/>\n<meta name=\"twitter:label1\" content=\"Escrito por\" \/>\n\t<meta name=\"twitter:data1\" content=\"Redacci\u00f3n A Nova Peneira\" \/>\n\t<meta name=\"twitter:label2\" content=\"Tempo de lectura\" \/>\n\t<meta name=\"twitter:data2\" content=\"4 minutos\" \/>\n<script type=\"application\/ld+json\" class=\"yoast-schema-graph\">{\"@context\":\"https:\\\/\\\/schema.org\",\"@graph\":[{\"@type\":\"Article\",\"@id\":\"https:\\\/\\\/www.anovapeneira.gal\\\/index.php\\\/2020\\\/04\\\/29\\\/o-coronavirus-no-mundo-x-mexico\\\/#article\",\"isPartOf\":{\"@id\":\"https:\\\/\\\/www.anovapeneira.gal\\\/index.php\\\/2020\\\/04\\\/29\\\/o-coronavirus-no-mundo-x-mexico\\\/\"},\"author\":{\"name\":\"Redacci\u00f3n A Nova Peneira\",\"@id\":\"https:\\\/\\\/www.anovapeneira.gal\\\/#\\\/schema\\\/person\\\/b93e3f8932e3f8da96334607eb6ac6aa\"},\"headline\":\"O coronavirus no mundo X: M\u00e9xico\",\"datePublished\":\"2020-04-29T08:00:51+00:00\",\"mainEntityOfPage\":{\"@id\":\"https:\\\/\\\/www.anovapeneira.gal\\\/index.php\\\/2020\\\/04\\\/29\\\/o-coronavirus-no-mundo-x-mexico\\\/\"},\"wordCount\":906,\"commentCount\":0,\"publisher\":{\"@id\":\"https:\\\/\\\/www.anovapeneira.gal\\\/#organization\"},\"image\":{\"@id\":\"https:\\\/\\\/www.anovapeneira.gal\\\/index.php\\\/2020\\\/04\\\/29\\\/o-coronavirus-no-mundo-x-mexico\\\/#primaryimage\"},\"thumbnailUrl\":\"https:\\\/\\\/www.anovapeneira.gal\\\/wp-content\\\/uploads\\\/2020\\\/04\\\/coronavisus_no_mundo_a_nova_peneira.jpg\",\"keywords\":[\"coronavirus no mundo\",\"COVID19\"],\"articleSection\":[\"Entrevistas\"],\"inLanguage\":\"gl-ES\",\"potentialAction\":[{\"@type\":\"CommentAction\",\"name\":\"Comment\",\"target\":[\"https:\\\/\\\/www.anovapeneira.gal\\\/index.php\\\/2020\\\/04\\\/29\\\/o-coronavirus-no-mundo-x-mexico\\\/#respond\"]}]},{\"@type\":\"WebPage\",\"@id\":\"https:\\\/\\\/www.anovapeneira.gal\\\/index.php\\\/2020\\\/04\\\/29\\\/o-coronavirus-no-mundo-x-mexico\\\/\",\"url\":\"https:\\\/\\\/www.anovapeneira.gal\\\/index.php\\\/2020\\\/04\\\/29\\\/o-coronavirus-no-mundo-x-mexico\\\/\",\"name\":\"O coronavirus no mundo X: M\u00e9xico -\",\"isPartOf\":{\"@id\":\"https:\\\/\\\/www.anovapeneira.gal\\\/#website\"},\"primaryImageOfPage\":{\"@id\":\"https:\\\/\\\/www.anovapeneira.gal\\\/index.php\\\/2020\\\/04\\\/29\\\/o-coronavirus-no-mundo-x-mexico\\\/#primaryimage\"},\"image\":{\"@id\":\"https:\\\/\\\/www.anovapeneira.gal\\\/index.php\\\/2020\\\/04\\\/29\\\/o-coronavirus-no-mundo-x-mexico\\\/#primaryimage\"},\"thumbnailUrl\":\"https:\\\/\\\/www.anovapeneira.gal\\\/wp-content\\\/uploads\\\/2020\\\/04\\\/coronavisus_no_mundo_a_nova_peneira.jpg\",\"datePublished\":\"2020-04-29T08:00:51+00:00\",\"breadcrumb\":{\"@id\":\"https:\\\/\\\/www.anovapeneira.gal\\\/index.php\\\/2020\\\/04\\\/29\\\/o-coronavirus-no-mundo-x-mexico\\\/#breadcrumb\"},\"inLanguage\":\"gl-ES\",\"potentialAction\":[{\"@type\":\"ReadAction\",\"target\":[\"https:\\\/\\\/www.anovapeneira.gal\\\/index.php\\\/2020\\\/04\\\/29\\\/o-coronavirus-no-mundo-x-mexico\\\/\"]}]},{\"@type\":\"ImageObject\",\"inLanguage\":\"gl-ES\",\"@id\":\"https:\\\/\\\/www.anovapeneira.gal\\\/index.php\\\/2020\\\/04\\\/29\\\/o-coronavirus-no-mundo-x-mexico\\\/#primaryimage\",\"url\":\"https:\\\/\\\/www.anovapeneira.gal\\\/wp-content\\\/uploads\\\/2020\\\/04\\\/coronavisus_no_mundo_a_nova_peneira.jpg\",\"contentUrl\":\"https:\\\/\\\/www.anovapeneira.gal\\\/wp-content\\\/uploads\\\/2020\\\/04\\\/coronavisus_no_mundo_a_nova_peneira.jpg\",\"width\":720,\"height\":432,\"caption\":\"coronavirus no mundo M\u00e9xico A Nova Peneira\"},{\"@type\":\"BreadcrumbList\",\"@id\":\"https:\\\/\\\/www.anovapeneira.gal\\\/index.php\\\/2020\\\/04\\\/29\\\/o-coronavirus-no-mundo-x-mexico\\\/#breadcrumb\",\"itemListElement\":[{\"@type\":\"ListItem\",\"position\":1,\"name\":\"Portada\",\"item\":\"https:\\\/\\\/www.anovapeneira.gal\\\/\"},{\"@type\":\"ListItem\",\"position\":2,\"name\":\"O coronavirus no mundo X: M\u00e9xico\"}]},{\"@type\":\"WebSite\",\"@id\":\"https:\\\/\\\/www.anovapeneira.gal\\\/#website\",\"url\":\"https:\\\/\\\/www.anovapeneira.gal\\\/\",\"name\":\"\",\"description\":\"Xornal galego de informaci\u00f3n xeral Publicaci\u00f3n mensual de novas de Galicia e en especial dos Concellos da sur da provincia de Pontevedra.\",\"publisher\":{\"@id\":\"https:\\\/\\\/www.anovapeneira.gal\\\/#organization\"},\"potentialAction\":[{\"@type\":\"SearchAction\",\"target\":{\"@type\":\"EntryPoint\",\"urlTemplate\":\"https:\\\/\\\/www.anovapeneira.gal\\\/?s={search_term_string}\"},\"query-input\":{\"@type\":\"PropertyValueSpecification\",\"valueRequired\":true,\"valueName\":\"search_term_string\"}}],\"inLanguage\":\"gl-ES\"},{\"@type\":\"Organization\",\"@id\":\"https:\\\/\\\/www.anovapeneira.gal\\\/#organization\",\"name\":\"A Nova Peneira\",\"url\":\"https:\\\/\\\/www.anovapeneira.gal\\\/\",\"logo\":{\"@type\":\"ImageObject\",\"inLanguage\":\"gl-ES\",\"@id\":\"https:\\\/\\\/www.anovapeneira.gal\\\/#\\\/schema\\\/logo\\\/image\\\/\",\"url\":\"http:\\\/\\\/www.anovapeneira.gal\\\/wp-content\\\/uploads\\\/2019\\\/06\\\/logo_a_nova_peneira_portal_web.png\",\"contentUrl\":\"http:\\\/\\\/www.anovapeneira.gal\\\/wp-content\\\/uploads\\\/2019\\\/06\\\/logo_a_nova_peneira_portal_web.png\",\"width\":300,\"height\":100,\"caption\":\"A Nova Peneira\"},\"image\":{\"@id\":\"https:\\\/\\\/www.anovapeneira.gal\\\/#\\\/schema\\\/logo\\\/image\\\/\"},\"sameAs\":[\"https:\\\/\\\/www.facebook.com\\\/anovapeneira\",\"https:\\\/\\\/x.com\\\/APeneira\"]},{\"@type\":\"Person\",\"@id\":\"https:\\\/\\\/www.anovapeneira.gal\\\/#\\\/schema\\\/person\\\/b93e3f8932e3f8da96334607eb6ac6aa\",\"name\":\"Redacci\u00f3n A Nova Peneira\",\"image\":{\"@type\":\"ImageObject\",\"inLanguage\":\"gl-ES\",\"@id\":\"https:\\\/\\\/secure.gravatar.com\\\/avatar\\\/c052a2551a06e23fac63626232eaa90abd78dbcf1700fc46a2b2c89fd27b735f?s=96&d=mm&r=g\",\"url\":\"https:\\\/\\\/secure.gravatar.com\\\/avatar\\\/c052a2551a06e23fac63626232eaa90abd78dbcf1700fc46a2b2c89fd27b735f?s=96&d=mm&r=g\",\"contentUrl\":\"https:\\\/\\\/secure.gravatar.com\\\/avatar\\\/c052a2551a06e23fac63626232eaa90abd78dbcf1700fc46a2b2c89fd27b735f?s=96&d=mm&r=g\",\"caption\":\"Redacci\u00f3n A Nova Peneira\"},\"sameAs\":[\"http:\\\/\\\/www.anovapeneira.gal\\\/\"],\"url\":\"https:\\\/\\\/www.anovapeneira.gal\\\/index.php\\\/author\\\/redactor\\\/\"}]}<\/script>\n<!-- \/ Yoast SEO plugin. -->","yoast_head_json":{"title":"O coronavirus no mundo X: M\u00e9xico -","robots":{"index":"index","follow":"follow","max-snippet":"max-snippet:-1","max-image-preview":"max-image-preview:large","max-video-preview":"max-video-preview:-1"},"canonical":"https:\/\/www.anovapeneira.gal\/index.php\/2020\/04\/29\/o-coronavirus-no-mundo-x-mexico\/","og_locale":"gl_ES","og_type":"article","og_title":"O coronavirus no mundo X: M\u00e9xico -","og_description":"M\u00e9xico \u00e9 outro dos pa\u00edses que so\u00f1o con co\u00f1ecer fisicamente, alg\u00fan d\u00eda fareino, pero de momento s\u00f3 podo aspirar a mergullarme nos seus encantos de maneira virtual [...]","og_url":"https:\/\/www.anovapeneira.gal\/index.php\/2020\/04\/29\/o-coronavirus-no-mundo-x-mexico\/","article_publisher":"https:\/\/www.facebook.com\/anovapeneira","article_published_time":"2020-04-29T08:00:51+00:00","og_image":[{"width":720,"height":432,"url":"https:\/\/www.anovapeneira.gal\/wp-content\/uploads\/2020\/04\/coronavisus_no_mundo_a_nova_peneira.jpg","type":"image\/jpeg"}],"author":"Redacci\u00f3n A Nova Peneira","twitter_card":"summary_large_image","twitter_creator":"@APeneira","twitter_site":"@APeneira","twitter_misc":{"Escrito por":"Redacci\u00f3n A Nova Peneira","Tempo de lectura":"4 minutos"},"schema":{"@context":"https:\/\/schema.org","@graph":[{"@type":"Article","@id":"https:\/\/www.anovapeneira.gal\/index.php\/2020\/04\/29\/o-coronavirus-no-mundo-x-mexico\/#article","isPartOf":{"@id":"https:\/\/www.anovapeneira.gal\/index.php\/2020\/04\/29\/o-coronavirus-no-mundo-x-mexico\/"},"author":{"name":"Redacci\u00f3n A Nova Peneira","@id":"https:\/\/www.anovapeneira.gal\/#\/schema\/person\/b93e3f8932e3f8da96334607eb6ac6aa"},"headline":"O coronavirus no mundo X: M\u00e9xico","datePublished":"2020-04-29T08:00:51+00:00","mainEntityOfPage":{"@id":"https:\/\/www.anovapeneira.gal\/index.php\/2020\/04\/29\/o-coronavirus-no-mundo-x-mexico\/"},"wordCount":906,"commentCount":0,"publisher":{"@id":"https:\/\/www.anovapeneira.gal\/#organization"},"image":{"@id":"https:\/\/www.anovapeneira.gal\/index.php\/2020\/04\/29\/o-coronavirus-no-mundo-x-mexico\/#primaryimage"},"thumbnailUrl":"https:\/\/www.anovapeneira.gal\/wp-content\/uploads\/2020\/04\/coronavisus_no_mundo_a_nova_peneira.jpg","keywords":["coronavirus no mundo","COVID19"],"articleSection":["Entrevistas"],"inLanguage":"gl-ES","potentialAction":[{"@type":"CommentAction","name":"Comment","target":["https:\/\/www.anovapeneira.gal\/index.php\/2020\/04\/29\/o-coronavirus-no-mundo-x-mexico\/#respond"]}]},{"@type":"WebPage","@id":"https:\/\/www.anovapeneira.gal\/index.php\/2020\/04\/29\/o-coronavirus-no-mundo-x-mexico\/","url":"https:\/\/www.anovapeneira.gal\/index.php\/2020\/04\/29\/o-coronavirus-no-mundo-x-mexico\/","name":"O coronavirus no mundo X: M\u00e9xico -","isPartOf":{"@id":"https:\/\/www.anovapeneira.gal\/#website"},"primaryImageOfPage":{"@id":"https:\/\/www.anovapeneira.gal\/index.php\/2020\/04\/29\/o-coronavirus-no-mundo-x-mexico\/#primaryimage"},"image":{"@id":"https:\/\/www.anovapeneira.gal\/index.php\/2020\/04\/29\/o-coronavirus-no-mundo-x-mexico\/#primaryimage"},"thumbnailUrl":"https:\/\/www.anovapeneira.gal\/wp-content\/uploads\/2020\/04\/coronavisus_no_mundo_a_nova_peneira.jpg","datePublished":"2020-04-29T08:00:51+00:00","breadcrumb":{"@id":"https:\/\/www.anovapeneira.gal\/index.php\/2020\/04\/29\/o-coronavirus-no-mundo-x-mexico\/#breadcrumb"},"inLanguage":"gl-ES","potentialAction":[{"@type":"ReadAction","target":["https:\/\/www.anovapeneira.gal\/index.php\/2020\/04\/29\/o-coronavirus-no-mundo-x-mexico\/"]}]},{"@type":"ImageObject","inLanguage":"gl-ES","@id":"https:\/\/www.anovapeneira.gal\/index.php\/2020\/04\/29\/o-coronavirus-no-mundo-x-mexico\/#primaryimage","url":"https:\/\/www.anovapeneira.gal\/wp-content\/uploads\/2020\/04\/coronavisus_no_mundo_a_nova_peneira.jpg","contentUrl":"https:\/\/www.anovapeneira.gal\/wp-content\/uploads\/2020\/04\/coronavisus_no_mundo_a_nova_peneira.jpg","width":720,"height":432,"caption":"coronavirus no mundo M\u00e9xico A Nova Peneira"},{"@type":"BreadcrumbList","@id":"https:\/\/www.anovapeneira.gal\/index.php\/2020\/04\/29\/o-coronavirus-no-mundo-x-mexico\/#breadcrumb","itemListElement":[{"@type":"ListItem","position":1,"name":"Portada","item":"https:\/\/www.anovapeneira.gal\/"},{"@type":"ListItem","position":2,"name":"O coronavirus no mundo X: M\u00e9xico"}]},{"@type":"WebSite","@id":"https:\/\/www.anovapeneira.gal\/#website","url":"https:\/\/www.anovapeneira.gal\/","name":"","description":"Xornal galego de informaci\u00f3n xeral Publicaci\u00f3n mensual de novas de Galicia e en especial dos Concellos da sur da provincia de Pontevedra.","publisher":{"@id":"https:\/\/www.anovapeneira.gal\/#organization"},"potentialAction":[{"@type":"SearchAction","target":{"@type":"EntryPoint","urlTemplate":"https:\/\/www.anovapeneira.gal\/?s={search_term_string}"},"query-input":{"@type":"PropertyValueSpecification","valueRequired":true,"valueName":"search_term_string"}}],"inLanguage":"gl-ES"},{"@type":"Organization","@id":"https:\/\/www.anovapeneira.gal\/#organization","name":"A Nova Peneira","url":"https:\/\/www.anovapeneira.gal\/","logo":{"@type":"ImageObject","inLanguage":"gl-ES","@id":"https:\/\/www.anovapeneira.gal\/#\/schema\/logo\/image\/","url":"http:\/\/www.anovapeneira.gal\/wp-content\/uploads\/2019\/06\/logo_a_nova_peneira_portal_web.png","contentUrl":"http:\/\/www.anovapeneira.gal\/wp-content\/uploads\/2019\/06\/logo_a_nova_peneira_portal_web.png","width":300,"height":100,"caption":"A Nova Peneira"},"image":{"@id":"https:\/\/www.anovapeneira.gal\/#\/schema\/logo\/image\/"},"sameAs":["https:\/\/www.facebook.com\/anovapeneira","https:\/\/x.com\/APeneira"]},{"@type":"Person","@id":"https:\/\/www.anovapeneira.gal\/#\/schema\/person\/b93e3f8932e3f8da96334607eb6ac6aa","name":"Redacci\u00f3n A Nova Peneira","image":{"@type":"ImageObject","inLanguage":"gl-ES","@id":"https:\/\/secure.gravatar.com\/avatar\/c052a2551a06e23fac63626232eaa90abd78dbcf1700fc46a2b2c89fd27b735f?s=96&d=mm&r=g","url":"https:\/\/secure.gravatar.com\/avatar\/c052a2551a06e23fac63626232eaa90abd78dbcf1700fc46a2b2c89fd27b735f?s=96&d=mm&r=g","contentUrl":"https:\/\/secure.gravatar.com\/avatar\/c052a2551a06e23fac63626232eaa90abd78dbcf1700fc46a2b2c89fd27b735f?s=96&d=mm&r=g","caption":"Redacci\u00f3n A Nova Peneira"},"sameAs":["http:\/\/www.anovapeneira.gal\/"],"url":"https:\/\/www.anovapeneira.gal\/index.php\/author\/redactor\/"}]}},"jetpack_featured_media_url":"https:\/\/www.anovapeneira.gal\/wp-content\/uploads\/2020\/04\/coronavisus_no_mundo_a_nova_peneira.jpg","_links":{"self":[{"href":"https:\/\/www.anovapeneira.gal\/index.php\/wp-json\/wp\/v2\/posts\/3008","targetHints":{"allow":["GET"]}}],"collection":[{"href":"https:\/\/www.anovapeneira.gal\/index.php\/wp-json\/wp\/v2\/posts"}],"about":[{"href":"https:\/\/www.anovapeneira.gal\/index.php\/wp-json\/wp\/v2\/types\/post"}],"author":[{"embeddable":true,"href":"https:\/\/www.anovapeneira.gal\/index.php\/wp-json\/wp\/v2\/users\/3"}],"replies":[{"embeddable":true,"href":"https:\/\/www.anovapeneira.gal\/index.php\/wp-json\/wp\/v2\/comments?post=3008"}],"version-history":[{"count":3,"href":"https:\/\/www.anovapeneira.gal\/index.php\/wp-json\/wp\/v2\/posts\/3008\/revisions"}],"predecessor-version":[{"id":3012,"href":"https:\/\/www.anovapeneira.gal\/index.php\/wp-json\/wp\/v2\/posts\/3008\/revisions\/3012"}],"wp:featuredmedia":[{"embeddable":true,"href":"https:\/\/www.anovapeneira.gal\/index.php\/wp-json\/wp\/v2\/media\/3009"}],"wp:attachment":[{"href":"https:\/\/www.anovapeneira.gal\/index.php\/wp-json\/wp\/v2\/media?parent=3008"}],"wp:term":[{"taxonomy":"category","embeddable":true,"href":"https:\/\/www.anovapeneira.gal\/index.php\/wp-json\/wp\/v2\/categories?post=3008"},{"taxonomy":"post_tag","embeddable":true,"href":"https:\/\/www.anovapeneira.gal\/index.php\/wp-json\/wp\/v2\/tags?post=3008"}],"curies":[{"name":"wp","href":"https:\/\/api.w.org\/{rel}","templated":true}]}}