{"id":3022,"date":"2020-04-30T10:00:47","date_gmt":"2020-04-30T08:00:47","guid":{"rendered":"http:\/\/www.anovapeneira.gal\/?p=3022"},"modified":"2020-04-30T08:38:07","modified_gmt":"2020-04-30T06:38:07","slug":"jorge-varela","status":"publish","type":"post","link":"https:\/\/www.anovapeneira.gal\/index.php\/2020\/04\/30\/jorge-varela\/","title":{"rendered":"Jorge Varela"},"content":{"rendered":"\n<h2 class=\"wp-block-heading\"><strong>Secretario da confrar\u00eda de pescadores virxe do Carme de Arcade<\/strong><\/h2>\n\n\n\n<pre class=\"wp-block-verse\"><strong>Marcos Santos<\/strong><\/pre>\n\n\n\n<p><strong>Se falamos de Jorge Varela, seguro que case ningu\u00e9n se decata de quen \u00e9 o protagonista desta reportaxe, a\u00ednda que se utilizamos o seu alcume e dicimos que a conversa foi con Chopi, a cousa cambia. El \u00e9 un grande amigo de A Nova Peneira, e non por casualidade, \u00e9 o noso amigo porque \u00e9 dos bos e xenerosos aos que cantou Eduardo Pondal, dos que che dan e non che piden, dos que che acompa\u00f1an e non che exixen, dos que che suxiren e non reprochan. Os cami\u00f1os da vida dan moitas voltas, e no caso e Chopi, lev\u00e1rono do mundo da hostalar\u00eda ao universo das ondas do mar de Vigo que cantaba Mart\u00edn Codax,e para n\u00f3s, foi, coma sempre un pracer conversar con el sobre o traballo que desenvolve a confrar\u00eda de Arcade.<\/strong><\/p>\n\n\n\n<p><strong>ESTOU REALMENTE SATISFEITO DO TRABALLO DE GONZALO, O PATR\u00d3N DA CONFRAR\u00cdA\u201d<\/strong><\/p>\n\n\n\n<p><strong>E como se che deu por meterche neste mundo do mar?<\/strong><\/p>\n\n\n\n<blockquote class=\"wp-block-quote is-layout-flow wp-block-quote-is-layout-flow\"><p>Un grande amigo meu, convenceume, fun probar, gustoume moit\u00edsimo. Unha forma de vivir moi galega e moi da comarca de Redondela, e desde logo non me arrepinto en absoluto. Estou moi satisfeito e s\u00f3 podo dar as grazas a que me axudou a ser un m\u00e1is da grande familia mari\u00f1eira.<\/p><\/blockquote>\n\n\n\n<p><strong>Ti fixeches pol\u00edtica, de maneira moi activa en Redondela. O teu posto na confrar\u00eda, implica que tam\u00e9n te\u00f1as que facer pol\u00edtica?<\/strong><\/p>\n\n\n\n<blockquote class=\"wp-block-quote is-layout-flow wp-block-quote-is-layout-flow\"><p>A pol\u00edtica, d\u00edgoo con franqueza , saturoume. Por\u00e9n, na confrar\u00eda , entrou xente nova, con ga\u00f1as de mudar a realidade, gustoume moito como me formularon a s\u00faa visi\u00f3n da realidade, e a verdade, ti, que me co\u00f1eces, sabes que eu son un pouco fervellasverzas, e g\u00fastame implicarme activamente nos contextos sociais nos que estou. Cos meus erros e cos meus acertos, peros sempre coa mellor das vontades de colaborar , humildemente, no ben com\u00fan. Presenteime e sa\u00edn elixido.<\/p><\/blockquote>\n\n\n\n<p><strong>Que tal con Gonzalo, o novo patr\u00f3n?<\/strong><\/p>\n\n\n\n<blockquote class=\"wp-block-quote is-layout-flow wp-block-quote-is-layout-flow\"><p>Estou realmente contento co seu traballo. E temos unha visi\u00f3n semellante da realidade. Arrincamos o proxecto sobre novembro, e a gora mesmo estamos nun proxecto que ten a intenci\u00f3n de sementarmos en conxunto coas confrar\u00edas de Redondela e Vilaboa, e constru\u00edrmos un sistema de traballo conxunto.<\/p><\/blockquote>\n\n\n\n<p><strong>En Redondela tam\u00e9n temos novo patr\u00f3n?<\/strong><\/p>\n\n\n\n<blockquote class=\"wp-block-quote is-layout-flow wp-block-quote-is-layout-flow\"><p>Si, e eu creo que ten unha visi\u00f3n parecida \u00e1 nosa.<\/p><\/blockquote>\n\n\n\n<p><strong>Para os que somos de terra, c\u00f3ntanos cal \u00e9 o traballo esencia dunha confrar\u00eda de pescadores?<\/strong><\/p>\n\n\n\n<blockquote class=\"wp-block-quote is-layout-flow wp-block-quote-is-layout-flow\"><p>A confrar\u00eda de Arcade ten 19 membros, temos unha xunta xeral na que determinamos a maior\u00eda de cousas que se fan, logo ten un cabildo, que se comp\u00f3n de oito persoas, coa vontade de sermos \u00e1xiles na xesti\u00f3n que toma decisi\u00f3ns de tipo econ\u00f3mico. Temos trasmalleiros, xente que vai a buscar a ameixa a flote, xente que a vai buscar a p\u00e9, temos anguileiros&#8230;..Somos a segunda confrar\u00eda da r\u00eda de Vigo, que m\u00e1is factura.<\/p><\/blockquote>\n\n\n\n<p><strong>Cal \u00e9 a primeira?<\/strong><\/p>\n\n\n\n<p>Creo que Cangas.<\/p>\n\n\n\n<p><strong>Non determinades cales son as zonas nas que se d\u00e1 mellor a ameixa?<\/strong><\/p>\n\n\n\n<blockquote class=\"wp-block-quote is-layout-flow wp-block-quote-is-layout-flow\"><p>Si, estamos facendo estudos ao respecto, e tratar de comprender os motivos que fan que nunhas zonas se dean mellor ca noutras.<\/p><\/blockquote>\n\n\n\n<p><strong>E no que respecta \u00e1s vixilancias?<\/strong><\/p>\n\n\n\n<blockquote class=\"wp-block-quote is-layout-flow wp-block-quote-is-layout-flow\"><p>Nese aspecto tam\u00e9n temos intenci\u00f3n de chegarmos a acordos con Redondela e Vilaboa para fac\u00e9rmolas na medida do posible de maneira conxunta.<\/p><\/blockquote>\n\n\n\n<p><strong>Redondela, ten a marca do Choco, e v\u00f3s?<\/strong><\/p>\n\n\n\n<blockquote class=\"wp-block-quote is-layout-flow wp-block-quote-is-layout-flow\"><p>A nosa intenci\u00f3n \u00e9 ter unha marca conxunta da enseada de San Sim\u00f3n, e xa comezamos a falar, pero agora, as circunstancias sanitarias nas que estamos a vivir, deixou todo un tanto parado. Todo isto son proxectos que non podo asegurar que se acaben convertendo en realidades, malia que n\u00f3s imos pelexar porque sexa as\u00ed.<\/p><\/blockquote>\n\n\n\n<p><strong>A lonxa?<\/strong><\/p>\n\n\n\n<blockquote class=\"wp-block-quote is-layout-flow wp-block-quote-is-layout-flow\"><p>A nosa intenci\u00f3n \u00e9 modernizala con luces led e placas solares co gallo de optimizar o consumo enerx\u00e9tico.<\/p><\/blockquote>\n\n\n\n<p><strong>Cales son os criterios que determinan as especies que sementades?<\/strong><\/p>\n\n\n\n<blockquote class=\"wp-block-quote is-layout-flow wp-block-quote-is-layout-flow\"><p>Na enseada sem\u00e9ntase xap\u00f3nica e fina, e para f\u00f3ra da r\u00eda sementamos babosa. Este ano fixemos varios estudos para determinar os mellores criterios tanto de selecci\u00f3n da especie sementada como da s\u00faa protecci\u00f3n dos depredadores. As\u00ed por exemplo, este ano comezamos a p\u00f3r nasas para eles, que xa che digo que hai moit\u00edsimos que antes non exist\u00edan.<\/p><\/blockquote>\n\n\n\n<p><strong>C\u00f3ntanos como \u00e9 o proxecto \u201c da lonxa \u00e1 t\u00faa casa\u201d?<\/strong><\/p>\n\n\n\n<blockquote class=\"wp-block-quote is-layout-flow wp-block-quote-is-layout-flow\"><p>A aceptaci\u00f3n foi marabillosa, \u00e1 xente enc\u00e1ntalle ver chegar ao mari\u00f1eiro coa mercanc\u00eda recen collida, e ser part\u00edcipe de todo o proceso. De feito tivemos que mercar unha m\u00e1quina para dispensar o n\u00famero de entrada e que se atendera por escrupulosa orde de chegada. E para os mari\u00f1eiros, res\u00faltanos moito mellor economicamente. A m\u00e1goa foi ter que cortalo polo tema da coronavirus. Ah, e non me quero esquecer de que temos intenci\u00f3n de pintar e p\u00f3r moi bonita a lonxa para facela m\u00e1is atractiva ao visitante potencial.<\/p><\/blockquote>\n\n\n\n<p><strong>Rematamos, que repercusi\u00f3ns est\u00e1 tendo a situaci\u00f3n sanitaria no voso negocio?<\/strong><\/p>\n\n\n\n<blockquote class=\"wp-block-quote is-layout-flow wp-block-quote-is-layout-flow\"><p>As repercusi\u00f3n son horribles, non nos quedou m\u00e1is remedio que facer un ERTE, porque agora non temos ingresos, e hai gastos como por exemplo o das piscinas de angu\u00edas que hai que seguir mantendo. E os aut\u00f3nomos do mar est\u00e1n realmente mal, e considero que a situaci\u00f3n das artes pequenas non foi tida en conta pola administraci\u00f3n.<\/p><\/blockquote>\n","protected":false},"excerpt":{"rendered":"<div class=\"mh-excerpt\"><p>Secretario da confrar\u00eda de pescadores virxe do Carme de Arcade <a class=\"mh-excerpt-more\" href=\"https:\/\/www.anovapeneira.gal\/index.php\/2020\/04\/30\/jorge-varela\/\" title=\"Jorge Varela\">[&#8230;]<\/a><\/p>\n<\/div>","protected":false},"author":6,"featured_media":3023,"comment_status":"open","ping_status":"open","sticky":false,"template":"","format":"standard","meta":{"_exactmetrics_skip_tracking":false,"_exactmetrics_sitenote_active":false,"_exactmetrics_sitenote_note":"","_exactmetrics_sitenote_category":0,"footnotes":""},"categories":[270],"tags":[1035,1037,333],"class_list":{"0":"post-3022","1":"post","2":"type-post","3":"status-publish","4":"format-standard","5":"has-post-thumbnail","7":"category-redondela-entrevistas","8":"tag-arcade","9":"tag-contraria-da-ria-de-vigo","10":"tag-mar"},"yoast_head":"<!-- This site is optimized with the Yoast SEO plugin v27.5 - https:\/\/yoast.com\/product\/yoast-seo-wordpress\/ -->\n<title>Jorge Varela -<\/title>\n<meta name=\"robots\" content=\"index, follow, max-snippet:-1, max-image-preview:large, max-video-preview:-1\" \/>\n<link rel=\"canonical\" href=\"https:\/\/www.anovapeneira.gal\/index.php\/2020\/04\/30\/jorge-varela\/\" \/>\n<meta property=\"og:locale\" content=\"gl_ES\" \/>\n<meta property=\"og:type\" content=\"article\" \/>\n<meta property=\"og:title\" content=\"Jorge Varela -\" \/>\n<meta property=\"og:description\" content=\"Secretario da confrar\u00eda de pescadores virxe do Carme de Arcade [...]\" \/>\n<meta property=\"og:url\" content=\"https:\/\/www.anovapeneira.gal\/index.php\/2020\/04\/30\/jorge-varela\/\" \/>\n<meta property=\"article:publisher\" content=\"https:\/\/www.facebook.com\/anovapeneira\" \/>\n<meta property=\"article:published_time\" content=\"2020-04-30T08:00:47+00:00\" \/>\n<meta property=\"og:image\" content=\"https:\/\/www.anovapeneira.gal\/wp-content\/uploads\/2020\/04\/chopi_cofradia_arcade_a_nova_peneira.jpg\" \/>\n\t<meta property=\"og:image:width\" content=\"720\" \/>\n\t<meta property=\"og:image:height\" content=\"432\" \/>\n\t<meta property=\"og:image:type\" content=\"image\/jpeg\" \/>\n<meta name=\"author\" content=\"Marcos Santos\" \/>\n<meta name=\"twitter:card\" content=\"summary_large_image\" \/>\n<meta name=\"twitter:creator\" content=\"@APeneira\" \/>\n<meta name=\"twitter:site\" content=\"@APeneira\" \/>\n<meta name=\"twitter:label1\" content=\"Escrito por\" \/>\n\t<meta name=\"twitter:data1\" content=\"Marcos Santos\" \/>\n\t<meta name=\"twitter:label2\" content=\"Tempo de lectura\" \/>\n\t<meta name=\"twitter:data2\" content=\"5 minutos\" \/>\n<script type=\"application\/ld+json\" class=\"yoast-schema-graph\">{\"@context\":\"https:\\\/\\\/schema.org\",\"@graph\":[{\"@type\":\"Article\",\"@id\":\"https:\\\/\\\/www.anovapeneira.gal\\\/index.php\\\/2020\\\/04\\\/30\\\/jorge-varela\\\/#article\",\"isPartOf\":{\"@id\":\"https:\\\/\\\/www.anovapeneira.gal\\\/index.php\\\/2020\\\/04\\\/30\\\/jorge-varela\\\/\"},\"author\":{\"name\":\"Marcos Santos\",\"@id\":\"https:\\\/\\\/www.anovapeneira.gal\\\/#\\\/schema\\\/person\\\/d9d84823564720e7593293bab054e52d\"},\"headline\":\"Jorge Varela\",\"datePublished\":\"2020-04-30T08:00:47+00:00\",\"mainEntityOfPage\":{\"@id\":\"https:\\\/\\\/www.anovapeneira.gal\\\/index.php\\\/2020\\\/04\\\/30\\\/jorge-varela\\\/\"},\"wordCount\":942,\"commentCount\":0,\"publisher\":{\"@id\":\"https:\\\/\\\/www.anovapeneira.gal\\\/#organization\"},\"image\":{\"@id\":\"https:\\\/\\\/www.anovapeneira.gal\\\/index.php\\\/2020\\\/04\\\/30\\\/jorge-varela\\\/#primaryimage\"},\"thumbnailUrl\":\"https:\\\/\\\/www.anovapeneira.gal\\\/wp-content\\\/uploads\\\/2020\\\/04\\\/chopi_cofradia_arcade_a_nova_peneira.jpg\",\"keywords\":[\"Arcade\",\"Contrar\u00eda da r\u00eda de Vigo\",\"Mar\"],\"articleSection\":[\"Redondela\"],\"inLanguage\":\"gl-ES\",\"potentialAction\":[{\"@type\":\"CommentAction\",\"name\":\"Comment\",\"target\":[\"https:\\\/\\\/www.anovapeneira.gal\\\/index.php\\\/2020\\\/04\\\/30\\\/jorge-varela\\\/#respond\"]}]},{\"@type\":\"WebPage\",\"@id\":\"https:\\\/\\\/www.anovapeneira.gal\\\/index.php\\\/2020\\\/04\\\/30\\\/jorge-varela\\\/\",\"url\":\"https:\\\/\\\/www.anovapeneira.gal\\\/index.php\\\/2020\\\/04\\\/30\\\/jorge-varela\\\/\",\"name\":\"Jorge Varela -\",\"isPartOf\":{\"@id\":\"https:\\\/\\\/www.anovapeneira.gal\\\/#website\"},\"primaryImageOfPage\":{\"@id\":\"https:\\\/\\\/www.anovapeneira.gal\\\/index.php\\\/2020\\\/04\\\/30\\\/jorge-varela\\\/#primaryimage\"},\"image\":{\"@id\":\"https:\\\/\\\/www.anovapeneira.gal\\\/index.php\\\/2020\\\/04\\\/30\\\/jorge-varela\\\/#primaryimage\"},\"thumbnailUrl\":\"https:\\\/\\\/www.anovapeneira.gal\\\/wp-content\\\/uploads\\\/2020\\\/04\\\/chopi_cofradia_arcade_a_nova_peneira.jpg\",\"datePublished\":\"2020-04-30T08:00:47+00:00\",\"breadcrumb\":{\"@id\":\"https:\\\/\\\/www.anovapeneira.gal\\\/index.php\\\/2020\\\/04\\\/30\\\/jorge-varela\\\/#breadcrumb\"},\"inLanguage\":\"gl-ES\",\"potentialAction\":[{\"@type\":\"ReadAction\",\"target\":[\"https:\\\/\\\/www.anovapeneira.gal\\\/index.php\\\/2020\\\/04\\\/30\\\/jorge-varela\\\/\"]}]},{\"@type\":\"ImageObject\",\"inLanguage\":\"gl-ES\",\"@id\":\"https:\\\/\\\/www.anovapeneira.gal\\\/index.php\\\/2020\\\/04\\\/30\\\/jorge-varela\\\/#primaryimage\",\"url\":\"https:\\\/\\\/www.anovapeneira.gal\\\/wp-content\\\/uploads\\\/2020\\\/04\\\/chopi_cofradia_arcade_a_nova_peneira.jpg\",\"contentUrl\":\"https:\\\/\\\/www.anovapeneira.gal\\\/wp-content\\\/uploads\\\/2020\\\/04\\\/chopi_cofradia_arcade_a_nova_peneira.jpg\",\"width\":720,\"height\":432,\"caption\":\"Chopo Confrar\u00eda de Arcade A Nova Peneira\"},{\"@type\":\"BreadcrumbList\",\"@id\":\"https:\\\/\\\/www.anovapeneira.gal\\\/index.php\\\/2020\\\/04\\\/30\\\/jorge-varela\\\/#breadcrumb\",\"itemListElement\":[{\"@type\":\"ListItem\",\"position\":1,\"name\":\"Portada\",\"item\":\"https:\\\/\\\/www.anovapeneira.gal\\\/\"},{\"@type\":\"ListItem\",\"position\":2,\"name\":\"Jorge Varela\"}]},{\"@type\":\"WebSite\",\"@id\":\"https:\\\/\\\/www.anovapeneira.gal\\\/#website\",\"url\":\"https:\\\/\\\/www.anovapeneira.gal\\\/\",\"name\":\"\",\"description\":\"Xornal galego de informaci\u00f3n xeral Publicaci\u00f3n mensual de novas de Galicia e en especial dos Concellos da sur da provincia de Pontevedra.\",\"publisher\":{\"@id\":\"https:\\\/\\\/www.anovapeneira.gal\\\/#organization\"},\"potentialAction\":[{\"@type\":\"SearchAction\",\"target\":{\"@type\":\"EntryPoint\",\"urlTemplate\":\"https:\\\/\\\/www.anovapeneira.gal\\\/?s={search_term_string}\"},\"query-input\":{\"@type\":\"PropertyValueSpecification\",\"valueRequired\":true,\"valueName\":\"search_term_string\"}}],\"inLanguage\":\"gl-ES\"},{\"@type\":\"Organization\",\"@id\":\"https:\\\/\\\/www.anovapeneira.gal\\\/#organization\",\"name\":\"A Nova Peneira\",\"url\":\"https:\\\/\\\/www.anovapeneira.gal\\\/\",\"logo\":{\"@type\":\"ImageObject\",\"inLanguage\":\"gl-ES\",\"@id\":\"https:\\\/\\\/www.anovapeneira.gal\\\/#\\\/schema\\\/logo\\\/image\\\/\",\"url\":\"http:\\\/\\\/www.anovapeneira.gal\\\/wp-content\\\/uploads\\\/2019\\\/06\\\/logo_a_nova_peneira_portal_web.png\",\"contentUrl\":\"http:\\\/\\\/www.anovapeneira.gal\\\/wp-content\\\/uploads\\\/2019\\\/06\\\/logo_a_nova_peneira_portal_web.png\",\"width\":300,\"height\":100,\"caption\":\"A Nova Peneira\"},\"image\":{\"@id\":\"https:\\\/\\\/www.anovapeneira.gal\\\/#\\\/schema\\\/logo\\\/image\\\/\"},\"sameAs\":[\"https:\\\/\\\/www.facebook.com\\\/anovapeneira\",\"https:\\\/\\\/x.com\\\/APeneira\"]},{\"@type\":\"Person\",\"@id\":\"https:\\\/\\\/www.anovapeneira.gal\\\/#\\\/schema\\\/person\\\/d9d84823564720e7593293bab054e52d\",\"name\":\"Marcos Santos\",\"image\":{\"@type\":\"ImageObject\",\"inLanguage\":\"gl-ES\",\"@id\":\"https:\\\/\\\/secure.gravatar.com\\\/avatar\\\/0e8017099a7a47c0a9d2275e865fe326484561eb3d70649069e4b8e61a8d2e8c?s=96&d=mm&r=g\",\"url\":\"https:\\\/\\\/secure.gravatar.com\\\/avatar\\\/0e8017099a7a47c0a9d2275e865fe326484561eb3d70649069e4b8e61a8d2e8c?s=96&d=mm&r=g\",\"contentUrl\":\"https:\\\/\\\/secure.gravatar.com\\\/avatar\\\/0e8017099a7a47c0a9d2275e865fe326484561eb3d70649069e4b8e61a8d2e8c?s=96&d=mm&r=g\",\"caption\":\"Marcos Santos\"},\"sameAs\":[\"http:\\\/\\\/anovapeneira.gal\"],\"url\":\"https:\\\/\\\/www.anovapeneira.gal\\\/index.php\\\/author\\\/marcos-santos\\\/\"}]}<\/script>\n<!-- \/ Yoast SEO plugin. -->","yoast_head_json":{"title":"Jorge Varela -","robots":{"index":"index","follow":"follow","max-snippet":"max-snippet:-1","max-image-preview":"max-image-preview:large","max-video-preview":"max-video-preview:-1"},"canonical":"https:\/\/www.anovapeneira.gal\/index.php\/2020\/04\/30\/jorge-varela\/","og_locale":"gl_ES","og_type":"article","og_title":"Jorge Varela -","og_description":"Secretario da confrar\u00eda de pescadores virxe do Carme de Arcade [...]","og_url":"https:\/\/www.anovapeneira.gal\/index.php\/2020\/04\/30\/jorge-varela\/","article_publisher":"https:\/\/www.facebook.com\/anovapeneira","article_published_time":"2020-04-30T08:00:47+00:00","og_image":[{"width":720,"height":432,"url":"https:\/\/www.anovapeneira.gal\/wp-content\/uploads\/2020\/04\/chopi_cofradia_arcade_a_nova_peneira.jpg","type":"image\/jpeg"}],"author":"Marcos Santos","twitter_card":"summary_large_image","twitter_creator":"@APeneira","twitter_site":"@APeneira","twitter_misc":{"Escrito por":"Marcos Santos","Tempo de lectura":"5 minutos"},"schema":{"@context":"https:\/\/schema.org","@graph":[{"@type":"Article","@id":"https:\/\/www.anovapeneira.gal\/index.php\/2020\/04\/30\/jorge-varela\/#article","isPartOf":{"@id":"https:\/\/www.anovapeneira.gal\/index.php\/2020\/04\/30\/jorge-varela\/"},"author":{"name":"Marcos Santos","@id":"https:\/\/www.anovapeneira.gal\/#\/schema\/person\/d9d84823564720e7593293bab054e52d"},"headline":"Jorge Varela","datePublished":"2020-04-30T08:00:47+00:00","mainEntityOfPage":{"@id":"https:\/\/www.anovapeneira.gal\/index.php\/2020\/04\/30\/jorge-varela\/"},"wordCount":942,"commentCount":0,"publisher":{"@id":"https:\/\/www.anovapeneira.gal\/#organization"},"image":{"@id":"https:\/\/www.anovapeneira.gal\/index.php\/2020\/04\/30\/jorge-varela\/#primaryimage"},"thumbnailUrl":"https:\/\/www.anovapeneira.gal\/wp-content\/uploads\/2020\/04\/chopi_cofradia_arcade_a_nova_peneira.jpg","keywords":["Arcade","Contrar\u00eda da r\u00eda de Vigo","Mar"],"articleSection":["Redondela"],"inLanguage":"gl-ES","potentialAction":[{"@type":"CommentAction","name":"Comment","target":["https:\/\/www.anovapeneira.gal\/index.php\/2020\/04\/30\/jorge-varela\/#respond"]}]},{"@type":"WebPage","@id":"https:\/\/www.anovapeneira.gal\/index.php\/2020\/04\/30\/jorge-varela\/","url":"https:\/\/www.anovapeneira.gal\/index.php\/2020\/04\/30\/jorge-varela\/","name":"Jorge Varela -","isPartOf":{"@id":"https:\/\/www.anovapeneira.gal\/#website"},"primaryImageOfPage":{"@id":"https:\/\/www.anovapeneira.gal\/index.php\/2020\/04\/30\/jorge-varela\/#primaryimage"},"image":{"@id":"https:\/\/www.anovapeneira.gal\/index.php\/2020\/04\/30\/jorge-varela\/#primaryimage"},"thumbnailUrl":"https:\/\/www.anovapeneira.gal\/wp-content\/uploads\/2020\/04\/chopi_cofradia_arcade_a_nova_peneira.jpg","datePublished":"2020-04-30T08:00:47+00:00","breadcrumb":{"@id":"https:\/\/www.anovapeneira.gal\/index.php\/2020\/04\/30\/jorge-varela\/#breadcrumb"},"inLanguage":"gl-ES","potentialAction":[{"@type":"ReadAction","target":["https:\/\/www.anovapeneira.gal\/index.php\/2020\/04\/30\/jorge-varela\/"]}]},{"@type":"ImageObject","inLanguage":"gl-ES","@id":"https:\/\/www.anovapeneira.gal\/index.php\/2020\/04\/30\/jorge-varela\/#primaryimage","url":"https:\/\/www.anovapeneira.gal\/wp-content\/uploads\/2020\/04\/chopi_cofradia_arcade_a_nova_peneira.jpg","contentUrl":"https:\/\/www.anovapeneira.gal\/wp-content\/uploads\/2020\/04\/chopi_cofradia_arcade_a_nova_peneira.jpg","width":720,"height":432,"caption":"Chopo Confrar\u00eda de Arcade A Nova Peneira"},{"@type":"BreadcrumbList","@id":"https:\/\/www.anovapeneira.gal\/index.php\/2020\/04\/30\/jorge-varela\/#breadcrumb","itemListElement":[{"@type":"ListItem","position":1,"name":"Portada","item":"https:\/\/www.anovapeneira.gal\/"},{"@type":"ListItem","position":2,"name":"Jorge Varela"}]},{"@type":"WebSite","@id":"https:\/\/www.anovapeneira.gal\/#website","url":"https:\/\/www.anovapeneira.gal\/","name":"","description":"Xornal galego de informaci\u00f3n xeral Publicaci\u00f3n mensual de novas de Galicia e en especial dos Concellos da sur da provincia de Pontevedra.","publisher":{"@id":"https:\/\/www.anovapeneira.gal\/#organization"},"potentialAction":[{"@type":"SearchAction","target":{"@type":"EntryPoint","urlTemplate":"https:\/\/www.anovapeneira.gal\/?s={search_term_string}"},"query-input":{"@type":"PropertyValueSpecification","valueRequired":true,"valueName":"search_term_string"}}],"inLanguage":"gl-ES"},{"@type":"Organization","@id":"https:\/\/www.anovapeneira.gal\/#organization","name":"A Nova Peneira","url":"https:\/\/www.anovapeneira.gal\/","logo":{"@type":"ImageObject","inLanguage":"gl-ES","@id":"https:\/\/www.anovapeneira.gal\/#\/schema\/logo\/image\/","url":"http:\/\/www.anovapeneira.gal\/wp-content\/uploads\/2019\/06\/logo_a_nova_peneira_portal_web.png","contentUrl":"http:\/\/www.anovapeneira.gal\/wp-content\/uploads\/2019\/06\/logo_a_nova_peneira_portal_web.png","width":300,"height":100,"caption":"A Nova Peneira"},"image":{"@id":"https:\/\/www.anovapeneira.gal\/#\/schema\/logo\/image\/"},"sameAs":["https:\/\/www.facebook.com\/anovapeneira","https:\/\/x.com\/APeneira"]},{"@type":"Person","@id":"https:\/\/www.anovapeneira.gal\/#\/schema\/person\/d9d84823564720e7593293bab054e52d","name":"Marcos Santos","image":{"@type":"ImageObject","inLanguage":"gl-ES","@id":"https:\/\/secure.gravatar.com\/avatar\/0e8017099a7a47c0a9d2275e865fe326484561eb3d70649069e4b8e61a8d2e8c?s=96&d=mm&r=g","url":"https:\/\/secure.gravatar.com\/avatar\/0e8017099a7a47c0a9d2275e865fe326484561eb3d70649069e4b8e61a8d2e8c?s=96&d=mm&r=g","contentUrl":"https:\/\/secure.gravatar.com\/avatar\/0e8017099a7a47c0a9d2275e865fe326484561eb3d70649069e4b8e61a8d2e8c?s=96&d=mm&r=g","caption":"Marcos Santos"},"sameAs":["http:\/\/anovapeneira.gal"],"url":"https:\/\/www.anovapeneira.gal\/index.php\/author\/marcos-santos\/"}]}},"jetpack_featured_media_url":"https:\/\/www.anovapeneira.gal\/wp-content\/uploads\/2020\/04\/chopi_cofradia_arcade_a_nova_peneira.jpg","_links":{"self":[{"href":"https:\/\/www.anovapeneira.gal\/index.php\/wp-json\/wp\/v2\/posts\/3022","targetHints":{"allow":["GET"]}}],"collection":[{"href":"https:\/\/www.anovapeneira.gal\/index.php\/wp-json\/wp\/v2\/posts"}],"about":[{"href":"https:\/\/www.anovapeneira.gal\/index.php\/wp-json\/wp\/v2\/types\/post"}],"author":[{"embeddable":true,"href":"https:\/\/www.anovapeneira.gal\/index.php\/wp-json\/wp\/v2\/users\/6"}],"replies":[{"embeddable":true,"href":"https:\/\/www.anovapeneira.gal\/index.php\/wp-json\/wp\/v2\/comments?post=3022"}],"version-history":[{"count":1,"href":"https:\/\/www.anovapeneira.gal\/index.php\/wp-json\/wp\/v2\/posts\/3022\/revisions"}],"predecessor-version":[{"id":3024,"href":"https:\/\/www.anovapeneira.gal\/index.php\/wp-json\/wp\/v2\/posts\/3022\/revisions\/3024"}],"wp:featuredmedia":[{"embeddable":true,"href":"https:\/\/www.anovapeneira.gal\/index.php\/wp-json\/wp\/v2\/media\/3023"}],"wp:attachment":[{"href":"https:\/\/www.anovapeneira.gal\/index.php\/wp-json\/wp\/v2\/media?parent=3022"}],"wp:term":[{"taxonomy":"category","embeddable":true,"href":"https:\/\/www.anovapeneira.gal\/index.php\/wp-json\/wp\/v2\/categories?post=3022"},{"taxonomy":"post_tag","embeddable":true,"href":"https:\/\/www.anovapeneira.gal\/index.php\/wp-json\/wp\/v2\/tags?post=3022"}],"curies":[{"name":"wp","href":"https:\/\/api.w.org\/{rel}","templated":true}]}}