{"id":3030,"date":"2020-05-01T10:00:59","date_gmt":"2020-05-01T08:00:59","guid":{"rendered":"http:\/\/www.anovapeneira.gal\/?p=3030"},"modified":"2020-04-30T08:55:41","modified_gmt":"2020-04-30T06:55:41","slug":"a-orixe-dos-mosenses-en-arxentina","status":"publish","type":"post","link":"https:\/\/www.anovapeneira.gal\/index.php\/2020\/05\/01\/a-orixe-dos-mosenses-en-arxentina\/","title":{"rendered":"A orixe dos Mosenses en Arxentina"},"content":{"rendered":"\n<pre class=\"wp-block-verse\"><strong>Juan \u00d3scar Otero Lago<\/strong><\/pre>\n\n\n\n<p>O carteiro cami\u00f1aba ata a Casa do concello, cruzou o ancho espazo que o separaba, subiu os banzos, golpeou a porta e foi recibido polo secretario Ram\u00f2n Cabanillas e entregoulle unha carta de Buenos Aires. Moncho como o chamaban os amigos, despexou a s\u00faa mesa chea de papeis inclu\u00eddo un escrito que pronto ser\u00eda lembrado como a s\u00faa obra m\u00e1xima &#8221; A terra asoballada&#8221; e finalizou a lectura da misiva. No mesmo sal\u00f3n atop\u00e1base o alcalde de Mos, Manuel Barros, quen vendo desde a xanela expresaba &#8221; hai que ser valentes para emigrar , non calquera sae da s\u00faa comarca atravesa o ancho oc\u00e9ano e emprende a viaxe a un rumbo desco\u00f1ecido\u201d . Ram\u00f3n colleu a s\u00faa boina e abrindo a porta para marcharse mirou a Barros e dixo &#8221; a vida enteira non cabe nunha maleta. Se o que pensan eles porque o viv\u00edn na mi\u00f1a estad\u00eda na Habana xunto Xos\u00e8 Fontenla Leal e Basilio Alvarez. Eles non se foron, eles foron expulsados pero volver\u00e1n \u00e1 s\u00faa terra , volver\u00e1n \u00e1 s\u00faa comarca e a\u00ednda que residan lonxe , eles sempre estar\u00e1n a pensar no seu pobo &#8230;.eles volver\u00e1n\u201d.&nbsp;<\/p>\n\n\n\n<p>Buenos Aires 1918. Hip\u00f3lito Yrigoyen Presidente da Arxentina, elixido en 1916 en elecci\u00f3ns libres , secretas e obrigatorias. O censo demostra que a cidade \u00e9 o verdadeiro crisol das chamadas naquel ent\u00f3n razas. Temos noticias que os primeiros mosenses que chegaron ao porto de Buenos Aires fix\u00e9rono a fins do s\u00e9culo XIX. Eles adoitaban reunirse en prazas ou parques para gozar das tardes porte\u00f1as as fins de semana. Sent\u00edan a necesidade de crear unha asociaci\u00f3n para afrontar a realidade que moitos mosenses sufr\u00edan ao chegar e hab\u00eda que darlles protecci\u00f3n.&nbsp;<\/p>\n\n\n\n<p>Tarde do s\u00e1bado 23 de febreiro de 1918. Reunidos nun sal\u00f3n deron inicio a esa iniciativa e asinaron a Acta constitutiva da creaci\u00f3n dunha sociedade protectora dos mosenses en Buenos Aires. O principal compromiso era promover a acci\u00f3n colectiva na concreci\u00f3n dun obxectivo primordial: a axuda social, moral e econ\u00f3mica entre todos os mosenses.&nbsp;<\/p>\n\n\n\n<p>A Primeira Comisi\u00f3n Directiva estaba constitu\u00edda por:&nbsp;<\/p>\n\n\n\n<figure class=\"wp-block-table is-style-stripes\"><table class=\"\"><tbody><tr><td><strong>Cargo<\/strong><\/td><td><strong>Nome e Apelido&nbsp;<\/strong><\/td><td><strong>Lugar de nacemento<\/strong><\/td><\/tr><tr><td>PRESIDENTE<\/td><td>Antonio Alonso<\/td><td>Tameiga<\/td><\/tr><tr><td>VICEPRESIDENTE<\/td><td>Claudio Comesa\u00f1a<\/td><td>Tameiga<\/td><\/tr><tr><td>SECRETARIO<\/td><td>Jos\u00e9 Represas<\/td><td>Sangui\u00f1eda<\/td><\/tr><tr><td>PROSECRETARIO<\/td><td>Jos\u00e9 Carrera<\/td><td>Petelos<\/td><\/tr><tr><td>TESOUREIRO<\/td><td>Teodoro Seijo<\/td><td>Tameiga<\/td><\/tr><tr><td>PROTESOUREIRO<\/td><td>Antonio Rivero<\/td><td>Cela<\/td><\/tr><tr><td>CONTADOR<\/td><td>Jes\u00fas Lago<\/td><td>Tameiga<\/td><\/tr><tr><td>BIBLIOTECARIO<\/td><td>Gumersindo Lago<\/td><td>Tameiga<\/td><\/tr><tr><td>REVISOR DECONTAS<\/td><td>Jos\u00e9 Barreiro<\/td><td>Pereiras<\/td><\/tr><tr><td>VOGAL<\/td><td>Ju\u00e1n Troncoso<\/td><td>Tameiga<\/td><\/tr><tr><td>VOGAL<\/td><td>Juan Carrera Monroy<\/td><td>Sangui\u00f1eda<\/td><\/tr><tr><td>VOGAL<\/td><td>Antonio Pereira<\/td><td>Pereiras<\/td><\/tr><tr><td>VOGAL<\/td><td>Laureano Lorenzo<\/td><td>Cela<\/td><\/tr><tr><td>VOGAL<\/td><td>Jos\u00e9 Rodr\u00edguez<\/td><td>Tameiga<\/td><\/tr><tr><td>VOGAL<\/td><td>Celestino P\u00e9rez<\/td><td>Cela<\/td><\/tr><tr><td>VOGAL<\/td><td>Generoso S\u00edo<\/td><td>Petelos<\/td><\/tr><tr><td>VOGAL<\/td><td>Manuel Bastos<\/td><td>Tameiga<\/td><\/tr><tr><td>VOGAL<\/td><td>Manuel Mart\u00ednez<\/td><td>Tameiga<\/td><\/tr><tr><td>VOGAL<\/td><td>Belisario Pampill\u00f3n<\/td><td>Petelos<\/td><\/tr><tr><td>VOGAL<\/td><td>Manuel Lago<\/td><td>Petelos<\/td><\/tr><tr><td>VOGAL<\/td><td>\u00c1ngel Gir\u00e1ldez<\/td><td>Petelos<\/td><\/tr><tr><td>VOGAL<\/td><td>Basilio Rodr\u00edguez<\/td><td>Petelos<\/td><\/tr><tr><td>VOGAL<\/td><td>Amadeo Louri\u00f1o<\/td><td>Tameiga<\/td><\/tr><\/tbody><\/table><\/figure>\n\n\n\n<p>Para concretar o obxectivo fundacional deb\u00edase asegurar a vivenda e o emprego para os mosenses en Buenos Aires. Transcorreron os meses e difundiuse en todas as parroquias de Mos a finalidade desta Asociaci\u00f3n Protectora. Solicitouse a todos os mosenses que embarcasen no Porto de Vigo e que avisasen do d\u00eda da chegada para esperalos no porto de Buenos Aires e prestarlles a axuda necesaria.<\/p>\n\n\n\n<p>En 1923, a seis anos da s\u00faa creaci\u00f3n, e con m\u00e1is dun centenar de mosenses en Buenos Aires decidiuse algo moi importante para a comarca, a creaci\u00f3n dun colexio no Concello de Mos. Sempre estaba neles ese anhelo do co\u00f1ecemento para os da s\u00faa comarca. Os mosenses que chegaban a Buenos Aires ti\u00f1an escasos co\u00f1ecementos de lectura e escritura a\u00ednda que lles sobraban o esp\u00edrito quijotesco de aprender e triunfar e sobre todo a honradez e o seu apego ao traballo. En consecuencia, envi\u00e1ronse desde Buenos Aires libros instrutivos en temas como agricultura, gander\u00eda, contabilidade elemental e cultura xeral co dobre prop\u00f3sito que os futuros emigrantes conseguisen mellores traballos en t\u00e9cnicas e comercios contables e os residentes na comarca obtivesen unha mellor formaci\u00f3n en temas como agricultura e gander\u00eda para paliar as necesidades de sustento e econ\u00f3micas \u00e1s que estaban expostos.<\/p>\n\n\n\n<p>Febreiro do ano 1924, os mosenses en Buenos Aires reun\u00edronse nunha Asemblea para tratar un tema que sempre estivo no ideario colectivo da Asociaci\u00f3n , a creaci\u00f3n do Colexio en Mos. A idea orixinal era fundar dez escolas nas dez parroquias do Concello, abarcando a instruci\u00f3n primaria e elemental na idade de 6 a 14 anos e manter nestas a instruci\u00f3n nocturna para os adultos e libre de relixi\u00f3n cat\u00f3lica. Establec\u00e9ronse distintas propostas que contemplaban a localizaci\u00f3n das dez escolas e o sostemento econ\u00f3mico de todas elas. Segundo a acta todos quer\u00edan a escola para as s\u00faas parroquias pero a d\u00fabida era como sostelas economicamente. Poder\u00eda a instituci\u00f3n de Mos en Buenos Aires cumprir o labor? Poder\u00eda pagar aos seus mestres? Foi unha asemblea de enfrontamentos e disputas no bo criterio sabendo que todos quer\u00edan o mellor para os habitantes de Mos. O Consello Directivo tomou medidas de urxencia e procede a unificar propostas e resolve crear e soster unha \u00fanica escola.<\/p>\n\n\n\n<p>Comezou a votaci\u00f3n e os seguintes socios votaron pola creaci\u00f3n do colexio: Manuel Rodriguez, Manuel Alonso, Atilano Alonso, Saturnino Campos, Jes\u00fas Oliveira, Jos\u00e9 Romero, Jos\u00e9 Carrera, Manuel Rodr\u00edguez Novas, Domingo Lago, Pedro Campos, Servando Cami\u00f1o, Manuel Romero, Camilo S\u00eco, Cesario G\u00f3mez, Jos\u00e9 Sim\u00f3n, Claudio Comesa\u00f1a, Antonio Fern\u00e1ndez, Jos\u00e9 Fern\u00e1ndez, Jos\u00e9 Lorenzo, Dar\u00edo Alonso, Manuel Rodr\u00edguez, Juan Carlos Alonso, Basilio Portela, Jos\u00e9 Troncoso, Joaqu\u00edn Rodr\u00edguez, Manuel P\u00e9rez, Manuel Areal, Jos\u00e9 Miguez, Jos\u00e9 Saa, Isidoro Castro, Clemente Barcia, Francisco Rodr\u00edguez, Manuel Bastos, Leandro Rodr\u00edguez ,Manuel Lorenzo, Albino Fern\u00e1ndez, Amadeo Leiros, Faustino A. Campos, Albino Gra\u00f1a, Manuel Lago, Manuel Rodr\u00edguez Saavedra, Pedro Figueroa, Amadeo Rodr\u00edguez, Eusebio Rom\u00e1n, Anibal Pampill\u00f2n, Juan Giraldez, Amadeo Louri\u00f1o, Jes\u00fas Gonz\u00e1lez, Jos\u00e9 Alonso Boves, Berisimo Castro, Juan Pampillon, Gumersindo Lago, Antonio Otero Taboas, Clemente Rodr\u00edguez, Saladino Rodr\u00edguez, Fructuoso Costas, Juan Cobelo, Jes\u00fas Gonz\u00e1lez, Faustino Represas, Baldomero Carrera, Joaqu\u00edn Ogando, Anxo Otero Taboas, Manuel Lago, Teodoro Seijo, Jos\u00e9 A. Carrera. Aquilino Castro, Jos\u00e9 Troncoso.&nbsp;<\/p>\n\n\n\n<p>Unha vez tomada a decisi\u00f3n comunicoulla ao Alcalde de Mos Carlos Gonz\u00e0lez. Modesto Vieito, secretario do Concello, considerou que o lugar propicio para a localizaci\u00f3n ser\u00eda Coto Torr\u00f2n pola atoparse preto da estrada e nos deslindes de d\u00faas parroquias: Tameiga e Petelos. O proxecto levou seis anos de laboriosas xesti\u00f3ns e finalmente concretouse nos anos 1929-1930.<\/p>\n","protected":false},"excerpt":{"rendered":"<div class=\"mh-excerpt\"><p>O carteiro cami\u00f1aba ata a Casa do concello, cruzou o ancho espazo que o separaba, subiu os banzos <a class=\"mh-excerpt-more\" href=\"https:\/\/www.anovapeneira.gal\/index.php\/2020\/05\/01\/a-orixe-dos-mosenses-en-arxentina\/\" title=\"A orixe dos Mosenses en Arxentina\">[&#8230;]<\/a><\/p>\n<\/div>","protected":false},"author":3,"featured_media":3031,"comment_status":"open","ping_status":"open","sticky":false,"template":"","format":"standard","meta":{"_exactmetrics_skip_tracking":false,"_exactmetrics_sitenote_active":false,"_exactmetrics_sitenote_note":"","_exactmetrics_sitenote_category":0,"footnotes":""},"categories":[490],"tags":[1039,218,1038],"class_list":{"0":"post-3030","1":"post","2":"type-post","3":"status-publish","4":"format-standard","5":"has-post-thumbnail","7":"category-a-lourina-reportaxes","8":"tag-arxentina","9":"tag-concello-de-mos","10":"tag-monsenses"},"yoast_head":"<!-- This site is optimized with the Yoast SEO plugin v27.4 - https:\/\/yoast.com\/product\/yoast-seo-wordpress\/ -->\n<title>A orixe dos Mosenses en Arxentina -<\/title>\n<meta name=\"robots\" content=\"index, follow, max-snippet:-1, max-image-preview:large, max-video-preview:-1\" \/>\n<link rel=\"canonical\" href=\"https:\/\/www.anovapeneira.gal\/index.php\/2020\/05\/01\/a-orixe-dos-mosenses-en-arxentina\/\" \/>\n<meta property=\"og:locale\" content=\"gl_ES\" \/>\n<meta property=\"og:type\" content=\"article\" \/>\n<meta property=\"og:title\" content=\"A orixe dos Mosenses en Arxentina -\" \/>\n<meta property=\"og:description\" content=\"O carteiro cami\u00f1aba ata a Casa do concello, cruzou o ancho espazo que o separaba, subiu os banzos [...]\" \/>\n<meta property=\"og:url\" content=\"https:\/\/www.anovapeneira.gal\/index.php\/2020\/05\/01\/a-orixe-dos-mosenses-en-arxentina\/\" \/>\n<meta property=\"article:publisher\" content=\"https:\/\/www.facebook.com\/anovapeneira\" \/>\n<meta property=\"article:published_time\" content=\"2020-05-01T08:00:59+00:00\" \/>\n<meta property=\"og:image\" content=\"https:\/\/www.anovapeneira.gal\/wp-content\/uploads\/2020\/04\/mosenses_arxentina_a_nova_peneira.jpg\" \/>\n\t<meta property=\"og:image:width\" content=\"720\" \/>\n\t<meta property=\"og:image:height\" content=\"432\" \/>\n\t<meta property=\"og:image:type\" content=\"image\/jpeg\" \/>\n<meta name=\"author\" content=\"Redacci\u00f3n A Nova Peneira\" \/>\n<meta name=\"twitter:card\" content=\"summary_large_image\" \/>\n<meta name=\"twitter:creator\" content=\"@APeneira\" \/>\n<meta name=\"twitter:site\" content=\"@APeneira\" \/>\n<meta name=\"twitter:label1\" content=\"Escrito por\" \/>\n\t<meta name=\"twitter:data1\" content=\"Redacci\u00f3n A Nova Peneira\" \/>\n\t<meta name=\"twitter:label2\" content=\"Tempo de lectura\" \/>\n\t<meta name=\"twitter:data2\" content=\"5 minutos\" \/>\n<script type=\"application\/ld+json\" class=\"yoast-schema-graph\">{\"@context\":\"https:\\\/\\\/schema.org\",\"@graph\":[{\"@type\":\"Article\",\"@id\":\"https:\\\/\\\/www.anovapeneira.gal\\\/index.php\\\/2020\\\/05\\\/01\\\/a-orixe-dos-mosenses-en-arxentina\\\/#article\",\"isPartOf\":{\"@id\":\"https:\\\/\\\/www.anovapeneira.gal\\\/index.php\\\/2020\\\/05\\\/01\\\/a-orixe-dos-mosenses-en-arxentina\\\/\"},\"author\":{\"name\":\"Redacci\u00f3n A Nova Peneira\",\"@id\":\"https:\\\/\\\/www.anovapeneira.gal\\\/#\\\/schema\\\/person\\\/b93e3f8932e3f8da96334607eb6ac6aa\"},\"headline\":\"A orixe dos Mosenses en Arxentina\",\"datePublished\":\"2020-05-01T08:00:59+00:00\",\"mainEntityOfPage\":{\"@id\":\"https:\\\/\\\/www.anovapeneira.gal\\\/index.php\\\/2020\\\/05\\\/01\\\/a-orixe-dos-mosenses-en-arxentina\\\/\"},\"wordCount\":1143,\"commentCount\":0,\"publisher\":{\"@id\":\"https:\\\/\\\/www.anovapeneira.gal\\\/#organization\"},\"image\":{\"@id\":\"https:\\\/\\\/www.anovapeneira.gal\\\/index.php\\\/2020\\\/05\\\/01\\\/a-orixe-dos-mosenses-en-arxentina\\\/#primaryimage\"},\"thumbnailUrl\":\"https:\\\/\\\/www.anovapeneira.gal\\\/wp-content\\\/uploads\\\/2020\\\/04\\\/mosenses_arxentina_a_nova_peneira.jpg\",\"keywords\":[\"Arxentina\",\"Concello de Mos\",\"Monsenses\"],\"articleSection\":[\"A Louri\u00f1a\"],\"inLanguage\":\"gl-ES\",\"potentialAction\":[{\"@type\":\"CommentAction\",\"name\":\"Comment\",\"target\":[\"https:\\\/\\\/www.anovapeneira.gal\\\/index.php\\\/2020\\\/05\\\/01\\\/a-orixe-dos-mosenses-en-arxentina\\\/#respond\"]}]},{\"@type\":\"WebPage\",\"@id\":\"https:\\\/\\\/www.anovapeneira.gal\\\/index.php\\\/2020\\\/05\\\/01\\\/a-orixe-dos-mosenses-en-arxentina\\\/\",\"url\":\"https:\\\/\\\/www.anovapeneira.gal\\\/index.php\\\/2020\\\/05\\\/01\\\/a-orixe-dos-mosenses-en-arxentina\\\/\",\"name\":\"A orixe dos Mosenses en Arxentina -\",\"isPartOf\":{\"@id\":\"https:\\\/\\\/www.anovapeneira.gal\\\/#website\"},\"primaryImageOfPage\":{\"@id\":\"https:\\\/\\\/www.anovapeneira.gal\\\/index.php\\\/2020\\\/05\\\/01\\\/a-orixe-dos-mosenses-en-arxentina\\\/#primaryimage\"},\"image\":{\"@id\":\"https:\\\/\\\/www.anovapeneira.gal\\\/index.php\\\/2020\\\/05\\\/01\\\/a-orixe-dos-mosenses-en-arxentina\\\/#primaryimage\"},\"thumbnailUrl\":\"https:\\\/\\\/www.anovapeneira.gal\\\/wp-content\\\/uploads\\\/2020\\\/04\\\/mosenses_arxentina_a_nova_peneira.jpg\",\"datePublished\":\"2020-05-01T08:00:59+00:00\",\"breadcrumb\":{\"@id\":\"https:\\\/\\\/www.anovapeneira.gal\\\/index.php\\\/2020\\\/05\\\/01\\\/a-orixe-dos-mosenses-en-arxentina\\\/#breadcrumb\"},\"inLanguage\":\"gl-ES\",\"potentialAction\":[{\"@type\":\"ReadAction\",\"target\":[\"https:\\\/\\\/www.anovapeneira.gal\\\/index.php\\\/2020\\\/05\\\/01\\\/a-orixe-dos-mosenses-en-arxentina\\\/\"]}]},{\"@type\":\"ImageObject\",\"inLanguage\":\"gl-ES\",\"@id\":\"https:\\\/\\\/www.anovapeneira.gal\\\/index.php\\\/2020\\\/05\\\/01\\\/a-orixe-dos-mosenses-en-arxentina\\\/#primaryimage\",\"url\":\"https:\\\/\\\/www.anovapeneira.gal\\\/wp-content\\\/uploads\\\/2020\\\/04\\\/mosenses_arxentina_a_nova_peneira.jpg\",\"contentUrl\":\"https:\\\/\\\/www.anovapeneira.gal\\\/wp-content\\\/uploads\\\/2020\\\/04\\\/mosenses_arxentina_a_nova_peneira.jpg\",\"width\":720,\"height\":432,\"caption\":\"Primeira Comisi\u00f3n Directiva da Sociedade Protecci\u00f3n Hijos do Concello de Mos (1918)\"},{\"@type\":\"BreadcrumbList\",\"@id\":\"https:\\\/\\\/www.anovapeneira.gal\\\/index.php\\\/2020\\\/05\\\/01\\\/a-orixe-dos-mosenses-en-arxentina\\\/#breadcrumb\",\"itemListElement\":[{\"@type\":\"ListItem\",\"position\":1,\"name\":\"Portada\",\"item\":\"https:\\\/\\\/www.anovapeneira.gal\\\/\"},{\"@type\":\"ListItem\",\"position\":2,\"name\":\"A orixe dos Mosenses en Arxentina\"}]},{\"@type\":\"WebSite\",\"@id\":\"https:\\\/\\\/www.anovapeneira.gal\\\/#website\",\"url\":\"https:\\\/\\\/www.anovapeneira.gal\\\/\",\"name\":\"\",\"description\":\"Xornal galego de informaci\u00f3n xeral Publicaci\u00f3n mensual de novas de Galicia e en especial dos Concellos da sur da provincia de Pontevedra.\",\"publisher\":{\"@id\":\"https:\\\/\\\/www.anovapeneira.gal\\\/#organization\"},\"potentialAction\":[{\"@type\":\"SearchAction\",\"target\":{\"@type\":\"EntryPoint\",\"urlTemplate\":\"https:\\\/\\\/www.anovapeneira.gal\\\/?s={search_term_string}\"},\"query-input\":{\"@type\":\"PropertyValueSpecification\",\"valueRequired\":true,\"valueName\":\"search_term_string\"}}],\"inLanguage\":\"gl-ES\"},{\"@type\":\"Organization\",\"@id\":\"https:\\\/\\\/www.anovapeneira.gal\\\/#organization\",\"name\":\"A Nova Peneira\",\"url\":\"https:\\\/\\\/www.anovapeneira.gal\\\/\",\"logo\":{\"@type\":\"ImageObject\",\"inLanguage\":\"gl-ES\",\"@id\":\"https:\\\/\\\/www.anovapeneira.gal\\\/#\\\/schema\\\/logo\\\/image\\\/\",\"url\":\"http:\\\/\\\/www.anovapeneira.gal\\\/wp-content\\\/uploads\\\/2019\\\/06\\\/logo_a_nova_peneira_portal_web.png\",\"contentUrl\":\"http:\\\/\\\/www.anovapeneira.gal\\\/wp-content\\\/uploads\\\/2019\\\/06\\\/logo_a_nova_peneira_portal_web.png\",\"width\":300,\"height\":100,\"caption\":\"A Nova Peneira\"},\"image\":{\"@id\":\"https:\\\/\\\/www.anovapeneira.gal\\\/#\\\/schema\\\/logo\\\/image\\\/\"},\"sameAs\":[\"https:\\\/\\\/www.facebook.com\\\/anovapeneira\",\"https:\\\/\\\/x.com\\\/APeneira\"]},{\"@type\":\"Person\",\"@id\":\"https:\\\/\\\/www.anovapeneira.gal\\\/#\\\/schema\\\/person\\\/b93e3f8932e3f8da96334607eb6ac6aa\",\"name\":\"Redacci\u00f3n A Nova Peneira\",\"image\":{\"@type\":\"ImageObject\",\"inLanguage\":\"gl-ES\",\"@id\":\"https:\\\/\\\/secure.gravatar.com\\\/avatar\\\/c052a2551a06e23fac63626232eaa90abd78dbcf1700fc46a2b2c89fd27b735f?s=96&d=mm&r=g\",\"url\":\"https:\\\/\\\/secure.gravatar.com\\\/avatar\\\/c052a2551a06e23fac63626232eaa90abd78dbcf1700fc46a2b2c89fd27b735f?s=96&d=mm&r=g\",\"contentUrl\":\"https:\\\/\\\/secure.gravatar.com\\\/avatar\\\/c052a2551a06e23fac63626232eaa90abd78dbcf1700fc46a2b2c89fd27b735f?s=96&d=mm&r=g\",\"caption\":\"Redacci\u00f3n A Nova Peneira\"},\"sameAs\":[\"http:\\\/\\\/www.anovapeneira.gal\\\/\"],\"url\":\"https:\\\/\\\/www.anovapeneira.gal\\\/index.php\\\/author\\\/redactor\\\/\"}]}<\/script>\n<!-- \/ Yoast SEO plugin. -->","yoast_head_json":{"title":"A orixe dos Mosenses en Arxentina -","robots":{"index":"index","follow":"follow","max-snippet":"max-snippet:-1","max-image-preview":"max-image-preview:large","max-video-preview":"max-video-preview:-1"},"canonical":"https:\/\/www.anovapeneira.gal\/index.php\/2020\/05\/01\/a-orixe-dos-mosenses-en-arxentina\/","og_locale":"gl_ES","og_type":"article","og_title":"A orixe dos Mosenses en Arxentina -","og_description":"O carteiro cami\u00f1aba ata a Casa do concello, cruzou o ancho espazo que o separaba, subiu os banzos [...]","og_url":"https:\/\/www.anovapeneira.gal\/index.php\/2020\/05\/01\/a-orixe-dos-mosenses-en-arxentina\/","article_publisher":"https:\/\/www.facebook.com\/anovapeneira","article_published_time":"2020-05-01T08:00:59+00:00","og_image":[{"width":720,"height":432,"url":"https:\/\/www.anovapeneira.gal\/wp-content\/uploads\/2020\/04\/mosenses_arxentina_a_nova_peneira.jpg","type":"image\/jpeg"}],"author":"Redacci\u00f3n A Nova Peneira","twitter_card":"summary_large_image","twitter_creator":"@APeneira","twitter_site":"@APeneira","twitter_misc":{"Escrito por":"Redacci\u00f3n A Nova Peneira","Tempo de lectura":"5 minutos"},"schema":{"@context":"https:\/\/schema.org","@graph":[{"@type":"Article","@id":"https:\/\/www.anovapeneira.gal\/index.php\/2020\/05\/01\/a-orixe-dos-mosenses-en-arxentina\/#article","isPartOf":{"@id":"https:\/\/www.anovapeneira.gal\/index.php\/2020\/05\/01\/a-orixe-dos-mosenses-en-arxentina\/"},"author":{"name":"Redacci\u00f3n A Nova Peneira","@id":"https:\/\/www.anovapeneira.gal\/#\/schema\/person\/b93e3f8932e3f8da96334607eb6ac6aa"},"headline":"A orixe dos Mosenses en Arxentina","datePublished":"2020-05-01T08:00:59+00:00","mainEntityOfPage":{"@id":"https:\/\/www.anovapeneira.gal\/index.php\/2020\/05\/01\/a-orixe-dos-mosenses-en-arxentina\/"},"wordCount":1143,"commentCount":0,"publisher":{"@id":"https:\/\/www.anovapeneira.gal\/#organization"},"image":{"@id":"https:\/\/www.anovapeneira.gal\/index.php\/2020\/05\/01\/a-orixe-dos-mosenses-en-arxentina\/#primaryimage"},"thumbnailUrl":"https:\/\/www.anovapeneira.gal\/wp-content\/uploads\/2020\/04\/mosenses_arxentina_a_nova_peneira.jpg","keywords":["Arxentina","Concello de Mos","Monsenses"],"articleSection":["A Louri\u00f1a"],"inLanguage":"gl-ES","potentialAction":[{"@type":"CommentAction","name":"Comment","target":["https:\/\/www.anovapeneira.gal\/index.php\/2020\/05\/01\/a-orixe-dos-mosenses-en-arxentina\/#respond"]}]},{"@type":"WebPage","@id":"https:\/\/www.anovapeneira.gal\/index.php\/2020\/05\/01\/a-orixe-dos-mosenses-en-arxentina\/","url":"https:\/\/www.anovapeneira.gal\/index.php\/2020\/05\/01\/a-orixe-dos-mosenses-en-arxentina\/","name":"A orixe dos Mosenses en Arxentina -","isPartOf":{"@id":"https:\/\/www.anovapeneira.gal\/#website"},"primaryImageOfPage":{"@id":"https:\/\/www.anovapeneira.gal\/index.php\/2020\/05\/01\/a-orixe-dos-mosenses-en-arxentina\/#primaryimage"},"image":{"@id":"https:\/\/www.anovapeneira.gal\/index.php\/2020\/05\/01\/a-orixe-dos-mosenses-en-arxentina\/#primaryimage"},"thumbnailUrl":"https:\/\/www.anovapeneira.gal\/wp-content\/uploads\/2020\/04\/mosenses_arxentina_a_nova_peneira.jpg","datePublished":"2020-05-01T08:00:59+00:00","breadcrumb":{"@id":"https:\/\/www.anovapeneira.gal\/index.php\/2020\/05\/01\/a-orixe-dos-mosenses-en-arxentina\/#breadcrumb"},"inLanguage":"gl-ES","potentialAction":[{"@type":"ReadAction","target":["https:\/\/www.anovapeneira.gal\/index.php\/2020\/05\/01\/a-orixe-dos-mosenses-en-arxentina\/"]}]},{"@type":"ImageObject","inLanguage":"gl-ES","@id":"https:\/\/www.anovapeneira.gal\/index.php\/2020\/05\/01\/a-orixe-dos-mosenses-en-arxentina\/#primaryimage","url":"https:\/\/www.anovapeneira.gal\/wp-content\/uploads\/2020\/04\/mosenses_arxentina_a_nova_peneira.jpg","contentUrl":"https:\/\/www.anovapeneira.gal\/wp-content\/uploads\/2020\/04\/mosenses_arxentina_a_nova_peneira.jpg","width":720,"height":432,"caption":"Primeira Comisi\u00f3n Directiva da Sociedade Protecci\u00f3n Hijos do Concello de Mos (1918)"},{"@type":"BreadcrumbList","@id":"https:\/\/www.anovapeneira.gal\/index.php\/2020\/05\/01\/a-orixe-dos-mosenses-en-arxentina\/#breadcrumb","itemListElement":[{"@type":"ListItem","position":1,"name":"Portada","item":"https:\/\/www.anovapeneira.gal\/"},{"@type":"ListItem","position":2,"name":"A orixe dos Mosenses en Arxentina"}]},{"@type":"WebSite","@id":"https:\/\/www.anovapeneira.gal\/#website","url":"https:\/\/www.anovapeneira.gal\/","name":"","description":"Xornal galego de informaci\u00f3n xeral Publicaci\u00f3n mensual de novas de Galicia e en especial dos Concellos da sur da provincia de Pontevedra.","publisher":{"@id":"https:\/\/www.anovapeneira.gal\/#organization"},"potentialAction":[{"@type":"SearchAction","target":{"@type":"EntryPoint","urlTemplate":"https:\/\/www.anovapeneira.gal\/?s={search_term_string}"},"query-input":{"@type":"PropertyValueSpecification","valueRequired":true,"valueName":"search_term_string"}}],"inLanguage":"gl-ES"},{"@type":"Organization","@id":"https:\/\/www.anovapeneira.gal\/#organization","name":"A Nova Peneira","url":"https:\/\/www.anovapeneira.gal\/","logo":{"@type":"ImageObject","inLanguage":"gl-ES","@id":"https:\/\/www.anovapeneira.gal\/#\/schema\/logo\/image\/","url":"http:\/\/www.anovapeneira.gal\/wp-content\/uploads\/2019\/06\/logo_a_nova_peneira_portal_web.png","contentUrl":"http:\/\/www.anovapeneira.gal\/wp-content\/uploads\/2019\/06\/logo_a_nova_peneira_portal_web.png","width":300,"height":100,"caption":"A Nova Peneira"},"image":{"@id":"https:\/\/www.anovapeneira.gal\/#\/schema\/logo\/image\/"},"sameAs":["https:\/\/www.facebook.com\/anovapeneira","https:\/\/x.com\/APeneira"]},{"@type":"Person","@id":"https:\/\/www.anovapeneira.gal\/#\/schema\/person\/b93e3f8932e3f8da96334607eb6ac6aa","name":"Redacci\u00f3n A Nova Peneira","image":{"@type":"ImageObject","inLanguage":"gl-ES","@id":"https:\/\/secure.gravatar.com\/avatar\/c052a2551a06e23fac63626232eaa90abd78dbcf1700fc46a2b2c89fd27b735f?s=96&d=mm&r=g","url":"https:\/\/secure.gravatar.com\/avatar\/c052a2551a06e23fac63626232eaa90abd78dbcf1700fc46a2b2c89fd27b735f?s=96&d=mm&r=g","contentUrl":"https:\/\/secure.gravatar.com\/avatar\/c052a2551a06e23fac63626232eaa90abd78dbcf1700fc46a2b2c89fd27b735f?s=96&d=mm&r=g","caption":"Redacci\u00f3n A Nova Peneira"},"sameAs":["http:\/\/www.anovapeneira.gal\/"],"url":"https:\/\/www.anovapeneira.gal\/index.php\/author\/redactor\/"}]}},"jetpack_featured_media_url":"https:\/\/www.anovapeneira.gal\/wp-content\/uploads\/2020\/04\/mosenses_arxentina_a_nova_peneira.jpg","_links":{"self":[{"href":"https:\/\/www.anovapeneira.gal\/index.php\/wp-json\/wp\/v2\/posts\/3030","targetHints":{"allow":["GET"]}}],"collection":[{"href":"https:\/\/www.anovapeneira.gal\/index.php\/wp-json\/wp\/v2\/posts"}],"about":[{"href":"https:\/\/www.anovapeneira.gal\/index.php\/wp-json\/wp\/v2\/types\/post"}],"author":[{"embeddable":true,"href":"https:\/\/www.anovapeneira.gal\/index.php\/wp-json\/wp\/v2\/users\/3"}],"replies":[{"embeddable":true,"href":"https:\/\/www.anovapeneira.gal\/index.php\/wp-json\/wp\/v2\/comments?post=3030"}],"version-history":[{"count":1,"href":"https:\/\/www.anovapeneira.gal\/index.php\/wp-json\/wp\/v2\/posts\/3030\/revisions"}],"predecessor-version":[{"id":3032,"href":"https:\/\/www.anovapeneira.gal\/index.php\/wp-json\/wp\/v2\/posts\/3030\/revisions\/3032"}],"wp:featuredmedia":[{"embeddable":true,"href":"https:\/\/www.anovapeneira.gal\/index.php\/wp-json\/wp\/v2\/media\/3031"}],"wp:attachment":[{"href":"https:\/\/www.anovapeneira.gal\/index.php\/wp-json\/wp\/v2\/media?parent=3030"}],"wp:term":[{"taxonomy":"category","embeddable":true,"href":"https:\/\/www.anovapeneira.gal\/index.php\/wp-json\/wp\/v2\/categories?post=3030"},{"taxonomy":"post_tag","embeddable":true,"href":"https:\/\/www.anovapeneira.gal\/index.php\/wp-json\/wp\/v2\/tags?post=3030"}],"curies":[{"name":"wp","href":"https:\/\/api.w.org\/{rel}","templated":true}]}}